{"id":10085,"date":"2019-03-15T18:43:50","date_gmt":"2019-03-15T18:43:50","guid":{"rendered":"http:\/\/centresmolina.com\/centreensenyament\/?p=10085"},"modified":"2019-04-28T05:15:56","modified_gmt":"2019-04-28T05:15:56","slug":"talleres-formativos-de-salud-y-deporte-en-la-escuela-molina","status":"publish","type":"post","link":"https:\/\/centresmolina.com\/centreensenyament\/es\/2019\/03\/15\/talleres-formativos-de-salud-y-deporte-en-la-escuela-molina\/","title":{"rendered":"Talleres Formativos de Salud y Deporte en la Escuela Molina"},"content":{"rendered":"<p>Esta semana la Escuela ha participado en los talleres formativos de Salud y del Deporte organizado por la Escuela Universitaria de la Salud y el Deporte (EUSES) sobre h\u00e1bitos saludables, tecnolog\u00eda y salud, valores en el deporte. Estos talleres tienen la finalidad de ofrecer herramientas para conocer, identificar y mejorar sus h\u00e1bitos saludables a trav\u00e9s de de una buena higiene postural, acercar la tecnolog\u00eda mediante el uso de aplicaciones para la mejora de la salud, y mostrar y reflexionar sobre los valores en el esport.<\/p>\n<p>Los alumnos de ESO1 y ESO2 han participado en el taller \u00abLos valores en el deporte\u00bb. Han trabajado qu\u00e9 son, qu\u00e9 relaci\u00f3n existe entre el deporte y la sociedad, el valor de la integraci\u00f3n y el fair play o juego nieto versus la violencia. Gracias <a href=\"http:\/\/euses.cat\/entrevista-a-brian-pascual-el-que-destacaria-deuses-es-la-proximitat-i-la-qualitat-de-lequip-docent\/\" target=\"_blank\" rel=\"noopener noreferrer\">Brian Pascual<\/a> y Vini Rosa por sus explicaciones.<\/p>\n\n\t\t<style type=\"text\/css\">\n\t\t\t#gallery-1 {\n\t\t\t\tmargin: auto;\n\t\t\t}\n\t\t\t#gallery-1 .gallery-item {\n\t\t\t\tfloat: left;\n\t\t\t\tmargin-top: 10px;\n\t\t\t\ttext-align: center;\n\t\t\t\twidth: 33%;\n\t\t\t}\n\t\t\t#gallery-1 img {\n\t\t\t\tborder: 2px solid #cfcfcf;\n\t\t\t}\n\t\t\t#gallery-1 .gallery-caption {\n\t\t\t\tmargin-left: 0;\n\t\t\t}\n\t\t\t\/* see gallery_shortcode() in wp-includes\/media.php *\/\n\t\t<\/style>\n\t\t<div id='gallery-1' class='gallery galleryid-10085 gallery-columns-3 gallery-size-medium'><dl class='gallery-item'>\n\t\t\t<dt class='gallery-icon landscape'>\n\t\t\t\t<a href='https:\/\/centresmolina.com\/centreensenyament\/files\/2019\/03\/Tallers-Salut-i-lEsport-EUSES-3.jpg'><img loading=\"lazy\" decoding=\"async\" width=\"300\" height=\"222\" src=\"https:\/\/centresmolina.com\/centreensenyament\/files\/2019\/03\/Tallers-Salut-i-lEsport-EUSES-3-300x222.jpg\" class=\"attachment-medium size-medium\" alt=\"\" srcset=\"https:\/\/centresmolina.com\/centreensenyament\/files\/2019\/03\/Tallers-Salut-i-lEsport-EUSES-3-300x222.jpg 300w, https:\/\/centresmolina.com\/centreensenyament\/files\/2019\/03\/Tallers-Salut-i-lEsport-EUSES-3-768x569.jpg 768w, https:\/\/centresmolina.com\/centreensenyament\/files\/2019\/03\/Tallers-Salut-i-lEsport-EUSES-3-1024x759.jpg 1024w\" sizes=\"auto, (max-width: 300px) 100vw, 300px\" \/><\/a>\n\t\t\t<\/dt><\/dl><dl class='gallery-item'>\n\t\t\t<dt class='gallery-icon landscape'>\n\t\t\t\t<a href='https:\/\/centresmolina.com\/centreensenyament\/files\/2019\/03\/Tallers-Salut-i-lEsport-EUSES-4.jpg'><img loading=\"lazy\" decoding=\"async\" width=\"300\" height=\"222\" src=\"https:\/\/centresmolina.com\/centreensenyament\/files\/2019\/03\/Tallers-Salut-i-lEsport-EUSES-4-300x222.jpg\" class=\"attachment-medium size-medium\" alt=\"\" srcset=\"https:\/\/centresmolina.com\/centreensenyament\/files\/2019\/03\/Tallers-Salut-i-lEsport-EUSES-4-300x222.jpg 300w, https:\/\/centresmolina.com\/centreensenyament\/files\/2019\/03\/Tallers-Salut-i-lEsport-EUSES-4-768x569.jpg 768w, https:\/\/centresmolina.com\/centreensenyament\/files\/2019\/03\/Tallers-Salut-i-lEsport-EUSES-4-1024x759.jpg 1024w\" sizes=\"auto, (max-width: 300px) 100vw, 300px\" \/><\/a>\n\t\t\t<\/dt><\/dl><dl class='gallery-item'>\n\t\t\t<dt class='gallery-icon landscape'>\n\t\t\t\t<a href='https:\/\/centresmolina.com\/centreensenyament\/files\/2019\/03\/Tallers-Salut-i-lEsport-EUSES-13.jpg'><img loading=\"lazy\" decoding=\"async\" width=\"300\" height=\"222\" src=\"https:\/\/centresmolina.com\/centreensenyament\/files\/2019\/03\/Tallers-Salut-i-lEsport-EUSES-13-300x222.jpg\" class=\"attachment-medium size-medium\" alt=\"\" srcset=\"https:\/\/centresmolina.com\/centreensenyament\/files\/2019\/03\/Tallers-Salut-i-lEsport-EUSES-13-300x222.jpg 300w, https:\/\/centresmolina.com\/centreensenyament\/files\/2019\/03\/Tallers-Salut-i-lEsport-EUSES-13-768x569.jpg 768w, https:\/\/centresmolina.com\/centreensenyament\/files\/2019\/03\/Tallers-Salut-i-lEsport-EUSES-13-1024x759.jpg 1024w\" sizes=\"auto, (max-width: 300px) 100vw, 300px\" \/><\/a>\n\t\t\t<\/dt><\/dl><br style=\"clear: both\" \/>\n\t\t<\/div>\n\n\n\t\t<style type=\"text\/css\">\n\t\t\t#gallery-2 {\n\t\t\t\tmargin: auto;\n\t\t\t}\n\t\t\t#gallery-2 .gallery-item {\n\t\t\t\tfloat: left;\n\t\t\t\tmargin-top: 10px;\n\t\t\t\ttext-align: center;\n\t\t\t\twidth: 50%;\n\t\t\t}\n\t\t\t#gallery-2 img {\n\t\t\t\tborder: 2px solid #cfcfcf;\n\t\t\t}\n\t\t\t#gallery-2 .gallery-caption {\n\t\t\t\tmargin-left: 0;\n\t\t\t}\n\t\t\t\/* see gallery_shortcode() in wp-includes\/media.php *\/\n\t\t<\/style>\n\t\t<div id='gallery-2' class='gallery galleryid-10085 gallery-columns-2 gallery-size-large'><dl class='gallery-item'>\n\t\t\t<dt class='gallery-icon landscape'>\n\t\t\t\t<a href='https:\/\/centresmolina.com\/centreensenyament\/files\/2019\/03\/Tallers-Salut-i-lEsport-EUSES-5.jpg'><img loading=\"lazy\" decoding=\"async\" width=\"1024\" height=\"759\" src=\"https:\/\/centresmolina.com\/centreensenyament\/files\/2019\/03\/Tallers-Salut-i-lEsport-EUSES-5-1024x759.jpg\" class=\"attachment-large size-large\" alt=\"\" srcset=\"https:\/\/centresmolina.com\/centreensenyament\/files\/2019\/03\/Tallers-Salut-i-lEsport-EUSES-5-1024x759.jpg 1024w, https:\/\/centresmolina.com\/centreensenyament\/files\/2019\/03\/Tallers-Salut-i-lEsport-EUSES-5-300x222.jpg 300w, https:\/\/centresmolina.com\/centreensenyament\/files\/2019\/03\/Tallers-Salut-i-lEsport-EUSES-5-768x569.jpg 768w\" sizes=\"auto, (max-width: 1024px) 100vw, 1024px\" \/><\/a>\n\t\t\t<\/dt><\/dl><dl class='gallery-item'>\n\t\t\t<dt class='gallery-icon landscape'>\n\t\t\t\t<a href='https:\/\/centresmolina.com\/centreensenyament\/files\/2019\/03\/Tallers-Salut-i-lEsport-EUSES-9.jpg'><img loading=\"lazy\" decoding=\"async\" width=\"1024\" height=\"759\" src=\"https:\/\/centresmolina.com\/centreensenyament\/files\/2019\/03\/Tallers-Salut-i-lEsport-EUSES-9-1024x759.jpg\" class=\"attachment-large size-large\" alt=\"\" srcset=\"https:\/\/centresmolina.com\/centreensenyament\/files\/2019\/03\/Tallers-Salut-i-lEsport-EUSES-9-1024x759.jpg 1024w, https:\/\/centresmolina.com\/centreensenyament\/files\/2019\/03\/Tallers-Salut-i-lEsport-EUSES-9-300x222.jpg 300w, https:\/\/centresmolina.com\/centreensenyament\/files\/2019\/03\/Tallers-Salut-i-lEsport-EUSES-9-768x569.jpg 768w\" sizes=\"auto, (max-width: 1024px) 100vw, 1024px\" \/><\/a>\n\t\t\t<\/dt><\/dl><br style=\"clear: both\" \/>\n\t\t<\/div>\n\n<p><iframe loading=\"lazy\" title=\"Taller Salut i Esport  ESO2 by EUSES\" width=\"500\" height=\"281\" src=\"https:\/\/www.youtube.com\/embed\/dk63f9aYhHA?feature=oembed\" frameborder=\"0\" allow=\"accelerometer; autoplay; clipboard-write; encrypted-media; gyroscope; picture-in-picture; web-share\" referrerpolicy=\"strict-origin-when-cross-origin\" allowfullscreen><\/iframe><\/p>\n<p>Los alumnos de ESO3 y ESO4 han realizado el taller \u00abLos h\u00e1bitos posturales para la mejora de la Salud\u00bb en ingl\u00e9s. Han trabajado el sedentarismo y la obesidad actual en el mundo, sobre todo en pa\u00edses del primer mundo y los factores de riesgo. Se ha hecho un an\u00e1lisis de la importancia del movimiento y del deporte no intenso, as\u00ed como tambi\u00e9n de la higienepostural en las actividades cotidianas, sobre todo en el \u00e1mbito escolar. Para terminar tanto la <a href=\"https:\/\/www.researchgate.net\/profile\/Nuria_Broo\" target=\"_blank\" rel=\"noopener noreferrer\">Nuria Broo<\/a>, graduada en Fisioterapia como en <a href=\"http:\/\/euses.cat\/professor\/mariano-gacto\/\" target=\"_blank\" rel=\"noopener noreferrer\">Mariano Gacto-S\u00e1nchez<\/a>, Director del Grado de Fisioterapia, nos han hecho recomendaciones para adquirir unos buenos h\u00e1bitos posturales.<\/p>\n\n\t\t<style type=\"text\/css\">\n\t\t\t#gallery-3 {\n\t\t\t\tmargin: auto;\n\t\t\t}\n\t\t\t#gallery-3 .gallery-item {\n\t\t\t\tfloat: left;\n\t\t\t\tmargin-top: 10px;\n\t\t\t\ttext-align: center;\n\t\t\t\twidth: 33%;\n\t\t\t}\n\t\t\t#gallery-3 img {\n\t\t\t\tborder: 2px solid #cfcfcf;\n\t\t\t}\n\t\t\t#gallery-3 .gallery-caption {\n\t\t\t\tmargin-left: 0;\n\t\t\t}\n\t\t\t\/* see gallery_shortcode() in wp-includes\/media.php *\/\n\t\t<\/style>\n\t\t<div id='gallery-3' class='gallery galleryid-10085 gallery-columns-3 gallery-size-medium'><dl class='gallery-item'>\n\t\t\t<dt class='gallery-icon landscape'>\n\t\t\t\t<a href='https:\/\/centresmolina.com\/centreensenyament\/files\/2019\/03\/Tallers-Salut-i-lEsport-EUSES-14.jpg'><img loading=\"lazy\" decoding=\"async\" width=\"300\" height=\"222\" src=\"https:\/\/centresmolina.com\/centreensenyament\/files\/2019\/03\/Tallers-Salut-i-lEsport-EUSES-14-300x222.jpg\" class=\"attachment-medium size-medium\" alt=\"\" srcset=\"https:\/\/centresmolina.com\/centreensenyament\/files\/2019\/03\/Tallers-Salut-i-lEsport-EUSES-14-300x222.jpg 300w, https:\/\/centresmolina.com\/centreensenyament\/files\/2019\/03\/Tallers-Salut-i-lEsport-EUSES-14-768x569.jpg 768w, https:\/\/centresmolina.com\/centreensenyament\/files\/2019\/03\/Tallers-Salut-i-lEsport-EUSES-14-1024x759.jpg 1024w\" sizes=\"auto, (max-width: 300px) 100vw, 300px\" \/><\/a>\n\t\t\t<\/dt><\/dl><dl class='gallery-item'>\n\t\t\t<dt class='gallery-icon landscape'>\n\t\t\t\t<a href='https:\/\/centresmolina.com\/centreensenyament\/files\/2019\/03\/Tallers-Salut-i-lEsport-EUSES-15-1.jpg'><img loading=\"lazy\" decoding=\"async\" width=\"300\" height=\"222\" src=\"https:\/\/centresmolina.com\/centreensenyament\/files\/2019\/03\/Tallers-Salut-i-lEsport-EUSES-15-1-300x222.jpg\" class=\"attachment-medium size-medium\" alt=\"\" srcset=\"https:\/\/centresmolina.com\/centreensenyament\/files\/2019\/03\/Tallers-Salut-i-lEsport-EUSES-15-1-300x222.jpg 300w, https:\/\/centresmolina.com\/centreensenyament\/files\/2019\/03\/Tallers-Salut-i-lEsport-EUSES-15-1-768x569.jpg 768w, https:\/\/centresmolina.com\/centreensenyament\/files\/2019\/03\/Tallers-Salut-i-lEsport-EUSES-15-1-1024x759.jpg 1024w\" sizes=\"auto, (max-width: 300px) 100vw, 300px\" \/><\/a>\n\t\t\t<\/dt><\/dl><dl class='gallery-item'>\n\t\t\t<dt class='gallery-icon landscape'>\n\t\t\t\t<a href='https:\/\/centresmolina.com\/centreensenyament\/files\/2019\/03\/Tallers-Salut-i-lEsport-EUSES-10.jpg'><img loading=\"lazy\" decoding=\"async\" width=\"300\" height=\"222\" src=\"https:\/\/centresmolina.com\/centreensenyament\/files\/2019\/03\/Tallers-Salut-i-lEsport-EUSES-10-300x222.jpg\" class=\"attachment-medium size-medium\" alt=\"\" srcset=\"https:\/\/centresmolina.com\/centreensenyament\/files\/2019\/03\/Tallers-Salut-i-lEsport-EUSES-10-300x222.jpg 300w, https:\/\/centresmolina.com\/centreensenyament\/files\/2019\/03\/Tallers-Salut-i-lEsport-EUSES-10-768x569.jpg 768w, https:\/\/centresmolina.com\/centreensenyament\/files\/2019\/03\/Tallers-Salut-i-lEsport-EUSES-10-1024x759.jpg 1024w\" sizes=\"auto, (max-width: 300px) 100vw, 300px\" \/><\/a>\n\t\t\t<\/dt><\/dl><br style=\"clear: both\" \/><dl class='gallery-item'>\n\t\t\t<dt class='gallery-icon landscape'>\n\t\t\t\t<a href='https:\/\/centresmolina.com\/centreensenyament\/files\/2019\/03\/Tallers-Salut-i-lEsport-EUSES-7.jpg'><img loading=\"lazy\" decoding=\"async\" width=\"300\" height=\"222\" src=\"https:\/\/centresmolina.com\/centreensenyament\/files\/2019\/03\/Tallers-Salut-i-lEsport-EUSES-7-300x222.jpg\" class=\"attachment-medium size-medium\" alt=\"\" srcset=\"https:\/\/centresmolina.com\/centreensenyament\/files\/2019\/03\/Tallers-Salut-i-lEsport-EUSES-7-300x222.jpg 300w, https:\/\/centresmolina.com\/centreensenyament\/files\/2019\/03\/Tallers-Salut-i-lEsport-EUSES-7-768x569.jpg 768w, https:\/\/centresmolina.com\/centreensenyament\/files\/2019\/03\/Tallers-Salut-i-lEsport-EUSES-7-1024x759.jpg 1024w\" sizes=\"auto, (max-width: 300px) 100vw, 300px\" \/><\/a>\n\t\t\t<\/dt><\/dl><dl class='gallery-item'>\n\t\t\t<dt class='gallery-icon landscape'>\n\t\t\t\t<a href='https:\/\/centresmolina.com\/centreensenyament\/files\/2019\/03\/Tallers-Salut-i-lEsport-EUSES-2.jpg'><img loading=\"lazy\" decoding=\"async\" width=\"300\" height=\"222\" src=\"https:\/\/centresmolina.com\/centreensenyament\/files\/2019\/03\/Tallers-Salut-i-lEsport-EUSES-2-300x222.jpg\" class=\"attachment-medium size-medium\" alt=\"\" srcset=\"https:\/\/centresmolina.com\/centreensenyament\/files\/2019\/03\/Tallers-Salut-i-lEsport-EUSES-2-300x222.jpg 300w, https:\/\/centresmolina.com\/centreensenyament\/files\/2019\/03\/Tallers-Salut-i-lEsport-EUSES-2-768x569.jpg 768w, https:\/\/centresmolina.com\/centreensenyament\/files\/2019\/03\/Tallers-Salut-i-lEsport-EUSES-2-1024x759.jpg 1024w\" sizes=\"auto, (max-width: 300px) 100vw, 300px\" \/><\/a>\n\t\t\t<\/dt><\/dl><dl class='gallery-item'>\n\t\t\t<dt class='gallery-icon landscape'>\n\t\t\t\t<a href='https:\/\/centresmolina.com\/centreensenyament\/files\/2019\/03\/Tallers-Salut-i-Esport-EUSES.jpg'><img loading=\"lazy\" decoding=\"async\" width=\"300\" height=\"222\" src=\"https:\/\/centresmolina.com\/centreensenyament\/files\/2019\/03\/Tallers-Salut-i-Esport-EUSES-300x222.jpg\" class=\"attachment-medium size-medium\" alt=\"\" srcset=\"https:\/\/centresmolina.com\/centreensenyament\/files\/2019\/03\/Tallers-Salut-i-Esport-EUSES-300x222.jpg 300w, https:\/\/centresmolina.com\/centreensenyament\/files\/2019\/03\/Tallers-Salut-i-Esport-EUSES-768x569.jpg 768w, https:\/\/centresmolina.com\/centreensenyament\/files\/2019\/03\/Tallers-Salut-i-Esport-EUSES-1024x759.jpg 1024w\" sizes=\"auto, (max-width: 300px) 100vw, 300px\" \/><\/a>\n\t\t\t<\/dt><\/dl><br style=\"clear: both\" \/>\n\t\t<\/div>\n\n<p><iframe loading=\"lazy\" title=\"Taller &quot;Postural Habits&quot; ESO3 by EUSES\" width=\"500\" height=\"281\" src=\"https:\/\/www.youtube.com\/embed\/lnex4XJt81g?feature=oembed\" frameborder=\"0\" allow=\"accelerometer; autoplay; clipboard-write; encrypted-media; gyroscope; picture-in-picture; web-share\" referrerpolicy=\"strict-origin-when-cross-origin\" allowfullscreen><\/iframe><\/p>\n<p><iframe loading=\"lazy\" title=\"Taller &quot; Postural Habits&quot; ESO4 by EUSES\" width=\"500\" height=\"281\" src=\"https:\/\/www.youtube.com\/embed\/cDF5KbGh54k?feature=oembed\" frameborder=\"0\" allow=\"accelerometer; autoplay; clipboard-write; encrypted-media; gyroscope; picture-in-picture; web-share\" referrerpolicy=\"strict-origin-when-cross-origin\" allowfullscreen><\/iframe><\/p>\n<p>En Vini Rosa ha impartido el taller \u00abAplicaciones M\u00f3viles y Tecnol\u00f3gicas en la Salud\u00bb a los alumnos de CFGM I y II en ingl\u00e9s. Los ha ense\u00f1ado varias aplicaciones como una que nos informa sobre nuestra salud, la cantidad de actividad que hemos realizado, la frecuencia card\u00edaca, <a href=\"https:\/\/www.samsung.com\/es\/apps\/samsung-health\/\" target=\"_blank\" rel=\"noopener noreferrer\">Samsung Health<\/a>; otros que ayudan a hacer pr\u00e1cticas m\u00e9dicas como <a href=\"https:\/\/www.oculus.com\/experiences\/gear-vr\/878262692296965\/\" target=\"_blank\" rel=\"noopener noreferrer\">Medical Training Simulator<\/a> u otros que ayudan a la socializaci\u00f3n y la realizaci\u00f3n de ejercicio f\u00edsico sin darnos cuenta como <a href=\"https:\/\/www.pokemongo.com\/es-es\/\" target=\"_blank\" rel=\"noopener noreferrer\">Pokemon Go<\/a>. Estas herramientas son una motivaci\u00f3n extra para realizar una actividad, en cualquier lugar en grupo o no.<\/p>\n\n\t\t<style type=\"text\/css\">\n\t\t\t#gallery-4 {\n\t\t\t\tmargin: auto;\n\t\t\t}\n\t\t\t#gallery-4 .gallery-item {\n\t\t\t\tfloat: left;\n\t\t\t\tmargin-top: 10px;\n\t\t\t\ttext-align: center;\n\t\t\t\twidth: 50%;\n\t\t\t}\n\t\t\t#gallery-4 img {\n\t\t\t\tborder: 2px solid #cfcfcf;\n\t\t\t}\n\t\t\t#gallery-4 .gallery-caption {\n\t\t\t\tmargin-left: 0;\n\t\t\t}\n\t\t\t\/* see gallery_shortcode() in wp-includes\/media.php *\/\n\t\t<\/style>\n\t\t<div id='gallery-4' class='gallery galleryid-10085 gallery-columns-2 gallery-size-large'><dl class='gallery-item'>\n\t\t\t<dt class='gallery-icon landscape'>\n\t\t\t\t<a href='https:\/\/centresmolina.com\/centreensenyament\/files\/2019\/03\/Taller-EUSES-E.-Molina-2.jpg'><img loading=\"lazy\" decoding=\"async\" width=\"1024\" height=\"768\" src=\"https:\/\/centresmolina.com\/centreensenyament\/files\/2019\/03\/Taller-EUSES-E.-Molina-2-1024x768.jpg\" class=\"attachment-large size-large\" alt=\"\" srcset=\"https:\/\/centresmolina.com\/centreensenyament\/files\/2019\/03\/Taller-EUSES-E.-Molina-2-1024x768.jpg 1024w, https:\/\/centresmolina.com\/centreensenyament\/files\/2019\/03\/Taller-EUSES-E.-Molina-2-300x225.jpg 300w, https:\/\/centresmolina.com\/centreensenyament\/files\/2019\/03\/Taller-EUSES-E.-Molina-2-768x576.jpg 768w\" sizes=\"auto, (max-width: 1024px) 100vw, 1024px\" \/><\/a>\n\t\t\t<\/dt><\/dl><dl class='gallery-item'>\n\t\t\t<dt class='gallery-icon landscape'>\n\t\t\t\t<a href='https:\/\/centresmolina.com\/centreensenyament\/files\/2019\/03\/Tallers-Salut-i-lEsport-EUSES-6.jpg'><img loading=\"lazy\" decoding=\"async\" width=\"1024\" height=\"759\" src=\"https:\/\/centresmolina.com\/centreensenyament\/files\/2019\/03\/Tallers-Salut-i-lEsport-EUSES-6-1024x759.jpg\" class=\"attachment-large size-large\" alt=\"\" srcset=\"https:\/\/centresmolina.com\/centreensenyament\/files\/2019\/03\/Tallers-Salut-i-lEsport-EUSES-6-1024x759.jpg 1024w, https:\/\/centresmolina.com\/centreensenyament\/files\/2019\/03\/Tallers-Salut-i-lEsport-EUSES-6-300x222.jpg 300w, https:\/\/centresmolina.com\/centreensenyament\/files\/2019\/03\/Tallers-Salut-i-lEsport-EUSES-6-768x569.jpg 768w\" sizes=\"auto, (max-width: 1024px) 100vw, 1024px\" \/><\/a>\n\t\t\t<\/dt><\/dl><br style=\"clear: both\" \/><dl class='gallery-item'>\n\t\t\t<dt class='gallery-icon landscape'>\n\t\t\t\t<a href='https:\/\/centresmolina.com\/centreensenyament\/files\/2019\/03\/Taller-Salut-i-Esport-EUSES.jpg'><img loading=\"lazy\" decoding=\"async\" width=\"1024\" height=\"759\" src=\"https:\/\/centresmolina.com\/centreensenyament\/files\/2019\/03\/Taller-Salut-i-Esport-EUSES-1024x759.jpg\" class=\"attachment-large size-large\" alt=\"\" srcset=\"https:\/\/centresmolina.com\/centreensenyament\/files\/2019\/03\/Taller-Salut-i-Esport-EUSES-1024x759.jpg 1024w, https:\/\/centresmolina.com\/centreensenyament\/files\/2019\/03\/Taller-Salut-i-Esport-EUSES-300x222.jpg 300w, https:\/\/centresmolina.com\/centreensenyament\/files\/2019\/03\/Taller-Salut-i-Esport-EUSES-768x569.jpg 768w\" sizes=\"auto, (max-width: 1024px) 100vw, 1024px\" \/><\/a>\n\t\t\t<\/dt><\/dl><dl class='gallery-item'>\n\t\t\t<dt class='gallery-icon landscape'>\n\t\t\t\t<a href='https:\/\/centresmolina.com\/centreensenyament\/files\/2019\/03\/Taller-EUSES-E.-Molina-3.jpg'><img loading=\"lazy\" decoding=\"async\" width=\"1024\" height=\"768\" src=\"https:\/\/centresmolina.com\/centreensenyament\/files\/2019\/03\/Taller-EUSES-E.-Molina-3-1024x768.jpg\" class=\"attachment-large size-large\" alt=\"\" srcset=\"https:\/\/centresmolina.com\/centreensenyament\/files\/2019\/03\/Taller-EUSES-E.-Molina-3-1024x768.jpg 1024w, https:\/\/centresmolina.com\/centreensenyament\/files\/2019\/03\/Taller-EUSES-E.-Molina-3-300x225.jpg 300w, https:\/\/centresmolina.com\/centreensenyament\/files\/2019\/03\/Taller-EUSES-E.-Molina-3-768x576.jpg 768w\" sizes=\"auto, (max-width: 1024px) 100vw, 1024px\" \/><\/a>\n\t\t\t<\/dt><\/dl><br style=\"clear: both\" \/>\n\t\t<\/div>\n\n<p><iframe loading=\"lazy\" title=\"Taller &quot; Aplicacions del m\u00f2bil en el m\u00f3n de la salut&quot; CFGM I i II by EUSES\" width=\"500\" height=\"281\" src=\"https:\/\/www.youtube.com\/embed\/zYVKLUIb2g4?feature=oembed\" frameborder=\"0\" allow=\"accelerometer; autoplay; clipboard-write; encrypted-media; gyroscope; picture-in-picture; web-share\" referrerpolicy=\"strict-origin-when-cross-origin\" allowfullscreen><\/iframe><\/p>\n","protected":false},"excerpt":{"rendered":"<p>Esta semana la Escuela ha participado en los talleres formativos de Salud y del Deporte organizado por la Escuela Universitaria&#8230;<\/p>\n","protected":false},"author":3,"featured_media":10086,"comment_status":"closed","ping_status":"closed","sticky":false,"template":"","format":"standard","meta":{"footnotes":""},"categories":[15],"tags":[104,89,111,108,84,69,95,2422,75,23,74,96,121],"class_list":["post-10085","post","type-post","status-publish","format-standard","has-post-thumbnail","hentry","category-noticias-2","tag-1r-deso-es","tag-2n-deso-es","tag-3r-eso-es","tag-4t-eso-es","tag-angles-es","tag-aprenentatge-es","tag-cfgm-es","tag-conferencia-es","tag-desenvolupament-personal-i-academic-es","tag-escola-molina-es","tag-estil-propi-es","tag-gestio-administrativa-es","tag-taller-es"],"yoast_head":"<!-- This site is optimized with the Yoast SEO plugin v27.2 - https:\/\/yoast.com\/product\/yoast-seo-wordpress\/ -->\n<title>Talleres Formativos de Salud y Deporte en la Escuela Molina - Centros de ense\u00f1anza<\/title>\n<meta name=\"robots\" content=\"index, follow, max-snippet:-1, max-image-preview:large, max-video-preview:-1\" \/>\n<link rel=\"canonical\" href=\"https:\/\/centresmolina.com\/centreensenyament\/es\/2019\/03\/15\/talleres-formativos-de-salud-y-deporte-en-la-escuela-molina\/\" \/>\n<meta property=\"og:locale\" content=\"es_ES\" \/>\n<meta property=\"og:type\" content=\"article\" \/>\n<meta property=\"og:title\" content=\"Talleres Formativos de Salud y Deporte en la Escuela Molina - Centros de ense\u00f1anza\" \/>\n<meta property=\"og:description\" content=\"Esta semana la Escuela ha participado en los talleres formativos de Salud y del Deporte organizado por la Escuela Universitaria...\" \/>\n<meta property=\"og:url\" content=\"https:\/\/centresmolina.com\/centreensenyament\/es\/2019\/03\/15\/talleres-formativos-de-salud-y-deporte-en-la-escuela-molina\/\" \/>\n<meta property=\"og:site_name\" content=\"Centros de ense\u00f1anza\" \/>\n<meta property=\"article:published_time\" content=\"2019-03-15T18:43:50+00:00\" \/>\n<meta property=\"article:modified_time\" content=\"2019-04-28T05:15:56+00:00\" \/>\n<meta property=\"og:image\" content=\"https:\/\/centresmolina.com\/centreensenyament\/files\/2019\/03\/Tallers-Salut-i-lEsport-EUSES-1.jpg\" \/>\n\t<meta property=\"og:image:width\" content=\"4208\" \/>\n\t<meta property=\"og:image:height\" content=\"3120\" \/>\n\t<meta property=\"og:image:type\" content=\"image\/jpeg\" \/>\n<meta name=\"author\" content=\"webmolina\" \/>\n<meta name=\"twitter:label1\" content=\"Escrito por\" \/>\n\t<meta name=\"twitter:data1\" content=\"webmolina\" \/>\n\t<meta name=\"twitter:label2\" content=\"Tiempo de lectura\" \/>\n\t<meta name=\"twitter:data2\" content=\"2 minutos\" \/>\n<script type=\"application\/ld+json\" class=\"yoast-schema-graph\">{\"@context\":\"https:\/\/schema.org\",\"@graph\":[{\"@type\":\"Article\",\"@id\":\"https:\/\/centresmolina.com\/centreensenyament\/es\/2019\/03\/15\/talleres-formativos-de-salud-y-deporte-en-la-escuela-molina\/#article\",\"isPartOf\":{\"@id\":\"https:\/\/centresmolina.com\/centreensenyament\/es\/2019\/03\/15\/talleres-formativos-de-salud-y-deporte-en-la-escuela-molina\/\"},\"author\":{\"name\":\"webmolina\",\"@id\":\"https:\/\/centresmolina.com\/centreensenyament\/#\/schema\/person\/308d85d274adff04b5c51d47e8aff6cc\"},\"headline\":\"Talleres Formativos de Salud y Deporte en la Escuela Molina\",\"datePublished\":\"2019-03-15T18:43:50+00:00\",\"dateModified\":\"2019-04-28T05:15:56+00:00\",\"mainEntityOfPage\":{\"@id\":\"https:\/\/centresmolina.com\/centreensenyament\/es\/2019\/03\/15\/talleres-formativos-de-salud-y-deporte-en-la-escuela-molina\/\"},\"wordCount\":424,\"image\":{\"@id\":\"https:\/\/centresmolina.com\/centreensenyament\/es\/2019\/03\/15\/talleres-formativos-de-salud-y-deporte-en-la-escuela-molina\/#primaryimage\"},\"thumbnailUrl\":\"https:\/\/centresmolina.com\/centreensenyament\/files\/2019\/03\/Tallers-Salut-i-lEsport-EUSES-1.jpg\",\"keywords\":[\"1r d'ESO @es\",\"2n d'ESO @es\",\"3r ESO @es\",\"4t ESO @es\",\"Angl\u00e8s @es\",\"aprenentatge @es\",\"CFGM @es\",\"CONFER\u00c8NCIA\",\"desenvolupament personal i acad\u00e8mic @es\",\"Escola Molina @es\",\"estil propi @es\",\"Gesti\u00f3 Administrativa @es\",\"taller @es\"],\"articleSection\":[\"Noticias\"],\"inLanguage\":\"es\"},{\"@type\":\"WebPage\",\"@id\":\"https:\/\/centresmolina.com\/centreensenyament\/es\/2019\/03\/15\/talleres-formativos-de-salud-y-deporte-en-la-escuela-molina\/\",\"url\":\"https:\/\/centresmolina.com\/centreensenyament\/es\/2019\/03\/15\/talleres-formativos-de-salud-y-deporte-en-la-escuela-molina\/\",\"name\":\"Talleres Formativos de Salud y Deporte en la Escuela Molina - Centros de ense\u00f1anza\",\"isPartOf\":{\"@id\":\"https:\/\/centresmolina.com\/centreensenyament\/#website\"},\"primaryImageOfPage\":{\"@id\":\"https:\/\/centresmolina.com\/centreensenyament\/es\/2019\/03\/15\/talleres-formativos-de-salud-y-deporte-en-la-escuela-molina\/#primaryimage\"},\"image\":{\"@id\":\"https:\/\/centresmolina.com\/centreensenyament\/es\/2019\/03\/15\/talleres-formativos-de-salud-y-deporte-en-la-escuela-molina\/#primaryimage\"},\"thumbnailUrl\":\"https:\/\/centresmolina.com\/centreensenyament\/files\/2019\/03\/Tallers-Salut-i-lEsport-EUSES-1.jpg\",\"datePublished\":\"2019-03-15T18:43:50+00:00\",\"dateModified\":\"2019-04-28T05:15:56+00:00\",\"author\":{\"@id\":\"https:\/\/centresmolina.com\/centreensenyament\/#\/schema\/person\/308d85d274adff04b5c51d47e8aff6cc\"},\"breadcrumb\":{\"@id\":\"https:\/\/centresmolina.com\/centreensenyament\/es\/2019\/03\/15\/talleres-formativos-de-salud-y-deporte-en-la-escuela-molina\/#breadcrumb\"},\"inLanguage\":\"es\",\"potentialAction\":[{\"@type\":\"ReadAction\",\"target\":[\"https:\/\/centresmolina.com\/centreensenyament\/es\/2019\/03\/15\/talleres-formativos-de-salud-y-deporte-en-la-escuela-molina\/\"]}]},{\"@type\":\"ImageObject\",\"inLanguage\":\"es\",\"@id\":\"https:\/\/centresmolina.com\/centreensenyament\/es\/2019\/03\/15\/talleres-formativos-de-salud-y-deporte-en-la-escuela-molina\/#primaryimage\",\"url\":\"https:\/\/centresmolina.com\/centreensenyament\/files\/2019\/03\/Tallers-Salut-i-lEsport-EUSES-1.jpg\",\"contentUrl\":\"https:\/\/centresmolina.com\/centreensenyament\/files\/2019\/03\/Tallers-Salut-i-lEsport-EUSES-1.jpg\",\"width\":4208,\"height\":3120},{\"@type\":\"BreadcrumbList\",\"@id\":\"https:\/\/centresmolina.com\/centreensenyament\/es\/2019\/03\/15\/talleres-formativos-de-salud-y-deporte-en-la-escuela-molina\/#breadcrumb\",\"itemListElement\":[{\"@type\":\"ListItem\",\"position\":1,\"name\":\"Portada\",\"item\":\"https:\/\/centresmolina.com\/centreensenyament\/es\/\"},{\"@type\":\"ListItem\",\"position\":2,\"name\":\"Talleres Formativos de Salud y Deporte en la Escuela Molina\"}]},{\"@type\":\"WebSite\",\"@id\":\"https:\/\/centresmolina.com\/centreensenyament\/#website\",\"url\":\"https:\/\/centresmolina.com\/centreensenyament\/\",\"name\":\"Centros de ense\u00f1anza\",\"description\":\"Centres Molina - Centros de ense\u00f1anza\",\"potentialAction\":[{\"@type\":\"SearchAction\",\"target\":{\"@type\":\"EntryPoint\",\"urlTemplate\":\"https:\/\/centresmolina.com\/centreensenyament\/?s={search_term_string}\"},\"query-input\":{\"@type\":\"PropertyValueSpecification\",\"valueRequired\":true,\"valueName\":\"search_term_string\"}}],\"inLanguage\":\"es\"},{\"@type\":\"Person\",\"@id\":\"https:\/\/centresmolina.com\/centreensenyament\/#\/schema\/person\/308d85d274adff04b5c51d47e8aff6cc\",\"name\":\"webmolina\",\"image\":{\"@type\":\"ImageObject\",\"inLanguage\":\"es\",\"@id\":\"https:\/\/secure.gravatar.com\/avatar\/38db407e1ab9b284bf45e3bff4ec5cf1e034e364f09b2ee054619614662a717b?s=96&d=mm&r=g\",\"url\":\"https:\/\/secure.gravatar.com\/avatar\/38db407e1ab9b284bf45e3bff4ec5cf1e034e364f09b2ee054619614662a717b?s=96&d=mm&r=g\",\"contentUrl\":\"https:\/\/secure.gravatar.com\/avatar\/38db407e1ab9b284bf45e3bff4ec5cf1e034e364f09b2ee054619614662a717b?s=96&d=mm&r=g\",\"caption\":\"webmolina\"},\"url\":\"https:\/\/centresmolina.com\/centreensenyament\/es\/author\/webmolina\/\"}]}<\/script>\n<!-- \/ Yoast SEO plugin. -->","yoast_head_json":{"title":"Talleres Formativos de Salud y Deporte en la Escuela Molina - Centros de ense\u00f1anza","robots":{"index":"index","follow":"follow","max-snippet":"max-snippet:-1","max-image-preview":"max-image-preview:large","max-video-preview":"max-video-preview:-1"},"canonical":"https:\/\/centresmolina.com\/centreensenyament\/es\/2019\/03\/15\/talleres-formativos-de-salud-y-deporte-en-la-escuela-molina\/","og_locale":"es_ES","og_type":"article","og_title":"Talleres Formativos de Salud y Deporte en la Escuela Molina - Centros de ense\u00f1anza","og_description":"Esta semana la Escuela ha participado en los talleres formativos de Salud y del Deporte organizado por la Escuela Universitaria...","og_url":"https:\/\/centresmolina.com\/centreensenyament\/es\/2019\/03\/15\/talleres-formativos-de-salud-y-deporte-en-la-escuela-molina\/","og_site_name":"Centros de ense\u00f1anza","article_published_time":"2019-03-15T18:43:50+00:00","article_modified_time":"2019-04-28T05:15:56+00:00","og_image":[{"width":4208,"height":3120,"url":"https:\/\/centresmolina.com\/centreensenyament\/files\/2019\/03\/Tallers-Salut-i-lEsport-EUSES-1.jpg","type":"image\/jpeg"}],"author":"webmolina","twitter_misc":{"Escrito por":"webmolina","Tiempo de lectura":"2 minutos"},"schema":{"@context":"https:\/\/schema.org","@graph":[{"@type":"Article","@id":"https:\/\/centresmolina.com\/centreensenyament\/es\/2019\/03\/15\/talleres-formativos-de-salud-y-deporte-en-la-escuela-molina\/#article","isPartOf":{"@id":"https:\/\/centresmolina.com\/centreensenyament\/es\/2019\/03\/15\/talleres-formativos-de-salud-y-deporte-en-la-escuela-molina\/"},"author":{"name":"webmolina","@id":"https:\/\/centresmolina.com\/centreensenyament\/#\/schema\/person\/308d85d274adff04b5c51d47e8aff6cc"},"headline":"Talleres Formativos de Salud y Deporte en la Escuela Molina","datePublished":"2019-03-15T18:43:50+00:00","dateModified":"2019-04-28T05:15:56+00:00","mainEntityOfPage":{"@id":"https:\/\/centresmolina.com\/centreensenyament\/es\/2019\/03\/15\/talleres-formativos-de-salud-y-deporte-en-la-escuela-molina\/"},"wordCount":424,"image":{"@id":"https:\/\/centresmolina.com\/centreensenyament\/es\/2019\/03\/15\/talleres-formativos-de-salud-y-deporte-en-la-escuela-molina\/#primaryimage"},"thumbnailUrl":"https:\/\/centresmolina.com\/centreensenyament\/files\/2019\/03\/Tallers-Salut-i-lEsport-EUSES-1.jpg","keywords":["1r d'ESO @es","2n d'ESO @es","3r ESO @es","4t ESO @es","Angl\u00e8s @es","aprenentatge @es","CFGM @es","CONFER\u00c8NCIA","desenvolupament personal i acad\u00e8mic @es","Escola Molina @es","estil propi @es","Gesti\u00f3 Administrativa @es","taller @es"],"articleSection":["Noticias"],"inLanguage":"es"},{"@type":"WebPage","@id":"https:\/\/centresmolina.com\/centreensenyament\/es\/2019\/03\/15\/talleres-formativos-de-salud-y-deporte-en-la-escuela-molina\/","url":"https:\/\/centresmolina.com\/centreensenyament\/es\/2019\/03\/15\/talleres-formativos-de-salud-y-deporte-en-la-escuela-molina\/","name":"Talleres Formativos de Salud y Deporte en la Escuela Molina - Centros de ense\u00f1anza","isPartOf":{"@id":"https:\/\/centresmolina.com\/centreensenyament\/#website"},"primaryImageOfPage":{"@id":"https:\/\/centresmolina.com\/centreensenyament\/es\/2019\/03\/15\/talleres-formativos-de-salud-y-deporte-en-la-escuela-molina\/#primaryimage"},"image":{"@id":"https:\/\/centresmolina.com\/centreensenyament\/es\/2019\/03\/15\/talleres-formativos-de-salud-y-deporte-en-la-escuela-molina\/#primaryimage"},"thumbnailUrl":"https:\/\/centresmolina.com\/centreensenyament\/files\/2019\/03\/Tallers-Salut-i-lEsport-EUSES-1.jpg","datePublished":"2019-03-15T18:43:50+00:00","dateModified":"2019-04-28T05:15:56+00:00","author":{"@id":"https:\/\/centresmolina.com\/centreensenyament\/#\/schema\/person\/308d85d274adff04b5c51d47e8aff6cc"},"breadcrumb":{"@id":"https:\/\/centresmolina.com\/centreensenyament\/es\/2019\/03\/15\/talleres-formativos-de-salud-y-deporte-en-la-escuela-molina\/#breadcrumb"},"inLanguage":"es","potentialAction":[{"@type":"ReadAction","target":["https:\/\/centresmolina.com\/centreensenyament\/es\/2019\/03\/15\/talleres-formativos-de-salud-y-deporte-en-la-escuela-molina\/"]}]},{"@type":"ImageObject","inLanguage":"es","@id":"https:\/\/centresmolina.com\/centreensenyament\/es\/2019\/03\/15\/talleres-formativos-de-salud-y-deporte-en-la-escuela-molina\/#primaryimage","url":"https:\/\/centresmolina.com\/centreensenyament\/files\/2019\/03\/Tallers-Salut-i-lEsport-EUSES-1.jpg","contentUrl":"https:\/\/centresmolina.com\/centreensenyament\/files\/2019\/03\/Tallers-Salut-i-lEsport-EUSES-1.jpg","width":4208,"height":3120},{"@type":"BreadcrumbList","@id":"https:\/\/centresmolina.com\/centreensenyament\/es\/2019\/03\/15\/talleres-formativos-de-salud-y-deporte-en-la-escuela-molina\/#breadcrumb","itemListElement":[{"@type":"ListItem","position":1,"name":"Portada","item":"https:\/\/centresmolina.com\/centreensenyament\/es\/"},{"@type":"ListItem","position":2,"name":"Talleres Formativos de Salud y Deporte en la Escuela Molina"}]},{"@type":"WebSite","@id":"https:\/\/centresmolina.com\/centreensenyament\/#website","url":"https:\/\/centresmolina.com\/centreensenyament\/","name":"Centros de ense\u00f1anza","description":"Centres Molina - Centros de ense\u00f1anza","potentialAction":[{"@type":"SearchAction","target":{"@type":"EntryPoint","urlTemplate":"https:\/\/centresmolina.com\/centreensenyament\/?s={search_term_string}"},"query-input":{"@type":"PropertyValueSpecification","valueRequired":true,"valueName":"search_term_string"}}],"inLanguage":"es"},{"@type":"Person","@id":"https:\/\/centresmolina.com\/centreensenyament\/#\/schema\/person\/308d85d274adff04b5c51d47e8aff6cc","name":"webmolina","image":{"@type":"ImageObject","inLanguage":"es","@id":"https:\/\/secure.gravatar.com\/avatar\/38db407e1ab9b284bf45e3bff4ec5cf1e034e364f09b2ee054619614662a717b?s=96&d=mm&r=g","url":"https:\/\/secure.gravatar.com\/avatar\/38db407e1ab9b284bf45e3bff4ec5cf1e034e364f09b2ee054619614662a717b?s=96&d=mm&r=g","contentUrl":"https:\/\/secure.gravatar.com\/avatar\/38db407e1ab9b284bf45e3bff4ec5cf1e034e364f09b2ee054619614662a717b?s=96&d=mm&r=g","caption":"webmolina"},"url":"https:\/\/centresmolina.com\/centreensenyament\/es\/author\/webmolina\/"}]}},"_links":{"self":[{"href":"https:\/\/centresmolina.com\/centreensenyament\/es\/wp-json\/wp\/v2\/posts\/10085\/"}],"collection":[{"href":"https:\/\/centresmolina.com\/centreensenyament\/es\/wp-json\/wp\/v2\/posts\/"}],"about":[{"href":"https:\/\/centresmolina.com\/centreensenyament\/es\/wp-json\/wp\/v2\/types\/post\/"}],"author":[{"embeddable":true,"href":"https:\/\/centresmolina.com\/centreensenyament\/es\/wp-json\/wp\/v2\/users\/3\/"}],"replies":[{"embeddable":true,"href":"https:\/\/centresmolina.com\/centreensenyament\/es\/wp-json\/wp\/v2\/comments\/?post=10085"}],"version-history":[{"count":2,"href":"https:\/\/centresmolina.com\/centreensenyament\/es\/wp-json\/wp\/v2\/posts\/10085\/revisions\/"}],"predecessor-version":[{"id":10108,"href":"https:\/\/centresmolina.com\/centreensenyament\/es\/wp-json\/wp\/v2\/posts\/10085\/revisions\/10108\/"}],"wp:featuredmedia":[{"embeddable":true,"href":"https:\/\/centresmolina.com\/centreensenyament\/es\/wp-json\/wp\/v2\/media\/10086\/"}],"wp:attachment":[{"href":"https:\/\/centresmolina.com\/centreensenyament\/es\/wp-json\/wp\/v2\/media\/?parent=10085"}],"wp:term":[{"taxonomy":"category","embeddable":true,"href":"https:\/\/centresmolina.com\/centreensenyament\/es\/wp-json\/wp\/v2\/categories\/?post=10085"},{"taxonomy":"post_tag","embeddable":true,"href":"https:\/\/centresmolina.com\/centreensenyament\/es\/wp-json\/wp\/v2\/tags\/?post=10085"}],"curies":[{"name":"wp","href":"https:\/\/api.w.org\/{rel}","templated":true}]}}