{"id":10174,"date":"2019-04-01T09:01:12","date_gmt":"2019-04-01T09:01:12","guid":{"rendered":"http:\/\/centresmolina.com\/centreensenyament\/?p=10174"},"modified":"2019-04-01T09:02:46","modified_gmt":"2019-04-01T09:02:46","slug":"proyecto-barcelona-ii","status":"publish","type":"post","link":"https:\/\/centresmolina.com\/centreensenyament\/es\/2019\/04\/01\/proyecto-barcelona-ii\/","title":{"rendered":"Proyecto Barcelona II"},"content":{"rendered":"<p>\u00bfUniversitat de Barcelona? \u00bfUniversitat Pompeu Fabra? \u00bfUniversitat Aut\u00f2noma de Barcelona? \u00bfUniversitat Polit\u00e8cnica de Catalunya? \u00bfOtra universidad? \u00bfD\u00f3nde querr\u00edas estudiar si quisieras estudiar un grado en Catalu\u00f1a? \u00bfHar\u00edas un grado \u00edntegramente en ingl\u00e9s?<\/p>\n\n\t\t<style type=\"text\/css\">\n\t\t\t#gallery-1 {\n\t\t\t\tmargin: auto;\n\t\t\t}\n\t\t\t#gallery-1 .gallery-item {\n\t\t\t\tfloat: left;\n\t\t\t\tmargin-top: 10px;\n\t\t\t\ttext-align: center;\n\t\t\t\twidth: 33%;\n\t\t\t}\n\t\t\t#gallery-1 img {\n\t\t\t\tborder: 2px solid #cfcfcf;\n\t\t\t}\n\t\t\t#gallery-1 .gallery-caption {\n\t\t\t\tmargin-left: 0;\n\t\t\t}\n\t\t\t\/* see gallery_shortcode() in wp-includes\/media.php *\/\n\t\t<\/style>\n\t\t<div id='gallery-1' class='gallery galleryid-10174 gallery-columns-3 gallery-size-medium'><dl class='gallery-item'>\n\t\t\t<dt class='gallery-icon portrait'>\n\t\t\t\t<a href='https:\/\/centresmolina.com\/centreensenyament\/files\/2019\/04\/Projecte-BCN-4.jpg'><img loading=\"lazy\" decoding=\"async\" width=\"241\" height=\"300\" src=\"https:\/\/centresmolina.com\/centreensenyament\/files\/2019\/04\/Projecte-BCN-4-241x300.jpg\" class=\"attachment-medium size-medium\" alt=\"\" srcset=\"https:\/\/centresmolina.com\/centreensenyament\/files\/2019\/04\/Projecte-BCN-4-241x300.jpg 241w, https:\/\/centresmolina.com\/centreensenyament\/files\/2019\/04\/Projecte-BCN-4.jpg 618w\" sizes=\"auto, (max-width: 241px) 100vw, 241px\" \/><\/a>\n\t\t\t<\/dt><\/dl><dl class='gallery-item'>\n\t\t\t<dt class='gallery-icon portrait'>\n\t\t\t\t<a href='https:\/\/centresmolina.com\/centreensenyament\/files\/2019\/04\/Projecte-BCN-1.jpg'><img loading=\"lazy\" decoding=\"async\" width=\"168\" height=\"300\" src=\"https:\/\/centresmolina.com\/centreensenyament\/files\/2019\/04\/Projecte-BCN-1-168x300.jpg\" class=\"attachment-medium size-medium\" alt=\"\" srcset=\"https:\/\/centresmolina.com\/centreensenyament\/files\/2019\/04\/Projecte-BCN-1-168x300.jpg 168w, https:\/\/centresmolina.com\/centreensenyament\/files\/2019\/04\/Projecte-BCN-1.jpg 431w\" sizes=\"auto, (max-width: 168px) 100vw, 168px\" \/><\/a>\n\t\t\t<\/dt><\/dl><dl class='gallery-item'>\n\t\t\t<dt class='gallery-icon portrait'>\n\t\t\t\t<a href='https:\/\/centresmolina.com\/centreensenyament\/files\/2019\/04\/Projecte-BCN-7.jpg'><img loading=\"lazy\" decoding=\"async\" width=\"239\" height=\"300\" src=\"https:\/\/centresmolina.com\/centreensenyament\/files\/2019\/04\/Projecte-BCN-7-239x300.jpg\" class=\"attachment-medium size-medium\" alt=\"\" srcset=\"https:\/\/centresmolina.com\/centreensenyament\/files\/2019\/04\/Projecte-BCN-7-239x300.jpg 239w, https:\/\/centresmolina.com\/centreensenyament\/files\/2019\/04\/Projecte-BCN-7.jpg 612w\" sizes=\"auto, (max-width: 239px) 100vw, 239px\" \/><\/a>\n\t\t\t<\/dt><\/dl><br style=\"clear: both\" \/>\n\t\t<\/div>\n\n<p>En las \u00faltimas semanas, nuestros alumnos han continuado trabajando los contenidos del Proyecto Barcelona para conocer de forma transversal las posibilidades que ofrece nuestra gran ciudad. Por ello, han visitado algunas de las universidades que hay en nuestra ciudad de Barcelona, ya que queremos que conozcan mejor nuestro sistema educativo superior y las opciones disponibles para convertirse en profesionales del \u00e1mbito deseado.<\/p>\n\n\t\t<style type=\"text\/css\">\n\t\t\t#gallery-2 {\n\t\t\t\tmargin: auto;\n\t\t\t}\n\t\t\t#gallery-2 .gallery-item {\n\t\t\t\tfloat: left;\n\t\t\t\tmargin-top: 10px;\n\t\t\t\ttext-align: center;\n\t\t\t\twidth: 100%;\n\t\t\t}\n\t\t\t#gallery-2 img {\n\t\t\t\tborder: 2px solid #cfcfcf;\n\t\t\t}\n\t\t\t#gallery-2 .gallery-caption {\n\t\t\t\tmargin-left: 0;\n\t\t\t}\n\t\t\t\/* see gallery_shortcode() in wp-includes\/media.php *\/\n\t\t<\/style>\n\t\t<div id='gallery-2' class='gallery galleryid-10174 gallery-columns-1 gallery-size-medium'><dl class='gallery-item'>\n\t\t\t<dt class='gallery-icon landscape'>\n\t\t\t\t<a href='https:\/\/centresmolina.com\/centreensenyament\/files\/2019\/04\/Projecte-BCN-6.jpg'><img loading=\"lazy\" decoding=\"async\" width=\"300\" height=\"171\" src=\"https:\/\/centresmolina.com\/centreensenyament\/files\/2019\/04\/Projecte-BCN-6-300x171.jpg\" class=\"attachment-medium size-medium\" alt=\"\" srcset=\"https:\/\/centresmolina.com\/centreensenyament\/files\/2019\/04\/Projecte-BCN-6-300x171.jpg 300w, https:\/\/centresmolina.com\/centreensenyament\/files\/2019\/04\/Projecte-BCN-6-768x438.jpg 768w, https:\/\/centresmolina.com\/centreensenyament\/files\/2019\/04\/Projecte-BCN-6.jpg 1024w\" sizes=\"auto, (max-width: 300px) 100vw, 300px\" \/><\/a>\n\t\t\t<\/dt><\/dl><br style=\"clear: both\" \/>\n\t\t<\/div>\n\n<p>Durante la primera excursi\u00f3n, los alumnos de 4.\u00ba visitaron la Zona Universitaria y las universidades UPC y UB. All\u00ed, pudieron visitar una parte de las instalaciones, tuvieron un primer contacto con el personal de las universidades, as\u00ed como con los alumnos que estudian. Adem\u00e1s, hicieron entrevistas en ingl\u00e9s para conocer de primera mano aspectos como pueden ser las becas, las residencias universitarias, el programa Erasmus o la carga lectiva de las carreras, entre otros.<\/p>\n\n\t\t<style type=\"text\/css\">\n\t\t\t#gallery-3 {\n\t\t\t\tmargin: auto;\n\t\t\t}\n\t\t\t#gallery-3 .gallery-item {\n\t\t\t\tfloat: left;\n\t\t\t\tmargin-top: 10px;\n\t\t\t\ttext-align: center;\n\t\t\t\twidth: 50%;\n\t\t\t}\n\t\t\t#gallery-3 img {\n\t\t\t\tborder: 2px solid #cfcfcf;\n\t\t\t}\n\t\t\t#gallery-3 .gallery-caption {\n\t\t\t\tmargin-left: 0;\n\t\t\t}\n\t\t\t\/* see gallery_shortcode() in wp-includes\/media.php *\/\n\t\t<\/style>\n\t\t<div id='gallery-3' class='gallery galleryid-10174 gallery-columns-2 gallery-size-medium'><dl class='gallery-item'>\n\t\t\t<dt class='gallery-icon landscape'>\n\t\t\t\t<a href='https:\/\/centresmolina.com\/centreensenyament\/files\/2019\/04\/Projecte-BCN-2.jpg'><img loading=\"lazy\" decoding=\"async\" width=\"300\" height=\"168\" src=\"https:\/\/centresmolina.com\/centreensenyament\/files\/2019\/04\/Projecte-BCN-2-300x168.jpg\" class=\"attachment-medium size-medium\" alt=\"\" srcset=\"https:\/\/centresmolina.com\/centreensenyament\/files\/2019\/04\/Projecte-BCN-2-300x168.jpg 300w, https:\/\/centresmolina.com\/centreensenyament\/files\/2019\/04\/Projecte-BCN-2-768x431.jpg 768w, https:\/\/centresmolina.com\/centreensenyament\/files\/2019\/04\/Projecte-BCN-2.jpg 1024w\" sizes=\"auto, (max-width: 300px) 100vw, 300px\" \/><\/a>\n\t\t\t<\/dt><\/dl><dl class='gallery-item'>\n\t\t\t<dt class='gallery-icon landscape'>\n\t\t\t\t<a href='https:\/\/centresmolina.com\/centreensenyament\/files\/2019\/04\/Projecte-BCN-3.jpg'><img loading=\"lazy\" decoding=\"async\" width=\"300\" height=\"168\" src=\"https:\/\/centresmolina.com\/centreensenyament\/files\/2019\/04\/Projecte-BCN-3-300x168.jpg\" class=\"attachment-medium size-medium\" alt=\"\" srcset=\"https:\/\/centresmolina.com\/centreensenyament\/files\/2019\/04\/Projecte-BCN-3-300x168.jpg 300w, https:\/\/centresmolina.com\/centreensenyament\/files\/2019\/04\/Projecte-BCN-3-768x431.jpg 768w, https:\/\/centresmolina.com\/centreensenyament\/files\/2019\/04\/Projecte-BCN-3.jpg 1024w\" sizes=\"auto, (max-width: 300px) 100vw, 300px\" \/><\/a>\n\t\t\t<\/dt><\/dl><br style=\"clear: both\" \/>\n\t\t<\/div>\n\n<p>Durante la segunda salida, los alumnos visitaron el distrito 22@ y explicaron a sus compa\u00f1eros las posibilidades que ofrece este distrito tecnol\u00f3gico de Barcelona, su pasado y los proyectos de futuro. A continuaci\u00f3n, visitaron el campus de la comunicaci\u00f3n de la Universitat Pompeu Fabra donde hicieron entrevistas a los alumnos de la universidad para conocer la visi\u00f3n de estos alumnos del distrito en los pr\u00f3ximos a\u00f1os, la posible evoluci\u00f3n de la educaci\u00f3n en el campus y sus expectativas respecto a estos: Glorias y el campus de la UPF.<\/p>\n\n\t\t<style type=\"text\/css\">\n\t\t\t#gallery-4 {\n\t\t\t\tmargin: auto;\n\t\t\t}\n\t\t\t#gallery-4 .gallery-item {\n\t\t\t\tfloat: left;\n\t\t\t\tmargin-top: 10px;\n\t\t\t\ttext-align: center;\n\t\t\t\twidth: 33%;\n\t\t\t}\n\t\t\t#gallery-4 img {\n\t\t\t\tborder: 2px solid #cfcfcf;\n\t\t\t}\n\t\t\t#gallery-4 .gallery-caption {\n\t\t\t\tmargin-left: 0;\n\t\t\t}\n\t\t\t\/* see gallery_shortcode() in wp-includes\/media.php *\/\n\t\t<\/style>\n\t\t<div id='gallery-4' class='gallery galleryid-10174 gallery-columns-3 gallery-size-medium'><dl class='gallery-item'>\n\t\t\t<dt class='gallery-icon landscape'>\n\t\t\t\t<a href='https:\/\/centresmolina.com\/centreensenyament\/files\/2019\/04\/Projecte-BCN-9.jpg'><img loading=\"lazy\" decoding=\"async\" width=\"300\" height=\"225\" src=\"https:\/\/centresmolina.com\/centreensenyament\/files\/2019\/04\/Projecte-BCN-9-300x225.jpg\" class=\"attachment-medium size-medium\" alt=\"\" srcset=\"https:\/\/centresmolina.com\/centreensenyament\/files\/2019\/04\/Projecte-BCN-9-300x225.jpg 300w, https:\/\/centresmolina.com\/centreensenyament\/files\/2019\/04\/Projecte-BCN-9-768x576.jpg 768w, https:\/\/centresmolina.com\/centreensenyament\/files\/2019\/04\/Projecte-BCN-9.jpg 1024w\" sizes=\"auto, (max-width: 300px) 100vw, 300px\" \/><\/a>\n\t\t\t<\/dt><\/dl><dl class='gallery-item'>\n\t\t\t<dt class='gallery-icon landscape'>\n\t\t\t\t<a href='https:\/\/centresmolina.com\/centreensenyament\/files\/2019\/04\/Projecte-BCN-10.jpg'><img loading=\"lazy\" decoding=\"async\" width=\"300\" height=\"225\" src=\"https:\/\/centresmolina.com\/centreensenyament\/files\/2019\/04\/Projecte-BCN-10-300x225.jpg\" class=\"attachment-medium size-medium\" alt=\"\" srcset=\"https:\/\/centresmolina.com\/centreensenyament\/files\/2019\/04\/Projecte-BCN-10-300x225.jpg 300w, https:\/\/centresmolina.com\/centreensenyament\/files\/2019\/04\/Projecte-BCN-10-768x576.jpg 768w, https:\/\/centresmolina.com\/centreensenyament\/files\/2019\/04\/Projecte-BCN-10.jpg 1024w\" sizes=\"auto, (max-width: 300px) 100vw, 300px\" \/><\/a>\n\t\t\t<\/dt><\/dl><dl class='gallery-item'>\n\t\t\t<dt class='gallery-icon landscape'>\n\t\t\t\t<a href='https:\/\/centresmolina.com\/centreensenyament\/files\/2019\/04\/Projecte-BCN-13.jpg'><img loading=\"lazy\" decoding=\"async\" width=\"300\" height=\"225\" src=\"https:\/\/centresmolina.com\/centreensenyament\/files\/2019\/04\/Projecte-BCN-13-300x225.jpg\" class=\"attachment-medium size-medium\" alt=\"\" srcset=\"https:\/\/centresmolina.com\/centreensenyament\/files\/2019\/04\/Projecte-BCN-13-300x225.jpg 300w, https:\/\/centresmolina.com\/centreensenyament\/files\/2019\/04\/Projecte-BCN-13-768x576.jpg 768w, https:\/\/centresmolina.com\/centreensenyament\/files\/2019\/04\/Projecte-BCN-13.jpg 1024w\" sizes=\"auto, (max-width: 300px) 100vw, 300px\" \/><\/a>\n\t\t\t<\/dt><\/dl><br style=\"clear: both\" \/><dl class='gallery-item'>\n\t\t\t<dt class='gallery-icon landscape'>\n\t\t\t\t<a href='https:\/\/centresmolina.com\/centreensenyament\/files\/2019\/04\/Projecte-BCN-15.jpg'><img loading=\"lazy\" decoding=\"async\" width=\"300\" height=\"225\" src=\"https:\/\/centresmolina.com\/centreensenyament\/files\/2019\/04\/Projecte-BCN-15-300x225.jpg\" class=\"attachment-medium size-medium\" alt=\"\" srcset=\"https:\/\/centresmolina.com\/centreensenyament\/files\/2019\/04\/Projecte-BCN-15-300x225.jpg 300w, https:\/\/centresmolina.com\/centreensenyament\/files\/2019\/04\/Projecte-BCN-15-768x576.jpg 768w, https:\/\/centresmolina.com\/centreensenyament\/files\/2019\/04\/Projecte-BCN-15.jpg 1024w\" sizes=\"auto, (max-width: 300px) 100vw, 300px\" \/><\/a>\n\t\t\t<\/dt><\/dl><dl class='gallery-item'>\n\t\t\t<dt class='gallery-icon landscape'>\n\t\t\t\t<a href='https:\/\/centresmolina.com\/centreensenyament\/files\/2019\/04\/Projecte-BCN-16.jpg'><img loading=\"lazy\" decoding=\"async\" width=\"300\" height=\"225\" src=\"https:\/\/centresmolina.com\/centreensenyament\/files\/2019\/04\/Projecte-BCN-16-300x225.jpg\" class=\"attachment-medium size-medium\" alt=\"\" srcset=\"https:\/\/centresmolina.com\/centreensenyament\/files\/2019\/04\/Projecte-BCN-16-300x225.jpg 300w, https:\/\/centresmolina.com\/centreensenyament\/files\/2019\/04\/Projecte-BCN-16-768x576.jpg 768w, https:\/\/centresmolina.com\/centreensenyament\/files\/2019\/04\/Projecte-BCN-16.jpg 1024w\" sizes=\"auto, (max-width: 300px) 100vw, 300px\" \/><\/a>\n\t\t\t<\/dt><\/dl><dl class='gallery-item'>\n\t\t\t<dt class='gallery-icon landscape'>\n\t\t\t\t<a href='https:\/\/centresmolina.com\/centreensenyament\/files\/2019\/04\/Projecte-BCN-20.jpg'><img loading=\"lazy\" decoding=\"async\" width=\"300\" height=\"225\" src=\"https:\/\/centresmolina.com\/centreensenyament\/files\/2019\/04\/Projecte-BCN-20-300x225.jpg\" class=\"attachment-medium size-medium\" alt=\"\" srcset=\"https:\/\/centresmolina.com\/centreensenyament\/files\/2019\/04\/Projecte-BCN-20-300x225.jpg 300w, https:\/\/centresmolina.com\/centreensenyament\/files\/2019\/04\/Projecte-BCN-20-768x576.jpg 768w, https:\/\/centresmolina.com\/centreensenyament\/files\/2019\/04\/Projecte-BCN-20.jpg 1024w\" sizes=\"auto, (max-width: 300px) 100vw, 300px\" \/><\/a>\n\t\t\t<\/dt><\/dl><br style=\"clear: both\" \/>\n\t\t<\/div>\n\n<p>Los alumnos ganaron confianza en ellos mismos y disfrutaron mucho durante la salida.<\/p>\n\n\t\t<style type=\"text\/css\">\n\t\t\t#gallery-5 {\n\t\t\t\tmargin: auto;\n\t\t\t}\n\t\t\t#gallery-5 .gallery-item {\n\t\t\t\tfloat: left;\n\t\t\t\tmargin-top: 10px;\n\t\t\t\ttext-align: center;\n\t\t\t\twidth: 33%;\n\t\t\t}\n\t\t\t#gallery-5 img {\n\t\t\t\tborder: 2px solid #cfcfcf;\n\t\t\t}\n\t\t\t#gallery-5 .gallery-caption {\n\t\t\t\tmargin-left: 0;\n\t\t\t}\n\t\t\t\/* see gallery_shortcode() in wp-includes\/media.php *\/\n\t\t<\/style>\n\t\t<div id='gallery-5' class='gallery galleryid-10174 gallery-columns-3 gallery-size-medium'><dl class='gallery-item'>\n\t\t\t<dt class='gallery-icon portrait'>\n\t\t\t\t<a href='https:\/\/centresmolina.com\/centreensenyament\/files\/2019\/04\/Projecte-BCN-19.jpg'><img loading=\"lazy\" decoding=\"async\" width=\"225\" height=\"300\" src=\"https:\/\/centresmolina.com\/centreensenyament\/files\/2019\/04\/Projecte-BCN-19-225x300.jpg\" class=\"attachment-medium size-medium\" alt=\"\" srcset=\"https:\/\/centresmolina.com\/centreensenyament\/files\/2019\/04\/Projecte-BCN-19-225x300.jpg 225w, https:\/\/centresmolina.com\/centreensenyament\/files\/2019\/04\/Projecte-BCN-19.jpg 576w\" sizes=\"auto, (max-width: 225px) 100vw, 225px\" \/><\/a>\n\t\t\t<\/dt><\/dl><dl class='gallery-item'>\n\t\t\t<dt class='gallery-icon portrait'>\n\t\t\t\t<a href='https:\/\/centresmolina.com\/centreensenyament\/files\/2019\/04\/Projecte-BCN-18.jpg'><img loading=\"lazy\" decoding=\"async\" width=\"225\" height=\"300\" src=\"https:\/\/centresmolina.com\/centreensenyament\/files\/2019\/04\/Projecte-BCN-18-225x300.jpg\" class=\"attachment-medium size-medium\" alt=\"\" srcset=\"https:\/\/centresmolina.com\/centreensenyament\/files\/2019\/04\/Projecte-BCN-18-225x300.jpg 225w, https:\/\/centresmolina.com\/centreensenyament\/files\/2019\/04\/Projecte-BCN-18.jpg 576w\" sizes=\"auto, (max-width: 225px) 100vw, 225px\" \/><\/a>\n\t\t\t<\/dt><\/dl><dl class='gallery-item'>\n\t\t\t<dt class='gallery-icon portrait'>\n\t\t\t\t<a href='https:\/\/centresmolina.com\/centreensenyament\/files\/2019\/04\/Projecte-BCN-17.jpg'><img loading=\"lazy\" decoding=\"async\" width=\"225\" height=\"300\" src=\"https:\/\/centresmolina.com\/centreensenyament\/files\/2019\/04\/Projecte-BCN-17-225x300.jpg\" class=\"attachment-medium size-medium\" alt=\"\" srcset=\"https:\/\/centresmolina.com\/centreensenyament\/files\/2019\/04\/Projecte-BCN-17-225x300.jpg 225w, https:\/\/centresmolina.com\/centreensenyament\/files\/2019\/04\/Projecte-BCN-17.jpg 576w\" sizes=\"auto, (max-width: 225px) 100vw, 225px\" \/><\/a>\n\t\t\t<\/dt><\/dl><br style=\"clear: both\" \/>\n\t\t<\/div>\n\n","protected":false},"excerpt":{"rendered":"<p>\u00bfUniversitat de Barcelona? \u00bfUniversitat Pompeu Fabra? \u00bfUniversitat Aut\u00f2noma de Barcelona? \u00bfUniversitat Polit\u00e8cnica de Catalunya? \u00bfOtra universidad? \u00bfD\u00f3nde querr\u00edas estudiar si&#8230;<\/p>\n","protected":false},"author":3,"featured_media":10152,"comment_status":"closed","ping_status":"closed","sticky":false,"template":"","format":"standard","meta":{"footnotes":""},"categories":[15,15],"tags":[2716,197,197,2679,2427,2428,61,2715],"class_list":{"0":"post-10174","1":"post","2":"type-post","3":"status-publish","4":"format-standard","5":"has-post-thumbnail","6":"hentry","7":"category-noticias-2","9":"tag-2716","10":"tag-barcelona-es","12":"tag-catalan","13":"tag-colegio-molina","14":"tag-ingles","15":"tag-molina-es","16":"tag-motivacion"},"yoast_head":"<!-- This site is optimized with the Yoast SEO plugin v27.2 - https:\/\/yoast.com\/product\/yoast-seo-wordpress\/ -->\n<title>Proyecto Barcelona II - Centros de ense\u00f1anza<\/title>\n<meta name=\"robots\" content=\"index, follow, max-snippet:-1, max-image-preview:large, max-video-preview:-1\" \/>\n<link rel=\"canonical\" href=\"https:\/\/centresmolina.com\/centreensenyament\/es\/2019\/04\/01\/proyecto-barcelona-ii\/\" \/>\n<meta property=\"og:locale\" content=\"es_ES\" \/>\n<meta property=\"og:type\" content=\"article\" \/>\n<meta property=\"og:title\" content=\"Proyecto Barcelona II - Centros de ense\u00f1anza\" \/>\n<meta property=\"og:description\" content=\"\u00bfUniversitat de Barcelona? \u00bfUniversitat Pompeu Fabra? \u00bfUniversitat Aut\u00f2noma de Barcelona? \u00bfUniversitat Polit\u00e8cnica de Catalunya? \u00bfOtra universidad? \u00bfD\u00f3nde querr\u00edas estudiar si...\" \/>\n<meta property=\"og:url\" content=\"https:\/\/centresmolina.com\/centreensenyament\/es\/2019\/04\/01\/proyecto-barcelona-ii\/\" \/>\n<meta property=\"og:site_name\" content=\"Centros de ense\u00f1anza\" \/>\n<meta property=\"article:published_time\" content=\"2019-04-01T09:01:12+00:00\" \/>\n<meta property=\"article:modified_time\" content=\"2019-04-01T09:02:46+00:00\" \/>\n<meta property=\"og:image\" content=\"https:\/\/centresmolina.com\/centreensenyament\/files\/2019\/04\/Projecte-BCN-3.jpg\" \/>\n\t<meta property=\"og:image:width\" content=\"1024\" \/>\n\t<meta property=\"og:image:height\" content=\"575\" \/>\n\t<meta property=\"og:image:type\" content=\"image\/jpeg\" \/>\n<meta name=\"author\" content=\"webmolina\" \/>\n<meta name=\"twitter:label1\" content=\"Escrito por\" \/>\n\t<meta name=\"twitter:data1\" content=\"webmolina\" \/>\n\t<meta name=\"twitter:label2\" content=\"Tiempo de lectura\" \/>\n\t<meta name=\"twitter:data2\" content=\"2 minutos\" \/>\n<script type=\"application\/ld+json\" class=\"yoast-schema-graph\">{\"@context\":\"https:\/\/schema.org\",\"@graph\":[{\"@type\":\"Article\",\"@id\":\"https:\/\/centresmolina.com\/centreensenyament\/es\/2019\/04\/01\/proyecto-barcelona-ii\/#article\",\"isPartOf\":{\"@id\":\"https:\/\/centresmolina.com\/centreensenyament\/es\/2019\/04\/01\/proyecto-barcelona-ii\/\"},\"author\":{\"name\":\"webmolina\",\"@id\":\"https:\/\/centresmolina.com\/centreensenyament\/#\/schema\/person\/308d85d274adff04b5c51d47e8aff6cc\"},\"headline\":\"Proyecto Barcelona II\",\"datePublished\":\"2019-04-01T09:01:12+00:00\",\"dateModified\":\"2019-04-01T09:02:46+00:00\",\"mainEntityOfPage\":{\"@id\":\"https:\/\/centresmolina.com\/centreensenyament\/es\/2019\/04\/01\/proyecto-barcelona-ii\/\"},\"wordCount\":321,\"image\":{\"@id\":\"https:\/\/centresmolina.com\/centreensenyament\/es\/2019\/04\/01\/proyecto-barcelona-ii\/#primaryimage\"},\"thumbnailUrl\":\"https:\/\/centresmolina.com\/centreensenyament\/files\/2019\/04\/Projecte-BCN-3.jpg\",\"keywords\":[\"22@\",\"Barcelona\",\"Barcelona\",\"catal\u00e1n\",\"Colegio Molina\",\"Ingl\u00e9s\",\"Molina @es\",\"motivaci\u00f3n\"],\"articleSection\":[\"Noticias\",\"Noticias\"],\"inLanguage\":\"es\"},{\"@type\":\"WebPage\",\"@id\":\"https:\/\/centresmolina.com\/centreensenyament\/es\/2019\/04\/01\/proyecto-barcelona-ii\/\",\"url\":\"https:\/\/centresmolina.com\/centreensenyament\/es\/2019\/04\/01\/proyecto-barcelona-ii\/\",\"name\":\"Proyecto Barcelona II - Centros de ense\u00f1anza\",\"isPartOf\":{\"@id\":\"https:\/\/centresmolina.com\/centreensenyament\/#website\"},\"primaryImageOfPage\":{\"@id\":\"https:\/\/centresmolina.com\/centreensenyament\/es\/2019\/04\/01\/proyecto-barcelona-ii\/#primaryimage\"},\"image\":{\"@id\":\"https:\/\/centresmolina.com\/centreensenyament\/es\/2019\/04\/01\/proyecto-barcelona-ii\/#primaryimage\"},\"thumbnailUrl\":\"https:\/\/centresmolina.com\/centreensenyament\/files\/2019\/04\/Projecte-BCN-3.jpg\",\"datePublished\":\"2019-04-01T09:01:12+00:00\",\"dateModified\":\"2019-04-01T09:02:46+00:00\",\"author\":{\"@id\":\"https:\/\/centresmolina.com\/centreensenyament\/#\/schema\/person\/308d85d274adff04b5c51d47e8aff6cc\"},\"breadcrumb\":{\"@id\":\"https:\/\/centresmolina.com\/centreensenyament\/es\/2019\/04\/01\/proyecto-barcelona-ii\/#breadcrumb\"},\"inLanguage\":\"es\",\"potentialAction\":[{\"@type\":\"ReadAction\",\"target\":[\"https:\/\/centresmolina.com\/centreensenyament\/es\/2019\/04\/01\/proyecto-barcelona-ii\/\"]}]},{\"@type\":\"ImageObject\",\"inLanguage\":\"es\",\"@id\":\"https:\/\/centresmolina.com\/centreensenyament\/es\/2019\/04\/01\/proyecto-barcelona-ii\/#primaryimage\",\"url\":\"https:\/\/centresmolina.com\/centreensenyament\/files\/2019\/04\/Projecte-BCN-3.jpg\",\"contentUrl\":\"https:\/\/centresmolina.com\/centreensenyament\/files\/2019\/04\/Projecte-BCN-3.jpg\",\"width\":1024,\"height\":575},{\"@type\":\"BreadcrumbList\",\"@id\":\"https:\/\/centresmolina.com\/centreensenyament\/es\/2019\/04\/01\/proyecto-barcelona-ii\/#breadcrumb\",\"itemListElement\":[{\"@type\":\"ListItem\",\"position\":1,\"name\":\"Portada\",\"item\":\"https:\/\/centresmolina.com\/centreensenyament\/es\/\"},{\"@type\":\"ListItem\",\"position\":2,\"name\":\"Proyecto Barcelona II\"}]},{\"@type\":\"WebSite\",\"@id\":\"https:\/\/centresmolina.com\/centreensenyament\/#website\",\"url\":\"https:\/\/centresmolina.com\/centreensenyament\/\",\"name\":\"Centros de ense\u00f1anza\",\"description\":\"Centres Molina - Centros de ense\u00f1anza\",\"potentialAction\":[{\"@type\":\"SearchAction\",\"target\":{\"@type\":\"EntryPoint\",\"urlTemplate\":\"https:\/\/centresmolina.com\/centreensenyament\/?s={search_term_string}\"},\"query-input\":{\"@type\":\"PropertyValueSpecification\",\"valueRequired\":true,\"valueName\":\"search_term_string\"}}],\"inLanguage\":\"es\"},{\"@type\":\"Person\",\"@id\":\"https:\/\/centresmolina.com\/centreensenyament\/#\/schema\/person\/308d85d274adff04b5c51d47e8aff6cc\",\"name\":\"webmolina\",\"image\":{\"@type\":\"ImageObject\",\"inLanguage\":\"es\",\"@id\":\"https:\/\/secure.gravatar.com\/avatar\/38db407e1ab9b284bf45e3bff4ec5cf1e034e364f09b2ee054619614662a717b?s=96&d=mm&r=g\",\"url\":\"https:\/\/secure.gravatar.com\/avatar\/38db407e1ab9b284bf45e3bff4ec5cf1e034e364f09b2ee054619614662a717b?s=96&d=mm&r=g\",\"contentUrl\":\"https:\/\/secure.gravatar.com\/avatar\/38db407e1ab9b284bf45e3bff4ec5cf1e034e364f09b2ee054619614662a717b?s=96&d=mm&r=g\",\"caption\":\"webmolina\"},\"url\":\"https:\/\/centresmolina.com\/centreensenyament\/es\/author\/webmolina\/\"}]}<\/script>\n<!-- \/ Yoast SEO plugin. -->","yoast_head_json":{"title":"Proyecto Barcelona II - Centros de ense\u00f1anza","robots":{"index":"index","follow":"follow","max-snippet":"max-snippet:-1","max-image-preview":"max-image-preview:large","max-video-preview":"max-video-preview:-1"},"canonical":"https:\/\/centresmolina.com\/centreensenyament\/es\/2019\/04\/01\/proyecto-barcelona-ii\/","og_locale":"es_ES","og_type":"article","og_title":"Proyecto Barcelona II - Centros de ense\u00f1anza","og_description":"\u00bfUniversitat de Barcelona? \u00bfUniversitat Pompeu Fabra? \u00bfUniversitat Aut\u00f2noma de Barcelona? \u00bfUniversitat Polit\u00e8cnica de Catalunya? \u00bfOtra universidad? \u00bfD\u00f3nde querr\u00edas estudiar si...","og_url":"https:\/\/centresmolina.com\/centreensenyament\/es\/2019\/04\/01\/proyecto-barcelona-ii\/","og_site_name":"Centros de ense\u00f1anza","article_published_time":"2019-04-01T09:01:12+00:00","article_modified_time":"2019-04-01T09:02:46+00:00","og_image":[{"width":1024,"height":575,"url":"https:\/\/centresmolina.com\/centreensenyament\/files\/2019\/04\/Projecte-BCN-3.jpg","type":"image\/jpeg"}],"author":"webmolina","twitter_misc":{"Escrito por":"webmolina","Tiempo de lectura":"2 minutos"},"schema":{"@context":"https:\/\/schema.org","@graph":[{"@type":"Article","@id":"https:\/\/centresmolina.com\/centreensenyament\/es\/2019\/04\/01\/proyecto-barcelona-ii\/#article","isPartOf":{"@id":"https:\/\/centresmolina.com\/centreensenyament\/es\/2019\/04\/01\/proyecto-barcelona-ii\/"},"author":{"name":"webmolina","@id":"https:\/\/centresmolina.com\/centreensenyament\/#\/schema\/person\/308d85d274adff04b5c51d47e8aff6cc"},"headline":"Proyecto Barcelona II","datePublished":"2019-04-01T09:01:12+00:00","dateModified":"2019-04-01T09:02:46+00:00","mainEntityOfPage":{"@id":"https:\/\/centresmolina.com\/centreensenyament\/es\/2019\/04\/01\/proyecto-barcelona-ii\/"},"wordCount":321,"image":{"@id":"https:\/\/centresmolina.com\/centreensenyament\/es\/2019\/04\/01\/proyecto-barcelona-ii\/#primaryimage"},"thumbnailUrl":"https:\/\/centresmolina.com\/centreensenyament\/files\/2019\/04\/Projecte-BCN-3.jpg","keywords":["22@","Barcelona","Barcelona","catal\u00e1n","Colegio Molina","Ingl\u00e9s","Molina @es","motivaci\u00f3n"],"articleSection":["Noticias","Noticias"],"inLanguage":"es"},{"@type":"WebPage","@id":"https:\/\/centresmolina.com\/centreensenyament\/es\/2019\/04\/01\/proyecto-barcelona-ii\/","url":"https:\/\/centresmolina.com\/centreensenyament\/es\/2019\/04\/01\/proyecto-barcelona-ii\/","name":"Proyecto Barcelona II - Centros de ense\u00f1anza","isPartOf":{"@id":"https:\/\/centresmolina.com\/centreensenyament\/#website"},"primaryImageOfPage":{"@id":"https:\/\/centresmolina.com\/centreensenyament\/es\/2019\/04\/01\/proyecto-barcelona-ii\/#primaryimage"},"image":{"@id":"https:\/\/centresmolina.com\/centreensenyament\/es\/2019\/04\/01\/proyecto-barcelona-ii\/#primaryimage"},"thumbnailUrl":"https:\/\/centresmolina.com\/centreensenyament\/files\/2019\/04\/Projecte-BCN-3.jpg","datePublished":"2019-04-01T09:01:12+00:00","dateModified":"2019-04-01T09:02:46+00:00","author":{"@id":"https:\/\/centresmolina.com\/centreensenyament\/#\/schema\/person\/308d85d274adff04b5c51d47e8aff6cc"},"breadcrumb":{"@id":"https:\/\/centresmolina.com\/centreensenyament\/es\/2019\/04\/01\/proyecto-barcelona-ii\/#breadcrumb"},"inLanguage":"es","potentialAction":[{"@type":"ReadAction","target":["https:\/\/centresmolina.com\/centreensenyament\/es\/2019\/04\/01\/proyecto-barcelona-ii\/"]}]},{"@type":"ImageObject","inLanguage":"es","@id":"https:\/\/centresmolina.com\/centreensenyament\/es\/2019\/04\/01\/proyecto-barcelona-ii\/#primaryimage","url":"https:\/\/centresmolina.com\/centreensenyament\/files\/2019\/04\/Projecte-BCN-3.jpg","contentUrl":"https:\/\/centresmolina.com\/centreensenyament\/files\/2019\/04\/Projecte-BCN-3.jpg","width":1024,"height":575},{"@type":"BreadcrumbList","@id":"https:\/\/centresmolina.com\/centreensenyament\/es\/2019\/04\/01\/proyecto-barcelona-ii\/#breadcrumb","itemListElement":[{"@type":"ListItem","position":1,"name":"Portada","item":"https:\/\/centresmolina.com\/centreensenyament\/es\/"},{"@type":"ListItem","position":2,"name":"Proyecto Barcelona II"}]},{"@type":"WebSite","@id":"https:\/\/centresmolina.com\/centreensenyament\/#website","url":"https:\/\/centresmolina.com\/centreensenyament\/","name":"Centros de ense\u00f1anza","description":"Centres Molina - Centros de ense\u00f1anza","potentialAction":[{"@type":"SearchAction","target":{"@type":"EntryPoint","urlTemplate":"https:\/\/centresmolina.com\/centreensenyament\/?s={search_term_string}"},"query-input":{"@type":"PropertyValueSpecification","valueRequired":true,"valueName":"search_term_string"}}],"inLanguage":"es"},{"@type":"Person","@id":"https:\/\/centresmolina.com\/centreensenyament\/#\/schema\/person\/308d85d274adff04b5c51d47e8aff6cc","name":"webmolina","image":{"@type":"ImageObject","inLanguage":"es","@id":"https:\/\/secure.gravatar.com\/avatar\/38db407e1ab9b284bf45e3bff4ec5cf1e034e364f09b2ee054619614662a717b?s=96&d=mm&r=g","url":"https:\/\/secure.gravatar.com\/avatar\/38db407e1ab9b284bf45e3bff4ec5cf1e034e364f09b2ee054619614662a717b?s=96&d=mm&r=g","contentUrl":"https:\/\/secure.gravatar.com\/avatar\/38db407e1ab9b284bf45e3bff4ec5cf1e034e364f09b2ee054619614662a717b?s=96&d=mm&r=g","caption":"webmolina"},"url":"https:\/\/centresmolina.com\/centreensenyament\/es\/author\/webmolina\/"}]}},"_links":{"self":[{"href":"https:\/\/centresmolina.com\/centreensenyament\/es\/wp-json\/wp\/v2\/posts\/10174\/"}],"collection":[{"href":"https:\/\/centresmolina.com\/centreensenyament\/es\/wp-json\/wp\/v2\/posts\/"}],"about":[{"href":"https:\/\/centresmolina.com\/centreensenyament\/es\/wp-json\/wp\/v2\/types\/post\/"}],"author":[{"embeddable":true,"href":"https:\/\/centresmolina.com\/centreensenyament\/es\/wp-json\/wp\/v2\/users\/3\/"}],"replies":[{"embeddable":true,"href":"https:\/\/centresmolina.com\/centreensenyament\/es\/wp-json\/wp\/v2\/comments\/?post=10174"}],"version-history":[{"count":1,"href":"https:\/\/centresmolina.com\/centreensenyament\/es\/wp-json\/wp\/v2\/posts\/10174\/revisions\/"}],"predecessor-version":[{"id":10175,"href":"https:\/\/centresmolina.com\/centreensenyament\/es\/wp-json\/wp\/v2\/posts\/10174\/revisions\/10175\/"}],"wp:featuredmedia":[{"embeddable":true,"href":"https:\/\/centresmolina.com\/centreensenyament\/es\/wp-json\/wp\/v2\/media\/10152\/"}],"wp:attachment":[{"href":"https:\/\/centresmolina.com\/centreensenyament\/es\/wp-json\/wp\/v2\/media\/?parent=10174"}],"wp:term":[{"taxonomy":"category","embeddable":true,"href":"https:\/\/centresmolina.com\/centreensenyament\/es\/wp-json\/wp\/v2\/categories\/?post=10174"},{"taxonomy":"post_tag","embeddable":true,"href":"https:\/\/centresmolina.com\/centreensenyament\/es\/wp-json\/wp\/v2\/tags\/?post=10174"}],"curies":[{"name":"wp","href":"https:\/\/api.w.org\/{rel}","templated":true}]}}