{"id":10268,"date":"2019-04-03T08:42:38","date_gmt":"2019-04-03T08:42:38","guid":{"rendered":"http:\/\/centresmolina.com\/centreensenyament\/?p=10268"},"modified":"2019-04-08T08:54:46","modified_gmt":"2019-04-08T08:54:46","slug":"nos-visita-ana-alcolea","status":"publish","type":"post","link":"https:\/\/centresmolina.com\/centreensenyament\/es\/2019\/04\/03\/nos-visita-ana-alcolea\/","title":{"rendered":"Nos visita Ana Alcolea"},"content":{"rendered":"<p>\u00bfEn qu\u00e9 idioma le\u00e9is normalmente? \u00bfLo hac\u00e9is en catal\u00e1n o en castellano porque son vuestras lenguas maternas? \u00bfLe\u00e9is libros en ingl\u00e9s o en otra lengua extranjera? Seguramente le\u00e9is textos en muchos idiomas o los sent\u00eds cada d\u00eda cuando escuch\u00e1is la radio o cog\u00e9is el transporte metropolitano en nuestra ciudad.<\/p>\n\n\t\t<style type=\"text\/css\">\n\t\t\t#gallery-1 {\n\t\t\t\tmargin: auto;\n\t\t\t}\n\t\t\t#gallery-1 .gallery-item {\n\t\t\t\tfloat: left;\n\t\t\t\tmargin-top: 10px;\n\t\t\t\ttext-align: center;\n\t\t\t\twidth: 50%;\n\t\t\t}\n\t\t\t#gallery-1 img {\n\t\t\t\tborder: 2px solid #cfcfcf;\n\t\t\t}\n\t\t\t#gallery-1 .gallery-caption {\n\t\t\t\tmargin-left: 0;\n\t\t\t}\n\t\t\t\/* see gallery_shortcode() in wp-includes\/media.php *\/\n\t\t<\/style>\n\t\t<div id='gallery-1' class='gallery galleryid-10268 gallery-columns-2 gallery-size-medium'><dl class='gallery-item'>\n\t\t\t<dt class='gallery-icon portrait'>\n\t\t\t\t<a href='https:\/\/centresmolina.com\/centreensenyament\/files\/2019\/04\/El-secreto-de-la-esfinge-4.jpg'><img loading=\"lazy\" decoding=\"async\" width=\"225\" height=\"300\" src=\"https:\/\/centresmolina.com\/centreensenyament\/files\/2019\/04\/El-secreto-de-la-esfinge-4-225x300.jpg\" class=\"attachment-medium size-medium\" alt=\"\" srcset=\"https:\/\/centresmolina.com\/centreensenyament\/files\/2019\/04\/El-secreto-de-la-esfinge-4-225x300.jpg 225w, https:\/\/centresmolina.com\/centreensenyament\/files\/2019\/04\/El-secreto-de-la-esfinge-4.jpg 576w\" sizes=\"auto, (max-width: 225px) 100vw, 225px\" \/><\/a>\n\t\t\t<\/dt><\/dl><dl class='gallery-item'>\n\t\t\t<dt class='gallery-icon portrait'>\n\t\t\t\t<a href='https:\/\/centresmolina.com\/centreensenyament\/files\/2019\/04\/El-secreto-de-la-esfinge-7-e1554712696953.jpg'><img loading=\"lazy\" decoding=\"async\" width=\"225\" height=\"300\" src=\"https:\/\/centresmolina.com\/centreensenyament\/files\/2019\/04\/El-secreto-de-la-esfinge-7-e1554712696953-225x300.jpg\" class=\"attachment-medium size-medium\" alt=\"\" srcset=\"https:\/\/centresmolina.com\/centreensenyament\/files\/2019\/04\/El-secreto-de-la-esfinge-7-e1554712696953-225x300.jpg 225w, https:\/\/centresmolina.com\/centreensenyament\/files\/2019\/04\/El-secreto-de-la-esfinge-7-e1554712696953.jpg 768w\" sizes=\"auto, (max-width: 225px) 100vw, 225px\" \/><\/a>\n\t\t\t<\/dt><\/dl><br style=\"clear: both\" \/>\n\t\t<\/div>\n\n<p>De la misma forma que hicimos en lengua catalana con la visita de la autora <a href=\"http:\/\/centresmolina.com\/centreensenyament\/2019\/04\/04\/ens-visita-gemma-pasqual-i-escriva\/\">Gemma Pasqual<\/a>, hemos tenido de asistir a la conferencia de la gran <a href=\"https:\/\/www.anayainfantilyjuvenil.com\/ficha_autor.php?id=100002905\">Ana Alcolea<\/a> en nuestra escuela. Esta escritora y fil\u00f3loga zaragozana ha escrito obras para adultos y adolescentes y ha ganado diferentes primeros por su trabajo, como es el VIII Premio Anaya de Literatura Infantil y Juvenil.<\/p>\n\n\t\t<style type=\"text\/css\">\n\t\t\t#gallery-2 {\n\t\t\t\tmargin: auto;\n\t\t\t}\n\t\t\t#gallery-2 .gallery-item {\n\t\t\t\tfloat: left;\n\t\t\t\tmargin-top: 10px;\n\t\t\t\ttext-align: center;\n\t\t\t\twidth: 100%;\n\t\t\t}\n\t\t\t#gallery-2 img {\n\t\t\t\tborder: 2px solid #cfcfcf;\n\t\t\t}\n\t\t\t#gallery-2 .gallery-caption {\n\t\t\t\tmargin-left: 0;\n\t\t\t}\n\t\t\t\/* see gallery_shortcode() in wp-includes\/media.php *\/\n\t\t<\/style>\n\t\t<div id='gallery-2' class='gallery galleryid-10268 gallery-columns-1 gallery-size-medium'><dl class='gallery-item'>\n\t\t\t<dt class='gallery-icon landscape'>\n\t\t\t\t<a href='https:\/\/centresmolina.com\/centreensenyament\/files\/2019\/04\/El-secreto-de-la-esfinge-9.jpg'><img loading=\"lazy\" decoding=\"async\" width=\"300\" height=\"233\" src=\"https:\/\/centresmolina.com\/centreensenyament\/files\/2019\/04\/El-secreto-de-la-esfinge-9-300x233.jpg\" class=\"attachment-medium size-medium\" alt=\"\" srcset=\"https:\/\/centresmolina.com\/centreensenyament\/files\/2019\/04\/El-secreto-de-la-esfinge-9-300x233.jpg 300w, https:\/\/centresmolina.com\/centreensenyament\/files\/2019\/04\/El-secreto-de-la-esfinge-9-768x596.jpg 768w, https:\/\/centresmolina.com\/centreensenyament\/files\/2019\/04\/El-secreto-de-la-esfinge-9.jpg 1024w\" sizes=\"auto, (max-width: 300px) 100vw, 300px\" \/><\/a>\n\t\t\t<\/dt><\/dl><br style=\"clear: both\" \/>\n\t\t<\/div>\n\n<p>En esta ocasi\u00f3n, la autora nos ha hablado de su obra <a href=\"https:\/\/www.anayainfantilyjuvenil.com\/libro.php?codigo_comercial=1525200\"><em>El secreto de la esfinge<\/em><\/a>, de la editorial Anaya, y de la cultura egipcia para entender mejor el contenido de su obra.<\/p>\n\n\t\t<style type=\"text\/css\">\n\t\t\t#gallery-3 {\n\t\t\t\tmargin: auto;\n\t\t\t}\n\t\t\t#gallery-3 .gallery-item {\n\t\t\t\tfloat: left;\n\t\t\t\tmargin-top: 10px;\n\t\t\t\ttext-align: center;\n\t\t\t\twidth: 100%;\n\t\t\t}\n\t\t\t#gallery-3 img {\n\t\t\t\tborder: 2px solid #cfcfcf;\n\t\t\t}\n\t\t\t#gallery-3 .gallery-caption {\n\t\t\t\tmargin-left: 0;\n\t\t\t}\n\t\t\t\/* see gallery_shortcode() in wp-includes\/media.php *\/\n\t\t<\/style>\n\t\t<div id='gallery-3' class='gallery galleryid-10268 gallery-columns-1 gallery-size-medium'><dl class='gallery-item'>\n\t\t\t<dt class='gallery-icon portrait'>\n\t\t\t\t<a href='https:\/\/centresmolina.com\/centreensenyament\/files\/2019\/04\/El-secreto-de-la-esfinge-2-e1554712711325.jpg'><img loading=\"lazy\" decoding=\"async\" width=\"225\" height=\"300\" src=\"https:\/\/centresmolina.com\/centreensenyament\/files\/2019\/04\/El-secreto-de-la-esfinge-2-e1554712711325-225x300.jpg\" class=\"attachment-medium size-medium\" alt=\"\" srcset=\"https:\/\/centresmolina.com\/centreensenyament\/files\/2019\/04\/El-secreto-de-la-esfinge-2-e1554712711325-225x300.jpg 225w, https:\/\/centresmolina.com\/centreensenyament\/files\/2019\/04\/El-secreto-de-la-esfinge-2-e1554712711325.jpg 768w\" sizes=\"auto, (max-width: 225px) 100vw, 225px\" \/><\/a>\n\t\t\t<\/dt><\/dl><br style=\"clear: both\" \/>\n\t\t<\/div>\n\n<p>Nuestros alumnos de tercero de ESO disfrutaron durante la conferencia y pudieron hablar con la autora de esta aventura. Por este motivo, queremos agradecer la visita de esta gran escritora en nuestra escuela.<\/p>\n","protected":false},"excerpt":{"rendered":"<p>\u00bfEn qu\u00e9 idioma le\u00e9is normalmente? \u00bfLo hac\u00e9is en catal\u00e1n o en castellano porque son vuestras lenguas maternas? \u00bfLe\u00e9is libros en&#8230;<\/p>\n","protected":false},"author":3,"featured_media":10263,"comment_status":"closed","ping_status":"closed","sticky":false,"template":"","format":"standard","meta":{"footnotes":""},"categories":[15],"tags":[229,111,2728,197,2427,2537,2723,2722,2719],"class_list":["post-10268","post","type-post","status-publish","format-standard","has-post-thumbnail","hentry","category-noticias-2","tag-3o-eso","tag-3r-eso-es","tag-ana-alcolea","tag-barcelona-es","tag-colegio-molina","tag-escriptura","tag-escritura","tag-imaginacion","tag-lectura"],"yoast_head":"<!-- This site is optimized with the Yoast SEO plugin v27.2 - https:\/\/yoast.com\/product\/yoast-seo-wordpress\/ -->\n<title>Nos visita Ana Alcolea - Centros de ense\u00f1anza<\/title>\n<meta name=\"robots\" content=\"index, follow, max-snippet:-1, max-image-preview:large, max-video-preview:-1\" \/>\n<link rel=\"canonical\" href=\"https:\/\/centresmolina.com\/centreensenyament\/es\/2019\/04\/03\/nos-visita-ana-alcolea\/\" \/>\n<meta property=\"og:locale\" content=\"es_ES\" \/>\n<meta property=\"og:type\" content=\"article\" \/>\n<meta property=\"og:title\" content=\"Nos visita Ana Alcolea - Centros de ense\u00f1anza\" \/>\n<meta property=\"og:description\" content=\"\u00bfEn qu\u00e9 idioma le\u00e9is normalmente? \u00bfLo hac\u00e9is en catal\u00e1n o en castellano porque son vuestras lenguas maternas? \u00bfLe\u00e9is libros en...\" \/>\n<meta property=\"og:url\" content=\"https:\/\/centresmolina.com\/centreensenyament\/es\/2019\/04\/03\/nos-visita-ana-alcolea\/\" \/>\n<meta property=\"og:site_name\" content=\"Centros de ense\u00f1anza\" \/>\n<meta property=\"article:published_time\" content=\"2019-04-03T08:42:38+00:00\" \/>\n<meta property=\"article:modified_time\" content=\"2019-04-08T08:54:46+00:00\" \/>\n<meta property=\"og:image\" content=\"https:\/\/centresmolina.com\/centreensenyament\/files\/2019\/04\/El-secreto-de-la-esfinge-8.jpg\" \/>\n\t<meta property=\"og:image:width\" content=\"1024\" \/>\n\t<meta property=\"og:image:height\" content=\"768\" \/>\n\t<meta property=\"og:image:type\" content=\"image\/jpeg\" \/>\n<meta name=\"author\" content=\"webmolina\" \/>\n<meta name=\"twitter:label1\" content=\"Escrito por\" \/>\n\t<meta name=\"twitter:data1\" content=\"webmolina\" \/>\n\t<meta name=\"twitter:label2\" content=\"Tiempo de lectura\" \/>\n\t<meta name=\"twitter:data2\" content=\"1 minuto\" \/>\n<script type=\"application\/ld+json\" class=\"yoast-schema-graph\">{\"@context\":\"https:\/\/schema.org\",\"@graph\":[{\"@type\":\"Article\",\"@id\":\"https:\/\/centresmolina.com\/centreensenyament\/es\/2019\/04\/03\/nos-visita-ana-alcolea\/#article\",\"isPartOf\":{\"@id\":\"https:\/\/centresmolina.com\/centreensenyament\/es\/2019\/04\/03\/nos-visita-ana-alcolea\/\"},\"author\":{\"name\":\"webmolina\",\"@id\":\"https:\/\/centresmolina.com\/centreensenyament\/#\/schema\/person\/308d85d274adff04b5c51d47e8aff6cc\"},\"headline\":\"Nos visita Ana Alcolea\",\"datePublished\":\"2019-04-03T08:42:38+00:00\",\"dateModified\":\"2019-04-08T08:54:46+00:00\",\"mainEntityOfPage\":{\"@id\":\"https:\/\/centresmolina.com\/centreensenyament\/es\/2019\/04\/03\/nos-visita-ana-alcolea\/\"},\"wordCount\":215,\"image\":{\"@id\":\"https:\/\/centresmolina.com\/centreensenyament\/es\/2019\/04\/03\/nos-visita-ana-alcolea\/#primaryimage\"},\"thumbnailUrl\":\"https:\/\/centresmolina.com\/centreensenyament\/files\/2019\/04\/El-secreto-de-la-esfinge-8.jpg\",\"keywords\":[\"3\u00ba ESO\",\"3r ESO @es\",\"Ana Alcolea\",\"Barcelona\",\"Colegio Molina\",\"escriptura\",\"escritura\",\"imaginaci\u00f3n\",\"lectura\"],\"articleSection\":[\"Noticias\"],\"inLanguage\":\"es\"},{\"@type\":\"WebPage\",\"@id\":\"https:\/\/centresmolina.com\/centreensenyament\/es\/2019\/04\/03\/nos-visita-ana-alcolea\/\",\"url\":\"https:\/\/centresmolina.com\/centreensenyament\/es\/2019\/04\/03\/nos-visita-ana-alcolea\/\",\"name\":\"Nos visita Ana Alcolea - Centros de ense\u00f1anza\",\"isPartOf\":{\"@id\":\"https:\/\/centresmolina.com\/centreensenyament\/#website\"},\"primaryImageOfPage\":{\"@id\":\"https:\/\/centresmolina.com\/centreensenyament\/es\/2019\/04\/03\/nos-visita-ana-alcolea\/#primaryimage\"},\"image\":{\"@id\":\"https:\/\/centresmolina.com\/centreensenyament\/es\/2019\/04\/03\/nos-visita-ana-alcolea\/#primaryimage\"},\"thumbnailUrl\":\"https:\/\/centresmolina.com\/centreensenyament\/files\/2019\/04\/El-secreto-de-la-esfinge-8.jpg\",\"datePublished\":\"2019-04-03T08:42:38+00:00\",\"dateModified\":\"2019-04-08T08:54:46+00:00\",\"author\":{\"@id\":\"https:\/\/centresmolina.com\/centreensenyament\/#\/schema\/person\/308d85d274adff04b5c51d47e8aff6cc\"},\"breadcrumb\":{\"@id\":\"https:\/\/centresmolina.com\/centreensenyament\/es\/2019\/04\/03\/nos-visita-ana-alcolea\/#breadcrumb\"},\"inLanguage\":\"es\",\"potentialAction\":[{\"@type\":\"ReadAction\",\"target\":[\"https:\/\/centresmolina.com\/centreensenyament\/es\/2019\/04\/03\/nos-visita-ana-alcolea\/\"]}]},{\"@type\":\"ImageObject\",\"inLanguage\":\"es\",\"@id\":\"https:\/\/centresmolina.com\/centreensenyament\/es\/2019\/04\/03\/nos-visita-ana-alcolea\/#primaryimage\",\"url\":\"https:\/\/centresmolina.com\/centreensenyament\/files\/2019\/04\/El-secreto-de-la-esfinge-8.jpg\",\"contentUrl\":\"https:\/\/centresmolina.com\/centreensenyament\/files\/2019\/04\/El-secreto-de-la-esfinge-8.jpg\",\"width\":1024,\"height\":768},{\"@type\":\"BreadcrumbList\",\"@id\":\"https:\/\/centresmolina.com\/centreensenyament\/es\/2019\/04\/03\/nos-visita-ana-alcolea\/#breadcrumb\",\"itemListElement\":[{\"@type\":\"ListItem\",\"position\":1,\"name\":\"Portada\",\"item\":\"https:\/\/centresmolina.com\/centreensenyament\/es\/\"},{\"@type\":\"ListItem\",\"position\":2,\"name\":\"Nos visita Ana Alcolea\"}]},{\"@type\":\"WebSite\",\"@id\":\"https:\/\/centresmolina.com\/centreensenyament\/#website\",\"url\":\"https:\/\/centresmolina.com\/centreensenyament\/\",\"name\":\"Centros de ense\u00f1anza\",\"description\":\"Centres Molina - Centros de ense\u00f1anza\",\"potentialAction\":[{\"@type\":\"SearchAction\",\"target\":{\"@type\":\"EntryPoint\",\"urlTemplate\":\"https:\/\/centresmolina.com\/centreensenyament\/?s={search_term_string}\"},\"query-input\":{\"@type\":\"PropertyValueSpecification\",\"valueRequired\":true,\"valueName\":\"search_term_string\"}}],\"inLanguage\":\"es\"},{\"@type\":\"Person\",\"@id\":\"https:\/\/centresmolina.com\/centreensenyament\/#\/schema\/person\/308d85d274adff04b5c51d47e8aff6cc\",\"name\":\"webmolina\",\"image\":{\"@type\":\"ImageObject\",\"inLanguage\":\"es\",\"@id\":\"https:\/\/secure.gravatar.com\/avatar\/38db407e1ab9b284bf45e3bff4ec5cf1e034e364f09b2ee054619614662a717b?s=96&d=mm&r=g\",\"url\":\"https:\/\/secure.gravatar.com\/avatar\/38db407e1ab9b284bf45e3bff4ec5cf1e034e364f09b2ee054619614662a717b?s=96&d=mm&r=g\",\"contentUrl\":\"https:\/\/secure.gravatar.com\/avatar\/38db407e1ab9b284bf45e3bff4ec5cf1e034e364f09b2ee054619614662a717b?s=96&d=mm&r=g\",\"caption\":\"webmolina\"},\"url\":\"https:\/\/centresmolina.com\/centreensenyament\/es\/author\/webmolina\/\"}]}<\/script>\n<!-- \/ Yoast SEO plugin. -->","yoast_head_json":{"title":"Nos visita Ana Alcolea - Centros de ense\u00f1anza","robots":{"index":"index","follow":"follow","max-snippet":"max-snippet:-1","max-image-preview":"max-image-preview:large","max-video-preview":"max-video-preview:-1"},"canonical":"https:\/\/centresmolina.com\/centreensenyament\/es\/2019\/04\/03\/nos-visita-ana-alcolea\/","og_locale":"es_ES","og_type":"article","og_title":"Nos visita Ana Alcolea - Centros de ense\u00f1anza","og_description":"\u00bfEn qu\u00e9 idioma le\u00e9is normalmente? \u00bfLo hac\u00e9is en catal\u00e1n o en castellano porque son vuestras lenguas maternas? \u00bfLe\u00e9is libros en...","og_url":"https:\/\/centresmolina.com\/centreensenyament\/es\/2019\/04\/03\/nos-visita-ana-alcolea\/","og_site_name":"Centros de ense\u00f1anza","article_published_time":"2019-04-03T08:42:38+00:00","article_modified_time":"2019-04-08T08:54:46+00:00","og_image":[{"width":1024,"height":768,"url":"https:\/\/centresmolina.com\/centreensenyament\/files\/2019\/04\/El-secreto-de-la-esfinge-8.jpg","type":"image\/jpeg"}],"author":"webmolina","twitter_misc":{"Escrito por":"webmolina","Tiempo de lectura":"1 minuto"},"schema":{"@context":"https:\/\/schema.org","@graph":[{"@type":"Article","@id":"https:\/\/centresmolina.com\/centreensenyament\/es\/2019\/04\/03\/nos-visita-ana-alcolea\/#article","isPartOf":{"@id":"https:\/\/centresmolina.com\/centreensenyament\/es\/2019\/04\/03\/nos-visita-ana-alcolea\/"},"author":{"name":"webmolina","@id":"https:\/\/centresmolina.com\/centreensenyament\/#\/schema\/person\/308d85d274adff04b5c51d47e8aff6cc"},"headline":"Nos visita Ana Alcolea","datePublished":"2019-04-03T08:42:38+00:00","dateModified":"2019-04-08T08:54:46+00:00","mainEntityOfPage":{"@id":"https:\/\/centresmolina.com\/centreensenyament\/es\/2019\/04\/03\/nos-visita-ana-alcolea\/"},"wordCount":215,"image":{"@id":"https:\/\/centresmolina.com\/centreensenyament\/es\/2019\/04\/03\/nos-visita-ana-alcolea\/#primaryimage"},"thumbnailUrl":"https:\/\/centresmolina.com\/centreensenyament\/files\/2019\/04\/El-secreto-de-la-esfinge-8.jpg","keywords":["3\u00ba ESO","3r ESO @es","Ana Alcolea","Barcelona","Colegio Molina","escriptura","escritura","imaginaci\u00f3n","lectura"],"articleSection":["Noticias"],"inLanguage":"es"},{"@type":"WebPage","@id":"https:\/\/centresmolina.com\/centreensenyament\/es\/2019\/04\/03\/nos-visita-ana-alcolea\/","url":"https:\/\/centresmolina.com\/centreensenyament\/es\/2019\/04\/03\/nos-visita-ana-alcolea\/","name":"Nos visita Ana Alcolea - Centros de ense\u00f1anza","isPartOf":{"@id":"https:\/\/centresmolina.com\/centreensenyament\/#website"},"primaryImageOfPage":{"@id":"https:\/\/centresmolina.com\/centreensenyament\/es\/2019\/04\/03\/nos-visita-ana-alcolea\/#primaryimage"},"image":{"@id":"https:\/\/centresmolina.com\/centreensenyament\/es\/2019\/04\/03\/nos-visita-ana-alcolea\/#primaryimage"},"thumbnailUrl":"https:\/\/centresmolina.com\/centreensenyament\/files\/2019\/04\/El-secreto-de-la-esfinge-8.jpg","datePublished":"2019-04-03T08:42:38+00:00","dateModified":"2019-04-08T08:54:46+00:00","author":{"@id":"https:\/\/centresmolina.com\/centreensenyament\/#\/schema\/person\/308d85d274adff04b5c51d47e8aff6cc"},"breadcrumb":{"@id":"https:\/\/centresmolina.com\/centreensenyament\/es\/2019\/04\/03\/nos-visita-ana-alcolea\/#breadcrumb"},"inLanguage":"es","potentialAction":[{"@type":"ReadAction","target":["https:\/\/centresmolina.com\/centreensenyament\/es\/2019\/04\/03\/nos-visita-ana-alcolea\/"]}]},{"@type":"ImageObject","inLanguage":"es","@id":"https:\/\/centresmolina.com\/centreensenyament\/es\/2019\/04\/03\/nos-visita-ana-alcolea\/#primaryimage","url":"https:\/\/centresmolina.com\/centreensenyament\/files\/2019\/04\/El-secreto-de-la-esfinge-8.jpg","contentUrl":"https:\/\/centresmolina.com\/centreensenyament\/files\/2019\/04\/El-secreto-de-la-esfinge-8.jpg","width":1024,"height":768},{"@type":"BreadcrumbList","@id":"https:\/\/centresmolina.com\/centreensenyament\/es\/2019\/04\/03\/nos-visita-ana-alcolea\/#breadcrumb","itemListElement":[{"@type":"ListItem","position":1,"name":"Portada","item":"https:\/\/centresmolina.com\/centreensenyament\/es\/"},{"@type":"ListItem","position":2,"name":"Nos visita Ana Alcolea"}]},{"@type":"WebSite","@id":"https:\/\/centresmolina.com\/centreensenyament\/#website","url":"https:\/\/centresmolina.com\/centreensenyament\/","name":"Centros de ense\u00f1anza","description":"Centres Molina - Centros de ense\u00f1anza","potentialAction":[{"@type":"SearchAction","target":{"@type":"EntryPoint","urlTemplate":"https:\/\/centresmolina.com\/centreensenyament\/?s={search_term_string}"},"query-input":{"@type":"PropertyValueSpecification","valueRequired":true,"valueName":"search_term_string"}}],"inLanguage":"es"},{"@type":"Person","@id":"https:\/\/centresmolina.com\/centreensenyament\/#\/schema\/person\/308d85d274adff04b5c51d47e8aff6cc","name":"webmolina","image":{"@type":"ImageObject","inLanguage":"es","@id":"https:\/\/secure.gravatar.com\/avatar\/38db407e1ab9b284bf45e3bff4ec5cf1e034e364f09b2ee054619614662a717b?s=96&d=mm&r=g","url":"https:\/\/secure.gravatar.com\/avatar\/38db407e1ab9b284bf45e3bff4ec5cf1e034e364f09b2ee054619614662a717b?s=96&d=mm&r=g","contentUrl":"https:\/\/secure.gravatar.com\/avatar\/38db407e1ab9b284bf45e3bff4ec5cf1e034e364f09b2ee054619614662a717b?s=96&d=mm&r=g","caption":"webmolina"},"url":"https:\/\/centresmolina.com\/centreensenyament\/es\/author\/webmolina\/"}]}},"_links":{"self":[{"href":"https:\/\/centresmolina.com\/centreensenyament\/es\/wp-json\/wp\/v2\/posts\/10268\/"}],"collection":[{"href":"https:\/\/centresmolina.com\/centreensenyament\/es\/wp-json\/wp\/v2\/posts\/"}],"about":[{"href":"https:\/\/centresmolina.com\/centreensenyament\/es\/wp-json\/wp\/v2\/types\/post\/"}],"author":[{"embeddable":true,"href":"https:\/\/centresmolina.com\/centreensenyament\/es\/wp-json\/wp\/v2\/users\/3\/"}],"replies":[{"embeddable":true,"href":"https:\/\/centresmolina.com\/centreensenyament\/es\/wp-json\/wp\/v2\/comments\/?post=10268"}],"version-history":[{"count":2,"href":"https:\/\/centresmolina.com\/centreensenyament\/es\/wp-json\/wp\/v2\/posts\/10268\/revisions\/"}],"predecessor-version":[{"id":10271,"href":"https:\/\/centresmolina.com\/centreensenyament\/es\/wp-json\/wp\/v2\/posts\/10268\/revisions\/10271\/"}],"wp:featuredmedia":[{"embeddable":true,"href":"https:\/\/centresmolina.com\/centreensenyament\/es\/wp-json\/wp\/v2\/media\/10263\/"}],"wp:attachment":[{"href":"https:\/\/centresmolina.com\/centreensenyament\/es\/wp-json\/wp\/v2\/media\/?parent=10268"}],"wp:term":[{"taxonomy":"category","embeddable":true,"href":"https:\/\/centresmolina.com\/centreensenyament\/es\/wp-json\/wp\/v2\/categories\/?post=10268"},{"taxonomy":"post_tag","embeddable":true,"href":"https:\/\/centresmolina.com\/centreensenyament\/es\/wp-json\/wp\/v2\/tags\/?post=10268"}],"curies":[{"name":"wp","href":"https:\/\/api.w.org\/{rel}","templated":true}]}}