{"id":1074,"date":"2015-05-22T13:03:32","date_gmt":"2015-05-22T13:03:32","guid":{"rendered":"http:\/\/centresmolina.com\/centreensenyament\/2015\/05\/22\/interessant-visita-dels-alumnes-de-2on-deso-al-tram-2\/"},"modified":"2015-05-22T18:06:40","modified_gmt":"2015-05-22T18:06:40","slug":"interessant-visita-dels-alumnes-de-2on-deso-al-tram","status":"publish","type":"post","link":"https:\/\/centresmolina.com\/centreensenyament\/es\/2015\/05\/22\/interessant-visita-dels-alumnes-de-2on-deso-al-tram\/","title":{"rendered":"Interesante Visita de los alumnos de 2\u00ba de la ESO al TRAM"},"content":{"rendered":"<p>Tal como pod\u00e9is apreciar en algunas de las fotograf\u00edas que adjuntamos, nuestros alumnos han recibido una completa formaci\u00f3n sobre todo el funcionamiento del TRAM de la ciudad. Tambi\u00e9n han podido ver de primera mano el funcionamiento interno de algunos aspectos de este medio de transporte, as\u00ed como los diferentes departamentos y tambi\u00e9n les han hablado de civismo a la hora de hacer de usuarios.<\/p>\n<p>&nbsp;<\/p>\n<p><a href=\"http:\/\/centresmolina.com\/centreensenyament\/files\/2015\/05\/20150428_112458bis.jpg\"><img loading=\"lazy\" decoding=\"async\" class=\" wp-image-1035 size-medium alignleft\" src=\"http:\/\/centresmolina.com\/centreensenyament\/files\/2015\/05\/20150428_112458bis-300x180.jpg\" alt=\"20150428_112458bis\" width=\"300\" height=\"180\" data-id=\"1035\" srcset=\"https:\/\/centresmolina.com\/centreensenyament\/files\/2015\/05\/20150428_112458bis-300x180.jpg 300w, https:\/\/centresmolina.com\/centreensenyament\/files\/2015\/05\/20150428_112458bis.jpg 640w\" sizes=\"auto, (max-width: 300px) 100vw, 300px\" \/><\/a> <a href=\"http:\/\/centresmolina.com\/centreensenyament\/files\/2015\/05\/20150428_110930bis.jpg\"><img loading=\"lazy\" decoding=\"async\" class=\"alignleft wp-image-1034 size-medium\" src=\"http:\/\/centresmolina.com\/centreensenyament\/files\/2015\/05\/20150428_110930bis-300x180.jpg\" alt=\"20150428_110930bis\" width=\"300\" height=\"180\" data-id=\"1034\" srcset=\"https:\/\/centresmolina.com\/centreensenyament\/files\/2015\/05\/20150428_110930bis-300x180.jpg 300w, https:\/\/centresmolina.com\/centreensenyament\/files\/2015\/05\/20150428_110930bis.jpg 640w\" sizes=\"auto, (max-width: 300px) 100vw, 300px\" \/><\/a> <a href=\"http:\/\/centresmolina.com\/centreensenyament\/files\/2015\/05\/20150428_110819.jpg\"><img loading=\"lazy\" decoding=\"async\" class=\"alignleft wp-image-1033 size-medium\" src=\"http:\/\/centresmolina.com\/centreensenyament\/files\/2015\/05\/20150428_110819-300x180.jpg\" alt=\"20150428_110819\" width=\"300\" height=\"180\" data-id=\"1033\" srcset=\"https:\/\/centresmolina.com\/centreensenyament\/files\/2015\/05\/20150428_110819-300x180.jpg 300w, https:\/\/centresmolina.com\/centreensenyament\/files\/2015\/05\/20150428_110819-1024x614.jpg 1024w\" sizes=\"auto, (max-width: 300px) 100vw, 300px\" \/><\/a> <a href=\"http:\/\/centresmolina.com\/centreensenyament\/files\/2015\/05\/20150428_105029bis.jpg\"><img loading=\"lazy\" decoding=\"async\" class=\"alignnone wp-image-1032 size-medium\" src=\"http:\/\/centresmolina.com\/centreensenyament\/files\/2015\/05\/20150428_105029bis-300x180.jpg\" alt=\"20150428_105029bis\" width=\"300\" height=\"180\" data-id=\"1032\" srcset=\"https:\/\/centresmolina.com\/centreensenyament\/files\/2015\/05\/20150428_105029bis-300x180.jpg 300w, https:\/\/centresmolina.com\/centreensenyament\/files\/2015\/05\/20150428_105029bis.jpg 640w\" sizes=\"auto, (max-width: 300px) 100vw, 300px\" \/><\/a> <a href=\"http:\/\/centresmolina.com\/centreensenyament\/files\/2015\/05\/20150428_104535bis.jpg\"><img loading=\"lazy\" decoding=\"async\" class=\"alignleft wp-image-1031 size-medium\" src=\"http:\/\/centresmolina.com\/centreensenyament\/files\/2015\/05\/20150428_104535bis-300x180.jpg\" alt=\"20150428_104535bis\" width=\"300\" height=\"180\" data-id=\"1031\" srcset=\"https:\/\/centresmolina.com\/centreensenyament\/files\/2015\/05\/20150428_104535bis-300x180.jpg 300w, https:\/\/centresmolina.com\/centreensenyament\/files\/2015\/05\/20150428_104535bis.jpg 640w\" sizes=\"auto, (max-width: 300px) 100vw, 300px\" \/><\/a> <a href=\"http:\/\/centresmolina.com\/centreensenyament\/files\/2015\/05\/20150428_104238bis.jpg\"><img loading=\"lazy\" decoding=\"async\" class=\"alignleft wp-image-1030 size-medium\" src=\"http:\/\/centresmolina.com\/centreensenyament\/files\/2015\/05\/20150428_104238bis-300x180.jpg\" alt=\"20150428_104238bis\" width=\"300\" height=\"180\" data-id=\"1030\" srcset=\"https:\/\/centresmolina.com\/centreensenyament\/files\/2015\/05\/20150428_104238bis-300x180.jpg 300w, https:\/\/centresmolina.com\/centreensenyament\/files\/2015\/05\/20150428_104238bis.jpg 640w\" sizes=\"auto, (max-width: 300px) 100vw, 300px\" \/><\/a> <a href=\"http:\/\/centresmolina.com\/centreensenyament\/files\/2015\/05\/20150428_094012.jpg\"><img loading=\"lazy\" decoding=\"async\" class=\"alignleft wp-image-1029 size-medium\" src=\"http:\/\/centresmolina.com\/centreensenyament\/files\/2015\/05\/20150428_094012-300x180.jpg\" alt=\"20150428_094012\" width=\"300\" height=\"180\" data-id=\"1029\" \/><\/a> <a href=\"http:\/\/centresmolina.com\/centreensenyament\/files\/2015\/05\/20150428_093948bis.jpg\"><img loading=\"lazy\" decoding=\"async\" class=\" wp-image-1028 size-medium alignleft\" src=\"http:\/\/centresmolina.com\/centreensenyament\/files\/2015\/05\/20150428_093948bis-300x180.jpg\" alt=\"20150428_093948bis\" width=\"300\" height=\"180\" data-id=\"1028\" srcset=\"https:\/\/centresmolina.com\/centreensenyament\/files\/2015\/05\/20150428_093948bis-300x180.jpg 300w, https:\/\/centresmolina.com\/centreensenyament\/files\/2015\/05\/20150428_093948bis.jpg 640w\" sizes=\"auto, (max-width: 300px) 100vw, 300px\" \/><\/a><\/p>\n","protected":false},"excerpt":{"rendered":"<p>Tal como pod\u00e9is apreciar en algunas de las fotograf\u00edas que adjuntamos, nuestros alumnos han recibido una completa formaci\u00f3n sobre todo&#8230;<\/p>\n","protected":false},"author":1,"featured_media":1036,"comment_status":"open","ping_status":"open","sticky":false,"template":"","format":"standard","meta":{"footnotes":""},"categories":[15],"tags":[],"class_list":["post-1074","post","type-post","status-publish","format-standard","has-post-thumbnail","hentry","category-noticias-2"],"yoast_head":"<!-- This site is optimized with the Yoast SEO plugin v28.1 - https:\/\/yoast.com\/product\/yoast-seo-wordpress\/ -->\n<title>Interesante Visita de los alumnos de 2\u00ba de la ESO al TRAM - Centros de ense\u00f1anza<\/title>\n<meta name=\"robots\" content=\"index, follow, max-snippet:-1, max-image-preview:large, max-video-preview:-1\" \/>\n<link rel=\"canonical\" href=\"https:\/\/centresmolina.com\/centreensenyament\/es\/2015\/05\/22\/interessant-visita-dels-alumnes-de-2on-deso-al-tram\/\" \/>\n<meta property=\"og:locale\" content=\"es_ES\" \/>\n<meta property=\"og:type\" content=\"article\" \/>\n<meta property=\"og:title\" content=\"Interesante Visita de los alumnos de 2\u00ba de la ESO al TRAM - Centros de ense\u00f1anza\" \/>\n<meta property=\"og:description\" content=\"Tal como pod\u00e9is apreciar en algunas de las fotograf\u00edas que adjuntamos, nuestros alumnos han recibido una completa formaci\u00f3n sobre todo...\" \/>\n<meta property=\"og:url\" content=\"https:\/\/centresmolina.com\/centreensenyament\/es\/2015\/05\/22\/interessant-visita-dels-alumnes-de-2on-deso-al-tram\/\" \/>\n<meta property=\"og:site_name\" content=\"Centros de ense\u00f1anza\" \/>\n<meta property=\"article:published_time\" content=\"2015-05-22T13:03:32+00:00\" \/>\n<meta property=\"article:modified_time\" content=\"2015-05-22T18:06:40+00:00\" \/>\n<meta property=\"og:image\" content=\"https:\/\/centresmolina.com\/centreensenyament\/files\/2015\/05\/20150428_114203bis.jpg\" \/>\n\t<meta property=\"og:image:width\" content=\"640\" \/>\n\t<meta property=\"og:image:height\" content=\"384\" \/>\n\t<meta property=\"og:image:type\" content=\"image\/jpeg\" \/>\n<meta name=\"author\" content=\"admin\" \/>\n<meta name=\"twitter:label1\" content=\"Escrito por\" \/>\n\t<meta name=\"twitter:data1\" content=\"admin\" \/>\n<script type=\"application\/ld+json\" class=\"yoast-schema-graph\">{\"@context\":\"https:\\\/\\\/schema.org\",\"@graph\":[{\"@type\":\"Article\",\"@id\":\"https:\\\/\\\/centresmolina.com\\\/centreensenyament\\\/es\\\/2015\\\/05\\\/22\\\/interessant-visita-dels-alumnes-de-2on-deso-al-tram\\\/#article\",\"isPartOf\":{\"@id\":\"https:\\\/\\\/centresmolina.com\\\/centreensenyament\\\/es\\\/2015\\\/05\\\/22\\\/interessant-visita-dels-alumnes-de-2on-deso-al-tram\\\/\"},\"author\":{\"name\":\"admin\",\"@id\":\"https:\\\/\\\/centresmolina.com\\\/centreensenyament\\\/#\\\/schema\\\/person\\\/708769d47ecd01f5140f36e96d68031b\"},\"headline\":\"Interesante Visita de los alumnos de 2\u00ba de la ESO al TRAM\",\"datePublished\":\"2015-05-22T13:03:32+00:00\",\"dateModified\":\"2015-05-22T18:06:40+00:00\",\"mainEntityOfPage\":{\"@id\":\"https:\\\/\\\/centresmolina.com\\\/centreensenyament\\\/es\\\/2015\\\/05\\\/22\\\/interessant-visita-dels-alumnes-de-2on-deso-al-tram\\\/\"},\"wordCount\":81,\"commentCount\":0,\"image\":{\"@id\":\"https:\\\/\\\/centresmolina.com\\\/centreensenyament\\\/es\\\/2015\\\/05\\\/22\\\/interessant-visita-dels-alumnes-de-2on-deso-al-tram\\\/#primaryimage\"},\"thumbnailUrl\":\"https:\\\/\\\/centresmolina.com\\\/centreensenyament\\\/files\\\/2015\\\/05\\\/20150428_114203bis.jpg\",\"articleSection\":[\"Noticias\"],\"inLanguage\":\"es\",\"potentialAction\":[{\"@type\":\"CommentAction\",\"name\":\"Comment\",\"target\":[\"https:\\\/\\\/centresmolina.com\\\/centreensenyament\\\/es\\\/2015\\\/05\\\/22\\\/interessant-visita-dels-alumnes-de-2on-deso-al-tram\\\/#respond\"]}]},{\"@type\":\"WebPage\",\"@id\":\"https:\\\/\\\/centresmolina.com\\\/centreensenyament\\\/es\\\/2015\\\/05\\\/22\\\/interessant-visita-dels-alumnes-de-2on-deso-al-tram\\\/\",\"url\":\"https:\\\/\\\/centresmolina.com\\\/centreensenyament\\\/es\\\/2015\\\/05\\\/22\\\/interessant-visita-dels-alumnes-de-2on-deso-al-tram\\\/\",\"name\":\"Interesante Visita de los alumnos de 2\u00ba de la ESO al TRAM - Centros de ense\u00f1anza\",\"isPartOf\":{\"@id\":\"https:\\\/\\\/centresmolina.com\\\/centreensenyament\\\/#website\"},\"primaryImageOfPage\":{\"@id\":\"https:\\\/\\\/centresmolina.com\\\/centreensenyament\\\/es\\\/2015\\\/05\\\/22\\\/interessant-visita-dels-alumnes-de-2on-deso-al-tram\\\/#primaryimage\"},\"image\":{\"@id\":\"https:\\\/\\\/centresmolina.com\\\/centreensenyament\\\/es\\\/2015\\\/05\\\/22\\\/interessant-visita-dels-alumnes-de-2on-deso-al-tram\\\/#primaryimage\"},\"thumbnailUrl\":\"https:\\\/\\\/centresmolina.com\\\/centreensenyament\\\/files\\\/2015\\\/05\\\/20150428_114203bis.jpg\",\"datePublished\":\"2015-05-22T13:03:32+00:00\",\"dateModified\":\"2015-05-22T18:06:40+00:00\",\"author\":{\"@id\":\"https:\\\/\\\/centresmolina.com\\\/centreensenyament\\\/#\\\/schema\\\/person\\\/708769d47ecd01f5140f36e96d68031b\"},\"breadcrumb\":{\"@id\":\"https:\\\/\\\/centresmolina.com\\\/centreensenyament\\\/es\\\/2015\\\/05\\\/22\\\/interessant-visita-dels-alumnes-de-2on-deso-al-tram\\\/#breadcrumb\"},\"inLanguage\":\"es\",\"potentialAction\":[{\"@type\":\"ReadAction\",\"target\":[\"https:\\\/\\\/centresmolina.com\\\/centreensenyament\\\/es\\\/2015\\\/05\\\/22\\\/interessant-visita-dels-alumnes-de-2on-deso-al-tram\\\/\"]}]},{\"@type\":\"ImageObject\",\"inLanguage\":\"es\",\"@id\":\"https:\\\/\\\/centresmolina.com\\\/centreensenyament\\\/es\\\/2015\\\/05\\\/22\\\/interessant-visita-dels-alumnes-de-2on-deso-al-tram\\\/#primaryimage\",\"url\":\"https:\\\/\\\/centresmolina.com\\\/centreensenyament\\\/files\\\/2015\\\/05\\\/20150428_114203bis.jpg\",\"contentUrl\":\"https:\\\/\\\/centresmolina.com\\\/centreensenyament\\\/files\\\/2015\\\/05\\\/20150428_114203bis.jpg\",\"width\":640,\"height\":384},{\"@type\":\"BreadcrumbList\",\"@id\":\"https:\\\/\\\/centresmolina.com\\\/centreensenyament\\\/es\\\/2015\\\/05\\\/22\\\/interessant-visita-dels-alumnes-de-2on-deso-al-tram\\\/#breadcrumb\",\"itemListElement\":[{\"@type\":\"ListItem\",\"position\":1,\"name\":\"Portada\",\"item\":\"https:\\\/\\\/centresmolina.com\\\/centreensenyament\\\/es\\\/\"},{\"@type\":\"ListItem\",\"position\":2,\"name\":\"Interesante Visita de los alumnos de 2\u00ba de la ESO al TRAM\"}]},{\"@type\":\"WebSite\",\"@id\":\"https:\\\/\\\/centresmolina.com\\\/centreensenyament\\\/#website\",\"url\":\"https:\\\/\\\/centresmolina.com\\\/centreensenyament\\\/\",\"name\":\"Centros de ense\u00f1anza\",\"description\":\"Centres Molina - Centros de ense\u00f1anza\",\"potentialAction\":[{\"@type\":\"SearchAction\",\"target\":{\"@type\":\"EntryPoint\",\"urlTemplate\":\"https:\\\/\\\/centresmolina.com\\\/centreensenyament\\\/?s={search_term_string}\"},\"query-input\":{\"@type\":\"PropertyValueSpecification\",\"valueRequired\":true,\"valueName\":\"search_term_string\"}}],\"inLanguage\":\"es\"},{\"@type\":\"Person\",\"@id\":\"https:\\\/\\\/centresmolina.com\\\/centreensenyament\\\/#\\\/schema\\\/person\\\/708769d47ecd01f5140f36e96d68031b\",\"name\":\"admin\",\"image\":{\"@type\":\"ImageObject\",\"inLanguage\":\"es\",\"@id\":\"https:\\\/\\\/secure.gravatar.com\\\/avatar\\\/bc0924690544a330a276ffa283d886b19cf99625d7aec1f282263d3e9088f3e8?s=96&d=mm&r=g\",\"url\":\"https:\\\/\\\/secure.gravatar.com\\\/avatar\\\/bc0924690544a330a276ffa283d886b19cf99625d7aec1f282263d3e9088f3e8?s=96&d=mm&r=g\",\"contentUrl\":\"https:\\\/\\\/secure.gravatar.com\\\/avatar\\\/bc0924690544a330a276ffa283d886b19cf99625d7aec1f282263d3e9088f3e8?s=96&d=mm&r=g\",\"caption\":\"admin\"},\"url\":\"https:\\\/\\\/centresmolina.com\\\/centreensenyament\\\/es\\\/author\\\/admin\\\/\"}]}<\/script>\n<!-- \/ Yoast SEO plugin. -->","yoast_head_json":{"title":"Interesante Visita de los alumnos de 2\u00ba de la ESO al TRAM - Centros de ense\u00f1anza","robots":{"index":"index","follow":"follow","max-snippet":"max-snippet:-1","max-image-preview":"max-image-preview:large","max-video-preview":"max-video-preview:-1"},"canonical":"https:\/\/centresmolina.com\/centreensenyament\/es\/2015\/05\/22\/interessant-visita-dels-alumnes-de-2on-deso-al-tram\/","og_locale":"es_ES","og_type":"article","og_title":"Interesante Visita de los alumnos de 2\u00ba de la ESO al TRAM - Centros de ense\u00f1anza","og_description":"Tal como pod\u00e9is apreciar en algunas de las fotograf\u00edas que adjuntamos, nuestros alumnos han recibido una completa formaci\u00f3n sobre todo...","og_url":"https:\/\/centresmolina.com\/centreensenyament\/es\/2015\/05\/22\/interessant-visita-dels-alumnes-de-2on-deso-al-tram\/","og_site_name":"Centros de ense\u00f1anza","article_published_time":"2015-05-22T13:03:32+00:00","article_modified_time":"2015-05-22T18:06:40+00:00","og_image":[{"width":640,"height":384,"url":"https:\/\/centresmolina.com\/centreensenyament\/files\/2015\/05\/20150428_114203bis.jpg","type":"image\/jpeg"}],"author":"admin","twitter_misc":{"Escrito por":"admin"},"schema":{"@context":"https:\/\/schema.org","@graph":[{"@type":"Article","@id":"https:\/\/centresmolina.com\/centreensenyament\/es\/2015\/05\/22\/interessant-visita-dels-alumnes-de-2on-deso-al-tram\/#article","isPartOf":{"@id":"https:\/\/centresmolina.com\/centreensenyament\/es\/2015\/05\/22\/interessant-visita-dels-alumnes-de-2on-deso-al-tram\/"},"author":{"name":"admin","@id":"https:\/\/centresmolina.com\/centreensenyament\/#\/schema\/person\/708769d47ecd01f5140f36e96d68031b"},"headline":"Interesante Visita de los alumnos de 2\u00ba de la ESO al TRAM","datePublished":"2015-05-22T13:03:32+00:00","dateModified":"2015-05-22T18:06:40+00:00","mainEntityOfPage":{"@id":"https:\/\/centresmolina.com\/centreensenyament\/es\/2015\/05\/22\/interessant-visita-dels-alumnes-de-2on-deso-al-tram\/"},"wordCount":81,"commentCount":0,"image":{"@id":"https:\/\/centresmolina.com\/centreensenyament\/es\/2015\/05\/22\/interessant-visita-dels-alumnes-de-2on-deso-al-tram\/#primaryimage"},"thumbnailUrl":"https:\/\/centresmolina.com\/centreensenyament\/files\/2015\/05\/20150428_114203bis.jpg","articleSection":["Noticias"],"inLanguage":"es","potentialAction":[{"@type":"CommentAction","name":"Comment","target":["https:\/\/centresmolina.com\/centreensenyament\/es\/2015\/05\/22\/interessant-visita-dels-alumnes-de-2on-deso-al-tram\/#respond"]}]},{"@type":"WebPage","@id":"https:\/\/centresmolina.com\/centreensenyament\/es\/2015\/05\/22\/interessant-visita-dels-alumnes-de-2on-deso-al-tram\/","url":"https:\/\/centresmolina.com\/centreensenyament\/es\/2015\/05\/22\/interessant-visita-dels-alumnes-de-2on-deso-al-tram\/","name":"Interesante Visita de los alumnos de 2\u00ba de la ESO al TRAM - Centros de ense\u00f1anza","isPartOf":{"@id":"https:\/\/centresmolina.com\/centreensenyament\/#website"},"primaryImageOfPage":{"@id":"https:\/\/centresmolina.com\/centreensenyament\/es\/2015\/05\/22\/interessant-visita-dels-alumnes-de-2on-deso-al-tram\/#primaryimage"},"image":{"@id":"https:\/\/centresmolina.com\/centreensenyament\/es\/2015\/05\/22\/interessant-visita-dels-alumnes-de-2on-deso-al-tram\/#primaryimage"},"thumbnailUrl":"https:\/\/centresmolina.com\/centreensenyament\/files\/2015\/05\/20150428_114203bis.jpg","datePublished":"2015-05-22T13:03:32+00:00","dateModified":"2015-05-22T18:06:40+00:00","author":{"@id":"https:\/\/centresmolina.com\/centreensenyament\/#\/schema\/person\/708769d47ecd01f5140f36e96d68031b"},"breadcrumb":{"@id":"https:\/\/centresmolina.com\/centreensenyament\/es\/2015\/05\/22\/interessant-visita-dels-alumnes-de-2on-deso-al-tram\/#breadcrumb"},"inLanguage":"es","potentialAction":[{"@type":"ReadAction","target":["https:\/\/centresmolina.com\/centreensenyament\/es\/2015\/05\/22\/interessant-visita-dels-alumnes-de-2on-deso-al-tram\/"]}]},{"@type":"ImageObject","inLanguage":"es","@id":"https:\/\/centresmolina.com\/centreensenyament\/es\/2015\/05\/22\/interessant-visita-dels-alumnes-de-2on-deso-al-tram\/#primaryimage","url":"https:\/\/centresmolina.com\/centreensenyament\/files\/2015\/05\/20150428_114203bis.jpg","contentUrl":"https:\/\/centresmolina.com\/centreensenyament\/files\/2015\/05\/20150428_114203bis.jpg","width":640,"height":384},{"@type":"BreadcrumbList","@id":"https:\/\/centresmolina.com\/centreensenyament\/es\/2015\/05\/22\/interessant-visita-dels-alumnes-de-2on-deso-al-tram\/#breadcrumb","itemListElement":[{"@type":"ListItem","position":1,"name":"Portada","item":"https:\/\/centresmolina.com\/centreensenyament\/es\/"},{"@type":"ListItem","position":2,"name":"Interesante Visita de los alumnos de 2\u00ba de la ESO al TRAM"}]},{"@type":"WebSite","@id":"https:\/\/centresmolina.com\/centreensenyament\/#website","url":"https:\/\/centresmolina.com\/centreensenyament\/","name":"Centros de ense\u00f1anza","description":"Centres Molina - Centros de ense\u00f1anza","potentialAction":[{"@type":"SearchAction","target":{"@type":"EntryPoint","urlTemplate":"https:\/\/centresmolina.com\/centreensenyament\/?s={search_term_string}"},"query-input":{"@type":"PropertyValueSpecification","valueRequired":true,"valueName":"search_term_string"}}],"inLanguage":"es"},{"@type":"Person","@id":"https:\/\/centresmolina.com\/centreensenyament\/#\/schema\/person\/708769d47ecd01f5140f36e96d68031b","name":"admin","image":{"@type":"ImageObject","inLanguage":"es","@id":"https:\/\/secure.gravatar.com\/avatar\/bc0924690544a330a276ffa283d886b19cf99625d7aec1f282263d3e9088f3e8?s=96&d=mm&r=g","url":"https:\/\/secure.gravatar.com\/avatar\/bc0924690544a330a276ffa283d886b19cf99625d7aec1f282263d3e9088f3e8?s=96&d=mm&r=g","contentUrl":"https:\/\/secure.gravatar.com\/avatar\/bc0924690544a330a276ffa283d886b19cf99625d7aec1f282263d3e9088f3e8?s=96&d=mm&r=g","caption":"admin"},"url":"https:\/\/centresmolina.com\/centreensenyament\/es\/author\/admin\/"}]}},"_links":{"self":[{"href":"https:\/\/centresmolina.com\/centreensenyament\/es\/wp-json\/wp\/v2\/posts\/1074\/"}],"collection":[{"href":"https:\/\/centresmolina.com\/centreensenyament\/es\/wp-json\/wp\/v2\/posts\/"}],"about":[{"href":"https:\/\/centresmolina.com\/centreensenyament\/es\/wp-json\/wp\/v2\/types\/post\/"}],"author":[{"embeddable":true,"href":"https:\/\/centresmolina.com\/centreensenyament\/es\/wp-json\/wp\/v2\/users\/1\/"}],"replies":[{"embeddable":true,"href":"https:\/\/centresmolina.com\/centreensenyament\/es\/wp-json\/wp\/v2\/comments\/?post=1074"}],"version-history":[{"count":2,"href":"https:\/\/centresmolina.com\/centreensenyament\/es\/wp-json\/wp\/v2\/posts\/1074\/revisions\/"}],"predecessor-version":[{"id":1076,"href":"https:\/\/centresmolina.com\/centreensenyament\/es\/wp-json\/wp\/v2\/posts\/1074\/revisions\/1076\/"}],"wp:featuredmedia":[{"embeddable":true,"href":"https:\/\/centresmolina.com\/centreensenyament\/es\/wp-json\/wp\/v2\/media\/1036\/"}],"wp:attachment":[{"href":"https:\/\/centresmolina.com\/centreensenyament\/es\/wp-json\/wp\/v2\/media\/?parent=1074"}],"wp:term":[{"taxonomy":"category","embeddable":true,"href":"https:\/\/centresmolina.com\/centreensenyament\/es\/wp-json\/wp\/v2\/categories\/?post=1074"},{"taxonomy":"post_tag","embeddable":true,"href":"https:\/\/centresmolina.com\/centreensenyament\/es\/wp-json\/wp\/v2\/tags\/?post=1074"}],"curies":[{"name":"wp","href":"https:\/\/api.w.org\/{rel}","templated":true}]}}