{"id":1104,"date":"2015-06-16T13:53:20","date_gmt":"2015-06-16T13:53:20","guid":{"rendered":"http:\/\/centresmolina.com\/centreensenyament\/2015\/06\/16\/sortida-2n-deso-a-la-coca-cola-visita-i-concurs-2\/"},"modified":"2015-06-16T13:57:01","modified_gmt":"2015-06-16T13:57:01","slug":"sortida-2n-deso-a-la-coca-cola-visita-i-concurs","status":"publish","type":"post","link":"https:\/\/centresmolina.com\/centreensenyament\/es\/2015\/06\/16\/sortida-2n-deso-a-la-coca-cola-visita-i-concurs\/","title":{"rendered":"SALIDA 2\u00ba ESO A LA COCA-COLA (VISITA Y CONCURSO)"},"content":{"rendered":"<p>&nbsp;<\/p>\n<p>Aqu\u00ed ten\u00e9is un resumen de lo que fue la salida de los alumnos de 2\u00ba curso de la ESO a la empresa COCA-COLA.<\/p>\n<p>Como cada a\u00f1o, algunos de nuestros alumnos participan en el concurso de relato corto que organiza la empresa.<\/p>\n<p>Algunos de estos alumnos tienen que ir pasando eliminatorias con alumnos de otros centros de Catalunya.<\/p>\n<p>As\u00ed pues, nuestros alumnos fueron a visitar sus instalaciones a Martorelles. All\u00ed, nos dieron unas explicaciones de la f\u00e1brica, de lo que se hace, de las dimensiones, &#8230; Al finalizar las explicaciones hicieron tambi\u00e9n, all\u00ed mismo, un peque\u00f1o concurso dando como premio unos obsequios a los ganadores.<\/p>\n<p>Los chicos y chicas visitaron las instalaciones: los laboratorios, la cadena de etiquetaje, el embotellado, empaquetado, log\u00edstica, &#8230;<\/p>\n<p>Al acabar la visita, a cada alumno le entregaron una botella de coca-cola.<\/p>\n<p><a href=\"http:\/\/centresmolina.com\/centreensenyament\/files\/2015\/06\/IMG_20150609_110921.jpg\"><img loading=\"lazy\" decoding=\"async\" class=\"alignleft wp-image-1102 size-medium\" src=\"http:\/\/centresmolina.com\/centreensenyament\/files\/2015\/06\/IMG_20150609_110921-225x300.jpg\" alt=\"IMG_20150609_110921\" width=\"225\" height=\"300\" data-id=\"1102\" srcset=\"https:\/\/centresmolina.com\/centreensenyament\/files\/2015\/06\/IMG_20150609_110921-225x300.jpg 225w, https:\/\/centresmolina.com\/centreensenyament\/files\/2015\/06\/IMG_20150609_110921-768x1024.jpg 768w\" sizes=\"auto, (max-width: 225px) 100vw, 225px\" \/><\/a> <a href=\"http:\/\/centresmolina.com\/centreensenyament\/files\/2015\/06\/IMG_20150609_110740.jpg\"><img loading=\"lazy\" decoding=\"async\" class=\"alignleft wp-image-1101 size-medium\" src=\"http:\/\/centresmolina.com\/centreensenyament\/files\/2015\/06\/IMG_20150609_110740-300x225.jpg\" alt=\"IMG_20150609_110740\" width=\"300\" height=\"225\" data-id=\"1101\" srcset=\"https:\/\/centresmolina.com\/centreensenyament\/files\/2015\/06\/IMG_20150609_110740-300x225.jpg 300w, https:\/\/centresmolina.com\/centreensenyament\/files\/2015\/06\/IMG_20150609_110740-1024x768.jpg 1024w\" sizes=\"auto, (max-width: 300px) 100vw, 300px\" \/><\/a> <a href=\"http:\/\/centresmolina.com\/centreensenyament\/files\/2015\/06\/IMG_20150609_110352.jpg\"><img loading=\"lazy\" decoding=\"async\" class=\"alignleft wp-image-1100 size-medium\" src=\"http:\/\/centresmolina.com\/centreensenyament\/files\/2015\/06\/IMG_20150609_110352-300x225.jpg\" alt=\"IMG_20150609_110352\" width=\"300\" height=\"225\" data-id=\"1100\" srcset=\"https:\/\/centresmolina.com\/centreensenyament\/files\/2015\/06\/IMG_20150609_110352-300x225.jpg 300w, https:\/\/centresmolina.com\/centreensenyament\/files\/2015\/06\/IMG_20150609_110352-1024x768.jpg 1024w\" sizes=\"auto, (max-width: 300px) 100vw, 300px\" \/><\/a>  <a href=\"http:\/\/centresmolina.com\/centreensenyament\/files\/2015\/06\/IMG_20150609_095135.jpg\"><img loading=\"lazy\" decoding=\"async\" class=\"alignleft wp-image-1098 size-medium\" src=\"http:\/\/centresmolina.com\/centreensenyament\/files\/2015\/06\/IMG_20150609_095135-300x225.jpg\" alt=\"IMG_20150609_095135\" width=\"300\" height=\"225\" data-id=\"1098\" srcset=\"https:\/\/centresmolina.com\/centreensenyament\/files\/2015\/06\/IMG_20150609_095135-300x225.jpg 300w, https:\/\/centresmolina.com\/centreensenyament\/files\/2015\/06\/IMG_20150609_095135-1024x768.jpg 1024w\" sizes=\"auto, (max-width: 300px) 100vw, 300px\" \/><\/a> <a href=\"http:\/\/centresmolina.com\/centreensenyament\/files\/2015\/06\/IMG_20150609_094841.jpg\"><img loading=\"lazy\" decoding=\"async\" class=\"alignleft wp-image-1096 size-medium\" src=\"http:\/\/centresmolina.com\/centreensenyament\/files\/2015\/06\/IMG_20150609_094841-225x300.jpg\" alt=\"IMG_20150609_094841\" width=\"225\" height=\"300\" data-id=\"1096\" srcset=\"https:\/\/centresmolina.com\/centreensenyament\/files\/2015\/06\/IMG_20150609_094841-225x300.jpg 225w, https:\/\/centresmolina.com\/centreensenyament\/files\/2015\/06\/IMG_20150609_094841-768x1024.jpg 768w\" sizes=\"auto, (max-width: 225px) 100vw, 225px\" \/><\/a> <a href=\"http:\/\/centresmolina.com\/centreensenyament\/files\/2015\/06\/IMG_20150609_093112.jpg\"><img loading=\"lazy\" decoding=\"async\" class=\"alignleft wp-image-1095 size-medium\" src=\"http:\/\/centresmolina.com\/centreensenyament\/files\/2015\/06\/IMG_20150609_093112-300x225.jpg\" alt=\"IMG_20150609_093112\" width=\"300\" height=\"225\" data-id=\"1095\" srcset=\"https:\/\/centresmolina.com\/centreensenyament\/files\/2015\/06\/IMG_20150609_093112-300x225.jpg 300w, https:\/\/centresmolina.com\/centreensenyament\/files\/2015\/06\/IMG_20150609_093112-1024x768.jpg 1024w\" sizes=\"auto, (max-width: 300px) 100vw, 300px\" \/><\/a> <a href=\"http:\/\/centresmolina.com\/centreensenyament\/files\/2015\/06\/IMG_20150609_110928.jpg\"><img loading=\"lazy\" decoding=\"async\" class=\"alignleft wp-image-1094 size-medium\" src=\"http:\/\/centresmolina.com\/centreensenyament\/files\/2015\/06\/IMG_20150609_110928-225x300.jpg\" alt=\"IMG_20150609_110928\" width=\"225\" height=\"300\" data-id=\"1094\" srcset=\"https:\/\/centresmolina.com\/centreensenyament\/files\/2015\/06\/IMG_20150609_110928-225x300.jpg 225w, https:\/\/centresmolina.com\/centreensenyament\/files\/2015\/06\/IMG_20150609_110928-768x1024.jpg 768w\" sizes=\"auto, (max-width: 225px) 100vw, 225px\" \/><\/a><\/p>\n","protected":false},"excerpt":{"rendered":"<p>&nbsp; Aqu\u00ed ten\u00e9is un resumen de lo que fue la salida de los alumnos de 2\u00ba curso de la ESO&#8230;<\/p>\n","protected":false},"author":1,"featured_media":1099,"comment_status":"open","ping_status":"open","sticky":false,"template":"","format":"standard","meta":{"footnotes":""},"categories":[15],"tags":[],"class_list":["post-1104","post","type-post","status-publish","format-standard","has-post-thumbnail","hentry","category-noticias-2"],"yoast_head":"<!-- This site is optimized with the Yoast SEO plugin v27.2 - https:\/\/yoast.com\/product\/yoast-seo-wordpress\/ -->\n<title>SALIDA 2\u00ba ESO A LA COCA-COLA (VISITA Y CONCURSO) - Centros de ense\u00f1anza<\/title>\n<meta name=\"robots\" content=\"index, follow, max-snippet:-1, max-image-preview:large, max-video-preview:-1\" \/>\n<link rel=\"canonical\" href=\"https:\/\/centresmolina.com\/centreensenyament\/es\/2015\/06\/16\/sortida-2n-deso-a-la-coca-cola-visita-i-concurs\/\" \/>\n<meta property=\"og:locale\" content=\"es_ES\" \/>\n<meta property=\"og:type\" content=\"article\" \/>\n<meta property=\"og:title\" content=\"SALIDA 2\u00ba ESO A LA COCA-COLA (VISITA Y CONCURSO) - Centros de ense\u00f1anza\" \/>\n<meta property=\"og:description\" content=\"&nbsp; Aqu\u00ed ten\u00e9is un resumen de lo que fue la salida de los alumnos de 2\u00ba curso de la ESO...\" \/>\n<meta property=\"og:url\" content=\"https:\/\/centresmolina.com\/centreensenyament\/es\/2015\/06\/16\/sortida-2n-deso-a-la-coca-cola-visita-i-concurs\/\" \/>\n<meta property=\"og:site_name\" content=\"Centros de ense\u00f1anza\" \/>\n<meta property=\"article:published_time\" content=\"2015-06-16T13:53:20+00:00\" \/>\n<meta property=\"article:modified_time\" content=\"2015-06-16T13:57:01+00:00\" \/>\n<meta property=\"og:image\" content=\"https:\/\/centresmolina.com\/centreensenyament\/files\/2015\/06\/IMG_20150609_095150.jpg\" \/>\n\t<meta property=\"og:image:width\" content=\"4224\" \/>\n\t<meta property=\"og:image:height\" content=\"3168\" \/>\n\t<meta property=\"og:image:type\" content=\"image\/jpeg\" \/>\n<meta name=\"author\" content=\"admin\" \/>\n<meta name=\"twitter:label1\" content=\"Escrito por\" \/>\n\t<meta name=\"twitter:data1\" content=\"admin\" \/>\n\t<meta name=\"twitter:label2\" content=\"Tiempo de lectura\" \/>\n\t<meta name=\"twitter:data2\" content=\"1 minuto\" \/>\n<script type=\"application\/ld+json\" class=\"yoast-schema-graph\">{\"@context\":\"https:\/\/schema.org\",\"@graph\":[{\"@type\":\"Article\",\"@id\":\"https:\/\/centresmolina.com\/centreensenyament\/es\/2015\/06\/16\/sortida-2n-deso-a-la-coca-cola-visita-i-concurs\/#article\",\"isPartOf\":{\"@id\":\"https:\/\/centresmolina.com\/centreensenyament\/es\/2015\/06\/16\/sortida-2n-deso-a-la-coca-cola-visita-i-concurs\/\"},\"author\":{\"name\":\"admin\",\"@id\":\"https:\/\/centresmolina.com\/centreensenyament\/#\/schema\/person\/708769d47ecd01f5140f36e96d68031b\"},\"headline\":\"SALIDA 2\u00ba ESO A LA COCA-COLA (VISITA Y CONCURSO)\",\"datePublished\":\"2015-06-16T13:53:20+00:00\",\"dateModified\":\"2015-06-16T13:57:01+00:00\",\"mainEntityOfPage\":{\"@id\":\"https:\/\/centresmolina.com\/centreensenyament\/es\/2015\/06\/16\/sortida-2n-deso-a-la-coca-cola-visita-i-concurs\/\"},\"wordCount\":147,\"commentCount\":0,\"image\":{\"@id\":\"https:\/\/centresmolina.com\/centreensenyament\/es\/2015\/06\/16\/sortida-2n-deso-a-la-coca-cola-visita-i-concurs\/#primaryimage\"},\"thumbnailUrl\":\"https:\/\/centresmolina.com\/centreensenyament\/files\/2015\/06\/IMG_20150609_095150.jpg\",\"articleSection\":[\"Noticias\"],\"inLanguage\":\"es\",\"potentialAction\":[{\"@type\":\"CommentAction\",\"name\":\"Comment\",\"target\":[\"https:\/\/centresmolina.com\/centreensenyament\/es\/2015\/06\/16\/sortida-2n-deso-a-la-coca-cola-visita-i-concurs\/#respond\"]}]},{\"@type\":\"WebPage\",\"@id\":\"https:\/\/centresmolina.com\/centreensenyament\/es\/2015\/06\/16\/sortida-2n-deso-a-la-coca-cola-visita-i-concurs\/\",\"url\":\"https:\/\/centresmolina.com\/centreensenyament\/es\/2015\/06\/16\/sortida-2n-deso-a-la-coca-cola-visita-i-concurs\/\",\"name\":\"SALIDA 2\u00ba ESO A LA COCA-COLA (VISITA Y CONCURSO) - Centros de ense\u00f1anza\",\"isPartOf\":{\"@id\":\"https:\/\/centresmolina.com\/centreensenyament\/#website\"},\"primaryImageOfPage\":{\"@id\":\"https:\/\/centresmolina.com\/centreensenyament\/es\/2015\/06\/16\/sortida-2n-deso-a-la-coca-cola-visita-i-concurs\/#primaryimage\"},\"image\":{\"@id\":\"https:\/\/centresmolina.com\/centreensenyament\/es\/2015\/06\/16\/sortida-2n-deso-a-la-coca-cola-visita-i-concurs\/#primaryimage\"},\"thumbnailUrl\":\"https:\/\/centresmolina.com\/centreensenyament\/files\/2015\/06\/IMG_20150609_095150.jpg\",\"datePublished\":\"2015-06-16T13:53:20+00:00\",\"dateModified\":\"2015-06-16T13:57:01+00:00\",\"author\":{\"@id\":\"https:\/\/centresmolina.com\/centreensenyament\/#\/schema\/person\/708769d47ecd01f5140f36e96d68031b\"},\"breadcrumb\":{\"@id\":\"https:\/\/centresmolina.com\/centreensenyament\/es\/2015\/06\/16\/sortida-2n-deso-a-la-coca-cola-visita-i-concurs\/#breadcrumb\"},\"inLanguage\":\"es\",\"potentialAction\":[{\"@type\":\"ReadAction\",\"target\":[\"https:\/\/centresmolina.com\/centreensenyament\/es\/2015\/06\/16\/sortida-2n-deso-a-la-coca-cola-visita-i-concurs\/\"]}]},{\"@type\":\"ImageObject\",\"inLanguage\":\"es\",\"@id\":\"https:\/\/centresmolina.com\/centreensenyament\/es\/2015\/06\/16\/sortida-2n-deso-a-la-coca-cola-visita-i-concurs\/#primaryimage\",\"url\":\"https:\/\/centresmolina.com\/centreensenyament\/files\/2015\/06\/IMG_20150609_095150.jpg\",\"contentUrl\":\"https:\/\/centresmolina.com\/centreensenyament\/files\/2015\/06\/IMG_20150609_095150.jpg\",\"width\":4224,\"height\":3168},{\"@type\":\"BreadcrumbList\",\"@id\":\"https:\/\/centresmolina.com\/centreensenyament\/es\/2015\/06\/16\/sortida-2n-deso-a-la-coca-cola-visita-i-concurs\/#breadcrumb\",\"itemListElement\":[{\"@type\":\"ListItem\",\"position\":1,\"name\":\"Portada\",\"item\":\"https:\/\/centresmolina.com\/centreensenyament\/es\/\"},{\"@type\":\"ListItem\",\"position\":2,\"name\":\"SALIDA 2\u00ba ESO A LA COCA-COLA (VISITA Y CONCURSO)\"}]},{\"@type\":\"WebSite\",\"@id\":\"https:\/\/centresmolina.com\/centreensenyament\/#website\",\"url\":\"https:\/\/centresmolina.com\/centreensenyament\/\",\"name\":\"Centros de ense\u00f1anza\",\"description\":\"Centres Molina - Centros de ense\u00f1anza\",\"potentialAction\":[{\"@type\":\"SearchAction\",\"target\":{\"@type\":\"EntryPoint\",\"urlTemplate\":\"https:\/\/centresmolina.com\/centreensenyament\/?s={search_term_string}\"},\"query-input\":{\"@type\":\"PropertyValueSpecification\",\"valueRequired\":true,\"valueName\":\"search_term_string\"}}],\"inLanguage\":\"es\"},{\"@type\":\"Person\",\"@id\":\"https:\/\/centresmolina.com\/centreensenyament\/#\/schema\/person\/708769d47ecd01f5140f36e96d68031b\",\"name\":\"admin\",\"image\":{\"@type\":\"ImageObject\",\"inLanguage\":\"es\",\"@id\":\"https:\/\/secure.gravatar.com\/avatar\/bc0924690544a330a276ffa283d886b19cf99625d7aec1f282263d3e9088f3e8?s=96&d=mm&r=g\",\"url\":\"https:\/\/secure.gravatar.com\/avatar\/bc0924690544a330a276ffa283d886b19cf99625d7aec1f282263d3e9088f3e8?s=96&d=mm&r=g\",\"contentUrl\":\"https:\/\/secure.gravatar.com\/avatar\/bc0924690544a330a276ffa283d886b19cf99625d7aec1f282263d3e9088f3e8?s=96&d=mm&r=g\",\"caption\":\"admin\"},\"url\":\"https:\/\/centresmolina.com\/centreensenyament\/es\/author\/admin\/\"}]}<\/script>\n<!-- \/ Yoast SEO plugin. -->","yoast_head_json":{"title":"SALIDA 2\u00ba ESO A LA COCA-COLA (VISITA Y CONCURSO) - Centros de ense\u00f1anza","robots":{"index":"index","follow":"follow","max-snippet":"max-snippet:-1","max-image-preview":"max-image-preview:large","max-video-preview":"max-video-preview:-1"},"canonical":"https:\/\/centresmolina.com\/centreensenyament\/es\/2015\/06\/16\/sortida-2n-deso-a-la-coca-cola-visita-i-concurs\/","og_locale":"es_ES","og_type":"article","og_title":"SALIDA 2\u00ba ESO A LA COCA-COLA (VISITA Y CONCURSO) - Centros de ense\u00f1anza","og_description":"&nbsp; Aqu\u00ed ten\u00e9is un resumen de lo que fue la salida de los alumnos de 2\u00ba curso de la ESO...","og_url":"https:\/\/centresmolina.com\/centreensenyament\/es\/2015\/06\/16\/sortida-2n-deso-a-la-coca-cola-visita-i-concurs\/","og_site_name":"Centros de ense\u00f1anza","article_published_time":"2015-06-16T13:53:20+00:00","article_modified_time":"2015-06-16T13:57:01+00:00","og_image":[{"width":4224,"height":3168,"url":"https:\/\/centresmolina.com\/centreensenyament\/files\/2015\/06\/IMG_20150609_095150.jpg","type":"image\/jpeg"}],"author":"admin","twitter_misc":{"Escrito por":"admin","Tiempo de lectura":"1 minuto"},"schema":{"@context":"https:\/\/schema.org","@graph":[{"@type":"Article","@id":"https:\/\/centresmolina.com\/centreensenyament\/es\/2015\/06\/16\/sortida-2n-deso-a-la-coca-cola-visita-i-concurs\/#article","isPartOf":{"@id":"https:\/\/centresmolina.com\/centreensenyament\/es\/2015\/06\/16\/sortida-2n-deso-a-la-coca-cola-visita-i-concurs\/"},"author":{"name":"admin","@id":"https:\/\/centresmolina.com\/centreensenyament\/#\/schema\/person\/708769d47ecd01f5140f36e96d68031b"},"headline":"SALIDA 2\u00ba ESO A LA COCA-COLA (VISITA Y CONCURSO)","datePublished":"2015-06-16T13:53:20+00:00","dateModified":"2015-06-16T13:57:01+00:00","mainEntityOfPage":{"@id":"https:\/\/centresmolina.com\/centreensenyament\/es\/2015\/06\/16\/sortida-2n-deso-a-la-coca-cola-visita-i-concurs\/"},"wordCount":147,"commentCount":0,"image":{"@id":"https:\/\/centresmolina.com\/centreensenyament\/es\/2015\/06\/16\/sortida-2n-deso-a-la-coca-cola-visita-i-concurs\/#primaryimage"},"thumbnailUrl":"https:\/\/centresmolina.com\/centreensenyament\/files\/2015\/06\/IMG_20150609_095150.jpg","articleSection":["Noticias"],"inLanguage":"es","potentialAction":[{"@type":"CommentAction","name":"Comment","target":["https:\/\/centresmolina.com\/centreensenyament\/es\/2015\/06\/16\/sortida-2n-deso-a-la-coca-cola-visita-i-concurs\/#respond"]}]},{"@type":"WebPage","@id":"https:\/\/centresmolina.com\/centreensenyament\/es\/2015\/06\/16\/sortida-2n-deso-a-la-coca-cola-visita-i-concurs\/","url":"https:\/\/centresmolina.com\/centreensenyament\/es\/2015\/06\/16\/sortida-2n-deso-a-la-coca-cola-visita-i-concurs\/","name":"SALIDA 2\u00ba ESO A LA COCA-COLA (VISITA Y CONCURSO) - Centros de ense\u00f1anza","isPartOf":{"@id":"https:\/\/centresmolina.com\/centreensenyament\/#website"},"primaryImageOfPage":{"@id":"https:\/\/centresmolina.com\/centreensenyament\/es\/2015\/06\/16\/sortida-2n-deso-a-la-coca-cola-visita-i-concurs\/#primaryimage"},"image":{"@id":"https:\/\/centresmolina.com\/centreensenyament\/es\/2015\/06\/16\/sortida-2n-deso-a-la-coca-cola-visita-i-concurs\/#primaryimage"},"thumbnailUrl":"https:\/\/centresmolina.com\/centreensenyament\/files\/2015\/06\/IMG_20150609_095150.jpg","datePublished":"2015-06-16T13:53:20+00:00","dateModified":"2015-06-16T13:57:01+00:00","author":{"@id":"https:\/\/centresmolina.com\/centreensenyament\/#\/schema\/person\/708769d47ecd01f5140f36e96d68031b"},"breadcrumb":{"@id":"https:\/\/centresmolina.com\/centreensenyament\/es\/2015\/06\/16\/sortida-2n-deso-a-la-coca-cola-visita-i-concurs\/#breadcrumb"},"inLanguage":"es","potentialAction":[{"@type":"ReadAction","target":["https:\/\/centresmolina.com\/centreensenyament\/es\/2015\/06\/16\/sortida-2n-deso-a-la-coca-cola-visita-i-concurs\/"]}]},{"@type":"ImageObject","inLanguage":"es","@id":"https:\/\/centresmolina.com\/centreensenyament\/es\/2015\/06\/16\/sortida-2n-deso-a-la-coca-cola-visita-i-concurs\/#primaryimage","url":"https:\/\/centresmolina.com\/centreensenyament\/files\/2015\/06\/IMG_20150609_095150.jpg","contentUrl":"https:\/\/centresmolina.com\/centreensenyament\/files\/2015\/06\/IMG_20150609_095150.jpg","width":4224,"height":3168},{"@type":"BreadcrumbList","@id":"https:\/\/centresmolina.com\/centreensenyament\/es\/2015\/06\/16\/sortida-2n-deso-a-la-coca-cola-visita-i-concurs\/#breadcrumb","itemListElement":[{"@type":"ListItem","position":1,"name":"Portada","item":"https:\/\/centresmolina.com\/centreensenyament\/es\/"},{"@type":"ListItem","position":2,"name":"SALIDA 2\u00ba ESO A LA COCA-COLA (VISITA Y CONCURSO)"}]},{"@type":"WebSite","@id":"https:\/\/centresmolina.com\/centreensenyament\/#website","url":"https:\/\/centresmolina.com\/centreensenyament\/","name":"Centros de ense\u00f1anza","description":"Centres Molina - Centros de ense\u00f1anza","potentialAction":[{"@type":"SearchAction","target":{"@type":"EntryPoint","urlTemplate":"https:\/\/centresmolina.com\/centreensenyament\/?s={search_term_string}"},"query-input":{"@type":"PropertyValueSpecification","valueRequired":true,"valueName":"search_term_string"}}],"inLanguage":"es"},{"@type":"Person","@id":"https:\/\/centresmolina.com\/centreensenyament\/#\/schema\/person\/708769d47ecd01f5140f36e96d68031b","name":"admin","image":{"@type":"ImageObject","inLanguage":"es","@id":"https:\/\/secure.gravatar.com\/avatar\/bc0924690544a330a276ffa283d886b19cf99625d7aec1f282263d3e9088f3e8?s=96&d=mm&r=g","url":"https:\/\/secure.gravatar.com\/avatar\/bc0924690544a330a276ffa283d886b19cf99625d7aec1f282263d3e9088f3e8?s=96&d=mm&r=g","contentUrl":"https:\/\/secure.gravatar.com\/avatar\/bc0924690544a330a276ffa283d886b19cf99625d7aec1f282263d3e9088f3e8?s=96&d=mm&r=g","caption":"admin"},"url":"https:\/\/centresmolina.com\/centreensenyament\/es\/author\/admin\/"}]}},"_links":{"self":[{"href":"https:\/\/centresmolina.com\/centreensenyament\/es\/wp-json\/wp\/v2\/posts\/1104\/"}],"collection":[{"href":"https:\/\/centresmolina.com\/centreensenyament\/es\/wp-json\/wp\/v2\/posts\/"}],"about":[{"href":"https:\/\/centresmolina.com\/centreensenyament\/es\/wp-json\/wp\/v2\/types\/post\/"}],"author":[{"embeddable":true,"href":"https:\/\/centresmolina.com\/centreensenyament\/es\/wp-json\/wp\/v2\/users\/1\/"}],"replies":[{"embeddable":true,"href":"https:\/\/centresmolina.com\/centreensenyament\/es\/wp-json\/wp\/v2\/comments\/?post=1104"}],"version-history":[{"count":2,"href":"https:\/\/centresmolina.com\/centreensenyament\/es\/wp-json\/wp\/v2\/posts\/1104\/revisions\/"}],"predecessor-version":[{"id":1106,"href":"https:\/\/centresmolina.com\/centreensenyament\/es\/wp-json\/wp\/v2\/posts\/1104\/revisions\/1106\/"}],"wp:featuredmedia":[{"embeddable":true,"href":"https:\/\/centresmolina.com\/centreensenyament\/es\/wp-json\/wp\/v2\/media\/1099\/"}],"wp:attachment":[{"href":"https:\/\/centresmolina.com\/centreensenyament\/es\/wp-json\/wp\/v2\/media\/?parent=1104"}],"wp:term":[{"taxonomy":"category","embeddable":true,"href":"https:\/\/centresmolina.com\/centreensenyament\/es\/wp-json\/wp\/v2\/categories\/?post=1104"},{"taxonomy":"post_tag","embeddable":true,"href":"https:\/\/centresmolina.com\/centreensenyament\/es\/wp-json\/wp\/v2\/tags\/?post=1104"}],"curies":[{"name":"wp","href":"https:\/\/api.w.org\/{rel}","templated":true}]}}