{"id":14175,"date":"2021-02-22T06:16:30","date_gmt":"2021-02-22T06:16:30","guid":{"rendered":"http:\/\/centresmolina.com\/centreensenyament\/?p=14175"},"modified":"2021-02-27T06:19:12","modified_gmt":"2021-02-27T06:19:12","slug":"visita-al-turo-de-la-rovira-eso2","status":"publish","type":"post","link":"https:\/\/centresmolina.com\/centreensenyament\/es\/2021\/02\/22\/visita-al-turo-de-la-rovira-eso2\/","title":{"rendered":"Visita al Tur\u00f3 de la Rovira ESO2"},"content":{"rendered":"<div class=\"gE iv gt\">Los alumnos de ESO2 esta ma\u00f1ana han hecho un recorrido hasta el Tur\u00f3 de la Rovira para hacer un estudio matem\u00e1tico y una actividad de EVP.<\/div>\n<div>\n\n\t\t<style type=\"text\/css\">\n\t\t\t#gallery-1 {\n\t\t\t\tmargin: auto;\n\t\t\t}\n\t\t\t#gallery-1 .gallery-item {\n\t\t\t\tfloat: left;\n\t\t\t\tmargin-top: 10px;\n\t\t\t\ttext-align: center;\n\t\t\t\twidth: 25%;\n\t\t\t}\n\t\t\t#gallery-1 img {\n\t\t\t\tborder: 2px solid #cfcfcf;\n\t\t\t}\n\t\t\t#gallery-1 .gallery-caption {\n\t\t\t\tmargin-left: 0;\n\t\t\t}\n\t\t\t\/* see gallery_shortcode() in wp-includes\/media.php *\/\n\t\t<\/style>\n\t\t<div id='gallery-1' class='gallery galleryid-14175 gallery-columns-4 gallery-size-medium'><dl class='gallery-item'>\n\t\t\t<dt class='gallery-icon portrait'>\n\t\t\t\t<a href='https:\/\/centresmolina.com\/centreensenyament\/files\/2021\/02\/Tur\u00f3-de-la-Rovira-ESO2-2.jpg'><img loading=\"lazy\" decoding=\"async\" width=\"169\" height=\"300\" src=\"https:\/\/centresmolina.com\/centreensenyament\/files\/2021\/02\/Tur\u00f3-de-la-Rovira-ESO2-2-169x300.jpg\" class=\"attachment-medium size-medium\" alt=\"\" srcset=\"https:\/\/centresmolina.com\/centreensenyament\/files\/2021\/02\/Tur\u00f3-de-la-Rovira-ESO2-2-169x300.jpg 169w, https:\/\/centresmolina.com\/centreensenyament\/files\/2021\/02\/Tur\u00f3-de-la-Rovira-ESO2-2-576x1024.jpg 576w, https:\/\/centresmolina.com\/centreensenyament\/files\/2021\/02\/Tur\u00f3-de-la-Rovira-ESO2-2-768x1365.jpg 768w, https:\/\/centresmolina.com\/centreensenyament\/files\/2021\/02\/Tur\u00f3-de-la-Rovira-ESO2-2-864x1536.jpg 864w, https:\/\/centresmolina.com\/centreensenyament\/files\/2021\/02\/Tur\u00f3-de-la-Rovira-ESO2-2-1152x2048.jpg 1152w, https:\/\/centresmolina.com\/centreensenyament\/files\/2021\/02\/Tur\u00f3-de-la-Rovira-ESO2-2-scaled.jpg 1440w\" sizes=\"auto, (max-width: 169px) 100vw, 169px\" \/><\/a>\n\t\t\t<\/dt><\/dl><dl class='gallery-item'>\n\t\t\t<dt class='gallery-icon portrait'>\n\t\t\t\t<a href='https:\/\/centresmolina.com\/centreensenyament\/files\/2021\/02\/Tur\u00f3-de-la-Rovira-ESO2-3.jpg'><img loading=\"lazy\" decoding=\"async\" width=\"169\" height=\"300\" src=\"https:\/\/centresmolina.com\/centreensenyament\/files\/2021\/02\/Tur\u00f3-de-la-Rovira-ESO2-3-169x300.jpg\" class=\"attachment-medium size-medium\" alt=\"\" srcset=\"https:\/\/centresmolina.com\/centreensenyament\/files\/2021\/02\/Tur\u00f3-de-la-Rovira-ESO2-3-169x300.jpg 169w, https:\/\/centresmolina.com\/centreensenyament\/files\/2021\/02\/Tur\u00f3-de-la-Rovira-ESO2-3-576x1024.jpg 576w, https:\/\/centresmolina.com\/centreensenyament\/files\/2021\/02\/Tur\u00f3-de-la-Rovira-ESO2-3-768x1365.jpg 768w, https:\/\/centresmolina.com\/centreensenyament\/files\/2021\/02\/Tur\u00f3-de-la-Rovira-ESO2-3-864x1536.jpg 864w, https:\/\/centresmolina.com\/centreensenyament\/files\/2021\/02\/Tur\u00f3-de-la-Rovira-ESO2-3-1152x2048.jpg 1152w, https:\/\/centresmolina.com\/centreensenyament\/files\/2021\/02\/Tur\u00f3-de-la-Rovira-ESO2-3-scaled.jpg 1440w\" sizes=\"auto, (max-width: 169px) 100vw, 169px\" \/><\/a>\n\t\t\t<\/dt><\/dl><dl class='gallery-item'>\n\t\t\t<dt class='gallery-icon portrait'>\n\t\t\t\t<a href='https:\/\/centresmolina.com\/centreensenyament\/files\/2021\/02\/Tur\u00f3-de-la-Rovira-ESO2-10.jpg'><img loading=\"lazy\" decoding=\"async\" width=\"169\" height=\"300\" src=\"https:\/\/centresmolina.com\/centreensenyament\/files\/2021\/02\/Tur\u00f3-de-la-Rovira-ESO2-10-169x300.jpg\" class=\"attachment-medium size-medium\" alt=\"\" srcset=\"https:\/\/centresmolina.com\/centreensenyament\/files\/2021\/02\/Tur\u00f3-de-la-Rovira-ESO2-10-169x300.jpg 169w, https:\/\/centresmolina.com\/centreensenyament\/files\/2021\/02\/Tur\u00f3-de-la-Rovira-ESO2-10-576x1024.jpg 576w, https:\/\/centresmolina.com\/centreensenyament\/files\/2021\/02\/Tur\u00f3-de-la-Rovira-ESO2-10-768x1365.jpg 768w, https:\/\/centresmolina.com\/centreensenyament\/files\/2021\/02\/Tur\u00f3-de-la-Rovira-ESO2-10-864x1536.jpg 864w, https:\/\/centresmolina.com\/centreensenyament\/files\/2021\/02\/Tur\u00f3-de-la-Rovira-ESO2-10-1152x2048.jpg 1152w, https:\/\/centresmolina.com\/centreensenyament\/files\/2021\/02\/Tur\u00f3-de-la-Rovira-ESO2-10-scaled.jpg 1440w\" sizes=\"auto, (max-width: 169px) 100vw, 169px\" \/><\/a>\n\t\t\t<\/dt><\/dl><dl class='gallery-item'>\n\t\t\t<dt class='gallery-icon portrait'>\n\t\t\t\t<a href='https:\/\/centresmolina.com\/centreensenyament\/files\/2021\/02\/Tur\u00f3-de-la-Rovira-ESO2-15.jpg'><img loading=\"lazy\" decoding=\"async\" width=\"169\" height=\"300\" src=\"https:\/\/centresmolina.com\/centreensenyament\/files\/2021\/02\/Tur\u00f3-de-la-Rovira-ESO2-15-169x300.jpg\" class=\"attachment-medium size-medium\" alt=\"\" srcset=\"https:\/\/centresmolina.com\/centreensenyament\/files\/2021\/02\/Tur\u00f3-de-la-Rovira-ESO2-15-169x300.jpg 169w, https:\/\/centresmolina.com\/centreensenyament\/files\/2021\/02\/Tur\u00f3-de-la-Rovira-ESO2-15-576x1024.jpg 576w, https:\/\/centresmolina.com\/centreensenyament\/files\/2021\/02\/Tur\u00f3-de-la-Rovira-ESO2-15-768x1365.jpg 768w, https:\/\/centresmolina.com\/centreensenyament\/files\/2021\/02\/Tur\u00f3-de-la-Rovira-ESO2-15-864x1536.jpg 864w, https:\/\/centresmolina.com\/centreensenyament\/files\/2021\/02\/Tur\u00f3-de-la-Rovira-ESO2-15-1152x2048.jpg 1152w, https:\/\/centresmolina.com\/centreensenyament\/files\/2021\/02\/Tur\u00f3-de-la-Rovira-ESO2-15-scaled.jpg 1440w\" sizes=\"auto, (max-width: 169px) 100vw, 169px\" \/><\/a>\n\t\t\t<\/dt><\/dl><br style=\"clear: both\" \/>\n\t\t<\/div>\n\n<\/div>\n<div>En un mapa tuvieron que trazar el recorrido que segu\u00edan para hacer unos c\u00e1lculos matem\u00e1ticos que Helena les hab\u00eda explicar: desde la escuela fueron hasta las casas baratas de Nou Barris, bajaron por la calle Sant Iscle (antiguo camino de salida de la ciudad de Barcelona para ir a Collserola). Pasaron por el Mercado de la Merced de Virrei Amat, la Iglesia de Santa Eulalia de Vilapicina de la calle Fabra i Puig, donde tambi\u00e9n hay una mas\u00eda antigua convertida en el Centro C\u00edvico Can Bast\u00e9 y el magistral Ca n&#8217;Art\u00e9s, casa de construcci\u00f3n medieval. Cruzamos el Paseo Maragall para hacer la subida al Tur\u00f3 de la Rovira, hasta la cima donde est\u00e1n los famosos Bunkers.<\/div>\n<div><\/div>\n<div>\n\n\t\t<style type=\"text\/css\">\n\t\t\t#gallery-2 {\n\t\t\t\tmargin: auto;\n\t\t\t}\n\t\t\t#gallery-2 .gallery-item {\n\t\t\t\tfloat: left;\n\t\t\t\tmargin-top: 10px;\n\t\t\t\ttext-align: center;\n\t\t\t\twidth: 33%;\n\t\t\t}\n\t\t\t#gallery-2 img {\n\t\t\t\tborder: 2px solid #cfcfcf;\n\t\t\t}\n\t\t\t#gallery-2 .gallery-caption {\n\t\t\t\tmargin-left: 0;\n\t\t\t}\n\t\t\t\/* see gallery_shortcode() in wp-includes\/media.php *\/\n\t\t<\/style>\n\t\t<div id='gallery-2' class='gallery galleryid-14175 gallery-columns-3 gallery-size-medium'><dl class='gallery-item'>\n\t\t\t<dt class='gallery-icon landscape'>\n\t\t\t\t<a href='https:\/\/centresmolina.com\/centreensenyament\/files\/2021\/02\/Tur\u00f3-de-la-Rovira-ESO2-13.jpg'><img loading=\"lazy\" decoding=\"async\" width=\"300\" height=\"169\" src=\"https:\/\/centresmolina.com\/centreensenyament\/files\/2021\/02\/Tur\u00f3-de-la-Rovira-ESO2-13-300x169.jpg\" class=\"attachment-medium size-medium\" alt=\"\" srcset=\"https:\/\/centresmolina.com\/centreensenyament\/files\/2021\/02\/Tur\u00f3-de-la-Rovira-ESO2-13-300x169.jpg 300w, https:\/\/centresmolina.com\/centreensenyament\/files\/2021\/02\/Tur\u00f3-de-la-Rovira-ESO2-13-1024x576.jpg 1024w, https:\/\/centresmolina.com\/centreensenyament\/files\/2021\/02\/Tur\u00f3-de-la-Rovira-ESO2-13-768x432.jpg 768w, https:\/\/centresmolina.com\/centreensenyament\/files\/2021\/02\/Tur\u00f3-de-la-Rovira-ESO2-13-1536x864.jpg 1536w, https:\/\/centresmolina.com\/centreensenyament\/files\/2021\/02\/Tur\u00f3-de-la-Rovira-ESO2-13-2048x1152.jpg 2048w\" sizes=\"auto, (max-width: 300px) 100vw, 300px\" \/><\/a>\n\t\t\t<\/dt><\/dl><dl class='gallery-item'>\n\t\t\t<dt class='gallery-icon landscape'>\n\t\t\t\t<a href='https:\/\/centresmolina.com\/centreensenyament\/files\/2021\/02\/Tur\u00f3-de-la-Rovira-ESO2-14.jpg'><img loading=\"lazy\" decoding=\"async\" width=\"300\" height=\"169\" src=\"https:\/\/centresmolina.com\/centreensenyament\/files\/2021\/02\/Tur\u00f3-de-la-Rovira-ESO2-14-300x169.jpg\" class=\"attachment-medium size-medium\" alt=\"\" srcset=\"https:\/\/centresmolina.com\/centreensenyament\/files\/2021\/02\/Tur\u00f3-de-la-Rovira-ESO2-14-300x169.jpg 300w, https:\/\/centresmolina.com\/centreensenyament\/files\/2021\/02\/Tur\u00f3-de-la-Rovira-ESO2-14-1024x576.jpg 1024w, https:\/\/centresmolina.com\/centreensenyament\/files\/2021\/02\/Tur\u00f3-de-la-Rovira-ESO2-14-768x432.jpg 768w, https:\/\/centresmolina.com\/centreensenyament\/files\/2021\/02\/Tur\u00f3-de-la-Rovira-ESO2-14-1536x864.jpg 1536w, https:\/\/centresmolina.com\/centreensenyament\/files\/2021\/02\/Tur\u00f3-de-la-Rovira-ESO2-14-2048x1152.jpg 2048w\" sizes=\"auto, (max-width: 300px) 100vw, 300px\" \/><\/a>\n\t\t\t<\/dt><\/dl><dl class='gallery-item'>\n\t\t\t<dt class='gallery-icon landscape'>\n\t\t\t\t<a href='https:\/\/centresmolina.com\/centreensenyament\/files\/2021\/02\/Tur\u00f3-de-la-Rovira-ESO2-9.jpg'><img loading=\"lazy\" decoding=\"async\" width=\"300\" height=\"169\" src=\"https:\/\/centresmolina.com\/centreensenyament\/files\/2021\/02\/Tur\u00f3-de-la-Rovira-ESO2-9-300x169.jpg\" class=\"attachment-medium size-medium\" alt=\"\" srcset=\"https:\/\/centresmolina.com\/centreensenyament\/files\/2021\/02\/Tur\u00f3-de-la-Rovira-ESO2-9-300x169.jpg 300w, https:\/\/centresmolina.com\/centreensenyament\/files\/2021\/02\/Tur\u00f3-de-la-Rovira-ESO2-9-1024x576.jpg 1024w, https:\/\/centresmolina.com\/centreensenyament\/files\/2021\/02\/Tur\u00f3-de-la-Rovira-ESO2-9-768x432.jpg 768w, https:\/\/centresmolina.com\/centreensenyament\/files\/2021\/02\/Tur\u00f3-de-la-Rovira-ESO2-9-1536x864.jpg 1536w, https:\/\/centresmolina.com\/centreensenyament\/files\/2021\/02\/Tur\u00f3-de-la-Rovira-ESO2-9-2048x1152.jpg 2048w\" sizes=\"auto, (max-width: 300px) 100vw, 300px\" \/><\/a>\n\t\t\t<\/dt><\/dl><br style=\"clear: both\" \/><dl class='gallery-item'>\n\t\t\t<dt class='gallery-icon landscape'>\n\t\t\t\t<a href='https:\/\/centresmolina.com\/centreensenyament\/files\/2021\/02\/Tur\u00f3-de-la-Rovira-ESO2-7.jpg'><img loading=\"lazy\" decoding=\"async\" width=\"300\" height=\"169\" src=\"https:\/\/centresmolina.com\/centreensenyament\/files\/2021\/02\/Tur\u00f3-de-la-Rovira-ESO2-7-300x169.jpg\" class=\"attachment-medium size-medium\" alt=\"\" srcset=\"https:\/\/centresmolina.com\/centreensenyament\/files\/2021\/02\/Tur\u00f3-de-la-Rovira-ESO2-7-300x169.jpg 300w, https:\/\/centresmolina.com\/centreensenyament\/files\/2021\/02\/Tur\u00f3-de-la-Rovira-ESO2-7-1024x576.jpg 1024w, https:\/\/centresmolina.com\/centreensenyament\/files\/2021\/02\/Tur\u00f3-de-la-Rovira-ESO2-7-768x432.jpg 768w, https:\/\/centresmolina.com\/centreensenyament\/files\/2021\/02\/Tur\u00f3-de-la-Rovira-ESO2-7-1536x864.jpg 1536w, https:\/\/centresmolina.com\/centreensenyament\/files\/2021\/02\/Tur\u00f3-de-la-Rovira-ESO2-7-2048x1152.jpg 2048w\" sizes=\"auto, (max-width: 300px) 100vw, 300px\" \/><\/a>\n\t\t\t<\/dt><\/dl><dl class='gallery-item'>\n\t\t\t<dt class='gallery-icon landscape'>\n\t\t\t\t<a href='https:\/\/centresmolina.com\/centreensenyament\/files\/2021\/02\/Tur\u00f3-de-la-Rovira-ESO2-11.jpg'><img loading=\"lazy\" decoding=\"async\" width=\"300\" height=\"169\" src=\"https:\/\/centresmolina.com\/centreensenyament\/files\/2021\/02\/Tur\u00f3-de-la-Rovira-ESO2-11-300x169.jpg\" class=\"attachment-medium size-medium\" alt=\"\" srcset=\"https:\/\/centresmolina.com\/centreensenyament\/files\/2021\/02\/Tur\u00f3-de-la-Rovira-ESO2-11-300x169.jpg 300w, https:\/\/centresmolina.com\/centreensenyament\/files\/2021\/02\/Tur\u00f3-de-la-Rovira-ESO2-11-1024x576.jpg 1024w, https:\/\/centresmolina.com\/centreensenyament\/files\/2021\/02\/Tur\u00f3-de-la-Rovira-ESO2-11-768x432.jpg 768w, https:\/\/centresmolina.com\/centreensenyament\/files\/2021\/02\/Tur\u00f3-de-la-Rovira-ESO2-11-1536x864.jpg 1536w, https:\/\/centresmolina.com\/centreensenyament\/files\/2021\/02\/Tur\u00f3-de-la-Rovira-ESO2-11-2048x1152.jpg 2048w\" sizes=\"auto, (max-width: 300px) 100vw, 300px\" \/><\/a>\n\t\t\t<\/dt><\/dl><dl class='gallery-item'>\n\t\t\t<dt class='gallery-icon landscape'>\n\t\t\t\t<a href='https:\/\/centresmolina.com\/centreensenyament\/files\/2021\/02\/Tur\u00f3-de-la-Rovira-ESO2-8.jpg'><img loading=\"lazy\" decoding=\"async\" width=\"300\" height=\"169\" src=\"https:\/\/centresmolina.com\/centreensenyament\/files\/2021\/02\/Tur\u00f3-de-la-Rovira-ESO2-8-300x169.jpg\" class=\"attachment-medium size-medium\" alt=\"\" srcset=\"https:\/\/centresmolina.com\/centreensenyament\/files\/2021\/02\/Tur\u00f3-de-la-Rovira-ESO2-8-300x169.jpg 300w, https:\/\/centresmolina.com\/centreensenyament\/files\/2021\/02\/Tur\u00f3-de-la-Rovira-ESO2-8-1024x576.jpg 1024w, https:\/\/centresmolina.com\/centreensenyament\/files\/2021\/02\/Tur\u00f3-de-la-Rovira-ESO2-8-768x432.jpg 768w, https:\/\/centresmolina.com\/centreensenyament\/files\/2021\/02\/Tur\u00f3-de-la-Rovira-ESO2-8-1536x864.jpg 1536w, https:\/\/centresmolina.com\/centreensenyament\/files\/2021\/02\/Tur\u00f3-de-la-Rovira-ESO2-8-2048x1152.jpg 2048w\" sizes=\"auto, (max-width: 300px) 100vw, 300px\" \/><\/a>\n\t\t\t<\/dt><\/dl><br style=\"clear: both\" \/>\n\t\t<\/div>\n\n<\/div>\n<div>\n<p>En los bunkers hicieron la actividad de Educaci\u00f3n Visual y Pl\u00e1stica: un dibujo de la ciudad en perspectiva c\u00f3nica con varios puntos de fuga.<\/p>\n<p>A pesar de la niebla, \u00a1se consigui\u00f3 !<\/p>\n<\/div>\n","protected":false},"excerpt":{"rendered":"<p>Los alumnos de ESO2 esta ma\u00f1ana han hecho un recorrido hasta el Tur\u00f3 de la Rovira para hacer un estudio&#8230;<\/p>\n","protected":false},"author":3,"featured_media":14158,"comment_status":"closed","ping_status":"closed","sticky":false,"template":"","format":"standard","meta":{"footnotes":""},"categories":[15],"tags":[89,69,197,75,64,23,74,72,68,71,22],"class_list":["post-14175","post","type-post","status-publish","format-standard","has-post-thumbnail","hentry","category-noticias-2","tag-2n-deso-es","tag-aprenentatge-es","tag-barcelona-es","tag-desenvolupament-personal-i-academic-es","tag-educacio-secundaria-obligatoria-es","tag-escola-molina-es","tag-estil-propi-es","tag-experiencia-es","tag-nivells-educatius-es","tag-orientacio-academica-i-professional-es","tag-sortida-es"],"yoast_head":"<!-- This site is optimized with the Yoast SEO plugin v27.2 - https:\/\/yoast.com\/product\/yoast-seo-wordpress\/ -->\n<title>Visita al Tur\u00f3 de la Rovira ESO2 - Centros de ense\u00f1anza<\/title>\n<meta name=\"robots\" content=\"index, follow, max-snippet:-1, max-image-preview:large, max-video-preview:-1\" \/>\n<link rel=\"canonical\" href=\"https:\/\/centresmolina.com\/centreensenyament\/es\/2021\/02\/22\/visita-al-turo-de-la-rovira-eso2\/\" \/>\n<meta property=\"og:locale\" content=\"es_ES\" \/>\n<meta property=\"og:type\" content=\"article\" \/>\n<meta property=\"og:title\" content=\"Visita al Tur\u00f3 de la Rovira ESO2 - Centros de ense\u00f1anza\" \/>\n<meta property=\"og:description\" content=\"Los alumnos de ESO2 esta ma\u00f1ana han hecho un recorrido hasta el Tur\u00f3 de la Rovira para hacer un estudio...\" \/>\n<meta property=\"og:url\" content=\"https:\/\/centresmolina.com\/centreensenyament\/es\/2021\/02\/22\/visita-al-turo-de-la-rovira-eso2\/\" \/>\n<meta property=\"og:site_name\" content=\"Centros de ense\u00f1anza\" \/>\n<meta property=\"article:published_time\" content=\"2021-02-22T06:16:30+00:00\" \/>\n<meta property=\"article:modified_time\" content=\"2021-02-27T06:19:12+00:00\" \/>\n<meta property=\"og:image\" content=\"https:\/\/centresmolina.com\/centreensenyament\/files\/2021\/02\/Tur\u00f3-de-la-Rovira-ESO2-1-1-1024x576.jpg\" \/>\n\t<meta property=\"og:image:width\" content=\"1024\" \/>\n\t<meta property=\"og:image:height\" content=\"576\" \/>\n\t<meta property=\"og:image:type\" content=\"image\/jpeg\" \/>\n<meta name=\"author\" content=\"webmolina\" \/>\n<meta name=\"twitter:label1\" content=\"Escrito por\" \/>\n\t<meta name=\"twitter:data1\" content=\"webmolina\" \/>\n\t<meta name=\"twitter:label2\" content=\"Tiempo de lectura\" \/>\n\t<meta name=\"twitter:data2\" content=\"1 minuto\" \/>\n<script type=\"application\/ld+json\" class=\"yoast-schema-graph\">{\"@context\":\"https:\/\/schema.org\",\"@graph\":[{\"@type\":\"Article\",\"@id\":\"https:\/\/centresmolina.com\/centreensenyament\/es\/2021\/02\/22\/visita-al-turo-de-la-rovira-eso2\/#article\",\"isPartOf\":{\"@id\":\"https:\/\/centresmolina.com\/centreensenyament\/es\/2021\/02\/22\/visita-al-turo-de-la-rovira-eso2\/\"},\"author\":{\"name\":\"webmolina\",\"@id\":\"https:\/\/centresmolina.com\/centreensenyament\/#\/schema\/person\/308d85d274adff04b5c51d47e8aff6cc\"},\"headline\":\"Visita al Tur\u00f3 de la Rovira ESO2\",\"datePublished\":\"2021-02-22T06:16:30+00:00\",\"dateModified\":\"2021-02-27T06:19:12+00:00\",\"mainEntityOfPage\":{\"@id\":\"https:\/\/centresmolina.com\/centreensenyament\/es\/2021\/02\/22\/visita-al-turo-de-la-rovira-eso2\/\"},\"wordCount\":208,\"image\":{\"@id\":\"https:\/\/centresmolina.com\/centreensenyament\/es\/2021\/02\/22\/visita-al-turo-de-la-rovira-eso2\/#primaryimage\"},\"thumbnailUrl\":\"https:\/\/centresmolina.com\/centreensenyament\/files\/2021\/02\/Tur\u00f3-de-la-Rovira-ESO2-1-1.jpg\",\"keywords\":[\"2n d'ESO @es\",\"aprenentatge @es\",\"Barcelona\",\"desenvolupament personal i acad\u00e8mic @es\",\"educaci\u00f3 secund\u00e0ria obligat\u00f2ria @es\",\"Escola Molina @es\",\"estil propi @es\",\"experi\u00e8ncia @es\",\"nivells educatius @es\",\"orientaci\u00f3 acad\u00e8mica i professional @es\",\"Sortida @es\"],\"articleSection\":[\"Noticias\"],\"inLanguage\":\"es\"},{\"@type\":\"WebPage\",\"@id\":\"https:\/\/centresmolina.com\/centreensenyament\/es\/2021\/02\/22\/visita-al-turo-de-la-rovira-eso2\/\",\"url\":\"https:\/\/centresmolina.com\/centreensenyament\/es\/2021\/02\/22\/visita-al-turo-de-la-rovira-eso2\/\",\"name\":\"Visita al Tur\u00f3 de la Rovira ESO2 - Centros de ense\u00f1anza\",\"isPartOf\":{\"@id\":\"https:\/\/centresmolina.com\/centreensenyament\/#website\"},\"primaryImageOfPage\":{\"@id\":\"https:\/\/centresmolina.com\/centreensenyament\/es\/2021\/02\/22\/visita-al-turo-de-la-rovira-eso2\/#primaryimage\"},\"image\":{\"@id\":\"https:\/\/centresmolina.com\/centreensenyament\/es\/2021\/02\/22\/visita-al-turo-de-la-rovira-eso2\/#primaryimage\"},\"thumbnailUrl\":\"https:\/\/centresmolina.com\/centreensenyament\/files\/2021\/02\/Tur\u00f3-de-la-Rovira-ESO2-1-1.jpg\",\"datePublished\":\"2021-02-22T06:16:30+00:00\",\"dateModified\":\"2021-02-27T06:19:12+00:00\",\"author\":{\"@id\":\"https:\/\/centresmolina.com\/centreensenyament\/#\/schema\/person\/308d85d274adff04b5c51d47e8aff6cc\"},\"breadcrumb\":{\"@id\":\"https:\/\/centresmolina.com\/centreensenyament\/es\/2021\/02\/22\/visita-al-turo-de-la-rovira-eso2\/#breadcrumb\"},\"inLanguage\":\"es\",\"potentialAction\":[{\"@type\":\"ReadAction\",\"target\":[\"https:\/\/centresmolina.com\/centreensenyament\/es\/2021\/02\/22\/visita-al-turo-de-la-rovira-eso2\/\"]}]},{\"@type\":\"ImageObject\",\"inLanguage\":\"es\",\"@id\":\"https:\/\/centresmolina.com\/centreensenyament\/es\/2021\/02\/22\/visita-al-turo-de-la-rovira-eso2\/#primaryimage\",\"url\":\"https:\/\/centresmolina.com\/centreensenyament\/files\/2021\/02\/Tur\u00f3-de-la-Rovira-ESO2-1-1.jpg\",\"contentUrl\":\"https:\/\/centresmolina.com\/centreensenyament\/files\/2021\/02\/Tur\u00f3-de-la-Rovira-ESO2-1-1.jpg\",\"width\":2560,\"height\":1440},{\"@type\":\"BreadcrumbList\",\"@id\":\"https:\/\/centresmolina.com\/centreensenyament\/es\/2021\/02\/22\/visita-al-turo-de-la-rovira-eso2\/#breadcrumb\",\"itemListElement\":[{\"@type\":\"ListItem\",\"position\":1,\"name\":\"Portada\",\"item\":\"https:\/\/centresmolina.com\/centreensenyament\/es\/\"},{\"@type\":\"ListItem\",\"position\":2,\"name\":\"Visita al Tur\u00f3 de la Rovira ESO2\"}]},{\"@type\":\"WebSite\",\"@id\":\"https:\/\/centresmolina.com\/centreensenyament\/#website\",\"url\":\"https:\/\/centresmolina.com\/centreensenyament\/\",\"name\":\"Centros de ense\u00f1anza\",\"description\":\"Centres Molina - Centros de ense\u00f1anza\",\"potentialAction\":[{\"@type\":\"SearchAction\",\"target\":{\"@type\":\"EntryPoint\",\"urlTemplate\":\"https:\/\/centresmolina.com\/centreensenyament\/?s={search_term_string}\"},\"query-input\":{\"@type\":\"PropertyValueSpecification\",\"valueRequired\":true,\"valueName\":\"search_term_string\"}}],\"inLanguage\":\"es\"},{\"@type\":\"Person\",\"@id\":\"https:\/\/centresmolina.com\/centreensenyament\/#\/schema\/person\/308d85d274adff04b5c51d47e8aff6cc\",\"name\":\"webmolina\",\"image\":{\"@type\":\"ImageObject\",\"inLanguage\":\"es\",\"@id\":\"https:\/\/secure.gravatar.com\/avatar\/38db407e1ab9b284bf45e3bff4ec5cf1e034e364f09b2ee054619614662a717b?s=96&d=mm&r=g\",\"url\":\"https:\/\/secure.gravatar.com\/avatar\/38db407e1ab9b284bf45e3bff4ec5cf1e034e364f09b2ee054619614662a717b?s=96&d=mm&r=g\",\"contentUrl\":\"https:\/\/secure.gravatar.com\/avatar\/38db407e1ab9b284bf45e3bff4ec5cf1e034e364f09b2ee054619614662a717b?s=96&d=mm&r=g\",\"caption\":\"webmolina\"},\"url\":\"https:\/\/centresmolina.com\/centreensenyament\/es\/author\/webmolina\/\"}]}<\/script>\n<!-- \/ Yoast SEO plugin. -->","yoast_head_json":{"title":"Visita al Tur\u00f3 de la Rovira ESO2 - Centros de ense\u00f1anza","robots":{"index":"index","follow":"follow","max-snippet":"max-snippet:-1","max-image-preview":"max-image-preview:large","max-video-preview":"max-video-preview:-1"},"canonical":"https:\/\/centresmolina.com\/centreensenyament\/es\/2021\/02\/22\/visita-al-turo-de-la-rovira-eso2\/","og_locale":"es_ES","og_type":"article","og_title":"Visita al Tur\u00f3 de la Rovira ESO2 - Centros de ense\u00f1anza","og_description":"Los alumnos de ESO2 esta ma\u00f1ana han hecho un recorrido hasta el Tur\u00f3 de la Rovira para hacer un estudio...","og_url":"https:\/\/centresmolina.com\/centreensenyament\/es\/2021\/02\/22\/visita-al-turo-de-la-rovira-eso2\/","og_site_name":"Centros de ense\u00f1anza","article_published_time":"2021-02-22T06:16:30+00:00","article_modified_time":"2021-02-27T06:19:12+00:00","og_image":[{"width":1024,"height":576,"url":"https:\/\/centresmolina.com\/centreensenyament\/files\/2021\/02\/Tur\u00f3-de-la-Rovira-ESO2-1-1-1024x576.jpg","type":"image\/jpeg"}],"author":"webmolina","twitter_misc":{"Escrito por":"webmolina","Tiempo de lectura":"1 minuto"},"schema":{"@context":"https:\/\/schema.org","@graph":[{"@type":"Article","@id":"https:\/\/centresmolina.com\/centreensenyament\/es\/2021\/02\/22\/visita-al-turo-de-la-rovira-eso2\/#article","isPartOf":{"@id":"https:\/\/centresmolina.com\/centreensenyament\/es\/2021\/02\/22\/visita-al-turo-de-la-rovira-eso2\/"},"author":{"name":"webmolina","@id":"https:\/\/centresmolina.com\/centreensenyament\/#\/schema\/person\/308d85d274adff04b5c51d47e8aff6cc"},"headline":"Visita al Tur\u00f3 de la Rovira ESO2","datePublished":"2021-02-22T06:16:30+00:00","dateModified":"2021-02-27T06:19:12+00:00","mainEntityOfPage":{"@id":"https:\/\/centresmolina.com\/centreensenyament\/es\/2021\/02\/22\/visita-al-turo-de-la-rovira-eso2\/"},"wordCount":208,"image":{"@id":"https:\/\/centresmolina.com\/centreensenyament\/es\/2021\/02\/22\/visita-al-turo-de-la-rovira-eso2\/#primaryimage"},"thumbnailUrl":"https:\/\/centresmolina.com\/centreensenyament\/files\/2021\/02\/Tur\u00f3-de-la-Rovira-ESO2-1-1.jpg","keywords":["2n d'ESO @es","aprenentatge @es","Barcelona","desenvolupament personal i acad\u00e8mic @es","educaci\u00f3 secund\u00e0ria obligat\u00f2ria @es","Escola Molina @es","estil propi @es","experi\u00e8ncia @es","nivells educatius @es","orientaci\u00f3 acad\u00e8mica i professional @es","Sortida @es"],"articleSection":["Noticias"],"inLanguage":"es"},{"@type":"WebPage","@id":"https:\/\/centresmolina.com\/centreensenyament\/es\/2021\/02\/22\/visita-al-turo-de-la-rovira-eso2\/","url":"https:\/\/centresmolina.com\/centreensenyament\/es\/2021\/02\/22\/visita-al-turo-de-la-rovira-eso2\/","name":"Visita al Tur\u00f3 de la Rovira ESO2 - Centros de ense\u00f1anza","isPartOf":{"@id":"https:\/\/centresmolina.com\/centreensenyament\/#website"},"primaryImageOfPage":{"@id":"https:\/\/centresmolina.com\/centreensenyament\/es\/2021\/02\/22\/visita-al-turo-de-la-rovira-eso2\/#primaryimage"},"image":{"@id":"https:\/\/centresmolina.com\/centreensenyament\/es\/2021\/02\/22\/visita-al-turo-de-la-rovira-eso2\/#primaryimage"},"thumbnailUrl":"https:\/\/centresmolina.com\/centreensenyament\/files\/2021\/02\/Tur\u00f3-de-la-Rovira-ESO2-1-1.jpg","datePublished":"2021-02-22T06:16:30+00:00","dateModified":"2021-02-27T06:19:12+00:00","author":{"@id":"https:\/\/centresmolina.com\/centreensenyament\/#\/schema\/person\/308d85d274adff04b5c51d47e8aff6cc"},"breadcrumb":{"@id":"https:\/\/centresmolina.com\/centreensenyament\/es\/2021\/02\/22\/visita-al-turo-de-la-rovira-eso2\/#breadcrumb"},"inLanguage":"es","potentialAction":[{"@type":"ReadAction","target":["https:\/\/centresmolina.com\/centreensenyament\/es\/2021\/02\/22\/visita-al-turo-de-la-rovira-eso2\/"]}]},{"@type":"ImageObject","inLanguage":"es","@id":"https:\/\/centresmolina.com\/centreensenyament\/es\/2021\/02\/22\/visita-al-turo-de-la-rovira-eso2\/#primaryimage","url":"https:\/\/centresmolina.com\/centreensenyament\/files\/2021\/02\/Tur\u00f3-de-la-Rovira-ESO2-1-1.jpg","contentUrl":"https:\/\/centresmolina.com\/centreensenyament\/files\/2021\/02\/Tur\u00f3-de-la-Rovira-ESO2-1-1.jpg","width":2560,"height":1440},{"@type":"BreadcrumbList","@id":"https:\/\/centresmolina.com\/centreensenyament\/es\/2021\/02\/22\/visita-al-turo-de-la-rovira-eso2\/#breadcrumb","itemListElement":[{"@type":"ListItem","position":1,"name":"Portada","item":"https:\/\/centresmolina.com\/centreensenyament\/es\/"},{"@type":"ListItem","position":2,"name":"Visita al Tur\u00f3 de la Rovira ESO2"}]},{"@type":"WebSite","@id":"https:\/\/centresmolina.com\/centreensenyament\/#website","url":"https:\/\/centresmolina.com\/centreensenyament\/","name":"Centros de ense\u00f1anza","description":"Centres Molina - Centros de ense\u00f1anza","potentialAction":[{"@type":"SearchAction","target":{"@type":"EntryPoint","urlTemplate":"https:\/\/centresmolina.com\/centreensenyament\/?s={search_term_string}"},"query-input":{"@type":"PropertyValueSpecification","valueRequired":true,"valueName":"search_term_string"}}],"inLanguage":"es"},{"@type":"Person","@id":"https:\/\/centresmolina.com\/centreensenyament\/#\/schema\/person\/308d85d274adff04b5c51d47e8aff6cc","name":"webmolina","image":{"@type":"ImageObject","inLanguage":"es","@id":"https:\/\/secure.gravatar.com\/avatar\/38db407e1ab9b284bf45e3bff4ec5cf1e034e364f09b2ee054619614662a717b?s=96&d=mm&r=g","url":"https:\/\/secure.gravatar.com\/avatar\/38db407e1ab9b284bf45e3bff4ec5cf1e034e364f09b2ee054619614662a717b?s=96&d=mm&r=g","contentUrl":"https:\/\/secure.gravatar.com\/avatar\/38db407e1ab9b284bf45e3bff4ec5cf1e034e364f09b2ee054619614662a717b?s=96&d=mm&r=g","caption":"webmolina"},"url":"https:\/\/centresmolina.com\/centreensenyament\/es\/author\/webmolina\/"}]}},"_links":{"self":[{"href":"https:\/\/centresmolina.com\/centreensenyament\/es\/wp-json\/wp\/v2\/posts\/14175\/"}],"collection":[{"href":"https:\/\/centresmolina.com\/centreensenyament\/es\/wp-json\/wp\/v2\/posts\/"}],"about":[{"href":"https:\/\/centresmolina.com\/centreensenyament\/es\/wp-json\/wp\/v2\/types\/post\/"}],"author":[{"embeddable":true,"href":"https:\/\/centresmolina.com\/centreensenyament\/es\/wp-json\/wp\/v2\/users\/3\/"}],"replies":[{"embeddable":true,"href":"https:\/\/centresmolina.com\/centreensenyament\/es\/wp-json\/wp\/v2\/comments\/?post=14175"}],"version-history":[{"count":2,"href":"https:\/\/centresmolina.com\/centreensenyament\/es\/wp-json\/wp\/v2\/posts\/14175\/revisions\/"}],"predecessor-version":[{"id":14178,"href":"https:\/\/centresmolina.com\/centreensenyament\/es\/wp-json\/wp\/v2\/posts\/14175\/revisions\/14178\/"}],"wp:featuredmedia":[{"embeddable":true,"href":"https:\/\/centresmolina.com\/centreensenyament\/es\/wp-json\/wp\/v2\/media\/14158\/"}],"wp:attachment":[{"href":"https:\/\/centresmolina.com\/centreensenyament\/es\/wp-json\/wp\/v2\/media\/?parent=14175"}],"wp:term":[{"taxonomy":"category","embeddable":true,"href":"https:\/\/centresmolina.com\/centreensenyament\/es\/wp-json\/wp\/v2\/categories\/?post=14175"},{"taxonomy":"post_tag","embeddable":true,"href":"https:\/\/centresmolina.com\/centreensenyament\/es\/wp-json\/wp\/v2\/tags\/?post=14175"}],"curies":[{"name":"wp","href":"https:\/\/api.w.org\/{rel}","templated":true}]}}