{"id":1676,"date":"2016-02-11T08:26:44","date_gmt":"2016-02-11T08:26:44","guid":{"rendered":"http:\/\/centresmolina.com\/centreensenyament\/2016\/02\/11\/visita-als-ferrocarrils-de-de-la-generalitat-de-1er-deso-2\/"},"modified":"2016-02-21T10:53:28","modified_gmt":"2016-02-21T10:53:28","slug":"visita-als-ferrocarrils-de-de-la-generalitat-de-1er-deso","status":"publish","type":"post","link":"https:\/\/centresmolina.com\/centreensenyament\/es\/2016\/02\/11\/visita-als-ferrocarrils-de-de-la-generalitat-de-1er-deso\/","title":{"rendered":"Visita a los Ferrocarriles de la Generalitat de 1\u00ba de ESO"},"content":{"rendered":"<p>El pasado 22 de enero, los alumnos de primero de ESO de nuestra escuela hicieron una visita a los Ferrocarriles de la Generalitat. Vieron c\u00f3mo arreglan los trenes y c\u00f3mo les hacen el mantenimiento. La central de control de todos los ferrocarriles de Barcelona les interes\u00f3 much\u00edsimo.<\/p>\n<p><a href=\"http:\/\/centresmolina.com\/centreensenyament\/files\/2016\/02\/IMG_20160122_111001.jpg\"><img loading=\"lazy\" decoding=\"async\" class=\"aligncenter size-large wp-image-1671\" src=\"http:\/\/centresmolina.com\/centreensenyament\/files\/2016\/02\/IMG_20160122_111001-1024x768.jpg\" alt=\"IMG_20160122_111001\" width=\"1024\" height=\"768\" srcset=\"https:\/\/centresmolina.com\/centreensenyament\/files\/2016\/02\/IMG_20160122_111001-1024x768.jpg 1024w, https:\/\/centresmolina.com\/centreensenyament\/files\/2016\/02\/IMG_20160122_111001-300x225.jpg 300w\" sizes=\"auto, (max-width: 1024px) 100vw, 1024px\" \/><\/a> <a href=\"http:\/\/centresmolina.com\/centreensenyament\/files\/2016\/02\/IMG_20160122_112452.jpg\"><img loading=\"lazy\" decoding=\"async\" class=\"aligncenter size-large wp-image-1673\" src=\"http:\/\/centresmolina.com\/centreensenyament\/files\/2016\/02\/IMG_20160122_112452-1024x768.jpg\" alt=\"IMG_20160122_112452\" width=\"1024\" height=\"768\" srcset=\"https:\/\/centresmolina.com\/centreensenyament\/files\/2016\/02\/IMG_20160122_112452-1024x768.jpg 1024w, https:\/\/centresmolina.com\/centreensenyament\/files\/2016\/02\/IMG_20160122_112452-300x225.jpg 300w\" sizes=\"auto, (max-width: 1024px) 100vw, 1024px\" \/><\/a> <a href=\"http:\/\/centresmolina.com\/centreensenyament\/files\/2016\/02\/IMG_20160122_112426.jpg\"><img loading=\"lazy\" decoding=\"async\" class=\"aligncenter size-large wp-image-1672\" src=\"http:\/\/centresmolina.com\/centreensenyament\/files\/2016\/02\/IMG_20160122_112426-1024x768.jpg\" alt=\"IMG_20160122_112426\" width=\"1024\" height=\"768\" srcset=\"https:\/\/centresmolina.com\/centreensenyament\/files\/2016\/02\/IMG_20160122_112426-1024x768.jpg 1024w, https:\/\/centresmolina.com\/centreensenyament\/files\/2016\/02\/IMG_20160122_112426-300x225.jpg 300w\" sizes=\"auto, (max-width: 1024px) 100vw, 1024px\" \/><\/a><\/p>\n","protected":false},"excerpt":{"rendered":"<p>El pasado 22 de enero, los alumnos de primero de ESO de nuestra escuela hicieron una visita a los Ferrocarriles&#8230;<\/p>\n","protected":false},"author":3,"featured_media":1673,"comment_status":"open","ping_status":"open","sticky":false,"template":"","format":"standard","meta":{"footnotes":""},"categories":[15],"tags":[23,22],"class_list":["post-1676","post","type-post","status-publish","format-standard","has-post-thumbnail","hentry","category-noticias-2","tag-escola-molina-es","tag-sortida-es"],"yoast_head":"<!-- This site is optimized with the Yoast SEO plugin v27.2 - https:\/\/yoast.com\/product\/yoast-seo-wordpress\/ -->\n<title>Visita a los Ferrocarriles de la Generalitat de 1\u00ba de ESO - Centros de ense\u00f1anza<\/title>\n<meta name=\"robots\" content=\"index, follow, max-snippet:-1, max-image-preview:large, max-video-preview:-1\" \/>\n<link rel=\"canonical\" href=\"https:\/\/centresmolina.com\/centreensenyament\/es\/2016\/02\/11\/visita-als-ferrocarrils-de-de-la-generalitat-de-1er-deso\/\" \/>\n<meta property=\"og:locale\" content=\"es_ES\" \/>\n<meta property=\"og:type\" content=\"article\" \/>\n<meta property=\"og:title\" content=\"Visita a los Ferrocarriles de la Generalitat de 1\u00ba de ESO - Centros de ense\u00f1anza\" \/>\n<meta property=\"og:description\" content=\"El pasado 22 de enero, los alumnos de primero de ESO de nuestra escuela hicieron una visita a los Ferrocarriles...\" \/>\n<meta property=\"og:url\" content=\"https:\/\/centresmolina.com\/centreensenyament\/es\/2016\/02\/11\/visita-als-ferrocarrils-de-de-la-generalitat-de-1er-deso\/\" \/>\n<meta property=\"og:site_name\" content=\"Centros de ense\u00f1anza\" \/>\n<meta property=\"article:published_time\" content=\"2016-02-11T08:26:44+00:00\" \/>\n<meta property=\"article:modified_time\" content=\"2016-02-21T10:53:28+00:00\" \/>\n<meta property=\"og:image\" content=\"https:\/\/centresmolina.com\/centreensenyament\/files\/2016\/02\/IMG_20160122_112452.jpg\" \/>\n\t<meta property=\"og:image:width\" content=\"3264\" \/>\n\t<meta property=\"og:image:height\" content=\"2448\" \/>\n\t<meta property=\"og:image:type\" content=\"image\/jpeg\" \/>\n<meta name=\"author\" content=\"webmolina\" \/>\n<meta name=\"twitter:label1\" content=\"Escrito por\" \/>\n\t<meta name=\"twitter:data1\" content=\"webmolina\" \/>\n<script type=\"application\/ld+json\" class=\"yoast-schema-graph\">{\"@context\":\"https:\/\/schema.org\",\"@graph\":[{\"@type\":\"Article\",\"@id\":\"https:\/\/centresmolina.com\/centreensenyament\/es\/2016\/02\/11\/visita-als-ferrocarrils-de-de-la-generalitat-de-1er-deso\/#article\",\"isPartOf\":{\"@id\":\"https:\/\/centresmolina.com\/centreensenyament\/es\/2016\/02\/11\/visita-als-ferrocarrils-de-de-la-generalitat-de-1er-deso\/\"},\"author\":{\"name\":\"webmolina\",\"@id\":\"https:\/\/centresmolina.com\/centreensenyament\/#\/schema\/person\/308d85d274adff04b5c51d47e8aff6cc\"},\"headline\":\"Visita a los Ferrocarriles de la Generalitat de 1\u00ba de ESO\",\"datePublished\":\"2016-02-11T08:26:44+00:00\",\"dateModified\":\"2016-02-21T10:53:28+00:00\",\"mainEntityOfPage\":{\"@id\":\"https:\/\/centresmolina.com\/centreensenyament\/es\/2016\/02\/11\/visita-als-ferrocarrils-de-de-la-generalitat-de-1er-deso\/\"},\"wordCount\":59,\"commentCount\":0,\"image\":{\"@id\":\"https:\/\/centresmolina.com\/centreensenyament\/es\/2016\/02\/11\/visita-als-ferrocarrils-de-de-la-generalitat-de-1er-deso\/#primaryimage\"},\"thumbnailUrl\":\"https:\/\/centresmolina.com\/centreensenyament\/files\/2016\/02\/IMG_20160122_112452.jpg\",\"keywords\":[\"Escola Molina @es\",\"Sortida @es\"],\"articleSection\":[\"Noticias\"],\"inLanguage\":\"es\",\"potentialAction\":[{\"@type\":\"CommentAction\",\"name\":\"Comment\",\"target\":[\"https:\/\/centresmolina.com\/centreensenyament\/es\/2016\/02\/11\/visita-als-ferrocarrils-de-de-la-generalitat-de-1er-deso\/#respond\"]}]},{\"@type\":\"WebPage\",\"@id\":\"https:\/\/centresmolina.com\/centreensenyament\/es\/2016\/02\/11\/visita-als-ferrocarrils-de-de-la-generalitat-de-1er-deso\/\",\"url\":\"https:\/\/centresmolina.com\/centreensenyament\/es\/2016\/02\/11\/visita-als-ferrocarrils-de-de-la-generalitat-de-1er-deso\/\",\"name\":\"Visita a los Ferrocarriles de la Generalitat de 1\u00ba de ESO - Centros de ense\u00f1anza\",\"isPartOf\":{\"@id\":\"https:\/\/centresmolina.com\/centreensenyament\/#website\"},\"primaryImageOfPage\":{\"@id\":\"https:\/\/centresmolina.com\/centreensenyament\/es\/2016\/02\/11\/visita-als-ferrocarrils-de-de-la-generalitat-de-1er-deso\/#primaryimage\"},\"image\":{\"@id\":\"https:\/\/centresmolina.com\/centreensenyament\/es\/2016\/02\/11\/visita-als-ferrocarrils-de-de-la-generalitat-de-1er-deso\/#primaryimage\"},\"thumbnailUrl\":\"https:\/\/centresmolina.com\/centreensenyament\/files\/2016\/02\/IMG_20160122_112452.jpg\",\"datePublished\":\"2016-02-11T08:26:44+00:00\",\"dateModified\":\"2016-02-21T10:53:28+00:00\",\"author\":{\"@id\":\"https:\/\/centresmolina.com\/centreensenyament\/#\/schema\/person\/308d85d274adff04b5c51d47e8aff6cc\"},\"breadcrumb\":{\"@id\":\"https:\/\/centresmolina.com\/centreensenyament\/es\/2016\/02\/11\/visita-als-ferrocarrils-de-de-la-generalitat-de-1er-deso\/#breadcrumb\"},\"inLanguage\":\"es\",\"potentialAction\":[{\"@type\":\"ReadAction\",\"target\":[\"https:\/\/centresmolina.com\/centreensenyament\/es\/2016\/02\/11\/visita-als-ferrocarrils-de-de-la-generalitat-de-1er-deso\/\"]}]},{\"@type\":\"ImageObject\",\"inLanguage\":\"es\",\"@id\":\"https:\/\/centresmolina.com\/centreensenyament\/es\/2016\/02\/11\/visita-als-ferrocarrils-de-de-la-generalitat-de-1er-deso\/#primaryimage\",\"url\":\"https:\/\/centresmolina.com\/centreensenyament\/files\/2016\/02\/IMG_20160122_112452.jpg\",\"contentUrl\":\"https:\/\/centresmolina.com\/centreensenyament\/files\/2016\/02\/IMG_20160122_112452.jpg\",\"width\":3264,\"height\":2448},{\"@type\":\"BreadcrumbList\",\"@id\":\"https:\/\/centresmolina.com\/centreensenyament\/es\/2016\/02\/11\/visita-als-ferrocarrils-de-de-la-generalitat-de-1er-deso\/#breadcrumb\",\"itemListElement\":[{\"@type\":\"ListItem\",\"position\":1,\"name\":\"Portada\",\"item\":\"https:\/\/centresmolina.com\/centreensenyament\/es\/\"},{\"@type\":\"ListItem\",\"position\":2,\"name\":\"Visita a los Ferrocarriles de la Generalitat de 1\u00ba de ESO\"}]},{\"@type\":\"WebSite\",\"@id\":\"https:\/\/centresmolina.com\/centreensenyament\/#website\",\"url\":\"https:\/\/centresmolina.com\/centreensenyament\/\",\"name\":\"Centros de ense\u00f1anza\",\"description\":\"Centres Molina - Centros de ense\u00f1anza\",\"potentialAction\":[{\"@type\":\"SearchAction\",\"target\":{\"@type\":\"EntryPoint\",\"urlTemplate\":\"https:\/\/centresmolina.com\/centreensenyament\/?s={search_term_string}\"},\"query-input\":{\"@type\":\"PropertyValueSpecification\",\"valueRequired\":true,\"valueName\":\"search_term_string\"}}],\"inLanguage\":\"es\"},{\"@type\":\"Person\",\"@id\":\"https:\/\/centresmolina.com\/centreensenyament\/#\/schema\/person\/308d85d274adff04b5c51d47e8aff6cc\",\"name\":\"webmolina\",\"image\":{\"@type\":\"ImageObject\",\"inLanguage\":\"es\",\"@id\":\"https:\/\/secure.gravatar.com\/avatar\/38db407e1ab9b284bf45e3bff4ec5cf1e034e364f09b2ee054619614662a717b?s=96&d=mm&r=g\",\"url\":\"https:\/\/secure.gravatar.com\/avatar\/38db407e1ab9b284bf45e3bff4ec5cf1e034e364f09b2ee054619614662a717b?s=96&d=mm&r=g\",\"contentUrl\":\"https:\/\/secure.gravatar.com\/avatar\/38db407e1ab9b284bf45e3bff4ec5cf1e034e364f09b2ee054619614662a717b?s=96&d=mm&r=g\",\"caption\":\"webmolina\"},\"url\":\"https:\/\/centresmolina.com\/centreensenyament\/es\/author\/webmolina\/\"}]}<\/script>\n<!-- \/ Yoast SEO plugin. -->","yoast_head_json":{"title":"Visita a los Ferrocarriles de la Generalitat de 1\u00ba de ESO - Centros de ense\u00f1anza","robots":{"index":"index","follow":"follow","max-snippet":"max-snippet:-1","max-image-preview":"max-image-preview:large","max-video-preview":"max-video-preview:-1"},"canonical":"https:\/\/centresmolina.com\/centreensenyament\/es\/2016\/02\/11\/visita-als-ferrocarrils-de-de-la-generalitat-de-1er-deso\/","og_locale":"es_ES","og_type":"article","og_title":"Visita a los Ferrocarriles de la Generalitat de 1\u00ba de ESO - Centros de ense\u00f1anza","og_description":"El pasado 22 de enero, los alumnos de primero de ESO de nuestra escuela hicieron una visita a los Ferrocarriles...","og_url":"https:\/\/centresmolina.com\/centreensenyament\/es\/2016\/02\/11\/visita-als-ferrocarrils-de-de-la-generalitat-de-1er-deso\/","og_site_name":"Centros de ense\u00f1anza","article_published_time":"2016-02-11T08:26:44+00:00","article_modified_time":"2016-02-21T10:53:28+00:00","og_image":[{"width":3264,"height":2448,"url":"https:\/\/centresmolina.com\/centreensenyament\/files\/2016\/02\/IMG_20160122_112452.jpg","type":"image\/jpeg"}],"author":"webmolina","twitter_misc":{"Escrito por":"webmolina"},"schema":{"@context":"https:\/\/schema.org","@graph":[{"@type":"Article","@id":"https:\/\/centresmolina.com\/centreensenyament\/es\/2016\/02\/11\/visita-als-ferrocarrils-de-de-la-generalitat-de-1er-deso\/#article","isPartOf":{"@id":"https:\/\/centresmolina.com\/centreensenyament\/es\/2016\/02\/11\/visita-als-ferrocarrils-de-de-la-generalitat-de-1er-deso\/"},"author":{"name":"webmolina","@id":"https:\/\/centresmolina.com\/centreensenyament\/#\/schema\/person\/308d85d274adff04b5c51d47e8aff6cc"},"headline":"Visita a los Ferrocarriles de la Generalitat de 1\u00ba de ESO","datePublished":"2016-02-11T08:26:44+00:00","dateModified":"2016-02-21T10:53:28+00:00","mainEntityOfPage":{"@id":"https:\/\/centresmolina.com\/centreensenyament\/es\/2016\/02\/11\/visita-als-ferrocarrils-de-de-la-generalitat-de-1er-deso\/"},"wordCount":59,"commentCount":0,"image":{"@id":"https:\/\/centresmolina.com\/centreensenyament\/es\/2016\/02\/11\/visita-als-ferrocarrils-de-de-la-generalitat-de-1er-deso\/#primaryimage"},"thumbnailUrl":"https:\/\/centresmolina.com\/centreensenyament\/files\/2016\/02\/IMG_20160122_112452.jpg","keywords":["Escola Molina @es","Sortida @es"],"articleSection":["Noticias"],"inLanguage":"es","potentialAction":[{"@type":"CommentAction","name":"Comment","target":["https:\/\/centresmolina.com\/centreensenyament\/es\/2016\/02\/11\/visita-als-ferrocarrils-de-de-la-generalitat-de-1er-deso\/#respond"]}]},{"@type":"WebPage","@id":"https:\/\/centresmolina.com\/centreensenyament\/es\/2016\/02\/11\/visita-als-ferrocarrils-de-de-la-generalitat-de-1er-deso\/","url":"https:\/\/centresmolina.com\/centreensenyament\/es\/2016\/02\/11\/visita-als-ferrocarrils-de-de-la-generalitat-de-1er-deso\/","name":"Visita a los Ferrocarriles de la Generalitat de 1\u00ba de ESO - Centros de ense\u00f1anza","isPartOf":{"@id":"https:\/\/centresmolina.com\/centreensenyament\/#website"},"primaryImageOfPage":{"@id":"https:\/\/centresmolina.com\/centreensenyament\/es\/2016\/02\/11\/visita-als-ferrocarrils-de-de-la-generalitat-de-1er-deso\/#primaryimage"},"image":{"@id":"https:\/\/centresmolina.com\/centreensenyament\/es\/2016\/02\/11\/visita-als-ferrocarrils-de-de-la-generalitat-de-1er-deso\/#primaryimage"},"thumbnailUrl":"https:\/\/centresmolina.com\/centreensenyament\/files\/2016\/02\/IMG_20160122_112452.jpg","datePublished":"2016-02-11T08:26:44+00:00","dateModified":"2016-02-21T10:53:28+00:00","author":{"@id":"https:\/\/centresmolina.com\/centreensenyament\/#\/schema\/person\/308d85d274adff04b5c51d47e8aff6cc"},"breadcrumb":{"@id":"https:\/\/centresmolina.com\/centreensenyament\/es\/2016\/02\/11\/visita-als-ferrocarrils-de-de-la-generalitat-de-1er-deso\/#breadcrumb"},"inLanguage":"es","potentialAction":[{"@type":"ReadAction","target":["https:\/\/centresmolina.com\/centreensenyament\/es\/2016\/02\/11\/visita-als-ferrocarrils-de-de-la-generalitat-de-1er-deso\/"]}]},{"@type":"ImageObject","inLanguage":"es","@id":"https:\/\/centresmolina.com\/centreensenyament\/es\/2016\/02\/11\/visita-als-ferrocarrils-de-de-la-generalitat-de-1er-deso\/#primaryimage","url":"https:\/\/centresmolina.com\/centreensenyament\/files\/2016\/02\/IMG_20160122_112452.jpg","contentUrl":"https:\/\/centresmolina.com\/centreensenyament\/files\/2016\/02\/IMG_20160122_112452.jpg","width":3264,"height":2448},{"@type":"BreadcrumbList","@id":"https:\/\/centresmolina.com\/centreensenyament\/es\/2016\/02\/11\/visita-als-ferrocarrils-de-de-la-generalitat-de-1er-deso\/#breadcrumb","itemListElement":[{"@type":"ListItem","position":1,"name":"Portada","item":"https:\/\/centresmolina.com\/centreensenyament\/es\/"},{"@type":"ListItem","position":2,"name":"Visita a los Ferrocarriles de la Generalitat de 1\u00ba de ESO"}]},{"@type":"WebSite","@id":"https:\/\/centresmolina.com\/centreensenyament\/#website","url":"https:\/\/centresmolina.com\/centreensenyament\/","name":"Centros de ense\u00f1anza","description":"Centres Molina - Centros de ense\u00f1anza","potentialAction":[{"@type":"SearchAction","target":{"@type":"EntryPoint","urlTemplate":"https:\/\/centresmolina.com\/centreensenyament\/?s={search_term_string}"},"query-input":{"@type":"PropertyValueSpecification","valueRequired":true,"valueName":"search_term_string"}}],"inLanguage":"es"},{"@type":"Person","@id":"https:\/\/centresmolina.com\/centreensenyament\/#\/schema\/person\/308d85d274adff04b5c51d47e8aff6cc","name":"webmolina","image":{"@type":"ImageObject","inLanguage":"es","@id":"https:\/\/secure.gravatar.com\/avatar\/38db407e1ab9b284bf45e3bff4ec5cf1e034e364f09b2ee054619614662a717b?s=96&d=mm&r=g","url":"https:\/\/secure.gravatar.com\/avatar\/38db407e1ab9b284bf45e3bff4ec5cf1e034e364f09b2ee054619614662a717b?s=96&d=mm&r=g","contentUrl":"https:\/\/secure.gravatar.com\/avatar\/38db407e1ab9b284bf45e3bff4ec5cf1e034e364f09b2ee054619614662a717b?s=96&d=mm&r=g","caption":"webmolina"},"url":"https:\/\/centresmolina.com\/centreensenyament\/es\/author\/webmolina\/"}]}},"_links":{"self":[{"href":"https:\/\/centresmolina.com\/centreensenyament\/es\/wp-json\/wp\/v2\/posts\/1676\/"}],"collection":[{"href":"https:\/\/centresmolina.com\/centreensenyament\/es\/wp-json\/wp\/v2\/posts\/"}],"about":[{"href":"https:\/\/centresmolina.com\/centreensenyament\/es\/wp-json\/wp\/v2\/types\/post\/"}],"author":[{"embeddable":true,"href":"https:\/\/centresmolina.com\/centreensenyament\/es\/wp-json\/wp\/v2\/users\/3\/"}],"replies":[{"embeddable":true,"href":"https:\/\/centresmolina.com\/centreensenyament\/es\/wp-json\/wp\/v2\/comments\/?post=1676"}],"version-history":[{"count":4,"href":"https:\/\/centresmolina.com\/centreensenyament\/es\/wp-json\/wp\/v2\/posts\/1676\/revisions\/"}],"predecessor-version":[{"id":1793,"href":"https:\/\/centresmolina.com\/centreensenyament\/es\/wp-json\/wp\/v2\/posts\/1676\/revisions\/1793\/"}],"wp:featuredmedia":[{"embeddable":true,"href":"https:\/\/centresmolina.com\/centreensenyament\/es\/wp-json\/wp\/v2\/media\/1673\/"}],"wp:attachment":[{"href":"https:\/\/centresmolina.com\/centreensenyament\/es\/wp-json\/wp\/v2\/media\/?parent=1676"}],"wp:term":[{"taxonomy":"category","embeddable":true,"href":"https:\/\/centresmolina.com\/centreensenyament\/es\/wp-json\/wp\/v2\/categories\/?post=1676"},{"taxonomy":"post_tag","embeddable":true,"href":"https:\/\/centresmolina.com\/centreensenyament\/es\/wp-json\/wp\/v2\/tags\/?post=1676"}],"curies":[{"name":"wp","href":"https:\/\/api.w.org\/{rel}","templated":true}]}}