{"id":18521,"date":"2023-10-18T07:28:55","date_gmt":"2023-10-18T07:28:55","guid":{"rendered":"https:\/\/centresmolina.com\/centreensenyament\/?p=18521"},"modified":"2023-10-18T07:31:43","modified_gmt":"2023-10-18T07:31:43","slug":"18521","status":"publish","type":"post","link":"https:\/\/centresmolina.com\/centreensenyament\/es\/2023\/10\/18\/18521\/","title":{"rendered":"\u00a1El grupo de segundo de ESO visita el Ateneu de Fabricaci\u00f3!"},"content":{"rendered":"<p>El alumnado de ESO2 ha disfrutado de una visita guiada con taller en el <strong>Ateneu de Fabricaci\u00f3 del Parc Tecnol\u00f2gic<\/strong>.<\/p>\n<p>Durante la visita, han visto las oportunidades que les ofrece el ateneo a la hora de realizar alg\u00fan tipo de <strong>creaci\u00f3n digital<\/strong>. Han visto funcionar una impresora 3D de PLA y tambi\u00e9n una impresora\/cutter l\u00e1ser que corta y graba diferentes tipos de materiales como la madera. Tambi\u00e9n se puede trabajar con cart\u00f3n, resina fotosensible o vinilo.<\/p>\n<p>En el momento del taller, los alumnos han puesto en pr\u00e1ctica los conocimientos adquiridos en clase relacionados con la electricidad. Para ello han utilizado placas Makey Makey. De esta forma, han comprobado qu\u00e9 materiales son conductores y cu\u00e1les son aislantes y han podido simular controladores de juegos sencillos o, \u00a1incluso<\/p>\n\n\t\t<style type=\"text\/css\">\n\t\t\t#gallery-1 {\n\t\t\t\tmargin: auto;\n\t\t\t}\n\t\t\t#gallery-1 .gallery-item {\n\t\t\t\tfloat: left;\n\t\t\t\tmargin-top: 10px;\n\t\t\t\ttext-align: center;\n\t\t\t\twidth: 33%;\n\t\t\t}\n\t\t\t#gallery-1 img {\n\t\t\t\tborder: 2px solid #cfcfcf;\n\t\t\t}\n\t\t\t#gallery-1 .gallery-caption {\n\t\t\t\tmargin-left: 0;\n\t\t\t}\n\t\t\t\/* see gallery_shortcode() in wp-includes\/media.php *\/\n\t\t<\/style>\n\t\t<div id='gallery-1' class='gallery galleryid-18521 gallery-columns-3 gallery-size-thumbnail'><dl class='gallery-item'>\n\t\t\t<dt class='gallery-icon landscape'>\n\t\t\t\t<a href='https:\/\/centresmolina.com\/centreensenyament\/es\/2023\/10\/18\/18521\/makey-makey-eso2-02-2\/'><img loading=\"lazy\" decoding=\"async\" width=\"150\" height=\"150\" src=\"https:\/\/centresmolina.com\/centreensenyament\/files\/2023\/10\/Makey-Makey-ESO2-02-150x150.jpg\" class=\"attachment-thumbnail size-thumbnail\" alt=\"\" \/><\/a>\n\t\t\t<\/dt><\/dl><dl class='gallery-item'>\n\t\t\t<dt class='gallery-icon landscape'>\n\t\t\t\t<a href='https:\/\/centresmolina.com\/centreensenyament\/es\/2023\/10\/18\/18521\/makey-makey-eso2-03-2\/'><img loading=\"lazy\" decoding=\"async\" width=\"150\" height=\"150\" src=\"https:\/\/centresmolina.com\/centreensenyament\/files\/2023\/10\/Makey-Makey-ESO2-03-150x150.jpg\" class=\"attachment-thumbnail size-thumbnail\" alt=\"\" \/><\/a>\n\t\t\t<\/dt><\/dl><dl class='gallery-item'>\n\t\t\t<dt class='gallery-icon landscape'>\n\t\t\t\t<a href='https:\/\/centresmolina.com\/centreensenyament\/es\/2023\/10\/18\/18521\/makey-makey-eso2-04-2\/'><img loading=\"lazy\" decoding=\"async\" width=\"150\" height=\"150\" src=\"https:\/\/centresmolina.com\/centreensenyament\/files\/2023\/10\/Makey-Makey-ESO2-04-150x150.jpg\" class=\"attachment-thumbnail size-thumbnail\" alt=\"\" \/><\/a>\n\t\t\t<\/dt><\/dl><br style=\"clear: both\" \/><dl class='gallery-item'>\n\t\t\t<dt class='gallery-icon landscape'>\n\t\t\t\t<a href='https:\/\/centresmolina.com\/centreensenyament\/es\/2023\/10\/18\/18521\/makey-makey-eso2-05-2\/'><img loading=\"lazy\" decoding=\"async\" width=\"150\" height=\"150\" src=\"https:\/\/centresmolina.com\/centreensenyament\/files\/2023\/10\/Makey-Makey-ESO2-05-150x150.jpg\" class=\"attachment-thumbnail size-thumbnail\" alt=\"\" \/><\/a>\n\t\t\t<\/dt><\/dl><dl class='gallery-item'>\n\t\t\t<dt class='gallery-icon landscape'>\n\t\t\t\t<a href='https:\/\/centresmolina.com\/centreensenyament\/es\/2023\/10\/18\/18521\/makey-makey-eso2-06-2\/'><img loading=\"lazy\" decoding=\"async\" width=\"150\" height=\"150\" src=\"https:\/\/centresmolina.com\/centreensenyament\/files\/2023\/10\/Makey-Makey-ESO2-06-150x150.jpg\" class=\"attachment-thumbnail size-thumbnail\" alt=\"\" \/><\/a>\n\t\t\t<\/dt><\/dl><dl class='gallery-item'>\n\t\t\t<dt class='gallery-icon landscape'>\n\t\t\t\t<a href='https:\/\/centresmolina.com\/centreensenyament\/es\/2023\/10\/18\/18521\/makey-makey-eso2-07-2\/'><img loading=\"lazy\" decoding=\"async\" width=\"150\" height=\"150\" src=\"https:\/\/centresmolina.com\/centreensenyament\/files\/2023\/10\/Makey-Makey-ESO2-07-150x150.jpg\" class=\"attachment-thumbnail size-thumbnail\" alt=\"\" \/><\/a>\n\t\t\t<\/dt><\/dl><br style=\"clear: both\" \/><dl class='gallery-item'>\n\t\t\t<dt class='gallery-icon landscape'>\n\t\t\t\t<a href='https:\/\/centresmolina.com\/centreensenyament\/es\/2023\/10\/18\/18521\/makey-makey-eso2-01-2\/'><img loading=\"lazy\" decoding=\"async\" width=\"150\" height=\"150\" src=\"https:\/\/centresmolina.com\/centreensenyament\/files\/2023\/10\/Makey-Makey-ESO2-01-150x150.jpg\" class=\"attachment-thumbnail size-thumbnail\" alt=\"\" \/><\/a>\n\t\t\t<\/dt><\/dl><dl class='gallery-item'>\n\t\t\t<dt class='gallery-icon landscape'>\n\t\t\t\t<a href='https:\/\/centresmolina.com\/centreensenyament\/es\/2023\/10\/18\/18521\/makey-makey-eso2-08-2\/'><img loading=\"lazy\" decoding=\"async\" width=\"150\" height=\"150\" src=\"https:\/\/centresmolina.com\/centreensenyament\/files\/2023\/10\/Makey-Makey-ESO2-08-150x150.jpg\" class=\"attachment-thumbnail size-thumbnail\" alt=\"\" \/><\/a>\n\t\t\t<\/dt><\/dl><dl class='gallery-item'>\n\t\t\t<dt class='gallery-icon landscape'>\n\t\t\t\t<a href='https:\/\/centresmolina.com\/centreensenyament\/es\/2023\/10\/18\/18521\/makey-makey-eso2-09-2\/'><img loading=\"lazy\" decoding=\"async\" width=\"150\" height=\"150\" src=\"https:\/\/centresmolina.com\/centreensenyament\/files\/2023\/10\/Makey-Makey-ESO2-09-150x150.jpg\" class=\"attachment-thumbnail size-thumbnail\" alt=\"\" \/><\/a>\n\t\t\t<\/dt><\/dl><br style=\"clear: both\" \/><dl class='gallery-item'>\n\t\t\t<dt class='gallery-icon landscape'>\n\t\t\t\t<a href='https:\/\/centresmolina.com\/centreensenyament\/es\/2023\/10\/18\/18521\/makey-makey-eso2-10-2\/'><img loading=\"lazy\" decoding=\"async\" width=\"150\" height=\"150\" src=\"https:\/\/centresmolina.com\/centreensenyament\/files\/2023\/10\/Makey-Makey-ESO2-10-150x150.jpg\" class=\"attachment-thumbnail size-thumbnail\" alt=\"\" \/><\/a>\n\t\t\t<\/dt><\/dl><dl class='gallery-item'>\n\t\t\t<dt class='gallery-icon landscape'>\n\t\t\t\t<a href='https:\/\/centresmolina.com\/centreensenyament\/es\/2023\/10\/18\/18521\/makey-makey-eso2-11-2\/'><img loading=\"lazy\" decoding=\"async\" width=\"150\" height=\"150\" src=\"https:\/\/centresmolina.com\/centreensenyament\/files\/2023\/10\/Makey-Makey-ESO2-11-150x150.jpg\" class=\"attachment-thumbnail size-thumbnail\" alt=\"\" \/><\/a>\n\t\t\t<\/dt><\/dl>\n\t\t\t<br style='clear: both' \/>\n\t\t<\/div>\n\n<p>un piano! As\u00ed, se han introducido en el concepto de experiencia de usuario o UX.<\/p>\n<p>\u00a1Ha sido muy interesante y lo hemos pasado genial!<\/p>\n","protected":false},"excerpt":{"rendered":"<p>El alumnado de ESO2 ha disfrutado de una visita guiada con taller en el Ateneu de Fabricaci\u00f3 del Parc Tecnol\u00f2gic&#8230;.<\/p>\n","protected":false},"author":3,"featured_media":18518,"comment_status":"closed","ping_status":"open","sticky":false,"template":"","format":"standard","meta":{"footnotes":""},"categories":[15,15],"tags":[89,89,2939,2939,3005,3003,197,197,3006,3004,64,64,70,70,23,23,72,72,88,88,22,22,121,121,67,67],"class_list":{"0":"post-18521","1":"post","2":"type-post","3":"status-publish","4":"format-standard","5":"has-post-thumbnail","6":"hentry","7":"category-noticias-2","9":"tag-2n-deso-es","11":"tag-aprenentage-es","13":"tag-ateneu-de-fabricacio-digial-es-2","14":"tag-ateneu-de-fabricacio-digial-es","15":"tag-barcelona-es","17":"tag-centres-molina-es-2","18":"tag-centres-molina-es","19":"tag-educacio-secundaria-obligatoria-es","21":"tag-ensenyament-es","23":"tag-escola-molina-es","25":"tag-experiencia-es","27":"tag-laboratori-es","29":"tag-sortida-es","31":"tag-taller-es","33":"tag-tecnologia-es"},"yoast_head":"<!-- This site is optimized with the Yoast SEO plugin v27.2 - https:\/\/yoast.com\/product\/yoast-seo-wordpress\/ -->\n<title>\u00a1El grupo de segundo de ESO visita el Ateneu de Fabricaci\u00f3! - Centros de ense\u00f1anza<\/title>\n<meta name=\"robots\" content=\"index, follow, max-snippet:-1, max-image-preview:large, max-video-preview:-1\" \/>\n<link rel=\"canonical\" href=\"https:\/\/centresmolina.com\/centreensenyament\/es\/2023\/10\/18\/18521\/\" \/>\n<meta property=\"og:locale\" content=\"es_ES\" \/>\n<meta property=\"og:type\" content=\"article\" \/>\n<meta property=\"og:title\" content=\"\u00a1El grupo de segundo de ESO visita el Ateneu de Fabricaci\u00f3! - Centros de ense\u00f1anza\" \/>\n<meta property=\"og:description\" content=\"El alumnado de ESO2 ha disfrutado de una visita guiada con taller en el Ateneu de Fabricaci\u00f3 del Parc Tecnol\u00f2gic....\" \/>\n<meta property=\"og:url\" content=\"https:\/\/centresmolina.com\/centreensenyament\/es\/2023\/10\/18\/18521\/\" \/>\n<meta property=\"og:site_name\" content=\"Centros de ense\u00f1anza\" \/>\n<meta property=\"article:published_time\" content=\"2023-10-18T07:28:55+00:00\" \/>\n<meta property=\"article:modified_time\" content=\"2023-10-18T07:31:43+00:00\" \/>\n<meta property=\"og:image\" content=\"http:\/\/centresmolina.com\/centreensenyament\/files\/2023\/10\/Makey-Makey-ESO2-01-1.jpg\" \/>\n\t<meta property=\"og:image:width\" content=\"1290\" \/>\n\t<meta property=\"og:image:height\" content=\"726\" \/>\n\t<meta property=\"og:image:type\" content=\"image\/jpeg\" \/>\n<meta name=\"author\" content=\"webmolina\" \/>\n<meta name=\"twitter:label1\" content=\"Escrito por\" \/>\n\t<meta name=\"twitter:data1\" content=\"webmolina\" \/>\n\t<meta name=\"twitter:label2\" content=\"Tiempo de lectura\" \/>\n\t<meta name=\"twitter:data2\" content=\"1 minuto\" \/>\n<script type=\"application\/ld+json\" class=\"yoast-schema-graph\">{\"@context\":\"https:\/\/schema.org\",\"@graph\":[{\"@type\":\"Article\",\"@id\":\"https:\/\/centresmolina.com\/centreensenyament\/es\/2023\/10\/18\/18521\/#article\",\"isPartOf\":{\"@id\":\"https:\/\/centresmolina.com\/centreensenyament\/es\/2023\/10\/18\/18521\/\"},\"author\":{\"name\":\"webmolina\",\"@id\":\"https:\/\/centresmolina.com\/centreensenyament\/#\/schema\/person\/308d85d274adff04b5c51d47e8aff6cc\"},\"headline\":\"\u00a1El grupo de segundo de ESO visita el Ateneu de Fabricaci\u00f3!\",\"datePublished\":\"2023-10-18T07:28:55+00:00\",\"dateModified\":\"2023-10-18T07:31:43+00:00\",\"mainEntityOfPage\":{\"@id\":\"https:\/\/centresmolina.com\/centreensenyament\/es\/2023\/10\/18\/18521\/\"},\"wordCount\":173,\"image\":{\"@id\":\"https:\/\/centresmolina.com\/centreensenyament\/es\/2023\/10\/18\/18521\/#primaryimage\"},\"thumbnailUrl\":\"https:\/\/centresmolina.com\/centreensenyament\/files\/2023\/10\/Makey-Makey-ESO2-01-1.jpg\",\"keywords\":[\"2n d'ESO @es\",\"2n d'ESO @es\",\"Aprenentage\",\"Aprenentage\",\"ateneu de fabricaci\u00f3 digial @es\",\"ateneu de fabricaci\u00f3 digial @es\",\"Barcelona\",\"Barcelona\",\"Centres Molina @es\",\"Centres Molina @es\",\"educaci\u00f3 secund\u00e0ria obligat\u00f2ria @es\",\"educaci\u00f3 secund\u00e0ria obligat\u00f2ria @es\",\"ensenyament @es\",\"ensenyament @es\",\"Escola Molina @es\",\"Escola Molina @es\",\"experi\u00e8ncia @es\",\"experi\u00e8ncia @es\",\"laboratori @es\",\"laboratori @es\",\"Sortida @es\",\"Sortida @es\",\"taller @es\",\"taller @es\",\"tecnologia @es\",\"tecnologia @es\"],\"articleSection\":[\"Noticias\",\"Noticias\"],\"inLanguage\":\"es\"},{\"@type\":\"WebPage\",\"@id\":\"https:\/\/centresmolina.com\/centreensenyament\/es\/2023\/10\/18\/18521\/\",\"url\":\"https:\/\/centresmolina.com\/centreensenyament\/es\/2023\/10\/18\/18521\/\",\"name\":\"\u00a1El grupo de segundo de ESO visita el Ateneu de Fabricaci\u00f3! - Centros de ense\u00f1anza\",\"isPartOf\":{\"@id\":\"https:\/\/centresmolina.com\/centreensenyament\/#website\"},\"primaryImageOfPage\":{\"@id\":\"https:\/\/centresmolina.com\/centreensenyament\/es\/2023\/10\/18\/18521\/#primaryimage\"},\"image\":{\"@id\":\"https:\/\/centresmolina.com\/centreensenyament\/es\/2023\/10\/18\/18521\/#primaryimage\"},\"thumbnailUrl\":\"https:\/\/centresmolina.com\/centreensenyament\/files\/2023\/10\/Makey-Makey-ESO2-01-1.jpg\",\"datePublished\":\"2023-10-18T07:28:55+00:00\",\"dateModified\":\"2023-10-18T07:31:43+00:00\",\"author\":{\"@id\":\"https:\/\/centresmolina.com\/centreensenyament\/#\/schema\/person\/308d85d274adff04b5c51d47e8aff6cc\"},\"breadcrumb\":{\"@id\":\"https:\/\/centresmolina.com\/centreensenyament\/es\/2023\/10\/18\/18521\/#breadcrumb\"},\"inLanguage\":\"es\",\"potentialAction\":[{\"@type\":\"ReadAction\",\"target\":[\"https:\/\/centresmolina.com\/centreensenyament\/es\/2023\/10\/18\/18521\/\"]}]},{\"@type\":\"ImageObject\",\"inLanguage\":\"es\",\"@id\":\"https:\/\/centresmolina.com\/centreensenyament\/es\/2023\/10\/18\/18521\/#primaryimage\",\"url\":\"https:\/\/centresmolina.com\/centreensenyament\/files\/2023\/10\/Makey-Makey-ESO2-01-1.jpg\",\"contentUrl\":\"https:\/\/centresmolina.com\/centreensenyament\/files\/2023\/10\/Makey-Makey-ESO2-01-1.jpg\",\"width\":1290,\"height\":726},{\"@type\":\"BreadcrumbList\",\"@id\":\"https:\/\/centresmolina.com\/centreensenyament\/es\/2023\/10\/18\/18521\/#breadcrumb\",\"itemListElement\":[{\"@type\":\"ListItem\",\"position\":1,\"name\":\"Portada\",\"item\":\"https:\/\/centresmolina.com\/centreensenyament\/es\/\"},{\"@type\":\"ListItem\",\"position\":2,\"name\":\"\u00a1El grupo de segundo de ESO visita el Ateneu de Fabricaci\u00f3!\"}]},{\"@type\":\"WebSite\",\"@id\":\"https:\/\/centresmolina.com\/centreensenyament\/#website\",\"url\":\"https:\/\/centresmolina.com\/centreensenyament\/\",\"name\":\"Centros de ense\u00f1anza\",\"description\":\"Centres Molina - Centros de ense\u00f1anza\",\"potentialAction\":[{\"@type\":\"SearchAction\",\"target\":{\"@type\":\"EntryPoint\",\"urlTemplate\":\"https:\/\/centresmolina.com\/centreensenyament\/?s={search_term_string}\"},\"query-input\":{\"@type\":\"PropertyValueSpecification\",\"valueRequired\":true,\"valueName\":\"search_term_string\"}}],\"inLanguage\":\"es\"},{\"@type\":\"Person\",\"@id\":\"https:\/\/centresmolina.com\/centreensenyament\/#\/schema\/person\/308d85d274adff04b5c51d47e8aff6cc\",\"name\":\"webmolina\",\"image\":{\"@type\":\"ImageObject\",\"inLanguage\":\"es\",\"@id\":\"https:\/\/secure.gravatar.com\/avatar\/38db407e1ab9b284bf45e3bff4ec5cf1e034e364f09b2ee054619614662a717b?s=96&d=mm&r=g\",\"url\":\"https:\/\/secure.gravatar.com\/avatar\/38db407e1ab9b284bf45e3bff4ec5cf1e034e364f09b2ee054619614662a717b?s=96&d=mm&r=g\",\"contentUrl\":\"https:\/\/secure.gravatar.com\/avatar\/38db407e1ab9b284bf45e3bff4ec5cf1e034e364f09b2ee054619614662a717b?s=96&d=mm&r=g\",\"caption\":\"webmolina\"},\"url\":\"https:\/\/centresmolina.com\/centreensenyament\/es\/author\/webmolina\/\"}]}<\/script>\n<!-- \/ Yoast SEO plugin. -->","yoast_head_json":{"title":"\u00a1El grupo de segundo de ESO visita el Ateneu de Fabricaci\u00f3! - Centros de ense\u00f1anza","robots":{"index":"index","follow":"follow","max-snippet":"max-snippet:-1","max-image-preview":"max-image-preview:large","max-video-preview":"max-video-preview:-1"},"canonical":"https:\/\/centresmolina.com\/centreensenyament\/es\/2023\/10\/18\/18521\/","og_locale":"es_ES","og_type":"article","og_title":"\u00a1El grupo de segundo de ESO visita el Ateneu de Fabricaci\u00f3! - Centros de ense\u00f1anza","og_description":"El alumnado de ESO2 ha disfrutado de una visita guiada con taller en el Ateneu de Fabricaci\u00f3 del Parc Tecnol\u00f2gic....","og_url":"https:\/\/centresmolina.com\/centreensenyament\/es\/2023\/10\/18\/18521\/","og_site_name":"Centros de ense\u00f1anza","article_published_time":"2023-10-18T07:28:55+00:00","article_modified_time":"2023-10-18T07:31:43+00:00","og_image":[{"width":1290,"height":726,"url":"http:\/\/centresmolina.com\/centreensenyament\/files\/2023\/10\/Makey-Makey-ESO2-01-1.jpg","type":"image\/jpeg"}],"author":"webmolina","twitter_misc":{"Escrito por":"webmolina","Tiempo de lectura":"1 minuto"},"schema":{"@context":"https:\/\/schema.org","@graph":[{"@type":"Article","@id":"https:\/\/centresmolina.com\/centreensenyament\/es\/2023\/10\/18\/18521\/#article","isPartOf":{"@id":"https:\/\/centresmolina.com\/centreensenyament\/es\/2023\/10\/18\/18521\/"},"author":{"name":"webmolina","@id":"https:\/\/centresmolina.com\/centreensenyament\/#\/schema\/person\/308d85d274adff04b5c51d47e8aff6cc"},"headline":"\u00a1El grupo de segundo de ESO visita el Ateneu de Fabricaci\u00f3!","datePublished":"2023-10-18T07:28:55+00:00","dateModified":"2023-10-18T07:31:43+00:00","mainEntityOfPage":{"@id":"https:\/\/centresmolina.com\/centreensenyament\/es\/2023\/10\/18\/18521\/"},"wordCount":173,"image":{"@id":"https:\/\/centresmolina.com\/centreensenyament\/es\/2023\/10\/18\/18521\/#primaryimage"},"thumbnailUrl":"https:\/\/centresmolina.com\/centreensenyament\/files\/2023\/10\/Makey-Makey-ESO2-01-1.jpg","keywords":["2n d'ESO @es","2n d'ESO @es","Aprenentage","Aprenentage","ateneu de fabricaci\u00f3 digial @es","ateneu de fabricaci\u00f3 digial @es","Barcelona","Barcelona","Centres Molina @es","Centres Molina @es","educaci\u00f3 secund\u00e0ria obligat\u00f2ria @es","educaci\u00f3 secund\u00e0ria obligat\u00f2ria @es","ensenyament @es","ensenyament @es","Escola Molina @es","Escola Molina @es","experi\u00e8ncia @es","experi\u00e8ncia @es","laboratori @es","laboratori @es","Sortida @es","Sortida @es","taller @es","taller @es","tecnologia @es","tecnologia @es"],"articleSection":["Noticias","Noticias"],"inLanguage":"es"},{"@type":"WebPage","@id":"https:\/\/centresmolina.com\/centreensenyament\/es\/2023\/10\/18\/18521\/","url":"https:\/\/centresmolina.com\/centreensenyament\/es\/2023\/10\/18\/18521\/","name":"\u00a1El grupo de segundo de ESO visita el Ateneu de Fabricaci\u00f3! - Centros de ense\u00f1anza","isPartOf":{"@id":"https:\/\/centresmolina.com\/centreensenyament\/#website"},"primaryImageOfPage":{"@id":"https:\/\/centresmolina.com\/centreensenyament\/es\/2023\/10\/18\/18521\/#primaryimage"},"image":{"@id":"https:\/\/centresmolina.com\/centreensenyament\/es\/2023\/10\/18\/18521\/#primaryimage"},"thumbnailUrl":"https:\/\/centresmolina.com\/centreensenyament\/files\/2023\/10\/Makey-Makey-ESO2-01-1.jpg","datePublished":"2023-10-18T07:28:55+00:00","dateModified":"2023-10-18T07:31:43+00:00","author":{"@id":"https:\/\/centresmolina.com\/centreensenyament\/#\/schema\/person\/308d85d274adff04b5c51d47e8aff6cc"},"breadcrumb":{"@id":"https:\/\/centresmolina.com\/centreensenyament\/es\/2023\/10\/18\/18521\/#breadcrumb"},"inLanguage":"es","potentialAction":[{"@type":"ReadAction","target":["https:\/\/centresmolina.com\/centreensenyament\/es\/2023\/10\/18\/18521\/"]}]},{"@type":"ImageObject","inLanguage":"es","@id":"https:\/\/centresmolina.com\/centreensenyament\/es\/2023\/10\/18\/18521\/#primaryimage","url":"https:\/\/centresmolina.com\/centreensenyament\/files\/2023\/10\/Makey-Makey-ESO2-01-1.jpg","contentUrl":"https:\/\/centresmolina.com\/centreensenyament\/files\/2023\/10\/Makey-Makey-ESO2-01-1.jpg","width":1290,"height":726},{"@type":"BreadcrumbList","@id":"https:\/\/centresmolina.com\/centreensenyament\/es\/2023\/10\/18\/18521\/#breadcrumb","itemListElement":[{"@type":"ListItem","position":1,"name":"Portada","item":"https:\/\/centresmolina.com\/centreensenyament\/es\/"},{"@type":"ListItem","position":2,"name":"\u00a1El grupo de segundo de ESO visita el Ateneu de Fabricaci\u00f3!"}]},{"@type":"WebSite","@id":"https:\/\/centresmolina.com\/centreensenyament\/#website","url":"https:\/\/centresmolina.com\/centreensenyament\/","name":"Centros de ense\u00f1anza","description":"Centres Molina - Centros de ense\u00f1anza","potentialAction":[{"@type":"SearchAction","target":{"@type":"EntryPoint","urlTemplate":"https:\/\/centresmolina.com\/centreensenyament\/?s={search_term_string}"},"query-input":{"@type":"PropertyValueSpecification","valueRequired":true,"valueName":"search_term_string"}}],"inLanguage":"es"},{"@type":"Person","@id":"https:\/\/centresmolina.com\/centreensenyament\/#\/schema\/person\/308d85d274adff04b5c51d47e8aff6cc","name":"webmolina","image":{"@type":"ImageObject","inLanguage":"es","@id":"https:\/\/secure.gravatar.com\/avatar\/38db407e1ab9b284bf45e3bff4ec5cf1e034e364f09b2ee054619614662a717b?s=96&d=mm&r=g","url":"https:\/\/secure.gravatar.com\/avatar\/38db407e1ab9b284bf45e3bff4ec5cf1e034e364f09b2ee054619614662a717b?s=96&d=mm&r=g","contentUrl":"https:\/\/secure.gravatar.com\/avatar\/38db407e1ab9b284bf45e3bff4ec5cf1e034e364f09b2ee054619614662a717b?s=96&d=mm&r=g","caption":"webmolina"},"url":"https:\/\/centresmolina.com\/centreensenyament\/es\/author\/webmolina\/"}]}},"_links":{"self":[{"href":"https:\/\/centresmolina.com\/centreensenyament\/es\/wp-json\/wp\/v2\/posts\/18521\/"}],"collection":[{"href":"https:\/\/centresmolina.com\/centreensenyament\/es\/wp-json\/wp\/v2\/posts\/"}],"about":[{"href":"https:\/\/centresmolina.com\/centreensenyament\/es\/wp-json\/wp\/v2\/types\/post\/"}],"author":[{"embeddable":true,"href":"https:\/\/centresmolina.com\/centreensenyament\/es\/wp-json\/wp\/v2\/users\/3\/"}],"replies":[{"embeddable":true,"href":"https:\/\/centresmolina.com\/centreensenyament\/es\/wp-json\/wp\/v2\/comments\/?post=18521"}],"version-history":[{"count":2,"href":"https:\/\/centresmolina.com\/centreensenyament\/es\/wp-json\/wp\/v2\/posts\/18521\/revisions\/"}],"predecessor-version":[{"id":18523,"href":"https:\/\/centresmolina.com\/centreensenyament\/es\/wp-json\/wp\/v2\/posts\/18521\/revisions\/18523\/"}],"wp:featuredmedia":[{"embeddable":true,"href":"https:\/\/centresmolina.com\/centreensenyament\/es\/wp-json\/wp\/v2\/media\/18518\/"}],"wp:attachment":[{"href":"https:\/\/centresmolina.com\/centreensenyament\/es\/wp-json\/wp\/v2\/media\/?parent=18521"}],"wp:term":[{"taxonomy":"category","embeddable":true,"href":"https:\/\/centresmolina.com\/centreensenyament\/es\/wp-json\/wp\/v2\/categories\/?post=18521"},{"taxonomy":"post_tag","embeddable":true,"href":"https:\/\/centresmolina.com\/centreensenyament\/es\/wp-json\/wp\/v2\/tags\/?post=18521"}],"curies":[{"name":"wp","href":"https:\/\/api.w.org\/{rel}","templated":true}]}}