{"id":19790,"date":"2024-02-28T07:54:23","date_gmt":"2024-02-28T07:54:23","guid":{"rendered":"https:\/\/centresmolina.com\/centreensenyament\/?p=19790"},"modified":"2024-02-28T07:54:23","modified_gmt":"2024-02-28T07:54:23","slug":"1eso-se-convierte-en-cientificos-por-un-dia","status":"publish","type":"post","link":"https:\/\/centresmolina.com\/centreensenyament\/es\/2024\/02\/28\/1eso-se-convierte-en-cientificos-por-un-dia\/","title":{"rendered":"1ESO se convierte en cient\u00edficos por un d\u00eda"},"content":{"rendered":"<p>Nuestro grupo de primero de ESO realiz\u00f3 el taller <em>Cient\u00edfico por un d\u00eda<\/em> en el Zoo de Barcelona para as\u00ed conocer las vocaciones cient\u00edficas que trabajan a diario para el bienestar animal y la conservaci\u00f3n de la biodiversidad.<\/p>\n\n\t\t<style type=\"text\/css\">\n\t\t\t#gallery-1 {\n\t\t\t\tmargin: auto;\n\t\t\t}\n\t\t\t#gallery-1 .gallery-item {\n\t\t\t\tfloat: left;\n\t\t\t\tmargin-top: 10px;\n\t\t\t\ttext-align: center;\n\t\t\t\twidth: 50%;\n\t\t\t}\n\t\t\t#gallery-1 img {\n\t\t\t\tborder: 2px solid #cfcfcf;\n\t\t\t}\n\t\t\t#gallery-1 .gallery-caption {\n\t\t\t\tmargin-left: 0;\n\t\t\t}\n\t\t\t\/* see gallery_shortcode() in wp-includes\/media.php *\/\n\t\t<\/style>\n\t\t<div id='gallery-1' class='gallery galleryid-19790 gallery-columns-2 gallery-size-large'><dl class='gallery-item'>\n\t\t\t<dt class='gallery-icon landscape'>\n\t\t\t\t<a href='https:\/\/centresmolina.com\/centreensenyament\/es\/2024\/02\/28\/1eso-se-convierte-en-cientificos-por-un-dia\/zoo-01-2\/'><img loading=\"lazy\" decoding=\"async\" width=\"1024\" height=\"768\" src=\"https:\/\/centresmolina.com\/centreensenyament\/files\/2024\/02\/Zoo-01-1024x768.jpg\" class=\"attachment-large size-large\" alt=\"\" srcset=\"https:\/\/centresmolina.com\/centreensenyament\/files\/2024\/02\/Zoo-01-1024x768.jpg 1024w, https:\/\/centresmolina.com\/centreensenyament\/files\/2024\/02\/Zoo-01-300x225.jpg 300w, https:\/\/centresmolina.com\/centreensenyament\/files\/2024\/02\/Zoo-01-768x576.jpg 768w, https:\/\/centresmolina.com\/centreensenyament\/files\/2024\/02\/Zoo-01.jpg 1280w\" sizes=\"auto, (max-width: 1024px) 100vw, 1024px\" \/><\/a>\n\t\t\t<\/dt><\/dl><dl class='gallery-item'>\n\t\t\t<dt class='gallery-icon landscape'>\n\t\t\t\t<a href='https:\/\/centresmolina.com\/centreensenyament\/es\/2024\/02\/28\/1eso-se-convierte-en-cientificos-por-un-dia\/zoo-02-2\/'><img loading=\"lazy\" decoding=\"async\" width=\"1024\" height=\"768\" src=\"https:\/\/centresmolina.com\/centreensenyament\/files\/2024\/02\/Zoo-02-1024x768.jpg\" class=\"attachment-large size-large\" alt=\"\" srcset=\"https:\/\/centresmolina.com\/centreensenyament\/files\/2024\/02\/Zoo-02-1024x768.jpg 1024w, https:\/\/centresmolina.com\/centreensenyament\/files\/2024\/02\/Zoo-02-300x225.jpg 300w, https:\/\/centresmolina.com\/centreensenyament\/files\/2024\/02\/Zoo-02-768x576.jpg 768w, https:\/\/centresmolina.com\/centreensenyament\/files\/2024\/02\/Zoo-02.jpg 1280w\" sizes=\"auto, (max-width: 1024px) 100vw, 1024px\" \/><\/a>\n\t\t\t<\/dt><\/dl><br style=\"clear: both\" \/>\n\t\t<\/div>\n\n<p>Los centros de fauna salvaje, y los zoos en particular, est\u00e1n llenos de profesiones cient\u00edficas (bi\u00f3logos, veterinarios, et\u00f3logos, ambient\u00f3logos, arquitectos, educadores,&#8230;). \u00a1Todo es ciencia! Desde la construcci\u00f3n del h\u00e1bitat natural, al cuidado del animal o la gesti\u00f3n de una especie.<\/p>\n<p>El objetivo del taller son:<br \/>\n* Descubrimiento de la vida animal.<br \/>\n* Observaci\u00f3n de las diferentes profesiones de los centros de fauna.<br \/>\n* Aprendizaje de la cotidianidad y complejidad de los centros de fauna y la ciencia que se lleva a cabo.<br \/>\n* Fomentar las profesiones cient\u00edficas.<\/p>\n<p>La salud y bienestar animal se refieren al buen estado f\u00edsico y emocional de los animales. Implica proporcionarles alimentaci\u00f3n adecuada, agua, vivienda c\u00f3moda y atenci\u00f3n veterinaria. Asegurar su bienestar no s\u00f3lo es \u00e9tico, sino crucial para el equilibrio de los ecosistemas.<\/p>\n<p>Cuando terminaron el taller, nuestros alumnos tuvieron un ratito para realizar una visita guiada por el recinto del zool\u00f3gico.<\/p>\n\n\t\t<style type=\"text\/css\">\n\t\t\t#gallery-2 {\n\t\t\t\tmargin: auto;\n\t\t\t}\n\t\t\t#gallery-2 .gallery-item {\n\t\t\t\tfloat: left;\n\t\t\t\tmargin-top: 10px;\n\t\t\t\ttext-align: center;\n\t\t\t\twidth: 33%;\n\t\t\t}\n\t\t\t#gallery-2 img {\n\t\t\t\tborder: 2px solid #cfcfcf;\n\t\t\t}\n\t\t\t#gallery-2 .gallery-caption {\n\t\t\t\tmargin-left: 0;\n\t\t\t}\n\t\t\t\/* see gallery_shortcode() in wp-includes\/media.php *\/\n\t\t<\/style>\n\t\t<div id='gallery-2' class='gallery galleryid-19790 gallery-columns-3 gallery-size-large'><dl class='gallery-item'>\n\t\t\t<dt class='gallery-icon landscape'>\n\t\t\t\t<a href='https:\/\/centresmolina.com\/centreensenyament\/es\/2024\/02\/28\/1eso-se-convierte-en-cientificos-por-un-dia\/zoo-03-2\/'><img loading=\"lazy\" decoding=\"async\" width=\"1024\" height=\"768\" src=\"https:\/\/centresmolina.com\/centreensenyament\/files\/2024\/02\/Zoo-03-1024x768.jpg\" class=\"attachment-large size-large\" alt=\"\" srcset=\"https:\/\/centresmolina.com\/centreensenyament\/files\/2024\/02\/Zoo-03-1024x768.jpg 1024w, https:\/\/centresmolina.com\/centreensenyament\/files\/2024\/02\/Zoo-03-300x225.jpg 300w, https:\/\/centresmolina.com\/centreensenyament\/files\/2024\/02\/Zoo-03-768x576.jpg 768w, https:\/\/centresmolina.com\/centreensenyament\/files\/2024\/02\/Zoo-03.jpg 1280w\" sizes=\"auto, (max-width: 1024px) 100vw, 1024px\" \/><\/a>\n\t\t\t<\/dt><\/dl><dl class='gallery-item'>\n\t\t\t<dt class='gallery-icon landscape'>\n\t\t\t\t<a href='https:\/\/centresmolina.com\/centreensenyament\/es\/2024\/02\/28\/1eso-se-convierte-en-cientificos-por-un-dia\/zoo-04-2\/'><img loading=\"lazy\" decoding=\"async\" width=\"1024\" height=\"768\" src=\"https:\/\/centresmolina.com\/centreensenyament\/files\/2024\/02\/Zoo-04-1024x768.jpg\" class=\"attachment-large size-large\" alt=\"\" srcset=\"https:\/\/centresmolina.com\/centreensenyament\/files\/2024\/02\/Zoo-04-1024x768.jpg 1024w, https:\/\/centresmolina.com\/centreensenyament\/files\/2024\/02\/Zoo-04-300x225.jpg 300w, https:\/\/centresmolina.com\/centreensenyament\/files\/2024\/02\/Zoo-04-768x576.jpg 768w, https:\/\/centresmolina.com\/centreensenyament\/files\/2024\/02\/Zoo-04.jpg 1280w\" sizes=\"auto, (max-width: 1024px) 100vw, 1024px\" \/><\/a>\n\t\t\t<\/dt><\/dl><dl class='gallery-item'>\n\t\t\t<dt class='gallery-icon landscape'>\n\t\t\t\t<a href='https:\/\/centresmolina.com\/centreensenyament\/es\/2024\/02\/28\/1eso-se-convierte-en-cientificos-por-un-dia\/zoo-05-2\/'><img loading=\"lazy\" decoding=\"async\" width=\"1024\" height=\"768\" src=\"https:\/\/centresmolina.com\/centreensenyament\/files\/2024\/02\/Zoo-05-1024x768.jpg\" class=\"attachment-large size-large\" alt=\"\" srcset=\"https:\/\/centresmolina.com\/centreensenyament\/files\/2024\/02\/Zoo-05-1024x768.jpg 1024w, https:\/\/centresmolina.com\/centreensenyament\/files\/2024\/02\/Zoo-05-300x225.jpg 300w, https:\/\/centresmolina.com\/centreensenyament\/files\/2024\/02\/Zoo-05-768x576.jpg 768w, https:\/\/centresmolina.com\/centreensenyament\/files\/2024\/02\/Zoo-05.jpg 1280w\" sizes=\"auto, (max-width: 1024px) 100vw, 1024px\" \/><\/a>\n\t\t\t<\/dt><\/dl><br style=\"clear: both\" \/><dl class='gallery-item'>\n\t\t\t<dt class='gallery-icon landscape'>\n\t\t\t\t<a href='https:\/\/centresmolina.com\/centreensenyament\/es\/2024\/02\/28\/1eso-se-convierte-en-cientificos-por-un-dia\/zoo-06-2\/'><img loading=\"lazy\" decoding=\"async\" width=\"1024\" height=\"768\" src=\"https:\/\/centresmolina.com\/centreensenyament\/files\/2024\/02\/Zoo-06-1024x768.jpg\" class=\"attachment-large size-large\" alt=\"\" srcset=\"https:\/\/centresmolina.com\/centreensenyament\/files\/2024\/02\/Zoo-06-1024x768.jpg 1024w, https:\/\/centresmolina.com\/centreensenyament\/files\/2024\/02\/Zoo-06-300x225.jpg 300w, https:\/\/centresmolina.com\/centreensenyament\/files\/2024\/02\/Zoo-06-768x576.jpg 768w, https:\/\/centresmolina.com\/centreensenyament\/files\/2024\/02\/Zoo-06.jpg 1280w\" sizes=\"auto, (max-width: 1024px) 100vw, 1024px\" \/><\/a>\n\t\t\t<\/dt><\/dl><dl class='gallery-item'>\n\t\t\t<dt class='gallery-icon landscape'>\n\t\t\t\t<a href='https:\/\/centresmolina.com\/centreensenyament\/es\/2024\/02\/28\/1eso-se-convierte-en-cientificos-por-un-dia\/zoo-07-2\/'><img loading=\"lazy\" decoding=\"async\" width=\"1024\" height=\"768\" src=\"https:\/\/centresmolina.com\/centreensenyament\/files\/2024\/02\/Zoo-07-1024x768.jpg\" class=\"attachment-large size-large\" alt=\"\" srcset=\"https:\/\/centresmolina.com\/centreensenyament\/files\/2024\/02\/Zoo-07-1024x768.jpg 1024w, https:\/\/centresmolina.com\/centreensenyament\/files\/2024\/02\/Zoo-07-300x225.jpg 300w, https:\/\/centresmolina.com\/centreensenyament\/files\/2024\/02\/Zoo-07-768x576.jpg 768w, https:\/\/centresmolina.com\/centreensenyament\/files\/2024\/02\/Zoo-07.jpg 1280w\" sizes=\"auto, (max-width: 1024px) 100vw, 1024px\" \/><\/a>\n\t\t\t<\/dt><\/dl><dl class='gallery-item'>\n\t\t\t<dt class='gallery-icon landscape'>\n\t\t\t\t<a href='https:\/\/centresmolina.com\/centreensenyament\/es\/2024\/02\/28\/1eso-se-convierte-en-cientificos-por-un-dia\/zoo-08-2\/'><img loading=\"lazy\" decoding=\"async\" width=\"1024\" height=\"768\" src=\"https:\/\/centresmolina.com\/centreensenyament\/files\/2024\/02\/Zoo-08-1024x768.jpg\" class=\"attachment-large size-large\" alt=\"\" srcset=\"https:\/\/centresmolina.com\/centreensenyament\/files\/2024\/02\/Zoo-08-1024x768.jpg 1024w, https:\/\/centresmolina.com\/centreensenyament\/files\/2024\/02\/Zoo-08-300x225.jpg 300w, https:\/\/centresmolina.com\/centreensenyament\/files\/2024\/02\/Zoo-08-768x576.jpg 768w, https:\/\/centresmolina.com\/centreensenyament\/files\/2024\/02\/Zoo-08.jpg 1280w\" sizes=\"auto, (max-width: 1024px) 100vw, 1024px\" \/><\/a>\n\t\t\t<\/dt><\/dl><br style=\"clear: both\" \/>\n\t\t<\/div>\n\n","protected":false},"excerpt":{"rendered":"<p>Nuestro grupo de primero de ESO realiz\u00f3 el taller Cient\u00edfico por un d\u00eda en el Zoo de Barcelona para as\u00ed&#8230;<\/p>\n","protected":false},"author":3,"featured_media":19786,"comment_status":"closed","ping_status":"closed","sticky":false,"template":"","format":"standard","meta":{"footnotes":""},"categories":[15],"tags":[104,2939,197,118,75,62,64,60,23,34,74,72,63,61,22,121],"class_list":["post-19790","post","type-post","status-publish","format-standard","has-post-thumbnail","hentry","category-noticias-2","tag-1r-deso-es","tag-aprenentage-es","tag-barcelona-es","tag-biologia-es","tag-desenvolupament-personal-i-academic-es","tag-educacio-es","tag-educacio-secundaria-obligatoria-es","tag-escola-es","tag-escola-molina-es","tag-eso-es","tag-estil-propi-es","tag-experiencia-es","tag-formacio-es","tag-molina-es","tag-sortida-es","tag-taller-es"],"yoast_head":"<!-- This site is optimized with the Yoast SEO plugin v27.2 - https:\/\/yoast.com\/product\/yoast-seo-wordpress\/ -->\n<title>1ESO se convierte en cient\u00edficos por un d\u00eda - Centros de ense\u00f1anza<\/title>\n<meta name=\"robots\" content=\"index, follow, max-snippet:-1, max-image-preview:large, max-video-preview:-1\" \/>\n<link rel=\"canonical\" href=\"https:\/\/centresmolina.com\/centreensenyament\/es\/2024\/02\/28\/1eso-se-convierte-en-cientificos-por-un-dia\/\" \/>\n<meta property=\"og:locale\" content=\"es_ES\" \/>\n<meta property=\"og:type\" content=\"article\" \/>\n<meta property=\"og:title\" content=\"1ESO se convierte en cient\u00edficos por un d\u00eda - Centros de ense\u00f1anza\" \/>\n<meta property=\"og:description\" content=\"Nuestro grupo de primero de ESO realiz\u00f3 el taller Cient\u00edfico por un d\u00eda en el Zoo de Barcelona para as\u00ed...\" \/>\n<meta property=\"og:url\" content=\"https:\/\/centresmolina.com\/centreensenyament\/es\/2024\/02\/28\/1eso-se-convierte-en-cientificos-por-un-dia\/\" \/>\n<meta property=\"og:site_name\" content=\"Centros de ense\u00f1anza\" \/>\n<meta property=\"article:published_time\" content=\"2024-02-28T07:54:23+00:00\" \/>\n<meta property=\"og:image\" content=\"http:\/\/centresmolina.com\/centreensenyament\/files\/2024\/02\/Zoo.jpg\" \/>\n\t<meta property=\"og:image:width\" content=\"1280\" \/>\n\t<meta property=\"og:image:height\" content=\"960\" \/>\n\t<meta property=\"og:image:type\" content=\"image\/jpeg\" \/>\n<meta name=\"author\" content=\"webmolina\" \/>\n<meta name=\"twitter:label1\" content=\"Escrito por\" \/>\n\t<meta name=\"twitter:data1\" content=\"webmolina\" \/>\n<script type=\"application\/ld+json\" class=\"yoast-schema-graph\">{\"@context\":\"https:\/\/schema.org\",\"@graph\":[{\"@type\":\"Article\",\"@id\":\"https:\/\/centresmolina.com\/centreensenyament\/es\/2024\/02\/28\/1eso-se-convierte-en-cientificos-por-un-dia\/#article\",\"isPartOf\":{\"@id\":\"https:\/\/centresmolina.com\/centreensenyament\/es\/2024\/02\/28\/1eso-se-convierte-en-cientificos-por-un-dia\/\"},\"author\":{\"name\":\"webmolina\",\"@id\":\"https:\/\/centresmolina.com\/centreensenyament\/#\/schema\/person\/308d85d274adff04b5c51d47e8aff6cc\"},\"headline\":\"1ESO se convierte en cient\u00edficos por un d\u00eda\",\"datePublished\":\"2024-02-28T07:54:23+00:00\",\"mainEntityOfPage\":{\"@id\":\"https:\/\/centresmolina.com\/centreensenyament\/es\/2024\/02\/28\/1eso-se-convierte-en-cientificos-por-un-dia\/\"},\"wordCount\":220,\"image\":{\"@id\":\"https:\/\/centresmolina.com\/centreensenyament\/es\/2024\/02\/28\/1eso-se-convierte-en-cientificos-por-un-dia\/#primaryimage\"},\"thumbnailUrl\":\"https:\/\/centresmolina.com\/centreensenyament\/files\/2024\/02\/Zoo.jpg\",\"keywords\":[\"1r d'ESO @es\",\"Aprenentage\",\"Barcelona\",\"Biologia @es\",\"desenvolupament personal i acad\u00e8mic @es\",\"educaci\u00f3 @es\",\"educaci\u00f3 secund\u00e0ria obligat\u00f2ria @es\",\"Escola @es\",\"Escola Molina @es\",\"ESO @es\",\"estil propi @es\",\"experi\u00e8ncia @es\",\"formaci\u00f3 @es\",\"Molina @es\",\"Sortida @es\",\"taller @es\"],\"articleSection\":[\"Noticias\"],\"inLanguage\":\"es\"},{\"@type\":\"WebPage\",\"@id\":\"https:\/\/centresmolina.com\/centreensenyament\/es\/2024\/02\/28\/1eso-se-convierte-en-cientificos-por-un-dia\/\",\"url\":\"https:\/\/centresmolina.com\/centreensenyament\/es\/2024\/02\/28\/1eso-se-convierte-en-cientificos-por-un-dia\/\",\"name\":\"1ESO se convierte en cient\u00edficos por un d\u00eda - Centros de ense\u00f1anza\",\"isPartOf\":{\"@id\":\"https:\/\/centresmolina.com\/centreensenyament\/#website\"},\"primaryImageOfPage\":{\"@id\":\"https:\/\/centresmolina.com\/centreensenyament\/es\/2024\/02\/28\/1eso-se-convierte-en-cientificos-por-un-dia\/#primaryimage\"},\"image\":{\"@id\":\"https:\/\/centresmolina.com\/centreensenyament\/es\/2024\/02\/28\/1eso-se-convierte-en-cientificos-por-un-dia\/#primaryimage\"},\"thumbnailUrl\":\"https:\/\/centresmolina.com\/centreensenyament\/files\/2024\/02\/Zoo.jpg\",\"datePublished\":\"2024-02-28T07:54:23+00:00\",\"author\":{\"@id\":\"https:\/\/centresmolina.com\/centreensenyament\/#\/schema\/person\/308d85d274adff04b5c51d47e8aff6cc\"},\"breadcrumb\":{\"@id\":\"https:\/\/centresmolina.com\/centreensenyament\/es\/2024\/02\/28\/1eso-se-convierte-en-cientificos-por-un-dia\/#breadcrumb\"},\"inLanguage\":\"es\",\"potentialAction\":[{\"@type\":\"ReadAction\",\"target\":[\"https:\/\/centresmolina.com\/centreensenyament\/es\/2024\/02\/28\/1eso-se-convierte-en-cientificos-por-un-dia\/\"]}]},{\"@type\":\"ImageObject\",\"inLanguage\":\"es\",\"@id\":\"https:\/\/centresmolina.com\/centreensenyament\/es\/2024\/02\/28\/1eso-se-convierte-en-cientificos-por-un-dia\/#primaryimage\",\"url\":\"https:\/\/centresmolina.com\/centreensenyament\/files\/2024\/02\/Zoo.jpg\",\"contentUrl\":\"https:\/\/centresmolina.com\/centreensenyament\/files\/2024\/02\/Zoo.jpg\",\"width\":1280,\"height\":960},{\"@type\":\"BreadcrumbList\",\"@id\":\"https:\/\/centresmolina.com\/centreensenyament\/es\/2024\/02\/28\/1eso-se-convierte-en-cientificos-por-un-dia\/#breadcrumb\",\"itemListElement\":[{\"@type\":\"ListItem\",\"position\":1,\"name\":\"Portada\",\"item\":\"https:\/\/centresmolina.com\/centreensenyament\/es\/\"},{\"@type\":\"ListItem\",\"position\":2,\"name\":\"1ESO se convierte en cient\u00edficos por un d\u00eda\"}]},{\"@type\":\"WebSite\",\"@id\":\"https:\/\/centresmolina.com\/centreensenyament\/#website\",\"url\":\"https:\/\/centresmolina.com\/centreensenyament\/\",\"name\":\"Centros de ense\u00f1anza\",\"description\":\"Centres Molina - Centros de ense\u00f1anza\",\"potentialAction\":[{\"@type\":\"SearchAction\",\"target\":{\"@type\":\"EntryPoint\",\"urlTemplate\":\"https:\/\/centresmolina.com\/centreensenyament\/?s={search_term_string}\"},\"query-input\":{\"@type\":\"PropertyValueSpecification\",\"valueRequired\":true,\"valueName\":\"search_term_string\"}}],\"inLanguage\":\"es\"},{\"@type\":\"Person\",\"@id\":\"https:\/\/centresmolina.com\/centreensenyament\/#\/schema\/person\/308d85d274adff04b5c51d47e8aff6cc\",\"name\":\"webmolina\",\"image\":{\"@type\":\"ImageObject\",\"inLanguage\":\"es\",\"@id\":\"https:\/\/secure.gravatar.com\/avatar\/38db407e1ab9b284bf45e3bff4ec5cf1e034e364f09b2ee054619614662a717b?s=96&d=mm&r=g\",\"url\":\"https:\/\/secure.gravatar.com\/avatar\/38db407e1ab9b284bf45e3bff4ec5cf1e034e364f09b2ee054619614662a717b?s=96&d=mm&r=g\",\"contentUrl\":\"https:\/\/secure.gravatar.com\/avatar\/38db407e1ab9b284bf45e3bff4ec5cf1e034e364f09b2ee054619614662a717b?s=96&d=mm&r=g\",\"caption\":\"webmolina\"},\"url\":\"https:\/\/centresmolina.com\/centreensenyament\/es\/author\/webmolina\/\"}]}<\/script>\n<!-- \/ Yoast SEO plugin. -->","yoast_head_json":{"title":"1ESO se convierte en cient\u00edficos por un d\u00eda - Centros de ense\u00f1anza","robots":{"index":"index","follow":"follow","max-snippet":"max-snippet:-1","max-image-preview":"max-image-preview:large","max-video-preview":"max-video-preview:-1"},"canonical":"https:\/\/centresmolina.com\/centreensenyament\/es\/2024\/02\/28\/1eso-se-convierte-en-cientificos-por-un-dia\/","og_locale":"es_ES","og_type":"article","og_title":"1ESO se convierte en cient\u00edficos por un d\u00eda - Centros de ense\u00f1anza","og_description":"Nuestro grupo de primero de ESO realiz\u00f3 el taller Cient\u00edfico por un d\u00eda en el Zoo de Barcelona para as\u00ed...","og_url":"https:\/\/centresmolina.com\/centreensenyament\/es\/2024\/02\/28\/1eso-se-convierte-en-cientificos-por-un-dia\/","og_site_name":"Centros de ense\u00f1anza","article_published_time":"2024-02-28T07:54:23+00:00","og_image":[{"width":1280,"height":960,"url":"http:\/\/centresmolina.com\/centreensenyament\/files\/2024\/02\/Zoo.jpg","type":"image\/jpeg"}],"author":"webmolina","twitter_misc":{"Escrito por":"webmolina"},"schema":{"@context":"https:\/\/schema.org","@graph":[{"@type":"Article","@id":"https:\/\/centresmolina.com\/centreensenyament\/es\/2024\/02\/28\/1eso-se-convierte-en-cientificos-por-un-dia\/#article","isPartOf":{"@id":"https:\/\/centresmolina.com\/centreensenyament\/es\/2024\/02\/28\/1eso-se-convierte-en-cientificos-por-un-dia\/"},"author":{"name":"webmolina","@id":"https:\/\/centresmolina.com\/centreensenyament\/#\/schema\/person\/308d85d274adff04b5c51d47e8aff6cc"},"headline":"1ESO se convierte en cient\u00edficos por un d\u00eda","datePublished":"2024-02-28T07:54:23+00:00","mainEntityOfPage":{"@id":"https:\/\/centresmolina.com\/centreensenyament\/es\/2024\/02\/28\/1eso-se-convierte-en-cientificos-por-un-dia\/"},"wordCount":220,"image":{"@id":"https:\/\/centresmolina.com\/centreensenyament\/es\/2024\/02\/28\/1eso-se-convierte-en-cientificos-por-un-dia\/#primaryimage"},"thumbnailUrl":"https:\/\/centresmolina.com\/centreensenyament\/files\/2024\/02\/Zoo.jpg","keywords":["1r d'ESO @es","Aprenentage","Barcelona","Biologia @es","desenvolupament personal i acad\u00e8mic @es","educaci\u00f3 @es","educaci\u00f3 secund\u00e0ria obligat\u00f2ria @es","Escola @es","Escola Molina @es","ESO @es","estil propi @es","experi\u00e8ncia @es","formaci\u00f3 @es","Molina @es","Sortida @es","taller @es"],"articleSection":["Noticias"],"inLanguage":"es"},{"@type":"WebPage","@id":"https:\/\/centresmolina.com\/centreensenyament\/es\/2024\/02\/28\/1eso-se-convierte-en-cientificos-por-un-dia\/","url":"https:\/\/centresmolina.com\/centreensenyament\/es\/2024\/02\/28\/1eso-se-convierte-en-cientificos-por-un-dia\/","name":"1ESO se convierte en cient\u00edficos por un d\u00eda - Centros de ense\u00f1anza","isPartOf":{"@id":"https:\/\/centresmolina.com\/centreensenyament\/#website"},"primaryImageOfPage":{"@id":"https:\/\/centresmolina.com\/centreensenyament\/es\/2024\/02\/28\/1eso-se-convierte-en-cientificos-por-un-dia\/#primaryimage"},"image":{"@id":"https:\/\/centresmolina.com\/centreensenyament\/es\/2024\/02\/28\/1eso-se-convierte-en-cientificos-por-un-dia\/#primaryimage"},"thumbnailUrl":"https:\/\/centresmolina.com\/centreensenyament\/files\/2024\/02\/Zoo.jpg","datePublished":"2024-02-28T07:54:23+00:00","author":{"@id":"https:\/\/centresmolina.com\/centreensenyament\/#\/schema\/person\/308d85d274adff04b5c51d47e8aff6cc"},"breadcrumb":{"@id":"https:\/\/centresmolina.com\/centreensenyament\/es\/2024\/02\/28\/1eso-se-convierte-en-cientificos-por-un-dia\/#breadcrumb"},"inLanguage":"es","potentialAction":[{"@type":"ReadAction","target":["https:\/\/centresmolina.com\/centreensenyament\/es\/2024\/02\/28\/1eso-se-convierte-en-cientificos-por-un-dia\/"]}]},{"@type":"ImageObject","inLanguage":"es","@id":"https:\/\/centresmolina.com\/centreensenyament\/es\/2024\/02\/28\/1eso-se-convierte-en-cientificos-por-un-dia\/#primaryimage","url":"https:\/\/centresmolina.com\/centreensenyament\/files\/2024\/02\/Zoo.jpg","contentUrl":"https:\/\/centresmolina.com\/centreensenyament\/files\/2024\/02\/Zoo.jpg","width":1280,"height":960},{"@type":"BreadcrumbList","@id":"https:\/\/centresmolina.com\/centreensenyament\/es\/2024\/02\/28\/1eso-se-convierte-en-cientificos-por-un-dia\/#breadcrumb","itemListElement":[{"@type":"ListItem","position":1,"name":"Portada","item":"https:\/\/centresmolina.com\/centreensenyament\/es\/"},{"@type":"ListItem","position":2,"name":"1ESO se convierte en cient\u00edficos por un d\u00eda"}]},{"@type":"WebSite","@id":"https:\/\/centresmolina.com\/centreensenyament\/#website","url":"https:\/\/centresmolina.com\/centreensenyament\/","name":"Centros de ense\u00f1anza","description":"Centres Molina - Centros de ense\u00f1anza","potentialAction":[{"@type":"SearchAction","target":{"@type":"EntryPoint","urlTemplate":"https:\/\/centresmolina.com\/centreensenyament\/?s={search_term_string}"},"query-input":{"@type":"PropertyValueSpecification","valueRequired":true,"valueName":"search_term_string"}}],"inLanguage":"es"},{"@type":"Person","@id":"https:\/\/centresmolina.com\/centreensenyament\/#\/schema\/person\/308d85d274adff04b5c51d47e8aff6cc","name":"webmolina","image":{"@type":"ImageObject","inLanguage":"es","@id":"https:\/\/secure.gravatar.com\/avatar\/38db407e1ab9b284bf45e3bff4ec5cf1e034e364f09b2ee054619614662a717b?s=96&d=mm&r=g","url":"https:\/\/secure.gravatar.com\/avatar\/38db407e1ab9b284bf45e3bff4ec5cf1e034e364f09b2ee054619614662a717b?s=96&d=mm&r=g","contentUrl":"https:\/\/secure.gravatar.com\/avatar\/38db407e1ab9b284bf45e3bff4ec5cf1e034e364f09b2ee054619614662a717b?s=96&d=mm&r=g","caption":"webmolina"},"url":"https:\/\/centresmolina.com\/centreensenyament\/es\/author\/webmolina\/"}]}},"_links":{"self":[{"href":"https:\/\/centresmolina.com\/centreensenyament\/es\/wp-json\/wp\/v2\/posts\/19790\/"}],"collection":[{"href":"https:\/\/centresmolina.com\/centreensenyament\/es\/wp-json\/wp\/v2\/posts\/"}],"about":[{"href":"https:\/\/centresmolina.com\/centreensenyament\/es\/wp-json\/wp\/v2\/types\/post\/"}],"author":[{"embeddable":true,"href":"https:\/\/centresmolina.com\/centreensenyament\/es\/wp-json\/wp\/v2\/users\/3\/"}],"replies":[{"embeddable":true,"href":"https:\/\/centresmolina.com\/centreensenyament\/es\/wp-json\/wp\/v2\/comments\/?post=19790"}],"version-history":[{"count":1,"href":"https:\/\/centresmolina.com\/centreensenyament\/es\/wp-json\/wp\/v2\/posts\/19790\/revisions\/"}],"predecessor-version":[{"id":19791,"href":"https:\/\/centresmolina.com\/centreensenyament\/es\/wp-json\/wp\/v2\/posts\/19790\/revisions\/19791\/"}],"wp:featuredmedia":[{"embeddable":true,"href":"https:\/\/centresmolina.com\/centreensenyament\/es\/wp-json\/wp\/v2\/media\/19786\/"}],"wp:attachment":[{"href":"https:\/\/centresmolina.com\/centreensenyament\/es\/wp-json\/wp\/v2\/media\/?parent=19790"}],"wp:term":[{"taxonomy":"category","embeddable":true,"href":"https:\/\/centresmolina.com\/centreensenyament\/es\/wp-json\/wp\/v2\/categories\/?post=19790"},{"taxonomy":"post_tag","embeddable":true,"href":"https:\/\/centresmolina.com\/centreensenyament\/es\/wp-json\/wp\/v2\/tags\/?post=19790"}],"curies":[{"name":"wp","href":"https:\/\/api.w.org\/{rel}","templated":true}]}}