{"id":20062,"date":"2024-04-05T08:55:28","date_gmt":"2024-04-05T08:55:28","guid":{"rendered":"https:\/\/centresmolina.com\/centreensenyament\/?p=20062"},"modified":"2024-04-05T08:55:28","modified_gmt":"2024-04-05T08:55:28","slug":"jornadas-deportivas-de-primavera","status":"publish","type":"post","link":"https:\/\/centresmolina.com\/centreensenyament\/es\/2024\/04\/05\/jornadas-deportivas-de-primavera\/","title":{"rendered":"Jornadas deportivas de primavera"},"content":{"rendered":"<p>Antes de irnos de vacaciones de Semana Santa dedicamos una ma\u00f1ana a celebrar nuestras Jornadas Deportivas en el CEM La Guineueta.<\/p>\n\n\t\t<style>\n\t\t\t#gallery-1 {\n\t\t\t\tmargin: auto;\n\t\t\t}\n\t\t\t#gallery-1 .gallery-item {\n\t\t\t\tfloat: left;\n\t\t\t\tmargin-top: 10px;\n\t\t\t\ttext-align: center;\n\t\t\t\twidth: 50%;\n\t\t\t}\n\t\t\t#gallery-1 img {\n\t\t\t\tborder: 2px solid #cfcfcf;\n\t\t\t}\n\t\t\t#gallery-1 .gallery-caption {\n\t\t\t\tmargin-left: 0;\n\t\t\t}\n\t\t\t\/* see gallery_shortcode() in wp-includes\/media.php *\/\n\t\t<\/style>\n\t\t<div id='gallery-1' class='gallery galleryid-20062 gallery-columns-2 gallery-size-large'><dl class='gallery-item'>\n\t\t\t<dt class='gallery-icon landscape'>\n\t\t\t\t<a href='https:\/\/centresmolina.com\/centreensenyament\/es\/2024\/04\/05\/jornadas-deportivas-de-primavera\/jornades-esportives-01-2\/'><img loading=\"lazy\" decoding=\"async\" width=\"1024\" height=\"577\" src=\"https:\/\/centresmolina.com\/centreensenyament\/files\/2024\/04\/Jornades-Esportives-01-1024x577.jpg\" class=\"attachment-large size-large\" alt=\"\" srcset=\"https:\/\/centresmolina.com\/centreensenyament\/files\/2024\/04\/Jornades-Esportives-01-1024x577.jpg 1024w, https:\/\/centresmolina.com\/centreensenyament\/files\/2024\/04\/Jornades-Esportives-01-300x169.jpg 300w, https:\/\/centresmolina.com\/centreensenyament\/files\/2024\/04\/Jornades-Esportives-01-768x433.jpg 768w, https:\/\/centresmolina.com\/centreensenyament\/files\/2024\/04\/Jornades-Esportives-01.jpg 1280w\" sizes=\"auto, (max-width: 1024px) 100vw, 1024px\" \/><\/a>\n\t\t\t<\/dt><\/dl><dl class='gallery-item'>\n\t\t\t<dt class='gallery-icon landscape'>\n\t\t\t\t<a href='https:\/\/centresmolina.com\/centreensenyament\/es\/2024\/04\/05\/jornadas-deportivas-de-primavera\/jornades-esportives-02-2-2\/'><img loading=\"lazy\" decoding=\"async\" width=\"1024\" height=\"577\" src=\"https:\/\/centresmolina.com\/centreensenyament\/files\/2024\/04\/Jornades-Esportives-02-2-1024x577.jpg\" class=\"attachment-large size-large\" alt=\"\" srcset=\"https:\/\/centresmolina.com\/centreensenyament\/files\/2024\/04\/Jornades-Esportives-02-2-1024x577.jpg 1024w, https:\/\/centresmolina.com\/centreensenyament\/files\/2024\/04\/Jornades-Esportives-02-2-300x169.jpg 300w, https:\/\/centresmolina.com\/centreensenyament\/files\/2024\/04\/Jornades-Esportives-02-2-768x433.jpg 768w, https:\/\/centresmolina.com\/centreensenyament\/files\/2024\/04\/Jornades-Esportives-02-2.jpg 1280w\" sizes=\"auto, (max-width: 1024px) 100vw, 1024px\" \/><\/a>\n\t\t\t<\/dt><\/dl><br style=\"clear: both\" \/>\n\t\t<\/div>\n\n<p>Valoramos el deporte f\u00edsico como elemento b\u00e1sico para garantizar una buena salud y equilibrio emocional y, al mismo tiempo, fomenta la cooperaci\u00f3n personal entre compa\u00f1eros de clase para conseguir un objetivo com\u00fan. Las pruebas que hicieron fueron los bolos, punter\u00eda con anillas, saltar a la cuerda, carrera cronometrada de obst\u00e1culos, juego del pa\u00f1uelo y partido de voleibol. Una vez finalizadas, los alumnos pod\u00edan formar partidillo de f\u00fatbol o de baloncesto. \u00a1Siempre en movimiento!<\/p>\n\n\t\t<style>\n\t\t\t#gallery-2 {\n\t\t\t\tmargin: auto;\n\t\t\t}\n\t\t\t#gallery-2 .gallery-item {\n\t\t\t\tfloat: left;\n\t\t\t\tmargin-top: 10px;\n\t\t\t\ttext-align: center;\n\t\t\t\twidth: 25%;\n\t\t\t}\n\t\t\t#gallery-2 img {\n\t\t\t\tborder: 2px solid #cfcfcf;\n\t\t\t}\n\t\t\t#gallery-2 .gallery-caption {\n\t\t\t\tmargin-left: 0;\n\t\t\t}\n\t\t\t\/* see gallery_shortcode() in wp-includes\/media.php *\/\n\t\t<\/style>\n\t\t<div id='gallery-2' class='gallery galleryid-20062 gallery-columns-4 gallery-size-large'><dl class='gallery-item'>\n\t\t\t<dt class='gallery-icon portrait'>\n\t\t\t\t<a href='https:\/\/centresmolina.com\/centreensenyament\/es\/2024\/04\/05\/jornadas-deportivas-de-primavera\/jornades-esportives-14-2\/'><img loading=\"lazy\" decoding=\"async\" width=\"576\" height=\"1024\" src=\"https:\/\/centresmolina.com\/centreensenyament\/files\/2024\/04\/Jornades-Esportives-14-576x1024.jpg\" class=\"attachment-large size-large\" alt=\"\" srcset=\"https:\/\/centresmolina.com\/centreensenyament\/files\/2024\/04\/Jornades-Esportives-14-576x1024.jpg 576w, https:\/\/centresmolina.com\/centreensenyament\/files\/2024\/04\/Jornades-Esportives-14-169x300.jpg 169w, https:\/\/centresmolina.com\/centreensenyament\/files\/2024\/04\/Jornades-Esportives-14-768x1366.jpg 768w, https:\/\/centresmolina.com\/centreensenyament\/files\/2024\/04\/Jornades-Esportives-14-864x1536.jpg 864w, https:\/\/centresmolina.com\/centreensenyament\/files\/2024\/04\/Jornades-Esportives-14-1152x2048.jpg 1152w, https:\/\/centresmolina.com\/centreensenyament\/files\/2024\/04\/Jornades-Esportives-14-rotated.jpg 1280w\" sizes=\"auto, (max-width: 576px) 100vw, 576px\" \/><\/a>\n\t\t\t<\/dt><\/dl><dl class='gallery-item'>\n\t\t\t<dt class='gallery-icon portrait'>\n\t\t\t\t<a href='https:\/\/centresmolina.com\/centreensenyament\/es\/2024\/04\/05\/jornadas-deportivas-de-primavera\/jornades-esportives-13-2\/'><img loading=\"lazy\" decoding=\"async\" width=\"576\" height=\"1024\" src=\"https:\/\/centresmolina.com\/centreensenyament\/files\/2024\/04\/Jornades-Esportives-13-576x1024.jpg\" class=\"attachment-large size-large\" alt=\"\" srcset=\"https:\/\/centresmolina.com\/centreensenyament\/files\/2024\/04\/Jornades-Esportives-13-576x1024.jpg 576w, https:\/\/centresmolina.com\/centreensenyament\/files\/2024\/04\/Jornades-Esportives-13-169x300.jpg 169w, https:\/\/centresmolina.com\/centreensenyament\/files\/2024\/04\/Jornades-Esportives-13-768x1366.jpg 768w, https:\/\/centresmolina.com\/centreensenyament\/files\/2024\/04\/Jornades-Esportives-13-864x1536.jpg 864w, https:\/\/centresmolina.com\/centreensenyament\/files\/2024\/04\/Jornades-Esportives-13-1152x2048.jpg 1152w, https:\/\/centresmolina.com\/centreensenyament\/files\/2024\/04\/Jornades-Esportives-13-rotated.jpg 1280w\" sizes=\"auto, (max-width: 576px) 100vw, 576px\" \/><\/a>\n\t\t\t<\/dt><\/dl><dl class='gallery-item'>\n\t\t\t<dt class='gallery-icon portrait'>\n\t\t\t\t<a href='https:\/\/centresmolina.com\/centreensenyament\/es\/2024\/04\/05\/jornadas-deportivas-de-primavera\/jornades-esportives-12-2\/'><img loading=\"lazy\" decoding=\"async\" width=\"576\" height=\"1024\" src=\"https:\/\/centresmolina.com\/centreensenyament\/files\/2024\/04\/Jornades-Esportives-12-576x1024.jpg\" class=\"attachment-large size-large\" alt=\"\" srcset=\"https:\/\/centresmolina.com\/centreensenyament\/files\/2024\/04\/Jornades-Esportives-12-576x1024.jpg 576w, https:\/\/centresmolina.com\/centreensenyament\/files\/2024\/04\/Jornades-Esportives-12-169x300.jpg 169w, https:\/\/centresmolina.com\/centreensenyament\/files\/2024\/04\/Jornades-Esportives-12-768x1364.jpg 768w, https:\/\/centresmolina.com\/centreensenyament\/files\/2024\/04\/Jornades-Esportives-12-865x1536.jpg 865w, https:\/\/centresmolina.com\/centreensenyament\/files\/2024\/04\/Jornades-Esportives-12-1153x2048.jpg 1153w, https:\/\/centresmolina.com\/centreensenyament\/files\/2024\/04\/Jornades-Esportives-12-rotated.jpg 1280w\" sizes=\"auto, (max-width: 576px) 100vw, 576px\" \/><\/a>\n\t\t\t<\/dt><\/dl><dl class='gallery-item'>\n\t\t\t<dt class='gallery-icon portrait'>\n\t\t\t\t<a href='https:\/\/centresmolina.com\/centreensenyament\/es\/2024\/04\/05\/jornadas-deportivas-de-primavera\/jornades-esportives-11-2\/'><img loading=\"lazy\" decoding=\"async\" width=\"576\" height=\"1024\" src=\"https:\/\/centresmolina.com\/centreensenyament\/files\/2024\/04\/Jornades-Esportives-11-576x1024.jpg\" class=\"attachment-large size-large\" alt=\"\" srcset=\"https:\/\/centresmolina.com\/centreensenyament\/files\/2024\/04\/Jornades-Esportives-11-576x1024.jpg 576w, https:\/\/centresmolina.com\/centreensenyament\/files\/2024\/04\/Jornades-Esportives-11-169x300.jpg 169w, https:\/\/centresmolina.com\/centreensenyament\/files\/2024\/04\/Jornades-Esportives-11-768x1366.jpg 768w, https:\/\/centresmolina.com\/centreensenyament\/files\/2024\/04\/Jornades-Esportives-11-864x1536.jpg 864w, https:\/\/centresmolina.com\/centreensenyament\/files\/2024\/04\/Jornades-Esportives-11-1152x2048.jpg 1152w, https:\/\/centresmolina.com\/centreensenyament\/files\/2024\/04\/Jornades-Esportives-11-rotated.jpg 1280w\" sizes=\"auto, (max-width: 576px) 100vw, 576px\" \/><\/a>\n\t\t\t<\/dt><\/dl><br style=\"clear: both\" \/><dl class='gallery-item'>\n\t\t\t<dt class='gallery-icon portrait'>\n\t\t\t\t<a href='https:\/\/centresmolina.com\/centreensenyament\/es\/2024\/04\/05\/jornadas-deportivas-de-primavera\/jornades-esportives-10-2\/'><img loading=\"lazy\" decoding=\"async\" width=\"576\" height=\"1024\" src=\"https:\/\/centresmolina.com\/centreensenyament\/files\/2024\/04\/Jornades-Esportives-10-576x1024.jpg\" class=\"attachment-large size-large\" alt=\"\" srcset=\"https:\/\/centresmolina.com\/centreensenyament\/files\/2024\/04\/Jornades-Esportives-10-576x1024.jpg 576w, https:\/\/centresmolina.com\/centreensenyament\/files\/2024\/04\/Jornades-Esportives-10-169x300.jpg 169w, https:\/\/centresmolina.com\/centreensenyament\/files\/2024\/04\/Jornades-Esportives-10-768x1364.jpg 768w, https:\/\/centresmolina.com\/centreensenyament\/files\/2024\/04\/Jornades-Esportives-10-865x1536.jpg 865w, https:\/\/centresmolina.com\/centreensenyament\/files\/2024\/04\/Jornades-Esportives-10-1153x2048.jpg 1153w, https:\/\/centresmolina.com\/centreensenyament\/files\/2024\/04\/Jornades-Esportives-10-rotated.jpg 1280w\" sizes=\"auto, (max-width: 576px) 100vw, 576px\" \/><\/a>\n\t\t\t<\/dt><\/dl><dl class='gallery-item'>\n\t\t\t<dt class='gallery-icon portrait'>\n\t\t\t\t<a href='https:\/\/centresmolina.com\/centreensenyament\/es\/2024\/04\/05\/jornadas-deportivas-de-primavera\/jornades-esportives-05-2\/'><img loading=\"lazy\" decoding=\"async\" width=\"576\" height=\"1024\" src=\"https:\/\/centresmolina.com\/centreensenyament\/files\/2024\/04\/Jornades-Esportives-05-576x1024.jpg\" class=\"attachment-large size-large\" alt=\"\" srcset=\"https:\/\/centresmolina.com\/centreensenyament\/files\/2024\/04\/Jornades-Esportives-05-576x1024.jpg 576w, https:\/\/centresmolina.com\/centreensenyament\/files\/2024\/04\/Jornades-Esportives-05-169x300.jpg 169w, https:\/\/centresmolina.com\/centreensenyament\/files\/2024\/04\/Jornades-Esportives-05-768x1366.jpg 768w, https:\/\/centresmolina.com\/centreensenyament\/files\/2024\/04\/Jornades-Esportives-05-864x1536.jpg 864w, https:\/\/centresmolina.com\/centreensenyament\/files\/2024\/04\/Jornades-Esportives-05-1152x2048.jpg 1152w, https:\/\/centresmolina.com\/centreensenyament\/files\/2024\/04\/Jornades-Esportives-05-rotated.jpg 1280w\" sizes=\"auto, (max-width: 576px) 100vw, 576px\" \/><\/a>\n\t\t\t<\/dt><\/dl><dl class='gallery-item'>\n\t\t\t<dt class='gallery-icon portrait'>\n\t\t\t\t<a href='https:\/\/centresmolina.com\/centreensenyament\/es\/2024\/04\/05\/jornadas-deportivas-de-primavera\/jornades-esportives-06-2\/'><img loading=\"lazy\" decoding=\"async\" width=\"576\" height=\"1024\" src=\"https:\/\/centresmolina.com\/centreensenyament\/files\/2024\/04\/Jornades-Esportives-06-576x1024.jpg\" class=\"attachment-large size-large\" alt=\"\" srcset=\"https:\/\/centresmolina.com\/centreensenyament\/files\/2024\/04\/Jornades-Esportives-06-576x1024.jpg 576w, https:\/\/centresmolina.com\/centreensenyament\/files\/2024\/04\/Jornades-Esportives-06-169x300.jpg 169w, https:\/\/centresmolina.com\/centreensenyament\/files\/2024\/04\/Jornades-Esportives-06-768x1366.jpg 768w, https:\/\/centresmolina.com\/centreensenyament\/files\/2024\/04\/Jornades-Esportives-06-864x1536.jpg 864w, https:\/\/centresmolina.com\/centreensenyament\/files\/2024\/04\/Jornades-Esportives-06-1152x2048.jpg 1152w, https:\/\/centresmolina.com\/centreensenyament\/files\/2024\/04\/Jornades-Esportives-06-rotated.jpg 1280w\" sizes=\"auto, (max-width: 576px) 100vw, 576px\" \/><\/a>\n\t\t\t<\/dt><\/dl><dl class='gallery-item'>\n\t\t\t<dt class='gallery-icon portrait'>\n\t\t\t\t<a href='https:\/\/centresmolina.com\/centreensenyament\/es\/2024\/04\/05\/jornadas-deportivas-de-primavera\/jornades-esportives-07-2\/'><img loading=\"lazy\" decoding=\"async\" width=\"576\" height=\"1024\" src=\"https:\/\/centresmolina.com\/centreensenyament\/files\/2024\/04\/Jornades-Esportives-07-576x1024.jpg\" class=\"attachment-large size-large\" alt=\"\" srcset=\"https:\/\/centresmolina.com\/centreensenyament\/files\/2024\/04\/Jornades-Esportives-07-576x1024.jpg 576w, https:\/\/centresmolina.com\/centreensenyament\/files\/2024\/04\/Jornades-Esportives-07-169x300.jpg 169w, https:\/\/centresmolina.com\/centreensenyament\/files\/2024\/04\/Jornades-Esportives-07-768x1366.jpg 768w, https:\/\/centresmolina.com\/centreensenyament\/files\/2024\/04\/Jornades-Esportives-07-864x1536.jpg 864w, https:\/\/centresmolina.com\/centreensenyament\/files\/2024\/04\/Jornades-Esportives-07-1152x2048.jpg 1152w, https:\/\/centresmolina.com\/centreensenyament\/files\/2024\/04\/Jornades-Esportives-07-rotated.jpg 1280w\" sizes=\"auto, (max-width: 576px) 100vw, 576px\" \/><\/a>\n\t\t\t<\/dt><\/dl><br style=\"clear: both\" \/><dl class='gallery-item'>\n\t\t\t<dt class='gallery-icon portrait'>\n\t\t\t\t<a href='https:\/\/centresmolina.com\/centreensenyament\/es\/2024\/04\/05\/jornadas-deportivas-de-primavera\/jornades-esportives-08-2\/'><img loading=\"lazy\" decoding=\"async\" width=\"576\" height=\"1024\" src=\"https:\/\/centresmolina.com\/centreensenyament\/files\/2024\/04\/Jornades-Esportives-08-576x1024.jpg\" class=\"attachment-large size-large\" alt=\"\" srcset=\"https:\/\/centresmolina.com\/centreensenyament\/files\/2024\/04\/Jornades-Esportives-08-576x1024.jpg 576w, https:\/\/centresmolina.com\/centreensenyament\/files\/2024\/04\/Jornades-Esportives-08-169x300.jpg 169w, https:\/\/centresmolina.com\/centreensenyament\/files\/2024\/04\/Jornades-Esportives-08-768x1366.jpg 768w, https:\/\/centresmolina.com\/centreensenyament\/files\/2024\/04\/Jornades-Esportives-08-864x1536.jpg 864w, https:\/\/centresmolina.com\/centreensenyament\/files\/2024\/04\/Jornades-Esportives-08-1152x2048.jpg 1152w, https:\/\/centresmolina.com\/centreensenyament\/files\/2024\/04\/Jornades-Esportives-08-rotated.jpg 1280w\" sizes=\"auto, (max-width: 576px) 100vw, 576px\" \/><\/a>\n\t\t\t<\/dt><\/dl><dl class='gallery-item'>\n\t\t\t<dt class='gallery-icon portrait'>\n\t\t\t\t<a href='https:\/\/centresmolina.com\/centreensenyament\/es\/2024\/04\/05\/jornadas-deportivas-de-primavera\/jornades-esportives-09-2\/'><img loading=\"lazy\" decoding=\"async\" width=\"576\" height=\"1024\" src=\"https:\/\/centresmolina.com\/centreensenyament\/files\/2024\/04\/Jornades-Esportives-09-576x1024.jpg\" class=\"attachment-large size-large\" alt=\"\" srcset=\"https:\/\/centresmolina.com\/centreensenyament\/files\/2024\/04\/Jornades-Esportives-09-576x1024.jpg 576w, https:\/\/centresmolina.com\/centreensenyament\/files\/2024\/04\/Jornades-Esportives-09-169x300.jpg 169w, https:\/\/centresmolina.com\/centreensenyament\/files\/2024\/04\/Jornades-Esportives-09-768x1366.jpg 768w, https:\/\/centresmolina.com\/centreensenyament\/files\/2024\/04\/Jornades-Esportives-09-864x1536.jpg 864w, https:\/\/centresmolina.com\/centreensenyament\/files\/2024\/04\/Jornades-Esportives-09-1152x2048.jpg 1152w, https:\/\/centresmolina.com\/centreensenyament\/files\/2024\/04\/Jornades-Esportives-09-rotated.jpg 1280w\" sizes=\"auto, (max-width: 576px) 100vw, 576px\" \/><\/a>\n\t\t\t<\/dt><\/dl><dl class='gallery-item'>\n\t\t\t<dt class='gallery-icon portrait'>\n\t\t\t\t<a href='https:\/\/centresmolina.com\/centreensenyament\/es\/2024\/04\/05\/jornadas-deportivas-de-primavera\/jornades-esportives-04-2\/'><img loading=\"lazy\" decoding=\"async\" width=\"576\" height=\"1024\" src=\"https:\/\/centresmolina.com\/centreensenyament\/files\/2024\/04\/Jornades-Esportives-04-576x1024.jpg\" class=\"attachment-large size-large\" alt=\"\" srcset=\"https:\/\/centresmolina.com\/centreensenyament\/files\/2024\/04\/Jornades-Esportives-04-576x1024.jpg 576w, https:\/\/centresmolina.com\/centreensenyament\/files\/2024\/04\/Jornades-Esportives-04-169x300.jpg 169w, https:\/\/centresmolina.com\/centreensenyament\/files\/2024\/04\/Jornades-Esportives-04-768x1366.jpg 768w, https:\/\/centresmolina.com\/centreensenyament\/files\/2024\/04\/Jornades-Esportives-04-864x1536.jpg 864w, https:\/\/centresmolina.com\/centreensenyament\/files\/2024\/04\/Jornades-Esportives-04-1152x2048.jpg 1152w, https:\/\/centresmolina.com\/centreensenyament\/files\/2024\/04\/Jornades-Esportives-04-rotated.jpg 1280w\" sizes=\"auto, (max-width: 576px) 100vw, 576px\" \/><\/a>\n\t\t\t<\/dt><\/dl><dl class='gallery-item'>\n\t\t\t<dt class='gallery-icon portrait'>\n\t\t\t\t<a href='https:\/\/centresmolina.com\/centreensenyament\/es\/2024\/04\/05\/jornadas-deportivas-de-primavera\/jornades-esportives-03-2\/'><img loading=\"lazy\" decoding=\"async\" width=\"576\" height=\"1024\" src=\"https:\/\/centresmolina.com\/centreensenyament\/files\/2024\/04\/Jornades-Esportives-03-576x1024.jpg\" class=\"attachment-large size-large\" alt=\"\" srcset=\"https:\/\/centresmolina.com\/centreensenyament\/files\/2024\/04\/Jornades-Esportives-03-576x1024.jpg 576w, https:\/\/centresmolina.com\/centreensenyament\/files\/2024\/04\/Jornades-Esportives-03-169x300.jpg 169w, https:\/\/centresmolina.com\/centreensenyament\/files\/2024\/04\/Jornades-Esportives-03-768x1366.jpg 768w, https:\/\/centresmolina.com\/centreensenyament\/files\/2024\/04\/Jornades-Esportives-03-864x1536.jpg 864w, https:\/\/centresmolina.com\/centreensenyament\/files\/2024\/04\/Jornades-Esportives-03-1152x2048.jpg 1152w, https:\/\/centresmolina.com\/centreensenyament\/files\/2024\/04\/Jornades-Esportives-03-rotated.jpg 1280w\" sizes=\"auto, (max-width: 576px) 100vw, 576px\" \/><\/a>\n\t\t\t<\/dt><\/dl><br style=\"clear: both\" \/>\n\t\t<\/div>\n\n","protected":false},"excerpt":{"rendered":"<p>Antes de irnos de vacaciones de Semana Santa dedicamos una ma\u00f1ana a celebrar nuestras Jornadas Deportivas en el CEM La&#8230;<\/p>\n","protected":false},"author":3,"featured_media":20034,"comment_status":"closed","ping_status":"closed","sticky":false,"template":"","format":"standard","meta":{"footnotes":""},"categories":[15],"tags":[104,89,111,108,197,95,75,64,60,23,34,74,72,2664,61,68,173],"class_list":["post-20062","post","type-post","status-publish","format-standard","has-post-thumbnail","hentry","category-noticias-2","tag-1r-deso-es","tag-2n-deso-es","tag-3r-eso-es","tag-4t-eso-es","tag-barcelona-es","tag-cfgm-es","tag-desenvolupament-personal-i-academic-es","tag-educacio-secundaria-obligatoria-es","tag-escola-es","tag-escola-molina-es","tag-eso-es","tag-estil-propi-es","tag-experiencia-es","tag-jornada-esportiva-es","tag-molina-es","tag-nivells-educatius-es","tag-nou-barris-es"],"yoast_head":"<!-- This site is optimized with the Yoast SEO plugin v28.1 - https:\/\/yoast.com\/product\/yoast-seo-wordpress\/ -->\n<title>Jornadas deportivas de primavera - Centros de ense\u00f1anza<\/title>\n<meta name=\"robots\" content=\"index, follow, max-snippet:-1, max-image-preview:large, max-video-preview:-1\" \/>\n<link rel=\"canonical\" href=\"https:\/\/centresmolina.com\/centreensenyament\/es\/2024\/04\/05\/jornadas-deportivas-de-primavera\/\" \/>\n<meta property=\"og:locale\" content=\"es_ES\" \/>\n<meta property=\"og:type\" content=\"article\" \/>\n<meta property=\"og:title\" content=\"Jornadas deportivas de primavera - Centros de ense\u00f1anza\" \/>\n<meta property=\"og:description\" content=\"Antes de irnos de vacaciones de Semana Santa dedicamos una ma\u00f1ana a celebrar nuestras Jornadas Deportivas en el CEM La...\" \/>\n<meta property=\"og:url\" content=\"https:\/\/centresmolina.com\/centreensenyament\/es\/2024\/04\/05\/jornadas-deportivas-de-primavera\/\" \/>\n<meta property=\"og:site_name\" content=\"Centros de ense\u00f1anza\" \/>\n<meta property=\"article:published_time\" content=\"2024-04-05T08:55:28+00:00\" \/>\n<meta property=\"og:image\" content=\"http:\/\/centresmolina.com\/centreensenyament\/files\/2024\/04\/Jornades-Esportives-01.jpg\" \/>\n\t<meta property=\"og:image:width\" content=\"1280\" \/>\n\t<meta property=\"og:image:height\" content=\"721\" \/>\n\t<meta property=\"og:image:type\" content=\"image\/jpeg\" \/>\n<meta name=\"author\" content=\"webmolina\" \/>\n<meta name=\"twitter:label1\" content=\"Escrito por\" \/>\n\t<meta name=\"twitter:data1\" content=\"webmolina\" \/>\n<script type=\"application\/ld+json\" class=\"yoast-schema-graph\">{\"@context\":\"https:\\\/\\\/schema.org\",\"@graph\":[{\"@type\":\"Article\",\"@id\":\"https:\\\/\\\/centresmolina.com\\\/centreensenyament\\\/es\\\/2024\\\/04\\\/05\\\/jornadas-deportivas-de-primavera\\\/#article\",\"isPartOf\":{\"@id\":\"https:\\\/\\\/centresmolina.com\\\/centreensenyament\\\/es\\\/2024\\\/04\\\/05\\\/jornadas-deportivas-de-primavera\\\/\"},\"author\":{\"name\":\"webmolina\",\"@id\":\"https:\\\/\\\/centresmolina.com\\\/centreensenyament\\\/#\\\/schema\\\/person\\\/308d85d274adff04b5c51d47e8aff6cc\"},\"headline\":\"Jornadas deportivas de primavera\",\"datePublished\":\"2024-04-05T08:55:28+00:00\",\"mainEntityOfPage\":{\"@id\":\"https:\\\/\\\/centresmolina.com\\\/centreensenyament\\\/es\\\/2024\\\/04\\\/05\\\/jornadas-deportivas-de-primavera\\\/\"},\"wordCount\":119,\"image\":{\"@id\":\"https:\\\/\\\/centresmolina.com\\\/centreensenyament\\\/es\\\/2024\\\/04\\\/05\\\/jornadas-deportivas-de-primavera\\\/#primaryimage\"},\"thumbnailUrl\":\"https:\\\/\\\/centresmolina.com\\\/centreensenyament\\\/files\\\/2024\\\/04\\\/Jornades-Esportives-01.jpg\",\"keywords\":[\"1r d'ESO @es\",\"2n d'ESO @es\",\"3r ESO @es\",\"4t ESO @es\",\"Barcelona\",\"CFGM @es\",\"desenvolupament personal i acad\u00e8mic @es\",\"educaci\u00f3 secund\u00e0ria obligat\u00f2ria @es\",\"Escola @es\",\"Escola Molina @es\",\"ESO @es\",\"estil propi @es\",\"experi\u00e8ncia @es\",\"Jornada Esportiva\",\"Molina @es\",\"nivells educatius @es\",\"Nou Barris\"],\"articleSection\":[\"Noticias\"],\"inLanguage\":\"es\"},{\"@type\":\"WebPage\",\"@id\":\"https:\\\/\\\/centresmolina.com\\\/centreensenyament\\\/es\\\/2024\\\/04\\\/05\\\/jornadas-deportivas-de-primavera\\\/\",\"url\":\"https:\\\/\\\/centresmolina.com\\\/centreensenyament\\\/es\\\/2024\\\/04\\\/05\\\/jornadas-deportivas-de-primavera\\\/\",\"name\":\"Jornadas deportivas de primavera - Centros de ense\u00f1anza\",\"isPartOf\":{\"@id\":\"https:\\\/\\\/centresmolina.com\\\/centreensenyament\\\/#website\"},\"primaryImageOfPage\":{\"@id\":\"https:\\\/\\\/centresmolina.com\\\/centreensenyament\\\/es\\\/2024\\\/04\\\/05\\\/jornadas-deportivas-de-primavera\\\/#primaryimage\"},\"image\":{\"@id\":\"https:\\\/\\\/centresmolina.com\\\/centreensenyament\\\/es\\\/2024\\\/04\\\/05\\\/jornadas-deportivas-de-primavera\\\/#primaryimage\"},\"thumbnailUrl\":\"https:\\\/\\\/centresmolina.com\\\/centreensenyament\\\/files\\\/2024\\\/04\\\/Jornades-Esportives-01.jpg\",\"datePublished\":\"2024-04-05T08:55:28+00:00\",\"author\":{\"@id\":\"https:\\\/\\\/centresmolina.com\\\/centreensenyament\\\/#\\\/schema\\\/person\\\/308d85d274adff04b5c51d47e8aff6cc\"},\"breadcrumb\":{\"@id\":\"https:\\\/\\\/centresmolina.com\\\/centreensenyament\\\/es\\\/2024\\\/04\\\/05\\\/jornadas-deportivas-de-primavera\\\/#breadcrumb\"},\"inLanguage\":\"es\",\"potentialAction\":[{\"@type\":\"ReadAction\",\"target\":[\"https:\\\/\\\/centresmolina.com\\\/centreensenyament\\\/es\\\/2024\\\/04\\\/05\\\/jornadas-deportivas-de-primavera\\\/\"]}]},{\"@type\":\"ImageObject\",\"inLanguage\":\"es\",\"@id\":\"https:\\\/\\\/centresmolina.com\\\/centreensenyament\\\/es\\\/2024\\\/04\\\/05\\\/jornadas-deportivas-de-primavera\\\/#primaryimage\",\"url\":\"https:\\\/\\\/centresmolina.com\\\/centreensenyament\\\/files\\\/2024\\\/04\\\/Jornades-Esportives-01.jpg\",\"contentUrl\":\"https:\\\/\\\/centresmolina.com\\\/centreensenyament\\\/files\\\/2024\\\/04\\\/Jornades-Esportives-01.jpg\",\"width\":1280,\"height\":721},{\"@type\":\"BreadcrumbList\",\"@id\":\"https:\\\/\\\/centresmolina.com\\\/centreensenyament\\\/es\\\/2024\\\/04\\\/05\\\/jornadas-deportivas-de-primavera\\\/#breadcrumb\",\"itemListElement\":[{\"@type\":\"ListItem\",\"position\":1,\"name\":\"Portada\",\"item\":\"https:\\\/\\\/centresmolina.com\\\/centreensenyament\\\/es\\\/\"},{\"@type\":\"ListItem\",\"position\":2,\"name\":\"Jornadas deportivas de primavera\"}]},{\"@type\":\"WebSite\",\"@id\":\"https:\\\/\\\/centresmolina.com\\\/centreensenyament\\\/#website\",\"url\":\"https:\\\/\\\/centresmolina.com\\\/centreensenyament\\\/\",\"name\":\"Centros de ense\u00f1anza\",\"description\":\"Centres Molina - Centros de ense\u00f1anza\",\"potentialAction\":[{\"@type\":\"SearchAction\",\"target\":{\"@type\":\"EntryPoint\",\"urlTemplate\":\"https:\\\/\\\/centresmolina.com\\\/centreensenyament\\\/?s={search_term_string}\"},\"query-input\":{\"@type\":\"PropertyValueSpecification\",\"valueRequired\":true,\"valueName\":\"search_term_string\"}}],\"inLanguage\":\"es\"},{\"@type\":\"Person\",\"@id\":\"https:\\\/\\\/centresmolina.com\\\/centreensenyament\\\/#\\\/schema\\\/person\\\/308d85d274adff04b5c51d47e8aff6cc\",\"name\":\"webmolina\",\"image\":{\"@type\":\"ImageObject\",\"inLanguage\":\"es\",\"@id\":\"https:\\\/\\\/secure.gravatar.com\\\/avatar\\\/38db407e1ab9b284bf45e3bff4ec5cf1e034e364f09b2ee054619614662a717b?s=96&d=mm&r=g\",\"url\":\"https:\\\/\\\/secure.gravatar.com\\\/avatar\\\/38db407e1ab9b284bf45e3bff4ec5cf1e034e364f09b2ee054619614662a717b?s=96&d=mm&r=g\",\"contentUrl\":\"https:\\\/\\\/secure.gravatar.com\\\/avatar\\\/38db407e1ab9b284bf45e3bff4ec5cf1e034e364f09b2ee054619614662a717b?s=96&d=mm&r=g\",\"caption\":\"webmolina\"},\"url\":\"https:\\\/\\\/centresmolina.com\\\/centreensenyament\\\/es\\\/author\\\/webmolina\\\/\"}]}<\/script>\n<!-- \/ Yoast SEO plugin. -->","yoast_head_json":{"title":"Jornadas deportivas de primavera - Centros de ense\u00f1anza","robots":{"index":"index","follow":"follow","max-snippet":"max-snippet:-1","max-image-preview":"max-image-preview:large","max-video-preview":"max-video-preview:-1"},"canonical":"https:\/\/centresmolina.com\/centreensenyament\/es\/2024\/04\/05\/jornadas-deportivas-de-primavera\/","og_locale":"es_ES","og_type":"article","og_title":"Jornadas deportivas de primavera - Centros de ense\u00f1anza","og_description":"Antes de irnos de vacaciones de Semana Santa dedicamos una ma\u00f1ana a celebrar nuestras Jornadas Deportivas en el CEM La...","og_url":"https:\/\/centresmolina.com\/centreensenyament\/es\/2024\/04\/05\/jornadas-deportivas-de-primavera\/","og_site_name":"Centros de ense\u00f1anza","article_published_time":"2024-04-05T08:55:28+00:00","og_image":[{"width":1280,"height":721,"url":"http:\/\/centresmolina.com\/centreensenyament\/files\/2024\/04\/Jornades-Esportives-01.jpg","type":"image\/jpeg"}],"author":"webmolina","twitter_misc":{"Escrito por":"webmolina"},"schema":{"@context":"https:\/\/schema.org","@graph":[{"@type":"Article","@id":"https:\/\/centresmolina.com\/centreensenyament\/es\/2024\/04\/05\/jornadas-deportivas-de-primavera\/#article","isPartOf":{"@id":"https:\/\/centresmolina.com\/centreensenyament\/es\/2024\/04\/05\/jornadas-deportivas-de-primavera\/"},"author":{"name":"webmolina","@id":"https:\/\/centresmolina.com\/centreensenyament\/#\/schema\/person\/308d85d274adff04b5c51d47e8aff6cc"},"headline":"Jornadas deportivas de primavera","datePublished":"2024-04-05T08:55:28+00:00","mainEntityOfPage":{"@id":"https:\/\/centresmolina.com\/centreensenyament\/es\/2024\/04\/05\/jornadas-deportivas-de-primavera\/"},"wordCount":119,"image":{"@id":"https:\/\/centresmolina.com\/centreensenyament\/es\/2024\/04\/05\/jornadas-deportivas-de-primavera\/#primaryimage"},"thumbnailUrl":"https:\/\/centresmolina.com\/centreensenyament\/files\/2024\/04\/Jornades-Esportives-01.jpg","keywords":["1r d'ESO @es","2n d'ESO @es","3r ESO @es","4t ESO @es","Barcelona","CFGM @es","desenvolupament personal i acad\u00e8mic @es","educaci\u00f3 secund\u00e0ria obligat\u00f2ria @es","Escola @es","Escola Molina @es","ESO @es","estil propi @es","experi\u00e8ncia @es","Jornada Esportiva","Molina @es","nivells educatius @es","Nou Barris"],"articleSection":["Noticias"],"inLanguage":"es"},{"@type":"WebPage","@id":"https:\/\/centresmolina.com\/centreensenyament\/es\/2024\/04\/05\/jornadas-deportivas-de-primavera\/","url":"https:\/\/centresmolina.com\/centreensenyament\/es\/2024\/04\/05\/jornadas-deportivas-de-primavera\/","name":"Jornadas deportivas de primavera - Centros de ense\u00f1anza","isPartOf":{"@id":"https:\/\/centresmolina.com\/centreensenyament\/#website"},"primaryImageOfPage":{"@id":"https:\/\/centresmolina.com\/centreensenyament\/es\/2024\/04\/05\/jornadas-deportivas-de-primavera\/#primaryimage"},"image":{"@id":"https:\/\/centresmolina.com\/centreensenyament\/es\/2024\/04\/05\/jornadas-deportivas-de-primavera\/#primaryimage"},"thumbnailUrl":"https:\/\/centresmolina.com\/centreensenyament\/files\/2024\/04\/Jornades-Esportives-01.jpg","datePublished":"2024-04-05T08:55:28+00:00","author":{"@id":"https:\/\/centresmolina.com\/centreensenyament\/#\/schema\/person\/308d85d274adff04b5c51d47e8aff6cc"},"breadcrumb":{"@id":"https:\/\/centresmolina.com\/centreensenyament\/es\/2024\/04\/05\/jornadas-deportivas-de-primavera\/#breadcrumb"},"inLanguage":"es","potentialAction":[{"@type":"ReadAction","target":["https:\/\/centresmolina.com\/centreensenyament\/es\/2024\/04\/05\/jornadas-deportivas-de-primavera\/"]}]},{"@type":"ImageObject","inLanguage":"es","@id":"https:\/\/centresmolina.com\/centreensenyament\/es\/2024\/04\/05\/jornadas-deportivas-de-primavera\/#primaryimage","url":"https:\/\/centresmolina.com\/centreensenyament\/files\/2024\/04\/Jornades-Esportives-01.jpg","contentUrl":"https:\/\/centresmolina.com\/centreensenyament\/files\/2024\/04\/Jornades-Esportives-01.jpg","width":1280,"height":721},{"@type":"BreadcrumbList","@id":"https:\/\/centresmolina.com\/centreensenyament\/es\/2024\/04\/05\/jornadas-deportivas-de-primavera\/#breadcrumb","itemListElement":[{"@type":"ListItem","position":1,"name":"Portada","item":"https:\/\/centresmolina.com\/centreensenyament\/es\/"},{"@type":"ListItem","position":2,"name":"Jornadas deportivas de primavera"}]},{"@type":"WebSite","@id":"https:\/\/centresmolina.com\/centreensenyament\/#website","url":"https:\/\/centresmolina.com\/centreensenyament\/","name":"Centros de ense\u00f1anza","description":"Centres Molina - Centros de ense\u00f1anza","potentialAction":[{"@type":"SearchAction","target":{"@type":"EntryPoint","urlTemplate":"https:\/\/centresmolina.com\/centreensenyament\/?s={search_term_string}"},"query-input":{"@type":"PropertyValueSpecification","valueRequired":true,"valueName":"search_term_string"}}],"inLanguage":"es"},{"@type":"Person","@id":"https:\/\/centresmolina.com\/centreensenyament\/#\/schema\/person\/308d85d274adff04b5c51d47e8aff6cc","name":"webmolina","image":{"@type":"ImageObject","inLanguage":"es","@id":"https:\/\/secure.gravatar.com\/avatar\/38db407e1ab9b284bf45e3bff4ec5cf1e034e364f09b2ee054619614662a717b?s=96&d=mm&r=g","url":"https:\/\/secure.gravatar.com\/avatar\/38db407e1ab9b284bf45e3bff4ec5cf1e034e364f09b2ee054619614662a717b?s=96&d=mm&r=g","contentUrl":"https:\/\/secure.gravatar.com\/avatar\/38db407e1ab9b284bf45e3bff4ec5cf1e034e364f09b2ee054619614662a717b?s=96&d=mm&r=g","caption":"webmolina"},"url":"https:\/\/centresmolina.com\/centreensenyament\/es\/author\/webmolina\/"}]}},"_links":{"self":[{"href":"https:\/\/centresmolina.com\/centreensenyament\/es\/wp-json\/wp\/v2\/posts\/20062\/"}],"collection":[{"href":"https:\/\/centresmolina.com\/centreensenyament\/es\/wp-json\/wp\/v2\/posts\/"}],"about":[{"href":"https:\/\/centresmolina.com\/centreensenyament\/es\/wp-json\/wp\/v2\/types\/post\/"}],"author":[{"embeddable":true,"href":"https:\/\/centresmolina.com\/centreensenyament\/es\/wp-json\/wp\/v2\/users\/3\/"}],"replies":[{"embeddable":true,"href":"https:\/\/centresmolina.com\/centreensenyament\/es\/wp-json\/wp\/v2\/comments\/?post=20062"}],"version-history":[{"count":1,"href":"https:\/\/centresmolina.com\/centreensenyament\/es\/wp-json\/wp\/v2\/posts\/20062\/revisions\/"}],"predecessor-version":[{"id":20063,"href":"https:\/\/centresmolina.com\/centreensenyament\/es\/wp-json\/wp\/v2\/posts\/20062\/revisions\/20063\/"}],"wp:featuredmedia":[{"embeddable":true,"href":"https:\/\/centresmolina.com\/centreensenyament\/es\/wp-json\/wp\/v2\/media\/20034\/"}],"wp:attachment":[{"href":"https:\/\/centresmolina.com\/centreensenyament\/es\/wp-json\/wp\/v2\/media\/?parent=20062"}],"wp:term":[{"taxonomy":"category","embeddable":true,"href":"https:\/\/centresmolina.com\/centreensenyament\/es\/wp-json\/wp\/v2\/categories\/?post=20062"},{"taxonomy":"post_tag","embeddable":true,"href":"https:\/\/centresmolina.com\/centreensenyament\/es\/wp-json\/wp\/v2\/tags\/?post=20062"}],"curies":[{"name":"wp","href":"https:\/\/api.w.org\/{rel}","templated":true}]}}