{"id":20830,"date":"2024-05-16T12:54:02","date_gmt":"2024-05-16T12:54:02","guid":{"rendered":"https:\/\/centresmolina.com\/centreensenyament\/?p=20830"},"modified":"2024-05-16T12:54:02","modified_gmt":"2024-05-16T12:54:02","slug":"1eso-y-el-edificio-del-caixaforum","status":"publish","type":"post","link":"https:\/\/centresmolina.com\/centreensenyament\/es\/2024\/05\/16\/1eso-y-el-edificio-del-caixaforum\/","title":{"rendered":"1ESO y el edificio del CaixaForum"},"content":{"rendered":"<p>Los alumnos de primero de ESO han realizado un taller en el CaixaForum llamado <em>Bit a bit<\/em>. Pau, nuestro gu\u00eda, nos ha explicado la historia del edificio modernista donde est\u00e1n ahora mismo el museo del CaixaForum. Fue dise\u00f1ado por Puig i Cadafalch y era una antigua f\u00e1brica textil propiedad del se\u00f1or Casaramona. Vimos c\u00f3mo era la fachada del edificio y comprendimos las necesidades de trabajar con patrones de repetici\u00f3n. Incluso pudimos visitar la terraza superior con su suelo ondulado que ayudaba a aprovechar el agua de la lluvia. Tambi\u00e9n trabajamos la perspectiva y c\u00f3mo ubicarnos en la maqueta, ya que les har\u00eda falta para la parte pr\u00e1ctica del taller.<\/p>\n\n\t\t<style type=\"text\/css\">\n\t\t\t#gallery-1 {\n\t\t\t\tmargin: auto;\n\t\t\t}\n\t\t\t#gallery-1 .gallery-item {\n\t\t\t\tfloat: left;\n\t\t\t\tmargin-top: 10px;\n\t\t\t\ttext-align: center;\n\t\t\t\twidth: 50%;\n\t\t\t}\n\t\t\t#gallery-1 img {\n\t\t\t\tborder: 2px solid #cfcfcf;\n\t\t\t}\n\t\t\t#gallery-1 .gallery-caption {\n\t\t\t\tmargin-left: 0;\n\t\t\t}\n\t\t\t\/* see gallery_shortcode() in wp-includes\/media.php *\/\n\t\t<\/style>\n\t\t<div id='gallery-1' class='gallery galleryid-20830 gallery-columns-2 gallery-size-large'><dl class='gallery-item'>\n\t\t\t<dt class='gallery-icon landscape'>\n\t\t\t\t<a href='https:\/\/centresmolina.com\/centreensenyament\/es\/2024\/05\/16\/1eso-y-el-edificio-del-caixaforum\/historia-01-2\/'><img loading=\"lazy\" decoding=\"async\" width=\"1024\" height=\"577\" src=\"https:\/\/centresmolina.com\/centreensenyament\/files\/2024\/05\/historia-01-1024x577.jpg\" class=\"attachment-large size-large\" alt=\"\" srcset=\"https:\/\/centresmolina.com\/centreensenyament\/files\/2024\/05\/historia-01-1024x577.jpg 1024w, https:\/\/centresmolina.com\/centreensenyament\/files\/2024\/05\/historia-01-300x169.jpg 300w, https:\/\/centresmolina.com\/centreensenyament\/files\/2024\/05\/historia-01-768x433.jpg 768w, https:\/\/centresmolina.com\/centreensenyament\/files\/2024\/05\/historia-01.jpg 1280w\" sizes=\"auto, (max-width: 1024px) 100vw, 1024px\" \/><\/a>\n\t\t\t<\/dt><\/dl><dl class='gallery-item'>\n\t\t\t<dt class='gallery-icon landscape'>\n\t\t\t\t<a href='https:\/\/centresmolina.com\/centreensenyament\/es\/2024\/05\/16\/1eso-y-el-edificio-del-caixaforum\/historia-02-2\/'><img loading=\"lazy\" decoding=\"async\" width=\"1024\" height=\"577\" src=\"https:\/\/centresmolina.com\/centreensenyament\/files\/2024\/05\/historia-02-1024x577.jpg\" class=\"attachment-large size-large\" alt=\"\" srcset=\"https:\/\/centresmolina.com\/centreensenyament\/files\/2024\/05\/historia-02-1024x577.jpg 1024w, https:\/\/centresmolina.com\/centreensenyament\/files\/2024\/05\/historia-02-300x169.jpg 300w, https:\/\/centresmolina.com\/centreensenyament\/files\/2024\/05\/historia-02-768x433.jpg 768w, https:\/\/centresmolina.com\/centreensenyament\/files\/2024\/05\/historia-02.jpg 1280w\" sizes=\"auto, (max-width: 1024px) 100vw, 1024px\" \/><\/a>\n\t\t\t<\/dt><\/dl><br style=\"clear: both\" \/><dl class='gallery-item'>\n\t\t\t<dt class='gallery-icon landscape'>\n\t\t\t\t<a href='https:\/\/centresmolina.com\/centreensenyament\/es\/2024\/05\/16\/1eso-y-el-edificio-del-caixaforum\/historia-03-2\/'><img loading=\"lazy\" decoding=\"async\" width=\"1024\" height=\"577\" src=\"https:\/\/centresmolina.com\/centreensenyament\/files\/2024\/05\/historia-03-1024x577.jpg\" class=\"attachment-large size-large\" alt=\"\" srcset=\"https:\/\/centresmolina.com\/centreensenyament\/files\/2024\/05\/historia-03-1024x577.jpg 1024w, https:\/\/centresmolina.com\/centreensenyament\/files\/2024\/05\/historia-03-300x169.jpg 300w, https:\/\/centresmolina.com\/centreensenyament\/files\/2024\/05\/historia-03-768x433.jpg 768w, https:\/\/centresmolina.com\/centreensenyament\/files\/2024\/05\/historia-03.jpg 1280w\" sizes=\"auto, (max-width: 1024px) 100vw, 1024px\" \/><\/a>\n\t\t\t<\/dt><\/dl><dl class='gallery-item'>\n\t\t\t<dt class='gallery-icon landscape'>\n\t\t\t\t<a href='https:\/\/centresmolina.com\/centreensenyament\/es\/2024\/05\/16\/1eso-y-el-edificio-del-caixaforum\/historia-04-2\/'><img loading=\"lazy\" decoding=\"async\" width=\"1024\" height=\"577\" src=\"https:\/\/centresmolina.com\/centreensenyament\/files\/2024\/05\/historia-04-1024x577.jpg\" class=\"attachment-large size-large\" alt=\"\" srcset=\"https:\/\/centresmolina.com\/centreensenyament\/files\/2024\/05\/historia-04-1024x577.jpg 1024w, https:\/\/centresmolina.com\/centreensenyament\/files\/2024\/05\/historia-04-300x169.jpg 300w, https:\/\/centresmolina.com\/centreensenyament\/files\/2024\/05\/historia-04-768x433.jpg 768w, https:\/\/centresmolina.com\/centreensenyament\/files\/2024\/05\/historia-04.jpg 1280w\" sizes=\"auto, (max-width: 1024px) 100vw, 1024px\" \/><\/a>\n\t\t\t<\/dt><\/dl><br style=\"clear: both\" \/>\n\t\t<\/div>\n\n<p>Tras conocer la historia y entender c\u00f3mo est\u00e1 dise\u00f1ado el edificio, los alumnos trabajaron por parejas y replicaron la fachada con Minecraft. Parec\u00eda f\u00e1cil, \u00a1pero no lo era tanto! Menos mal que Pau y Bernat nos ayudaron much\u00edsimo.<\/p>\n\n\t\t<style type=\"text\/css\">\n\t\t\t#gallery-2 {\n\t\t\t\tmargin: auto;\n\t\t\t}\n\t\t\t#gallery-2 .gallery-item {\n\t\t\t\tfloat: left;\n\t\t\t\tmargin-top: 10px;\n\t\t\t\ttext-align: center;\n\t\t\t\twidth: 25%;\n\t\t\t}\n\t\t\t#gallery-2 img {\n\t\t\t\tborder: 2px solid #cfcfcf;\n\t\t\t}\n\t\t\t#gallery-2 .gallery-caption {\n\t\t\t\tmargin-left: 0;\n\t\t\t}\n\t\t\t\/* see gallery_shortcode() in wp-includes\/media.php *\/\n\t\t<\/style>\n\t\t<div id='gallery-2' class='gallery galleryid-20830 gallery-columns-4 gallery-size-large'><dl class='gallery-item'>\n\t\t\t<dt class='gallery-icon landscape'>\n\t\t\t\t<a href='https:\/\/centresmolina.com\/centreensenyament\/es\/2024\/05\/16\/1eso-y-el-edificio-del-caixaforum\/minecraft-00-2\/'><img loading=\"lazy\" decoding=\"async\" width=\"1024\" height=\"577\" src=\"https:\/\/centresmolina.com\/centreensenyament\/files\/2024\/05\/minecraft-00-1024x577.jpg\" class=\"attachment-large size-large\" alt=\"\" srcset=\"https:\/\/centresmolina.com\/centreensenyament\/files\/2024\/05\/minecraft-00-1024x577.jpg 1024w, https:\/\/centresmolina.com\/centreensenyament\/files\/2024\/05\/minecraft-00-300x169.jpg 300w, https:\/\/centresmolina.com\/centreensenyament\/files\/2024\/05\/minecraft-00-768x433.jpg 768w, https:\/\/centresmolina.com\/centreensenyament\/files\/2024\/05\/minecraft-00.jpg 1280w\" sizes=\"auto, (max-width: 1024px) 100vw, 1024px\" \/><\/a>\n\t\t\t<\/dt><\/dl><dl class='gallery-item'>\n\t\t\t<dt class='gallery-icon landscape'>\n\t\t\t\t<a href='https:\/\/centresmolina.com\/centreensenyament\/es\/2024\/05\/16\/1eso-y-el-edificio-del-caixaforum\/minecraft-01-2\/'><img loading=\"lazy\" decoding=\"async\" width=\"1024\" height=\"577\" src=\"https:\/\/centresmolina.com\/centreensenyament\/files\/2024\/05\/minecraft-01-1024x577.jpg\" class=\"attachment-large size-large\" alt=\"\" srcset=\"https:\/\/centresmolina.com\/centreensenyament\/files\/2024\/05\/minecraft-01-1024x577.jpg 1024w, https:\/\/centresmolina.com\/centreensenyament\/files\/2024\/05\/minecraft-01-300x169.jpg 300w, https:\/\/centresmolina.com\/centreensenyament\/files\/2024\/05\/minecraft-01-768x433.jpg 768w, https:\/\/centresmolina.com\/centreensenyament\/files\/2024\/05\/minecraft-01.jpg 1280w\" sizes=\"auto, (max-width: 1024px) 100vw, 1024px\" \/><\/a>\n\t\t\t<\/dt><\/dl><dl class='gallery-item'>\n\t\t\t<dt class='gallery-icon landscape'>\n\t\t\t\t<a href='https:\/\/centresmolina.com\/centreensenyament\/es\/2024\/05\/16\/1eso-y-el-edificio-del-caixaforum\/minecraft-02-2\/'><img loading=\"lazy\" decoding=\"async\" width=\"1024\" height=\"577\" src=\"https:\/\/centresmolina.com\/centreensenyament\/files\/2024\/05\/minecraft-02-1024x577.jpg\" class=\"attachment-large size-large\" alt=\"\" srcset=\"https:\/\/centresmolina.com\/centreensenyament\/files\/2024\/05\/minecraft-02-1024x577.jpg 1024w, https:\/\/centresmolina.com\/centreensenyament\/files\/2024\/05\/minecraft-02-300x169.jpg 300w, https:\/\/centresmolina.com\/centreensenyament\/files\/2024\/05\/minecraft-02-768x433.jpg 768w, https:\/\/centresmolina.com\/centreensenyament\/files\/2024\/05\/minecraft-02.jpg 1280w\" sizes=\"auto, (max-width: 1024px) 100vw, 1024px\" \/><\/a>\n\t\t\t<\/dt><\/dl><dl class='gallery-item'>\n\t\t\t<dt class='gallery-icon landscape'>\n\t\t\t\t<a href='https:\/\/centresmolina.com\/centreensenyament\/es\/2024\/05\/16\/1eso-y-el-edificio-del-caixaforum\/minecraft-03-2\/'><img loading=\"lazy\" decoding=\"async\" width=\"1024\" height=\"577\" src=\"https:\/\/centresmolina.com\/centreensenyament\/files\/2024\/05\/minecraft-03-1024x577.jpg\" class=\"attachment-large size-large\" alt=\"\" srcset=\"https:\/\/centresmolina.com\/centreensenyament\/files\/2024\/05\/minecraft-03-1024x577.jpg 1024w, https:\/\/centresmolina.com\/centreensenyament\/files\/2024\/05\/minecraft-03-300x169.jpg 300w, https:\/\/centresmolina.com\/centreensenyament\/files\/2024\/05\/minecraft-03-768x433.jpg 768w, https:\/\/centresmolina.com\/centreensenyament\/files\/2024\/05\/minecraft-03.jpg 1280w\" sizes=\"auto, (max-width: 1024px) 100vw, 1024px\" \/><\/a>\n\t\t\t<\/dt><\/dl><br style=\"clear: both\" \/><dl class='gallery-item'>\n\t\t\t<dt class='gallery-icon landscape'>\n\t\t\t\t<a href='https:\/\/centresmolina.com\/centreensenyament\/es\/2024\/05\/16\/1eso-y-el-edificio-del-caixaforum\/minecraft-04-2\/'><img loading=\"lazy\" decoding=\"async\" width=\"1024\" height=\"577\" src=\"https:\/\/centresmolina.com\/centreensenyament\/files\/2024\/05\/minecraft-04-1024x577.jpg\" class=\"attachment-large size-large\" alt=\"\" srcset=\"https:\/\/centresmolina.com\/centreensenyament\/files\/2024\/05\/minecraft-04-1024x577.jpg 1024w, https:\/\/centresmolina.com\/centreensenyament\/files\/2024\/05\/minecraft-04-300x169.jpg 300w, https:\/\/centresmolina.com\/centreensenyament\/files\/2024\/05\/minecraft-04-768x433.jpg 768w, https:\/\/centresmolina.com\/centreensenyament\/files\/2024\/05\/minecraft-04.jpg 1280w\" sizes=\"auto, (max-width: 1024px) 100vw, 1024px\" \/><\/a>\n\t\t\t<\/dt><\/dl><dl class='gallery-item'>\n\t\t\t<dt class='gallery-icon landscape'>\n\t\t\t\t<a href='https:\/\/centresmolina.com\/centreensenyament\/es\/2024\/05\/16\/1eso-y-el-edificio-del-caixaforum\/minecraft-06-2\/'><img loading=\"lazy\" decoding=\"async\" width=\"1024\" height=\"577\" src=\"https:\/\/centresmolina.com\/centreensenyament\/files\/2024\/05\/minecraft-06-1024x577.jpg\" class=\"attachment-large size-large\" alt=\"\" srcset=\"https:\/\/centresmolina.com\/centreensenyament\/files\/2024\/05\/minecraft-06-1024x577.jpg 1024w, https:\/\/centresmolina.com\/centreensenyament\/files\/2024\/05\/minecraft-06-300x169.jpg 300w, https:\/\/centresmolina.com\/centreensenyament\/files\/2024\/05\/minecraft-06-768x433.jpg 768w, https:\/\/centresmolina.com\/centreensenyament\/files\/2024\/05\/minecraft-06.jpg 1280w\" sizes=\"auto, (max-width: 1024px) 100vw, 1024px\" \/><\/a>\n\t\t\t<\/dt><\/dl><dl class='gallery-item'>\n\t\t\t<dt class='gallery-icon landscape'>\n\t\t\t\t<a href='https:\/\/centresmolina.com\/centreensenyament\/es\/2024\/05\/16\/1eso-y-el-edificio-del-caixaforum\/minecraft-07-2\/'><img loading=\"lazy\" decoding=\"async\" width=\"1024\" height=\"577\" src=\"https:\/\/centresmolina.com\/centreensenyament\/files\/2024\/05\/minecraft-07-1024x577.jpg\" class=\"attachment-large size-large\" alt=\"\" srcset=\"https:\/\/centresmolina.com\/centreensenyament\/files\/2024\/05\/minecraft-07-1024x577.jpg 1024w, https:\/\/centresmolina.com\/centreensenyament\/files\/2024\/05\/minecraft-07-300x169.jpg 300w, https:\/\/centresmolina.com\/centreensenyament\/files\/2024\/05\/minecraft-07-768x433.jpg 768w, https:\/\/centresmolina.com\/centreensenyament\/files\/2024\/05\/minecraft-07.jpg 1280w\" sizes=\"auto, (max-width: 1024px) 100vw, 1024px\" \/><\/a>\n\t\t\t<\/dt><\/dl><dl class='gallery-item'>\n\t\t\t<dt class='gallery-icon landscape'>\n\t\t\t\t<a href='https:\/\/centresmolina.com\/centreensenyament\/es\/2024\/05\/16\/1eso-y-el-edificio-del-caixaforum\/minecraft-08-2\/'><img loading=\"lazy\" decoding=\"async\" width=\"1024\" height=\"577\" src=\"https:\/\/centresmolina.com\/centreensenyament\/files\/2024\/05\/minecraft-08-1024x577.jpg\" class=\"attachment-large size-large\" alt=\"\" srcset=\"https:\/\/centresmolina.com\/centreensenyament\/files\/2024\/05\/minecraft-08-1024x577.jpg 1024w, https:\/\/centresmolina.com\/centreensenyament\/files\/2024\/05\/minecraft-08-300x169.jpg 300w, https:\/\/centresmolina.com\/centreensenyament\/files\/2024\/05\/minecraft-08-768x433.jpg 768w, https:\/\/centresmolina.com\/centreensenyament\/files\/2024\/05\/minecraft-08.jpg 1280w\" sizes=\"auto, (max-width: 1024px) 100vw, 1024px\" \/><\/a>\n\t\t\t<\/dt><\/dl><br style=\"clear: both\" \/>\n\t\t<\/div>\n\n","protected":false},"excerpt":{"rendered":"<p>Los alumnos de primero de ESO han realizado un taller en el CaixaForum llamado Bit a bit. Pau, nuestro gu\u00eda,&#8230;<\/p>\n","protected":false},"author":3,"featured_media":20828,"comment_status":"closed","ping_status":"closed","sticky":false,"template":"","format":"standard","meta":{"footnotes":""},"categories":[15],"tags":[104,2939,69,197,2631,75,62,64,70,60,23,34,74,72,61,22,121,67],"class_list":["post-20830","post","type-post","status-publish","format-standard","has-post-thumbnail","hentry","category-noticias-2","tag-1r-deso-es","tag-aprenentage-es","tag-aprenentatge-es","tag-barcelona-es","tag-cultura-es","tag-desenvolupament-personal-i-academic-es","tag-educacio-es","tag-educacio-secundaria-obligatoria-es","tag-ensenyament-es","tag-escola-es","tag-escola-molina-es","tag-eso-es","tag-estil-propi-es","tag-experiencia-es","tag-molina-es","tag-sortida-es","tag-taller-es","tag-tecnologia-es"],"yoast_head":"<!-- This site is optimized with the Yoast SEO plugin v27.2 - https:\/\/yoast.com\/product\/yoast-seo-wordpress\/ -->\n<title>1ESO y el edificio del CaixaForum - Centros de ense\u00f1anza<\/title>\n<meta name=\"robots\" content=\"index, follow, max-snippet:-1, max-image-preview:large, max-video-preview:-1\" \/>\n<link rel=\"canonical\" href=\"https:\/\/centresmolina.com\/centreensenyament\/es\/2024\/05\/16\/1eso-y-el-edificio-del-caixaforum\/\" \/>\n<meta property=\"og:locale\" content=\"es_ES\" \/>\n<meta property=\"og:type\" content=\"article\" \/>\n<meta property=\"og:title\" content=\"1ESO y el edificio del CaixaForum - Centros de ense\u00f1anza\" \/>\n<meta property=\"og:description\" content=\"Los alumnos de primero de ESO han realizado un taller en el CaixaForum llamado Bit a bit. Pau, nuestro gu\u00eda,...\" \/>\n<meta property=\"og:url\" content=\"https:\/\/centresmolina.com\/centreensenyament\/es\/2024\/05\/16\/1eso-y-el-edificio-del-caixaforum\/\" \/>\n<meta property=\"og:site_name\" content=\"Centros de ense\u00f1anza\" \/>\n<meta property=\"article:published_time\" content=\"2024-05-16T12:54:02+00:00\" \/>\n<meta property=\"og:image\" content=\"http:\/\/centresmolina.com\/centreensenyament\/files\/2024\/05\/grup.jpg\" \/>\n\t<meta property=\"og:image:width\" content=\"1280\" \/>\n\t<meta property=\"og:image:height\" content=\"721\" \/>\n\t<meta property=\"og:image:type\" content=\"image\/jpeg\" \/>\n<meta name=\"author\" content=\"webmolina\" \/>\n<meta name=\"twitter:label1\" content=\"Escrito por\" \/>\n\t<meta name=\"twitter:data1\" content=\"webmolina\" \/>\n<script type=\"application\/ld+json\" class=\"yoast-schema-graph\">{\"@context\":\"https:\/\/schema.org\",\"@graph\":[{\"@type\":\"Article\",\"@id\":\"https:\/\/centresmolina.com\/centreensenyament\/es\/2024\/05\/16\/1eso-y-el-edificio-del-caixaforum\/#article\",\"isPartOf\":{\"@id\":\"https:\/\/centresmolina.com\/centreensenyament\/es\/2024\/05\/16\/1eso-y-el-edificio-del-caixaforum\/\"},\"author\":{\"name\":\"webmolina\",\"@id\":\"https:\/\/centresmolina.com\/centreensenyament\/#\/schema\/person\/308d85d274adff04b5c51d47e8aff6cc\"},\"headline\":\"1ESO y el edificio del CaixaForum\",\"datePublished\":\"2024-05-16T12:54:02+00:00\",\"mainEntityOfPage\":{\"@id\":\"https:\/\/centresmolina.com\/centreensenyament\/es\/2024\/05\/16\/1eso-y-el-edificio-del-caixaforum\/\"},\"wordCount\":179,\"image\":{\"@id\":\"https:\/\/centresmolina.com\/centreensenyament\/es\/2024\/05\/16\/1eso-y-el-edificio-del-caixaforum\/#primaryimage\"},\"thumbnailUrl\":\"https:\/\/centresmolina.com\/centreensenyament\/files\/2024\/05\/grup.jpg\",\"keywords\":[\"1r d'ESO @es\",\"Aprenentage\",\"aprenentatge @es\",\"Barcelona\",\"cultura\",\"desenvolupament personal i acad\u00e8mic @es\",\"educaci\u00f3 @es\",\"educaci\u00f3 secund\u00e0ria obligat\u00f2ria @es\",\"ensenyament @es\",\"Escola @es\",\"Escola Molina @es\",\"ESO @es\",\"estil propi @es\",\"experi\u00e8ncia @es\",\"Molina @es\",\"Sortida @es\",\"taller @es\",\"tecnologia @es\"],\"articleSection\":[\"Noticias\"],\"inLanguage\":\"es\"},{\"@type\":\"WebPage\",\"@id\":\"https:\/\/centresmolina.com\/centreensenyament\/es\/2024\/05\/16\/1eso-y-el-edificio-del-caixaforum\/\",\"url\":\"https:\/\/centresmolina.com\/centreensenyament\/es\/2024\/05\/16\/1eso-y-el-edificio-del-caixaforum\/\",\"name\":\"1ESO y el edificio del CaixaForum - Centros de ense\u00f1anza\",\"isPartOf\":{\"@id\":\"https:\/\/centresmolina.com\/centreensenyament\/#website\"},\"primaryImageOfPage\":{\"@id\":\"https:\/\/centresmolina.com\/centreensenyament\/es\/2024\/05\/16\/1eso-y-el-edificio-del-caixaforum\/#primaryimage\"},\"image\":{\"@id\":\"https:\/\/centresmolina.com\/centreensenyament\/es\/2024\/05\/16\/1eso-y-el-edificio-del-caixaforum\/#primaryimage\"},\"thumbnailUrl\":\"https:\/\/centresmolina.com\/centreensenyament\/files\/2024\/05\/grup.jpg\",\"datePublished\":\"2024-05-16T12:54:02+00:00\",\"author\":{\"@id\":\"https:\/\/centresmolina.com\/centreensenyament\/#\/schema\/person\/308d85d274adff04b5c51d47e8aff6cc\"},\"breadcrumb\":{\"@id\":\"https:\/\/centresmolina.com\/centreensenyament\/es\/2024\/05\/16\/1eso-y-el-edificio-del-caixaforum\/#breadcrumb\"},\"inLanguage\":\"es\",\"potentialAction\":[{\"@type\":\"ReadAction\",\"target\":[\"https:\/\/centresmolina.com\/centreensenyament\/es\/2024\/05\/16\/1eso-y-el-edificio-del-caixaforum\/\"]}]},{\"@type\":\"ImageObject\",\"inLanguage\":\"es\",\"@id\":\"https:\/\/centresmolina.com\/centreensenyament\/es\/2024\/05\/16\/1eso-y-el-edificio-del-caixaforum\/#primaryimage\",\"url\":\"https:\/\/centresmolina.com\/centreensenyament\/files\/2024\/05\/grup.jpg\",\"contentUrl\":\"https:\/\/centresmolina.com\/centreensenyament\/files\/2024\/05\/grup.jpg\",\"width\":1280,\"height\":721},{\"@type\":\"BreadcrumbList\",\"@id\":\"https:\/\/centresmolina.com\/centreensenyament\/es\/2024\/05\/16\/1eso-y-el-edificio-del-caixaforum\/#breadcrumb\",\"itemListElement\":[{\"@type\":\"ListItem\",\"position\":1,\"name\":\"Portada\",\"item\":\"https:\/\/centresmolina.com\/centreensenyament\/es\/\"},{\"@type\":\"ListItem\",\"position\":2,\"name\":\"1ESO y el edificio del CaixaForum\"}]},{\"@type\":\"WebSite\",\"@id\":\"https:\/\/centresmolina.com\/centreensenyament\/#website\",\"url\":\"https:\/\/centresmolina.com\/centreensenyament\/\",\"name\":\"Centros de ense\u00f1anza\",\"description\":\"Centres Molina - Centros de ense\u00f1anza\",\"potentialAction\":[{\"@type\":\"SearchAction\",\"target\":{\"@type\":\"EntryPoint\",\"urlTemplate\":\"https:\/\/centresmolina.com\/centreensenyament\/?s={search_term_string}\"},\"query-input\":{\"@type\":\"PropertyValueSpecification\",\"valueRequired\":true,\"valueName\":\"search_term_string\"}}],\"inLanguage\":\"es\"},{\"@type\":\"Person\",\"@id\":\"https:\/\/centresmolina.com\/centreensenyament\/#\/schema\/person\/308d85d274adff04b5c51d47e8aff6cc\",\"name\":\"webmolina\",\"image\":{\"@type\":\"ImageObject\",\"inLanguage\":\"es\",\"@id\":\"https:\/\/secure.gravatar.com\/avatar\/38db407e1ab9b284bf45e3bff4ec5cf1e034e364f09b2ee054619614662a717b?s=96&d=mm&r=g\",\"url\":\"https:\/\/secure.gravatar.com\/avatar\/38db407e1ab9b284bf45e3bff4ec5cf1e034e364f09b2ee054619614662a717b?s=96&d=mm&r=g\",\"contentUrl\":\"https:\/\/secure.gravatar.com\/avatar\/38db407e1ab9b284bf45e3bff4ec5cf1e034e364f09b2ee054619614662a717b?s=96&d=mm&r=g\",\"caption\":\"webmolina\"},\"url\":\"https:\/\/centresmolina.com\/centreensenyament\/es\/author\/webmolina\/\"}]}<\/script>\n<!-- \/ Yoast SEO plugin. -->","yoast_head_json":{"title":"1ESO y el edificio del CaixaForum - Centros de ense\u00f1anza","robots":{"index":"index","follow":"follow","max-snippet":"max-snippet:-1","max-image-preview":"max-image-preview:large","max-video-preview":"max-video-preview:-1"},"canonical":"https:\/\/centresmolina.com\/centreensenyament\/es\/2024\/05\/16\/1eso-y-el-edificio-del-caixaforum\/","og_locale":"es_ES","og_type":"article","og_title":"1ESO y el edificio del CaixaForum - Centros de ense\u00f1anza","og_description":"Los alumnos de primero de ESO han realizado un taller en el CaixaForum llamado Bit a bit. Pau, nuestro gu\u00eda,...","og_url":"https:\/\/centresmolina.com\/centreensenyament\/es\/2024\/05\/16\/1eso-y-el-edificio-del-caixaforum\/","og_site_name":"Centros de ense\u00f1anza","article_published_time":"2024-05-16T12:54:02+00:00","og_image":[{"width":1280,"height":721,"url":"http:\/\/centresmolina.com\/centreensenyament\/files\/2024\/05\/grup.jpg","type":"image\/jpeg"}],"author":"webmolina","twitter_misc":{"Escrito por":"webmolina"},"schema":{"@context":"https:\/\/schema.org","@graph":[{"@type":"Article","@id":"https:\/\/centresmolina.com\/centreensenyament\/es\/2024\/05\/16\/1eso-y-el-edificio-del-caixaforum\/#article","isPartOf":{"@id":"https:\/\/centresmolina.com\/centreensenyament\/es\/2024\/05\/16\/1eso-y-el-edificio-del-caixaforum\/"},"author":{"name":"webmolina","@id":"https:\/\/centresmolina.com\/centreensenyament\/#\/schema\/person\/308d85d274adff04b5c51d47e8aff6cc"},"headline":"1ESO y el edificio del CaixaForum","datePublished":"2024-05-16T12:54:02+00:00","mainEntityOfPage":{"@id":"https:\/\/centresmolina.com\/centreensenyament\/es\/2024\/05\/16\/1eso-y-el-edificio-del-caixaforum\/"},"wordCount":179,"image":{"@id":"https:\/\/centresmolina.com\/centreensenyament\/es\/2024\/05\/16\/1eso-y-el-edificio-del-caixaforum\/#primaryimage"},"thumbnailUrl":"https:\/\/centresmolina.com\/centreensenyament\/files\/2024\/05\/grup.jpg","keywords":["1r d'ESO @es","Aprenentage","aprenentatge @es","Barcelona","cultura","desenvolupament personal i acad\u00e8mic @es","educaci\u00f3 @es","educaci\u00f3 secund\u00e0ria obligat\u00f2ria @es","ensenyament @es","Escola @es","Escola Molina @es","ESO @es","estil propi @es","experi\u00e8ncia @es","Molina @es","Sortida @es","taller @es","tecnologia @es"],"articleSection":["Noticias"],"inLanguage":"es"},{"@type":"WebPage","@id":"https:\/\/centresmolina.com\/centreensenyament\/es\/2024\/05\/16\/1eso-y-el-edificio-del-caixaforum\/","url":"https:\/\/centresmolina.com\/centreensenyament\/es\/2024\/05\/16\/1eso-y-el-edificio-del-caixaforum\/","name":"1ESO y el edificio del CaixaForum - Centros de ense\u00f1anza","isPartOf":{"@id":"https:\/\/centresmolina.com\/centreensenyament\/#website"},"primaryImageOfPage":{"@id":"https:\/\/centresmolina.com\/centreensenyament\/es\/2024\/05\/16\/1eso-y-el-edificio-del-caixaforum\/#primaryimage"},"image":{"@id":"https:\/\/centresmolina.com\/centreensenyament\/es\/2024\/05\/16\/1eso-y-el-edificio-del-caixaforum\/#primaryimage"},"thumbnailUrl":"https:\/\/centresmolina.com\/centreensenyament\/files\/2024\/05\/grup.jpg","datePublished":"2024-05-16T12:54:02+00:00","author":{"@id":"https:\/\/centresmolina.com\/centreensenyament\/#\/schema\/person\/308d85d274adff04b5c51d47e8aff6cc"},"breadcrumb":{"@id":"https:\/\/centresmolina.com\/centreensenyament\/es\/2024\/05\/16\/1eso-y-el-edificio-del-caixaforum\/#breadcrumb"},"inLanguage":"es","potentialAction":[{"@type":"ReadAction","target":["https:\/\/centresmolina.com\/centreensenyament\/es\/2024\/05\/16\/1eso-y-el-edificio-del-caixaforum\/"]}]},{"@type":"ImageObject","inLanguage":"es","@id":"https:\/\/centresmolina.com\/centreensenyament\/es\/2024\/05\/16\/1eso-y-el-edificio-del-caixaforum\/#primaryimage","url":"https:\/\/centresmolina.com\/centreensenyament\/files\/2024\/05\/grup.jpg","contentUrl":"https:\/\/centresmolina.com\/centreensenyament\/files\/2024\/05\/grup.jpg","width":1280,"height":721},{"@type":"BreadcrumbList","@id":"https:\/\/centresmolina.com\/centreensenyament\/es\/2024\/05\/16\/1eso-y-el-edificio-del-caixaforum\/#breadcrumb","itemListElement":[{"@type":"ListItem","position":1,"name":"Portada","item":"https:\/\/centresmolina.com\/centreensenyament\/es\/"},{"@type":"ListItem","position":2,"name":"1ESO y el edificio del CaixaForum"}]},{"@type":"WebSite","@id":"https:\/\/centresmolina.com\/centreensenyament\/#website","url":"https:\/\/centresmolina.com\/centreensenyament\/","name":"Centros de ense\u00f1anza","description":"Centres Molina - Centros de ense\u00f1anza","potentialAction":[{"@type":"SearchAction","target":{"@type":"EntryPoint","urlTemplate":"https:\/\/centresmolina.com\/centreensenyament\/?s={search_term_string}"},"query-input":{"@type":"PropertyValueSpecification","valueRequired":true,"valueName":"search_term_string"}}],"inLanguage":"es"},{"@type":"Person","@id":"https:\/\/centresmolina.com\/centreensenyament\/#\/schema\/person\/308d85d274adff04b5c51d47e8aff6cc","name":"webmolina","image":{"@type":"ImageObject","inLanguage":"es","@id":"https:\/\/secure.gravatar.com\/avatar\/38db407e1ab9b284bf45e3bff4ec5cf1e034e364f09b2ee054619614662a717b?s=96&d=mm&r=g","url":"https:\/\/secure.gravatar.com\/avatar\/38db407e1ab9b284bf45e3bff4ec5cf1e034e364f09b2ee054619614662a717b?s=96&d=mm&r=g","contentUrl":"https:\/\/secure.gravatar.com\/avatar\/38db407e1ab9b284bf45e3bff4ec5cf1e034e364f09b2ee054619614662a717b?s=96&d=mm&r=g","caption":"webmolina"},"url":"https:\/\/centresmolina.com\/centreensenyament\/es\/author\/webmolina\/"}]}},"_links":{"self":[{"href":"https:\/\/centresmolina.com\/centreensenyament\/es\/wp-json\/wp\/v2\/posts\/20830\/"}],"collection":[{"href":"https:\/\/centresmolina.com\/centreensenyament\/es\/wp-json\/wp\/v2\/posts\/"}],"about":[{"href":"https:\/\/centresmolina.com\/centreensenyament\/es\/wp-json\/wp\/v2\/types\/post\/"}],"author":[{"embeddable":true,"href":"https:\/\/centresmolina.com\/centreensenyament\/es\/wp-json\/wp\/v2\/users\/3\/"}],"replies":[{"embeddable":true,"href":"https:\/\/centresmolina.com\/centreensenyament\/es\/wp-json\/wp\/v2\/comments\/?post=20830"}],"version-history":[{"count":1,"href":"https:\/\/centresmolina.com\/centreensenyament\/es\/wp-json\/wp\/v2\/posts\/20830\/revisions\/"}],"predecessor-version":[{"id":20831,"href":"https:\/\/centresmolina.com\/centreensenyament\/es\/wp-json\/wp\/v2\/posts\/20830\/revisions\/20831\/"}],"wp:featuredmedia":[{"embeddable":true,"href":"https:\/\/centresmolina.com\/centreensenyament\/es\/wp-json\/wp\/v2\/media\/20828\/"}],"wp:attachment":[{"href":"https:\/\/centresmolina.com\/centreensenyament\/es\/wp-json\/wp\/v2\/media\/?parent=20830"}],"wp:term":[{"taxonomy":"category","embeddable":true,"href":"https:\/\/centresmolina.com\/centreensenyament\/es\/wp-json\/wp\/v2\/categories\/?post=20830"},{"taxonomy":"post_tag","embeddable":true,"href":"https:\/\/centresmolina.com\/centreensenyament\/es\/wp-json\/wp\/v2\/tags\/?post=20830"}],"curies":[{"name":"wp","href":"https:\/\/api.w.org\/{rel}","templated":true}]}}