{"id":21086,"date":"2024-10-28T11:50:59","date_gmt":"2024-10-28T11:50:59","guid":{"rendered":"https:\/\/centresmolina.com\/centreensenyament\/?p=21086"},"modified":"2024-11-04T10:46:11","modified_gmt":"2024-11-04T10:46:11","slug":"nuestros-alumnos-de-2o-de-la-eso-en-el-projecte-barcelona","status":"publish","type":"post","link":"https:\/\/centresmolina.com\/centreensenyament\/es\/2024\/10\/28\/nuestros-alumnos-de-2o-de-la-eso-en-el-projecte-barcelona\/","title":{"rendered":"\u00a1Nuestros Alumnos de 2\u00ba de la ESO en el \u00abProjecte Barcelona\u00bb!"},"content":{"rendered":"<p>Nos emociona contaros que nuestros alumnos de 2\u00ba de la ESO han participado en el \u00abProjecte Barcelona\u00bb, una actividad educativa que les ha permitido descubrir la historia y cultura de nuestra incre\u00edble ciudad. A lo largo de este proyecto, los estudiantes se agruparon para organizar una ruta por el centro de Barcelona, \u00a1y fue una experiencia fant\u00e1stica!<\/p>\n<p>Visitamos lugares emblem\u00e1ticos como la Pla\u00e7a Urquinaona, la famosa Boqueria y el Teatre del Liceu, entre otros. Cada grupo tuvo la oportunidad de investigar y presentar la historia de estos sitios, lo que les ayud\u00f3 a trabajar en equipo y a mejorar sus habilidades en catal\u00e1n e ingl\u00e9s.<\/p>\n<p>Los alumnos se divirtieron mucho durante la actividad, combinando aprendizaje con momentos entretenidos. No solo ampliaron su conocimiento sobre la historia local, sino que tambi\u00e9n ganaron confianza al hablar en p\u00fablico. \u00a1El \u00abProjecte Barcelona\u00bb ha sido una experiencia inolvidable! Estamos muy orgullosos de su esfuerzo y dedicaci\u00f3n. \u00a1Enhorabuena a todos!<\/p>\n\n\t\t<style type=\"text\/css\">\n\t\t\t#gallery-1 {\n\t\t\t\tmargin: auto;\n\t\t\t}\n\t\t\t#gallery-1 .gallery-item {\n\t\t\t\tfloat: left;\n\t\t\t\tmargin-top: 10px;\n\t\t\t\ttext-align: center;\n\t\t\t\twidth: 33%;\n\t\t\t}\n\t\t\t#gallery-1 img {\n\t\t\t\tborder: 2px solid #cfcfcf;\n\t\t\t}\n\t\t\t#gallery-1 .gallery-caption {\n\t\t\t\tmargin-left: 0;\n\t\t\t}\n\t\t\t\/* see gallery_shortcode() in wp-includes\/media.php *\/\n\t\t<\/style>\n\t\t<div id='gallery-1' class='gallery galleryid-21086 gallery-columns-3 gallery-size-thumbnail'><dl class='gallery-item'>\n\t\t\t<dt class='gallery-icon landscape'>\n\t\t\t\t<a href='https:\/\/centresmolina.com\/centreensenyament\/es\/4ed28dc4-439f-444d-b20d-f0099ff1b205-2\/'><img loading=\"lazy\" decoding=\"async\" width=\"150\" height=\"150\" src=\"https:\/\/centresmolina.com\/centreensenyament\/files\/2024\/10\/4ed28dc4-439f-444d-b20d-f0099ff1b205-150x150.jpg\" class=\"attachment-thumbnail size-thumbnail\" alt=\"\" \/><\/a>\n\t\t\t<\/dt><\/dl><dl class='gallery-item'>\n\t\t\t<dt class='gallery-icon landscape'>\n\t\t\t\t<a href='https:\/\/centresmolina.com\/centreensenyament\/es\/2bc63c91-0c23-46c0-a0cb-6e19c552be9e-2\/'><img loading=\"lazy\" decoding=\"async\" width=\"150\" height=\"150\" src=\"https:\/\/centresmolina.com\/centreensenyament\/files\/2024\/10\/2bc63c91-0c23-46c0-a0cb-6e19c552be9e-150x150.jpg\" class=\"attachment-thumbnail size-thumbnail\" alt=\"\" \/><\/a>\n\t\t\t<\/dt><\/dl>\n\t\t\t<br style='clear: both' \/>\n\t\t<\/div>\n\n","protected":false},"excerpt":{"rendered":"<p>Nos emociona contaros que nuestros alumnos de 2\u00ba de la ESO han participado en el \u00abProjecte Barcelona\u00bb, una actividad educativa&#8230;<\/p>\n","protected":false},"author":3,"featured_media":21081,"comment_status":"closed","ping_status":"closed","sticky":false,"template":"","format":"standard","meta":{"footnotes":""},"categories":[15,15],"tags":[104,104,89,89,111,111,108,108,2443,2847,197,197,2427,2686,64,64,34,34,22,22],"class_list":{"0":"post-21086","1":"post","2":"type-post","3":"status-publish","4":"format-standard","5":"has-post-thumbnail","6":"hentry","7":"category-noticias-2","9":"tag-1r-deso-es","11":"tag-2n-deso-es","13":"tag-3r-eso-es","15":"tag-4t-eso-es","17":"tag-aprendizaje","18":"tag-aprendizaje-2","19":"tag-barcelona-es","21":"tag-colegio-molina","22":"tag-colegio-molina-2","23":"tag-educacio-secundaria-obligatoria-es","25":"tag-eso-es","27":"tag-sortida-es"},"yoast_head":"<!-- This site is optimized with the Yoast SEO plugin v27.2 - https:\/\/yoast.com\/product\/yoast-seo-wordpress\/ -->\n<title>\u00a1Nuestros Alumnos de 2\u00ba de la ESO en el &quot;Projecte Barcelona&quot;! - Centros de ense\u00f1anza<\/title>\n<meta name=\"robots\" content=\"index, follow, max-snippet:-1, max-image-preview:large, max-video-preview:-1\" \/>\n<link rel=\"canonical\" href=\"https:\/\/centresmolina.com\/centreensenyament\/es\/2024\/10\/28\/nuestros-alumnos-de-2o-de-la-eso-en-el-projecte-barcelona\/\" \/>\n<meta property=\"og:locale\" content=\"es_ES\" \/>\n<meta property=\"og:type\" content=\"article\" \/>\n<meta property=\"og:title\" content=\"\u00a1Nuestros Alumnos de 2\u00ba de la ESO en el &quot;Projecte Barcelona&quot;! - Centros de ense\u00f1anza\" \/>\n<meta property=\"og:description\" content=\"Nos emociona contaros que nuestros alumnos de 2\u00ba de la ESO han participado en el \u00abProjecte Barcelona\u00bb, una actividad educativa...\" \/>\n<meta property=\"og:url\" content=\"https:\/\/centresmolina.com\/centreensenyament\/es\/2024\/10\/28\/nuestros-alumnos-de-2o-de-la-eso-en-el-projecte-barcelona\/\" \/>\n<meta property=\"og:site_name\" content=\"Centros de ense\u00f1anza\" \/>\n<meta property=\"article:published_time\" content=\"2024-10-28T11:50:59+00:00\" \/>\n<meta property=\"article:modified_time\" content=\"2024-11-04T10:46:11+00:00\" \/>\n<meta property=\"og:image\" content=\"http:\/\/centresmolina.com\/centreensenyament\/files\/2024\/10\/2bc63c91-0c23-46c0-a0cb-6e19c552be9e.jpg\" \/>\n\t<meta property=\"og:image:width\" content=\"1600\" \/>\n\t<meta property=\"og:image:height\" content=\"1200\" \/>\n\t<meta property=\"og:image:type\" content=\"image\/jpeg\" \/>\n<meta name=\"author\" content=\"webmolina\" \/>\n<meta name=\"twitter:label1\" content=\"Escrito por\" \/>\n\t<meta name=\"twitter:data1\" content=\"webmolina\" \/>\n\t<meta name=\"twitter:label2\" content=\"Tiempo de lectura\" \/>\n\t<meta name=\"twitter:data2\" content=\"1 minuto\" \/>\n<script type=\"application\/ld+json\" class=\"yoast-schema-graph\">{\"@context\":\"https:\/\/schema.org\",\"@graph\":[{\"@type\":\"Article\",\"@id\":\"https:\/\/centresmolina.com\/centreensenyament\/es\/2024\/10\/28\/nuestros-alumnos-de-2o-de-la-eso-en-el-projecte-barcelona\/#article\",\"isPartOf\":{\"@id\":\"https:\/\/centresmolina.com\/centreensenyament\/es\/2024\/10\/28\/nuestros-alumnos-de-2o-de-la-eso-en-el-projecte-barcelona\/\"},\"author\":{\"name\":\"webmolina\",\"@id\":\"https:\/\/centresmolina.com\/centreensenyament\/#\/schema\/person\/308d85d274adff04b5c51d47e8aff6cc\"},\"headline\":\"\u00a1Nuestros Alumnos de 2\u00ba de la ESO en el \u00abProjecte Barcelona\u00bb!\",\"datePublished\":\"2024-10-28T11:50:59+00:00\",\"dateModified\":\"2024-11-04T10:46:11+00:00\",\"mainEntityOfPage\":{\"@id\":\"https:\/\/centresmolina.com\/centreensenyament\/es\/2024\/10\/28\/nuestros-alumnos-de-2o-de-la-eso-en-el-projecte-barcelona\/\"},\"wordCount\":175,\"image\":{\"@id\":\"https:\/\/centresmolina.com\/centreensenyament\/es\/2024\/10\/28\/nuestros-alumnos-de-2o-de-la-eso-en-el-projecte-barcelona\/#primaryimage\"},\"thumbnailUrl\":\"https:\/\/centresmolina.com\/centreensenyament\/files\/2024\/10\/2bc63c91-0c23-46c0-a0cb-6e19c552be9e.jpg\",\"keywords\":[\"1r d'ESO @es\",\"1r d'ESO @es\",\"2n d'ESO @es\",\"2n d'ESO @es\",\"3r ESO @es\",\"3r ESO @es\",\"4t ESO @es\",\"4t ESO @es\",\"APRENDIZAJE\",\"aprendizaje\",\"Barcelona\",\"Barcelona\",\"Colegio Molina\",\"Colegio Molina\",\"educaci\u00f3 secund\u00e0ria obligat\u00f2ria @es\",\"educaci\u00f3 secund\u00e0ria obligat\u00f2ria @es\",\"ESO @es\",\"ESO @es\",\"Sortida @es\",\"Sortida @es\"],\"articleSection\":[\"Noticias\",\"Noticias\"],\"inLanguage\":\"es\"},{\"@type\":\"WebPage\",\"@id\":\"https:\/\/centresmolina.com\/centreensenyament\/es\/2024\/10\/28\/nuestros-alumnos-de-2o-de-la-eso-en-el-projecte-barcelona\/\",\"url\":\"https:\/\/centresmolina.com\/centreensenyament\/es\/2024\/10\/28\/nuestros-alumnos-de-2o-de-la-eso-en-el-projecte-barcelona\/\",\"name\":\"\u00a1Nuestros Alumnos de 2\u00ba de la ESO en el \\\"Projecte Barcelona\\\"! - Centros de ense\u00f1anza\",\"isPartOf\":{\"@id\":\"https:\/\/centresmolina.com\/centreensenyament\/#website\"},\"primaryImageOfPage\":{\"@id\":\"https:\/\/centresmolina.com\/centreensenyament\/es\/2024\/10\/28\/nuestros-alumnos-de-2o-de-la-eso-en-el-projecte-barcelona\/#primaryimage\"},\"image\":{\"@id\":\"https:\/\/centresmolina.com\/centreensenyament\/es\/2024\/10\/28\/nuestros-alumnos-de-2o-de-la-eso-en-el-projecte-barcelona\/#primaryimage\"},\"thumbnailUrl\":\"https:\/\/centresmolina.com\/centreensenyament\/files\/2024\/10\/2bc63c91-0c23-46c0-a0cb-6e19c552be9e.jpg\",\"datePublished\":\"2024-10-28T11:50:59+00:00\",\"dateModified\":\"2024-11-04T10:46:11+00:00\",\"author\":{\"@id\":\"https:\/\/centresmolina.com\/centreensenyament\/#\/schema\/person\/308d85d274adff04b5c51d47e8aff6cc\"},\"breadcrumb\":{\"@id\":\"https:\/\/centresmolina.com\/centreensenyament\/es\/2024\/10\/28\/nuestros-alumnos-de-2o-de-la-eso-en-el-projecte-barcelona\/#breadcrumb\"},\"inLanguage\":\"es\",\"potentialAction\":[{\"@type\":\"ReadAction\",\"target\":[\"https:\/\/centresmolina.com\/centreensenyament\/es\/2024\/10\/28\/nuestros-alumnos-de-2o-de-la-eso-en-el-projecte-barcelona\/\"]}]},{\"@type\":\"ImageObject\",\"inLanguage\":\"es\",\"@id\":\"https:\/\/centresmolina.com\/centreensenyament\/es\/2024\/10\/28\/nuestros-alumnos-de-2o-de-la-eso-en-el-projecte-barcelona\/#primaryimage\",\"url\":\"https:\/\/centresmolina.com\/centreensenyament\/files\/2024\/10\/2bc63c91-0c23-46c0-a0cb-6e19c552be9e.jpg\",\"contentUrl\":\"https:\/\/centresmolina.com\/centreensenyament\/files\/2024\/10\/2bc63c91-0c23-46c0-a0cb-6e19c552be9e.jpg\",\"width\":1600,\"height\":1200},{\"@type\":\"BreadcrumbList\",\"@id\":\"https:\/\/centresmolina.com\/centreensenyament\/es\/2024\/10\/28\/nuestros-alumnos-de-2o-de-la-eso-en-el-projecte-barcelona\/#breadcrumb\",\"itemListElement\":[{\"@type\":\"ListItem\",\"position\":1,\"name\":\"Portada\",\"item\":\"https:\/\/centresmolina.com\/centreensenyament\/es\/\"},{\"@type\":\"ListItem\",\"position\":2,\"name\":\"\u00a1Nuestros Alumnos de 2\u00ba de la ESO en el &#8220;Projecte Barcelona&#8221;!\"}]},{\"@type\":\"WebSite\",\"@id\":\"https:\/\/centresmolina.com\/centreensenyament\/#website\",\"url\":\"https:\/\/centresmolina.com\/centreensenyament\/\",\"name\":\"Centros de ense\u00f1anza\",\"description\":\"Centres Molina - Centros de ense\u00f1anza\",\"potentialAction\":[{\"@type\":\"SearchAction\",\"target\":{\"@type\":\"EntryPoint\",\"urlTemplate\":\"https:\/\/centresmolina.com\/centreensenyament\/?s={search_term_string}\"},\"query-input\":{\"@type\":\"PropertyValueSpecification\",\"valueRequired\":true,\"valueName\":\"search_term_string\"}}],\"inLanguage\":\"es\"},{\"@type\":\"Person\",\"@id\":\"https:\/\/centresmolina.com\/centreensenyament\/#\/schema\/person\/308d85d274adff04b5c51d47e8aff6cc\",\"name\":\"webmolina\",\"image\":{\"@type\":\"ImageObject\",\"inLanguage\":\"es\",\"@id\":\"https:\/\/secure.gravatar.com\/avatar\/38db407e1ab9b284bf45e3bff4ec5cf1e034e364f09b2ee054619614662a717b?s=96&d=mm&r=g\",\"url\":\"https:\/\/secure.gravatar.com\/avatar\/38db407e1ab9b284bf45e3bff4ec5cf1e034e364f09b2ee054619614662a717b?s=96&d=mm&r=g\",\"contentUrl\":\"https:\/\/secure.gravatar.com\/avatar\/38db407e1ab9b284bf45e3bff4ec5cf1e034e364f09b2ee054619614662a717b?s=96&d=mm&r=g\",\"caption\":\"webmolina\"},\"url\":\"https:\/\/centresmolina.com\/centreensenyament\/es\/author\/webmolina\/\"}]}<\/script>\n<!-- \/ Yoast SEO plugin. -->","yoast_head_json":{"title":"\u00a1Nuestros Alumnos de 2\u00ba de la ESO en el \"Projecte Barcelona\"! - Centros de ense\u00f1anza","robots":{"index":"index","follow":"follow","max-snippet":"max-snippet:-1","max-image-preview":"max-image-preview:large","max-video-preview":"max-video-preview:-1"},"canonical":"https:\/\/centresmolina.com\/centreensenyament\/es\/2024\/10\/28\/nuestros-alumnos-de-2o-de-la-eso-en-el-projecte-barcelona\/","og_locale":"es_ES","og_type":"article","og_title":"\u00a1Nuestros Alumnos de 2\u00ba de la ESO en el \"Projecte Barcelona\"! - Centros de ense\u00f1anza","og_description":"Nos emociona contaros que nuestros alumnos de 2\u00ba de la ESO han participado en el \u00abProjecte Barcelona\u00bb, una actividad educativa...","og_url":"https:\/\/centresmolina.com\/centreensenyament\/es\/2024\/10\/28\/nuestros-alumnos-de-2o-de-la-eso-en-el-projecte-barcelona\/","og_site_name":"Centros de ense\u00f1anza","article_published_time":"2024-10-28T11:50:59+00:00","article_modified_time":"2024-11-04T10:46:11+00:00","og_image":[{"width":1600,"height":1200,"url":"http:\/\/centresmolina.com\/centreensenyament\/files\/2024\/10\/2bc63c91-0c23-46c0-a0cb-6e19c552be9e.jpg","type":"image\/jpeg"}],"author":"webmolina","twitter_misc":{"Escrito por":"webmolina","Tiempo de lectura":"1 minuto"},"schema":{"@context":"https:\/\/schema.org","@graph":[{"@type":"Article","@id":"https:\/\/centresmolina.com\/centreensenyament\/es\/2024\/10\/28\/nuestros-alumnos-de-2o-de-la-eso-en-el-projecte-barcelona\/#article","isPartOf":{"@id":"https:\/\/centresmolina.com\/centreensenyament\/es\/2024\/10\/28\/nuestros-alumnos-de-2o-de-la-eso-en-el-projecte-barcelona\/"},"author":{"name":"webmolina","@id":"https:\/\/centresmolina.com\/centreensenyament\/#\/schema\/person\/308d85d274adff04b5c51d47e8aff6cc"},"headline":"\u00a1Nuestros Alumnos de 2\u00ba de la ESO en el \u00abProjecte Barcelona\u00bb!","datePublished":"2024-10-28T11:50:59+00:00","dateModified":"2024-11-04T10:46:11+00:00","mainEntityOfPage":{"@id":"https:\/\/centresmolina.com\/centreensenyament\/es\/2024\/10\/28\/nuestros-alumnos-de-2o-de-la-eso-en-el-projecte-barcelona\/"},"wordCount":175,"image":{"@id":"https:\/\/centresmolina.com\/centreensenyament\/es\/2024\/10\/28\/nuestros-alumnos-de-2o-de-la-eso-en-el-projecte-barcelona\/#primaryimage"},"thumbnailUrl":"https:\/\/centresmolina.com\/centreensenyament\/files\/2024\/10\/2bc63c91-0c23-46c0-a0cb-6e19c552be9e.jpg","keywords":["1r d'ESO @es","1r d'ESO @es","2n d'ESO @es","2n d'ESO @es","3r ESO @es","3r ESO @es","4t ESO @es","4t ESO @es","APRENDIZAJE","aprendizaje","Barcelona","Barcelona","Colegio Molina","Colegio Molina","educaci\u00f3 secund\u00e0ria obligat\u00f2ria @es","educaci\u00f3 secund\u00e0ria obligat\u00f2ria @es","ESO @es","ESO @es","Sortida @es","Sortida @es"],"articleSection":["Noticias","Noticias"],"inLanguage":"es"},{"@type":"WebPage","@id":"https:\/\/centresmolina.com\/centreensenyament\/es\/2024\/10\/28\/nuestros-alumnos-de-2o-de-la-eso-en-el-projecte-barcelona\/","url":"https:\/\/centresmolina.com\/centreensenyament\/es\/2024\/10\/28\/nuestros-alumnos-de-2o-de-la-eso-en-el-projecte-barcelona\/","name":"\u00a1Nuestros Alumnos de 2\u00ba de la ESO en el \"Projecte Barcelona\"! - Centros de ense\u00f1anza","isPartOf":{"@id":"https:\/\/centresmolina.com\/centreensenyament\/#website"},"primaryImageOfPage":{"@id":"https:\/\/centresmolina.com\/centreensenyament\/es\/2024\/10\/28\/nuestros-alumnos-de-2o-de-la-eso-en-el-projecte-barcelona\/#primaryimage"},"image":{"@id":"https:\/\/centresmolina.com\/centreensenyament\/es\/2024\/10\/28\/nuestros-alumnos-de-2o-de-la-eso-en-el-projecte-barcelona\/#primaryimage"},"thumbnailUrl":"https:\/\/centresmolina.com\/centreensenyament\/files\/2024\/10\/2bc63c91-0c23-46c0-a0cb-6e19c552be9e.jpg","datePublished":"2024-10-28T11:50:59+00:00","dateModified":"2024-11-04T10:46:11+00:00","author":{"@id":"https:\/\/centresmolina.com\/centreensenyament\/#\/schema\/person\/308d85d274adff04b5c51d47e8aff6cc"},"breadcrumb":{"@id":"https:\/\/centresmolina.com\/centreensenyament\/es\/2024\/10\/28\/nuestros-alumnos-de-2o-de-la-eso-en-el-projecte-barcelona\/#breadcrumb"},"inLanguage":"es","potentialAction":[{"@type":"ReadAction","target":["https:\/\/centresmolina.com\/centreensenyament\/es\/2024\/10\/28\/nuestros-alumnos-de-2o-de-la-eso-en-el-projecte-barcelona\/"]}]},{"@type":"ImageObject","inLanguage":"es","@id":"https:\/\/centresmolina.com\/centreensenyament\/es\/2024\/10\/28\/nuestros-alumnos-de-2o-de-la-eso-en-el-projecte-barcelona\/#primaryimage","url":"https:\/\/centresmolina.com\/centreensenyament\/files\/2024\/10\/2bc63c91-0c23-46c0-a0cb-6e19c552be9e.jpg","contentUrl":"https:\/\/centresmolina.com\/centreensenyament\/files\/2024\/10\/2bc63c91-0c23-46c0-a0cb-6e19c552be9e.jpg","width":1600,"height":1200},{"@type":"BreadcrumbList","@id":"https:\/\/centresmolina.com\/centreensenyament\/es\/2024\/10\/28\/nuestros-alumnos-de-2o-de-la-eso-en-el-projecte-barcelona\/#breadcrumb","itemListElement":[{"@type":"ListItem","position":1,"name":"Portada","item":"https:\/\/centresmolina.com\/centreensenyament\/es\/"},{"@type":"ListItem","position":2,"name":"\u00a1Nuestros Alumnos de 2\u00ba de la ESO en el &#8220;Projecte Barcelona&#8221;!"}]},{"@type":"WebSite","@id":"https:\/\/centresmolina.com\/centreensenyament\/#website","url":"https:\/\/centresmolina.com\/centreensenyament\/","name":"Centros de ense\u00f1anza","description":"Centres Molina - Centros de ense\u00f1anza","potentialAction":[{"@type":"SearchAction","target":{"@type":"EntryPoint","urlTemplate":"https:\/\/centresmolina.com\/centreensenyament\/?s={search_term_string}"},"query-input":{"@type":"PropertyValueSpecification","valueRequired":true,"valueName":"search_term_string"}}],"inLanguage":"es"},{"@type":"Person","@id":"https:\/\/centresmolina.com\/centreensenyament\/#\/schema\/person\/308d85d274adff04b5c51d47e8aff6cc","name":"webmolina","image":{"@type":"ImageObject","inLanguage":"es","@id":"https:\/\/secure.gravatar.com\/avatar\/38db407e1ab9b284bf45e3bff4ec5cf1e034e364f09b2ee054619614662a717b?s=96&d=mm&r=g","url":"https:\/\/secure.gravatar.com\/avatar\/38db407e1ab9b284bf45e3bff4ec5cf1e034e364f09b2ee054619614662a717b?s=96&d=mm&r=g","contentUrl":"https:\/\/secure.gravatar.com\/avatar\/38db407e1ab9b284bf45e3bff4ec5cf1e034e364f09b2ee054619614662a717b?s=96&d=mm&r=g","caption":"webmolina"},"url":"https:\/\/centresmolina.com\/centreensenyament\/es\/author\/webmolina\/"}]}},"_links":{"self":[{"href":"https:\/\/centresmolina.com\/centreensenyament\/es\/wp-json\/wp\/v2\/posts\/21086\/"}],"collection":[{"href":"https:\/\/centresmolina.com\/centreensenyament\/es\/wp-json\/wp\/v2\/posts\/"}],"about":[{"href":"https:\/\/centresmolina.com\/centreensenyament\/es\/wp-json\/wp\/v2\/types\/post\/"}],"author":[{"embeddable":true,"href":"https:\/\/centresmolina.com\/centreensenyament\/es\/wp-json\/wp\/v2\/users\/3\/"}],"replies":[{"embeddable":true,"href":"https:\/\/centresmolina.com\/centreensenyament\/es\/wp-json\/wp\/v2\/comments\/?post=21086"}],"version-history":[{"count":1,"href":"https:\/\/centresmolina.com\/centreensenyament\/es\/wp-json\/wp\/v2\/posts\/21086\/revisions\/"}],"predecessor-version":[{"id":21087,"href":"https:\/\/centresmolina.com\/centreensenyament\/es\/wp-json\/wp\/v2\/posts\/21086\/revisions\/21087\/"}],"wp:featuredmedia":[{"embeddable":true,"href":"https:\/\/centresmolina.com\/centreensenyament\/es\/wp-json\/wp\/v2\/media\/21081\/"}],"wp:attachment":[{"href":"https:\/\/centresmolina.com\/centreensenyament\/es\/wp-json\/wp\/v2\/media\/?parent=21086"}],"wp:term":[{"taxonomy":"category","embeddable":true,"href":"https:\/\/centresmolina.com\/centreensenyament\/es\/wp-json\/wp\/v2\/categories\/?post=21086"},{"taxonomy":"post_tag","embeddable":true,"href":"https:\/\/centresmolina.com\/centreensenyament\/es\/wp-json\/wp\/v2\/tags\/?post=21086"}],"curies":[{"name":"wp","href":"https:\/\/api.w.org\/{rel}","templated":true}]}}