{"id":21104,"date":"2024-11-04T10:44:19","date_gmt":"2024-11-04T10:44:19","guid":{"rendered":"https:\/\/centresmolina.com\/centreensenyament\/?p=21104"},"modified":"2024-11-04T10:46:03","modified_gmt":"2024-11-04T10:46:03","slug":"taller-anual-de-eucerin-combatiendo-el-acne-y-cuidando-la-piel","status":"publish","type":"post","link":"https:\/\/centresmolina.com\/centreensenyament\/es\/2024\/11\/04\/taller-anual-de-eucerin-combatiendo-el-acne-y-cuidando-la-piel\/","title":{"rendered":"Taller Anual de Eucerin: Combatiendo el Acn\u00e9 y Cuidando la Piel"},"content":{"rendered":"<p>Cada a\u00f1o, el colegio organiza una serie de talleres educativos dise\u00f1ados para informar a nuestros estudiantes sobre temas de salud y bienestar, y el taller de Eucerin contra el acn\u00e9 se ha convertido en uno de los m\u00e1s esperados. Este taller no solo es una excelente oportunidad para que los estudiantes aprendan sobre el cuidado de su piel, sino tambi\u00e9n para entender mejor los factores que influyen en la aparici\u00f3n del acn\u00e9, un problema que afecta a gran parte de los adolescentes. A lo largo de la actividad, expertos de Eucerin brindan consejos pr\u00e1cticos, desmienten mitos y resuelven dudas que ayudan a los chicos a sentirse m\u00e1s seguros y preparados para cuidar su piel.<\/p>\n<h3>\u00bfPor qu\u00e9 nos importa el cuidado de la piel?<\/h3>\n<p>En la adolescencia, el acn\u00e9 es una preocupaci\u00f3n com\u00fan. Factores hormonales, estr\u00e9s y hasta la alimentaci\u00f3n pueden afectar la piel, provocando los temidos brotes de acn\u00e9 que muchos estudiantes sufren. Esto no solo puede afectar la piel de manera visible, sino tambi\u00e9n la autoestima y el bienestar general. Por eso, en el colegio creemos que es fundamental ofrecer un espacio donde los estudiantes puedan hablar de estos temas con profesionales, aprender sobre el acn\u00e9 y, lo m\u00e1s importante, conocer formas de cuidarse a diario.<\/p>\n<h3>\u00bfQu\u00e9 sucedi\u00f3 en el taller de este a\u00f1o?<\/h3>\n<p>El taller de Eucerin cont\u00f3 con la presencia de expertos en el cuidado de la piel que llevaron a cabo una charla interactiva. Con una presentaci\u00f3n visual muy completa, se explic\u00f3 qu\u00e9 es el acn\u00e9, c\u00f3mo se produce y qu\u00e9 tipos de piel son m\u00e1s propensos a los brotes. Los expertos compartieron que el acn\u00e9 no solo es normal, sino tambi\u00e9n tratable, siempre que se sigan ciertas pautas y h\u00e1bitos de higiene facial adecuados.<\/p>\n<p>Uno de los momentos m\u00e1s destacados fue la explicaci\u00f3n de los productos y componentes que ayudan a mantener la piel equilibrada y saludable. Los alumnos aprendieron sobre ingredientes como el \u00e1cido salic\u00edlico, el pantenol y otros componentes que ayudan a reducir la inflamaci\u00f3n y combatir las bacterias responsables del acn\u00e9. Se aclararon muchos mitos sobre el acn\u00e9, como la creencia de que lavarse la cara constantemente o eliminar por completo los alimentos grasos es la soluci\u00f3n definitiva.<\/p>\n<h3>\u00a1Momento de preguntas y respuestas!<\/h3>\n<p>La parte m\u00e1s esperada por los estudiantes fue la ronda de preguntas. Con entusiasmo y curiosidad, los chicos hicieron preguntas sobre sus experiencias personales, h\u00e1bitos y dudas espec\u00edficas. Los expertos respondieron de manera detallada y amigable, creando un ambiente c\u00f3modo donde cada alumno se sinti\u00f3 libre de expresar sus preocupaciones. Desde preguntas sobre el uso de maquillaje en pieles con acn\u00e9 hasta recomendaciones sobre la frecuencia ideal de limpieza, los estudiantes recibieron consejos pr\u00e1cticos para el d\u00eda a d\u00eda.<\/p>\n<h3>Pr\u00e1cticas saludables para el cuidado diario de la piel<\/h3>\n<p>El taller no solo se centr\u00f3 en el acn\u00e9, sino tambi\u00e9n en la importancia de mantener una rutina de cuidado de la piel. Los expertos recomendaron pr\u00e1cticas sencillas y efectivas, como limpiar el rostro por la ma\u00f1ana y la noche, aplicar una crema hidratante adecuada y protegerse del sol incluso en d\u00edas nublados. Adem\u00e1s, se resalt\u00f3 la importancia de evitar tocar el rostro con las manos, ya que esto puede empeorar los brotes.<\/p>\n<p>Cada alumno recibi\u00f3 una peque\u00f1a muestra de productos Eucerin para que puedan comenzar a experimentar el cuidado de la piel en casa. La intenci\u00f3n es que puedan aplicar lo aprendido en el taller y ver por s\u00ed mismos la diferencia que estos h\u00e1bitos pueden hacer en su piel.<\/p>\n<h3>Un taller que se ha convertido en tradici\u00f3n<\/h3>\n<p>El taller de Eucerin ya es una tradici\u00f3n anual en nuestro colegio, \u00a1y no es casualidad! Cada a\u00f1o, los estudiantes esperan este evento con mucha ilusi\u00f3n porque encuentran respuestas a sus dudas, conocen mejor su piel y, adem\u00e1s, se llevan herramientas \u00fatiles que les ayudan en su d\u00eda a d\u00eda. Al final, no solo se trata de combatir el acn\u00e9, sino de fomentar un estilo de vida saludable y de cuidar su bienestar general.<\/p>\n<p>La acogida por parte de los alumnos ha sido tan positiva que estamos comprometidos a seguir organizando este taller en los pr\u00f3ximos a\u00f1os. No hay nada como ver el entusiasmo de nuestros estudiantes y saber que estamos ayud\u00e1ndolos a cuidarse y a sentirse m\u00e1s seguros. La educaci\u00f3n no solo se trata de matem\u00e1ticas y literatura; tambi\u00e9n es importante ense\u00f1arles a los j\u00f3venes a cuidar de s\u00ed mismos, \u00a1y este taller es un gran paso en esa direcci\u00f3n!<\/p>\n<p>Agradecemos a Eucerin y a los expertos que participaron en el taller, as\u00ed como a todos los estudiantes que asistieron y participaron activamente. \u00a1Nos vemos el pr\u00f3ximo a\u00f1o para una nueva edici\u00f3n del taller de Eucerin contra el acn\u00e9!<\/p>\n\n\t\t<style type=\"text\/css\">\n\t\t\t#gallery-1 {\n\t\t\t\tmargin: auto;\n\t\t\t}\n\t\t\t#gallery-1 .gallery-item {\n\t\t\t\tfloat: left;\n\t\t\t\tmargin-top: 10px;\n\t\t\t\ttext-align: center;\n\t\t\t\twidth: 33%;\n\t\t\t}\n\t\t\t#gallery-1 img {\n\t\t\t\tborder: 2px solid #cfcfcf;\n\t\t\t}\n\t\t\t#gallery-1 .gallery-caption {\n\t\t\t\tmargin-left: 0;\n\t\t\t}\n\t\t\t\/* see gallery_shortcode() in wp-includes\/media.php *\/\n\t\t<\/style>\n\t\t<div id='gallery-1' class='gallery galleryid-21104 gallery-columns-3 gallery-size-thumbnail'><dl class='gallery-item'>\n\t\t\t<dt class='gallery-icon landscape'>\n\t\t\t\t<a href='https:\/\/centresmolina.com\/centreensenyament\/es\/20241008_100535-2\/'><img loading=\"lazy\" decoding=\"async\" width=\"150\" height=\"150\" src=\"https:\/\/centresmolina.com\/centreensenyament\/files\/2024\/11\/20241008_100535-150x150.jpg\" class=\"attachment-thumbnail size-thumbnail\" alt=\"\" \/><\/a>\n\t\t\t<\/dt><\/dl><dl class='gallery-item'>\n\t\t\t<dt class='gallery-icon landscape'>\n\t\t\t\t<a href='https:\/\/centresmolina.com\/centreensenyament\/es\/20241008_100002-2\/'><img loading=\"lazy\" decoding=\"async\" width=\"150\" height=\"150\" src=\"https:\/\/centresmolina.com\/centreensenyament\/files\/2024\/11\/20241008_100002-150x150.jpg\" class=\"attachment-thumbnail size-thumbnail\" alt=\"\" \/><\/a>\n\t\t\t<\/dt><\/dl>\n\t\t\t<br style='clear: both' \/>\n\t\t<\/div>\n\n","protected":false},"excerpt":{"rendered":"<p>Cada a\u00f1o, el colegio organiza una serie de talleres educativos dise\u00f1ados para informar a nuestros estudiantes sobre temas de salud&#8230;<\/p>\n","protected":false},"author":3,"featured_media":21099,"comment_status":"closed","ping_status":"closed","sticky":false,"template":"","format":"standard","meta":{"footnotes":""},"categories":[15,15],"tags":[104,104,89,89,111,111,108,108,2443,2847,60,60,23,23,121,121],"class_list":{"0":"post-21104","1":"post","2":"type-post","3":"status-publish","4":"format-standard","5":"has-post-thumbnail","6":"hentry","7":"category-noticias-2","9":"tag-1r-deso-es","11":"tag-2n-deso-es","13":"tag-3r-eso-es","15":"tag-4t-eso-es","17":"tag-aprendizaje","18":"tag-aprendizaje-2","19":"tag-escola-es","21":"tag-escola-molina-es","23":"tag-taller-es"},"yoast_head":"<!-- This site is optimized with the Yoast SEO plugin v27.2 - https:\/\/yoast.com\/product\/yoast-seo-wordpress\/ -->\n<title>Taller Anual de Eucerin: Combatiendo el Acn\u00e9 y Cuidando la Piel - Centros de ense\u00f1anza<\/title>\n<meta name=\"robots\" content=\"index, follow, max-snippet:-1, max-image-preview:large, max-video-preview:-1\" \/>\n<link rel=\"canonical\" href=\"https:\/\/centresmolina.com\/centreensenyament\/es\/2024\/11\/04\/taller-anual-de-eucerin-combatiendo-el-acne-y-cuidando-la-piel\/\" \/>\n<meta property=\"og:locale\" content=\"es_ES\" \/>\n<meta property=\"og:type\" content=\"article\" \/>\n<meta property=\"og:title\" content=\"Taller Anual de Eucerin: Combatiendo el Acn\u00e9 y Cuidando la Piel - Centros de ense\u00f1anza\" \/>\n<meta property=\"og:description\" content=\"Cada a\u00f1o, el colegio organiza una serie de talleres educativos dise\u00f1ados para informar a nuestros estudiantes sobre temas de salud...\" \/>\n<meta property=\"og:url\" content=\"https:\/\/centresmolina.com\/centreensenyament\/es\/2024\/11\/04\/taller-anual-de-eucerin-combatiendo-el-acne-y-cuidando-la-piel\/\" \/>\n<meta property=\"og:site_name\" content=\"Centros de ense\u00f1anza\" \/>\n<meta property=\"article:published_time\" content=\"2024-11-04T10:44:19+00:00\" \/>\n<meta property=\"article:modified_time\" content=\"2024-11-04T10:46:03+00:00\" \/>\n<meta property=\"og:image\" content=\"http:\/\/centresmolina.com\/centreensenyament\/files\/2024\/11\/20241008_100002.jpg\" \/>\n\t<meta property=\"og:image:width\" content=\"2560\" \/>\n\t<meta property=\"og:image:height\" content=\"1440\" \/>\n\t<meta property=\"og:image:type\" content=\"image\/jpeg\" \/>\n<meta name=\"author\" content=\"webmolina\" \/>\n<meta name=\"twitter:label1\" content=\"Escrito por\" \/>\n\t<meta name=\"twitter:data1\" content=\"webmolina\" \/>\n\t<meta name=\"twitter:label2\" content=\"Tiempo de lectura\" \/>\n\t<meta name=\"twitter:data2\" content=\"5 minutos\" \/>\n<script type=\"application\/ld+json\" class=\"yoast-schema-graph\">{\"@context\":\"https:\/\/schema.org\",\"@graph\":[{\"@type\":\"Article\",\"@id\":\"https:\/\/centresmolina.com\/centreensenyament\/es\/2024\/11\/04\/taller-anual-de-eucerin-combatiendo-el-acne-y-cuidando-la-piel\/#article\",\"isPartOf\":{\"@id\":\"https:\/\/centresmolina.com\/centreensenyament\/es\/2024\/11\/04\/taller-anual-de-eucerin-combatiendo-el-acne-y-cuidando-la-piel\/\"},\"author\":{\"name\":\"webmolina\",\"@id\":\"https:\/\/centresmolina.com\/centreensenyament\/#\/schema\/person\/308d85d274adff04b5c51d47e8aff6cc\"},\"headline\":\"Taller Anual de Eucerin: Combatiendo el Acn\u00e9 y Cuidando la Piel\",\"datePublished\":\"2024-11-04T10:44:19+00:00\",\"dateModified\":\"2024-11-04T10:46:03+00:00\",\"mainEntityOfPage\":{\"@id\":\"https:\/\/centresmolina.com\/centreensenyament\/es\/2024\/11\/04\/taller-anual-de-eucerin-combatiendo-el-acne-y-cuidando-la-piel\/\"},\"wordCount\":851,\"image\":{\"@id\":\"https:\/\/centresmolina.com\/centreensenyament\/es\/2024\/11\/04\/taller-anual-de-eucerin-combatiendo-el-acne-y-cuidando-la-piel\/#primaryimage\"},\"thumbnailUrl\":\"https:\/\/centresmolina.com\/centreensenyament\/files\/2024\/11\/20241008_100002.jpg\",\"keywords\":[\"1r d'ESO @es\",\"1r d'ESO @es\",\"2n d'ESO @es\",\"2n d'ESO @es\",\"3r ESO @es\",\"3r ESO @es\",\"4t ESO @es\",\"4t ESO @es\",\"APRENDIZAJE\",\"aprendizaje\",\"Escola @es\",\"Escola @es\",\"Escola Molina @es\",\"Escola Molina @es\",\"taller @es\",\"taller @es\"],\"articleSection\":[\"Noticias\",\"Noticias\"],\"inLanguage\":\"es\"},{\"@type\":\"WebPage\",\"@id\":\"https:\/\/centresmolina.com\/centreensenyament\/es\/2024\/11\/04\/taller-anual-de-eucerin-combatiendo-el-acne-y-cuidando-la-piel\/\",\"url\":\"https:\/\/centresmolina.com\/centreensenyament\/es\/2024\/11\/04\/taller-anual-de-eucerin-combatiendo-el-acne-y-cuidando-la-piel\/\",\"name\":\"Taller Anual de Eucerin: Combatiendo el Acn\u00e9 y Cuidando la Piel - Centros de ense\u00f1anza\",\"isPartOf\":{\"@id\":\"https:\/\/centresmolina.com\/centreensenyament\/#website\"},\"primaryImageOfPage\":{\"@id\":\"https:\/\/centresmolina.com\/centreensenyament\/es\/2024\/11\/04\/taller-anual-de-eucerin-combatiendo-el-acne-y-cuidando-la-piel\/#primaryimage\"},\"image\":{\"@id\":\"https:\/\/centresmolina.com\/centreensenyament\/es\/2024\/11\/04\/taller-anual-de-eucerin-combatiendo-el-acne-y-cuidando-la-piel\/#primaryimage\"},\"thumbnailUrl\":\"https:\/\/centresmolina.com\/centreensenyament\/files\/2024\/11\/20241008_100002.jpg\",\"datePublished\":\"2024-11-04T10:44:19+00:00\",\"dateModified\":\"2024-11-04T10:46:03+00:00\",\"author\":{\"@id\":\"https:\/\/centresmolina.com\/centreensenyament\/#\/schema\/person\/308d85d274adff04b5c51d47e8aff6cc\"},\"breadcrumb\":{\"@id\":\"https:\/\/centresmolina.com\/centreensenyament\/es\/2024\/11\/04\/taller-anual-de-eucerin-combatiendo-el-acne-y-cuidando-la-piel\/#breadcrumb\"},\"inLanguage\":\"es\",\"potentialAction\":[{\"@type\":\"ReadAction\",\"target\":[\"https:\/\/centresmolina.com\/centreensenyament\/es\/2024\/11\/04\/taller-anual-de-eucerin-combatiendo-el-acne-y-cuidando-la-piel\/\"]}]},{\"@type\":\"ImageObject\",\"inLanguage\":\"es\",\"@id\":\"https:\/\/centresmolina.com\/centreensenyament\/es\/2024\/11\/04\/taller-anual-de-eucerin-combatiendo-el-acne-y-cuidando-la-piel\/#primaryimage\",\"url\":\"https:\/\/centresmolina.com\/centreensenyament\/files\/2024\/11\/20241008_100002.jpg\",\"contentUrl\":\"https:\/\/centresmolina.com\/centreensenyament\/files\/2024\/11\/20241008_100002.jpg\",\"width\":2560,\"height\":1440},{\"@type\":\"BreadcrumbList\",\"@id\":\"https:\/\/centresmolina.com\/centreensenyament\/es\/2024\/11\/04\/taller-anual-de-eucerin-combatiendo-el-acne-y-cuidando-la-piel\/#breadcrumb\",\"itemListElement\":[{\"@type\":\"ListItem\",\"position\":1,\"name\":\"Portada\",\"item\":\"https:\/\/centresmolina.com\/centreensenyament\/es\/\"},{\"@type\":\"ListItem\",\"position\":2,\"name\":\"Taller Anual de Eucerin: Combatiendo el Acn\u00e9 y Cuidando la Piel\"}]},{\"@type\":\"WebSite\",\"@id\":\"https:\/\/centresmolina.com\/centreensenyament\/#website\",\"url\":\"https:\/\/centresmolina.com\/centreensenyament\/\",\"name\":\"Centros de ense\u00f1anza\",\"description\":\"Centres Molina - Centros de ense\u00f1anza\",\"potentialAction\":[{\"@type\":\"SearchAction\",\"target\":{\"@type\":\"EntryPoint\",\"urlTemplate\":\"https:\/\/centresmolina.com\/centreensenyament\/?s={search_term_string}\"},\"query-input\":{\"@type\":\"PropertyValueSpecification\",\"valueRequired\":true,\"valueName\":\"search_term_string\"}}],\"inLanguage\":\"es\"},{\"@type\":\"Person\",\"@id\":\"https:\/\/centresmolina.com\/centreensenyament\/#\/schema\/person\/308d85d274adff04b5c51d47e8aff6cc\",\"name\":\"webmolina\",\"image\":{\"@type\":\"ImageObject\",\"inLanguage\":\"es\",\"@id\":\"https:\/\/secure.gravatar.com\/avatar\/38db407e1ab9b284bf45e3bff4ec5cf1e034e364f09b2ee054619614662a717b?s=96&d=mm&r=g\",\"url\":\"https:\/\/secure.gravatar.com\/avatar\/38db407e1ab9b284bf45e3bff4ec5cf1e034e364f09b2ee054619614662a717b?s=96&d=mm&r=g\",\"contentUrl\":\"https:\/\/secure.gravatar.com\/avatar\/38db407e1ab9b284bf45e3bff4ec5cf1e034e364f09b2ee054619614662a717b?s=96&d=mm&r=g\",\"caption\":\"webmolina\"},\"url\":\"https:\/\/centresmolina.com\/centreensenyament\/es\/author\/webmolina\/\"}]}<\/script>\n<!-- \/ Yoast SEO plugin. -->","yoast_head_json":{"title":"Taller Anual de Eucerin: Combatiendo el Acn\u00e9 y Cuidando la Piel - Centros de ense\u00f1anza","robots":{"index":"index","follow":"follow","max-snippet":"max-snippet:-1","max-image-preview":"max-image-preview:large","max-video-preview":"max-video-preview:-1"},"canonical":"https:\/\/centresmolina.com\/centreensenyament\/es\/2024\/11\/04\/taller-anual-de-eucerin-combatiendo-el-acne-y-cuidando-la-piel\/","og_locale":"es_ES","og_type":"article","og_title":"Taller Anual de Eucerin: Combatiendo el Acn\u00e9 y Cuidando la Piel - Centros de ense\u00f1anza","og_description":"Cada a\u00f1o, el colegio organiza una serie de talleres educativos dise\u00f1ados para informar a nuestros estudiantes sobre temas de salud...","og_url":"https:\/\/centresmolina.com\/centreensenyament\/es\/2024\/11\/04\/taller-anual-de-eucerin-combatiendo-el-acne-y-cuidando-la-piel\/","og_site_name":"Centros de ense\u00f1anza","article_published_time":"2024-11-04T10:44:19+00:00","article_modified_time":"2024-11-04T10:46:03+00:00","og_image":[{"width":2560,"height":1440,"url":"http:\/\/centresmolina.com\/centreensenyament\/files\/2024\/11\/20241008_100002.jpg","type":"image\/jpeg"}],"author":"webmolina","twitter_misc":{"Escrito por":"webmolina","Tiempo de lectura":"5 minutos"},"schema":{"@context":"https:\/\/schema.org","@graph":[{"@type":"Article","@id":"https:\/\/centresmolina.com\/centreensenyament\/es\/2024\/11\/04\/taller-anual-de-eucerin-combatiendo-el-acne-y-cuidando-la-piel\/#article","isPartOf":{"@id":"https:\/\/centresmolina.com\/centreensenyament\/es\/2024\/11\/04\/taller-anual-de-eucerin-combatiendo-el-acne-y-cuidando-la-piel\/"},"author":{"name":"webmolina","@id":"https:\/\/centresmolina.com\/centreensenyament\/#\/schema\/person\/308d85d274adff04b5c51d47e8aff6cc"},"headline":"Taller Anual de Eucerin: Combatiendo el Acn\u00e9 y Cuidando la Piel","datePublished":"2024-11-04T10:44:19+00:00","dateModified":"2024-11-04T10:46:03+00:00","mainEntityOfPage":{"@id":"https:\/\/centresmolina.com\/centreensenyament\/es\/2024\/11\/04\/taller-anual-de-eucerin-combatiendo-el-acne-y-cuidando-la-piel\/"},"wordCount":851,"image":{"@id":"https:\/\/centresmolina.com\/centreensenyament\/es\/2024\/11\/04\/taller-anual-de-eucerin-combatiendo-el-acne-y-cuidando-la-piel\/#primaryimage"},"thumbnailUrl":"https:\/\/centresmolina.com\/centreensenyament\/files\/2024\/11\/20241008_100002.jpg","keywords":["1r d'ESO @es","1r d'ESO @es","2n d'ESO @es","2n d'ESO @es","3r ESO @es","3r ESO @es","4t ESO @es","4t ESO @es","APRENDIZAJE","aprendizaje","Escola @es","Escola @es","Escola Molina @es","Escola Molina @es","taller @es","taller @es"],"articleSection":["Noticias","Noticias"],"inLanguage":"es"},{"@type":"WebPage","@id":"https:\/\/centresmolina.com\/centreensenyament\/es\/2024\/11\/04\/taller-anual-de-eucerin-combatiendo-el-acne-y-cuidando-la-piel\/","url":"https:\/\/centresmolina.com\/centreensenyament\/es\/2024\/11\/04\/taller-anual-de-eucerin-combatiendo-el-acne-y-cuidando-la-piel\/","name":"Taller Anual de Eucerin: Combatiendo el Acn\u00e9 y Cuidando la Piel - Centros de ense\u00f1anza","isPartOf":{"@id":"https:\/\/centresmolina.com\/centreensenyament\/#website"},"primaryImageOfPage":{"@id":"https:\/\/centresmolina.com\/centreensenyament\/es\/2024\/11\/04\/taller-anual-de-eucerin-combatiendo-el-acne-y-cuidando-la-piel\/#primaryimage"},"image":{"@id":"https:\/\/centresmolina.com\/centreensenyament\/es\/2024\/11\/04\/taller-anual-de-eucerin-combatiendo-el-acne-y-cuidando-la-piel\/#primaryimage"},"thumbnailUrl":"https:\/\/centresmolina.com\/centreensenyament\/files\/2024\/11\/20241008_100002.jpg","datePublished":"2024-11-04T10:44:19+00:00","dateModified":"2024-11-04T10:46:03+00:00","author":{"@id":"https:\/\/centresmolina.com\/centreensenyament\/#\/schema\/person\/308d85d274adff04b5c51d47e8aff6cc"},"breadcrumb":{"@id":"https:\/\/centresmolina.com\/centreensenyament\/es\/2024\/11\/04\/taller-anual-de-eucerin-combatiendo-el-acne-y-cuidando-la-piel\/#breadcrumb"},"inLanguage":"es","potentialAction":[{"@type":"ReadAction","target":["https:\/\/centresmolina.com\/centreensenyament\/es\/2024\/11\/04\/taller-anual-de-eucerin-combatiendo-el-acne-y-cuidando-la-piel\/"]}]},{"@type":"ImageObject","inLanguage":"es","@id":"https:\/\/centresmolina.com\/centreensenyament\/es\/2024\/11\/04\/taller-anual-de-eucerin-combatiendo-el-acne-y-cuidando-la-piel\/#primaryimage","url":"https:\/\/centresmolina.com\/centreensenyament\/files\/2024\/11\/20241008_100002.jpg","contentUrl":"https:\/\/centresmolina.com\/centreensenyament\/files\/2024\/11\/20241008_100002.jpg","width":2560,"height":1440},{"@type":"BreadcrumbList","@id":"https:\/\/centresmolina.com\/centreensenyament\/es\/2024\/11\/04\/taller-anual-de-eucerin-combatiendo-el-acne-y-cuidando-la-piel\/#breadcrumb","itemListElement":[{"@type":"ListItem","position":1,"name":"Portada","item":"https:\/\/centresmolina.com\/centreensenyament\/es\/"},{"@type":"ListItem","position":2,"name":"Taller Anual de Eucerin: Combatiendo el Acn\u00e9 y Cuidando la Piel"}]},{"@type":"WebSite","@id":"https:\/\/centresmolina.com\/centreensenyament\/#website","url":"https:\/\/centresmolina.com\/centreensenyament\/","name":"Centros de ense\u00f1anza","description":"Centres Molina - Centros de ense\u00f1anza","potentialAction":[{"@type":"SearchAction","target":{"@type":"EntryPoint","urlTemplate":"https:\/\/centresmolina.com\/centreensenyament\/?s={search_term_string}"},"query-input":{"@type":"PropertyValueSpecification","valueRequired":true,"valueName":"search_term_string"}}],"inLanguage":"es"},{"@type":"Person","@id":"https:\/\/centresmolina.com\/centreensenyament\/#\/schema\/person\/308d85d274adff04b5c51d47e8aff6cc","name":"webmolina","image":{"@type":"ImageObject","inLanguage":"es","@id":"https:\/\/secure.gravatar.com\/avatar\/38db407e1ab9b284bf45e3bff4ec5cf1e034e364f09b2ee054619614662a717b?s=96&d=mm&r=g","url":"https:\/\/secure.gravatar.com\/avatar\/38db407e1ab9b284bf45e3bff4ec5cf1e034e364f09b2ee054619614662a717b?s=96&d=mm&r=g","contentUrl":"https:\/\/secure.gravatar.com\/avatar\/38db407e1ab9b284bf45e3bff4ec5cf1e034e364f09b2ee054619614662a717b?s=96&d=mm&r=g","caption":"webmolina"},"url":"https:\/\/centresmolina.com\/centreensenyament\/es\/author\/webmolina\/"}]}},"_links":{"self":[{"href":"https:\/\/centresmolina.com\/centreensenyament\/es\/wp-json\/wp\/v2\/posts\/21104\/"}],"collection":[{"href":"https:\/\/centresmolina.com\/centreensenyament\/es\/wp-json\/wp\/v2\/posts\/"}],"about":[{"href":"https:\/\/centresmolina.com\/centreensenyament\/es\/wp-json\/wp\/v2\/types\/post\/"}],"author":[{"embeddable":true,"href":"https:\/\/centresmolina.com\/centreensenyament\/es\/wp-json\/wp\/v2\/users\/3\/"}],"replies":[{"embeddable":true,"href":"https:\/\/centresmolina.com\/centreensenyament\/es\/wp-json\/wp\/v2\/comments\/?post=21104"}],"version-history":[{"count":1,"href":"https:\/\/centresmolina.com\/centreensenyament\/es\/wp-json\/wp\/v2\/posts\/21104\/revisions\/"}],"predecessor-version":[{"id":21105,"href":"https:\/\/centresmolina.com\/centreensenyament\/es\/wp-json\/wp\/v2\/posts\/21104\/revisions\/21105\/"}],"wp:featuredmedia":[{"embeddable":true,"href":"https:\/\/centresmolina.com\/centreensenyament\/es\/wp-json\/wp\/v2\/media\/21099\/"}],"wp:attachment":[{"href":"https:\/\/centresmolina.com\/centreensenyament\/es\/wp-json\/wp\/v2\/media\/?parent=21104"}],"wp:term":[{"taxonomy":"category","embeddable":true,"href":"https:\/\/centresmolina.com\/centreensenyament\/es\/wp-json\/wp\/v2\/categories\/?post=21104"},{"taxonomy":"post_tag","embeddable":true,"href":"https:\/\/centresmolina.com\/centreensenyament\/es\/wp-json\/wp\/v2\/tags\/?post=21104"}],"curies":[{"name":"wp","href":"https:\/\/api.w.org\/{rel}","templated":true}]}}