{"id":21836,"date":"2025-10-27T16:09:21","date_gmt":"2025-10-27T16:09:21","guid":{"rendered":"https:\/\/centresmolina.com\/centreensenyament\/?p=21836"},"modified":"2025-10-27T16:24:42","modified_gmt":"2025-10-27T16:24:42","slug":"talleres-y-exposiciones-en-nuestro-centro-educativo","status":"publish","type":"post","link":"https:\/\/centresmolina.com\/centreensenyament\/es\/2025\/10\/27\/talleres-y-exposiciones-en-nuestro-centro-educativo\/","title":{"rendered":"Talleres y exposiciones en nuestro centro educativo"},"content":{"rendered":"<p>La semana pasada estuvo llena de actividades enriquecedoras en nuestro colegio. El alumnado de ESO y de CFGM particip\u00f3 en diferentes<strong> talleres y charlas formativas<\/strong>, que les han hecho reflexionar sobre temas muy actuales e importantes para su d\u00eda a d\u00eda.<\/p>\n<h3>Talleres de l\u2019Escola del Consum de Catalunya<\/h3>\n<p>Desde l&#8217;<strong>Escola del Consum de Catalunya<\/strong> nos han visitado para impartir diversos talleres adaptados a cada nivel educativo:<\/p>\n<p><strong>\u2192 1\u00ba de ESO<\/strong> ha participado en los talleres <em>Vayamos de compras!<\/em>\u00a0y <em>Mensajes o mensajeros?<\/em>, donde el alumnado ha aprendido a reflexionar sobre el consumo responsable centr\u00e1ndose en la interacci\u00f3n entre raz\u00f3n y emoci\u00f3n en las decisiones de consumo y en c\u00f3mo afrontar los retos sociales y ambientales. Tambi\u00e9n han reflexionado sobre el papel que tienen los medios en la manera en que recibimos la informaci\u00f3n (la publicidad y los soportes publicitarios).<\/p>\n<p><strong>\u2192 2\u00ba de ESO<\/strong> ha trabajado el taller <em>Qu\u00e9 me pongo esta ma\u00f1ana?<\/em>, una actividad que permite a los j\u00f3venes reflexionar sobre sus decisiones de consumo de ropa, considerando su identidad y los impactos sociales y ecol\u00f3gicos. A trav\u00e9s de din\u00e1micas interactivas, los alumnos han aprendido sobre criterios de compra, diversidad de estilos y derechos de los consumidores, fomentando un consumo m\u00e1s responsable.<\/p>\n<p><strong>\u2192 <\/strong>Los alumnos de <strong>1\u00ba de CFGM<\/strong> han hecho el taller <em>Impactos o mensajes?<\/em>, profundizando en la lectura cr\u00edtica de la publicidad y el consumo medi\u00e1tico. La actividad busca concienciar el alumnado sobre el lenguaje y las estrategias de la publicidad, as\u00ed como su papel como consumidores y agentes publicitarios. A trav\u00e9s del an\u00e1lisis de ejemplos hist\u00f3ricos y actuales, se reflexiona sobre la evoluci\u00f3n de la publicidad como fen\u00f3meno cultural y su regulaci\u00f3n.<\/p>\n<p><strong>\u2192 <\/strong>Finalmente, los de <strong>2\u00ba de CFGM<\/strong> han participado en los talleres <em>Me sirven los servicios?<\/em> y <em>D\u00f3nde tengo mi dinero?<\/em>, centrados en la gesti\u00f3n responsable de los recursos y en el funcionamiento de los servicios financieros. Concretamente, los alumnos han reflexionado sobre los derechos y deberes de los consumidores en la contrataci\u00f3n y uso de servicios a trav\u00e9s de actividades y juegos de preguntas, analizando situaciones de conflicto en el consumo de estos servicios. Adem\u00e1s, adem\u00e1s, han hablado sobre la gesti\u00f3n de sus recursos econ\u00f3micos, tanto a\u00a0 nivel individual como colectivo, analizando su disponibilidad de dinero y sus formas de gasto, con el objetivo de que puedan gestionar sus presupuestos de manera responsable y cr\u00edtica ante la publicidad de los servicios bancarios.<\/p>\n\n\t\t<style type=\"text\/css\">\n\t\t\t#gallery-1 {\n\t\t\t\tmargin: auto;\n\t\t\t}\n\t\t\t#gallery-1 .gallery-item {\n\t\t\t\tfloat: left;\n\t\t\t\tmargin-top: 10px;\n\t\t\t\ttext-align: center;\n\t\t\t\twidth: 25%;\n\t\t\t}\n\t\t\t#gallery-1 img {\n\t\t\t\tborder: 2px solid #cfcfcf;\n\t\t\t}\n\t\t\t#gallery-1 .gallery-caption {\n\t\t\t\tmargin-left: 0;\n\t\t\t}\n\t\t\t\/* see gallery_shortcode() in wp-includes\/media.php *\/\n\t\t<\/style>\n\t\t<div id='gallery-1' class='gallery galleryid-21836 gallery-columns-4 gallery-size-full'><dl class='gallery-item'>\n\t\t\t<dt class='gallery-icon landscape'>\n\t\t\t\t<a href='https:\/\/centresmolina.com\/centreensenyament\/es\/2025\/10\/27\/talleres-y-exposiciones-en-nuestro-centro-educativo\/xerrada-consum-1-2\/'><img loading=\"lazy\" decoding=\"async\" width=\"1280\" height=\"721\" src=\"https:\/\/centresmolina.com\/centreensenyament\/files\/2025\/10\/Xerrada-Consum-1.jpg\" class=\"attachment-full size-full\" alt=\"\" srcset=\"https:\/\/centresmolina.com\/centreensenyament\/files\/2025\/10\/Xerrada-Consum-1.jpg 1280w, https:\/\/centresmolina.com\/centreensenyament\/files\/2025\/10\/Xerrada-Consum-1-300x169.jpg 300w, https:\/\/centresmolina.com\/centreensenyament\/files\/2025\/10\/Xerrada-Consum-1-1024x577.jpg 1024w, https:\/\/centresmolina.com\/centreensenyament\/files\/2025\/10\/Xerrada-Consum-1-768x433.jpg 768w\" sizes=\"auto, (max-width: 1280px) 100vw, 1280px\" \/><\/a>\n\t\t\t<\/dt><\/dl><dl class='gallery-item'>\n\t\t\t<dt class='gallery-icon landscape'>\n\t\t\t\t<a href='https:\/\/centresmolina.com\/centreensenyament\/es\/2025\/10\/27\/talleres-y-exposiciones-en-nuestro-centro-educativo\/xerrada-consum-2-2\/'><img loading=\"lazy\" decoding=\"async\" width=\"1280\" height=\"721\" src=\"https:\/\/centresmolina.com\/centreensenyament\/files\/2025\/10\/Xerrada-Consum-2.jpg\" class=\"attachment-full size-full\" alt=\"\" srcset=\"https:\/\/centresmolina.com\/centreensenyament\/files\/2025\/10\/Xerrada-Consum-2.jpg 1280w, https:\/\/centresmolina.com\/centreensenyament\/files\/2025\/10\/Xerrada-Consum-2-300x169.jpg 300w, https:\/\/centresmolina.com\/centreensenyament\/files\/2025\/10\/Xerrada-Consum-2-1024x577.jpg 1024w, https:\/\/centresmolina.com\/centreensenyament\/files\/2025\/10\/Xerrada-Consum-2-768x433.jpg 768w\" sizes=\"auto, (max-width: 1280px) 100vw, 1280px\" \/><\/a>\n\t\t\t<\/dt><\/dl><dl class='gallery-item'>\n\t\t\t<dt class='gallery-icon landscape'>\n\t\t\t\t<a href='https:\/\/centresmolina.com\/centreensenyament\/es\/2025\/10\/27\/talleres-y-exposiciones-en-nuestro-centro-educativo\/xerrada-consum-3-2\/'><img loading=\"lazy\" decoding=\"async\" width=\"1280\" height=\"721\" src=\"https:\/\/centresmolina.com\/centreensenyament\/files\/2025\/10\/Xerrada-Consum-3.jpg\" class=\"attachment-full size-full\" alt=\"\" srcset=\"https:\/\/centresmolina.com\/centreensenyament\/files\/2025\/10\/Xerrada-Consum-3.jpg 1280w, https:\/\/centresmolina.com\/centreensenyament\/files\/2025\/10\/Xerrada-Consum-3-300x169.jpg 300w, https:\/\/centresmolina.com\/centreensenyament\/files\/2025\/10\/Xerrada-Consum-3-1024x577.jpg 1024w, https:\/\/centresmolina.com\/centreensenyament\/files\/2025\/10\/Xerrada-Consum-3-768x433.jpg 768w\" sizes=\"auto, (max-width: 1280px) 100vw, 1280px\" \/><\/a>\n\t\t\t<\/dt><\/dl><dl class='gallery-item'>\n\t\t\t<dt class='gallery-icon landscape'>\n\t\t\t\t<a href='https:\/\/centresmolina.com\/centreensenyament\/es\/2025\/10\/27\/talleres-y-exposiciones-en-nuestro-centro-educativo\/xerrada-consum-4-2\/'><img loading=\"lazy\" decoding=\"async\" width=\"1280\" height=\"721\" src=\"https:\/\/centresmolina.com\/centreensenyament\/files\/2025\/10\/Xerrada-Consum-4.jpg\" class=\"attachment-full size-full\" alt=\"\" srcset=\"https:\/\/centresmolina.com\/centreensenyament\/files\/2025\/10\/Xerrada-Consum-4.jpg 1280w, https:\/\/centresmolina.com\/centreensenyament\/files\/2025\/10\/Xerrada-Consum-4-300x169.jpg 300w, https:\/\/centresmolina.com\/centreensenyament\/files\/2025\/10\/Xerrada-Consum-4-1024x577.jpg 1024w, https:\/\/centresmolina.com\/centreensenyament\/files\/2025\/10\/Xerrada-Consum-4-768x433.jpg 768w\" sizes=\"auto, (max-width: 1280px) 100vw, 1280px\" \/><\/a>\n\t\t\t<\/dt><\/dl><br style=\"clear: both\" \/>\n\t\t<\/div>\n\n<p>Todos estos talleres han sido una gran oportunidad para <strong>reflexionar sobre la importancia de consumir con criterio<\/strong> y desarrollar un esp\u00edritu cr\u00edtico ante los mensajes que recibimos cada d\u00eda.<\/p>\n<h3>Charla sobre la Ley Penal de los Menores<\/h3>\n<p>El alumnado de <strong>4\u00ba de ESO<\/strong> asisti\u00f3 a una charla muy interesante sobre <em>La Ley Penal de los Menores<\/em>, a cargo de la Asesor\u00eda Legal <strong>ARAG<\/strong>. La sesi\u00f3n sirvi\u00f3 para conocer de cerca c\u00f3mo funciona la legislaci\u00f3n que afecta los j\u00f3venes y la importancia de ser responsables de las propias acciones. En concreto, los sirvi\u00f3 para conocer el funcionamiento del procedimiento judicial en caso de delito y las medidas que se aplican en cada situaci\u00f3n. Se trataron los <strong>delitos m\u00e1s habituales entre j\u00f3venes<\/strong>, como los hurtos, el consumo de estupefacientes o el acoso. El objetivo principal fue <strong>tomar conciencia de las consecuencias de los propios actos<\/strong> y saber c\u00f3mo actuar en caso de ser v\u00edctima.<\/p>\n\n\t\t<style type=\"text\/css\">\n\t\t\t#gallery-2 {\n\t\t\t\tmargin: auto;\n\t\t\t}\n\t\t\t#gallery-2 .gallery-item {\n\t\t\t\tfloat: left;\n\t\t\t\tmargin-top: 10px;\n\t\t\t\ttext-align: center;\n\t\t\t\twidth: 33%;\n\t\t\t}\n\t\t\t#gallery-2 img {\n\t\t\t\tborder: 2px solid #cfcfcf;\n\t\t\t}\n\t\t\t#gallery-2 .gallery-caption {\n\t\t\t\tmargin-left: 0;\n\t\t\t}\n\t\t\t\/* see gallery_shortcode() in wp-includes\/media.php *\/\n\t\t<\/style>\n\t\t<div id='gallery-2' class='gallery galleryid-21836 gallery-columns-3 gallery-size-full'><dl class='gallery-item'>\n\t\t\t<dt class='gallery-icon landscape'>\n\t\t\t\t<a href='https:\/\/centresmolina.com\/centreensenyament\/es\/2025\/10\/27\/talleres-y-exposiciones-en-nuestro-centro-educativo\/xerrada-arag-1-2\/'><img loading=\"lazy\" decoding=\"async\" width=\"1280\" height=\"721\" src=\"https:\/\/centresmolina.com\/centreensenyament\/files\/2025\/10\/Xerrada-ARAG-1.jpg\" class=\"attachment-full size-full\" alt=\"\" srcset=\"https:\/\/centresmolina.com\/centreensenyament\/files\/2025\/10\/Xerrada-ARAG-1.jpg 1280w, https:\/\/centresmolina.com\/centreensenyament\/files\/2025\/10\/Xerrada-ARAG-1-300x169.jpg 300w, https:\/\/centresmolina.com\/centreensenyament\/files\/2025\/10\/Xerrada-ARAG-1-1024x577.jpg 1024w, https:\/\/centresmolina.com\/centreensenyament\/files\/2025\/10\/Xerrada-ARAG-1-768x433.jpg 768w\" sizes=\"auto, (max-width: 1280px) 100vw, 1280px\" \/><\/a>\n\t\t\t<\/dt><\/dl><dl class='gallery-item'>\n\t\t\t<dt class='gallery-icon landscape'>\n\t\t\t\t<a href='https:\/\/centresmolina.com\/centreensenyament\/es\/2025\/10\/27\/talleres-y-exposiciones-en-nuestro-centro-educativo\/xerrada-arag-2-2\/'><img loading=\"lazy\" decoding=\"async\" width=\"1280\" height=\"721\" src=\"https:\/\/centresmolina.com\/centreensenyament\/files\/2025\/10\/Xerrada-ARAG-2.jpg\" class=\"attachment-full size-full\" alt=\"\" srcset=\"https:\/\/centresmolina.com\/centreensenyament\/files\/2025\/10\/Xerrada-ARAG-2.jpg 1280w, https:\/\/centresmolina.com\/centreensenyament\/files\/2025\/10\/Xerrada-ARAG-2-300x169.jpg 300w, https:\/\/centresmolina.com\/centreensenyament\/files\/2025\/10\/Xerrada-ARAG-2-1024x577.jpg 1024w, https:\/\/centresmolina.com\/centreensenyament\/files\/2025\/10\/Xerrada-ARAG-2-768x433.jpg 768w\" sizes=\"auto, (max-width: 1280px) 100vw, 1280px\" \/><\/a>\n\t\t\t<\/dt><\/dl><dl class='gallery-item'>\n\t\t\t<dt class='gallery-icon landscape'>\n\t\t\t\t<a href='https:\/\/centresmolina.com\/centreensenyament\/es\/2025\/10\/27\/talleres-y-exposiciones-en-nuestro-centro-educativo\/xerrada-arag-3-2\/'><img loading=\"lazy\" decoding=\"async\" width=\"1280\" height=\"721\" src=\"https:\/\/centresmolina.com\/centreensenyament\/files\/2025\/10\/Xerrada-ARAG-3.jpg\" class=\"attachment-full size-full\" alt=\"\" srcset=\"https:\/\/centresmolina.com\/centreensenyament\/files\/2025\/10\/Xerrada-ARAG-3.jpg 1280w, https:\/\/centresmolina.com\/centreensenyament\/files\/2025\/10\/Xerrada-ARAG-3-300x169.jpg 300w, https:\/\/centresmolina.com\/centreensenyament\/files\/2025\/10\/Xerrada-ARAG-3-1024x577.jpg 1024w, https:\/\/centresmolina.com\/centreensenyament\/files\/2025\/10\/Xerrada-ARAG-3-768x433.jpg 768w\" sizes=\"auto, (max-width: 1280px) 100vw, 1280px\" \/><\/a>\n\t\t\t<\/dt><\/dl><br style=\"clear: both\" \/>\n\t\t<\/div>\n\n<p>Pod\u00e9is tener m\u00e1s informaci\u00f3n haciendo clic en el siguiente enlace: <a href=\"https:\/\/youtu.be\/mNlxj_-_JRg\">https:\/\/youtu.be\/mNlxj_-_JRg<\/a><\/p>\n<h3>Exposici\u00f3n de Visual y Pl\u00e1stica<\/h3>\n<p>Adem\u00e1s, a la<strong> secretar\u00eda<\/strong> de la escuela ya se puede visitar la exposici\u00f3n de los trabajos de los alumnos de <strong>1\u00ba de ESO<\/strong>: unas maquetas y dioramas creativos elaborados con <strong>pinzas de la ropa<\/strong> dentro de la asignatura de <strong>Visual y Pl\u00e1stica<\/strong>. Os invitamos a acercaros y disfrutar de su imaginaci\u00f3n y dedicaci\u00f3n!<\/p>\n\n\t\t<style type=\"text\/css\">\n\t\t\t#gallery-3 {\n\t\t\t\tmargin: auto;\n\t\t\t}\n\t\t\t#gallery-3 .gallery-item {\n\t\t\t\tfloat: left;\n\t\t\t\tmargin-top: 10px;\n\t\t\t\ttext-align: center;\n\t\t\t\twidth: 50%;\n\t\t\t}\n\t\t\t#gallery-3 img {\n\t\t\t\tborder: 2px solid #cfcfcf;\n\t\t\t}\n\t\t\t#gallery-3 .gallery-caption {\n\t\t\t\tmargin-left: 0;\n\t\t\t}\n\t\t\t\/* see gallery_shortcode() in wp-includes\/media.php *\/\n\t\t<\/style>\n\t\t<div id='gallery-3' class='gallery galleryid-21836 gallery-columns-2 gallery-size-large'><dl class='gallery-item'>\n\t\t\t<dt class='gallery-icon landscape'>\n\t\t\t\t<a href='https:\/\/centresmolina.com\/centreensenyament\/es\/2025\/10\/27\/talleres-y-exposiciones-en-nuestro-centro-educativo\/projecte-evp-eso1-1-2\/'><img loading=\"lazy\" decoding=\"async\" width=\"1024\" height=\"577\" src=\"https:\/\/centresmolina.com\/centreensenyament\/files\/2025\/10\/Projecte-EVP-ESO1-1-1024x577.jpg\" class=\"attachment-large size-large\" alt=\"\" srcset=\"https:\/\/centresmolina.com\/centreensenyament\/files\/2025\/10\/Projecte-EVP-ESO1-1-1024x577.jpg 1024w, https:\/\/centresmolina.com\/centreensenyament\/files\/2025\/10\/Projecte-EVP-ESO1-1-300x169.jpg 300w, https:\/\/centresmolina.com\/centreensenyament\/files\/2025\/10\/Projecte-EVP-ESO1-1-768x433.jpg 768w, https:\/\/centresmolina.com\/centreensenyament\/files\/2025\/10\/Projecte-EVP-ESO1-1.jpg 1280w\" sizes=\"auto, (max-width: 1024px) 100vw, 1024px\" \/><\/a>\n\t\t\t<\/dt><\/dl><dl class='gallery-item'>\n\t\t\t<dt class='gallery-icon landscape'>\n\t\t\t\t<a href='https:\/\/centresmolina.com\/centreensenyament\/es\/2025\/10\/27\/talleres-y-exposiciones-en-nuestro-centro-educativo\/projecte-evp-eso1-2-2\/'><img loading=\"lazy\" decoding=\"async\" width=\"1024\" height=\"577\" src=\"https:\/\/centresmolina.com\/centreensenyament\/files\/2025\/10\/Projecte-EVP-ESO1-2-1024x577.jpg\" class=\"attachment-large size-large\" alt=\"\" srcset=\"https:\/\/centresmolina.com\/centreensenyament\/files\/2025\/10\/Projecte-EVP-ESO1-2-1024x577.jpg 1024w, https:\/\/centresmolina.com\/centreensenyament\/files\/2025\/10\/Projecte-EVP-ESO1-2-300x169.jpg 300w, https:\/\/centresmolina.com\/centreensenyament\/files\/2025\/10\/Projecte-EVP-ESO1-2-768x433.jpg 768w, https:\/\/centresmolina.com\/centreensenyament\/files\/2025\/10\/Projecte-EVP-ESO1-2.jpg 1280w\" sizes=\"auto, (max-width: 1024px) 100vw, 1024px\" \/><\/a>\n\t\t\t<\/dt><\/dl><br style=\"clear: both\" \/><dl class='gallery-item'>\n\t\t\t<dt class='gallery-icon landscape'>\n\t\t\t\t<a href='https:\/\/centresmolina.com\/centreensenyament\/es\/2025\/10\/27\/talleres-y-exposiciones-en-nuestro-centro-educativo\/projecte-evp-eso1-3-2\/'><img loading=\"lazy\" decoding=\"async\" width=\"1024\" height=\"577\" src=\"https:\/\/centresmolina.com\/centreensenyament\/files\/2025\/10\/Projecte-EVP-ESO1-3-1024x577.jpg\" class=\"attachment-large size-large\" alt=\"\" srcset=\"https:\/\/centresmolina.com\/centreensenyament\/files\/2025\/10\/Projecte-EVP-ESO1-3-1024x577.jpg 1024w, https:\/\/centresmolina.com\/centreensenyament\/files\/2025\/10\/Projecte-EVP-ESO1-3-300x169.jpg 300w, https:\/\/centresmolina.com\/centreensenyament\/files\/2025\/10\/Projecte-EVP-ESO1-3-768x433.jpg 768w, https:\/\/centresmolina.com\/centreensenyament\/files\/2025\/10\/Projecte-EVP-ESO1-3.jpg 1280w\" sizes=\"auto, (max-width: 1024px) 100vw, 1024px\" \/><\/a>\n\t\t\t<\/dt><\/dl><dl class='gallery-item'>\n\t\t\t<dt class='gallery-icon landscape'>\n\t\t\t\t<a href='https:\/\/centresmolina.com\/centreensenyament\/es\/2025\/10\/27\/talleres-y-exposiciones-en-nuestro-centro-educativo\/projecte-evp-eso1-4-2\/'><img loading=\"lazy\" decoding=\"async\" width=\"1024\" height=\"577\" src=\"https:\/\/centresmolina.com\/centreensenyament\/files\/2025\/10\/Projecte-EVP-ESO1-4-1024x577.jpg\" class=\"attachment-large size-large\" alt=\"\" srcset=\"https:\/\/centresmolina.com\/centreensenyament\/files\/2025\/10\/Projecte-EVP-ESO1-4-1024x577.jpg 1024w, https:\/\/centresmolina.com\/centreensenyament\/files\/2025\/10\/Projecte-EVP-ESO1-4-300x169.jpg 300w, https:\/\/centresmolina.com\/centreensenyament\/files\/2025\/10\/Projecte-EVP-ESO1-4-768x433.jpg 768w, https:\/\/centresmolina.com\/centreensenyament\/files\/2025\/10\/Projecte-EVP-ESO1-4.jpg 1280w\" sizes=\"auto, (max-width: 1024px) 100vw, 1024px\" \/><\/a>\n\t\t\t<\/dt><\/dl><br style=\"clear: both\" \/>\n\t\t<\/div>\n\n<h3>Con la vista puesta en la pr\u00f3xima semana\u2026<\/h3>\n<p>Esta semana los alumnos trabajar\u00e1n las actividades de la Castanyada y Halloween, as\u00ed que la pr\u00f3xima semana compartiremos en el blog un nuevo art\u00edculo con las mejores im\u00e1genes y momentos. Mientras tanto, pod\u00e9is disfrutar ya de la decoraci\u00f3n de la secretar\u00eda, que respira ambiente de oto\u00f1o. \ud83c\udf41\ud83d\udc7b<\/p>\n","protected":false},"excerpt":{"rendered":"<p>La semana pasada estuvo llena de actividades enriquecedoras en nuestro colegio. El alumnado de ESO y de CFGM particip\u00f3 en&#8230;<\/p>\n","protected":false},"author":1,"featured_media":21816,"comment_status":"closed","ping_status":"closed","sticky":false,"template":"","format":"standard","meta":{"footnotes":""},"categories":[15,15],"tags":[104,104,89,89,108,108,2939,2939,69,69,197,197,95,95,3086,3088,20,20,42,42,75,75,64,64,60,60,23,23,34,34,74,74,171,171,3087,3089,63,63,61,61,68,68,173,173,121,121],"class_list":{"0":"post-21836","1":"post","2":"type-post","3":"status-publish","4":"format-standard","5":"has-post-thumbnail","6":"hentry","7":"category-noticias-2","9":"tag-1r-deso-es","11":"tag-2n-deso-es","13":"tag-4t-eso-es","15":"tag-aprenentage-es","17":"tag-aprenentatge-es","19":"tag-barcelona-es","21":"tag-cfgm-es","23":"tag-charla","24":"tag-charla-2","25":"tag-cicles-es","27":"tag-cicles-formatius-es","29":"tag-desenvolupament-personal-i-academic-es","31":"tag-educacio-secundaria-obligatoria-es","33":"tag-escola-es","35":"tag-escola-molina-es","37":"tag-eso-es","39":"tag-estil-propi-es","41":"tag-exposicio-es","43":"tag-exposicion","44":"tag-exposicion-2","45":"tag-formacio-es","47":"tag-molina-es","49":"tag-nivells-educatius-es","51":"tag-nou-barris-es","53":"tag-taller-es"},"yoast_head":"<!-- This site is optimized with the Yoast SEO plugin v27.2 - https:\/\/yoast.com\/product\/yoast-seo-wordpress\/ -->\n<title>Talleres y exposiciones en nuestro centro educativo - Centros de ense\u00f1anza<\/title>\n<meta name=\"robots\" content=\"index, follow, max-snippet:-1, max-image-preview:large, max-video-preview:-1\" \/>\n<link rel=\"canonical\" href=\"https:\/\/centresmolina.com\/centreensenyament\/es\/2025\/10\/27\/talleres-y-exposiciones-en-nuestro-centro-educativo\/\" \/>\n<meta property=\"og:locale\" content=\"es_ES\" \/>\n<meta property=\"og:type\" content=\"article\" \/>\n<meta property=\"og:title\" content=\"Talleres y exposiciones en nuestro centro educativo - Centros de ense\u00f1anza\" \/>\n<meta property=\"og:description\" content=\"La semana pasada estuvo llena de actividades enriquecedoras en nuestro colegio. El alumnado de ESO y de CFGM particip\u00f3 en...\" \/>\n<meta property=\"og:url\" content=\"https:\/\/centresmolina.com\/centreensenyament\/es\/2025\/10\/27\/talleres-y-exposiciones-en-nuestro-centro-educativo\/\" \/>\n<meta property=\"og:site_name\" content=\"Centros de ense\u00f1anza\" \/>\n<meta property=\"article:published_time\" content=\"2025-10-27T16:09:21+00:00\" \/>\n<meta property=\"article:modified_time\" content=\"2025-10-27T16:24:42+00:00\" \/>\n<meta property=\"og:image\" content=\"http:\/\/centresmolina.com\/centreensenyament\/files\/2025\/10\/Xerrada-Consum-2.jpg\" \/>\n\t<meta property=\"og:image:width\" content=\"1280\" \/>\n\t<meta property=\"og:image:height\" content=\"721\" \/>\n\t<meta property=\"og:image:type\" content=\"image\/jpeg\" \/>\n<meta name=\"author\" content=\"admin\" \/>\n<meta name=\"twitter:label1\" content=\"Escrito por\" \/>\n\t<meta name=\"twitter:data1\" content=\"admin\" \/>\n\t<meta name=\"twitter:label2\" content=\"Tiempo de lectura\" \/>\n\t<meta name=\"twitter:data2\" content=\"4 minutos\" \/>\n<script type=\"application\/ld+json\" class=\"yoast-schema-graph\">{\"@context\":\"https:\/\/schema.org\",\"@graph\":[{\"@type\":\"Article\",\"@id\":\"https:\/\/centresmolina.com\/centreensenyament\/es\/2025\/10\/27\/talleres-y-exposiciones-en-nuestro-centro-educativo\/#article\",\"isPartOf\":{\"@id\":\"https:\/\/centresmolina.com\/centreensenyament\/es\/2025\/10\/27\/talleres-y-exposiciones-en-nuestro-centro-educativo\/\"},\"author\":{\"name\":\"admin\",\"@id\":\"https:\/\/centresmolina.com\/centreensenyament\/#\/schema\/person\/708769d47ecd01f5140f36e96d68031b\"},\"headline\":\"Talleres y exposiciones en nuestro centro educativo\",\"datePublished\":\"2025-10-27T16:09:21+00:00\",\"dateModified\":\"2025-10-27T16:24:42+00:00\",\"mainEntityOfPage\":{\"@id\":\"https:\/\/centresmolina.com\/centreensenyament\/es\/2025\/10\/27\/talleres-y-exposiciones-en-nuestro-centro-educativo\/\"},\"wordCount\":755,\"image\":{\"@id\":\"https:\/\/centresmolina.com\/centreensenyament\/es\/2025\/10\/27\/talleres-y-exposiciones-en-nuestro-centro-educativo\/#primaryimage\"},\"thumbnailUrl\":\"https:\/\/centresmolina.com\/centreensenyament\/files\/2025\/10\/Xerrada-Consum-2.jpg\",\"keywords\":[\"1r d'ESO @es\",\"1r d'ESO @es\",\"2n d'ESO @es\",\"2n d'ESO @es\",\"4t ESO @es\",\"4t ESO @es\",\"Aprenentage\",\"Aprenentage\",\"aprenentatge @es\",\"aprenentatge @es\",\"Barcelona\",\"Barcelona\",\"CFGM @es\",\"CFGM @es\",\"Charla\",\"Charla\",\"Cicles @es\",\"Cicles @es\",\"Cicles Formatius @es\",\"Cicles Formatius @es\",\"desenvolupament personal i acad\u00e8mic @es\",\"desenvolupament personal i acad\u00e8mic @es\",\"educaci\u00f3 secund\u00e0ria obligat\u00f2ria @es\",\"educaci\u00f3 secund\u00e0ria obligat\u00f2ria @es\",\"Escola @es\",\"Escola @es\",\"Escola Molina @es\",\"Escola Molina @es\",\"ESO @es\",\"ESO @es\",\"estil propi @es\",\"estil propi @es\",\"Exposici\u00f3\",\"Exposici\u00f3\",\"exposici\u00f3n\",\"exposici\u00f3n\",\"formaci\u00f3 @es\",\"formaci\u00f3 @es\",\"Molina @es\",\"Molina @es\",\"nivells educatius @es\",\"nivells educatius @es\",\"Nou Barris\",\"Nou Barris\",\"taller @es\",\"taller @es\"],\"articleSection\":[\"Noticias\",\"Noticias\"],\"inLanguage\":\"es\"},{\"@type\":\"WebPage\",\"@id\":\"https:\/\/centresmolina.com\/centreensenyament\/es\/2025\/10\/27\/talleres-y-exposiciones-en-nuestro-centro-educativo\/\",\"url\":\"https:\/\/centresmolina.com\/centreensenyament\/es\/2025\/10\/27\/talleres-y-exposiciones-en-nuestro-centro-educativo\/\",\"name\":\"Talleres y exposiciones en nuestro centro educativo - Centros de ense\u00f1anza\",\"isPartOf\":{\"@id\":\"https:\/\/centresmolina.com\/centreensenyament\/#website\"},\"primaryImageOfPage\":{\"@id\":\"https:\/\/centresmolina.com\/centreensenyament\/es\/2025\/10\/27\/talleres-y-exposiciones-en-nuestro-centro-educativo\/#primaryimage\"},\"image\":{\"@id\":\"https:\/\/centresmolina.com\/centreensenyament\/es\/2025\/10\/27\/talleres-y-exposiciones-en-nuestro-centro-educativo\/#primaryimage\"},\"thumbnailUrl\":\"https:\/\/centresmolina.com\/centreensenyament\/files\/2025\/10\/Xerrada-Consum-2.jpg\",\"datePublished\":\"2025-10-27T16:09:21+00:00\",\"dateModified\":\"2025-10-27T16:24:42+00:00\",\"author\":{\"@id\":\"https:\/\/centresmolina.com\/centreensenyament\/#\/schema\/person\/708769d47ecd01f5140f36e96d68031b\"},\"breadcrumb\":{\"@id\":\"https:\/\/centresmolina.com\/centreensenyament\/es\/2025\/10\/27\/talleres-y-exposiciones-en-nuestro-centro-educativo\/#breadcrumb\"},\"inLanguage\":\"es\",\"potentialAction\":[{\"@type\":\"ReadAction\",\"target\":[\"https:\/\/centresmolina.com\/centreensenyament\/es\/2025\/10\/27\/talleres-y-exposiciones-en-nuestro-centro-educativo\/\"]}]},{\"@type\":\"ImageObject\",\"inLanguage\":\"es\",\"@id\":\"https:\/\/centresmolina.com\/centreensenyament\/es\/2025\/10\/27\/talleres-y-exposiciones-en-nuestro-centro-educativo\/#primaryimage\",\"url\":\"https:\/\/centresmolina.com\/centreensenyament\/files\/2025\/10\/Xerrada-Consum-2.jpg\",\"contentUrl\":\"https:\/\/centresmolina.com\/centreensenyament\/files\/2025\/10\/Xerrada-Consum-2.jpg\",\"width\":1280,\"height\":721},{\"@type\":\"BreadcrumbList\",\"@id\":\"https:\/\/centresmolina.com\/centreensenyament\/es\/2025\/10\/27\/talleres-y-exposiciones-en-nuestro-centro-educativo\/#breadcrumb\",\"itemListElement\":[{\"@type\":\"ListItem\",\"position\":1,\"name\":\"Portada\",\"item\":\"https:\/\/centresmolina.com\/centreensenyament\/es\/\"},{\"@type\":\"ListItem\",\"position\":2,\"name\":\"Talleres y exposiciones en nuestro centro educativo\"}]},{\"@type\":\"WebSite\",\"@id\":\"https:\/\/centresmolina.com\/centreensenyament\/#website\",\"url\":\"https:\/\/centresmolina.com\/centreensenyament\/\",\"name\":\"Centros de ense\u00f1anza\",\"description\":\"Centres Molina - Centros de ense\u00f1anza\",\"potentialAction\":[{\"@type\":\"SearchAction\",\"target\":{\"@type\":\"EntryPoint\",\"urlTemplate\":\"https:\/\/centresmolina.com\/centreensenyament\/?s={search_term_string}\"},\"query-input\":{\"@type\":\"PropertyValueSpecification\",\"valueRequired\":true,\"valueName\":\"search_term_string\"}}],\"inLanguage\":\"es\"},{\"@type\":\"Person\",\"@id\":\"https:\/\/centresmolina.com\/centreensenyament\/#\/schema\/person\/708769d47ecd01f5140f36e96d68031b\",\"name\":\"admin\",\"image\":{\"@type\":\"ImageObject\",\"inLanguage\":\"es\",\"@id\":\"https:\/\/secure.gravatar.com\/avatar\/bc0924690544a330a276ffa283d886b19cf99625d7aec1f282263d3e9088f3e8?s=96&d=mm&r=g\",\"url\":\"https:\/\/secure.gravatar.com\/avatar\/bc0924690544a330a276ffa283d886b19cf99625d7aec1f282263d3e9088f3e8?s=96&d=mm&r=g\",\"contentUrl\":\"https:\/\/secure.gravatar.com\/avatar\/bc0924690544a330a276ffa283d886b19cf99625d7aec1f282263d3e9088f3e8?s=96&d=mm&r=g\",\"caption\":\"admin\"},\"url\":\"https:\/\/centresmolina.com\/centreensenyament\/es\/author\/admin\/\"}]}<\/script>\n<!-- \/ Yoast SEO plugin. -->","yoast_head_json":{"title":"Talleres y exposiciones en nuestro centro educativo - Centros de ense\u00f1anza","robots":{"index":"index","follow":"follow","max-snippet":"max-snippet:-1","max-image-preview":"max-image-preview:large","max-video-preview":"max-video-preview:-1"},"canonical":"https:\/\/centresmolina.com\/centreensenyament\/es\/2025\/10\/27\/talleres-y-exposiciones-en-nuestro-centro-educativo\/","og_locale":"es_ES","og_type":"article","og_title":"Talleres y exposiciones en nuestro centro educativo - Centros de ense\u00f1anza","og_description":"La semana pasada estuvo llena de actividades enriquecedoras en nuestro colegio. El alumnado de ESO y de CFGM particip\u00f3 en...","og_url":"https:\/\/centresmolina.com\/centreensenyament\/es\/2025\/10\/27\/talleres-y-exposiciones-en-nuestro-centro-educativo\/","og_site_name":"Centros de ense\u00f1anza","article_published_time":"2025-10-27T16:09:21+00:00","article_modified_time":"2025-10-27T16:24:42+00:00","og_image":[{"width":1280,"height":721,"url":"http:\/\/centresmolina.com\/centreensenyament\/files\/2025\/10\/Xerrada-Consum-2.jpg","type":"image\/jpeg"}],"author":"admin","twitter_misc":{"Escrito por":"admin","Tiempo de lectura":"4 minutos"},"schema":{"@context":"https:\/\/schema.org","@graph":[{"@type":"Article","@id":"https:\/\/centresmolina.com\/centreensenyament\/es\/2025\/10\/27\/talleres-y-exposiciones-en-nuestro-centro-educativo\/#article","isPartOf":{"@id":"https:\/\/centresmolina.com\/centreensenyament\/es\/2025\/10\/27\/talleres-y-exposiciones-en-nuestro-centro-educativo\/"},"author":{"name":"admin","@id":"https:\/\/centresmolina.com\/centreensenyament\/#\/schema\/person\/708769d47ecd01f5140f36e96d68031b"},"headline":"Talleres y exposiciones en nuestro centro educativo","datePublished":"2025-10-27T16:09:21+00:00","dateModified":"2025-10-27T16:24:42+00:00","mainEntityOfPage":{"@id":"https:\/\/centresmolina.com\/centreensenyament\/es\/2025\/10\/27\/talleres-y-exposiciones-en-nuestro-centro-educativo\/"},"wordCount":755,"image":{"@id":"https:\/\/centresmolina.com\/centreensenyament\/es\/2025\/10\/27\/talleres-y-exposiciones-en-nuestro-centro-educativo\/#primaryimage"},"thumbnailUrl":"https:\/\/centresmolina.com\/centreensenyament\/files\/2025\/10\/Xerrada-Consum-2.jpg","keywords":["1r d'ESO @es","1r d'ESO @es","2n d'ESO @es","2n d'ESO @es","4t ESO @es","4t ESO @es","Aprenentage","Aprenentage","aprenentatge @es","aprenentatge @es","Barcelona","Barcelona","CFGM @es","CFGM @es","Charla","Charla","Cicles @es","Cicles @es","Cicles Formatius @es","Cicles Formatius @es","desenvolupament personal i acad\u00e8mic @es","desenvolupament personal i acad\u00e8mic @es","educaci\u00f3 secund\u00e0ria obligat\u00f2ria @es","educaci\u00f3 secund\u00e0ria obligat\u00f2ria @es","Escola @es","Escola @es","Escola Molina @es","Escola Molina @es","ESO @es","ESO @es","estil propi @es","estil propi @es","Exposici\u00f3","Exposici\u00f3","exposici\u00f3n","exposici\u00f3n","formaci\u00f3 @es","formaci\u00f3 @es","Molina @es","Molina @es","nivells educatius @es","nivells educatius @es","Nou Barris","Nou Barris","taller @es","taller @es"],"articleSection":["Noticias","Noticias"],"inLanguage":"es"},{"@type":"WebPage","@id":"https:\/\/centresmolina.com\/centreensenyament\/es\/2025\/10\/27\/talleres-y-exposiciones-en-nuestro-centro-educativo\/","url":"https:\/\/centresmolina.com\/centreensenyament\/es\/2025\/10\/27\/talleres-y-exposiciones-en-nuestro-centro-educativo\/","name":"Talleres y exposiciones en nuestro centro educativo - Centros de ense\u00f1anza","isPartOf":{"@id":"https:\/\/centresmolina.com\/centreensenyament\/#website"},"primaryImageOfPage":{"@id":"https:\/\/centresmolina.com\/centreensenyament\/es\/2025\/10\/27\/talleres-y-exposiciones-en-nuestro-centro-educativo\/#primaryimage"},"image":{"@id":"https:\/\/centresmolina.com\/centreensenyament\/es\/2025\/10\/27\/talleres-y-exposiciones-en-nuestro-centro-educativo\/#primaryimage"},"thumbnailUrl":"https:\/\/centresmolina.com\/centreensenyament\/files\/2025\/10\/Xerrada-Consum-2.jpg","datePublished":"2025-10-27T16:09:21+00:00","dateModified":"2025-10-27T16:24:42+00:00","author":{"@id":"https:\/\/centresmolina.com\/centreensenyament\/#\/schema\/person\/708769d47ecd01f5140f36e96d68031b"},"breadcrumb":{"@id":"https:\/\/centresmolina.com\/centreensenyament\/es\/2025\/10\/27\/talleres-y-exposiciones-en-nuestro-centro-educativo\/#breadcrumb"},"inLanguage":"es","potentialAction":[{"@type":"ReadAction","target":["https:\/\/centresmolina.com\/centreensenyament\/es\/2025\/10\/27\/talleres-y-exposiciones-en-nuestro-centro-educativo\/"]}]},{"@type":"ImageObject","inLanguage":"es","@id":"https:\/\/centresmolina.com\/centreensenyament\/es\/2025\/10\/27\/talleres-y-exposiciones-en-nuestro-centro-educativo\/#primaryimage","url":"https:\/\/centresmolina.com\/centreensenyament\/files\/2025\/10\/Xerrada-Consum-2.jpg","contentUrl":"https:\/\/centresmolina.com\/centreensenyament\/files\/2025\/10\/Xerrada-Consum-2.jpg","width":1280,"height":721},{"@type":"BreadcrumbList","@id":"https:\/\/centresmolina.com\/centreensenyament\/es\/2025\/10\/27\/talleres-y-exposiciones-en-nuestro-centro-educativo\/#breadcrumb","itemListElement":[{"@type":"ListItem","position":1,"name":"Portada","item":"https:\/\/centresmolina.com\/centreensenyament\/es\/"},{"@type":"ListItem","position":2,"name":"Talleres y exposiciones en nuestro centro educativo"}]},{"@type":"WebSite","@id":"https:\/\/centresmolina.com\/centreensenyament\/#website","url":"https:\/\/centresmolina.com\/centreensenyament\/","name":"Centros de ense\u00f1anza","description":"Centres Molina - Centros de ense\u00f1anza","potentialAction":[{"@type":"SearchAction","target":{"@type":"EntryPoint","urlTemplate":"https:\/\/centresmolina.com\/centreensenyament\/?s={search_term_string}"},"query-input":{"@type":"PropertyValueSpecification","valueRequired":true,"valueName":"search_term_string"}}],"inLanguage":"es"},{"@type":"Person","@id":"https:\/\/centresmolina.com\/centreensenyament\/#\/schema\/person\/708769d47ecd01f5140f36e96d68031b","name":"admin","image":{"@type":"ImageObject","inLanguage":"es","@id":"https:\/\/secure.gravatar.com\/avatar\/bc0924690544a330a276ffa283d886b19cf99625d7aec1f282263d3e9088f3e8?s=96&d=mm&r=g","url":"https:\/\/secure.gravatar.com\/avatar\/bc0924690544a330a276ffa283d886b19cf99625d7aec1f282263d3e9088f3e8?s=96&d=mm&r=g","contentUrl":"https:\/\/secure.gravatar.com\/avatar\/bc0924690544a330a276ffa283d886b19cf99625d7aec1f282263d3e9088f3e8?s=96&d=mm&r=g","caption":"admin"},"url":"https:\/\/centresmolina.com\/centreensenyament\/es\/author\/admin\/"}]}},"_links":{"self":[{"href":"https:\/\/centresmolina.com\/centreensenyament\/es\/wp-json\/wp\/v2\/posts\/21836\/"}],"collection":[{"href":"https:\/\/centresmolina.com\/centreensenyament\/es\/wp-json\/wp\/v2\/posts\/"}],"about":[{"href":"https:\/\/centresmolina.com\/centreensenyament\/es\/wp-json\/wp\/v2\/types\/post\/"}],"author":[{"embeddable":true,"href":"https:\/\/centresmolina.com\/centreensenyament\/es\/wp-json\/wp\/v2\/users\/1\/"}],"replies":[{"embeddable":true,"href":"https:\/\/centresmolina.com\/centreensenyament\/es\/wp-json\/wp\/v2\/comments\/?post=21836"}],"version-history":[{"count":10,"href":"https:\/\/centresmolina.com\/centreensenyament\/es\/wp-json\/wp\/v2\/posts\/21836\/revisions\/"}],"predecessor-version":[{"id":21855,"href":"https:\/\/centresmolina.com\/centreensenyament\/es\/wp-json\/wp\/v2\/posts\/21836\/revisions\/21855\/"}],"wp:featuredmedia":[{"embeddable":true,"href":"https:\/\/centresmolina.com\/centreensenyament\/es\/wp-json\/wp\/v2\/media\/21816\/"}],"wp:attachment":[{"href":"https:\/\/centresmolina.com\/centreensenyament\/es\/wp-json\/wp\/v2\/media\/?parent=21836"}],"wp:term":[{"taxonomy":"category","embeddable":true,"href":"https:\/\/centresmolina.com\/centreensenyament\/es\/wp-json\/wp\/v2\/categories\/?post=21836"},{"taxonomy":"post_tag","embeddable":true,"href":"https:\/\/centresmolina.com\/centreensenyament\/es\/wp-json\/wp\/v2\/tags\/?post=21836"}],"curies":[{"name":"wp","href":"https:\/\/api.w.org\/{rel}","templated":true}]}}