{"id":2197,"date":"2016-04-18T13:28:11","date_gmt":"2016-04-18T13:28:11","guid":{"rendered":"http:\/\/centresmolina.com\/centreensenyament\/2016\/04\/18\/portes-obertes-per-a-cicles-formatius-2\/"},"modified":"2016-04-22T05:21:10","modified_gmt":"2016-04-22T05:21:10","slug":"portes-obertes-per-a-cicles-formatius","status":"publish","type":"post","link":"https:\/\/centresmolina.com\/centreensenyament\/es\/2016\/04\/18\/portes-obertes-per-a-cicles-formatius\/","title":{"rendered":"Puertas Abiertas para Ciclos Formativos"},"content":{"rendered":"<p>Escuela Molina\u00a0quiere invitar a todos los que quieran cursar Ciclos Formativos de Grado Medio en Gesti\u00f3n Administrativa a\u00a0la jornada de puertas abiertas que celebraremos el martes 3 de mayo a las 18h.<\/p>\n<p>La jornada servir\u00e1 para informar e intercambiar inquietudes, experiencias y vivencias propias del Ciclo Formativo en nuestra Escuela.<\/p>\n<p>Si ten\u00e9is dudas, venid a resolverlas!<\/p>\n<p>Para m\u00e1s informaci\u00f3n, contacta con nosotros en el 93 353 38 10.<\/p>\n<p style=\"text-align: center\">www.centresmolina.com<\/p>\n","protected":false},"excerpt":{"rendered":"<p>Escuela Molina\u00a0quiere invitar a todos los que quieran cursar Ciclos Formativos de Grado Medio en Gesti\u00f3n Administrativa a\u00a0la jornada de&#8230;<\/p>\n","protected":false},"author":3,"featured_media":2195,"comment_status":"open","ping_status":"open","sticky":false,"template":"","format":"standard","meta":{"footnotes":""},"categories":[15],"tags":[69,66,95,20,42,75,62,65,70,60,23,74,72,63,96,61,68,71,41,78],"class_list":["post-2197","post","type-post","status-publish","format-standard","has-post-thumbnail","hentry","category-noticias-2","tag-aprenentatge-es","tag-centre-de-suport-es","tag-cfgm-es","tag-cicles-es","tag-cicles-formatius-es","tag-desenvolupament-personal-i-academic-es","tag-educacio-es","tag-educacio-especial-es","tag-ensenyament-es","tag-escola-es","tag-escola-molina-es","tag-estil-propi-es","tag-experiencia-es","tag-formacio-es","tag-gestio-administrativa-es","tag-molina-es","tag-nivells-educatius-es","tag-orientacio-academica-i-professional-es","tag-portes-obertes-es","tag-preinscripcio-es"],"yoast_head":"<!-- This site is optimized with the Yoast SEO plugin v27.2 - https:\/\/yoast.com\/product\/yoast-seo-wordpress\/ -->\n<title>Puertas Abiertas para Ciclos Formativos - Centros de ense\u00f1anza<\/title>\n<meta name=\"robots\" content=\"index, follow, max-snippet:-1, max-image-preview:large, max-video-preview:-1\" \/>\n<link rel=\"canonical\" href=\"https:\/\/centresmolina.com\/centreensenyament\/es\/2016\/04\/18\/portes-obertes-per-a-cicles-formatius\/\" \/>\n<meta property=\"og:locale\" content=\"es_ES\" \/>\n<meta property=\"og:type\" content=\"article\" \/>\n<meta property=\"og:title\" content=\"Puertas Abiertas para Ciclos Formativos - Centros de ense\u00f1anza\" \/>\n<meta property=\"og:description\" content=\"Escuela Molina\u00a0quiere invitar a todos los que quieran cursar Ciclos Formativos de Grado Medio en Gesti\u00f3n Administrativa a\u00a0la jornada de...\" \/>\n<meta property=\"og:url\" content=\"https:\/\/centresmolina.com\/centreensenyament\/es\/2016\/04\/18\/portes-obertes-per-a-cicles-formatius\/\" \/>\n<meta property=\"og:site_name\" content=\"Centros de ense\u00f1anza\" \/>\n<meta property=\"article:published_time\" content=\"2016-04-18T13:28:11+00:00\" \/>\n<meta property=\"article:modified_time\" content=\"2016-04-22T05:21:10+00:00\" \/>\n<meta property=\"og:image\" content=\"https:\/\/centresmolina.com\/centreensenyament\/files\/2016\/04\/unnamed.jpg\" \/>\n\t<meta property=\"og:image:width\" content=\"2480\" \/>\n\t<meta property=\"og:image:height\" content=\"3508\" \/>\n\t<meta property=\"og:image:type\" content=\"image\/jpeg\" \/>\n<meta name=\"author\" content=\"webmolina\" \/>\n<meta name=\"twitter:label1\" content=\"Escrito por\" \/>\n\t<meta name=\"twitter:data1\" content=\"webmolina\" \/>\n<script type=\"application\/ld+json\" class=\"yoast-schema-graph\">{\"@context\":\"https:\/\/schema.org\",\"@graph\":[{\"@type\":\"Article\",\"@id\":\"https:\/\/centresmolina.com\/centreensenyament\/es\/2016\/04\/18\/portes-obertes-per-a-cicles-formatius\/#article\",\"isPartOf\":{\"@id\":\"https:\/\/centresmolina.com\/centreensenyament\/es\/2016\/04\/18\/portes-obertes-per-a-cicles-formatius\/\"},\"author\":{\"name\":\"webmolina\",\"@id\":\"https:\/\/centresmolina.com\/centreensenyament\/#\/schema\/person\/308d85d274adff04b5c51d47e8aff6cc\"},\"headline\":\"Puertas Abiertas para Ciclos Formativos\",\"datePublished\":\"2016-04-18T13:28:11+00:00\",\"dateModified\":\"2016-04-22T05:21:10+00:00\",\"mainEntityOfPage\":{\"@id\":\"https:\/\/centresmolina.com\/centreensenyament\/es\/2016\/04\/18\/portes-obertes-per-a-cicles-formatius\/\"},\"wordCount\":77,\"commentCount\":0,\"image\":{\"@id\":\"https:\/\/centresmolina.com\/centreensenyament\/es\/2016\/04\/18\/portes-obertes-per-a-cicles-formatius\/#primaryimage\"},\"thumbnailUrl\":\"https:\/\/centresmolina.com\/centreensenyament\/files\/2016\/04\/unnamed.jpg\",\"keywords\":[\"aprenentatge @es\",\"centre de suport @es\",\"CFGM @es\",\"Cicles @es\",\"Cicles Formatius @es\",\"desenvolupament personal i acad\u00e8mic @es\",\"educaci\u00f3 @es\",\"educaci\u00f3 especial @es\",\"ensenyament @es\",\"Escola @es\",\"Escola Molina @es\",\"estil propi @es\",\"experi\u00e8ncia @es\",\"formaci\u00f3 @es\",\"Gesti\u00f3 Administrativa @es\",\"Molina @es\",\"nivells educatius @es\",\"orientaci\u00f3 acad\u00e8mica i professional @es\",\"Portes Obertes @es\",\"Preinscripci\u00f3 @es\"],\"articleSection\":[\"Noticias\"],\"inLanguage\":\"es\",\"potentialAction\":[{\"@type\":\"CommentAction\",\"name\":\"Comment\",\"target\":[\"https:\/\/centresmolina.com\/centreensenyament\/es\/2016\/04\/18\/portes-obertes-per-a-cicles-formatius\/#respond\"]}]},{\"@type\":\"WebPage\",\"@id\":\"https:\/\/centresmolina.com\/centreensenyament\/es\/2016\/04\/18\/portes-obertes-per-a-cicles-formatius\/\",\"url\":\"https:\/\/centresmolina.com\/centreensenyament\/es\/2016\/04\/18\/portes-obertes-per-a-cicles-formatius\/\",\"name\":\"Puertas Abiertas para Ciclos Formativos - Centros de ense\u00f1anza\",\"isPartOf\":{\"@id\":\"https:\/\/centresmolina.com\/centreensenyament\/#website\"},\"primaryImageOfPage\":{\"@id\":\"https:\/\/centresmolina.com\/centreensenyament\/es\/2016\/04\/18\/portes-obertes-per-a-cicles-formatius\/#primaryimage\"},\"image\":{\"@id\":\"https:\/\/centresmolina.com\/centreensenyament\/es\/2016\/04\/18\/portes-obertes-per-a-cicles-formatius\/#primaryimage\"},\"thumbnailUrl\":\"https:\/\/centresmolina.com\/centreensenyament\/files\/2016\/04\/unnamed.jpg\",\"datePublished\":\"2016-04-18T13:28:11+00:00\",\"dateModified\":\"2016-04-22T05:21:10+00:00\",\"author\":{\"@id\":\"https:\/\/centresmolina.com\/centreensenyament\/#\/schema\/person\/308d85d274adff04b5c51d47e8aff6cc\"},\"breadcrumb\":{\"@id\":\"https:\/\/centresmolina.com\/centreensenyament\/es\/2016\/04\/18\/portes-obertes-per-a-cicles-formatius\/#breadcrumb\"},\"inLanguage\":\"es\",\"potentialAction\":[{\"@type\":\"ReadAction\",\"target\":[\"https:\/\/centresmolina.com\/centreensenyament\/es\/2016\/04\/18\/portes-obertes-per-a-cicles-formatius\/\"]}]},{\"@type\":\"ImageObject\",\"inLanguage\":\"es\",\"@id\":\"https:\/\/centresmolina.com\/centreensenyament\/es\/2016\/04\/18\/portes-obertes-per-a-cicles-formatius\/#primaryimage\",\"url\":\"https:\/\/centresmolina.com\/centreensenyament\/files\/2016\/04\/unnamed.jpg\",\"contentUrl\":\"https:\/\/centresmolina.com\/centreensenyament\/files\/2016\/04\/unnamed.jpg\",\"width\":2480,\"height\":3508},{\"@type\":\"BreadcrumbList\",\"@id\":\"https:\/\/centresmolina.com\/centreensenyament\/es\/2016\/04\/18\/portes-obertes-per-a-cicles-formatius\/#breadcrumb\",\"itemListElement\":[{\"@type\":\"ListItem\",\"position\":1,\"name\":\"Portada\",\"item\":\"https:\/\/centresmolina.com\/centreensenyament\/es\/\"},{\"@type\":\"ListItem\",\"position\":2,\"name\":\"Puertas Abiertas para Ciclos Formativos\"}]},{\"@type\":\"WebSite\",\"@id\":\"https:\/\/centresmolina.com\/centreensenyament\/#website\",\"url\":\"https:\/\/centresmolina.com\/centreensenyament\/\",\"name\":\"Centros de ense\u00f1anza\",\"description\":\"Centres Molina - Centros de ense\u00f1anza\",\"potentialAction\":[{\"@type\":\"SearchAction\",\"target\":{\"@type\":\"EntryPoint\",\"urlTemplate\":\"https:\/\/centresmolina.com\/centreensenyament\/?s={search_term_string}\"},\"query-input\":{\"@type\":\"PropertyValueSpecification\",\"valueRequired\":true,\"valueName\":\"search_term_string\"}}],\"inLanguage\":\"es\"},{\"@type\":\"Person\",\"@id\":\"https:\/\/centresmolina.com\/centreensenyament\/#\/schema\/person\/308d85d274adff04b5c51d47e8aff6cc\",\"name\":\"webmolina\",\"image\":{\"@type\":\"ImageObject\",\"inLanguage\":\"es\",\"@id\":\"https:\/\/secure.gravatar.com\/avatar\/38db407e1ab9b284bf45e3bff4ec5cf1e034e364f09b2ee054619614662a717b?s=96&d=mm&r=g\",\"url\":\"https:\/\/secure.gravatar.com\/avatar\/38db407e1ab9b284bf45e3bff4ec5cf1e034e364f09b2ee054619614662a717b?s=96&d=mm&r=g\",\"contentUrl\":\"https:\/\/secure.gravatar.com\/avatar\/38db407e1ab9b284bf45e3bff4ec5cf1e034e364f09b2ee054619614662a717b?s=96&d=mm&r=g\",\"caption\":\"webmolina\"},\"url\":\"https:\/\/centresmolina.com\/centreensenyament\/es\/author\/webmolina\/\"}]}<\/script>\n<!-- \/ Yoast SEO plugin. -->","yoast_head_json":{"title":"Puertas Abiertas para Ciclos Formativos - Centros de ense\u00f1anza","robots":{"index":"index","follow":"follow","max-snippet":"max-snippet:-1","max-image-preview":"max-image-preview:large","max-video-preview":"max-video-preview:-1"},"canonical":"https:\/\/centresmolina.com\/centreensenyament\/es\/2016\/04\/18\/portes-obertes-per-a-cicles-formatius\/","og_locale":"es_ES","og_type":"article","og_title":"Puertas Abiertas para Ciclos Formativos - Centros de ense\u00f1anza","og_description":"Escuela Molina\u00a0quiere invitar a todos los que quieran cursar Ciclos Formativos de Grado Medio en Gesti\u00f3n Administrativa a\u00a0la jornada de...","og_url":"https:\/\/centresmolina.com\/centreensenyament\/es\/2016\/04\/18\/portes-obertes-per-a-cicles-formatius\/","og_site_name":"Centros de ense\u00f1anza","article_published_time":"2016-04-18T13:28:11+00:00","article_modified_time":"2016-04-22T05:21:10+00:00","og_image":[{"width":2480,"height":3508,"url":"https:\/\/centresmolina.com\/centreensenyament\/files\/2016\/04\/unnamed.jpg","type":"image\/jpeg"}],"author":"webmolina","twitter_misc":{"Escrito por":"webmolina"},"schema":{"@context":"https:\/\/schema.org","@graph":[{"@type":"Article","@id":"https:\/\/centresmolina.com\/centreensenyament\/es\/2016\/04\/18\/portes-obertes-per-a-cicles-formatius\/#article","isPartOf":{"@id":"https:\/\/centresmolina.com\/centreensenyament\/es\/2016\/04\/18\/portes-obertes-per-a-cicles-formatius\/"},"author":{"name":"webmolina","@id":"https:\/\/centresmolina.com\/centreensenyament\/#\/schema\/person\/308d85d274adff04b5c51d47e8aff6cc"},"headline":"Puertas Abiertas para Ciclos Formativos","datePublished":"2016-04-18T13:28:11+00:00","dateModified":"2016-04-22T05:21:10+00:00","mainEntityOfPage":{"@id":"https:\/\/centresmolina.com\/centreensenyament\/es\/2016\/04\/18\/portes-obertes-per-a-cicles-formatius\/"},"wordCount":77,"commentCount":0,"image":{"@id":"https:\/\/centresmolina.com\/centreensenyament\/es\/2016\/04\/18\/portes-obertes-per-a-cicles-formatius\/#primaryimage"},"thumbnailUrl":"https:\/\/centresmolina.com\/centreensenyament\/files\/2016\/04\/unnamed.jpg","keywords":["aprenentatge @es","centre de suport @es","CFGM @es","Cicles @es","Cicles Formatius @es","desenvolupament personal i acad\u00e8mic @es","educaci\u00f3 @es","educaci\u00f3 especial @es","ensenyament @es","Escola @es","Escola Molina @es","estil propi @es","experi\u00e8ncia @es","formaci\u00f3 @es","Gesti\u00f3 Administrativa @es","Molina @es","nivells educatius @es","orientaci\u00f3 acad\u00e8mica i professional @es","Portes Obertes @es","Preinscripci\u00f3 @es"],"articleSection":["Noticias"],"inLanguage":"es","potentialAction":[{"@type":"CommentAction","name":"Comment","target":["https:\/\/centresmolina.com\/centreensenyament\/es\/2016\/04\/18\/portes-obertes-per-a-cicles-formatius\/#respond"]}]},{"@type":"WebPage","@id":"https:\/\/centresmolina.com\/centreensenyament\/es\/2016\/04\/18\/portes-obertes-per-a-cicles-formatius\/","url":"https:\/\/centresmolina.com\/centreensenyament\/es\/2016\/04\/18\/portes-obertes-per-a-cicles-formatius\/","name":"Puertas Abiertas para Ciclos Formativos - Centros de ense\u00f1anza","isPartOf":{"@id":"https:\/\/centresmolina.com\/centreensenyament\/#website"},"primaryImageOfPage":{"@id":"https:\/\/centresmolina.com\/centreensenyament\/es\/2016\/04\/18\/portes-obertes-per-a-cicles-formatius\/#primaryimage"},"image":{"@id":"https:\/\/centresmolina.com\/centreensenyament\/es\/2016\/04\/18\/portes-obertes-per-a-cicles-formatius\/#primaryimage"},"thumbnailUrl":"https:\/\/centresmolina.com\/centreensenyament\/files\/2016\/04\/unnamed.jpg","datePublished":"2016-04-18T13:28:11+00:00","dateModified":"2016-04-22T05:21:10+00:00","author":{"@id":"https:\/\/centresmolina.com\/centreensenyament\/#\/schema\/person\/308d85d274adff04b5c51d47e8aff6cc"},"breadcrumb":{"@id":"https:\/\/centresmolina.com\/centreensenyament\/es\/2016\/04\/18\/portes-obertes-per-a-cicles-formatius\/#breadcrumb"},"inLanguage":"es","potentialAction":[{"@type":"ReadAction","target":["https:\/\/centresmolina.com\/centreensenyament\/es\/2016\/04\/18\/portes-obertes-per-a-cicles-formatius\/"]}]},{"@type":"ImageObject","inLanguage":"es","@id":"https:\/\/centresmolina.com\/centreensenyament\/es\/2016\/04\/18\/portes-obertes-per-a-cicles-formatius\/#primaryimage","url":"https:\/\/centresmolina.com\/centreensenyament\/files\/2016\/04\/unnamed.jpg","contentUrl":"https:\/\/centresmolina.com\/centreensenyament\/files\/2016\/04\/unnamed.jpg","width":2480,"height":3508},{"@type":"BreadcrumbList","@id":"https:\/\/centresmolina.com\/centreensenyament\/es\/2016\/04\/18\/portes-obertes-per-a-cicles-formatius\/#breadcrumb","itemListElement":[{"@type":"ListItem","position":1,"name":"Portada","item":"https:\/\/centresmolina.com\/centreensenyament\/es\/"},{"@type":"ListItem","position":2,"name":"Puertas Abiertas para Ciclos Formativos"}]},{"@type":"WebSite","@id":"https:\/\/centresmolina.com\/centreensenyament\/#website","url":"https:\/\/centresmolina.com\/centreensenyament\/","name":"Centros de ense\u00f1anza","description":"Centres Molina - Centros de ense\u00f1anza","potentialAction":[{"@type":"SearchAction","target":{"@type":"EntryPoint","urlTemplate":"https:\/\/centresmolina.com\/centreensenyament\/?s={search_term_string}"},"query-input":{"@type":"PropertyValueSpecification","valueRequired":true,"valueName":"search_term_string"}}],"inLanguage":"es"},{"@type":"Person","@id":"https:\/\/centresmolina.com\/centreensenyament\/#\/schema\/person\/308d85d274adff04b5c51d47e8aff6cc","name":"webmolina","image":{"@type":"ImageObject","inLanguage":"es","@id":"https:\/\/secure.gravatar.com\/avatar\/38db407e1ab9b284bf45e3bff4ec5cf1e034e364f09b2ee054619614662a717b?s=96&d=mm&r=g","url":"https:\/\/secure.gravatar.com\/avatar\/38db407e1ab9b284bf45e3bff4ec5cf1e034e364f09b2ee054619614662a717b?s=96&d=mm&r=g","contentUrl":"https:\/\/secure.gravatar.com\/avatar\/38db407e1ab9b284bf45e3bff4ec5cf1e034e364f09b2ee054619614662a717b?s=96&d=mm&r=g","caption":"webmolina"},"url":"https:\/\/centresmolina.com\/centreensenyament\/es\/author\/webmolina\/"}]}},"_links":{"self":[{"href":"https:\/\/centresmolina.com\/centreensenyament\/es\/wp-json\/wp\/v2\/posts\/2197\/"}],"collection":[{"href":"https:\/\/centresmolina.com\/centreensenyament\/es\/wp-json\/wp\/v2\/posts\/"}],"about":[{"href":"https:\/\/centresmolina.com\/centreensenyament\/es\/wp-json\/wp\/v2\/types\/post\/"}],"author":[{"embeddable":true,"href":"https:\/\/centresmolina.com\/centreensenyament\/es\/wp-json\/wp\/v2\/users\/3\/"}],"replies":[{"embeddable":true,"href":"https:\/\/centresmolina.com\/centreensenyament\/es\/wp-json\/wp\/v2\/comments\/?post=2197"}],"version-history":[{"count":6,"href":"https:\/\/centresmolina.com\/centreensenyament\/es\/wp-json\/wp\/v2\/posts\/2197\/revisions\/"}],"predecessor-version":[{"id":2204,"href":"https:\/\/centresmolina.com\/centreensenyament\/es\/wp-json\/wp\/v2\/posts\/2197\/revisions\/2204\/"}],"wp:featuredmedia":[{"embeddable":true,"href":"https:\/\/centresmolina.com\/centreensenyament\/es\/wp-json\/wp\/v2\/media\/2195\/"}],"wp:attachment":[{"href":"https:\/\/centresmolina.com\/centreensenyament\/es\/wp-json\/wp\/v2\/media\/?parent=2197"}],"wp:term":[{"taxonomy":"category","embeddable":true,"href":"https:\/\/centresmolina.com\/centreensenyament\/es\/wp-json\/wp\/v2\/categories\/?post=2197"},{"taxonomy":"post_tag","embeddable":true,"href":"https:\/\/centresmolina.com\/centreensenyament\/es\/wp-json\/wp\/v2\/tags\/?post=2197"}],"curies":[{"name":"wp","href":"https:\/\/api.w.org\/{rel}","templated":true}]}}