{"id":22470,"date":"2026-01-29T13:04:33","date_gmt":"2026-01-29T13:04:33","guid":{"rendered":"https:\/\/centresmolina.com\/centreensenyament\/?p=22470"},"modified":"2026-01-29T13:07:18","modified_gmt":"2026-01-29T13:07:18","slug":"primer-reto-de-robotica-educativa-en-2o-de-eso-sale-del-laberinto","status":"publish","type":"post","link":"https:\/\/centresmolina.com\/centreensenyament\/es\/2026\/01\/29\/primer-reto-de-robotica-educativa-en-2o-de-eso-sale-del-laberinto\/","title":{"rendered":"Primer reto de rob\u00f3tica educativa en 2\u00ba de ESO: \u00a1Sal del laberinto!"},"content":{"rendered":"<p>En <strong>1\u00ba de ESO<\/strong>, el alumnado se inici\u00f3 en la <strong>programaci\u00f3n en bloques<\/strong> mediante actividades del <strong>Hour of Cod<\/strong>e, una iniciativa internacional que promueve el aprendizaje del pensamiento computacional a trav\u00e9s de retos sencillos, visuales y accesibles basados \u200b\u200ben entornos similares a Scratch.<\/p>\n<p>Estas actividades permiten trabajar conceptos clave como las <strong>secuencias<\/strong> y <strong>eventos<\/strong>, sin necesidad de conocimientos previos en programaci\u00f3n.<\/p>\n<p>En <strong>2\u00ba de ESO<\/strong>, hemos dado un paso m\u00e1s y hemos trasladado estos aprendizajes a la <strong>rob\u00f3tica educativa<\/strong>, utilizando el <strong>robot mBot2<\/strong> y program\u00e1ndolo tambi\u00e9n con bloques, pero en un entorno f\u00edsico y real.<\/p>\n<p>\ud83e\udde9 <strong>Reto 1: dise\u00f1o y resoluci\u00f3n de un laberinto<\/strong><\/p>\n<p>La clase se ha organizado en <strong>8 grupos de trabajo<\/strong>. Cada grupo ha tenido que:<\/p>\n<p>* <strong>dise\u00f1ar<\/strong> su propio laberinto<br \/>\n* programar el robot para que lo recorra correctamente<br \/>\n* utilizar de manera adecuada los <strong>bloques de movimiento<\/strong> del mBot2<\/p>\n<p>El objetivo principal del reto era <strong>practicar y consolidar el control del movimiento del robot<\/strong>, poniendo \u00e9nfasis en el orden de las instrucciones, precisi\u00f3n y correcci\u00f3n de errores.<\/p>\n<p>Adem\u00e1s, algunos grupos han <strong>ampliado<\/strong> el reto a\u00f1adiendo elementos creativos como:<\/p>\n<p>* <strong>mensajes visuales<\/strong>\u00a0en la pantalla del robot<br \/>\n* <strong>sonidos\u00a0<\/strong>durante el recorrido<br \/>\n* <strong>luces traseras<\/strong> programadas como intermitentes, simulando el funcionamiento de un veh\u00edculo real<\/p>\n<p>Este trabajo ha favorecido el<strong> trabajo cooperativo<\/strong>, la <strong>resoluci\u00f3n de problemas<\/strong> y la <strong>creatividad<\/strong>, adem\u00e1s de reforzar las bases de la programaci\u00f3n.<\/p>\n<p>\ud83d\udd1c <strong>Pr\u00f3ximo reto: introducci\u00f3n de los sensores<\/strong><\/p>\n<p>El <strong>segundo reto<\/strong> partir\u00e1 de esta primera programaci\u00f3n, pero incorporar\u00e1 el uso de <strong>sensores<\/strong>, lo que permitir\u00e1 que los robots tomen decisiones seg\u00fan su entorno y avanzar hacia comportamientos m\u00e1s aut\u00f3nomos.<\/p>\n<p>A continuaci\u00f3n se pueden ver los v\u00eddeos de cada grupo, donde se muestra el funcionamiento de los robots y laberintos dise\u00f1ados.<\/p>\n<p><iframe loading=\"lazy\" title=\"Repte: Surt del laberint! - Grup 1\" width=\"422\" height=\"750\" src=\"https:\/\/www.youtube.com\/embed\/sUwvV3eW6jw?feature=oembed\" frameborder=\"0\" allow=\"accelerometer; autoplay; clipboard-write; encrypted-media; gyroscope; picture-in-picture; web-share\" referrerpolicy=\"strict-origin-when-cross-origin\" allowfullscreen><\/iframe><\/p>\n<p><iframe loading=\"lazy\" title=\"Repte: Surt del laberint! - Grup 2\" width=\"422\" height=\"750\" src=\"https:\/\/www.youtube.com\/embed\/fWIcyTKcQtA?feature=oembed\" frameborder=\"0\" allow=\"accelerometer; autoplay; clipboard-write; encrypted-media; gyroscope; picture-in-picture; web-share\" referrerpolicy=\"strict-origin-when-cross-origin\" allowfullscreen><\/iframe><\/p>\n<p><iframe loading=\"lazy\" title=\"Repte: Surt del laberint! - Grup 3\" width=\"422\" height=\"750\" src=\"https:\/\/www.youtube.com\/embed\/uZUR6o5tpRk?feature=oembed\" frameborder=\"0\" allow=\"accelerometer; autoplay; clipboard-write; encrypted-media; gyroscope; picture-in-picture; web-share\" referrerpolicy=\"strict-origin-when-cross-origin\" allowfullscreen><\/iframe><\/p>\n<p><iframe loading=\"lazy\" title=\"Repte: Surt del laberint! - Grup 4\" width=\"422\" height=\"750\" src=\"https:\/\/www.youtube.com\/embed\/IdNLgTv24pg?feature=oembed\" frameborder=\"0\" allow=\"accelerometer; autoplay; clipboard-write; encrypted-media; gyroscope; picture-in-picture; web-share\" referrerpolicy=\"strict-origin-when-cross-origin\" allowfullscreen><\/iframe><\/p>\n<p><iframe loading=\"lazy\" title=\"Repte: Surt del laberint! - Grup 5\" width=\"422\" height=\"750\" src=\"https:\/\/www.youtube.com\/embed\/OnLjPgl31h8?feature=oembed\" frameborder=\"0\" allow=\"accelerometer; autoplay; clipboard-write; encrypted-media; gyroscope; picture-in-picture; web-share\" referrerpolicy=\"strict-origin-when-cross-origin\" allowfullscreen><\/iframe><\/p>\n<p><iframe loading=\"lazy\" title=\"Repte: Surt del laberint! - Grup 6\" width=\"422\" height=\"750\" src=\"https:\/\/www.youtube.com\/embed\/i6P7mgxhH84?feature=oembed\" frameborder=\"0\" allow=\"accelerometer; autoplay; clipboard-write; encrypted-media; gyroscope; picture-in-picture; web-share\" referrerpolicy=\"strict-origin-when-cross-origin\" allowfullscreen><\/iframe><\/p>\n<p><iframe loading=\"lazy\" title=\"Repte: Surt del laberint! - Grup 7\" width=\"422\" height=\"750\" src=\"https:\/\/www.youtube.com\/embed\/Z_OMqgrEwzI?feature=oembed\" frameborder=\"0\" allow=\"accelerometer; autoplay; clipboard-write; encrypted-media; gyroscope; picture-in-picture; web-share\" referrerpolicy=\"strict-origin-when-cross-origin\" allowfullscreen><\/iframe><\/p>\n<p><iframe loading=\"lazy\" title=\"Repte: Surt del laberint! - Grup 8\" width=\"422\" height=\"750\" src=\"https:\/\/www.youtube.com\/embed\/GTDusZbZIpE?feature=oembed\" frameborder=\"0\" allow=\"accelerometer; autoplay; clipboard-write; encrypted-media; gyroscope; picture-in-picture; web-share\" referrerpolicy=\"strict-origin-when-cross-origin\" allowfullscreen><\/iframe><\/p>\n","protected":false},"excerpt":{"rendered":"<p>En 1\u00ba de ESO, el alumnado se inici\u00f3 en la programaci\u00f3n en bloques mediante actividades del Hour of Code, una&#8230;<\/p>\n","protected":false},"author":1,"featured_media":22390,"comment_status":"closed","ping_status":"closed","sticky":false,"template":"","format":"standard","meta":{"footnotes":""},"categories":[15,15],"tags":[89,89,2939,2939,69,69,197,197,75,75,62,62,64,64,60,60,23,23,34,34,74,74,72,72,61,61,173,173,29,29,67,67],"class_list":{"0":"post-22470","1":"post","2":"type-post","3":"status-publish","4":"format-standard","5":"has-post-thumbnail","6":"hentry","7":"category-noticias-2","9":"tag-2n-deso-es","11":"tag-aprenentage-es","13":"tag-aprenentatge-es","15":"tag-barcelona-es","17":"tag-desenvolupament-personal-i-academic-es","19":"tag-educacio-es","21":"tag-educacio-secundaria-obligatoria-es","23":"tag-escola-es","25":"tag-escola-molina-es","27":"tag-eso-es","29":"tag-estil-propi-es","31":"tag-experiencia-es","33":"tag-molina-es","35":"tag-nou-barris-es","37":"tag-robotica-es","39":"tag-tecnologia-es"},"yoast_head":"<!-- This site is optimized with the Yoast SEO plugin v27.2 - https:\/\/yoast.com\/product\/yoast-seo-wordpress\/ -->\n<title>Primer reto de rob\u00f3tica educativa en 2\u00ba de ESO: \u00a1Sal del laberinto! - Centros de ense\u00f1anza<\/title>\n<meta name=\"robots\" content=\"index, follow, max-snippet:-1, max-image-preview:large, max-video-preview:-1\" \/>\n<link rel=\"canonical\" href=\"https:\/\/centresmolina.com\/centreensenyament\/es\/2026\/01\/29\/primer-reto-de-robotica-educativa-en-2o-de-eso-sale-del-laberinto\/\" \/>\n<meta property=\"og:locale\" content=\"es_ES\" \/>\n<meta property=\"og:type\" content=\"article\" \/>\n<meta property=\"og:title\" content=\"Primer reto de rob\u00f3tica educativa en 2\u00ba de ESO: \u00a1Sal del laberinto! - Centros de ense\u00f1anza\" \/>\n<meta property=\"og:description\" content=\"En 1\u00ba de ESO, el alumnado se inici\u00f3 en la programaci\u00f3n en bloques mediante actividades del Hour of Code, una...\" \/>\n<meta property=\"og:url\" content=\"https:\/\/centresmolina.com\/centreensenyament\/es\/2026\/01\/29\/primer-reto-de-robotica-educativa-en-2o-de-eso-sale-del-laberinto\/\" \/>\n<meta property=\"og:site_name\" content=\"Centros de ense\u00f1anza\" \/>\n<meta property=\"article:published_time\" content=\"2026-01-29T13:04:33+00:00\" \/>\n<meta property=\"article:modified_time\" content=\"2026-01-29T13:07:18+00:00\" \/>\n<meta property=\"og:image\" content=\"http:\/\/centresmolina.com\/centreensenyament\/files\/2026\/01\/Repte-1-robots.jpg\" \/>\n\t<meta property=\"og:image:width\" content=\"1280\" \/>\n\t<meta property=\"og:image:height\" content=\"721\" \/>\n\t<meta property=\"og:image:type\" content=\"image\/jpeg\" \/>\n<meta name=\"author\" content=\"admin\" \/>\n<meta name=\"twitter:label1\" content=\"Escrito por\" \/>\n\t<meta name=\"twitter:data1\" content=\"admin\" \/>\n\t<meta name=\"twitter:label2\" content=\"Tiempo de lectura\" \/>\n\t<meta name=\"twitter:data2\" content=\"2 minutos\" \/>\n<script type=\"application\/ld+json\" class=\"yoast-schema-graph\">{\"@context\":\"https:\/\/schema.org\",\"@graph\":[{\"@type\":\"Article\",\"@id\":\"https:\/\/centresmolina.com\/centreensenyament\/es\/2026\/01\/29\/primer-reto-de-robotica-educativa-en-2o-de-eso-sale-del-laberinto\/#article\",\"isPartOf\":{\"@id\":\"https:\/\/centresmolina.com\/centreensenyament\/es\/2026\/01\/29\/primer-reto-de-robotica-educativa-en-2o-de-eso-sale-del-laberinto\/\"},\"author\":{\"name\":\"admin\",\"@id\":\"https:\/\/centresmolina.com\/centreensenyament\/#\/schema\/person\/708769d47ecd01f5140f36e96d68031b\"},\"headline\":\"Primer reto de rob\u00f3tica educativa en 2\u00ba de ESO: \u00a1Sal del laberinto!\",\"datePublished\":\"2026-01-29T13:04:33+00:00\",\"dateModified\":\"2026-01-29T13:07:18+00:00\",\"mainEntityOfPage\":{\"@id\":\"https:\/\/centresmolina.com\/centreensenyament\/es\/2026\/01\/29\/primer-reto-de-robotica-educativa-en-2o-de-eso-sale-del-laberinto\/\"},\"wordCount\":387,\"image\":{\"@id\":\"https:\/\/centresmolina.com\/centreensenyament\/es\/2026\/01\/29\/primer-reto-de-robotica-educativa-en-2o-de-eso-sale-del-laberinto\/#primaryimage\"},\"thumbnailUrl\":\"https:\/\/centresmolina.com\/centreensenyament\/files\/2026\/01\/Repte-1-robots.jpg\",\"keywords\":[\"2n d'ESO @es\",\"2n d'ESO @es\",\"Aprenentage\",\"Aprenentage\",\"aprenentatge @es\",\"aprenentatge @es\",\"Barcelona\",\"Barcelona\",\"desenvolupament personal i acad\u00e8mic @es\",\"desenvolupament personal i acad\u00e8mic @es\",\"educaci\u00f3 @es\",\"educaci\u00f3 @es\",\"educaci\u00f3 secund\u00e0ria obligat\u00f2ria @es\",\"educaci\u00f3 secund\u00e0ria obligat\u00f2ria @es\",\"Escola @es\",\"Escola @es\",\"Escola Molina @es\",\"Escola Molina @es\",\"ESO @es\",\"ESO @es\",\"estil propi @es\",\"estil propi @es\",\"experi\u00e8ncia @es\",\"experi\u00e8ncia @es\",\"Molina @es\",\"Molina @es\",\"Nou Barris\",\"Nou Barris\",\"Rob\u00f2tica @es\",\"Rob\u00f2tica @es\",\"tecnologia @es\",\"tecnologia @es\"],\"articleSection\":[\"Noticias\",\"Noticias\"],\"inLanguage\":\"es\"},{\"@type\":\"WebPage\",\"@id\":\"https:\/\/centresmolina.com\/centreensenyament\/es\/2026\/01\/29\/primer-reto-de-robotica-educativa-en-2o-de-eso-sale-del-laberinto\/\",\"url\":\"https:\/\/centresmolina.com\/centreensenyament\/es\/2026\/01\/29\/primer-reto-de-robotica-educativa-en-2o-de-eso-sale-del-laberinto\/\",\"name\":\"Primer reto de rob\u00f3tica educativa en 2\u00ba de ESO: \u00a1Sal del laberinto! - Centros de ense\u00f1anza\",\"isPartOf\":{\"@id\":\"https:\/\/centresmolina.com\/centreensenyament\/#website\"},\"primaryImageOfPage\":{\"@id\":\"https:\/\/centresmolina.com\/centreensenyament\/es\/2026\/01\/29\/primer-reto-de-robotica-educativa-en-2o-de-eso-sale-del-laberinto\/#primaryimage\"},\"image\":{\"@id\":\"https:\/\/centresmolina.com\/centreensenyament\/es\/2026\/01\/29\/primer-reto-de-robotica-educativa-en-2o-de-eso-sale-del-laberinto\/#primaryimage\"},\"thumbnailUrl\":\"https:\/\/centresmolina.com\/centreensenyament\/files\/2026\/01\/Repte-1-robots.jpg\",\"datePublished\":\"2026-01-29T13:04:33+00:00\",\"dateModified\":\"2026-01-29T13:07:18+00:00\",\"author\":{\"@id\":\"https:\/\/centresmolina.com\/centreensenyament\/#\/schema\/person\/708769d47ecd01f5140f36e96d68031b\"},\"breadcrumb\":{\"@id\":\"https:\/\/centresmolina.com\/centreensenyament\/es\/2026\/01\/29\/primer-reto-de-robotica-educativa-en-2o-de-eso-sale-del-laberinto\/#breadcrumb\"},\"inLanguage\":\"es\",\"potentialAction\":[{\"@type\":\"ReadAction\",\"target\":[\"https:\/\/centresmolina.com\/centreensenyament\/es\/2026\/01\/29\/primer-reto-de-robotica-educativa-en-2o-de-eso-sale-del-laberinto\/\"]}]},{\"@type\":\"ImageObject\",\"inLanguage\":\"es\",\"@id\":\"https:\/\/centresmolina.com\/centreensenyament\/es\/2026\/01\/29\/primer-reto-de-robotica-educativa-en-2o-de-eso-sale-del-laberinto\/#primaryimage\",\"url\":\"https:\/\/centresmolina.com\/centreensenyament\/files\/2026\/01\/Repte-1-robots.jpg\",\"contentUrl\":\"https:\/\/centresmolina.com\/centreensenyament\/files\/2026\/01\/Repte-1-robots.jpg\",\"width\":1280,\"height\":721},{\"@type\":\"BreadcrumbList\",\"@id\":\"https:\/\/centresmolina.com\/centreensenyament\/es\/2026\/01\/29\/primer-reto-de-robotica-educativa-en-2o-de-eso-sale-del-laberinto\/#breadcrumb\",\"itemListElement\":[{\"@type\":\"ListItem\",\"position\":1,\"name\":\"Portada\",\"item\":\"https:\/\/centresmolina.com\/centreensenyament\/es\/\"},{\"@type\":\"ListItem\",\"position\":2,\"name\":\"Primer reto de rob\u00f3tica educativa en 2\u00ba de ESO: \u00a1Sal del laberinto!\"}]},{\"@type\":\"WebSite\",\"@id\":\"https:\/\/centresmolina.com\/centreensenyament\/#website\",\"url\":\"https:\/\/centresmolina.com\/centreensenyament\/\",\"name\":\"Centros de ense\u00f1anza\",\"description\":\"Centres Molina - Centros de ense\u00f1anza\",\"potentialAction\":[{\"@type\":\"SearchAction\",\"target\":{\"@type\":\"EntryPoint\",\"urlTemplate\":\"https:\/\/centresmolina.com\/centreensenyament\/?s={search_term_string}\"},\"query-input\":{\"@type\":\"PropertyValueSpecification\",\"valueRequired\":true,\"valueName\":\"search_term_string\"}}],\"inLanguage\":\"es\"},{\"@type\":\"Person\",\"@id\":\"https:\/\/centresmolina.com\/centreensenyament\/#\/schema\/person\/708769d47ecd01f5140f36e96d68031b\",\"name\":\"admin\",\"image\":{\"@type\":\"ImageObject\",\"inLanguage\":\"es\",\"@id\":\"https:\/\/secure.gravatar.com\/avatar\/bc0924690544a330a276ffa283d886b19cf99625d7aec1f282263d3e9088f3e8?s=96&d=mm&r=g\",\"url\":\"https:\/\/secure.gravatar.com\/avatar\/bc0924690544a330a276ffa283d886b19cf99625d7aec1f282263d3e9088f3e8?s=96&d=mm&r=g\",\"contentUrl\":\"https:\/\/secure.gravatar.com\/avatar\/bc0924690544a330a276ffa283d886b19cf99625d7aec1f282263d3e9088f3e8?s=96&d=mm&r=g\",\"caption\":\"admin\"},\"url\":\"https:\/\/centresmolina.com\/centreensenyament\/es\/author\/admin\/\"}]}<\/script>\n<!-- \/ Yoast SEO plugin. -->","yoast_head_json":{"title":"Primer reto de rob\u00f3tica educativa en 2\u00ba de ESO: \u00a1Sal del laberinto! - Centros de ense\u00f1anza","robots":{"index":"index","follow":"follow","max-snippet":"max-snippet:-1","max-image-preview":"max-image-preview:large","max-video-preview":"max-video-preview:-1"},"canonical":"https:\/\/centresmolina.com\/centreensenyament\/es\/2026\/01\/29\/primer-reto-de-robotica-educativa-en-2o-de-eso-sale-del-laberinto\/","og_locale":"es_ES","og_type":"article","og_title":"Primer reto de rob\u00f3tica educativa en 2\u00ba de ESO: \u00a1Sal del laberinto! - Centros de ense\u00f1anza","og_description":"En 1\u00ba de ESO, el alumnado se inici\u00f3 en la programaci\u00f3n en bloques mediante actividades del Hour of Code, una...","og_url":"https:\/\/centresmolina.com\/centreensenyament\/es\/2026\/01\/29\/primer-reto-de-robotica-educativa-en-2o-de-eso-sale-del-laberinto\/","og_site_name":"Centros de ense\u00f1anza","article_published_time":"2026-01-29T13:04:33+00:00","article_modified_time":"2026-01-29T13:07:18+00:00","og_image":[{"width":1280,"height":721,"url":"http:\/\/centresmolina.com\/centreensenyament\/files\/2026\/01\/Repte-1-robots.jpg","type":"image\/jpeg"}],"author":"admin","twitter_misc":{"Escrito por":"admin","Tiempo de lectura":"2 minutos"},"schema":{"@context":"https:\/\/schema.org","@graph":[{"@type":"Article","@id":"https:\/\/centresmolina.com\/centreensenyament\/es\/2026\/01\/29\/primer-reto-de-robotica-educativa-en-2o-de-eso-sale-del-laberinto\/#article","isPartOf":{"@id":"https:\/\/centresmolina.com\/centreensenyament\/es\/2026\/01\/29\/primer-reto-de-robotica-educativa-en-2o-de-eso-sale-del-laberinto\/"},"author":{"name":"admin","@id":"https:\/\/centresmolina.com\/centreensenyament\/#\/schema\/person\/708769d47ecd01f5140f36e96d68031b"},"headline":"Primer reto de rob\u00f3tica educativa en 2\u00ba de ESO: \u00a1Sal del laberinto!","datePublished":"2026-01-29T13:04:33+00:00","dateModified":"2026-01-29T13:07:18+00:00","mainEntityOfPage":{"@id":"https:\/\/centresmolina.com\/centreensenyament\/es\/2026\/01\/29\/primer-reto-de-robotica-educativa-en-2o-de-eso-sale-del-laberinto\/"},"wordCount":387,"image":{"@id":"https:\/\/centresmolina.com\/centreensenyament\/es\/2026\/01\/29\/primer-reto-de-robotica-educativa-en-2o-de-eso-sale-del-laberinto\/#primaryimage"},"thumbnailUrl":"https:\/\/centresmolina.com\/centreensenyament\/files\/2026\/01\/Repte-1-robots.jpg","keywords":["2n d'ESO @es","2n d'ESO @es","Aprenentage","Aprenentage","aprenentatge @es","aprenentatge @es","Barcelona","Barcelona","desenvolupament personal i acad\u00e8mic @es","desenvolupament personal i acad\u00e8mic @es","educaci\u00f3 @es","educaci\u00f3 @es","educaci\u00f3 secund\u00e0ria obligat\u00f2ria @es","educaci\u00f3 secund\u00e0ria obligat\u00f2ria @es","Escola @es","Escola @es","Escola Molina @es","Escola Molina @es","ESO @es","ESO @es","estil propi @es","estil propi @es","experi\u00e8ncia @es","experi\u00e8ncia @es","Molina @es","Molina @es","Nou Barris","Nou Barris","Rob\u00f2tica @es","Rob\u00f2tica @es","tecnologia @es","tecnologia @es"],"articleSection":["Noticias","Noticias"],"inLanguage":"es"},{"@type":"WebPage","@id":"https:\/\/centresmolina.com\/centreensenyament\/es\/2026\/01\/29\/primer-reto-de-robotica-educativa-en-2o-de-eso-sale-del-laberinto\/","url":"https:\/\/centresmolina.com\/centreensenyament\/es\/2026\/01\/29\/primer-reto-de-robotica-educativa-en-2o-de-eso-sale-del-laberinto\/","name":"Primer reto de rob\u00f3tica educativa en 2\u00ba de ESO: \u00a1Sal del laberinto! - Centros de ense\u00f1anza","isPartOf":{"@id":"https:\/\/centresmolina.com\/centreensenyament\/#website"},"primaryImageOfPage":{"@id":"https:\/\/centresmolina.com\/centreensenyament\/es\/2026\/01\/29\/primer-reto-de-robotica-educativa-en-2o-de-eso-sale-del-laberinto\/#primaryimage"},"image":{"@id":"https:\/\/centresmolina.com\/centreensenyament\/es\/2026\/01\/29\/primer-reto-de-robotica-educativa-en-2o-de-eso-sale-del-laberinto\/#primaryimage"},"thumbnailUrl":"https:\/\/centresmolina.com\/centreensenyament\/files\/2026\/01\/Repte-1-robots.jpg","datePublished":"2026-01-29T13:04:33+00:00","dateModified":"2026-01-29T13:07:18+00:00","author":{"@id":"https:\/\/centresmolina.com\/centreensenyament\/#\/schema\/person\/708769d47ecd01f5140f36e96d68031b"},"breadcrumb":{"@id":"https:\/\/centresmolina.com\/centreensenyament\/es\/2026\/01\/29\/primer-reto-de-robotica-educativa-en-2o-de-eso-sale-del-laberinto\/#breadcrumb"},"inLanguage":"es","potentialAction":[{"@type":"ReadAction","target":["https:\/\/centresmolina.com\/centreensenyament\/es\/2026\/01\/29\/primer-reto-de-robotica-educativa-en-2o-de-eso-sale-del-laberinto\/"]}]},{"@type":"ImageObject","inLanguage":"es","@id":"https:\/\/centresmolina.com\/centreensenyament\/es\/2026\/01\/29\/primer-reto-de-robotica-educativa-en-2o-de-eso-sale-del-laberinto\/#primaryimage","url":"https:\/\/centresmolina.com\/centreensenyament\/files\/2026\/01\/Repte-1-robots.jpg","contentUrl":"https:\/\/centresmolina.com\/centreensenyament\/files\/2026\/01\/Repte-1-robots.jpg","width":1280,"height":721},{"@type":"BreadcrumbList","@id":"https:\/\/centresmolina.com\/centreensenyament\/es\/2026\/01\/29\/primer-reto-de-robotica-educativa-en-2o-de-eso-sale-del-laberinto\/#breadcrumb","itemListElement":[{"@type":"ListItem","position":1,"name":"Portada","item":"https:\/\/centresmolina.com\/centreensenyament\/es\/"},{"@type":"ListItem","position":2,"name":"Primer reto de rob\u00f3tica educativa en 2\u00ba de ESO: \u00a1Sal del laberinto!"}]},{"@type":"WebSite","@id":"https:\/\/centresmolina.com\/centreensenyament\/#website","url":"https:\/\/centresmolina.com\/centreensenyament\/","name":"Centros de ense\u00f1anza","description":"Centres Molina - Centros de ense\u00f1anza","potentialAction":[{"@type":"SearchAction","target":{"@type":"EntryPoint","urlTemplate":"https:\/\/centresmolina.com\/centreensenyament\/?s={search_term_string}"},"query-input":{"@type":"PropertyValueSpecification","valueRequired":true,"valueName":"search_term_string"}}],"inLanguage":"es"},{"@type":"Person","@id":"https:\/\/centresmolina.com\/centreensenyament\/#\/schema\/person\/708769d47ecd01f5140f36e96d68031b","name":"admin","image":{"@type":"ImageObject","inLanguage":"es","@id":"https:\/\/secure.gravatar.com\/avatar\/bc0924690544a330a276ffa283d886b19cf99625d7aec1f282263d3e9088f3e8?s=96&d=mm&r=g","url":"https:\/\/secure.gravatar.com\/avatar\/bc0924690544a330a276ffa283d886b19cf99625d7aec1f282263d3e9088f3e8?s=96&d=mm&r=g","contentUrl":"https:\/\/secure.gravatar.com\/avatar\/bc0924690544a330a276ffa283d886b19cf99625d7aec1f282263d3e9088f3e8?s=96&d=mm&r=g","caption":"admin"},"url":"https:\/\/centresmolina.com\/centreensenyament\/es\/author\/admin\/"}]}},"_links":{"self":[{"href":"https:\/\/centresmolina.com\/centreensenyament\/es\/wp-json\/wp\/v2\/posts\/22470\/"}],"collection":[{"href":"https:\/\/centresmolina.com\/centreensenyament\/es\/wp-json\/wp\/v2\/posts\/"}],"about":[{"href":"https:\/\/centresmolina.com\/centreensenyament\/es\/wp-json\/wp\/v2\/types\/post\/"}],"author":[{"embeddable":true,"href":"https:\/\/centresmolina.com\/centreensenyament\/es\/wp-json\/wp\/v2\/users\/1\/"}],"replies":[{"embeddable":true,"href":"https:\/\/centresmolina.com\/centreensenyament\/es\/wp-json\/wp\/v2\/comments\/?post=22470"}],"version-history":[{"count":3,"href":"https:\/\/centresmolina.com\/centreensenyament\/es\/wp-json\/wp\/v2\/posts\/22470\/revisions\/"}],"predecessor-version":[{"id":22473,"href":"https:\/\/centresmolina.com\/centreensenyament\/es\/wp-json\/wp\/v2\/posts\/22470\/revisions\/22473\/"}],"wp:featuredmedia":[{"embeddable":true,"href":"https:\/\/centresmolina.com\/centreensenyament\/es\/wp-json\/wp\/v2\/media\/22390\/"}],"wp:attachment":[{"href":"https:\/\/centresmolina.com\/centreensenyament\/es\/wp-json\/wp\/v2\/media\/?parent=22470"}],"wp:term":[{"taxonomy":"category","embeddable":true,"href":"https:\/\/centresmolina.com\/centreensenyament\/es\/wp-json\/wp\/v2\/categories\/?post=22470"},{"taxonomy":"post_tag","embeddable":true,"href":"https:\/\/centresmolina.com\/centreensenyament\/es\/wp-json\/wp\/v2\/tags\/?post=22470"}],"curies":[{"name":"wp","href":"https:\/\/api.w.org\/{rel}","templated":true}]}}