{"id":2475,"date":"2016-05-27T10:03:03","date_gmt":"2016-05-27T10:03:03","guid":{"rendered":"http:\/\/centresmolina.com\/centreensenyament\/2016\/05\/23\/setmana-cultural-esport-i-vida-sana-2\/"},"modified":"2016-05-30T20:26:14","modified_gmt":"2016-05-30T20:26:14","slug":"setmana-cultural-esport-i-vida-sana","status":"publish","type":"post","link":"https:\/\/centresmolina.com\/centreensenyament\/es\/2016\/05\/27\/setmana-cultural-esport-i-vida-sana\/","title":{"rendered":"SEMANA CULTURAL &#8211; DEPORTE Y VIDA SANA"},"content":{"rendered":"<p>Nuestra escuela ha celebrado, la semana del 23 al 27 de mayo, la Semana Cultural del deporte y la vida sana.<\/p>\n<p style=\"text-align: center\">\u00abMens sana in corpore sano ! \u00ab<\/p>\n\n\t\t<style type=\"text\/css\">\n\t\t\t#gallery-1 {\n\t\t\t\tmargin: auto;\n\t\t\t}\n\t\t\t#gallery-1 .gallery-item {\n\t\t\t\tfloat: left;\n\t\t\t\tmargin-top: 10px;\n\t\t\t\ttext-align: center;\n\t\t\t\twidth: 100%;\n\t\t\t}\n\t\t\t#gallery-1 img {\n\t\t\t\tborder: 2px solid #cfcfcf;\n\t\t\t}\n\t\t\t#gallery-1 .gallery-caption {\n\t\t\t\tmargin-left: 0;\n\t\t\t}\n\t\t\t\/* see gallery_shortcode() in wp-includes\/media.php *\/\n\t\t<\/style>\n\t\t<div id='gallery-1' class='gallery galleryid-2475 gallery-columns-1 gallery-size-full'><dl class='gallery-item'>\n\t\t\t<dt class='gallery-icon landscape'>\n\t\t\t\t<a href='https:\/\/centresmolina.com\/centreensenyament\/es\/setmana-cultural-esport-i-vida-sana-1\/'><img loading=\"lazy\" decoding=\"async\" width=\"1280\" height=\"960\" src=\"https:\/\/centresmolina.com\/centreensenyament\/files\/2016\/05\/SETMANA-CULTURAL-ESPORT-I-VIDA-SANA-1.jpg\" class=\"attachment-full size-full\" alt=\"\" srcset=\"https:\/\/centresmolina.com\/centreensenyament\/files\/2016\/05\/SETMANA-CULTURAL-ESPORT-I-VIDA-SANA-1.jpg 1280w, https:\/\/centresmolina.com\/centreensenyament\/files\/2016\/05\/SETMANA-CULTURAL-ESPORT-I-VIDA-SANA-1-300x225.jpg 300w, https:\/\/centresmolina.com\/centreensenyament\/files\/2016\/05\/SETMANA-CULTURAL-ESPORT-I-VIDA-SANA-1-1024x768.jpg 1024w\" sizes=\"auto, (max-width: 1280px) 100vw, 1280px\" \/><\/a>\n\t\t\t<\/dt><\/dl><br style=\"clear: both\" \/><dl class='gallery-item'>\n\t\t\t<dt class='gallery-icon portrait'>\n\t\t\t\t<a href='https:\/\/centresmolina.com\/centreensenyament\/es\/setmana-cultural-esport-i-vida-sana-3\/'><img loading=\"lazy\" decoding=\"async\" width=\"810\" height=\"1080\" src=\"https:\/\/centresmolina.com\/centreensenyament\/files\/2016\/05\/SETMANA-CULTURAL-ESPORT-I-VIDA-SANA-3.jpg\" class=\"attachment-full size-full\" alt=\"\" srcset=\"https:\/\/centresmolina.com\/centreensenyament\/files\/2016\/05\/SETMANA-CULTURAL-ESPORT-I-VIDA-SANA-3.jpg 810w, https:\/\/centresmolina.com\/centreensenyament\/files\/2016\/05\/SETMANA-CULTURAL-ESPORT-I-VIDA-SANA-3-225x300.jpg 225w, https:\/\/centresmolina.com\/centreensenyament\/files\/2016\/05\/SETMANA-CULTURAL-ESPORT-I-VIDA-SANA-3-768x1024.jpg 768w\" sizes=\"auto, (max-width: 810px) 100vw, 810px\" \/><\/a>\n\t\t\t<\/dt><\/dl><br style=\"clear: both\" \/><dl class='gallery-item'>\n\t\t\t<dt class='gallery-icon landscape'>\n\t\t\t\t<a href='https:\/\/centresmolina.com\/centreensenyament\/es\/setmana-cultural-esport-i-vida-sana-4\/'><img loading=\"lazy\" decoding=\"async\" width=\"1280\" height=\"960\" src=\"https:\/\/centresmolina.com\/centreensenyament\/files\/2016\/05\/SETMANA-CULTURAL-ESPORT-I-VIDA-SANA-4.jpg\" class=\"attachment-full size-full\" alt=\"\" srcset=\"https:\/\/centresmolina.com\/centreensenyament\/files\/2016\/05\/SETMANA-CULTURAL-ESPORT-I-VIDA-SANA-4.jpg 1280w, https:\/\/centresmolina.com\/centreensenyament\/files\/2016\/05\/SETMANA-CULTURAL-ESPORT-I-VIDA-SANA-4-300x225.jpg 300w, https:\/\/centresmolina.com\/centreensenyament\/files\/2016\/05\/SETMANA-CULTURAL-ESPORT-I-VIDA-SANA-4-1024x768.jpg 1024w\" sizes=\"auto, (max-width: 1280px) 100vw, 1280px\" \/><\/a>\n\t\t\t<\/dt><\/dl><br style=\"clear: both\" \/><dl class='gallery-item'>\n\t\t\t<dt class='gallery-icon landscape'>\n\t\t\t\t<a href='https:\/\/centresmolina.com\/centreensenyament\/es\/setmana-cultural-esport-i-vida-sana-2\/'><img loading=\"lazy\" decoding=\"async\" width=\"1280\" height=\"960\" src=\"https:\/\/centresmolina.com\/centreensenyament\/files\/2016\/05\/SETMANA-CULTURAL-ESPORT-I-VIDA-SANA-2.jpg\" class=\"attachment-full size-full\" alt=\"\" srcset=\"https:\/\/centresmolina.com\/centreensenyament\/files\/2016\/05\/SETMANA-CULTURAL-ESPORT-I-VIDA-SANA-2.jpg 1280w, https:\/\/centresmolina.com\/centreensenyament\/files\/2016\/05\/SETMANA-CULTURAL-ESPORT-I-VIDA-SANA-2-300x225.jpg 300w, https:\/\/centresmolina.com\/centreensenyament\/files\/2016\/05\/SETMANA-CULTURAL-ESPORT-I-VIDA-SANA-2-1024x768.jpg 1024w\" sizes=\"auto, (max-width: 1280px) 100vw, 1280px\" \/><\/a>\n\t\t\t<\/dt><\/dl><br style=\"clear: both\" \/>\n\t\t<\/div>\n\n<p>Los alumnos de 1\u00ba y 2\u00ba de ESO han participado hoy, dentro de la Semana de la Salud y el Deporte, en un taller de reanimaci\u00f3n cardiopulmonar. Esta actividad ha tenido dos partes:<br \/>\n&#8211; En la primera parte nos han explicado las fases de una RCP, como hacer correctamente cada una y su finalidad.<br \/>\n&#8211; En la segunda parte del taller los alumnos han podido practicar lo que han aprendido en la primera parte con un mu\u00f1eco.<br \/>\nTodos han ayudado al 112 evitar una muerte pero alguien ha roto alguna costilla en la reanimaci\u00f3n.<\/p>\n\n\t\t<style type=\"text\/css\">\n\t\t\t#gallery-2 {\n\t\t\t\tmargin: auto;\n\t\t\t}\n\t\t\t#gallery-2 .gallery-item {\n\t\t\t\tfloat: left;\n\t\t\t\tmargin-top: 10px;\n\t\t\t\ttext-align: center;\n\t\t\t\twidth: 50%;\n\t\t\t}\n\t\t\t#gallery-2 img {\n\t\t\t\tborder: 2px solid #cfcfcf;\n\t\t\t}\n\t\t\t#gallery-2 .gallery-caption {\n\t\t\t\tmargin-left: 0;\n\t\t\t}\n\t\t\t\/* see gallery_shortcode() in wp-includes\/media.php *\/\n\t\t<\/style>\n\t\t<div id='gallery-2' class='gallery galleryid-2475 gallery-columns-2 gallery-size-full'><dl class='gallery-item'>\n\t\t\t<dt class='gallery-icon landscape'>\n\t\t\t\t<a href='https:\/\/centresmolina.com\/centreensenyament\/es\/taller-rcp-1r-i-2n-eso-13\/'><img loading=\"lazy\" decoding=\"async\" width=\"1280\" height=\"960\" src=\"https:\/\/centresmolina.com\/centreensenyament\/files\/2016\/05\/Taller-RCP-1r-i-2n-ESO-13.jpg\" class=\"attachment-full size-full\" alt=\"\" srcset=\"https:\/\/centresmolina.com\/centreensenyament\/files\/2016\/05\/Taller-RCP-1r-i-2n-ESO-13.jpg 1280w, https:\/\/centresmolina.com\/centreensenyament\/files\/2016\/05\/Taller-RCP-1r-i-2n-ESO-13-300x225.jpg 300w, https:\/\/centresmolina.com\/centreensenyament\/files\/2016\/05\/Taller-RCP-1r-i-2n-ESO-13-1024x768.jpg 1024w\" sizes=\"auto, (max-width: 1280px) 100vw, 1280px\" \/><\/a>\n\t\t\t<\/dt><\/dl><dl class='gallery-item'>\n\t\t\t<dt class='gallery-icon landscape'>\n\t\t\t\t<a href='https:\/\/centresmolina.com\/centreensenyament\/es\/taller-rcp-1r-i-2n-eso-12\/'><img loading=\"lazy\" decoding=\"async\" width=\"1280\" height=\"960\" src=\"https:\/\/centresmolina.com\/centreensenyament\/files\/2016\/05\/Taller-RCP-1r-i-2n-ESO-12.jpg\" class=\"attachment-full size-full\" alt=\"\" srcset=\"https:\/\/centresmolina.com\/centreensenyament\/files\/2016\/05\/Taller-RCP-1r-i-2n-ESO-12.jpg 1280w, https:\/\/centresmolina.com\/centreensenyament\/files\/2016\/05\/Taller-RCP-1r-i-2n-ESO-12-300x225.jpg 300w, https:\/\/centresmolina.com\/centreensenyament\/files\/2016\/05\/Taller-RCP-1r-i-2n-ESO-12-1024x768.jpg 1024w\" sizes=\"auto, (max-width: 1280px) 100vw, 1280px\" \/><\/a>\n\t\t\t<\/dt><\/dl><br style=\"clear: both\" \/><dl class='gallery-item'>\n\t\t\t<dt class='gallery-icon landscape'>\n\t\t\t\t<a href='https:\/\/centresmolina.com\/centreensenyament\/es\/taller-rcp-1r-i-2n-eso-11\/'><img loading=\"lazy\" decoding=\"async\" width=\"1280\" height=\"960\" src=\"https:\/\/centresmolina.com\/centreensenyament\/files\/2016\/05\/Taller-RCP-1r-i-2n-ESO-11.jpg\" class=\"attachment-full size-full\" alt=\"\" srcset=\"https:\/\/centresmolina.com\/centreensenyament\/files\/2016\/05\/Taller-RCP-1r-i-2n-ESO-11.jpg 1280w, https:\/\/centresmolina.com\/centreensenyament\/files\/2016\/05\/Taller-RCP-1r-i-2n-ESO-11-300x225.jpg 300w, https:\/\/centresmolina.com\/centreensenyament\/files\/2016\/05\/Taller-RCP-1r-i-2n-ESO-11-1024x768.jpg 1024w\" sizes=\"auto, (max-width: 1280px) 100vw, 1280px\" \/><\/a>\n\t\t\t<\/dt><\/dl><dl class='gallery-item'>\n\t\t\t<dt class='gallery-icon landscape'>\n\t\t\t\t<a href='https:\/\/centresmolina.com\/centreensenyament\/es\/taller-rcp-1r-i-2n-eso-10\/'><img loading=\"lazy\" decoding=\"async\" width=\"1280\" height=\"960\" src=\"https:\/\/centresmolina.com\/centreensenyament\/files\/2016\/05\/Taller-RCP-1r-i-2n-ESO-10.jpg\" class=\"attachment-full size-full\" alt=\"\" srcset=\"https:\/\/centresmolina.com\/centreensenyament\/files\/2016\/05\/Taller-RCP-1r-i-2n-ESO-10.jpg 1280w, https:\/\/centresmolina.com\/centreensenyament\/files\/2016\/05\/Taller-RCP-1r-i-2n-ESO-10-300x225.jpg 300w, https:\/\/centresmolina.com\/centreensenyament\/files\/2016\/05\/Taller-RCP-1r-i-2n-ESO-10-1024x768.jpg 1024w\" sizes=\"auto, (max-width: 1280px) 100vw, 1280px\" \/><\/a>\n\t\t\t<\/dt><\/dl><br style=\"clear: both\" \/><dl class='gallery-item'>\n\t\t\t<dt class='gallery-icon landscape'>\n\t\t\t\t<a href='https:\/\/centresmolina.com\/centreensenyament\/es\/taller-rcp-1r-i-2n-eso-9\/'><img loading=\"lazy\" decoding=\"async\" width=\"1280\" height=\"960\" src=\"https:\/\/centresmolina.com\/centreensenyament\/files\/2016\/05\/Taller-RCP-1r-i-2n-ESO-9.jpg\" class=\"attachment-full size-full\" alt=\"\" srcset=\"https:\/\/centresmolina.com\/centreensenyament\/files\/2016\/05\/Taller-RCP-1r-i-2n-ESO-9.jpg 1280w, https:\/\/centresmolina.com\/centreensenyament\/files\/2016\/05\/Taller-RCP-1r-i-2n-ESO-9-300x225.jpg 300w, https:\/\/centresmolina.com\/centreensenyament\/files\/2016\/05\/Taller-RCP-1r-i-2n-ESO-9-1024x768.jpg 1024w\" sizes=\"auto, (max-width: 1280px) 100vw, 1280px\" \/><\/a>\n\t\t\t<\/dt><\/dl><dl class='gallery-item'>\n\t\t\t<dt class='gallery-icon landscape'>\n\t\t\t\t<a href='https:\/\/centresmolina.com\/centreensenyament\/es\/taller-rcp-1r-i-2n-eso-8\/'><img loading=\"lazy\" decoding=\"async\" width=\"1280\" height=\"960\" src=\"https:\/\/centresmolina.com\/centreensenyament\/files\/2016\/05\/Taller-RCP-1r-i-2n-ESO-8.jpg\" class=\"attachment-full size-full\" alt=\"\" srcset=\"https:\/\/centresmolina.com\/centreensenyament\/files\/2016\/05\/Taller-RCP-1r-i-2n-ESO-8.jpg 1280w, https:\/\/centresmolina.com\/centreensenyament\/files\/2016\/05\/Taller-RCP-1r-i-2n-ESO-8-300x225.jpg 300w, https:\/\/centresmolina.com\/centreensenyament\/files\/2016\/05\/Taller-RCP-1r-i-2n-ESO-8-1024x768.jpg 1024w\" sizes=\"auto, (max-width: 1280px) 100vw, 1280px\" \/><\/a>\n\t\t\t<\/dt><\/dl><br style=\"clear: both\" \/><dl class='gallery-item'>\n\t\t\t<dt class='gallery-icon landscape'>\n\t\t\t\t<a href='https:\/\/centresmolina.com\/centreensenyament\/es\/taller-rcp-1r-i-2n-eso-7\/'><img loading=\"lazy\" decoding=\"async\" width=\"1280\" height=\"960\" src=\"https:\/\/centresmolina.com\/centreensenyament\/files\/2016\/05\/Taller-RCP-1r-i-2n-ESO-7.jpg\" class=\"attachment-full size-full\" alt=\"\" srcset=\"https:\/\/centresmolina.com\/centreensenyament\/files\/2016\/05\/Taller-RCP-1r-i-2n-ESO-7.jpg 1280w, https:\/\/centresmolina.com\/centreensenyament\/files\/2016\/05\/Taller-RCP-1r-i-2n-ESO-7-300x225.jpg 300w, https:\/\/centresmolina.com\/centreensenyament\/files\/2016\/05\/Taller-RCP-1r-i-2n-ESO-7-1024x768.jpg 1024w\" sizes=\"auto, (max-width: 1280px) 100vw, 1280px\" \/><\/a>\n\t\t\t<\/dt><\/dl><dl class='gallery-item'>\n\t\t\t<dt class='gallery-icon landscape'>\n\t\t\t\t<a href='https:\/\/centresmolina.com\/centreensenyament\/es\/taller-rcp-1r-i-2n-eso-6\/'><img loading=\"lazy\" decoding=\"async\" width=\"1280\" height=\"960\" src=\"https:\/\/centresmolina.com\/centreensenyament\/files\/2016\/05\/Taller-RCP-1r-i-2n-ESO-6.jpg\" class=\"attachment-full size-full\" alt=\"\" srcset=\"https:\/\/centresmolina.com\/centreensenyament\/files\/2016\/05\/Taller-RCP-1r-i-2n-ESO-6.jpg 1280w, https:\/\/centresmolina.com\/centreensenyament\/files\/2016\/05\/Taller-RCP-1r-i-2n-ESO-6-300x225.jpg 300w, https:\/\/centresmolina.com\/centreensenyament\/files\/2016\/05\/Taller-RCP-1r-i-2n-ESO-6-1024x768.jpg 1024w\" sizes=\"auto, (max-width: 1280px) 100vw, 1280px\" \/><\/a>\n\t\t\t<\/dt><\/dl><br style=\"clear: both\" \/><dl class='gallery-item'>\n\t\t\t<dt class='gallery-icon landscape'>\n\t\t\t\t<a href='https:\/\/centresmolina.com\/centreensenyament\/es\/taller-rcp-1r-i-2n-eso-5\/'><img loading=\"lazy\" decoding=\"async\" width=\"1280\" height=\"960\" src=\"https:\/\/centresmolina.com\/centreensenyament\/files\/2016\/05\/Taller-RCP-1r-i-2n-ESO-5.jpg\" class=\"attachment-full size-full\" alt=\"\" srcset=\"https:\/\/centresmolina.com\/centreensenyament\/files\/2016\/05\/Taller-RCP-1r-i-2n-ESO-5.jpg 1280w, https:\/\/centresmolina.com\/centreensenyament\/files\/2016\/05\/Taller-RCP-1r-i-2n-ESO-5-300x225.jpg 300w, https:\/\/centresmolina.com\/centreensenyament\/files\/2016\/05\/Taller-RCP-1r-i-2n-ESO-5-1024x768.jpg 1024w\" sizes=\"auto, (max-width: 1280px) 100vw, 1280px\" \/><\/a>\n\t\t\t<\/dt><\/dl><dl class='gallery-item'>\n\t\t\t<dt class='gallery-icon landscape'>\n\t\t\t\t<a href='https:\/\/centresmolina.com\/centreensenyament\/es\/taller-rcp-1r-i-2n-eso-4\/'><img loading=\"lazy\" decoding=\"async\" width=\"1280\" height=\"960\" src=\"https:\/\/centresmolina.com\/centreensenyament\/files\/2016\/05\/Taller-RCP-1r-i-2n-ESO-4.jpg\" class=\"attachment-full size-full\" alt=\"\" srcset=\"https:\/\/centresmolina.com\/centreensenyament\/files\/2016\/05\/Taller-RCP-1r-i-2n-ESO-4.jpg 1280w, https:\/\/centresmolina.com\/centreensenyament\/files\/2016\/05\/Taller-RCP-1r-i-2n-ESO-4-300x225.jpg 300w, https:\/\/centresmolina.com\/centreensenyament\/files\/2016\/05\/Taller-RCP-1r-i-2n-ESO-4-1024x768.jpg 1024w\" sizes=\"auto, (max-width: 1280px) 100vw, 1280px\" \/><\/a>\n\t\t\t<\/dt><\/dl><br style=\"clear: both\" \/><dl class='gallery-item'>\n\t\t\t<dt class='gallery-icon landscape'>\n\t\t\t\t<a href='https:\/\/centresmolina.com\/centreensenyament\/es\/taller-rcp-1r-i-2n-eso-3\/'><img loading=\"lazy\" decoding=\"async\" width=\"1280\" height=\"960\" src=\"https:\/\/centresmolina.com\/centreensenyament\/files\/2016\/05\/Taller-RCP-1r-i-2n-ESO-3.jpg\" class=\"attachment-full size-full\" alt=\"\" srcset=\"https:\/\/centresmolina.com\/centreensenyament\/files\/2016\/05\/Taller-RCP-1r-i-2n-ESO-3.jpg 1280w, https:\/\/centresmolina.com\/centreensenyament\/files\/2016\/05\/Taller-RCP-1r-i-2n-ESO-3-300x225.jpg 300w, https:\/\/centresmolina.com\/centreensenyament\/files\/2016\/05\/Taller-RCP-1r-i-2n-ESO-3-1024x768.jpg 1024w\" sizes=\"auto, (max-width: 1280px) 100vw, 1280px\" \/><\/a>\n\t\t\t<\/dt><\/dl><dl class='gallery-item'>\n\t\t\t<dt class='gallery-icon landscape'>\n\t\t\t\t<a href='https:\/\/centresmolina.com\/centreensenyament\/es\/taller-rcp-1r-i-2n-eso-2\/'><img loading=\"lazy\" decoding=\"async\" width=\"1280\" height=\"960\" src=\"https:\/\/centresmolina.com\/centreensenyament\/files\/2016\/05\/Taller-RCP-1r-i-2n-ESO-2.jpg\" class=\"attachment-full size-full\" alt=\"\" srcset=\"https:\/\/centresmolina.com\/centreensenyament\/files\/2016\/05\/Taller-RCP-1r-i-2n-ESO-2.jpg 1280w, https:\/\/centresmolina.com\/centreensenyament\/files\/2016\/05\/Taller-RCP-1r-i-2n-ESO-2-300x225.jpg 300w, https:\/\/centresmolina.com\/centreensenyament\/files\/2016\/05\/Taller-RCP-1r-i-2n-ESO-2-1024x768.jpg 1024w\" sizes=\"auto, (max-width: 1280px) 100vw, 1280px\" \/><\/a>\n\t\t\t<\/dt><\/dl><br style=\"clear: both\" \/><dl class='gallery-item'>\n\t\t\t<dt class='gallery-icon landscape'>\n\t\t\t\t<a href='https:\/\/centresmolina.com\/centreensenyament\/es\/taller-rcp-1r-i-2n-eso-1\/'><img loading=\"lazy\" decoding=\"async\" width=\"1280\" height=\"960\" src=\"https:\/\/centresmolina.com\/centreensenyament\/files\/2016\/05\/Taller-RCP-1r-i-2n-ESO-1.jpg\" class=\"attachment-full size-full\" alt=\"\" srcset=\"https:\/\/centresmolina.com\/centreensenyament\/files\/2016\/05\/Taller-RCP-1r-i-2n-ESO-1.jpg 1280w, https:\/\/centresmolina.com\/centreensenyament\/files\/2016\/05\/Taller-RCP-1r-i-2n-ESO-1-300x225.jpg 300w, https:\/\/centresmolina.com\/centreensenyament\/files\/2016\/05\/Taller-RCP-1r-i-2n-ESO-1-1024x768.jpg 1024w\" sizes=\"auto, (max-width: 1280px) 100vw, 1280px\" \/><\/a>\n\t\t\t<\/dt><\/dl>\n\t\t\t<br style='clear: both' \/>\n\t\t<\/div>\n\n<p>&nbsp;<\/p>\n<p>&nbsp;<\/p>\n","protected":false},"excerpt":{"rendered":"<p>Nuestra escuela ha celebrado, la semana del 23 al 27 de mayo, la Semana Cultural del deporte y la vida&#8230;<\/p>\n","protected":false},"author":3,"featured_media":2473,"comment_status":"open","ping_status":"open","sticky":false,"template":"","format":"standard","meta":{"footnotes":""},"categories":[15],"tags":[69,75,62,64,70,60,23,34,74,63,61,73,30,115],"class_list":["post-2475","post","type-post","status-publish","format-standard","has-post-thumbnail","hentry","category-noticias-2","tag-aprenentatge-es","tag-desenvolupament-personal-i-academic-es","tag-educacio-es","tag-educacio-secundaria-obligatoria-es","tag-ensenyament-es","tag-escola-es","tag-escola-molina-es","tag-eso-es","tag-estil-propi-es","tag-formacio-es","tag-molina-es","tag-pedagogia-es","tag-setmana-cultural-es","tag-setmana-de-lesport-i-la-vida-sana-es"],"yoast_head":"<!-- This site is optimized with the Yoast SEO plugin v27.2 - https:\/\/yoast.com\/product\/yoast-seo-wordpress\/ -->\n<title>SEMANA CULTURAL - DEPORTE Y VIDA SANA - Centros de ense\u00f1anza<\/title>\n<meta name=\"robots\" content=\"index, follow, max-snippet:-1, max-image-preview:large, max-video-preview:-1\" \/>\n<link rel=\"canonical\" href=\"https:\/\/centresmolina.com\/centreensenyament\/es\/2016\/05\/27\/setmana-cultural-esport-i-vida-sana\/\" \/>\n<meta property=\"og:locale\" content=\"es_ES\" \/>\n<meta property=\"og:type\" content=\"article\" \/>\n<meta property=\"og:title\" content=\"SEMANA CULTURAL - DEPORTE Y VIDA SANA - Centros de ense\u00f1anza\" \/>\n<meta property=\"og:description\" content=\"Nuestra escuela ha celebrado, la semana del 23 al 27 de mayo, la Semana Cultural del deporte y la vida...\" \/>\n<meta property=\"og:url\" content=\"https:\/\/centresmolina.com\/centreensenyament\/es\/2016\/05\/27\/setmana-cultural-esport-i-vida-sana\/\" \/>\n<meta property=\"og:site_name\" content=\"Centros de ense\u00f1anza\" \/>\n<meta property=\"article:published_time\" content=\"2016-05-27T10:03:03+00:00\" \/>\n<meta property=\"article:modified_time\" content=\"2016-05-30T20:26:14+00:00\" \/>\n<meta property=\"og:image\" content=\"https:\/\/centresmolina.com\/centreensenyament\/files\/2016\/05\/images.jpg\" \/>\n\t<meta property=\"og:image:width\" content=\"1075\" \/>\n\t<meta property=\"og:image:height\" content=\"1080\" \/>\n\t<meta property=\"og:image:type\" content=\"image\/jpeg\" \/>\n<meta name=\"author\" content=\"webmolina\" \/>\n<meta name=\"twitter:label1\" content=\"Escrito por\" \/>\n\t<meta name=\"twitter:data1\" content=\"webmolina\" \/>\n\t<meta name=\"twitter:label2\" content=\"Tiempo de lectura\" \/>\n\t<meta name=\"twitter:data2\" content=\"1 minuto\" \/>\n<script type=\"application\/ld+json\" class=\"yoast-schema-graph\">{\"@context\":\"https:\/\/schema.org\",\"@graph\":[{\"@type\":\"Article\",\"@id\":\"https:\/\/centresmolina.com\/centreensenyament\/es\/2016\/05\/27\/setmana-cultural-esport-i-vida-sana\/#article\",\"isPartOf\":{\"@id\":\"https:\/\/centresmolina.com\/centreensenyament\/es\/2016\/05\/27\/setmana-cultural-esport-i-vida-sana\/\"},\"author\":{\"name\":\"webmolina\",\"@id\":\"https:\/\/centresmolina.com\/centreensenyament\/#\/schema\/person\/308d85d274adff04b5c51d47e8aff6cc\"},\"headline\":\"SEMANA CULTURAL &#8211; DEPORTE Y VIDA SANA\",\"datePublished\":\"2016-05-27T10:03:03+00:00\",\"dateModified\":\"2016-05-30T20:26:14+00:00\",\"mainEntityOfPage\":{\"@id\":\"https:\/\/centresmolina.com\/centreensenyament\/es\/2016\/05\/27\/setmana-cultural-esport-i-vida-sana\/\"},\"wordCount\":137,\"commentCount\":0,\"image\":{\"@id\":\"https:\/\/centresmolina.com\/centreensenyament\/es\/2016\/05\/27\/setmana-cultural-esport-i-vida-sana\/#primaryimage\"},\"thumbnailUrl\":\"https:\/\/centresmolina.com\/centreensenyament\/files\/2016\/05\/images.jpg\",\"keywords\":[\"aprenentatge @es\",\"desenvolupament personal i acad\u00e8mic @es\",\"educaci\u00f3 @es\",\"educaci\u00f3 secund\u00e0ria obligat\u00f2ria @es\",\"ensenyament @es\",\"Escola @es\",\"Escola Molina @es\",\"ESO @es\",\"estil propi @es\",\"formaci\u00f3 @es\",\"Molina @es\",\"pedagogia @es\",\"Setmana Cultural @es\",\"setmana de l'esport i la vida sana @es\"],\"articleSection\":[\"Noticias\"],\"inLanguage\":\"es\",\"potentialAction\":[{\"@type\":\"CommentAction\",\"name\":\"Comment\",\"target\":[\"https:\/\/centresmolina.com\/centreensenyament\/es\/2016\/05\/27\/setmana-cultural-esport-i-vida-sana\/#respond\"]}]},{\"@type\":\"WebPage\",\"@id\":\"https:\/\/centresmolina.com\/centreensenyament\/es\/2016\/05\/27\/setmana-cultural-esport-i-vida-sana\/\",\"url\":\"https:\/\/centresmolina.com\/centreensenyament\/es\/2016\/05\/27\/setmana-cultural-esport-i-vida-sana\/\",\"name\":\"SEMANA CULTURAL - DEPORTE Y VIDA SANA - Centros de ense\u00f1anza\",\"isPartOf\":{\"@id\":\"https:\/\/centresmolina.com\/centreensenyament\/#website\"},\"primaryImageOfPage\":{\"@id\":\"https:\/\/centresmolina.com\/centreensenyament\/es\/2016\/05\/27\/setmana-cultural-esport-i-vida-sana\/#primaryimage\"},\"image\":{\"@id\":\"https:\/\/centresmolina.com\/centreensenyament\/es\/2016\/05\/27\/setmana-cultural-esport-i-vida-sana\/#primaryimage\"},\"thumbnailUrl\":\"https:\/\/centresmolina.com\/centreensenyament\/files\/2016\/05\/images.jpg\",\"datePublished\":\"2016-05-27T10:03:03+00:00\",\"dateModified\":\"2016-05-30T20:26:14+00:00\",\"author\":{\"@id\":\"https:\/\/centresmolina.com\/centreensenyament\/#\/schema\/person\/308d85d274adff04b5c51d47e8aff6cc\"},\"breadcrumb\":{\"@id\":\"https:\/\/centresmolina.com\/centreensenyament\/es\/2016\/05\/27\/setmana-cultural-esport-i-vida-sana\/#breadcrumb\"},\"inLanguage\":\"es\",\"potentialAction\":[{\"@type\":\"ReadAction\",\"target\":[\"https:\/\/centresmolina.com\/centreensenyament\/es\/2016\/05\/27\/setmana-cultural-esport-i-vida-sana\/\"]}]},{\"@type\":\"ImageObject\",\"inLanguage\":\"es\",\"@id\":\"https:\/\/centresmolina.com\/centreensenyament\/es\/2016\/05\/27\/setmana-cultural-esport-i-vida-sana\/#primaryimage\",\"url\":\"https:\/\/centresmolina.com\/centreensenyament\/files\/2016\/05\/images.jpg\",\"contentUrl\":\"https:\/\/centresmolina.com\/centreensenyament\/files\/2016\/05\/images.jpg\",\"width\":1075,\"height\":1080},{\"@type\":\"BreadcrumbList\",\"@id\":\"https:\/\/centresmolina.com\/centreensenyament\/es\/2016\/05\/27\/setmana-cultural-esport-i-vida-sana\/#breadcrumb\",\"itemListElement\":[{\"@type\":\"ListItem\",\"position\":1,\"name\":\"Portada\",\"item\":\"https:\/\/centresmolina.com\/centreensenyament\/es\/\"},{\"@type\":\"ListItem\",\"position\":2,\"name\":\"SEMANA CULTURAL &#8211; DEPORTE Y VIDA SANA\"}]},{\"@type\":\"WebSite\",\"@id\":\"https:\/\/centresmolina.com\/centreensenyament\/#website\",\"url\":\"https:\/\/centresmolina.com\/centreensenyament\/\",\"name\":\"Centros de ense\u00f1anza\",\"description\":\"Centres Molina - Centros de ense\u00f1anza\",\"potentialAction\":[{\"@type\":\"SearchAction\",\"target\":{\"@type\":\"EntryPoint\",\"urlTemplate\":\"https:\/\/centresmolina.com\/centreensenyament\/?s={search_term_string}\"},\"query-input\":{\"@type\":\"PropertyValueSpecification\",\"valueRequired\":true,\"valueName\":\"search_term_string\"}}],\"inLanguage\":\"es\"},{\"@type\":\"Person\",\"@id\":\"https:\/\/centresmolina.com\/centreensenyament\/#\/schema\/person\/308d85d274adff04b5c51d47e8aff6cc\",\"name\":\"webmolina\",\"image\":{\"@type\":\"ImageObject\",\"inLanguage\":\"es\",\"@id\":\"https:\/\/secure.gravatar.com\/avatar\/38db407e1ab9b284bf45e3bff4ec5cf1e034e364f09b2ee054619614662a717b?s=96&d=mm&r=g\",\"url\":\"https:\/\/secure.gravatar.com\/avatar\/38db407e1ab9b284bf45e3bff4ec5cf1e034e364f09b2ee054619614662a717b?s=96&d=mm&r=g\",\"contentUrl\":\"https:\/\/secure.gravatar.com\/avatar\/38db407e1ab9b284bf45e3bff4ec5cf1e034e364f09b2ee054619614662a717b?s=96&d=mm&r=g\",\"caption\":\"webmolina\"},\"url\":\"https:\/\/centresmolina.com\/centreensenyament\/es\/author\/webmolina\/\"}]}<\/script>\n<!-- \/ Yoast SEO plugin. -->","yoast_head_json":{"title":"SEMANA CULTURAL - DEPORTE Y VIDA SANA - Centros de ense\u00f1anza","robots":{"index":"index","follow":"follow","max-snippet":"max-snippet:-1","max-image-preview":"max-image-preview:large","max-video-preview":"max-video-preview:-1"},"canonical":"https:\/\/centresmolina.com\/centreensenyament\/es\/2016\/05\/27\/setmana-cultural-esport-i-vida-sana\/","og_locale":"es_ES","og_type":"article","og_title":"SEMANA CULTURAL - DEPORTE Y VIDA SANA - Centros de ense\u00f1anza","og_description":"Nuestra escuela ha celebrado, la semana del 23 al 27 de mayo, la Semana Cultural del deporte y la vida...","og_url":"https:\/\/centresmolina.com\/centreensenyament\/es\/2016\/05\/27\/setmana-cultural-esport-i-vida-sana\/","og_site_name":"Centros de ense\u00f1anza","article_published_time":"2016-05-27T10:03:03+00:00","article_modified_time":"2016-05-30T20:26:14+00:00","og_image":[{"width":1075,"height":1080,"url":"https:\/\/centresmolina.com\/centreensenyament\/files\/2016\/05\/images.jpg","type":"image\/jpeg"}],"author":"webmolina","twitter_misc":{"Escrito por":"webmolina","Tiempo de lectura":"1 minuto"},"schema":{"@context":"https:\/\/schema.org","@graph":[{"@type":"Article","@id":"https:\/\/centresmolina.com\/centreensenyament\/es\/2016\/05\/27\/setmana-cultural-esport-i-vida-sana\/#article","isPartOf":{"@id":"https:\/\/centresmolina.com\/centreensenyament\/es\/2016\/05\/27\/setmana-cultural-esport-i-vida-sana\/"},"author":{"name":"webmolina","@id":"https:\/\/centresmolina.com\/centreensenyament\/#\/schema\/person\/308d85d274adff04b5c51d47e8aff6cc"},"headline":"SEMANA CULTURAL &#8211; DEPORTE Y VIDA SANA","datePublished":"2016-05-27T10:03:03+00:00","dateModified":"2016-05-30T20:26:14+00:00","mainEntityOfPage":{"@id":"https:\/\/centresmolina.com\/centreensenyament\/es\/2016\/05\/27\/setmana-cultural-esport-i-vida-sana\/"},"wordCount":137,"commentCount":0,"image":{"@id":"https:\/\/centresmolina.com\/centreensenyament\/es\/2016\/05\/27\/setmana-cultural-esport-i-vida-sana\/#primaryimage"},"thumbnailUrl":"https:\/\/centresmolina.com\/centreensenyament\/files\/2016\/05\/images.jpg","keywords":["aprenentatge @es","desenvolupament personal i acad\u00e8mic @es","educaci\u00f3 @es","educaci\u00f3 secund\u00e0ria obligat\u00f2ria @es","ensenyament @es","Escola @es","Escola Molina @es","ESO @es","estil propi @es","formaci\u00f3 @es","Molina @es","pedagogia @es","Setmana Cultural @es","setmana de l'esport i la vida sana @es"],"articleSection":["Noticias"],"inLanguage":"es","potentialAction":[{"@type":"CommentAction","name":"Comment","target":["https:\/\/centresmolina.com\/centreensenyament\/es\/2016\/05\/27\/setmana-cultural-esport-i-vida-sana\/#respond"]}]},{"@type":"WebPage","@id":"https:\/\/centresmolina.com\/centreensenyament\/es\/2016\/05\/27\/setmana-cultural-esport-i-vida-sana\/","url":"https:\/\/centresmolina.com\/centreensenyament\/es\/2016\/05\/27\/setmana-cultural-esport-i-vida-sana\/","name":"SEMANA CULTURAL - DEPORTE Y VIDA SANA - Centros de ense\u00f1anza","isPartOf":{"@id":"https:\/\/centresmolina.com\/centreensenyament\/#website"},"primaryImageOfPage":{"@id":"https:\/\/centresmolina.com\/centreensenyament\/es\/2016\/05\/27\/setmana-cultural-esport-i-vida-sana\/#primaryimage"},"image":{"@id":"https:\/\/centresmolina.com\/centreensenyament\/es\/2016\/05\/27\/setmana-cultural-esport-i-vida-sana\/#primaryimage"},"thumbnailUrl":"https:\/\/centresmolina.com\/centreensenyament\/files\/2016\/05\/images.jpg","datePublished":"2016-05-27T10:03:03+00:00","dateModified":"2016-05-30T20:26:14+00:00","author":{"@id":"https:\/\/centresmolina.com\/centreensenyament\/#\/schema\/person\/308d85d274adff04b5c51d47e8aff6cc"},"breadcrumb":{"@id":"https:\/\/centresmolina.com\/centreensenyament\/es\/2016\/05\/27\/setmana-cultural-esport-i-vida-sana\/#breadcrumb"},"inLanguage":"es","potentialAction":[{"@type":"ReadAction","target":["https:\/\/centresmolina.com\/centreensenyament\/es\/2016\/05\/27\/setmana-cultural-esport-i-vida-sana\/"]}]},{"@type":"ImageObject","inLanguage":"es","@id":"https:\/\/centresmolina.com\/centreensenyament\/es\/2016\/05\/27\/setmana-cultural-esport-i-vida-sana\/#primaryimage","url":"https:\/\/centresmolina.com\/centreensenyament\/files\/2016\/05\/images.jpg","contentUrl":"https:\/\/centresmolina.com\/centreensenyament\/files\/2016\/05\/images.jpg","width":1075,"height":1080},{"@type":"BreadcrumbList","@id":"https:\/\/centresmolina.com\/centreensenyament\/es\/2016\/05\/27\/setmana-cultural-esport-i-vida-sana\/#breadcrumb","itemListElement":[{"@type":"ListItem","position":1,"name":"Portada","item":"https:\/\/centresmolina.com\/centreensenyament\/es\/"},{"@type":"ListItem","position":2,"name":"SEMANA CULTURAL &#8211; DEPORTE Y VIDA SANA"}]},{"@type":"WebSite","@id":"https:\/\/centresmolina.com\/centreensenyament\/#website","url":"https:\/\/centresmolina.com\/centreensenyament\/","name":"Centros de ense\u00f1anza","description":"Centres Molina - Centros de ense\u00f1anza","potentialAction":[{"@type":"SearchAction","target":{"@type":"EntryPoint","urlTemplate":"https:\/\/centresmolina.com\/centreensenyament\/?s={search_term_string}"},"query-input":{"@type":"PropertyValueSpecification","valueRequired":true,"valueName":"search_term_string"}}],"inLanguage":"es"},{"@type":"Person","@id":"https:\/\/centresmolina.com\/centreensenyament\/#\/schema\/person\/308d85d274adff04b5c51d47e8aff6cc","name":"webmolina","image":{"@type":"ImageObject","inLanguage":"es","@id":"https:\/\/secure.gravatar.com\/avatar\/38db407e1ab9b284bf45e3bff4ec5cf1e034e364f09b2ee054619614662a717b?s=96&d=mm&r=g","url":"https:\/\/secure.gravatar.com\/avatar\/38db407e1ab9b284bf45e3bff4ec5cf1e034e364f09b2ee054619614662a717b?s=96&d=mm&r=g","contentUrl":"https:\/\/secure.gravatar.com\/avatar\/38db407e1ab9b284bf45e3bff4ec5cf1e034e364f09b2ee054619614662a717b?s=96&d=mm&r=g","caption":"webmolina"},"url":"https:\/\/centresmolina.com\/centreensenyament\/es\/author\/webmolina\/"}]}},"_links":{"self":[{"href":"https:\/\/centresmolina.com\/centreensenyament\/es\/wp-json\/wp\/v2\/posts\/2475\/"}],"collection":[{"href":"https:\/\/centresmolina.com\/centreensenyament\/es\/wp-json\/wp\/v2\/posts\/"}],"about":[{"href":"https:\/\/centresmolina.com\/centreensenyament\/es\/wp-json\/wp\/v2\/types\/post\/"}],"author":[{"embeddable":true,"href":"https:\/\/centresmolina.com\/centreensenyament\/es\/wp-json\/wp\/v2\/users\/3\/"}],"replies":[{"embeddable":true,"href":"https:\/\/centresmolina.com\/centreensenyament\/es\/wp-json\/wp\/v2\/comments\/?post=2475"}],"version-history":[{"count":8,"href":"https:\/\/centresmolina.com\/centreensenyament\/es\/wp-json\/wp\/v2\/posts\/2475\/revisions\/"}],"predecessor-version":[{"id":2526,"href":"https:\/\/centresmolina.com\/centreensenyament\/es\/wp-json\/wp\/v2\/posts\/2475\/revisions\/2526\/"}],"wp:featuredmedia":[{"embeddable":true,"href":"https:\/\/centresmolina.com\/centreensenyament\/es\/wp-json\/wp\/v2\/media\/2473\/"}],"wp:attachment":[{"href":"https:\/\/centresmolina.com\/centreensenyament\/es\/wp-json\/wp\/v2\/media\/?parent=2475"}],"wp:term":[{"taxonomy":"category","embeddable":true,"href":"https:\/\/centresmolina.com\/centreensenyament\/es\/wp-json\/wp\/v2\/categories\/?post=2475"},{"taxonomy":"post_tag","embeddable":true,"href":"https:\/\/centresmolina.com\/centreensenyament\/es\/wp-json\/wp\/v2\/tags\/?post=2475"}],"curies":[{"name":"wp","href":"https:\/\/api.w.org\/{rel}","templated":true}]}}