{"id":2623,"date":"2016-06-14T19:42:10","date_gmt":"2016-06-14T19:42:10","guid":{"rendered":"http:\/\/centresmolina.com\/centreensenyament\/2016\/06\/14\/projecte-demprenedoria-2016-2\/"},"modified":"2016-06-17T05:01:09","modified_gmt":"2016-06-17T05:01:09","slug":"projecte-demprenedoria-2016","status":"publish","type":"post","link":"https:\/\/centresmolina.com\/centreensenyament\/es\/2016\/06\/14\/projecte-demprenedoria-2016\/","title":{"rendered":"Proyecto Empresa 2016"},"content":{"rendered":"<p>Un estadio de f\u00fatbol con m\u00faltiples infraestructuras (con maqueta incluida), una APP de contactos y seguridad en el metro, un nuevo videojuego que consta de una APP y un inceptor para jugar fuera de casa, una empresa real y virtual de \u00abTallas Geniales\u00bb , unas pulseras que facilitan la seguridad vial, una empresa social de intercambio de servicios o un innovador gimnasio para disciplinas como el krosfit o calistenia son algunas de las iniciativas que han presentado alumnos de <strong>Ciclos Formativos de Grado Medio<\/strong> en el trabajo final de <strong>Emprendimiento<\/strong>.<\/p>\n<p>Con este proyecto los estudiantes han aprendido a desarrollar competencias b\u00e1sicas, tales como la detecci\u00f3n de oportunidades o la resoluci\u00f3n de problemas, mediante el dise\u00f1o de un proyecto que d\u00e9 respuesta a problemas reales.<\/p>\n<p>Han trabajado, se han implicado y, sobre todo, han disfrutado y han hecho una muy buena presentaci\u00f3n.<\/p>\n<p>!Felicidades equipo!<\/p>\n\n\t\t<style type=\"text\/css\">\n\t\t\t#gallery-1 {\n\t\t\t\tmargin: auto;\n\t\t\t}\n\t\t\t#gallery-1 .gallery-item {\n\t\t\t\tfloat: left;\n\t\t\t\tmargin-top: 10px;\n\t\t\t\ttext-align: center;\n\t\t\t\twidth: 50%;\n\t\t\t}\n\t\t\t#gallery-1 img {\n\t\t\t\tborder: 2px solid #cfcfcf;\n\t\t\t}\n\t\t\t#gallery-1 .gallery-caption {\n\t\t\t\tmargin-left: 0;\n\t\t\t}\n\t\t\t\/* see gallery_shortcode() in wp-includes\/media.php *\/\n\t\t<\/style>\n\t\t<div id='gallery-1' class='gallery galleryid-2623 gallery-columns-2 gallery-size-full'><dl class='gallery-item'>\n\t\t\t<dt class='gallery-icon landscape'>\n\t\t\t\t<a href='https:\/\/centresmolina.com\/centreensenyament\/es\/emprenedoria-2016-2\/'><img loading=\"lazy\" decoding=\"async\" width=\"1280\" height=\"960\" src=\"https:\/\/centresmolina.com\/centreensenyament\/files\/2016\/06\/Emprenedoria-2016-2.jpg\" class=\"attachment-full size-full\" alt=\"\" srcset=\"https:\/\/centresmolina.com\/centreensenyament\/files\/2016\/06\/Emprenedoria-2016-2.jpg 1280w, https:\/\/centresmolina.com\/centreensenyament\/files\/2016\/06\/Emprenedoria-2016-2-300x225.jpg 300w, https:\/\/centresmolina.com\/centreensenyament\/files\/2016\/06\/Emprenedoria-2016-2-1024x768.jpg 1024w\" sizes=\"auto, (max-width: 1280px) 100vw, 1280px\" \/><\/a>\n\t\t\t<\/dt><\/dl><dl class='gallery-item'>\n\t\t\t<dt class='gallery-icon landscape'>\n\t\t\t\t<a href='https:\/\/centresmolina.com\/centreensenyament\/es\/2016\/06\/14\/projecte-demprenedoria-2016\/emprenedoria-2016-16\/'><img loading=\"lazy\" decoding=\"async\" width=\"1280\" height=\"960\" src=\"https:\/\/centresmolina.com\/centreensenyament\/files\/2016\/06\/Emprenedoria-2016-16.jpg\" class=\"attachment-full size-full\" alt=\"\" srcset=\"https:\/\/centresmolina.com\/centreensenyament\/files\/2016\/06\/Emprenedoria-2016-16.jpg 1280w, https:\/\/centresmolina.com\/centreensenyament\/files\/2016\/06\/Emprenedoria-2016-16-300x225.jpg 300w, https:\/\/centresmolina.com\/centreensenyament\/files\/2016\/06\/Emprenedoria-2016-16-1024x768.jpg 1024w\" sizes=\"auto, (max-width: 1280px) 100vw, 1280px\" \/><\/a>\n\t\t\t<\/dt><\/dl><br style=\"clear: both\" \/><dl class='gallery-item'>\n\t\t\t<dt class='gallery-icon landscape'>\n\t\t\t\t<a href='https:\/\/centresmolina.com\/centreensenyament\/es\/emprenedoria-2016-3\/'><img loading=\"lazy\" decoding=\"async\" width=\"1280\" height=\"960\" src=\"https:\/\/centresmolina.com\/centreensenyament\/files\/2016\/06\/Emprenedoria-2016-3.jpg\" class=\"attachment-full size-full\" alt=\"\" srcset=\"https:\/\/centresmolina.com\/centreensenyament\/files\/2016\/06\/Emprenedoria-2016-3.jpg 1280w, https:\/\/centresmolina.com\/centreensenyament\/files\/2016\/06\/Emprenedoria-2016-3-300x225.jpg 300w, https:\/\/centresmolina.com\/centreensenyament\/files\/2016\/06\/Emprenedoria-2016-3-1024x768.jpg 1024w\" sizes=\"auto, (max-width: 1280px) 100vw, 1280px\" \/><\/a>\n\t\t\t<\/dt><\/dl><dl class='gallery-item'>\n\t\t\t<dt class='gallery-icon landscape'>\n\t\t\t\t<a href='https:\/\/centresmolina.com\/centreensenyament\/es\/emprenedoria-2016-4\/'><img loading=\"lazy\" decoding=\"async\" width=\"1280\" height=\"960\" src=\"https:\/\/centresmolina.com\/centreensenyament\/files\/2016\/06\/Emprenedoria-2016-4.jpg\" class=\"attachment-full size-full\" alt=\"\" srcset=\"https:\/\/centresmolina.com\/centreensenyament\/files\/2016\/06\/Emprenedoria-2016-4.jpg 1280w, https:\/\/centresmolina.com\/centreensenyament\/files\/2016\/06\/Emprenedoria-2016-4-300x225.jpg 300w, https:\/\/centresmolina.com\/centreensenyament\/files\/2016\/06\/Emprenedoria-2016-4-1024x768.jpg 1024w\" sizes=\"auto, (max-width: 1280px) 100vw, 1280px\" \/><\/a>\n\t\t\t<\/dt><\/dl><br style=\"clear: both\" \/><dl class='gallery-item'>\n\t\t\t<dt class='gallery-icon landscape'>\n\t\t\t\t<a href='https:\/\/centresmolina.com\/centreensenyament\/es\/emprenedoria-2016-5\/'><img loading=\"lazy\" decoding=\"async\" width=\"1280\" height=\"960\" src=\"https:\/\/centresmolina.com\/centreensenyament\/files\/2016\/06\/Emprenedoria-2016-5.jpg\" class=\"attachment-full size-full\" alt=\"\" srcset=\"https:\/\/centresmolina.com\/centreensenyament\/files\/2016\/06\/Emprenedoria-2016-5.jpg 1280w, https:\/\/centresmolina.com\/centreensenyament\/files\/2016\/06\/Emprenedoria-2016-5-300x225.jpg 300w, https:\/\/centresmolina.com\/centreensenyament\/files\/2016\/06\/Emprenedoria-2016-5-1024x768.jpg 1024w\" sizes=\"auto, (max-width: 1280px) 100vw, 1280px\" \/><\/a>\n\t\t\t<\/dt><\/dl><dl class='gallery-item'>\n\t\t\t<dt class='gallery-icon landscape'>\n\t\t\t\t<a href='https:\/\/centresmolina.com\/centreensenyament\/es\/emprenedoria-2016-6\/'><img loading=\"lazy\" decoding=\"async\" width=\"1280\" height=\"960\" src=\"https:\/\/centresmolina.com\/centreensenyament\/files\/2016\/06\/Emprenedoria-2016-6.jpg\" class=\"attachment-full size-full\" alt=\"\" srcset=\"https:\/\/centresmolina.com\/centreensenyament\/files\/2016\/06\/Emprenedoria-2016-6.jpg 1280w, https:\/\/centresmolina.com\/centreensenyament\/files\/2016\/06\/Emprenedoria-2016-6-300x225.jpg 300w, https:\/\/centresmolina.com\/centreensenyament\/files\/2016\/06\/Emprenedoria-2016-6-1024x768.jpg 1024w\" sizes=\"auto, (max-width: 1280px) 100vw, 1280px\" \/><\/a>\n\t\t\t<\/dt><\/dl><br style=\"clear: both\" \/><dl class='gallery-item'>\n\t\t\t<dt class='gallery-icon landscape'>\n\t\t\t\t<a href='https:\/\/centresmolina.com\/centreensenyament\/es\/emprenedoria-2016-7\/'><img loading=\"lazy\" decoding=\"async\" width=\"1280\" height=\"960\" src=\"https:\/\/centresmolina.com\/centreensenyament\/files\/2016\/06\/Emprenedoria-2016-7.jpg\" class=\"attachment-full size-full\" alt=\"\" srcset=\"https:\/\/centresmolina.com\/centreensenyament\/files\/2016\/06\/Emprenedoria-2016-7.jpg 1280w, https:\/\/centresmolina.com\/centreensenyament\/files\/2016\/06\/Emprenedoria-2016-7-300x225.jpg 300w, https:\/\/centresmolina.com\/centreensenyament\/files\/2016\/06\/Emprenedoria-2016-7-1024x768.jpg 1024w\" sizes=\"auto, (max-width: 1280px) 100vw, 1280px\" \/><\/a>\n\t\t\t<\/dt><\/dl><dl class='gallery-item'>\n\t\t\t<dt class='gallery-icon landscape'>\n\t\t\t\t<a href='https:\/\/centresmolina.com\/centreensenyament\/es\/emprenedoria-2016-8\/'><img loading=\"lazy\" decoding=\"async\" width=\"1280\" height=\"960\" src=\"https:\/\/centresmolina.com\/centreensenyament\/files\/2016\/06\/Emprenedoria-2016-8.jpg\" class=\"attachment-full size-full\" alt=\"\" srcset=\"https:\/\/centresmolina.com\/centreensenyament\/files\/2016\/06\/Emprenedoria-2016-8.jpg 1280w, https:\/\/centresmolina.com\/centreensenyament\/files\/2016\/06\/Emprenedoria-2016-8-300x225.jpg 300w, https:\/\/centresmolina.com\/centreensenyament\/files\/2016\/06\/Emprenedoria-2016-8-1024x768.jpg 1024w\" sizes=\"auto, (max-width: 1280px) 100vw, 1280px\" \/><\/a>\n\t\t\t<\/dt><\/dl><br style=\"clear: both\" \/><dl class='gallery-item'>\n\t\t\t<dt class='gallery-icon landscape'>\n\t\t\t\t<a href='https:\/\/centresmolina.com\/centreensenyament\/es\/emprenedoria-2016-9\/'><img loading=\"lazy\" decoding=\"async\" width=\"1280\" height=\"960\" src=\"https:\/\/centresmolina.com\/centreensenyament\/files\/2016\/06\/Emprenedoria-2016-9.jpg\" class=\"attachment-full size-full\" alt=\"\" srcset=\"https:\/\/centresmolina.com\/centreensenyament\/files\/2016\/06\/Emprenedoria-2016-9.jpg 1280w, https:\/\/centresmolina.com\/centreensenyament\/files\/2016\/06\/Emprenedoria-2016-9-300x225.jpg 300w, https:\/\/centresmolina.com\/centreensenyament\/files\/2016\/06\/Emprenedoria-2016-9-1024x768.jpg 1024w\" sizes=\"auto, (max-width: 1280px) 100vw, 1280px\" \/><\/a>\n\t\t\t<\/dt><\/dl><dl class='gallery-item'>\n\t\t\t<dt class='gallery-icon landscape'>\n\t\t\t\t<a href='https:\/\/centresmolina.com\/centreensenyament\/es\/emprenedoria-2016-10\/'><img loading=\"lazy\" decoding=\"async\" width=\"1280\" height=\"960\" src=\"https:\/\/centresmolina.com\/centreensenyament\/files\/2016\/06\/Emprenedoria-2016-10.jpg\" class=\"attachment-full size-full\" alt=\"\" srcset=\"https:\/\/centresmolina.com\/centreensenyament\/files\/2016\/06\/Emprenedoria-2016-10.jpg 1280w, https:\/\/centresmolina.com\/centreensenyament\/files\/2016\/06\/Emprenedoria-2016-10-300x225.jpg 300w, https:\/\/centresmolina.com\/centreensenyament\/files\/2016\/06\/Emprenedoria-2016-10-1024x768.jpg 1024w\" sizes=\"auto, (max-width: 1280px) 100vw, 1280px\" \/><\/a>\n\t\t\t<\/dt><\/dl><br style=\"clear: both\" \/><dl class='gallery-item'>\n\t\t\t<dt class='gallery-icon landscape'>\n\t\t\t\t<a href='https:\/\/centresmolina.com\/centreensenyament\/es\/2016\/06\/14\/projecte-demprenedoria-2016\/emprenedoria-2016-18\/'><img loading=\"lazy\" decoding=\"async\" width=\"1280\" height=\"720\" src=\"https:\/\/centresmolina.com\/centreensenyament\/files\/2016\/06\/Emprenedoria-2016-18.png\" class=\"attachment-full size-full\" alt=\"\" srcset=\"https:\/\/centresmolina.com\/centreensenyament\/files\/2016\/06\/Emprenedoria-2016-18.png 1280w, https:\/\/centresmolina.com\/centreensenyament\/files\/2016\/06\/Emprenedoria-2016-18-300x169.png 300w, https:\/\/centresmolina.com\/centreensenyament\/files\/2016\/06\/Emprenedoria-2016-18-1024x576.png 1024w\" sizes=\"auto, (max-width: 1280px) 100vw, 1280px\" \/><\/a>\n\t\t\t<\/dt><\/dl><dl class='gallery-item'>\n\t\t\t<dt class='gallery-icon landscape'>\n\t\t\t\t<a href='https:\/\/centresmolina.com\/centreensenyament\/es\/2016\/06\/14\/projecte-demprenedoria-2016\/emprenedoria-2016-18-2\/'><img loading=\"lazy\" decoding=\"async\" width=\"1920\" height=\"1080\" src=\"https:\/\/centresmolina.com\/centreensenyament\/files\/2016\/06\/Emprenedoria-2016-18.jpg\" class=\"attachment-full size-full\" alt=\"\" srcset=\"https:\/\/centresmolina.com\/centreensenyament\/files\/2016\/06\/Emprenedoria-2016-18.jpg 1920w, https:\/\/centresmolina.com\/centreensenyament\/files\/2016\/06\/Emprenedoria-2016-18-300x169.jpg 300w, https:\/\/centresmolina.com\/centreensenyament\/files\/2016\/06\/Emprenedoria-2016-18-1024x576.jpg 1024w\" sizes=\"auto, (max-width: 1920px) 100vw, 1920px\" \/><\/a>\n\t\t\t<\/dt><\/dl><br style=\"clear: both\" \/><dl class='gallery-item'>\n\t\t\t<dt class='gallery-icon landscape'>\n\t\t\t\t<a href='https:\/\/centresmolina.com\/centreensenyament\/es\/emprenedoria-2016-11\/'><img loading=\"lazy\" decoding=\"async\" width=\"1280\" height=\"960\" src=\"https:\/\/centresmolina.com\/centreensenyament\/files\/2016\/06\/Emprenedoria-2016-11.jpg\" class=\"attachment-full size-full\" alt=\"\" srcset=\"https:\/\/centresmolina.com\/centreensenyament\/files\/2016\/06\/Emprenedoria-2016-11.jpg 1280w, https:\/\/centresmolina.com\/centreensenyament\/files\/2016\/06\/Emprenedoria-2016-11-300x225.jpg 300w, https:\/\/centresmolina.com\/centreensenyament\/files\/2016\/06\/Emprenedoria-2016-11-1024x768.jpg 1024w\" sizes=\"auto, (max-width: 1280px) 100vw, 1280px\" \/><\/a>\n\t\t\t<\/dt><\/dl><dl class='gallery-item'>\n\t\t\t<dt class='gallery-icon landscape'>\n\t\t\t\t<a href='https:\/\/centresmolina.com\/centreensenyament\/es\/emprenedoria-2016-12\/'><img loading=\"lazy\" decoding=\"async\" width=\"1280\" height=\"960\" src=\"https:\/\/centresmolina.com\/centreensenyament\/files\/2016\/06\/Emprenedoria-2016-12.jpg\" class=\"attachment-full size-full\" alt=\"\" srcset=\"https:\/\/centresmolina.com\/centreensenyament\/files\/2016\/06\/Emprenedoria-2016-12.jpg 1280w, https:\/\/centresmolina.com\/centreensenyament\/files\/2016\/06\/Emprenedoria-2016-12-300x225.jpg 300w, https:\/\/centresmolina.com\/centreensenyament\/files\/2016\/06\/Emprenedoria-2016-12-1024x768.jpg 1024w\" sizes=\"auto, (max-width: 1280px) 100vw, 1280px\" \/><\/a>\n\t\t\t<\/dt><\/dl><br style=\"clear: both\" \/>\n\t\t<\/div>\n\n","protected":false},"excerpt":{"rendered":"<p>Un estadio de f\u00fatbol con m\u00faltiples infraestructuras (con maqueta incluida), una APP de contactos y seguridad en el metro, un&#8230;<\/p>\n","protected":false},"author":3,"featured_media":2615,"comment_status":"open","ping_status":"open","sticky":false,"template":"","format":"standard","meta":{"footnotes":""},"categories":[15],"tags":[95,20,75,62,21,70,60,23,74,63,96,61],"class_list":["post-2623","post","type-post","status-publish","format-standard","has-post-thumbnail","hentry","category-noticias-2","tag-cfgm-es","tag-cicles-es","tag-desenvolupament-personal-i-academic-es","tag-educacio-es","tag-emprenedoria-es","tag-ensenyament-es","tag-escola-es","tag-escola-molina-es","tag-estil-propi-es","tag-formacio-es","tag-gestio-administrativa-es","tag-molina-es"],"yoast_head":"<!-- This site is optimized with the Yoast SEO plugin v27.2 - https:\/\/yoast.com\/product\/yoast-seo-wordpress\/ -->\n<title>Proyecto Empresa 2016 - Centros de ense\u00f1anza<\/title>\n<meta name=\"robots\" content=\"index, follow, max-snippet:-1, max-image-preview:large, max-video-preview:-1\" \/>\n<link rel=\"canonical\" href=\"https:\/\/centresmolina.com\/centreensenyament\/es\/2016\/06\/14\/projecte-demprenedoria-2016\/\" \/>\n<meta property=\"og:locale\" content=\"es_ES\" \/>\n<meta property=\"og:type\" content=\"article\" \/>\n<meta property=\"og:title\" content=\"Proyecto Empresa 2016 - Centros de ense\u00f1anza\" \/>\n<meta property=\"og:description\" content=\"Un estadio de f\u00fatbol con m\u00faltiples infraestructuras (con maqueta incluida), una APP de contactos y seguridad en el metro, un...\" \/>\n<meta property=\"og:url\" content=\"https:\/\/centresmolina.com\/centreensenyament\/es\/2016\/06\/14\/projecte-demprenedoria-2016\/\" \/>\n<meta property=\"og:site_name\" content=\"Centros de ense\u00f1anza\" \/>\n<meta property=\"article:published_time\" content=\"2016-06-14T19:42:10+00:00\" \/>\n<meta property=\"article:modified_time\" content=\"2016-06-17T05:01:09+00:00\" \/>\n<meta property=\"og:image\" content=\"https:\/\/centresmolina.com\/centreensenyament\/files\/2016\/06\/Emprenedoria-2016-15.jpg\" \/>\n\t<meta property=\"og:image:width\" content=\"1280\" \/>\n\t<meta property=\"og:image:height\" content=\"960\" \/>\n\t<meta property=\"og:image:type\" content=\"image\/jpeg\" \/>\n<meta name=\"author\" content=\"webmolina\" \/>\n<meta name=\"twitter:label1\" content=\"Escrito por\" \/>\n\t<meta name=\"twitter:data1\" content=\"webmolina\" \/>\n\t<meta name=\"twitter:label2\" content=\"Tiempo de lectura\" \/>\n\t<meta name=\"twitter:data2\" content=\"1 minuto\" \/>\n<script type=\"application\/ld+json\" class=\"yoast-schema-graph\">{\"@context\":\"https:\/\/schema.org\",\"@graph\":[{\"@type\":\"Article\",\"@id\":\"https:\/\/centresmolina.com\/centreensenyament\/es\/2016\/06\/14\/projecte-demprenedoria-2016\/#article\",\"isPartOf\":{\"@id\":\"https:\/\/centresmolina.com\/centreensenyament\/es\/2016\/06\/14\/projecte-demprenedoria-2016\/\"},\"author\":{\"name\":\"webmolina\",\"@id\":\"https:\/\/centresmolina.com\/centreensenyament\/#\/schema\/person\/308d85d274adff04b5c51d47e8aff6cc\"},\"headline\":\"Proyecto Empresa 2016\",\"datePublished\":\"2016-06-14T19:42:10+00:00\",\"dateModified\":\"2016-06-17T05:01:09+00:00\",\"mainEntityOfPage\":{\"@id\":\"https:\/\/centresmolina.com\/centreensenyament\/es\/2016\/06\/14\/projecte-demprenedoria-2016\/\"},\"wordCount\":156,\"commentCount\":0,\"image\":{\"@id\":\"https:\/\/centresmolina.com\/centreensenyament\/es\/2016\/06\/14\/projecte-demprenedoria-2016\/#primaryimage\"},\"thumbnailUrl\":\"https:\/\/centresmolina.com\/centreensenyament\/files\/2016\/06\/Emprenedoria-2016-15.jpg\",\"keywords\":[\"CFGM @es\",\"Cicles @es\",\"desenvolupament personal i acad\u00e8mic @es\",\"educaci\u00f3 @es\",\"Emprenedoria @es\",\"ensenyament @es\",\"Escola @es\",\"Escola Molina @es\",\"estil propi @es\",\"formaci\u00f3 @es\",\"Gesti\u00f3 Administrativa @es\",\"Molina @es\"],\"articleSection\":[\"Noticias\"],\"inLanguage\":\"es\",\"potentialAction\":[{\"@type\":\"CommentAction\",\"name\":\"Comment\",\"target\":[\"https:\/\/centresmolina.com\/centreensenyament\/es\/2016\/06\/14\/projecte-demprenedoria-2016\/#respond\"]}]},{\"@type\":\"WebPage\",\"@id\":\"https:\/\/centresmolina.com\/centreensenyament\/es\/2016\/06\/14\/projecte-demprenedoria-2016\/\",\"url\":\"https:\/\/centresmolina.com\/centreensenyament\/es\/2016\/06\/14\/projecte-demprenedoria-2016\/\",\"name\":\"Proyecto Empresa 2016 - Centros de ense\u00f1anza\",\"isPartOf\":{\"@id\":\"https:\/\/centresmolina.com\/centreensenyament\/#website\"},\"primaryImageOfPage\":{\"@id\":\"https:\/\/centresmolina.com\/centreensenyament\/es\/2016\/06\/14\/projecte-demprenedoria-2016\/#primaryimage\"},\"image\":{\"@id\":\"https:\/\/centresmolina.com\/centreensenyament\/es\/2016\/06\/14\/projecte-demprenedoria-2016\/#primaryimage\"},\"thumbnailUrl\":\"https:\/\/centresmolina.com\/centreensenyament\/files\/2016\/06\/Emprenedoria-2016-15.jpg\",\"datePublished\":\"2016-06-14T19:42:10+00:00\",\"dateModified\":\"2016-06-17T05:01:09+00:00\",\"author\":{\"@id\":\"https:\/\/centresmolina.com\/centreensenyament\/#\/schema\/person\/308d85d274adff04b5c51d47e8aff6cc\"},\"breadcrumb\":{\"@id\":\"https:\/\/centresmolina.com\/centreensenyament\/es\/2016\/06\/14\/projecte-demprenedoria-2016\/#breadcrumb\"},\"inLanguage\":\"es\",\"potentialAction\":[{\"@type\":\"ReadAction\",\"target\":[\"https:\/\/centresmolina.com\/centreensenyament\/es\/2016\/06\/14\/projecte-demprenedoria-2016\/\"]}]},{\"@type\":\"ImageObject\",\"inLanguage\":\"es\",\"@id\":\"https:\/\/centresmolina.com\/centreensenyament\/es\/2016\/06\/14\/projecte-demprenedoria-2016\/#primaryimage\",\"url\":\"https:\/\/centresmolina.com\/centreensenyament\/files\/2016\/06\/Emprenedoria-2016-15.jpg\",\"contentUrl\":\"https:\/\/centresmolina.com\/centreensenyament\/files\/2016\/06\/Emprenedoria-2016-15.jpg\",\"width\":1280,\"height\":960},{\"@type\":\"BreadcrumbList\",\"@id\":\"https:\/\/centresmolina.com\/centreensenyament\/es\/2016\/06\/14\/projecte-demprenedoria-2016\/#breadcrumb\",\"itemListElement\":[{\"@type\":\"ListItem\",\"position\":1,\"name\":\"Portada\",\"item\":\"https:\/\/centresmolina.com\/centreensenyament\/es\/\"},{\"@type\":\"ListItem\",\"position\":2,\"name\":\"Proyecto Empresa 2016\"}]},{\"@type\":\"WebSite\",\"@id\":\"https:\/\/centresmolina.com\/centreensenyament\/#website\",\"url\":\"https:\/\/centresmolina.com\/centreensenyament\/\",\"name\":\"Centros de ense\u00f1anza\",\"description\":\"Centres Molina - Centros de ense\u00f1anza\",\"potentialAction\":[{\"@type\":\"SearchAction\",\"target\":{\"@type\":\"EntryPoint\",\"urlTemplate\":\"https:\/\/centresmolina.com\/centreensenyament\/?s={search_term_string}\"},\"query-input\":{\"@type\":\"PropertyValueSpecification\",\"valueRequired\":true,\"valueName\":\"search_term_string\"}}],\"inLanguage\":\"es\"},{\"@type\":\"Person\",\"@id\":\"https:\/\/centresmolina.com\/centreensenyament\/#\/schema\/person\/308d85d274adff04b5c51d47e8aff6cc\",\"name\":\"webmolina\",\"image\":{\"@type\":\"ImageObject\",\"inLanguage\":\"es\",\"@id\":\"https:\/\/secure.gravatar.com\/avatar\/38db407e1ab9b284bf45e3bff4ec5cf1e034e364f09b2ee054619614662a717b?s=96&d=mm&r=g\",\"url\":\"https:\/\/secure.gravatar.com\/avatar\/38db407e1ab9b284bf45e3bff4ec5cf1e034e364f09b2ee054619614662a717b?s=96&d=mm&r=g\",\"contentUrl\":\"https:\/\/secure.gravatar.com\/avatar\/38db407e1ab9b284bf45e3bff4ec5cf1e034e364f09b2ee054619614662a717b?s=96&d=mm&r=g\",\"caption\":\"webmolina\"},\"url\":\"https:\/\/centresmolina.com\/centreensenyament\/es\/author\/webmolina\/\"}]}<\/script>\n<!-- \/ Yoast SEO plugin. -->","yoast_head_json":{"title":"Proyecto Empresa 2016 - Centros de ense\u00f1anza","robots":{"index":"index","follow":"follow","max-snippet":"max-snippet:-1","max-image-preview":"max-image-preview:large","max-video-preview":"max-video-preview:-1"},"canonical":"https:\/\/centresmolina.com\/centreensenyament\/es\/2016\/06\/14\/projecte-demprenedoria-2016\/","og_locale":"es_ES","og_type":"article","og_title":"Proyecto Empresa 2016 - Centros de ense\u00f1anza","og_description":"Un estadio de f\u00fatbol con m\u00faltiples infraestructuras (con maqueta incluida), una APP de contactos y seguridad en el metro, un...","og_url":"https:\/\/centresmolina.com\/centreensenyament\/es\/2016\/06\/14\/projecte-demprenedoria-2016\/","og_site_name":"Centros de ense\u00f1anza","article_published_time":"2016-06-14T19:42:10+00:00","article_modified_time":"2016-06-17T05:01:09+00:00","og_image":[{"width":1280,"height":960,"url":"https:\/\/centresmolina.com\/centreensenyament\/files\/2016\/06\/Emprenedoria-2016-15.jpg","type":"image\/jpeg"}],"author":"webmolina","twitter_misc":{"Escrito por":"webmolina","Tiempo de lectura":"1 minuto"},"schema":{"@context":"https:\/\/schema.org","@graph":[{"@type":"Article","@id":"https:\/\/centresmolina.com\/centreensenyament\/es\/2016\/06\/14\/projecte-demprenedoria-2016\/#article","isPartOf":{"@id":"https:\/\/centresmolina.com\/centreensenyament\/es\/2016\/06\/14\/projecte-demprenedoria-2016\/"},"author":{"name":"webmolina","@id":"https:\/\/centresmolina.com\/centreensenyament\/#\/schema\/person\/308d85d274adff04b5c51d47e8aff6cc"},"headline":"Proyecto Empresa 2016","datePublished":"2016-06-14T19:42:10+00:00","dateModified":"2016-06-17T05:01:09+00:00","mainEntityOfPage":{"@id":"https:\/\/centresmolina.com\/centreensenyament\/es\/2016\/06\/14\/projecte-demprenedoria-2016\/"},"wordCount":156,"commentCount":0,"image":{"@id":"https:\/\/centresmolina.com\/centreensenyament\/es\/2016\/06\/14\/projecte-demprenedoria-2016\/#primaryimage"},"thumbnailUrl":"https:\/\/centresmolina.com\/centreensenyament\/files\/2016\/06\/Emprenedoria-2016-15.jpg","keywords":["CFGM @es","Cicles @es","desenvolupament personal i acad\u00e8mic @es","educaci\u00f3 @es","Emprenedoria @es","ensenyament @es","Escola @es","Escola Molina @es","estil propi @es","formaci\u00f3 @es","Gesti\u00f3 Administrativa @es","Molina @es"],"articleSection":["Noticias"],"inLanguage":"es","potentialAction":[{"@type":"CommentAction","name":"Comment","target":["https:\/\/centresmolina.com\/centreensenyament\/es\/2016\/06\/14\/projecte-demprenedoria-2016\/#respond"]}]},{"@type":"WebPage","@id":"https:\/\/centresmolina.com\/centreensenyament\/es\/2016\/06\/14\/projecte-demprenedoria-2016\/","url":"https:\/\/centresmolina.com\/centreensenyament\/es\/2016\/06\/14\/projecte-demprenedoria-2016\/","name":"Proyecto Empresa 2016 - Centros de ense\u00f1anza","isPartOf":{"@id":"https:\/\/centresmolina.com\/centreensenyament\/#website"},"primaryImageOfPage":{"@id":"https:\/\/centresmolina.com\/centreensenyament\/es\/2016\/06\/14\/projecte-demprenedoria-2016\/#primaryimage"},"image":{"@id":"https:\/\/centresmolina.com\/centreensenyament\/es\/2016\/06\/14\/projecte-demprenedoria-2016\/#primaryimage"},"thumbnailUrl":"https:\/\/centresmolina.com\/centreensenyament\/files\/2016\/06\/Emprenedoria-2016-15.jpg","datePublished":"2016-06-14T19:42:10+00:00","dateModified":"2016-06-17T05:01:09+00:00","author":{"@id":"https:\/\/centresmolina.com\/centreensenyament\/#\/schema\/person\/308d85d274adff04b5c51d47e8aff6cc"},"breadcrumb":{"@id":"https:\/\/centresmolina.com\/centreensenyament\/es\/2016\/06\/14\/projecte-demprenedoria-2016\/#breadcrumb"},"inLanguage":"es","potentialAction":[{"@type":"ReadAction","target":["https:\/\/centresmolina.com\/centreensenyament\/es\/2016\/06\/14\/projecte-demprenedoria-2016\/"]}]},{"@type":"ImageObject","inLanguage":"es","@id":"https:\/\/centresmolina.com\/centreensenyament\/es\/2016\/06\/14\/projecte-demprenedoria-2016\/#primaryimage","url":"https:\/\/centresmolina.com\/centreensenyament\/files\/2016\/06\/Emprenedoria-2016-15.jpg","contentUrl":"https:\/\/centresmolina.com\/centreensenyament\/files\/2016\/06\/Emprenedoria-2016-15.jpg","width":1280,"height":960},{"@type":"BreadcrumbList","@id":"https:\/\/centresmolina.com\/centreensenyament\/es\/2016\/06\/14\/projecte-demprenedoria-2016\/#breadcrumb","itemListElement":[{"@type":"ListItem","position":1,"name":"Portada","item":"https:\/\/centresmolina.com\/centreensenyament\/es\/"},{"@type":"ListItem","position":2,"name":"Proyecto Empresa 2016"}]},{"@type":"WebSite","@id":"https:\/\/centresmolina.com\/centreensenyament\/#website","url":"https:\/\/centresmolina.com\/centreensenyament\/","name":"Centros de ense\u00f1anza","description":"Centres Molina - Centros de ense\u00f1anza","potentialAction":[{"@type":"SearchAction","target":{"@type":"EntryPoint","urlTemplate":"https:\/\/centresmolina.com\/centreensenyament\/?s={search_term_string}"},"query-input":{"@type":"PropertyValueSpecification","valueRequired":true,"valueName":"search_term_string"}}],"inLanguage":"es"},{"@type":"Person","@id":"https:\/\/centresmolina.com\/centreensenyament\/#\/schema\/person\/308d85d274adff04b5c51d47e8aff6cc","name":"webmolina","image":{"@type":"ImageObject","inLanguage":"es","@id":"https:\/\/secure.gravatar.com\/avatar\/38db407e1ab9b284bf45e3bff4ec5cf1e034e364f09b2ee054619614662a717b?s=96&d=mm&r=g","url":"https:\/\/secure.gravatar.com\/avatar\/38db407e1ab9b284bf45e3bff4ec5cf1e034e364f09b2ee054619614662a717b?s=96&d=mm&r=g","contentUrl":"https:\/\/secure.gravatar.com\/avatar\/38db407e1ab9b284bf45e3bff4ec5cf1e034e364f09b2ee054619614662a717b?s=96&d=mm&r=g","caption":"webmolina"},"url":"https:\/\/centresmolina.com\/centreensenyament\/es\/author\/webmolina\/"}]}},"_links":{"self":[{"href":"https:\/\/centresmolina.com\/centreensenyament\/es\/wp-json\/wp\/v2\/posts\/2623\/"}],"collection":[{"href":"https:\/\/centresmolina.com\/centreensenyament\/es\/wp-json\/wp\/v2\/posts\/"}],"about":[{"href":"https:\/\/centresmolina.com\/centreensenyament\/es\/wp-json\/wp\/v2\/types\/post\/"}],"author":[{"embeddable":true,"href":"https:\/\/centresmolina.com\/centreensenyament\/es\/wp-json\/wp\/v2\/users\/3\/"}],"replies":[{"embeddable":true,"href":"https:\/\/centresmolina.com\/centreensenyament\/es\/wp-json\/wp\/v2\/comments\/?post=2623"}],"version-history":[{"count":6,"href":"https:\/\/centresmolina.com\/centreensenyament\/es\/wp-json\/wp\/v2\/posts\/2623\/revisions\/"}],"predecessor-version":[{"id":2631,"href":"https:\/\/centresmolina.com\/centreensenyament\/es\/wp-json\/wp\/v2\/posts\/2623\/revisions\/2631\/"}],"wp:featuredmedia":[{"embeddable":true,"href":"https:\/\/centresmolina.com\/centreensenyament\/es\/wp-json\/wp\/v2\/media\/2615\/"}],"wp:attachment":[{"href":"https:\/\/centresmolina.com\/centreensenyament\/es\/wp-json\/wp\/v2\/media\/?parent=2623"}],"wp:term":[{"taxonomy":"category","embeddable":true,"href":"https:\/\/centresmolina.com\/centreensenyament\/es\/wp-json\/wp\/v2\/categories\/?post=2623"},{"taxonomy":"post_tag","embeddable":true,"href":"https:\/\/centresmolina.com\/centreensenyament\/es\/wp-json\/wp\/v2\/tags\/?post=2623"}],"curies":[{"name":"wp","href":"https:\/\/api.w.org\/{rel}","templated":true}]}}