{"id":3346,"date":"2016-12-09T09:15:50","date_gmt":"2016-12-09T09:15:50","guid":{"rendered":"http:\/\/centresmolina.com\/centreensenyament\/es\/2016\/12\/09\/taller-mapfre-leso\/"},"modified":"2016-12-11T12:38:57","modified_gmt":"2016-12-11T12:38:57","slug":"taller-mapfre-leso","status":"publish","type":"post","link":"https:\/\/centresmolina.com\/centreensenyament\/es\/2016\/12\/09\/taller-mapfre-leso\/","title":{"rendered":"TALLER MAPFRE EN LA ESO"},"content":{"rendered":"<p>Fundaci\u00f3n Mapfre nos ha ofrecido el Taller : \u00a0Ahorro y educaci\u00f3n financiera.<\/p>\n<p>\u00bfQu\u00e9 es el riesgo? \u00bfQu\u00e9 es el Principio de Solidaridad humana? Sabemos la importancia del ahorro? \u00bfQu\u00e9 es la previsi\u00f3n? Estos conceptos y otros han trabajado con una din\u00e1mica para equipos muy divertida.<\/p>\n<p>Mediante un juego de rol participativo con elementos atractivos como las tablets o la realidad aumentada se ha puesto a prueba a los alumnos que han ido superando los retos para lograr la misi\u00f3n presentada.<\/p>\n\n\t\t<style type=\"text\/css\">\n\t\t\t#gallery-1 {\n\t\t\t\tmargin: auto;\n\t\t\t}\n\t\t\t#gallery-1 .gallery-item {\n\t\t\t\tfloat: left;\n\t\t\t\tmargin-top: 10px;\n\t\t\t\ttext-align: center;\n\t\t\t\twidth: 50%;\n\t\t\t}\n\t\t\t#gallery-1 img {\n\t\t\t\tborder: 2px solid #cfcfcf;\n\t\t\t}\n\t\t\t#gallery-1 .gallery-caption {\n\t\t\t\tmargin-left: 0;\n\t\t\t}\n\t\t\t\/* see gallery_shortcode() in wp-includes\/media.php *\/\n\t\t<\/style>\n\t\t<div id='gallery-1' class='gallery galleryid-3346 gallery-columns-2 gallery-size-large'><dl class='gallery-item'>\n\t\t\t<dt class='gallery-icon landscape'>\n\t\t\t\t<a href='https:\/\/centresmolina.com\/centreensenyament\/es\/2016\/12\/09\/taller-mapfre-leso\/taller-mapfre-10\/'><img loading=\"lazy\" decoding=\"async\" width=\"1024\" height=\"768\" src=\"https:\/\/centresmolina.com\/centreensenyament\/files\/2016\/12\/TALLER-MAPFRE-10-1024x768.jpg\" class=\"attachment-large size-large\" alt=\"\" srcset=\"https:\/\/centresmolina.com\/centreensenyament\/files\/2016\/12\/TALLER-MAPFRE-10-1024x768.jpg 1024w, https:\/\/centresmolina.com\/centreensenyament\/files\/2016\/12\/TALLER-MAPFRE-10-300x225.jpg 300w, https:\/\/centresmolina.com\/centreensenyament\/files\/2016\/12\/TALLER-MAPFRE-10-768x576.jpg 768w, https:\/\/centresmolina.com\/centreensenyament\/files\/2016\/12\/TALLER-MAPFRE-10.jpg 1280w\" sizes=\"auto, (max-width: 1024px) 100vw, 1024px\" \/><\/a>\n\t\t\t<\/dt><\/dl><dl class='gallery-item'>\n\t\t\t<dt class='gallery-icon landscape'>\n\t\t\t\t<a href='https:\/\/centresmolina.com\/centreensenyament\/es\/2016\/12\/09\/taller-mapfre-leso\/taller-mapfre-9\/'><img loading=\"lazy\" decoding=\"async\" width=\"1024\" height=\"768\" src=\"https:\/\/centresmolina.com\/centreensenyament\/files\/2016\/12\/TALLER-MAPFRE-9-1024x768.jpg\" class=\"attachment-large size-large\" alt=\"\" srcset=\"https:\/\/centresmolina.com\/centreensenyament\/files\/2016\/12\/TALLER-MAPFRE-9-1024x768.jpg 1024w, https:\/\/centresmolina.com\/centreensenyament\/files\/2016\/12\/TALLER-MAPFRE-9-300x225.jpg 300w, https:\/\/centresmolina.com\/centreensenyament\/files\/2016\/12\/TALLER-MAPFRE-9-768x576.jpg 768w, https:\/\/centresmolina.com\/centreensenyament\/files\/2016\/12\/TALLER-MAPFRE-9.jpg 1280w\" sizes=\"auto, (max-width: 1024px) 100vw, 1024px\" \/><\/a>\n\t\t\t<\/dt><\/dl><br style=\"clear: both\" \/><dl class='gallery-item'>\n\t\t\t<dt class='gallery-icon landscape'>\n\t\t\t\t<a href='https:\/\/centresmolina.com\/centreensenyament\/es\/2016\/12\/09\/taller-mapfre-leso\/taller-mapfre-8\/'><img loading=\"lazy\" decoding=\"async\" width=\"1024\" height=\"768\" src=\"https:\/\/centresmolina.com\/centreensenyament\/files\/2016\/12\/TALLER-MAPFRE-8-1024x768.jpg\" class=\"attachment-large size-large\" alt=\"\" srcset=\"https:\/\/centresmolina.com\/centreensenyament\/files\/2016\/12\/TALLER-MAPFRE-8-1024x768.jpg 1024w, https:\/\/centresmolina.com\/centreensenyament\/files\/2016\/12\/TALLER-MAPFRE-8-300x225.jpg 300w, https:\/\/centresmolina.com\/centreensenyament\/files\/2016\/12\/TALLER-MAPFRE-8-768x576.jpg 768w, https:\/\/centresmolina.com\/centreensenyament\/files\/2016\/12\/TALLER-MAPFRE-8.jpg 1280w\" sizes=\"auto, (max-width: 1024px) 100vw, 1024px\" \/><\/a>\n\t\t\t<\/dt><\/dl><dl class='gallery-item'>\n\t\t\t<dt class='gallery-icon landscape'>\n\t\t\t\t<a href='https:\/\/centresmolina.com\/centreensenyament\/es\/2016\/12\/09\/taller-mapfre-leso\/taller-mapfre-7\/'><img loading=\"lazy\" decoding=\"async\" width=\"1024\" height=\"768\" src=\"https:\/\/centresmolina.com\/centreensenyament\/files\/2016\/12\/TALLER-MAPFRE-7-1024x768.jpg\" class=\"attachment-large size-large\" alt=\"\" srcset=\"https:\/\/centresmolina.com\/centreensenyament\/files\/2016\/12\/TALLER-MAPFRE-7-1024x768.jpg 1024w, https:\/\/centresmolina.com\/centreensenyament\/files\/2016\/12\/TALLER-MAPFRE-7-300x225.jpg 300w, https:\/\/centresmolina.com\/centreensenyament\/files\/2016\/12\/TALLER-MAPFRE-7-768x576.jpg 768w, https:\/\/centresmolina.com\/centreensenyament\/files\/2016\/12\/TALLER-MAPFRE-7.jpg 1280w\" sizes=\"auto, (max-width: 1024px) 100vw, 1024px\" \/><\/a>\n\t\t\t<\/dt><\/dl><br style=\"clear: both\" \/><dl class='gallery-item'>\n\t\t\t<dt class='gallery-icon landscape'>\n\t\t\t\t<a href='https:\/\/centresmolina.com\/centreensenyament\/es\/2016\/12\/09\/taller-mapfre-leso\/taller-mapfre-6\/'><img loading=\"lazy\" decoding=\"async\" width=\"1024\" height=\"768\" src=\"https:\/\/centresmolina.com\/centreensenyament\/files\/2016\/12\/TALLER-MAPFRE-6-1024x768.jpg\" class=\"attachment-large size-large\" alt=\"\" srcset=\"https:\/\/centresmolina.com\/centreensenyament\/files\/2016\/12\/TALLER-MAPFRE-6-1024x768.jpg 1024w, https:\/\/centresmolina.com\/centreensenyament\/files\/2016\/12\/TALLER-MAPFRE-6-300x225.jpg 300w, https:\/\/centresmolina.com\/centreensenyament\/files\/2016\/12\/TALLER-MAPFRE-6-768x576.jpg 768w, https:\/\/centresmolina.com\/centreensenyament\/files\/2016\/12\/TALLER-MAPFRE-6.jpg 1280w\" sizes=\"auto, (max-width: 1024px) 100vw, 1024px\" \/><\/a>\n\t\t\t<\/dt><\/dl><dl class='gallery-item'>\n\t\t\t<dt class='gallery-icon landscape'>\n\t\t\t\t<a href='https:\/\/centresmolina.com\/centreensenyament\/es\/2016\/12\/09\/taller-mapfre-leso\/taller-mapfre-5\/'><img loading=\"lazy\" decoding=\"async\" width=\"1024\" height=\"768\" src=\"https:\/\/centresmolina.com\/centreensenyament\/files\/2016\/12\/TALLER-MAPFRE-5-1024x768.jpg\" class=\"attachment-large size-large\" alt=\"\" srcset=\"https:\/\/centresmolina.com\/centreensenyament\/files\/2016\/12\/TALLER-MAPFRE-5-1024x768.jpg 1024w, https:\/\/centresmolina.com\/centreensenyament\/files\/2016\/12\/TALLER-MAPFRE-5-300x225.jpg 300w, https:\/\/centresmolina.com\/centreensenyament\/files\/2016\/12\/TALLER-MAPFRE-5-768x576.jpg 768w, https:\/\/centresmolina.com\/centreensenyament\/files\/2016\/12\/TALLER-MAPFRE-5.jpg 1280w\" sizes=\"auto, (max-width: 1024px) 100vw, 1024px\" \/><\/a>\n\t\t\t<\/dt><\/dl><br style=\"clear: both\" \/><dl class='gallery-item'>\n\t\t\t<dt class='gallery-icon landscape'>\n\t\t\t\t<a href='https:\/\/centresmolina.com\/centreensenyament\/es\/2016\/12\/09\/taller-mapfre-leso\/taller-mapfre-4\/'><img loading=\"lazy\" decoding=\"async\" width=\"1024\" height=\"768\" src=\"https:\/\/centresmolina.com\/centreensenyament\/files\/2016\/12\/TALLER-MAPFRE-4-1024x768.jpg\" class=\"attachment-large size-large\" alt=\"\" srcset=\"https:\/\/centresmolina.com\/centreensenyament\/files\/2016\/12\/TALLER-MAPFRE-4-1024x768.jpg 1024w, https:\/\/centresmolina.com\/centreensenyament\/files\/2016\/12\/TALLER-MAPFRE-4-300x225.jpg 300w, https:\/\/centresmolina.com\/centreensenyament\/files\/2016\/12\/TALLER-MAPFRE-4-768x576.jpg 768w, https:\/\/centresmolina.com\/centreensenyament\/files\/2016\/12\/TALLER-MAPFRE-4.jpg 1280w\" sizes=\"auto, (max-width: 1024px) 100vw, 1024px\" \/><\/a>\n\t\t\t<\/dt><\/dl><dl class='gallery-item'>\n\t\t\t<dt class='gallery-icon landscape'>\n\t\t\t\t<a href='https:\/\/centresmolina.com\/centreensenyament\/es\/2016\/12\/09\/taller-mapfre-leso\/taller-mapfre-3\/'><img loading=\"lazy\" decoding=\"async\" width=\"1024\" height=\"768\" src=\"https:\/\/centresmolina.com\/centreensenyament\/files\/2016\/12\/TALLER-MAPFRE-3-1024x768.jpg\" class=\"attachment-large size-large\" alt=\"\" srcset=\"https:\/\/centresmolina.com\/centreensenyament\/files\/2016\/12\/TALLER-MAPFRE-3-1024x768.jpg 1024w, https:\/\/centresmolina.com\/centreensenyament\/files\/2016\/12\/TALLER-MAPFRE-3-300x225.jpg 300w, https:\/\/centresmolina.com\/centreensenyament\/files\/2016\/12\/TALLER-MAPFRE-3-768x576.jpg 768w, https:\/\/centresmolina.com\/centreensenyament\/files\/2016\/12\/TALLER-MAPFRE-3.jpg 1280w\" sizes=\"auto, (max-width: 1024px) 100vw, 1024px\" \/><\/a>\n\t\t\t<\/dt><\/dl><br style=\"clear: both\" \/><dl class='gallery-item'>\n\t\t\t<dt class='gallery-icon landscape'>\n\t\t\t\t<a href='https:\/\/centresmolina.com\/centreensenyament\/es\/2016\/12\/09\/taller-mapfre-leso\/taller-mapfre-2\/'><img loading=\"lazy\" decoding=\"async\" width=\"1024\" height=\"768\" src=\"https:\/\/centresmolina.com\/centreensenyament\/files\/2016\/12\/TALLER-MAPFRE-2-1024x768.jpg\" class=\"attachment-large size-large\" alt=\"\" srcset=\"https:\/\/centresmolina.com\/centreensenyament\/files\/2016\/12\/TALLER-MAPFRE-2-1024x768.jpg 1024w, https:\/\/centresmolina.com\/centreensenyament\/files\/2016\/12\/TALLER-MAPFRE-2-300x225.jpg 300w, https:\/\/centresmolina.com\/centreensenyament\/files\/2016\/12\/TALLER-MAPFRE-2-768x576.jpg 768w, https:\/\/centresmolina.com\/centreensenyament\/files\/2016\/12\/TALLER-MAPFRE-2.jpg 1280w\" sizes=\"auto, (max-width: 1024px) 100vw, 1024px\" \/><\/a>\n\t\t\t<\/dt><\/dl><dl class='gallery-item'>\n\t\t\t<dt class='gallery-icon landscape'>\n\t\t\t\t<a href='https:\/\/centresmolina.com\/centreensenyament\/es\/2016\/12\/09\/taller-mapfre-leso\/taller-mapfre-1\/'><img loading=\"lazy\" decoding=\"async\" width=\"1024\" height=\"576\" src=\"https:\/\/centresmolina.com\/centreensenyament\/files\/2016\/12\/TALLER-MAPFRE-1-1024x576.jpg\" class=\"attachment-large size-large\" alt=\"\" srcset=\"https:\/\/centresmolina.com\/centreensenyament\/files\/2016\/12\/TALLER-MAPFRE-1-1024x576.jpg 1024w, https:\/\/centresmolina.com\/centreensenyament\/files\/2016\/12\/TALLER-MAPFRE-1-300x169.jpg 300w, https:\/\/centresmolina.com\/centreensenyament\/files\/2016\/12\/TALLER-MAPFRE-1-768x432.jpg 768w, https:\/\/centresmolina.com\/centreensenyament\/files\/2016\/12\/TALLER-MAPFRE-1.jpg 1280w\" sizes=\"auto, (max-width: 1024px) 100vw, 1024px\" \/><\/a>\n\t\t\t<\/dt><\/dl><br style=\"clear: both\" \/>\n\t\t<\/div>\n\n<p>&nbsp;<\/p>\n","protected":false},"excerpt":{"rendered":"<p>Fundaci\u00f3n Mapfre nos ha ofrecido el Taller : \u00a0Ahorro y educaci\u00f3n financiera. \u00bfQu\u00e9 es el riesgo? \u00bfQu\u00e9 es el Principio&#8230;<\/p>\n","protected":false},"author":3,"featured_media":3344,"comment_status":"open","ping_status":"open","sticky":false,"template":"","format":"standard","meta":{"footnotes":""},"categories":[15],"tags":[104,89,69,75,62,64,21,70,60,23,34,74,63,203,61,68],"class_list":["post-3346","post","type-post","status-publish","format-standard","has-post-thumbnail","hentry","category-noticias-2","tag-1r-deso-es","tag-2n-deso-es","tag-aprenentatge-es","tag-desenvolupament-personal-i-academic-es","tag-educacio-es","tag-educacio-secundaria-obligatoria-es","tag-emprenedoria-es","tag-ensenyament-es","tag-escola-es","tag-escola-molina-es","tag-eso-es","tag-estil-propi-es","tag-formacio-es","tag-mapfre-es","tag-molina-es","tag-nivells-educatius-es"],"yoast_head":"<!-- This site is optimized with the Yoast SEO plugin v27.2 - https:\/\/yoast.com\/product\/yoast-seo-wordpress\/ -->\n<title>TALLER MAPFRE EN LA ESO - Centros de ense\u00f1anza<\/title>\n<meta name=\"robots\" content=\"index, follow, max-snippet:-1, max-image-preview:large, max-video-preview:-1\" \/>\n<link rel=\"canonical\" href=\"https:\/\/centresmolina.com\/centreensenyament\/es\/2016\/12\/09\/taller-mapfre-leso\/\" \/>\n<meta property=\"og:locale\" content=\"es_ES\" \/>\n<meta property=\"og:type\" content=\"article\" \/>\n<meta property=\"og:title\" content=\"TALLER MAPFRE EN LA ESO - Centros de ense\u00f1anza\" \/>\n<meta property=\"og:description\" content=\"Fundaci\u00f3n Mapfre nos ha ofrecido el Taller : \u00a0Ahorro y educaci\u00f3n financiera. \u00bfQu\u00e9 es el riesgo? \u00bfQu\u00e9 es el Principio...\" \/>\n<meta property=\"og:url\" content=\"https:\/\/centresmolina.com\/centreensenyament\/es\/2016\/12\/09\/taller-mapfre-leso\/\" \/>\n<meta property=\"og:site_name\" content=\"Centros de ense\u00f1anza\" \/>\n<meta property=\"article:published_time\" content=\"2016-12-09T09:15:50+00:00\" \/>\n<meta property=\"article:modified_time\" content=\"2016-12-11T12:38:57+00:00\" \/>\n<meta property=\"og:image\" content=\"https:\/\/centresmolina.com\/centreensenyament\/files\/2016\/12\/TALLER-MAPFRE-0-Copiar.jpg\" \/>\n\t<meta property=\"og:image:width\" content=\"1183\" \/>\n\t<meta property=\"og:image:height\" content=\"1080\" \/>\n\t<meta property=\"og:image:type\" content=\"image\/jpeg\" \/>\n<meta name=\"author\" content=\"webmolina\" \/>\n<meta name=\"twitter:label1\" content=\"Escrito por\" \/>\n\t<meta name=\"twitter:data1\" content=\"webmolina\" \/>\n<script type=\"application\/ld+json\" class=\"yoast-schema-graph\">{\"@context\":\"https:\/\/schema.org\",\"@graph\":[{\"@type\":\"Article\",\"@id\":\"https:\/\/centresmolina.com\/centreensenyament\/es\/2016\/12\/09\/taller-mapfre-leso\/#article\",\"isPartOf\":{\"@id\":\"https:\/\/centresmolina.com\/centreensenyament\/es\/2016\/12\/09\/taller-mapfre-leso\/\"},\"author\":{\"name\":\"webmolina\",\"@id\":\"https:\/\/centresmolina.com\/centreensenyament\/#\/schema\/person\/308d85d274adff04b5c51d47e8aff6cc\"},\"headline\":\"TALLER MAPFRE EN LA ESO\",\"datePublished\":\"2016-12-09T09:15:50+00:00\",\"dateModified\":\"2016-12-11T12:38:57+00:00\",\"mainEntityOfPage\":{\"@id\":\"https:\/\/centresmolina.com\/centreensenyament\/es\/2016\/12\/09\/taller-mapfre-leso\/\"},\"wordCount\":95,\"commentCount\":0,\"image\":{\"@id\":\"https:\/\/centresmolina.com\/centreensenyament\/es\/2016\/12\/09\/taller-mapfre-leso\/#primaryimage\"},\"thumbnailUrl\":\"https:\/\/centresmolina.com\/centreensenyament\/files\/2016\/12\/TALLER-MAPFRE-0-Copiar.jpg\",\"keywords\":[\"1r d'ESO @es\",\"2n d'ESO @es\",\"aprenentatge @es\",\"desenvolupament personal i acad\u00e8mic @es\",\"educaci\u00f3 @es\",\"educaci\u00f3 secund\u00e0ria obligat\u00f2ria @es\",\"Emprenedoria @es\",\"ensenyament @es\",\"Escola @es\",\"Escola Molina @es\",\"ESO @es\",\"estil propi @es\",\"formaci\u00f3 @es\",\"Mapfre\",\"Molina @es\",\"nivells educatius @es\"],\"articleSection\":[\"Noticias\"],\"inLanguage\":\"es\",\"potentialAction\":[{\"@type\":\"CommentAction\",\"name\":\"Comment\",\"target\":[\"https:\/\/centresmolina.com\/centreensenyament\/es\/2016\/12\/09\/taller-mapfre-leso\/#respond\"]}]},{\"@type\":\"WebPage\",\"@id\":\"https:\/\/centresmolina.com\/centreensenyament\/es\/2016\/12\/09\/taller-mapfre-leso\/\",\"url\":\"https:\/\/centresmolina.com\/centreensenyament\/es\/2016\/12\/09\/taller-mapfre-leso\/\",\"name\":\"TALLER MAPFRE EN LA ESO - Centros de ense\u00f1anza\",\"isPartOf\":{\"@id\":\"https:\/\/centresmolina.com\/centreensenyament\/#website\"},\"primaryImageOfPage\":{\"@id\":\"https:\/\/centresmolina.com\/centreensenyament\/es\/2016\/12\/09\/taller-mapfre-leso\/#primaryimage\"},\"image\":{\"@id\":\"https:\/\/centresmolina.com\/centreensenyament\/es\/2016\/12\/09\/taller-mapfre-leso\/#primaryimage\"},\"thumbnailUrl\":\"https:\/\/centresmolina.com\/centreensenyament\/files\/2016\/12\/TALLER-MAPFRE-0-Copiar.jpg\",\"datePublished\":\"2016-12-09T09:15:50+00:00\",\"dateModified\":\"2016-12-11T12:38:57+00:00\",\"author\":{\"@id\":\"https:\/\/centresmolina.com\/centreensenyament\/#\/schema\/person\/308d85d274adff04b5c51d47e8aff6cc\"},\"breadcrumb\":{\"@id\":\"https:\/\/centresmolina.com\/centreensenyament\/es\/2016\/12\/09\/taller-mapfre-leso\/#breadcrumb\"},\"inLanguage\":\"es\",\"potentialAction\":[{\"@type\":\"ReadAction\",\"target\":[\"https:\/\/centresmolina.com\/centreensenyament\/es\/2016\/12\/09\/taller-mapfre-leso\/\"]}]},{\"@type\":\"ImageObject\",\"inLanguage\":\"es\",\"@id\":\"https:\/\/centresmolina.com\/centreensenyament\/es\/2016\/12\/09\/taller-mapfre-leso\/#primaryimage\",\"url\":\"https:\/\/centresmolina.com\/centreensenyament\/files\/2016\/12\/TALLER-MAPFRE-0-Copiar.jpg\",\"contentUrl\":\"https:\/\/centresmolina.com\/centreensenyament\/files\/2016\/12\/TALLER-MAPFRE-0-Copiar.jpg\",\"width\":1183,\"height\":1080},{\"@type\":\"BreadcrumbList\",\"@id\":\"https:\/\/centresmolina.com\/centreensenyament\/es\/2016\/12\/09\/taller-mapfre-leso\/#breadcrumb\",\"itemListElement\":[{\"@type\":\"ListItem\",\"position\":1,\"name\":\"Portada\",\"item\":\"https:\/\/centresmolina.com\/centreensenyament\/es\/\"},{\"@type\":\"ListItem\",\"position\":2,\"name\":\"TALLER MAPFRE EN LA ESO\"}]},{\"@type\":\"WebSite\",\"@id\":\"https:\/\/centresmolina.com\/centreensenyament\/#website\",\"url\":\"https:\/\/centresmolina.com\/centreensenyament\/\",\"name\":\"Centros de ense\u00f1anza\",\"description\":\"Centres Molina - Centros de ense\u00f1anza\",\"potentialAction\":[{\"@type\":\"SearchAction\",\"target\":{\"@type\":\"EntryPoint\",\"urlTemplate\":\"https:\/\/centresmolina.com\/centreensenyament\/?s={search_term_string}\"},\"query-input\":{\"@type\":\"PropertyValueSpecification\",\"valueRequired\":true,\"valueName\":\"search_term_string\"}}],\"inLanguage\":\"es\"},{\"@type\":\"Person\",\"@id\":\"https:\/\/centresmolina.com\/centreensenyament\/#\/schema\/person\/308d85d274adff04b5c51d47e8aff6cc\",\"name\":\"webmolina\",\"image\":{\"@type\":\"ImageObject\",\"inLanguage\":\"es\",\"@id\":\"https:\/\/secure.gravatar.com\/avatar\/38db407e1ab9b284bf45e3bff4ec5cf1e034e364f09b2ee054619614662a717b?s=96&d=mm&r=g\",\"url\":\"https:\/\/secure.gravatar.com\/avatar\/38db407e1ab9b284bf45e3bff4ec5cf1e034e364f09b2ee054619614662a717b?s=96&d=mm&r=g\",\"contentUrl\":\"https:\/\/secure.gravatar.com\/avatar\/38db407e1ab9b284bf45e3bff4ec5cf1e034e364f09b2ee054619614662a717b?s=96&d=mm&r=g\",\"caption\":\"webmolina\"},\"url\":\"https:\/\/centresmolina.com\/centreensenyament\/es\/author\/webmolina\/\"}]}<\/script>\n<!-- \/ Yoast SEO plugin. -->","yoast_head_json":{"title":"TALLER MAPFRE EN LA ESO - Centros de ense\u00f1anza","robots":{"index":"index","follow":"follow","max-snippet":"max-snippet:-1","max-image-preview":"max-image-preview:large","max-video-preview":"max-video-preview:-1"},"canonical":"https:\/\/centresmolina.com\/centreensenyament\/es\/2016\/12\/09\/taller-mapfre-leso\/","og_locale":"es_ES","og_type":"article","og_title":"TALLER MAPFRE EN LA ESO - Centros de ense\u00f1anza","og_description":"Fundaci\u00f3n Mapfre nos ha ofrecido el Taller : \u00a0Ahorro y educaci\u00f3n financiera. \u00bfQu\u00e9 es el riesgo? \u00bfQu\u00e9 es el Principio...","og_url":"https:\/\/centresmolina.com\/centreensenyament\/es\/2016\/12\/09\/taller-mapfre-leso\/","og_site_name":"Centros de ense\u00f1anza","article_published_time":"2016-12-09T09:15:50+00:00","article_modified_time":"2016-12-11T12:38:57+00:00","og_image":[{"width":1183,"height":1080,"url":"https:\/\/centresmolina.com\/centreensenyament\/files\/2016\/12\/TALLER-MAPFRE-0-Copiar.jpg","type":"image\/jpeg"}],"author":"webmolina","twitter_misc":{"Escrito por":"webmolina"},"schema":{"@context":"https:\/\/schema.org","@graph":[{"@type":"Article","@id":"https:\/\/centresmolina.com\/centreensenyament\/es\/2016\/12\/09\/taller-mapfre-leso\/#article","isPartOf":{"@id":"https:\/\/centresmolina.com\/centreensenyament\/es\/2016\/12\/09\/taller-mapfre-leso\/"},"author":{"name":"webmolina","@id":"https:\/\/centresmolina.com\/centreensenyament\/#\/schema\/person\/308d85d274adff04b5c51d47e8aff6cc"},"headline":"TALLER MAPFRE EN LA ESO","datePublished":"2016-12-09T09:15:50+00:00","dateModified":"2016-12-11T12:38:57+00:00","mainEntityOfPage":{"@id":"https:\/\/centresmolina.com\/centreensenyament\/es\/2016\/12\/09\/taller-mapfre-leso\/"},"wordCount":95,"commentCount":0,"image":{"@id":"https:\/\/centresmolina.com\/centreensenyament\/es\/2016\/12\/09\/taller-mapfre-leso\/#primaryimage"},"thumbnailUrl":"https:\/\/centresmolina.com\/centreensenyament\/files\/2016\/12\/TALLER-MAPFRE-0-Copiar.jpg","keywords":["1r d'ESO @es","2n d'ESO @es","aprenentatge @es","desenvolupament personal i acad\u00e8mic @es","educaci\u00f3 @es","educaci\u00f3 secund\u00e0ria obligat\u00f2ria @es","Emprenedoria @es","ensenyament @es","Escola @es","Escola Molina @es","ESO @es","estil propi @es","formaci\u00f3 @es","Mapfre","Molina @es","nivells educatius @es"],"articleSection":["Noticias"],"inLanguage":"es","potentialAction":[{"@type":"CommentAction","name":"Comment","target":["https:\/\/centresmolina.com\/centreensenyament\/es\/2016\/12\/09\/taller-mapfre-leso\/#respond"]}]},{"@type":"WebPage","@id":"https:\/\/centresmolina.com\/centreensenyament\/es\/2016\/12\/09\/taller-mapfre-leso\/","url":"https:\/\/centresmolina.com\/centreensenyament\/es\/2016\/12\/09\/taller-mapfre-leso\/","name":"TALLER MAPFRE EN LA ESO - Centros de ense\u00f1anza","isPartOf":{"@id":"https:\/\/centresmolina.com\/centreensenyament\/#website"},"primaryImageOfPage":{"@id":"https:\/\/centresmolina.com\/centreensenyament\/es\/2016\/12\/09\/taller-mapfre-leso\/#primaryimage"},"image":{"@id":"https:\/\/centresmolina.com\/centreensenyament\/es\/2016\/12\/09\/taller-mapfre-leso\/#primaryimage"},"thumbnailUrl":"https:\/\/centresmolina.com\/centreensenyament\/files\/2016\/12\/TALLER-MAPFRE-0-Copiar.jpg","datePublished":"2016-12-09T09:15:50+00:00","dateModified":"2016-12-11T12:38:57+00:00","author":{"@id":"https:\/\/centresmolina.com\/centreensenyament\/#\/schema\/person\/308d85d274adff04b5c51d47e8aff6cc"},"breadcrumb":{"@id":"https:\/\/centresmolina.com\/centreensenyament\/es\/2016\/12\/09\/taller-mapfre-leso\/#breadcrumb"},"inLanguage":"es","potentialAction":[{"@type":"ReadAction","target":["https:\/\/centresmolina.com\/centreensenyament\/es\/2016\/12\/09\/taller-mapfre-leso\/"]}]},{"@type":"ImageObject","inLanguage":"es","@id":"https:\/\/centresmolina.com\/centreensenyament\/es\/2016\/12\/09\/taller-mapfre-leso\/#primaryimage","url":"https:\/\/centresmolina.com\/centreensenyament\/files\/2016\/12\/TALLER-MAPFRE-0-Copiar.jpg","contentUrl":"https:\/\/centresmolina.com\/centreensenyament\/files\/2016\/12\/TALLER-MAPFRE-0-Copiar.jpg","width":1183,"height":1080},{"@type":"BreadcrumbList","@id":"https:\/\/centresmolina.com\/centreensenyament\/es\/2016\/12\/09\/taller-mapfre-leso\/#breadcrumb","itemListElement":[{"@type":"ListItem","position":1,"name":"Portada","item":"https:\/\/centresmolina.com\/centreensenyament\/es\/"},{"@type":"ListItem","position":2,"name":"TALLER MAPFRE EN LA ESO"}]},{"@type":"WebSite","@id":"https:\/\/centresmolina.com\/centreensenyament\/#website","url":"https:\/\/centresmolina.com\/centreensenyament\/","name":"Centros de ense\u00f1anza","description":"Centres Molina - Centros de ense\u00f1anza","potentialAction":[{"@type":"SearchAction","target":{"@type":"EntryPoint","urlTemplate":"https:\/\/centresmolina.com\/centreensenyament\/?s={search_term_string}"},"query-input":{"@type":"PropertyValueSpecification","valueRequired":true,"valueName":"search_term_string"}}],"inLanguage":"es"},{"@type":"Person","@id":"https:\/\/centresmolina.com\/centreensenyament\/#\/schema\/person\/308d85d274adff04b5c51d47e8aff6cc","name":"webmolina","image":{"@type":"ImageObject","inLanguage":"es","@id":"https:\/\/secure.gravatar.com\/avatar\/38db407e1ab9b284bf45e3bff4ec5cf1e034e364f09b2ee054619614662a717b?s=96&d=mm&r=g","url":"https:\/\/secure.gravatar.com\/avatar\/38db407e1ab9b284bf45e3bff4ec5cf1e034e364f09b2ee054619614662a717b?s=96&d=mm&r=g","contentUrl":"https:\/\/secure.gravatar.com\/avatar\/38db407e1ab9b284bf45e3bff4ec5cf1e034e364f09b2ee054619614662a717b?s=96&d=mm&r=g","caption":"webmolina"},"url":"https:\/\/centresmolina.com\/centreensenyament\/es\/author\/webmolina\/"}]}},"_links":{"self":[{"href":"https:\/\/centresmolina.com\/centreensenyament\/es\/wp-json\/wp\/v2\/posts\/3346\/"}],"collection":[{"href":"https:\/\/centresmolina.com\/centreensenyament\/es\/wp-json\/wp\/v2\/posts\/"}],"about":[{"href":"https:\/\/centresmolina.com\/centreensenyament\/es\/wp-json\/wp\/v2\/types\/post\/"}],"author":[{"embeddable":true,"href":"https:\/\/centresmolina.com\/centreensenyament\/es\/wp-json\/wp\/v2\/users\/3\/"}],"replies":[{"embeddable":true,"href":"https:\/\/centresmolina.com\/centreensenyament\/es\/wp-json\/wp\/v2\/comments\/?post=3346"}],"version-history":[{"count":2,"href":"https:\/\/centresmolina.com\/centreensenyament\/es\/wp-json\/wp\/v2\/posts\/3346\/revisions\/"}],"predecessor-version":[{"id":3385,"href":"https:\/\/centresmolina.com\/centreensenyament\/es\/wp-json\/wp\/v2\/posts\/3346\/revisions\/3385\/"}],"wp:featuredmedia":[{"embeddable":true,"href":"https:\/\/centresmolina.com\/centreensenyament\/es\/wp-json\/wp\/v2\/media\/3344\/"}],"wp:attachment":[{"href":"https:\/\/centresmolina.com\/centreensenyament\/es\/wp-json\/wp\/v2\/media\/?parent=3346"}],"wp:term":[{"taxonomy":"category","embeddable":true,"href":"https:\/\/centresmolina.com\/centreensenyament\/es\/wp-json\/wp\/v2\/categories\/?post=3346"},{"taxonomy":"post_tag","embeddable":true,"href":"https:\/\/centresmolina.com\/centreensenyament\/es\/wp-json\/wp\/v2\/tags\/?post=3346"}],"curies":[{"name":"wp","href":"https:\/\/api.w.org\/{rel}","templated":true}]}}