{"id":3381,"date":"2016-12-07T11:54:00","date_gmt":"2016-12-07T11:54:00","guid":{"rendered":"http:\/\/centresmolina.com\/centreensenyament\/es\/2016\/12\/07\/taller-de-percussio\/"},"modified":"2016-12-10T12:05:35","modified_gmt":"2016-12-10T12:05:35","slug":"taller-de-percussio","status":"publish","type":"post","link":"https:\/\/centresmolina.com\/centreensenyament\/es\/2016\/12\/07\/taller-de-percussio\/","title":{"rendered":"TALLER DE PERCUSI\u00d3N"},"content":{"rendered":"<p>Hemos ido al Centro C\u00edvico \u00abCan Verdaguer\u00bb y nos han ofrecido \u00a0un Taller de Percusi\u00f3n muy\u00a0interesante.<\/p>\n<p>\u00a1Disfrutamos de la m\u00fasica, que nace\u00a0de nuestras propias manos!<\/p>\n\n\t\t<style type=\"text\/css\">\n\t\t\t#gallery-1 {\n\t\t\t\tmargin: auto;\n\t\t\t}\n\t\t\t#gallery-1 .gallery-item {\n\t\t\t\tfloat: left;\n\t\t\t\tmargin-top: 10px;\n\t\t\t\ttext-align: center;\n\t\t\t\twidth: 100%;\n\t\t\t}\n\t\t\t#gallery-1 img {\n\t\t\t\tborder: 2px solid #cfcfcf;\n\t\t\t}\n\t\t\t#gallery-1 .gallery-caption {\n\t\t\t\tmargin-left: 0;\n\t\t\t}\n\t\t\t\/* see gallery_shortcode() in wp-includes\/media.php *\/\n\t\t<\/style>\n\t\t<div id='gallery-1' class='gallery galleryid-3381 gallery-columns-1 gallery-size-large'><dl class='gallery-item'>\n\t\t\t<dt class='gallery-icon landscape'>\n\t\t\t\t<a href='https:\/\/centresmolina.com\/centreensenyament\/es\/2016\/12\/07\/taller-de-percussio\/percussio-eso-4\/'><img loading=\"lazy\" decoding=\"async\" width=\"1024\" height=\"576\" src=\"https:\/\/centresmolina.com\/centreensenyament\/files\/2016\/12\/Percussi\u00f3-ESO-4-1024x576.jpg\" class=\"attachment-large size-large\" alt=\"\" srcset=\"https:\/\/centresmolina.com\/centreensenyament\/files\/2016\/12\/Percussi\u00f3-ESO-4-1024x576.jpg 1024w, https:\/\/centresmolina.com\/centreensenyament\/files\/2016\/12\/Percussi\u00f3-ESO-4-300x169.jpg 300w, https:\/\/centresmolina.com\/centreensenyament\/files\/2016\/12\/Percussi\u00f3-ESO-4-768x432.jpg 768w, https:\/\/centresmolina.com\/centreensenyament\/files\/2016\/12\/Percussi\u00f3-ESO-4.jpg 1280w\" sizes=\"auto, (max-width: 1024px) 100vw, 1024px\" \/><\/a>\n\t\t\t<\/dt><\/dl><br style=\"clear: both\" \/><dl class='gallery-item'>\n\t\t\t<dt class='gallery-icon landscape'>\n\t\t\t\t<a href='https:\/\/centresmolina.com\/centreensenyament\/es\/2016\/12\/07\/taller-de-percussio\/edf\/'><img loading=\"lazy\" decoding=\"async\" width=\"1024\" height=\"768\" src=\"https:\/\/centresmolina.com\/centreensenyament\/files\/2016\/12\/Percussi\u00f3-ESO-2-1024x768.jpg\" class=\"attachment-large size-large\" alt=\"\" srcset=\"https:\/\/centresmolina.com\/centreensenyament\/files\/2016\/12\/Percussi\u00f3-ESO-2-1024x768.jpg 1024w, https:\/\/centresmolina.com\/centreensenyament\/files\/2016\/12\/Percussi\u00f3-ESO-2-300x225.jpg 300w, https:\/\/centresmolina.com\/centreensenyament\/files\/2016\/12\/Percussi\u00f3-ESO-2-768x576.jpg 768w, https:\/\/centresmolina.com\/centreensenyament\/files\/2016\/12\/Percussi\u00f3-ESO-2.jpg 1280w\" sizes=\"auto, (max-width: 1024px) 100vw, 1024px\" \/><\/a>\n\t\t\t<\/dt><\/dl><br style=\"clear: both\" \/><dl class='gallery-item'>\n\t\t\t<dt class='gallery-icon landscape'>\n\t\t\t\t<a href='https:\/\/centresmolina.com\/centreensenyament\/es\/2016\/12\/07\/taller-de-percussio\/percussio-eso-5\/'><img loading=\"lazy\" decoding=\"async\" width=\"1024\" height=\"576\" src=\"https:\/\/centresmolina.com\/centreensenyament\/files\/2016\/12\/Percussi\u00f3-ESO-5-1024x576.jpg\" class=\"attachment-large size-large\" alt=\"\" srcset=\"https:\/\/centresmolina.com\/centreensenyament\/files\/2016\/12\/Percussi\u00f3-ESO-5-1024x576.jpg 1024w, https:\/\/centresmolina.com\/centreensenyament\/files\/2016\/12\/Percussi\u00f3-ESO-5-300x169.jpg 300w, https:\/\/centresmolina.com\/centreensenyament\/files\/2016\/12\/Percussi\u00f3-ESO-5-768x432.jpg 768w, https:\/\/centresmolina.com\/centreensenyament\/files\/2016\/12\/Percussi\u00f3-ESO-5.jpg 1280w\" sizes=\"auto, (max-width: 1024px) 100vw, 1024px\" \/><\/a>\n\t\t\t<\/dt><\/dl><br style=\"clear: both\" \/><dl class='gallery-item'>\n\t\t\t<dt class='gallery-icon landscape'>\n\t\t\t\t<a href='https:\/\/centresmolina.com\/centreensenyament\/es\/2016\/12\/07\/taller-de-percussio\/percussio-eso-6\/'><img loading=\"lazy\" decoding=\"async\" width=\"1024\" height=\"576\" src=\"https:\/\/centresmolina.com\/centreensenyament\/files\/2016\/12\/Percussi\u00f3-ESO-6-1024x576.jpg\" class=\"attachment-large size-large\" alt=\"\" srcset=\"https:\/\/centresmolina.com\/centreensenyament\/files\/2016\/12\/Percussi\u00f3-ESO-6-1024x576.jpg 1024w, https:\/\/centresmolina.com\/centreensenyament\/files\/2016\/12\/Percussi\u00f3-ESO-6-300x169.jpg 300w, https:\/\/centresmolina.com\/centreensenyament\/files\/2016\/12\/Percussi\u00f3-ESO-6-768x432.jpg 768w, https:\/\/centresmolina.com\/centreensenyament\/files\/2016\/12\/Percussi\u00f3-ESO-6.jpg 1280w\" sizes=\"auto, (max-width: 1024px) 100vw, 1024px\" \/><\/a>\n\t\t\t<\/dt><\/dl><br style=\"clear: both\" \/>\n\t\t<\/div>\n\n<p>!<\/p>\n","protected":false},"excerpt":{"rendered":"<p>Hemos ido al Centro C\u00edvico \u00abCan Verdaguer\u00bb y nos han ofrecido \u00a0un Taller de Percusi\u00f3n muy\u00a0interesante. \u00a1Disfrutamos de la m\u00fasica,&#8230;<\/p>\n","protected":false},"author":3,"featured_media":3371,"comment_status":"open","ping_status":"open","sticky":false,"template":"","format":"standard","meta":{"footnotes":""},"categories":[15],"tags":[104,111,75,62,70,60,34,74,63,208,209,22],"class_list":["post-3381","post","type-post","status-publish","format-standard","has-post-thumbnail","hentry","category-noticias-2","tag-1r-deso-es","tag-3r-eso-es","tag-desenvolupament-personal-i-academic-es","tag-educacio-es","tag-ensenyament-es","tag-escola-es","tag-eso-es","tag-estil-propi-es","tag-formacio-es","tag-musica-es","tag-percussio-es","tag-sortida-es"],"yoast_head":"<!-- This site is optimized with the Yoast SEO plugin v27.2 - https:\/\/yoast.com\/product\/yoast-seo-wordpress\/ -->\n<title>TALLER DE PERCUSI\u00d3N - Centros de ense\u00f1anza<\/title>\n<meta name=\"robots\" content=\"index, follow, max-snippet:-1, max-image-preview:large, max-video-preview:-1\" \/>\n<link rel=\"canonical\" href=\"https:\/\/centresmolina.com\/centreensenyament\/es\/2016\/12\/07\/taller-de-percussio\/\" \/>\n<meta property=\"og:locale\" content=\"es_ES\" \/>\n<meta property=\"og:type\" content=\"article\" \/>\n<meta property=\"og:title\" content=\"TALLER DE PERCUSI\u00d3N - Centros de ense\u00f1anza\" \/>\n<meta property=\"og:description\" content=\"Hemos ido al Centro C\u00edvico \u00abCan Verdaguer\u00bb y nos han ofrecido \u00a0un Taller de Percusi\u00f3n muy\u00a0interesante. \u00a1Disfrutamos de la m\u00fasica,...\" \/>\n<meta property=\"og:url\" content=\"https:\/\/centresmolina.com\/centreensenyament\/es\/2016\/12\/07\/taller-de-percussio\/\" \/>\n<meta property=\"og:site_name\" content=\"Centros de ense\u00f1anza\" \/>\n<meta property=\"article:published_time\" content=\"2016-12-07T11:54:00+00:00\" \/>\n<meta property=\"article:modified_time\" content=\"2016-12-10T12:05:35+00:00\" \/>\n<meta property=\"og:image\" content=\"https:\/\/centresmolina.com\/centreensenyament\/files\/2016\/12\/Percussi\u00f3-ESO-1.jpg\" \/>\n\t<meta property=\"og:image:width\" content=\"1280\" \/>\n\t<meta property=\"og:image:height\" content=\"828\" \/>\n\t<meta property=\"og:image:type\" content=\"image\/jpeg\" \/>\n<meta name=\"author\" content=\"webmolina\" \/>\n<meta name=\"twitter:label1\" content=\"Escrito por\" \/>\n\t<meta name=\"twitter:data1\" content=\"webmolina\" \/>\n<script type=\"application\/ld+json\" class=\"yoast-schema-graph\">{\"@context\":\"https:\/\/schema.org\",\"@graph\":[{\"@type\":\"Article\",\"@id\":\"https:\/\/centresmolina.com\/centreensenyament\/es\/2016\/12\/07\/taller-de-percussio\/#article\",\"isPartOf\":{\"@id\":\"https:\/\/centresmolina.com\/centreensenyament\/es\/2016\/12\/07\/taller-de-percussio\/\"},\"author\":{\"name\":\"webmolina\",\"@id\":\"https:\/\/centresmolina.com\/centreensenyament\/#\/schema\/person\/308d85d274adff04b5c51d47e8aff6cc\"},\"headline\":\"TALLER DE PERCUSI\u00d3N\",\"datePublished\":\"2016-12-07T11:54:00+00:00\",\"dateModified\":\"2016-12-10T12:05:35+00:00\",\"mainEntityOfPage\":{\"@id\":\"https:\/\/centresmolina.com\/centreensenyament\/es\/2016\/12\/07\/taller-de-percussio\/\"},\"wordCount\":39,\"commentCount\":0,\"image\":{\"@id\":\"https:\/\/centresmolina.com\/centreensenyament\/es\/2016\/12\/07\/taller-de-percussio\/#primaryimage\"},\"thumbnailUrl\":\"https:\/\/centresmolina.com\/centreensenyament\/files\/2016\/12\/Percussi\u00f3-ESO-1.jpg\",\"keywords\":[\"1r d'ESO @es\",\"3r ESO @es\",\"desenvolupament personal i acad\u00e8mic @es\",\"educaci\u00f3 @es\",\"ensenyament @es\",\"Escola @es\",\"ESO @es\",\"estil propi @es\",\"formaci\u00f3 @es\",\"M\u00fasica\",\"Percussi\u00f3\",\"Sortida @es\"],\"articleSection\":[\"Noticias\"],\"inLanguage\":\"es\",\"potentialAction\":[{\"@type\":\"CommentAction\",\"name\":\"Comment\",\"target\":[\"https:\/\/centresmolina.com\/centreensenyament\/es\/2016\/12\/07\/taller-de-percussio\/#respond\"]}]},{\"@type\":\"WebPage\",\"@id\":\"https:\/\/centresmolina.com\/centreensenyament\/es\/2016\/12\/07\/taller-de-percussio\/\",\"url\":\"https:\/\/centresmolina.com\/centreensenyament\/es\/2016\/12\/07\/taller-de-percussio\/\",\"name\":\"TALLER DE PERCUSI\u00d3N - Centros de ense\u00f1anza\",\"isPartOf\":{\"@id\":\"https:\/\/centresmolina.com\/centreensenyament\/#website\"},\"primaryImageOfPage\":{\"@id\":\"https:\/\/centresmolina.com\/centreensenyament\/es\/2016\/12\/07\/taller-de-percussio\/#primaryimage\"},\"image\":{\"@id\":\"https:\/\/centresmolina.com\/centreensenyament\/es\/2016\/12\/07\/taller-de-percussio\/#primaryimage\"},\"thumbnailUrl\":\"https:\/\/centresmolina.com\/centreensenyament\/files\/2016\/12\/Percussi\u00f3-ESO-1.jpg\",\"datePublished\":\"2016-12-07T11:54:00+00:00\",\"dateModified\":\"2016-12-10T12:05:35+00:00\",\"author\":{\"@id\":\"https:\/\/centresmolina.com\/centreensenyament\/#\/schema\/person\/308d85d274adff04b5c51d47e8aff6cc\"},\"breadcrumb\":{\"@id\":\"https:\/\/centresmolina.com\/centreensenyament\/es\/2016\/12\/07\/taller-de-percussio\/#breadcrumb\"},\"inLanguage\":\"es\",\"potentialAction\":[{\"@type\":\"ReadAction\",\"target\":[\"https:\/\/centresmolina.com\/centreensenyament\/es\/2016\/12\/07\/taller-de-percussio\/\"]}]},{\"@type\":\"ImageObject\",\"inLanguage\":\"es\",\"@id\":\"https:\/\/centresmolina.com\/centreensenyament\/es\/2016\/12\/07\/taller-de-percussio\/#primaryimage\",\"url\":\"https:\/\/centresmolina.com\/centreensenyament\/files\/2016\/12\/Percussi\u00f3-ESO-1.jpg\",\"contentUrl\":\"https:\/\/centresmolina.com\/centreensenyament\/files\/2016\/12\/Percussi\u00f3-ESO-1.jpg\",\"width\":1280,\"height\":828},{\"@type\":\"BreadcrumbList\",\"@id\":\"https:\/\/centresmolina.com\/centreensenyament\/es\/2016\/12\/07\/taller-de-percussio\/#breadcrumb\",\"itemListElement\":[{\"@type\":\"ListItem\",\"position\":1,\"name\":\"Portada\",\"item\":\"https:\/\/centresmolina.com\/centreensenyament\/es\/\"},{\"@type\":\"ListItem\",\"position\":2,\"name\":\"TALLER DE PERCUSI\u00d3N\"}]},{\"@type\":\"WebSite\",\"@id\":\"https:\/\/centresmolina.com\/centreensenyament\/#website\",\"url\":\"https:\/\/centresmolina.com\/centreensenyament\/\",\"name\":\"Centros de ense\u00f1anza\",\"description\":\"Centres Molina - Centros de ense\u00f1anza\",\"potentialAction\":[{\"@type\":\"SearchAction\",\"target\":{\"@type\":\"EntryPoint\",\"urlTemplate\":\"https:\/\/centresmolina.com\/centreensenyament\/?s={search_term_string}\"},\"query-input\":{\"@type\":\"PropertyValueSpecification\",\"valueRequired\":true,\"valueName\":\"search_term_string\"}}],\"inLanguage\":\"es\"},{\"@type\":\"Person\",\"@id\":\"https:\/\/centresmolina.com\/centreensenyament\/#\/schema\/person\/308d85d274adff04b5c51d47e8aff6cc\",\"name\":\"webmolina\",\"image\":{\"@type\":\"ImageObject\",\"inLanguage\":\"es\",\"@id\":\"https:\/\/secure.gravatar.com\/avatar\/38db407e1ab9b284bf45e3bff4ec5cf1e034e364f09b2ee054619614662a717b?s=96&d=mm&r=g\",\"url\":\"https:\/\/secure.gravatar.com\/avatar\/38db407e1ab9b284bf45e3bff4ec5cf1e034e364f09b2ee054619614662a717b?s=96&d=mm&r=g\",\"contentUrl\":\"https:\/\/secure.gravatar.com\/avatar\/38db407e1ab9b284bf45e3bff4ec5cf1e034e364f09b2ee054619614662a717b?s=96&d=mm&r=g\",\"caption\":\"webmolina\"},\"url\":\"https:\/\/centresmolina.com\/centreensenyament\/es\/author\/webmolina\/\"}]}<\/script>\n<!-- \/ Yoast SEO plugin. -->","yoast_head_json":{"title":"TALLER DE PERCUSI\u00d3N - Centros de ense\u00f1anza","robots":{"index":"index","follow":"follow","max-snippet":"max-snippet:-1","max-image-preview":"max-image-preview:large","max-video-preview":"max-video-preview:-1"},"canonical":"https:\/\/centresmolina.com\/centreensenyament\/es\/2016\/12\/07\/taller-de-percussio\/","og_locale":"es_ES","og_type":"article","og_title":"TALLER DE PERCUSI\u00d3N - Centros de ense\u00f1anza","og_description":"Hemos ido al Centro C\u00edvico \u00abCan Verdaguer\u00bb y nos han ofrecido \u00a0un Taller de Percusi\u00f3n muy\u00a0interesante. \u00a1Disfrutamos de la m\u00fasica,...","og_url":"https:\/\/centresmolina.com\/centreensenyament\/es\/2016\/12\/07\/taller-de-percussio\/","og_site_name":"Centros de ense\u00f1anza","article_published_time":"2016-12-07T11:54:00+00:00","article_modified_time":"2016-12-10T12:05:35+00:00","og_image":[{"width":1280,"height":828,"url":"https:\/\/centresmolina.com\/centreensenyament\/files\/2016\/12\/Percussi\u00f3-ESO-1.jpg","type":"image\/jpeg"}],"author":"webmolina","twitter_misc":{"Escrito por":"webmolina"},"schema":{"@context":"https:\/\/schema.org","@graph":[{"@type":"Article","@id":"https:\/\/centresmolina.com\/centreensenyament\/es\/2016\/12\/07\/taller-de-percussio\/#article","isPartOf":{"@id":"https:\/\/centresmolina.com\/centreensenyament\/es\/2016\/12\/07\/taller-de-percussio\/"},"author":{"name":"webmolina","@id":"https:\/\/centresmolina.com\/centreensenyament\/#\/schema\/person\/308d85d274adff04b5c51d47e8aff6cc"},"headline":"TALLER DE PERCUSI\u00d3N","datePublished":"2016-12-07T11:54:00+00:00","dateModified":"2016-12-10T12:05:35+00:00","mainEntityOfPage":{"@id":"https:\/\/centresmolina.com\/centreensenyament\/es\/2016\/12\/07\/taller-de-percussio\/"},"wordCount":39,"commentCount":0,"image":{"@id":"https:\/\/centresmolina.com\/centreensenyament\/es\/2016\/12\/07\/taller-de-percussio\/#primaryimage"},"thumbnailUrl":"https:\/\/centresmolina.com\/centreensenyament\/files\/2016\/12\/Percussi\u00f3-ESO-1.jpg","keywords":["1r d'ESO @es","3r ESO @es","desenvolupament personal i acad\u00e8mic @es","educaci\u00f3 @es","ensenyament @es","Escola @es","ESO @es","estil propi @es","formaci\u00f3 @es","M\u00fasica","Percussi\u00f3","Sortida @es"],"articleSection":["Noticias"],"inLanguage":"es","potentialAction":[{"@type":"CommentAction","name":"Comment","target":["https:\/\/centresmolina.com\/centreensenyament\/es\/2016\/12\/07\/taller-de-percussio\/#respond"]}]},{"@type":"WebPage","@id":"https:\/\/centresmolina.com\/centreensenyament\/es\/2016\/12\/07\/taller-de-percussio\/","url":"https:\/\/centresmolina.com\/centreensenyament\/es\/2016\/12\/07\/taller-de-percussio\/","name":"TALLER DE PERCUSI\u00d3N - Centros de ense\u00f1anza","isPartOf":{"@id":"https:\/\/centresmolina.com\/centreensenyament\/#website"},"primaryImageOfPage":{"@id":"https:\/\/centresmolina.com\/centreensenyament\/es\/2016\/12\/07\/taller-de-percussio\/#primaryimage"},"image":{"@id":"https:\/\/centresmolina.com\/centreensenyament\/es\/2016\/12\/07\/taller-de-percussio\/#primaryimage"},"thumbnailUrl":"https:\/\/centresmolina.com\/centreensenyament\/files\/2016\/12\/Percussi\u00f3-ESO-1.jpg","datePublished":"2016-12-07T11:54:00+00:00","dateModified":"2016-12-10T12:05:35+00:00","author":{"@id":"https:\/\/centresmolina.com\/centreensenyament\/#\/schema\/person\/308d85d274adff04b5c51d47e8aff6cc"},"breadcrumb":{"@id":"https:\/\/centresmolina.com\/centreensenyament\/es\/2016\/12\/07\/taller-de-percussio\/#breadcrumb"},"inLanguage":"es","potentialAction":[{"@type":"ReadAction","target":["https:\/\/centresmolina.com\/centreensenyament\/es\/2016\/12\/07\/taller-de-percussio\/"]}]},{"@type":"ImageObject","inLanguage":"es","@id":"https:\/\/centresmolina.com\/centreensenyament\/es\/2016\/12\/07\/taller-de-percussio\/#primaryimage","url":"https:\/\/centresmolina.com\/centreensenyament\/files\/2016\/12\/Percussi\u00f3-ESO-1.jpg","contentUrl":"https:\/\/centresmolina.com\/centreensenyament\/files\/2016\/12\/Percussi\u00f3-ESO-1.jpg","width":1280,"height":828},{"@type":"BreadcrumbList","@id":"https:\/\/centresmolina.com\/centreensenyament\/es\/2016\/12\/07\/taller-de-percussio\/#breadcrumb","itemListElement":[{"@type":"ListItem","position":1,"name":"Portada","item":"https:\/\/centresmolina.com\/centreensenyament\/es\/"},{"@type":"ListItem","position":2,"name":"TALLER DE PERCUSI\u00d3N"}]},{"@type":"WebSite","@id":"https:\/\/centresmolina.com\/centreensenyament\/#website","url":"https:\/\/centresmolina.com\/centreensenyament\/","name":"Centros de ense\u00f1anza","description":"Centres Molina - Centros de ense\u00f1anza","potentialAction":[{"@type":"SearchAction","target":{"@type":"EntryPoint","urlTemplate":"https:\/\/centresmolina.com\/centreensenyament\/?s={search_term_string}"},"query-input":{"@type":"PropertyValueSpecification","valueRequired":true,"valueName":"search_term_string"}}],"inLanguage":"es"},{"@type":"Person","@id":"https:\/\/centresmolina.com\/centreensenyament\/#\/schema\/person\/308d85d274adff04b5c51d47e8aff6cc","name":"webmolina","image":{"@type":"ImageObject","inLanguage":"es","@id":"https:\/\/secure.gravatar.com\/avatar\/38db407e1ab9b284bf45e3bff4ec5cf1e034e364f09b2ee054619614662a717b?s=96&d=mm&r=g","url":"https:\/\/secure.gravatar.com\/avatar\/38db407e1ab9b284bf45e3bff4ec5cf1e034e364f09b2ee054619614662a717b?s=96&d=mm&r=g","contentUrl":"https:\/\/secure.gravatar.com\/avatar\/38db407e1ab9b284bf45e3bff4ec5cf1e034e364f09b2ee054619614662a717b?s=96&d=mm&r=g","caption":"webmolina"},"url":"https:\/\/centresmolina.com\/centreensenyament\/es\/author\/webmolina\/"}]}},"_links":{"self":[{"href":"https:\/\/centresmolina.com\/centreensenyament\/es\/wp-json\/wp\/v2\/posts\/3381\/"}],"collection":[{"href":"https:\/\/centresmolina.com\/centreensenyament\/es\/wp-json\/wp\/v2\/posts\/"}],"about":[{"href":"https:\/\/centresmolina.com\/centreensenyament\/es\/wp-json\/wp\/v2\/types\/post\/"}],"author":[{"embeddable":true,"href":"https:\/\/centresmolina.com\/centreensenyament\/es\/wp-json\/wp\/v2\/users\/3\/"}],"replies":[{"embeddable":true,"href":"https:\/\/centresmolina.com\/centreensenyament\/es\/wp-json\/wp\/v2\/comments\/?post=3381"}],"version-history":[{"count":1,"href":"https:\/\/centresmolina.com\/centreensenyament\/es\/wp-json\/wp\/v2\/posts\/3381\/revisions\/"}],"predecessor-version":[{"id":3383,"href":"https:\/\/centresmolina.com\/centreensenyament\/es\/wp-json\/wp\/v2\/posts\/3381\/revisions\/3383\/"}],"wp:featuredmedia":[{"embeddable":true,"href":"https:\/\/centresmolina.com\/centreensenyament\/es\/wp-json\/wp\/v2\/media\/3371\/"}],"wp:attachment":[{"href":"https:\/\/centresmolina.com\/centreensenyament\/es\/wp-json\/wp\/v2\/media\/?parent=3381"}],"wp:term":[{"taxonomy":"category","embeddable":true,"href":"https:\/\/centresmolina.com\/centreensenyament\/es\/wp-json\/wp\/v2\/categories\/?post=3381"},{"taxonomy":"post_tag","embeddable":true,"href":"https:\/\/centresmolina.com\/centreensenyament\/es\/wp-json\/wp\/v2\/tags\/?post=3381"}],"curies":[{"name":"wp","href":"https:\/\/api.w.org\/{rel}","templated":true}]}}