{"id":5057,"date":"2017-08-28T10:22:21","date_gmt":"2017-08-28T10:22:21","guid":{"rendered":"http:\/\/centresmolina.com\/centreensenyament\/?p=5057\/"},"modified":"2017-08-28T15:41:37","modified_gmt":"2017-08-28T15:41:37","slug":"barcelona","status":"publish","type":"post","link":"https:\/\/centresmolina.com\/centreensenyament\/es\/2017\/08\/28\/barcelona\/","title":{"rendered":"Barcelona"},"content":{"rendered":"<p><iframe loading=\"lazy\" title=\"26 d&#039;agost, pla\u00e7a Catalunya\" width=\"500\" height=\"281\" src=\"https:\/\/www.youtube.com\/embed\/KetL1AemtS4?feature=oembed\" frameborder=\"0\" allow=\"accelerometer; autoplay; clipboard-write; encrypted-media; gyroscope; picture-in-picture; web-share\" referrerpolicy=\"strict-origin-when-cross-origin\" allowfullscreen><\/iframe><\/p>\n<p>Ante los recientes atentados en Barcelona y Cambrils, queremos sumarnos a las muestras de apoyo a las v\u00edctimas y familiares, as\u00ed como las llamadas a vivir en paz y sin miedo.<\/p>\n<p>Nuestra escuela seguir\u00e1 caracteriz\u00e1ndose por ser espacio de acogida e integraci\u00f3n, donde los alumnos se educan en el respeto y la convivencia. Esta es nuestra propuesta educativa y nuestra respuesta a la violencia.<\/p>\n<p>Animamos a las familias a vivir conjuntamente los terribles hechos de estos d\u00edas, a explicar qu\u00e9 ha pasado a los ni\u00f1os con sencillez y sin rehuir el dolor, a comentar con los m\u00e1s grandes lo que ha sucedido, escuchando sus dudas y d\u00e1ndoles respuestas serenas y esperanzadas. Y a todos, peque\u00f1os y grandes, hacerles ver que en los momentos de gran dificultad las personas dan muestras de bondad, ayudando espont\u00e1neamente los dem\u00e1s, y que no podemos dejar que el miedo nos paralice.<\/p>\n<p>El informativo m\u00e1s joven de Televisi\u00f3 de Catalunya, el InfoK explica <strong><a href=\"http:\/\/www.ccma.cat\/tv3\/super3\/infok\/especial-junts-contra-la-por\/video\/5684870\/\" target=\"_blank\" rel=\"noopener noreferrer\">qu\u00e9 es el terrorismo<\/a>\u00a0<\/strong>\u00a0y tambi\u00e9n <a href=\"http:\/\/www.ccma.cat\/tv3\/super3\/que-es-estat-islamic-i-que-hi-te-a-veure-amb-lislam\/video\/5684855\/\" target=\"_blank\" rel=\"noopener noreferrer\"><strong>qu\u00e9 es Estado Isl\u00e1mico y si tiene algo que ver con el islam<\/strong>.<\/a><\/p>\n<p>&nbsp;<\/p>\n","protected":false},"excerpt":{"rendered":"<p>Ante los recientes atentados en Barcelona y Cambrils, queremos sumarnos a las muestras de apoyo a las v\u00edctimas y familiares,&#8230;<\/p>\n","protected":false},"author":3,"featured_media":5062,"comment_status":"open","ping_status":"open","sticky":false,"template":"","format":"standard","meta":{"footnotes":""},"categories":[15],"tags":[],"class_list":["post-5057","post","type-post","status-publish","format-standard","has-post-thumbnail","hentry","category-noticias-2"],"yoast_head":"<!-- This site is optimized with the Yoast SEO plugin v27.2 - https:\/\/yoast.com\/product\/yoast-seo-wordpress\/ -->\n<title>Barcelona - Centros de ense\u00f1anza<\/title>\n<meta name=\"robots\" content=\"index, follow, max-snippet:-1, max-image-preview:large, max-video-preview:-1\" \/>\n<link rel=\"canonical\" href=\"https:\/\/centresmolina.com\/centreensenyament\/es\/2017\/08\/28\/barcelona\/\" \/>\n<meta property=\"og:locale\" content=\"es_ES\" \/>\n<meta property=\"og:type\" content=\"article\" \/>\n<meta property=\"og:title\" content=\"Barcelona - Centros de ense\u00f1anza\" \/>\n<meta property=\"og:description\" content=\"Ante los recientes atentados en Barcelona y Cambrils, queremos sumarnos a las muestras de apoyo a las v\u00edctimas y familiares,...\" \/>\n<meta property=\"og:url\" content=\"https:\/\/centresmolina.com\/centreensenyament\/es\/2017\/08\/28\/barcelona\/\" \/>\n<meta property=\"og:site_name\" content=\"Centros de ense\u00f1anza\" \/>\n<meta property=\"article:published_time\" content=\"2017-08-28T10:22:21+00:00\" \/>\n<meta property=\"article:modified_time\" content=\"2017-08-28T15:41:37+00:00\" \/>\n<meta property=\"og:image\" content=\"https:\/\/centresmolina.com\/centreensenyament\/files\/2017\/08\/20905_DHdbyU-XUAEv7Bx1-690x460.jpg\" \/>\n\t<meta property=\"og:image:width\" content=\"690\" \/>\n\t<meta property=\"og:image:height\" content=\"460\" \/>\n\t<meta property=\"og:image:type\" content=\"image\/jpeg\" \/>\n<meta name=\"author\" content=\"webmolina\" \/>\n<meta name=\"twitter:label1\" content=\"Escrito por\" \/>\n\t<meta name=\"twitter:data1\" content=\"webmolina\" \/>\n\t<meta name=\"twitter:label2\" content=\"Tiempo de lectura\" \/>\n\t<meta name=\"twitter:data2\" content=\"1 minuto\" \/>\n<script type=\"application\/ld+json\" class=\"yoast-schema-graph\">{\"@context\":\"https:\/\/schema.org\",\"@graph\":[{\"@type\":\"Article\",\"@id\":\"https:\/\/centresmolina.com\/centreensenyament\/es\/2017\/08\/28\/barcelona\/#article\",\"isPartOf\":{\"@id\":\"https:\/\/centresmolina.com\/centreensenyament\/es\/2017\/08\/28\/barcelona\/\"},\"author\":{\"name\":\"webmolina\",\"@id\":\"https:\/\/centresmolina.com\/centreensenyament\/#\/schema\/person\/308d85d274adff04b5c51d47e8aff6cc\"},\"headline\":\"Barcelona\",\"datePublished\":\"2017-08-28T10:22:21+00:00\",\"dateModified\":\"2017-08-28T15:41:37+00:00\",\"mainEntityOfPage\":{\"@id\":\"https:\/\/centresmolina.com\/centreensenyament\/es\/2017\/08\/28\/barcelona\/\"},\"wordCount\":205,\"commentCount\":0,\"image\":{\"@id\":\"https:\/\/centresmolina.com\/centreensenyament\/es\/2017\/08\/28\/barcelona\/#primaryimage\"},\"thumbnailUrl\":\"https:\/\/centresmolina.com\/centreensenyament\/files\/2017\/08\/20905_DHdbyU-XUAEv7Bx1-690x460.jpg\",\"articleSection\":[\"Noticias\"],\"inLanguage\":\"es\",\"potentialAction\":[{\"@type\":\"CommentAction\",\"name\":\"Comment\",\"target\":[\"https:\/\/centresmolina.com\/centreensenyament\/es\/2017\/08\/28\/barcelona\/#respond\"]}]},{\"@type\":\"WebPage\",\"@id\":\"https:\/\/centresmolina.com\/centreensenyament\/es\/2017\/08\/28\/barcelona\/\",\"url\":\"https:\/\/centresmolina.com\/centreensenyament\/es\/2017\/08\/28\/barcelona\/\",\"name\":\"Barcelona - Centros de ense\u00f1anza\",\"isPartOf\":{\"@id\":\"https:\/\/centresmolina.com\/centreensenyament\/#website\"},\"primaryImageOfPage\":{\"@id\":\"https:\/\/centresmolina.com\/centreensenyament\/es\/2017\/08\/28\/barcelona\/#primaryimage\"},\"image\":{\"@id\":\"https:\/\/centresmolina.com\/centreensenyament\/es\/2017\/08\/28\/barcelona\/#primaryimage\"},\"thumbnailUrl\":\"https:\/\/centresmolina.com\/centreensenyament\/files\/2017\/08\/20905_DHdbyU-XUAEv7Bx1-690x460.jpg\",\"datePublished\":\"2017-08-28T10:22:21+00:00\",\"dateModified\":\"2017-08-28T15:41:37+00:00\",\"author\":{\"@id\":\"https:\/\/centresmolina.com\/centreensenyament\/#\/schema\/person\/308d85d274adff04b5c51d47e8aff6cc\"},\"breadcrumb\":{\"@id\":\"https:\/\/centresmolina.com\/centreensenyament\/es\/2017\/08\/28\/barcelona\/#breadcrumb\"},\"inLanguage\":\"es\",\"potentialAction\":[{\"@type\":\"ReadAction\",\"target\":[\"https:\/\/centresmolina.com\/centreensenyament\/es\/2017\/08\/28\/barcelona\/\"]}]},{\"@type\":\"ImageObject\",\"inLanguage\":\"es\",\"@id\":\"https:\/\/centresmolina.com\/centreensenyament\/es\/2017\/08\/28\/barcelona\/#primaryimage\",\"url\":\"https:\/\/centresmolina.com\/centreensenyament\/files\/2017\/08\/20905_DHdbyU-XUAEv7Bx1-690x460.jpg\",\"contentUrl\":\"https:\/\/centresmolina.com\/centreensenyament\/files\/2017\/08\/20905_DHdbyU-XUAEv7Bx1-690x460.jpg\",\"width\":690,\"height\":460},{\"@type\":\"BreadcrumbList\",\"@id\":\"https:\/\/centresmolina.com\/centreensenyament\/es\/2017\/08\/28\/barcelona\/#breadcrumb\",\"itemListElement\":[{\"@type\":\"ListItem\",\"position\":1,\"name\":\"Portada\",\"item\":\"https:\/\/centresmolina.com\/centreensenyament\/es\/\"},{\"@type\":\"ListItem\",\"position\":2,\"name\":\"Barcelona\"}]},{\"@type\":\"WebSite\",\"@id\":\"https:\/\/centresmolina.com\/centreensenyament\/#website\",\"url\":\"https:\/\/centresmolina.com\/centreensenyament\/\",\"name\":\"Centros de ense\u00f1anza\",\"description\":\"Centres Molina - Centros de ense\u00f1anza\",\"potentialAction\":[{\"@type\":\"SearchAction\",\"target\":{\"@type\":\"EntryPoint\",\"urlTemplate\":\"https:\/\/centresmolina.com\/centreensenyament\/?s={search_term_string}\"},\"query-input\":{\"@type\":\"PropertyValueSpecification\",\"valueRequired\":true,\"valueName\":\"search_term_string\"}}],\"inLanguage\":\"es\"},{\"@type\":\"Person\",\"@id\":\"https:\/\/centresmolina.com\/centreensenyament\/#\/schema\/person\/308d85d274adff04b5c51d47e8aff6cc\",\"name\":\"webmolina\",\"image\":{\"@type\":\"ImageObject\",\"inLanguage\":\"es\",\"@id\":\"https:\/\/secure.gravatar.com\/avatar\/38db407e1ab9b284bf45e3bff4ec5cf1e034e364f09b2ee054619614662a717b?s=96&d=mm&r=g\",\"url\":\"https:\/\/secure.gravatar.com\/avatar\/38db407e1ab9b284bf45e3bff4ec5cf1e034e364f09b2ee054619614662a717b?s=96&d=mm&r=g\",\"contentUrl\":\"https:\/\/secure.gravatar.com\/avatar\/38db407e1ab9b284bf45e3bff4ec5cf1e034e364f09b2ee054619614662a717b?s=96&d=mm&r=g\",\"caption\":\"webmolina\"},\"url\":\"https:\/\/centresmolina.com\/centreensenyament\/es\/author\/webmolina\/\"}]}<\/script>\n<!-- \/ Yoast SEO plugin. -->","yoast_head_json":{"title":"Barcelona - Centros de ense\u00f1anza","robots":{"index":"index","follow":"follow","max-snippet":"max-snippet:-1","max-image-preview":"max-image-preview:large","max-video-preview":"max-video-preview:-1"},"canonical":"https:\/\/centresmolina.com\/centreensenyament\/es\/2017\/08\/28\/barcelona\/","og_locale":"es_ES","og_type":"article","og_title":"Barcelona - Centros de ense\u00f1anza","og_description":"Ante los recientes atentados en Barcelona y Cambrils, queremos sumarnos a las muestras de apoyo a las v\u00edctimas y familiares,...","og_url":"https:\/\/centresmolina.com\/centreensenyament\/es\/2017\/08\/28\/barcelona\/","og_site_name":"Centros de ense\u00f1anza","article_published_time":"2017-08-28T10:22:21+00:00","article_modified_time":"2017-08-28T15:41:37+00:00","og_image":[{"width":690,"height":460,"url":"https:\/\/centresmolina.com\/centreensenyament\/files\/2017\/08\/20905_DHdbyU-XUAEv7Bx1-690x460.jpg","type":"image\/jpeg"}],"author":"webmolina","twitter_misc":{"Escrito por":"webmolina","Tiempo de lectura":"1 minuto"},"schema":{"@context":"https:\/\/schema.org","@graph":[{"@type":"Article","@id":"https:\/\/centresmolina.com\/centreensenyament\/es\/2017\/08\/28\/barcelona\/#article","isPartOf":{"@id":"https:\/\/centresmolina.com\/centreensenyament\/es\/2017\/08\/28\/barcelona\/"},"author":{"name":"webmolina","@id":"https:\/\/centresmolina.com\/centreensenyament\/#\/schema\/person\/308d85d274adff04b5c51d47e8aff6cc"},"headline":"Barcelona","datePublished":"2017-08-28T10:22:21+00:00","dateModified":"2017-08-28T15:41:37+00:00","mainEntityOfPage":{"@id":"https:\/\/centresmolina.com\/centreensenyament\/es\/2017\/08\/28\/barcelona\/"},"wordCount":205,"commentCount":0,"image":{"@id":"https:\/\/centresmolina.com\/centreensenyament\/es\/2017\/08\/28\/barcelona\/#primaryimage"},"thumbnailUrl":"https:\/\/centresmolina.com\/centreensenyament\/files\/2017\/08\/20905_DHdbyU-XUAEv7Bx1-690x460.jpg","articleSection":["Noticias"],"inLanguage":"es","potentialAction":[{"@type":"CommentAction","name":"Comment","target":["https:\/\/centresmolina.com\/centreensenyament\/es\/2017\/08\/28\/barcelona\/#respond"]}]},{"@type":"WebPage","@id":"https:\/\/centresmolina.com\/centreensenyament\/es\/2017\/08\/28\/barcelona\/","url":"https:\/\/centresmolina.com\/centreensenyament\/es\/2017\/08\/28\/barcelona\/","name":"Barcelona - Centros de ense\u00f1anza","isPartOf":{"@id":"https:\/\/centresmolina.com\/centreensenyament\/#website"},"primaryImageOfPage":{"@id":"https:\/\/centresmolina.com\/centreensenyament\/es\/2017\/08\/28\/barcelona\/#primaryimage"},"image":{"@id":"https:\/\/centresmolina.com\/centreensenyament\/es\/2017\/08\/28\/barcelona\/#primaryimage"},"thumbnailUrl":"https:\/\/centresmolina.com\/centreensenyament\/files\/2017\/08\/20905_DHdbyU-XUAEv7Bx1-690x460.jpg","datePublished":"2017-08-28T10:22:21+00:00","dateModified":"2017-08-28T15:41:37+00:00","author":{"@id":"https:\/\/centresmolina.com\/centreensenyament\/#\/schema\/person\/308d85d274adff04b5c51d47e8aff6cc"},"breadcrumb":{"@id":"https:\/\/centresmolina.com\/centreensenyament\/es\/2017\/08\/28\/barcelona\/#breadcrumb"},"inLanguage":"es","potentialAction":[{"@type":"ReadAction","target":["https:\/\/centresmolina.com\/centreensenyament\/es\/2017\/08\/28\/barcelona\/"]}]},{"@type":"ImageObject","inLanguage":"es","@id":"https:\/\/centresmolina.com\/centreensenyament\/es\/2017\/08\/28\/barcelona\/#primaryimage","url":"https:\/\/centresmolina.com\/centreensenyament\/files\/2017\/08\/20905_DHdbyU-XUAEv7Bx1-690x460.jpg","contentUrl":"https:\/\/centresmolina.com\/centreensenyament\/files\/2017\/08\/20905_DHdbyU-XUAEv7Bx1-690x460.jpg","width":690,"height":460},{"@type":"BreadcrumbList","@id":"https:\/\/centresmolina.com\/centreensenyament\/es\/2017\/08\/28\/barcelona\/#breadcrumb","itemListElement":[{"@type":"ListItem","position":1,"name":"Portada","item":"https:\/\/centresmolina.com\/centreensenyament\/es\/"},{"@type":"ListItem","position":2,"name":"Barcelona"}]},{"@type":"WebSite","@id":"https:\/\/centresmolina.com\/centreensenyament\/#website","url":"https:\/\/centresmolina.com\/centreensenyament\/","name":"Centros de ense\u00f1anza","description":"Centres Molina - Centros de ense\u00f1anza","potentialAction":[{"@type":"SearchAction","target":{"@type":"EntryPoint","urlTemplate":"https:\/\/centresmolina.com\/centreensenyament\/?s={search_term_string}"},"query-input":{"@type":"PropertyValueSpecification","valueRequired":true,"valueName":"search_term_string"}}],"inLanguage":"es"},{"@type":"Person","@id":"https:\/\/centresmolina.com\/centreensenyament\/#\/schema\/person\/308d85d274adff04b5c51d47e8aff6cc","name":"webmolina","image":{"@type":"ImageObject","inLanguage":"es","@id":"https:\/\/secure.gravatar.com\/avatar\/38db407e1ab9b284bf45e3bff4ec5cf1e034e364f09b2ee054619614662a717b?s=96&d=mm&r=g","url":"https:\/\/secure.gravatar.com\/avatar\/38db407e1ab9b284bf45e3bff4ec5cf1e034e364f09b2ee054619614662a717b?s=96&d=mm&r=g","contentUrl":"https:\/\/secure.gravatar.com\/avatar\/38db407e1ab9b284bf45e3bff4ec5cf1e034e364f09b2ee054619614662a717b?s=96&d=mm&r=g","caption":"webmolina"},"url":"https:\/\/centresmolina.com\/centreensenyament\/es\/author\/webmolina\/"}]}},"_links":{"self":[{"href":"https:\/\/centresmolina.com\/centreensenyament\/es\/wp-json\/wp\/v2\/posts\/5057\/"}],"collection":[{"href":"https:\/\/centresmolina.com\/centreensenyament\/es\/wp-json\/wp\/v2\/posts\/"}],"about":[{"href":"https:\/\/centresmolina.com\/centreensenyament\/es\/wp-json\/wp\/v2\/types\/post\/"}],"author":[{"embeddable":true,"href":"https:\/\/centresmolina.com\/centreensenyament\/es\/wp-json\/wp\/v2\/users\/3\/"}],"replies":[{"embeddable":true,"href":"https:\/\/centresmolina.com\/centreensenyament\/es\/wp-json\/wp\/v2\/comments\/?post=5057"}],"version-history":[{"count":5,"href":"https:\/\/centresmolina.com\/centreensenyament\/es\/wp-json\/wp\/v2\/posts\/5057\/revisions\/"}],"predecessor-version":[{"id":5074,"href":"https:\/\/centresmolina.com\/centreensenyament\/es\/wp-json\/wp\/v2\/posts\/5057\/revisions\/5074\/"}],"wp:featuredmedia":[{"embeddable":true,"href":"https:\/\/centresmolina.com\/centreensenyament\/es\/wp-json\/wp\/v2\/media\/5062\/"}],"wp:attachment":[{"href":"https:\/\/centresmolina.com\/centreensenyament\/es\/wp-json\/wp\/v2\/media\/?parent=5057"}],"wp:term":[{"taxonomy":"category","embeddable":true,"href":"https:\/\/centresmolina.com\/centreensenyament\/es\/wp-json\/wp\/v2\/categories\/?post=5057"},{"taxonomy":"post_tag","embeddable":true,"href":"https:\/\/centresmolina.com\/centreensenyament\/es\/wp-json\/wp\/v2\/tags\/?post=5057"}],"curies":[{"name":"wp","href":"https:\/\/api.w.org\/{rel}","templated":true}]}}