{"id":5332,"date":"2017-09-22T08:26:57","date_gmt":"2017-09-22T08:26:57","guid":{"rendered":"http:\/\/centresmolina.com\/centreensenyament\/2017\/09\/22\/nou-curs-2017-18\/"},"modified":"2017-09-30T10:05:13","modified_gmt":"2017-09-30T10:05:13","slug":"nou-curs-2017-18","status":"publish","type":"post","link":"https:\/\/centresmolina.com\/centreensenyament\/es\/2017\/09\/22\/nou-curs-2017-18\/","title":{"rendered":"Nuevo Curso 2017-18"},"content":{"rendered":"<p style=\"text-align: left\">Con normalidad, pero indudablemente sacudido por el impacto de los atentados del 17 y 18 de agosto en Barcelona y Cambrils y la situaci\u00f3n social y pol\u00edtica extraordinaria que estamos viviendo, el nuevo curso escolar en la <strong>Escuela Molina<\/strong> lo iniciamos con ilusi\u00f3n.<\/p>\n<p>Los valores y la formaci\u00f3n humana son un aspecto b\u00e1sico de la formaci\u00f3n integral que damos a nuestros alumnos.<\/p>\n<p>Nuevas aulas,<\/p>\n\n\t\t<style type=\"text\/css\">\n\t\t\t#gallery-1 {\n\t\t\t\tmargin: auto;\n\t\t\t}\n\t\t\t#gallery-1 .gallery-item {\n\t\t\t\tfloat: left;\n\t\t\t\tmargin-top: 10px;\n\t\t\t\ttext-align: center;\n\t\t\t\twidth: 100%;\n\t\t\t}\n\t\t\t#gallery-1 img {\n\t\t\t\tborder: 2px solid #cfcfcf;\n\t\t\t}\n\t\t\t#gallery-1 .gallery-caption {\n\t\t\t\tmargin-left: 0;\n\t\t\t}\n\t\t\t\/* see gallery_shortcode() in wp-includes\/media.php *\/\n\t\t<\/style>\n\t\t<div id='gallery-1' class='gallery galleryid-5332 gallery-columns-1 gallery-size-medium'><dl class='gallery-item'>\n\t\t\t<dt class='gallery-icon landscape'>\n\t\t\t\t<a href='https:\/\/centresmolina.com\/centreensenyament\/files\/2017\/09\/Inici-de-Curs-2.jpg'><img loading=\"lazy\" decoding=\"async\" width=\"300\" height=\"225\" src=\"https:\/\/centresmolina.com\/centreensenyament\/files\/2017\/09\/Inici-de-Curs-2-300x225.jpg\" class=\"attachment-medium size-medium\" alt=\"\" srcset=\"https:\/\/centresmolina.com\/centreensenyament\/files\/2017\/09\/Inici-de-Curs-2-300x225.jpg 300w, https:\/\/centresmolina.com\/centreensenyament\/files\/2017\/09\/Inici-de-Curs-2-768x576.jpg 768w, https:\/\/centresmolina.com\/centreensenyament\/files\/2017\/09\/Inici-de-Curs-2-1024x768.jpg 1024w, https:\/\/centresmolina.com\/centreensenyament\/files\/2017\/09\/Inici-de-Curs-2.jpg 1280w\" sizes=\"auto, (max-width: 300px) 100vw, 300px\" \/><\/a>\n\t\t\t<\/dt><\/dl><br style=\"clear: both\" \/><dl class='gallery-item'>\n\t\t\t<dt class='gallery-icon portrait'>\n\t\t\t\t<a href='https:\/\/centresmolina.com\/centreensenyament\/files\/2017\/09\/Inici-de-Curs-1.jpeg'><img loading=\"lazy\" decoding=\"async\" width=\"225\" height=\"300\" src=\"https:\/\/centresmolina.com\/centreensenyament\/files\/2017\/09\/Inici-de-Curs-1-225x300.jpeg\" class=\"attachment-medium size-medium\" alt=\"\" srcset=\"https:\/\/centresmolina.com\/centreensenyament\/files\/2017\/09\/Inici-de-Curs-1-225x300.jpeg 225w, https:\/\/centresmolina.com\/centreensenyament\/files\/2017\/09\/Inici-de-Curs-1-768x1024.jpeg 768w, https:\/\/centresmolina.com\/centreensenyament\/files\/2017\/09\/Inici-de-Curs-1.jpeg 1200w\" sizes=\"auto, (max-width: 225px) 100vw, 225px\" \/><\/a>\n\t\t\t<\/dt><\/dl><br style=\"clear: both\" \/>\n\t\t<\/div>\n\n<p>nuevas amistades,<\/p>\n\n\t\t<style type=\"text\/css\">\n\t\t\t#gallery-2 {\n\t\t\t\tmargin: auto;\n\t\t\t}\n\t\t\t#gallery-2 .gallery-item {\n\t\t\t\tfloat: left;\n\t\t\t\tmargin-top: 10px;\n\t\t\t\ttext-align: center;\n\t\t\t\twidth: 50%;\n\t\t\t}\n\t\t\t#gallery-2 img {\n\t\t\t\tborder: 2px solid #cfcfcf;\n\t\t\t}\n\t\t\t#gallery-2 .gallery-caption {\n\t\t\t\tmargin-left: 0;\n\t\t\t}\n\t\t\t\/* see gallery_shortcode() in wp-includes\/media.php *\/\n\t\t<\/style>\n\t\t<div id='gallery-2' class='gallery galleryid-5332 gallery-columns-2 gallery-size-full'><dl class='gallery-item'>\n\t\t\t<dt class='gallery-icon landscape'>\n\t\t\t\t<a href='https:\/\/centresmolina.com\/centreensenyament\/files\/2017\/09\/Inici-de-Curs-12.jpg'><img loading=\"lazy\" decoding=\"async\" width=\"1280\" height=\"960\" src=\"https:\/\/centresmolina.com\/centreensenyament\/files\/2017\/09\/Inici-de-Curs-12.jpg\" class=\"attachment-full size-full\" alt=\"\" srcset=\"https:\/\/centresmolina.com\/centreensenyament\/files\/2017\/09\/Inici-de-Curs-12.jpg 1280w, https:\/\/centresmolina.com\/centreensenyament\/files\/2017\/09\/Inici-de-Curs-12-300x225.jpg 300w, https:\/\/centresmolina.com\/centreensenyament\/files\/2017\/09\/Inici-de-Curs-12-768x576.jpg 768w, https:\/\/centresmolina.com\/centreensenyament\/files\/2017\/09\/Inici-de-Curs-12-1024x768.jpg 1024w\" sizes=\"auto, (max-width: 1280px) 100vw, 1280px\" \/><\/a>\n\t\t\t<\/dt><\/dl><dl class='gallery-item'>\n\t\t\t<dt class='gallery-icon landscape'>\n\t\t\t\t<a href='https:\/\/centresmolina.com\/centreensenyament\/files\/2017\/09\/Inici-de-Curs-11.jpg'><img loading=\"lazy\" decoding=\"async\" width=\"1280\" height=\"960\" src=\"https:\/\/centresmolina.com\/centreensenyament\/files\/2017\/09\/Inici-de-Curs-11.jpg\" class=\"attachment-full size-full\" alt=\"\" srcset=\"https:\/\/centresmolina.com\/centreensenyament\/files\/2017\/09\/Inici-de-Curs-11.jpg 1280w, https:\/\/centresmolina.com\/centreensenyament\/files\/2017\/09\/Inici-de-Curs-11-300x225.jpg 300w, https:\/\/centresmolina.com\/centreensenyament\/files\/2017\/09\/Inici-de-Curs-11-768x576.jpg 768w, https:\/\/centresmolina.com\/centreensenyament\/files\/2017\/09\/Inici-de-Curs-11-1024x768.jpg 1024w\" sizes=\"auto, (max-width: 1280px) 100vw, 1280px\" \/><\/a>\n\t\t\t<\/dt><\/dl><br style=\"clear: both\" \/>\n\t\t<\/div>\n\n<p>Y nuevos proyectos:<\/p>\n<p>Proyecto de lectoescritura,<\/p>\n\n\t\t<style type=\"text\/css\">\n\t\t\t#gallery-3 {\n\t\t\t\tmargin: auto;\n\t\t\t}\n\t\t\t#gallery-3 .gallery-item {\n\t\t\t\tfloat: left;\n\t\t\t\tmargin-top: 10px;\n\t\t\t\ttext-align: center;\n\t\t\t\twidth: 50%;\n\t\t\t}\n\t\t\t#gallery-3 img {\n\t\t\t\tborder: 2px solid #cfcfcf;\n\t\t\t}\n\t\t\t#gallery-3 .gallery-caption {\n\t\t\t\tmargin-left: 0;\n\t\t\t}\n\t\t\t\/* see gallery_shortcode() in wp-includes\/media.php *\/\n\t\t<\/style>\n\t\t<div id='gallery-3' class='gallery galleryid-5332 gallery-columns-2 gallery-size-full'><dl class='gallery-item'>\n\t\t\t<dt class='gallery-icon landscape'>\n\t\t\t\t<a href='https:\/\/centresmolina.com\/centreensenyament\/files\/2017\/09\/Inici-de-Curs-4.jpg'><img loading=\"lazy\" decoding=\"async\" width=\"1280\" height=\"960\" src=\"https:\/\/centresmolina.com\/centreensenyament\/files\/2017\/09\/Inici-de-Curs-4.jpg\" class=\"attachment-full size-full\" alt=\"\" srcset=\"https:\/\/centresmolina.com\/centreensenyament\/files\/2017\/09\/Inici-de-Curs-4.jpg 1280w, https:\/\/centresmolina.com\/centreensenyament\/files\/2017\/09\/Inici-de-Curs-4-300x225.jpg 300w, https:\/\/centresmolina.com\/centreensenyament\/files\/2017\/09\/Inici-de-Curs-4-768x576.jpg 768w, https:\/\/centresmolina.com\/centreensenyament\/files\/2017\/09\/Inici-de-Curs-4-1024x768.jpg 1024w\" sizes=\"auto, (max-width: 1280px) 100vw, 1280px\" \/><\/a>\n\t\t\t<\/dt><\/dl><dl class='gallery-item'>\n\t\t\t<dt class='gallery-icon landscape'>\n\t\t\t\t<a href='https:\/\/centresmolina.com\/centreensenyament\/files\/2017\/09\/Inici-de-Curs-3.jpg'><img loading=\"lazy\" decoding=\"async\" width=\"1280\" height=\"1002\" src=\"https:\/\/centresmolina.com\/centreensenyament\/files\/2017\/09\/Inici-de-Curs-3.jpg\" class=\"attachment-full size-full\" alt=\"\" srcset=\"https:\/\/centresmolina.com\/centreensenyament\/files\/2017\/09\/Inici-de-Curs-3.jpg 1280w, https:\/\/centresmolina.com\/centreensenyament\/files\/2017\/09\/Inici-de-Curs-3-300x235.jpg 300w, https:\/\/centresmolina.com\/centreensenyament\/files\/2017\/09\/Inici-de-Curs-3-768x601.jpg 768w, https:\/\/centresmolina.com\/centreensenyament\/files\/2017\/09\/Inici-de-Curs-3-1024x802.jpg 1024w\" sizes=\"auto, (max-width: 1280px) 100vw, 1280px\" \/><\/a>\n\t\t\t<\/dt><\/dl><br style=\"clear: both\" \/>\n\t\t<\/div>\n\n<p>Proyecto pluriling\u00fce.<\/p>\n<p>Desde el centro consideramos que el dominio de idiomas es una herramienta b\u00e1sica para el futuro profesional de nuestros alumnos, y que al terminar sus estudios de ESO deben dominar el castellano, el catal\u00e1n y el ingl\u00e9s.<\/p>\n<p>Integramos los conocimientos curriculares de la ESO con la lengua extranjera de una forma atractiva para los alumnos. Este a\u00f1o hacemos las matem\u00e1ticas en ingl\u00e9s.<\/p>\n\n\t\t<style type=\"text\/css\">\n\t\t\t#gallery-4 {\n\t\t\t\tmargin: auto;\n\t\t\t}\n\t\t\t#gallery-4 .gallery-item {\n\t\t\t\tfloat: left;\n\t\t\t\tmargin-top: 10px;\n\t\t\t\ttext-align: center;\n\t\t\t\twidth: 50%;\n\t\t\t}\n\t\t\t#gallery-4 img {\n\t\t\t\tborder: 2px solid #cfcfcf;\n\t\t\t}\n\t\t\t#gallery-4 .gallery-caption {\n\t\t\t\tmargin-left: 0;\n\t\t\t}\n\t\t\t\/* see gallery_shortcode() in wp-includes\/media.php *\/\n\t\t<\/style>\n\t\t<div id='gallery-4' class='gallery galleryid-5332 gallery-columns-2 gallery-size-full'><dl class='gallery-item'>\n\t\t\t<dt class='gallery-icon landscape'>\n\t\t\t\t<a href='https:\/\/centresmolina.com\/centreensenyament\/files\/2017\/09\/Inici-de-Curs-17.jpg'><img loading=\"lazy\" decoding=\"async\" width=\"1280\" height=\"960\" src=\"https:\/\/centresmolina.com\/centreensenyament\/files\/2017\/09\/Inici-de-Curs-17.jpg\" class=\"attachment-full size-full\" alt=\"\" srcset=\"https:\/\/centresmolina.com\/centreensenyament\/files\/2017\/09\/Inici-de-Curs-17.jpg 1280w, https:\/\/centresmolina.com\/centreensenyament\/files\/2017\/09\/Inici-de-Curs-17-300x225.jpg 300w, https:\/\/centresmolina.com\/centreensenyament\/files\/2017\/09\/Inici-de-Curs-17-768x576.jpg 768w, https:\/\/centresmolina.com\/centreensenyament\/files\/2017\/09\/Inici-de-Curs-17-1024x768.jpg 1024w\" sizes=\"auto, (max-width: 1280px) 100vw, 1280px\" \/><\/a>\n\t\t\t<\/dt><\/dl><dl class='gallery-item'>\n\t\t\t<dt class='gallery-icon landscape'>\n\t\t\t\t<a href='https:\/\/centresmolina.com\/centreensenyament\/files\/2017\/09\/Inici-de-Curs-18.jpg'><img loading=\"lazy\" decoding=\"async\" width=\"1280\" height=\"960\" src=\"https:\/\/centresmolina.com\/centreensenyament\/files\/2017\/09\/Inici-de-Curs-18.jpg\" class=\"attachment-full size-full\" alt=\"\" srcset=\"https:\/\/centresmolina.com\/centreensenyament\/files\/2017\/09\/Inici-de-Curs-18.jpg 1280w, https:\/\/centresmolina.com\/centreensenyament\/files\/2017\/09\/Inici-de-Curs-18-300x225.jpg 300w, https:\/\/centresmolina.com\/centreensenyament\/files\/2017\/09\/Inici-de-Curs-18-768x576.jpg 768w, https:\/\/centresmolina.com\/centreensenyament\/files\/2017\/09\/Inici-de-Curs-18-1024x768.jpg 1024w\" sizes=\"auto, (max-width: 1280px) 100vw, 1280px\" \/><\/a>\n\t\t\t<\/dt><\/dl><br style=\"clear: both\" \/>\n\t\t<\/div>\n\n<p>y nuevas formas de trabajo<\/p>\n\n\t\t<style type=\"text\/css\">\n\t\t\t#gallery-5 {\n\t\t\t\tmargin: auto;\n\t\t\t}\n\t\t\t#gallery-5 .gallery-item {\n\t\t\t\tfloat: left;\n\t\t\t\tmargin-top: 10px;\n\t\t\t\ttext-align: center;\n\t\t\t\twidth: 50%;\n\t\t\t}\n\t\t\t#gallery-5 img {\n\t\t\t\tborder: 2px solid #cfcfcf;\n\t\t\t}\n\t\t\t#gallery-5 .gallery-caption {\n\t\t\t\tmargin-left: 0;\n\t\t\t}\n\t\t\t\/* see gallery_shortcode() in wp-includes\/media.php *\/\n\t\t<\/style>\n\t\t<div id='gallery-5' class='gallery galleryid-5332 gallery-columns-2 gallery-size-full'><dl class='gallery-item'>\n\t\t\t<dt class='gallery-icon landscape'>\n\t\t\t\t<a href='https:\/\/centresmolina.com\/centreensenyament\/files\/2017\/09\/Inici-de-Curs-10.jpg'><img loading=\"lazy\" decoding=\"async\" width=\"1280\" height=\"960\" src=\"https:\/\/centresmolina.com\/centreensenyament\/files\/2017\/09\/Inici-de-Curs-10.jpg\" class=\"attachment-full size-full\" alt=\"\" srcset=\"https:\/\/centresmolina.com\/centreensenyament\/files\/2017\/09\/Inici-de-Curs-10.jpg 1280w, https:\/\/centresmolina.com\/centreensenyament\/files\/2017\/09\/Inici-de-Curs-10-300x225.jpg 300w, https:\/\/centresmolina.com\/centreensenyament\/files\/2017\/09\/Inici-de-Curs-10-768x576.jpg 768w, https:\/\/centresmolina.com\/centreensenyament\/files\/2017\/09\/Inici-de-Curs-10-1024x768.jpg 1024w\" sizes=\"auto, (max-width: 1280px) 100vw, 1280px\" \/><\/a>\n\t\t\t<\/dt><\/dl><dl class='gallery-item'>\n\t\t\t<dt class='gallery-icon landscape'>\n\t\t\t\t<a href='https:\/\/centresmolina.com\/centreensenyament\/files\/2017\/09\/Inici-de-Curs-13.jpg'><img loading=\"lazy\" decoding=\"async\" width=\"1280\" height=\"960\" src=\"https:\/\/centresmolina.com\/centreensenyament\/files\/2017\/09\/Inici-de-Curs-13.jpg\" class=\"attachment-full size-full\" alt=\"\" srcset=\"https:\/\/centresmolina.com\/centreensenyament\/files\/2017\/09\/Inici-de-Curs-13.jpg 1280w, https:\/\/centresmolina.com\/centreensenyament\/files\/2017\/09\/Inici-de-Curs-13-300x225.jpg 300w, https:\/\/centresmolina.com\/centreensenyament\/files\/2017\/09\/Inici-de-Curs-13-768x576.jpg 768w, https:\/\/centresmolina.com\/centreensenyament\/files\/2017\/09\/Inici-de-Curs-13-1024x768.jpg 1024w\" sizes=\"auto, (max-width: 1280px) 100vw, 1280px\" \/><\/a>\n\t\t\t<\/dt><\/dl><br style=\"clear: both\" \/><dl class='gallery-item'>\n\t\t\t<dt class='gallery-icon landscape'>\n\t\t\t\t<a href='https:\/\/centresmolina.com\/centreensenyament\/files\/2017\/09\/Inici-de-Curs-14.jpg'><img loading=\"lazy\" decoding=\"async\" width=\"1280\" height=\"960\" src=\"https:\/\/centresmolina.com\/centreensenyament\/files\/2017\/09\/Inici-de-Curs-14.jpg\" class=\"attachment-full size-full\" alt=\"\" srcset=\"https:\/\/centresmolina.com\/centreensenyament\/files\/2017\/09\/Inici-de-Curs-14.jpg 1280w, https:\/\/centresmolina.com\/centreensenyament\/files\/2017\/09\/Inici-de-Curs-14-300x225.jpg 300w, https:\/\/centresmolina.com\/centreensenyament\/files\/2017\/09\/Inici-de-Curs-14-768x576.jpg 768w, https:\/\/centresmolina.com\/centreensenyament\/files\/2017\/09\/Inici-de-Curs-14-1024x768.jpg 1024w\" sizes=\"auto, (max-width: 1280px) 100vw, 1280px\" \/><\/a>\n\t\t\t<\/dt><\/dl><dl class='gallery-item'>\n\t\t\t<dt class='gallery-icon landscape'>\n\t\t\t\t<a href='https:\/\/centresmolina.com\/centreensenyament\/files\/2017\/09\/Inici-de-Curs-15.jpg'><img loading=\"lazy\" decoding=\"async\" width=\"1280\" height=\"960\" src=\"https:\/\/centresmolina.com\/centreensenyament\/files\/2017\/09\/Inici-de-Curs-15.jpg\" class=\"attachment-full size-full\" alt=\"\" srcset=\"https:\/\/centresmolina.com\/centreensenyament\/files\/2017\/09\/Inici-de-Curs-15.jpg 1280w, https:\/\/centresmolina.com\/centreensenyament\/files\/2017\/09\/Inici-de-Curs-15-300x225.jpg 300w, https:\/\/centresmolina.com\/centreensenyament\/files\/2017\/09\/Inici-de-Curs-15-768x576.jpg 768w, https:\/\/centresmolina.com\/centreensenyament\/files\/2017\/09\/Inici-de-Curs-15-1024x768.jpg 1024w\" sizes=\"auto, (max-width: 1280px) 100vw, 1280px\" \/><\/a>\n\t\t\t<\/dt><\/dl><br style=\"clear: both\" \/><dl class='gallery-item'>\n\t\t\t<dt class='gallery-icon landscape'>\n\t\t\t\t<a href='https:\/\/centresmolina.com\/centreensenyament\/files\/2017\/09\/Inici-de-Curs-16.jpg'><img loading=\"lazy\" decoding=\"async\" width=\"1280\" height=\"960\" src=\"https:\/\/centresmolina.com\/centreensenyament\/files\/2017\/09\/Inici-de-Curs-16.jpg\" class=\"attachment-full size-full\" alt=\"\" srcset=\"https:\/\/centresmolina.com\/centreensenyament\/files\/2017\/09\/Inici-de-Curs-16.jpg 1280w, https:\/\/centresmolina.com\/centreensenyament\/files\/2017\/09\/Inici-de-Curs-16-300x225.jpg 300w, https:\/\/centresmolina.com\/centreensenyament\/files\/2017\/09\/Inici-de-Curs-16-768x576.jpg 768w, https:\/\/centresmolina.com\/centreensenyament\/files\/2017\/09\/Inici-de-Curs-16-1024x768.jpg 1024w\" sizes=\"auto, (max-width: 1280px) 100vw, 1280px\" \/><\/a>\n\t\t\t<\/dt><\/dl><dl class='gallery-item'>\n\t\t\t<dt class='gallery-icon landscape'>\n\t\t\t\t<a href='https:\/\/centresmolina.com\/centreensenyament\/files\/2017\/09\/Inici-de-Curs-19.jpg'><img loading=\"lazy\" decoding=\"async\" width=\"1280\" height=\"960\" src=\"https:\/\/centresmolina.com\/centreensenyament\/files\/2017\/09\/Inici-de-Curs-19.jpg\" class=\"attachment-full size-full\" alt=\"\" srcset=\"https:\/\/centresmolina.com\/centreensenyament\/files\/2017\/09\/Inici-de-Curs-19.jpg 1280w, https:\/\/centresmolina.com\/centreensenyament\/files\/2017\/09\/Inici-de-Curs-19-300x225.jpg 300w, https:\/\/centresmolina.com\/centreensenyament\/files\/2017\/09\/Inici-de-Curs-19-768x576.jpg 768w, https:\/\/centresmolina.com\/centreensenyament\/files\/2017\/09\/Inici-de-Curs-19-1024x768.jpg 1024w\" sizes=\"auto, (max-width: 1280px) 100vw, 1280px\" \/><\/a>\n\t\t\t<\/dt><\/dl><br style=\"clear: both\" \/><dl class='gallery-item'>\n\t\t\t<dt class='gallery-icon landscape'>\n\t\t\t\t<a href='https:\/\/centresmolina.com\/centreensenyament\/files\/2017\/09\/INICI-CURS-2N-4.jpg'><img loading=\"lazy\" decoding=\"async\" width=\"1280\" height=\"960\" src=\"https:\/\/centresmolina.com\/centreensenyament\/files\/2017\/09\/INICI-CURS-2N-4.jpg\" class=\"attachment-full size-full\" alt=\"\" srcset=\"https:\/\/centresmolina.com\/centreensenyament\/files\/2017\/09\/INICI-CURS-2N-4.jpg 1280w, https:\/\/centresmolina.com\/centreensenyament\/files\/2017\/09\/INICI-CURS-2N-4-300x225.jpg 300w, https:\/\/centresmolina.com\/centreensenyament\/files\/2017\/09\/INICI-CURS-2N-4-768x576.jpg 768w, https:\/\/centresmolina.com\/centreensenyament\/files\/2017\/09\/INICI-CURS-2N-4-1024x768.jpg 1024w\" sizes=\"auto, (max-width: 1280px) 100vw, 1280px\" \/><\/a>\n\t\t\t<\/dt><\/dl><dl class='gallery-item'>\n\t\t\t<dt class='gallery-icon landscape'>\n\t\t\t\t<a href='https:\/\/centresmolina.com\/centreensenyament\/files\/2017\/09\/INICI-CURS-2N-3.jpg'><img loading=\"lazy\" decoding=\"async\" width=\"1280\" height=\"960\" src=\"https:\/\/centresmolina.com\/centreensenyament\/files\/2017\/09\/INICI-CURS-2N-3.jpg\" class=\"attachment-full size-full\" alt=\"\" srcset=\"https:\/\/centresmolina.com\/centreensenyament\/files\/2017\/09\/INICI-CURS-2N-3.jpg 1280w, https:\/\/centresmolina.com\/centreensenyament\/files\/2017\/09\/INICI-CURS-2N-3-300x225.jpg 300w, https:\/\/centresmolina.com\/centreensenyament\/files\/2017\/09\/INICI-CURS-2N-3-768x576.jpg 768w, https:\/\/centresmolina.com\/centreensenyament\/files\/2017\/09\/INICI-CURS-2N-3-1024x768.jpg 1024w\" sizes=\"auto, (max-width: 1280px) 100vw, 1280px\" \/><\/a>\n\t\t\t<\/dt><\/dl><br style=\"clear: both\" \/><dl class='gallery-item'>\n\t\t\t<dt class='gallery-icon landscape'>\n\t\t\t\t<a href='https:\/\/centresmolina.com\/centreensenyament\/files\/2017\/09\/INICI-CURS-2N-2.jpg'><img loading=\"lazy\" decoding=\"async\" width=\"1280\" height=\"960\" src=\"https:\/\/centresmolina.com\/centreensenyament\/files\/2017\/09\/INICI-CURS-2N-2.jpg\" class=\"attachment-full size-full\" alt=\"\" srcset=\"https:\/\/centresmolina.com\/centreensenyament\/files\/2017\/09\/INICI-CURS-2N-2.jpg 1280w, https:\/\/centresmolina.com\/centreensenyament\/files\/2017\/09\/INICI-CURS-2N-2-300x225.jpg 300w, https:\/\/centresmolina.com\/centreensenyament\/files\/2017\/09\/INICI-CURS-2N-2-768x576.jpg 768w, https:\/\/centresmolina.com\/centreensenyament\/files\/2017\/09\/INICI-CURS-2N-2-1024x768.jpg 1024w\" sizes=\"auto, (max-width: 1280px) 100vw, 1280px\" \/><\/a>\n\t\t\t<\/dt><\/dl><dl class='gallery-item'>\n\t\t\t<dt class='gallery-icon landscape'>\n\t\t\t\t<a href='https:\/\/centresmolina.com\/centreensenyament\/files\/2017\/09\/INICI-CURS-2N-1.jpg'><img loading=\"lazy\" decoding=\"async\" width=\"1280\" height=\"960\" src=\"https:\/\/centresmolina.com\/centreensenyament\/files\/2017\/09\/INICI-CURS-2N-1.jpg\" class=\"attachment-full size-full\" alt=\"\" srcset=\"https:\/\/centresmolina.com\/centreensenyament\/files\/2017\/09\/INICI-CURS-2N-1.jpg 1280w, https:\/\/centresmolina.com\/centreensenyament\/files\/2017\/09\/INICI-CURS-2N-1-300x225.jpg 300w, https:\/\/centresmolina.com\/centreensenyament\/files\/2017\/09\/INICI-CURS-2N-1-768x576.jpg 768w, https:\/\/centresmolina.com\/centreensenyament\/files\/2017\/09\/INICI-CURS-2N-1-1024x768.jpg 1024w\" sizes=\"auto, (max-width: 1280px) 100vw, 1280px\" \/><\/a>\n\t\t\t<\/dt><\/dl><br style=\"clear: both\" \/>\n\t\t<\/div>\n\n<p>Proporcionamos al alumno y a su familia un equipo de profesores que los acompa\u00f1ar\u00e1 en su superaci\u00f3n acad\u00e9mica y personal en la etapa de ESO.<\/p>\n<p>Las entrevistas personalizadas forman parte de nuestro d\u00eda a d\u00eda con el fin de orientar y asesorar tanto al alumno como a su familia en su camino.<\/p>\n<p>Nuestro objetivo principal es la formaci\u00f3n integral como adultos para un futuro pr\u00f3ximo.<\/p>\n<p>\u00a1Bienvenidos al Nuevo Curso!<\/p>\n<p><iframe loading=\"lazy\" title=\"Castellers a la Catedral de Girona\" width=\"500\" height=\"281\" src=\"https:\/\/www.youtube.com\/embed\/lbMItuSQPpM?feature=oembed\" frameborder=\"0\" allow=\"accelerometer; autoplay; clipboard-write; encrypted-media; gyroscope; picture-in-picture; web-share\" referrerpolicy=\"strict-origin-when-cross-origin\" allowfullscreen><\/iframe><\/p>\n","protected":false},"excerpt":{"rendered":"<p>Con normalidad, pero indudablemente sacudido por el impacto de los atentados del 17 y 18 de agosto en Barcelona y&#8230;<\/p>\n","protected":false},"author":3,"featured_media":5331,"comment_status":"open","ping_status":"open","sticky":false,"template":"","format":"standard","meta":{"footnotes":""},"categories":[15],"tags":[69,75,64,60,23,34,74],"class_list":["post-5332","post","type-post","status-publish","format-standard","has-post-thumbnail","hentry","category-noticias-2","tag-aprenentatge-es","tag-desenvolupament-personal-i-academic-es","tag-educacio-secundaria-obligatoria-es","tag-escola-es","tag-escola-molina-es","tag-eso-es","tag-estil-propi-es"],"yoast_head":"<!-- This site is optimized with the Yoast SEO plugin v27.2 - https:\/\/yoast.com\/product\/yoast-seo-wordpress\/ -->\n<title>Nuevo Curso 2017-18 - Centros de ense\u00f1anza<\/title>\n<meta name=\"robots\" content=\"index, follow, max-snippet:-1, max-image-preview:large, max-video-preview:-1\" \/>\n<link rel=\"canonical\" href=\"https:\/\/centresmolina.com\/centreensenyament\/es\/2017\/09\/22\/nou-curs-2017-18\/\" \/>\n<meta property=\"og:locale\" content=\"es_ES\" \/>\n<meta property=\"og:type\" content=\"article\" \/>\n<meta property=\"og:title\" content=\"Nuevo Curso 2017-18 - Centros de ense\u00f1anza\" \/>\n<meta property=\"og:description\" content=\"Con normalidad, pero indudablemente sacudido por el impacto de los atentados del 17 y 18 de agosto en Barcelona y...\" \/>\n<meta property=\"og:url\" content=\"https:\/\/centresmolina.com\/centreensenyament\/es\/2017\/09\/22\/nou-curs-2017-18\/\" \/>\n<meta property=\"og:site_name\" content=\"Centros de ense\u00f1anza\" \/>\n<meta property=\"article:published_time\" content=\"2017-09-22T08:26:57+00:00\" \/>\n<meta property=\"article:modified_time\" content=\"2017-09-30T10:05:13+00:00\" \/>\n<meta property=\"og:image\" content=\"https:\/\/centresmolina.com\/centreensenyament\/files\/2017\/09\/equip-huma.jpg\" \/>\n\t<meta property=\"og:image:width\" content=\"1400\" \/>\n\t<meta property=\"og:image:height\" content=\"575\" \/>\n\t<meta property=\"og:image:type\" content=\"image\/jpeg\" \/>\n<meta name=\"author\" content=\"webmolina\" \/>\n<meta name=\"twitter:label1\" content=\"Escrito por\" \/>\n\t<meta name=\"twitter:data1\" content=\"webmolina\" \/>\n\t<meta name=\"twitter:label2\" content=\"Tiempo de lectura\" \/>\n\t<meta name=\"twitter:data2\" content=\"1 minuto\" \/>\n<script type=\"application\/ld+json\" class=\"yoast-schema-graph\">{\"@context\":\"https:\/\/schema.org\",\"@graph\":[{\"@type\":\"Article\",\"@id\":\"https:\/\/centresmolina.com\/centreensenyament\/es\/2017\/09\/22\/nou-curs-2017-18\/#article\",\"isPartOf\":{\"@id\":\"https:\/\/centresmolina.com\/centreensenyament\/es\/2017\/09\/22\/nou-curs-2017-18\/\"},\"author\":{\"name\":\"webmolina\",\"@id\":\"https:\/\/centresmolina.com\/centreensenyament\/#\/schema\/person\/308d85d274adff04b5c51d47e8aff6cc\"},\"headline\":\"Nuevo Curso 2017-18\",\"datePublished\":\"2017-09-22T08:26:57+00:00\",\"dateModified\":\"2017-09-30T10:05:13+00:00\",\"mainEntityOfPage\":{\"@id\":\"https:\/\/centresmolina.com\/centreensenyament\/es\/2017\/09\/22\/nou-curs-2017-18\/\"},\"wordCount\":278,\"commentCount\":0,\"image\":{\"@id\":\"https:\/\/centresmolina.com\/centreensenyament\/es\/2017\/09\/22\/nou-curs-2017-18\/#primaryimage\"},\"thumbnailUrl\":\"https:\/\/centresmolina.com\/centreensenyament\/files\/2017\/09\/equip-huma.jpg\",\"keywords\":[\"aprenentatge @es\",\"desenvolupament personal i acad\u00e8mic @es\",\"educaci\u00f3 secund\u00e0ria obligat\u00f2ria @es\",\"Escola @es\",\"Escola Molina @es\",\"ESO @es\",\"estil propi @es\"],\"articleSection\":[\"Noticias\"],\"inLanguage\":\"es\",\"potentialAction\":[{\"@type\":\"CommentAction\",\"name\":\"Comment\",\"target\":[\"https:\/\/centresmolina.com\/centreensenyament\/es\/2017\/09\/22\/nou-curs-2017-18\/#respond\"]}]},{\"@type\":\"WebPage\",\"@id\":\"https:\/\/centresmolina.com\/centreensenyament\/es\/2017\/09\/22\/nou-curs-2017-18\/\",\"url\":\"https:\/\/centresmolina.com\/centreensenyament\/es\/2017\/09\/22\/nou-curs-2017-18\/\",\"name\":\"Nuevo Curso 2017-18 - Centros de ense\u00f1anza\",\"isPartOf\":{\"@id\":\"https:\/\/centresmolina.com\/centreensenyament\/#website\"},\"primaryImageOfPage\":{\"@id\":\"https:\/\/centresmolina.com\/centreensenyament\/es\/2017\/09\/22\/nou-curs-2017-18\/#primaryimage\"},\"image\":{\"@id\":\"https:\/\/centresmolina.com\/centreensenyament\/es\/2017\/09\/22\/nou-curs-2017-18\/#primaryimage\"},\"thumbnailUrl\":\"https:\/\/centresmolina.com\/centreensenyament\/files\/2017\/09\/equip-huma.jpg\",\"datePublished\":\"2017-09-22T08:26:57+00:00\",\"dateModified\":\"2017-09-30T10:05:13+00:00\",\"author\":{\"@id\":\"https:\/\/centresmolina.com\/centreensenyament\/#\/schema\/person\/308d85d274adff04b5c51d47e8aff6cc\"},\"breadcrumb\":{\"@id\":\"https:\/\/centresmolina.com\/centreensenyament\/es\/2017\/09\/22\/nou-curs-2017-18\/#breadcrumb\"},\"inLanguage\":\"es\",\"potentialAction\":[{\"@type\":\"ReadAction\",\"target\":[\"https:\/\/centresmolina.com\/centreensenyament\/es\/2017\/09\/22\/nou-curs-2017-18\/\"]}]},{\"@type\":\"ImageObject\",\"inLanguage\":\"es\",\"@id\":\"https:\/\/centresmolina.com\/centreensenyament\/es\/2017\/09\/22\/nou-curs-2017-18\/#primaryimage\",\"url\":\"https:\/\/centresmolina.com\/centreensenyament\/files\/2017\/09\/equip-huma.jpg\",\"contentUrl\":\"https:\/\/centresmolina.com\/centreensenyament\/files\/2017\/09\/equip-huma.jpg\",\"width\":1400,\"height\":575},{\"@type\":\"BreadcrumbList\",\"@id\":\"https:\/\/centresmolina.com\/centreensenyament\/es\/2017\/09\/22\/nou-curs-2017-18\/#breadcrumb\",\"itemListElement\":[{\"@type\":\"ListItem\",\"position\":1,\"name\":\"Portada\",\"item\":\"https:\/\/centresmolina.com\/centreensenyament\/es\/\"},{\"@type\":\"ListItem\",\"position\":2,\"name\":\"Nuevo Curso 2017-18\"}]},{\"@type\":\"WebSite\",\"@id\":\"https:\/\/centresmolina.com\/centreensenyament\/#website\",\"url\":\"https:\/\/centresmolina.com\/centreensenyament\/\",\"name\":\"Centros de ense\u00f1anza\",\"description\":\"Centres Molina - Centros de ense\u00f1anza\",\"potentialAction\":[{\"@type\":\"SearchAction\",\"target\":{\"@type\":\"EntryPoint\",\"urlTemplate\":\"https:\/\/centresmolina.com\/centreensenyament\/?s={search_term_string}\"},\"query-input\":{\"@type\":\"PropertyValueSpecification\",\"valueRequired\":true,\"valueName\":\"search_term_string\"}}],\"inLanguage\":\"es\"},{\"@type\":\"Person\",\"@id\":\"https:\/\/centresmolina.com\/centreensenyament\/#\/schema\/person\/308d85d274adff04b5c51d47e8aff6cc\",\"name\":\"webmolina\",\"image\":{\"@type\":\"ImageObject\",\"inLanguage\":\"es\",\"@id\":\"https:\/\/secure.gravatar.com\/avatar\/38db407e1ab9b284bf45e3bff4ec5cf1e034e364f09b2ee054619614662a717b?s=96&d=mm&r=g\",\"url\":\"https:\/\/secure.gravatar.com\/avatar\/38db407e1ab9b284bf45e3bff4ec5cf1e034e364f09b2ee054619614662a717b?s=96&d=mm&r=g\",\"contentUrl\":\"https:\/\/secure.gravatar.com\/avatar\/38db407e1ab9b284bf45e3bff4ec5cf1e034e364f09b2ee054619614662a717b?s=96&d=mm&r=g\",\"caption\":\"webmolina\"},\"url\":\"https:\/\/centresmolina.com\/centreensenyament\/es\/author\/webmolina\/\"}]}<\/script>\n<!-- \/ Yoast SEO plugin. -->","yoast_head_json":{"title":"Nuevo Curso 2017-18 - Centros de ense\u00f1anza","robots":{"index":"index","follow":"follow","max-snippet":"max-snippet:-1","max-image-preview":"max-image-preview:large","max-video-preview":"max-video-preview:-1"},"canonical":"https:\/\/centresmolina.com\/centreensenyament\/es\/2017\/09\/22\/nou-curs-2017-18\/","og_locale":"es_ES","og_type":"article","og_title":"Nuevo Curso 2017-18 - Centros de ense\u00f1anza","og_description":"Con normalidad, pero indudablemente sacudido por el impacto de los atentados del 17 y 18 de agosto en Barcelona y...","og_url":"https:\/\/centresmolina.com\/centreensenyament\/es\/2017\/09\/22\/nou-curs-2017-18\/","og_site_name":"Centros de ense\u00f1anza","article_published_time":"2017-09-22T08:26:57+00:00","article_modified_time":"2017-09-30T10:05:13+00:00","og_image":[{"width":1400,"height":575,"url":"https:\/\/centresmolina.com\/centreensenyament\/files\/2017\/09\/equip-huma.jpg","type":"image\/jpeg"}],"author":"webmolina","twitter_misc":{"Escrito por":"webmolina","Tiempo de lectura":"1 minuto"},"schema":{"@context":"https:\/\/schema.org","@graph":[{"@type":"Article","@id":"https:\/\/centresmolina.com\/centreensenyament\/es\/2017\/09\/22\/nou-curs-2017-18\/#article","isPartOf":{"@id":"https:\/\/centresmolina.com\/centreensenyament\/es\/2017\/09\/22\/nou-curs-2017-18\/"},"author":{"name":"webmolina","@id":"https:\/\/centresmolina.com\/centreensenyament\/#\/schema\/person\/308d85d274adff04b5c51d47e8aff6cc"},"headline":"Nuevo Curso 2017-18","datePublished":"2017-09-22T08:26:57+00:00","dateModified":"2017-09-30T10:05:13+00:00","mainEntityOfPage":{"@id":"https:\/\/centresmolina.com\/centreensenyament\/es\/2017\/09\/22\/nou-curs-2017-18\/"},"wordCount":278,"commentCount":0,"image":{"@id":"https:\/\/centresmolina.com\/centreensenyament\/es\/2017\/09\/22\/nou-curs-2017-18\/#primaryimage"},"thumbnailUrl":"https:\/\/centresmolina.com\/centreensenyament\/files\/2017\/09\/equip-huma.jpg","keywords":["aprenentatge @es","desenvolupament personal i acad\u00e8mic @es","educaci\u00f3 secund\u00e0ria obligat\u00f2ria @es","Escola @es","Escola Molina @es","ESO @es","estil propi @es"],"articleSection":["Noticias"],"inLanguage":"es","potentialAction":[{"@type":"CommentAction","name":"Comment","target":["https:\/\/centresmolina.com\/centreensenyament\/es\/2017\/09\/22\/nou-curs-2017-18\/#respond"]}]},{"@type":"WebPage","@id":"https:\/\/centresmolina.com\/centreensenyament\/es\/2017\/09\/22\/nou-curs-2017-18\/","url":"https:\/\/centresmolina.com\/centreensenyament\/es\/2017\/09\/22\/nou-curs-2017-18\/","name":"Nuevo Curso 2017-18 - Centros de ense\u00f1anza","isPartOf":{"@id":"https:\/\/centresmolina.com\/centreensenyament\/#website"},"primaryImageOfPage":{"@id":"https:\/\/centresmolina.com\/centreensenyament\/es\/2017\/09\/22\/nou-curs-2017-18\/#primaryimage"},"image":{"@id":"https:\/\/centresmolina.com\/centreensenyament\/es\/2017\/09\/22\/nou-curs-2017-18\/#primaryimage"},"thumbnailUrl":"https:\/\/centresmolina.com\/centreensenyament\/files\/2017\/09\/equip-huma.jpg","datePublished":"2017-09-22T08:26:57+00:00","dateModified":"2017-09-30T10:05:13+00:00","author":{"@id":"https:\/\/centresmolina.com\/centreensenyament\/#\/schema\/person\/308d85d274adff04b5c51d47e8aff6cc"},"breadcrumb":{"@id":"https:\/\/centresmolina.com\/centreensenyament\/es\/2017\/09\/22\/nou-curs-2017-18\/#breadcrumb"},"inLanguage":"es","potentialAction":[{"@type":"ReadAction","target":["https:\/\/centresmolina.com\/centreensenyament\/es\/2017\/09\/22\/nou-curs-2017-18\/"]}]},{"@type":"ImageObject","inLanguage":"es","@id":"https:\/\/centresmolina.com\/centreensenyament\/es\/2017\/09\/22\/nou-curs-2017-18\/#primaryimage","url":"https:\/\/centresmolina.com\/centreensenyament\/files\/2017\/09\/equip-huma.jpg","contentUrl":"https:\/\/centresmolina.com\/centreensenyament\/files\/2017\/09\/equip-huma.jpg","width":1400,"height":575},{"@type":"BreadcrumbList","@id":"https:\/\/centresmolina.com\/centreensenyament\/es\/2017\/09\/22\/nou-curs-2017-18\/#breadcrumb","itemListElement":[{"@type":"ListItem","position":1,"name":"Portada","item":"https:\/\/centresmolina.com\/centreensenyament\/es\/"},{"@type":"ListItem","position":2,"name":"Nuevo Curso 2017-18"}]},{"@type":"WebSite","@id":"https:\/\/centresmolina.com\/centreensenyament\/#website","url":"https:\/\/centresmolina.com\/centreensenyament\/","name":"Centros de ense\u00f1anza","description":"Centres Molina - Centros de ense\u00f1anza","potentialAction":[{"@type":"SearchAction","target":{"@type":"EntryPoint","urlTemplate":"https:\/\/centresmolina.com\/centreensenyament\/?s={search_term_string}"},"query-input":{"@type":"PropertyValueSpecification","valueRequired":true,"valueName":"search_term_string"}}],"inLanguage":"es"},{"@type":"Person","@id":"https:\/\/centresmolina.com\/centreensenyament\/#\/schema\/person\/308d85d274adff04b5c51d47e8aff6cc","name":"webmolina","image":{"@type":"ImageObject","inLanguage":"es","@id":"https:\/\/secure.gravatar.com\/avatar\/38db407e1ab9b284bf45e3bff4ec5cf1e034e364f09b2ee054619614662a717b?s=96&d=mm&r=g","url":"https:\/\/secure.gravatar.com\/avatar\/38db407e1ab9b284bf45e3bff4ec5cf1e034e364f09b2ee054619614662a717b?s=96&d=mm&r=g","contentUrl":"https:\/\/secure.gravatar.com\/avatar\/38db407e1ab9b284bf45e3bff4ec5cf1e034e364f09b2ee054619614662a717b?s=96&d=mm&r=g","caption":"webmolina"},"url":"https:\/\/centresmolina.com\/centreensenyament\/es\/author\/webmolina\/"}]}},"_links":{"self":[{"href":"https:\/\/centresmolina.com\/centreensenyament\/es\/wp-json\/wp\/v2\/posts\/5332\/"}],"collection":[{"href":"https:\/\/centresmolina.com\/centreensenyament\/es\/wp-json\/wp\/v2\/posts\/"}],"about":[{"href":"https:\/\/centresmolina.com\/centreensenyament\/es\/wp-json\/wp\/v2\/types\/post\/"}],"author":[{"embeddable":true,"href":"https:\/\/centresmolina.com\/centreensenyament\/es\/wp-json\/wp\/v2\/users\/3\/"}],"replies":[{"embeddable":true,"href":"https:\/\/centresmolina.com\/centreensenyament\/es\/wp-json\/wp\/v2\/comments\/?post=5332"}],"version-history":[{"count":4,"href":"https:\/\/centresmolina.com\/centreensenyament\/es\/wp-json\/wp\/v2\/posts\/5332\/revisions\/"}],"predecessor-version":[{"id":5346,"href":"https:\/\/centresmolina.com\/centreensenyament\/es\/wp-json\/wp\/v2\/posts\/5332\/revisions\/5346\/"}],"wp:featuredmedia":[{"embeddable":true,"href":"https:\/\/centresmolina.com\/centreensenyament\/es\/wp-json\/wp\/v2\/media\/5331\/"}],"wp:attachment":[{"href":"https:\/\/centresmolina.com\/centreensenyament\/es\/wp-json\/wp\/v2\/media\/?parent=5332"}],"wp:term":[{"taxonomy":"category","embeddable":true,"href":"https:\/\/centresmolina.com\/centreensenyament\/es\/wp-json\/wp\/v2\/categories\/?post=5332"},{"taxonomy":"post_tag","embeddable":true,"href":"https:\/\/centresmolina.com\/centreensenyament\/es\/wp-json\/wp\/v2\/tags\/?post=5332"}],"curies":[{"name":"wp","href":"https:\/\/api.w.org\/{rel}","templated":true}]}}