{"id":5363,"date":"2017-10-03T09:48:30","date_gmt":"2017-10-03T09:48:30","guid":{"rendered":"http:\/\/centresmolina.com\/centreensenyament\/2017\/10\/03\/comunicat-davant-dels-fets-l1-doctubre\/"},"modified":"2017-10-03T10:00:36","modified_gmt":"2017-10-03T10:00:36","slug":"comunicat-davant-dels-fets-l1-doctubre","status":"publish","type":"post","link":"https:\/\/centresmolina.com\/centreensenyament\/es\/2017\/10\/03\/comunicat-davant-dels-fets-l1-doctubre\/","title":{"rendered":"Comunicado ante los hechos del 1 de Octubre"},"content":{"rendered":"<p>Queridas familias,<\/p>\n<p>Ante los acontecimientos del 1 de octubre<\/p>\n<p>Se vivieron en Catalunya situaciones de violencia deplorable que han provocado m\u00e1s de 800 heridos y contusionados. Para todos ellos y sus familiares, nuestra solidaridad y el deseo de una r\u00e1pida recuperaci\u00f3n. La Escuela Molina condena la violencia y lamenta profundamente estos penosos acontecimientos, que son del todo contrarios a nuestro modelo educativo.<br \/>\nNuestra escuela es espacio de tolerancia, de respeto, de pluralidad, de convivencia, de paz y democracia, valores universales que son la base de nuestros proyectos educativos. El retorno a la normalidad en nuestra misi\u00f3n ser\u00e1 r\u00e1pida y la retomaremos a conciencia, con discernimiento y un profundo sentido de responsabilidad.<br \/>\nEn estos delicad\u00edsimos momentos, donde la conciencia de las personas de buena voluntad se ha podido sentir perturbada, es imprescindible que impere la sensatez, el respeto a la diversidad de opiniones y de proyectos sociales, la altura de miras y la templanza, al tiempo que renovamos la necesidad de preservar la convivencia como el ideal m\u00e1s valioso en un espacio de aut\u00e9ntica democracia.<br \/>\nApelando al di\u00e1logo sereno y responsable, ahora hay que encontrar una salida pac\u00edfica y democr\u00e1tica.<\/p>\n<p>la Direcci\u00f3n<\/p>\n","protected":false},"excerpt":{"rendered":"<p>Queridas familias, Ante los acontecimientos del 1 de octubre Se vivieron en Catalunya situaciones de violencia deplorable que han provocado&#8230;<\/p>\n","protected":false},"author":3,"featured_media":5367,"comment_status":"open","ping_status":"open","sticky":false,"template":"","format":"standard","meta":{"footnotes":""},"categories":[15],"tags":[2484,23,61],"class_list":["post-5363","post","type-post","status-publish","format-standard","has-post-thumbnail","hentry","category-noticias-2","tag-1-oct-es","tag-escola-molina-es","tag-molina-es"],"yoast_head":"<!-- This site is optimized with the Yoast SEO plugin v27.2 - https:\/\/yoast.com\/product\/yoast-seo-wordpress\/ -->\n<title>Comunicado ante los hechos del 1 de Octubre - Centros de ense\u00f1anza<\/title>\n<meta name=\"robots\" content=\"index, follow, max-snippet:-1, max-image-preview:large, max-video-preview:-1\" \/>\n<link rel=\"canonical\" href=\"https:\/\/centresmolina.com\/centreensenyament\/es\/2017\/10\/03\/comunicat-davant-dels-fets-l1-doctubre\/\" \/>\n<meta property=\"og:locale\" content=\"es_ES\" \/>\n<meta property=\"og:type\" content=\"article\" \/>\n<meta property=\"og:title\" content=\"Comunicado ante los hechos del 1 de Octubre - Centros de ense\u00f1anza\" \/>\n<meta property=\"og:description\" content=\"Queridas familias, Ante los acontecimientos del 1 de octubre Se vivieron en Catalunya situaciones de violencia deplorable que han provocado...\" \/>\n<meta property=\"og:url\" content=\"https:\/\/centresmolina.com\/centreensenyament\/es\/2017\/10\/03\/comunicat-davant-dels-fets-l1-doctubre\/\" \/>\n<meta property=\"og:site_name\" content=\"Centros de ense\u00f1anza\" \/>\n<meta property=\"article:published_time\" content=\"2017-10-03T09:48:30+00:00\" \/>\n<meta property=\"article:modified_time\" content=\"2017-10-03T10:00:36+00:00\" \/>\n<meta property=\"og:image\" content=\"https:\/\/centresmolina.com\/centreensenyament\/files\/2017\/10\/1oct.jpg\" \/>\n\t<meta property=\"og:image:width\" content=\"1152\" \/>\n\t<meta property=\"og:image:height\" content=\"648\" \/>\n\t<meta property=\"og:image:type\" content=\"image\/jpeg\" \/>\n<meta name=\"author\" content=\"webmolina\" \/>\n<meta name=\"twitter:label1\" content=\"Escrito por\" \/>\n\t<meta name=\"twitter:data1\" content=\"webmolina\" \/>\n\t<meta name=\"twitter:label2\" content=\"Tiempo de lectura\" \/>\n\t<meta name=\"twitter:data2\" content=\"1 minuto\" \/>\n<script type=\"application\/ld+json\" class=\"yoast-schema-graph\">{\"@context\":\"https:\/\/schema.org\",\"@graph\":[{\"@type\":\"Article\",\"@id\":\"https:\/\/centresmolina.com\/centreensenyament\/es\/2017\/10\/03\/comunicat-davant-dels-fets-l1-doctubre\/#article\",\"isPartOf\":{\"@id\":\"https:\/\/centresmolina.com\/centreensenyament\/es\/2017\/10\/03\/comunicat-davant-dels-fets-l1-doctubre\/\"},\"author\":{\"name\":\"webmolina\",\"@id\":\"https:\/\/centresmolina.com\/centreensenyament\/#\/schema\/person\/308d85d274adff04b5c51d47e8aff6cc\"},\"headline\":\"Comunicado ante los hechos del 1 de Octubre\",\"datePublished\":\"2017-10-03T09:48:30+00:00\",\"dateModified\":\"2017-10-03T10:00:36+00:00\",\"mainEntityOfPage\":{\"@id\":\"https:\/\/centresmolina.com\/centreensenyament\/es\/2017\/10\/03\/comunicat-davant-dels-fets-l1-doctubre\/\"},\"wordCount\":208,\"commentCount\":0,\"image\":{\"@id\":\"https:\/\/centresmolina.com\/centreensenyament\/es\/2017\/10\/03\/comunicat-davant-dels-fets-l1-doctubre\/#primaryimage\"},\"thumbnailUrl\":\"https:\/\/centresmolina.com\/centreensenyament\/files\/2017\/10\/1oct.jpg\",\"keywords\":[\"1-OCT\",\"Escola Molina @es\",\"Molina @es\"],\"articleSection\":[\"Noticias\"],\"inLanguage\":\"es\",\"potentialAction\":[{\"@type\":\"CommentAction\",\"name\":\"Comment\",\"target\":[\"https:\/\/centresmolina.com\/centreensenyament\/es\/2017\/10\/03\/comunicat-davant-dels-fets-l1-doctubre\/#respond\"]}]},{\"@type\":\"WebPage\",\"@id\":\"https:\/\/centresmolina.com\/centreensenyament\/es\/2017\/10\/03\/comunicat-davant-dels-fets-l1-doctubre\/\",\"url\":\"https:\/\/centresmolina.com\/centreensenyament\/es\/2017\/10\/03\/comunicat-davant-dels-fets-l1-doctubre\/\",\"name\":\"Comunicado ante los hechos del 1 de Octubre - Centros de ense\u00f1anza\",\"isPartOf\":{\"@id\":\"https:\/\/centresmolina.com\/centreensenyament\/#website\"},\"primaryImageOfPage\":{\"@id\":\"https:\/\/centresmolina.com\/centreensenyament\/es\/2017\/10\/03\/comunicat-davant-dels-fets-l1-doctubre\/#primaryimage\"},\"image\":{\"@id\":\"https:\/\/centresmolina.com\/centreensenyament\/es\/2017\/10\/03\/comunicat-davant-dels-fets-l1-doctubre\/#primaryimage\"},\"thumbnailUrl\":\"https:\/\/centresmolina.com\/centreensenyament\/files\/2017\/10\/1oct.jpg\",\"datePublished\":\"2017-10-03T09:48:30+00:00\",\"dateModified\":\"2017-10-03T10:00:36+00:00\",\"author\":{\"@id\":\"https:\/\/centresmolina.com\/centreensenyament\/#\/schema\/person\/308d85d274adff04b5c51d47e8aff6cc\"},\"breadcrumb\":{\"@id\":\"https:\/\/centresmolina.com\/centreensenyament\/es\/2017\/10\/03\/comunicat-davant-dels-fets-l1-doctubre\/#breadcrumb\"},\"inLanguage\":\"es\",\"potentialAction\":[{\"@type\":\"ReadAction\",\"target\":[\"https:\/\/centresmolina.com\/centreensenyament\/es\/2017\/10\/03\/comunicat-davant-dels-fets-l1-doctubre\/\"]}]},{\"@type\":\"ImageObject\",\"inLanguage\":\"es\",\"@id\":\"https:\/\/centresmolina.com\/centreensenyament\/es\/2017\/10\/03\/comunicat-davant-dels-fets-l1-doctubre\/#primaryimage\",\"url\":\"https:\/\/centresmolina.com\/centreensenyament\/files\/2017\/10\/1oct.jpg\",\"contentUrl\":\"https:\/\/centresmolina.com\/centreensenyament\/files\/2017\/10\/1oct.jpg\",\"width\":1152,\"height\":648},{\"@type\":\"BreadcrumbList\",\"@id\":\"https:\/\/centresmolina.com\/centreensenyament\/es\/2017\/10\/03\/comunicat-davant-dels-fets-l1-doctubre\/#breadcrumb\",\"itemListElement\":[{\"@type\":\"ListItem\",\"position\":1,\"name\":\"Portada\",\"item\":\"https:\/\/centresmolina.com\/centreensenyament\/es\/\"},{\"@type\":\"ListItem\",\"position\":2,\"name\":\"Comunicado ante los hechos del 1 de Octubre\"}]},{\"@type\":\"WebSite\",\"@id\":\"https:\/\/centresmolina.com\/centreensenyament\/#website\",\"url\":\"https:\/\/centresmolina.com\/centreensenyament\/\",\"name\":\"Centros de ense\u00f1anza\",\"description\":\"Centres Molina - Centros de ense\u00f1anza\",\"potentialAction\":[{\"@type\":\"SearchAction\",\"target\":{\"@type\":\"EntryPoint\",\"urlTemplate\":\"https:\/\/centresmolina.com\/centreensenyament\/?s={search_term_string}\"},\"query-input\":{\"@type\":\"PropertyValueSpecification\",\"valueRequired\":true,\"valueName\":\"search_term_string\"}}],\"inLanguage\":\"es\"},{\"@type\":\"Person\",\"@id\":\"https:\/\/centresmolina.com\/centreensenyament\/#\/schema\/person\/308d85d274adff04b5c51d47e8aff6cc\",\"name\":\"webmolina\",\"image\":{\"@type\":\"ImageObject\",\"inLanguage\":\"es\",\"@id\":\"https:\/\/secure.gravatar.com\/avatar\/38db407e1ab9b284bf45e3bff4ec5cf1e034e364f09b2ee054619614662a717b?s=96&d=mm&r=g\",\"url\":\"https:\/\/secure.gravatar.com\/avatar\/38db407e1ab9b284bf45e3bff4ec5cf1e034e364f09b2ee054619614662a717b?s=96&d=mm&r=g\",\"contentUrl\":\"https:\/\/secure.gravatar.com\/avatar\/38db407e1ab9b284bf45e3bff4ec5cf1e034e364f09b2ee054619614662a717b?s=96&d=mm&r=g\",\"caption\":\"webmolina\"},\"url\":\"https:\/\/centresmolina.com\/centreensenyament\/es\/author\/webmolina\/\"}]}<\/script>\n<!-- \/ Yoast SEO plugin. -->","yoast_head_json":{"title":"Comunicado ante los hechos del 1 de Octubre - Centros de ense\u00f1anza","robots":{"index":"index","follow":"follow","max-snippet":"max-snippet:-1","max-image-preview":"max-image-preview:large","max-video-preview":"max-video-preview:-1"},"canonical":"https:\/\/centresmolina.com\/centreensenyament\/es\/2017\/10\/03\/comunicat-davant-dels-fets-l1-doctubre\/","og_locale":"es_ES","og_type":"article","og_title":"Comunicado ante los hechos del 1 de Octubre - Centros de ense\u00f1anza","og_description":"Queridas familias, Ante los acontecimientos del 1 de octubre Se vivieron en Catalunya situaciones de violencia deplorable que han provocado...","og_url":"https:\/\/centresmolina.com\/centreensenyament\/es\/2017\/10\/03\/comunicat-davant-dels-fets-l1-doctubre\/","og_site_name":"Centros de ense\u00f1anza","article_published_time":"2017-10-03T09:48:30+00:00","article_modified_time":"2017-10-03T10:00:36+00:00","og_image":[{"width":1152,"height":648,"url":"https:\/\/centresmolina.com\/centreensenyament\/files\/2017\/10\/1oct.jpg","type":"image\/jpeg"}],"author":"webmolina","twitter_misc":{"Escrito por":"webmolina","Tiempo de lectura":"1 minuto"},"schema":{"@context":"https:\/\/schema.org","@graph":[{"@type":"Article","@id":"https:\/\/centresmolina.com\/centreensenyament\/es\/2017\/10\/03\/comunicat-davant-dels-fets-l1-doctubre\/#article","isPartOf":{"@id":"https:\/\/centresmolina.com\/centreensenyament\/es\/2017\/10\/03\/comunicat-davant-dels-fets-l1-doctubre\/"},"author":{"name":"webmolina","@id":"https:\/\/centresmolina.com\/centreensenyament\/#\/schema\/person\/308d85d274adff04b5c51d47e8aff6cc"},"headline":"Comunicado ante los hechos del 1 de Octubre","datePublished":"2017-10-03T09:48:30+00:00","dateModified":"2017-10-03T10:00:36+00:00","mainEntityOfPage":{"@id":"https:\/\/centresmolina.com\/centreensenyament\/es\/2017\/10\/03\/comunicat-davant-dels-fets-l1-doctubre\/"},"wordCount":208,"commentCount":0,"image":{"@id":"https:\/\/centresmolina.com\/centreensenyament\/es\/2017\/10\/03\/comunicat-davant-dels-fets-l1-doctubre\/#primaryimage"},"thumbnailUrl":"https:\/\/centresmolina.com\/centreensenyament\/files\/2017\/10\/1oct.jpg","keywords":["1-OCT","Escola Molina @es","Molina @es"],"articleSection":["Noticias"],"inLanguage":"es","potentialAction":[{"@type":"CommentAction","name":"Comment","target":["https:\/\/centresmolina.com\/centreensenyament\/es\/2017\/10\/03\/comunicat-davant-dels-fets-l1-doctubre\/#respond"]}]},{"@type":"WebPage","@id":"https:\/\/centresmolina.com\/centreensenyament\/es\/2017\/10\/03\/comunicat-davant-dels-fets-l1-doctubre\/","url":"https:\/\/centresmolina.com\/centreensenyament\/es\/2017\/10\/03\/comunicat-davant-dels-fets-l1-doctubre\/","name":"Comunicado ante los hechos del 1 de Octubre - Centros de ense\u00f1anza","isPartOf":{"@id":"https:\/\/centresmolina.com\/centreensenyament\/#website"},"primaryImageOfPage":{"@id":"https:\/\/centresmolina.com\/centreensenyament\/es\/2017\/10\/03\/comunicat-davant-dels-fets-l1-doctubre\/#primaryimage"},"image":{"@id":"https:\/\/centresmolina.com\/centreensenyament\/es\/2017\/10\/03\/comunicat-davant-dels-fets-l1-doctubre\/#primaryimage"},"thumbnailUrl":"https:\/\/centresmolina.com\/centreensenyament\/files\/2017\/10\/1oct.jpg","datePublished":"2017-10-03T09:48:30+00:00","dateModified":"2017-10-03T10:00:36+00:00","author":{"@id":"https:\/\/centresmolina.com\/centreensenyament\/#\/schema\/person\/308d85d274adff04b5c51d47e8aff6cc"},"breadcrumb":{"@id":"https:\/\/centresmolina.com\/centreensenyament\/es\/2017\/10\/03\/comunicat-davant-dels-fets-l1-doctubre\/#breadcrumb"},"inLanguage":"es","potentialAction":[{"@type":"ReadAction","target":["https:\/\/centresmolina.com\/centreensenyament\/es\/2017\/10\/03\/comunicat-davant-dels-fets-l1-doctubre\/"]}]},{"@type":"ImageObject","inLanguage":"es","@id":"https:\/\/centresmolina.com\/centreensenyament\/es\/2017\/10\/03\/comunicat-davant-dels-fets-l1-doctubre\/#primaryimage","url":"https:\/\/centresmolina.com\/centreensenyament\/files\/2017\/10\/1oct.jpg","contentUrl":"https:\/\/centresmolina.com\/centreensenyament\/files\/2017\/10\/1oct.jpg","width":1152,"height":648},{"@type":"BreadcrumbList","@id":"https:\/\/centresmolina.com\/centreensenyament\/es\/2017\/10\/03\/comunicat-davant-dels-fets-l1-doctubre\/#breadcrumb","itemListElement":[{"@type":"ListItem","position":1,"name":"Portada","item":"https:\/\/centresmolina.com\/centreensenyament\/es\/"},{"@type":"ListItem","position":2,"name":"Comunicado ante los hechos del 1 de Octubre"}]},{"@type":"WebSite","@id":"https:\/\/centresmolina.com\/centreensenyament\/#website","url":"https:\/\/centresmolina.com\/centreensenyament\/","name":"Centros de ense\u00f1anza","description":"Centres Molina - Centros de ense\u00f1anza","potentialAction":[{"@type":"SearchAction","target":{"@type":"EntryPoint","urlTemplate":"https:\/\/centresmolina.com\/centreensenyament\/?s={search_term_string}"},"query-input":{"@type":"PropertyValueSpecification","valueRequired":true,"valueName":"search_term_string"}}],"inLanguage":"es"},{"@type":"Person","@id":"https:\/\/centresmolina.com\/centreensenyament\/#\/schema\/person\/308d85d274adff04b5c51d47e8aff6cc","name":"webmolina","image":{"@type":"ImageObject","inLanguage":"es","@id":"https:\/\/secure.gravatar.com\/avatar\/38db407e1ab9b284bf45e3bff4ec5cf1e034e364f09b2ee054619614662a717b?s=96&d=mm&r=g","url":"https:\/\/secure.gravatar.com\/avatar\/38db407e1ab9b284bf45e3bff4ec5cf1e034e364f09b2ee054619614662a717b?s=96&d=mm&r=g","contentUrl":"https:\/\/secure.gravatar.com\/avatar\/38db407e1ab9b284bf45e3bff4ec5cf1e034e364f09b2ee054619614662a717b?s=96&d=mm&r=g","caption":"webmolina"},"url":"https:\/\/centresmolina.com\/centreensenyament\/es\/author\/webmolina\/"}]}},"_links":{"self":[{"href":"https:\/\/centresmolina.com\/centreensenyament\/es\/wp-json\/wp\/v2\/posts\/5363\/"}],"collection":[{"href":"https:\/\/centresmolina.com\/centreensenyament\/es\/wp-json\/wp\/v2\/posts\/"}],"about":[{"href":"https:\/\/centresmolina.com\/centreensenyament\/es\/wp-json\/wp\/v2\/types\/post\/"}],"author":[{"embeddable":true,"href":"https:\/\/centresmolina.com\/centreensenyament\/es\/wp-json\/wp\/v2\/users\/3\/"}],"replies":[{"embeddable":true,"href":"https:\/\/centresmolina.com\/centreensenyament\/es\/wp-json\/wp\/v2\/comments\/?post=5363"}],"version-history":[{"count":2,"href":"https:\/\/centresmolina.com\/centreensenyament\/es\/wp-json\/wp\/v2\/posts\/5363\/revisions\/"}],"predecessor-version":[{"id":5365,"href":"https:\/\/centresmolina.com\/centreensenyament\/es\/wp-json\/wp\/v2\/posts\/5363\/revisions\/5365\/"}],"wp:featuredmedia":[{"embeddable":true,"href":"https:\/\/centresmolina.com\/centreensenyament\/es\/wp-json\/wp\/v2\/media\/5367\/"}],"wp:attachment":[{"href":"https:\/\/centresmolina.com\/centreensenyament\/es\/wp-json\/wp\/v2\/media\/?parent=5363"}],"wp:term":[{"taxonomy":"category","embeddable":true,"href":"https:\/\/centresmolina.com\/centreensenyament\/es\/wp-json\/wp\/v2\/categories\/?post=5363"},{"taxonomy":"post_tag","embeddable":true,"href":"https:\/\/centresmolina.com\/centreensenyament\/es\/wp-json\/wp\/v2\/tags\/?post=5363"}],"curies":[{"name":"wp","href":"https:\/\/api.w.org\/{rel}","templated":true}]}}