{"id":5407,"date":"2017-10-05T20:45:22","date_gmt":"2017-10-05T20:45:22","guid":{"rendered":"http:\/\/centresmolina.com\/centreensenyament\/?p=5407\/"},"modified":"2017-11-12T17:40:22","modified_gmt":"2017-11-12T17:40:22","slug":"3-participa-una-matinal-prevenir-cancer","status":"publish","type":"post","link":"https:\/\/centresmolina.com\/centreensenyament\/es\/2017\/10\/05\/3-participa-una-matinal-prevenir-cancer\/","title":{"rendered":"ESO 3 participa en una matinal para prevenir el c\u00e1ncer"},"content":{"rendered":"<p>Los alumnos de 3\u00ba de ESO hemos participado en una matinal deportiva en el <a href=\"http:\/\/ajuntament.barcelona.cat\/somdemercat\/ca\/continguts\/la-setmana-catalana-contra-el-c%C3%A0ncer-omple-el-mercat-de-la-guineueta-de-bons-productes-i\">mercado de la Guineueta <\/a>dentro de la Semana Catalana de Prevenci\u00f3n del C\u00e1ncer <a href=\"http:\/\/www.juntscontraelcancer.cat\/news\/finalitza-setmana-catalana-prevencio-cancer-exit-participacio\/\">SECAPC<\/a>.<\/p>\n<p>Nos han explicado las principales medidas preventivas del C\u00f3digo Europeo: COMIDA SANA y HACER EJERCICIO F\u00cdSICO MODERADO. Es por este motivo que a lo largo de la ma\u00f1ana se han realizado cuatro talleres:<\/p>\n<p>TALLER DE ZUMBA \u00a0(deporte): hemos empezado la ma\u00f1ana con una clase de zumba.<\/p>\n\n\t\t<style type=\"text\/css\">\n\t\t\t#gallery-1 {\n\t\t\t\tmargin: auto;\n\t\t\t}\n\t\t\t#gallery-1 .gallery-item {\n\t\t\t\tfloat: left;\n\t\t\t\tmargin-top: 10px;\n\t\t\t\ttext-align: center;\n\t\t\t\twidth: 50%;\n\t\t\t}\n\t\t\t#gallery-1 img {\n\t\t\t\tborder: 2px solid #cfcfcf;\n\t\t\t}\n\t\t\t#gallery-1 .gallery-caption {\n\t\t\t\tmargin-left: 0;\n\t\t\t}\n\t\t\t\/* see gallery_shortcode() in wp-includes\/media.php *\/\n\t\t<\/style>\n\t\t<div id='gallery-1' class='gallery galleryid-5407 gallery-columns-2 gallery-size-medium'><dl class='gallery-item'>\n\t\t\t<dt class='gallery-icon landscape'>\n\t\t\t\t<a href='https:\/\/centresmolina.com\/centreensenyament\/files\/2017\/10\/IMG_20171004_093550.jpg'><img loading=\"lazy\" decoding=\"async\" width=\"300\" height=\"225\" src=\"https:\/\/centresmolina.com\/centreensenyament\/files\/2017\/10\/IMG_20171004_093550-300x225.jpg\" class=\"attachment-medium size-medium\" alt=\"\" srcset=\"https:\/\/centresmolina.com\/centreensenyament\/files\/2017\/10\/IMG_20171004_093550-300x225.jpg 300w, https:\/\/centresmolina.com\/centreensenyament\/files\/2017\/10\/IMG_20171004_093550-768x576.jpg 768w, https:\/\/centresmolina.com\/centreensenyament\/files\/2017\/10\/IMG_20171004_093550-1024x768.jpg 1024w\" sizes=\"auto, (max-width: 300px) 100vw, 300px\" \/><\/a>\n\t\t\t<\/dt><\/dl><dl class='gallery-item'>\n\t\t\t<dt class='gallery-icon landscape'>\n\t\t\t\t<a href='https:\/\/centresmolina.com\/centreensenyament\/files\/2017\/10\/IMG_20171004_093042.jpg'><img loading=\"lazy\" decoding=\"async\" width=\"300\" height=\"225\" src=\"https:\/\/centresmolina.com\/centreensenyament\/files\/2017\/10\/IMG_20171004_093042-300x225.jpg\" class=\"attachment-medium size-medium\" alt=\"\" srcset=\"https:\/\/centresmolina.com\/centreensenyament\/files\/2017\/10\/IMG_20171004_093042-300x225.jpg 300w, https:\/\/centresmolina.com\/centreensenyament\/files\/2017\/10\/IMG_20171004_093042-768x576.jpg 768w, https:\/\/centresmolina.com\/centreensenyament\/files\/2017\/10\/IMG_20171004_093042-1024x768.jpg 1024w\" sizes=\"auto, (max-width: 300px) 100vw, 300px\" \/><\/a>\n\t\t\t<\/dt><\/dl><br style=\"clear: both\" \/>\n\t\t<\/div>\n\n<p><iframe loading=\"lazy\" title=\"ZUMBA I Escola Molina\" width=\"500\" height=\"281\" src=\"https:\/\/www.youtube.com\/embed\/FguepmHQH-E?feature=oembed\" frameborder=\"0\" allow=\"accelerometer; autoplay; clipboard-write; encrypted-media; gyroscope; picture-in-picture; web-share\" referrerpolicy=\"strict-origin-when-cross-origin\" allowfullscreen><\/iframe><\/p>\n<p>TALLER DE COCINA (desayuno saludable): Isma nos ha explicado cu\u00e1les s\u00f3n los alimentos m\u00e1s adecuados para consumir un desayuno completo y saludable, y hemos preparado uno que estaba buen\u00edsimo.<\/p>\n\n\t\t<style type=\"text\/css\">\n\t\t\t#gallery-2 {\n\t\t\t\tmargin: auto;\n\t\t\t}\n\t\t\t#gallery-2 .gallery-item {\n\t\t\t\tfloat: left;\n\t\t\t\tmargin-top: 10px;\n\t\t\t\ttext-align: center;\n\t\t\t\twidth: 50%;\n\t\t\t}\n\t\t\t#gallery-2 img {\n\t\t\t\tborder: 2px solid #cfcfcf;\n\t\t\t}\n\t\t\t#gallery-2 .gallery-caption {\n\t\t\t\tmargin-left: 0;\n\t\t\t}\n\t\t\t\/* see gallery_shortcode() in wp-includes\/media.php *\/\n\t\t<\/style>\n\t\t<div id='gallery-2' class='gallery galleryid-5407 gallery-columns-2 gallery-size-medium'><dl class='gallery-item'>\n\t\t\t<dt class='gallery-icon landscape'>\n\t\t\t\t<a href='https:\/\/centresmolina.com\/centreensenyament\/files\/2017\/10\/IMG_20171004_094940.jpg'><img loading=\"lazy\" decoding=\"async\" width=\"300\" height=\"225\" src=\"https:\/\/centresmolina.com\/centreensenyament\/files\/2017\/10\/IMG_20171004_094940-300x225.jpg\" class=\"attachment-medium size-medium\" alt=\"\" srcset=\"https:\/\/centresmolina.com\/centreensenyament\/files\/2017\/10\/IMG_20171004_094940-300x225.jpg 300w, https:\/\/centresmolina.com\/centreensenyament\/files\/2017\/10\/IMG_20171004_094940-768x576.jpg 768w, https:\/\/centresmolina.com\/centreensenyament\/files\/2017\/10\/IMG_20171004_094940-1024x768.jpg 1024w\" sizes=\"auto, (max-width: 300px) 100vw, 300px\" \/><\/a>\n\t\t\t<\/dt><\/dl><dl class='gallery-item'>\n\t\t\t<dt class='gallery-icon landscape'>\n\t\t\t\t<a href='https:\/\/centresmolina.com\/centreensenyament\/files\/2017\/10\/IMG_20171004_095718.jpg'><img loading=\"lazy\" decoding=\"async\" width=\"300\" height=\"225\" src=\"https:\/\/centresmolina.com\/centreensenyament\/files\/2017\/10\/IMG_20171004_095718-300x225.jpg\" class=\"attachment-medium size-medium\" alt=\"\" srcset=\"https:\/\/centresmolina.com\/centreensenyament\/files\/2017\/10\/IMG_20171004_095718-300x225.jpg 300w, https:\/\/centresmolina.com\/centreensenyament\/files\/2017\/10\/IMG_20171004_095718-768x576.jpg 768w, https:\/\/centresmolina.com\/centreensenyament\/files\/2017\/10\/IMG_20171004_095718-1024x768.jpg 1024w\" sizes=\"auto, (max-width: 300px) 100vw, 300px\" \/><\/a>\n\t\t\t<\/dt><\/dl><br style=\"clear: both\" \/><dl class='gallery-item'>\n\t\t\t<dt class='gallery-icon landscape'>\n\t\t\t\t<a href='https:\/\/centresmolina.com\/centreensenyament\/files\/2017\/10\/IMG_20171004_100129.jpg'><img loading=\"lazy\" decoding=\"async\" width=\"300\" height=\"225\" src=\"https:\/\/centresmolina.com\/centreensenyament\/files\/2017\/10\/IMG_20171004_100129-300x225.jpg\" class=\"attachment-medium size-medium\" alt=\"\" srcset=\"https:\/\/centresmolina.com\/centreensenyament\/files\/2017\/10\/IMG_20171004_100129-300x225.jpg 300w, https:\/\/centresmolina.com\/centreensenyament\/files\/2017\/10\/IMG_20171004_100129-768x576.jpg 768w, https:\/\/centresmolina.com\/centreensenyament\/files\/2017\/10\/IMG_20171004_100129-1024x768.jpg 1024w\" sizes=\"auto, (max-width: 300px) 100vw, 300px\" \/><\/a>\n\t\t\t<\/dt><\/dl><dl class='gallery-item'>\n\t\t\t<dt class='gallery-icon landscape'>\n\t\t\t\t<a href='https:\/\/centresmolina.com\/centreensenyament\/files\/2017\/10\/IMG_20171004_100132.jpg'><img loading=\"lazy\" decoding=\"async\" width=\"300\" height=\"225\" src=\"https:\/\/centresmolina.com\/centreensenyament\/files\/2017\/10\/IMG_20171004_100132-300x225.jpg\" class=\"attachment-medium size-medium\" alt=\"\" srcset=\"https:\/\/centresmolina.com\/centreensenyament\/files\/2017\/10\/IMG_20171004_100132-300x225.jpg 300w, https:\/\/centresmolina.com\/centreensenyament\/files\/2017\/10\/IMG_20171004_100132-768x576.jpg 768w, https:\/\/centresmolina.com\/centreensenyament\/files\/2017\/10\/IMG_20171004_100132-1024x768.jpg 1024w\" sizes=\"auto, (max-width: 300px) 100vw, 300px\" \/><\/a>\n\t\t\t<\/dt><\/dl><br style=\"clear: both\" \/>\n\t\t<\/div>\n\n<p>TALLER DE ANIMAL FIT (deporte): despu\u00e9s de desayunar hemos hecho el animal: el oso, la rana, el koala&#8230;<\/p>\n\n\t\t<style type=\"text\/css\">\n\t\t\t#gallery-3 {\n\t\t\t\tmargin: auto;\n\t\t\t}\n\t\t\t#gallery-3 .gallery-item {\n\t\t\t\tfloat: left;\n\t\t\t\tmargin-top: 10px;\n\t\t\t\ttext-align: center;\n\t\t\t\twidth: 33%;\n\t\t\t}\n\t\t\t#gallery-3 img {\n\t\t\t\tborder: 2px solid #cfcfcf;\n\t\t\t}\n\t\t\t#gallery-3 .gallery-caption {\n\t\t\t\tmargin-left: 0;\n\t\t\t}\n\t\t\t\/* see gallery_shortcode() in wp-includes\/media.php *\/\n\t\t<\/style>\n\t\t<div id='gallery-3' class='gallery galleryid-5407 gallery-columns-3 gallery-size-medium'><dl class='gallery-item'>\n\t\t\t<dt class='gallery-icon landscape'>\n\t\t\t\t<a href='https:\/\/centresmolina.com\/centreensenyament\/files\/2017\/10\/IMG_20171004_101121.jpg'><img loading=\"lazy\" decoding=\"async\" width=\"300\" height=\"225\" src=\"https:\/\/centresmolina.com\/centreensenyament\/files\/2017\/10\/IMG_20171004_101121-300x225.jpg\" class=\"attachment-medium size-medium\" alt=\"\" aria-describedby=\"gallery-3-5424\" srcset=\"https:\/\/centresmolina.com\/centreensenyament\/files\/2017\/10\/IMG_20171004_101121-300x225.jpg 300w, https:\/\/centresmolina.com\/centreensenyament\/files\/2017\/10\/IMG_20171004_101121-768x576.jpg 768w, https:\/\/centresmolina.com\/centreensenyament\/files\/2017\/10\/IMG_20171004_101121-1024x768.jpg 1024w\" sizes=\"auto, (max-width: 300px) 100vw, 300px\" \/><\/a>\n\t\t\t<\/dt>\n\t\t\t\t<dd class='wp-caption-text gallery-caption' id='gallery-3-5424'>\n\t\t\t\tTaller Animal Fit\n\t\t\t\t<\/dd><\/dl><dl class='gallery-item'>\n\t\t\t<dt class='gallery-icon landscape'>\n\t\t\t\t<a href='https:\/\/centresmolina.com\/centreensenyament\/files\/2017\/10\/IMG_20171004_101413.jpg'><img loading=\"lazy\" decoding=\"async\" width=\"300\" height=\"225\" src=\"https:\/\/centresmolina.com\/centreensenyament\/files\/2017\/10\/IMG_20171004_101413-300x225.jpg\" class=\"attachment-medium size-medium\" alt=\"\" aria-describedby=\"gallery-3-5425\" srcset=\"https:\/\/centresmolina.com\/centreensenyament\/files\/2017\/10\/IMG_20171004_101413-300x225.jpg 300w, https:\/\/centresmolina.com\/centreensenyament\/files\/2017\/10\/IMG_20171004_101413-768x576.jpg 768w, https:\/\/centresmolina.com\/centreensenyament\/files\/2017\/10\/IMG_20171004_101413-1024x768.jpg 1024w\" sizes=\"auto, (max-width: 300px) 100vw, 300px\" \/><\/a>\n\t\t\t<\/dt>\n\t\t\t\t<dd class='wp-caption-text gallery-caption' id='gallery-3-5425'>\n\t\t\t\tTaller Animal Fit\n\t\t\t\t<\/dd><\/dl><dl class='gallery-item'>\n\t\t\t<dt class='gallery-icon landscape'>\n\t\t\t\t<a href='https:\/\/centresmolina.com\/centreensenyament\/files\/2017\/10\/IMG_20171004_101728.jpg'><img loading=\"lazy\" decoding=\"async\" width=\"300\" height=\"225\" src=\"https:\/\/centresmolina.com\/centreensenyament\/files\/2017\/10\/IMG_20171004_101728-300x225.jpg\" class=\"attachment-medium size-medium\" alt=\"\" aria-describedby=\"gallery-3-5426\" srcset=\"https:\/\/centresmolina.com\/centreensenyament\/files\/2017\/10\/IMG_20171004_101728-300x225.jpg 300w, https:\/\/centresmolina.com\/centreensenyament\/files\/2017\/10\/IMG_20171004_101728-768x576.jpg 768w, https:\/\/centresmolina.com\/centreensenyament\/files\/2017\/10\/IMG_20171004_101728-1024x768.jpg 1024w\" sizes=\"auto, (max-width: 300px) 100vw, 300px\" \/><\/a>\n\t\t\t<\/dt>\n\t\t\t\t<dd class='wp-caption-text gallery-caption' id='gallery-3-5426'>\n\t\t\t\tTaller Animal Fit\n\t\t\t\t<\/dd><\/dl><br style=\"clear: both\" \/>\n\t\t<\/div>\n\n<p><iframe loading=\"lazy\" title=\"ZUMBA II Escola Molina\" width=\"500\" height=\"281\" src=\"https:\/\/www.youtube.com\/embed\/vOm-XRoN22s?feature=oembed\" frameborder=\"0\" allow=\"accelerometer; autoplay; clipboard-write; encrypted-media; gyroscope; picture-in-picture; web-share\" referrerpolicy=\"strict-origin-when-cross-origin\" allowfullscreen><\/iframe><\/p>\n<p>TALLER SOBRE EL C\u00d3DIGO EUROPEO: despu\u00e9s de realizar un juego en grupo, hemos recordado las 12 medidas preventivas europeas para evitar el c\u00e0ncer.<\/p>\n<p><a href=\"http:\/\/centresmolina.com\/centreensenyament\/files\/2017\/10\/IMG_20171004_104226.jpg\"><img loading=\"lazy\" decoding=\"async\" class=\"aligncenter size-medium wp-image-5427\" src=\"http:\/\/centresmolina.com\/centreensenyament\/files\/2017\/10\/IMG_20171004_104226-300x225.jpg\" alt=\"\" width=\"300\" height=\"225\" srcset=\"https:\/\/centresmolina.com\/centreensenyament\/files\/2017\/10\/IMG_20171004_104226-300x225.jpg 300w, https:\/\/centresmolina.com\/centreensenyament\/files\/2017\/10\/IMG_20171004_104226-768x576.jpg 768w, https:\/\/centresmolina.com\/centreensenyament\/files\/2017\/10\/IMG_20171004_104226-1024x768.jpg 1024w\" sizes=\"auto, (max-width: 300px) 100vw, 300px\" \/><\/a><br \/>\nPor \u00faltimo se ha realizado la inauguraci\u00f3n del acto, con Ernest Codina como conductor y con la participaci\u00f3n de la Candela Ant\u00f3n (Berta de la serie Merl\u00edn) como protagonista del spot publicitario.<\/p>\n\n\t\t<style type=\"text\/css\">\n\t\t\t#gallery-4 {\n\t\t\t\tmargin: auto;\n\t\t\t}\n\t\t\t#gallery-4 .gallery-item {\n\t\t\t\tfloat: left;\n\t\t\t\tmargin-top: 10px;\n\t\t\t\ttext-align: center;\n\t\t\t\twidth: 33%;\n\t\t\t}\n\t\t\t#gallery-4 img {\n\t\t\t\tborder: 2px solid #cfcfcf;\n\t\t\t}\n\t\t\t#gallery-4 .gallery-caption {\n\t\t\t\tmargin-left: 0;\n\t\t\t}\n\t\t\t\/* see gallery_shortcode() in wp-includes\/media.php *\/\n\t\t<\/style>\n\t\t<div id='gallery-4' class='gallery galleryid-5407 gallery-columns-3 gallery-size-medium'><dl class='gallery-item'>\n\t\t\t<dt class='gallery-icon landscape'>\n\t\t\t\t<a href='https:\/\/centresmolina.com\/centreensenyament\/files\/2017\/10\/IMG_20171004_105519.jpg'><img loading=\"lazy\" decoding=\"async\" width=\"300\" height=\"225\" src=\"https:\/\/centresmolina.com\/centreensenyament\/files\/2017\/10\/IMG_20171004_105519-300x225.jpg\" class=\"attachment-medium size-medium\" alt=\"\" srcset=\"https:\/\/centresmolina.com\/centreensenyament\/files\/2017\/10\/IMG_20171004_105519-300x225.jpg 300w, https:\/\/centresmolina.com\/centreensenyament\/files\/2017\/10\/IMG_20171004_105519-768x576.jpg 768w, https:\/\/centresmolina.com\/centreensenyament\/files\/2017\/10\/IMG_20171004_105519-1024x768.jpg 1024w\" sizes=\"auto, (max-width: 300px) 100vw, 300px\" \/><\/a>\n\t\t\t<\/dt><\/dl><dl class='gallery-item'>\n\t\t\t<dt class='gallery-icon landscape'>\n\t\t\t\t<a href='https:\/\/centresmolina.com\/centreensenyament\/files\/2017\/10\/IMG_20171004_110442.jpg'><img loading=\"lazy\" decoding=\"async\" width=\"300\" height=\"225\" src=\"https:\/\/centresmolina.com\/centreensenyament\/files\/2017\/10\/IMG_20171004_110442-300x225.jpg\" class=\"attachment-medium size-medium\" alt=\"\" srcset=\"https:\/\/centresmolina.com\/centreensenyament\/files\/2017\/10\/IMG_20171004_110442-300x225.jpg 300w, https:\/\/centresmolina.com\/centreensenyament\/files\/2017\/10\/IMG_20171004_110442-768x576.jpg 768w, https:\/\/centresmolina.com\/centreensenyament\/files\/2017\/10\/IMG_20171004_110442-1024x768.jpg 1024w\" sizes=\"auto, (max-width: 300px) 100vw, 300px\" \/><\/a>\n\t\t\t<\/dt><\/dl><dl class='gallery-item'>\n\t\t\t<dt class='gallery-icon landscape'>\n\t\t\t\t<a href='https:\/\/centresmolina.com\/centreensenyament\/files\/2017\/10\/IMG_20171004_112937.jpg'><img loading=\"lazy\" decoding=\"async\" width=\"300\" height=\"225\" src=\"https:\/\/centresmolina.com\/centreensenyament\/files\/2017\/10\/IMG_20171004_112937-300x225.jpg\" class=\"attachment-medium size-medium\" alt=\"\" srcset=\"https:\/\/centresmolina.com\/centreensenyament\/files\/2017\/10\/IMG_20171004_112937-300x225.jpg 300w, https:\/\/centresmolina.com\/centreensenyament\/files\/2017\/10\/IMG_20171004_112937-768x576.jpg 768w, https:\/\/centresmolina.com\/centreensenyament\/files\/2017\/10\/IMG_20171004_112937-1024x768.jpg 1024w\" sizes=\"auto, (max-width: 300px) 100vw, 300px\" \/><\/a>\n\t\t\t<\/dt><\/dl><br style=\"clear: both\" \/>\n\t\t<\/div>\n\n<p><iframe loading=\"lazy\" title=\"Espot #menjasaimoute17\" width=\"500\" height=\"281\" src=\"https:\/\/www.youtube.com\/embed\/TQB9daOkY_Y?feature=oembed\" frameborder=\"0\" allow=\"accelerometer; autoplay; clipboard-write; encrypted-media; gyroscope; picture-in-picture; web-share\" referrerpolicy=\"strict-origin-when-cross-origin\" allowfullscreen><\/iframe><\/p>\n<p style=\"text-align: center\">\u00a1Ha sido una ma\u00f1ana muy movida y saludable!<\/p>\n","protected":false},"excerpt":{"rendered":"<p>Los alumnos de 3\u00ba de ESO hemos participado en una matinal deportiva en el mercado de la Guineueta dentro de&#8230;<\/p>\n","protected":false},"author":3,"featured_media":5432,"comment_status":"open","ping_status":"open","sticky":false,"template":"","format":"standard","meta":{"footnotes":""},"categories":[15],"tags":[111,2491,69,64,2492,2490],"class_list":["post-5407","post","type-post","status-publish","format-standard","has-post-thumbnail","hentry","category-noticias-2","tag-3r-eso-es","tag-alimentacion-sana","tag-aprenentatge-es","tag-educacio-secundaria-obligatoria-es","tag-guineueta","tag-salud"],"yoast_head":"<!-- This site is optimized with the Yoast SEO plugin v27.2 - https:\/\/yoast.com\/product\/yoast-seo-wordpress\/ -->\n<title>ESO 3 participa en una matinal para prevenir el c\u00e1ncer - Centros de ense\u00f1anza<\/title>\n<meta name=\"robots\" content=\"index, follow, max-snippet:-1, max-image-preview:large, max-video-preview:-1\" \/>\n<link rel=\"canonical\" href=\"https:\/\/centresmolina.com\/centreensenyament\/es\/2017\/10\/05\/3-participa-una-matinal-prevenir-cancer\/\" \/>\n<meta property=\"og:locale\" content=\"es_ES\" \/>\n<meta property=\"og:type\" content=\"article\" \/>\n<meta property=\"og:title\" content=\"ESO 3 participa en una matinal para prevenir el c\u00e1ncer - Centros de ense\u00f1anza\" \/>\n<meta property=\"og:description\" content=\"Los alumnos de 3\u00ba de ESO hemos participado en una matinal deportiva en el mercado de la Guineueta dentro de...\" \/>\n<meta property=\"og:url\" content=\"https:\/\/centresmolina.com\/centreensenyament\/es\/2017\/10\/05\/3-participa-una-matinal-prevenir-cancer\/\" \/>\n<meta property=\"og:site_name\" content=\"Centros de ense\u00f1anza\" \/>\n<meta property=\"article:published_time\" content=\"2017-10-05T20:45:22+00:00\" \/>\n<meta property=\"article:modified_time\" content=\"2017-11-12T17:40:22+00:00\" \/>\n<meta property=\"og:image\" content=\"https:\/\/centresmolina.com\/centreensenyament\/files\/2017\/10\/setmana-contra-el-cancer-650x300.jpg\" \/>\n\t<meta property=\"og:image:width\" content=\"650\" \/>\n\t<meta property=\"og:image:height\" content=\"300\" \/>\n\t<meta property=\"og:image:type\" content=\"image\/jpeg\" \/>\n<meta name=\"author\" content=\"webmolina\" \/>\n<meta name=\"twitter:label1\" content=\"Escrito por\" \/>\n\t<meta name=\"twitter:data1\" content=\"webmolina\" \/>\n\t<meta name=\"twitter:label2\" content=\"Tiempo de lectura\" \/>\n\t<meta name=\"twitter:data2\" content=\"1 minuto\" \/>\n<script type=\"application\/ld+json\" class=\"yoast-schema-graph\">{\"@context\":\"https:\/\/schema.org\",\"@graph\":[{\"@type\":\"Article\",\"@id\":\"https:\/\/centresmolina.com\/centreensenyament\/es\/2017\/10\/05\/3-participa-una-matinal-prevenir-cancer\/#article\",\"isPartOf\":{\"@id\":\"https:\/\/centresmolina.com\/centreensenyament\/es\/2017\/10\/05\/3-participa-una-matinal-prevenir-cancer\/\"},\"author\":{\"name\":\"webmolina\",\"@id\":\"https:\/\/centresmolina.com\/centreensenyament\/#\/schema\/person\/308d85d274adff04b5c51d47e8aff6cc\"},\"headline\":\"ESO 3 participa en una matinal para prevenir el c\u00e1ncer\",\"datePublished\":\"2017-10-05T20:45:22+00:00\",\"dateModified\":\"2017-11-12T17:40:22+00:00\",\"mainEntityOfPage\":{\"@id\":\"https:\/\/centresmolina.com\/centreensenyament\/es\/2017\/10\/05\/3-participa-una-matinal-prevenir-cancer\/\"},\"wordCount\":264,\"commentCount\":0,\"image\":{\"@id\":\"https:\/\/centresmolina.com\/centreensenyament\/es\/2017\/10\/05\/3-participa-una-matinal-prevenir-cancer\/#primaryimage\"},\"thumbnailUrl\":\"https:\/\/centresmolina.com\/centreensenyament\/files\/2017\/10\/setmana-contra-el-cancer-650x300.jpg\",\"keywords\":[\"3r ESO @es\",\"alimentaci\u00f3n sana\",\"aprenentatge @es\",\"educaci\u00f3 secund\u00e0ria obligat\u00f2ria @es\",\"Guineueta\",\"Salud\"],\"articleSection\":[\"Noticias\"],\"inLanguage\":\"es\",\"potentialAction\":[{\"@type\":\"CommentAction\",\"name\":\"Comment\",\"target\":[\"https:\/\/centresmolina.com\/centreensenyament\/es\/2017\/10\/05\/3-participa-una-matinal-prevenir-cancer\/#respond\"]}]},{\"@type\":\"WebPage\",\"@id\":\"https:\/\/centresmolina.com\/centreensenyament\/es\/2017\/10\/05\/3-participa-una-matinal-prevenir-cancer\/\",\"url\":\"https:\/\/centresmolina.com\/centreensenyament\/es\/2017\/10\/05\/3-participa-una-matinal-prevenir-cancer\/\",\"name\":\"ESO 3 participa en una matinal para prevenir el c\u00e1ncer - Centros de ense\u00f1anza\",\"isPartOf\":{\"@id\":\"https:\/\/centresmolina.com\/centreensenyament\/#website\"},\"primaryImageOfPage\":{\"@id\":\"https:\/\/centresmolina.com\/centreensenyament\/es\/2017\/10\/05\/3-participa-una-matinal-prevenir-cancer\/#primaryimage\"},\"image\":{\"@id\":\"https:\/\/centresmolina.com\/centreensenyament\/es\/2017\/10\/05\/3-participa-una-matinal-prevenir-cancer\/#primaryimage\"},\"thumbnailUrl\":\"https:\/\/centresmolina.com\/centreensenyament\/files\/2017\/10\/setmana-contra-el-cancer-650x300.jpg\",\"datePublished\":\"2017-10-05T20:45:22+00:00\",\"dateModified\":\"2017-11-12T17:40:22+00:00\",\"author\":{\"@id\":\"https:\/\/centresmolina.com\/centreensenyament\/#\/schema\/person\/308d85d274adff04b5c51d47e8aff6cc\"},\"breadcrumb\":{\"@id\":\"https:\/\/centresmolina.com\/centreensenyament\/es\/2017\/10\/05\/3-participa-una-matinal-prevenir-cancer\/#breadcrumb\"},\"inLanguage\":\"es\",\"potentialAction\":[{\"@type\":\"ReadAction\",\"target\":[\"https:\/\/centresmolina.com\/centreensenyament\/es\/2017\/10\/05\/3-participa-una-matinal-prevenir-cancer\/\"]}]},{\"@type\":\"ImageObject\",\"inLanguage\":\"es\",\"@id\":\"https:\/\/centresmolina.com\/centreensenyament\/es\/2017\/10\/05\/3-participa-una-matinal-prevenir-cancer\/#primaryimage\",\"url\":\"https:\/\/centresmolina.com\/centreensenyament\/files\/2017\/10\/setmana-contra-el-cancer-650x300.jpg\",\"contentUrl\":\"https:\/\/centresmolina.com\/centreensenyament\/files\/2017\/10\/setmana-contra-el-cancer-650x300.jpg\",\"width\":650,\"height\":300},{\"@type\":\"BreadcrumbList\",\"@id\":\"https:\/\/centresmolina.com\/centreensenyament\/es\/2017\/10\/05\/3-participa-una-matinal-prevenir-cancer\/#breadcrumb\",\"itemListElement\":[{\"@type\":\"ListItem\",\"position\":1,\"name\":\"Portada\",\"item\":\"https:\/\/centresmolina.com\/centreensenyament\/es\/\"},{\"@type\":\"ListItem\",\"position\":2,\"name\":\"ESO 3 participa en una matinal para prevenir el c\u00e1ncer\"}]},{\"@type\":\"WebSite\",\"@id\":\"https:\/\/centresmolina.com\/centreensenyament\/#website\",\"url\":\"https:\/\/centresmolina.com\/centreensenyament\/\",\"name\":\"Centros de ense\u00f1anza\",\"description\":\"Centres Molina - Centros de ense\u00f1anza\",\"potentialAction\":[{\"@type\":\"SearchAction\",\"target\":{\"@type\":\"EntryPoint\",\"urlTemplate\":\"https:\/\/centresmolina.com\/centreensenyament\/?s={search_term_string}\"},\"query-input\":{\"@type\":\"PropertyValueSpecification\",\"valueRequired\":true,\"valueName\":\"search_term_string\"}}],\"inLanguage\":\"es\"},{\"@type\":\"Person\",\"@id\":\"https:\/\/centresmolina.com\/centreensenyament\/#\/schema\/person\/308d85d274adff04b5c51d47e8aff6cc\",\"name\":\"webmolina\",\"image\":{\"@type\":\"ImageObject\",\"inLanguage\":\"es\",\"@id\":\"https:\/\/secure.gravatar.com\/avatar\/38db407e1ab9b284bf45e3bff4ec5cf1e034e364f09b2ee054619614662a717b?s=96&d=mm&r=g\",\"url\":\"https:\/\/secure.gravatar.com\/avatar\/38db407e1ab9b284bf45e3bff4ec5cf1e034e364f09b2ee054619614662a717b?s=96&d=mm&r=g\",\"contentUrl\":\"https:\/\/secure.gravatar.com\/avatar\/38db407e1ab9b284bf45e3bff4ec5cf1e034e364f09b2ee054619614662a717b?s=96&d=mm&r=g\",\"caption\":\"webmolina\"},\"url\":\"https:\/\/centresmolina.com\/centreensenyament\/es\/author\/webmolina\/\"}]}<\/script>\n<!-- \/ Yoast SEO plugin. -->","yoast_head_json":{"title":"ESO 3 participa en una matinal para prevenir el c\u00e1ncer - Centros de ense\u00f1anza","robots":{"index":"index","follow":"follow","max-snippet":"max-snippet:-1","max-image-preview":"max-image-preview:large","max-video-preview":"max-video-preview:-1"},"canonical":"https:\/\/centresmolina.com\/centreensenyament\/es\/2017\/10\/05\/3-participa-una-matinal-prevenir-cancer\/","og_locale":"es_ES","og_type":"article","og_title":"ESO 3 participa en una matinal para prevenir el c\u00e1ncer - Centros de ense\u00f1anza","og_description":"Los alumnos de 3\u00ba de ESO hemos participado en una matinal deportiva en el mercado de la Guineueta dentro de...","og_url":"https:\/\/centresmolina.com\/centreensenyament\/es\/2017\/10\/05\/3-participa-una-matinal-prevenir-cancer\/","og_site_name":"Centros de ense\u00f1anza","article_published_time":"2017-10-05T20:45:22+00:00","article_modified_time":"2017-11-12T17:40:22+00:00","og_image":[{"width":650,"height":300,"url":"https:\/\/centresmolina.com\/centreensenyament\/files\/2017\/10\/setmana-contra-el-cancer-650x300.jpg","type":"image\/jpeg"}],"author":"webmolina","twitter_misc":{"Escrito por":"webmolina","Tiempo de lectura":"1 minuto"},"schema":{"@context":"https:\/\/schema.org","@graph":[{"@type":"Article","@id":"https:\/\/centresmolina.com\/centreensenyament\/es\/2017\/10\/05\/3-participa-una-matinal-prevenir-cancer\/#article","isPartOf":{"@id":"https:\/\/centresmolina.com\/centreensenyament\/es\/2017\/10\/05\/3-participa-una-matinal-prevenir-cancer\/"},"author":{"name":"webmolina","@id":"https:\/\/centresmolina.com\/centreensenyament\/#\/schema\/person\/308d85d274adff04b5c51d47e8aff6cc"},"headline":"ESO 3 participa en una matinal para prevenir el c\u00e1ncer","datePublished":"2017-10-05T20:45:22+00:00","dateModified":"2017-11-12T17:40:22+00:00","mainEntityOfPage":{"@id":"https:\/\/centresmolina.com\/centreensenyament\/es\/2017\/10\/05\/3-participa-una-matinal-prevenir-cancer\/"},"wordCount":264,"commentCount":0,"image":{"@id":"https:\/\/centresmolina.com\/centreensenyament\/es\/2017\/10\/05\/3-participa-una-matinal-prevenir-cancer\/#primaryimage"},"thumbnailUrl":"https:\/\/centresmolina.com\/centreensenyament\/files\/2017\/10\/setmana-contra-el-cancer-650x300.jpg","keywords":["3r ESO @es","alimentaci\u00f3n sana","aprenentatge @es","educaci\u00f3 secund\u00e0ria obligat\u00f2ria @es","Guineueta","Salud"],"articleSection":["Noticias"],"inLanguage":"es","potentialAction":[{"@type":"CommentAction","name":"Comment","target":["https:\/\/centresmolina.com\/centreensenyament\/es\/2017\/10\/05\/3-participa-una-matinal-prevenir-cancer\/#respond"]}]},{"@type":"WebPage","@id":"https:\/\/centresmolina.com\/centreensenyament\/es\/2017\/10\/05\/3-participa-una-matinal-prevenir-cancer\/","url":"https:\/\/centresmolina.com\/centreensenyament\/es\/2017\/10\/05\/3-participa-una-matinal-prevenir-cancer\/","name":"ESO 3 participa en una matinal para prevenir el c\u00e1ncer - Centros de ense\u00f1anza","isPartOf":{"@id":"https:\/\/centresmolina.com\/centreensenyament\/#website"},"primaryImageOfPage":{"@id":"https:\/\/centresmolina.com\/centreensenyament\/es\/2017\/10\/05\/3-participa-una-matinal-prevenir-cancer\/#primaryimage"},"image":{"@id":"https:\/\/centresmolina.com\/centreensenyament\/es\/2017\/10\/05\/3-participa-una-matinal-prevenir-cancer\/#primaryimage"},"thumbnailUrl":"https:\/\/centresmolina.com\/centreensenyament\/files\/2017\/10\/setmana-contra-el-cancer-650x300.jpg","datePublished":"2017-10-05T20:45:22+00:00","dateModified":"2017-11-12T17:40:22+00:00","author":{"@id":"https:\/\/centresmolina.com\/centreensenyament\/#\/schema\/person\/308d85d274adff04b5c51d47e8aff6cc"},"breadcrumb":{"@id":"https:\/\/centresmolina.com\/centreensenyament\/es\/2017\/10\/05\/3-participa-una-matinal-prevenir-cancer\/#breadcrumb"},"inLanguage":"es","potentialAction":[{"@type":"ReadAction","target":["https:\/\/centresmolina.com\/centreensenyament\/es\/2017\/10\/05\/3-participa-una-matinal-prevenir-cancer\/"]}]},{"@type":"ImageObject","inLanguage":"es","@id":"https:\/\/centresmolina.com\/centreensenyament\/es\/2017\/10\/05\/3-participa-una-matinal-prevenir-cancer\/#primaryimage","url":"https:\/\/centresmolina.com\/centreensenyament\/files\/2017\/10\/setmana-contra-el-cancer-650x300.jpg","contentUrl":"https:\/\/centresmolina.com\/centreensenyament\/files\/2017\/10\/setmana-contra-el-cancer-650x300.jpg","width":650,"height":300},{"@type":"BreadcrumbList","@id":"https:\/\/centresmolina.com\/centreensenyament\/es\/2017\/10\/05\/3-participa-una-matinal-prevenir-cancer\/#breadcrumb","itemListElement":[{"@type":"ListItem","position":1,"name":"Portada","item":"https:\/\/centresmolina.com\/centreensenyament\/es\/"},{"@type":"ListItem","position":2,"name":"ESO 3 participa en una matinal para prevenir el c\u00e1ncer"}]},{"@type":"WebSite","@id":"https:\/\/centresmolina.com\/centreensenyament\/#website","url":"https:\/\/centresmolina.com\/centreensenyament\/","name":"Centros de ense\u00f1anza","description":"Centres Molina - Centros de ense\u00f1anza","potentialAction":[{"@type":"SearchAction","target":{"@type":"EntryPoint","urlTemplate":"https:\/\/centresmolina.com\/centreensenyament\/?s={search_term_string}"},"query-input":{"@type":"PropertyValueSpecification","valueRequired":true,"valueName":"search_term_string"}}],"inLanguage":"es"},{"@type":"Person","@id":"https:\/\/centresmolina.com\/centreensenyament\/#\/schema\/person\/308d85d274adff04b5c51d47e8aff6cc","name":"webmolina","image":{"@type":"ImageObject","inLanguage":"es","@id":"https:\/\/secure.gravatar.com\/avatar\/38db407e1ab9b284bf45e3bff4ec5cf1e034e364f09b2ee054619614662a717b?s=96&d=mm&r=g","url":"https:\/\/secure.gravatar.com\/avatar\/38db407e1ab9b284bf45e3bff4ec5cf1e034e364f09b2ee054619614662a717b?s=96&d=mm&r=g","contentUrl":"https:\/\/secure.gravatar.com\/avatar\/38db407e1ab9b284bf45e3bff4ec5cf1e034e364f09b2ee054619614662a717b?s=96&d=mm&r=g","caption":"webmolina"},"url":"https:\/\/centresmolina.com\/centreensenyament\/es\/author\/webmolina\/"}]}},"_links":{"self":[{"href":"https:\/\/centresmolina.com\/centreensenyament\/es\/wp-json\/wp\/v2\/posts\/5407\/"}],"collection":[{"href":"https:\/\/centresmolina.com\/centreensenyament\/es\/wp-json\/wp\/v2\/posts\/"}],"about":[{"href":"https:\/\/centresmolina.com\/centreensenyament\/es\/wp-json\/wp\/v2\/types\/post\/"}],"author":[{"embeddable":true,"href":"https:\/\/centresmolina.com\/centreensenyament\/es\/wp-json\/wp\/v2\/users\/3\/"}],"replies":[{"embeddable":true,"href":"https:\/\/centresmolina.com\/centreensenyament\/es\/wp-json\/wp\/v2\/comments\/?post=5407"}],"version-history":[{"count":13,"href":"https:\/\/centresmolina.com\/centreensenyament\/es\/wp-json\/wp\/v2\/posts\/5407\/revisions\/"}],"predecessor-version":[{"id":5952,"href":"https:\/\/centresmolina.com\/centreensenyament\/es\/wp-json\/wp\/v2\/posts\/5407\/revisions\/5952\/"}],"wp:featuredmedia":[{"embeddable":true,"href":"https:\/\/centresmolina.com\/centreensenyament\/es\/wp-json\/wp\/v2\/media\/5432\/"}],"wp:attachment":[{"href":"https:\/\/centresmolina.com\/centreensenyament\/es\/wp-json\/wp\/v2\/media\/?parent=5407"}],"wp:term":[{"taxonomy":"category","embeddable":true,"href":"https:\/\/centresmolina.com\/centreensenyament\/es\/wp-json\/wp\/v2\/categories\/?post=5407"},{"taxonomy":"post_tag","embeddable":true,"href":"https:\/\/centresmolina.com\/centreensenyament\/es\/wp-json\/wp\/v2\/tags\/?post=5407"}],"curies":[{"name":"wp","href":"https:\/\/api.w.org\/{rel}","templated":true}]}}