{"id":5625,"date":"2017-10-22T09:11:54","date_gmt":"2017-10-22T09:11:54","guid":{"rendered":"http:\/\/centresmolina.com\/centreensenyament\/2017\/10\/22\/conferencia-emprendre-amb-valors-b\/"},"modified":"2017-11-07T10:52:51","modified_gmt":"2017-11-07T10:52:51","slug":"conferencia-emprendre-amb-valors-b","status":"publish","type":"post","link":"https:\/\/centresmolina.com\/centreensenyament\/es\/2017\/10\/22\/conferencia-emprendre-amb-valors-b\/","title":{"rendered":"Conferencia Emprender con Valores by INNY"},"content":{"rendered":"<p>Un a\u00f1o m\u00e1s asistimos 4\u00ba de ESO y CFGM de la escuela a la Conferencia Emprender con Valores by Inny que organiza Barcelona Activa.<\/p>\n<p>INNY es una asociaci\u00f3n juvenil sin \u00e1nimo de lucro formada por un grupo de j\u00f3venes menores de 25 a\u00f1os. Se han convertido en un espacio de orientaci\u00f3n transversal para j\u00f3venes. Son un potenciador juvenil de competencias emocionales y ocupacionales que trabaja por igual las actitudes y aptitudes en el \u00e1mbito personal, acad\u00e9mico y profesional.<\/p>\n<p>Se basa en el intercambio de experiencias vitales entre j\u00f3venes, creando un ambiente juvenil y sincero.<\/p>\n<p>Este a\u00f1o en el Teatro T\u00edvoli. Much\u00edsima gente asist\u00eda al evento.<\/p>\n\n\t\t<style type=\"text\/css\">\n\t\t\t#gallery-1 {\n\t\t\t\tmargin: auto;\n\t\t\t}\n\t\t\t#gallery-1 .gallery-item {\n\t\t\t\tfloat: left;\n\t\t\t\tmargin-top: 10px;\n\t\t\t\ttext-align: center;\n\t\t\t\twidth: 33%;\n\t\t\t}\n\t\t\t#gallery-1 img {\n\t\t\t\tborder: 2px solid #cfcfcf;\n\t\t\t}\n\t\t\t#gallery-1 .gallery-caption {\n\t\t\t\tmargin-left: 0;\n\t\t\t}\n\t\t\t\/* see gallery_shortcode() in wp-includes\/media.php *\/\n\t\t<\/style>\n\t\t<div id='gallery-1' class='gallery galleryid-5625 gallery-columns-3 gallery-size-full'><dl class='gallery-item'>\n\t\t\t<dt class='gallery-icon landscape'>\n\t\t\t\t<a href='https:\/\/centresmolina.com\/centreensenyament\/files\/2017\/10\/1EMPRENDRE-AMB-VALOR-BY-INNY-6.jpg'><img loading=\"lazy\" decoding=\"async\" width=\"1280\" height=\"960\" src=\"https:\/\/centresmolina.com\/centreensenyament\/files\/2017\/10\/1EMPRENDRE-AMB-VALOR-BY-INNY-6.jpg\" class=\"attachment-full size-full\" alt=\"\" srcset=\"https:\/\/centresmolina.com\/centreensenyament\/files\/2017\/10\/1EMPRENDRE-AMB-VALOR-BY-INNY-6.jpg 1280w, https:\/\/centresmolina.com\/centreensenyament\/files\/2017\/10\/1EMPRENDRE-AMB-VALOR-BY-INNY-6-300x225.jpg 300w, https:\/\/centresmolina.com\/centreensenyament\/files\/2017\/10\/1EMPRENDRE-AMB-VALOR-BY-INNY-6-768x576.jpg 768w, https:\/\/centresmolina.com\/centreensenyament\/files\/2017\/10\/1EMPRENDRE-AMB-VALOR-BY-INNY-6-1024x768.jpg 1024w\" sizes=\"auto, (max-width: 1280px) 100vw, 1280px\" \/><\/a>\n\t\t\t<\/dt><\/dl><dl class='gallery-item'>\n\t\t\t<dt class='gallery-icon landscape'>\n\t\t\t\t<a href='https:\/\/centresmolina.com\/centreensenyament\/files\/2017\/10\/1EMPRENDRE-AMB-VALOR-BY-INNY-1.jpg'><img loading=\"lazy\" decoding=\"async\" width=\"1280\" height=\"960\" src=\"https:\/\/centresmolina.com\/centreensenyament\/files\/2017\/10\/1EMPRENDRE-AMB-VALOR-BY-INNY-1.jpg\" class=\"attachment-full size-full\" alt=\"\" srcset=\"https:\/\/centresmolina.com\/centreensenyament\/files\/2017\/10\/1EMPRENDRE-AMB-VALOR-BY-INNY-1.jpg 1280w, https:\/\/centresmolina.com\/centreensenyament\/files\/2017\/10\/1EMPRENDRE-AMB-VALOR-BY-INNY-1-300x225.jpg 300w, https:\/\/centresmolina.com\/centreensenyament\/files\/2017\/10\/1EMPRENDRE-AMB-VALOR-BY-INNY-1-768x576.jpg 768w, https:\/\/centresmolina.com\/centreensenyament\/files\/2017\/10\/1EMPRENDRE-AMB-VALOR-BY-INNY-1-1024x768.jpg 1024w\" sizes=\"auto, (max-width: 1280px) 100vw, 1280px\" \/><\/a>\n\t\t\t<\/dt><\/dl><dl class='gallery-item'>\n\t\t\t<dt class='gallery-icon landscape'>\n\t\t\t\t<a href='https:\/\/centresmolina.com\/centreensenyament\/files\/2017\/10\/1EMPRENDRE-AMB-VALOR-BY-INNY-2.jpg'><img loading=\"lazy\" decoding=\"async\" width=\"1280\" height=\"960\" src=\"https:\/\/centresmolina.com\/centreensenyament\/files\/2017\/10\/1EMPRENDRE-AMB-VALOR-BY-INNY-2.jpg\" class=\"attachment-full size-full\" alt=\"\" srcset=\"https:\/\/centresmolina.com\/centreensenyament\/files\/2017\/10\/1EMPRENDRE-AMB-VALOR-BY-INNY-2.jpg 1280w, https:\/\/centresmolina.com\/centreensenyament\/files\/2017\/10\/1EMPRENDRE-AMB-VALOR-BY-INNY-2-300x225.jpg 300w, https:\/\/centresmolina.com\/centreensenyament\/files\/2017\/10\/1EMPRENDRE-AMB-VALOR-BY-INNY-2-768x576.jpg 768w, https:\/\/centresmolina.com\/centreensenyament\/files\/2017\/10\/1EMPRENDRE-AMB-VALOR-BY-INNY-2-1024x768.jpg 1024w\" sizes=\"auto, (max-width: 1280px) 100vw, 1280px\" \/><\/a>\n\t\t\t<\/dt><\/dl><br style=\"clear: both\" \/><dl class='gallery-item'>\n\t\t\t<dt class='gallery-icon landscape'>\n\t\t\t\t<a href='https:\/\/centresmolina.com\/centreensenyament\/files\/2017\/10\/1EMPRENDRE-AMB-VALOR-BY-INNY-3.jpg'><img loading=\"lazy\" decoding=\"async\" width=\"1280\" height=\"960\" src=\"https:\/\/centresmolina.com\/centreensenyament\/files\/2017\/10\/1EMPRENDRE-AMB-VALOR-BY-INNY-3.jpg\" class=\"attachment-full size-full\" alt=\"\" srcset=\"https:\/\/centresmolina.com\/centreensenyament\/files\/2017\/10\/1EMPRENDRE-AMB-VALOR-BY-INNY-3.jpg 1280w, https:\/\/centresmolina.com\/centreensenyament\/files\/2017\/10\/1EMPRENDRE-AMB-VALOR-BY-INNY-3-300x225.jpg 300w, https:\/\/centresmolina.com\/centreensenyament\/files\/2017\/10\/1EMPRENDRE-AMB-VALOR-BY-INNY-3-768x576.jpg 768w, https:\/\/centresmolina.com\/centreensenyament\/files\/2017\/10\/1EMPRENDRE-AMB-VALOR-BY-INNY-3-1024x768.jpg 1024w\" sizes=\"auto, (max-width: 1280px) 100vw, 1280px\" \/><\/a>\n\t\t\t<\/dt><\/dl><dl class='gallery-item'>\n\t\t\t<dt class='gallery-icon landscape'>\n\t\t\t\t<a href='https:\/\/centresmolina.com\/centreensenyament\/files\/2017\/10\/1EMPRENDRE-AMB-VALOR-BY-INNY-4.jpg'><img loading=\"lazy\" decoding=\"async\" width=\"1280\" height=\"960\" src=\"https:\/\/centresmolina.com\/centreensenyament\/files\/2017\/10\/1EMPRENDRE-AMB-VALOR-BY-INNY-4.jpg\" class=\"attachment-full size-full\" alt=\"\" srcset=\"https:\/\/centresmolina.com\/centreensenyament\/files\/2017\/10\/1EMPRENDRE-AMB-VALOR-BY-INNY-4.jpg 1280w, https:\/\/centresmolina.com\/centreensenyament\/files\/2017\/10\/1EMPRENDRE-AMB-VALOR-BY-INNY-4-300x225.jpg 300w, https:\/\/centresmolina.com\/centreensenyament\/files\/2017\/10\/1EMPRENDRE-AMB-VALOR-BY-INNY-4-768x576.jpg 768w, https:\/\/centresmolina.com\/centreensenyament\/files\/2017\/10\/1EMPRENDRE-AMB-VALOR-BY-INNY-4-1024x768.jpg 1024w\" sizes=\"auto, (max-width: 1280px) 100vw, 1280px\" \/><\/a>\n\t\t\t<\/dt><\/dl><dl class='gallery-item'>\n\t\t\t<dt class='gallery-icon landscape'>\n\t\t\t\t<a href='https:\/\/centresmolina.com\/centreensenyament\/files\/2017\/10\/1EMPRENDRE-AMB-VALOR-BY-INNY-5.jpg'><img loading=\"lazy\" decoding=\"async\" width=\"1280\" height=\"960\" src=\"https:\/\/centresmolina.com\/centreensenyament\/files\/2017\/10\/1EMPRENDRE-AMB-VALOR-BY-INNY-5.jpg\" class=\"attachment-full size-full\" alt=\"\" srcset=\"https:\/\/centresmolina.com\/centreensenyament\/files\/2017\/10\/1EMPRENDRE-AMB-VALOR-BY-INNY-5.jpg 1280w, https:\/\/centresmolina.com\/centreensenyament\/files\/2017\/10\/1EMPRENDRE-AMB-VALOR-BY-INNY-5-300x225.jpg 300w, https:\/\/centresmolina.com\/centreensenyament\/files\/2017\/10\/1EMPRENDRE-AMB-VALOR-BY-INNY-5-768x576.jpg 768w, https:\/\/centresmolina.com\/centreensenyament\/files\/2017\/10\/1EMPRENDRE-AMB-VALOR-BY-INNY-5-1024x768.jpg 1024w\" sizes=\"auto, (max-width: 1280px) 100vw, 1280px\" \/><\/a>\n\t\t\t<\/dt><\/dl><br style=\"clear: both\" \/>\n\t\t<\/div>\n\n<p>Nos esperaba un espect\u00e1culo que fund\u00eda pedagog\u00eda y entretenimiento, con unas actuaciones fant\u00e1sticas.<\/p>\n\n\t\t<style type=\"text\/css\">\n\t\t\t#gallery-2 {\n\t\t\t\tmargin: auto;\n\t\t\t}\n\t\t\t#gallery-2 .gallery-item {\n\t\t\t\tfloat: left;\n\t\t\t\tmargin-top: 10px;\n\t\t\t\ttext-align: center;\n\t\t\t\twidth: 50%;\n\t\t\t}\n\t\t\t#gallery-2 img {\n\t\t\t\tborder: 2px solid #cfcfcf;\n\t\t\t}\n\t\t\t#gallery-2 .gallery-caption {\n\t\t\t\tmargin-left: 0;\n\t\t\t}\n\t\t\t\/* see gallery_shortcode() in wp-includes\/media.php *\/\n\t\t<\/style>\n\t\t<div id='gallery-2' class='gallery galleryid-5625 gallery-columns-2 gallery-size-full'><dl class='gallery-item'>\n\t\t\t<dt class='gallery-icon landscape'>\n\t\t\t\t<a href='https:\/\/centresmolina.com\/centreensenyament\/files\/2017\/10\/2EMPRENDRE-AMB-VALOR-BY-INNY-8.jpg'><img loading=\"lazy\" decoding=\"async\" width=\"1280\" height=\"960\" src=\"https:\/\/centresmolina.com\/centreensenyament\/files\/2017\/10\/2EMPRENDRE-AMB-VALOR-BY-INNY-8.jpg\" class=\"attachment-full size-full\" alt=\"\" srcset=\"https:\/\/centresmolina.com\/centreensenyament\/files\/2017\/10\/2EMPRENDRE-AMB-VALOR-BY-INNY-8.jpg 1280w, https:\/\/centresmolina.com\/centreensenyament\/files\/2017\/10\/2EMPRENDRE-AMB-VALOR-BY-INNY-8-300x225.jpg 300w, https:\/\/centresmolina.com\/centreensenyament\/files\/2017\/10\/2EMPRENDRE-AMB-VALOR-BY-INNY-8-768x576.jpg 768w, https:\/\/centresmolina.com\/centreensenyament\/files\/2017\/10\/2EMPRENDRE-AMB-VALOR-BY-INNY-8-1024x768.jpg 1024w\" sizes=\"auto, (max-width: 1280px) 100vw, 1280px\" \/><\/a>\n\t\t\t<\/dt><\/dl><dl class='gallery-item'>\n\t\t\t<dt class='gallery-icon landscape'>\n\t\t\t\t<a href='https:\/\/centresmolina.com\/centreensenyament\/files\/2017\/10\/2EMPRENDRE-AMB-VALOR-BY-INNY-10.jpg'><img loading=\"lazy\" decoding=\"async\" width=\"1280\" height=\"960\" src=\"https:\/\/centresmolina.com\/centreensenyament\/files\/2017\/10\/2EMPRENDRE-AMB-VALOR-BY-INNY-10.jpg\" class=\"attachment-full size-full\" alt=\"\" srcset=\"https:\/\/centresmolina.com\/centreensenyament\/files\/2017\/10\/2EMPRENDRE-AMB-VALOR-BY-INNY-10.jpg 1280w, https:\/\/centresmolina.com\/centreensenyament\/files\/2017\/10\/2EMPRENDRE-AMB-VALOR-BY-INNY-10-300x225.jpg 300w, https:\/\/centresmolina.com\/centreensenyament\/files\/2017\/10\/2EMPRENDRE-AMB-VALOR-BY-INNY-10-768x576.jpg 768w, https:\/\/centresmolina.com\/centreensenyament\/files\/2017\/10\/2EMPRENDRE-AMB-VALOR-BY-INNY-10-1024x768.jpg 1024w\" sizes=\"auto, (max-width: 1280px) 100vw, 1280px\" \/><\/a>\n\t\t\t<\/dt><\/dl><br style=\"clear: both\" \/><dl class='gallery-item'>\n\t\t\t<dt class='gallery-icon landscape'>\n\t\t\t\t<a href='https:\/\/centresmolina.com\/centreensenyament\/files\/2017\/10\/2EMPRENDRE-AMB-VALOR-BY-INNY-12.jpg'><img loading=\"lazy\" decoding=\"async\" width=\"1280\" height=\"960\" src=\"https:\/\/centresmolina.com\/centreensenyament\/files\/2017\/10\/2EMPRENDRE-AMB-VALOR-BY-INNY-12.jpg\" class=\"attachment-full size-full\" alt=\"\" srcset=\"https:\/\/centresmolina.com\/centreensenyament\/files\/2017\/10\/2EMPRENDRE-AMB-VALOR-BY-INNY-12.jpg 1280w, https:\/\/centresmolina.com\/centreensenyament\/files\/2017\/10\/2EMPRENDRE-AMB-VALOR-BY-INNY-12-300x225.jpg 300w, https:\/\/centresmolina.com\/centreensenyament\/files\/2017\/10\/2EMPRENDRE-AMB-VALOR-BY-INNY-12-768x576.jpg 768w, https:\/\/centresmolina.com\/centreensenyament\/files\/2017\/10\/2EMPRENDRE-AMB-VALOR-BY-INNY-12-1024x768.jpg 1024w\" sizes=\"auto, (max-width: 1280px) 100vw, 1280px\" \/><\/a>\n\t\t\t<\/dt><\/dl><dl class='gallery-item'>\n\t\t\t<dt class='gallery-icon landscape'>\n\t\t\t\t<a href='https:\/\/centresmolina.com\/centreensenyament\/files\/2017\/10\/2EMPRENDRE-AMB-VALOR-BY-INNY-14.jpg'><img loading=\"lazy\" decoding=\"async\" width=\"1280\" height=\"960\" src=\"https:\/\/centresmolina.com\/centreensenyament\/files\/2017\/10\/2EMPRENDRE-AMB-VALOR-BY-INNY-14.jpg\" class=\"attachment-full size-full\" alt=\"\" srcset=\"https:\/\/centresmolina.com\/centreensenyament\/files\/2017\/10\/2EMPRENDRE-AMB-VALOR-BY-INNY-14.jpg 1280w, https:\/\/centresmolina.com\/centreensenyament\/files\/2017\/10\/2EMPRENDRE-AMB-VALOR-BY-INNY-14-300x225.jpg 300w, https:\/\/centresmolina.com\/centreensenyament\/files\/2017\/10\/2EMPRENDRE-AMB-VALOR-BY-INNY-14-768x576.jpg 768w, https:\/\/centresmolina.com\/centreensenyament\/files\/2017\/10\/2EMPRENDRE-AMB-VALOR-BY-INNY-14-1024x768.jpg 1024w\" sizes=\"auto, (max-width: 1280px) 100vw, 1280px\" \/><\/a>\n\t\t\t<\/dt><\/dl><br style=\"clear: both\" \/><dl class='gallery-item'>\n\t\t\t<dt class='gallery-icon landscape'>\n\t\t\t\t<a href='https:\/\/centresmolina.com\/centreensenyament\/files\/2017\/10\/2EMPRENDRE-AMB-VALOR-BY-INNY-15.jpg'><img loading=\"lazy\" decoding=\"async\" width=\"1280\" height=\"960\" src=\"https:\/\/centresmolina.com\/centreensenyament\/files\/2017\/10\/2EMPRENDRE-AMB-VALOR-BY-INNY-15.jpg\" class=\"attachment-full size-full\" alt=\"\" srcset=\"https:\/\/centresmolina.com\/centreensenyament\/files\/2017\/10\/2EMPRENDRE-AMB-VALOR-BY-INNY-15.jpg 1280w, https:\/\/centresmolina.com\/centreensenyament\/files\/2017\/10\/2EMPRENDRE-AMB-VALOR-BY-INNY-15-300x225.jpg 300w, https:\/\/centresmolina.com\/centreensenyament\/files\/2017\/10\/2EMPRENDRE-AMB-VALOR-BY-INNY-15-768x576.jpg 768w, https:\/\/centresmolina.com\/centreensenyament\/files\/2017\/10\/2EMPRENDRE-AMB-VALOR-BY-INNY-15-1024x768.jpg 1024w\" sizes=\"auto, (max-width: 1280px) 100vw, 1280px\" \/><\/a>\n\t\t\t<\/dt><\/dl><dl class='gallery-item'>\n\t\t\t<dt class='gallery-icon landscape'>\n\t\t\t\t<a href='https:\/\/centresmolina.com\/centreensenyament\/files\/2017\/10\/2EMPRENDRE-AMB-VALOR-BY-INNY-16.jpg'><img loading=\"lazy\" decoding=\"async\" width=\"1280\" height=\"960\" src=\"https:\/\/centresmolina.com\/centreensenyament\/files\/2017\/10\/2EMPRENDRE-AMB-VALOR-BY-INNY-16.jpg\" class=\"attachment-full size-full\" alt=\"\" srcset=\"https:\/\/centresmolina.com\/centreensenyament\/files\/2017\/10\/2EMPRENDRE-AMB-VALOR-BY-INNY-16.jpg 1280w, https:\/\/centresmolina.com\/centreensenyament\/files\/2017\/10\/2EMPRENDRE-AMB-VALOR-BY-INNY-16-300x225.jpg 300w, https:\/\/centresmolina.com\/centreensenyament\/files\/2017\/10\/2EMPRENDRE-AMB-VALOR-BY-INNY-16-768x576.jpg 768w, https:\/\/centresmolina.com\/centreensenyament\/files\/2017\/10\/2EMPRENDRE-AMB-VALOR-BY-INNY-16-1024x768.jpg 1024w\" sizes=\"auto, (max-width: 1280px) 100vw, 1280px\" \/><\/a>\n\t\t\t<\/dt><\/dl><br style=\"clear: both\" \/><dl class='gallery-item'>\n\t\t\t<dt class='gallery-icon landscape'>\n\t\t\t\t<a href='https:\/\/centresmolina.com\/centreensenyament\/files\/2017\/10\/2EMPRENDRE-AMB-VALOR-BY-INNY-17.jpg'><img loading=\"lazy\" decoding=\"async\" width=\"1280\" height=\"960\" src=\"https:\/\/centresmolina.com\/centreensenyament\/files\/2017\/10\/2EMPRENDRE-AMB-VALOR-BY-INNY-17.jpg\" class=\"attachment-full size-full\" alt=\"\" srcset=\"https:\/\/centresmolina.com\/centreensenyament\/files\/2017\/10\/2EMPRENDRE-AMB-VALOR-BY-INNY-17.jpg 1280w, https:\/\/centresmolina.com\/centreensenyament\/files\/2017\/10\/2EMPRENDRE-AMB-VALOR-BY-INNY-17-300x225.jpg 300w, https:\/\/centresmolina.com\/centreensenyament\/files\/2017\/10\/2EMPRENDRE-AMB-VALOR-BY-INNY-17-768x576.jpg 768w, https:\/\/centresmolina.com\/centreensenyament\/files\/2017\/10\/2EMPRENDRE-AMB-VALOR-BY-INNY-17-1024x768.jpg 1024w\" sizes=\"auto, (max-width: 1280px) 100vw, 1280px\" \/><\/a>\n\t\t\t<\/dt><\/dl><dl class='gallery-item'>\n\t\t\t<dt class='gallery-icon landscape'>\n\t\t\t\t<a href='https:\/\/centresmolina.com\/centreensenyament\/files\/2017\/10\/2EMPRENDRE-AMB-VALOR-BY-INNY-18.jpg'><img loading=\"lazy\" decoding=\"async\" width=\"1280\" height=\"960\" src=\"https:\/\/centresmolina.com\/centreensenyament\/files\/2017\/10\/2EMPRENDRE-AMB-VALOR-BY-INNY-18.jpg\" class=\"attachment-full size-full\" alt=\"\" srcset=\"https:\/\/centresmolina.com\/centreensenyament\/files\/2017\/10\/2EMPRENDRE-AMB-VALOR-BY-INNY-18.jpg 1280w, https:\/\/centresmolina.com\/centreensenyament\/files\/2017\/10\/2EMPRENDRE-AMB-VALOR-BY-INNY-18-300x225.jpg 300w, https:\/\/centresmolina.com\/centreensenyament\/files\/2017\/10\/2EMPRENDRE-AMB-VALOR-BY-INNY-18-768x576.jpg 768w, https:\/\/centresmolina.com\/centreensenyament\/files\/2017\/10\/2EMPRENDRE-AMB-VALOR-BY-INNY-18-1024x768.jpg 1024w\" sizes=\"auto, (max-width: 1280px) 100vw, 1280px\" \/><\/a>\n\t\t\t<\/dt><\/dl><br style=\"clear: both\" \/><dl class='gallery-item'>\n\t\t\t<dt class='gallery-icon landscape'>\n\t\t\t\t<a href='https:\/\/centresmolina.com\/centreensenyament\/files\/2017\/10\/2EMPRENDRE-AMB-VALOR-BY-INNY-20.jpg'><img loading=\"lazy\" decoding=\"async\" width=\"1280\" height=\"960\" src=\"https:\/\/centresmolina.com\/centreensenyament\/files\/2017\/10\/2EMPRENDRE-AMB-VALOR-BY-INNY-20.jpg\" class=\"attachment-full size-full\" alt=\"\" srcset=\"https:\/\/centresmolina.com\/centreensenyament\/files\/2017\/10\/2EMPRENDRE-AMB-VALOR-BY-INNY-20.jpg 1280w, https:\/\/centresmolina.com\/centreensenyament\/files\/2017\/10\/2EMPRENDRE-AMB-VALOR-BY-INNY-20-300x225.jpg 300w, https:\/\/centresmolina.com\/centreensenyament\/files\/2017\/10\/2EMPRENDRE-AMB-VALOR-BY-INNY-20-768x576.jpg 768w, https:\/\/centresmolina.com\/centreensenyament\/files\/2017\/10\/2EMPRENDRE-AMB-VALOR-BY-INNY-20-1024x768.jpg 1024w\" sizes=\"auto, (max-width: 1280px) 100vw, 1280px\" \/><\/a>\n\t\t\t<\/dt><\/dl><dl class='gallery-item'>\n\t\t\t<dt class='gallery-icon landscape'>\n\t\t\t\t<a href='https:\/\/centresmolina.com\/centreensenyament\/files\/2017\/10\/2EMPRENDRE-AMB-VALOR-BY-INNY-21.jpg'><img loading=\"lazy\" decoding=\"async\" width=\"1280\" height=\"960\" src=\"https:\/\/centresmolina.com\/centreensenyament\/files\/2017\/10\/2EMPRENDRE-AMB-VALOR-BY-INNY-21.jpg\" class=\"attachment-full size-full\" alt=\"\" srcset=\"https:\/\/centresmolina.com\/centreensenyament\/files\/2017\/10\/2EMPRENDRE-AMB-VALOR-BY-INNY-21.jpg 1280w, https:\/\/centresmolina.com\/centreensenyament\/files\/2017\/10\/2EMPRENDRE-AMB-VALOR-BY-INNY-21-300x225.jpg 300w, https:\/\/centresmolina.com\/centreensenyament\/files\/2017\/10\/2EMPRENDRE-AMB-VALOR-BY-INNY-21-768x576.jpg 768w, https:\/\/centresmolina.com\/centreensenyament\/files\/2017\/10\/2EMPRENDRE-AMB-VALOR-BY-INNY-21-1024x768.jpg 1024w\" sizes=\"auto, (max-width: 1280px) 100vw, 1280px\" \/><\/a>\n\t\t\t<\/dt><\/dl><br style=\"clear: both\" \/>\n\t\t<\/div>\n\n<p>Hay proyectos que transmiten algo especial. Buen rollo, talento, pasi\u00f3n. Proyectos que ven en los j\u00f3venes la oportunidad de provocar un cambio en la sociedad en la sociedad actual. Luego est\u00e1n los creadores de estos proyectos. Hay quien los llama \u00abdreamers\u00bb, otros m\u00e1s tradicionales llaman \u00abemprendedores\u00bb y la mayor\u00eda de sus amigos les dicen \u00abpesados\u00bb, \u00abfreaks\u00bb o incluso \u00abplastas\u00bb.<\/p>\n<p>A trav\u00e9s de testimonios, difunden el esp\u00edritu emprendedor entre los j\u00f3venes, abordando actitudes, aptitudes y valores transversalmente aplicables a todos los \u00e1mbitos de los y las j\u00f3venes: personal, profesional y educativo.<\/p>\n<p>&#8211; El respeto por la <strong>multiculturalidad<\/strong><br \/>\n&#8211; La<strong> responsabilidad social y solidaria<\/strong><br \/>\n&#8211; La <strong>superaci\u00f3n <\/strong>personal y profesional<br \/>\n&#8211; La<strong> lucha contra la desigualdad<\/strong><br \/>\n&#8211; El respeto por la <strong>diversidad funcional<\/strong><\/p>\n<p><strong>Una forma diferente de fomentar entre los j\u00f3venes los valores, competencias y actitudes de superaci\u00f3n.<\/strong><\/p>\n\n\t\t<style type=\"text\/css\">\n\t\t\t#gallery-3 {\n\t\t\t\tmargin: auto;\n\t\t\t}\n\t\t\t#gallery-3 .gallery-item {\n\t\t\t\tfloat: left;\n\t\t\t\tmargin-top: 10px;\n\t\t\t\ttext-align: center;\n\t\t\t\twidth: 33%;\n\t\t\t}\n\t\t\t#gallery-3 img {\n\t\t\t\tborder: 2px solid #cfcfcf;\n\t\t\t}\n\t\t\t#gallery-3 .gallery-caption {\n\t\t\t\tmargin-left: 0;\n\t\t\t}\n\t\t\t\/* see gallery_shortcode() in wp-includes\/media.php *\/\n\t\t<\/style>\n\t\t<div id='gallery-3' class='gallery galleryid-5625 gallery-columns-3 gallery-size-full'><dl class='gallery-item'>\n\t\t\t<dt class='gallery-icon landscape'>\n\t\t\t\t<a href='https:\/\/centresmolina.com\/centreensenyament\/files\/2017\/10\/3EMPRENDRE-AMB-VALOR-BY-INNY-9.jpg'><img loading=\"lazy\" decoding=\"async\" width=\"1280\" height=\"960\" src=\"https:\/\/centresmolina.com\/centreensenyament\/files\/2017\/10\/3EMPRENDRE-AMB-VALOR-BY-INNY-9.jpg\" class=\"attachment-full size-full\" alt=\"\" srcset=\"https:\/\/centresmolina.com\/centreensenyament\/files\/2017\/10\/3EMPRENDRE-AMB-VALOR-BY-INNY-9.jpg 1280w, https:\/\/centresmolina.com\/centreensenyament\/files\/2017\/10\/3EMPRENDRE-AMB-VALOR-BY-INNY-9-300x225.jpg 300w, https:\/\/centresmolina.com\/centreensenyament\/files\/2017\/10\/3EMPRENDRE-AMB-VALOR-BY-INNY-9-768x576.jpg 768w, https:\/\/centresmolina.com\/centreensenyament\/files\/2017\/10\/3EMPRENDRE-AMB-VALOR-BY-INNY-9-1024x768.jpg 1024w\" sizes=\"auto, (max-width: 1280px) 100vw, 1280px\" \/><\/a>\n\t\t\t<\/dt><\/dl><dl class='gallery-item'>\n\t\t\t<dt class='gallery-icon landscape'>\n\t\t\t\t<a href='https:\/\/centresmolina.com\/centreensenyament\/files\/2017\/10\/3EMPRENDRE-AMB-VALOR-BY-INNY-10.jpg'><img loading=\"lazy\" decoding=\"async\" width=\"1280\" height=\"960\" src=\"https:\/\/centresmolina.com\/centreensenyament\/files\/2017\/10\/3EMPRENDRE-AMB-VALOR-BY-INNY-10.jpg\" class=\"attachment-full size-full\" alt=\"\" srcset=\"https:\/\/centresmolina.com\/centreensenyament\/files\/2017\/10\/3EMPRENDRE-AMB-VALOR-BY-INNY-10.jpg 1280w, https:\/\/centresmolina.com\/centreensenyament\/files\/2017\/10\/3EMPRENDRE-AMB-VALOR-BY-INNY-10-300x225.jpg 300w, https:\/\/centresmolina.com\/centreensenyament\/files\/2017\/10\/3EMPRENDRE-AMB-VALOR-BY-INNY-10-768x576.jpg 768w, https:\/\/centresmolina.com\/centreensenyament\/files\/2017\/10\/3EMPRENDRE-AMB-VALOR-BY-INNY-10-1024x768.jpg 1024w\" sizes=\"auto, (max-width: 1280px) 100vw, 1280px\" \/><\/a>\n\t\t\t<\/dt><\/dl><dl class='gallery-item'>\n\t\t\t<dt class='gallery-icon landscape'>\n\t\t\t\t<a href='https:\/\/centresmolina.com\/centreensenyament\/files\/2017\/10\/3EMPRENDRE-AMB-VALOR-BY-INNY-11.jpg'><img loading=\"lazy\" decoding=\"async\" width=\"1280\" height=\"960\" src=\"https:\/\/centresmolina.com\/centreensenyament\/files\/2017\/10\/3EMPRENDRE-AMB-VALOR-BY-INNY-11.jpg\" class=\"attachment-full size-full\" alt=\"\" srcset=\"https:\/\/centresmolina.com\/centreensenyament\/files\/2017\/10\/3EMPRENDRE-AMB-VALOR-BY-INNY-11.jpg 1280w, https:\/\/centresmolina.com\/centreensenyament\/files\/2017\/10\/3EMPRENDRE-AMB-VALOR-BY-INNY-11-300x225.jpg 300w, https:\/\/centresmolina.com\/centreensenyament\/files\/2017\/10\/3EMPRENDRE-AMB-VALOR-BY-INNY-11-768x576.jpg 768w, https:\/\/centresmolina.com\/centreensenyament\/files\/2017\/10\/3EMPRENDRE-AMB-VALOR-BY-INNY-11-1024x768.jpg 1024w\" sizes=\"auto, (max-width: 1280px) 100vw, 1280px\" \/><\/a>\n\t\t\t<\/dt><\/dl><br style=\"clear: both\" \/><dl class='gallery-item'>\n\t\t\t<dt class='gallery-icon landscape'>\n\t\t\t\t<a href='https:\/\/centresmolina.com\/centreensenyament\/files\/2017\/10\/3EMPRENDRE-AMB-VALOR-BY-INNY-12.jpg'><img loading=\"lazy\" decoding=\"async\" width=\"1280\" height=\"960\" src=\"https:\/\/centresmolina.com\/centreensenyament\/files\/2017\/10\/3EMPRENDRE-AMB-VALOR-BY-INNY-12.jpg\" class=\"attachment-full size-full\" alt=\"\" srcset=\"https:\/\/centresmolina.com\/centreensenyament\/files\/2017\/10\/3EMPRENDRE-AMB-VALOR-BY-INNY-12.jpg 1280w, https:\/\/centresmolina.com\/centreensenyament\/files\/2017\/10\/3EMPRENDRE-AMB-VALOR-BY-INNY-12-300x225.jpg 300w, https:\/\/centresmolina.com\/centreensenyament\/files\/2017\/10\/3EMPRENDRE-AMB-VALOR-BY-INNY-12-768x576.jpg 768w, https:\/\/centresmolina.com\/centreensenyament\/files\/2017\/10\/3EMPRENDRE-AMB-VALOR-BY-INNY-12-1024x768.jpg 1024w\" sizes=\"auto, (max-width: 1280px) 100vw, 1280px\" \/><\/a>\n\t\t\t<\/dt><\/dl><dl class='gallery-item'>\n\t\t\t<dt class='gallery-icon landscape'>\n\t\t\t\t<a href='https:\/\/centresmolina.com\/centreensenyament\/files\/2017\/10\/3EMPRENDRE-AMB-VALOR-BY-INNY-13.jpg'><img loading=\"lazy\" decoding=\"async\" width=\"1280\" height=\"960\" src=\"https:\/\/centresmolina.com\/centreensenyament\/files\/2017\/10\/3EMPRENDRE-AMB-VALOR-BY-INNY-13.jpg\" class=\"attachment-full size-full\" alt=\"\" srcset=\"https:\/\/centresmolina.com\/centreensenyament\/files\/2017\/10\/3EMPRENDRE-AMB-VALOR-BY-INNY-13.jpg 1280w, https:\/\/centresmolina.com\/centreensenyament\/files\/2017\/10\/3EMPRENDRE-AMB-VALOR-BY-INNY-13-300x225.jpg 300w, https:\/\/centresmolina.com\/centreensenyament\/files\/2017\/10\/3EMPRENDRE-AMB-VALOR-BY-INNY-13-768x576.jpg 768w, https:\/\/centresmolina.com\/centreensenyament\/files\/2017\/10\/3EMPRENDRE-AMB-VALOR-BY-INNY-13-1024x768.jpg 1024w\" sizes=\"auto, (max-width: 1280px) 100vw, 1280px\" \/><\/a>\n\t\t\t<\/dt><\/dl><dl class='gallery-item'>\n\t\t\t<dt class='gallery-icon landscape'>\n\t\t\t\t<a href='https:\/\/centresmolina.com\/centreensenyament\/files\/2017\/10\/3EMPRENDRE-AMB-VALOR-BY-INNY-14.jpg'><img loading=\"lazy\" decoding=\"async\" width=\"1280\" height=\"960\" src=\"https:\/\/centresmolina.com\/centreensenyament\/files\/2017\/10\/3EMPRENDRE-AMB-VALOR-BY-INNY-14.jpg\" class=\"attachment-full size-full\" alt=\"\" srcset=\"https:\/\/centresmolina.com\/centreensenyament\/files\/2017\/10\/3EMPRENDRE-AMB-VALOR-BY-INNY-14.jpg 1280w, https:\/\/centresmolina.com\/centreensenyament\/files\/2017\/10\/3EMPRENDRE-AMB-VALOR-BY-INNY-14-300x225.jpg 300w, https:\/\/centresmolina.com\/centreensenyament\/files\/2017\/10\/3EMPRENDRE-AMB-VALOR-BY-INNY-14-768x576.jpg 768w, https:\/\/centresmolina.com\/centreensenyament\/files\/2017\/10\/3EMPRENDRE-AMB-VALOR-BY-INNY-14-1024x768.jpg 1024w\" sizes=\"auto, (max-width: 1280px) 100vw, 1280px\" \/><\/a>\n\t\t\t<\/dt><\/dl><br style=\"clear: both\" \/><dl class='gallery-item'>\n\t\t\t<dt class='gallery-icon landscape'>\n\t\t\t\t<a href='https:\/\/centresmolina.com\/centreensenyament\/files\/2017\/10\/3EMPRENDRE-AMB-VALOR-BY-INNY-15.jpg'><img loading=\"lazy\" decoding=\"async\" width=\"1280\" height=\"960\" src=\"https:\/\/centresmolina.com\/centreensenyament\/files\/2017\/10\/3EMPRENDRE-AMB-VALOR-BY-INNY-15.jpg\" class=\"attachment-full size-full\" alt=\"\" srcset=\"https:\/\/centresmolina.com\/centreensenyament\/files\/2017\/10\/3EMPRENDRE-AMB-VALOR-BY-INNY-15.jpg 1280w, https:\/\/centresmolina.com\/centreensenyament\/files\/2017\/10\/3EMPRENDRE-AMB-VALOR-BY-INNY-15-300x225.jpg 300w, https:\/\/centresmolina.com\/centreensenyament\/files\/2017\/10\/3EMPRENDRE-AMB-VALOR-BY-INNY-15-768x576.jpg 768w, https:\/\/centresmolina.com\/centreensenyament\/files\/2017\/10\/3EMPRENDRE-AMB-VALOR-BY-INNY-15-1024x768.jpg 1024w\" sizes=\"auto, (max-width: 1280px) 100vw, 1280px\" \/><\/a>\n\t\t\t<\/dt><\/dl><dl class='gallery-item'>\n\t\t\t<dt class='gallery-icon landscape'>\n\t\t\t\t<a href='https:\/\/centresmolina.com\/centreensenyament\/files\/2017\/10\/3EMPRENDRE-AMB-VALOR-BY-INNY-17.jpg'><img loading=\"lazy\" decoding=\"async\" width=\"1280\" height=\"960\" src=\"https:\/\/centresmolina.com\/centreensenyament\/files\/2017\/10\/3EMPRENDRE-AMB-VALOR-BY-INNY-17.jpg\" class=\"attachment-full size-full\" alt=\"\" srcset=\"https:\/\/centresmolina.com\/centreensenyament\/files\/2017\/10\/3EMPRENDRE-AMB-VALOR-BY-INNY-17.jpg 1280w, https:\/\/centresmolina.com\/centreensenyament\/files\/2017\/10\/3EMPRENDRE-AMB-VALOR-BY-INNY-17-300x225.jpg 300w, https:\/\/centresmolina.com\/centreensenyament\/files\/2017\/10\/3EMPRENDRE-AMB-VALOR-BY-INNY-17-768x576.jpg 768w, https:\/\/centresmolina.com\/centreensenyament\/files\/2017\/10\/3EMPRENDRE-AMB-VALOR-BY-INNY-17-1024x768.jpg 1024w\" sizes=\"auto, (max-width: 1280px) 100vw, 1280px\" \/><\/a>\n\t\t\t<\/dt><\/dl><dl class='gallery-item'>\n\t\t\t<dt class='gallery-icon landscape'>\n\t\t\t\t<a href='https:\/\/centresmolina.com\/centreensenyament\/files\/2017\/10\/3EMPRENDRE-AMB-VALOR-BY-INNY-19.jpg'><img loading=\"lazy\" decoding=\"async\" width=\"1280\" height=\"960\" src=\"https:\/\/centresmolina.com\/centreensenyament\/files\/2017\/10\/3EMPRENDRE-AMB-VALOR-BY-INNY-19.jpg\" class=\"attachment-full size-full\" alt=\"\" srcset=\"https:\/\/centresmolina.com\/centreensenyament\/files\/2017\/10\/3EMPRENDRE-AMB-VALOR-BY-INNY-19.jpg 1280w, https:\/\/centresmolina.com\/centreensenyament\/files\/2017\/10\/3EMPRENDRE-AMB-VALOR-BY-INNY-19-300x225.jpg 300w, https:\/\/centresmolina.com\/centreensenyament\/files\/2017\/10\/3EMPRENDRE-AMB-VALOR-BY-INNY-19-768x576.jpg 768w, https:\/\/centresmolina.com\/centreensenyament\/files\/2017\/10\/3EMPRENDRE-AMB-VALOR-BY-INNY-19-1024x768.jpg 1024w\" sizes=\"auto, (max-width: 1280px) 100vw, 1280px\" \/><\/a>\n\t\t\t<\/dt><\/dl><br style=\"clear: both\" \/>\n\t\t<\/div>\n\n<p>\u00a1Hemos salido muy satisfechos y contentos!<\/p>\n\n\t\t<style type=\"text\/css\">\n\t\t\t#gallery-4 {\n\t\t\t\tmargin: auto;\n\t\t\t}\n\t\t\t#gallery-4 .gallery-item {\n\t\t\t\tfloat: left;\n\t\t\t\tmargin-top: 10px;\n\t\t\t\ttext-align: center;\n\t\t\t\twidth: 33%;\n\t\t\t}\n\t\t\t#gallery-4 img {\n\t\t\t\tborder: 2px solid #cfcfcf;\n\t\t\t}\n\t\t\t#gallery-4 .gallery-caption {\n\t\t\t\tmargin-left: 0;\n\t\t\t}\n\t\t\t\/* see gallery_shortcode() in wp-includes\/media.php *\/\n\t\t<\/style>\n\t\t<div id='gallery-4' class='gallery galleryid-5625 gallery-columns-3 gallery-size-full'><dl class='gallery-item'>\n\t\t\t<dt class='gallery-icon landscape'>\n\t\t\t\t<a href='https:\/\/centresmolina.com\/centreensenyament\/files\/2017\/10\/4EMPRENDRE-AMB-VALOR-BY-INNY-45.jpg'><img loading=\"lazy\" decoding=\"async\" width=\"1280\" height=\"960\" src=\"https:\/\/centresmolina.com\/centreensenyament\/files\/2017\/10\/4EMPRENDRE-AMB-VALOR-BY-INNY-45.jpg\" class=\"attachment-full size-full\" alt=\"\" srcset=\"https:\/\/centresmolina.com\/centreensenyament\/files\/2017\/10\/4EMPRENDRE-AMB-VALOR-BY-INNY-45.jpg 1280w, https:\/\/centresmolina.com\/centreensenyament\/files\/2017\/10\/4EMPRENDRE-AMB-VALOR-BY-INNY-45-300x225.jpg 300w, https:\/\/centresmolina.com\/centreensenyament\/files\/2017\/10\/4EMPRENDRE-AMB-VALOR-BY-INNY-45-768x576.jpg 768w, https:\/\/centresmolina.com\/centreensenyament\/files\/2017\/10\/4EMPRENDRE-AMB-VALOR-BY-INNY-45-1024x768.jpg 1024w\" sizes=\"auto, (max-width: 1280px) 100vw, 1280px\" \/><\/a>\n\t\t\t<\/dt><\/dl><dl class='gallery-item'>\n\t\t\t<dt class='gallery-icon landscape'>\n\t\t\t\t<a href='https:\/\/centresmolina.com\/centreensenyament\/files\/2017\/10\/4EMPRENDRE-AMB-VALOR-BY-INNY-40.jpg'><img loading=\"lazy\" decoding=\"async\" width=\"640\" height=\"480\" src=\"https:\/\/centresmolina.com\/centreensenyament\/files\/2017\/10\/4EMPRENDRE-AMB-VALOR-BY-INNY-40.jpg\" class=\"attachment-full size-full\" alt=\"\" srcset=\"https:\/\/centresmolina.com\/centreensenyament\/files\/2017\/10\/4EMPRENDRE-AMB-VALOR-BY-INNY-40.jpg 640w, https:\/\/centresmolina.com\/centreensenyament\/files\/2017\/10\/4EMPRENDRE-AMB-VALOR-BY-INNY-40-300x225.jpg 300w\" sizes=\"auto, (max-width: 640px) 100vw, 640px\" \/><\/a>\n\t\t\t<\/dt><\/dl><dl class='gallery-item'>\n\t\t\t<dt class='gallery-icon landscape'>\n\t\t\t\t<a href='https:\/\/centresmolina.com\/centreensenyament\/files\/2017\/10\/4EMPRENDRE-AMB-VALOR-BY-INNY-41.jpg'><img loading=\"lazy\" decoding=\"async\" width=\"1280\" height=\"960\" src=\"https:\/\/centresmolina.com\/centreensenyament\/files\/2017\/10\/4EMPRENDRE-AMB-VALOR-BY-INNY-41.jpg\" class=\"attachment-full size-full\" alt=\"\" srcset=\"https:\/\/centresmolina.com\/centreensenyament\/files\/2017\/10\/4EMPRENDRE-AMB-VALOR-BY-INNY-41.jpg 1280w, https:\/\/centresmolina.com\/centreensenyament\/files\/2017\/10\/4EMPRENDRE-AMB-VALOR-BY-INNY-41-300x225.jpg 300w, https:\/\/centresmolina.com\/centreensenyament\/files\/2017\/10\/4EMPRENDRE-AMB-VALOR-BY-INNY-41-768x576.jpg 768w, https:\/\/centresmolina.com\/centreensenyament\/files\/2017\/10\/4EMPRENDRE-AMB-VALOR-BY-INNY-41-1024x768.jpg 1024w\" sizes=\"auto, (max-width: 1280px) 100vw, 1280px\" \/><\/a>\n\t\t\t<\/dt><\/dl><br style=\"clear: both\" \/><dl class='gallery-item'>\n\t\t\t<dt class='gallery-icon landscape'>\n\t\t\t\t<a href='https:\/\/centresmolina.com\/centreensenyament\/files\/2017\/10\/4EMPRENDRE-AMB-VALOR-BY-INNY-42.jpg'><img loading=\"lazy\" decoding=\"async\" width=\"1280\" height=\"960\" src=\"https:\/\/centresmolina.com\/centreensenyament\/files\/2017\/10\/4EMPRENDRE-AMB-VALOR-BY-INNY-42.jpg\" class=\"attachment-full size-full\" alt=\"\" srcset=\"https:\/\/centresmolina.com\/centreensenyament\/files\/2017\/10\/4EMPRENDRE-AMB-VALOR-BY-INNY-42.jpg 1280w, https:\/\/centresmolina.com\/centreensenyament\/files\/2017\/10\/4EMPRENDRE-AMB-VALOR-BY-INNY-42-300x225.jpg 300w, https:\/\/centresmolina.com\/centreensenyament\/files\/2017\/10\/4EMPRENDRE-AMB-VALOR-BY-INNY-42-768x576.jpg 768w, https:\/\/centresmolina.com\/centreensenyament\/files\/2017\/10\/4EMPRENDRE-AMB-VALOR-BY-INNY-42-1024x768.jpg 1024w\" sizes=\"auto, (max-width: 1280px) 100vw, 1280px\" \/><\/a>\n\t\t\t<\/dt><\/dl><dl class='gallery-item'>\n\t\t\t<dt class='gallery-icon landscape'>\n\t\t\t\t<a href='https:\/\/centresmolina.com\/centreensenyament\/files\/2017\/10\/4EMPRENDRE-AMB-VALOR-BY-INNY-43.jpg'><img loading=\"lazy\" decoding=\"async\" width=\"1280\" height=\"960\" src=\"https:\/\/centresmolina.com\/centreensenyament\/files\/2017\/10\/4EMPRENDRE-AMB-VALOR-BY-INNY-43.jpg\" class=\"attachment-full size-full\" alt=\"\" srcset=\"https:\/\/centresmolina.com\/centreensenyament\/files\/2017\/10\/4EMPRENDRE-AMB-VALOR-BY-INNY-43.jpg 1280w, https:\/\/centresmolina.com\/centreensenyament\/files\/2017\/10\/4EMPRENDRE-AMB-VALOR-BY-INNY-43-300x225.jpg 300w, https:\/\/centresmolina.com\/centreensenyament\/files\/2017\/10\/4EMPRENDRE-AMB-VALOR-BY-INNY-43-768x576.jpg 768w, https:\/\/centresmolina.com\/centreensenyament\/files\/2017\/10\/4EMPRENDRE-AMB-VALOR-BY-INNY-43-1024x768.jpg 1024w\" sizes=\"auto, (max-width: 1280px) 100vw, 1280px\" \/><\/a>\n\t\t\t<\/dt><\/dl><dl class='gallery-item'>\n\t\t\t<dt class='gallery-icon landscape'>\n\t\t\t\t<a href='https:\/\/centresmolina.com\/centreensenyament\/files\/2017\/10\/4EMPRENDRE-AMB-VALOR-BY-INNY-44.jpg'><img loading=\"lazy\" decoding=\"async\" width=\"1280\" height=\"960\" src=\"https:\/\/centresmolina.com\/centreensenyament\/files\/2017\/10\/4EMPRENDRE-AMB-VALOR-BY-INNY-44.jpg\" class=\"attachment-full size-full\" alt=\"\" srcset=\"https:\/\/centresmolina.com\/centreensenyament\/files\/2017\/10\/4EMPRENDRE-AMB-VALOR-BY-INNY-44.jpg 1280w, https:\/\/centresmolina.com\/centreensenyament\/files\/2017\/10\/4EMPRENDRE-AMB-VALOR-BY-INNY-44-300x225.jpg 300w, https:\/\/centresmolina.com\/centreensenyament\/files\/2017\/10\/4EMPRENDRE-AMB-VALOR-BY-INNY-44-768x576.jpg 768w, https:\/\/centresmolina.com\/centreensenyament\/files\/2017\/10\/4EMPRENDRE-AMB-VALOR-BY-INNY-44-1024x768.jpg 1024w\" sizes=\"auto, (max-width: 1280px) 100vw, 1280px\" \/><\/a>\n\t\t\t<\/dt><\/dl><br style=\"clear: both\" \/>\n\t\t<\/div>\n\n\n\t\t<style type=\"text\/css\">\n\t\t\t#gallery-5 {\n\t\t\t\tmargin: auto;\n\t\t\t}\n\t\t\t#gallery-5 .gallery-item {\n\t\t\t\tfloat: left;\n\t\t\t\tmargin-top: 10px;\n\t\t\t\ttext-align: center;\n\t\t\t\twidth: 100%;\n\t\t\t}\n\t\t\t#gallery-5 img {\n\t\t\t\tborder: 2px solid #cfcfcf;\n\t\t\t}\n\t\t\t#gallery-5 .gallery-caption {\n\t\t\t\tmargin-left: 0;\n\t\t\t}\n\t\t\t\/* see gallery_shortcode() in wp-includes\/media.php *\/\n\t\t<\/style>\n\t\t<div id='gallery-5' class='gallery galleryid-5625 gallery-columns-1 gallery-size-medium'><dl class='gallery-item'>\n\t\t\t<dt class='gallery-icon portrait'>\n\t\t\t\t<a href='https:\/\/centresmolina.com\/centreensenyament\/files\/2017\/10\/portada-2.jpg'><img loading=\"lazy\" decoding=\"async\" width=\"225\" height=\"300\" src=\"https:\/\/centresmolina.com\/centreensenyament\/files\/2017\/10\/portada-2-225x300.jpg\" class=\"attachment-medium size-medium\" alt=\"\" srcset=\"https:\/\/centresmolina.com\/centreensenyament\/files\/2017\/10\/portada-2-225x300.jpg 225w, https:\/\/centresmolina.com\/centreensenyament\/files\/2017\/10\/portada-2-768x1024.jpg 768w, https:\/\/centresmolina.com\/centreensenyament\/files\/2017\/10\/portada-2.jpg 1280w\" sizes=\"auto, (max-width: 225px) 100vw, 225px\" \/><\/a>\n\t\t\t<\/dt><\/dl><br style=\"clear: both\" \/>\n\t\t<\/div>\n\n<p><iframe loading=\"lazy\" title=\"Bienvenidos @ INNY Show Up!\" width=\"500\" height=\"281\" src=\"https:\/\/www.youtube.com\/embed\/XAvwniNJ3SU?feature=oembed\" frameborder=\"0\" allow=\"accelerometer; autoplay; clipboard-write; encrypted-media; gyroscope; picture-in-picture; web-share\" referrerpolicy=\"strict-origin-when-cross-origin\" allowfullscreen><\/iframe><\/p>\n","protected":false},"excerpt":{"rendered":"<p>Un a\u00f1o m\u00e1s asistimos 4\u00ba de ESO y CFGM de la escuela a la Conferencia Emprender con Valores by Inny&#8230;<\/p>\n","protected":false},"author":3,"featured_media":5622,"comment_status":"open","ping_status":"open","sticky":false,"template":"","format":"standard","meta":{"footnotes":""},"categories":[15],"tags":[108,95,20,75,62,60,63,2495,61,22],"class_list":["post-5625","post","type-post","status-publish","format-standard","has-post-thumbnail","hentry","category-noticias-2","tag-4t-eso-es","tag-cfgm-es","tag-cicles-es","tag-desenvolupament-personal-i-academic-es","tag-educacio-es","tag-escola-es","tag-formacio-es","tag-inny-es","tag-molina-es","tag-sortida-es"],"yoast_head":"<!-- This site is optimized with the Yoast SEO plugin v27.2 - https:\/\/yoast.com\/product\/yoast-seo-wordpress\/ -->\n<title>Conferencia Emprender con Valores by INNY - Centros de ense\u00f1anza<\/title>\n<meta name=\"robots\" content=\"index, follow, max-snippet:-1, max-image-preview:large, max-video-preview:-1\" \/>\n<link rel=\"canonical\" href=\"https:\/\/centresmolina.com\/centreensenyament\/es\/2017\/10\/22\/conferencia-emprendre-amb-valors-b\/\" \/>\n<meta property=\"og:locale\" content=\"es_ES\" \/>\n<meta property=\"og:type\" content=\"article\" \/>\n<meta property=\"og:title\" content=\"Conferencia Emprender con Valores by INNY - Centros de ense\u00f1anza\" \/>\n<meta property=\"og:description\" content=\"Un a\u00f1o m\u00e1s asistimos 4\u00ba de ESO y CFGM de la escuela a la Conferencia Emprender con Valores by Inny...\" \/>\n<meta property=\"og:url\" content=\"https:\/\/centresmolina.com\/centreensenyament\/es\/2017\/10\/22\/conferencia-emprendre-amb-valors-b\/\" \/>\n<meta property=\"og:site_name\" content=\"Centros de ense\u00f1anza\" \/>\n<meta property=\"article:published_time\" content=\"2017-10-22T09:11:54+00:00\" \/>\n<meta property=\"article:modified_time\" content=\"2017-11-07T10:52:51+00:00\" \/>\n<meta property=\"og:image\" content=\"https:\/\/centresmolina.com\/centreensenyament\/files\/2017\/10\/0EMPRENDRE-AMB-VALOR-BY-INNY-22.jpg\" \/>\n\t<meta property=\"og:image:width\" content=\"1280\" \/>\n\t<meta property=\"og:image:height\" content=\"960\" \/>\n\t<meta property=\"og:image:type\" content=\"image\/jpeg\" \/>\n<meta name=\"author\" content=\"webmolina\" \/>\n<meta name=\"twitter:label1\" content=\"Escrito por\" \/>\n\t<meta name=\"twitter:data1\" content=\"webmolina\" \/>\n\t<meta name=\"twitter:label2\" content=\"Tiempo de lectura\" \/>\n\t<meta name=\"twitter:data2\" content=\"2 minutos\" \/>\n<script type=\"application\/ld+json\" class=\"yoast-schema-graph\">{\"@context\":\"https:\/\/schema.org\",\"@graph\":[{\"@type\":\"Article\",\"@id\":\"https:\/\/centresmolina.com\/centreensenyament\/es\/2017\/10\/22\/conferencia-emprendre-amb-valors-b\/#article\",\"isPartOf\":{\"@id\":\"https:\/\/centresmolina.com\/centreensenyament\/es\/2017\/10\/22\/conferencia-emprendre-amb-valors-b\/\"},\"author\":{\"name\":\"webmolina\",\"@id\":\"https:\/\/centresmolina.com\/centreensenyament\/#\/schema\/person\/308d85d274adff04b5c51d47e8aff6cc\"},\"headline\":\"Conferencia Emprender con Valores by INNY\",\"datePublished\":\"2017-10-22T09:11:54+00:00\",\"dateModified\":\"2017-11-07T10:52:51+00:00\",\"mainEntityOfPage\":{\"@id\":\"https:\/\/centresmolina.com\/centreensenyament\/es\/2017\/10\/22\/conferencia-emprendre-amb-valors-b\/\"},\"wordCount\":339,\"commentCount\":0,\"image\":{\"@id\":\"https:\/\/centresmolina.com\/centreensenyament\/es\/2017\/10\/22\/conferencia-emprendre-amb-valors-b\/#primaryimage\"},\"thumbnailUrl\":\"https:\/\/centresmolina.com\/centreensenyament\/files\/2017\/10\/0EMPRENDRE-AMB-VALOR-BY-INNY-22.jpg\",\"keywords\":[\"4t ESO @es\",\"CFGM @es\",\"Cicles @es\",\"desenvolupament personal i acad\u00e8mic @es\",\"educaci\u00f3 @es\",\"Escola @es\",\"formaci\u00f3 @es\",\"INNY\",\"Molina @es\",\"Sortida @es\"],\"articleSection\":[\"Noticias\"],\"inLanguage\":\"es\",\"potentialAction\":[{\"@type\":\"CommentAction\",\"name\":\"Comment\",\"target\":[\"https:\/\/centresmolina.com\/centreensenyament\/es\/2017\/10\/22\/conferencia-emprendre-amb-valors-b\/#respond\"]}]},{\"@type\":\"WebPage\",\"@id\":\"https:\/\/centresmolina.com\/centreensenyament\/es\/2017\/10\/22\/conferencia-emprendre-amb-valors-b\/\",\"url\":\"https:\/\/centresmolina.com\/centreensenyament\/es\/2017\/10\/22\/conferencia-emprendre-amb-valors-b\/\",\"name\":\"Conferencia Emprender con Valores by INNY - Centros de ense\u00f1anza\",\"isPartOf\":{\"@id\":\"https:\/\/centresmolina.com\/centreensenyament\/#website\"},\"primaryImageOfPage\":{\"@id\":\"https:\/\/centresmolina.com\/centreensenyament\/es\/2017\/10\/22\/conferencia-emprendre-amb-valors-b\/#primaryimage\"},\"image\":{\"@id\":\"https:\/\/centresmolina.com\/centreensenyament\/es\/2017\/10\/22\/conferencia-emprendre-amb-valors-b\/#primaryimage\"},\"thumbnailUrl\":\"https:\/\/centresmolina.com\/centreensenyament\/files\/2017\/10\/0EMPRENDRE-AMB-VALOR-BY-INNY-22.jpg\",\"datePublished\":\"2017-10-22T09:11:54+00:00\",\"dateModified\":\"2017-11-07T10:52:51+00:00\",\"author\":{\"@id\":\"https:\/\/centresmolina.com\/centreensenyament\/#\/schema\/person\/308d85d274adff04b5c51d47e8aff6cc\"},\"breadcrumb\":{\"@id\":\"https:\/\/centresmolina.com\/centreensenyament\/es\/2017\/10\/22\/conferencia-emprendre-amb-valors-b\/#breadcrumb\"},\"inLanguage\":\"es\",\"potentialAction\":[{\"@type\":\"ReadAction\",\"target\":[\"https:\/\/centresmolina.com\/centreensenyament\/es\/2017\/10\/22\/conferencia-emprendre-amb-valors-b\/\"]}]},{\"@type\":\"ImageObject\",\"inLanguage\":\"es\",\"@id\":\"https:\/\/centresmolina.com\/centreensenyament\/es\/2017\/10\/22\/conferencia-emprendre-amb-valors-b\/#primaryimage\",\"url\":\"https:\/\/centresmolina.com\/centreensenyament\/files\/2017\/10\/0EMPRENDRE-AMB-VALOR-BY-INNY-22.jpg\",\"contentUrl\":\"https:\/\/centresmolina.com\/centreensenyament\/files\/2017\/10\/0EMPRENDRE-AMB-VALOR-BY-INNY-22.jpg\",\"width\":1280,\"height\":960},{\"@type\":\"BreadcrumbList\",\"@id\":\"https:\/\/centresmolina.com\/centreensenyament\/es\/2017\/10\/22\/conferencia-emprendre-amb-valors-b\/#breadcrumb\",\"itemListElement\":[{\"@type\":\"ListItem\",\"position\":1,\"name\":\"Portada\",\"item\":\"https:\/\/centresmolina.com\/centreensenyament\/es\/\"},{\"@type\":\"ListItem\",\"position\":2,\"name\":\"Conferencia Emprender con Valores by INNY\"}]},{\"@type\":\"WebSite\",\"@id\":\"https:\/\/centresmolina.com\/centreensenyament\/#website\",\"url\":\"https:\/\/centresmolina.com\/centreensenyament\/\",\"name\":\"Centros de ense\u00f1anza\",\"description\":\"Centres Molina - Centros de ense\u00f1anza\",\"potentialAction\":[{\"@type\":\"SearchAction\",\"target\":{\"@type\":\"EntryPoint\",\"urlTemplate\":\"https:\/\/centresmolina.com\/centreensenyament\/?s={search_term_string}\"},\"query-input\":{\"@type\":\"PropertyValueSpecification\",\"valueRequired\":true,\"valueName\":\"search_term_string\"}}],\"inLanguage\":\"es\"},{\"@type\":\"Person\",\"@id\":\"https:\/\/centresmolina.com\/centreensenyament\/#\/schema\/person\/308d85d274adff04b5c51d47e8aff6cc\",\"name\":\"webmolina\",\"image\":{\"@type\":\"ImageObject\",\"inLanguage\":\"es\",\"@id\":\"https:\/\/secure.gravatar.com\/avatar\/38db407e1ab9b284bf45e3bff4ec5cf1e034e364f09b2ee054619614662a717b?s=96&d=mm&r=g\",\"url\":\"https:\/\/secure.gravatar.com\/avatar\/38db407e1ab9b284bf45e3bff4ec5cf1e034e364f09b2ee054619614662a717b?s=96&d=mm&r=g\",\"contentUrl\":\"https:\/\/secure.gravatar.com\/avatar\/38db407e1ab9b284bf45e3bff4ec5cf1e034e364f09b2ee054619614662a717b?s=96&d=mm&r=g\",\"caption\":\"webmolina\"},\"url\":\"https:\/\/centresmolina.com\/centreensenyament\/es\/author\/webmolina\/\"}]}<\/script>\n<!-- \/ Yoast SEO plugin. -->","yoast_head_json":{"title":"Conferencia Emprender con Valores by INNY - Centros de ense\u00f1anza","robots":{"index":"index","follow":"follow","max-snippet":"max-snippet:-1","max-image-preview":"max-image-preview:large","max-video-preview":"max-video-preview:-1"},"canonical":"https:\/\/centresmolina.com\/centreensenyament\/es\/2017\/10\/22\/conferencia-emprendre-amb-valors-b\/","og_locale":"es_ES","og_type":"article","og_title":"Conferencia Emprender con Valores by INNY - Centros de ense\u00f1anza","og_description":"Un a\u00f1o m\u00e1s asistimos 4\u00ba de ESO y CFGM de la escuela a la Conferencia Emprender con Valores by Inny...","og_url":"https:\/\/centresmolina.com\/centreensenyament\/es\/2017\/10\/22\/conferencia-emprendre-amb-valors-b\/","og_site_name":"Centros de ense\u00f1anza","article_published_time":"2017-10-22T09:11:54+00:00","article_modified_time":"2017-11-07T10:52:51+00:00","og_image":[{"width":1280,"height":960,"url":"https:\/\/centresmolina.com\/centreensenyament\/files\/2017\/10\/0EMPRENDRE-AMB-VALOR-BY-INNY-22.jpg","type":"image\/jpeg"}],"author":"webmolina","twitter_misc":{"Escrito por":"webmolina","Tiempo de lectura":"2 minutos"},"schema":{"@context":"https:\/\/schema.org","@graph":[{"@type":"Article","@id":"https:\/\/centresmolina.com\/centreensenyament\/es\/2017\/10\/22\/conferencia-emprendre-amb-valors-b\/#article","isPartOf":{"@id":"https:\/\/centresmolina.com\/centreensenyament\/es\/2017\/10\/22\/conferencia-emprendre-amb-valors-b\/"},"author":{"name":"webmolina","@id":"https:\/\/centresmolina.com\/centreensenyament\/#\/schema\/person\/308d85d274adff04b5c51d47e8aff6cc"},"headline":"Conferencia Emprender con Valores by INNY","datePublished":"2017-10-22T09:11:54+00:00","dateModified":"2017-11-07T10:52:51+00:00","mainEntityOfPage":{"@id":"https:\/\/centresmolina.com\/centreensenyament\/es\/2017\/10\/22\/conferencia-emprendre-amb-valors-b\/"},"wordCount":339,"commentCount":0,"image":{"@id":"https:\/\/centresmolina.com\/centreensenyament\/es\/2017\/10\/22\/conferencia-emprendre-amb-valors-b\/#primaryimage"},"thumbnailUrl":"https:\/\/centresmolina.com\/centreensenyament\/files\/2017\/10\/0EMPRENDRE-AMB-VALOR-BY-INNY-22.jpg","keywords":["4t ESO @es","CFGM @es","Cicles @es","desenvolupament personal i acad\u00e8mic @es","educaci\u00f3 @es","Escola @es","formaci\u00f3 @es","INNY","Molina @es","Sortida @es"],"articleSection":["Noticias"],"inLanguage":"es","potentialAction":[{"@type":"CommentAction","name":"Comment","target":["https:\/\/centresmolina.com\/centreensenyament\/es\/2017\/10\/22\/conferencia-emprendre-amb-valors-b\/#respond"]}]},{"@type":"WebPage","@id":"https:\/\/centresmolina.com\/centreensenyament\/es\/2017\/10\/22\/conferencia-emprendre-amb-valors-b\/","url":"https:\/\/centresmolina.com\/centreensenyament\/es\/2017\/10\/22\/conferencia-emprendre-amb-valors-b\/","name":"Conferencia Emprender con Valores by INNY - Centros de ense\u00f1anza","isPartOf":{"@id":"https:\/\/centresmolina.com\/centreensenyament\/#website"},"primaryImageOfPage":{"@id":"https:\/\/centresmolina.com\/centreensenyament\/es\/2017\/10\/22\/conferencia-emprendre-amb-valors-b\/#primaryimage"},"image":{"@id":"https:\/\/centresmolina.com\/centreensenyament\/es\/2017\/10\/22\/conferencia-emprendre-amb-valors-b\/#primaryimage"},"thumbnailUrl":"https:\/\/centresmolina.com\/centreensenyament\/files\/2017\/10\/0EMPRENDRE-AMB-VALOR-BY-INNY-22.jpg","datePublished":"2017-10-22T09:11:54+00:00","dateModified":"2017-11-07T10:52:51+00:00","author":{"@id":"https:\/\/centresmolina.com\/centreensenyament\/#\/schema\/person\/308d85d274adff04b5c51d47e8aff6cc"},"breadcrumb":{"@id":"https:\/\/centresmolina.com\/centreensenyament\/es\/2017\/10\/22\/conferencia-emprendre-amb-valors-b\/#breadcrumb"},"inLanguage":"es","potentialAction":[{"@type":"ReadAction","target":["https:\/\/centresmolina.com\/centreensenyament\/es\/2017\/10\/22\/conferencia-emprendre-amb-valors-b\/"]}]},{"@type":"ImageObject","inLanguage":"es","@id":"https:\/\/centresmolina.com\/centreensenyament\/es\/2017\/10\/22\/conferencia-emprendre-amb-valors-b\/#primaryimage","url":"https:\/\/centresmolina.com\/centreensenyament\/files\/2017\/10\/0EMPRENDRE-AMB-VALOR-BY-INNY-22.jpg","contentUrl":"https:\/\/centresmolina.com\/centreensenyament\/files\/2017\/10\/0EMPRENDRE-AMB-VALOR-BY-INNY-22.jpg","width":1280,"height":960},{"@type":"BreadcrumbList","@id":"https:\/\/centresmolina.com\/centreensenyament\/es\/2017\/10\/22\/conferencia-emprendre-amb-valors-b\/#breadcrumb","itemListElement":[{"@type":"ListItem","position":1,"name":"Portada","item":"https:\/\/centresmolina.com\/centreensenyament\/es\/"},{"@type":"ListItem","position":2,"name":"Conferencia Emprender con Valores by INNY"}]},{"@type":"WebSite","@id":"https:\/\/centresmolina.com\/centreensenyament\/#website","url":"https:\/\/centresmolina.com\/centreensenyament\/","name":"Centros de ense\u00f1anza","description":"Centres Molina - Centros de ense\u00f1anza","potentialAction":[{"@type":"SearchAction","target":{"@type":"EntryPoint","urlTemplate":"https:\/\/centresmolina.com\/centreensenyament\/?s={search_term_string}"},"query-input":{"@type":"PropertyValueSpecification","valueRequired":true,"valueName":"search_term_string"}}],"inLanguage":"es"},{"@type":"Person","@id":"https:\/\/centresmolina.com\/centreensenyament\/#\/schema\/person\/308d85d274adff04b5c51d47e8aff6cc","name":"webmolina","image":{"@type":"ImageObject","inLanguage":"es","@id":"https:\/\/secure.gravatar.com\/avatar\/38db407e1ab9b284bf45e3bff4ec5cf1e034e364f09b2ee054619614662a717b?s=96&d=mm&r=g","url":"https:\/\/secure.gravatar.com\/avatar\/38db407e1ab9b284bf45e3bff4ec5cf1e034e364f09b2ee054619614662a717b?s=96&d=mm&r=g","contentUrl":"https:\/\/secure.gravatar.com\/avatar\/38db407e1ab9b284bf45e3bff4ec5cf1e034e364f09b2ee054619614662a717b?s=96&d=mm&r=g","caption":"webmolina"},"url":"https:\/\/centresmolina.com\/centreensenyament\/es\/author\/webmolina\/"}]}},"_links":{"self":[{"href":"https:\/\/centresmolina.com\/centreensenyament\/es\/wp-json\/wp\/v2\/posts\/5625\/"}],"collection":[{"href":"https:\/\/centresmolina.com\/centreensenyament\/es\/wp-json\/wp\/v2\/posts\/"}],"about":[{"href":"https:\/\/centresmolina.com\/centreensenyament\/es\/wp-json\/wp\/v2\/types\/post\/"}],"author":[{"embeddable":true,"href":"https:\/\/centresmolina.com\/centreensenyament\/es\/wp-json\/wp\/v2\/users\/3\/"}],"replies":[{"embeddable":true,"href":"https:\/\/centresmolina.com\/centreensenyament\/es\/wp-json\/wp\/v2\/comments\/?post=5625"}],"version-history":[{"count":3,"href":"https:\/\/centresmolina.com\/centreensenyament\/es\/wp-json\/wp\/v2\/posts\/5625\/revisions\/"}],"predecessor-version":[{"id":5925,"href":"https:\/\/centresmolina.com\/centreensenyament\/es\/wp-json\/wp\/v2\/posts\/5625\/revisions\/5925\/"}],"wp:featuredmedia":[{"embeddable":true,"href":"https:\/\/centresmolina.com\/centreensenyament\/es\/wp-json\/wp\/v2\/media\/5622\/"}],"wp:attachment":[{"href":"https:\/\/centresmolina.com\/centreensenyament\/es\/wp-json\/wp\/v2\/media\/?parent=5625"}],"wp:term":[{"taxonomy":"category","embeddable":true,"href":"https:\/\/centresmolina.com\/centreensenyament\/es\/wp-json\/wp\/v2\/categories\/?post=5625"},{"taxonomy":"post_tag","embeddable":true,"href":"https:\/\/centresmolina.com\/centreensenyament\/es\/wp-json\/wp\/v2\/tags\/?post=5625"}],"curies":[{"name":"wp","href":"https:\/\/api.w.org\/{rel}","templated":true}]}}