{"id":5810,"date":"2017-11-04T09:37:55","date_gmt":"2017-11-04T09:37:55","guid":{"rendered":"http:\/\/centresmolina.com\/centreensenyament\/2017\/11\/04\/certificat-dacompliment-la-proteccio-dades\/"},"modified":"2017-11-04T10:05:06","modified_gmt":"2017-11-04T10:05:06","slug":"certificat-dacompliment-la-proteccio-dades","status":"publish","type":"post","link":"https:\/\/centresmolina.com\/centreensenyament\/es\/2017\/11\/04\/certificat-dacompliment-la-proteccio-dades\/","title":{"rendered":"CERTIFICADO DE CUMPLIMIENTO DE LA PROTECCI\u00d3N DE DATOS"},"content":{"rendered":"<p>Los centros educativos tenemos un papel clave en el desarrollo y progreso de la sociedad. Tenemos encomendada la funci\u00f3n docente y orientadora de los alumnos, lo que exige el tratamiento de sus datos personales junto a los de otros colectivos como padres, tutores o profesores. Desde el momento de la solicitud de plaza en un centro, la fase de matr\u00edcula, la gesti\u00f3n de expedientes acad\u00e9micos, de becas o de ayudas, etc.<\/p>\n<p>Nuestros centros educativos, en su tarea de hacer efectivo el derecho fundamental a la educaci\u00f3n que constituye su raz\u00f3n de ser, tambi\u00e9n debemos observar el derecho fundamental a la protecci\u00f3n de los datos de car\u00e1cter personal.<\/p>\n<p>Los equipos directivos, profesores, personal administrativo y auxiliar de los centros educativos en el ejercicio de nuestras funciones y tareas necesitamos tratar datos de car\u00e1cter personal de los alumnos y de sus familiares, lo que tenemos que realizar con la debida diligencia y respeto a su privacidad e intimidad, teniendo presente el inter\u00e9s y la protecci\u00f3n de los menores.<\/p>\n<p>Por todo ello Conversia ha iniciado la prestaci\u00f3n de sus servicios de asesor\u00eda y adaptaci\u00f3n a la normativa en materia de protecci\u00f3n de datos de car\u00e1cter personal y ha promovido las actuaciones necesarias para que cumpla con las obligaciones establecidas en la Ley Orgcinica 15\/1999 de Protecci\u00f3n de datos de Car\u00e1cter Personal y el Reglamento General de Protecci\u00f3n de datos (UE) 2016\/679.<\/p>\n<p>Y certifica que, tanto Escuela Molina como la Llar d&#8217;Infants:<\/p>\n<ul>\n<li>Ha adquirido la formaci\u00f3n necesaria para el cumplimiento de lo dispuesto en la LOPD 15\/1999 y en el RGPD (UE) 2016\/679.<\/li>\n<li>Ha efectuado la inscripci\u00f3n de ficheros en el Registro General de la Agencia Espa\u00f1ola de Protecci\u00f3n de Datos.<\/li>\n<li>Dispone del SGP, debidamente actualizado, en el que se recogen las medidas necesarias para garantizar el deber de secreto y seguridad de los datos de car\u00e1cter personal.<\/li>\n<\/ul>\n\n\t\t<style type=\"text\/css\">\n\t\t\t#gallery-1 {\n\t\t\t\tmargin: auto;\n\t\t\t}\n\t\t\t#gallery-1 .gallery-item {\n\t\t\t\tfloat: left;\n\t\t\t\tmargin-top: 10px;\n\t\t\t\ttext-align: center;\n\t\t\t\twidth: 100%;\n\t\t\t}\n\t\t\t#gallery-1 img {\n\t\t\t\tborder: 2px solid #cfcfcf;\n\t\t\t}\n\t\t\t#gallery-1 .gallery-caption {\n\t\t\t\tmargin-left: 0;\n\t\t\t}\n\t\t\t\/* see gallery_shortcode() in wp-includes\/media.php *\/\n\t\t<\/style>\n\t\t<div id='gallery-1' class='gallery galleryid-5810 gallery-columns-1 gallery-size-large'><dl class='gallery-item'>\n\t\t\t<dt class='gallery-icon portrait'>\n\t\t\t\t<a href='https:\/\/centresmolina.com\/centreensenyament\/files\/2017\/11\/Certificado-Auditoria-Conversia-Colegio-1.jpg'><img loading=\"lazy\" decoding=\"async\" width=\"724\" height=\"1024\" src=\"https:\/\/centresmolina.com\/centreensenyament\/files\/2017\/11\/Certificado-Auditoria-Conversia-Colegio-1-724x1024.jpg\" class=\"attachment-large size-large\" alt=\"\" srcset=\"https:\/\/centresmolina.com\/centreensenyament\/files\/2017\/11\/Certificado-Auditoria-Conversia-Colegio-1-724x1024.jpg 724w, https:\/\/centresmolina.com\/centreensenyament\/files\/2017\/11\/Certificado-Auditoria-Conversia-Colegio-1-212x300.jpg 212w, https:\/\/centresmolina.com\/centreensenyament\/files\/2017\/11\/Certificado-Auditoria-Conversia-Colegio-1-768x1086.jpg 768w, https:\/\/centresmolina.com\/centreensenyament\/files\/2017\/11\/Certificado-Auditoria-Conversia-Colegio-1.jpg 1280w\" sizes=\"auto, (max-width: 724px) 100vw, 724px\" \/><\/a>\n\t\t\t<\/dt><\/dl><br style=\"clear: both\" \/><dl class='gallery-item'>\n\t\t\t<dt class='gallery-icon portrait'>\n\t\t\t\t<a href='https:\/\/centresmolina.com\/centreensenyament\/files\/2017\/11\/Certificado-Auditoria-Conversia-Llar-1.jpg'><img loading=\"lazy\" decoding=\"async\" width=\"724\" height=\"1024\" src=\"https:\/\/centresmolina.com\/centreensenyament\/files\/2017\/11\/Certificado-Auditoria-Conversia-Llar-1-724x1024.jpg\" class=\"attachment-large size-large\" alt=\"\" srcset=\"https:\/\/centresmolina.com\/centreensenyament\/files\/2017\/11\/Certificado-Auditoria-Conversia-Llar-1-724x1024.jpg 724w, https:\/\/centresmolina.com\/centreensenyament\/files\/2017\/11\/Certificado-Auditoria-Conversia-Llar-1-212x300.jpg 212w, https:\/\/centresmolina.com\/centreensenyament\/files\/2017\/11\/Certificado-Auditoria-Conversia-Llar-1-768x1086.jpg 768w, https:\/\/centresmolina.com\/centreensenyament\/files\/2017\/11\/Certificado-Auditoria-Conversia-Llar-1.jpg 1280w\" sizes=\"auto, (max-width: 724px) 100vw, 724px\" \/><\/a>\n\t\t\t<\/dt><\/dl><br style=\"clear: both\" \/>\n\t\t<\/div>\n\n","protected":false},"excerpt":{"rendered":"<p>Los centros educativos tenemos un papel clave en el desarrollo y progreso de la sociedad. Tenemos encomendada la funci\u00f3n docente&#8230;<\/p>\n","protected":false},"author":3,"featured_media":5817,"comment_status":"open","ping_status":"open","sticky":false,"template":"","format":"standard","meta":{"footnotes":""},"categories":[15],"tags":[2503,60,23,2504,61,2505],"class_list":["post-5810","post","type-post","status-publish","format-standard","has-post-thumbnail","hentry","category-noticias-2","tag-certificacio-es","tag-escola-es","tag-escola-molina-es","tag-lopd-es","tag-molina-es","tag-proteccio-de-dades-es"],"yoast_head":"<!-- This site is optimized with the Yoast SEO plugin v27.2 - https:\/\/yoast.com\/product\/yoast-seo-wordpress\/ -->\n<title>CERTIFICADO DE CUMPLIMIENTO DE LA PROTECCI\u00d3N DE DATOS - Centros de ense\u00f1anza<\/title>\n<meta name=\"robots\" content=\"index, follow, max-snippet:-1, max-image-preview:large, max-video-preview:-1\" \/>\n<link rel=\"canonical\" href=\"https:\/\/centresmolina.com\/centreensenyament\/es\/2017\/11\/04\/certificat-dacompliment-la-proteccio-dades\/\" \/>\n<meta property=\"og:locale\" content=\"es_ES\" \/>\n<meta property=\"og:type\" content=\"article\" \/>\n<meta property=\"og:title\" content=\"CERTIFICADO DE CUMPLIMIENTO DE LA PROTECCI\u00d3N DE DATOS - Centros de ense\u00f1anza\" \/>\n<meta property=\"og:description\" content=\"Los centros educativos tenemos un papel clave en el desarrollo y progreso de la sociedad. Tenemos encomendada la funci\u00f3n docente...\" \/>\n<meta property=\"og:url\" content=\"https:\/\/centresmolina.com\/centreensenyament\/es\/2017\/11\/04\/certificat-dacompliment-la-proteccio-dades\/\" \/>\n<meta property=\"og:site_name\" content=\"Centros de ense\u00f1anza\" \/>\n<meta property=\"article:published_time\" content=\"2017-11-04T09:37:55+00:00\" \/>\n<meta property=\"article:modified_time\" content=\"2017-11-04T10:05:06+00:00\" \/>\n<meta property=\"og:image\" content=\"https:\/\/centresmolina.com\/centreensenyament\/files\/2017\/11\/Protecci\u00f3-de-Dades.jpg\" \/>\n\t<meta property=\"og:image:width\" content=\"1024\" \/>\n\t<meta property=\"og:image:height\" content=\"768\" \/>\n\t<meta property=\"og:image:type\" content=\"image\/jpeg\" \/>\n<meta name=\"author\" content=\"webmolina\" \/>\n<meta name=\"twitter:label1\" content=\"Escrito por\" \/>\n\t<meta name=\"twitter:data1\" content=\"webmolina\" \/>\n\t<meta name=\"twitter:label2\" content=\"Tiempo de lectura\" \/>\n\t<meta name=\"twitter:data2\" content=\"2 minutos\" \/>\n<script type=\"application\/ld+json\" class=\"yoast-schema-graph\">{\"@context\":\"https:\/\/schema.org\",\"@graph\":[{\"@type\":\"Article\",\"@id\":\"https:\/\/centresmolina.com\/centreensenyament\/es\/2017\/11\/04\/certificat-dacompliment-la-proteccio-dades\/#article\",\"isPartOf\":{\"@id\":\"https:\/\/centresmolina.com\/centreensenyament\/es\/2017\/11\/04\/certificat-dacompliment-la-proteccio-dades\/\"},\"author\":{\"name\":\"webmolina\",\"@id\":\"https:\/\/centresmolina.com\/centreensenyament\/#\/schema\/person\/308d85d274adff04b5c51d47e8aff6cc\"},\"headline\":\"CERTIFICADO DE CUMPLIMIENTO DE LA PROTECCI\u00d3N DE DATOS\",\"datePublished\":\"2017-11-04T09:37:55+00:00\",\"dateModified\":\"2017-11-04T10:05:06+00:00\",\"mainEntityOfPage\":{\"@id\":\"https:\/\/centresmolina.com\/centreensenyament\/es\/2017\/11\/04\/certificat-dacompliment-la-proteccio-dades\/\"},\"wordCount\":341,\"commentCount\":0,\"image\":{\"@id\":\"https:\/\/centresmolina.com\/centreensenyament\/es\/2017\/11\/04\/certificat-dacompliment-la-proteccio-dades\/#primaryimage\"},\"thumbnailUrl\":\"https:\/\/centresmolina.com\/centreensenyament\/files\/2017\/11\/Protecci\u00f3-de-Dades.jpg\",\"keywords\":[\"Certificaci\u00f3\",\"Escola @es\",\"Escola Molina @es\",\"LOPD\",\"Molina @es\",\"Protecci\u00f3 de Dades\"],\"articleSection\":[\"Noticias\"],\"inLanguage\":\"es\",\"potentialAction\":[{\"@type\":\"CommentAction\",\"name\":\"Comment\",\"target\":[\"https:\/\/centresmolina.com\/centreensenyament\/es\/2017\/11\/04\/certificat-dacompliment-la-proteccio-dades\/#respond\"]}]},{\"@type\":\"WebPage\",\"@id\":\"https:\/\/centresmolina.com\/centreensenyament\/es\/2017\/11\/04\/certificat-dacompliment-la-proteccio-dades\/\",\"url\":\"https:\/\/centresmolina.com\/centreensenyament\/es\/2017\/11\/04\/certificat-dacompliment-la-proteccio-dades\/\",\"name\":\"CERTIFICADO DE CUMPLIMIENTO DE LA PROTECCI\u00d3N DE DATOS - Centros de ense\u00f1anza\",\"isPartOf\":{\"@id\":\"https:\/\/centresmolina.com\/centreensenyament\/#website\"},\"primaryImageOfPage\":{\"@id\":\"https:\/\/centresmolina.com\/centreensenyament\/es\/2017\/11\/04\/certificat-dacompliment-la-proteccio-dades\/#primaryimage\"},\"image\":{\"@id\":\"https:\/\/centresmolina.com\/centreensenyament\/es\/2017\/11\/04\/certificat-dacompliment-la-proteccio-dades\/#primaryimage\"},\"thumbnailUrl\":\"https:\/\/centresmolina.com\/centreensenyament\/files\/2017\/11\/Protecci\u00f3-de-Dades.jpg\",\"datePublished\":\"2017-11-04T09:37:55+00:00\",\"dateModified\":\"2017-11-04T10:05:06+00:00\",\"author\":{\"@id\":\"https:\/\/centresmolina.com\/centreensenyament\/#\/schema\/person\/308d85d274adff04b5c51d47e8aff6cc\"},\"breadcrumb\":{\"@id\":\"https:\/\/centresmolina.com\/centreensenyament\/es\/2017\/11\/04\/certificat-dacompliment-la-proteccio-dades\/#breadcrumb\"},\"inLanguage\":\"es\",\"potentialAction\":[{\"@type\":\"ReadAction\",\"target\":[\"https:\/\/centresmolina.com\/centreensenyament\/es\/2017\/11\/04\/certificat-dacompliment-la-proteccio-dades\/\"]}]},{\"@type\":\"ImageObject\",\"inLanguage\":\"es\",\"@id\":\"https:\/\/centresmolina.com\/centreensenyament\/es\/2017\/11\/04\/certificat-dacompliment-la-proteccio-dades\/#primaryimage\",\"url\":\"https:\/\/centresmolina.com\/centreensenyament\/files\/2017\/11\/Protecci\u00f3-de-Dades.jpg\",\"contentUrl\":\"https:\/\/centresmolina.com\/centreensenyament\/files\/2017\/11\/Protecci\u00f3-de-Dades.jpg\",\"width\":1024,\"height\":768},{\"@type\":\"BreadcrumbList\",\"@id\":\"https:\/\/centresmolina.com\/centreensenyament\/es\/2017\/11\/04\/certificat-dacompliment-la-proteccio-dades\/#breadcrumb\",\"itemListElement\":[{\"@type\":\"ListItem\",\"position\":1,\"name\":\"Portada\",\"item\":\"https:\/\/centresmolina.com\/centreensenyament\/es\/\"},{\"@type\":\"ListItem\",\"position\":2,\"name\":\"CERTIFICADO DE CUMPLIMIENTO DE LA PROTECCI\u00d3N DE DATOS\"}]},{\"@type\":\"WebSite\",\"@id\":\"https:\/\/centresmolina.com\/centreensenyament\/#website\",\"url\":\"https:\/\/centresmolina.com\/centreensenyament\/\",\"name\":\"Centros de ense\u00f1anza\",\"description\":\"Centres Molina - Centros de ense\u00f1anza\",\"potentialAction\":[{\"@type\":\"SearchAction\",\"target\":{\"@type\":\"EntryPoint\",\"urlTemplate\":\"https:\/\/centresmolina.com\/centreensenyament\/?s={search_term_string}\"},\"query-input\":{\"@type\":\"PropertyValueSpecification\",\"valueRequired\":true,\"valueName\":\"search_term_string\"}}],\"inLanguage\":\"es\"},{\"@type\":\"Person\",\"@id\":\"https:\/\/centresmolina.com\/centreensenyament\/#\/schema\/person\/308d85d274adff04b5c51d47e8aff6cc\",\"name\":\"webmolina\",\"image\":{\"@type\":\"ImageObject\",\"inLanguage\":\"es\",\"@id\":\"https:\/\/secure.gravatar.com\/avatar\/38db407e1ab9b284bf45e3bff4ec5cf1e034e364f09b2ee054619614662a717b?s=96&d=mm&r=g\",\"url\":\"https:\/\/secure.gravatar.com\/avatar\/38db407e1ab9b284bf45e3bff4ec5cf1e034e364f09b2ee054619614662a717b?s=96&d=mm&r=g\",\"contentUrl\":\"https:\/\/secure.gravatar.com\/avatar\/38db407e1ab9b284bf45e3bff4ec5cf1e034e364f09b2ee054619614662a717b?s=96&d=mm&r=g\",\"caption\":\"webmolina\"},\"url\":\"https:\/\/centresmolina.com\/centreensenyament\/es\/author\/webmolina\/\"}]}<\/script>\n<!-- \/ Yoast SEO plugin. -->","yoast_head_json":{"title":"CERTIFICADO DE CUMPLIMIENTO DE LA PROTECCI\u00d3N DE DATOS - Centros de ense\u00f1anza","robots":{"index":"index","follow":"follow","max-snippet":"max-snippet:-1","max-image-preview":"max-image-preview:large","max-video-preview":"max-video-preview:-1"},"canonical":"https:\/\/centresmolina.com\/centreensenyament\/es\/2017\/11\/04\/certificat-dacompliment-la-proteccio-dades\/","og_locale":"es_ES","og_type":"article","og_title":"CERTIFICADO DE CUMPLIMIENTO DE LA PROTECCI\u00d3N DE DATOS - Centros de ense\u00f1anza","og_description":"Los centros educativos tenemos un papel clave en el desarrollo y progreso de la sociedad. Tenemos encomendada la funci\u00f3n docente...","og_url":"https:\/\/centresmolina.com\/centreensenyament\/es\/2017\/11\/04\/certificat-dacompliment-la-proteccio-dades\/","og_site_name":"Centros de ense\u00f1anza","article_published_time":"2017-11-04T09:37:55+00:00","article_modified_time":"2017-11-04T10:05:06+00:00","og_image":[{"width":1024,"height":768,"url":"https:\/\/centresmolina.com\/centreensenyament\/files\/2017\/11\/Protecci\u00f3-de-Dades.jpg","type":"image\/jpeg"}],"author":"webmolina","twitter_misc":{"Escrito por":"webmolina","Tiempo de lectura":"2 minutos"},"schema":{"@context":"https:\/\/schema.org","@graph":[{"@type":"Article","@id":"https:\/\/centresmolina.com\/centreensenyament\/es\/2017\/11\/04\/certificat-dacompliment-la-proteccio-dades\/#article","isPartOf":{"@id":"https:\/\/centresmolina.com\/centreensenyament\/es\/2017\/11\/04\/certificat-dacompliment-la-proteccio-dades\/"},"author":{"name":"webmolina","@id":"https:\/\/centresmolina.com\/centreensenyament\/#\/schema\/person\/308d85d274adff04b5c51d47e8aff6cc"},"headline":"CERTIFICADO DE CUMPLIMIENTO DE LA PROTECCI\u00d3N DE DATOS","datePublished":"2017-11-04T09:37:55+00:00","dateModified":"2017-11-04T10:05:06+00:00","mainEntityOfPage":{"@id":"https:\/\/centresmolina.com\/centreensenyament\/es\/2017\/11\/04\/certificat-dacompliment-la-proteccio-dades\/"},"wordCount":341,"commentCount":0,"image":{"@id":"https:\/\/centresmolina.com\/centreensenyament\/es\/2017\/11\/04\/certificat-dacompliment-la-proteccio-dades\/#primaryimage"},"thumbnailUrl":"https:\/\/centresmolina.com\/centreensenyament\/files\/2017\/11\/Protecci\u00f3-de-Dades.jpg","keywords":["Certificaci\u00f3","Escola @es","Escola Molina @es","LOPD","Molina @es","Protecci\u00f3 de Dades"],"articleSection":["Noticias"],"inLanguage":"es","potentialAction":[{"@type":"CommentAction","name":"Comment","target":["https:\/\/centresmolina.com\/centreensenyament\/es\/2017\/11\/04\/certificat-dacompliment-la-proteccio-dades\/#respond"]}]},{"@type":"WebPage","@id":"https:\/\/centresmolina.com\/centreensenyament\/es\/2017\/11\/04\/certificat-dacompliment-la-proteccio-dades\/","url":"https:\/\/centresmolina.com\/centreensenyament\/es\/2017\/11\/04\/certificat-dacompliment-la-proteccio-dades\/","name":"CERTIFICADO DE CUMPLIMIENTO DE LA PROTECCI\u00d3N DE DATOS - Centros de ense\u00f1anza","isPartOf":{"@id":"https:\/\/centresmolina.com\/centreensenyament\/#website"},"primaryImageOfPage":{"@id":"https:\/\/centresmolina.com\/centreensenyament\/es\/2017\/11\/04\/certificat-dacompliment-la-proteccio-dades\/#primaryimage"},"image":{"@id":"https:\/\/centresmolina.com\/centreensenyament\/es\/2017\/11\/04\/certificat-dacompliment-la-proteccio-dades\/#primaryimage"},"thumbnailUrl":"https:\/\/centresmolina.com\/centreensenyament\/files\/2017\/11\/Protecci\u00f3-de-Dades.jpg","datePublished":"2017-11-04T09:37:55+00:00","dateModified":"2017-11-04T10:05:06+00:00","author":{"@id":"https:\/\/centresmolina.com\/centreensenyament\/#\/schema\/person\/308d85d274adff04b5c51d47e8aff6cc"},"breadcrumb":{"@id":"https:\/\/centresmolina.com\/centreensenyament\/es\/2017\/11\/04\/certificat-dacompliment-la-proteccio-dades\/#breadcrumb"},"inLanguage":"es","potentialAction":[{"@type":"ReadAction","target":["https:\/\/centresmolina.com\/centreensenyament\/es\/2017\/11\/04\/certificat-dacompliment-la-proteccio-dades\/"]}]},{"@type":"ImageObject","inLanguage":"es","@id":"https:\/\/centresmolina.com\/centreensenyament\/es\/2017\/11\/04\/certificat-dacompliment-la-proteccio-dades\/#primaryimage","url":"https:\/\/centresmolina.com\/centreensenyament\/files\/2017\/11\/Protecci\u00f3-de-Dades.jpg","contentUrl":"https:\/\/centresmolina.com\/centreensenyament\/files\/2017\/11\/Protecci\u00f3-de-Dades.jpg","width":1024,"height":768},{"@type":"BreadcrumbList","@id":"https:\/\/centresmolina.com\/centreensenyament\/es\/2017\/11\/04\/certificat-dacompliment-la-proteccio-dades\/#breadcrumb","itemListElement":[{"@type":"ListItem","position":1,"name":"Portada","item":"https:\/\/centresmolina.com\/centreensenyament\/es\/"},{"@type":"ListItem","position":2,"name":"CERTIFICADO DE CUMPLIMIENTO DE LA PROTECCI\u00d3N DE DATOS"}]},{"@type":"WebSite","@id":"https:\/\/centresmolina.com\/centreensenyament\/#website","url":"https:\/\/centresmolina.com\/centreensenyament\/","name":"Centros de ense\u00f1anza","description":"Centres Molina - Centros de ense\u00f1anza","potentialAction":[{"@type":"SearchAction","target":{"@type":"EntryPoint","urlTemplate":"https:\/\/centresmolina.com\/centreensenyament\/?s={search_term_string}"},"query-input":{"@type":"PropertyValueSpecification","valueRequired":true,"valueName":"search_term_string"}}],"inLanguage":"es"},{"@type":"Person","@id":"https:\/\/centresmolina.com\/centreensenyament\/#\/schema\/person\/308d85d274adff04b5c51d47e8aff6cc","name":"webmolina","image":{"@type":"ImageObject","inLanguage":"es","@id":"https:\/\/secure.gravatar.com\/avatar\/38db407e1ab9b284bf45e3bff4ec5cf1e034e364f09b2ee054619614662a717b?s=96&d=mm&r=g","url":"https:\/\/secure.gravatar.com\/avatar\/38db407e1ab9b284bf45e3bff4ec5cf1e034e364f09b2ee054619614662a717b?s=96&d=mm&r=g","contentUrl":"https:\/\/secure.gravatar.com\/avatar\/38db407e1ab9b284bf45e3bff4ec5cf1e034e364f09b2ee054619614662a717b?s=96&d=mm&r=g","caption":"webmolina"},"url":"https:\/\/centresmolina.com\/centreensenyament\/es\/author\/webmolina\/"}]}},"_links":{"self":[{"href":"https:\/\/centresmolina.com\/centreensenyament\/es\/wp-json\/wp\/v2\/posts\/5810\/"}],"collection":[{"href":"https:\/\/centresmolina.com\/centreensenyament\/es\/wp-json\/wp\/v2\/posts\/"}],"about":[{"href":"https:\/\/centresmolina.com\/centreensenyament\/es\/wp-json\/wp\/v2\/types\/post\/"}],"author":[{"embeddable":true,"href":"https:\/\/centresmolina.com\/centreensenyament\/es\/wp-json\/wp\/v2\/users\/3\/"}],"replies":[{"embeddable":true,"href":"https:\/\/centresmolina.com\/centreensenyament\/es\/wp-json\/wp\/v2\/comments\/?post=5810"}],"version-history":[{"count":3,"href":"https:\/\/centresmolina.com\/centreensenyament\/es\/wp-json\/wp\/v2\/posts\/5810\/revisions\/"}],"predecessor-version":[{"id":5816,"href":"https:\/\/centresmolina.com\/centreensenyament\/es\/wp-json\/wp\/v2\/posts\/5810\/revisions\/5816\/"}],"wp:featuredmedia":[{"embeddable":true,"href":"https:\/\/centresmolina.com\/centreensenyament\/es\/wp-json\/wp\/v2\/media\/5817\/"}],"wp:attachment":[{"href":"https:\/\/centresmolina.com\/centreensenyament\/es\/wp-json\/wp\/v2\/media\/?parent=5810"}],"wp:term":[{"taxonomy":"category","embeddable":true,"href":"https:\/\/centresmolina.com\/centreensenyament\/es\/wp-json\/wp\/v2\/categories\/?post=5810"},{"taxonomy":"post_tag","embeddable":true,"href":"https:\/\/centresmolina.com\/centreensenyament\/es\/wp-json\/wp\/v2\/tags\/?post=5810"}],"curies":[{"name":"wp","href":"https:\/\/api.w.org\/{rel}","templated":true}]}}