{"id":6215,"date":"2017-11-28T11:24:01","date_gmt":"2017-11-28T11:24:01","guid":{"rendered":"http:\/\/centresmolina.com\/centreensenyament\/2017\/11\/28\/la-nostra-aula-dacollida\/"},"modified":"2017-12-02T11:46:44","modified_gmt":"2017-12-02T11:46:44","slug":"la-nostra-aula-dacollida","status":"publish","type":"post","link":"https:\/\/centresmolina.com\/centreensenyament\/es\/2017\/11\/28\/la-nostra-aula-dacollida\/","title":{"rendered":"Nuestra Aula de Acogida"},"content":{"rendered":"<p>El aula de acogida de nuestra escuela se convierte en un punto de referencia y un marco de trabajo abierto con una constante interacci\u00f3n con la din\u00e1mica del centro, que permite una atenci\u00f3n emocional y curricular personalizada y un aprendizaje intensivo de la lengua catalana. Proporciona al alumnado reci\u00e9n llegado una atenci\u00f3n adecuada a las necesidades y los progresos relacionales y ling\u00fc\u00edsticos, sin perder el contacto con el resto de grupo clase al que est\u00e1 adscrito.<\/p>\n<p>La metodolog\u00eda del aula de acogida tiene en cuenta la organizaci\u00f3n de los aprendizajes de manera globalizada, la existencia de actividades funcionales, el fomento del trabajo cooperativo y el establecimiento de relaciones personales positivas.<\/p>\n\n\t\t<style type=\"text\/css\">\n\t\t\t#gallery-1 {\n\t\t\t\tmargin: auto;\n\t\t\t}\n\t\t\t#gallery-1 .gallery-item {\n\t\t\t\tfloat: left;\n\t\t\t\tmargin-top: 10px;\n\t\t\t\ttext-align: center;\n\t\t\t\twidth: 50%;\n\t\t\t}\n\t\t\t#gallery-1 img {\n\t\t\t\tborder: 2px solid #cfcfcf;\n\t\t\t}\n\t\t\t#gallery-1 .gallery-caption {\n\t\t\t\tmargin-left: 0;\n\t\t\t}\n\t\t\t\/* see gallery_shortcode() in wp-includes\/media.php *\/\n\t\t<\/style>\n\t\t<div id='gallery-1' class='gallery galleryid-6215 gallery-columns-2 gallery-size-full'><dl class='gallery-item'>\n\t\t\t<dt class='gallery-icon landscape'>\n\t\t\t\t<a href='https:\/\/centresmolina.com\/centreensenyament\/files\/2017\/12\/Aula-dacollida-2.jpg'><img loading=\"lazy\" decoding=\"async\" width=\"1280\" height=\"960\" src=\"https:\/\/centresmolina.com\/centreensenyament\/files\/2017\/12\/Aula-dacollida-2.jpg\" class=\"attachment-full size-full\" alt=\"\" srcset=\"https:\/\/centresmolina.com\/centreensenyament\/files\/2017\/12\/Aula-dacollida-2.jpg 1280w, https:\/\/centresmolina.com\/centreensenyament\/files\/2017\/12\/Aula-dacollida-2-300x225.jpg 300w, https:\/\/centresmolina.com\/centreensenyament\/files\/2017\/12\/Aula-dacollida-2-768x576.jpg 768w, https:\/\/centresmolina.com\/centreensenyament\/files\/2017\/12\/Aula-dacollida-2-1024x768.jpg 1024w\" sizes=\"auto, (max-width: 1280px) 100vw, 1280px\" \/><\/a>\n\t\t\t<\/dt><\/dl><dl class='gallery-item'>\n\t\t\t<dt class='gallery-icon landscape'>\n\t\t\t\t<a href='https:\/\/centresmolina.com\/centreensenyament\/files\/2017\/12\/Aula-dacollida-3.jpg'><img loading=\"lazy\" decoding=\"async\" width=\"1280\" height=\"960\" src=\"https:\/\/centresmolina.com\/centreensenyament\/files\/2017\/12\/Aula-dacollida-3.jpg\" class=\"attachment-full size-full\" alt=\"\" srcset=\"https:\/\/centresmolina.com\/centreensenyament\/files\/2017\/12\/Aula-dacollida-3.jpg 1280w, https:\/\/centresmolina.com\/centreensenyament\/files\/2017\/12\/Aula-dacollida-3-300x225.jpg 300w, https:\/\/centresmolina.com\/centreensenyament\/files\/2017\/12\/Aula-dacollida-3-768x576.jpg 768w, https:\/\/centresmolina.com\/centreensenyament\/files\/2017\/12\/Aula-dacollida-3-1024x768.jpg 1024w\" sizes=\"auto, (max-width: 1280px) 100vw, 1280px\" \/><\/a>\n\t\t\t<\/dt><\/dl><br style=\"clear: both\" \/><dl class='gallery-item'>\n\t\t\t<dt class='gallery-icon landscape'>\n\t\t\t\t<a href='https:\/\/centresmolina.com\/centreensenyament\/files\/2017\/12\/Aula-dacollida-4.jpg'><img loading=\"lazy\" decoding=\"async\" width=\"1280\" height=\"960\" src=\"https:\/\/centresmolina.com\/centreensenyament\/files\/2017\/12\/Aula-dacollida-4.jpg\" class=\"attachment-full size-full\" alt=\"\" srcset=\"https:\/\/centresmolina.com\/centreensenyament\/files\/2017\/12\/Aula-dacollida-4.jpg 1280w, https:\/\/centresmolina.com\/centreensenyament\/files\/2017\/12\/Aula-dacollida-4-300x225.jpg 300w, https:\/\/centresmolina.com\/centreensenyament\/files\/2017\/12\/Aula-dacollida-4-768x576.jpg 768w, https:\/\/centresmolina.com\/centreensenyament\/files\/2017\/12\/Aula-dacollida-4-1024x768.jpg 1024w\" sizes=\"auto, (max-width: 1280px) 100vw, 1280px\" \/><\/a>\n\t\t\t<\/dt><\/dl><dl class='gallery-item'>\n\t\t\t<dt class='gallery-icon landscape'>\n\t\t\t\t<a href='https:\/\/centresmolina.com\/centreensenyament\/files\/2017\/12\/Aula-dacollida-5.jpg'><img loading=\"lazy\" decoding=\"async\" width=\"1280\" height=\"960\" src=\"https:\/\/centresmolina.com\/centreensenyament\/files\/2017\/12\/Aula-dacollida-5.jpg\" class=\"attachment-full size-full\" alt=\"\" srcset=\"https:\/\/centresmolina.com\/centreensenyament\/files\/2017\/12\/Aula-dacollida-5.jpg 1280w, https:\/\/centresmolina.com\/centreensenyament\/files\/2017\/12\/Aula-dacollida-5-300x225.jpg 300w, https:\/\/centresmolina.com\/centreensenyament\/files\/2017\/12\/Aula-dacollida-5-768x576.jpg 768w, https:\/\/centresmolina.com\/centreensenyament\/files\/2017\/12\/Aula-dacollida-5-1024x768.jpg 1024w\" sizes=\"auto, (max-width: 1280px) 100vw, 1280px\" \/><\/a>\n\t\t\t<\/dt><\/dl><br style=\"clear: both\" \/><dl class='gallery-item'>\n\t\t\t<dt class='gallery-icon landscape'>\n\t\t\t\t<a href='https:\/\/centresmolina.com\/centreensenyament\/files\/2017\/12\/Aula-dacollida-6.jpg'><img loading=\"lazy\" decoding=\"async\" width=\"1280\" height=\"960\" src=\"https:\/\/centresmolina.com\/centreensenyament\/files\/2017\/12\/Aula-dacollida-6.jpg\" class=\"attachment-full size-full\" alt=\"\" srcset=\"https:\/\/centresmolina.com\/centreensenyament\/files\/2017\/12\/Aula-dacollida-6.jpg 1280w, https:\/\/centresmolina.com\/centreensenyament\/files\/2017\/12\/Aula-dacollida-6-300x225.jpg 300w, https:\/\/centresmolina.com\/centreensenyament\/files\/2017\/12\/Aula-dacollida-6-768x576.jpg 768w, https:\/\/centresmolina.com\/centreensenyament\/files\/2017\/12\/Aula-dacollida-6-1024x768.jpg 1024w\" sizes=\"auto, (max-width: 1280px) 100vw, 1280px\" \/><\/a>\n\t\t\t<\/dt><\/dl><dl class='gallery-item'>\n\t\t\t<dt class='gallery-icon landscape'>\n\t\t\t\t<a href='https:\/\/centresmolina.com\/centreensenyament\/files\/2017\/12\/Aula-dacollida-7.jpg'><img loading=\"lazy\" decoding=\"async\" width=\"1280\" height=\"960\" src=\"https:\/\/centresmolina.com\/centreensenyament\/files\/2017\/12\/Aula-dacollida-7.jpg\" class=\"attachment-full size-full\" alt=\"\" srcset=\"https:\/\/centresmolina.com\/centreensenyament\/files\/2017\/12\/Aula-dacollida-7.jpg 1280w, https:\/\/centresmolina.com\/centreensenyament\/files\/2017\/12\/Aula-dacollida-7-300x225.jpg 300w, https:\/\/centresmolina.com\/centreensenyament\/files\/2017\/12\/Aula-dacollida-7-768x576.jpg 768w, https:\/\/centresmolina.com\/centreensenyament\/files\/2017\/12\/Aula-dacollida-7-1024x768.jpg 1024w\" sizes=\"auto, (max-width: 1280px) 100vw, 1280px\" \/><\/a>\n\t\t\t<\/dt><\/dl><br style=\"clear: both\" \/><dl class='gallery-item'>\n\t\t\t<dt class='gallery-icon landscape'>\n\t\t\t\t<a href='https:\/\/centresmolina.com\/centreensenyament\/files\/2017\/12\/Aula-dacollida-8.jpg'><img loading=\"lazy\" decoding=\"async\" width=\"640\" height=\"480\" src=\"https:\/\/centresmolina.com\/centreensenyament\/files\/2017\/12\/Aula-dacollida-8.jpg\" class=\"attachment-full size-full\" alt=\"\" srcset=\"https:\/\/centresmolina.com\/centreensenyament\/files\/2017\/12\/Aula-dacollida-8.jpg 640w, https:\/\/centresmolina.com\/centreensenyament\/files\/2017\/12\/Aula-dacollida-8-300x225.jpg 300w\" sizes=\"auto, (max-width: 640px) 100vw, 640px\" \/><\/a>\n\t\t\t<\/dt><\/dl><dl class='gallery-item'>\n\t\t\t<dt class='gallery-icon landscape'>\n\t\t\t\t<a href='https:\/\/centresmolina.com\/centreensenyament\/files\/2017\/12\/Aula-dacollida-9.jpg'><img loading=\"lazy\" decoding=\"async\" width=\"640\" height=\"480\" src=\"https:\/\/centresmolina.com\/centreensenyament\/files\/2017\/12\/Aula-dacollida-9.jpg\" class=\"attachment-full size-full\" alt=\"\" srcset=\"https:\/\/centresmolina.com\/centreensenyament\/files\/2017\/12\/Aula-dacollida-9.jpg 640w, https:\/\/centresmolina.com\/centreensenyament\/files\/2017\/12\/Aula-dacollida-9-300x225.jpg 300w\" sizes=\"auto, (max-width: 640px) 100vw, 640px\" \/><\/a>\n\t\t\t<\/dt><\/dl><br style=\"clear: both\" \/><dl class='gallery-item'>\n\t\t\t<dt class='gallery-icon landscape'>\n\t\t\t\t<a href='https:\/\/centresmolina.com\/centreensenyament\/files\/2017\/12\/Aula-dacollida-10.jpg'><img loading=\"lazy\" decoding=\"async\" width=\"640\" height=\"480\" src=\"https:\/\/centresmolina.com\/centreensenyament\/files\/2017\/12\/Aula-dacollida-10.jpg\" class=\"attachment-full size-full\" alt=\"\" srcset=\"https:\/\/centresmolina.com\/centreensenyament\/files\/2017\/12\/Aula-dacollida-10.jpg 640w, https:\/\/centresmolina.com\/centreensenyament\/files\/2017\/12\/Aula-dacollida-10-300x225.jpg 300w\" sizes=\"auto, (max-width: 640px) 100vw, 640px\" \/><\/a>\n\t\t\t<\/dt><\/dl><dl class='gallery-item'>\n\t\t\t<dt class='gallery-icon landscape'>\n\t\t\t\t<a href='https:\/\/centresmolina.com\/centreensenyament\/files\/2017\/12\/Aula-dacollida-11.jpg'><img loading=\"lazy\" decoding=\"async\" width=\"640\" height=\"480\" src=\"https:\/\/centresmolina.com\/centreensenyament\/files\/2017\/12\/Aula-dacollida-11.jpg\" class=\"attachment-full size-full\" alt=\"\" srcset=\"https:\/\/centresmolina.com\/centreensenyament\/files\/2017\/12\/Aula-dacollida-11.jpg 640w, https:\/\/centresmolina.com\/centreensenyament\/files\/2017\/12\/Aula-dacollida-11-300x225.jpg 300w\" sizes=\"auto, (max-width: 640px) 100vw, 640px\" \/><\/a>\n\t\t\t<\/dt><\/dl><br style=\"clear: both\" \/><dl class='gallery-item'>\n\t\t\t<dt class='gallery-icon landscape'>\n\t\t\t\t<a href='https:\/\/centresmolina.com\/centreensenyament\/files\/2017\/12\/Aula-dacollida-12.jpg'><img loading=\"lazy\" decoding=\"async\" width=\"640\" height=\"480\" src=\"https:\/\/centresmolina.com\/centreensenyament\/files\/2017\/12\/Aula-dacollida-12.jpg\" class=\"attachment-full size-full\" alt=\"\" srcset=\"https:\/\/centresmolina.com\/centreensenyament\/files\/2017\/12\/Aula-dacollida-12.jpg 640w, https:\/\/centresmolina.com\/centreensenyament\/files\/2017\/12\/Aula-dacollida-12-300x225.jpg 300w\" sizes=\"auto, (max-width: 640px) 100vw, 640px\" \/><\/a>\n\t\t\t<\/dt><\/dl><dl class='gallery-item'>\n\t\t\t<dt class='gallery-icon landscape'>\n\t\t\t\t<a href='https:\/\/centresmolina.com\/centreensenyament\/files\/2017\/12\/Aula-dacollida-13.jpg'><img loading=\"lazy\" decoding=\"async\" width=\"640\" height=\"480\" src=\"https:\/\/centresmolina.com\/centreensenyament\/files\/2017\/12\/Aula-dacollida-13.jpg\" class=\"attachment-full size-full\" alt=\"\" srcset=\"https:\/\/centresmolina.com\/centreensenyament\/files\/2017\/12\/Aula-dacollida-13.jpg 640w, https:\/\/centresmolina.com\/centreensenyament\/files\/2017\/12\/Aula-dacollida-13-300x225.jpg 300w\" sizes=\"auto, (max-width: 640px) 100vw, 640px\" \/><\/a>\n\t\t\t<\/dt><\/dl><br style=\"clear: both\" \/>\n\t\t<\/div>\n\n<p>\u00a1Y, por encima de todo, alumnado feliz!<\/p>\n","protected":false},"excerpt":{"rendered":"<p>El aula de acogida de nuestra escuela se convierte en un punto de referencia y un marco de trabajo abierto&#8230;<\/p>\n","protected":false},"author":3,"featured_media":6223,"comment_status":"open","ping_status":"open","sticky":false,"template":"","format":"standard","meta":{"footnotes":""},"categories":[15],"tags":[111,2525,64,23,74,63,61,73],"class_list":["post-6215","post","type-post","status-publish","format-standard","has-post-thumbnail","hentry","category-noticias-2","tag-3r-eso-es","tag-aula-dacollida-es","tag-educacio-secundaria-obligatoria-es","tag-escola-molina-es","tag-estil-propi-es","tag-formacio-es","tag-molina-es","tag-pedagogia-es"],"yoast_head":"<!-- This site is optimized with the Yoast SEO plugin v27.2 - https:\/\/yoast.com\/product\/yoast-seo-wordpress\/ -->\n<title>Nuestra Aula de Acogida - Centros de ense\u00f1anza<\/title>\n<meta name=\"robots\" content=\"index, follow, max-snippet:-1, max-image-preview:large, max-video-preview:-1\" \/>\n<link rel=\"canonical\" href=\"https:\/\/centresmolina.com\/centreensenyament\/es\/2017\/11\/28\/la-nostra-aula-dacollida\/\" \/>\n<meta property=\"og:locale\" content=\"es_ES\" \/>\n<meta property=\"og:type\" content=\"article\" \/>\n<meta property=\"og:title\" content=\"Nuestra Aula de Acogida - Centros de ense\u00f1anza\" \/>\n<meta property=\"og:description\" content=\"El aula de acogida de nuestra escuela se convierte en un punto de referencia y un marco de trabajo abierto...\" \/>\n<meta property=\"og:url\" content=\"https:\/\/centresmolina.com\/centreensenyament\/es\/2017\/11\/28\/la-nostra-aula-dacollida\/\" \/>\n<meta property=\"og:site_name\" content=\"Centros de ense\u00f1anza\" \/>\n<meta property=\"article:published_time\" content=\"2017-11-28T11:24:01+00:00\" \/>\n<meta property=\"article:modified_time\" content=\"2017-12-02T11:46:44+00:00\" \/>\n<meta property=\"og:image\" content=\"https:\/\/centresmolina.com\/centreensenyament\/files\/2017\/11\/Aula-dacollida.jpg\" \/>\n\t<meta property=\"og:image:width\" content=\"1000\" \/>\n\t<meta property=\"og:image:height\" content=\"587\" \/>\n\t<meta property=\"og:image:type\" content=\"image\/jpeg\" \/>\n<meta name=\"author\" content=\"webmolina\" \/>\n<meta name=\"twitter:label1\" content=\"Escrito por\" \/>\n\t<meta name=\"twitter:data1\" content=\"webmolina\" \/>\n\t<meta name=\"twitter:label2\" content=\"Tiempo de lectura\" \/>\n\t<meta name=\"twitter:data2\" content=\"1 minuto\" \/>\n<script type=\"application\/ld+json\" class=\"yoast-schema-graph\">{\"@context\":\"https:\/\/schema.org\",\"@graph\":[{\"@type\":\"Article\",\"@id\":\"https:\/\/centresmolina.com\/centreensenyament\/es\/2017\/11\/28\/la-nostra-aula-dacollida\/#article\",\"isPartOf\":{\"@id\":\"https:\/\/centresmolina.com\/centreensenyament\/es\/2017\/11\/28\/la-nostra-aula-dacollida\/\"},\"author\":{\"name\":\"webmolina\",\"@id\":\"https:\/\/centresmolina.com\/centreensenyament\/#\/schema\/person\/308d85d274adff04b5c51d47e8aff6cc\"},\"headline\":\"Nuestra Aula de Acogida\",\"datePublished\":\"2017-11-28T11:24:01+00:00\",\"dateModified\":\"2017-12-02T11:46:44+00:00\",\"mainEntityOfPage\":{\"@id\":\"https:\/\/centresmolina.com\/centreensenyament\/es\/2017\/11\/28\/la-nostra-aula-dacollida\/\"},\"wordCount\":136,\"commentCount\":0,\"image\":{\"@id\":\"https:\/\/centresmolina.com\/centreensenyament\/es\/2017\/11\/28\/la-nostra-aula-dacollida\/#primaryimage\"},\"thumbnailUrl\":\"https:\/\/centresmolina.com\/centreensenyament\/files\/2017\/11\/Aula-dacollida.jpg\",\"keywords\":[\"3r ESO @es\",\"Aula d&#8217;acollida\",\"educaci\u00f3 secund\u00e0ria obligat\u00f2ria @es\",\"Escola Molina @es\",\"estil propi @es\",\"formaci\u00f3 @es\",\"Molina @es\",\"pedagogia @es\"],\"articleSection\":[\"Noticias\"],\"inLanguage\":\"es\",\"potentialAction\":[{\"@type\":\"CommentAction\",\"name\":\"Comment\",\"target\":[\"https:\/\/centresmolina.com\/centreensenyament\/es\/2017\/11\/28\/la-nostra-aula-dacollida\/#respond\"]}]},{\"@type\":\"WebPage\",\"@id\":\"https:\/\/centresmolina.com\/centreensenyament\/es\/2017\/11\/28\/la-nostra-aula-dacollida\/\",\"url\":\"https:\/\/centresmolina.com\/centreensenyament\/es\/2017\/11\/28\/la-nostra-aula-dacollida\/\",\"name\":\"Nuestra Aula de Acogida - Centros de ense\u00f1anza\",\"isPartOf\":{\"@id\":\"https:\/\/centresmolina.com\/centreensenyament\/#website\"},\"primaryImageOfPage\":{\"@id\":\"https:\/\/centresmolina.com\/centreensenyament\/es\/2017\/11\/28\/la-nostra-aula-dacollida\/#primaryimage\"},\"image\":{\"@id\":\"https:\/\/centresmolina.com\/centreensenyament\/es\/2017\/11\/28\/la-nostra-aula-dacollida\/#primaryimage\"},\"thumbnailUrl\":\"https:\/\/centresmolina.com\/centreensenyament\/files\/2017\/11\/Aula-dacollida.jpg\",\"datePublished\":\"2017-11-28T11:24:01+00:00\",\"dateModified\":\"2017-12-02T11:46:44+00:00\",\"author\":{\"@id\":\"https:\/\/centresmolina.com\/centreensenyament\/#\/schema\/person\/308d85d274adff04b5c51d47e8aff6cc\"},\"breadcrumb\":{\"@id\":\"https:\/\/centresmolina.com\/centreensenyament\/es\/2017\/11\/28\/la-nostra-aula-dacollida\/#breadcrumb\"},\"inLanguage\":\"es\",\"potentialAction\":[{\"@type\":\"ReadAction\",\"target\":[\"https:\/\/centresmolina.com\/centreensenyament\/es\/2017\/11\/28\/la-nostra-aula-dacollida\/\"]}]},{\"@type\":\"ImageObject\",\"inLanguage\":\"es\",\"@id\":\"https:\/\/centresmolina.com\/centreensenyament\/es\/2017\/11\/28\/la-nostra-aula-dacollida\/#primaryimage\",\"url\":\"https:\/\/centresmolina.com\/centreensenyament\/files\/2017\/11\/Aula-dacollida.jpg\",\"contentUrl\":\"https:\/\/centresmolina.com\/centreensenyament\/files\/2017\/11\/Aula-dacollida.jpg\",\"width\":1000,\"height\":587},{\"@type\":\"BreadcrumbList\",\"@id\":\"https:\/\/centresmolina.com\/centreensenyament\/es\/2017\/11\/28\/la-nostra-aula-dacollida\/#breadcrumb\",\"itemListElement\":[{\"@type\":\"ListItem\",\"position\":1,\"name\":\"Portada\",\"item\":\"https:\/\/centresmolina.com\/centreensenyament\/es\/\"},{\"@type\":\"ListItem\",\"position\":2,\"name\":\"Nuestra Aula de Acogida\"}]},{\"@type\":\"WebSite\",\"@id\":\"https:\/\/centresmolina.com\/centreensenyament\/#website\",\"url\":\"https:\/\/centresmolina.com\/centreensenyament\/\",\"name\":\"Centros de ense\u00f1anza\",\"description\":\"Centres Molina - Centros de ense\u00f1anza\",\"potentialAction\":[{\"@type\":\"SearchAction\",\"target\":{\"@type\":\"EntryPoint\",\"urlTemplate\":\"https:\/\/centresmolina.com\/centreensenyament\/?s={search_term_string}\"},\"query-input\":{\"@type\":\"PropertyValueSpecification\",\"valueRequired\":true,\"valueName\":\"search_term_string\"}}],\"inLanguage\":\"es\"},{\"@type\":\"Person\",\"@id\":\"https:\/\/centresmolina.com\/centreensenyament\/#\/schema\/person\/308d85d274adff04b5c51d47e8aff6cc\",\"name\":\"webmolina\",\"image\":{\"@type\":\"ImageObject\",\"inLanguage\":\"es\",\"@id\":\"https:\/\/secure.gravatar.com\/avatar\/38db407e1ab9b284bf45e3bff4ec5cf1e034e364f09b2ee054619614662a717b?s=96&d=mm&r=g\",\"url\":\"https:\/\/secure.gravatar.com\/avatar\/38db407e1ab9b284bf45e3bff4ec5cf1e034e364f09b2ee054619614662a717b?s=96&d=mm&r=g\",\"contentUrl\":\"https:\/\/secure.gravatar.com\/avatar\/38db407e1ab9b284bf45e3bff4ec5cf1e034e364f09b2ee054619614662a717b?s=96&d=mm&r=g\",\"caption\":\"webmolina\"},\"url\":\"https:\/\/centresmolina.com\/centreensenyament\/es\/author\/webmolina\/\"}]}<\/script>\n<!-- \/ Yoast SEO plugin. -->","yoast_head_json":{"title":"Nuestra Aula de Acogida - Centros de ense\u00f1anza","robots":{"index":"index","follow":"follow","max-snippet":"max-snippet:-1","max-image-preview":"max-image-preview:large","max-video-preview":"max-video-preview:-1"},"canonical":"https:\/\/centresmolina.com\/centreensenyament\/es\/2017\/11\/28\/la-nostra-aula-dacollida\/","og_locale":"es_ES","og_type":"article","og_title":"Nuestra Aula de Acogida - Centros de ense\u00f1anza","og_description":"El aula de acogida de nuestra escuela se convierte en un punto de referencia y un marco de trabajo abierto...","og_url":"https:\/\/centresmolina.com\/centreensenyament\/es\/2017\/11\/28\/la-nostra-aula-dacollida\/","og_site_name":"Centros de ense\u00f1anza","article_published_time":"2017-11-28T11:24:01+00:00","article_modified_time":"2017-12-02T11:46:44+00:00","og_image":[{"width":1000,"height":587,"url":"https:\/\/centresmolina.com\/centreensenyament\/files\/2017\/11\/Aula-dacollida.jpg","type":"image\/jpeg"}],"author":"webmolina","twitter_misc":{"Escrito por":"webmolina","Tiempo de lectura":"1 minuto"},"schema":{"@context":"https:\/\/schema.org","@graph":[{"@type":"Article","@id":"https:\/\/centresmolina.com\/centreensenyament\/es\/2017\/11\/28\/la-nostra-aula-dacollida\/#article","isPartOf":{"@id":"https:\/\/centresmolina.com\/centreensenyament\/es\/2017\/11\/28\/la-nostra-aula-dacollida\/"},"author":{"name":"webmolina","@id":"https:\/\/centresmolina.com\/centreensenyament\/#\/schema\/person\/308d85d274adff04b5c51d47e8aff6cc"},"headline":"Nuestra Aula de Acogida","datePublished":"2017-11-28T11:24:01+00:00","dateModified":"2017-12-02T11:46:44+00:00","mainEntityOfPage":{"@id":"https:\/\/centresmolina.com\/centreensenyament\/es\/2017\/11\/28\/la-nostra-aula-dacollida\/"},"wordCount":136,"commentCount":0,"image":{"@id":"https:\/\/centresmolina.com\/centreensenyament\/es\/2017\/11\/28\/la-nostra-aula-dacollida\/#primaryimage"},"thumbnailUrl":"https:\/\/centresmolina.com\/centreensenyament\/files\/2017\/11\/Aula-dacollida.jpg","keywords":["3r ESO @es","Aula d&#8217;acollida","educaci\u00f3 secund\u00e0ria obligat\u00f2ria @es","Escola Molina @es","estil propi @es","formaci\u00f3 @es","Molina @es","pedagogia @es"],"articleSection":["Noticias"],"inLanguage":"es","potentialAction":[{"@type":"CommentAction","name":"Comment","target":["https:\/\/centresmolina.com\/centreensenyament\/es\/2017\/11\/28\/la-nostra-aula-dacollida\/#respond"]}]},{"@type":"WebPage","@id":"https:\/\/centresmolina.com\/centreensenyament\/es\/2017\/11\/28\/la-nostra-aula-dacollida\/","url":"https:\/\/centresmolina.com\/centreensenyament\/es\/2017\/11\/28\/la-nostra-aula-dacollida\/","name":"Nuestra Aula de Acogida - Centros de ense\u00f1anza","isPartOf":{"@id":"https:\/\/centresmolina.com\/centreensenyament\/#website"},"primaryImageOfPage":{"@id":"https:\/\/centresmolina.com\/centreensenyament\/es\/2017\/11\/28\/la-nostra-aula-dacollida\/#primaryimage"},"image":{"@id":"https:\/\/centresmolina.com\/centreensenyament\/es\/2017\/11\/28\/la-nostra-aula-dacollida\/#primaryimage"},"thumbnailUrl":"https:\/\/centresmolina.com\/centreensenyament\/files\/2017\/11\/Aula-dacollida.jpg","datePublished":"2017-11-28T11:24:01+00:00","dateModified":"2017-12-02T11:46:44+00:00","author":{"@id":"https:\/\/centresmolina.com\/centreensenyament\/#\/schema\/person\/308d85d274adff04b5c51d47e8aff6cc"},"breadcrumb":{"@id":"https:\/\/centresmolina.com\/centreensenyament\/es\/2017\/11\/28\/la-nostra-aula-dacollida\/#breadcrumb"},"inLanguage":"es","potentialAction":[{"@type":"ReadAction","target":["https:\/\/centresmolina.com\/centreensenyament\/es\/2017\/11\/28\/la-nostra-aula-dacollida\/"]}]},{"@type":"ImageObject","inLanguage":"es","@id":"https:\/\/centresmolina.com\/centreensenyament\/es\/2017\/11\/28\/la-nostra-aula-dacollida\/#primaryimage","url":"https:\/\/centresmolina.com\/centreensenyament\/files\/2017\/11\/Aula-dacollida.jpg","contentUrl":"https:\/\/centresmolina.com\/centreensenyament\/files\/2017\/11\/Aula-dacollida.jpg","width":1000,"height":587},{"@type":"BreadcrumbList","@id":"https:\/\/centresmolina.com\/centreensenyament\/es\/2017\/11\/28\/la-nostra-aula-dacollida\/#breadcrumb","itemListElement":[{"@type":"ListItem","position":1,"name":"Portada","item":"https:\/\/centresmolina.com\/centreensenyament\/es\/"},{"@type":"ListItem","position":2,"name":"Nuestra Aula de Acogida"}]},{"@type":"WebSite","@id":"https:\/\/centresmolina.com\/centreensenyament\/#website","url":"https:\/\/centresmolina.com\/centreensenyament\/","name":"Centros de ense\u00f1anza","description":"Centres Molina - Centros de ense\u00f1anza","potentialAction":[{"@type":"SearchAction","target":{"@type":"EntryPoint","urlTemplate":"https:\/\/centresmolina.com\/centreensenyament\/?s={search_term_string}"},"query-input":{"@type":"PropertyValueSpecification","valueRequired":true,"valueName":"search_term_string"}}],"inLanguage":"es"},{"@type":"Person","@id":"https:\/\/centresmolina.com\/centreensenyament\/#\/schema\/person\/308d85d274adff04b5c51d47e8aff6cc","name":"webmolina","image":{"@type":"ImageObject","inLanguage":"es","@id":"https:\/\/secure.gravatar.com\/avatar\/38db407e1ab9b284bf45e3bff4ec5cf1e034e364f09b2ee054619614662a717b?s=96&d=mm&r=g","url":"https:\/\/secure.gravatar.com\/avatar\/38db407e1ab9b284bf45e3bff4ec5cf1e034e364f09b2ee054619614662a717b?s=96&d=mm&r=g","contentUrl":"https:\/\/secure.gravatar.com\/avatar\/38db407e1ab9b284bf45e3bff4ec5cf1e034e364f09b2ee054619614662a717b?s=96&d=mm&r=g","caption":"webmolina"},"url":"https:\/\/centresmolina.com\/centreensenyament\/es\/author\/webmolina\/"}]}},"_links":{"self":[{"href":"https:\/\/centresmolina.com\/centreensenyament\/es\/wp-json\/wp\/v2\/posts\/6215\/"}],"collection":[{"href":"https:\/\/centresmolina.com\/centreensenyament\/es\/wp-json\/wp\/v2\/posts\/"}],"about":[{"href":"https:\/\/centresmolina.com\/centreensenyament\/es\/wp-json\/wp\/v2\/types\/post\/"}],"author":[{"embeddable":true,"href":"https:\/\/centresmolina.com\/centreensenyament\/es\/wp-json\/wp\/v2\/users\/3\/"}],"replies":[{"embeddable":true,"href":"https:\/\/centresmolina.com\/centreensenyament\/es\/wp-json\/wp\/v2\/comments\/?post=6215"}],"version-history":[{"count":3,"href":"https:\/\/centresmolina.com\/centreensenyament\/es\/wp-json\/wp\/v2\/posts\/6215\/revisions\/"}],"predecessor-version":[{"id":6219,"href":"https:\/\/centresmolina.com\/centreensenyament\/es\/wp-json\/wp\/v2\/posts\/6215\/revisions\/6219\/"}],"wp:featuredmedia":[{"embeddable":true,"href":"https:\/\/centresmolina.com\/centreensenyament\/es\/wp-json\/wp\/v2\/media\/6223\/"}],"wp:attachment":[{"href":"https:\/\/centresmolina.com\/centreensenyament\/es\/wp-json\/wp\/v2\/media\/?parent=6215"}],"wp:term":[{"taxonomy":"category","embeddable":true,"href":"https:\/\/centresmolina.com\/centreensenyament\/es\/wp-json\/wp\/v2\/categories\/?post=6215"},{"taxonomy":"post_tag","embeddable":true,"href":"https:\/\/centresmolina.com\/centreensenyament\/es\/wp-json\/wp\/v2\/tags\/?post=6215"}],"curies":[{"name":"wp","href":"https:\/\/api.w.org\/{rel}","templated":true}]}}