{"id":6498,"date":"2017-12-21T20:48:06","date_gmt":"2017-12-21T20:48:06","guid":{"rendered":"http:\/\/centresmolina.com\/centreensenyament\/2017\/12\/21\/treballem-els-drets-dels-infants\/"},"modified":"2017-12-21T20:59:12","modified_gmt":"2017-12-21T20:59:12","slug":"treballem-els-drets-dels-infants","status":"publish","type":"post","link":"https:\/\/centresmolina.com\/centreensenyament\/es\/2017\/12\/21\/treballem-els-drets-dels-infants\/","title":{"rendered":"TRABAJAMOS LOS DERECHOS DEL NI\u00d1O"},"content":{"rendered":"<p>Despu\u00e9s de que el profesor Benito llevara al Cineforum \u00abUn puente hacia Terabithia\u00bb al alumnado de 1\u00ba de ESO, hemos trabajado en el aula y hemos hecho reflexiones sobre los Derechos del Ni\u00f1os:<\/p>\n<ul>\n<li>Derecho de todos los ni\u00f1os a disfrutar del juego y del ocio.<\/li>\n<li>Derecho de los ni\u00f1os a vivir sus ilusiones y desarrollarlas en su tiempo libre.<\/li>\n<li>Derecho de los ni\u00f1os al ocio, al juego y la participaci\u00f3n en actividades culturales y art\u00edsticas.<\/li>\n<\/ul>\n\n\t\t<style type=\"text\/css\">\n\t\t\t#gallery-1 {\n\t\t\t\tmargin: auto;\n\t\t\t}\n\t\t\t#gallery-1 .gallery-item {\n\t\t\t\tfloat: left;\n\t\t\t\tmargin-top: 10px;\n\t\t\t\ttext-align: center;\n\t\t\t\twidth: 50%;\n\t\t\t}\n\t\t\t#gallery-1 img {\n\t\t\t\tborder: 2px solid #cfcfcf;\n\t\t\t}\n\t\t\t#gallery-1 .gallery-caption {\n\t\t\t\tmargin-left: 0;\n\t\t\t}\n\t\t\t\/* see gallery_shortcode() in wp-includes\/media.php *\/\n\t\t<\/style>\n\t\t<div id='gallery-1' class='gallery galleryid-6498 gallery-columns-2 gallery-size-full'><dl class='gallery-item'>\n\t\t\t<dt class='gallery-icon landscape'>\n\t\t\t\t<a href='https:\/\/centresmolina.com\/centreensenyament\/files\/2017\/12\/Drets-Infants-1ESO-1.jpg'><img loading=\"lazy\" decoding=\"async\" width=\"1280\" height=\"922\" src=\"https:\/\/centresmolina.com\/centreensenyament\/files\/2017\/12\/Drets-Infants-1ESO-1.jpg\" class=\"attachment-full size-full\" alt=\"\" srcset=\"https:\/\/centresmolina.com\/centreensenyament\/files\/2017\/12\/Drets-Infants-1ESO-1.jpg 1280w, https:\/\/centresmolina.com\/centreensenyament\/files\/2017\/12\/Drets-Infants-1ESO-1-300x216.jpg 300w, https:\/\/centresmolina.com\/centreensenyament\/files\/2017\/12\/Drets-Infants-1ESO-1-768x553.jpg 768w, https:\/\/centresmolina.com\/centreensenyament\/files\/2017\/12\/Drets-Infants-1ESO-1-1024x738.jpg 1024w\" sizes=\"auto, (max-width: 1280px) 100vw, 1280px\" \/><\/a>\n\t\t\t<\/dt><\/dl><dl class='gallery-item'>\n\t\t\t<dt class='gallery-icon landscape'>\n\t\t\t\t<a href='https:\/\/centresmolina.com\/centreensenyament\/files\/2017\/12\/Drets-Infants-1ESO-2.jpg'><img loading=\"lazy\" decoding=\"async\" width=\"1280\" height=\"935\" src=\"https:\/\/centresmolina.com\/centreensenyament\/files\/2017\/12\/Drets-Infants-1ESO-2.jpg\" class=\"attachment-full size-full\" alt=\"\" srcset=\"https:\/\/centresmolina.com\/centreensenyament\/files\/2017\/12\/Drets-Infants-1ESO-2.jpg 1280w, https:\/\/centresmolina.com\/centreensenyament\/files\/2017\/12\/Drets-Infants-1ESO-2-300x219.jpg 300w, https:\/\/centresmolina.com\/centreensenyament\/files\/2017\/12\/Drets-Infants-1ESO-2-768x561.jpg 768w, https:\/\/centresmolina.com\/centreensenyament\/files\/2017\/12\/Drets-Infants-1ESO-2-1024x748.jpg 1024w\" sizes=\"auto, (max-width: 1280px) 100vw, 1280px\" \/><\/a>\n\t\t\t<\/dt><\/dl><br style=\"clear: both\" \/><dl class='gallery-item'>\n\t\t\t<dt class='gallery-icon landscape'>\n\t\t\t\t<a href='https:\/\/centresmolina.com\/centreensenyament\/files\/2017\/12\/Drets-Infants-1ESO-3.jpg'><img loading=\"lazy\" decoding=\"async\" width=\"1280\" height=\"960\" src=\"https:\/\/centresmolina.com\/centreensenyament\/files\/2017\/12\/Drets-Infants-1ESO-3.jpg\" class=\"attachment-full size-full\" alt=\"\" srcset=\"https:\/\/centresmolina.com\/centreensenyament\/files\/2017\/12\/Drets-Infants-1ESO-3.jpg 1280w, https:\/\/centresmolina.com\/centreensenyament\/files\/2017\/12\/Drets-Infants-1ESO-3-300x225.jpg 300w, https:\/\/centresmolina.com\/centreensenyament\/files\/2017\/12\/Drets-Infants-1ESO-3-768x576.jpg 768w, https:\/\/centresmolina.com\/centreensenyament\/files\/2017\/12\/Drets-Infants-1ESO-3-1024x768.jpg 1024w\" sizes=\"auto, (max-width: 1280px) 100vw, 1280px\" \/><\/a>\n\t\t\t<\/dt><\/dl><dl class='gallery-item'>\n\t\t\t<dt class='gallery-icon landscape'>\n\t\t\t\t<a href='https:\/\/centresmolina.com\/centreensenyament\/files\/2017\/12\/Drets-Infants-1ESO-4.jpg'><img loading=\"lazy\" decoding=\"async\" width=\"1280\" height=\"960\" src=\"https:\/\/centresmolina.com\/centreensenyament\/files\/2017\/12\/Drets-Infants-1ESO-4.jpg\" class=\"attachment-full size-full\" alt=\"\" srcset=\"https:\/\/centresmolina.com\/centreensenyament\/files\/2017\/12\/Drets-Infants-1ESO-4.jpg 1280w, https:\/\/centresmolina.com\/centreensenyament\/files\/2017\/12\/Drets-Infants-1ESO-4-300x225.jpg 300w, https:\/\/centresmolina.com\/centreensenyament\/files\/2017\/12\/Drets-Infants-1ESO-4-768x576.jpg 768w, https:\/\/centresmolina.com\/centreensenyament\/files\/2017\/12\/Drets-Infants-1ESO-4-1024x768.jpg 1024w\" sizes=\"auto, (max-width: 1280px) 100vw, 1280px\" \/><\/a>\n\t\t\t<\/dt><\/dl><br style=\"clear: both\" \/><dl class='gallery-item'>\n\t\t\t<dt class='gallery-icon landscape'>\n\t\t\t\t<a href='https:\/\/centresmolina.com\/centreensenyament\/files\/2017\/12\/Drets-Infants-1ESO-5.jpg'><img loading=\"lazy\" decoding=\"async\" width=\"1280\" height=\"896\" src=\"https:\/\/centresmolina.com\/centreensenyament\/files\/2017\/12\/Drets-Infants-1ESO-5.jpg\" class=\"attachment-full size-full\" alt=\"\" srcset=\"https:\/\/centresmolina.com\/centreensenyament\/files\/2017\/12\/Drets-Infants-1ESO-5.jpg 1280w, https:\/\/centresmolina.com\/centreensenyament\/files\/2017\/12\/Drets-Infants-1ESO-5-300x210.jpg 300w, https:\/\/centresmolina.com\/centreensenyament\/files\/2017\/12\/Drets-Infants-1ESO-5-768x538.jpg 768w, https:\/\/centresmolina.com\/centreensenyament\/files\/2017\/12\/Drets-Infants-1ESO-5-1024x717.jpg 1024w\" sizes=\"auto, (max-width: 1280px) 100vw, 1280px\" \/><\/a>\n\t\t\t<\/dt><\/dl><dl class='gallery-item'>\n\t\t\t<dt class='gallery-icon landscape'>\n\t\t\t\t<a href='https:\/\/centresmolina.com\/centreensenyament\/files\/2017\/12\/Drets-Infants-1ESO-6.jpg'><img loading=\"lazy\" decoding=\"async\" width=\"1280\" height=\"960\" src=\"https:\/\/centresmolina.com\/centreensenyament\/files\/2017\/12\/Drets-Infants-1ESO-6.jpg\" class=\"attachment-full size-full\" alt=\"\" srcset=\"https:\/\/centresmolina.com\/centreensenyament\/files\/2017\/12\/Drets-Infants-1ESO-6.jpg 1280w, https:\/\/centresmolina.com\/centreensenyament\/files\/2017\/12\/Drets-Infants-1ESO-6-300x225.jpg 300w, https:\/\/centresmolina.com\/centreensenyament\/files\/2017\/12\/Drets-Infants-1ESO-6-768x576.jpg 768w, https:\/\/centresmolina.com\/centreensenyament\/files\/2017\/12\/Drets-Infants-1ESO-6-1024x768.jpg 1024w\" sizes=\"auto, (max-width: 1280px) 100vw, 1280px\" \/><\/a>\n\t\t\t<\/dt><\/dl><br style=\"clear: both\" \/><dl class='gallery-item'>\n\t\t\t<dt class='gallery-icon landscape'>\n\t\t\t\t<a href='https:\/\/centresmolina.com\/centreensenyament\/files\/2017\/12\/Drets-Infants-1ESO-7.jpg'><img loading=\"lazy\" decoding=\"async\" width=\"1280\" height=\"921\" src=\"https:\/\/centresmolina.com\/centreensenyament\/files\/2017\/12\/Drets-Infants-1ESO-7.jpg\" class=\"attachment-full size-full\" alt=\"\" srcset=\"https:\/\/centresmolina.com\/centreensenyament\/files\/2017\/12\/Drets-Infants-1ESO-7.jpg 1280w, https:\/\/centresmolina.com\/centreensenyament\/files\/2017\/12\/Drets-Infants-1ESO-7-300x216.jpg 300w, https:\/\/centresmolina.com\/centreensenyament\/files\/2017\/12\/Drets-Infants-1ESO-7-768x553.jpg 768w, https:\/\/centresmolina.com\/centreensenyament\/files\/2017\/12\/Drets-Infants-1ESO-7-1024x737.jpg 1024w\" sizes=\"auto, (max-width: 1280px) 100vw, 1280px\" \/><\/a>\n\t\t\t<\/dt><\/dl><dl class='gallery-item'>\n\t\t\t<dt class='gallery-icon landscape'>\n\t\t\t\t<a href='https:\/\/centresmolina.com\/centreensenyament\/files\/2017\/12\/Drets-Infants-1ESO-8.jpg'><img loading=\"lazy\" decoding=\"async\" width=\"1280\" height=\"890\" src=\"https:\/\/centresmolina.com\/centreensenyament\/files\/2017\/12\/Drets-Infants-1ESO-8.jpg\" class=\"attachment-full size-full\" alt=\"\" srcset=\"https:\/\/centresmolina.com\/centreensenyament\/files\/2017\/12\/Drets-Infants-1ESO-8.jpg 1280w, https:\/\/centresmolina.com\/centreensenyament\/files\/2017\/12\/Drets-Infants-1ESO-8-300x209.jpg 300w, https:\/\/centresmolina.com\/centreensenyament\/files\/2017\/12\/Drets-Infants-1ESO-8-768x534.jpg 768w, https:\/\/centresmolina.com\/centreensenyament\/files\/2017\/12\/Drets-Infants-1ESO-8-1024x712.jpg 1024w\" sizes=\"auto, (max-width: 1280px) 100vw, 1280px\" \/><\/a>\n\t\t\t<\/dt><\/dl><br style=\"clear: both\" \/><dl class='gallery-item'>\n\t\t\t<dt class='gallery-icon landscape'>\n\t\t\t\t<a href='https:\/\/centresmolina.com\/centreensenyament\/files\/2017\/12\/Drets-Infants-1ESO-9.jpg'><img loading=\"lazy\" decoding=\"async\" width=\"1280\" height=\"877\" src=\"https:\/\/centresmolina.com\/centreensenyament\/files\/2017\/12\/Drets-Infants-1ESO-9.jpg\" class=\"attachment-full size-full\" alt=\"\" srcset=\"https:\/\/centresmolina.com\/centreensenyament\/files\/2017\/12\/Drets-Infants-1ESO-9.jpg 1280w, https:\/\/centresmolina.com\/centreensenyament\/files\/2017\/12\/Drets-Infants-1ESO-9-300x206.jpg 300w, https:\/\/centresmolina.com\/centreensenyament\/files\/2017\/12\/Drets-Infants-1ESO-9-768x526.jpg 768w, https:\/\/centresmolina.com\/centreensenyament\/files\/2017\/12\/Drets-Infants-1ESO-9-1024x702.jpg 1024w\" sizes=\"auto, (max-width: 1280px) 100vw, 1280px\" \/><\/a>\n\t\t\t<\/dt><\/dl><dl class='gallery-item'>\n\t\t\t<dt class='gallery-icon landscape'>\n\t\t\t\t<a href='https:\/\/centresmolina.com\/centreensenyament\/files\/2017\/12\/Drets-Infants-1ESO-10.jpg'><img loading=\"lazy\" decoding=\"async\" width=\"1280\" height=\"901\" src=\"https:\/\/centresmolina.com\/centreensenyament\/files\/2017\/12\/Drets-Infants-1ESO-10.jpg\" class=\"attachment-full size-full\" alt=\"\" srcset=\"https:\/\/centresmolina.com\/centreensenyament\/files\/2017\/12\/Drets-Infants-1ESO-10.jpg 1280w, https:\/\/centresmolina.com\/centreensenyament\/files\/2017\/12\/Drets-Infants-1ESO-10-300x211.jpg 300w, https:\/\/centresmolina.com\/centreensenyament\/files\/2017\/12\/Drets-Infants-1ESO-10-768x541.jpg 768w, https:\/\/centresmolina.com\/centreensenyament\/files\/2017\/12\/Drets-Infants-1ESO-10-1024x721.jpg 1024w\" sizes=\"auto, (max-width: 1280px) 100vw, 1280px\" \/><\/a>\n\t\t\t<\/dt><\/dl><br style=\"clear: both\" \/><dl class='gallery-item'>\n\t\t\t<dt class='gallery-icon landscape'>\n\t\t\t\t<a href='https:\/\/centresmolina.com\/centreensenyament\/files\/2017\/12\/Drets-Infants-1ESO-11.jpg'><img loading=\"lazy\" decoding=\"async\" width=\"1280\" height=\"896\" src=\"https:\/\/centresmolina.com\/centreensenyament\/files\/2017\/12\/Drets-Infants-1ESO-11.jpg\" class=\"attachment-full size-full\" alt=\"\" srcset=\"https:\/\/centresmolina.com\/centreensenyament\/files\/2017\/12\/Drets-Infants-1ESO-11.jpg 1280w, https:\/\/centresmolina.com\/centreensenyament\/files\/2017\/12\/Drets-Infants-1ESO-11-300x210.jpg 300w, https:\/\/centresmolina.com\/centreensenyament\/files\/2017\/12\/Drets-Infants-1ESO-11-768x538.jpg 768w, https:\/\/centresmolina.com\/centreensenyament\/files\/2017\/12\/Drets-Infants-1ESO-11-1024x717.jpg 1024w\" sizes=\"auto, (max-width: 1280px) 100vw, 1280px\" \/><\/a>\n\t\t\t<\/dt><\/dl>\n\t\t\t<br style='clear: both' \/>\n\t\t<\/div>\n\n<p>Por otra parte, el alumnado de 3\u00ba de ESO fueron al Cineforum \u00abLos Colores de la monta\u00f1a\u00bb, y he aqu\u00ed sus trabajos:<\/p>\n\n\t\t<style type=\"text\/css\">\n\t\t\t#gallery-2 {\n\t\t\t\tmargin: auto;\n\t\t\t}\n\t\t\t#gallery-2 .gallery-item {\n\t\t\t\tfloat: left;\n\t\t\t\tmargin-top: 10px;\n\t\t\t\ttext-align: center;\n\t\t\t\twidth: 100%;\n\t\t\t}\n\t\t\t#gallery-2 img {\n\t\t\t\tborder: 2px solid #cfcfcf;\n\t\t\t}\n\t\t\t#gallery-2 .gallery-caption {\n\t\t\t\tmargin-left: 0;\n\t\t\t}\n\t\t\t\/* see gallery_shortcode() in wp-includes\/media.php *\/\n\t\t<\/style>\n\t\t<div id='gallery-2' class='gallery galleryid-6498 gallery-columns-1 gallery-size-full'><dl class='gallery-item'>\n\t\t\t<dt class='gallery-icon landscape'>\n\t\t\t\t<a href='https:\/\/centresmolina.com\/centreensenyament\/files\/2017\/12\/Drets-Infants3r-ESO-1.jpg'><img loading=\"lazy\" decoding=\"async\" width=\"1280\" height=\"916\" src=\"https:\/\/centresmolina.com\/centreensenyament\/files\/2017\/12\/Drets-Infants3r-ESO-1.jpg\" class=\"attachment-full size-full\" alt=\"\" srcset=\"https:\/\/centresmolina.com\/centreensenyament\/files\/2017\/12\/Drets-Infants3r-ESO-1.jpg 1280w, https:\/\/centresmolina.com\/centreensenyament\/files\/2017\/12\/Drets-Infants3r-ESO-1-300x215.jpg 300w, https:\/\/centresmolina.com\/centreensenyament\/files\/2017\/12\/Drets-Infants3r-ESO-1-768x550.jpg 768w, https:\/\/centresmolina.com\/centreensenyament\/files\/2017\/12\/Drets-Infants3r-ESO-1-1024x733.jpg 1024w\" sizes=\"auto, (max-width: 1280px) 100vw, 1280px\" \/><\/a>\n\t\t\t<\/dt><\/dl><br style=\"clear: both\" \/><dl class='gallery-item'>\n\t\t\t<dt class='gallery-icon portrait'>\n\t\t\t\t<a href='https:\/\/centresmolina.com\/centreensenyament\/files\/2017\/12\/Drets-Infants3r-ESO-2.jpg'><img loading=\"lazy\" decoding=\"async\" width=\"1280\" height=\"1747\" src=\"https:\/\/centresmolina.com\/centreensenyament\/files\/2017\/12\/Drets-Infants3r-ESO-2.jpg\" class=\"attachment-full size-full\" alt=\"\" srcset=\"https:\/\/centresmolina.com\/centreensenyament\/files\/2017\/12\/Drets-Infants3r-ESO-2.jpg 1280w, https:\/\/centresmolina.com\/centreensenyament\/files\/2017\/12\/Drets-Infants3r-ESO-2-220x300.jpg 220w, https:\/\/centresmolina.com\/centreensenyament\/files\/2017\/12\/Drets-Infants3r-ESO-2-768x1048.jpg 768w, https:\/\/centresmolina.com\/centreensenyament\/files\/2017\/12\/Drets-Infants3r-ESO-2-750x1024.jpg 750w\" sizes=\"auto, (max-width: 1280px) 100vw, 1280px\" \/><\/a>\n\t\t\t<\/dt><\/dl><br style=\"clear: both\" \/><dl class='gallery-item'>\n\t\t\t<dt class='gallery-icon landscape'>\n\t\t\t\t<a href='https:\/\/centresmolina.com\/centreensenyament\/files\/2017\/12\/Drets-Infants3r-ESO-3.jpg'><img loading=\"lazy\" decoding=\"async\" width=\"1280\" height=\"967\" src=\"https:\/\/centresmolina.com\/centreensenyament\/files\/2017\/12\/Drets-Infants3r-ESO-3.jpg\" class=\"attachment-full size-full\" alt=\"\" srcset=\"https:\/\/centresmolina.com\/centreensenyament\/files\/2017\/12\/Drets-Infants3r-ESO-3.jpg 1280w, https:\/\/centresmolina.com\/centreensenyament\/files\/2017\/12\/Drets-Infants3r-ESO-3-300x227.jpg 300w, https:\/\/centresmolina.com\/centreensenyament\/files\/2017\/12\/Drets-Infants3r-ESO-3-768x580.jpg 768w, https:\/\/centresmolina.com\/centreensenyament\/files\/2017\/12\/Drets-Infants3r-ESO-3-1024x774.jpg 1024w\" sizes=\"auto, (max-width: 1280px) 100vw, 1280px\" \/><\/a>\n\t\t\t<\/dt><\/dl><br style=\"clear: both\" \/><dl class='gallery-item'>\n\t\t\t<dt class='gallery-icon landscape'>\n\t\t\t\t<a href='https:\/\/centresmolina.com\/centreensenyament\/files\/2017\/12\/Drets-Infants3r-ESO-4.jpg'><img loading=\"lazy\" decoding=\"async\" width=\"1280\" height=\"989\" src=\"https:\/\/centresmolina.com\/centreensenyament\/files\/2017\/12\/Drets-Infants3r-ESO-4.jpg\" class=\"attachment-full size-full\" alt=\"\" srcset=\"https:\/\/centresmolina.com\/centreensenyament\/files\/2017\/12\/Drets-Infants3r-ESO-4.jpg 1280w, https:\/\/centresmolina.com\/centreensenyament\/files\/2017\/12\/Drets-Infants3r-ESO-4-300x232.jpg 300w, https:\/\/centresmolina.com\/centreensenyament\/files\/2017\/12\/Drets-Infants3r-ESO-4-768x593.jpg 768w, https:\/\/centresmolina.com\/centreensenyament\/files\/2017\/12\/Drets-Infants3r-ESO-4-1024x791.jpg 1024w\" sizes=\"auto, (max-width: 1280px) 100vw, 1280px\" \/><\/a>\n\t\t\t<\/dt><\/dl><br style=\"clear: both\" \/><dl class='gallery-item'>\n\t\t\t<dt class='gallery-icon landscape'>\n\t\t\t\t<a href='https:\/\/centresmolina.com\/centreensenyament\/files\/2017\/12\/Drets-Infants3r-ESO-5.jpg'><img loading=\"lazy\" decoding=\"async\" width=\"1280\" height=\"996\" src=\"https:\/\/centresmolina.com\/centreensenyament\/files\/2017\/12\/Drets-Infants3r-ESO-5.jpg\" class=\"attachment-full size-full\" alt=\"\" srcset=\"https:\/\/centresmolina.com\/centreensenyament\/files\/2017\/12\/Drets-Infants3r-ESO-5.jpg 1280w, https:\/\/centresmolina.com\/centreensenyament\/files\/2017\/12\/Drets-Infants3r-ESO-5-300x233.jpg 300w, https:\/\/centresmolina.com\/centreensenyament\/files\/2017\/12\/Drets-Infants3r-ESO-5-768x598.jpg 768w, https:\/\/centresmolina.com\/centreensenyament\/files\/2017\/12\/Drets-Infants3r-ESO-5-1024x797.jpg 1024w\" sizes=\"auto, (max-width: 1280px) 100vw, 1280px\" \/><\/a>\n\t\t\t<\/dt><\/dl><br style=\"clear: both\" \/>\n\t\t<\/div>\n\n","protected":false},"excerpt":{"rendered":"<p>Despu\u00e9s de que el profesor Benito llevara al Cineforum \u00abUn puente hacia Terabithia\u00bb al alumnado de 1\u00ba de ESO, hemos&#8230;<\/p>\n","protected":false},"author":3,"featured_media":6501,"comment_status":"open","ping_status":"open","sticky":false,"template":"","format":"standard","meta":{"footnotes":""},"categories":[15],"tags":[104,111,75,62,64,70,60,23,61],"class_list":["post-6498","post","type-post","status-publish","format-standard","has-post-thumbnail","hentry","category-noticias-2","tag-1r-deso-es","tag-3r-eso-es","tag-desenvolupament-personal-i-academic-es","tag-educacio-es","tag-educacio-secundaria-obligatoria-es","tag-ensenyament-es","tag-escola-es","tag-escola-molina-es","tag-molina-es"],"yoast_head":"<!-- This site is optimized with the Yoast SEO plugin v27.2 - https:\/\/yoast.com\/product\/yoast-seo-wordpress\/ -->\n<title>TRABAJAMOS LOS DERECHOS DEL NI\u00d1O - Centros de ense\u00f1anza<\/title>\n<meta name=\"robots\" content=\"index, follow, max-snippet:-1, max-image-preview:large, max-video-preview:-1\" \/>\n<link rel=\"canonical\" href=\"https:\/\/centresmolina.com\/centreensenyament\/es\/2017\/12\/21\/treballem-els-drets-dels-infants\/\" \/>\n<meta property=\"og:locale\" content=\"es_ES\" \/>\n<meta property=\"og:type\" content=\"article\" \/>\n<meta property=\"og:title\" content=\"TRABAJAMOS LOS DERECHOS DEL NI\u00d1O - Centros de ense\u00f1anza\" \/>\n<meta property=\"og:description\" content=\"Despu\u00e9s de que el profesor Benito llevara al Cineforum \u00abUn puente hacia Terabithia\u00bb al alumnado de 1\u00ba de ESO, hemos...\" \/>\n<meta property=\"og:url\" content=\"https:\/\/centresmolina.com\/centreensenyament\/es\/2017\/12\/21\/treballem-els-drets-dels-infants\/\" \/>\n<meta property=\"og:site_name\" content=\"Centros de ense\u00f1anza\" \/>\n<meta property=\"article:published_time\" content=\"2017-12-21T20:48:06+00:00\" \/>\n<meta property=\"article:modified_time\" content=\"2017-12-21T20:59:12+00:00\" \/>\n<meta property=\"og:image\" content=\"https:\/\/centresmolina.com\/centreensenyament\/files\/2017\/12\/pont5.jpg\" \/>\n\t<meta property=\"og:image:width\" content=\"1200\" \/>\n\t<meta property=\"og:image:height\" content=\"639\" \/>\n\t<meta property=\"og:image:type\" content=\"image\/jpeg\" \/>\n<meta name=\"author\" content=\"webmolina\" \/>\n<meta name=\"twitter:label1\" content=\"Escrito por\" \/>\n\t<meta name=\"twitter:data1\" content=\"webmolina\" \/>\n\t<meta name=\"twitter:label2\" content=\"Tiempo de lectura\" \/>\n\t<meta name=\"twitter:data2\" content=\"1 minuto\" \/>\n<script type=\"application\/ld+json\" class=\"yoast-schema-graph\">{\"@context\":\"https:\/\/schema.org\",\"@graph\":[{\"@type\":\"Article\",\"@id\":\"https:\/\/centresmolina.com\/centreensenyament\/es\/2017\/12\/21\/treballem-els-drets-dels-infants\/#article\",\"isPartOf\":{\"@id\":\"https:\/\/centresmolina.com\/centreensenyament\/es\/2017\/12\/21\/treballem-els-drets-dels-infants\/\"},\"author\":{\"name\":\"webmolina\",\"@id\":\"https:\/\/centresmolina.com\/centreensenyament\/#\/schema\/person\/308d85d274adff04b5c51d47e8aff6cc\"},\"headline\":\"TRABAJAMOS LOS DERECHOS DEL NI\u00d1O\",\"datePublished\":\"2017-12-21T20:48:06+00:00\",\"dateModified\":\"2017-12-21T20:59:12+00:00\",\"mainEntityOfPage\":{\"@id\":\"https:\/\/centresmolina.com\/centreensenyament\/es\/2017\/12\/21\/treballem-els-drets-dels-infants\/\"},\"wordCount\":123,\"commentCount\":0,\"image\":{\"@id\":\"https:\/\/centresmolina.com\/centreensenyament\/es\/2017\/12\/21\/treballem-els-drets-dels-infants\/#primaryimage\"},\"thumbnailUrl\":\"https:\/\/centresmolina.com\/centreensenyament\/files\/2017\/12\/pont5.jpg\",\"keywords\":[\"1r d'ESO @es\",\"3r ESO @es\",\"desenvolupament personal i acad\u00e8mic @es\",\"educaci\u00f3 @es\",\"educaci\u00f3 secund\u00e0ria obligat\u00f2ria @es\",\"ensenyament @es\",\"Escola @es\",\"Escola Molina @es\",\"Molina @es\"],\"articleSection\":[\"Noticias\"],\"inLanguage\":\"es\",\"potentialAction\":[{\"@type\":\"CommentAction\",\"name\":\"Comment\",\"target\":[\"https:\/\/centresmolina.com\/centreensenyament\/es\/2017\/12\/21\/treballem-els-drets-dels-infants\/#respond\"]}]},{\"@type\":\"WebPage\",\"@id\":\"https:\/\/centresmolina.com\/centreensenyament\/es\/2017\/12\/21\/treballem-els-drets-dels-infants\/\",\"url\":\"https:\/\/centresmolina.com\/centreensenyament\/es\/2017\/12\/21\/treballem-els-drets-dels-infants\/\",\"name\":\"TRABAJAMOS LOS DERECHOS DEL NI\u00d1O - Centros de ense\u00f1anza\",\"isPartOf\":{\"@id\":\"https:\/\/centresmolina.com\/centreensenyament\/#website\"},\"primaryImageOfPage\":{\"@id\":\"https:\/\/centresmolina.com\/centreensenyament\/es\/2017\/12\/21\/treballem-els-drets-dels-infants\/#primaryimage\"},\"image\":{\"@id\":\"https:\/\/centresmolina.com\/centreensenyament\/es\/2017\/12\/21\/treballem-els-drets-dels-infants\/#primaryimage\"},\"thumbnailUrl\":\"https:\/\/centresmolina.com\/centreensenyament\/files\/2017\/12\/pont5.jpg\",\"datePublished\":\"2017-12-21T20:48:06+00:00\",\"dateModified\":\"2017-12-21T20:59:12+00:00\",\"author\":{\"@id\":\"https:\/\/centresmolina.com\/centreensenyament\/#\/schema\/person\/308d85d274adff04b5c51d47e8aff6cc\"},\"breadcrumb\":{\"@id\":\"https:\/\/centresmolina.com\/centreensenyament\/es\/2017\/12\/21\/treballem-els-drets-dels-infants\/#breadcrumb\"},\"inLanguage\":\"es\",\"potentialAction\":[{\"@type\":\"ReadAction\",\"target\":[\"https:\/\/centresmolina.com\/centreensenyament\/es\/2017\/12\/21\/treballem-els-drets-dels-infants\/\"]}]},{\"@type\":\"ImageObject\",\"inLanguage\":\"es\",\"@id\":\"https:\/\/centresmolina.com\/centreensenyament\/es\/2017\/12\/21\/treballem-els-drets-dels-infants\/#primaryimage\",\"url\":\"https:\/\/centresmolina.com\/centreensenyament\/files\/2017\/12\/pont5.jpg\",\"contentUrl\":\"https:\/\/centresmolina.com\/centreensenyament\/files\/2017\/12\/pont5.jpg\",\"width\":1200,\"height\":639},{\"@type\":\"BreadcrumbList\",\"@id\":\"https:\/\/centresmolina.com\/centreensenyament\/es\/2017\/12\/21\/treballem-els-drets-dels-infants\/#breadcrumb\",\"itemListElement\":[{\"@type\":\"ListItem\",\"position\":1,\"name\":\"Portada\",\"item\":\"https:\/\/centresmolina.com\/centreensenyament\/es\/\"},{\"@type\":\"ListItem\",\"position\":2,\"name\":\"TRABAJAMOS LOS DERECHOS DEL NI\u00d1O\"}]},{\"@type\":\"WebSite\",\"@id\":\"https:\/\/centresmolina.com\/centreensenyament\/#website\",\"url\":\"https:\/\/centresmolina.com\/centreensenyament\/\",\"name\":\"Centros de ense\u00f1anza\",\"description\":\"Centres Molina - Centros de ense\u00f1anza\",\"potentialAction\":[{\"@type\":\"SearchAction\",\"target\":{\"@type\":\"EntryPoint\",\"urlTemplate\":\"https:\/\/centresmolina.com\/centreensenyament\/?s={search_term_string}\"},\"query-input\":{\"@type\":\"PropertyValueSpecification\",\"valueRequired\":true,\"valueName\":\"search_term_string\"}}],\"inLanguage\":\"es\"},{\"@type\":\"Person\",\"@id\":\"https:\/\/centresmolina.com\/centreensenyament\/#\/schema\/person\/308d85d274adff04b5c51d47e8aff6cc\",\"name\":\"webmolina\",\"image\":{\"@type\":\"ImageObject\",\"inLanguage\":\"es\",\"@id\":\"https:\/\/secure.gravatar.com\/avatar\/38db407e1ab9b284bf45e3bff4ec5cf1e034e364f09b2ee054619614662a717b?s=96&d=mm&r=g\",\"url\":\"https:\/\/secure.gravatar.com\/avatar\/38db407e1ab9b284bf45e3bff4ec5cf1e034e364f09b2ee054619614662a717b?s=96&d=mm&r=g\",\"contentUrl\":\"https:\/\/secure.gravatar.com\/avatar\/38db407e1ab9b284bf45e3bff4ec5cf1e034e364f09b2ee054619614662a717b?s=96&d=mm&r=g\",\"caption\":\"webmolina\"},\"url\":\"https:\/\/centresmolina.com\/centreensenyament\/es\/author\/webmolina\/\"}]}<\/script>\n<!-- \/ Yoast SEO plugin. -->","yoast_head_json":{"title":"TRABAJAMOS LOS DERECHOS DEL NI\u00d1O - Centros de ense\u00f1anza","robots":{"index":"index","follow":"follow","max-snippet":"max-snippet:-1","max-image-preview":"max-image-preview:large","max-video-preview":"max-video-preview:-1"},"canonical":"https:\/\/centresmolina.com\/centreensenyament\/es\/2017\/12\/21\/treballem-els-drets-dels-infants\/","og_locale":"es_ES","og_type":"article","og_title":"TRABAJAMOS LOS DERECHOS DEL NI\u00d1O - Centros de ense\u00f1anza","og_description":"Despu\u00e9s de que el profesor Benito llevara al Cineforum \u00abUn puente hacia Terabithia\u00bb al alumnado de 1\u00ba de ESO, hemos...","og_url":"https:\/\/centresmolina.com\/centreensenyament\/es\/2017\/12\/21\/treballem-els-drets-dels-infants\/","og_site_name":"Centros de ense\u00f1anza","article_published_time":"2017-12-21T20:48:06+00:00","article_modified_time":"2017-12-21T20:59:12+00:00","og_image":[{"width":1200,"height":639,"url":"https:\/\/centresmolina.com\/centreensenyament\/files\/2017\/12\/pont5.jpg","type":"image\/jpeg"}],"author":"webmolina","twitter_misc":{"Escrito por":"webmolina","Tiempo de lectura":"1 minuto"},"schema":{"@context":"https:\/\/schema.org","@graph":[{"@type":"Article","@id":"https:\/\/centresmolina.com\/centreensenyament\/es\/2017\/12\/21\/treballem-els-drets-dels-infants\/#article","isPartOf":{"@id":"https:\/\/centresmolina.com\/centreensenyament\/es\/2017\/12\/21\/treballem-els-drets-dels-infants\/"},"author":{"name":"webmolina","@id":"https:\/\/centresmolina.com\/centreensenyament\/#\/schema\/person\/308d85d274adff04b5c51d47e8aff6cc"},"headline":"TRABAJAMOS LOS DERECHOS DEL NI\u00d1O","datePublished":"2017-12-21T20:48:06+00:00","dateModified":"2017-12-21T20:59:12+00:00","mainEntityOfPage":{"@id":"https:\/\/centresmolina.com\/centreensenyament\/es\/2017\/12\/21\/treballem-els-drets-dels-infants\/"},"wordCount":123,"commentCount":0,"image":{"@id":"https:\/\/centresmolina.com\/centreensenyament\/es\/2017\/12\/21\/treballem-els-drets-dels-infants\/#primaryimage"},"thumbnailUrl":"https:\/\/centresmolina.com\/centreensenyament\/files\/2017\/12\/pont5.jpg","keywords":["1r d'ESO @es","3r ESO @es","desenvolupament personal i acad\u00e8mic @es","educaci\u00f3 @es","educaci\u00f3 secund\u00e0ria obligat\u00f2ria @es","ensenyament @es","Escola @es","Escola Molina @es","Molina @es"],"articleSection":["Noticias"],"inLanguage":"es","potentialAction":[{"@type":"CommentAction","name":"Comment","target":["https:\/\/centresmolina.com\/centreensenyament\/es\/2017\/12\/21\/treballem-els-drets-dels-infants\/#respond"]}]},{"@type":"WebPage","@id":"https:\/\/centresmolina.com\/centreensenyament\/es\/2017\/12\/21\/treballem-els-drets-dels-infants\/","url":"https:\/\/centresmolina.com\/centreensenyament\/es\/2017\/12\/21\/treballem-els-drets-dels-infants\/","name":"TRABAJAMOS LOS DERECHOS DEL NI\u00d1O - Centros de ense\u00f1anza","isPartOf":{"@id":"https:\/\/centresmolina.com\/centreensenyament\/#website"},"primaryImageOfPage":{"@id":"https:\/\/centresmolina.com\/centreensenyament\/es\/2017\/12\/21\/treballem-els-drets-dels-infants\/#primaryimage"},"image":{"@id":"https:\/\/centresmolina.com\/centreensenyament\/es\/2017\/12\/21\/treballem-els-drets-dels-infants\/#primaryimage"},"thumbnailUrl":"https:\/\/centresmolina.com\/centreensenyament\/files\/2017\/12\/pont5.jpg","datePublished":"2017-12-21T20:48:06+00:00","dateModified":"2017-12-21T20:59:12+00:00","author":{"@id":"https:\/\/centresmolina.com\/centreensenyament\/#\/schema\/person\/308d85d274adff04b5c51d47e8aff6cc"},"breadcrumb":{"@id":"https:\/\/centresmolina.com\/centreensenyament\/es\/2017\/12\/21\/treballem-els-drets-dels-infants\/#breadcrumb"},"inLanguage":"es","potentialAction":[{"@type":"ReadAction","target":["https:\/\/centresmolina.com\/centreensenyament\/es\/2017\/12\/21\/treballem-els-drets-dels-infants\/"]}]},{"@type":"ImageObject","inLanguage":"es","@id":"https:\/\/centresmolina.com\/centreensenyament\/es\/2017\/12\/21\/treballem-els-drets-dels-infants\/#primaryimage","url":"https:\/\/centresmolina.com\/centreensenyament\/files\/2017\/12\/pont5.jpg","contentUrl":"https:\/\/centresmolina.com\/centreensenyament\/files\/2017\/12\/pont5.jpg","width":1200,"height":639},{"@type":"BreadcrumbList","@id":"https:\/\/centresmolina.com\/centreensenyament\/es\/2017\/12\/21\/treballem-els-drets-dels-infants\/#breadcrumb","itemListElement":[{"@type":"ListItem","position":1,"name":"Portada","item":"https:\/\/centresmolina.com\/centreensenyament\/es\/"},{"@type":"ListItem","position":2,"name":"TRABAJAMOS LOS DERECHOS DEL NI\u00d1O"}]},{"@type":"WebSite","@id":"https:\/\/centresmolina.com\/centreensenyament\/#website","url":"https:\/\/centresmolina.com\/centreensenyament\/","name":"Centros de ense\u00f1anza","description":"Centres Molina - Centros de ense\u00f1anza","potentialAction":[{"@type":"SearchAction","target":{"@type":"EntryPoint","urlTemplate":"https:\/\/centresmolina.com\/centreensenyament\/?s={search_term_string}"},"query-input":{"@type":"PropertyValueSpecification","valueRequired":true,"valueName":"search_term_string"}}],"inLanguage":"es"},{"@type":"Person","@id":"https:\/\/centresmolina.com\/centreensenyament\/#\/schema\/person\/308d85d274adff04b5c51d47e8aff6cc","name":"webmolina","image":{"@type":"ImageObject","inLanguage":"es","@id":"https:\/\/secure.gravatar.com\/avatar\/38db407e1ab9b284bf45e3bff4ec5cf1e034e364f09b2ee054619614662a717b?s=96&d=mm&r=g","url":"https:\/\/secure.gravatar.com\/avatar\/38db407e1ab9b284bf45e3bff4ec5cf1e034e364f09b2ee054619614662a717b?s=96&d=mm&r=g","contentUrl":"https:\/\/secure.gravatar.com\/avatar\/38db407e1ab9b284bf45e3bff4ec5cf1e034e364f09b2ee054619614662a717b?s=96&d=mm&r=g","caption":"webmolina"},"url":"https:\/\/centresmolina.com\/centreensenyament\/es\/author\/webmolina\/"}]}},"_links":{"self":[{"href":"https:\/\/centresmolina.com\/centreensenyament\/es\/wp-json\/wp\/v2\/posts\/6498\/"}],"collection":[{"href":"https:\/\/centresmolina.com\/centreensenyament\/es\/wp-json\/wp\/v2\/posts\/"}],"about":[{"href":"https:\/\/centresmolina.com\/centreensenyament\/es\/wp-json\/wp\/v2\/types\/post\/"}],"author":[{"embeddable":true,"href":"https:\/\/centresmolina.com\/centreensenyament\/es\/wp-json\/wp\/v2\/users\/3\/"}],"replies":[{"embeddable":true,"href":"https:\/\/centresmolina.com\/centreensenyament\/es\/wp-json\/wp\/v2\/comments\/?post=6498"}],"version-history":[{"count":2,"href":"https:\/\/centresmolina.com\/centreensenyament\/es\/wp-json\/wp\/v2\/posts\/6498\/revisions\/"}],"predecessor-version":[{"id":6500,"href":"https:\/\/centresmolina.com\/centreensenyament\/es\/wp-json\/wp\/v2\/posts\/6498\/revisions\/6500\/"}],"wp:featuredmedia":[{"embeddable":true,"href":"https:\/\/centresmolina.com\/centreensenyament\/es\/wp-json\/wp\/v2\/media\/6501\/"}],"wp:attachment":[{"href":"https:\/\/centresmolina.com\/centreensenyament\/es\/wp-json\/wp\/v2\/media\/?parent=6498"}],"wp:term":[{"taxonomy":"category","embeddable":true,"href":"https:\/\/centresmolina.com\/centreensenyament\/es\/wp-json\/wp\/v2\/categories\/?post=6498"},{"taxonomy":"post_tag","embeddable":true,"href":"https:\/\/centresmolina.com\/centreensenyament\/es\/wp-json\/wp\/v2\/tags\/?post=6498"}],"curies":[{"name":"wp","href":"https:\/\/api.w.org\/{rel}","templated":true}]}}