{"id":6702,"date":"2018-01-11T17:28:50","date_gmt":"2018-01-11T17:28:50","guid":{"rendered":"http:\/\/centresmolina.com\/centreensenyament\/2018\/01\/11\/posem-mica-rock-roll-les-nostres-aules\/"},"modified":"2018-01-21T17:51:05","modified_gmt":"2018-01-21T17:51:05","slug":"posem-mica-rock-roll-les-nostres-aules","status":"publish","type":"post","link":"https:\/\/centresmolina.com\/centreensenyament\/es\/2018\/01\/11\/posem-mica-rock-roll-les-nostres-aules\/","title":{"rendered":"Ponemos un poco de Rock&#8217;n&#8217;Roll en nuestras aulas"},"content":{"rendered":"<p>En la asignatura de m\u00fasica de 1\u00ba de ESO hemos puesto un poco de Rock &amp; Roll, que ha aportado ritmo, comp\u00e1s, coordinaci\u00f3n y mucha alegr\u00eda.<\/p>\n<p>El taller \u00abA prop\u00f3sito del Rock and Roll\u00bb ha sido organizado por nuestra profesora de m\u00fasica Rebeca Macias, con la inestimable colaboraci\u00f3n de Elena Baliarda.<\/p>\n<p>La danza mediante la corporalidad, el movimiento y la m\u00fasica permite acercarnos a<br \/>\ndiferentes estilos musicales.<br \/>\nLa finalidad de este taller es conocer este estilo musical en concreto, el Rock and Roll. Este aprendizaje o esta aproximaci\u00f3n es a partir de diferentes pasos de baile.<br \/>\nAsimismo, el hecho de trabajar en pareja permite posicionar a los aprendices en situaci\u00f3n de escucha y compenetraci\u00f3n, ya que es muy importante a la hora de trabajar con un compa\u00f1ero.<\/p>\n\n\t\t<style type=\"text\/css\">\n\t\t\t#gallery-1 {\n\t\t\t\tmargin: auto;\n\t\t\t}\n\t\t\t#gallery-1 .gallery-item {\n\t\t\t\tfloat: left;\n\t\t\t\tmargin-top: 10px;\n\t\t\t\ttext-align: center;\n\t\t\t\twidth: 50%;\n\t\t\t}\n\t\t\t#gallery-1 img {\n\t\t\t\tborder: 2px solid #cfcfcf;\n\t\t\t}\n\t\t\t#gallery-1 .gallery-caption {\n\t\t\t\tmargin-left: 0;\n\t\t\t}\n\t\t\t\/* see gallery_shortcode() in wp-includes\/media.php *\/\n\t\t<\/style>\n\t\t<div id='gallery-1' class='gallery galleryid-6702 gallery-columns-2 gallery-size-full'><dl class='gallery-item'>\n\t\t\t<dt class='gallery-icon landscape'>\n\t\t\t\t<a href='https:\/\/centresmolina.com\/centreensenyament\/files\/2018\/01\/Rock-3.jpg'><img loading=\"lazy\" decoding=\"async\" width=\"1280\" height=\"960\" src=\"https:\/\/centresmolina.com\/centreensenyament\/files\/2018\/01\/Rock-3.jpg\" class=\"attachment-full size-full\" alt=\"\" srcset=\"https:\/\/centresmolina.com\/centreensenyament\/files\/2018\/01\/Rock-3.jpg 1280w, https:\/\/centresmolina.com\/centreensenyament\/files\/2018\/01\/Rock-3-300x225.jpg 300w, https:\/\/centresmolina.com\/centreensenyament\/files\/2018\/01\/Rock-3-768x576.jpg 768w, https:\/\/centresmolina.com\/centreensenyament\/files\/2018\/01\/Rock-3-1024x768.jpg 1024w\" sizes=\"auto, (max-width: 1280px) 100vw, 1280px\" \/><\/a>\n\t\t\t<\/dt><\/dl><dl class='gallery-item'>\n\t\t\t<dt class='gallery-icon landscape'>\n\t\t\t\t<a href='https:\/\/centresmolina.com\/centreensenyament\/files\/2018\/01\/Rock-6.jpg'><img loading=\"lazy\" decoding=\"async\" width=\"1280\" height=\"960\" src=\"https:\/\/centresmolina.com\/centreensenyament\/files\/2018\/01\/Rock-6.jpg\" class=\"attachment-full size-full\" alt=\"\" srcset=\"https:\/\/centresmolina.com\/centreensenyament\/files\/2018\/01\/Rock-6.jpg 1280w, https:\/\/centresmolina.com\/centreensenyament\/files\/2018\/01\/Rock-6-300x225.jpg 300w, https:\/\/centresmolina.com\/centreensenyament\/files\/2018\/01\/Rock-6-768x576.jpg 768w, https:\/\/centresmolina.com\/centreensenyament\/files\/2018\/01\/Rock-6-1024x768.jpg 1024w\" sizes=\"auto, (max-width: 1280px) 100vw, 1280px\" \/><\/a>\n\t\t\t<\/dt><\/dl><br style=\"clear: both\" \/><dl class='gallery-item'>\n\t\t\t<dt class='gallery-icon landscape'>\n\t\t\t\t<a href='https:\/\/centresmolina.com\/centreensenyament\/files\/2018\/01\/Rock-h-2.jpeg'><img loading=\"lazy\" decoding=\"async\" width=\"1280\" height=\"720\" src=\"https:\/\/centresmolina.com\/centreensenyament\/files\/2018\/01\/Rock-h-2.jpeg\" class=\"attachment-full size-full\" alt=\"\" srcset=\"https:\/\/centresmolina.com\/centreensenyament\/files\/2018\/01\/Rock-h-2.jpeg 1280w, https:\/\/centresmolina.com\/centreensenyament\/files\/2018\/01\/Rock-h-2-300x169.jpeg 300w, https:\/\/centresmolina.com\/centreensenyament\/files\/2018\/01\/Rock-h-2-768x432.jpeg 768w, https:\/\/centresmolina.com\/centreensenyament\/files\/2018\/01\/Rock-h-2-1024x576.jpeg 1024w\" sizes=\"auto, (max-width: 1280px) 100vw, 1280px\" \/><\/a>\n\t\t\t<\/dt><\/dl><dl class='gallery-item'>\n\t\t\t<dt class='gallery-icon landscape'>\n\t\t\t\t<a href='https:\/\/centresmolina.com\/centreensenyament\/files\/2018\/01\/Rock-h-3.jpeg'><img loading=\"lazy\" decoding=\"async\" width=\"1280\" height=\"720\" src=\"https:\/\/centresmolina.com\/centreensenyament\/files\/2018\/01\/Rock-h-3.jpeg\" class=\"attachment-full size-full\" alt=\"\" srcset=\"https:\/\/centresmolina.com\/centreensenyament\/files\/2018\/01\/Rock-h-3.jpeg 1280w, https:\/\/centresmolina.com\/centreensenyament\/files\/2018\/01\/Rock-h-3-300x169.jpeg 300w, https:\/\/centresmolina.com\/centreensenyament\/files\/2018\/01\/Rock-h-3-768x432.jpeg 768w, https:\/\/centresmolina.com\/centreensenyament\/files\/2018\/01\/Rock-h-3-1024x576.jpeg 1024w\" sizes=\"auto, (max-width: 1280px) 100vw, 1280px\" \/><\/a>\n\t\t\t<\/dt><\/dl><br style=\"clear: both\" \/>\n\t\t<\/div>\n\n<p>\u00a1Mirad el resultado!<\/p>\n<p><iframe loading=\"lazy\" title=\"A prop\u00f2sit del Rock 1ESO\" width=\"500\" height=\"281\" src=\"https:\/\/www.youtube.com\/embed\/P8f6Lw_DV_s?feature=oembed\" frameborder=\"0\" allow=\"accelerometer; autoplay; clipboard-write; encrypted-media; gyroscope; picture-in-picture; web-share\" referrerpolicy=\"strict-origin-when-cross-origin\" allowfullscreen><\/iframe><\/p>\n<p>&nbsp;<\/p>\n\n","protected":false},"excerpt":{"rendered":"<p>En la asignatura de m\u00fasica de 1\u00ba de ESO hemos puesto un poco de Rock &amp; Roll, que ha aportado&#8230;<\/p>\n","protected":false},"author":3,"featured_media":6698,"comment_status":"open","ping_status":"open","sticky":false,"template":"","format":"standard","meta":{"footnotes":""},"categories":[15],"tags":[104,69,75,62,60,23,34,63,61,208,2499],"class_list":["post-6702","post","type-post","status-publish","format-standard","has-post-thumbnail","hentry","category-noticias-2","tag-1r-deso-es","tag-aprenentatge-es","tag-desenvolupament-personal-i-academic-es","tag-educacio-es","tag-escola-es","tag-escola-molina-es","tag-eso-es","tag-formacio-es","tag-molina-es","tag-musica-es","tag-taller-de-musica-es"],"yoast_head":"<!-- This site is optimized with the Yoast SEO plugin v27.2 - https:\/\/yoast.com\/product\/yoast-seo-wordpress\/ -->\n<title>Ponemos un poco de Rock&#039;n&#039;Roll en nuestras aulas - Centros de ense\u00f1anza<\/title>\n<meta name=\"robots\" content=\"index, follow, max-snippet:-1, max-image-preview:large, max-video-preview:-1\" \/>\n<link rel=\"canonical\" href=\"https:\/\/centresmolina.com\/centreensenyament\/es\/2018\/01\/11\/posem-mica-rock-roll-les-nostres-aules\/\" \/>\n<meta property=\"og:locale\" content=\"es_ES\" \/>\n<meta property=\"og:type\" content=\"article\" \/>\n<meta property=\"og:title\" content=\"Ponemos un poco de Rock&#039;n&#039;Roll en nuestras aulas - Centros de ense\u00f1anza\" \/>\n<meta property=\"og:description\" content=\"En la asignatura de m\u00fasica de 1\u00ba de ESO hemos puesto un poco de Rock &amp; Roll, que ha aportado...\" \/>\n<meta property=\"og:url\" content=\"https:\/\/centresmolina.com\/centreensenyament\/es\/2018\/01\/11\/posem-mica-rock-roll-les-nostres-aules\/\" \/>\n<meta property=\"og:site_name\" content=\"Centros de ense\u00f1anza\" \/>\n<meta property=\"article:published_time\" content=\"2018-01-11T17:28:50+00:00\" \/>\n<meta property=\"article:modified_time\" content=\"2018-01-21T17:51:05+00:00\" \/>\n<meta property=\"og:image\" content=\"https:\/\/centresmolina.com\/centreensenyament\/files\/2018\/01\/giphy.gif\" \/>\n\t<meta property=\"og:image:width\" content=\"400\" \/>\n\t<meta property=\"og:image:height\" content=\"287\" \/>\n\t<meta property=\"og:image:type\" content=\"image\/gif\" \/>\n<meta name=\"author\" content=\"webmolina\" \/>\n<meta name=\"twitter:label1\" content=\"Escrito por\" \/>\n\t<meta name=\"twitter:data1\" content=\"webmolina\" \/>\n\t<meta name=\"twitter:label2\" content=\"Tiempo de lectura\" \/>\n\t<meta name=\"twitter:data2\" content=\"1 minuto\" \/>\n<script type=\"application\/ld+json\" class=\"yoast-schema-graph\">{\"@context\":\"https:\/\/schema.org\",\"@graph\":[{\"@type\":\"Article\",\"@id\":\"https:\/\/centresmolina.com\/centreensenyament\/es\/2018\/01\/11\/posem-mica-rock-roll-les-nostres-aules\/#article\",\"isPartOf\":{\"@id\":\"https:\/\/centresmolina.com\/centreensenyament\/es\/2018\/01\/11\/posem-mica-rock-roll-les-nostres-aules\/\"},\"author\":{\"name\":\"webmolina\",\"@id\":\"https:\/\/centresmolina.com\/centreensenyament\/#\/schema\/person\/308d85d274adff04b5c51d47e8aff6cc\"},\"headline\":\"Ponemos un poco de Rock&#8217;n&#8217;Roll en nuestras aulas\",\"datePublished\":\"2018-01-11T17:28:50+00:00\",\"dateModified\":\"2018-01-21T17:51:05+00:00\",\"mainEntityOfPage\":{\"@id\":\"https:\/\/centresmolina.com\/centreensenyament\/es\/2018\/01\/11\/posem-mica-rock-roll-les-nostres-aules\/\"},\"wordCount\":174,\"commentCount\":0,\"image\":{\"@id\":\"https:\/\/centresmolina.com\/centreensenyament\/es\/2018\/01\/11\/posem-mica-rock-roll-les-nostres-aules\/#primaryimage\"},\"thumbnailUrl\":\"https:\/\/centresmolina.com\/centreensenyament\/files\/2018\/01\/giphy.gif\",\"keywords\":[\"1r d'ESO @es\",\"aprenentatge @es\",\"desenvolupament personal i acad\u00e8mic @es\",\"educaci\u00f3 @es\",\"Escola @es\",\"Escola Molina @es\",\"ESO @es\",\"formaci\u00f3 @es\",\"Molina @es\",\"M\u00fasica\",\"Taller de M\u00fasica\"],\"articleSection\":[\"Noticias\"],\"inLanguage\":\"es\",\"potentialAction\":[{\"@type\":\"CommentAction\",\"name\":\"Comment\",\"target\":[\"https:\/\/centresmolina.com\/centreensenyament\/es\/2018\/01\/11\/posem-mica-rock-roll-les-nostres-aules\/#respond\"]}]},{\"@type\":\"WebPage\",\"@id\":\"https:\/\/centresmolina.com\/centreensenyament\/es\/2018\/01\/11\/posem-mica-rock-roll-les-nostres-aules\/\",\"url\":\"https:\/\/centresmolina.com\/centreensenyament\/es\/2018\/01\/11\/posem-mica-rock-roll-les-nostres-aules\/\",\"name\":\"Ponemos un poco de Rock'n'Roll en nuestras aulas - Centros de ense\u00f1anza\",\"isPartOf\":{\"@id\":\"https:\/\/centresmolina.com\/centreensenyament\/#website\"},\"primaryImageOfPage\":{\"@id\":\"https:\/\/centresmolina.com\/centreensenyament\/es\/2018\/01\/11\/posem-mica-rock-roll-les-nostres-aules\/#primaryimage\"},\"image\":{\"@id\":\"https:\/\/centresmolina.com\/centreensenyament\/es\/2018\/01\/11\/posem-mica-rock-roll-les-nostres-aules\/#primaryimage\"},\"thumbnailUrl\":\"https:\/\/centresmolina.com\/centreensenyament\/files\/2018\/01\/giphy.gif\",\"datePublished\":\"2018-01-11T17:28:50+00:00\",\"dateModified\":\"2018-01-21T17:51:05+00:00\",\"author\":{\"@id\":\"https:\/\/centresmolina.com\/centreensenyament\/#\/schema\/person\/308d85d274adff04b5c51d47e8aff6cc\"},\"breadcrumb\":{\"@id\":\"https:\/\/centresmolina.com\/centreensenyament\/es\/2018\/01\/11\/posem-mica-rock-roll-les-nostres-aules\/#breadcrumb\"},\"inLanguage\":\"es\",\"potentialAction\":[{\"@type\":\"ReadAction\",\"target\":[\"https:\/\/centresmolina.com\/centreensenyament\/es\/2018\/01\/11\/posem-mica-rock-roll-les-nostres-aules\/\"]}]},{\"@type\":\"ImageObject\",\"inLanguage\":\"es\",\"@id\":\"https:\/\/centresmolina.com\/centreensenyament\/es\/2018\/01\/11\/posem-mica-rock-roll-les-nostres-aules\/#primaryimage\",\"url\":\"https:\/\/centresmolina.com\/centreensenyament\/files\/2018\/01\/giphy.gif\",\"contentUrl\":\"https:\/\/centresmolina.com\/centreensenyament\/files\/2018\/01\/giphy.gif\",\"width\":400,\"height\":287},{\"@type\":\"BreadcrumbList\",\"@id\":\"https:\/\/centresmolina.com\/centreensenyament\/es\/2018\/01\/11\/posem-mica-rock-roll-les-nostres-aules\/#breadcrumb\",\"itemListElement\":[{\"@type\":\"ListItem\",\"position\":1,\"name\":\"Portada\",\"item\":\"https:\/\/centresmolina.com\/centreensenyament\/es\/\"},{\"@type\":\"ListItem\",\"position\":2,\"name\":\"Ponemos un poco de Rock&#8217;n&#8217;Roll en nuestras aulas\"}]},{\"@type\":\"WebSite\",\"@id\":\"https:\/\/centresmolina.com\/centreensenyament\/#website\",\"url\":\"https:\/\/centresmolina.com\/centreensenyament\/\",\"name\":\"Centros de ense\u00f1anza\",\"description\":\"Centres Molina - Centros de ense\u00f1anza\",\"potentialAction\":[{\"@type\":\"SearchAction\",\"target\":{\"@type\":\"EntryPoint\",\"urlTemplate\":\"https:\/\/centresmolina.com\/centreensenyament\/?s={search_term_string}\"},\"query-input\":{\"@type\":\"PropertyValueSpecification\",\"valueRequired\":true,\"valueName\":\"search_term_string\"}}],\"inLanguage\":\"es\"},{\"@type\":\"Person\",\"@id\":\"https:\/\/centresmolina.com\/centreensenyament\/#\/schema\/person\/308d85d274adff04b5c51d47e8aff6cc\",\"name\":\"webmolina\",\"image\":{\"@type\":\"ImageObject\",\"inLanguage\":\"es\",\"@id\":\"https:\/\/secure.gravatar.com\/avatar\/38db407e1ab9b284bf45e3bff4ec5cf1e034e364f09b2ee054619614662a717b?s=96&d=mm&r=g\",\"url\":\"https:\/\/secure.gravatar.com\/avatar\/38db407e1ab9b284bf45e3bff4ec5cf1e034e364f09b2ee054619614662a717b?s=96&d=mm&r=g\",\"contentUrl\":\"https:\/\/secure.gravatar.com\/avatar\/38db407e1ab9b284bf45e3bff4ec5cf1e034e364f09b2ee054619614662a717b?s=96&d=mm&r=g\",\"caption\":\"webmolina\"},\"url\":\"https:\/\/centresmolina.com\/centreensenyament\/es\/author\/webmolina\/\"}]}<\/script>\n<!-- \/ Yoast SEO plugin. -->","yoast_head_json":{"title":"Ponemos un poco de Rock'n'Roll en nuestras aulas - Centros de ense\u00f1anza","robots":{"index":"index","follow":"follow","max-snippet":"max-snippet:-1","max-image-preview":"max-image-preview:large","max-video-preview":"max-video-preview:-1"},"canonical":"https:\/\/centresmolina.com\/centreensenyament\/es\/2018\/01\/11\/posem-mica-rock-roll-les-nostres-aules\/","og_locale":"es_ES","og_type":"article","og_title":"Ponemos un poco de Rock'n'Roll en nuestras aulas - Centros de ense\u00f1anza","og_description":"En la asignatura de m\u00fasica de 1\u00ba de ESO hemos puesto un poco de Rock &amp; Roll, que ha aportado...","og_url":"https:\/\/centresmolina.com\/centreensenyament\/es\/2018\/01\/11\/posem-mica-rock-roll-les-nostres-aules\/","og_site_name":"Centros de ense\u00f1anza","article_published_time":"2018-01-11T17:28:50+00:00","article_modified_time":"2018-01-21T17:51:05+00:00","og_image":[{"width":400,"height":287,"url":"https:\/\/centresmolina.com\/centreensenyament\/files\/2018\/01\/giphy.gif","type":"image\/gif"}],"author":"webmolina","twitter_misc":{"Escrito por":"webmolina","Tiempo de lectura":"1 minuto"},"schema":{"@context":"https:\/\/schema.org","@graph":[{"@type":"Article","@id":"https:\/\/centresmolina.com\/centreensenyament\/es\/2018\/01\/11\/posem-mica-rock-roll-les-nostres-aules\/#article","isPartOf":{"@id":"https:\/\/centresmolina.com\/centreensenyament\/es\/2018\/01\/11\/posem-mica-rock-roll-les-nostres-aules\/"},"author":{"name":"webmolina","@id":"https:\/\/centresmolina.com\/centreensenyament\/#\/schema\/person\/308d85d274adff04b5c51d47e8aff6cc"},"headline":"Ponemos un poco de Rock&#8217;n&#8217;Roll en nuestras aulas","datePublished":"2018-01-11T17:28:50+00:00","dateModified":"2018-01-21T17:51:05+00:00","mainEntityOfPage":{"@id":"https:\/\/centresmolina.com\/centreensenyament\/es\/2018\/01\/11\/posem-mica-rock-roll-les-nostres-aules\/"},"wordCount":174,"commentCount":0,"image":{"@id":"https:\/\/centresmolina.com\/centreensenyament\/es\/2018\/01\/11\/posem-mica-rock-roll-les-nostres-aules\/#primaryimage"},"thumbnailUrl":"https:\/\/centresmolina.com\/centreensenyament\/files\/2018\/01\/giphy.gif","keywords":["1r d'ESO @es","aprenentatge @es","desenvolupament personal i acad\u00e8mic @es","educaci\u00f3 @es","Escola @es","Escola Molina @es","ESO @es","formaci\u00f3 @es","Molina @es","M\u00fasica","Taller de M\u00fasica"],"articleSection":["Noticias"],"inLanguage":"es","potentialAction":[{"@type":"CommentAction","name":"Comment","target":["https:\/\/centresmolina.com\/centreensenyament\/es\/2018\/01\/11\/posem-mica-rock-roll-les-nostres-aules\/#respond"]}]},{"@type":"WebPage","@id":"https:\/\/centresmolina.com\/centreensenyament\/es\/2018\/01\/11\/posem-mica-rock-roll-les-nostres-aules\/","url":"https:\/\/centresmolina.com\/centreensenyament\/es\/2018\/01\/11\/posem-mica-rock-roll-les-nostres-aules\/","name":"Ponemos un poco de Rock'n'Roll en nuestras aulas - Centros de ense\u00f1anza","isPartOf":{"@id":"https:\/\/centresmolina.com\/centreensenyament\/#website"},"primaryImageOfPage":{"@id":"https:\/\/centresmolina.com\/centreensenyament\/es\/2018\/01\/11\/posem-mica-rock-roll-les-nostres-aules\/#primaryimage"},"image":{"@id":"https:\/\/centresmolina.com\/centreensenyament\/es\/2018\/01\/11\/posem-mica-rock-roll-les-nostres-aules\/#primaryimage"},"thumbnailUrl":"https:\/\/centresmolina.com\/centreensenyament\/files\/2018\/01\/giphy.gif","datePublished":"2018-01-11T17:28:50+00:00","dateModified":"2018-01-21T17:51:05+00:00","author":{"@id":"https:\/\/centresmolina.com\/centreensenyament\/#\/schema\/person\/308d85d274adff04b5c51d47e8aff6cc"},"breadcrumb":{"@id":"https:\/\/centresmolina.com\/centreensenyament\/es\/2018\/01\/11\/posem-mica-rock-roll-les-nostres-aules\/#breadcrumb"},"inLanguage":"es","potentialAction":[{"@type":"ReadAction","target":["https:\/\/centresmolina.com\/centreensenyament\/es\/2018\/01\/11\/posem-mica-rock-roll-les-nostres-aules\/"]}]},{"@type":"ImageObject","inLanguage":"es","@id":"https:\/\/centresmolina.com\/centreensenyament\/es\/2018\/01\/11\/posem-mica-rock-roll-les-nostres-aules\/#primaryimage","url":"https:\/\/centresmolina.com\/centreensenyament\/files\/2018\/01\/giphy.gif","contentUrl":"https:\/\/centresmolina.com\/centreensenyament\/files\/2018\/01\/giphy.gif","width":400,"height":287},{"@type":"BreadcrumbList","@id":"https:\/\/centresmolina.com\/centreensenyament\/es\/2018\/01\/11\/posem-mica-rock-roll-les-nostres-aules\/#breadcrumb","itemListElement":[{"@type":"ListItem","position":1,"name":"Portada","item":"https:\/\/centresmolina.com\/centreensenyament\/es\/"},{"@type":"ListItem","position":2,"name":"Ponemos un poco de Rock&#8217;n&#8217;Roll en nuestras aulas"}]},{"@type":"WebSite","@id":"https:\/\/centresmolina.com\/centreensenyament\/#website","url":"https:\/\/centresmolina.com\/centreensenyament\/","name":"Centros de ense\u00f1anza","description":"Centres Molina - Centros de ense\u00f1anza","potentialAction":[{"@type":"SearchAction","target":{"@type":"EntryPoint","urlTemplate":"https:\/\/centresmolina.com\/centreensenyament\/?s={search_term_string}"},"query-input":{"@type":"PropertyValueSpecification","valueRequired":true,"valueName":"search_term_string"}}],"inLanguage":"es"},{"@type":"Person","@id":"https:\/\/centresmolina.com\/centreensenyament\/#\/schema\/person\/308d85d274adff04b5c51d47e8aff6cc","name":"webmolina","image":{"@type":"ImageObject","inLanguage":"es","@id":"https:\/\/secure.gravatar.com\/avatar\/38db407e1ab9b284bf45e3bff4ec5cf1e034e364f09b2ee054619614662a717b?s=96&d=mm&r=g","url":"https:\/\/secure.gravatar.com\/avatar\/38db407e1ab9b284bf45e3bff4ec5cf1e034e364f09b2ee054619614662a717b?s=96&d=mm&r=g","contentUrl":"https:\/\/secure.gravatar.com\/avatar\/38db407e1ab9b284bf45e3bff4ec5cf1e034e364f09b2ee054619614662a717b?s=96&d=mm&r=g","caption":"webmolina"},"url":"https:\/\/centresmolina.com\/centreensenyament\/es\/author\/webmolina\/"}]}},"_links":{"self":[{"href":"https:\/\/centresmolina.com\/centreensenyament\/es\/wp-json\/wp\/v2\/posts\/6702\/"}],"collection":[{"href":"https:\/\/centresmolina.com\/centreensenyament\/es\/wp-json\/wp\/v2\/posts\/"}],"about":[{"href":"https:\/\/centresmolina.com\/centreensenyament\/es\/wp-json\/wp\/v2\/types\/post\/"}],"author":[{"embeddable":true,"href":"https:\/\/centresmolina.com\/centreensenyament\/es\/wp-json\/wp\/v2\/users\/3\/"}],"replies":[{"embeddable":true,"href":"https:\/\/centresmolina.com\/centreensenyament\/es\/wp-json\/wp\/v2\/comments\/?post=6702"}],"version-history":[{"count":3,"href":"https:\/\/centresmolina.com\/centreensenyament\/es\/wp-json\/wp\/v2\/posts\/6702\/revisions\/"}],"predecessor-version":[{"id":6710,"href":"https:\/\/centresmolina.com\/centreensenyament\/es\/wp-json\/wp\/v2\/posts\/6702\/revisions\/6710\/"}],"wp:featuredmedia":[{"embeddable":true,"href":"https:\/\/centresmolina.com\/centreensenyament\/es\/wp-json\/wp\/v2\/media\/6698\/"}],"wp:attachment":[{"href":"https:\/\/centresmolina.com\/centreensenyament\/es\/wp-json\/wp\/v2\/media\/?parent=6702"}],"wp:term":[{"taxonomy":"category","embeddable":true,"href":"https:\/\/centresmolina.com\/centreensenyament\/es\/wp-json\/wp\/v2\/categories\/?post=6702"},{"taxonomy":"post_tag","embeddable":true,"href":"https:\/\/centresmolina.com\/centreensenyament\/es\/wp-json\/wp\/v2\/tags\/?post=6702"}],"curies":[{"name":"wp","href":"https:\/\/api.w.org\/{rel}","templated":true}]}}