{"id":6793,"date":"2018-01-27T09:51:04","date_gmt":"2018-01-27T09:51:04","guid":{"rendered":"http:\/\/centresmolina.com\/centreensenyament\/?p=6793\/"},"modified":"2018-01-27T09:51:04","modified_gmt":"2018-01-27T09:51:04","slug":"alfarero-la-cultura-del-esfuerzo","status":"publish","type":"post","link":"https:\/\/centresmolina.com\/centreensenyament\/es\/2018\/01\/27\/alfarero-la-cultura-del-esfuerzo\/","title":{"rendered":"El alfarero o la cultura del esfuerzo"},"content":{"rendered":"<p>Aprender algo nuevo no es f\u00e1cil, implica mucho esfuerzo y supone cometer muchos errores antes de acertar.<\/p>\n<p>Veamos este cortometraje con nuestros hijos y hablemos con ellos sobre la cultura del esfuerzo y la satisfacci\u00f3n que nos produce cuando tiene su recompensa. Y tambi\u00e9n podremos hablar del talento y las habilidades naturales que todos tenemos dentro y tenemos que aprender a sacar.<\/p>\n<p><iframe loading=\"lazy\" title=\"The Potter\" src=\"https:\/\/player.vimeo.com\/video\/2676617?dnt=1&amp;app_id=122963\" width=\"500\" height=\"281\" frameborder=\"0\" allow=\"autoplay; fullscreen; picture-in-picture; clipboard-write\"><\/iframe><\/p>\n","protected":false},"excerpt":{"rendered":"<p>Aprender algo nuevo no es f\u00e1cil, implica mucho esfuerzo y supone cometer muchos errores antes de acertar. Veamos este cortometraje&#8230;<\/p>\n","protected":false},"author":3,"featured_media":6791,"comment_status":"open","ping_status":"open","sticky":false,"template":"","format":"standard","meta":{"footnotes":""},"categories":[15],"tags":[111,69,75,62,70,60,23,72],"class_list":["post-6793","post","type-post","status-publish","format-standard","has-post-thumbnail","hentry","category-noticias-2","tag-3r-eso-es","tag-aprenentatge-es","tag-desenvolupament-personal-i-academic-es","tag-educacio-es","tag-ensenyament-es","tag-escola-es","tag-escola-molina-es","tag-experiencia-es"],"yoast_head":"<!-- This site is optimized with the Yoast SEO plugin v27.2 - https:\/\/yoast.com\/product\/yoast-seo-wordpress\/ -->\n<title>El alfarero o la cultura del esfuerzo - Centros de ense\u00f1anza<\/title>\n<meta name=\"robots\" content=\"index, follow, max-snippet:-1, max-image-preview:large, max-video-preview:-1\" \/>\n<link rel=\"canonical\" href=\"https:\/\/centresmolina.com\/centreensenyament\/es\/2018\/01\/27\/alfarero-la-cultura-del-esfuerzo\/\" \/>\n<meta property=\"og:locale\" content=\"es_ES\" \/>\n<meta property=\"og:type\" content=\"article\" \/>\n<meta property=\"og:title\" content=\"El alfarero o la cultura del esfuerzo - Centros de ense\u00f1anza\" \/>\n<meta property=\"og:description\" content=\"Aprender algo nuevo no es f\u00e1cil, implica mucho esfuerzo y supone cometer muchos errores antes de acertar. Veamos este cortometraje...\" \/>\n<meta property=\"og:url\" content=\"https:\/\/centresmolina.com\/centreensenyament\/es\/2018\/01\/27\/alfarero-la-cultura-del-esfuerzo\/\" \/>\n<meta property=\"og:site_name\" content=\"Centros de ense\u00f1anza\" \/>\n<meta property=\"article:published_time\" content=\"2018-01-27T09:51:04+00:00\" \/>\n<meta property=\"og:image\" content=\"https:\/\/centresmolina.com\/centreensenyament\/files\/2018\/01\/el-alfarero.jpg\" \/>\n\t<meta property=\"og:image:width\" content=\"564\" \/>\n\t<meta property=\"og:image:height\" content=\"410\" \/>\n\t<meta property=\"og:image:type\" content=\"image\/jpeg\" \/>\n<meta name=\"author\" content=\"webmolina\" \/>\n<meta name=\"twitter:label1\" content=\"Escrito por\" \/>\n\t<meta name=\"twitter:data1\" content=\"webmolina\" \/>\n<script type=\"application\/ld+json\" class=\"yoast-schema-graph\">{\"@context\":\"https:\/\/schema.org\",\"@graph\":[{\"@type\":\"Article\",\"@id\":\"https:\/\/centresmolina.com\/centreensenyament\/es\/2018\/01\/27\/alfarero-la-cultura-del-esfuerzo\/#article\",\"isPartOf\":{\"@id\":\"https:\/\/centresmolina.com\/centreensenyament\/es\/2018\/01\/27\/alfarero-la-cultura-del-esfuerzo\/\"},\"author\":{\"name\":\"webmolina\",\"@id\":\"https:\/\/centresmolina.com\/centreensenyament\/#\/schema\/person\/308d85d274adff04b5c51d47e8aff6cc\"},\"headline\":\"El alfarero o la cultura del esfuerzo\",\"datePublished\":\"2018-01-27T09:51:04+00:00\",\"mainEntityOfPage\":{\"@id\":\"https:\/\/centresmolina.com\/centreensenyament\/es\/2018\/01\/27\/alfarero-la-cultura-del-esfuerzo\/\"},\"wordCount\":75,\"commentCount\":0,\"image\":{\"@id\":\"https:\/\/centresmolina.com\/centreensenyament\/es\/2018\/01\/27\/alfarero-la-cultura-del-esfuerzo\/#primaryimage\"},\"thumbnailUrl\":\"https:\/\/centresmolina.com\/centreensenyament\/files\/2018\/01\/el-alfarero.jpg\",\"keywords\":[\"3r ESO @es\",\"aprenentatge @es\",\"desenvolupament personal i acad\u00e8mic @es\",\"educaci\u00f3 @es\",\"ensenyament @es\",\"Escola @es\",\"Escola Molina @es\",\"experi\u00e8ncia @es\"],\"articleSection\":[\"Noticias\"],\"inLanguage\":\"es\",\"potentialAction\":[{\"@type\":\"CommentAction\",\"name\":\"Comment\",\"target\":[\"https:\/\/centresmolina.com\/centreensenyament\/es\/2018\/01\/27\/alfarero-la-cultura-del-esfuerzo\/#respond\"]}]},{\"@type\":\"WebPage\",\"@id\":\"https:\/\/centresmolina.com\/centreensenyament\/es\/2018\/01\/27\/alfarero-la-cultura-del-esfuerzo\/\",\"url\":\"https:\/\/centresmolina.com\/centreensenyament\/es\/2018\/01\/27\/alfarero-la-cultura-del-esfuerzo\/\",\"name\":\"El alfarero o la cultura del esfuerzo - Centros de ense\u00f1anza\",\"isPartOf\":{\"@id\":\"https:\/\/centresmolina.com\/centreensenyament\/#website\"},\"primaryImageOfPage\":{\"@id\":\"https:\/\/centresmolina.com\/centreensenyament\/es\/2018\/01\/27\/alfarero-la-cultura-del-esfuerzo\/#primaryimage\"},\"image\":{\"@id\":\"https:\/\/centresmolina.com\/centreensenyament\/es\/2018\/01\/27\/alfarero-la-cultura-del-esfuerzo\/#primaryimage\"},\"thumbnailUrl\":\"https:\/\/centresmolina.com\/centreensenyament\/files\/2018\/01\/el-alfarero.jpg\",\"datePublished\":\"2018-01-27T09:51:04+00:00\",\"author\":{\"@id\":\"https:\/\/centresmolina.com\/centreensenyament\/#\/schema\/person\/308d85d274adff04b5c51d47e8aff6cc\"},\"breadcrumb\":{\"@id\":\"https:\/\/centresmolina.com\/centreensenyament\/es\/2018\/01\/27\/alfarero-la-cultura-del-esfuerzo\/#breadcrumb\"},\"inLanguage\":\"es\",\"potentialAction\":[{\"@type\":\"ReadAction\",\"target\":[\"https:\/\/centresmolina.com\/centreensenyament\/es\/2018\/01\/27\/alfarero-la-cultura-del-esfuerzo\/\"]}]},{\"@type\":\"ImageObject\",\"inLanguage\":\"es\",\"@id\":\"https:\/\/centresmolina.com\/centreensenyament\/es\/2018\/01\/27\/alfarero-la-cultura-del-esfuerzo\/#primaryimage\",\"url\":\"https:\/\/centresmolina.com\/centreensenyament\/files\/2018\/01\/el-alfarero.jpg\",\"contentUrl\":\"https:\/\/centresmolina.com\/centreensenyament\/files\/2018\/01\/el-alfarero.jpg\",\"width\":564,\"height\":410},{\"@type\":\"BreadcrumbList\",\"@id\":\"https:\/\/centresmolina.com\/centreensenyament\/es\/2018\/01\/27\/alfarero-la-cultura-del-esfuerzo\/#breadcrumb\",\"itemListElement\":[{\"@type\":\"ListItem\",\"position\":1,\"name\":\"Portada\",\"item\":\"https:\/\/centresmolina.com\/centreensenyament\/es\/\"},{\"@type\":\"ListItem\",\"position\":2,\"name\":\"El alfarero o la cultura del esfuerzo\"}]},{\"@type\":\"WebSite\",\"@id\":\"https:\/\/centresmolina.com\/centreensenyament\/#website\",\"url\":\"https:\/\/centresmolina.com\/centreensenyament\/\",\"name\":\"Centros de ense\u00f1anza\",\"description\":\"Centres Molina - Centros de ense\u00f1anza\",\"potentialAction\":[{\"@type\":\"SearchAction\",\"target\":{\"@type\":\"EntryPoint\",\"urlTemplate\":\"https:\/\/centresmolina.com\/centreensenyament\/?s={search_term_string}\"},\"query-input\":{\"@type\":\"PropertyValueSpecification\",\"valueRequired\":true,\"valueName\":\"search_term_string\"}}],\"inLanguage\":\"es\"},{\"@type\":\"Person\",\"@id\":\"https:\/\/centresmolina.com\/centreensenyament\/#\/schema\/person\/308d85d274adff04b5c51d47e8aff6cc\",\"name\":\"webmolina\",\"image\":{\"@type\":\"ImageObject\",\"inLanguage\":\"es\",\"@id\":\"https:\/\/secure.gravatar.com\/avatar\/38db407e1ab9b284bf45e3bff4ec5cf1e034e364f09b2ee054619614662a717b?s=96&d=mm&r=g\",\"url\":\"https:\/\/secure.gravatar.com\/avatar\/38db407e1ab9b284bf45e3bff4ec5cf1e034e364f09b2ee054619614662a717b?s=96&d=mm&r=g\",\"contentUrl\":\"https:\/\/secure.gravatar.com\/avatar\/38db407e1ab9b284bf45e3bff4ec5cf1e034e364f09b2ee054619614662a717b?s=96&d=mm&r=g\",\"caption\":\"webmolina\"},\"url\":\"https:\/\/centresmolina.com\/centreensenyament\/es\/author\/webmolina\/\"}]}<\/script>\n<!-- \/ Yoast SEO plugin. -->","yoast_head_json":{"title":"El alfarero o la cultura del esfuerzo - Centros de ense\u00f1anza","robots":{"index":"index","follow":"follow","max-snippet":"max-snippet:-1","max-image-preview":"max-image-preview:large","max-video-preview":"max-video-preview:-1"},"canonical":"https:\/\/centresmolina.com\/centreensenyament\/es\/2018\/01\/27\/alfarero-la-cultura-del-esfuerzo\/","og_locale":"es_ES","og_type":"article","og_title":"El alfarero o la cultura del esfuerzo - Centros de ense\u00f1anza","og_description":"Aprender algo nuevo no es f\u00e1cil, implica mucho esfuerzo y supone cometer muchos errores antes de acertar. Veamos este cortometraje...","og_url":"https:\/\/centresmolina.com\/centreensenyament\/es\/2018\/01\/27\/alfarero-la-cultura-del-esfuerzo\/","og_site_name":"Centros de ense\u00f1anza","article_published_time":"2018-01-27T09:51:04+00:00","og_image":[{"width":564,"height":410,"url":"https:\/\/centresmolina.com\/centreensenyament\/files\/2018\/01\/el-alfarero.jpg","type":"image\/jpeg"}],"author":"webmolina","twitter_misc":{"Escrito por":"webmolina"},"schema":{"@context":"https:\/\/schema.org","@graph":[{"@type":"Article","@id":"https:\/\/centresmolina.com\/centreensenyament\/es\/2018\/01\/27\/alfarero-la-cultura-del-esfuerzo\/#article","isPartOf":{"@id":"https:\/\/centresmolina.com\/centreensenyament\/es\/2018\/01\/27\/alfarero-la-cultura-del-esfuerzo\/"},"author":{"name":"webmolina","@id":"https:\/\/centresmolina.com\/centreensenyament\/#\/schema\/person\/308d85d274adff04b5c51d47e8aff6cc"},"headline":"El alfarero o la cultura del esfuerzo","datePublished":"2018-01-27T09:51:04+00:00","mainEntityOfPage":{"@id":"https:\/\/centresmolina.com\/centreensenyament\/es\/2018\/01\/27\/alfarero-la-cultura-del-esfuerzo\/"},"wordCount":75,"commentCount":0,"image":{"@id":"https:\/\/centresmolina.com\/centreensenyament\/es\/2018\/01\/27\/alfarero-la-cultura-del-esfuerzo\/#primaryimage"},"thumbnailUrl":"https:\/\/centresmolina.com\/centreensenyament\/files\/2018\/01\/el-alfarero.jpg","keywords":["3r ESO @es","aprenentatge @es","desenvolupament personal i acad\u00e8mic @es","educaci\u00f3 @es","ensenyament @es","Escola @es","Escola Molina @es","experi\u00e8ncia @es"],"articleSection":["Noticias"],"inLanguage":"es","potentialAction":[{"@type":"CommentAction","name":"Comment","target":["https:\/\/centresmolina.com\/centreensenyament\/es\/2018\/01\/27\/alfarero-la-cultura-del-esfuerzo\/#respond"]}]},{"@type":"WebPage","@id":"https:\/\/centresmolina.com\/centreensenyament\/es\/2018\/01\/27\/alfarero-la-cultura-del-esfuerzo\/","url":"https:\/\/centresmolina.com\/centreensenyament\/es\/2018\/01\/27\/alfarero-la-cultura-del-esfuerzo\/","name":"El alfarero o la cultura del esfuerzo - Centros de ense\u00f1anza","isPartOf":{"@id":"https:\/\/centresmolina.com\/centreensenyament\/#website"},"primaryImageOfPage":{"@id":"https:\/\/centresmolina.com\/centreensenyament\/es\/2018\/01\/27\/alfarero-la-cultura-del-esfuerzo\/#primaryimage"},"image":{"@id":"https:\/\/centresmolina.com\/centreensenyament\/es\/2018\/01\/27\/alfarero-la-cultura-del-esfuerzo\/#primaryimage"},"thumbnailUrl":"https:\/\/centresmolina.com\/centreensenyament\/files\/2018\/01\/el-alfarero.jpg","datePublished":"2018-01-27T09:51:04+00:00","author":{"@id":"https:\/\/centresmolina.com\/centreensenyament\/#\/schema\/person\/308d85d274adff04b5c51d47e8aff6cc"},"breadcrumb":{"@id":"https:\/\/centresmolina.com\/centreensenyament\/es\/2018\/01\/27\/alfarero-la-cultura-del-esfuerzo\/#breadcrumb"},"inLanguage":"es","potentialAction":[{"@type":"ReadAction","target":["https:\/\/centresmolina.com\/centreensenyament\/es\/2018\/01\/27\/alfarero-la-cultura-del-esfuerzo\/"]}]},{"@type":"ImageObject","inLanguage":"es","@id":"https:\/\/centresmolina.com\/centreensenyament\/es\/2018\/01\/27\/alfarero-la-cultura-del-esfuerzo\/#primaryimage","url":"https:\/\/centresmolina.com\/centreensenyament\/files\/2018\/01\/el-alfarero.jpg","contentUrl":"https:\/\/centresmolina.com\/centreensenyament\/files\/2018\/01\/el-alfarero.jpg","width":564,"height":410},{"@type":"BreadcrumbList","@id":"https:\/\/centresmolina.com\/centreensenyament\/es\/2018\/01\/27\/alfarero-la-cultura-del-esfuerzo\/#breadcrumb","itemListElement":[{"@type":"ListItem","position":1,"name":"Portada","item":"https:\/\/centresmolina.com\/centreensenyament\/es\/"},{"@type":"ListItem","position":2,"name":"El alfarero o la cultura del esfuerzo"}]},{"@type":"WebSite","@id":"https:\/\/centresmolina.com\/centreensenyament\/#website","url":"https:\/\/centresmolina.com\/centreensenyament\/","name":"Centros de ense\u00f1anza","description":"Centres Molina - Centros de ense\u00f1anza","potentialAction":[{"@type":"SearchAction","target":{"@type":"EntryPoint","urlTemplate":"https:\/\/centresmolina.com\/centreensenyament\/?s={search_term_string}"},"query-input":{"@type":"PropertyValueSpecification","valueRequired":true,"valueName":"search_term_string"}}],"inLanguage":"es"},{"@type":"Person","@id":"https:\/\/centresmolina.com\/centreensenyament\/#\/schema\/person\/308d85d274adff04b5c51d47e8aff6cc","name":"webmolina","image":{"@type":"ImageObject","inLanguage":"es","@id":"https:\/\/secure.gravatar.com\/avatar\/38db407e1ab9b284bf45e3bff4ec5cf1e034e364f09b2ee054619614662a717b?s=96&d=mm&r=g","url":"https:\/\/secure.gravatar.com\/avatar\/38db407e1ab9b284bf45e3bff4ec5cf1e034e364f09b2ee054619614662a717b?s=96&d=mm&r=g","contentUrl":"https:\/\/secure.gravatar.com\/avatar\/38db407e1ab9b284bf45e3bff4ec5cf1e034e364f09b2ee054619614662a717b?s=96&d=mm&r=g","caption":"webmolina"},"url":"https:\/\/centresmolina.com\/centreensenyament\/es\/author\/webmolina\/"}]}},"_links":{"self":[{"href":"https:\/\/centresmolina.com\/centreensenyament\/es\/wp-json\/wp\/v2\/posts\/6793\/"}],"collection":[{"href":"https:\/\/centresmolina.com\/centreensenyament\/es\/wp-json\/wp\/v2\/posts\/"}],"about":[{"href":"https:\/\/centresmolina.com\/centreensenyament\/es\/wp-json\/wp\/v2\/types\/post\/"}],"author":[{"embeddable":true,"href":"https:\/\/centresmolina.com\/centreensenyament\/es\/wp-json\/wp\/v2\/users\/3\/"}],"replies":[{"embeddable":true,"href":"https:\/\/centresmolina.com\/centreensenyament\/es\/wp-json\/wp\/v2\/comments\/?post=6793"}],"version-history":[{"count":1,"href":"https:\/\/centresmolina.com\/centreensenyament\/es\/wp-json\/wp\/v2\/posts\/6793\/revisions\/"}],"predecessor-version":[{"id":6794,"href":"https:\/\/centresmolina.com\/centreensenyament\/es\/wp-json\/wp\/v2\/posts\/6793\/revisions\/6794\/"}],"wp:featuredmedia":[{"embeddable":true,"href":"https:\/\/centresmolina.com\/centreensenyament\/es\/wp-json\/wp\/v2\/media\/6791\/"}],"wp:attachment":[{"href":"https:\/\/centresmolina.com\/centreensenyament\/es\/wp-json\/wp\/v2\/media\/?parent=6793"}],"wp:term":[{"taxonomy":"category","embeddable":true,"href":"https:\/\/centresmolina.com\/centreensenyament\/es\/wp-json\/wp\/v2\/categories\/?post=6793"},{"taxonomy":"post_tag","embeddable":true,"href":"https:\/\/centresmolina.com\/centreensenyament\/es\/wp-json\/wp\/v2\/tags\/?post=6793"}],"curies":[{"name":"wp","href":"https:\/\/api.w.org\/{rel}","templated":true}]}}