{"id":6814,"date":"2018-01-23T16:50:19","date_gmt":"2018-01-23T16:50:19","guid":{"rendered":"http:\/\/centresmolina.com\/centreensenyament\/2018\/01\/23\/musica-i-tecnologia\/"},"modified":"2018-01-27T17:00:59","modified_gmt":"2018-01-27T17:00:59","slug":"musica-i-tecnologia","status":"publish","type":"post","link":"https:\/\/centresmolina.com\/centreensenyament\/es\/2018\/01\/23\/musica-i-tecnologia\/","title":{"rendered":"M\u00daSICA Y TECNOLOG\u00cdA"},"content":{"rendered":"<p>De la mano de la profesora de M\u00fasica Rebeca y de su colaborador Jordi Pulpillo, el alumnado de 3\u00ba de ESO ha disfrutado de un Taller de M\u00fasica y Tecnolog\u00eda.<\/p>\n\n\n<p>\u00a1Participativos, atentos y contentos con este din\u00e1mico Taller de M\u00fasica!<\/p>\n\n\t\t<style type=\"text\/css\">\n\t\t\t#gallery-3 {\n\t\t\t\tmargin: auto;\n\t\t\t}\n\t\t\t#gallery-3 .gallery-item {\n\t\t\t\tfloat: left;\n\t\t\t\tmargin-top: 10px;\n\t\t\t\ttext-align: center;\n\t\t\t\twidth: 50%;\n\t\t\t}\n\t\t\t#gallery-3 img {\n\t\t\t\tborder: 2px solid #cfcfcf;\n\t\t\t}\n\t\t\t#gallery-3 .gallery-caption {\n\t\t\t\tmargin-left: 0;\n\t\t\t}\n\t\t\t\/* see gallery_shortcode() in wp-includes\/media.php *\/\n\t\t<\/style>\n\t\t<div id='gallery-3' class='gallery galleryid-6814 gallery-columns-2 gallery-size-full'><dl class='gallery-item'>\n\t\t\t<dt class='gallery-icon landscape'>\n\t\t\t\t<a href='https:\/\/centresmolina.com\/centreensenyament\/files\/2018\/01\/Taller-M\u00fasica-i-Tecnologia-1.jpeg'><img loading=\"lazy\" decoding=\"async\" width=\"1280\" height=\"720\" src=\"https:\/\/centresmolina.com\/centreensenyament\/files\/2018\/01\/Taller-M\u00fasica-i-Tecnologia-1.jpeg\" class=\"attachment-full size-full\" alt=\"\" srcset=\"https:\/\/centresmolina.com\/centreensenyament\/files\/2018\/01\/Taller-M\u00fasica-i-Tecnologia-1.jpeg 1280w, https:\/\/centresmolina.com\/centreensenyament\/files\/2018\/01\/Taller-M\u00fasica-i-Tecnologia-1-300x169.jpeg 300w, https:\/\/centresmolina.com\/centreensenyament\/files\/2018\/01\/Taller-M\u00fasica-i-Tecnologia-1-768x432.jpeg 768w, https:\/\/centresmolina.com\/centreensenyament\/files\/2018\/01\/Taller-M\u00fasica-i-Tecnologia-1-1024x576.jpeg 1024w\" sizes=\"auto, (max-width: 1280px) 100vw, 1280px\" \/><\/a>\n\t\t\t<\/dt><\/dl><dl class='gallery-item'>\n\t\t\t<dt class='gallery-icon landscape'>\n\t\t\t\t<a href='https:\/\/centresmolina.com\/centreensenyament\/files\/2018\/01\/Taller-M\u00fasica-i-Tecnologia-2.jpeg'><img loading=\"lazy\" decoding=\"async\" width=\"1280\" height=\"720\" src=\"https:\/\/centresmolina.com\/centreensenyament\/files\/2018\/01\/Taller-M\u00fasica-i-Tecnologia-2.jpeg\" class=\"attachment-full size-full\" alt=\"\" srcset=\"https:\/\/centresmolina.com\/centreensenyament\/files\/2018\/01\/Taller-M\u00fasica-i-Tecnologia-2.jpeg 1280w, https:\/\/centresmolina.com\/centreensenyament\/files\/2018\/01\/Taller-M\u00fasica-i-Tecnologia-2-300x169.jpeg 300w, https:\/\/centresmolina.com\/centreensenyament\/files\/2018\/01\/Taller-M\u00fasica-i-Tecnologia-2-768x432.jpeg 768w, https:\/\/centresmolina.com\/centreensenyament\/files\/2018\/01\/Taller-M\u00fasica-i-Tecnologia-2-1024x576.jpeg 1024w\" sizes=\"auto, (max-width: 1280px) 100vw, 1280px\" \/><\/a>\n\t\t\t<\/dt><\/dl><br style=\"clear: both\" \/><dl class='gallery-item'>\n\t\t\t<dt class='gallery-icon landscape'>\n\t\t\t\t<a href='https:\/\/centresmolina.com\/centreensenyament\/files\/2018\/01\/Taller-M\u00fasica-i-Tecnologia-3.jpeg'><img loading=\"lazy\" decoding=\"async\" width=\"1280\" height=\"720\" src=\"https:\/\/centresmolina.com\/centreensenyament\/files\/2018\/01\/Taller-M\u00fasica-i-Tecnologia-3.jpeg\" class=\"attachment-full size-full\" alt=\"\" srcset=\"https:\/\/centresmolina.com\/centreensenyament\/files\/2018\/01\/Taller-M\u00fasica-i-Tecnologia-3.jpeg 1280w, https:\/\/centresmolina.com\/centreensenyament\/files\/2018\/01\/Taller-M\u00fasica-i-Tecnologia-3-300x169.jpeg 300w, https:\/\/centresmolina.com\/centreensenyament\/files\/2018\/01\/Taller-M\u00fasica-i-Tecnologia-3-768x432.jpeg 768w, https:\/\/centresmolina.com\/centreensenyament\/files\/2018\/01\/Taller-M\u00fasica-i-Tecnologia-3-1024x576.jpeg 1024w\" sizes=\"auto, (max-width: 1280px) 100vw, 1280px\" \/><\/a>\n\t\t\t<\/dt><\/dl><dl class='gallery-item'>\n\t\t\t<dt class='gallery-icon landscape'>\n\t\t\t\t<a href='https:\/\/centresmolina.com\/centreensenyament\/files\/2018\/01\/Taller-M\u00fasica-i-Tecnologia-4.jpeg'><img loading=\"lazy\" decoding=\"async\" width=\"1280\" height=\"720\" src=\"https:\/\/centresmolina.com\/centreensenyament\/files\/2018\/01\/Taller-M\u00fasica-i-Tecnologia-4.jpeg\" class=\"attachment-full size-full\" alt=\"\" srcset=\"https:\/\/centresmolina.com\/centreensenyament\/files\/2018\/01\/Taller-M\u00fasica-i-Tecnologia-4.jpeg 1280w, https:\/\/centresmolina.com\/centreensenyament\/files\/2018\/01\/Taller-M\u00fasica-i-Tecnologia-4-300x169.jpeg 300w, https:\/\/centresmolina.com\/centreensenyament\/files\/2018\/01\/Taller-M\u00fasica-i-Tecnologia-4-768x432.jpeg 768w, https:\/\/centresmolina.com\/centreensenyament\/files\/2018\/01\/Taller-M\u00fasica-i-Tecnologia-4-1024x576.jpeg 1024w\" sizes=\"auto, (max-width: 1280px) 100vw, 1280px\" \/><\/a>\n\t\t\t<\/dt><\/dl><br style=\"clear: both\" \/><dl class='gallery-item'>\n\t\t\t<dt class='gallery-icon landscape'>\n\t\t\t\t<a href='https:\/\/centresmolina.com\/centreensenyament\/files\/2018\/01\/Taller-M\u00fasica-i-Tecnologia-5.jpeg'><img loading=\"lazy\" decoding=\"async\" width=\"1280\" height=\"720\" src=\"https:\/\/centresmolina.com\/centreensenyament\/files\/2018\/01\/Taller-M\u00fasica-i-Tecnologia-5.jpeg\" class=\"attachment-full size-full\" alt=\"\" srcset=\"https:\/\/centresmolina.com\/centreensenyament\/files\/2018\/01\/Taller-M\u00fasica-i-Tecnologia-5.jpeg 1280w, https:\/\/centresmolina.com\/centreensenyament\/files\/2018\/01\/Taller-M\u00fasica-i-Tecnologia-5-300x169.jpeg 300w, https:\/\/centresmolina.com\/centreensenyament\/files\/2018\/01\/Taller-M\u00fasica-i-Tecnologia-5-768x432.jpeg 768w, https:\/\/centresmolina.com\/centreensenyament\/files\/2018\/01\/Taller-M\u00fasica-i-Tecnologia-5-1024x576.jpeg 1024w\" sizes=\"auto, (max-width: 1280px) 100vw, 1280px\" \/><\/a>\n\t\t\t<\/dt><\/dl><dl class='gallery-item'>\n\t\t\t<dt class='gallery-icon landscape'>\n\t\t\t\t<a href='https:\/\/centresmolina.com\/centreensenyament\/files\/2018\/01\/Taller-M\u00fasica-i-Tecnologia-6.jpeg'><img loading=\"lazy\" decoding=\"async\" width=\"1280\" height=\"720\" src=\"https:\/\/centresmolina.com\/centreensenyament\/files\/2018\/01\/Taller-M\u00fasica-i-Tecnologia-6.jpeg\" class=\"attachment-full size-full\" alt=\"\" srcset=\"https:\/\/centresmolina.com\/centreensenyament\/files\/2018\/01\/Taller-M\u00fasica-i-Tecnologia-6.jpeg 1280w, https:\/\/centresmolina.com\/centreensenyament\/files\/2018\/01\/Taller-M\u00fasica-i-Tecnologia-6-300x169.jpeg 300w, https:\/\/centresmolina.com\/centreensenyament\/files\/2018\/01\/Taller-M\u00fasica-i-Tecnologia-6-768x432.jpeg 768w, https:\/\/centresmolina.com\/centreensenyament\/files\/2018\/01\/Taller-M\u00fasica-i-Tecnologia-6-1024x576.jpeg 1024w\" sizes=\"auto, (max-width: 1280px) 100vw, 1280px\" \/><\/a>\n\t\t\t<\/dt><\/dl><br style=\"clear: both\" \/><dl class='gallery-item'>\n\t\t\t<dt class='gallery-icon landscape'>\n\t\t\t\t<a href='https:\/\/centresmolina.com\/centreensenyament\/files\/2018\/01\/Taller-M\u00fasica-i-Tecnologia-7.jpeg'><img loading=\"lazy\" decoding=\"async\" width=\"1280\" height=\"720\" src=\"https:\/\/centresmolina.com\/centreensenyament\/files\/2018\/01\/Taller-M\u00fasica-i-Tecnologia-7.jpeg\" class=\"attachment-full size-full\" alt=\"\" srcset=\"https:\/\/centresmolina.com\/centreensenyament\/files\/2018\/01\/Taller-M\u00fasica-i-Tecnologia-7.jpeg 1280w, https:\/\/centresmolina.com\/centreensenyament\/files\/2018\/01\/Taller-M\u00fasica-i-Tecnologia-7-300x169.jpeg 300w, https:\/\/centresmolina.com\/centreensenyament\/files\/2018\/01\/Taller-M\u00fasica-i-Tecnologia-7-768x432.jpeg 768w, https:\/\/centresmolina.com\/centreensenyament\/files\/2018\/01\/Taller-M\u00fasica-i-Tecnologia-7-1024x576.jpeg 1024w\" sizes=\"auto, (max-width: 1280px) 100vw, 1280px\" \/><\/a>\n\t\t\t<\/dt><\/dl><dl class='gallery-item'>\n\t\t\t<dt class='gallery-icon landscape'>\n\t\t\t\t<a href='https:\/\/centresmolina.com\/centreensenyament\/files\/2018\/01\/Taller-M\u00fasica-i-Tecnologia-8.jpeg'><img loading=\"lazy\" decoding=\"async\" width=\"1280\" height=\"720\" src=\"https:\/\/centresmolina.com\/centreensenyament\/files\/2018\/01\/Taller-M\u00fasica-i-Tecnologia-8.jpeg\" class=\"attachment-full size-full\" alt=\"\" srcset=\"https:\/\/centresmolina.com\/centreensenyament\/files\/2018\/01\/Taller-M\u00fasica-i-Tecnologia-8.jpeg 1280w, https:\/\/centresmolina.com\/centreensenyament\/files\/2018\/01\/Taller-M\u00fasica-i-Tecnologia-8-300x169.jpeg 300w, https:\/\/centresmolina.com\/centreensenyament\/files\/2018\/01\/Taller-M\u00fasica-i-Tecnologia-8-768x432.jpeg 768w, https:\/\/centresmolina.com\/centreensenyament\/files\/2018\/01\/Taller-M\u00fasica-i-Tecnologia-8-1024x576.jpeg 1024w\" sizes=\"auto, (max-width: 1280px) 100vw, 1280px\" \/><\/a>\n\t\t\t<\/dt><\/dl><br style=\"clear: both\" \/><dl class='gallery-item'>\n\t\t\t<dt class='gallery-icon landscape'>\n\t\t\t\t<a href='https:\/\/centresmolina.com\/centreensenyament\/files\/2018\/01\/Taller-M\u00fasica-i-Tecnologia-9.jpeg'><img loading=\"lazy\" decoding=\"async\" width=\"1280\" height=\"720\" src=\"https:\/\/centresmolina.com\/centreensenyament\/files\/2018\/01\/Taller-M\u00fasica-i-Tecnologia-9.jpeg\" class=\"attachment-full size-full\" alt=\"\" srcset=\"https:\/\/centresmolina.com\/centreensenyament\/files\/2018\/01\/Taller-M\u00fasica-i-Tecnologia-9.jpeg 1280w, https:\/\/centresmolina.com\/centreensenyament\/files\/2018\/01\/Taller-M\u00fasica-i-Tecnologia-9-300x169.jpeg 300w, https:\/\/centresmolina.com\/centreensenyament\/files\/2018\/01\/Taller-M\u00fasica-i-Tecnologia-9-768x432.jpeg 768w, https:\/\/centresmolina.com\/centreensenyament\/files\/2018\/01\/Taller-M\u00fasica-i-Tecnologia-9-1024x576.jpeg 1024w\" sizes=\"auto, (max-width: 1280px) 100vw, 1280px\" \/><\/a>\n\t\t\t<\/dt><\/dl><dl class='gallery-item'>\n\t\t\t<dt class='gallery-icon landscape'>\n\t\t\t\t<a href='https:\/\/centresmolina.com\/centreensenyament\/files\/2018\/01\/Taller-M\u00fasica-i-Tecnologia-10.jpeg'><img loading=\"lazy\" decoding=\"async\" width=\"1280\" height=\"720\" src=\"https:\/\/centresmolina.com\/centreensenyament\/files\/2018\/01\/Taller-M\u00fasica-i-Tecnologia-10.jpeg\" class=\"attachment-full size-full\" alt=\"\" srcset=\"https:\/\/centresmolina.com\/centreensenyament\/files\/2018\/01\/Taller-M\u00fasica-i-Tecnologia-10.jpeg 1280w, https:\/\/centresmolina.com\/centreensenyament\/files\/2018\/01\/Taller-M\u00fasica-i-Tecnologia-10-300x169.jpeg 300w, https:\/\/centresmolina.com\/centreensenyament\/files\/2018\/01\/Taller-M\u00fasica-i-Tecnologia-10-768x432.jpeg 768w, https:\/\/centresmolina.com\/centreensenyament\/files\/2018\/01\/Taller-M\u00fasica-i-Tecnologia-10-1024x576.jpeg 1024w\" sizes=\"auto, (max-width: 1280px) 100vw, 1280px\" \/><\/a>\n\t\t\t<\/dt><\/dl><br style=\"clear: both\" \/>\n\t\t<\/div>\n\n<p>&nbsp;<\/p>\n","protected":false},"excerpt":{"rendered":"<p>De la mano de la profesora de M\u00fasica Rebeca y de su colaborador Jordi Pulpillo, el alumnado de 3\u00ba de&#8230;<\/p>\n","protected":false},"author":3,"featured_media":6812,"comment_status":"open","ping_status":"open","sticky":false,"template":"","format":"standard","meta":{"footnotes":""},"categories":[15],"tags":[111,69,62,64,70,60,23,34,74,72,61,208,2499],"class_list":["post-6814","post","type-post","status-publish","format-standard","has-post-thumbnail","hentry","category-noticias-2","tag-3r-eso-es","tag-aprenentatge-es","tag-educacio-es","tag-educacio-secundaria-obligatoria-es","tag-ensenyament-es","tag-escola-es","tag-escola-molina-es","tag-eso-es","tag-estil-propi-es","tag-experiencia-es","tag-molina-es","tag-musica-es","tag-taller-de-musica-es"],"yoast_head":"<!-- This site is optimized with the Yoast SEO plugin v27.2 - https:\/\/yoast.com\/product\/yoast-seo-wordpress\/ -->\n<title>M\u00daSICA Y TECNOLOG\u00cdA - Centros de ense\u00f1anza<\/title>\n<meta name=\"robots\" content=\"index, follow, max-snippet:-1, max-image-preview:large, max-video-preview:-1\" \/>\n<link rel=\"canonical\" href=\"https:\/\/centresmolina.com\/centreensenyament\/es\/2018\/01\/23\/musica-i-tecnologia\/\" \/>\n<meta property=\"og:locale\" content=\"es_ES\" \/>\n<meta property=\"og:type\" content=\"article\" \/>\n<meta property=\"og:title\" content=\"M\u00daSICA Y TECNOLOG\u00cdA - Centros de ense\u00f1anza\" \/>\n<meta property=\"og:description\" content=\"De la mano de la profesora de M\u00fasica Rebeca y de su colaborador Jordi Pulpillo, el alumnado de 3\u00ba de...\" \/>\n<meta property=\"og:url\" content=\"https:\/\/centresmolina.com\/centreensenyament\/es\/2018\/01\/23\/musica-i-tecnologia\/\" \/>\n<meta property=\"og:site_name\" content=\"Centros de ense\u00f1anza\" \/>\n<meta property=\"article:published_time\" content=\"2018-01-23T16:50:19+00:00\" \/>\n<meta property=\"article:modified_time\" content=\"2018-01-27T17:00:59+00:00\" \/>\n<meta property=\"og:image\" content=\"https:\/\/centresmolina.com\/centreensenyament\/files\/2018\/01\/hqdefault.jpg\" \/>\n\t<meta property=\"og:image:width\" content=\"480\" \/>\n\t<meta property=\"og:image:height\" content=\"360\" \/>\n\t<meta property=\"og:image:type\" content=\"image\/jpeg\" \/>\n<meta name=\"author\" content=\"webmolina\" \/>\n<meta name=\"twitter:label1\" content=\"Escrito por\" \/>\n\t<meta name=\"twitter:data1\" content=\"webmolina\" \/>\n<script type=\"application\/ld+json\" class=\"yoast-schema-graph\">{\"@context\":\"https:\/\/schema.org\",\"@graph\":[{\"@type\":\"Article\",\"@id\":\"https:\/\/centresmolina.com\/centreensenyament\/es\/2018\/01\/23\/musica-i-tecnologia\/#article\",\"isPartOf\":{\"@id\":\"https:\/\/centresmolina.com\/centreensenyament\/es\/2018\/01\/23\/musica-i-tecnologia\/\"},\"author\":{\"name\":\"webmolina\",\"@id\":\"https:\/\/centresmolina.com\/centreensenyament\/#\/schema\/person\/308d85d274adff04b5c51d47e8aff6cc\"},\"headline\":\"M\u00daSICA Y TECNOLOG\u00cdA\",\"datePublished\":\"2018-01-23T16:50:19+00:00\",\"dateModified\":\"2018-01-27T17:00:59+00:00\",\"mainEntityOfPage\":{\"@id\":\"https:\/\/centresmolina.com\/centreensenyament\/es\/2018\/01\/23\/musica-i-tecnologia\/\"},\"wordCount\":71,\"commentCount\":0,\"image\":{\"@id\":\"https:\/\/centresmolina.com\/centreensenyament\/es\/2018\/01\/23\/musica-i-tecnologia\/#primaryimage\"},\"thumbnailUrl\":\"https:\/\/centresmolina.com\/centreensenyament\/files\/2018\/01\/hqdefault.jpg\",\"keywords\":[\"3r ESO @es\",\"aprenentatge @es\",\"educaci\u00f3 @es\",\"educaci\u00f3 secund\u00e0ria obligat\u00f2ria @es\",\"ensenyament @es\",\"Escola @es\",\"Escola Molina @es\",\"ESO @es\",\"estil propi @es\",\"experi\u00e8ncia @es\",\"Molina @es\",\"M\u00fasica\",\"Taller de M\u00fasica\"],\"articleSection\":[\"Noticias\"],\"inLanguage\":\"es\",\"potentialAction\":[{\"@type\":\"CommentAction\",\"name\":\"Comment\",\"target\":[\"https:\/\/centresmolina.com\/centreensenyament\/es\/2018\/01\/23\/musica-i-tecnologia\/#respond\"]}]},{\"@type\":\"WebPage\",\"@id\":\"https:\/\/centresmolina.com\/centreensenyament\/es\/2018\/01\/23\/musica-i-tecnologia\/\",\"url\":\"https:\/\/centresmolina.com\/centreensenyament\/es\/2018\/01\/23\/musica-i-tecnologia\/\",\"name\":\"M\u00daSICA Y TECNOLOG\u00cdA - Centros de ense\u00f1anza\",\"isPartOf\":{\"@id\":\"https:\/\/centresmolina.com\/centreensenyament\/#website\"},\"primaryImageOfPage\":{\"@id\":\"https:\/\/centresmolina.com\/centreensenyament\/es\/2018\/01\/23\/musica-i-tecnologia\/#primaryimage\"},\"image\":{\"@id\":\"https:\/\/centresmolina.com\/centreensenyament\/es\/2018\/01\/23\/musica-i-tecnologia\/#primaryimage\"},\"thumbnailUrl\":\"https:\/\/centresmolina.com\/centreensenyament\/files\/2018\/01\/hqdefault.jpg\",\"datePublished\":\"2018-01-23T16:50:19+00:00\",\"dateModified\":\"2018-01-27T17:00:59+00:00\",\"author\":{\"@id\":\"https:\/\/centresmolina.com\/centreensenyament\/#\/schema\/person\/308d85d274adff04b5c51d47e8aff6cc\"},\"breadcrumb\":{\"@id\":\"https:\/\/centresmolina.com\/centreensenyament\/es\/2018\/01\/23\/musica-i-tecnologia\/#breadcrumb\"},\"inLanguage\":\"es\",\"potentialAction\":[{\"@type\":\"ReadAction\",\"target\":[\"https:\/\/centresmolina.com\/centreensenyament\/es\/2018\/01\/23\/musica-i-tecnologia\/\"]}]},{\"@type\":\"ImageObject\",\"inLanguage\":\"es\",\"@id\":\"https:\/\/centresmolina.com\/centreensenyament\/es\/2018\/01\/23\/musica-i-tecnologia\/#primaryimage\",\"url\":\"https:\/\/centresmolina.com\/centreensenyament\/files\/2018\/01\/hqdefault.jpg\",\"contentUrl\":\"https:\/\/centresmolina.com\/centreensenyament\/files\/2018\/01\/hqdefault.jpg\",\"width\":480,\"height\":360},{\"@type\":\"BreadcrumbList\",\"@id\":\"https:\/\/centresmolina.com\/centreensenyament\/es\/2018\/01\/23\/musica-i-tecnologia\/#breadcrumb\",\"itemListElement\":[{\"@type\":\"ListItem\",\"position\":1,\"name\":\"Portada\",\"item\":\"https:\/\/centresmolina.com\/centreensenyament\/es\/\"},{\"@type\":\"ListItem\",\"position\":2,\"name\":\"M\u00daSICA Y TECNOLOG\u00cdA\"}]},{\"@type\":\"WebSite\",\"@id\":\"https:\/\/centresmolina.com\/centreensenyament\/#website\",\"url\":\"https:\/\/centresmolina.com\/centreensenyament\/\",\"name\":\"Centros de ense\u00f1anza\",\"description\":\"Centres Molina - Centros de ense\u00f1anza\",\"potentialAction\":[{\"@type\":\"SearchAction\",\"target\":{\"@type\":\"EntryPoint\",\"urlTemplate\":\"https:\/\/centresmolina.com\/centreensenyament\/?s={search_term_string}\"},\"query-input\":{\"@type\":\"PropertyValueSpecification\",\"valueRequired\":true,\"valueName\":\"search_term_string\"}}],\"inLanguage\":\"es\"},{\"@type\":\"Person\",\"@id\":\"https:\/\/centresmolina.com\/centreensenyament\/#\/schema\/person\/308d85d274adff04b5c51d47e8aff6cc\",\"name\":\"webmolina\",\"image\":{\"@type\":\"ImageObject\",\"inLanguage\":\"es\",\"@id\":\"https:\/\/secure.gravatar.com\/avatar\/38db407e1ab9b284bf45e3bff4ec5cf1e034e364f09b2ee054619614662a717b?s=96&d=mm&r=g\",\"url\":\"https:\/\/secure.gravatar.com\/avatar\/38db407e1ab9b284bf45e3bff4ec5cf1e034e364f09b2ee054619614662a717b?s=96&d=mm&r=g\",\"contentUrl\":\"https:\/\/secure.gravatar.com\/avatar\/38db407e1ab9b284bf45e3bff4ec5cf1e034e364f09b2ee054619614662a717b?s=96&d=mm&r=g\",\"caption\":\"webmolina\"},\"url\":\"https:\/\/centresmolina.com\/centreensenyament\/es\/author\/webmolina\/\"}]}<\/script>\n<!-- \/ Yoast SEO plugin. -->","yoast_head_json":{"title":"M\u00daSICA Y TECNOLOG\u00cdA - Centros de ense\u00f1anza","robots":{"index":"index","follow":"follow","max-snippet":"max-snippet:-1","max-image-preview":"max-image-preview:large","max-video-preview":"max-video-preview:-1"},"canonical":"https:\/\/centresmolina.com\/centreensenyament\/es\/2018\/01\/23\/musica-i-tecnologia\/","og_locale":"es_ES","og_type":"article","og_title":"M\u00daSICA Y TECNOLOG\u00cdA - Centros de ense\u00f1anza","og_description":"De la mano de la profesora de M\u00fasica Rebeca y de su colaborador Jordi Pulpillo, el alumnado de 3\u00ba de...","og_url":"https:\/\/centresmolina.com\/centreensenyament\/es\/2018\/01\/23\/musica-i-tecnologia\/","og_site_name":"Centros de ense\u00f1anza","article_published_time":"2018-01-23T16:50:19+00:00","article_modified_time":"2018-01-27T17:00:59+00:00","og_image":[{"width":480,"height":360,"url":"https:\/\/centresmolina.com\/centreensenyament\/files\/2018\/01\/hqdefault.jpg","type":"image\/jpeg"}],"author":"webmolina","twitter_misc":{"Escrito por":"webmolina"},"schema":{"@context":"https:\/\/schema.org","@graph":[{"@type":"Article","@id":"https:\/\/centresmolina.com\/centreensenyament\/es\/2018\/01\/23\/musica-i-tecnologia\/#article","isPartOf":{"@id":"https:\/\/centresmolina.com\/centreensenyament\/es\/2018\/01\/23\/musica-i-tecnologia\/"},"author":{"name":"webmolina","@id":"https:\/\/centresmolina.com\/centreensenyament\/#\/schema\/person\/308d85d274adff04b5c51d47e8aff6cc"},"headline":"M\u00daSICA Y TECNOLOG\u00cdA","datePublished":"2018-01-23T16:50:19+00:00","dateModified":"2018-01-27T17:00:59+00:00","mainEntityOfPage":{"@id":"https:\/\/centresmolina.com\/centreensenyament\/es\/2018\/01\/23\/musica-i-tecnologia\/"},"wordCount":71,"commentCount":0,"image":{"@id":"https:\/\/centresmolina.com\/centreensenyament\/es\/2018\/01\/23\/musica-i-tecnologia\/#primaryimage"},"thumbnailUrl":"https:\/\/centresmolina.com\/centreensenyament\/files\/2018\/01\/hqdefault.jpg","keywords":["3r ESO @es","aprenentatge @es","educaci\u00f3 @es","educaci\u00f3 secund\u00e0ria obligat\u00f2ria @es","ensenyament @es","Escola @es","Escola Molina @es","ESO @es","estil propi @es","experi\u00e8ncia @es","Molina @es","M\u00fasica","Taller de M\u00fasica"],"articleSection":["Noticias"],"inLanguage":"es","potentialAction":[{"@type":"CommentAction","name":"Comment","target":["https:\/\/centresmolina.com\/centreensenyament\/es\/2018\/01\/23\/musica-i-tecnologia\/#respond"]}]},{"@type":"WebPage","@id":"https:\/\/centresmolina.com\/centreensenyament\/es\/2018\/01\/23\/musica-i-tecnologia\/","url":"https:\/\/centresmolina.com\/centreensenyament\/es\/2018\/01\/23\/musica-i-tecnologia\/","name":"M\u00daSICA Y TECNOLOG\u00cdA - Centros de ense\u00f1anza","isPartOf":{"@id":"https:\/\/centresmolina.com\/centreensenyament\/#website"},"primaryImageOfPage":{"@id":"https:\/\/centresmolina.com\/centreensenyament\/es\/2018\/01\/23\/musica-i-tecnologia\/#primaryimage"},"image":{"@id":"https:\/\/centresmolina.com\/centreensenyament\/es\/2018\/01\/23\/musica-i-tecnologia\/#primaryimage"},"thumbnailUrl":"https:\/\/centresmolina.com\/centreensenyament\/files\/2018\/01\/hqdefault.jpg","datePublished":"2018-01-23T16:50:19+00:00","dateModified":"2018-01-27T17:00:59+00:00","author":{"@id":"https:\/\/centresmolina.com\/centreensenyament\/#\/schema\/person\/308d85d274adff04b5c51d47e8aff6cc"},"breadcrumb":{"@id":"https:\/\/centresmolina.com\/centreensenyament\/es\/2018\/01\/23\/musica-i-tecnologia\/#breadcrumb"},"inLanguage":"es","potentialAction":[{"@type":"ReadAction","target":["https:\/\/centresmolina.com\/centreensenyament\/es\/2018\/01\/23\/musica-i-tecnologia\/"]}]},{"@type":"ImageObject","inLanguage":"es","@id":"https:\/\/centresmolina.com\/centreensenyament\/es\/2018\/01\/23\/musica-i-tecnologia\/#primaryimage","url":"https:\/\/centresmolina.com\/centreensenyament\/files\/2018\/01\/hqdefault.jpg","contentUrl":"https:\/\/centresmolina.com\/centreensenyament\/files\/2018\/01\/hqdefault.jpg","width":480,"height":360},{"@type":"BreadcrumbList","@id":"https:\/\/centresmolina.com\/centreensenyament\/es\/2018\/01\/23\/musica-i-tecnologia\/#breadcrumb","itemListElement":[{"@type":"ListItem","position":1,"name":"Portada","item":"https:\/\/centresmolina.com\/centreensenyament\/es\/"},{"@type":"ListItem","position":2,"name":"M\u00daSICA Y TECNOLOG\u00cdA"}]},{"@type":"WebSite","@id":"https:\/\/centresmolina.com\/centreensenyament\/#website","url":"https:\/\/centresmolina.com\/centreensenyament\/","name":"Centros de ense\u00f1anza","description":"Centres Molina - Centros de ense\u00f1anza","potentialAction":[{"@type":"SearchAction","target":{"@type":"EntryPoint","urlTemplate":"https:\/\/centresmolina.com\/centreensenyament\/?s={search_term_string}"},"query-input":{"@type":"PropertyValueSpecification","valueRequired":true,"valueName":"search_term_string"}}],"inLanguage":"es"},{"@type":"Person","@id":"https:\/\/centresmolina.com\/centreensenyament\/#\/schema\/person\/308d85d274adff04b5c51d47e8aff6cc","name":"webmolina","image":{"@type":"ImageObject","inLanguage":"es","@id":"https:\/\/secure.gravatar.com\/avatar\/38db407e1ab9b284bf45e3bff4ec5cf1e034e364f09b2ee054619614662a717b?s=96&d=mm&r=g","url":"https:\/\/secure.gravatar.com\/avatar\/38db407e1ab9b284bf45e3bff4ec5cf1e034e364f09b2ee054619614662a717b?s=96&d=mm&r=g","contentUrl":"https:\/\/secure.gravatar.com\/avatar\/38db407e1ab9b284bf45e3bff4ec5cf1e034e364f09b2ee054619614662a717b?s=96&d=mm&r=g","caption":"webmolina"},"url":"https:\/\/centresmolina.com\/centreensenyament\/es\/author\/webmolina\/"}]}},"_links":{"self":[{"href":"https:\/\/centresmolina.com\/centreensenyament\/es\/wp-json\/wp\/v2\/posts\/6814\/"}],"collection":[{"href":"https:\/\/centresmolina.com\/centreensenyament\/es\/wp-json\/wp\/v2\/posts\/"}],"about":[{"href":"https:\/\/centresmolina.com\/centreensenyament\/es\/wp-json\/wp\/v2\/types\/post\/"}],"author":[{"embeddable":true,"href":"https:\/\/centresmolina.com\/centreensenyament\/es\/wp-json\/wp\/v2\/users\/3\/"}],"replies":[{"embeddable":true,"href":"https:\/\/centresmolina.com\/centreensenyament\/es\/wp-json\/wp\/v2\/comments\/?post=6814"}],"version-history":[{"count":3,"href":"https:\/\/centresmolina.com\/centreensenyament\/es\/wp-json\/wp\/v2\/posts\/6814\/revisions\/"}],"predecessor-version":[{"id":6818,"href":"https:\/\/centresmolina.com\/centreensenyament\/es\/wp-json\/wp\/v2\/posts\/6814\/revisions\/6818\/"}],"wp:featuredmedia":[{"embeddable":true,"href":"https:\/\/centresmolina.com\/centreensenyament\/es\/wp-json\/wp\/v2\/media\/6812\/"}],"wp:attachment":[{"href":"https:\/\/centresmolina.com\/centreensenyament\/es\/wp-json\/wp\/v2\/media\/?parent=6814"}],"wp:term":[{"taxonomy":"category","embeddable":true,"href":"https:\/\/centresmolina.com\/centreensenyament\/es\/wp-json\/wp\/v2\/categories\/?post=6814"},{"taxonomy":"post_tag","embeddable":true,"href":"https:\/\/centresmolina.com\/centreensenyament\/es\/wp-json\/wp\/v2\/tags\/?post=6814"}],"curies":[{"name":"wp","href":"https:\/\/api.w.org\/{rel}","templated":true}]}}