{"id":6924,"date":"2018-01-31T17:08:30","date_gmt":"2018-01-31T17:08:30","guid":{"rendered":"http:\/\/centresmolina.com\/centreensenyament\/2018\/01\/31\/4-participa-una-xerrada-al-parc-recerca-biomedica-barcelona\/"},"modified":"2018-02-25T10:02:49","modified_gmt":"2018-02-25T10:02:49","slug":"4-participa-una-xerrada-al-parc-recerca-biomedica-barcelona","status":"publish","type":"post","link":"https:\/\/centresmolina.com\/centreensenyament\/es\/2018\/01\/31\/4-participa-una-xerrada-al-parc-recerca-biomedica-barcelona\/","title":{"rendered":"ESO 4 participa en una conferencia en el Parc de Recerca Biom\u00e8dica de Barcelona"},"content":{"rendered":"<p>&nbsp;<\/p>\n\n\t\t<style type=\"text\/css\">\n\t\t\t#gallery-1 {\n\t\t\t\tmargin: auto;\n\t\t\t}\n\t\t\t#gallery-1 .gallery-item {\n\t\t\t\tfloat: left;\n\t\t\t\tmargin-top: 10px;\n\t\t\t\ttext-align: center;\n\t\t\t\twidth: 50%;\n\t\t\t}\n\t\t\t#gallery-1 img {\n\t\t\t\tborder: 2px solid #cfcfcf;\n\t\t\t}\n\t\t\t#gallery-1 .gallery-caption {\n\t\t\t\tmargin-left: 0;\n\t\t\t}\n\t\t\t\/* see gallery_shortcode() in wp-includes\/media.php *\/\n\t\t<\/style>\n\t\t<div id='gallery-1' class='gallery galleryid-6924 gallery-columns-2 gallery-size-medium'><dl class='gallery-item'>\n\t\t\t<dt class='gallery-icon landscape'>\n\t\t\t\t<a href='https:\/\/centresmolina.com\/centreensenyament\/files\/2018\/02\/Confer\u00e8ncia-PBRR-ESO4.jpg'><img loading=\"lazy\" decoding=\"async\" width=\"300\" height=\"225\" src=\"https:\/\/centresmolina.com\/centreensenyament\/files\/2018\/02\/Confer\u00e8ncia-PBRR-ESO4-300x225.jpg\" class=\"attachment-medium size-medium\" alt=\"\" srcset=\"https:\/\/centresmolina.com\/centreensenyament\/files\/2018\/02\/Confer\u00e8ncia-PBRR-ESO4-300x225.jpg 300w, https:\/\/centresmolina.com\/centreensenyament\/files\/2018\/02\/Confer\u00e8ncia-PBRR-ESO4-768x576.jpg 768w, https:\/\/centresmolina.com\/centreensenyament\/files\/2018\/02\/Confer\u00e8ncia-PBRR-ESO4.jpg 960w\" sizes=\"auto, (max-width: 300px) 100vw, 300px\" \/><\/a>\n\t\t\t<\/dt><\/dl><dl class='gallery-item'>\n\t\t\t<dt class='gallery-icon landscape'>\n\t\t\t\t<a href='https:\/\/centresmolina.com\/centreensenyament\/files\/2018\/02\/Confer\u00e8ncia-PBRR-ESO4-3.jpg'><img loading=\"lazy\" decoding=\"async\" width=\"300\" height=\"225\" src=\"https:\/\/centresmolina.com\/centreensenyament\/files\/2018\/02\/Confer\u00e8ncia-PBRR-ESO4-3-300x225.jpg\" class=\"attachment-medium size-medium\" alt=\"\" srcset=\"https:\/\/centresmolina.com\/centreensenyament\/files\/2018\/02\/Confer\u00e8ncia-PBRR-ESO4-3-300x225.jpg 300w, https:\/\/centresmolina.com\/centreensenyament\/files\/2018\/02\/Confer\u00e8ncia-PBRR-ESO4-3-768x576.jpg 768w, https:\/\/centresmolina.com\/centreensenyament\/files\/2018\/02\/Confer\u00e8ncia-PBRR-ESO4-3.jpg 960w\" sizes=\"auto, (max-width: 300px) 100vw, 300px\" \/><\/a>\n\t\t\t<\/dt><\/dl><br style=\"clear: both\" \/>\n\t\t<\/div>\n\n<p>Los alumnos de 4\u00ba de ESO han participado en la charla \u00abGen\u00f3mica: secuenciamos el pajar\u00bb que ha tenido lugar en el Auditorio del Parque de Investigaci\u00f3n Biom\u00e9dica de Barcelona, PRBB a cargo de Ferran Casals director del servicio de Gen\u00f3mica del CEXS-UPF .<\/p>\n\n\t\t<style type=\"text\/css\">\n\t\t\t#gallery-2 {\n\t\t\t\tmargin: auto;\n\t\t\t}\n\t\t\t#gallery-2 .gallery-item {\n\t\t\t\tfloat: left;\n\t\t\t\tmargin-top: 10px;\n\t\t\t\ttext-align: center;\n\t\t\t\twidth: 50%;\n\t\t\t}\n\t\t\t#gallery-2 img {\n\t\t\t\tborder: 2px solid #cfcfcf;\n\t\t\t}\n\t\t\t#gallery-2 .gallery-caption {\n\t\t\t\tmargin-left: 0;\n\t\t\t}\n\t\t\t\/* see gallery_shortcode() in wp-includes\/media.php *\/\n\t\t<\/style>\n\t\t<div id='gallery-2' class='gallery galleryid-6924 gallery-columns-2 gallery-size-medium'><dl class='gallery-item'>\n\t\t\t<dt class='gallery-icon landscape'>\n\t\t\t\t<a href='https:\/\/centresmolina.com\/centreensenyament\/files\/2018\/02\/Confer\u00e8ncia-PBRR-ESO4-21.jpg'><img loading=\"lazy\" decoding=\"async\" width=\"300\" height=\"225\" src=\"https:\/\/centresmolina.com\/centreensenyament\/files\/2018\/02\/Confer\u00e8ncia-PBRR-ESO4-21-300x225.jpg\" class=\"attachment-medium size-medium\" alt=\"\" srcset=\"https:\/\/centresmolina.com\/centreensenyament\/files\/2018\/02\/Confer\u00e8ncia-PBRR-ESO4-21-300x225.jpg 300w, https:\/\/centresmolina.com\/centreensenyament\/files\/2018\/02\/Confer\u00e8ncia-PBRR-ESO4-21-768x576.jpg 768w, https:\/\/centresmolina.com\/centreensenyament\/files\/2018\/02\/Confer\u00e8ncia-PBRR-ESO4-21.jpg 960w\" sizes=\"auto, (max-width: 300px) 100vw, 300px\" \/><\/a>\n\t\t\t<\/dt><\/dl><dl class='gallery-item'>\n\t\t\t<dt class='gallery-icon landscape'>\n\t\t\t\t<a href='https:\/\/centresmolina.com\/centreensenyament\/files\/2018\/02\/Confer\u00e8ncia-PBRR-ESO4-19.jpg'><img loading=\"lazy\" decoding=\"async\" width=\"300\" height=\"225\" src=\"https:\/\/centresmolina.com\/centreensenyament\/files\/2018\/02\/Confer\u00e8ncia-PBRR-ESO4-19-300x225.jpg\" class=\"attachment-medium size-medium\" alt=\"\" srcset=\"https:\/\/centresmolina.com\/centreensenyament\/files\/2018\/02\/Confer\u00e8ncia-PBRR-ESO4-19-300x225.jpg 300w, https:\/\/centresmolina.com\/centreensenyament\/files\/2018\/02\/Confer\u00e8ncia-PBRR-ESO4-19-768x576.jpg 768w, https:\/\/centresmolina.com\/centreensenyament\/files\/2018\/02\/Confer\u00e8ncia-PBRR-ESO4-19.jpg 960w\" sizes=\"auto, (max-width: 300px) 100vw, 300px\" \/><\/a>\n\t\t\t<\/dt><\/dl><br style=\"clear: both\" \/>\n\t\t<\/div>\n\n<p>La conferencia comenz\u00f3 con una breve introducci\u00f3n para recordar los conceptos b\u00e1sicos de gen\u00e9tica para continuar con los tres ejes principales de la ponencia, que han sido:<\/p>\n<p>\u00b7 \u00bfPor qu\u00e9 enfermamos?<\/p>\n<p>\u00b7 La selecci\u00f3n natural en las poblaciones humanas.<\/p>\n<p>\u00b7 Base molecular de las enfermedades raras.<\/p>\n<p>&nbsp;<\/p>\n\n\t\t<style type=\"text\/css\">\n\t\t\t#gallery-3 {\n\t\t\t\tmargin: auto;\n\t\t\t}\n\t\t\t#gallery-3 .gallery-item {\n\t\t\t\tfloat: left;\n\t\t\t\tmargin-top: 10px;\n\t\t\t\ttext-align: center;\n\t\t\t\twidth: 33%;\n\t\t\t}\n\t\t\t#gallery-3 img {\n\t\t\t\tborder: 2px solid #cfcfcf;\n\t\t\t}\n\t\t\t#gallery-3 .gallery-caption {\n\t\t\t\tmargin-left: 0;\n\t\t\t}\n\t\t\t\/* see gallery_shortcode() in wp-includes\/media.php *\/\n\t\t<\/style>\n\t\t<div id='gallery-3' class='gallery galleryid-6924 gallery-columns-3 gallery-size-medium'><dl class='gallery-item'>\n\t\t\t<dt class='gallery-icon landscape'>\n\t\t\t\t<a href='https:\/\/centresmolina.com\/centreensenyament\/files\/2018\/02\/Confer\u00e8ncia-PBRR-ESO4-6.jpg'><img loading=\"lazy\" decoding=\"async\" width=\"300\" height=\"225\" src=\"https:\/\/centresmolina.com\/centreensenyament\/files\/2018\/02\/Confer\u00e8ncia-PBRR-ESO4-6-300x225.jpg\" class=\"attachment-medium size-medium\" alt=\"\" srcset=\"https:\/\/centresmolina.com\/centreensenyament\/files\/2018\/02\/Confer\u00e8ncia-PBRR-ESO4-6-300x225.jpg 300w, https:\/\/centresmolina.com\/centreensenyament\/files\/2018\/02\/Confer\u00e8ncia-PBRR-ESO4-6-768x576.jpg 768w, https:\/\/centresmolina.com\/centreensenyament\/files\/2018\/02\/Confer\u00e8ncia-PBRR-ESO4-6.jpg 960w\" sizes=\"auto, (max-width: 300px) 100vw, 300px\" \/><\/a>\n\t\t\t<\/dt><\/dl><dl class='gallery-item'>\n\t\t\t<dt class='gallery-icon landscape'>\n\t\t\t\t<a href='https:\/\/centresmolina.com\/centreensenyament\/files\/2018\/02\/Confer\u00e8ncia-PBRR-ESO4-12.jpg'><img loading=\"lazy\" decoding=\"async\" width=\"300\" height=\"225\" src=\"https:\/\/centresmolina.com\/centreensenyament\/files\/2018\/02\/Confer\u00e8ncia-PBRR-ESO4-12-300x225.jpg\" class=\"attachment-medium size-medium\" alt=\"\" srcset=\"https:\/\/centresmolina.com\/centreensenyament\/files\/2018\/02\/Confer\u00e8ncia-PBRR-ESO4-12-300x225.jpg 300w, https:\/\/centresmolina.com\/centreensenyament\/files\/2018\/02\/Confer\u00e8ncia-PBRR-ESO4-12-768x576.jpg 768w, https:\/\/centresmolina.com\/centreensenyament\/files\/2018\/02\/Confer\u00e8ncia-PBRR-ESO4-12.jpg 960w\" sizes=\"auto, (max-width: 300px) 100vw, 300px\" \/><\/a>\n\t\t\t<\/dt><\/dl><dl class='gallery-item'>\n\t\t\t<dt class='gallery-icon landscape'>\n\t\t\t\t<a href='https:\/\/centresmolina.com\/centreensenyament\/files\/2018\/02\/Confer\u00e8ncia-PBRR-ESO4-10.jpg'><img loading=\"lazy\" decoding=\"async\" width=\"300\" height=\"225\" src=\"https:\/\/centresmolina.com\/centreensenyament\/files\/2018\/02\/Confer\u00e8ncia-PBRR-ESO4-10-300x225.jpg\" class=\"attachment-medium size-medium\" alt=\"\" srcset=\"https:\/\/centresmolina.com\/centreensenyament\/files\/2018\/02\/Confer\u00e8ncia-PBRR-ESO4-10-300x225.jpg 300w, https:\/\/centresmolina.com\/centreensenyament\/files\/2018\/02\/Confer\u00e8ncia-PBRR-ESO4-10-768x576.jpg 768w, https:\/\/centresmolina.com\/centreensenyament\/files\/2018\/02\/Confer\u00e8ncia-PBRR-ESO4-10.jpg 960w\" sizes=\"auto, (max-width: 300px) 100vw, 300px\" \/><\/a>\n\t\t\t<\/dt><\/dl><br style=\"clear: both\" \/><dl class='gallery-item'>\n\t\t\t<dt class='gallery-icon landscape'>\n\t\t\t\t<a href='https:\/\/centresmolina.com\/centreensenyament\/files\/2018\/02\/Confer\u00e8ncia-PBRR-ESO4-11.jpg'><img loading=\"lazy\" decoding=\"async\" width=\"300\" height=\"225\" src=\"https:\/\/centresmolina.com\/centreensenyament\/files\/2018\/02\/Confer\u00e8ncia-PBRR-ESO4-11-300x225.jpg\" class=\"attachment-medium size-medium\" alt=\"\" srcset=\"https:\/\/centresmolina.com\/centreensenyament\/files\/2018\/02\/Confer\u00e8ncia-PBRR-ESO4-11-300x225.jpg 300w, https:\/\/centresmolina.com\/centreensenyament\/files\/2018\/02\/Confer\u00e8ncia-PBRR-ESO4-11-768x576.jpg 768w, https:\/\/centresmolina.com\/centreensenyament\/files\/2018\/02\/Confer\u00e8ncia-PBRR-ESO4-11.jpg 960w\" sizes=\"auto, (max-width: 300px) 100vw, 300px\" \/><\/a>\n\t\t\t<\/dt><\/dl><dl class='gallery-item'>\n\t\t\t<dt class='gallery-icon landscape'>\n\t\t\t\t<a href='https:\/\/centresmolina.com\/centreensenyament\/files\/2018\/02\/Confer\u00e8ncia-PBRR-ESO4-13.jpg'><img loading=\"lazy\" decoding=\"async\" width=\"300\" height=\"225\" src=\"https:\/\/centresmolina.com\/centreensenyament\/files\/2018\/02\/Confer\u00e8ncia-PBRR-ESO4-13-300x225.jpg\" class=\"attachment-medium size-medium\" alt=\"\" srcset=\"https:\/\/centresmolina.com\/centreensenyament\/files\/2018\/02\/Confer\u00e8ncia-PBRR-ESO4-13-300x225.jpg 300w, https:\/\/centresmolina.com\/centreensenyament\/files\/2018\/02\/Confer\u00e8ncia-PBRR-ESO4-13-768x576.jpg 768w, https:\/\/centresmolina.com\/centreensenyament\/files\/2018\/02\/Confer\u00e8ncia-PBRR-ESO4-13.jpg 960w\" sizes=\"auto, (max-width: 300px) 100vw, 300px\" \/><\/a>\n\t\t\t<\/dt><\/dl><dl class='gallery-item'>\n\t\t\t<dt class='gallery-icon landscape'>\n\t\t\t\t<a href='https:\/\/centresmolina.com\/centreensenyament\/files\/2018\/02\/Confer\u00e8ncia-PBRR-ESO4-14.jpg'><img loading=\"lazy\" decoding=\"async\" width=\"300\" height=\"225\" src=\"https:\/\/centresmolina.com\/centreensenyament\/files\/2018\/02\/Confer\u00e8ncia-PBRR-ESO4-14-300x225.jpg\" class=\"attachment-medium size-medium\" alt=\"\" srcset=\"https:\/\/centresmolina.com\/centreensenyament\/files\/2018\/02\/Confer\u00e8ncia-PBRR-ESO4-14-300x225.jpg 300w, https:\/\/centresmolina.com\/centreensenyament\/files\/2018\/02\/Confer\u00e8ncia-PBRR-ESO4-14-768x576.jpg 768w, https:\/\/centresmolina.com\/centreensenyament\/files\/2018\/02\/Confer\u00e8ncia-PBRR-ESO4-14.jpg 960w\" sizes=\"auto, (max-width: 300px) 100vw, 300px\" \/><\/a>\n\t\t\t<\/dt><\/dl><br style=\"clear: both\" \/><dl class='gallery-item'>\n\t\t\t<dt class='gallery-icon landscape'>\n\t\t\t\t<a href='https:\/\/centresmolina.com\/centreensenyament\/files\/2018\/02\/Confer\u00e8ncia-PBRR-ESO4-22.jpg'><img loading=\"lazy\" decoding=\"async\" width=\"300\" height=\"225\" src=\"https:\/\/centresmolina.com\/centreensenyament\/files\/2018\/02\/Confer\u00e8ncia-PBRR-ESO4-22-300x225.jpg\" class=\"attachment-medium size-medium\" alt=\"\" srcset=\"https:\/\/centresmolina.com\/centreensenyament\/files\/2018\/02\/Confer\u00e8ncia-PBRR-ESO4-22-300x225.jpg 300w, https:\/\/centresmolina.com\/centreensenyament\/files\/2018\/02\/Confer\u00e8ncia-PBRR-ESO4-22-768x576.jpg 768w, https:\/\/centresmolina.com\/centreensenyament\/files\/2018\/02\/Confer\u00e8ncia-PBRR-ESO4-22.jpg 960w\" sizes=\"auto, (max-width: 300px) 100vw, 300px\" \/><\/a>\n\t\t\t<\/dt><\/dl><dl class='gallery-item'>\n\t\t\t<dt class='gallery-icon landscape'>\n\t\t\t\t<a href='https:\/\/centresmolina.com\/centreensenyament\/files\/2018\/02\/Confer\u00e8ncia-PBRR-ESO4-17.jpg'><img loading=\"lazy\" decoding=\"async\" width=\"300\" height=\"225\" src=\"https:\/\/centresmolina.com\/centreensenyament\/files\/2018\/02\/Confer\u00e8ncia-PBRR-ESO4-17-300x225.jpg\" class=\"attachment-medium size-medium\" alt=\"\" srcset=\"https:\/\/centresmolina.com\/centreensenyament\/files\/2018\/02\/Confer\u00e8ncia-PBRR-ESO4-17-300x225.jpg 300w, https:\/\/centresmolina.com\/centreensenyament\/files\/2018\/02\/Confer\u00e8ncia-PBRR-ESO4-17-768x576.jpg 768w, https:\/\/centresmolina.com\/centreensenyament\/files\/2018\/02\/Confer\u00e8ncia-PBRR-ESO4-17.jpg 960w\" sizes=\"auto, (max-width: 300px) 100vw, 300px\" \/><\/a>\n\t\t\t<\/dt><\/dl><dl class='gallery-item'>\n\t\t\t<dt class='gallery-icon landscape'>\n\t\t\t\t<a href='https:\/\/centresmolina.com\/centreensenyament\/files\/2018\/02\/Confer\u00e8ncia-PBRR-ESO4-16.jpg'><img loading=\"lazy\" decoding=\"async\" width=\"300\" height=\"225\" src=\"https:\/\/centresmolina.com\/centreensenyament\/files\/2018\/02\/Confer\u00e8ncia-PBRR-ESO4-16-300x225.jpg\" class=\"attachment-medium size-medium\" alt=\"\" srcset=\"https:\/\/centresmolina.com\/centreensenyament\/files\/2018\/02\/Confer\u00e8ncia-PBRR-ESO4-16-300x225.jpg 300w, https:\/\/centresmolina.com\/centreensenyament\/files\/2018\/02\/Confer\u00e8ncia-PBRR-ESO4-16-768x576.jpg 768w, https:\/\/centresmolina.com\/centreensenyament\/files\/2018\/02\/Confer\u00e8ncia-PBRR-ESO4-16.jpg 960w\" sizes=\"auto, (max-width: 300px) 100vw, 300px\" \/><\/a>\n\t\t\t<\/dt><\/dl><br style=\"clear: both\" \/>\n\t\t<\/div>\n\n<p>Ha sido una buena introducci\u00f3npara\u00a0los alumnos de \u00faltimo curso, \u00a0que estudiar\u00e1n Gen\u00e9tica el tercer trimestre.<\/p>\n","protected":false},"excerpt":{"rendered":"<p>&nbsp; Los alumnos de 4\u00ba de ESO han participado en la charla \u00abGen\u00f3mica: secuenciamos el pajar\u00bb que ha tenido lugar&#8230;<\/p>\n","protected":false},"author":3,"featured_media":6903,"comment_status":"open","ping_status":"open","sticky":false,"template":"","format":"standard","meta":{"footnotes":""},"categories":[15],"tags":[108,2422,75,23,2549,2550,22],"class_list":["post-6924","post","type-post","status-publish","format-standard","has-post-thumbnail","hentry","category-noticias-2","tag-4t-eso-es","tag-conferencia-es","tag-desenvolupament-personal-i-academic-es","tag-escola-molina-es","tag-genetica-es","tag-parc-de-recerca-biomedica-de-barcelona-es","tag-sortida-es"],"yoast_head":"<!-- This site is optimized with the Yoast SEO plugin v27.2 - https:\/\/yoast.com\/product\/yoast-seo-wordpress\/ -->\n<title>ESO 4 participa en una conferencia en el Parc de Recerca Biom\u00e8dica de Barcelona - Centros de ense\u00f1anza<\/title>\n<meta name=\"robots\" content=\"index, follow, max-snippet:-1, max-image-preview:large, max-video-preview:-1\" \/>\n<link rel=\"canonical\" href=\"https:\/\/centresmolina.com\/centreensenyament\/es\/2018\/01\/31\/4-participa-una-xerrada-al-parc-recerca-biomedica-barcelona\/\" \/>\n<meta property=\"og:locale\" content=\"es_ES\" \/>\n<meta property=\"og:type\" content=\"article\" \/>\n<meta property=\"og:title\" content=\"ESO 4 participa en una conferencia en el Parc de Recerca Biom\u00e8dica de Barcelona - Centros de ense\u00f1anza\" \/>\n<meta property=\"og:description\" content=\"&nbsp; Los alumnos de 4\u00ba de ESO han participado en la charla \u00abGen\u00f3mica: secuenciamos el pajar\u00bb que ha tenido lugar...\" \/>\n<meta property=\"og:url\" content=\"https:\/\/centresmolina.com\/centreensenyament\/es\/2018\/01\/31\/4-participa-una-xerrada-al-parc-recerca-biomedica-barcelona\/\" \/>\n<meta property=\"og:site_name\" content=\"Centros de ense\u00f1anza\" \/>\n<meta property=\"article:published_time\" content=\"2018-01-31T17:08:30+00:00\" \/>\n<meta property=\"article:modified_time\" content=\"2018-02-25T10:02:49+00:00\" \/>\n<meta property=\"og:image\" content=\"https:\/\/centresmolina.com\/centreensenyament\/files\/2018\/02\/image_ca.jpg\" \/>\n\t<meta property=\"og:image:width\" content=\"450\" \/>\n\t<meta property=\"og:image:height\" content=\"280\" \/>\n\t<meta property=\"og:image:type\" content=\"image\/jpeg\" \/>\n<meta name=\"author\" content=\"webmolina\" \/>\n<meta name=\"twitter:label1\" content=\"Escrito por\" \/>\n\t<meta name=\"twitter:data1\" content=\"webmolina\" \/>\n\t<meta name=\"twitter:label2\" content=\"Tiempo de lectura\" \/>\n\t<meta name=\"twitter:data2\" content=\"1 minuto\" \/>\n<script type=\"application\/ld+json\" class=\"yoast-schema-graph\">{\"@context\":\"https:\/\/schema.org\",\"@graph\":[{\"@type\":\"Article\",\"@id\":\"https:\/\/centresmolina.com\/centreensenyament\/es\/2018\/01\/31\/4-participa-una-xerrada-al-parc-recerca-biomedica-barcelona\/#article\",\"isPartOf\":{\"@id\":\"https:\/\/centresmolina.com\/centreensenyament\/es\/2018\/01\/31\/4-participa-una-xerrada-al-parc-recerca-biomedica-barcelona\/\"},\"author\":{\"name\":\"webmolina\",\"@id\":\"https:\/\/centresmolina.com\/centreensenyament\/#\/schema\/person\/308d85d274adff04b5c51d47e8aff6cc\"},\"headline\":\"ESO 4 participa en una conferencia en el Parc de Recerca Biom\u00e8dica de Barcelona\",\"datePublished\":\"2018-01-31T17:08:30+00:00\",\"dateModified\":\"2018-02-25T10:02:49+00:00\",\"mainEntityOfPage\":{\"@id\":\"https:\/\/centresmolina.com\/centreensenyament\/es\/2018\/01\/31\/4-participa-una-xerrada-al-parc-recerca-biomedica-barcelona\/\"},\"wordCount\":147,\"commentCount\":0,\"image\":{\"@id\":\"https:\/\/centresmolina.com\/centreensenyament\/es\/2018\/01\/31\/4-participa-una-xerrada-al-parc-recerca-biomedica-barcelona\/#primaryimage\"},\"thumbnailUrl\":\"https:\/\/centresmolina.com\/centreensenyament\/files\/2018\/02\/image_ca.jpg\",\"keywords\":[\"4t ESO @es\",\"CONFER\u00c8NCIA\",\"desenvolupament personal i acad\u00e8mic @es\",\"Escola Molina @es\",\"Gen\u00e8tica\",\"Parc de Recerca Biom\u00e8dica de Barcelona\",\"Sortida @es\"],\"articleSection\":[\"Noticias\"],\"inLanguage\":\"es\",\"potentialAction\":[{\"@type\":\"CommentAction\",\"name\":\"Comment\",\"target\":[\"https:\/\/centresmolina.com\/centreensenyament\/es\/2018\/01\/31\/4-participa-una-xerrada-al-parc-recerca-biomedica-barcelona\/#respond\"]}]},{\"@type\":\"WebPage\",\"@id\":\"https:\/\/centresmolina.com\/centreensenyament\/es\/2018\/01\/31\/4-participa-una-xerrada-al-parc-recerca-biomedica-barcelona\/\",\"url\":\"https:\/\/centresmolina.com\/centreensenyament\/es\/2018\/01\/31\/4-participa-una-xerrada-al-parc-recerca-biomedica-barcelona\/\",\"name\":\"ESO 4 participa en una conferencia en el Parc de Recerca Biom\u00e8dica de Barcelona - Centros de ense\u00f1anza\",\"isPartOf\":{\"@id\":\"https:\/\/centresmolina.com\/centreensenyament\/#website\"},\"primaryImageOfPage\":{\"@id\":\"https:\/\/centresmolina.com\/centreensenyament\/es\/2018\/01\/31\/4-participa-una-xerrada-al-parc-recerca-biomedica-barcelona\/#primaryimage\"},\"image\":{\"@id\":\"https:\/\/centresmolina.com\/centreensenyament\/es\/2018\/01\/31\/4-participa-una-xerrada-al-parc-recerca-biomedica-barcelona\/#primaryimage\"},\"thumbnailUrl\":\"https:\/\/centresmolina.com\/centreensenyament\/files\/2018\/02\/image_ca.jpg\",\"datePublished\":\"2018-01-31T17:08:30+00:00\",\"dateModified\":\"2018-02-25T10:02:49+00:00\",\"author\":{\"@id\":\"https:\/\/centresmolina.com\/centreensenyament\/#\/schema\/person\/308d85d274adff04b5c51d47e8aff6cc\"},\"breadcrumb\":{\"@id\":\"https:\/\/centresmolina.com\/centreensenyament\/es\/2018\/01\/31\/4-participa-una-xerrada-al-parc-recerca-biomedica-barcelona\/#breadcrumb\"},\"inLanguage\":\"es\",\"potentialAction\":[{\"@type\":\"ReadAction\",\"target\":[\"https:\/\/centresmolina.com\/centreensenyament\/es\/2018\/01\/31\/4-participa-una-xerrada-al-parc-recerca-biomedica-barcelona\/\"]}]},{\"@type\":\"ImageObject\",\"inLanguage\":\"es\",\"@id\":\"https:\/\/centresmolina.com\/centreensenyament\/es\/2018\/01\/31\/4-participa-una-xerrada-al-parc-recerca-biomedica-barcelona\/#primaryimage\",\"url\":\"https:\/\/centresmolina.com\/centreensenyament\/files\/2018\/02\/image_ca.jpg\",\"contentUrl\":\"https:\/\/centresmolina.com\/centreensenyament\/files\/2018\/02\/image_ca.jpg\",\"width\":450,\"height\":280},{\"@type\":\"BreadcrumbList\",\"@id\":\"https:\/\/centresmolina.com\/centreensenyament\/es\/2018\/01\/31\/4-participa-una-xerrada-al-parc-recerca-biomedica-barcelona\/#breadcrumb\",\"itemListElement\":[{\"@type\":\"ListItem\",\"position\":1,\"name\":\"Portada\",\"item\":\"https:\/\/centresmolina.com\/centreensenyament\/es\/\"},{\"@type\":\"ListItem\",\"position\":2,\"name\":\"ESO 4 participa en una conferencia en el Parc de Recerca Biom\u00e8dica de Barcelona\"}]},{\"@type\":\"WebSite\",\"@id\":\"https:\/\/centresmolina.com\/centreensenyament\/#website\",\"url\":\"https:\/\/centresmolina.com\/centreensenyament\/\",\"name\":\"Centros de ense\u00f1anza\",\"description\":\"Centres Molina - Centros de ense\u00f1anza\",\"potentialAction\":[{\"@type\":\"SearchAction\",\"target\":{\"@type\":\"EntryPoint\",\"urlTemplate\":\"https:\/\/centresmolina.com\/centreensenyament\/?s={search_term_string}\"},\"query-input\":{\"@type\":\"PropertyValueSpecification\",\"valueRequired\":true,\"valueName\":\"search_term_string\"}}],\"inLanguage\":\"es\"},{\"@type\":\"Person\",\"@id\":\"https:\/\/centresmolina.com\/centreensenyament\/#\/schema\/person\/308d85d274adff04b5c51d47e8aff6cc\",\"name\":\"webmolina\",\"image\":{\"@type\":\"ImageObject\",\"inLanguage\":\"es\",\"@id\":\"https:\/\/secure.gravatar.com\/avatar\/38db407e1ab9b284bf45e3bff4ec5cf1e034e364f09b2ee054619614662a717b?s=96&d=mm&r=g\",\"url\":\"https:\/\/secure.gravatar.com\/avatar\/38db407e1ab9b284bf45e3bff4ec5cf1e034e364f09b2ee054619614662a717b?s=96&d=mm&r=g\",\"contentUrl\":\"https:\/\/secure.gravatar.com\/avatar\/38db407e1ab9b284bf45e3bff4ec5cf1e034e364f09b2ee054619614662a717b?s=96&d=mm&r=g\",\"caption\":\"webmolina\"},\"url\":\"https:\/\/centresmolina.com\/centreensenyament\/es\/author\/webmolina\/\"}]}<\/script>\n<!-- \/ Yoast SEO plugin. -->","yoast_head_json":{"title":"ESO 4 participa en una conferencia en el Parc de Recerca Biom\u00e8dica de Barcelona - Centros de ense\u00f1anza","robots":{"index":"index","follow":"follow","max-snippet":"max-snippet:-1","max-image-preview":"max-image-preview:large","max-video-preview":"max-video-preview:-1"},"canonical":"https:\/\/centresmolina.com\/centreensenyament\/es\/2018\/01\/31\/4-participa-una-xerrada-al-parc-recerca-biomedica-barcelona\/","og_locale":"es_ES","og_type":"article","og_title":"ESO 4 participa en una conferencia en el Parc de Recerca Biom\u00e8dica de Barcelona - Centros de ense\u00f1anza","og_description":"&nbsp; Los alumnos de 4\u00ba de ESO han participado en la charla \u00abGen\u00f3mica: secuenciamos el pajar\u00bb que ha tenido lugar...","og_url":"https:\/\/centresmolina.com\/centreensenyament\/es\/2018\/01\/31\/4-participa-una-xerrada-al-parc-recerca-biomedica-barcelona\/","og_site_name":"Centros de ense\u00f1anza","article_published_time":"2018-01-31T17:08:30+00:00","article_modified_time":"2018-02-25T10:02:49+00:00","og_image":[{"width":450,"height":280,"url":"https:\/\/centresmolina.com\/centreensenyament\/files\/2018\/02\/image_ca.jpg","type":"image\/jpeg"}],"author":"webmolina","twitter_misc":{"Escrito por":"webmolina","Tiempo de lectura":"1 minuto"},"schema":{"@context":"https:\/\/schema.org","@graph":[{"@type":"Article","@id":"https:\/\/centresmolina.com\/centreensenyament\/es\/2018\/01\/31\/4-participa-una-xerrada-al-parc-recerca-biomedica-barcelona\/#article","isPartOf":{"@id":"https:\/\/centresmolina.com\/centreensenyament\/es\/2018\/01\/31\/4-participa-una-xerrada-al-parc-recerca-biomedica-barcelona\/"},"author":{"name":"webmolina","@id":"https:\/\/centresmolina.com\/centreensenyament\/#\/schema\/person\/308d85d274adff04b5c51d47e8aff6cc"},"headline":"ESO 4 participa en una conferencia en el Parc de Recerca Biom\u00e8dica de Barcelona","datePublished":"2018-01-31T17:08:30+00:00","dateModified":"2018-02-25T10:02:49+00:00","mainEntityOfPage":{"@id":"https:\/\/centresmolina.com\/centreensenyament\/es\/2018\/01\/31\/4-participa-una-xerrada-al-parc-recerca-biomedica-barcelona\/"},"wordCount":147,"commentCount":0,"image":{"@id":"https:\/\/centresmolina.com\/centreensenyament\/es\/2018\/01\/31\/4-participa-una-xerrada-al-parc-recerca-biomedica-barcelona\/#primaryimage"},"thumbnailUrl":"https:\/\/centresmolina.com\/centreensenyament\/files\/2018\/02\/image_ca.jpg","keywords":["4t ESO @es","CONFER\u00c8NCIA","desenvolupament personal i acad\u00e8mic @es","Escola Molina @es","Gen\u00e8tica","Parc de Recerca Biom\u00e8dica de Barcelona","Sortida @es"],"articleSection":["Noticias"],"inLanguage":"es","potentialAction":[{"@type":"CommentAction","name":"Comment","target":["https:\/\/centresmolina.com\/centreensenyament\/es\/2018\/01\/31\/4-participa-una-xerrada-al-parc-recerca-biomedica-barcelona\/#respond"]}]},{"@type":"WebPage","@id":"https:\/\/centresmolina.com\/centreensenyament\/es\/2018\/01\/31\/4-participa-una-xerrada-al-parc-recerca-biomedica-barcelona\/","url":"https:\/\/centresmolina.com\/centreensenyament\/es\/2018\/01\/31\/4-participa-una-xerrada-al-parc-recerca-biomedica-barcelona\/","name":"ESO 4 participa en una conferencia en el Parc de Recerca Biom\u00e8dica de Barcelona - Centros de ense\u00f1anza","isPartOf":{"@id":"https:\/\/centresmolina.com\/centreensenyament\/#website"},"primaryImageOfPage":{"@id":"https:\/\/centresmolina.com\/centreensenyament\/es\/2018\/01\/31\/4-participa-una-xerrada-al-parc-recerca-biomedica-barcelona\/#primaryimage"},"image":{"@id":"https:\/\/centresmolina.com\/centreensenyament\/es\/2018\/01\/31\/4-participa-una-xerrada-al-parc-recerca-biomedica-barcelona\/#primaryimage"},"thumbnailUrl":"https:\/\/centresmolina.com\/centreensenyament\/files\/2018\/02\/image_ca.jpg","datePublished":"2018-01-31T17:08:30+00:00","dateModified":"2018-02-25T10:02:49+00:00","author":{"@id":"https:\/\/centresmolina.com\/centreensenyament\/#\/schema\/person\/308d85d274adff04b5c51d47e8aff6cc"},"breadcrumb":{"@id":"https:\/\/centresmolina.com\/centreensenyament\/es\/2018\/01\/31\/4-participa-una-xerrada-al-parc-recerca-biomedica-barcelona\/#breadcrumb"},"inLanguage":"es","potentialAction":[{"@type":"ReadAction","target":["https:\/\/centresmolina.com\/centreensenyament\/es\/2018\/01\/31\/4-participa-una-xerrada-al-parc-recerca-biomedica-barcelona\/"]}]},{"@type":"ImageObject","inLanguage":"es","@id":"https:\/\/centresmolina.com\/centreensenyament\/es\/2018\/01\/31\/4-participa-una-xerrada-al-parc-recerca-biomedica-barcelona\/#primaryimage","url":"https:\/\/centresmolina.com\/centreensenyament\/files\/2018\/02\/image_ca.jpg","contentUrl":"https:\/\/centresmolina.com\/centreensenyament\/files\/2018\/02\/image_ca.jpg","width":450,"height":280},{"@type":"BreadcrumbList","@id":"https:\/\/centresmolina.com\/centreensenyament\/es\/2018\/01\/31\/4-participa-una-xerrada-al-parc-recerca-biomedica-barcelona\/#breadcrumb","itemListElement":[{"@type":"ListItem","position":1,"name":"Portada","item":"https:\/\/centresmolina.com\/centreensenyament\/es\/"},{"@type":"ListItem","position":2,"name":"ESO 4 participa en una conferencia en el Parc de Recerca Biom\u00e8dica de Barcelona"}]},{"@type":"WebSite","@id":"https:\/\/centresmolina.com\/centreensenyament\/#website","url":"https:\/\/centresmolina.com\/centreensenyament\/","name":"Centros de ense\u00f1anza","description":"Centres Molina - Centros de ense\u00f1anza","potentialAction":[{"@type":"SearchAction","target":{"@type":"EntryPoint","urlTemplate":"https:\/\/centresmolina.com\/centreensenyament\/?s={search_term_string}"},"query-input":{"@type":"PropertyValueSpecification","valueRequired":true,"valueName":"search_term_string"}}],"inLanguage":"es"},{"@type":"Person","@id":"https:\/\/centresmolina.com\/centreensenyament\/#\/schema\/person\/308d85d274adff04b5c51d47e8aff6cc","name":"webmolina","image":{"@type":"ImageObject","inLanguage":"es","@id":"https:\/\/secure.gravatar.com\/avatar\/38db407e1ab9b284bf45e3bff4ec5cf1e034e364f09b2ee054619614662a717b?s=96&d=mm&r=g","url":"https:\/\/secure.gravatar.com\/avatar\/38db407e1ab9b284bf45e3bff4ec5cf1e034e364f09b2ee054619614662a717b?s=96&d=mm&r=g","contentUrl":"https:\/\/secure.gravatar.com\/avatar\/38db407e1ab9b284bf45e3bff4ec5cf1e034e364f09b2ee054619614662a717b?s=96&d=mm&r=g","caption":"webmolina"},"url":"https:\/\/centresmolina.com\/centreensenyament\/es\/author\/webmolina\/"}]}},"_links":{"self":[{"href":"https:\/\/centresmolina.com\/centreensenyament\/es\/wp-json\/wp\/v2\/posts\/6924\/"}],"collection":[{"href":"https:\/\/centresmolina.com\/centreensenyament\/es\/wp-json\/wp\/v2\/posts\/"}],"about":[{"href":"https:\/\/centresmolina.com\/centreensenyament\/es\/wp-json\/wp\/v2\/types\/post\/"}],"author":[{"embeddable":true,"href":"https:\/\/centresmolina.com\/centreensenyament\/es\/wp-json\/wp\/v2\/users\/3\/"}],"replies":[{"embeddable":true,"href":"https:\/\/centresmolina.com\/centreensenyament\/es\/wp-json\/wp\/v2\/comments\/?post=6924"}],"version-history":[{"count":5,"href":"https:\/\/centresmolina.com\/centreensenyament\/es\/wp-json\/wp\/v2\/posts\/6924\/revisions\/"}],"predecessor-version":[{"id":6975,"href":"https:\/\/centresmolina.com\/centreensenyament\/es\/wp-json\/wp\/v2\/posts\/6924\/revisions\/6975\/"}],"wp:featuredmedia":[{"embeddable":true,"href":"https:\/\/centresmolina.com\/centreensenyament\/es\/wp-json\/wp\/v2\/media\/6903\/"}],"wp:attachment":[{"href":"https:\/\/centresmolina.com\/centreensenyament\/es\/wp-json\/wp\/v2\/media\/?parent=6924"}],"wp:term":[{"taxonomy":"category","embeddable":true,"href":"https:\/\/centresmolina.com\/centreensenyament\/es\/wp-json\/wp\/v2\/categories\/?post=6924"},{"taxonomy":"post_tag","embeddable":true,"href":"https:\/\/centresmolina.com\/centreensenyament\/es\/wp-json\/wp\/v2\/tags\/?post=6924"}],"curies":[{"name":"wp","href":"https:\/\/api.w.org\/{rel}","templated":true}]}}