{"id":7336,"date":"2018-03-18T08:42:59","date_gmt":"2018-03-18T08:42:59","guid":{"rendered":"http:\/\/centresmolina.com\/centreensenyament\/2018\/03\/13\/escola-i-empresa\/"},"modified":"2018-03-24T09:02:18","modified_gmt":"2018-03-24T09:02:18","slug":"escola-i-empresa","status":"publish","type":"post","link":"https:\/\/centresmolina.com\/centreensenyament\/es\/2018\/03\/18\/escola-i-empresa\/","title":{"rendered":"Escuela y Empresa"},"content":{"rendered":"<p>\u00bfQu\u00e9 aporta una empresa en la sociedad? En qu\u00e9 consiste el d\u00eda a d\u00eda de los empresarios y las empresarias? \u00bfQu\u00e9 les obsesiona? \u00bfPor qu\u00e9 les gusta su trabajo? \u00bfQu\u00e9 habilidades requiere?<\/p>\n<p><a href=\"https:\/\/www.femcat.cat\/\" target=\"_blank\" rel=\"noopener\"><strong>FemCAT<\/strong><\/a>, fundaci\u00f3n privada e independiente, agrupa empresarios y empresarias con la misi\u00f3n de hacer de Catalunya uno de los mejores pa\u00edses del mundo. Un pa\u00eds competitivo, abierto al mundo, con capacidad emprendedora y de innovaci\u00f3n, cohesi\u00f3n social y sostenible a lo largo del tiempo.<\/p>\n<p>Articulando y apoyando proyectos y programas en los que la empresa y la sociedad puedan trabajar juntos, FemCAT quiere contribuir a que Catalunya d\u00e9 un paso adelante y sea uno de los pa\u00edses l\u00edderes social y econ\u00f3micamente, en Europa y en el mundo.<\/p>\n\n\t\t<style type=\"text\/css\">\n\t\t\t#gallery-1 {\n\t\t\t\tmargin: auto;\n\t\t\t}\n\t\t\t#gallery-1 .gallery-item {\n\t\t\t\tfloat: left;\n\t\t\t\tmargin-top: 10px;\n\t\t\t\ttext-align: center;\n\t\t\t\twidth: 100%;\n\t\t\t}\n\t\t\t#gallery-1 img {\n\t\t\t\tborder: 2px solid #cfcfcf;\n\t\t\t}\n\t\t\t#gallery-1 .gallery-caption {\n\t\t\t\tmargin-left: 0;\n\t\t\t}\n\t\t\t\/* see gallery_shortcode() in wp-includes\/media.php *\/\n\t\t<\/style>\n\t\t<div id='gallery-1' class='gallery galleryid-7336 gallery-columns-1 gallery-size-large'><dl class='gallery-item'>\n\t\t\t<dt class='gallery-icon landscape'>\n\t\t\t\t<a href='https:\/\/centresmolina.com\/centreensenyament\/files\/2018\/03\/Femcat-Nissan-10.jpg'><img loading=\"lazy\" decoding=\"async\" width=\"1024\" height=\"725\" src=\"https:\/\/centresmolina.com\/centreensenyament\/files\/2018\/03\/Femcat-Nissan-10-1024x725.jpg\" class=\"attachment-large size-large\" alt=\"\" srcset=\"https:\/\/centresmolina.com\/centreensenyament\/files\/2018\/03\/Femcat-Nissan-10-1024x725.jpg 1024w, https:\/\/centresmolina.com\/centreensenyament\/files\/2018\/03\/Femcat-Nissan-10-300x212.jpg 300w, https:\/\/centresmolina.com\/centreensenyament\/files\/2018\/03\/Femcat-Nissan-10-768x544.jpg 768w, https:\/\/centresmolina.com\/centreensenyament\/files\/2018\/03\/Femcat-Nissan-10.jpg 1280w\" sizes=\"auto, (max-width: 1024px) 100vw, 1024px\" \/><\/a>\n\t\t\t<\/dt><\/dl><br style=\"clear: both\" \/>\n\t\t<\/div>\n\n<p>A trav\u00e9s del di\u00e1logo entre el empresario <strong>Santi Mart\u00ednez<\/strong> de <strong>Nissan<\/strong> y el alumnado de 4\u00ba de Educaci\u00f3n Secundaria y Ciclos Formativos de Grado Medio de nuestra escuela, hemos visualizado aspectos de la vida en la empresa y de su papel en la sociedad .<\/p>\n\n\t\t<style type=\"text\/css\">\n\t\t\t#gallery-2 {\n\t\t\t\tmargin: auto;\n\t\t\t}\n\t\t\t#gallery-2 .gallery-item {\n\t\t\t\tfloat: left;\n\t\t\t\tmargin-top: 10px;\n\t\t\t\ttext-align: center;\n\t\t\t\twidth: 100%;\n\t\t\t}\n\t\t\t#gallery-2 img {\n\t\t\t\tborder: 2px solid #cfcfcf;\n\t\t\t}\n\t\t\t#gallery-2 .gallery-caption {\n\t\t\t\tmargin-left: 0;\n\t\t\t}\n\t\t\t\/* see gallery_shortcode() in wp-includes\/media.php *\/\n\t\t<\/style>\n\t\t<div id='gallery-2' class='gallery galleryid-7336 gallery-columns-1 gallery-size-large'><dl class='gallery-item'>\n\t\t\t<dt class='gallery-icon landscape'>\n\t\t\t\t<a href='https:\/\/centresmolina.com\/centreensenyament\/files\/2018\/03\/Femcat-Nissan-1.png'><img loading=\"lazy\" decoding=\"async\" width=\"1024\" height=\"768\" src=\"https:\/\/centresmolina.com\/centreensenyament\/files\/2018\/03\/Femcat-Nissan-1-1024x768.png\" class=\"attachment-large size-large\" alt=\"\" srcset=\"https:\/\/centresmolina.com\/centreensenyament\/files\/2018\/03\/Femcat-Nissan-1-1024x768.png 1024w, https:\/\/centresmolina.com\/centreensenyament\/files\/2018\/03\/Femcat-Nissan-1-300x225.png 300w, https:\/\/centresmolina.com\/centreensenyament\/files\/2018\/03\/Femcat-Nissan-1-768x576.png 768w, https:\/\/centresmolina.com\/centreensenyament\/files\/2018\/03\/Femcat-Nissan-1.png 1280w\" sizes=\"auto, (max-width: 1024px) 100vw, 1024px\" \/><\/a>\n\t\t\t<\/dt><\/dl><br style=\"clear: both\" \/>\n\t\t<\/div>\n\n<p>&nbsp;<\/p>\n\n\t\t<style type=\"text\/css\">\n\t\t\t#gallery-3 {\n\t\t\t\tmargin: auto;\n\t\t\t}\n\t\t\t#gallery-3 .gallery-item {\n\t\t\t\tfloat: left;\n\t\t\t\tmargin-top: 10px;\n\t\t\t\ttext-align: center;\n\t\t\t\twidth: 33%;\n\t\t\t}\n\t\t\t#gallery-3 img {\n\t\t\t\tborder: 2px solid #cfcfcf;\n\t\t\t}\n\t\t\t#gallery-3 .gallery-caption {\n\t\t\t\tmargin-left: 0;\n\t\t\t}\n\t\t\t\/* see gallery_shortcode() in wp-includes\/media.php *\/\n\t\t<\/style>\n\t\t<div id='gallery-3' class='gallery galleryid-7336 gallery-columns-3 gallery-size-full'><dl class='gallery-item'>\n\t\t\t<dt class='gallery-icon landscape'>\n\t\t\t\t<a href='https:\/\/centresmolina.com\/centreensenyament\/files\/2018\/03\/Femcat-Nissan-2.jpg'><img loading=\"lazy\" decoding=\"async\" width=\"1280\" height=\"960\" src=\"https:\/\/centresmolina.com\/centreensenyament\/files\/2018\/03\/Femcat-Nissan-2.jpg\" class=\"attachment-full size-full\" alt=\"\" srcset=\"https:\/\/centresmolina.com\/centreensenyament\/files\/2018\/03\/Femcat-Nissan-2.jpg 1280w, https:\/\/centresmolina.com\/centreensenyament\/files\/2018\/03\/Femcat-Nissan-2-300x225.jpg 300w, https:\/\/centresmolina.com\/centreensenyament\/files\/2018\/03\/Femcat-Nissan-2-768x576.jpg 768w, https:\/\/centresmolina.com\/centreensenyament\/files\/2018\/03\/Femcat-Nissan-2-1024x768.jpg 1024w\" sizes=\"auto, (max-width: 1280px) 100vw, 1280px\" \/><\/a>\n\t\t\t<\/dt><\/dl><dl class='gallery-item'>\n\t\t\t<dt class='gallery-icon landscape'>\n\t\t\t\t<a href='https:\/\/centresmolina.com\/centreensenyament\/files\/2018\/03\/Femcat-Nissan-3.jpg'><img loading=\"lazy\" decoding=\"async\" width=\"1280\" height=\"960\" src=\"https:\/\/centresmolina.com\/centreensenyament\/files\/2018\/03\/Femcat-Nissan-3.jpg\" class=\"attachment-full size-full\" alt=\"\" srcset=\"https:\/\/centresmolina.com\/centreensenyament\/files\/2018\/03\/Femcat-Nissan-3.jpg 1280w, https:\/\/centresmolina.com\/centreensenyament\/files\/2018\/03\/Femcat-Nissan-3-300x225.jpg 300w, https:\/\/centresmolina.com\/centreensenyament\/files\/2018\/03\/Femcat-Nissan-3-768x576.jpg 768w, https:\/\/centresmolina.com\/centreensenyament\/files\/2018\/03\/Femcat-Nissan-3-1024x768.jpg 1024w\" sizes=\"auto, (max-width: 1280px) 100vw, 1280px\" \/><\/a>\n\t\t\t<\/dt><\/dl><dl class='gallery-item'>\n\t\t\t<dt class='gallery-icon landscape'>\n\t\t\t\t<a href='https:\/\/centresmolina.com\/centreensenyament\/files\/2018\/03\/Femcat-Nissan-4.jpg'><img loading=\"lazy\" decoding=\"async\" width=\"1280\" height=\"960\" src=\"https:\/\/centresmolina.com\/centreensenyament\/files\/2018\/03\/Femcat-Nissan-4.jpg\" class=\"attachment-full size-full\" alt=\"\" srcset=\"https:\/\/centresmolina.com\/centreensenyament\/files\/2018\/03\/Femcat-Nissan-4.jpg 1280w, https:\/\/centresmolina.com\/centreensenyament\/files\/2018\/03\/Femcat-Nissan-4-300x225.jpg 300w, https:\/\/centresmolina.com\/centreensenyament\/files\/2018\/03\/Femcat-Nissan-4-768x576.jpg 768w, https:\/\/centresmolina.com\/centreensenyament\/files\/2018\/03\/Femcat-Nissan-4-1024x768.jpg 1024w\" sizes=\"auto, (max-width: 1280px) 100vw, 1280px\" \/><\/a>\n\t\t\t<\/dt><\/dl><br style=\"clear: both\" \/><dl class='gallery-item'>\n\t\t\t<dt class='gallery-icon landscape'>\n\t\t\t\t<a href='https:\/\/centresmolina.com\/centreensenyament\/files\/2018\/03\/Femcat-Nissan-5.jpg'><img loading=\"lazy\" decoding=\"async\" width=\"1280\" height=\"960\" src=\"https:\/\/centresmolina.com\/centreensenyament\/files\/2018\/03\/Femcat-Nissan-5.jpg\" class=\"attachment-full size-full\" alt=\"\" srcset=\"https:\/\/centresmolina.com\/centreensenyament\/files\/2018\/03\/Femcat-Nissan-5.jpg 1280w, https:\/\/centresmolina.com\/centreensenyament\/files\/2018\/03\/Femcat-Nissan-5-300x225.jpg 300w, https:\/\/centresmolina.com\/centreensenyament\/files\/2018\/03\/Femcat-Nissan-5-768x576.jpg 768w, https:\/\/centresmolina.com\/centreensenyament\/files\/2018\/03\/Femcat-Nissan-5-1024x768.jpg 1024w\" sizes=\"auto, (max-width: 1280px) 100vw, 1280px\" \/><\/a>\n\t\t\t<\/dt><\/dl><dl class='gallery-item'>\n\t\t\t<dt class='gallery-icon landscape'>\n\t\t\t\t<a href='https:\/\/centresmolina.com\/centreensenyament\/files\/2018\/03\/Femcat-Nissan-7.jpg'><img loading=\"lazy\" decoding=\"async\" width=\"1280\" height=\"960\" src=\"https:\/\/centresmolina.com\/centreensenyament\/files\/2018\/03\/Femcat-Nissan-7.jpg\" class=\"attachment-full size-full\" alt=\"\" srcset=\"https:\/\/centresmolina.com\/centreensenyament\/files\/2018\/03\/Femcat-Nissan-7.jpg 1280w, https:\/\/centresmolina.com\/centreensenyament\/files\/2018\/03\/Femcat-Nissan-7-300x225.jpg 300w, https:\/\/centresmolina.com\/centreensenyament\/files\/2018\/03\/Femcat-Nissan-7-768x576.jpg 768w, https:\/\/centresmolina.com\/centreensenyament\/files\/2018\/03\/Femcat-Nissan-7-1024x768.jpg 1024w\" sizes=\"auto, (max-width: 1280px) 100vw, 1280px\" \/><\/a>\n\t\t\t<\/dt><\/dl><dl class='gallery-item'>\n\t\t\t<dt class='gallery-icon landscape'>\n\t\t\t\t<a href='https:\/\/centresmolina.com\/centreensenyament\/files\/2018\/03\/Femcat-Nissan-8.jpg'><img loading=\"lazy\" decoding=\"async\" width=\"1280\" height=\"960\" src=\"https:\/\/centresmolina.com\/centreensenyament\/files\/2018\/03\/Femcat-Nissan-8.jpg\" class=\"attachment-full size-full\" alt=\"\" srcset=\"https:\/\/centresmolina.com\/centreensenyament\/files\/2018\/03\/Femcat-Nissan-8.jpg 1280w, https:\/\/centresmolina.com\/centreensenyament\/files\/2018\/03\/Femcat-Nissan-8-300x225.jpg 300w, https:\/\/centresmolina.com\/centreensenyament\/files\/2018\/03\/Femcat-Nissan-8-768x576.jpg 768w, https:\/\/centresmolina.com\/centreensenyament\/files\/2018\/03\/Femcat-Nissan-8-1024x768.jpg 1024w\" sizes=\"auto, (max-width: 1280px) 100vw, 1280px\" \/><\/a>\n\t\t\t<\/dt><\/dl><br style=\"clear: both\" \/>\n\t\t<\/div>\n\n<p>Un placer escuchar, de primera mano, la ponencia de un empresario experto, excelente divulgador y persona cercana al alumnado de nuestra escuela.<\/p>\n\n\t\t<style type=\"text\/css\">\n\t\t\t#gallery-4 {\n\t\t\t\tmargin: auto;\n\t\t\t}\n\t\t\t#gallery-4 .gallery-item {\n\t\t\t\tfloat: left;\n\t\t\t\tmargin-top: 10px;\n\t\t\t\ttext-align: center;\n\t\t\t\twidth: 50%;\n\t\t\t}\n\t\t\t#gallery-4 img {\n\t\t\t\tborder: 2px solid #cfcfcf;\n\t\t\t}\n\t\t\t#gallery-4 .gallery-caption {\n\t\t\t\tmargin-left: 0;\n\t\t\t}\n\t\t\t\/* see gallery_shortcode() in wp-includes\/media.php *\/\n\t\t<\/style>\n\t\t<div id='gallery-4' class='gallery galleryid-7336 gallery-columns-2 gallery-size-full'><dl class='gallery-item'>\n\t\t\t<dt class='gallery-icon landscape'>\n\t\t\t\t<a href='https:\/\/centresmolina.com\/centreensenyament\/files\/2018\/03\/Femcat-Nissan-9.jpg'><img loading=\"lazy\" decoding=\"async\" width=\"1280\" height=\"907\" src=\"https:\/\/centresmolina.com\/centreensenyament\/files\/2018\/03\/Femcat-Nissan-9.jpg\" class=\"attachment-full size-full\" alt=\"\" srcset=\"https:\/\/centresmolina.com\/centreensenyament\/files\/2018\/03\/Femcat-Nissan-9.jpg 1280w, https:\/\/centresmolina.com\/centreensenyament\/files\/2018\/03\/Femcat-Nissan-9-300x213.jpg 300w, https:\/\/centresmolina.com\/centreensenyament\/files\/2018\/03\/Femcat-Nissan-9-768x544.jpg 768w, https:\/\/centresmolina.com\/centreensenyament\/files\/2018\/03\/Femcat-Nissan-9-1024x726.jpg 1024w\" sizes=\"auto, (max-width: 1280px) 100vw, 1280px\" \/><\/a>\n\t\t\t<\/dt><\/dl><dl class='gallery-item'>\n\t\t\t<dt class='gallery-icon landscape'>\n\t\t\t\t<a href='https:\/\/centresmolina.com\/centreensenyament\/files\/2018\/03\/Femcat-Nissan-11.jpg'><img loading=\"lazy\" decoding=\"async\" width=\"1168\" height=\"833\" src=\"https:\/\/centresmolina.com\/centreensenyament\/files\/2018\/03\/Femcat-Nissan-11.jpg\" class=\"attachment-full size-full\" alt=\"\" srcset=\"https:\/\/centresmolina.com\/centreensenyament\/files\/2018\/03\/Femcat-Nissan-11.jpg 1168w, https:\/\/centresmolina.com\/centreensenyament\/files\/2018\/03\/Femcat-Nissan-11-300x214.jpg 300w, https:\/\/centresmolina.com\/centreensenyament\/files\/2018\/03\/Femcat-Nissan-11-768x548.jpg 768w, https:\/\/centresmolina.com\/centreensenyament\/files\/2018\/03\/Femcat-Nissan-11-1024x730.jpg 1024w\" sizes=\"auto, (max-width: 1168px) 100vw, 1168px\" \/><\/a>\n\t\t\t<\/dt><\/dl><br style=\"clear: both\" \/>\n\t\t<\/div>\n\n","protected":false},"excerpt":{"rendered":"<p>\u00bfQu\u00e9 aporta una empresa en la sociedad? En qu\u00e9 consiste el d\u00eda a d\u00eda de los empresarios y las empresarias?&#8230;<\/p>\n","protected":false},"author":3,"featured_media":7331,"comment_status":"open","ping_status":"open","sticky":false,"template":"","format":"standard","meta":{"footnotes":""},"categories":[15],"tags":[108,2570],"class_list":["post-7336","post","type-post","status-publish","format-standard","has-post-thumbnail","hentry","category-noticias-2","tag-4t-eso-es","tag-femcat-es"],"yoast_head":"<!-- This site is optimized with the Yoast SEO plugin v27.2 - https:\/\/yoast.com\/product\/yoast-seo-wordpress\/ -->\n<title>Escuela y Empresa - Centros de ense\u00f1anza<\/title>\n<meta name=\"robots\" content=\"index, follow, max-snippet:-1, max-image-preview:large, max-video-preview:-1\" \/>\n<link rel=\"canonical\" href=\"https:\/\/centresmolina.com\/centreensenyament\/es\/2018\/03\/18\/escola-i-empresa\/\" \/>\n<meta property=\"og:locale\" content=\"es_ES\" \/>\n<meta property=\"og:type\" content=\"article\" \/>\n<meta property=\"og:title\" content=\"Escuela y Empresa - Centros de ense\u00f1anza\" \/>\n<meta property=\"og:description\" content=\"\u00bfQu\u00e9 aporta una empresa en la sociedad? En qu\u00e9 consiste el d\u00eda a d\u00eda de los empresarios y las empresarias?...\" \/>\n<meta property=\"og:url\" content=\"https:\/\/centresmolina.com\/centreensenyament\/es\/2018\/03\/18\/escola-i-empresa\/\" \/>\n<meta property=\"og:site_name\" content=\"Centros de ense\u00f1anza\" \/>\n<meta property=\"article:published_time\" content=\"2018-03-18T08:42:59+00:00\" \/>\n<meta property=\"article:modified_time\" content=\"2018-03-24T09:02:18+00:00\" \/>\n<meta property=\"og:image\" content=\"https:\/\/centresmolina.com\/centreensenyament\/files\/2018\/03\/Femcat-Nissan-8.jpg\" \/>\n\t<meta property=\"og:image:width\" content=\"1280\" \/>\n\t<meta property=\"og:image:height\" content=\"960\" \/>\n\t<meta property=\"og:image:type\" content=\"image\/jpeg\" \/>\n<meta name=\"author\" content=\"webmolina\" \/>\n<meta name=\"twitter:label1\" content=\"Escrito por\" \/>\n\t<meta name=\"twitter:data1\" content=\"webmolina\" \/>\n\t<meta name=\"twitter:label2\" content=\"Tiempo de lectura\" \/>\n\t<meta name=\"twitter:data2\" content=\"1 minuto\" \/>\n<script type=\"application\/ld+json\" class=\"yoast-schema-graph\">{\"@context\":\"https:\/\/schema.org\",\"@graph\":[{\"@type\":\"Article\",\"@id\":\"https:\/\/centresmolina.com\/centreensenyament\/es\/2018\/03\/18\/escola-i-empresa\/#article\",\"isPartOf\":{\"@id\":\"https:\/\/centresmolina.com\/centreensenyament\/es\/2018\/03\/18\/escola-i-empresa\/\"},\"author\":{\"name\":\"webmolina\",\"@id\":\"https:\/\/centresmolina.com\/centreensenyament\/#\/schema\/person\/308d85d274adff04b5c51d47e8aff6cc\"},\"headline\":\"Escuela y Empresa\",\"datePublished\":\"2018-03-18T08:42:59+00:00\",\"dateModified\":\"2018-03-24T09:02:18+00:00\",\"mainEntityOfPage\":{\"@id\":\"https:\/\/centresmolina.com\/centreensenyament\/es\/2018\/03\/18\/escola-i-empresa\/\"},\"wordCount\":230,\"commentCount\":0,\"image\":{\"@id\":\"https:\/\/centresmolina.com\/centreensenyament\/es\/2018\/03\/18\/escola-i-empresa\/#primaryimage\"},\"thumbnailUrl\":\"https:\/\/centresmolina.com\/centreensenyament\/files\/2018\/03\/Femcat-Nissan-8.jpg\",\"keywords\":[\"4t ESO @es\",\"FemCat\"],\"articleSection\":[\"Noticias\"],\"inLanguage\":\"es\",\"potentialAction\":[{\"@type\":\"CommentAction\",\"name\":\"Comment\",\"target\":[\"https:\/\/centresmolina.com\/centreensenyament\/es\/2018\/03\/18\/escola-i-empresa\/#respond\"]}]},{\"@type\":\"WebPage\",\"@id\":\"https:\/\/centresmolina.com\/centreensenyament\/es\/2018\/03\/18\/escola-i-empresa\/\",\"url\":\"https:\/\/centresmolina.com\/centreensenyament\/es\/2018\/03\/18\/escola-i-empresa\/\",\"name\":\"Escuela y Empresa - Centros de ense\u00f1anza\",\"isPartOf\":{\"@id\":\"https:\/\/centresmolina.com\/centreensenyament\/#website\"},\"primaryImageOfPage\":{\"@id\":\"https:\/\/centresmolina.com\/centreensenyament\/es\/2018\/03\/18\/escola-i-empresa\/#primaryimage\"},\"image\":{\"@id\":\"https:\/\/centresmolina.com\/centreensenyament\/es\/2018\/03\/18\/escola-i-empresa\/#primaryimage\"},\"thumbnailUrl\":\"https:\/\/centresmolina.com\/centreensenyament\/files\/2018\/03\/Femcat-Nissan-8.jpg\",\"datePublished\":\"2018-03-18T08:42:59+00:00\",\"dateModified\":\"2018-03-24T09:02:18+00:00\",\"author\":{\"@id\":\"https:\/\/centresmolina.com\/centreensenyament\/#\/schema\/person\/308d85d274adff04b5c51d47e8aff6cc\"},\"breadcrumb\":{\"@id\":\"https:\/\/centresmolina.com\/centreensenyament\/es\/2018\/03\/18\/escola-i-empresa\/#breadcrumb\"},\"inLanguage\":\"es\",\"potentialAction\":[{\"@type\":\"ReadAction\",\"target\":[\"https:\/\/centresmolina.com\/centreensenyament\/es\/2018\/03\/18\/escola-i-empresa\/\"]}]},{\"@type\":\"ImageObject\",\"inLanguage\":\"es\",\"@id\":\"https:\/\/centresmolina.com\/centreensenyament\/es\/2018\/03\/18\/escola-i-empresa\/#primaryimage\",\"url\":\"https:\/\/centresmolina.com\/centreensenyament\/files\/2018\/03\/Femcat-Nissan-8.jpg\",\"contentUrl\":\"https:\/\/centresmolina.com\/centreensenyament\/files\/2018\/03\/Femcat-Nissan-8.jpg\",\"width\":1280,\"height\":960},{\"@type\":\"BreadcrumbList\",\"@id\":\"https:\/\/centresmolina.com\/centreensenyament\/es\/2018\/03\/18\/escola-i-empresa\/#breadcrumb\",\"itemListElement\":[{\"@type\":\"ListItem\",\"position\":1,\"name\":\"Portada\",\"item\":\"https:\/\/centresmolina.com\/centreensenyament\/es\/\"},{\"@type\":\"ListItem\",\"position\":2,\"name\":\"Escuela y Empresa\"}]},{\"@type\":\"WebSite\",\"@id\":\"https:\/\/centresmolina.com\/centreensenyament\/#website\",\"url\":\"https:\/\/centresmolina.com\/centreensenyament\/\",\"name\":\"Centros de ense\u00f1anza\",\"description\":\"Centres Molina - Centros de ense\u00f1anza\",\"potentialAction\":[{\"@type\":\"SearchAction\",\"target\":{\"@type\":\"EntryPoint\",\"urlTemplate\":\"https:\/\/centresmolina.com\/centreensenyament\/?s={search_term_string}\"},\"query-input\":{\"@type\":\"PropertyValueSpecification\",\"valueRequired\":true,\"valueName\":\"search_term_string\"}}],\"inLanguage\":\"es\"},{\"@type\":\"Person\",\"@id\":\"https:\/\/centresmolina.com\/centreensenyament\/#\/schema\/person\/308d85d274adff04b5c51d47e8aff6cc\",\"name\":\"webmolina\",\"image\":{\"@type\":\"ImageObject\",\"inLanguage\":\"es\",\"@id\":\"https:\/\/secure.gravatar.com\/avatar\/38db407e1ab9b284bf45e3bff4ec5cf1e034e364f09b2ee054619614662a717b?s=96&d=mm&r=g\",\"url\":\"https:\/\/secure.gravatar.com\/avatar\/38db407e1ab9b284bf45e3bff4ec5cf1e034e364f09b2ee054619614662a717b?s=96&d=mm&r=g\",\"contentUrl\":\"https:\/\/secure.gravatar.com\/avatar\/38db407e1ab9b284bf45e3bff4ec5cf1e034e364f09b2ee054619614662a717b?s=96&d=mm&r=g\",\"caption\":\"webmolina\"},\"url\":\"https:\/\/centresmolina.com\/centreensenyament\/es\/author\/webmolina\/\"}]}<\/script>\n<!-- \/ Yoast SEO plugin. -->","yoast_head_json":{"title":"Escuela y Empresa - Centros de ense\u00f1anza","robots":{"index":"index","follow":"follow","max-snippet":"max-snippet:-1","max-image-preview":"max-image-preview:large","max-video-preview":"max-video-preview:-1"},"canonical":"https:\/\/centresmolina.com\/centreensenyament\/es\/2018\/03\/18\/escola-i-empresa\/","og_locale":"es_ES","og_type":"article","og_title":"Escuela y Empresa - Centros de ense\u00f1anza","og_description":"\u00bfQu\u00e9 aporta una empresa en la sociedad? En qu\u00e9 consiste el d\u00eda a d\u00eda de los empresarios y las empresarias?...","og_url":"https:\/\/centresmolina.com\/centreensenyament\/es\/2018\/03\/18\/escola-i-empresa\/","og_site_name":"Centros de ense\u00f1anza","article_published_time":"2018-03-18T08:42:59+00:00","article_modified_time":"2018-03-24T09:02:18+00:00","og_image":[{"width":1280,"height":960,"url":"https:\/\/centresmolina.com\/centreensenyament\/files\/2018\/03\/Femcat-Nissan-8.jpg","type":"image\/jpeg"}],"author":"webmolina","twitter_misc":{"Escrito por":"webmolina","Tiempo de lectura":"1 minuto"},"schema":{"@context":"https:\/\/schema.org","@graph":[{"@type":"Article","@id":"https:\/\/centresmolina.com\/centreensenyament\/es\/2018\/03\/18\/escola-i-empresa\/#article","isPartOf":{"@id":"https:\/\/centresmolina.com\/centreensenyament\/es\/2018\/03\/18\/escola-i-empresa\/"},"author":{"name":"webmolina","@id":"https:\/\/centresmolina.com\/centreensenyament\/#\/schema\/person\/308d85d274adff04b5c51d47e8aff6cc"},"headline":"Escuela y Empresa","datePublished":"2018-03-18T08:42:59+00:00","dateModified":"2018-03-24T09:02:18+00:00","mainEntityOfPage":{"@id":"https:\/\/centresmolina.com\/centreensenyament\/es\/2018\/03\/18\/escola-i-empresa\/"},"wordCount":230,"commentCount":0,"image":{"@id":"https:\/\/centresmolina.com\/centreensenyament\/es\/2018\/03\/18\/escola-i-empresa\/#primaryimage"},"thumbnailUrl":"https:\/\/centresmolina.com\/centreensenyament\/files\/2018\/03\/Femcat-Nissan-8.jpg","keywords":["4t ESO @es","FemCat"],"articleSection":["Noticias"],"inLanguage":"es","potentialAction":[{"@type":"CommentAction","name":"Comment","target":["https:\/\/centresmolina.com\/centreensenyament\/es\/2018\/03\/18\/escola-i-empresa\/#respond"]}]},{"@type":"WebPage","@id":"https:\/\/centresmolina.com\/centreensenyament\/es\/2018\/03\/18\/escola-i-empresa\/","url":"https:\/\/centresmolina.com\/centreensenyament\/es\/2018\/03\/18\/escola-i-empresa\/","name":"Escuela y Empresa - Centros de ense\u00f1anza","isPartOf":{"@id":"https:\/\/centresmolina.com\/centreensenyament\/#website"},"primaryImageOfPage":{"@id":"https:\/\/centresmolina.com\/centreensenyament\/es\/2018\/03\/18\/escola-i-empresa\/#primaryimage"},"image":{"@id":"https:\/\/centresmolina.com\/centreensenyament\/es\/2018\/03\/18\/escola-i-empresa\/#primaryimage"},"thumbnailUrl":"https:\/\/centresmolina.com\/centreensenyament\/files\/2018\/03\/Femcat-Nissan-8.jpg","datePublished":"2018-03-18T08:42:59+00:00","dateModified":"2018-03-24T09:02:18+00:00","author":{"@id":"https:\/\/centresmolina.com\/centreensenyament\/#\/schema\/person\/308d85d274adff04b5c51d47e8aff6cc"},"breadcrumb":{"@id":"https:\/\/centresmolina.com\/centreensenyament\/es\/2018\/03\/18\/escola-i-empresa\/#breadcrumb"},"inLanguage":"es","potentialAction":[{"@type":"ReadAction","target":["https:\/\/centresmolina.com\/centreensenyament\/es\/2018\/03\/18\/escola-i-empresa\/"]}]},{"@type":"ImageObject","inLanguage":"es","@id":"https:\/\/centresmolina.com\/centreensenyament\/es\/2018\/03\/18\/escola-i-empresa\/#primaryimage","url":"https:\/\/centresmolina.com\/centreensenyament\/files\/2018\/03\/Femcat-Nissan-8.jpg","contentUrl":"https:\/\/centresmolina.com\/centreensenyament\/files\/2018\/03\/Femcat-Nissan-8.jpg","width":1280,"height":960},{"@type":"BreadcrumbList","@id":"https:\/\/centresmolina.com\/centreensenyament\/es\/2018\/03\/18\/escola-i-empresa\/#breadcrumb","itemListElement":[{"@type":"ListItem","position":1,"name":"Portada","item":"https:\/\/centresmolina.com\/centreensenyament\/es\/"},{"@type":"ListItem","position":2,"name":"Escuela y Empresa"}]},{"@type":"WebSite","@id":"https:\/\/centresmolina.com\/centreensenyament\/#website","url":"https:\/\/centresmolina.com\/centreensenyament\/","name":"Centros de ense\u00f1anza","description":"Centres Molina - Centros de ense\u00f1anza","potentialAction":[{"@type":"SearchAction","target":{"@type":"EntryPoint","urlTemplate":"https:\/\/centresmolina.com\/centreensenyament\/?s={search_term_string}"},"query-input":{"@type":"PropertyValueSpecification","valueRequired":true,"valueName":"search_term_string"}}],"inLanguage":"es"},{"@type":"Person","@id":"https:\/\/centresmolina.com\/centreensenyament\/#\/schema\/person\/308d85d274adff04b5c51d47e8aff6cc","name":"webmolina","image":{"@type":"ImageObject","inLanguage":"es","@id":"https:\/\/secure.gravatar.com\/avatar\/38db407e1ab9b284bf45e3bff4ec5cf1e034e364f09b2ee054619614662a717b?s=96&d=mm&r=g","url":"https:\/\/secure.gravatar.com\/avatar\/38db407e1ab9b284bf45e3bff4ec5cf1e034e364f09b2ee054619614662a717b?s=96&d=mm&r=g","contentUrl":"https:\/\/secure.gravatar.com\/avatar\/38db407e1ab9b284bf45e3bff4ec5cf1e034e364f09b2ee054619614662a717b?s=96&d=mm&r=g","caption":"webmolina"},"url":"https:\/\/centresmolina.com\/centreensenyament\/es\/author\/webmolina\/"}]}},"_links":{"self":[{"href":"https:\/\/centresmolina.com\/centreensenyament\/es\/wp-json\/wp\/v2\/posts\/7336\/"}],"collection":[{"href":"https:\/\/centresmolina.com\/centreensenyament\/es\/wp-json\/wp\/v2\/posts\/"}],"about":[{"href":"https:\/\/centresmolina.com\/centreensenyament\/es\/wp-json\/wp\/v2\/types\/post\/"}],"author":[{"embeddable":true,"href":"https:\/\/centresmolina.com\/centreensenyament\/es\/wp-json\/wp\/v2\/users\/3\/"}],"replies":[{"embeddable":true,"href":"https:\/\/centresmolina.com\/centreensenyament\/es\/wp-json\/wp\/v2\/comments\/?post=7336"}],"version-history":[{"count":2,"href":"https:\/\/centresmolina.com\/centreensenyament\/es\/wp-json\/wp\/v2\/posts\/7336\/revisions\/"}],"predecessor-version":[{"id":7338,"href":"https:\/\/centresmolina.com\/centreensenyament\/es\/wp-json\/wp\/v2\/posts\/7336\/revisions\/7338\/"}],"wp:featuredmedia":[{"embeddable":true,"href":"https:\/\/centresmolina.com\/centreensenyament\/es\/wp-json\/wp\/v2\/media\/7331\/"}],"wp:attachment":[{"href":"https:\/\/centresmolina.com\/centreensenyament\/es\/wp-json\/wp\/v2\/media\/?parent=7336"}],"wp:term":[{"taxonomy":"category","embeddable":true,"href":"https:\/\/centresmolina.com\/centreensenyament\/es\/wp-json\/wp\/v2\/categories\/?post=7336"},{"taxonomy":"post_tag","embeddable":true,"href":"https:\/\/centresmolina.com\/centreensenyament\/es\/wp-json\/wp\/v2\/tags\/?post=7336"}],"curies":[{"name":"wp","href":"https:\/\/api.w.org\/{rel}","templated":true}]}}