{"id":7963,"date":"2018-05-30T18:41:32","date_gmt":"2018-05-30T18:41:32","guid":{"rendered":"http:\/\/centresmolina.com\/centreensenyament\/?p=7963"},"modified":"2018-06-06T04:14:09","modified_gmt":"2018-06-06T04:14:09","slug":"visita-al-castillo-de-torre-baro-eso3","status":"publish","type":"post","link":"https:\/\/centresmolina.com\/centreensenyament\/es\/2018\/05\/30\/visita-al-castillo-de-torre-baro-eso3\/","title":{"rendered":"Visita al castillo de Torre Bar\u00f3 ESO3"},"content":{"rendered":"<p>Los alumnos de ESO3 han hecho una visita al castillo de Torre Bar\u00f3 en el Parque Natural de la sierra de Collserola, para conocer la historia del castillo, su v\u00ednculo con los barrios cercanos y su relaci\u00f3n con los hechos hist\u00f3ricos de la ciudad de Barcelona .<\/p>\n<p>Nos explicaron que el nombre del barrio tampoco proviene de esta construcci\u00f3n. Hab\u00eda una torre llamada \u00abLa Torre del Bar\u00f3\u00bb situada en la Cuadra de Vallbona junto a la antigua Carretera de Ribes que, construida por la familia Pin\u00f3s, fue destruida en 1714 (Guerra de Sucesi\u00f3n) por las tropas de Felipe quinto como represalia contra el var\u00f3n por haber tomado partido por el archiduque Carlos de Austria. Posteriormente, en 1797, se construy\u00f3 una segunda torre que fue vendida, junto con los terrenos, por el bar\u00f3n de Pin\u00f3s al var\u00f3n de Sivatte 1873 y que, finalmente, fue derribada en 1967, junto con las casas de su entorno, por causa de la prolongaci\u00f3n de la Avenida Meridiana y del desplazamiento de la carretera de Ribes. Este replanteamiento de carretera provoc\u00f3 la divisi\u00f3n del terreno en los dos barrios que conocemos en la actualidad: Torre Bar\u00f3 y Vallbona.<br \/>\nTambi\u00e9n nos explicaron las dos versiones de la construcci\u00f3n del castillo: fue el primer edificio de un proyecto urban\u00edstico de una ciudad jard\u00edn que no prosper\u00f3, la versi\u00f3n realista y la leyenda, que dice que se construy\u00f3 para curar a la hija de Manuel de Sivatte, propietario de los terrenos actuales de Torre Bar\u00f3, Ciutat Meridiana y Vallbona.<\/p>\n<p><iframe loading=\"lazy\" title=\"Visita castell Torre Bar\u00f3 ESO3 Col.legi Molina\" width=\"500\" height=\"281\" src=\"https:\/\/www.youtube.com\/embed\/FV48GYVzHlA?feature=oembed\" frameborder=\"0\" allow=\"accelerometer; autoplay; clipboard-write; encrypted-media; gyroscope; picture-in-picture; web-share\" referrerpolicy=\"strict-origin-when-cross-origin\" allowfullscreen><\/iframe><\/p>\n<p>&nbsp;<\/p>\n<p style=\"text-align: center\">Con el tiempo, este edificio se ha convertido en uno de los s\u00edmbolos, no \u00fanicamente del barrio de Torre Bar\u00f3, sino de todo el distrito de Nou Barris.<\/p>\n","protected":false},"excerpt":{"rendered":"<p>Los alumnos de ESO3 han hecho una visita al castillo de Torre Bar\u00f3 en el Parque Natural de la sierra&#8230;<\/p>\n","protected":false},"author":3,"featured_media":7971,"comment_status":"open","ping_status":"open","sticky":false,"template":"","format":"standard","meta":{"footnotes":""},"categories":[15],"tags":[229,2443,2603,23,2607,2606,2604,2626],"class_list":["post-7963","post","type-post","status-publish","format-standard","has-post-thumbnail","hentry","category-noticias-2","tag-3o-eso","tag-aprendizaje","tag-collserola","tag-escola-molina-es","tag-naturaleza","tag-salida-cultural","tag-torre-baro","tag-visita-guiada-es"],"yoast_head":"<!-- This site is optimized with the Yoast SEO plugin v27.2 - https:\/\/yoast.com\/product\/yoast-seo-wordpress\/ -->\n<title>Visita al castillo de Torre Bar\u00f3 ESO3 - Centros de ense\u00f1anza<\/title>\n<meta name=\"robots\" content=\"index, follow, max-snippet:-1, max-image-preview:large, max-video-preview:-1\" \/>\n<link rel=\"canonical\" href=\"https:\/\/centresmolina.com\/centreensenyament\/es\/2018\/05\/30\/visita-al-castillo-de-torre-baro-eso3\/\" \/>\n<meta property=\"og:locale\" content=\"es_ES\" \/>\n<meta property=\"og:type\" content=\"article\" \/>\n<meta property=\"og:title\" content=\"Visita al castillo de Torre Bar\u00f3 ESO3 - Centros de ense\u00f1anza\" \/>\n<meta property=\"og:description\" content=\"Los alumnos de ESO3 han hecho una visita al castillo de Torre Bar\u00f3 en el Parque Natural de la sierra...\" \/>\n<meta property=\"og:url\" content=\"https:\/\/centresmolina.com\/centreensenyament\/es\/2018\/05\/30\/visita-al-castillo-de-torre-baro-eso3\/\" \/>\n<meta property=\"og:site_name\" content=\"Centros de ense\u00f1anza\" \/>\n<meta property=\"article:published_time\" content=\"2018-05-30T18:41:32+00:00\" \/>\n<meta property=\"article:modified_time\" content=\"2018-06-06T04:14:09+00:00\" \/>\n<meta property=\"og:image\" content=\"https:\/\/centresmolina.com\/centreensenyament\/files\/2018\/05\/Castell-Torre-Bar\u00f3-ESO3-23.jpg\" \/>\n\t<meta property=\"og:image:width\" content=\"1600\" \/>\n\t<meta property=\"og:image:height\" content=\"1186\" \/>\n\t<meta property=\"og:image:type\" content=\"image\/jpeg\" \/>\n<meta name=\"author\" content=\"webmolina\" \/>\n<meta name=\"twitter:label1\" content=\"Escrito por\" \/>\n\t<meta name=\"twitter:data1\" content=\"webmolina\" \/>\n\t<meta name=\"twitter:label2\" content=\"Tiempo de lectura\" \/>\n\t<meta name=\"twitter:data2\" content=\"2 minutos\" \/>\n<script type=\"application\/ld+json\" class=\"yoast-schema-graph\">{\"@context\":\"https:\/\/schema.org\",\"@graph\":[{\"@type\":\"Article\",\"@id\":\"https:\/\/centresmolina.com\/centreensenyament\/es\/2018\/05\/30\/visita-al-castillo-de-torre-baro-eso3\/#article\",\"isPartOf\":{\"@id\":\"https:\/\/centresmolina.com\/centreensenyament\/es\/2018\/05\/30\/visita-al-castillo-de-torre-baro-eso3\/\"},\"author\":{\"name\":\"webmolina\",\"@id\":\"https:\/\/centresmolina.com\/centreensenyament\/#\/schema\/person\/308d85d274adff04b5c51d47e8aff6cc\"},\"headline\":\"Visita al castillo de Torre Bar\u00f3 ESO3\",\"datePublished\":\"2018-05-30T18:41:32+00:00\",\"dateModified\":\"2018-06-06T04:14:09+00:00\",\"mainEntityOfPage\":{\"@id\":\"https:\/\/centresmolina.com\/centreensenyament\/es\/2018\/05\/30\/visita-al-castillo-de-torre-baro-eso3\/\"},\"wordCount\":307,\"commentCount\":0,\"image\":{\"@id\":\"https:\/\/centresmolina.com\/centreensenyament\/es\/2018\/05\/30\/visita-al-castillo-de-torre-baro-eso3\/#primaryimage\"},\"thumbnailUrl\":\"https:\/\/centresmolina.com\/centreensenyament\/files\/2018\/05\/Castell-Torre-Bar\u00f3-ESO3-23.jpg\",\"keywords\":[\"3\u00ba ESO\",\"APRENDIZAJE\",\"Collserola\",\"Escola Molina @es\",\"Naturaleza\",\"Salida cultural\",\"Torre Bar\u00f3\",\"Visita guiada\"],\"articleSection\":[\"Noticias\"],\"inLanguage\":\"es\",\"potentialAction\":[{\"@type\":\"CommentAction\",\"name\":\"Comment\",\"target\":[\"https:\/\/centresmolina.com\/centreensenyament\/es\/2018\/05\/30\/visita-al-castillo-de-torre-baro-eso3\/#respond\"]}]},{\"@type\":\"WebPage\",\"@id\":\"https:\/\/centresmolina.com\/centreensenyament\/es\/2018\/05\/30\/visita-al-castillo-de-torre-baro-eso3\/\",\"url\":\"https:\/\/centresmolina.com\/centreensenyament\/es\/2018\/05\/30\/visita-al-castillo-de-torre-baro-eso3\/\",\"name\":\"Visita al castillo de Torre Bar\u00f3 ESO3 - Centros de ense\u00f1anza\",\"isPartOf\":{\"@id\":\"https:\/\/centresmolina.com\/centreensenyament\/#website\"},\"primaryImageOfPage\":{\"@id\":\"https:\/\/centresmolina.com\/centreensenyament\/es\/2018\/05\/30\/visita-al-castillo-de-torre-baro-eso3\/#primaryimage\"},\"image\":{\"@id\":\"https:\/\/centresmolina.com\/centreensenyament\/es\/2018\/05\/30\/visita-al-castillo-de-torre-baro-eso3\/#primaryimage\"},\"thumbnailUrl\":\"https:\/\/centresmolina.com\/centreensenyament\/files\/2018\/05\/Castell-Torre-Bar\u00f3-ESO3-23.jpg\",\"datePublished\":\"2018-05-30T18:41:32+00:00\",\"dateModified\":\"2018-06-06T04:14:09+00:00\",\"author\":{\"@id\":\"https:\/\/centresmolina.com\/centreensenyament\/#\/schema\/person\/308d85d274adff04b5c51d47e8aff6cc\"},\"breadcrumb\":{\"@id\":\"https:\/\/centresmolina.com\/centreensenyament\/es\/2018\/05\/30\/visita-al-castillo-de-torre-baro-eso3\/#breadcrumb\"},\"inLanguage\":\"es\",\"potentialAction\":[{\"@type\":\"ReadAction\",\"target\":[\"https:\/\/centresmolina.com\/centreensenyament\/es\/2018\/05\/30\/visita-al-castillo-de-torre-baro-eso3\/\"]}]},{\"@type\":\"ImageObject\",\"inLanguage\":\"es\",\"@id\":\"https:\/\/centresmolina.com\/centreensenyament\/es\/2018\/05\/30\/visita-al-castillo-de-torre-baro-eso3\/#primaryimage\",\"url\":\"https:\/\/centresmolina.com\/centreensenyament\/files\/2018\/05\/Castell-Torre-Bar\u00f3-ESO3-23.jpg\",\"contentUrl\":\"https:\/\/centresmolina.com\/centreensenyament\/files\/2018\/05\/Castell-Torre-Bar\u00f3-ESO3-23.jpg\",\"width\":1600,\"height\":1186},{\"@type\":\"BreadcrumbList\",\"@id\":\"https:\/\/centresmolina.com\/centreensenyament\/es\/2018\/05\/30\/visita-al-castillo-de-torre-baro-eso3\/#breadcrumb\",\"itemListElement\":[{\"@type\":\"ListItem\",\"position\":1,\"name\":\"Portada\",\"item\":\"https:\/\/centresmolina.com\/centreensenyament\/es\/\"},{\"@type\":\"ListItem\",\"position\":2,\"name\":\"Visita al castillo de Torre Bar\u00f3 ESO3\"}]},{\"@type\":\"WebSite\",\"@id\":\"https:\/\/centresmolina.com\/centreensenyament\/#website\",\"url\":\"https:\/\/centresmolina.com\/centreensenyament\/\",\"name\":\"Centros de ense\u00f1anza\",\"description\":\"Centres Molina - Centros de ense\u00f1anza\",\"potentialAction\":[{\"@type\":\"SearchAction\",\"target\":{\"@type\":\"EntryPoint\",\"urlTemplate\":\"https:\/\/centresmolina.com\/centreensenyament\/?s={search_term_string}\"},\"query-input\":{\"@type\":\"PropertyValueSpecification\",\"valueRequired\":true,\"valueName\":\"search_term_string\"}}],\"inLanguage\":\"es\"},{\"@type\":\"Person\",\"@id\":\"https:\/\/centresmolina.com\/centreensenyament\/#\/schema\/person\/308d85d274adff04b5c51d47e8aff6cc\",\"name\":\"webmolina\",\"image\":{\"@type\":\"ImageObject\",\"inLanguage\":\"es\",\"@id\":\"https:\/\/secure.gravatar.com\/avatar\/38db407e1ab9b284bf45e3bff4ec5cf1e034e364f09b2ee054619614662a717b?s=96&d=mm&r=g\",\"url\":\"https:\/\/secure.gravatar.com\/avatar\/38db407e1ab9b284bf45e3bff4ec5cf1e034e364f09b2ee054619614662a717b?s=96&d=mm&r=g\",\"contentUrl\":\"https:\/\/secure.gravatar.com\/avatar\/38db407e1ab9b284bf45e3bff4ec5cf1e034e364f09b2ee054619614662a717b?s=96&d=mm&r=g\",\"caption\":\"webmolina\"},\"url\":\"https:\/\/centresmolina.com\/centreensenyament\/es\/author\/webmolina\/\"}]}<\/script>\n<!-- \/ Yoast SEO plugin. -->","yoast_head_json":{"title":"Visita al castillo de Torre Bar\u00f3 ESO3 - Centros de ense\u00f1anza","robots":{"index":"index","follow":"follow","max-snippet":"max-snippet:-1","max-image-preview":"max-image-preview:large","max-video-preview":"max-video-preview:-1"},"canonical":"https:\/\/centresmolina.com\/centreensenyament\/es\/2018\/05\/30\/visita-al-castillo-de-torre-baro-eso3\/","og_locale":"es_ES","og_type":"article","og_title":"Visita al castillo de Torre Bar\u00f3 ESO3 - Centros de ense\u00f1anza","og_description":"Los alumnos de ESO3 han hecho una visita al castillo de Torre Bar\u00f3 en el Parque Natural de la sierra...","og_url":"https:\/\/centresmolina.com\/centreensenyament\/es\/2018\/05\/30\/visita-al-castillo-de-torre-baro-eso3\/","og_site_name":"Centros de ense\u00f1anza","article_published_time":"2018-05-30T18:41:32+00:00","article_modified_time":"2018-06-06T04:14:09+00:00","og_image":[{"width":1600,"height":1186,"url":"https:\/\/centresmolina.com\/centreensenyament\/files\/2018\/05\/Castell-Torre-Bar\u00f3-ESO3-23.jpg","type":"image\/jpeg"}],"author":"webmolina","twitter_misc":{"Escrito por":"webmolina","Tiempo de lectura":"2 minutos"},"schema":{"@context":"https:\/\/schema.org","@graph":[{"@type":"Article","@id":"https:\/\/centresmolina.com\/centreensenyament\/es\/2018\/05\/30\/visita-al-castillo-de-torre-baro-eso3\/#article","isPartOf":{"@id":"https:\/\/centresmolina.com\/centreensenyament\/es\/2018\/05\/30\/visita-al-castillo-de-torre-baro-eso3\/"},"author":{"name":"webmolina","@id":"https:\/\/centresmolina.com\/centreensenyament\/#\/schema\/person\/308d85d274adff04b5c51d47e8aff6cc"},"headline":"Visita al castillo de Torre Bar\u00f3 ESO3","datePublished":"2018-05-30T18:41:32+00:00","dateModified":"2018-06-06T04:14:09+00:00","mainEntityOfPage":{"@id":"https:\/\/centresmolina.com\/centreensenyament\/es\/2018\/05\/30\/visita-al-castillo-de-torre-baro-eso3\/"},"wordCount":307,"commentCount":0,"image":{"@id":"https:\/\/centresmolina.com\/centreensenyament\/es\/2018\/05\/30\/visita-al-castillo-de-torre-baro-eso3\/#primaryimage"},"thumbnailUrl":"https:\/\/centresmolina.com\/centreensenyament\/files\/2018\/05\/Castell-Torre-Bar\u00f3-ESO3-23.jpg","keywords":["3\u00ba ESO","APRENDIZAJE","Collserola","Escola Molina @es","Naturaleza","Salida cultural","Torre Bar\u00f3","Visita guiada"],"articleSection":["Noticias"],"inLanguage":"es","potentialAction":[{"@type":"CommentAction","name":"Comment","target":["https:\/\/centresmolina.com\/centreensenyament\/es\/2018\/05\/30\/visita-al-castillo-de-torre-baro-eso3\/#respond"]}]},{"@type":"WebPage","@id":"https:\/\/centresmolina.com\/centreensenyament\/es\/2018\/05\/30\/visita-al-castillo-de-torre-baro-eso3\/","url":"https:\/\/centresmolina.com\/centreensenyament\/es\/2018\/05\/30\/visita-al-castillo-de-torre-baro-eso3\/","name":"Visita al castillo de Torre Bar\u00f3 ESO3 - Centros de ense\u00f1anza","isPartOf":{"@id":"https:\/\/centresmolina.com\/centreensenyament\/#website"},"primaryImageOfPage":{"@id":"https:\/\/centresmolina.com\/centreensenyament\/es\/2018\/05\/30\/visita-al-castillo-de-torre-baro-eso3\/#primaryimage"},"image":{"@id":"https:\/\/centresmolina.com\/centreensenyament\/es\/2018\/05\/30\/visita-al-castillo-de-torre-baro-eso3\/#primaryimage"},"thumbnailUrl":"https:\/\/centresmolina.com\/centreensenyament\/files\/2018\/05\/Castell-Torre-Bar\u00f3-ESO3-23.jpg","datePublished":"2018-05-30T18:41:32+00:00","dateModified":"2018-06-06T04:14:09+00:00","author":{"@id":"https:\/\/centresmolina.com\/centreensenyament\/#\/schema\/person\/308d85d274adff04b5c51d47e8aff6cc"},"breadcrumb":{"@id":"https:\/\/centresmolina.com\/centreensenyament\/es\/2018\/05\/30\/visita-al-castillo-de-torre-baro-eso3\/#breadcrumb"},"inLanguage":"es","potentialAction":[{"@type":"ReadAction","target":["https:\/\/centresmolina.com\/centreensenyament\/es\/2018\/05\/30\/visita-al-castillo-de-torre-baro-eso3\/"]}]},{"@type":"ImageObject","inLanguage":"es","@id":"https:\/\/centresmolina.com\/centreensenyament\/es\/2018\/05\/30\/visita-al-castillo-de-torre-baro-eso3\/#primaryimage","url":"https:\/\/centresmolina.com\/centreensenyament\/files\/2018\/05\/Castell-Torre-Bar\u00f3-ESO3-23.jpg","contentUrl":"https:\/\/centresmolina.com\/centreensenyament\/files\/2018\/05\/Castell-Torre-Bar\u00f3-ESO3-23.jpg","width":1600,"height":1186},{"@type":"BreadcrumbList","@id":"https:\/\/centresmolina.com\/centreensenyament\/es\/2018\/05\/30\/visita-al-castillo-de-torre-baro-eso3\/#breadcrumb","itemListElement":[{"@type":"ListItem","position":1,"name":"Portada","item":"https:\/\/centresmolina.com\/centreensenyament\/es\/"},{"@type":"ListItem","position":2,"name":"Visita al castillo de Torre Bar\u00f3 ESO3"}]},{"@type":"WebSite","@id":"https:\/\/centresmolina.com\/centreensenyament\/#website","url":"https:\/\/centresmolina.com\/centreensenyament\/","name":"Centros de ense\u00f1anza","description":"Centres Molina - Centros de ense\u00f1anza","potentialAction":[{"@type":"SearchAction","target":{"@type":"EntryPoint","urlTemplate":"https:\/\/centresmolina.com\/centreensenyament\/?s={search_term_string}"},"query-input":{"@type":"PropertyValueSpecification","valueRequired":true,"valueName":"search_term_string"}}],"inLanguage":"es"},{"@type":"Person","@id":"https:\/\/centresmolina.com\/centreensenyament\/#\/schema\/person\/308d85d274adff04b5c51d47e8aff6cc","name":"webmolina","image":{"@type":"ImageObject","inLanguage":"es","@id":"https:\/\/secure.gravatar.com\/avatar\/38db407e1ab9b284bf45e3bff4ec5cf1e034e364f09b2ee054619614662a717b?s=96&d=mm&r=g","url":"https:\/\/secure.gravatar.com\/avatar\/38db407e1ab9b284bf45e3bff4ec5cf1e034e364f09b2ee054619614662a717b?s=96&d=mm&r=g","contentUrl":"https:\/\/secure.gravatar.com\/avatar\/38db407e1ab9b284bf45e3bff4ec5cf1e034e364f09b2ee054619614662a717b?s=96&d=mm&r=g","caption":"webmolina"},"url":"https:\/\/centresmolina.com\/centreensenyament\/es\/author\/webmolina\/"}]}},"_links":{"self":[{"href":"https:\/\/centresmolina.com\/centreensenyament\/es\/wp-json\/wp\/v2\/posts\/7963\/"}],"collection":[{"href":"https:\/\/centresmolina.com\/centreensenyament\/es\/wp-json\/wp\/v2\/posts\/"}],"about":[{"href":"https:\/\/centresmolina.com\/centreensenyament\/es\/wp-json\/wp\/v2\/types\/post\/"}],"author":[{"embeddable":true,"href":"https:\/\/centresmolina.com\/centreensenyament\/es\/wp-json\/wp\/v2\/users\/3\/"}],"replies":[{"embeddable":true,"href":"https:\/\/centresmolina.com\/centreensenyament\/es\/wp-json\/wp\/v2\/comments\/?post=7963"}],"version-history":[{"count":2,"href":"https:\/\/centresmolina.com\/centreensenyament\/es\/wp-json\/wp\/v2\/posts\/7963\/revisions\/"}],"predecessor-version":[{"id":7974,"href":"https:\/\/centresmolina.com\/centreensenyament\/es\/wp-json\/wp\/v2\/posts\/7963\/revisions\/7974\/"}],"wp:featuredmedia":[{"embeddable":true,"href":"https:\/\/centresmolina.com\/centreensenyament\/es\/wp-json\/wp\/v2\/media\/7971\/"}],"wp:attachment":[{"href":"https:\/\/centresmolina.com\/centreensenyament\/es\/wp-json\/wp\/v2\/media\/?parent=7963"}],"wp:term":[{"taxonomy":"category","embeddable":true,"href":"https:\/\/centresmolina.com\/centreensenyament\/es\/wp-json\/wp\/v2\/categories\/?post=7963"},{"taxonomy":"post_tag","embeddable":true,"href":"https:\/\/centresmolina.com\/centreensenyament\/es\/wp-json\/wp\/v2\/tags\/?post=7963"}],"curies":[{"name":"wp","href":"https:\/\/api.w.org\/{rel}","templated":true}]}}