{"id":10049,"date":"2019-03-15T16:27:15","date_gmt":"2019-03-15T16:27:15","guid":{"rendered":"http:\/\/centresmolina.com\/centreensenyament\/?p=10049"},"modified":"2019-03-20T18:56:55","modified_gmt":"2019-03-20T18:56:55","slug":"tallers-formatius-de-salut-i-lesport-a-lescola-molina","status":"publish","type":"post","link":"https:\/\/centresmolina.com\/centreensenyament\/2019\/03\/15\/tallers-formatius-de-salut-i-lesport-a-lescola-molina\/","title":{"rendered":"Tallers Formatius de Salut i l&#8217;Esport a l&#8217;Escola Molina"},"content":{"rendered":"<p>Aquesta setmana l&#8217;Escola ha participat en els tallers formatius de Salut i l&#8217;Esport organitzat per l\u2019Escola Universit\u00e0ria de la Salut i l\u2019Esport (EUSES) sobre h\u00e0bits saludables, tecnologia i salut, valors en l\u2019esport.\u00a0 Aquests tallers tenen la finalitat d\u2019oferir eines per con\u00e8ixer, identificar i millorar els seus h\u00e0bits saludables a trav\u00e9s de d\u2019una bona higiene postural, apropar la tecnologia mitjan\u00e7ant l\u2019\u00fas d\u2019aplicacions per a la millora de la salut, i\u00a0 mostrar i reflexionar sobre els valors en l\u2019esport.<\/p>\n<p>Els alumnes d&#8217;ESO1 i ESO2 han participat en el taller &#8220;Els valors en l&#8217;esport&#8221;. Han treballat qu\u00e8 s\u00f3n,\u00a0 quina relaci\u00f3 hi ha entre l&#8217;esport i la societat,\u00a0 el valor de la integraci\u00f3 i el\u00a0 fair play o joc n\u00e9t\u00a0 versus la viol\u00e8ncia. Gr\u00e0cies <a href=\"http:\/\/euses.cat\/entrevista-a-brian-pascual-el-que-destacaria-deuses-es-la-proximitat-i-la-qualitat-de-lequip-docent\/\" target=\"_blank\" rel=\"noopener noreferrer\">Brian Pascual<\/a> i Vini Rosa per les vostres explicacions.<\/p>\n\n\t\t<style type=\"text\/css\">\n\t\t\t#gallery-1 {\n\t\t\t\tmargin: auto;\n\t\t\t}\n\t\t\t#gallery-1 .gallery-item {\n\t\t\t\tfloat: left;\n\t\t\t\tmargin-top: 10px;\n\t\t\t\ttext-align: center;\n\t\t\t\twidth: 33%;\n\t\t\t}\n\t\t\t#gallery-1 img {\n\t\t\t\tborder: 2px solid #cfcfcf;\n\t\t\t}\n\t\t\t#gallery-1 .gallery-caption {\n\t\t\t\tmargin-left: 0;\n\t\t\t}\n\t\t\t\/* see gallery_shortcode() in wp-includes\/media.php *\/\n\t\t<\/style>\n\t\t<div id='gallery-1' class='gallery galleryid-10049 gallery-columns-3 gallery-size-medium'><dl class='gallery-item'>\n\t\t\t<dt class='gallery-icon landscape'>\n\t\t\t\t<a href='https:\/\/centresmolina.com\/centreensenyament\/files\/2019\/03\/Tallers-Salut-i-lEsport-EUSES-3.jpg'><img loading=\"lazy\" decoding=\"async\" width=\"300\" height=\"222\" src=\"https:\/\/centresmolina.com\/centreensenyament\/files\/2019\/03\/Tallers-Salut-i-lEsport-EUSES-3-300x222.jpg\" class=\"attachment-medium size-medium\" alt=\"\" srcset=\"https:\/\/centresmolina.com\/centreensenyament\/files\/2019\/03\/Tallers-Salut-i-lEsport-EUSES-3-300x222.jpg 300w, https:\/\/centresmolina.com\/centreensenyament\/files\/2019\/03\/Tallers-Salut-i-lEsport-EUSES-3-768x569.jpg 768w, https:\/\/centresmolina.com\/centreensenyament\/files\/2019\/03\/Tallers-Salut-i-lEsport-EUSES-3-1024x759.jpg 1024w\" sizes=\"auto, (max-width: 300px) 100vw, 300px\" \/><\/a>\n\t\t\t<\/dt><\/dl><dl class='gallery-item'>\n\t\t\t<dt class='gallery-icon landscape'>\n\t\t\t\t<a href='https:\/\/centresmolina.com\/centreensenyament\/files\/2019\/03\/Tallers-Salut-i-lEsport-EUSES-4.jpg'><img loading=\"lazy\" decoding=\"async\" width=\"300\" height=\"222\" src=\"https:\/\/centresmolina.com\/centreensenyament\/files\/2019\/03\/Tallers-Salut-i-lEsport-EUSES-4-300x222.jpg\" class=\"attachment-medium size-medium\" alt=\"\" srcset=\"https:\/\/centresmolina.com\/centreensenyament\/files\/2019\/03\/Tallers-Salut-i-lEsport-EUSES-4-300x222.jpg 300w, https:\/\/centresmolina.com\/centreensenyament\/files\/2019\/03\/Tallers-Salut-i-lEsport-EUSES-4-768x569.jpg 768w, https:\/\/centresmolina.com\/centreensenyament\/files\/2019\/03\/Tallers-Salut-i-lEsport-EUSES-4-1024x759.jpg 1024w\" sizes=\"auto, (max-width: 300px) 100vw, 300px\" \/><\/a>\n\t\t\t<\/dt><\/dl><dl class='gallery-item'>\n\t\t\t<dt class='gallery-icon landscape'>\n\t\t\t\t<a href='https:\/\/centresmolina.com\/centreensenyament\/files\/2019\/03\/Tallers-Salut-i-lEsport-EUSES-13.jpg'><img loading=\"lazy\" decoding=\"async\" width=\"300\" height=\"222\" src=\"https:\/\/centresmolina.com\/centreensenyament\/files\/2019\/03\/Tallers-Salut-i-lEsport-EUSES-13-300x222.jpg\" class=\"attachment-medium size-medium\" alt=\"\" srcset=\"https:\/\/centresmolina.com\/centreensenyament\/files\/2019\/03\/Tallers-Salut-i-lEsport-EUSES-13-300x222.jpg 300w, https:\/\/centresmolina.com\/centreensenyament\/files\/2019\/03\/Tallers-Salut-i-lEsport-EUSES-13-768x569.jpg 768w, https:\/\/centresmolina.com\/centreensenyament\/files\/2019\/03\/Tallers-Salut-i-lEsport-EUSES-13-1024x759.jpg 1024w\" sizes=\"auto, (max-width: 300px) 100vw, 300px\" \/><\/a>\n\t\t\t<\/dt><\/dl><br style=\"clear: both\" \/>\n\t\t<\/div>\n\n\n\t\t<style type=\"text\/css\">\n\t\t\t#gallery-2 {\n\t\t\t\tmargin: auto;\n\t\t\t}\n\t\t\t#gallery-2 .gallery-item {\n\t\t\t\tfloat: left;\n\t\t\t\tmargin-top: 10px;\n\t\t\t\ttext-align: center;\n\t\t\t\twidth: 50%;\n\t\t\t}\n\t\t\t#gallery-2 img {\n\t\t\t\tborder: 2px solid #cfcfcf;\n\t\t\t}\n\t\t\t#gallery-2 .gallery-caption {\n\t\t\t\tmargin-left: 0;\n\t\t\t}\n\t\t\t\/* see gallery_shortcode() in wp-includes\/media.php *\/\n\t\t<\/style>\n\t\t<div id='gallery-2' class='gallery galleryid-10049 gallery-columns-2 gallery-size-large'><dl class='gallery-item'>\n\t\t\t<dt class='gallery-icon landscape'>\n\t\t\t\t<a href='https:\/\/centresmolina.com\/centreensenyament\/files\/2019\/03\/Tallers-Salut-i-lEsport-EUSES-5.jpg'><img loading=\"lazy\" decoding=\"async\" width=\"1024\" height=\"759\" src=\"https:\/\/centresmolina.com\/centreensenyament\/files\/2019\/03\/Tallers-Salut-i-lEsport-EUSES-5-1024x759.jpg\" class=\"attachment-large size-large\" alt=\"\" srcset=\"https:\/\/centresmolina.com\/centreensenyament\/files\/2019\/03\/Tallers-Salut-i-lEsport-EUSES-5-1024x759.jpg 1024w, https:\/\/centresmolina.com\/centreensenyament\/files\/2019\/03\/Tallers-Salut-i-lEsport-EUSES-5-300x222.jpg 300w, https:\/\/centresmolina.com\/centreensenyament\/files\/2019\/03\/Tallers-Salut-i-lEsport-EUSES-5-768x569.jpg 768w\" sizes=\"auto, (max-width: 1024px) 100vw, 1024px\" \/><\/a>\n\t\t\t<\/dt><\/dl><dl class='gallery-item'>\n\t\t\t<dt class='gallery-icon landscape'>\n\t\t\t\t<a href='https:\/\/centresmolina.com\/centreensenyament\/files\/2019\/03\/Tallers-Salut-i-lEsport-EUSES-9.jpg'><img loading=\"lazy\" decoding=\"async\" width=\"1024\" height=\"759\" src=\"https:\/\/centresmolina.com\/centreensenyament\/files\/2019\/03\/Tallers-Salut-i-lEsport-EUSES-9-1024x759.jpg\" class=\"attachment-large size-large\" alt=\"\" srcset=\"https:\/\/centresmolina.com\/centreensenyament\/files\/2019\/03\/Tallers-Salut-i-lEsport-EUSES-9-1024x759.jpg 1024w, https:\/\/centresmolina.com\/centreensenyament\/files\/2019\/03\/Tallers-Salut-i-lEsport-EUSES-9-300x222.jpg 300w, https:\/\/centresmolina.com\/centreensenyament\/files\/2019\/03\/Tallers-Salut-i-lEsport-EUSES-9-768x569.jpg 768w\" sizes=\"auto, (max-width: 1024px) 100vw, 1024px\" \/><\/a>\n\t\t\t<\/dt><\/dl><br style=\"clear: both\" \/>\n\t\t<\/div>\n\n<p><iframe loading=\"lazy\" title=\"Taller Salut i Esport  ESO2 by EUSES\" width=\"500\" height=\"281\" src=\"https:\/\/www.youtube.com\/embed\/dk63f9aYhHA?feature=oembed\" frameborder=\"0\" allow=\"accelerometer; autoplay; clipboard-write; encrypted-media; gyroscope; picture-in-picture; web-share\" referrerpolicy=\"strict-origin-when-cross-origin\" allowfullscreen><\/iframe><\/p>\n<p>Els alumnes d&#8217;ESO3 i ESO4 han realitzat el taller &#8221; Els h\u00e0bits posturals per a la millora de la Salut &#8221; en angl\u00e8s. Han treballat el sedentarisme i l&#8217;obesitat actual al m\u00f3n, sobretot al pa\u00efsos del primer m\u00f3n i els factors de risc. S&#8217;ha fet un an\u00e0lisi de la import\u00e0ncia del moviment i de l&#8217;esport no intens, aix\u00ed com tamb\u00e9 de la higienepostural en les activitats quotidianes, sobretot en l&#8217;\u00e0mbit escolar. Per acabar tant la <a href=\"https:\/\/www.researchgate.net\/profile\/Nuria_Broo\" target=\"_blank\" rel=\"noopener noreferrer\">Nuria Broo<\/a>, graduada en Fisioter\u00e0pia com en <a href=\"http:\/\/euses.cat\/professor\/mariano-gacto\/\" target=\"_blank\" rel=\"noopener noreferrer\">Mariano Gacto-S\u00e1nchez<\/a>, Director del Grau de Fisioter\u00e0pia, ens han fet recomanacions per adquirir uns bons h\u00e0bits posturals.<\/p>\n\n\t\t<style type=\"text\/css\">\n\t\t\t#gallery-3 {\n\t\t\t\tmargin: auto;\n\t\t\t}\n\t\t\t#gallery-3 .gallery-item {\n\t\t\t\tfloat: left;\n\t\t\t\tmargin-top: 10px;\n\t\t\t\ttext-align: center;\n\t\t\t\twidth: 33%;\n\t\t\t}\n\t\t\t#gallery-3 img {\n\t\t\t\tborder: 2px solid #cfcfcf;\n\t\t\t}\n\t\t\t#gallery-3 .gallery-caption {\n\t\t\t\tmargin-left: 0;\n\t\t\t}\n\t\t\t\/* see gallery_shortcode() in wp-includes\/media.php *\/\n\t\t<\/style>\n\t\t<div id='gallery-3' class='gallery galleryid-10049 gallery-columns-3 gallery-size-medium'><dl class='gallery-item'>\n\t\t\t<dt class='gallery-icon landscape'>\n\t\t\t\t<a href='https:\/\/centresmolina.com\/centreensenyament\/files\/2019\/03\/Tallers-Salut-i-lEsport-EUSES-14.jpg'><img loading=\"lazy\" decoding=\"async\" width=\"300\" height=\"222\" src=\"https:\/\/centresmolina.com\/centreensenyament\/files\/2019\/03\/Tallers-Salut-i-lEsport-EUSES-14-300x222.jpg\" class=\"attachment-medium size-medium\" alt=\"\" srcset=\"https:\/\/centresmolina.com\/centreensenyament\/files\/2019\/03\/Tallers-Salut-i-lEsport-EUSES-14-300x222.jpg 300w, https:\/\/centresmolina.com\/centreensenyament\/files\/2019\/03\/Tallers-Salut-i-lEsport-EUSES-14-768x569.jpg 768w, https:\/\/centresmolina.com\/centreensenyament\/files\/2019\/03\/Tallers-Salut-i-lEsport-EUSES-14-1024x759.jpg 1024w\" sizes=\"auto, (max-width: 300px) 100vw, 300px\" \/><\/a>\n\t\t\t<\/dt><\/dl><dl class='gallery-item'>\n\t\t\t<dt class='gallery-icon landscape'>\n\t\t\t\t<a href='https:\/\/centresmolina.com\/centreensenyament\/files\/2019\/03\/Tallers-Salut-i-lEsport-EUSES-15-1.jpg'><img loading=\"lazy\" decoding=\"async\" width=\"300\" height=\"222\" src=\"https:\/\/centresmolina.com\/centreensenyament\/files\/2019\/03\/Tallers-Salut-i-lEsport-EUSES-15-1-300x222.jpg\" class=\"attachment-medium size-medium\" alt=\"\" srcset=\"https:\/\/centresmolina.com\/centreensenyament\/files\/2019\/03\/Tallers-Salut-i-lEsport-EUSES-15-1-300x222.jpg 300w, https:\/\/centresmolina.com\/centreensenyament\/files\/2019\/03\/Tallers-Salut-i-lEsport-EUSES-15-1-768x569.jpg 768w, https:\/\/centresmolina.com\/centreensenyament\/files\/2019\/03\/Tallers-Salut-i-lEsport-EUSES-15-1-1024x759.jpg 1024w\" sizes=\"auto, (max-width: 300px) 100vw, 300px\" \/><\/a>\n\t\t\t<\/dt><\/dl><dl class='gallery-item'>\n\t\t\t<dt class='gallery-icon landscape'>\n\t\t\t\t<a href='https:\/\/centresmolina.com\/centreensenyament\/files\/2019\/03\/Tallers-Salut-i-lEsport-EUSES-10.jpg'><img loading=\"lazy\" decoding=\"async\" width=\"300\" height=\"222\" src=\"https:\/\/centresmolina.com\/centreensenyament\/files\/2019\/03\/Tallers-Salut-i-lEsport-EUSES-10-300x222.jpg\" class=\"attachment-medium size-medium\" alt=\"\" srcset=\"https:\/\/centresmolina.com\/centreensenyament\/files\/2019\/03\/Tallers-Salut-i-lEsport-EUSES-10-300x222.jpg 300w, https:\/\/centresmolina.com\/centreensenyament\/files\/2019\/03\/Tallers-Salut-i-lEsport-EUSES-10-768x569.jpg 768w, https:\/\/centresmolina.com\/centreensenyament\/files\/2019\/03\/Tallers-Salut-i-lEsport-EUSES-10-1024x759.jpg 1024w\" sizes=\"auto, (max-width: 300px) 100vw, 300px\" \/><\/a>\n\t\t\t<\/dt><\/dl><br style=\"clear: both\" \/><dl class='gallery-item'>\n\t\t\t<dt class='gallery-icon landscape'>\n\t\t\t\t<a href='https:\/\/centresmolina.com\/centreensenyament\/files\/2019\/03\/Tallers-Salut-i-lEsport-EUSES-7.jpg'><img loading=\"lazy\" decoding=\"async\" width=\"300\" height=\"222\" src=\"https:\/\/centresmolina.com\/centreensenyament\/files\/2019\/03\/Tallers-Salut-i-lEsport-EUSES-7-300x222.jpg\" class=\"attachment-medium size-medium\" alt=\"\" srcset=\"https:\/\/centresmolina.com\/centreensenyament\/files\/2019\/03\/Tallers-Salut-i-lEsport-EUSES-7-300x222.jpg 300w, https:\/\/centresmolina.com\/centreensenyament\/files\/2019\/03\/Tallers-Salut-i-lEsport-EUSES-7-768x569.jpg 768w, https:\/\/centresmolina.com\/centreensenyament\/files\/2019\/03\/Tallers-Salut-i-lEsport-EUSES-7-1024x759.jpg 1024w\" sizes=\"auto, (max-width: 300px) 100vw, 300px\" \/><\/a>\n\t\t\t<\/dt><\/dl><dl class='gallery-item'>\n\t\t\t<dt class='gallery-icon landscape'>\n\t\t\t\t<a href='https:\/\/centresmolina.com\/centreensenyament\/files\/2019\/03\/Tallers-Salut-i-lEsport-EUSES-2.jpg'><img loading=\"lazy\" decoding=\"async\" width=\"300\" height=\"222\" src=\"https:\/\/centresmolina.com\/centreensenyament\/files\/2019\/03\/Tallers-Salut-i-lEsport-EUSES-2-300x222.jpg\" class=\"attachment-medium size-medium\" alt=\"\" srcset=\"https:\/\/centresmolina.com\/centreensenyament\/files\/2019\/03\/Tallers-Salut-i-lEsport-EUSES-2-300x222.jpg 300w, https:\/\/centresmolina.com\/centreensenyament\/files\/2019\/03\/Tallers-Salut-i-lEsport-EUSES-2-768x569.jpg 768w, https:\/\/centresmolina.com\/centreensenyament\/files\/2019\/03\/Tallers-Salut-i-lEsport-EUSES-2-1024x759.jpg 1024w\" sizes=\"auto, (max-width: 300px) 100vw, 300px\" \/><\/a>\n\t\t\t<\/dt><\/dl><dl class='gallery-item'>\n\t\t\t<dt class='gallery-icon landscape'>\n\t\t\t\t<a href='https:\/\/centresmolina.com\/centreensenyament\/files\/2019\/03\/Tallers-Salut-i-Esport-EUSES.jpg'><img loading=\"lazy\" decoding=\"async\" width=\"300\" height=\"222\" src=\"https:\/\/centresmolina.com\/centreensenyament\/files\/2019\/03\/Tallers-Salut-i-Esport-EUSES-300x222.jpg\" class=\"attachment-medium size-medium\" alt=\"\" srcset=\"https:\/\/centresmolina.com\/centreensenyament\/files\/2019\/03\/Tallers-Salut-i-Esport-EUSES-300x222.jpg 300w, https:\/\/centresmolina.com\/centreensenyament\/files\/2019\/03\/Tallers-Salut-i-Esport-EUSES-768x569.jpg 768w, https:\/\/centresmolina.com\/centreensenyament\/files\/2019\/03\/Tallers-Salut-i-Esport-EUSES-1024x759.jpg 1024w\" sizes=\"auto, (max-width: 300px) 100vw, 300px\" \/><\/a>\n\t\t\t<\/dt><\/dl><br style=\"clear: both\" \/>\n\t\t<\/div>\n\n<p><iframe loading=\"lazy\" title=\"Taller &quot;Postural Habits&quot; ESO3 by EUSES\" width=\"500\" height=\"281\" src=\"https:\/\/www.youtube.com\/embed\/lnex4XJt81g?feature=oembed\" frameborder=\"0\" allow=\"accelerometer; autoplay; clipboard-write; encrypted-media; gyroscope; picture-in-picture; web-share\" referrerpolicy=\"strict-origin-when-cross-origin\" allowfullscreen><\/iframe><\/p>\n<p><iframe loading=\"lazy\" title=\"Taller &quot; Postural Habits&quot; ESO4 by EUSES\" width=\"500\" height=\"281\" src=\"https:\/\/www.youtube.com\/embed\/cDF5KbGh54k?feature=oembed\" frameborder=\"0\" allow=\"accelerometer; autoplay; clipboard-write; encrypted-media; gyroscope; picture-in-picture; web-share\" referrerpolicy=\"strict-origin-when-cross-origin\" allowfullscreen><\/iframe><\/p>\n<p>En Vini Rosa ha impartit el taller &#8221; Aplicacions M\u00f2bils i Tecnol\u00f2giques en la Salut&#8221; als alumnes de CFGM I i II en angl\u00e8s. Els ha ensenyat diverses aplicacions com una que ens informa sobre la nostra salut, la quantitat d&#8217;activitat que hem realitzat, la freq\u00fc\u00e8ncia card\u00edaca, <a href=\"https:\/\/www.samsung.com\/es\/apps\/samsung-health\/\" target=\"_blank\" rel=\"noopener noreferrer\">Samsung Health <\/a>\u00a0; altres que ajuden a fer pr\u00e0ctiques m\u00e8diques\u00a0 com <a href=\"https:\/\/www.oculus.com\/experiences\/gear-vr\/878262692296965\/\" target=\"_blank\" rel=\"noopener noreferrer\">Medical Training Simulator<\/a> o altres que ajuden a la socialitzaci\u00f3 i a la realitzaci\u00f3 d&#8217;exercici f\u00edsic sense adonar-nos com <a href=\"https:\/\/www.pokemongo.com\/es-es\/\" target=\"_blank\" rel=\"noopener noreferrer\">Pokemon Go<\/a>. Aquestes eines s\u00f3n una motivaci\u00f3 extra per a realitzar una activitat, a qualsevol lloc en grup o no.<\/p>\n\n\t\t<style type=\"text\/css\">\n\t\t\t#gallery-4 {\n\t\t\t\tmargin: auto;\n\t\t\t}\n\t\t\t#gallery-4 .gallery-item {\n\t\t\t\tfloat: left;\n\t\t\t\tmargin-top: 10px;\n\t\t\t\ttext-align: center;\n\t\t\t\twidth: 50%;\n\t\t\t}\n\t\t\t#gallery-4 img {\n\t\t\t\tborder: 2px solid #cfcfcf;\n\t\t\t}\n\t\t\t#gallery-4 .gallery-caption {\n\t\t\t\tmargin-left: 0;\n\t\t\t}\n\t\t\t\/* see gallery_shortcode() in wp-includes\/media.php *\/\n\t\t<\/style>\n\t\t<div id='gallery-4' class='gallery galleryid-10049 gallery-columns-2 gallery-size-large'><dl class='gallery-item'>\n\t\t\t<dt class='gallery-icon landscape'>\n\t\t\t\t<a href='https:\/\/centresmolina.com\/centreensenyament\/files\/2019\/03\/Taller-EUSES-E.-Molina-2.jpg'><img loading=\"lazy\" decoding=\"async\" width=\"1024\" height=\"768\" src=\"https:\/\/centresmolina.com\/centreensenyament\/files\/2019\/03\/Taller-EUSES-E.-Molina-2-1024x768.jpg\" class=\"attachment-large size-large\" alt=\"\" srcset=\"https:\/\/centresmolina.com\/centreensenyament\/files\/2019\/03\/Taller-EUSES-E.-Molina-2-1024x768.jpg 1024w, https:\/\/centresmolina.com\/centreensenyament\/files\/2019\/03\/Taller-EUSES-E.-Molina-2-300x225.jpg 300w, https:\/\/centresmolina.com\/centreensenyament\/files\/2019\/03\/Taller-EUSES-E.-Molina-2-768x576.jpg 768w\" sizes=\"auto, (max-width: 1024px) 100vw, 1024px\" \/><\/a>\n\t\t\t<\/dt><\/dl><dl class='gallery-item'>\n\t\t\t<dt class='gallery-icon landscape'>\n\t\t\t\t<a href='https:\/\/centresmolina.com\/centreensenyament\/files\/2019\/03\/Tallers-Salut-i-lEsport-EUSES-6.jpg'><img loading=\"lazy\" decoding=\"async\" width=\"1024\" height=\"759\" src=\"https:\/\/centresmolina.com\/centreensenyament\/files\/2019\/03\/Tallers-Salut-i-lEsport-EUSES-6-1024x759.jpg\" class=\"attachment-large size-large\" alt=\"\" srcset=\"https:\/\/centresmolina.com\/centreensenyament\/files\/2019\/03\/Tallers-Salut-i-lEsport-EUSES-6-1024x759.jpg 1024w, https:\/\/centresmolina.com\/centreensenyament\/files\/2019\/03\/Tallers-Salut-i-lEsport-EUSES-6-300x222.jpg 300w, https:\/\/centresmolina.com\/centreensenyament\/files\/2019\/03\/Tallers-Salut-i-lEsport-EUSES-6-768x569.jpg 768w\" sizes=\"auto, (max-width: 1024px) 100vw, 1024px\" \/><\/a>\n\t\t\t<\/dt><\/dl><br style=\"clear: both\" \/><dl class='gallery-item'>\n\t\t\t<dt class='gallery-icon landscape'>\n\t\t\t\t<a href='https:\/\/centresmolina.com\/centreensenyament\/files\/2019\/03\/Taller-Salut-i-Esport-EUSES.jpg'><img loading=\"lazy\" decoding=\"async\" width=\"1024\" height=\"759\" src=\"https:\/\/centresmolina.com\/centreensenyament\/files\/2019\/03\/Taller-Salut-i-Esport-EUSES-1024x759.jpg\" class=\"attachment-large size-large\" alt=\"\" srcset=\"https:\/\/centresmolina.com\/centreensenyament\/files\/2019\/03\/Taller-Salut-i-Esport-EUSES-1024x759.jpg 1024w, https:\/\/centresmolina.com\/centreensenyament\/files\/2019\/03\/Taller-Salut-i-Esport-EUSES-300x222.jpg 300w, https:\/\/centresmolina.com\/centreensenyament\/files\/2019\/03\/Taller-Salut-i-Esport-EUSES-768x569.jpg 768w\" sizes=\"auto, (max-width: 1024px) 100vw, 1024px\" \/><\/a>\n\t\t\t<\/dt><\/dl><dl class='gallery-item'>\n\t\t\t<dt class='gallery-icon landscape'>\n\t\t\t\t<a href='https:\/\/centresmolina.com\/centreensenyament\/files\/2019\/03\/Taller-EUSES-E.-Molina-3.jpg'><img loading=\"lazy\" decoding=\"async\" width=\"1024\" height=\"768\" src=\"https:\/\/centresmolina.com\/centreensenyament\/files\/2019\/03\/Taller-EUSES-E.-Molina-3-1024x768.jpg\" class=\"attachment-large size-large\" alt=\"\" srcset=\"https:\/\/centresmolina.com\/centreensenyament\/files\/2019\/03\/Taller-EUSES-E.-Molina-3-1024x768.jpg 1024w, https:\/\/centresmolina.com\/centreensenyament\/files\/2019\/03\/Taller-EUSES-E.-Molina-3-300x225.jpg 300w, https:\/\/centresmolina.com\/centreensenyament\/files\/2019\/03\/Taller-EUSES-E.-Molina-3-768x576.jpg 768w\" sizes=\"auto, (max-width: 1024px) 100vw, 1024px\" \/><\/a>\n\t\t\t<\/dt><\/dl><br style=\"clear: both\" \/>\n\t\t<\/div>\n\n<p><iframe loading=\"lazy\" title=\"Taller &quot; Aplicacions del m\u00f2bil en el m\u00f3n de la salut&quot; CFGM I i II by EUSES\" width=\"500\" height=\"281\" src=\"https:\/\/www.youtube.com\/embed\/zYVKLUIb2g4?feature=oembed\" frameborder=\"0\" allow=\"accelerometer; autoplay; clipboard-write; encrypted-media; gyroscope; picture-in-picture; web-share\" referrerpolicy=\"strict-origin-when-cross-origin\" allowfullscreen><\/iframe><\/p>\n<p>\u00a0<\/p>\n\n\n<p><\/p>\n","protected":false},"excerpt":{"rendered":"<p>Aquesta setmana l&#8217;Escola ha participat en els tallers formatius de Salut i l&#8217;Esport organitzat per l\u2019Escola Universit\u00e0ria de la Salut&#8230;<\/p>\n","protected":false},"author":3,"featured_media":10087,"comment_status":"closed","ping_status":"closed","sticky":false,"template":"","format":"standard","meta":{"footnotes":""},"categories":[5],"tags":[102,86,107,38,81,52,93,228,58,19,57,2713,94,120],"class_list":["post-10049","post","type-post","status-publish","format-standard","has-post-thumbnail","hentry","category-noticies","tag-1r-deso","tag-2n-deso","tag-3r-eso","tag-4t-eso","tag-angles","tag-aprenentatge","tag-cfgm","tag-conferencia","tag-desenvolupament-personal-i-academic","tag-escola-molina","tag-estil-propi","tag-euses","tag-gestio-administrativa","tag-taller"],"yoast_head":"<!-- This site is optimized with the Yoast SEO plugin v27.2 - https:\/\/yoast.com\/product\/yoast-seo-wordpress\/ -->\n<title>Tallers Formatius de Salut i l&#039;Esport a l&#039;Escola Molina - Centros de ense\u00f1anza<\/title>\n<meta name=\"robots\" content=\"index, follow, max-snippet:-1, max-image-preview:large, max-video-preview:-1\" \/>\n<link rel=\"canonical\" href=\"https:\/\/centresmolina.com\/centreensenyament\/2019\/03\/15\/tallers-formatius-de-salut-i-lesport-a-lescola-molina\/\" \/>\n<meta property=\"og:locale\" content=\"ca_ES\" \/>\n<meta property=\"og:type\" content=\"article\" \/>\n<meta property=\"og:title\" content=\"Tallers Formatius de Salut i l&#039;Esport a l&#039;Escola Molina - Centros de ense\u00f1anza\" \/>\n<meta property=\"og:description\" content=\"Aquesta setmana l&#8217;Escola ha participat en els tallers formatius de Salut i l&#8217;Esport organitzat per l\u2019Escola Universit\u00e0ria de la Salut...\" \/>\n<meta property=\"og:url\" content=\"https:\/\/centresmolina.com\/centreensenyament\/2019\/03\/15\/tallers-formatius-de-salut-i-lesport-a-lescola-molina\/\" \/>\n<meta property=\"og:site_name\" content=\"Centros de ense\u00f1anza\" \/>\n<meta property=\"article:published_time\" content=\"2019-03-15T16:27:15+00:00\" \/>\n<meta property=\"article:modified_time\" content=\"2019-03-20T18:56:55+00:00\" \/>\n<meta property=\"og:image\" content=\"https:\/\/centresmolina.com\/centreensenyament\/files\/2019\/03\/Tallers-Salut-i-lEsport-EUSES-1.jpg\" \/>\n\t<meta property=\"og:image:width\" content=\"4208\" \/>\n\t<meta property=\"og:image:height\" content=\"3120\" \/>\n\t<meta property=\"og:image:type\" content=\"image\/jpeg\" \/>\n<meta name=\"author\" content=\"webmolina\" \/>\n<meta name=\"twitter:label1\" content=\"Escrit per\" \/>\n\t<meta name=\"twitter:data1\" content=\"webmolina\" \/>\n\t<meta name=\"twitter:label2\" content=\"Temps estimat de lectura\" \/>\n\t<meta name=\"twitter:data2\" content=\"2 minuts\" \/>\n<script type=\"application\/ld+json\" class=\"yoast-schema-graph\">{\"@context\":\"https:\/\/schema.org\",\"@graph\":[{\"@type\":\"Article\",\"@id\":\"https:\/\/centresmolina.com\/centreensenyament\/2019\/03\/15\/tallers-formatius-de-salut-i-lesport-a-lescola-molina\/#article\",\"isPartOf\":{\"@id\":\"https:\/\/centresmolina.com\/centreensenyament\/2019\/03\/15\/tallers-formatius-de-salut-i-lesport-a-lescola-molina\/\"},\"author\":{\"name\":\"webmolina\",\"@id\":\"https:\/\/centresmolina.com\/centreensenyament\/#\/schema\/person\/308d85d274adff04b5c51d47e8aff6cc\"},\"headline\":\"Tallers Formatius de Salut i l&#8217;Esport a l&#8217;Escola Molina\",\"datePublished\":\"2019-03-15T16:27:15+00:00\",\"dateModified\":\"2019-03-20T18:56:55+00:00\",\"mainEntityOfPage\":{\"@id\":\"https:\/\/centresmolina.com\/centreensenyament\/2019\/03\/15\/tallers-formatius-de-salut-i-lesport-a-lescola-molina\/\"},\"wordCount\":421,\"image\":{\"@id\":\"https:\/\/centresmolina.com\/centreensenyament\/2019\/03\/15\/tallers-formatius-de-salut-i-lesport-a-lescola-molina\/#primaryimage\"},\"thumbnailUrl\":\"https:\/\/centresmolina.com\/centreensenyament\/files\/2019\/03\/Tallers-Salut-i-lEsport-EUSES-1.jpg\",\"keywords\":[\"1r d'ESO\",\"2n d'ESO\",\"3r ESO\",\"4t ESO\",\"Angl\u00e8s\",\"aprenentatge\",\"CFGM\",\"CONFER\u00c8NCIA\",\"desenvolupament personal i acad\u00e8mic\",\"Escola Molina\",\"estil propi\",\"EUSES\",\"Gesti\u00f3 Administrativa\",\"taller\"],\"articleSection\":[\"Not\u00edcies\"],\"inLanguage\":\"ca\"},{\"@type\":\"WebPage\",\"@id\":\"https:\/\/centresmolina.com\/centreensenyament\/2019\/03\/15\/tallers-formatius-de-salut-i-lesport-a-lescola-molina\/\",\"url\":\"https:\/\/centresmolina.com\/centreensenyament\/2019\/03\/15\/tallers-formatius-de-salut-i-lesport-a-lescola-molina\/\",\"name\":\"Tallers Formatius de Salut i l'Esport a l'Escola Molina - Centros de ense\u00f1anza\",\"isPartOf\":{\"@id\":\"https:\/\/centresmolina.com\/centreensenyament\/#website\"},\"primaryImageOfPage\":{\"@id\":\"https:\/\/centresmolina.com\/centreensenyament\/2019\/03\/15\/tallers-formatius-de-salut-i-lesport-a-lescola-molina\/#primaryimage\"},\"image\":{\"@id\":\"https:\/\/centresmolina.com\/centreensenyament\/2019\/03\/15\/tallers-formatius-de-salut-i-lesport-a-lescola-molina\/#primaryimage\"},\"thumbnailUrl\":\"https:\/\/centresmolina.com\/centreensenyament\/files\/2019\/03\/Tallers-Salut-i-lEsport-EUSES-1.jpg\",\"datePublished\":\"2019-03-15T16:27:15+00:00\",\"dateModified\":\"2019-03-20T18:56:55+00:00\",\"author\":{\"@id\":\"https:\/\/centresmolina.com\/centreensenyament\/#\/schema\/person\/308d85d274adff04b5c51d47e8aff6cc\"},\"breadcrumb\":{\"@id\":\"https:\/\/centresmolina.com\/centreensenyament\/2019\/03\/15\/tallers-formatius-de-salut-i-lesport-a-lescola-molina\/#breadcrumb\"},\"inLanguage\":\"ca\",\"potentialAction\":[{\"@type\":\"ReadAction\",\"target\":[\"https:\/\/centresmolina.com\/centreensenyament\/2019\/03\/15\/tallers-formatius-de-salut-i-lesport-a-lescola-molina\/\"]}]},{\"@type\":\"ImageObject\",\"inLanguage\":\"ca\",\"@id\":\"https:\/\/centresmolina.com\/centreensenyament\/2019\/03\/15\/tallers-formatius-de-salut-i-lesport-a-lescola-molina\/#primaryimage\",\"url\":\"https:\/\/centresmolina.com\/centreensenyament\/files\/2019\/03\/Tallers-Salut-i-lEsport-EUSES-1.jpg\",\"contentUrl\":\"https:\/\/centresmolina.com\/centreensenyament\/files\/2019\/03\/Tallers-Salut-i-lEsport-EUSES-1.jpg\",\"width\":4208,\"height\":3120},{\"@type\":\"BreadcrumbList\",\"@id\":\"https:\/\/centresmolina.com\/centreensenyament\/2019\/03\/15\/tallers-formatius-de-salut-i-lesport-a-lescola-molina\/#breadcrumb\",\"itemListElement\":[{\"@type\":\"ListItem\",\"position\":1,\"name\":\"Portada\",\"item\":\"https:\/\/centresmolina.com\/centreensenyament\/\"},{\"@type\":\"ListItem\",\"position\":2,\"name\":\"Tallers Formatius de Salut i l&#8217;Esport a l&#8217;Escola Molina\"}]},{\"@type\":\"WebSite\",\"@id\":\"https:\/\/centresmolina.com\/centreensenyament\/#website\",\"url\":\"https:\/\/centresmolina.com\/centreensenyament\/\",\"name\":\"Centros de ense\u00f1anza\",\"description\":\"Centres Molina - Centros de ense\u00f1anza\",\"potentialAction\":[{\"@type\":\"SearchAction\",\"target\":{\"@type\":\"EntryPoint\",\"urlTemplate\":\"https:\/\/centresmolina.com\/centreensenyament\/?s={search_term_string}\"},\"query-input\":{\"@type\":\"PropertyValueSpecification\",\"valueRequired\":true,\"valueName\":\"search_term_string\"}}],\"inLanguage\":\"ca\"},{\"@type\":\"Person\",\"@id\":\"https:\/\/centresmolina.com\/centreensenyament\/#\/schema\/person\/308d85d274adff04b5c51d47e8aff6cc\",\"name\":\"webmolina\",\"image\":{\"@type\":\"ImageObject\",\"inLanguage\":\"ca\",\"@id\":\"https:\/\/secure.gravatar.com\/avatar\/38db407e1ab9b284bf45e3bff4ec5cf1e034e364f09b2ee054619614662a717b?s=96&d=mm&r=g\",\"url\":\"https:\/\/secure.gravatar.com\/avatar\/38db407e1ab9b284bf45e3bff4ec5cf1e034e364f09b2ee054619614662a717b?s=96&d=mm&r=g\",\"contentUrl\":\"https:\/\/secure.gravatar.com\/avatar\/38db407e1ab9b284bf45e3bff4ec5cf1e034e364f09b2ee054619614662a717b?s=96&d=mm&r=g\",\"caption\":\"webmolina\"},\"url\":\"https:\/\/centresmolina.com\/centreensenyament\/author\/webmolina\/\"}]}<\/script>\n<!-- \/ Yoast SEO plugin. -->","yoast_head_json":{"title":"Tallers Formatius de Salut i l'Esport a l'Escola Molina - Centros de ense\u00f1anza","robots":{"index":"index","follow":"follow","max-snippet":"max-snippet:-1","max-image-preview":"max-image-preview:large","max-video-preview":"max-video-preview:-1"},"canonical":"https:\/\/centresmolina.com\/centreensenyament\/2019\/03\/15\/tallers-formatius-de-salut-i-lesport-a-lescola-molina\/","og_locale":"ca_ES","og_type":"article","og_title":"Tallers Formatius de Salut i l'Esport a l'Escola Molina - Centros de ense\u00f1anza","og_description":"Aquesta setmana l&#8217;Escola ha participat en els tallers formatius de Salut i l&#8217;Esport organitzat per l\u2019Escola Universit\u00e0ria de la Salut...","og_url":"https:\/\/centresmolina.com\/centreensenyament\/2019\/03\/15\/tallers-formatius-de-salut-i-lesport-a-lescola-molina\/","og_site_name":"Centros de ense\u00f1anza","article_published_time":"2019-03-15T16:27:15+00:00","article_modified_time":"2019-03-20T18:56:55+00:00","og_image":[{"width":4208,"height":3120,"url":"https:\/\/centresmolina.com\/centreensenyament\/files\/2019\/03\/Tallers-Salut-i-lEsport-EUSES-1.jpg","type":"image\/jpeg"}],"author":"webmolina","twitter_misc":{"Escrit per":"webmolina","Temps estimat de lectura":"2 minuts"},"schema":{"@context":"https:\/\/schema.org","@graph":[{"@type":"Article","@id":"https:\/\/centresmolina.com\/centreensenyament\/2019\/03\/15\/tallers-formatius-de-salut-i-lesport-a-lescola-molina\/#article","isPartOf":{"@id":"https:\/\/centresmolina.com\/centreensenyament\/2019\/03\/15\/tallers-formatius-de-salut-i-lesport-a-lescola-molina\/"},"author":{"name":"webmolina","@id":"https:\/\/centresmolina.com\/centreensenyament\/#\/schema\/person\/308d85d274adff04b5c51d47e8aff6cc"},"headline":"Tallers Formatius de Salut i l&#8217;Esport a l&#8217;Escola Molina","datePublished":"2019-03-15T16:27:15+00:00","dateModified":"2019-03-20T18:56:55+00:00","mainEntityOfPage":{"@id":"https:\/\/centresmolina.com\/centreensenyament\/2019\/03\/15\/tallers-formatius-de-salut-i-lesport-a-lescola-molina\/"},"wordCount":421,"image":{"@id":"https:\/\/centresmolina.com\/centreensenyament\/2019\/03\/15\/tallers-formatius-de-salut-i-lesport-a-lescola-molina\/#primaryimage"},"thumbnailUrl":"https:\/\/centresmolina.com\/centreensenyament\/files\/2019\/03\/Tallers-Salut-i-lEsport-EUSES-1.jpg","keywords":["1r d'ESO","2n d'ESO","3r ESO","4t ESO","Angl\u00e8s","aprenentatge","CFGM","CONFER\u00c8NCIA","desenvolupament personal i acad\u00e8mic","Escola Molina","estil propi","EUSES","Gesti\u00f3 Administrativa","taller"],"articleSection":["Not\u00edcies"],"inLanguage":"ca"},{"@type":"WebPage","@id":"https:\/\/centresmolina.com\/centreensenyament\/2019\/03\/15\/tallers-formatius-de-salut-i-lesport-a-lescola-molina\/","url":"https:\/\/centresmolina.com\/centreensenyament\/2019\/03\/15\/tallers-formatius-de-salut-i-lesport-a-lescola-molina\/","name":"Tallers Formatius de Salut i l'Esport a l'Escola Molina - Centros de ense\u00f1anza","isPartOf":{"@id":"https:\/\/centresmolina.com\/centreensenyament\/#website"},"primaryImageOfPage":{"@id":"https:\/\/centresmolina.com\/centreensenyament\/2019\/03\/15\/tallers-formatius-de-salut-i-lesport-a-lescola-molina\/#primaryimage"},"image":{"@id":"https:\/\/centresmolina.com\/centreensenyament\/2019\/03\/15\/tallers-formatius-de-salut-i-lesport-a-lescola-molina\/#primaryimage"},"thumbnailUrl":"https:\/\/centresmolina.com\/centreensenyament\/files\/2019\/03\/Tallers-Salut-i-lEsport-EUSES-1.jpg","datePublished":"2019-03-15T16:27:15+00:00","dateModified":"2019-03-20T18:56:55+00:00","author":{"@id":"https:\/\/centresmolina.com\/centreensenyament\/#\/schema\/person\/308d85d274adff04b5c51d47e8aff6cc"},"breadcrumb":{"@id":"https:\/\/centresmolina.com\/centreensenyament\/2019\/03\/15\/tallers-formatius-de-salut-i-lesport-a-lescola-molina\/#breadcrumb"},"inLanguage":"ca","potentialAction":[{"@type":"ReadAction","target":["https:\/\/centresmolina.com\/centreensenyament\/2019\/03\/15\/tallers-formatius-de-salut-i-lesport-a-lescola-molina\/"]}]},{"@type":"ImageObject","inLanguage":"ca","@id":"https:\/\/centresmolina.com\/centreensenyament\/2019\/03\/15\/tallers-formatius-de-salut-i-lesport-a-lescola-molina\/#primaryimage","url":"https:\/\/centresmolina.com\/centreensenyament\/files\/2019\/03\/Tallers-Salut-i-lEsport-EUSES-1.jpg","contentUrl":"https:\/\/centresmolina.com\/centreensenyament\/files\/2019\/03\/Tallers-Salut-i-lEsport-EUSES-1.jpg","width":4208,"height":3120},{"@type":"BreadcrumbList","@id":"https:\/\/centresmolina.com\/centreensenyament\/2019\/03\/15\/tallers-formatius-de-salut-i-lesport-a-lescola-molina\/#breadcrumb","itemListElement":[{"@type":"ListItem","position":1,"name":"Portada","item":"https:\/\/centresmolina.com\/centreensenyament\/"},{"@type":"ListItem","position":2,"name":"Tallers Formatius de Salut i l&#8217;Esport a l&#8217;Escola Molina"}]},{"@type":"WebSite","@id":"https:\/\/centresmolina.com\/centreensenyament\/#website","url":"https:\/\/centresmolina.com\/centreensenyament\/","name":"Centros de ense\u00f1anza","description":"Centres Molina - Centros de ense\u00f1anza","potentialAction":[{"@type":"SearchAction","target":{"@type":"EntryPoint","urlTemplate":"https:\/\/centresmolina.com\/centreensenyament\/?s={search_term_string}"},"query-input":{"@type":"PropertyValueSpecification","valueRequired":true,"valueName":"search_term_string"}}],"inLanguage":"ca"},{"@type":"Person","@id":"https:\/\/centresmolina.com\/centreensenyament\/#\/schema\/person\/308d85d274adff04b5c51d47e8aff6cc","name":"webmolina","image":{"@type":"ImageObject","inLanguage":"ca","@id":"https:\/\/secure.gravatar.com\/avatar\/38db407e1ab9b284bf45e3bff4ec5cf1e034e364f09b2ee054619614662a717b?s=96&d=mm&r=g","url":"https:\/\/secure.gravatar.com\/avatar\/38db407e1ab9b284bf45e3bff4ec5cf1e034e364f09b2ee054619614662a717b?s=96&d=mm&r=g","contentUrl":"https:\/\/secure.gravatar.com\/avatar\/38db407e1ab9b284bf45e3bff4ec5cf1e034e364f09b2ee054619614662a717b?s=96&d=mm&r=g","caption":"webmolina"},"url":"https:\/\/centresmolina.com\/centreensenyament\/author\/webmolina\/"}]}},"_links":{"self":[{"href":"https:\/\/centresmolina.com\/centreensenyament\/wp-json\/wp\/v2\/posts\/10049","targetHints":{"allow":["GET"]}}],"collection":[{"href":"https:\/\/centresmolina.com\/centreensenyament\/wp-json\/wp\/v2\/posts"}],"about":[{"href":"https:\/\/centresmolina.com\/centreensenyament\/wp-json\/wp\/v2\/types\/post"}],"author":[{"embeddable":true,"href":"https:\/\/centresmolina.com\/centreensenyament\/wp-json\/wp\/v2\/users\/3"}],"replies":[{"embeddable":true,"href":"https:\/\/centresmolina.com\/centreensenyament\/wp-json\/wp\/v2\/comments?post=10049"}],"version-history":[{"count":3,"href":"https:\/\/centresmolina.com\/centreensenyament\/wp-json\/wp\/v2\/posts\/10049\/revisions"}],"predecessor-version":[{"id":10106,"href":"https:\/\/centresmolina.com\/centreensenyament\/wp-json\/wp\/v2\/posts\/10049\/revisions\/10106"}],"wp:featuredmedia":[{"embeddable":true,"href":"https:\/\/centresmolina.com\/centreensenyament\/wp-json\/wp\/v2\/media\/10087"}],"wp:attachment":[{"href":"https:\/\/centresmolina.com\/centreensenyament\/wp-json\/wp\/v2\/media?parent=10049"}],"wp:term":[{"taxonomy":"category","embeddable":true,"href":"https:\/\/centresmolina.com\/centreensenyament\/wp-json\/wp\/v2\/categories?post=10049"},{"taxonomy":"post_tag","embeddable":true,"href":"https:\/\/centresmolina.com\/centreensenyament\/wp-json\/wp\/v2\/tags?post=10049"}],"curies":[{"name":"wp","href":"https:\/\/api.w.org\/{rel}","templated":true}]}}