{"id":10279,"date":"2019-04-16T15:31:57","date_gmt":"2019-04-16T15:31:57","guid":{"rendered":"http:\/\/centresmolina.com\/centreensenyament\/?p=10279"},"modified":"2019-06-20T08:16:45","modified_gmt":"2019-06-20T08:16:45","slug":"credit-de-sintesi-i-treball-de-recerca","status":"publish","type":"post","link":"https:\/\/centresmolina.com\/centreensenyament\/2019\/04\/16\/credit-de-sintesi-i-treball-de-recerca\/","title":{"rendered":"Cr\u00e8dit de S\u00edntesi i Treball de Recerca"},"content":{"rendered":"<p>Aquests \u00faltims dies hem estat de Cr\u00e8dit de S\u00edntesi ESO1, ESO2 i ESO3, i de Treball de Recerca ESO 4. El t\u00edtol d&#8217;aquests treballs transversals ha estat aquest any &#8221; Passat, Present i Futur&#8221;. L&#8217;alumnat ha realitzat\u00a0 tallers fora\u00a0 i dins l&#8217;aula de totes les mat\u00e8ries, on <span style=\"font-weight: 400\">han\u00a0 mostrat capacitat d\u2019autonomia en l\u2019organitzaci\u00f3 del seu treball individual, i tamb\u00e9 de cooperaci\u00f3 i col\u00b7laboraci\u00f3 en el treball en equip. Posteriorment i per grups de treball han hagut de presentar les seves activitats davant un jurat i els companys\/es d&#8217;altres cursos.<\/span><\/p>\n<p><strong>Les activitats que han fet els alumnes d&#8217;ESO1 <\/strong>s\u00f3n les seg\u00fcents: hist\u00f2ria de la baldufa, mitologia catalana, conreus a Barcelona, simulaci\u00f3 de la feina dels arque\u00f2legs i estudi de camp, descripci\u00f3 d\u2019una persona famosa en angl\u00e8s, l\u2019evoluci\u00f3 de ca\u00e7adors a pagesos, disseny d\u2019un instrument musical i estudi de l\u2019evoluci\u00f3 de les matem\u00e0tiques durant la hist\u00f2ria. Per poder fer algunes de les tasques van visitar el Museu d\u2019hist\u00f2ria de la immigraci\u00f3 de Catalunya i el Museu d\u2019Arqueologia de Catalunya, amb la seu a Barcelona.<\/p>\n\n\t\t<style type=\"text\/css\">\n\t\t\t#gallery-1 {\n\t\t\t\tmargin: auto;\n\t\t\t}\n\t\t\t#gallery-1 .gallery-item {\n\t\t\t\tfloat: left;\n\t\t\t\tmargin-top: 10px;\n\t\t\t\ttext-align: center;\n\t\t\t\twidth: 50%;\n\t\t\t}\n\t\t\t#gallery-1 img {\n\t\t\t\tborder: 2px solid #cfcfcf;\n\t\t\t}\n\t\t\t#gallery-1 .gallery-caption {\n\t\t\t\tmargin-left: 0;\n\t\t\t}\n\t\t\t\/* see gallery_shortcode() in wp-includes\/media.php *\/\n\t\t<\/style>\n\t\t<div id='gallery-1' class='gallery galleryid-10279 gallery-columns-2 gallery-size-medium'><dl class='gallery-item'>\n\t\t\t<dt class='gallery-icon portrait'>\n\t\t\t\t<a href='https:\/\/centresmolina.com\/centreensenyament\/files\/2019\/04\/CDS-ESO1-3-e1561018067722.jpg'><img loading=\"lazy\" decoding=\"async\" width=\"225\" height=\"300\" src=\"https:\/\/centresmolina.com\/centreensenyament\/files\/2019\/04\/CDS-ESO1-3-e1561018067722-225x300.jpg\" class=\"attachment-medium size-medium\" alt=\"\" srcset=\"https:\/\/centresmolina.com\/centreensenyament\/files\/2019\/04\/CDS-ESO1-3-e1561018067722-225x300.jpg 225w, https:\/\/centresmolina.com\/centreensenyament\/files\/2019\/04\/CDS-ESO1-3-e1561018067722.jpg 768w\" sizes=\"auto, (max-width: 225px) 100vw, 225px\" \/><\/a>\n\t\t\t<\/dt><\/dl><dl class='gallery-item'>\n\t\t\t<dt class='gallery-icon portrait'>\n\t\t\t\t<a href='https:\/\/centresmolina.com\/centreensenyament\/files\/2019\/04\/CDS-ESO1-5-1.jpg'><img loading=\"lazy\" decoding=\"async\" width=\"202\" height=\"300\" src=\"https:\/\/centresmolina.com\/centreensenyament\/files\/2019\/04\/CDS-ESO1-5-1-202x300.jpg\" class=\"attachment-medium size-medium\" alt=\"\" srcset=\"https:\/\/centresmolina.com\/centreensenyament\/files\/2019\/04\/CDS-ESO1-5-1-202x300.jpg 202w, https:\/\/centresmolina.com\/centreensenyament\/files\/2019\/04\/CDS-ESO1-5-1.jpg 518w\" sizes=\"auto, (max-width: 202px) 100vw, 202px\" \/><\/a>\n\t\t\t<\/dt><\/dl><br style=\"clear: both\" \/>\n\t\t<\/div>\n\n\n\t\t<style type=\"text\/css\">\n\t\t\t#gallery-2 {\n\t\t\t\tmargin: auto;\n\t\t\t}\n\t\t\t#gallery-2 .gallery-item {\n\t\t\t\tfloat: left;\n\t\t\t\tmargin-top: 10px;\n\t\t\t\ttext-align: center;\n\t\t\t\twidth: 33%;\n\t\t\t}\n\t\t\t#gallery-2 img {\n\t\t\t\tborder: 2px solid #cfcfcf;\n\t\t\t}\n\t\t\t#gallery-2 .gallery-caption {\n\t\t\t\tmargin-left: 0;\n\t\t\t}\n\t\t\t\/* see gallery_shortcode() in wp-includes\/media.php *\/\n\t\t<\/style>\n\t\t<div id='gallery-2' class='gallery galleryid-10279 gallery-columns-3 gallery-size-medium'><dl class='gallery-item'>\n\t\t\t<dt class='gallery-icon landscape'>\n\t\t\t\t<a href='https:\/\/centresmolina.com\/centreensenyament\/files\/2019\/04\/CDS-ESO1-10.jpg'><img loading=\"lazy\" decoding=\"async\" width=\"300\" height=\"225\" src=\"https:\/\/centresmolina.com\/centreensenyament\/files\/2019\/04\/CDS-ESO1-10-300x225.jpg\" class=\"attachment-medium size-medium\" alt=\"\" srcset=\"https:\/\/centresmolina.com\/centreensenyament\/files\/2019\/04\/CDS-ESO1-10-300x225.jpg 300w, https:\/\/centresmolina.com\/centreensenyament\/files\/2019\/04\/CDS-ESO1-10-768x576.jpg 768w, https:\/\/centresmolina.com\/centreensenyament\/files\/2019\/04\/CDS-ESO1-10.jpg 1024w\" sizes=\"auto, (max-width: 300px) 100vw, 300px\" \/><\/a>\n\t\t\t<\/dt><\/dl><dl class='gallery-item'>\n\t\t\t<dt class='gallery-icon landscape'>\n\t\t\t\t<a href='https:\/\/centresmolina.com\/centreensenyament\/files\/2019\/04\/CDS-ESO1-12.jpg'><img loading=\"lazy\" decoding=\"async\" width=\"300\" height=\"225\" src=\"https:\/\/centresmolina.com\/centreensenyament\/files\/2019\/04\/CDS-ESO1-12-300x225.jpg\" class=\"attachment-medium size-medium\" alt=\"\" srcset=\"https:\/\/centresmolina.com\/centreensenyament\/files\/2019\/04\/CDS-ESO1-12-300x225.jpg 300w, https:\/\/centresmolina.com\/centreensenyament\/files\/2019\/04\/CDS-ESO1-12-768x576.jpg 768w, https:\/\/centresmolina.com\/centreensenyament\/files\/2019\/04\/CDS-ESO1-12.jpg 1024w\" sizes=\"auto, (max-width: 300px) 100vw, 300px\" \/><\/a>\n\t\t\t<\/dt><\/dl><dl class='gallery-item'>\n\t\t\t<dt class='gallery-icon landscape'>\n\t\t\t\t<a href='https:\/\/centresmolina.com\/centreensenyament\/files\/2019\/04\/CDS-ESO1-16.jpg'><img loading=\"lazy\" decoding=\"async\" width=\"300\" height=\"225\" src=\"https:\/\/centresmolina.com\/centreensenyament\/files\/2019\/04\/CDS-ESO1-16-300x225.jpg\" class=\"attachment-medium size-medium\" alt=\"\" srcset=\"https:\/\/centresmolina.com\/centreensenyament\/files\/2019\/04\/CDS-ESO1-16-300x225.jpg 300w, https:\/\/centresmolina.com\/centreensenyament\/files\/2019\/04\/CDS-ESO1-16-768x576.jpg 768w, https:\/\/centresmolina.com\/centreensenyament\/files\/2019\/04\/CDS-ESO1-16.jpg 1024w\" sizes=\"auto, (max-width: 300px) 100vw, 300px\" \/><\/a>\n\t\t\t<\/dt><\/dl><br style=\"clear: both\" \/><dl class='gallery-item'>\n\t\t\t<dt class='gallery-icon landscape'>\n\t\t\t\t<a href='https:\/\/centresmolina.com\/centreensenyament\/files\/2019\/04\/CDS-ESO1-17.jpg'><img loading=\"lazy\" decoding=\"async\" width=\"300\" height=\"225\" src=\"https:\/\/centresmolina.com\/centreensenyament\/files\/2019\/04\/CDS-ESO1-17-300x225.jpg\" class=\"attachment-medium size-medium\" alt=\"\" srcset=\"https:\/\/centresmolina.com\/centreensenyament\/files\/2019\/04\/CDS-ESO1-17-300x225.jpg 300w, https:\/\/centresmolina.com\/centreensenyament\/files\/2019\/04\/CDS-ESO1-17-768x576.jpg 768w, https:\/\/centresmolina.com\/centreensenyament\/files\/2019\/04\/CDS-ESO1-17.jpg 1024w\" sizes=\"auto, (max-width: 300px) 100vw, 300px\" \/><\/a>\n\t\t\t<\/dt><\/dl><dl class='gallery-item'>\n\t\t\t<dt class='gallery-icon landscape'>\n\t\t\t\t<a href='https:\/\/centresmolina.com\/centreensenyament\/files\/2019\/04\/CDS-ESO1-20.jpg'><img loading=\"lazy\" decoding=\"async\" width=\"300\" height=\"225\" src=\"https:\/\/centresmolina.com\/centreensenyament\/files\/2019\/04\/CDS-ESO1-20-300x225.jpg\" class=\"attachment-medium size-medium\" alt=\"\" srcset=\"https:\/\/centresmolina.com\/centreensenyament\/files\/2019\/04\/CDS-ESO1-20-300x225.jpg 300w, https:\/\/centresmolina.com\/centreensenyament\/files\/2019\/04\/CDS-ESO1-20-768x576.jpg 768w, https:\/\/centresmolina.com\/centreensenyament\/files\/2019\/04\/CDS-ESO1-20.jpg 1024w\" sizes=\"auto, (max-width: 300px) 100vw, 300px\" \/><\/a>\n\t\t\t<\/dt><\/dl><dl class='gallery-item'>\n\t\t\t<dt class='gallery-icon landscape'>\n\t\t\t\t<a href='https:\/\/centresmolina.com\/centreensenyament\/files\/2019\/04\/CDS-ESO1-24.jpg'><img loading=\"lazy\" decoding=\"async\" width=\"300\" height=\"225\" src=\"https:\/\/centresmolina.com\/centreensenyament\/files\/2019\/04\/CDS-ESO1-24-300x225.jpg\" class=\"attachment-medium size-medium\" alt=\"\" srcset=\"https:\/\/centresmolina.com\/centreensenyament\/files\/2019\/04\/CDS-ESO1-24-300x225.jpg 300w, https:\/\/centresmolina.com\/centreensenyament\/files\/2019\/04\/CDS-ESO1-24-768x576.jpg 768w, https:\/\/centresmolina.com\/centreensenyament\/files\/2019\/04\/CDS-ESO1-24.jpg 1024w\" sizes=\"auto, (max-width: 300px) 100vw, 300px\" \/><\/a>\n\t\t\t<\/dt><\/dl><br style=\"clear: both\" \/>\n\t\t<\/div>\n\n<p>Entre <strong>les activitats realitzades pels alumnes d&#8217;ESO2<\/strong> destaquen l&#8217;estudi dels gremis de Barcelona, descripci\u00f3 d&#8217;un membre de la fam\u00edlia en angl\u00e8s, visita al Plau G\u00fcell i estudi de l&#8217;\u00fas de les Matem\u00e0tiques per part de Gaud\u00ed, estudi de l&#8217;Egipte Din\u00e0stic i construcci\u00f3 d&#8217;una l\u00ednia del temps, estudi de la bas\u00edlica de Santa Maria del Mar i les dificultats que es van trobar els seus constructors, participar en un campeonat de bitlles catalanes, construir un instrument musical amb material reciclat i visita a l&#8217;exposici\u00f3 amb taller &#8221; La Clau \u00e9s la Pau&#8221;al Born CCM,\u00a0 entre altres.<\/p>\n<p><iframe loading=\"lazy\" title=\"CDS ESO2 Escola Molina Curs 2018-2019\" width=\"500\" height=\"281\" src=\"https:\/\/www.youtube.com\/embed\/DRiNPhGdhPE?feature=oembed\" frameborder=\"0\" allow=\"accelerometer; autoplay; clipboard-write; encrypted-media; gyroscope; picture-in-picture; web-share\" referrerpolicy=\"strict-origin-when-cross-origin\" allowfullscreen><\/iframe><\/p>\n<p>Les <strong>activitats i sortides que va realitzar l&#8217;alumnat d&#8217;ESO3<\/strong> s\u00f3n un estudi de les rondalles i llegendes escrites per Jacint Verdaguer, visita al refugi de la pla\u00e7a del Diamant construit durant la Guerra Civil Espanyola i posterior redacci\u00f3 d&#8217;un article period\u00edstic, van haver d&#8217;escriure en angl\u00e8s sobre influencers que viuen a Barcelona, van confeccionar un Tangram i van haver de construir una figura\u00a0 que no va ser gens f\u00e0cil, van realitzar una visita a l&#8217;exposici\u00f3 &#8220;Human Bodies&#8221; que els va sorprendre molt, van fer l&#8217;estudi de la ciutat romana d&#8217;Emporiae despr\u00e9s de la visita guiada ques va realitzar, es va visitar el Museu d&#8217;Inform\u00e0tica del FIB i posteriorment el Supercomputador Marenostrum, al taller\u00a0 de l&#8217;Olimpisme vam practicar jocs ol\u00edmpics romans, van versionar una can\u00e7\u00f3 de rock catal\u00e0 dels anys 80 i van construir una rajola modernista.<\/p>\n<p><iframe loading=\"lazy\" title=\"CDS ESO3 Escola Molina CURS 2018 2019\" width=\"500\" height=\"281\" src=\"https:\/\/www.youtube.com\/embed\/N-bgql445tw?feature=oembed\" frameborder=\"0\" allow=\"accelerometer; autoplay; clipboard-write; encrypted-media; gyroscope; picture-in-picture; web-share\" referrerpolicy=\"strict-origin-when-cross-origin\" allowfullscreen><\/iframe><\/p>\n<p>Els alumnes de 4t d\u2019ESO, per la seva part, van fer un Projecte de Recerca per con\u00e8ixer millor les diferents opcions disponibles despr\u00e9s de l\u2019ESO (cicles formatius, batxillerat, graus universitaris, m\u00e0sters, doctorats, etc.) per poder prendre la decisi\u00f3 adequada en aquest moment tan important de les seves vides.<\/p>\n<p>Aix\u00ed doncs, <strong>algunes de les activitats que van fer els alumnes d&#8217;ESO4 s\u00f3n les seg\u00fcents<\/strong>: van analitzar quines s\u00f3n les preguntes freq\u00fcents a una entrevista de feina, van fer v\u00eddeos simulant una entrevista real, van crear el seu propi curr\u00edculum en tres idiomes (catal\u00e0, castell\u00e0 i angl\u00e8s), van fer una carta de motivaci\u00f3, van analitzar una n\u00f2mina i van buscar ofertes de feina, entre d\u2019altres.<\/p>\n\n\t\t<style type=\"text\/css\">\n\t\t\t#gallery-3 {\n\t\t\t\tmargin: auto;\n\t\t\t}\n\t\t\t#gallery-3 .gallery-item {\n\t\t\t\tfloat: left;\n\t\t\t\tmargin-top: 10px;\n\t\t\t\ttext-align: center;\n\t\t\t\twidth: 33%;\n\t\t\t}\n\t\t\t#gallery-3 img {\n\t\t\t\tborder: 2px solid #cfcfcf;\n\t\t\t}\n\t\t\t#gallery-3 .gallery-caption {\n\t\t\t\tmargin-left: 0;\n\t\t\t}\n\t\t\t\/* see gallery_shortcode() in wp-includes\/media.php *\/\n\t\t<\/style>\n\t\t<div id='gallery-3' class='gallery galleryid-10279 gallery-columns-3 gallery-size-medium'><dl class='gallery-item'>\n\t\t\t<dt class='gallery-icon landscape'>\n\t\t\t\t<a href='https:\/\/centresmolina.com\/centreensenyament\/files\/2019\/04\/PR-ESO4-1.jpg'><img loading=\"lazy\" decoding=\"async\" width=\"300\" height=\"225\" src=\"https:\/\/centresmolina.com\/centreensenyament\/files\/2019\/04\/PR-ESO4-1-300x225.jpg\" class=\"attachment-medium size-medium\" alt=\"\" srcset=\"https:\/\/centresmolina.com\/centreensenyament\/files\/2019\/04\/PR-ESO4-1-300x225.jpg 300w, https:\/\/centresmolina.com\/centreensenyament\/files\/2019\/04\/PR-ESO4-1-768x576.jpg 768w, https:\/\/centresmolina.com\/centreensenyament\/files\/2019\/04\/PR-ESO4-1.jpg 1024w\" sizes=\"auto, (max-width: 300px) 100vw, 300px\" \/><\/a>\n\t\t\t<\/dt><\/dl><dl class='gallery-item'>\n\t\t\t<dt class='gallery-icon landscape'>\n\t\t\t\t<a href='https:\/\/centresmolina.com\/centreensenyament\/files\/2019\/04\/PR-ESO4-7.jpg'><img loading=\"lazy\" decoding=\"async\" width=\"300\" height=\"225\" src=\"https:\/\/centresmolina.com\/centreensenyament\/files\/2019\/04\/PR-ESO4-7-300x225.jpg\" class=\"attachment-medium size-medium\" alt=\"\" srcset=\"https:\/\/centresmolina.com\/centreensenyament\/files\/2019\/04\/PR-ESO4-7-300x225.jpg 300w, https:\/\/centresmolina.com\/centreensenyament\/files\/2019\/04\/PR-ESO4-7-768x576.jpg 768w, https:\/\/centresmolina.com\/centreensenyament\/files\/2019\/04\/PR-ESO4-7.jpg 1024w\" sizes=\"auto, (max-width: 300px) 100vw, 300px\" \/><\/a>\n\t\t\t<\/dt><\/dl><dl class='gallery-item'>\n\t\t\t<dt class='gallery-icon landscape'>\n\t\t\t\t<a href='https:\/\/centresmolina.com\/centreensenyament\/files\/2019\/04\/PR-ESO4-9.jpg'><img loading=\"lazy\" decoding=\"async\" width=\"300\" height=\"225\" src=\"https:\/\/centresmolina.com\/centreensenyament\/files\/2019\/04\/PR-ESO4-9-300x225.jpg\" class=\"attachment-medium size-medium\" alt=\"\" srcset=\"https:\/\/centresmolina.com\/centreensenyament\/files\/2019\/04\/PR-ESO4-9-300x225.jpg 300w, https:\/\/centresmolina.com\/centreensenyament\/files\/2019\/04\/PR-ESO4-9-768x576.jpg 768w, https:\/\/centresmolina.com\/centreensenyament\/files\/2019\/04\/PR-ESO4-9.jpg 1024w\" sizes=\"auto, (max-width: 300px) 100vw, 300px\" \/><\/a>\n\t\t\t<\/dt><\/dl><br style=\"clear: both\" \/><dl class='gallery-item'>\n\t\t\t<dt class='gallery-icon landscape'>\n\t\t\t\t<a href='https:\/\/centresmolina.com\/centreensenyament\/files\/2019\/04\/PR-ESO4-11.jpg'><img loading=\"lazy\" decoding=\"async\" width=\"300\" height=\"225\" src=\"https:\/\/centresmolina.com\/centreensenyament\/files\/2019\/04\/PR-ESO4-11-300x225.jpg\" class=\"attachment-medium size-medium\" alt=\"\" srcset=\"https:\/\/centresmolina.com\/centreensenyament\/files\/2019\/04\/PR-ESO4-11-300x225.jpg 300w, https:\/\/centresmolina.com\/centreensenyament\/files\/2019\/04\/PR-ESO4-11-768x576.jpg 768w, https:\/\/centresmolina.com\/centreensenyament\/files\/2019\/04\/PR-ESO4-11.jpg 1024w\" sizes=\"auto, (max-width: 300px) 100vw, 300px\" \/><\/a>\n\t\t\t<\/dt><\/dl><dl class='gallery-item'>\n\t\t\t<dt class='gallery-icon landscape'>\n\t\t\t\t<a href='https:\/\/centresmolina.com\/centreensenyament\/files\/2019\/04\/PR-ESO4-15.jpg'><img loading=\"lazy\" decoding=\"async\" width=\"300\" height=\"225\" src=\"https:\/\/centresmolina.com\/centreensenyament\/files\/2019\/04\/PR-ESO4-15-300x225.jpg\" class=\"attachment-medium size-medium\" alt=\"\" srcset=\"https:\/\/centresmolina.com\/centreensenyament\/files\/2019\/04\/PR-ESO4-15-300x225.jpg 300w, https:\/\/centresmolina.com\/centreensenyament\/files\/2019\/04\/PR-ESO4-15-768x576.jpg 768w, https:\/\/centresmolina.com\/centreensenyament\/files\/2019\/04\/PR-ESO4-15.jpg 1024w\" sizes=\"auto, (max-width: 300px) 100vw, 300px\" \/><\/a>\n\t\t\t<\/dt><\/dl><dl class='gallery-item'>\n\t\t\t<dt class='gallery-icon landscape'>\n\t\t\t\t<a href='https:\/\/centresmolina.com\/centreensenyament\/files\/2019\/04\/PR-ESO4-18.jpg'><img loading=\"lazy\" decoding=\"async\" width=\"300\" height=\"225\" src=\"https:\/\/centresmolina.com\/centreensenyament\/files\/2019\/04\/PR-ESO4-18-300x225.jpg\" class=\"attachment-medium size-medium\" alt=\"\" srcset=\"https:\/\/centresmolina.com\/centreensenyament\/files\/2019\/04\/PR-ESO4-18-300x225.jpg 300w, https:\/\/centresmolina.com\/centreensenyament\/files\/2019\/04\/PR-ESO4-18-768x576.jpg 768w, https:\/\/centresmolina.com\/centreensenyament\/files\/2019\/04\/PR-ESO4-18.jpg 1024w\" sizes=\"auto, (max-width: 300px) 100vw, 300px\" \/><\/a>\n\t\t\t<\/dt><\/dl><br style=\"clear: both\" \/><dl class='gallery-item'>\n\t\t\t<dt class='gallery-icon landscape'>\n\t\t\t\t<a href='https:\/\/centresmolina.com\/centreensenyament\/files\/2019\/04\/PR-ESO4-19.jpg'><img loading=\"lazy\" decoding=\"async\" width=\"300\" height=\"225\" src=\"https:\/\/centresmolina.com\/centreensenyament\/files\/2019\/04\/PR-ESO4-19-300x225.jpg\" class=\"attachment-medium size-medium\" alt=\"\" srcset=\"https:\/\/centresmolina.com\/centreensenyament\/files\/2019\/04\/PR-ESO4-19-300x225.jpg 300w, https:\/\/centresmolina.com\/centreensenyament\/files\/2019\/04\/PR-ESO4-19-768x576.jpg 768w, https:\/\/centresmolina.com\/centreensenyament\/files\/2019\/04\/PR-ESO4-19.jpg 1024w\" sizes=\"auto, (max-width: 300px) 100vw, 300px\" \/><\/a>\n\t\t\t<\/dt><\/dl><dl class='gallery-item'>\n\t\t\t<dt class='gallery-icon landscape'>\n\t\t\t\t<a href='https:\/\/centresmolina.com\/centreensenyament\/files\/2019\/04\/PR-ESO4-24.jpg'><img loading=\"lazy\" decoding=\"async\" width=\"300\" height=\"222\" src=\"https:\/\/centresmolina.com\/centreensenyament\/files\/2019\/04\/PR-ESO4-24-300x222.jpg\" class=\"attachment-medium size-medium\" alt=\"\" srcset=\"https:\/\/centresmolina.com\/centreensenyament\/files\/2019\/04\/PR-ESO4-24-300x222.jpg 300w, https:\/\/centresmolina.com\/centreensenyament\/files\/2019\/04\/PR-ESO4-24-768x569.jpg 768w, https:\/\/centresmolina.com\/centreensenyament\/files\/2019\/04\/PR-ESO4-24.jpg 1024w\" sizes=\"auto, (max-width: 300px) 100vw, 300px\" \/><\/a>\n\t\t\t<\/dt><\/dl><dl class='gallery-item'>\n\t\t\t<dt class='gallery-icon landscape'>\n\t\t\t\t<a href='https:\/\/centresmolina.com\/centreensenyament\/files\/2019\/04\/PR-ESO4-28.jpg'><img loading=\"lazy\" decoding=\"async\" width=\"300\" height=\"222\" src=\"https:\/\/centresmolina.com\/centreensenyament\/files\/2019\/04\/PR-ESO4-28-300x222.jpg\" class=\"attachment-medium size-medium\" alt=\"\" srcset=\"https:\/\/centresmolina.com\/centreensenyament\/files\/2019\/04\/PR-ESO4-28-300x222.jpg 300w, https:\/\/centresmolina.com\/centreensenyament\/files\/2019\/04\/PR-ESO4-28-768x569.jpg 768w, https:\/\/centresmolina.com\/centreensenyament\/files\/2019\/04\/PR-ESO4-28.jpg 1024w\" sizes=\"auto, (max-width: 300px) 100vw, 300px\" \/><\/a>\n\t\t\t<\/dt><\/dl><br style=\"clear: both\" \/>\n\t\t<\/div>\n\n<h3 style=\"text-align: center\"><strong>Moltes felicitats per la feina feta!!!!!<\/strong><\/h3>\n","protected":false},"excerpt":{"rendered":"<p>Aquests \u00faltims dies hem estat de Cr\u00e8dit de S\u00edntesi ESO1, ESO2 i ESO3, i de Treball de Recerca ESO 4&#8230;.<\/p>\n","protected":false},"author":3,"featured_media":10282,"comment_status":"closed","ping_status":"closed","sticky":false,"template":"","format":"standard","meta":{"footnotes":""},"categories":[5],"tags":[102,86,107,38,81,52,58,19,24,57,54,18],"class_list":["post-10279","post","type-post","status-publish","format-standard","has-post-thumbnail","hentry","category-noticies","tag-1r-deso","tag-2n-deso","tag-3r-eso","tag-4t-eso","tag-angles","tag-aprenentatge","tag-desenvolupament-personal-i-academic","tag-escola-molina","tag-eso","tag-estil-propi","tag-orientacio-academica-i-professional","tag-sortida"],"yoast_head":"<!-- This site is optimized with the Yoast SEO plugin v27.2 - https:\/\/yoast.com\/product\/yoast-seo-wordpress\/ -->\n<title>Cr\u00e8dit de S\u00edntesi i Treball de Recerca - Centros de ense\u00f1anza<\/title>\n<meta name=\"robots\" content=\"index, follow, max-snippet:-1, max-image-preview:large, max-video-preview:-1\" \/>\n<link rel=\"canonical\" href=\"https:\/\/centresmolina.com\/centreensenyament\/2019\/04\/16\/credit-de-sintesi-i-treball-de-recerca\/\" \/>\n<meta property=\"og:locale\" content=\"ca_ES\" \/>\n<meta property=\"og:type\" content=\"article\" \/>\n<meta property=\"og:title\" content=\"Cr\u00e8dit de S\u00edntesi i Treball de Recerca - Centros de ense\u00f1anza\" \/>\n<meta property=\"og:description\" content=\"Aquests \u00faltims dies hem estat de Cr\u00e8dit de S\u00edntesi ESO1, ESO2 i ESO3, i de Treball de Recerca ESO 4....\" \/>\n<meta property=\"og:url\" content=\"https:\/\/centresmolina.com\/centreensenyament\/2019\/04\/16\/credit-de-sintesi-i-treball-de-recerca\/\" \/>\n<meta property=\"og:site_name\" content=\"Centros de ense\u00f1anza\" \/>\n<meta property=\"article:published_time\" content=\"2019-04-16T15:31:57+00:00\" \/>\n<meta property=\"article:modified_time\" content=\"2019-06-20T08:16:45+00:00\" \/>\n<meta property=\"og:image\" content=\"https:\/\/centresmolina.com\/centreensenyament\/files\/2019\/04\/IMG_9071.jpg\" \/>\n\t<meta property=\"og:image:width\" content=\"3264\" \/>\n\t<meta property=\"og:image:height\" content=\"2448\" \/>\n\t<meta property=\"og:image:type\" content=\"image\/jpeg\" \/>\n<meta name=\"author\" content=\"webmolina\" \/>\n<meta name=\"twitter:label1\" content=\"Escrit per\" \/>\n\t<meta name=\"twitter:data1\" content=\"webmolina\" \/>\n\t<meta name=\"twitter:label2\" content=\"Temps estimat de lectura\" \/>\n\t<meta name=\"twitter:data2\" content=\"3 minuts\" \/>\n<script type=\"application\/ld+json\" class=\"yoast-schema-graph\">{\"@context\":\"https:\/\/schema.org\",\"@graph\":[{\"@type\":\"Article\",\"@id\":\"https:\/\/centresmolina.com\/centreensenyament\/2019\/04\/16\/credit-de-sintesi-i-treball-de-recerca\/#article\",\"isPartOf\":{\"@id\":\"https:\/\/centresmolina.com\/centreensenyament\/2019\/04\/16\/credit-de-sintesi-i-treball-de-recerca\/\"},\"author\":{\"name\":\"webmolina\",\"@id\":\"https:\/\/centresmolina.com\/centreensenyament\/#\/schema\/person\/308d85d274adff04b5c51d47e8aff6cc\"},\"headline\":\"Cr\u00e8dit de S\u00edntesi i Treball de Recerca\",\"datePublished\":\"2019-04-16T15:31:57+00:00\",\"dateModified\":\"2019-06-20T08:16:45+00:00\",\"mainEntityOfPage\":{\"@id\":\"https:\/\/centresmolina.com\/centreensenyament\/2019\/04\/16\/credit-de-sintesi-i-treball-de-recerca\/\"},\"wordCount\":609,\"image\":{\"@id\":\"https:\/\/centresmolina.com\/centreensenyament\/2019\/04\/16\/credit-de-sintesi-i-treball-de-recerca\/#primaryimage\"},\"thumbnailUrl\":\"https:\/\/centresmolina.com\/centreensenyament\/files\/2019\/04\/IMG_9071.jpg\",\"keywords\":[\"1r d'ESO\",\"2n d'ESO\",\"3r ESO\",\"4t ESO\",\"Angl\u00e8s\",\"aprenentatge\",\"desenvolupament personal i acad\u00e8mic\",\"Escola Molina\",\"ESO\",\"estil propi\",\"orientaci\u00f3 acad\u00e8mica i professional\",\"Sortida\"],\"articleSection\":[\"Not\u00edcies\"],\"inLanguage\":\"ca\"},{\"@type\":\"WebPage\",\"@id\":\"https:\/\/centresmolina.com\/centreensenyament\/2019\/04\/16\/credit-de-sintesi-i-treball-de-recerca\/\",\"url\":\"https:\/\/centresmolina.com\/centreensenyament\/2019\/04\/16\/credit-de-sintesi-i-treball-de-recerca\/\",\"name\":\"Cr\u00e8dit de S\u00edntesi i Treball de Recerca - Centros de ense\u00f1anza\",\"isPartOf\":{\"@id\":\"https:\/\/centresmolina.com\/centreensenyament\/#website\"},\"primaryImageOfPage\":{\"@id\":\"https:\/\/centresmolina.com\/centreensenyament\/2019\/04\/16\/credit-de-sintesi-i-treball-de-recerca\/#primaryimage\"},\"image\":{\"@id\":\"https:\/\/centresmolina.com\/centreensenyament\/2019\/04\/16\/credit-de-sintesi-i-treball-de-recerca\/#primaryimage\"},\"thumbnailUrl\":\"https:\/\/centresmolina.com\/centreensenyament\/files\/2019\/04\/IMG_9071.jpg\",\"datePublished\":\"2019-04-16T15:31:57+00:00\",\"dateModified\":\"2019-06-20T08:16:45+00:00\",\"author\":{\"@id\":\"https:\/\/centresmolina.com\/centreensenyament\/#\/schema\/person\/308d85d274adff04b5c51d47e8aff6cc\"},\"breadcrumb\":{\"@id\":\"https:\/\/centresmolina.com\/centreensenyament\/2019\/04\/16\/credit-de-sintesi-i-treball-de-recerca\/#breadcrumb\"},\"inLanguage\":\"ca\",\"potentialAction\":[{\"@type\":\"ReadAction\",\"target\":[\"https:\/\/centresmolina.com\/centreensenyament\/2019\/04\/16\/credit-de-sintesi-i-treball-de-recerca\/\"]}]},{\"@type\":\"ImageObject\",\"inLanguage\":\"ca\",\"@id\":\"https:\/\/centresmolina.com\/centreensenyament\/2019\/04\/16\/credit-de-sintesi-i-treball-de-recerca\/#primaryimage\",\"url\":\"https:\/\/centresmolina.com\/centreensenyament\/files\/2019\/04\/IMG_9071.jpg\",\"contentUrl\":\"https:\/\/centresmolina.com\/centreensenyament\/files\/2019\/04\/IMG_9071.jpg\",\"width\":3264,\"height\":2448},{\"@type\":\"BreadcrumbList\",\"@id\":\"https:\/\/centresmolina.com\/centreensenyament\/2019\/04\/16\/credit-de-sintesi-i-treball-de-recerca\/#breadcrumb\",\"itemListElement\":[{\"@type\":\"ListItem\",\"position\":1,\"name\":\"Portada\",\"item\":\"https:\/\/centresmolina.com\/centreensenyament\/\"},{\"@type\":\"ListItem\",\"position\":2,\"name\":\"Cr\u00e8dit de S\u00edntesi i Treball de Recerca\"}]},{\"@type\":\"WebSite\",\"@id\":\"https:\/\/centresmolina.com\/centreensenyament\/#website\",\"url\":\"https:\/\/centresmolina.com\/centreensenyament\/\",\"name\":\"Centros de ense\u00f1anza\",\"description\":\"Centres Molina - Centros de ense\u00f1anza\",\"potentialAction\":[{\"@type\":\"SearchAction\",\"target\":{\"@type\":\"EntryPoint\",\"urlTemplate\":\"https:\/\/centresmolina.com\/centreensenyament\/?s={search_term_string}\"},\"query-input\":{\"@type\":\"PropertyValueSpecification\",\"valueRequired\":true,\"valueName\":\"search_term_string\"}}],\"inLanguage\":\"ca\"},{\"@type\":\"Person\",\"@id\":\"https:\/\/centresmolina.com\/centreensenyament\/#\/schema\/person\/308d85d274adff04b5c51d47e8aff6cc\",\"name\":\"webmolina\",\"image\":{\"@type\":\"ImageObject\",\"inLanguage\":\"ca\",\"@id\":\"https:\/\/secure.gravatar.com\/avatar\/38db407e1ab9b284bf45e3bff4ec5cf1e034e364f09b2ee054619614662a717b?s=96&d=mm&r=g\",\"url\":\"https:\/\/secure.gravatar.com\/avatar\/38db407e1ab9b284bf45e3bff4ec5cf1e034e364f09b2ee054619614662a717b?s=96&d=mm&r=g\",\"contentUrl\":\"https:\/\/secure.gravatar.com\/avatar\/38db407e1ab9b284bf45e3bff4ec5cf1e034e364f09b2ee054619614662a717b?s=96&d=mm&r=g\",\"caption\":\"webmolina\"},\"url\":\"https:\/\/centresmolina.com\/centreensenyament\/author\/webmolina\/\"}]}<\/script>\n<!-- \/ Yoast SEO plugin. -->","yoast_head_json":{"title":"Cr\u00e8dit de S\u00edntesi i Treball de Recerca - Centros de ense\u00f1anza","robots":{"index":"index","follow":"follow","max-snippet":"max-snippet:-1","max-image-preview":"max-image-preview:large","max-video-preview":"max-video-preview:-1"},"canonical":"https:\/\/centresmolina.com\/centreensenyament\/2019\/04\/16\/credit-de-sintesi-i-treball-de-recerca\/","og_locale":"ca_ES","og_type":"article","og_title":"Cr\u00e8dit de S\u00edntesi i Treball de Recerca - Centros de ense\u00f1anza","og_description":"Aquests \u00faltims dies hem estat de Cr\u00e8dit de S\u00edntesi ESO1, ESO2 i ESO3, i de Treball de Recerca ESO 4....","og_url":"https:\/\/centresmolina.com\/centreensenyament\/2019\/04\/16\/credit-de-sintesi-i-treball-de-recerca\/","og_site_name":"Centros de ense\u00f1anza","article_published_time":"2019-04-16T15:31:57+00:00","article_modified_time":"2019-06-20T08:16:45+00:00","og_image":[{"width":3264,"height":2448,"url":"https:\/\/centresmolina.com\/centreensenyament\/files\/2019\/04\/IMG_9071.jpg","type":"image\/jpeg"}],"author":"webmolina","twitter_misc":{"Escrit per":"webmolina","Temps estimat de lectura":"3 minuts"},"schema":{"@context":"https:\/\/schema.org","@graph":[{"@type":"Article","@id":"https:\/\/centresmolina.com\/centreensenyament\/2019\/04\/16\/credit-de-sintesi-i-treball-de-recerca\/#article","isPartOf":{"@id":"https:\/\/centresmolina.com\/centreensenyament\/2019\/04\/16\/credit-de-sintesi-i-treball-de-recerca\/"},"author":{"name":"webmolina","@id":"https:\/\/centresmolina.com\/centreensenyament\/#\/schema\/person\/308d85d274adff04b5c51d47e8aff6cc"},"headline":"Cr\u00e8dit de S\u00edntesi i Treball de Recerca","datePublished":"2019-04-16T15:31:57+00:00","dateModified":"2019-06-20T08:16:45+00:00","mainEntityOfPage":{"@id":"https:\/\/centresmolina.com\/centreensenyament\/2019\/04\/16\/credit-de-sintesi-i-treball-de-recerca\/"},"wordCount":609,"image":{"@id":"https:\/\/centresmolina.com\/centreensenyament\/2019\/04\/16\/credit-de-sintesi-i-treball-de-recerca\/#primaryimage"},"thumbnailUrl":"https:\/\/centresmolina.com\/centreensenyament\/files\/2019\/04\/IMG_9071.jpg","keywords":["1r d'ESO","2n d'ESO","3r ESO","4t ESO","Angl\u00e8s","aprenentatge","desenvolupament personal i acad\u00e8mic","Escola Molina","ESO","estil propi","orientaci\u00f3 acad\u00e8mica i professional","Sortida"],"articleSection":["Not\u00edcies"],"inLanguage":"ca"},{"@type":"WebPage","@id":"https:\/\/centresmolina.com\/centreensenyament\/2019\/04\/16\/credit-de-sintesi-i-treball-de-recerca\/","url":"https:\/\/centresmolina.com\/centreensenyament\/2019\/04\/16\/credit-de-sintesi-i-treball-de-recerca\/","name":"Cr\u00e8dit de S\u00edntesi i Treball de Recerca - Centros de ense\u00f1anza","isPartOf":{"@id":"https:\/\/centresmolina.com\/centreensenyament\/#website"},"primaryImageOfPage":{"@id":"https:\/\/centresmolina.com\/centreensenyament\/2019\/04\/16\/credit-de-sintesi-i-treball-de-recerca\/#primaryimage"},"image":{"@id":"https:\/\/centresmolina.com\/centreensenyament\/2019\/04\/16\/credit-de-sintesi-i-treball-de-recerca\/#primaryimage"},"thumbnailUrl":"https:\/\/centresmolina.com\/centreensenyament\/files\/2019\/04\/IMG_9071.jpg","datePublished":"2019-04-16T15:31:57+00:00","dateModified":"2019-06-20T08:16:45+00:00","author":{"@id":"https:\/\/centresmolina.com\/centreensenyament\/#\/schema\/person\/308d85d274adff04b5c51d47e8aff6cc"},"breadcrumb":{"@id":"https:\/\/centresmolina.com\/centreensenyament\/2019\/04\/16\/credit-de-sintesi-i-treball-de-recerca\/#breadcrumb"},"inLanguage":"ca","potentialAction":[{"@type":"ReadAction","target":["https:\/\/centresmolina.com\/centreensenyament\/2019\/04\/16\/credit-de-sintesi-i-treball-de-recerca\/"]}]},{"@type":"ImageObject","inLanguage":"ca","@id":"https:\/\/centresmolina.com\/centreensenyament\/2019\/04\/16\/credit-de-sintesi-i-treball-de-recerca\/#primaryimage","url":"https:\/\/centresmolina.com\/centreensenyament\/files\/2019\/04\/IMG_9071.jpg","contentUrl":"https:\/\/centresmolina.com\/centreensenyament\/files\/2019\/04\/IMG_9071.jpg","width":3264,"height":2448},{"@type":"BreadcrumbList","@id":"https:\/\/centresmolina.com\/centreensenyament\/2019\/04\/16\/credit-de-sintesi-i-treball-de-recerca\/#breadcrumb","itemListElement":[{"@type":"ListItem","position":1,"name":"Portada","item":"https:\/\/centresmolina.com\/centreensenyament\/"},{"@type":"ListItem","position":2,"name":"Cr\u00e8dit de S\u00edntesi i Treball de Recerca"}]},{"@type":"WebSite","@id":"https:\/\/centresmolina.com\/centreensenyament\/#website","url":"https:\/\/centresmolina.com\/centreensenyament\/","name":"Centros de ense\u00f1anza","description":"Centres Molina - Centros de ense\u00f1anza","potentialAction":[{"@type":"SearchAction","target":{"@type":"EntryPoint","urlTemplate":"https:\/\/centresmolina.com\/centreensenyament\/?s={search_term_string}"},"query-input":{"@type":"PropertyValueSpecification","valueRequired":true,"valueName":"search_term_string"}}],"inLanguage":"ca"},{"@type":"Person","@id":"https:\/\/centresmolina.com\/centreensenyament\/#\/schema\/person\/308d85d274adff04b5c51d47e8aff6cc","name":"webmolina","image":{"@type":"ImageObject","inLanguage":"ca","@id":"https:\/\/secure.gravatar.com\/avatar\/38db407e1ab9b284bf45e3bff4ec5cf1e034e364f09b2ee054619614662a717b?s=96&d=mm&r=g","url":"https:\/\/secure.gravatar.com\/avatar\/38db407e1ab9b284bf45e3bff4ec5cf1e034e364f09b2ee054619614662a717b?s=96&d=mm&r=g","contentUrl":"https:\/\/secure.gravatar.com\/avatar\/38db407e1ab9b284bf45e3bff4ec5cf1e034e364f09b2ee054619614662a717b?s=96&d=mm&r=g","caption":"webmolina"},"url":"https:\/\/centresmolina.com\/centreensenyament\/author\/webmolina\/"}]}},"_links":{"self":[{"href":"https:\/\/centresmolina.com\/centreensenyament\/wp-json\/wp\/v2\/posts\/10279","targetHints":{"allow":["GET"]}}],"collection":[{"href":"https:\/\/centresmolina.com\/centreensenyament\/wp-json\/wp\/v2\/posts"}],"about":[{"href":"https:\/\/centresmolina.com\/centreensenyament\/wp-json\/wp\/v2\/types\/post"}],"author":[{"embeddable":true,"href":"https:\/\/centresmolina.com\/centreensenyament\/wp-json\/wp\/v2\/users\/3"}],"replies":[{"embeddable":true,"href":"https:\/\/centresmolina.com\/centreensenyament\/wp-json\/wp\/v2\/comments?post=10279"}],"version-history":[{"count":3,"href":"https:\/\/centresmolina.com\/centreensenyament\/wp-json\/wp\/v2\/posts\/10279\/revisions"}],"predecessor-version":[{"id":10602,"href":"https:\/\/centresmolina.com\/centreensenyament\/wp-json\/wp\/v2\/posts\/10279\/revisions\/10602"}],"wp:featuredmedia":[{"embeddable":true,"href":"https:\/\/centresmolina.com\/centreensenyament\/wp-json\/wp\/v2\/media\/10282"}],"wp:attachment":[{"href":"https:\/\/centresmolina.com\/centreensenyament\/wp-json\/wp\/v2\/media?parent=10279"}],"wp:term":[{"taxonomy":"category","embeddable":true,"href":"https:\/\/centresmolina.com\/centreensenyament\/wp-json\/wp\/v2\/categories?post=10279"},{"taxonomy":"post_tag","embeddable":true,"href":"https:\/\/centresmolina.com\/centreensenyament\/wp-json\/wp\/v2\/tags?post=10279"}],"curies":[{"name":"wp","href":"https:\/\/api.w.org\/{rel}","templated":true}]}}