{"id":1223,"date":"2015-10-22T12:19:44","date_gmt":"2015-10-22T12:19:44","guid":{"rendered":"http:\/\/centresmolina.com\/centreensenyament\/?p=1223"},"modified":"2015-10-22T12:19:44","modified_gmt":"2015-10-22T12:19:44","slug":"dia-internacional-contra-el-cancer-de-mama","status":"publish","type":"post","link":"https:\/\/centresmolina.com\/centreensenyament\/2015\/10\/22\/dia-internacional-contra-el-cancer-de-mama\/","title":{"rendered":"DIA INTERNACIONAL CONTRA EL C\u00c0NCER DE MAMA"},"content":{"rendered":"<p>A l&#8217;escola celebrem el DIA INTERNACIONAL CONTRA EL C\u00c0NCER DE MAMA.<\/p>\n<p>Dins de la jornada escolar hem fet un par\u00e8ntesi per a tractar aquest tema i sensibilitzar-nos amb aquesta malaltia, que malauradament ja no sona tan llunyana.<\/p>\n","protected":false},"excerpt":{"rendered":"<p>A l&#8217;escola celebrem el DIA INTERNACIONAL CONTRA EL C\u00c0NCER DE MAMA. Dins de la jornada escolar hem fet un par\u00e8ntesi&#8230;<\/p>\n","protected":false},"author":1,"featured_media":1216,"comment_status":"open","ping_status":"open","sticky":false,"template":"","format":"standard","meta":{"footnotes":""},"categories":[5],"tags":[],"class_list":["post-1223","post","type-post","status-publish","format-standard","has-post-thumbnail","hentry","category-noticies"],"yoast_head":"<!-- This site is optimized with the Yoast SEO plugin v27.2 - https:\/\/yoast.com\/product\/yoast-seo-wordpress\/ -->\n<title>DIA INTERNACIONAL CONTRA EL C\u00c0NCER DE MAMA - Centros de ense\u00f1anza<\/title>\n<meta name=\"robots\" content=\"index, follow, max-snippet:-1, max-image-preview:large, max-video-preview:-1\" \/>\n<link rel=\"canonical\" href=\"https:\/\/centresmolina.com\/centreensenyament\/2015\/10\/22\/dia-internacional-contra-el-cancer-de-mama\/\" \/>\n<meta property=\"og:locale\" content=\"ca_ES\" \/>\n<meta property=\"og:type\" content=\"article\" \/>\n<meta property=\"og:title\" content=\"DIA INTERNACIONAL CONTRA EL C\u00c0NCER DE MAMA - Centros de ense\u00f1anza\" \/>\n<meta property=\"og:description\" content=\"A l&#8217;escola celebrem el DIA INTERNACIONAL CONTRA EL C\u00c0NCER DE MAMA. Dins de la jornada escolar hem fet un par\u00e8ntesi...\" \/>\n<meta property=\"og:url\" content=\"https:\/\/centresmolina.com\/centreensenyament\/2015\/10\/22\/dia-internacional-contra-el-cancer-de-mama\/\" \/>\n<meta property=\"og:site_name\" content=\"Centros de ense\u00f1anza\" \/>\n<meta property=\"article:published_time\" content=\"2015-10-22T12:19:44+00:00\" \/>\n<meta property=\"og:image\" content=\"https:\/\/centresmolina.com\/centreensenyament\/files\/2015\/10\/20151019_115612.jpg\" \/>\n\t<meta property=\"og:image:width\" content=\"3264\" \/>\n\t<meta property=\"og:image:height\" content=\"2448\" \/>\n\t<meta property=\"og:image:type\" content=\"image\/jpeg\" \/>\n<meta name=\"author\" content=\"admin\" \/>\n<meta name=\"twitter:label1\" content=\"Escrit per\" \/>\n\t<meta name=\"twitter:data1\" content=\"admin\" \/>\n<script type=\"application\/ld+json\" class=\"yoast-schema-graph\">{\"@context\":\"https:\/\/schema.org\",\"@graph\":[{\"@type\":\"Article\",\"@id\":\"https:\/\/centresmolina.com\/centreensenyament\/2015\/10\/22\/dia-internacional-contra-el-cancer-de-mama\/#article\",\"isPartOf\":{\"@id\":\"https:\/\/centresmolina.com\/centreensenyament\/2015\/10\/22\/dia-internacional-contra-el-cancer-de-mama\/\"},\"author\":{\"name\":\"admin\",\"@id\":\"https:\/\/centresmolina.com\/centreensenyament\/#\/schema\/person\/708769d47ecd01f5140f36e96d68031b\"},\"headline\":\"DIA INTERNACIONAL CONTRA EL C\u00c0NCER DE MAMA\",\"datePublished\":\"2015-10-22T12:19:44+00:00\",\"mainEntityOfPage\":{\"@id\":\"https:\/\/centresmolina.com\/centreensenyament\/2015\/10\/22\/dia-internacional-contra-el-cancer-de-mama\/\"},\"wordCount\":47,\"commentCount\":0,\"image\":{\"@id\":\"https:\/\/centresmolina.com\/centreensenyament\/2015\/10\/22\/dia-internacional-contra-el-cancer-de-mama\/#primaryimage\"},\"thumbnailUrl\":\"https:\/\/centresmolina.com\/centreensenyament\/files\/2015\/10\/20151019_115612.jpg\",\"articleSection\":[\"Not\u00edcies\"],\"inLanguage\":\"ca\",\"potentialAction\":[{\"@type\":\"CommentAction\",\"name\":\"Comment\",\"target\":[\"https:\/\/centresmolina.com\/centreensenyament\/2015\/10\/22\/dia-internacional-contra-el-cancer-de-mama\/#respond\"]}]},{\"@type\":\"WebPage\",\"@id\":\"https:\/\/centresmolina.com\/centreensenyament\/2015\/10\/22\/dia-internacional-contra-el-cancer-de-mama\/\",\"url\":\"https:\/\/centresmolina.com\/centreensenyament\/2015\/10\/22\/dia-internacional-contra-el-cancer-de-mama\/\",\"name\":\"DIA INTERNACIONAL CONTRA EL C\u00c0NCER DE MAMA - Centros de ense\u00f1anza\",\"isPartOf\":{\"@id\":\"https:\/\/centresmolina.com\/centreensenyament\/#website\"},\"primaryImageOfPage\":{\"@id\":\"https:\/\/centresmolina.com\/centreensenyament\/2015\/10\/22\/dia-internacional-contra-el-cancer-de-mama\/#primaryimage\"},\"image\":{\"@id\":\"https:\/\/centresmolina.com\/centreensenyament\/2015\/10\/22\/dia-internacional-contra-el-cancer-de-mama\/#primaryimage\"},\"thumbnailUrl\":\"https:\/\/centresmolina.com\/centreensenyament\/files\/2015\/10\/20151019_115612.jpg\",\"datePublished\":\"2015-10-22T12:19:44+00:00\",\"author\":{\"@id\":\"https:\/\/centresmolina.com\/centreensenyament\/#\/schema\/person\/708769d47ecd01f5140f36e96d68031b\"},\"breadcrumb\":{\"@id\":\"https:\/\/centresmolina.com\/centreensenyament\/2015\/10\/22\/dia-internacional-contra-el-cancer-de-mama\/#breadcrumb\"},\"inLanguage\":\"ca\",\"potentialAction\":[{\"@type\":\"ReadAction\",\"target\":[\"https:\/\/centresmolina.com\/centreensenyament\/2015\/10\/22\/dia-internacional-contra-el-cancer-de-mama\/\"]}]},{\"@type\":\"ImageObject\",\"inLanguage\":\"ca\",\"@id\":\"https:\/\/centresmolina.com\/centreensenyament\/2015\/10\/22\/dia-internacional-contra-el-cancer-de-mama\/#primaryimage\",\"url\":\"https:\/\/centresmolina.com\/centreensenyament\/files\/2015\/10\/20151019_115612.jpg\",\"contentUrl\":\"https:\/\/centresmolina.com\/centreensenyament\/files\/2015\/10\/20151019_115612.jpg\",\"width\":3264,\"height\":2448},{\"@type\":\"BreadcrumbList\",\"@id\":\"https:\/\/centresmolina.com\/centreensenyament\/2015\/10\/22\/dia-internacional-contra-el-cancer-de-mama\/#breadcrumb\",\"itemListElement\":[{\"@type\":\"ListItem\",\"position\":1,\"name\":\"Portada\",\"item\":\"https:\/\/centresmolina.com\/centreensenyament\/\"},{\"@type\":\"ListItem\",\"position\":2,\"name\":\"DIA INTERNACIONAL CONTRA EL C\u00c0NCER DE MAMA\"}]},{\"@type\":\"WebSite\",\"@id\":\"https:\/\/centresmolina.com\/centreensenyament\/#website\",\"url\":\"https:\/\/centresmolina.com\/centreensenyament\/\",\"name\":\"Centros de ense\u00f1anza\",\"description\":\"Centres Molina - Centros de ense\u00f1anza\",\"potentialAction\":[{\"@type\":\"SearchAction\",\"target\":{\"@type\":\"EntryPoint\",\"urlTemplate\":\"https:\/\/centresmolina.com\/centreensenyament\/?s={search_term_string}\"},\"query-input\":{\"@type\":\"PropertyValueSpecification\",\"valueRequired\":true,\"valueName\":\"search_term_string\"}}],\"inLanguage\":\"ca\"},{\"@type\":\"Person\",\"@id\":\"https:\/\/centresmolina.com\/centreensenyament\/#\/schema\/person\/708769d47ecd01f5140f36e96d68031b\",\"name\":\"admin\",\"image\":{\"@type\":\"ImageObject\",\"inLanguage\":\"ca\",\"@id\":\"https:\/\/secure.gravatar.com\/avatar\/bc0924690544a330a276ffa283d886b19cf99625d7aec1f282263d3e9088f3e8?s=96&d=mm&r=g\",\"url\":\"https:\/\/secure.gravatar.com\/avatar\/bc0924690544a330a276ffa283d886b19cf99625d7aec1f282263d3e9088f3e8?s=96&d=mm&r=g\",\"contentUrl\":\"https:\/\/secure.gravatar.com\/avatar\/bc0924690544a330a276ffa283d886b19cf99625d7aec1f282263d3e9088f3e8?s=96&d=mm&r=g\",\"caption\":\"admin\"},\"url\":\"https:\/\/centresmolina.com\/centreensenyament\/author\/admin\/\"}]}<\/script>\n<!-- \/ Yoast SEO plugin. -->","yoast_head_json":{"title":"DIA INTERNACIONAL CONTRA EL C\u00c0NCER DE MAMA - Centros de ense\u00f1anza","robots":{"index":"index","follow":"follow","max-snippet":"max-snippet:-1","max-image-preview":"max-image-preview:large","max-video-preview":"max-video-preview:-1"},"canonical":"https:\/\/centresmolina.com\/centreensenyament\/2015\/10\/22\/dia-internacional-contra-el-cancer-de-mama\/","og_locale":"ca_ES","og_type":"article","og_title":"DIA INTERNACIONAL CONTRA EL C\u00c0NCER DE MAMA - Centros de ense\u00f1anza","og_description":"A l&#8217;escola celebrem el DIA INTERNACIONAL CONTRA EL C\u00c0NCER DE MAMA. Dins de la jornada escolar hem fet un par\u00e8ntesi...","og_url":"https:\/\/centresmolina.com\/centreensenyament\/2015\/10\/22\/dia-internacional-contra-el-cancer-de-mama\/","og_site_name":"Centros de ense\u00f1anza","article_published_time":"2015-10-22T12:19:44+00:00","og_image":[{"width":3264,"height":2448,"url":"https:\/\/centresmolina.com\/centreensenyament\/files\/2015\/10\/20151019_115612.jpg","type":"image\/jpeg"}],"author":"admin","twitter_misc":{"Escrit per":"admin"},"schema":{"@context":"https:\/\/schema.org","@graph":[{"@type":"Article","@id":"https:\/\/centresmolina.com\/centreensenyament\/2015\/10\/22\/dia-internacional-contra-el-cancer-de-mama\/#article","isPartOf":{"@id":"https:\/\/centresmolina.com\/centreensenyament\/2015\/10\/22\/dia-internacional-contra-el-cancer-de-mama\/"},"author":{"name":"admin","@id":"https:\/\/centresmolina.com\/centreensenyament\/#\/schema\/person\/708769d47ecd01f5140f36e96d68031b"},"headline":"DIA INTERNACIONAL CONTRA EL C\u00c0NCER DE MAMA","datePublished":"2015-10-22T12:19:44+00:00","mainEntityOfPage":{"@id":"https:\/\/centresmolina.com\/centreensenyament\/2015\/10\/22\/dia-internacional-contra-el-cancer-de-mama\/"},"wordCount":47,"commentCount":0,"image":{"@id":"https:\/\/centresmolina.com\/centreensenyament\/2015\/10\/22\/dia-internacional-contra-el-cancer-de-mama\/#primaryimage"},"thumbnailUrl":"https:\/\/centresmolina.com\/centreensenyament\/files\/2015\/10\/20151019_115612.jpg","articleSection":["Not\u00edcies"],"inLanguage":"ca","potentialAction":[{"@type":"CommentAction","name":"Comment","target":["https:\/\/centresmolina.com\/centreensenyament\/2015\/10\/22\/dia-internacional-contra-el-cancer-de-mama\/#respond"]}]},{"@type":"WebPage","@id":"https:\/\/centresmolina.com\/centreensenyament\/2015\/10\/22\/dia-internacional-contra-el-cancer-de-mama\/","url":"https:\/\/centresmolina.com\/centreensenyament\/2015\/10\/22\/dia-internacional-contra-el-cancer-de-mama\/","name":"DIA INTERNACIONAL CONTRA EL C\u00c0NCER DE MAMA - Centros de ense\u00f1anza","isPartOf":{"@id":"https:\/\/centresmolina.com\/centreensenyament\/#website"},"primaryImageOfPage":{"@id":"https:\/\/centresmolina.com\/centreensenyament\/2015\/10\/22\/dia-internacional-contra-el-cancer-de-mama\/#primaryimage"},"image":{"@id":"https:\/\/centresmolina.com\/centreensenyament\/2015\/10\/22\/dia-internacional-contra-el-cancer-de-mama\/#primaryimage"},"thumbnailUrl":"https:\/\/centresmolina.com\/centreensenyament\/files\/2015\/10\/20151019_115612.jpg","datePublished":"2015-10-22T12:19:44+00:00","author":{"@id":"https:\/\/centresmolina.com\/centreensenyament\/#\/schema\/person\/708769d47ecd01f5140f36e96d68031b"},"breadcrumb":{"@id":"https:\/\/centresmolina.com\/centreensenyament\/2015\/10\/22\/dia-internacional-contra-el-cancer-de-mama\/#breadcrumb"},"inLanguage":"ca","potentialAction":[{"@type":"ReadAction","target":["https:\/\/centresmolina.com\/centreensenyament\/2015\/10\/22\/dia-internacional-contra-el-cancer-de-mama\/"]}]},{"@type":"ImageObject","inLanguage":"ca","@id":"https:\/\/centresmolina.com\/centreensenyament\/2015\/10\/22\/dia-internacional-contra-el-cancer-de-mama\/#primaryimage","url":"https:\/\/centresmolina.com\/centreensenyament\/files\/2015\/10\/20151019_115612.jpg","contentUrl":"https:\/\/centresmolina.com\/centreensenyament\/files\/2015\/10\/20151019_115612.jpg","width":3264,"height":2448},{"@type":"BreadcrumbList","@id":"https:\/\/centresmolina.com\/centreensenyament\/2015\/10\/22\/dia-internacional-contra-el-cancer-de-mama\/#breadcrumb","itemListElement":[{"@type":"ListItem","position":1,"name":"Portada","item":"https:\/\/centresmolina.com\/centreensenyament\/"},{"@type":"ListItem","position":2,"name":"DIA INTERNACIONAL CONTRA EL C\u00c0NCER DE MAMA"}]},{"@type":"WebSite","@id":"https:\/\/centresmolina.com\/centreensenyament\/#website","url":"https:\/\/centresmolina.com\/centreensenyament\/","name":"Centros de ense\u00f1anza","description":"Centres Molina - Centros de ense\u00f1anza","potentialAction":[{"@type":"SearchAction","target":{"@type":"EntryPoint","urlTemplate":"https:\/\/centresmolina.com\/centreensenyament\/?s={search_term_string}"},"query-input":{"@type":"PropertyValueSpecification","valueRequired":true,"valueName":"search_term_string"}}],"inLanguage":"ca"},{"@type":"Person","@id":"https:\/\/centresmolina.com\/centreensenyament\/#\/schema\/person\/708769d47ecd01f5140f36e96d68031b","name":"admin","image":{"@type":"ImageObject","inLanguage":"ca","@id":"https:\/\/secure.gravatar.com\/avatar\/bc0924690544a330a276ffa283d886b19cf99625d7aec1f282263d3e9088f3e8?s=96&d=mm&r=g","url":"https:\/\/secure.gravatar.com\/avatar\/bc0924690544a330a276ffa283d886b19cf99625d7aec1f282263d3e9088f3e8?s=96&d=mm&r=g","contentUrl":"https:\/\/secure.gravatar.com\/avatar\/bc0924690544a330a276ffa283d886b19cf99625d7aec1f282263d3e9088f3e8?s=96&d=mm&r=g","caption":"admin"},"url":"https:\/\/centresmolina.com\/centreensenyament\/author\/admin\/"}]}},"_links":{"self":[{"href":"https:\/\/centresmolina.com\/centreensenyament\/wp-json\/wp\/v2\/posts\/1223","targetHints":{"allow":["GET"]}}],"collection":[{"href":"https:\/\/centresmolina.com\/centreensenyament\/wp-json\/wp\/v2\/posts"}],"about":[{"href":"https:\/\/centresmolina.com\/centreensenyament\/wp-json\/wp\/v2\/types\/post"}],"author":[{"embeddable":true,"href":"https:\/\/centresmolina.com\/centreensenyament\/wp-json\/wp\/v2\/users\/1"}],"replies":[{"embeddable":true,"href":"https:\/\/centresmolina.com\/centreensenyament\/wp-json\/wp\/v2\/comments?post=1223"}],"version-history":[{"count":1,"href":"https:\/\/centresmolina.com\/centreensenyament\/wp-json\/wp\/v2\/posts\/1223\/revisions"}],"predecessor-version":[{"id":1224,"href":"https:\/\/centresmolina.com\/centreensenyament\/wp-json\/wp\/v2\/posts\/1223\/revisions\/1224"}],"wp:featuredmedia":[{"embeddable":true,"href":"https:\/\/centresmolina.com\/centreensenyament\/wp-json\/wp\/v2\/media\/1216"}],"wp:attachment":[{"href":"https:\/\/centresmolina.com\/centreensenyament\/wp-json\/wp\/v2\/media?parent=1223"}],"wp:term":[{"taxonomy":"category","embeddable":true,"href":"https:\/\/centresmolina.com\/centreensenyament\/wp-json\/wp\/v2\/categories?post=1223"},{"taxonomy":"post_tag","embeddable":true,"href":"https:\/\/centresmolina.com\/centreensenyament\/wp-json\/wp\/v2\/tags?post=1223"}],"curies":[{"name":"wp","href":"https:\/\/api.w.org\/{rel}","templated":true}]}}