{"id":14144,"date":"2021-02-23T10:50:46","date_gmt":"2021-02-23T10:50:46","guid":{"rendered":"http:\/\/centresmolina.com\/centreensenyament\/?p=14144"},"modified":"2021-02-27T06:19:54","modified_gmt":"2021-02-27T06:19:54","slug":"visita-al-turo-de-la-rovira-eso2","status":"publish","type":"post","link":"https:\/\/centresmolina.com\/centreensenyament\/2021\/02\/23\/visita-al-turo-de-la-rovira-eso2\/","title":{"rendered":"Visita al Tur\u00f3 de la Rovira ESO2"},"content":{"rendered":"<div class=\"gE iv gt\">Els alumnes d&#8217;ESO2 aquest mat\u00ed han fet un recorregut fins al Tur\u00f3 de la Rovira per fer un estudi matem\u00e0tic i una activitat d&#8217;EVP.<\/div>\n<div>\n\n\t\t<style type=\"text\/css\">\n\t\t\t#gallery-1 {\n\t\t\t\tmargin: auto;\n\t\t\t}\n\t\t\t#gallery-1 .gallery-item {\n\t\t\t\tfloat: left;\n\t\t\t\tmargin-top: 10px;\n\t\t\t\ttext-align: center;\n\t\t\t\twidth: 25%;\n\t\t\t}\n\t\t\t#gallery-1 img {\n\t\t\t\tborder: 2px solid #cfcfcf;\n\t\t\t}\n\t\t\t#gallery-1 .gallery-caption {\n\t\t\t\tmargin-left: 0;\n\t\t\t}\n\t\t\t\/* see gallery_shortcode() in wp-includes\/media.php *\/\n\t\t<\/style>\n\t\t<div id='gallery-1' class='gallery galleryid-14144 gallery-columns-4 gallery-size-medium'><dl class='gallery-item'>\n\t\t\t<dt class='gallery-icon portrait'>\n\t\t\t\t<a href='https:\/\/centresmolina.com\/centreensenyament\/files\/2021\/02\/Tur\u00f3-de-la-Rovira-ESO2-2-scaled.jpg'><img loading=\"lazy\" decoding=\"async\" width=\"169\" height=\"300\" src=\"https:\/\/centresmolina.com\/centreensenyament\/files\/2021\/02\/Tur\u00f3-de-la-Rovira-ESO2-2-169x300.jpg\" class=\"attachment-medium size-medium\" alt=\"\" srcset=\"https:\/\/centresmolina.com\/centreensenyament\/files\/2021\/02\/Tur\u00f3-de-la-Rovira-ESO2-2-169x300.jpg 169w, https:\/\/centresmolina.com\/centreensenyament\/files\/2021\/02\/Tur\u00f3-de-la-Rovira-ESO2-2-576x1024.jpg 576w, https:\/\/centresmolina.com\/centreensenyament\/files\/2021\/02\/Tur\u00f3-de-la-Rovira-ESO2-2-768x1365.jpg 768w, https:\/\/centresmolina.com\/centreensenyament\/files\/2021\/02\/Tur\u00f3-de-la-Rovira-ESO2-2-864x1536.jpg 864w, https:\/\/centresmolina.com\/centreensenyament\/files\/2021\/02\/Tur\u00f3-de-la-Rovira-ESO2-2-1152x2048.jpg 1152w, https:\/\/centresmolina.com\/centreensenyament\/files\/2021\/02\/Tur\u00f3-de-la-Rovira-ESO2-2-scaled.jpg 1440w\" sizes=\"auto, (max-width: 169px) 100vw, 169px\" \/><\/a>\n\t\t\t<\/dt><\/dl><dl class='gallery-item'>\n\t\t\t<dt class='gallery-icon portrait'>\n\t\t\t\t<a href='https:\/\/centresmolina.com\/centreensenyament\/files\/2021\/02\/Tur\u00f3-de-la-Rovira-ESO2-3-scaled.jpg'><img loading=\"lazy\" decoding=\"async\" width=\"169\" height=\"300\" src=\"https:\/\/centresmolina.com\/centreensenyament\/files\/2021\/02\/Tur\u00f3-de-la-Rovira-ESO2-3-169x300.jpg\" class=\"attachment-medium size-medium\" alt=\"\" srcset=\"https:\/\/centresmolina.com\/centreensenyament\/files\/2021\/02\/Tur\u00f3-de-la-Rovira-ESO2-3-169x300.jpg 169w, https:\/\/centresmolina.com\/centreensenyament\/files\/2021\/02\/Tur\u00f3-de-la-Rovira-ESO2-3-576x1024.jpg 576w, https:\/\/centresmolina.com\/centreensenyament\/files\/2021\/02\/Tur\u00f3-de-la-Rovira-ESO2-3-768x1365.jpg 768w, https:\/\/centresmolina.com\/centreensenyament\/files\/2021\/02\/Tur\u00f3-de-la-Rovira-ESO2-3-864x1536.jpg 864w, https:\/\/centresmolina.com\/centreensenyament\/files\/2021\/02\/Tur\u00f3-de-la-Rovira-ESO2-3-1152x2048.jpg 1152w, https:\/\/centresmolina.com\/centreensenyament\/files\/2021\/02\/Tur\u00f3-de-la-Rovira-ESO2-3-scaled.jpg 1440w\" sizes=\"auto, (max-width: 169px) 100vw, 169px\" \/><\/a>\n\t\t\t<\/dt><\/dl><dl class='gallery-item'>\n\t\t\t<dt class='gallery-icon portrait'>\n\t\t\t\t<a href='https:\/\/centresmolina.com\/centreensenyament\/files\/2021\/02\/Tur\u00f3-de-la-Rovira-ESO2-10-scaled.jpg'><img loading=\"lazy\" decoding=\"async\" width=\"169\" height=\"300\" src=\"https:\/\/centresmolina.com\/centreensenyament\/files\/2021\/02\/Tur\u00f3-de-la-Rovira-ESO2-10-169x300.jpg\" class=\"attachment-medium size-medium\" alt=\"\" srcset=\"https:\/\/centresmolina.com\/centreensenyament\/files\/2021\/02\/Tur\u00f3-de-la-Rovira-ESO2-10-169x300.jpg 169w, https:\/\/centresmolina.com\/centreensenyament\/files\/2021\/02\/Tur\u00f3-de-la-Rovira-ESO2-10-576x1024.jpg 576w, https:\/\/centresmolina.com\/centreensenyament\/files\/2021\/02\/Tur\u00f3-de-la-Rovira-ESO2-10-768x1365.jpg 768w, https:\/\/centresmolina.com\/centreensenyament\/files\/2021\/02\/Tur\u00f3-de-la-Rovira-ESO2-10-864x1536.jpg 864w, https:\/\/centresmolina.com\/centreensenyament\/files\/2021\/02\/Tur\u00f3-de-la-Rovira-ESO2-10-1152x2048.jpg 1152w, https:\/\/centresmolina.com\/centreensenyament\/files\/2021\/02\/Tur\u00f3-de-la-Rovira-ESO2-10-scaled.jpg 1440w\" sizes=\"auto, (max-width: 169px) 100vw, 169px\" \/><\/a>\n\t\t\t<\/dt><\/dl><dl class='gallery-item'>\n\t\t\t<dt class='gallery-icon portrait'>\n\t\t\t\t<a href='https:\/\/centresmolina.com\/centreensenyament\/files\/2021\/02\/Tur\u00f3-de-la-Rovira-ESO2-15-scaled.jpg'><img loading=\"lazy\" decoding=\"async\" width=\"169\" height=\"300\" src=\"https:\/\/centresmolina.com\/centreensenyament\/files\/2021\/02\/Tur\u00f3-de-la-Rovira-ESO2-15-169x300.jpg\" class=\"attachment-medium size-medium\" alt=\"\" srcset=\"https:\/\/centresmolina.com\/centreensenyament\/files\/2021\/02\/Tur\u00f3-de-la-Rovira-ESO2-15-169x300.jpg 169w, https:\/\/centresmolina.com\/centreensenyament\/files\/2021\/02\/Tur\u00f3-de-la-Rovira-ESO2-15-576x1024.jpg 576w, https:\/\/centresmolina.com\/centreensenyament\/files\/2021\/02\/Tur\u00f3-de-la-Rovira-ESO2-15-768x1365.jpg 768w, https:\/\/centresmolina.com\/centreensenyament\/files\/2021\/02\/Tur\u00f3-de-la-Rovira-ESO2-15-864x1536.jpg 864w, https:\/\/centresmolina.com\/centreensenyament\/files\/2021\/02\/Tur\u00f3-de-la-Rovira-ESO2-15-1152x2048.jpg 1152w, https:\/\/centresmolina.com\/centreensenyament\/files\/2021\/02\/Tur\u00f3-de-la-Rovira-ESO2-15-scaled.jpg 1440w\" sizes=\"auto, (max-width: 169px) 100vw, 169px\" \/><\/a>\n\t\t\t<\/dt><\/dl><br style=\"clear: both\" \/>\n\t\t<\/div>\n\n<\/div>\n<div><\/div>\n<div>En un mapa van haver de tra\u00e7ar el recorregut que seguien per fer uns c\u00e0lculs matem\u00e0tics que l&#8217;Helena els havia explicar: des de l&#8217;escola van anar fins a&nbsp; les cases barates de Nou Barris, van&nbsp; baixar pel carrer&nbsp; Sant Iscle (antic cam\u00ed de sortida de la ciutat de Barcelona per anar a Collserola). Van passar <span style=\"color: #073763\">&nbsp;pel Mercat de la Merc\u00e8 de Virrei Amat,&nbsp; l&#8217;Esgl\u00e9sia de Santa Eul\u00e0lia de Vilapicina del carrer Fabra i Puig, on tamb\u00e9 hi ha una masia antiga convertida en el Centre C\u00edvic Can Bast\u00e9 i el magistral Ca n&#8217;Art\u00e9s, casa de construcci\u00f3 Medieval. <\/span><span style=\"color: #073763\">Vam creuar el&nbsp; Passeig Maragall per fer la pujada al Tur\u00f3 de la Rovira, fins al cim on s\u00f3n els B\u00fanquers!! <\/span><\/div>\n<div><\/div>\n<div>\n\n\t\t<style type=\"text\/css\">\n\t\t\t#gallery-2 {\n\t\t\t\tmargin: auto;\n\t\t\t}\n\t\t\t#gallery-2 .gallery-item {\n\t\t\t\tfloat: left;\n\t\t\t\tmargin-top: 10px;\n\t\t\t\ttext-align: center;\n\t\t\t\twidth: 33%;\n\t\t\t}\n\t\t\t#gallery-2 img {\n\t\t\t\tborder: 2px solid #cfcfcf;\n\t\t\t}\n\t\t\t#gallery-2 .gallery-caption {\n\t\t\t\tmargin-left: 0;\n\t\t\t}\n\t\t\t\/* see gallery_shortcode() in wp-includes\/media.php *\/\n\t\t<\/style>\n\t\t<div id='gallery-2' class='gallery galleryid-14144 gallery-columns-3 gallery-size-medium'><dl class='gallery-item'>\n\t\t\t<dt class='gallery-icon landscape'>\n\t\t\t\t<a href='https:\/\/centresmolina.com\/centreensenyament\/files\/2021\/02\/Tur\u00f3-de-la-Rovira-ESO2-13-scaled.jpg'><img loading=\"lazy\" decoding=\"async\" width=\"300\" height=\"169\" src=\"https:\/\/centresmolina.com\/centreensenyament\/files\/2021\/02\/Tur\u00f3-de-la-Rovira-ESO2-13-300x169.jpg\" class=\"attachment-medium size-medium\" alt=\"\" srcset=\"https:\/\/centresmolina.com\/centreensenyament\/files\/2021\/02\/Tur\u00f3-de-la-Rovira-ESO2-13-300x169.jpg 300w, https:\/\/centresmolina.com\/centreensenyament\/files\/2021\/02\/Tur\u00f3-de-la-Rovira-ESO2-13-1024x576.jpg 1024w, https:\/\/centresmolina.com\/centreensenyament\/files\/2021\/02\/Tur\u00f3-de-la-Rovira-ESO2-13-768x432.jpg 768w, https:\/\/centresmolina.com\/centreensenyament\/files\/2021\/02\/Tur\u00f3-de-la-Rovira-ESO2-13-1536x864.jpg 1536w, https:\/\/centresmolina.com\/centreensenyament\/files\/2021\/02\/Tur\u00f3-de-la-Rovira-ESO2-13-2048x1152.jpg 2048w\" sizes=\"auto, (max-width: 300px) 100vw, 300px\" \/><\/a>\n\t\t\t<\/dt><\/dl><dl class='gallery-item'>\n\t\t\t<dt class='gallery-icon landscape'>\n\t\t\t\t<a href='https:\/\/centresmolina.com\/centreensenyament\/files\/2021\/02\/Tur\u00f3-de-la-Rovira-ESO2-14-scaled.jpg'><img loading=\"lazy\" decoding=\"async\" width=\"300\" height=\"169\" src=\"https:\/\/centresmolina.com\/centreensenyament\/files\/2021\/02\/Tur\u00f3-de-la-Rovira-ESO2-14-300x169.jpg\" class=\"attachment-medium size-medium\" alt=\"\" srcset=\"https:\/\/centresmolina.com\/centreensenyament\/files\/2021\/02\/Tur\u00f3-de-la-Rovira-ESO2-14-300x169.jpg 300w, https:\/\/centresmolina.com\/centreensenyament\/files\/2021\/02\/Tur\u00f3-de-la-Rovira-ESO2-14-1024x576.jpg 1024w, https:\/\/centresmolina.com\/centreensenyament\/files\/2021\/02\/Tur\u00f3-de-la-Rovira-ESO2-14-768x432.jpg 768w, https:\/\/centresmolina.com\/centreensenyament\/files\/2021\/02\/Tur\u00f3-de-la-Rovira-ESO2-14-1536x864.jpg 1536w, https:\/\/centresmolina.com\/centreensenyament\/files\/2021\/02\/Tur\u00f3-de-la-Rovira-ESO2-14-2048x1152.jpg 2048w\" sizes=\"auto, (max-width: 300px) 100vw, 300px\" \/><\/a>\n\t\t\t<\/dt><\/dl><dl class='gallery-item'>\n\t\t\t<dt class='gallery-icon landscape'>\n\t\t\t\t<a href='https:\/\/centresmolina.com\/centreensenyament\/files\/2021\/02\/Tur\u00f3-de-la-Rovira-ESO2-9-scaled.jpg'><img loading=\"lazy\" decoding=\"async\" width=\"300\" height=\"169\" src=\"https:\/\/centresmolina.com\/centreensenyament\/files\/2021\/02\/Tur\u00f3-de-la-Rovira-ESO2-9-300x169.jpg\" class=\"attachment-medium size-medium\" alt=\"\" srcset=\"https:\/\/centresmolina.com\/centreensenyament\/files\/2021\/02\/Tur\u00f3-de-la-Rovira-ESO2-9-300x169.jpg 300w, https:\/\/centresmolina.com\/centreensenyament\/files\/2021\/02\/Tur\u00f3-de-la-Rovira-ESO2-9-1024x576.jpg 1024w, https:\/\/centresmolina.com\/centreensenyament\/files\/2021\/02\/Tur\u00f3-de-la-Rovira-ESO2-9-768x432.jpg 768w, https:\/\/centresmolina.com\/centreensenyament\/files\/2021\/02\/Tur\u00f3-de-la-Rovira-ESO2-9-1536x864.jpg 1536w, https:\/\/centresmolina.com\/centreensenyament\/files\/2021\/02\/Tur\u00f3-de-la-Rovira-ESO2-9-2048x1152.jpg 2048w\" sizes=\"auto, (max-width: 300px) 100vw, 300px\" \/><\/a>\n\t\t\t<\/dt><\/dl><br style=\"clear: both\" \/><dl class='gallery-item'>\n\t\t\t<dt class='gallery-icon landscape'>\n\t\t\t\t<a href='https:\/\/centresmolina.com\/centreensenyament\/files\/2021\/02\/Tur\u00f3-de-la-Rovira-ESO2-7-scaled.jpg'><img loading=\"lazy\" decoding=\"async\" width=\"300\" height=\"169\" src=\"https:\/\/centresmolina.com\/centreensenyament\/files\/2021\/02\/Tur\u00f3-de-la-Rovira-ESO2-7-300x169.jpg\" class=\"attachment-medium size-medium\" alt=\"\" srcset=\"https:\/\/centresmolina.com\/centreensenyament\/files\/2021\/02\/Tur\u00f3-de-la-Rovira-ESO2-7-300x169.jpg 300w, https:\/\/centresmolina.com\/centreensenyament\/files\/2021\/02\/Tur\u00f3-de-la-Rovira-ESO2-7-1024x576.jpg 1024w, https:\/\/centresmolina.com\/centreensenyament\/files\/2021\/02\/Tur\u00f3-de-la-Rovira-ESO2-7-768x432.jpg 768w, https:\/\/centresmolina.com\/centreensenyament\/files\/2021\/02\/Tur\u00f3-de-la-Rovira-ESO2-7-1536x864.jpg 1536w, https:\/\/centresmolina.com\/centreensenyament\/files\/2021\/02\/Tur\u00f3-de-la-Rovira-ESO2-7-2048x1152.jpg 2048w\" sizes=\"auto, (max-width: 300px) 100vw, 300px\" \/><\/a>\n\t\t\t<\/dt><\/dl><dl class='gallery-item'>\n\t\t\t<dt class='gallery-icon landscape'>\n\t\t\t\t<a href='https:\/\/centresmolina.com\/centreensenyament\/files\/2021\/02\/Tur\u00f3-de-la-Rovira-ESO2-11-scaled.jpg'><img loading=\"lazy\" decoding=\"async\" width=\"300\" height=\"169\" src=\"https:\/\/centresmolina.com\/centreensenyament\/files\/2021\/02\/Tur\u00f3-de-la-Rovira-ESO2-11-300x169.jpg\" class=\"attachment-medium size-medium\" alt=\"\" srcset=\"https:\/\/centresmolina.com\/centreensenyament\/files\/2021\/02\/Tur\u00f3-de-la-Rovira-ESO2-11-300x169.jpg 300w, https:\/\/centresmolina.com\/centreensenyament\/files\/2021\/02\/Tur\u00f3-de-la-Rovira-ESO2-11-1024x576.jpg 1024w, https:\/\/centresmolina.com\/centreensenyament\/files\/2021\/02\/Tur\u00f3-de-la-Rovira-ESO2-11-768x432.jpg 768w, https:\/\/centresmolina.com\/centreensenyament\/files\/2021\/02\/Tur\u00f3-de-la-Rovira-ESO2-11-1536x864.jpg 1536w, https:\/\/centresmolina.com\/centreensenyament\/files\/2021\/02\/Tur\u00f3-de-la-Rovira-ESO2-11-2048x1152.jpg 2048w\" sizes=\"auto, (max-width: 300px) 100vw, 300px\" \/><\/a>\n\t\t\t<\/dt><\/dl><dl class='gallery-item'>\n\t\t\t<dt class='gallery-icon landscape'>\n\t\t\t\t<a href='https:\/\/centresmolina.com\/centreensenyament\/files\/2021\/02\/Tur\u00f3-de-la-Rovira-ESO2-8-scaled.jpg'><img loading=\"lazy\" decoding=\"async\" width=\"300\" height=\"169\" src=\"https:\/\/centresmolina.com\/centreensenyament\/files\/2021\/02\/Tur\u00f3-de-la-Rovira-ESO2-8-300x169.jpg\" class=\"attachment-medium size-medium\" alt=\"\" srcset=\"https:\/\/centresmolina.com\/centreensenyament\/files\/2021\/02\/Tur\u00f3-de-la-Rovira-ESO2-8-300x169.jpg 300w, https:\/\/centresmolina.com\/centreensenyament\/files\/2021\/02\/Tur\u00f3-de-la-Rovira-ESO2-8-1024x576.jpg 1024w, https:\/\/centresmolina.com\/centreensenyament\/files\/2021\/02\/Tur\u00f3-de-la-Rovira-ESO2-8-768x432.jpg 768w, https:\/\/centresmolina.com\/centreensenyament\/files\/2021\/02\/Tur\u00f3-de-la-Rovira-ESO2-8-1536x864.jpg 1536w, https:\/\/centresmolina.com\/centreensenyament\/files\/2021\/02\/Tur\u00f3-de-la-Rovira-ESO2-8-2048x1152.jpg 2048w\" sizes=\"auto, (max-width: 300px) 100vw, 300px\" \/><\/a>\n\t\t\t<\/dt><\/dl><br style=\"clear: both\" \/>\n\t\t<\/div>\n\n<\/div>\n<div><span style=\"color: #073763\">Als b\u00fanquers van fer l&#8217;activitat d&#8217; Educaci\u00f3 Visual i Pl\u00e0stica : un dibuix&nbsp; de la ciutat en perspectiva c\u00f2nica amb diversos punts de fuga. <\/span><\/div>\n<div><\/div>\n<div><span style=\"color: #073763\">Tot i la boira, es va aconseguir !!!&nbsp;<\/span><\/div>\n","protected":false},"excerpt":{"rendered":"<p>Els alumnes d&#8217;ESO2 aquest mat\u00ed han fet un recorregut fins al Tur\u00f3 de la Rovira per fer un estudi matem\u00e0tic&#8230;<\/p>\n","protected":false},"author":3,"featured_media":14157,"comment_status":"closed","ping_status":"closed","sticky":false,"template":"","format":"standard","meta":{"footnotes":""},"categories":[5],"tags":[86,52,193,58,47,19,57,2808,55,2602,51,54,18,2957],"class_list":["post-14144","post","type-post","status-publish","format-standard","has-post-thumbnail","hentry","category-noticies","tag-2n-deso","tag-aprenentatge","tag-barcelona","tag-desenvolupament-personal-i-academic","tag-educacio-secundaria-obligatoria","tag-escola-molina","tag-estil-propi","tag-evp","tag-experiencia","tag-matematiques","tag-nivells-educatius","tag-orientacio-academica-i-professional","tag-sortida","tag-turo-de-la-rovira"],"yoast_head":"<!-- This site is optimized with the Yoast SEO plugin v27.2 - https:\/\/yoast.com\/product\/yoast-seo-wordpress\/ -->\n<title>Visita al Tur\u00f3 de la Rovira ESO2 - Centros de ense\u00f1anza<\/title>\n<meta name=\"robots\" content=\"index, follow, max-snippet:-1, max-image-preview:large, max-video-preview:-1\" \/>\n<link rel=\"canonical\" href=\"https:\/\/centresmolina.com\/centreensenyament\/2021\/02\/23\/visita-al-turo-de-la-rovira-eso2\/\" \/>\n<meta property=\"og:locale\" content=\"ca_ES\" \/>\n<meta property=\"og:type\" content=\"article\" \/>\n<meta property=\"og:title\" content=\"Visita al Tur\u00f3 de la Rovira ESO2 - Centros de ense\u00f1anza\" \/>\n<meta property=\"og:description\" content=\"Els alumnes d&#8217;ESO2 aquest mat\u00ed han fet un recorregut fins al Tur\u00f3 de la Rovira per fer un estudi matem\u00e0tic...\" \/>\n<meta property=\"og:url\" content=\"https:\/\/centresmolina.com\/centreensenyament\/2021\/02\/23\/visita-al-turo-de-la-rovira-eso2\/\" \/>\n<meta property=\"og:site_name\" content=\"Centros de ense\u00f1anza\" \/>\n<meta property=\"article:published_time\" content=\"2021-02-23T10:50:46+00:00\" \/>\n<meta property=\"article:modified_time\" content=\"2021-02-27T06:19:54+00:00\" \/>\n<meta property=\"og:image\" content=\"https:\/\/centresmolina.com\/centreensenyament\/files\/2021\/02\/Tur\u00f3-de-la-Rovira-ESO2-1-1-scaled.jpg\" \/>\n\t<meta property=\"og:image:width\" content=\"2560\" \/>\n\t<meta property=\"og:image:height\" content=\"1440\" \/>\n\t<meta property=\"og:image:type\" content=\"image\/jpeg\" \/>\n<meta name=\"author\" content=\"webmolina\" \/>\n<meta name=\"twitter:label1\" content=\"Escrit per\" \/>\n\t<meta name=\"twitter:data1\" content=\"webmolina\" \/>\n\t<meta name=\"twitter:label2\" content=\"Temps estimat de lectura\" \/>\n\t<meta name=\"twitter:data2\" content=\"1 minut\" \/>\n<script type=\"application\/ld+json\" class=\"yoast-schema-graph\">{\"@context\":\"https:\/\/schema.org\",\"@graph\":[{\"@type\":\"Article\",\"@id\":\"https:\/\/centresmolina.com\/centreensenyament\/2021\/02\/23\/visita-al-turo-de-la-rovira-eso2\/#article\",\"isPartOf\":{\"@id\":\"https:\/\/centresmolina.com\/centreensenyament\/2021\/02\/23\/visita-al-turo-de-la-rovira-eso2\/\"},\"author\":{\"name\":\"webmolina\",\"@id\":\"https:\/\/centresmolina.com\/centreensenyament\/#\/schema\/person\/308d85d274adff04b5c51d47e8aff6cc\"},\"headline\":\"Visita al Tur\u00f3 de la Rovira ESO2\",\"datePublished\":\"2021-02-23T10:50:46+00:00\",\"dateModified\":\"2021-02-27T06:19:54+00:00\",\"mainEntityOfPage\":{\"@id\":\"https:\/\/centresmolina.com\/centreensenyament\/2021\/02\/23\/visita-al-turo-de-la-rovira-eso2\/\"},\"wordCount\":213,\"image\":{\"@id\":\"https:\/\/centresmolina.com\/centreensenyament\/2021\/02\/23\/visita-al-turo-de-la-rovira-eso2\/#primaryimage\"},\"thumbnailUrl\":\"https:\/\/centresmolina.com\/centreensenyament\/files\/2021\/02\/Tur\u00f3-de-la-Rovira-ESO2-1-1-scaled.jpg\",\"keywords\":[\"2n d'ESO\",\"aprenentatge\",\"Barcelona\",\"desenvolupament personal i acad\u00e8mic\",\"educaci\u00f3 secund\u00e0ria obligat\u00f2ria\",\"Escola Molina\",\"estil propi\",\"EVP\",\"experi\u00e8ncia\",\"Matem\u00e0tiques\",\"nivells educatius\",\"orientaci\u00f3 acad\u00e8mica i professional\",\"Sortida\",\"Tur\u00f3 de la Rovira\"],\"articleSection\":[\"Not\u00edcies\"],\"inLanguage\":\"ca\"},{\"@type\":\"WebPage\",\"@id\":\"https:\/\/centresmolina.com\/centreensenyament\/2021\/02\/23\/visita-al-turo-de-la-rovira-eso2\/\",\"url\":\"https:\/\/centresmolina.com\/centreensenyament\/2021\/02\/23\/visita-al-turo-de-la-rovira-eso2\/\",\"name\":\"Visita al Tur\u00f3 de la Rovira ESO2 - Centros de ense\u00f1anza\",\"isPartOf\":{\"@id\":\"https:\/\/centresmolina.com\/centreensenyament\/#website\"},\"primaryImageOfPage\":{\"@id\":\"https:\/\/centresmolina.com\/centreensenyament\/2021\/02\/23\/visita-al-turo-de-la-rovira-eso2\/#primaryimage\"},\"image\":{\"@id\":\"https:\/\/centresmolina.com\/centreensenyament\/2021\/02\/23\/visita-al-turo-de-la-rovira-eso2\/#primaryimage\"},\"thumbnailUrl\":\"https:\/\/centresmolina.com\/centreensenyament\/files\/2021\/02\/Tur\u00f3-de-la-Rovira-ESO2-1-1-scaled.jpg\",\"datePublished\":\"2021-02-23T10:50:46+00:00\",\"dateModified\":\"2021-02-27T06:19:54+00:00\",\"author\":{\"@id\":\"https:\/\/centresmolina.com\/centreensenyament\/#\/schema\/person\/308d85d274adff04b5c51d47e8aff6cc\"},\"breadcrumb\":{\"@id\":\"https:\/\/centresmolina.com\/centreensenyament\/2021\/02\/23\/visita-al-turo-de-la-rovira-eso2\/#breadcrumb\"},\"inLanguage\":\"ca\",\"potentialAction\":[{\"@type\":\"ReadAction\",\"target\":[\"https:\/\/centresmolina.com\/centreensenyament\/2021\/02\/23\/visita-al-turo-de-la-rovira-eso2\/\"]}]},{\"@type\":\"ImageObject\",\"inLanguage\":\"ca\",\"@id\":\"https:\/\/centresmolina.com\/centreensenyament\/2021\/02\/23\/visita-al-turo-de-la-rovira-eso2\/#primaryimage\",\"url\":\"https:\/\/centresmolina.com\/centreensenyament\/files\/2021\/02\/Tur\u00f3-de-la-Rovira-ESO2-1-1-scaled.jpg\",\"contentUrl\":\"https:\/\/centresmolina.com\/centreensenyament\/files\/2021\/02\/Tur\u00f3-de-la-Rovira-ESO2-1-1-scaled.jpg\",\"width\":2560,\"height\":1440},{\"@type\":\"BreadcrumbList\",\"@id\":\"https:\/\/centresmolina.com\/centreensenyament\/2021\/02\/23\/visita-al-turo-de-la-rovira-eso2\/#breadcrumb\",\"itemListElement\":[{\"@type\":\"ListItem\",\"position\":1,\"name\":\"Portada\",\"item\":\"https:\/\/centresmolina.com\/centreensenyament\/\"},{\"@type\":\"ListItem\",\"position\":2,\"name\":\"Visita al Tur\u00f3 de la Rovira ESO2\"}]},{\"@type\":\"WebSite\",\"@id\":\"https:\/\/centresmolina.com\/centreensenyament\/#website\",\"url\":\"https:\/\/centresmolina.com\/centreensenyament\/\",\"name\":\"Centros de ense\u00f1anza\",\"description\":\"Centres Molina - Centros de ense\u00f1anza\",\"potentialAction\":[{\"@type\":\"SearchAction\",\"target\":{\"@type\":\"EntryPoint\",\"urlTemplate\":\"https:\/\/centresmolina.com\/centreensenyament\/?s={search_term_string}\"},\"query-input\":{\"@type\":\"PropertyValueSpecification\",\"valueRequired\":true,\"valueName\":\"search_term_string\"}}],\"inLanguage\":\"ca\"},{\"@type\":\"Person\",\"@id\":\"https:\/\/centresmolina.com\/centreensenyament\/#\/schema\/person\/308d85d274adff04b5c51d47e8aff6cc\",\"name\":\"webmolina\",\"image\":{\"@type\":\"ImageObject\",\"inLanguage\":\"ca\",\"@id\":\"https:\/\/secure.gravatar.com\/avatar\/38db407e1ab9b284bf45e3bff4ec5cf1e034e364f09b2ee054619614662a717b?s=96&d=mm&r=g\",\"url\":\"https:\/\/secure.gravatar.com\/avatar\/38db407e1ab9b284bf45e3bff4ec5cf1e034e364f09b2ee054619614662a717b?s=96&d=mm&r=g\",\"contentUrl\":\"https:\/\/secure.gravatar.com\/avatar\/38db407e1ab9b284bf45e3bff4ec5cf1e034e364f09b2ee054619614662a717b?s=96&d=mm&r=g\",\"caption\":\"webmolina\"},\"url\":\"https:\/\/centresmolina.com\/centreensenyament\/author\/webmolina\/\"}]}<\/script>\n<!-- \/ Yoast SEO plugin. -->","yoast_head_json":{"title":"Visita al Tur\u00f3 de la Rovira ESO2 - Centros de ense\u00f1anza","robots":{"index":"index","follow":"follow","max-snippet":"max-snippet:-1","max-image-preview":"max-image-preview:large","max-video-preview":"max-video-preview:-1"},"canonical":"https:\/\/centresmolina.com\/centreensenyament\/2021\/02\/23\/visita-al-turo-de-la-rovira-eso2\/","og_locale":"ca_ES","og_type":"article","og_title":"Visita al Tur\u00f3 de la Rovira ESO2 - Centros de ense\u00f1anza","og_description":"Els alumnes d&#8217;ESO2 aquest mat\u00ed han fet un recorregut fins al Tur\u00f3 de la Rovira per fer un estudi matem\u00e0tic...","og_url":"https:\/\/centresmolina.com\/centreensenyament\/2021\/02\/23\/visita-al-turo-de-la-rovira-eso2\/","og_site_name":"Centros de ense\u00f1anza","article_published_time":"2021-02-23T10:50:46+00:00","article_modified_time":"2021-02-27T06:19:54+00:00","og_image":[{"width":2560,"height":1440,"url":"https:\/\/centresmolina.com\/centreensenyament\/files\/2021\/02\/Tur\u00f3-de-la-Rovira-ESO2-1-1-scaled.jpg","type":"image\/jpeg"}],"author":"webmolina","twitter_misc":{"Escrit per":"webmolina","Temps estimat de lectura":"1 minut"},"schema":{"@context":"https:\/\/schema.org","@graph":[{"@type":"Article","@id":"https:\/\/centresmolina.com\/centreensenyament\/2021\/02\/23\/visita-al-turo-de-la-rovira-eso2\/#article","isPartOf":{"@id":"https:\/\/centresmolina.com\/centreensenyament\/2021\/02\/23\/visita-al-turo-de-la-rovira-eso2\/"},"author":{"name":"webmolina","@id":"https:\/\/centresmolina.com\/centreensenyament\/#\/schema\/person\/308d85d274adff04b5c51d47e8aff6cc"},"headline":"Visita al Tur\u00f3 de la Rovira ESO2","datePublished":"2021-02-23T10:50:46+00:00","dateModified":"2021-02-27T06:19:54+00:00","mainEntityOfPage":{"@id":"https:\/\/centresmolina.com\/centreensenyament\/2021\/02\/23\/visita-al-turo-de-la-rovira-eso2\/"},"wordCount":213,"image":{"@id":"https:\/\/centresmolina.com\/centreensenyament\/2021\/02\/23\/visita-al-turo-de-la-rovira-eso2\/#primaryimage"},"thumbnailUrl":"https:\/\/centresmolina.com\/centreensenyament\/files\/2021\/02\/Tur\u00f3-de-la-Rovira-ESO2-1-1-scaled.jpg","keywords":["2n d'ESO","aprenentatge","Barcelona","desenvolupament personal i acad\u00e8mic","educaci\u00f3 secund\u00e0ria obligat\u00f2ria","Escola Molina","estil propi","EVP","experi\u00e8ncia","Matem\u00e0tiques","nivells educatius","orientaci\u00f3 acad\u00e8mica i professional","Sortida","Tur\u00f3 de la Rovira"],"articleSection":["Not\u00edcies"],"inLanguage":"ca"},{"@type":"WebPage","@id":"https:\/\/centresmolina.com\/centreensenyament\/2021\/02\/23\/visita-al-turo-de-la-rovira-eso2\/","url":"https:\/\/centresmolina.com\/centreensenyament\/2021\/02\/23\/visita-al-turo-de-la-rovira-eso2\/","name":"Visita al Tur\u00f3 de la Rovira ESO2 - Centros de ense\u00f1anza","isPartOf":{"@id":"https:\/\/centresmolina.com\/centreensenyament\/#website"},"primaryImageOfPage":{"@id":"https:\/\/centresmolina.com\/centreensenyament\/2021\/02\/23\/visita-al-turo-de-la-rovira-eso2\/#primaryimage"},"image":{"@id":"https:\/\/centresmolina.com\/centreensenyament\/2021\/02\/23\/visita-al-turo-de-la-rovira-eso2\/#primaryimage"},"thumbnailUrl":"https:\/\/centresmolina.com\/centreensenyament\/files\/2021\/02\/Tur\u00f3-de-la-Rovira-ESO2-1-1-scaled.jpg","datePublished":"2021-02-23T10:50:46+00:00","dateModified":"2021-02-27T06:19:54+00:00","author":{"@id":"https:\/\/centresmolina.com\/centreensenyament\/#\/schema\/person\/308d85d274adff04b5c51d47e8aff6cc"},"breadcrumb":{"@id":"https:\/\/centresmolina.com\/centreensenyament\/2021\/02\/23\/visita-al-turo-de-la-rovira-eso2\/#breadcrumb"},"inLanguage":"ca","potentialAction":[{"@type":"ReadAction","target":["https:\/\/centresmolina.com\/centreensenyament\/2021\/02\/23\/visita-al-turo-de-la-rovira-eso2\/"]}]},{"@type":"ImageObject","inLanguage":"ca","@id":"https:\/\/centresmolina.com\/centreensenyament\/2021\/02\/23\/visita-al-turo-de-la-rovira-eso2\/#primaryimage","url":"https:\/\/centresmolina.com\/centreensenyament\/files\/2021\/02\/Tur\u00f3-de-la-Rovira-ESO2-1-1-scaled.jpg","contentUrl":"https:\/\/centresmolina.com\/centreensenyament\/files\/2021\/02\/Tur\u00f3-de-la-Rovira-ESO2-1-1-scaled.jpg","width":2560,"height":1440},{"@type":"BreadcrumbList","@id":"https:\/\/centresmolina.com\/centreensenyament\/2021\/02\/23\/visita-al-turo-de-la-rovira-eso2\/#breadcrumb","itemListElement":[{"@type":"ListItem","position":1,"name":"Portada","item":"https:\/\/centresmolina.com\/centreensenyament\/"},{"@type":"ListItem","position":2,"name":"Visita al Tur\u00f3 de la Rovira ESO2"}]},{"@type":"WebSite","@id":"https:\/\/centresmolina.com\/centreensenyament\/#website","url":"https:\/\/centresmolina.com\/centreensenyament\/","name":"Centros de ense\u00f1anza","description":"Centres Molina - Centros de ense\u00f1anza","potentialAction":[{"@type":"SearchAction","target":{"@type":"EntryPoint","urlTemplate":"https:\/\/centresmolina.com\/centreensenyament\/?s={search_term_string}"},"query-input":{"@type":"PropertyValueSpecification","valueRequired":true,"valueName":"search_term_string"}}],"inLanguage":"ca"},{"@type":"Person","@id":"https:\/\/centresmolina.com\/centreensenyament\/#\/schema\/person\/308d85d274adff04b5c51d47e8aff6cc","name":"webmolina","image":{"@type":"ImageObject","inLanguage":"ca","@id":"https:\/\/secure.gravatar.com\/avatar\/38db407e1ab9b284bf45e3bff4ec5cf1e034e364f09b2ee054619614662a717b?s=96&d=mm&r=g","url":"https:\/\/secure.gravatar.com\/avatar\/38db407e1ab9b284bf45e3bff4ec5cf1e034e364f09b2ee054619614662a717b?s=96&d=mm&r=g","contentUrl":"https:\/\/secure.gravatar.com\/avatar\/38db407e1ab9b284bf45e3bff4ec5cf1e034e364f09b2ee054619614662a717b?s=96&d=mm&r=g","caption":"webmolina"},"url":"https:\/\/centresmolina.com\/centreensenyament\/author\/webmolina\/"}]}},"_links":{"self":[{"href":"https:\/\/centresmolina.com\/centreensenyament\/wp-json\/wp\/v2\/posts\/14144","targetHints":{"allow":["GET"]}}],"collection":[{"href":"https:\/\/centresmolina.com\/centreensenyament\/wp-json\/wp\/v2\/posts"}],"about":[{"href":"https:\/\/centresmolina.com\/centreensenyament\/wp-json\/wp\/v2\/types\/post"}],"author":[{"embeddable":true,"href":"https:\/\/centresmolina.com\/centreensenyament\/wp-json\/wp\/v2\/users\/3"}],"replies":[{"embeddable":true,"href":"https:\/\/centresmolina.com\/centreensenyament\/wp-json\/wp\/v2\/comments?post=14144"}],"version-history":[{"count":2,"href":"https:\/\/centresmolina.com\/centreensenyament\/wp-json\/wp\/v2\/posts\/14144\/revisions"}],"predecessor-version":[{"id":14174,"href":"https:\/\/centresmolina.com\/centreensenyament\/wp-json\/wp\/v2\/posts\/14144\/revisions\/14174"}],"wp:featuredmedia":[{"embeddable":true,"href":"https:\/\/centresmolina.com\/centreensenyament\/wp-json\/wp\/v2\/media\/14157"}],"wp:attachment":[{"href":"https:\/\/centresmolina.com\/centreensenyament\/wp-json\/wp\/v2\/media?parent=14144"}],"wp:term":[{"taxonomy":"category","embeddable":true,"href":"https:\/\/centresmolina.com\/centreensenyament\/wp-json\/wp\/v2\/categories?post=14144"},{"taxonomy":"post_tag","embeddable":true,"href":"https:\/\/centresmolina.com\/centreensenyament\/wp-json\/wp\/v2\/tags?post=14144"}],"curies":[{"name":"wp","href":"https:\/\/api.w.org\/{rel}","templated":true}]}}