{"id":19768,"date":"2024-02-28T07:52:11","date_gmt":"2024-02-28T07:52:11","guid":{"rendered":"https:\/\/centresmolina.com\/centreensenyament\/?p=19768"},"modified":"2024-02-28T07:52:11","modified_gmt":"2024-02-28T07:52:11","slug":"1eso-es-converteix-en-cientific-per-un-dia","status":"publish","type":"post","link":"https:\/\/centresmolina.com\/centreensenyament\/2024\/02\/28\/1eso-es-converteix-en-cientific-per-un-dia\/","title":{"rendered":"1ESO es converteix en cient\u00edfic per un dia"},"content":{"rendered":"<p>El nostre grup de primer d&#8217;ESO va realitzar el taller <em>Cient\u00edfic per un dia<\/em> al Zoo de Barcelona i aix\u00ed con\u00e8ixer les vocacions cient\u00edfiques que treballen di\u00e0riament per al benestar animal i la conservaci\u00f3 de la biodiversitat.<\/p>\n\n\t\t<style type=\"text\/css\">\n\t\t\t#gallery-1 {\n\t\t\t\tmargin: auto;\n\t\t\t}\n\t\t\t#gallery-1 .gallery-item {\n\t\t\t\tfloat: left;\n\t\t\t\tmargin-top: 10px;\n\t\t\t\ttext-align: center;\n\t\t\t\twidth: 50%;\n\t\t\t}\n\t\t\t#gallery-1 img {\n\t\t\t\tborder: 2px solid #cfcfcf;\n\t\t\t}\n\t\t\t#gallery-1 .gallery-caption {\n\t\t\t\tmargin-left: 0;\n\t\t\t}\n\t\t\t\/* see gallery_shortcode() in wp-includes\/media.php *\/\n\t\t<\/style>\n\t\t<div id='gallery-1' class='gallery galleryid-19768 gallery-columns-2 gallery-size-large'><dl class='gallery-item'>\n\t\t\t<dt class='gallery-icon landscape'>\n\t\t\t\t<a href='https:\/\/centresmolina.com\/centreensenyament\/2024\/02\/28\/1eso-es-converteix-en-cientific-per-un-dia\/zoo-01\/'><img loading=\"lazy\" decoding=\"async\" width=\"1024\" height=\"768\" src=\"https:\/\/centresmolina.com\/centreensenyament\/files\/2024\/02\/Zoo-01-1024x768.jpg\" class=\"attachment-large size-large\" alt=\"\" srcset=\"https:\/\/centresmolina.com\/centreensenyament\/files\/2024\/02\/Zoo-01-1024x768.jpg 1024w, https:\/\/centresmolina.com\/centreensenyament\/files\/2024\/02\/Zoo-01-300x225.jpg 300w, https:\/\/centresmolina.com\/centreensenyament\/files\/2024\/02\/Zoo-01-768x576.jpg 768w, https:\/\/centresmolina.com\/centreensenyament\/files\/2024\/02\/Zoo-01.jpg 1280w\" sizes=\"auto, (max-width: 1024px) 100vw, 1024px\" \/><\/a>\n\t\t\t<\/dt><\/dl><dl class='gallery-item'>\n\t\t\t<dt class='gallery-icon landscape'>\n\t\t\t\t<a href='https:\/\/centresmolina.com\/centreensenyament\/2024\/02\/28\/1eso-es-converteix-en-cientific-per-un-dia\/zoo-02\/'><img loading=\"lazy\" decoding=\"async\" width=\"1024\" height=\"768\" src=\"https:\/\/centresmolina.com\/centreensenyament\/files\/2024\/02\/Zoo-02-1024x768.jpg\" class=\"attachment-large size-large\" alt=\"\" srcset=\"https:\/\/centresmolina.com\/centreensenyament\/files\/2024\/02\/Zoo-02-1024x768.jpg 1024w, https:\/\/centresmolina.com\/centreensenyament\/files\/2024\/02\/Zoo-02-300x225.jpg 300w, https:\/\/centresmolina.com\/centreensenyament\/files\/2024\/02\/Zoo-02-768x576.jpg 768w, https:\/\/centresmolina.com\/centreensenyament\/files\/2024\/02\/Zoo-02.jpg 1280w\" sizes=\"auto, (max-width: 1024px) 100vw, 1024px\" \/><\/a>\n\t\t\t<\/dt><\/dl><br style=\"clear: both\" \/>\n\t\t<\/div>\n\n<p>Els centres de fauna salvatge, i els zoos en particular, estan carregats de professions cient\u00ed\ufb01ques (bi\u00f2legs, veterinaris, et\u00f2legs, ambient\u00f2legs, arquitectes, educadors,&#8230; ). Tot \u00e9s ci\u00e8ncia! Des de la construcci\u00f3 de l\u2019h\u00e0bitat natural, a la cura de l\u2019animal o la gesti\u00f3 d\u2019una esp\u00e8cie.<\/p>\n<p>L&#8217;objetiu del taller s\u00f3n:<br \/>\n* Descobriment de la vida animal.<br \/>\n* Observaci\u00f3 de les diferents professions dels centres de fauna.<br \/>\n* Aprenentatge de la quotidianitat i complexitat dels centres de fauna i la ci\u00e8ncia que s\u2019hi du a terme.<br \/>\n* Fomentar les professions cient\u00ed\ufb01ques.<\/p>\n<p>La salut i el benestar animal es refereixen al bon estat f\u00edsic i emocional dels animals. Implica proporcionar-los alimentaci\u00f3 adequada, aigua, habitatge c\u00f2mode i atenci\u00f3 veterin\u00e0ria. Assegurar el seu benestar no nom\u00e9s \u00e9s \u00e8tic, sin\u00f3 tamb\u00e9 crucial per a l&#8217;equilibri dels ecosistemes.<\/p>\n<p>Quan van acabar el taller, els nostres alumnes van tenir una estoneta per fer una visita guiada pel recinte del zool\u00f2gic.<\/p>\n\n\t\t<style type=\"text\/css\">\n\t\t\t#gallery-2 {\n\t\t\t\tmargin: auto;\n\t\t\t}\n\t\t\t#gallery-2 .gallery-item {\n\t\t\t\tfloat: left;\n\t\t\t\tmargin-top: 10px;\n\t\t\t\ttext-align: center;\n\t\t\t\twidth: 33%;\n\t\t\t}\n\t\t\t#gallery-2 img {\n\t\t\t\tborder: 2px solid #cfcfcf;\n\t\t\t}\n\t\t\t#gallery-2 .gallery-caption {\n\t\t\t\tmargin-left: 0;\n\t\t\t}\n\t\t\t\/* see gallery_shortcode() in wp-includes\/media.php *\/\n\t\t<\/style>\n\t\t<div id='gallery-2' class='gallery galleryid-19768 gallery-columns-3 gallery-size-large'><dl class='gallery-item'>\n\t\t\t<dt class='gallery-icon landscape'>\n\t\t\t\t<a href='https:\/\/centresmolina.com\/centreensenyament\/2024\/02\/28\/1eso-es-converteix-en-cientific-per-un-dia\/zoo-03\/'><img loading=\"lazy\" decoding=\"async\" width=\"1024\" height=\"768\" src=\"https:\/\/centresmolina.com\/centreensenyament\/files\/2024\/02\/Zoo-03-1024x768.jpg\" class=\"attachment-large size-large\" alt=\"\" srcset=\"https:\/\/centresmolina.com\/centreensenyament\/files\/2024\/02\/Zoo-03-1024x768.jpg 1024w, https:\/\/centresmolina.com\/centreensenyament\/files\/2024\/02\/Zoo-03-300x225.jpg 300w, https:\/\/centresmolina.com\/centreensenyament\/files\/2024\/02\/Zoo-03-768x576.jpg 768w, https:\/\/centresmolina.com\/centreensenyament\/files\/2024\/02\/Zoo-03.jpg 1280w\" sizes=\"auto, (max-width: 1024px) 100vw, 1024px\" \/><\/a>\n\t\t\t<\/dt><\/dl><dl class='gallery-item'>\n\t\t\t<dt class='gallery-icon landscape'>\n\t\t\t\t<a href='https:\/\/centresmolina.com\/centreensenyament\/2024\/02\/28\/1eso-es-converteix-en-cientific-per-un-dia\/zoo-04\/'><img loading=\"lazy\" decoding=\"async\" width=\"1024\" height=\"768\" src=\"https:\/\/centresmolina.com\/centreensenyament\/files\/2024\/02\/Zoo-04-1024x768.jpg\" class=\"attachment-large size-large\" alt=\"\" srcset=\"https:\/\/centresmolina.com\/centreensenyament\/files\/2024\/02\/Zoo-04-1024x768.jpg 1024w, https:\/\/centresmolina.com\/centreensenyament\/files\/2024\/02\/Zoo-04-300x225.jpg 300w, https:\/\/centresmolina.com\/centreensenyament\/files\/2024\/02\/Zoo-04-768x576.jpg 768w, https:\/\/centresmolina.com\/centreensenyament\/files\/2024\/02\/Zoo-04.jpg 1280w\" sizes=\"auto, (max-width: 1024px) 100vw, 1024px\" \/><\/a>\n\t\t\t<\/dt><\/dl><dl class='gallery-item'>\n\t\t\t<dt class='gallery-icon landscape'>\n\t\t\t\t<a href='https:\/\/centresmolina.com\/centreensenyament\/2024\/02\/28\/1eso-es-converteix-en-cientific-per-un-dia\/zoo-05\/'><img loading=\"lazy\" decoding=\"async\" width=\"1024\" height=\"768\" src=\"https:\/\/centresmolina.com\/centreensenyament\/files\/2024\/02\/Zoo-05-1024x768.jpg\" class=\"attachment-large size-large\" alt=\"\" srcset=\"https:\/\/centresmolina.com\/centreensenyament\/files\/2024\/02\/Zoo-05-1024x768.jpg 1024w, https:\/\/centresmolina.com\/centreensenyament\/files\/2024\/02\/Zoo-05-300x225.jpg 300w, https:\/\/centresmolina.com\/centreensenyament\/files\/2024\/02\/Zoo-05-768x576.jpg 768w, https:\/\/centresmolina.com\/centreensenyament\/files\/2024\/02\/Zoo-05.jpg 1280w\" sizes=\"auto, (max-width: 1024px) 100vw, 1024px\" \/><\/a>\n\t\t\t<\/dt><\/dl><br style=\"clear: both\" \/><dl class='gallery-item'>\n\t\t\t<dt class='gallery-icon landscape'>\n\t\t\t\t<a href='https:\/\/centresmolina.com\/centreensenyament\/2024\/02\/28\/1eso-es-converteix-en-cientific-per-un-dia\/zoo-06\/'><img loading=\"lazy\" decoding=\"async\" width=\"1024\" height=\"768\" src=\"https:\/\/centresmolina.com\/centreensenyament\/files\/2024\/02\/Zoo-06-1024x768.jpg\" class=\"attachment-large size-large\" alt=\"\" srcset=\"https:\/\/centresmolina.com\/centreensenyament\/files\/2024\/02\/Zoo-06-1024x768.jpg 1024w, https:\/\/centresmolina.com\/centreensenyament\/files\/2024\/02\/Zoo-06-300x225.jpg 300w, https:\/\/centresmolina.com\/centreensenyament\/files\/2024\/02\/Zoo-06-768x576.jpg 768w, https:\/\/centresmolina.com\/centreensenyament\/files\/2024\/02\/Zoo-06.jpg 1280w\" sizes=\"auto, (max-width: 1024px) 100vw, 1024px\" \/><\/a>\n\t\t\t<\/dt><\/dl><dl class='gallery-item'>\n\t\t\t<dt class='gallery-icon landscape'>\n\t\t\t\t<a href='https:\/\/centresmolina.com\/centreensenyament\/2024\/02\/28\/1eso-es-converteix-en-cientific-per-un-dia\/zoo-07\/'><img loading=\"lazy\" decoding=\"async\" width=\"1024\" height=\"768\" src=\"https:\/\/centresmolina.com\/centreensenyament\/files\/2024\/02\/Zoo-07-1024x768.jpg\" class=\"attachment-large size-large\" alt=\"\" srcset=\"https:\/\/centresmolina.com\/centreensenyament\/files\/2024\/02\/Zoo-07-1024x768.jpg 1024w, https:\/\/centresmolina.com\/centreensenyament\/files\/2024\/02\/Zoo-07-300x225.jpg 300w, https:\/\/centresmolina.com\/centreensenyament\/files\/2024\/02\/Zoo-07-768x576.jpg 768w, https:\/\/centresmolina.com\/centreensenyament\/files\/2024\/02\/Zoo-07.jpg 1280w\" sizes=\"auto, (max-width: 1024px) 100vw, 1024px\" \/><\/a>\n\t\t\t<\/dt><\/dl><dl class='gallery-item'>\n\t\t\t<dt class='gallery-icon landscape'>\n\t\t\t\t<a href='https:\/\/centresmolina.com\/centreensenyament\/2024\/02\/28\/1eso-es-converteix-en-cientific-per-un-dia\/zoo-08\/'><img loading=\"lazy\" decoding=\"async\" width=\"1024\" height=\"768\" src=\"https:\/\/centresmolina.com\/centreensenyament\/files\/2024\/02\/Zoo-08-1024x768.jpg\" class=\"attachment-large size-large\" alt=\"\" srcset=\"https:\/\/centresmolina.com\/centreensenyament\/files\/2024\/02\/Zoo-08-1024x768.jpg 1024w, https:\/\/centresmolina.com\/centreensenyament\/files\/2024\/02\/Zoo-08-300x225.jpg 300w, https:\/\/centresmolina.com\/centreensenyament\/files\/2024\/02\/Zoo-08-768x576.jpg 768w, https:\/\/centresmolina.com\/centreensenyament\/files\/2024\/02\/Zoo-08.jpg 1280w\" sizes=\"auto, (max-width: 1024px) 100vw, 1024px\" \/><\/a>\n\t\t\t<\/dt><\/dl><br style=\"clear: both\" \/>\n\t\t<\/div>\n\n","protected":false},"excerpt":{"rendered":"<p>El nostre grup de primer d&#8217;ESO va realitzar el taller Cient\u00edfic per un dia al Zoo de Barcelona i aix\u00ed&#8230;<\/p>\n","protected":false},"author":3,"featured_media":19785,"comment_status":"closed","ping_status":"closed","sticky":false,"template":"","format":"standard","meta":{"footnotes":""},"categories":[5],"tags":[102,2806,193,116,2689,3019,58,45,47,43,19,24,57,55,46,44,18,120],"class_list":["post-19768","post","type-post","status-publish","format-standard","has-post-thumbnail","hentry","category-noticies","tag-1r-deso","tag-aprenentage","tag-barcelona","tag-biologia","tag-centres-molina","tag-ciencia","tag-desenvolupament-personal-i-academic","tag-educacio","tag-educacio-secundaria-obligatoria","tag-escola","tag-escola-molina","tag-eso","tag-estil-propi","tag-experiencia","tag-formacio","tag-molina","tag-sortida","tag-taller"],"yoast_head":"<!-- This site is optimized with the Yoast SEO plugin v27.2 - https:\/\/yoast.com\/product\/yoast-seo-wordpress\/ -->\n<title>1ESO es converteix en cient\u00edfic per un dia - Centros de ense\u00f1anza<\/title>\n<meta name=\"robots\" content=\"index, follow, max-snippet:-1, max-image-preview:large, max-video-preview:-1\" \/>\n<link rel=\"canonical\" href=\"https:\/\/centresmolina.com\/centreensenyament\/2024\/02\/28\/1eso-es-converteix-en-cientific-per-un-dia\/\" \/>\n<meta property=\"og:locale\" content=\"ca_ES\" \/>\n<meta property=\"og:type\" content=\"article\" \/>\n<meta property=\"og:title\" content=\"1ESO es converteix en cient\u00edfic per un dia - Centros de ense\u00f1anza\" \/>\n<meta property=\"og:description\" content=\"El nostre grup de primer d&#8217;ESO va realitzar el taller Cient\u00edfic per un dia al Zoo de Barcelona i aix\u00ed...\" \/>\n<meta property=\"og:url\" content=\"https:\/\/centresmolina.com\/centreensenyament\/2024\/02\/28\/1eso-es-converteix-en-cientific-per-un-dia\/\" \/>\n<meta property=\"og:site_name\" content=\"Centros de ense\u00f1anza\" \/>\n<meta property=\"article:published_time\" content=\"2024-02-28T07:52:11+00:00\" \/>\n<meta property=\"og:image\" content=\"http:\/\/centresmolina.com\/centreensenyament\/files\/2024\/02\/Zoo.jpg\" \/>\n\t<meta property=\"og:image:width\" content=\"1280\" \/>\n\t<meta property=\"og:image:height\" content=\"960\" \/>\n\t<meta property=\"og:image:type\" content=\"image\/jpeg\" \/>\n<meta name=\"author\" content=\"webmolina\" \/>\n<meta name=\"twitter:label1\" content=\"Escrit per\" \/>\n\t<meta name=\"twitter:data1\" content=\"webmolina\" \/>\n<script type=\"application\/ld+json\" class=\"yoast-schema-graph\">{\"@context\":\"https:\/\/schema.org\",\"@graph\":[{\"@type\":\"Article\",\"@id\":\"https:\/\/centresmolina.com\/centreensenyament\/2024\/02\/28\/1eso-es-converteix-en-cientific-per-un-dia\/#article\",\"isPartOf\":{\"@id\":\"https:\/\/centresmolina.com\/centreensenyament\/2024\/02\/28\/1eso-es-converteix-en-cientific-per-un-dia\/\"},\"author\":{\"name\":\"webmolina\",\"@id\":\"https:\/\/centresmolina.com\/centreensenyament\/#\/schema\/person\/308d85d274adff04b5c51d47e8aff6cc\"},\"headline\":\"1ESO es converteix en cient\u00edfic per un dia\",\"datePublished\":\"2024-02-28T07:52:11+00:00\",\"mainEntityOfPage\":{\"@id\":\"https:\/\/centresmolina.com\/centreensenyament\/2024\/02\/28\/1eso-es-converteix-en-cientific-per-un-dia\/\"},\"wordCount\":222,\"image\":{\"@id\":\"https:\/\/centresmolina.com\/centreensenyament\/2024\/02\/28\/1eso-es-converteix-en-cientific-per-un-dia\/#primaryimage\"},\"thumbnailUrl\":\"https:\/\/centresmolina.com\/centreensenyament\/files\/2024\/02\/Zoo.jpg\",\"keywords\":[\"1r d'ESO\",\"Aprenentage\",\"Barcelona\",\"Biologia\",\"Centres Molina\",\"ci\u00e8ncia\",\"desenvolupament personal i acad\u00e8mic\",\"educaci\u00f3\",\"educaci\u00f3 secund\u00e0ria obligat\u00f2ria\",\"Escola\",\"Escola Molina\",\"ESO\",\"estil propi\",\"experi\u00e8ncia\",\"formaci\u00f3\",\"Molina\",\"Sortida\",\"taller\"],\"articleSection\":[\"Not\u00edcies\"],\"inLanguage\":\"ca\"},{\"@type\":\"WebPage\",\"@id\":\"https:\/\/centresmolina.com\/centreensenyament\/2024\/02\/28\/1eso-es-converteix-en-cientific-per-un-dia\/\",\"url\":\"https:\/\/centresmolina.com\/centreensenyament\/2024\/02\/28\/1eso-es-converteix-en-cientific-per-un-dia\/\",\"name\":\"1ESO es converteix en cient\u00edfic per un dia - Centros de ense\u00f1anza\",\"isPartOf\":{\"@id\":\"https:\/\/centresmolina.com\/centreensenyament\/#website\"},\"primaryImageOfPage\":{\"@id\":\"https:\/\/centresmolina.com\/centreensenyament\/2024\/02\/28\/1eso-es-converteix-en-cientific-per-un-dia\/#primaryimage\"},\"image\":{\"@id\":\"https:\/\/centresmolina.com\/centreensenyament\/2024\/02\/28\/1eso-es-converteix-en-cientific-per-un-dia\/#primaryimage\"},\"thumbnailUrl\":\"https:\/\/centresmolina.com\/centreensenyament\/files\/2024\/02\/Zoo.jpg\",\"datePublished\":\"2024-02-28T07:52:11+00:00\",\"author\":{\"@id\":\"https:\/\/centresmolina.com\/centreensenyament\/#\/schema\/person\/308d85d274adff04b5c51d47e8aff6cc\"},\"breadcrumb\":{\"@id\":\"https:\/\/centresmolina.com\/centreensenyament\/2024\/02\/28\/1eso-es-converteix-en-cientific-per-un-dia\/#breadcrumb\"},\"inLanguage\":\"ca\",\"potentialAction\":[{\"@type\":\"ReadAction\",\"target\":[\"https:\/\/centresmolina.com\/centreensenyament\/2024\/02\/28\/1eso-es-converteix-en-cientific-per-un-dia\/\"]}]},{\"@type\":\"ImageObject\",\"inLanguage\":\"ca\",\"@id\":\"https:\/\/centresmolina.com\/centreensenyament\/2024\/02\/28\/1eso-es-converteix-en-cientific-per-un-dia\/#primaryimage\",\"url\":\"https:\/\/centresmolina.com\/centreensenyament\/files\/2024\/02\/Zoo.jpg\",\"contentUrl\":\"https:\/\/centresmolina.com\/centreensenyament\/files\/2024\/02\/Zoo.jpg\",\"width\":1280,\"height\":960},{\"@type\":\"BreadcrumbList\",\"@id\":\"https:\/\/centresmolina.com\/centreensenyament\/2024\/02\/28\/1eso-es-converteix-en-cientific-per-un-dia\/#breadcrumb\",\"itemListElement\":[{\"@type\":\"ListItem\",\"position\":1,\"name\":\"Portada\",\"item\":\"https:\/\/centresmolina.com\/centreensenyament\/\"},{\"@type\":\"ListItem\",\"position\":2,\"name\":\"1ESO es converteix en cient\u00edfic per un dia\"}]},{\"@type\":\"WebSite\",\"@id\":\"https:\/\/centresmolina.com\/centreensenyament\/#website\",\"url\":\"https:\/\/centresmolina.com\/centreensenyament\/\",\"name\":\"Centros de ense\u00f1anza\",\"description\":\"Centres Molina - Centros de ense\u00f1anza\",\"potentialAction\":[{\"@type\":\"SearchAction\",\"target\":{\"@type\":\"EntryPoint\",\"urlTemplate\":\"https:\/\/centresmolina.com\/centreensenyament\/?s={search_term_string}\"},\"query-input\":{\"@type\":\"PropertyValueSpecification\",\"valueRequired\":true,\"valueName\":\"search_term_string\"}}],\"inLanguage\":\"ca\"},{\"@type\":\"Person\",\"@id\":\"https:\/\/centresmolina.com\/centreensenyament\/#\/schema\/person\/308d85d274adff04b5c51d47e8aff6cc\",\"name\":\"webmolina\",\"image\":{\"@type\":\"ImageObject\",\"inLanguage\":\"ca\",\"@id\":\"https:\/\/secure.gravatar.com\/avatar\/38db407e1ab9b284bf45e3bff4ec5cf1e034e364f09b2ee054619614662a717b?s=96&d=mm&r=g\",\"url\":\"https:\/\/secure.gravatar.com\/avatar\/38db407e1ab9b284bf45e3bff4ec5cf1e034e364f09b2ee054619614662a717b?s=96&d=mm&r=g\",\"contentUrl\":\"https:\/\/secure.gravatar.com\/avatar\/38db407e1ab9b284bf45e3bff4ec5cf1e034e364f09b2ee054619614662a717b?s=96&d=mm&r=g\",\"caption\":\"webmolina\"},\"url\":\"https:\/\/centresmolina.com\/centreensenyament\/author\/webmolina\/\"}]}<\/script>\n<!-- \/ Yoast SEO plugin. -->","yoast_head_json":{"title":"1ESO es converteix en cient\u00edfic per un dia - Centros de ense\u00f1anza","robots":{"index":"index","follow":"follow","max-snippet":"max-snippet:-1","max-image-preview":"max-image-preview:large","max-video-preview":"max-video-preview:-1"},"canonical":"https:\/\/centresmolina.com\/centreensenyament\/2024\/02\/28\/1eso-es-converteix-en-cientific-per-un-dia\/","og_locale":"ca_ES","og_type":"article","og_title":"1ESO es converteix en cient\u00edfic per un dia - Centros de ense\u00f1anza","og_description":"El nostre grup de primer d&#8217;ESO va realitzar el taller Cient\u00edfic per un dia al Zoo de Barcelona i aix\u00ed...","og_url":"https:\/\/centresmolina.com\/centreensenyament\/2024\/02\/28\/1eso-es-converteix-en-cientific-per-un-dia\/","og_site_name":"Centros de ense\u00f1anza","article_published_time":"2024-02-28T07:52:11+00:00","og_image":[{"width":1280,"height":960,"url":"http:\/\/centresmolina.com\/centreensenyament\/files\/2024\/02\/Zoo.jpg","type":"image\/jpeg"}],"author":"webmolina","twitter_misc":{"Escrit per":"webmolina"},"schema":{"@context":"https:\/\/schema.org","@graph":[{"@type":"Article","@id":"https:\/\/centresmolina.com\/centreensenyament\/2024\/02\/28\/1eso-es-converteix-en-cientific-per-un-dia\/#article","isPartOf":{"@id":"https:\/\/centresmolina.com\/centreensenyament\/2024\/02\/28\/1eso-es-converteix-en-cientific-per-un-dia\/"},"author":{"name":"webmolina","@id":"https:\/\/centresmolina.com\/centreensenyament\/#\/schema\/person\/308d85d274adff04b5c51d47e8aff6cc"},"headline":"1ESO es converteix en cient\u00edfic per un dia","datePublished":"2024-02-28T07:52:11+00:00","mainEntityOfPage":{"@id":"https:\/\/centresmolina.com\/centreensenyament\/2024\/02\/28\/1eso-es-converteix-en-cientific-per-un-dia\/"},"wordCount":222,"image":{"@id":"https:\/\/centresmolina.com\/centreensenyament\/2024\/02\/28\/1eso-es-converteix-en-cientific-per-un-dia\/#primaryimage"},"thumbnailUrl":"https:\/\/centresmolina.com\/centreensenyament\/files\/2024\/02\/Zoo.jpg","keywords":["1r d'ESO","Aprenentage","Barcelona","Biologia","Centres Molina","ci\u00e8ncia","desenvolupament personal i acad\u00e8mic","educaci\u00f3","educaci\u00f3 secund\u00e0ria obligat\u00f2ria","Escola","Escola Molina","ESO","estil propi","experi\u00e8ncia","formaci\u00f3","Molina","Sortida","taller"],"articleSection":["Not\u00edcies"],"inLanguage":"ca"},{"@type":"WebPage","@id":"https:\/\/centresmolina.com\/centreensenyament\/2024\/02\/28\/1eso-es-converteix-en-cientific-per-un-dia\/","url":"https:\/\/centresmolina.com\/centreensenyament\/2024\/02\/28\/1eso-es-converteix-en-cientific-per-un-dia\/","name":"1ESO es converteix en cient\u00edfic per un dia - Centros de ense\u00f1anza","isPartOf":{"@id":"https:\/\/centresmolina.com\/centreensenyament\/#website"},"primaryImageOfPage":{"@id":"https:\/\/centresmolina.com\/centreensenyament\/2024\/02\/28\/1eso-es-converteix-en-cientific-per-un-dia\/#primaryimage"},"image":{"@id":"https:\/\/centresmolina.com\/centreensenyament\/2024\/02\/28\/1eso-es-converteix-en-cientific-per-un-dia\/#primaryimage"},"thumbnailUrl":"https:\/\/centresmolina.com\/centreensenyament\/files\/2024\/02\/Zoo.jpg","datePublished":"2024-02-28T07:52:11+00:00","author":{"@id":"https:\/\/centresmolina.com\/centreensenyament\/#\/schema\/person\/308d85d274adff04b5c51d47e8aff6cc"},"breadcrumb":{"@id":"https:\/\/centresmolina.com\/centreensenyament\/2024\/02\/28\/1eso-es-converteix-en-cientific-per-un-dia\/#breadcrumb"},"inLanguage":"ca","potentialAction":[{"@type":"ReadAction","target":["https:\/\/centresmolina.com\/centreensenyament\/2024\/02\/28\/1eso-es-converteix-en-cientific-per-un-dia\/"]}]},{"@type":"ImageObject","inLanguage":"ca","@id":"https:\/\/centresmolina.com\/centreensenyament\/2024\/02\/28\/1eso-es-converteix-en-cientific-per-un-dia\/#primaryimage","url":"https:\/\/centresmolina.com\/centreensenyament\/files\/2024\/02\/Zoo.jpg","contentUrl":"https:\/\/centresmolina.com\/centreensenyament\/files\/2024\/02\/Zoo.jpg","width":1280,"height":960},{"@type":"BreadcrumbList","@id":"https:\/\/centresmolina.com\/centreensenyament\/2024\/02\/28\/1eso-es-converteix-en-cientific-per-un-dia\/#breadcrumb","itemListElement":[{"@type":"ListItem","position":1,"name":"Portada","item":"https:\/\/centresmolina.com\/centreensenyament\/"},{"@type":"ListItem","position":2,"name":"1ESO es converteix en cient\u00edfic per un dia"}]},{"@type":"WebSite","@id":"https:\/\/centresmolina.com\/centreensenyament\/#website","url":"https:\/\/centresmolina.com\/centreensenyament\/","name":"Centros de ense\u00f1anza","description":"Centres Molina - Centros de ense\u00f1anza","potentialAction":[{"@type":"SearchAction","target":{"@type":"EntryPoint","urlTemplate":"https:\/\/centresmolina.com\/centreensenyament\/?s={search_term_string}"},"query-input":{"@type":"PropertyValueSpecification","valueRequired":true,"valueName":"search_term_string"}}],"inLanguage":"ca"},{"@type":"Person","@id":"https:\/\/centresmolina.com\/centreensenyament\/#\/schema\/person\/308d85d274adff04b5c51d47e8aff6cc","name":"webmolina","image":{"@type":"ImageObject","inLanguage":"ca","@id":"https:\/\/secure.gravatar.com\/avatar\/38db407e1ab9b284bf45e3bff4ec5cf1e034e364f09b2ee054619614662a717b?s=96&d=mm&r=g","url":"https:\/\/secure.gravatar.com\/avatar\/38db407e1ab9b284bf45e3bff4ec5cf1e034e364f09b2ee054619614662a717b?s=96&d=mm&r=g","contentUrl":"https:\/\/secure.gravatar.com\/avatar\/38db407e1ab9b284bf45e3bff4ec5cf1e034e364f09b2ee054619614662a717b?s=96&d=mm&r=g","caption":"webmolina"},"url":"https:\/\/centresmolina.com\/centreensenyament\/author\/webmolina\/"}]}},"_links":{"self":[{"href":"https:\/\/centresmolina.com\/centreensenyament\/wp-json\/wp\/v2\/posts\/19768","targetHints":{"allow":["GET"]}}],"collection":[{"href":"https:\/\/centresmolina.com\/centreensenyament\/wp-json\/wp\/v2\/posts"}],"about":[{"href":"https:\/\/centresmolina.com\/centreensenyament\/wp-json\/wp\/v2\/types\/post"}],"author":[{"embeddable":true,"href":"https:\/\/centresmolina.com\/centreensenyament\/wp-json\/wp\/v2\/users\/3"}],"replies":[{"embeddable":true,"href":"https:\/\/centresmolina.com\/centreensenyament\/wp-json\/wp\/v2\/comments?post=19768"}],"version-history":[{"count":1,"href":"https:\/\/centresmolina.com\/centreensenyament\/wp-json\/wp\/v2\/posts\/19768\/revisions"}],"predecessor-version":[{"id":19787,"href":"https:\/\/centresmolina.com\/centreensenyament\/wp-json\/wp\/v2\/posts\/19768\/revisions\/19787"}],"wp:featuredmedia":[{"embeddable":true,"href":"https:\/\/centresmolina.com\/centreensenyament\/wp-json\/wp\/v2\/media\/19785"}],"wp:attachment":[{"href":"https:\/\/centresmolina.com\/centreensenyament\/wp-json\/wp\/v2\/media?parent=19768"}],"wp:term":[{"taxonomy":"category","embeddable":true,"href":"https:\/\/centresmolina.com\/centreensenyament\/wp-json\/wp\/v2\/categories?post=19768"},{"taxonomy":"post_tag","embeddable":true,"href":"https:\/\/centresmolina.com\/centreensenyament\/wp-json\/wp\/v2\/tags?post=19768"}],"curies":[{"name":"wp","href":"https:\/\/api.w.org\/{rel}","templated":true}]}}