{"id":20802,"date":"2024-05-16T12:51:37","date_gmt":"2024-05-16T12:51:37","guid":{"rendered":"https:\/\/centresmolina.com\/centreensenyament\/?p=20802"},"modified":"2024-05-16T13:00:58","modified_gmt":"2024-05-16T13:00:58","slug":"1eso-i-ledifici-del-caixaforum","status":"publish","type":"post","link":"https:\/\/centresmolina.com\/centreensenyament\/2024\/05\/16\/1eso-i-ledifici-del-caixaforum\/","title":{"rendered":"1ESO i l&#8217;edifici del CaixaForum"},"content":{"rendered":"<p>Els alumnes de primer d&#8217;ESO han fet un taller al\u00a0CaixaForum\u00a0anomenat <em>Bit a bit<\/em>. El Pau, el nostre guia, ens ha explicat la hist\u00f2ria de l&#8217;edifici modernista on estan ara mateix el museu del CaixaForum. Va ser dissenyat per Puig i Cadafalch i era una antiga f\u00e0brica t\u00e8xtil propietat del senyor Casaramona. Vam veure com era la fa\u00e7ana de l&#8217;edifici i vam comprendre les necessitats de treballar amb patrons de repetici\u00f3. Fins i tot vam poder visitar la terrassa superior amb el seu terra ondulat que ajudava a aprofitar l&#8217;aigua de la pluja. Tamb\u00e9 vam treballar la perspectiva i com ubicar-nos a la maqueta, ja que els hi faria falta per la part pr\u00e0ctica del taller.<\/p>\n\n\t\t<style type=\"text\/css\">\n\t\t\t#gallery-1 {\n\t\t\t\tmargin: auto;\n\t\t\t}\n\t\t\t#gallery-1 .gallery-item {\n\t\t\t\tfloat: left;\n\t\t\t\tmargin-top: 10px;\n\t\t\t\ttext-align: center;\n\t\t\t\twidth: 50%;\n\t\t\t}\n\t\t\t#gallery-1 img {\n\t\t\t\tborder: 2px solid #cfcfcf;\n\t\t\t}\n\t\t\t#gallery-1 .gallery-caption {\n\t\t\t\tmargin-left: 0;\n\t\t\t}\n\t\t\t\/* see gallery_shortcode() in wp-includes\/media.php *\/\n\t\t<\/style>\n\t\t<div id='gallery-1' class='gallery galleryid-20802 gallery-columns-2 gallery-size-large'><dl class='gallery-item'>\n\t\t\t<dt class='gallery-icon landscape'>\n\t\t\t\t<a href='https:\/\/centresmolina.com\/centreensenyament\/2024\/05\/16\/1eso-i-ledifici-del-caixaforum\/historia-01\/'><img loading=\"lazy\" decoding=\"async\" width=\"1024\" height=\"577\" src=\"https:\/\/centresmolina.com\/centreensenyament\/files\/2024\/05\/historia-01-1024x577.jpg\" class=\"attachment-large size-large\" alt=\"\" srcset=\"https:\/\/centresmolina.com\/centreensenyament\/files\/2024\/05\/historia-01-1024x577.jpg 1024w, https:\/\/centresmolina.com\/centreensenyament\/files\/2024\/05\/historia-01-300x169.jpg 300w, https:\/\/centresmolina.com\/centreensenyament\/files\/2024\/05\/historia-01-768x433.jpg 768w, https:\/\/centresmolina.com\/centreensenyament\/files\/2024\/05\/historia-01.jpg 1280w\" sizes=\"auto, (max-width: 1024px) 100vw, 1024px\" \/><\/a>\n\t\t\t<\/dt><\/dl><dl class='gallery-item'>\n\t\t\t<dt class='gallery-icon landscape'>\n\t\t\t\t<a href='https:\/\/centresmolina.com\/centreensenyament\/2024\/05\/16\/1eso-i-ledifici-del-caixaforum\/historia-02\/'><img loading=\"lazy\" decoding=\"async\" width=\"1024\" height=\"577\" src=\"https:\/\/centresmolina.com\/centreensenyament\/files\/2024\/05\/historia-02-1024x577.jpg\" class=\"attachment-large size-large\" alt=\"\" srcset=\"https:\/\/centresmolina.com\/centreensenyament\/files\/2024\/05\/historia-02-1024x577.jpg 1024w, https:\/\/centresmolina.com\/centreensenyament\/files\/2024\/05\/historia-02-300x169.jpg 300w, https:\/\/centresmolina.com\/centreensenyament\/files\/2024\/05\/historia-02-768x433.jpg 768w, https:\/\/centresmolina.com\/centreensenyament\/files\/2024\/05\/historia-02.jpg 1280w\" sizes=\"auto, (max-width: 1024px) 100vw, 1024px\" \/><\/a>\n\t\t\t<\/dt><\/dl><br style=\"clear: both\" \/><dl class='gallery-item'>\n\t\t\t<dt class='gallery-icon landscape'>\n\t\t\t\t<a href='https:\/\/centresmolina.com\/centreensenyament\/2024\/05\/16\/1eso-i-ledifici-del-caixaforum\/historia-03\/'><img loading=\"lazy\" decoding=\"async\" width=\"1024\" height=\"577\" src=\"https:\/\/centresmolina.com\/centreensenyament\/files\/2024\/05\/historia-03-1024x577.jpg\" class=\"attachment-large size-large\" alt=\"\" srcset=\"https:\/\/centresmolina.com\/centreensenyament\/files\/2024\/05\/historia-03-1024x577.jpg 1024w, https:\/\/centresmolina.com\/centreensenyament\/files\/2024\/05\/historia-03-300x169.jpg 300w, https:\/\/centresmolina.com\/centreensenyament\/files\/2024\/05\/historia-03-768x433.jpg 768w, https:\/\/centresmolina.com\/centreensenyament\/files\/2024\/05\/historia-03.jpg 1280w\" sizes=\"auto, (max-width: 1024px) 100vw, 1024px\" \/><\/a>\n\t\t\t<\/dt><\/dl><dl class='gallery-item'>\n\t\t\t<dt class='gallery-icon landscape'>\n\t\t\t\t<a href='https:\/\/centresmolina.com\/centreensenyament\/2024\/05\/16\/1eso-i-ledifici-del-caixaforum\/historia-04\/'><img loading=\"lazy\" decoding=\"async\" width=\"1024\" height=\"577\" src=\"https:\/\/centresmolina.com\/centreensenyament\/files\/2024\/05\/historia-04-1024x577.jpg\" class=\"attachment-large size-large\" alt=\"\" srcset=\"https:\/\/centresmolina.com\/centreensenyament\/files\/2024\/05\/historia-04-1024x577.jpg 1024w, https:\/\/centresmolina.com\/centreensenyament\/files\/2024\/05\/historia-04-300x169.jpg 300w, https:\/\/centresmolina.com\/centreensenyament\/files\/2024\/05\/historia-04-768x433.jpg 768w, https:\/\/centresmolina.com\/centreensenyament\/files\/2024\/05\/historia-04.jpg 1280w\" sizes=\"auto, (max-width: 1024px) 100vw, 1024px\" \/><\/a>\n\t\t\t<\/dt><\/dl><br style=\"clear: both\" \/>\n\t\t<\/div>\n\n<p>Despr\u00e9s de con\u00e8ixer la hist\u00f2ria i entendre com est\u00e0 dissenyat, els alumnes van treballar en parelles i van replicar la fa\u00e7ana amb Minecraft. Semblava f\u00e0cil, per\u00f2\u00a0no ho era tant! Sort que en Pau i en Bernat ens van ajudar molt\u00edssim.<\/p>\n\n\t\t<style type=\"text\/css\">\n\t\t\t#gallery-2 {\n\t\t\t\tmargin: auto;\n\t\t\t}\n\t\t\t#gallery-2 .gallery-item {\n\t\t\t\tfloat: left;\n\t\t\t\tmargin-top: 10px;\n\t\t\t\ttext-align: center;\n\t\t\t\twidth: 25%;\n\t\t\t}\n\t\t\t#gallery-2 img {\n\t\t\t\tborder: 2px solid #cfcfcf;\n\t\t\t}\n\t\t\t#gallery-2 .gallery-caption {\n\t\t\t\tmargin-left: 0;\n\t\t\t}\n\t\t\t\/* see gallery_shortcode() in wp-includes\/media.php *\/\n\t\t<\/style>\n\t\t<div id='gallery-2' class='gallery galleryid-20802 gallery-columns-4 gallery-size-large'><dl class='gallery-item'>\n\t\t\t<dt class='gallery-icon landscape'>\n\t\t\t\t<a href='https:\/\/centresmolina.com\/centreensenyament\/2024\/05\/16\/1eso-i-ledifici-del-caixaforum\/minecraft-00\/'><img loading=\"lazy\" decoding=\"async\" width=\"1024\" height=\"577\" src=\"https:\/\/centresmolina.com\/centreensenyament\/files\/2024\/05\/minecraft-00-1024x577.jpg\" class=\"attachment-large size-large\" alt=\"\" srcset=\"https:\/\/centresmolina.com\/centreensenyament\/files\/2024\/05\/minecraft-00-1024x577.jpg 1024w, https:\/\/centresmolina.com\/centreensenyament\/files\/2024\/05\/minecraft-00-300x169.jpg 300w, https:\/\/centresmolina.com\/centreensenyament\/files\/2024\/05\/minecraft-00-768x433.jpg 768w, https:\/\/centresmolina.com\/centreensenyament\/files\/2024\/05\/minecraft-00.jpg 1280w\" sizes=\"auto, (max-width: 1024px) 100vw, 1024px\" \/><\/a>\n\t\t\t<\/dt><\/dl><dl class='gallery-item'>\n\t\t\t<dt class='gallery-icon landscape'>\n\t\t\t\t<a href='https:\/\/centresmolina.com\/centreensenyament\/2024\/05\/16\/1eso-i-ledifici-del-caixaforum\/minecraft-01\/'><img loading=\"lazy\" decoding=\"async\" width=\"1024\" height=\"577\" src=\"https:\/\/centresmolina.com\/centreensenyament\/files\/2024\/05\/minecraft-01-1024x577.jpg\" class=\"attachment-large size-large\" alt=\"\" srcset=\"https:\/\/centresmolina.com\/centreensenyament\/files\/2024\/05\/minecraft-01-1024x577.jpg 1024w, https:\/\/centresmolina.com\/centreensenyament\/files\/2024\/05\/minecraft-01-300x169.jpg 300w, https:\/\/centresmolina.com\/centreensenyament\/files\/2024\/05\/minecraft-01-768x433.jpg 768w, https:\/\/centresmolina.com\/centreensenyament\/files\/2024\/05\/minecraft-01.jpg 1280w\" sizes=\"auto, (max-width: 1024px) 100vw, 1024px\" \/><\/a>\n\t\t\t<\/dt><\/dl><dl class='gallery-item'>\n\t\t\t<dt class='gallery-icon landscape'>\n\t\t\t\t<a href='https:\/\/centresmolina.com\/centreensenyament\/2024\/05\/16\/1eso-i-ledifici-del-caixaforum\/minecraft-02\/'><img loading=\"lazy\" decoding=\"async\" width=\"1024\" height=\"577\" src=\"https:\/\/centresmolina.com\/centreensenyament\/files\/2024\/05\/minecraft-02-1024x577.jpg\" class=\"attachment-large size-large\" alt=\"\" srcset=\"https:\/\/centresmolina.com\/centreensenyament\/files\/2024\/05\/minecraft-02-1024x577.jpg 1024w, https:\/\/centresmolina.com\/centreensenyament\/files\/2024\/05\/minecraft-02-300x169.jpg 300w, https:\/\/centresmolina.com\/centreensenyament\/files\/2024\/05\/minecraft-02-768x433.jpg 768w, https:\/\/centresmolina.com\/centreensenyament\/files\/2024\/05\/minecraft-02.jpg 1280w\" sizes=\"auto, (max-width: 1024px) 100vw, 1024px\" \/><\/a>\n\t\t\t<\/dt><\/dl><dl class='gallery-item'>\n\t\t\t<dt class='gallery-icon landscape'>\n\t\t\t\t<a href='https:\/\/centresmolina.com\/centreensenyament\/2024\/05\/16\/1eso-i-ledifici-del-caixaforum\/minecraft-03\/'><img loading=\"lazy\" decoding=\"async\" width=\"1024\" height=\"577\" src=\"https:\/\/centresmolina.com\/centreensenyament\/files\/2024\/05\/minecraft-03-1024x577.jpg\" class=\"attachment-large size-large\" alt=\"\" srcset=\"https:\/\/centresmolina.com\/centreensenyament\/files\/2024\/05\/minecraft-03-1024x577.jpg 1024w, https:\/\/centresmolina.com\/centreensenyament\/files\/2024\/05\/minecraft-03-300x169.jpg 300w, https:\/\/centresmolina.com\/centreensenyament\/files\/2024\/05\/minecraft-03-768x433.jpg 768w, https:\/\/centresmolina.com\/centreensenyament\/files\/2024\/05\/minecraft-03.jpg 1280w\" sizes=\"auto, (max-width: 1024px) 100vw, 1024px\" \/><\/a>\n\t\t\t<\/dt><\/dl><br style=\"clear: both\" \/><dl class='gallery-item'>\n\t\t\t<dt class='gallery-icon landscape'>\n\t\t\t\t<a href='https:\/\/centresmolina.com\/centreensenyament\/2024\/05\/16\/1eso-i-ledifici-del-caixaforum\/minecraft-04\/'><img loading=\"lazy\" decoding=\"async\" width=\"1024\" height=\"577\" src=\"https:\/\/centresmolina.com\/centreensenyament\/files\/2024\/05\/minecraft-04-1024x577.jpg\" class=\"attachment-large size-large\" alt=\"\" srcset=\"https:\/\/centresmolina.com\/centreensenyament\/files\/2024\/05\/minecraft-04-1024x577.jpg 1024w, https:\/\/centresmolina.com\/centreensenyament\/files\/2024\/05\/minecraft-04-300x169.jpg 300w, https:\/\/centresmolina.com\/centreensenyament\/files\/2024\/05\/minecraft-04-768x433.jpg 768w, https:\/\/centresmolina.com\/centreensenyament\/files\/2024\/05\/minecraft-04.jpg 1280w\" sizes=\"auto, (max-width: 1024px) 100vw, 1024px\" \/><\/a>\n\t\t\t<\/dt><\/dl><dl class='gallery-item'>\n\t\t\t<dt class='gallery-icon landscape'>\n\t\t\t\t<a href='https:\/\/centresmolina.com\/centreensenyament\/2024\/05\/16\/1eso-i-ledifici-del-caixaforum\/minecraft-06\/'><img loading=\"lazy\" decoding=\"async\" width=\"1024\" height=\"577\" src=\"https:\/\/centresmolina.com\/centreensenyament\/files\/2024\/05\/minecraft-06-1024x577.jpg\" class=\"attachment-large size-large\" alt=\"\" srcset=\"https:\/\/centresmolina.com\/centreensenyament\/files\/2024\/05\/minecraft-06-1024x577.jpg 1024w, https:\/\/centresmolina.com\/centreensenyament\/files\/2024\/05\/minecraft-06-300x169.jpg 300w, https:\/\/centresmolina.com\/centreensenyament\/files\/2024\/05\/minecraft-06-768x433.jpg 768w, https:\/\/centresmolina.com\/centreensenyament\/files\/2024\/05\/minecraft-06.jpg 1280w\" sizes=\"auto, (max-width: 1024px) 100vw, 1024px\" \/><\/a>\n\t\t\t<\/dt><\/dl><dl class='gallery-item'>\n\t\t\t<dt class='gallery-icon landscape'>\n\t\t\t\t<a href='https:\/\/centresmolina.com\/centreensenyament\/2024\/05\/16\/1eso-i-ledifici-del-caixaforum\/minecraft-07\/'><img loading=\"lazy\" decoding=\"async\" width=\"1024\" height=\"577\" src=\"https:\/\/centresmolina.com\/centreensenyament\/files\/2024\/05\/minecraft-07-1024x577.jpg\" class=\"attachment-large size-large\" alt=\"\" srcset=\"https:\/\/centresmolina.com\/centreensenyament\/files\/2024\/05\/minecraft-07-1024x577.jpg 1024w, https:\/\/centresmolina.com\/centreensenyament\/files\/2024\/05\/minecraft-07-300x169.jpg 300w, https:\/\/centresmolina.com\/centreensenyament\/files\/2024\/05\/minecraft-07-768x433.jpg 768w, https:\/\/centresmolina.com\/centreensenyament\/files\/2024\/05\/minecraft-07.jpg 1280w\" sizes=\"auto, (max-width: 1024px) 100vw, 1024px\" \/><\/a>\n\t\t\t<\/dt><\/dl><dl class='gallery-item'>\n\t\t\t<dt class='gallery-icon landscape'>\n\t\t\t\t<a href='https:\/\/centresmolina.com\/centreensenyament\/2024\/05\/16\/1eso-i-ledifici-del-caixaforum\/minecraft-08\/'><img loading=\"lazy\" decoding=\"async\" width=\"1024\" height=\"577\" src=\"https:\/\/centresmolina.com\/centreensenyament\/files\/2024\/05\/minecraft-08-1024x577.jpg\" class=\"attachment-large size-large\" alt=\"\" srcset=\"https:\/\/centresmolina.com\/centreensenyament\/files\/2024\/05\/minecraft-08-1024x577.jpg 1024w, https:\/\/centresmolina.com\/centreensenyament\/files\/2024\/05\/minecraft-08-300x169.jpg 300w, https:\/\/centresmolina.com\/centreensenyament\/files\/2024\/05\/minecraft-08-768x433.jpg 768w, https:\/\/centresmolina.com\/centreensenyament\/files\/2024\/05\/minecraft-08.jpg 1280w\" sizes=\"auto, (max-width: 1024px) 100vw, 1024px\" \/><\/a>\n\t\t\t<\/dt><\/dl><br style=\"clear: both\" \/>\n\t\t<\/div>\n\n","protected":false},"excerpt":{"rendered":"<p>Els alumnes de primer d&#8217;ESO han fet un taller al\u00a0CaixaForum\u00a0anomenat Bit a bit. El Pau, el nostre guia, ens ha&#8230;<\/p>\n","protected":false},"author":3,"featured_media":20827,"comment_status":"closed","ping_status":"closed","sticky":false,"template":"","format":"standard","meta":{"footnotes":""},"categories":[5],"tags":[102,2806,52,193,2689,2575,58,45,47,53,43,19,24,57,55,44,18,120,50],"class_list":["post-20802","post","type-post","status-publish","format-standard","has-post-thumbnail","hentry","category-noticies","tag-1r-deso","tag-aprenentage","tag-aprenentatge","tag-barcelona","tag-centres-molina","tag-cultura","tag-desenvolupament-personal-i-academic","tag-educacio","tag-educacio-secundaria-obligatoria","tag-ensenyament","tag-escola","tag-escola-molina","tag-eso","tag-estil-propi","tag-experiencia","tag-molina","tag-sortida","tag-taller","tag-tecnologia"],"yoast_head":"<!-- This site is optimized with the Yoast SEO plugin v27.2 - https:\/\/yoast.com\/product\/yoast-seo-wordpress\/ -->\n<title>1ESO i l&#039;edifici del CaixaForum - Centros de ense\u00f1anza<\/title>\n<meta name=\"robots\" content=\"index, follow, max-snippet:-1, max-image-preview:large, max-video-preview:-1\" \/>\n<link rel=\"canonical\" href=\"https:\/\/centresmolina.com\/centreensenyament\/2024\/05\/16\/1eso-i-ledifici-del-caixaforum\/\" \/>\n<meta property=\"og:locale\" content=\"ca_ES\" \/>\n<meta property=\"og:type\" content=\"article\" \/>\n<meta property=\"og:title\" content=\"1ESO i l&#039;edifici del CaixaForum - Centros de ense\u00f1anza\" \/>\n<meta property=\"og:description\" content=\"Els alumnes de primer d&#8217;ESO han fet un taller al\u00a0CaixaForum\u00a0anomenat Bit a bit. El Pau, el nostre guia, ens ha...\" \/>\n<meta property=\"og:url\" content=\"https:\/\/centresmolina.com\/centreensenyament\/2024\/05\/16\/1eso-i-ledifici-del-caixaforum\/\" \/>\n<meta property=\"og:site_name\" content=\"Centros de ense\u00f1anza\" \/>\n<meta property=\"article:published_time\" content=\"2024-05-16T12:51:37+00:00\" \/>\n<meta property=\"article:modified_time\" content=\"2024-05-16T13:00:58+00:00\" \/>\n<meta property=\"og:image\" content=\"http:\/\/centresmolina.com\/centreensenyament\/files\/2024\/05\/grup.jpg\" \/>\n\t<meta property=\"og:image:width\" content=\"1280\" \/>\n\t<meta property=\"og:image:height\" content=\"721\" \/>\n\t<meta property=\"og:image:type\" content=\"image\/jpeg\" \/>\n<meta name=\"author\" content=\"webmolina\" \/>\n<meta name=\"twitter:label1\" content=\"Escrit per\" \/>\n\t<meta name=\"twitter:data1\" content=\"webmolina\" \/>\n\t<meta name=\"twitter:label2\" content=\"Temps estimat de lectura\" \/>\n\t<meta name=\"twitter:data2\" content=\"2 minuts\" \/>\n<script type=\"application\/ld+json\" class=\"yoast-schema-graph\">{\"@context\":\"https:\/\/schema.org\",\"@graph\":[{\"@type\":\"Article\",\"@id\":\"https:\/\/centresmolina.com\/centreensenyament\/2024\/05\/16\/1eso-i-ledifici-del-caixaforum\/#article\",\"isPartOf\":{\"@id\":\"https:\/\/centresmolina.com\/centreensenyament\/2024\/05\/16\/1eso-i-ledifici-del-caixaforum\/\"},\"author\":{\"name\":\"webmolina\",\"@id\":\"https:\/\/centresmolina.com\/centreensenyament\/#\/schema\/person\/308d85d274adff04b5c51d47e8aff6cc\"},\"headline\":\"1ESO i l&#8217;edifici del CaixaForum\",\"datePublished\":\"2024-05-16T12:51:37+00:00\",\"dateModified\":\"2024-05-16T13:00:58+00:00\",\"mainEntityOfPage\":{\"@id\":\"https:\/\/centresmolina.com\/centreensenyament\/2024\/05\/16\/1eso-i-ledifici-del-caixaforum\/\"},\"wordCount\":184,\"image\":{\"@id\":\"https:\/\/centresmolina.com\/centreensenyament\/2024\/05\/16\/1eso-i-ledifici-del-caixaforum\/#primaryimage\"},\"thumbnailUrl\":\"https:\/\/centresmolina.com\/centreensenyament\/files\/2024\/05\/grup.jpg\",\"keywords\":[\"1r d'ESO\",\"Aprenentage\",\"aprenentatge\",\"Barcelona\",\"Centres Molina\",\"cultura\",\"desenvolupament personal i acad\u00e8mic\",\"educaci\u00f3\",\"educaci\u00f3 secund\u00e0ria obligat\u00f2ria\",\"ensenyament\",\"Escola\",\"Escola Molina\",\"ESO\",\"estil propi\",\"experi\u00e8ncia\",\"Molina\",\"Sortida\",\"taller\",\"tecnologia\"],\"articleSection\":[\"Not\u00edcies\"],\"inLanguage\":\"ca\"},{\"@type\":\"WebPage\",\"@id\":\"https:\/\/centresmolina.com\/centreensenyament\/2024\/05\/16\/1eso-i-ledifici-del-caixaforum\/\",\"url\":\"https:\/\/centresmolina.com\/centreensenyament\/2024\/05\/16\/1eso-i-ledifici-del-caixaforum\/\",\"name\":\"1ESO i l'edifici del CaixaForum - Centros de ense\u00f1anza\",\"isPartOf\":{\"@id\":\"https:\/\/centresmolina.com\/centreensenyament\/#website\"},\"primaryImageOfPage\":{\"@id\":\"https:\/\/centresmolina.com\/centreensenyament\/2024\/05\/16\/1eso-i-ledifici-del-caixaforum\/#primaryimage\"},\"image\":{\"@id\":\"https:\/\/centresmolina.com\/centreensenyament\/2024\/05\/16\/1eso-i-ledifici-del-caixaforum\/#primaryimage\"},\"thumbnailUrl\":\"https:\/\/centresmolina.com\/centreensenyament\/files\/2024\/05\/grup.jpg\",\"datePublished\":\"2024-05-16T12:51:37+00:00\",\"dateModified\":\"2024-05-16T13:00:58+00:00\",\"author\":{\"@id\":\"https:\/\/centresmolina.com\/centreensenyament\/#\/schema\/person\/308d85d274adff04b5c51d47e8aff6cc\"},\"breadcrumb\":{\"@id\":\"https:\/\/centresmolina.com\/centreensenyament\/2024\/05\/16\/1eso-i-ledifici-del-caixaforum\/#breadcrumb\"},\"inLanguage\":\"ca\",\"potentialAction\":[{\"@type\":\"ReadAction\",\"target\":[\"https:\/\/centresmolina.com\/centreensenyament\/2024\/05\/16\/1eso-i-ledifici-del-caixaforum\/\"]}]},{\"@type\":\"ImageObject\",\"inLanguage\":\"ca\",\"@id\":\"https:\/\/centresmolina.com\/centreensenyament\/2024\/05\/16\/1eso-i-ledifici-del-caixaforum\/#primaryimage\",\"url\":\"https:\/\/centresmolina.com\/centreensenyament\/files\/2024\/05\/grup.jpg\",\"contentUrl\":\"https:\/\/centresmolina.com\/centreensenyament\/files\/2024\/05\/grup.jpg\",\"width\":1280,\"height\":721},{\"@type\":\"BreadcrumbList\",\"@id\":\"https:\/\/centresmolina.com\/centreensenyament\/2024\/05\/16\/1eso-i-ledifici-del-caixaforum\/#breadcrumb\",\"itemListElement\":[{\"@type\":\"ListItem\",\"position\":1,\"name\":\"Portada\",\"item\":\"https:\/\/centresmolina.com\/centreensenyament\/\"},{\"@type\":\"ListItem\",\"position\":2,\"name\":\"1ESO i l&#8217;edifici del CaixaForum\"}]},{\"@type\":\"WebSite\",\"@id\":\"https:\/\/centresmolina.com\/centreensenyament\/#website\",\"url\":\"https:\/\/centresmolina.com\/centreensenyament\/\",\"name\":\"Centros de ense\u00f1anza\",\"description\":\"Centres Molina - Centros de ense\u00f1anza\",\"potentialAction\":[{\"@type\":\"SearchAction\",\"target\":{\"@type\":\"EntryPoint\",\"urlTemplate\":\"https:\/\/centresmolina.com\/centreensenyament\/?s={search_term_string}\"},\"query-input\":{\"@type\":\"PropertyValueSpecification\",\"valueRequired\":true,\"valueName\":\"search_term_string\"}}],\"inLanguage\":\"ca\"},{\"@type\":\"Person\",\"@id\":\"https:\/\/centresmolina.com\/centreensenyament\/#\/schema\/person\/308d85d274adff04b5c51d47e8aff6cc\",\"name\":\"webmolina\",\"image\":{\"@type\":\"ImageObject\",\"inLanguage\":\"ca\",\"@id\":\"https:\/\/secure.gravatar.com\/avatar\/38db407e1ab9b284bf45e3bff4ec5cf1e034e364f09b2ee054619614662a717b?s=96&d=mm&r=g\",\"url\":\"https:\/\/secure.gravatar.com\/avatar\/38db407e1ab9b284bf45e3bff4ec5cf1e034e364f09b2ee054619614662a717b?s=96&d=mm&r=g\",\"contentUrl\":\"https:\/\/secure.gravatar.com\/avatar\/38db407e1ab9b284bf45e3bff4ec5cf1e034e364f09b2ee054619614662a717b?s=96&d=mm&r=g\",\"caption\":\"webmolina\"},\"url\":\"https:\/\/centresmolina.com\/centreensenyament\/author\/webmolina\/\"}]}<\/script>\n<!-- \/ Yoast SEO plugin. -->","yoast_head_json":{"title":"1ESO i l'edifici del CaixaForum - Centros de ense\u00f1anza","robots":{"index":"index","follow":"follow","max-snippet":"max-snippet:-1","max-image-preview":"max-image-preview:large","max-video-preview":"max-video-preview:-1"},"canonical":"https:\/\/centresmolina.com\/centreensenyament\/2024\/05\/16\/1eso-i-ledifici-del-caixaforum\/","og_locale":"ca_ES","og_type":"article","og_title":"1ESO i l'edifici del CaixaForum - Centros de ense\u00f1anza","og_description":"Els alumnes de primer d&#8217;ESO han fet un taller al\u00a0CaixaForum\u00a0anomenat Bit a bit. El Pau, el nostre guia, ens ha...","og_url":"https:\/\/centresmolina.com\/centreensenyament\/2024\/05\/16\/1eso-i-ledifici-del-caixaforum\/","og_site_name":"Centros de ense\u00f1anza","article_published_time":"2024-05-16T12:51:37+00:00","article_modified_time":"2024-05-16T13:00:58+00:00","og_image":[{"width":1280,"height":721,"url":"http:\/\/centresmolina.com\/centreensenyament\/files\/2024\/05\/grup.jpg","type":"image\/jpeg"}],"author":"webmolina","twitter_misc":{"Escrit per":"webmolina","Temps estimat de lectura":"2 minuts"},"schema":{"@context":"https:\/\/schema.org","@graph":[{"@type":"Article","@id":"https:\/\/centresmolina.com\/centreensenyament\/2024\/05\/16\/1eso-i-ledifici-del-caixaforum\/#article","isPartOf":{"@id":"https:\/\/centresmolina.com\/centreensenyament\/2024\/05\/16\/1eso-i-ledifici-del-caixaforum\/"},"author":{"name":"webmolina","@id":"https:\/\/centresmolina.com\/centreensenyament\/#\/schema\/person\/308d85d274adff04b5c51d47e8aff6cc"},"headline":"1ESO i l&#8217;edifici del CaixaForum","datePublished":"2024-05-16T12:51:37+00:00","dateModified":"2024-05-16T13:00:58+00:00","mainEntityOfPage":{"@id":"https:\/\/centresmolina.com\/centreensenyament\/2024\/05\/16\/1eso-i-ledifici-del-caixaforum\/"},"wordCount":184,"image":{"@id":"https:\/\/centresmolina.com\/centreensenyament\/2024\/05\/16\/1eso-i-ledifici-del-caixaforum\/#primaryimage"},"thumbnailUrl":"https:\/\/centresmolina.com\/centreensenyament\/files\/2024\/05\/grup.jpg","keywords":["1r d'ESO","Aprenentage","aprenentatge","Barcelona","Centres Molina","cultura","desenvolupament personal i acad\u00e8mic","educaci\u00f3","educaci\u00f3 secund\u00e0ria obligat\u00f2ria","ensenyament","Escola","Escola Molina","ESO","estil propi","experi\u00e8ncia","Molina","Sortida","taller","tecnologia"],"articleSection":["Not\u00edcies"],"inLanguage":"ca"},{"@type":"WebPage","@id":"https:\/\/centresmolina.com\/centreensenyament\/2024\/05\/16\/1eso-i-ledifici-del-caixaforum\/","url":"https:\/\/centresmolina.com\/centreensenyament\/2024\/05\/16\/1eso-i-ledifici-del-caixaforum\/","name":"1ESO i l'edifici del CaixaForum - Centros de ense\u00f1anza","isPartOf":{"@id":"https:\/\/centresmolina.com\/centreensenyament\/#website"},"primaryImageOfPage":{"@id":"https:\/\/centresmolina.com\/centreensenyament\/2024\/05\/16\/1eso-i-ledifici-del-caixaforum\/#primaryimage"},"image":{"@id":"https:\/\/centresmolina.com\/centreensenyament\/2024\/05\/16\/1eso-i-ledifici-del-caixaforum\/#primaryimage"},"thumbnailUrl":"https:\/\/centresmolina.com\/centreensenyament\/files\/2024\/05\/grup.jpg","datePublished":"2024-05-16T12:51:37+00:00","dateModified":"2024-05-16T13:00:58+00:00","author":{"@id":"https:\/\/centresmolina.com\/centreensenyament\/#\/schema\/person\/308d85d274adff04b5c51d47e8aff6cc"},"breadcrumb":{"@id":"https:\/\/centresmolina.com\/centreensenyament\/2024\/05\/16\/1eso-i-ledifici-del-caixaforum\/#breadcrumb"},"inLanguage":"ca","potentialAction":[{"@type":"ReadAction","target":["https:\/\/centresmolina.com\/centreensenyament\/2024\/05\/16\/1eso-i-ledifici-del-caixaforum\/"]}]},{"@type":"ImageObject","inLanguage":"ca","@id":"https:\/\/centresmolina.com\/centreensenyament\/2024\/05\/16\/1eso-i-ledifici-del-caixaforum\/#primaryimage","url":"https:\/\/centresmolina.com\/centreensenyament\/files\/2024\/05\/grup.jpg","contentUrl":"https:\/\/centresmolina.com\/centreensenyament\/files\/2024\/05\/grup.jpg","width":1280,"height":721},{"@type":"BreadcrumbList","@id":"https:\/\/centresmolina.com\/centreensenyament\/2024\/05\/16\/1eso-i-ledifici-del-caixaforum\/#breadcrumb","itemListElement":[{"@type":"ListItem","position":1,"name":"Portada","item":"https:\/\/centresmolina.com\/centreensenyament\/"},{"@type":"ListItem","position":2,"name":"1ESO i l&#8217;edifici del CaixaForum"}]},{"@type":"WebSite","@id":"https:\/\/centresmolina.com\/centreensenyament\/#website","url":"https:\/\/centresmolina.com\/centreensenyament\/","name":"Centros de ense\u00f1anza","description":"Centres Molina - Centros de ense\u00f1anza","potentialAction":[{"@type":"SearchAction","target":{"@type":"EntryPoint","urlTemplate":"https:\/\/centresmolina.com\/centreensenyament\/?s={search_term_string}"},"query-input":{"@type":"PropertyValueSpecification","valueRequired":true,"valueName":"search_term_string"}}],"inLanguage":"ca"},{"@type":"Person","@id":"https:\/\/centresmolina.com\/centreensenyament\/#\/schema\/person\/308d85d274adff04b5c51d47e8aff6cc","name":"webmolina","image":{"@type":"ImageObject","inLanguage":"ca","@id":"https:\/\/secure.gravatar.com\/avatar\/38db407e1ab9b284bf45e3bff4ec5cf1e034e364f09b2ee054619614662a717b?s=96&d=mm&r=g","url":"https:\/\/secure.gravatar.com\/avatar\/38db407e1ab9b284bf45e3bff4ec5cf1e034e364f09b2ee054619614662a717b?s=96&d=mm&r=g","contentUrl":"https:\/\/secure.gravatar.com\/avatar\/38db407e1ab9b284bf45e3bff4ec5cf1e034e364f09b2ee054619614662a717b?s=96&d=mm&r=g","caption":"webmolina"},"url":"https:\/\/centresmolina.com\/centreensenyament\/author\/webmolina\/"}]}},"_links":{"self":[{"href":"https:\/\/centresmolina.com\/centreensenyament\/wp-json\/wp\/v2\/posts\/20802","targetHints":{"allow":["GET"]}}],"collection":[{"href":"https:\/\/centresmolina.com\/centreensenyament\/wp-json\/wp\/v2\/posts"}],"about":[{"href":"https:\/\/centresmolina.com\/centreensenyament\/wp-json\/wp\/v2\/types\/post"}],"author":[{"embeddable":true,"href":"https:\/\/centresmolina.com\/centreensenyament\/wp-json\/wp\/v2\/users\/3"}],"replies":[{"embeddable":true,"href":"https:\/\/centresmolina.com\/centreensenyament\/wp-json\/wp\/v2\/comments?post=20802"}],"version-history":[{"count":2,"href":"https:\/\/centresmolina.com\/centreensenyament\/wp-json\/wp\/v2\/posts\/20802\/revisions"}],"predecessor-version":[{"id":20832,"href":"https:\/\/centresmolina.com\/centreensenyament\/wp-json\/wp\/v2\/posts\/20802\/revisions\/20832"}],"wp:featuredmedia":[{"embeddable":true,"href":"https:\/\/centresmolina.com\/centreensenyament\/wp-json\/wp\/v2\/media\/20827"}],"wp:attachment":[{"href":"https:\/\/centresmolina.com\/centreensenyament\/wp-json\/wp\/v2\/media?parent=20802"}],"wp:term":[{"taxonomy":"category","embeddable":true,"href":"https:\/\/centresmolina.com\/centreensenyament\/wp-json\/wp\/v2\/categories?post=20802"},{"taxonomy":"post_tag","embeddable":true,"href":"https:\/\/centresmolina.com\/centreensenyament\/wp-json\/wp\/v2\/tags?post=20802"}],"curies":[{"name":"wp","href":"https:\/\/api.w.org\/{rel}","templated":true}]}}