{"id":2616,"date":"2016-06-14T19:42:10","date_gmt":"2016-06-14T19:42:10","guid":{"rendered":"http:\/\/centresmolina.com\/centreensenyament\/?p=2616"},"modified":"2016-06-17T04:55:55","modified_gmt":"2016-06-17T04:55:55","slug":"projecte-demprenedoria-2016","status":"publish","type":"post","link":"https:\/\/centresmolina.com\/centreensenyament\/2016\/06\/14\/projecte-demprenedoria-2016\/","title":{"rendered":"Projecte d&#8217;Emprenedoria 2016"},"content":{"rendered":"<p>Un estadi de futbol amb m\u00faltiples infraestructures (amb maqueta inclosa), una APP de contactes i seguretat al metro, un nou videojoc que consta d\u2019una APP i un inceptor per jugar fora de casa, una empresa real i virtual de \u201cTalles Genials\u201d, unes polseres que faciliten la seguretat vial, una empresa social d\u2019intercanvi de serveis o un innovador gimn\u00e0s per a disciplines com el krosfit o la calist\u00e8nia s\u00f3n algunes de les iniciatives que han presentat alumnes de<strong> Cicles Formatius de Grau Mitj\u00e0<\/strong> en el treball final d\u2019<strong>Emprenedoria<\/strong>.<\/p>\n<p>Amb aquest projecte els estudiants han apr\u00e9s a desenvolupar compet\u00e8ncies b\u00e0siques, com ara la detecci\u00f3 d&#8217;oportunitats o la resoluci\u00f3 de problemes, mitjan\u00e7ant el disseny d&#8217;un projecte que doni resposta a problemes reals.<\/p>\n<p>Han treballat, s&#8217;hi han implicat i, sobretot, han gaudit i han fet una molt bona presentaci\u00f3.<\/p>\n<p>Felicitats equip!<\/p>\n\n\t\t<style type=\"text\/css\">\n\t\t\t#gallery-1 {\n\t\t\t\tmargin: auto;\n\t\t\t}\n\t\t\t#gallery-1 .gallery-item {\n\t\t\t\tfloat: left;\n\t\t\t\tmargin-top: 10px;\n\t\t\t\ttext-align: center;\n\t\t\t\twidth: 50%;\n\t\t\t}\n\t\t\t#gallery-1 img {\n\t\t\t\tborder: 2px solid #cfcfcf;\n\t\t\t}\n\t\t\t#gallery-1 .gallery-caption {\n\t\t\t\tmargin-left: 0;\n\t\t\t}\n\t\t\t\/* see gallery_shortcode() in wp-includes\/media.php *\/\n\t\t<\/style>\n\t\t<div id='gallery-1' class='gallery galleryid-2616 gallery-columns-2 gallery-size-full'><dl class='gallery-item'>\n\t\t\t<dt class='gallery-icon landscape'>\n\t\t\t\t<a href='https:\/\/centresmolina.com\/centreensenyament\/emprenedoria-2016-2\/'><img loading=\"lazy\" decoding=\"async\" width=\"1280\" height=\"960\" src=\"https:\/\/centresmolina.com\/centreensenyament\/files\/2016\/06\/Emprenedoria-2016-2.jpg\" class=\"attachment-full size-full\" alt=\"\" srcset=\"https:\/\/centresmolina.com\/centreensenyament\/files\/2016\/06\/Emprenedoria-2016-2.jpg 1280w, https:\/\/centresmolina.com\/centreensenyament\/files\/2016\/06\/Emprenedoria-2016-2-300x225.jpg 300w, https:\/\/centresmolina.com\/centreensenyament\/files\/2016\/06\/Emprenedoria-2016-2-1024x768.jpg 1024w\" sizes=\"auto, (max-width: 1280px) 100vw, 1280px\" \/><\/a>\n\t\t\t<\/dt><\/dl><dl class='gallery-item'>\n\t\t\t<dt class='gallery-icon landscape'>\n\t\t\t\t<a href='https:\/\/centresmolina.com\/centreensenyament\/2016\/06\/14\/projecte-demprenedoria-2016\/emprenedoria-2016-16\/'><img loading=\"lazy\" decoding=\"async\" width=\"1280\" height=\"960\" src=\"https:\/\/centresmolina.com\/centreensenyament\/files\/2016\/06\/Emprenedoria-2016-16.jpg\" class=\"attachment-full size-full\" alt=\"\" srcset=\"https:\/\/centresmolina.com\/centreensenyament\/files\/2016\/06\/Emprenedoria-2016-16.jpg 1280w, https:\/\/centresmolina.com\/centreensenyament\/files\/2016\/06\/Emprenedoria-2016-16-300x225.jpg 300w, https:\/\/centresmolina.com\/centreensenyament\/files\/2016\/06\/Emprenedoria-2016-16-1024x768.jpg 1024w\" sizes=\"auto, (max-width: 1280px) 100vw, 1280px\" \/><\/a>\n\t\t\t<\/dt><\/dl><br style=\"clear: both\" \/><dl class='gallery-item'>\n\t\t\t<dt class='gallery-icon landscape'>\n\t\t\t\t<a href='https:\/\/centresmolina.com\/centreensenyament\/emprenedoria-2016-3\/'><img loading=\"lazy\" decoding=\"async\" width=\"1280\" height=\"960\" src=\"https:\/\/centresmolina.com\/centreensenyament\/files\/2016\/06\/Emprenedoria-2016-3.jpg\" class=\"attachment-full size-full\" alt=\"\" srcset=\"https:\/\/centresmolina.com\/centreensenyament\/files\/2016\/06\/Emprenedoria-2016-3.jpg 1280w, https:\/\/centresmolina.com\/centreensenyament\/files\/2016\/06\/Emprenedoria-2016-3-300x225.jpg 300w, https:\/\/centresmolina.com\/centreensenyament\/files\/2016\/06\/Emprenedoria-2016-3-1024x768.jpg 1024w\" sizes=\"auto, (max-width: 1280px) 100vw, 1280px\" \/><\/a>\n\t\t\t<\/dt><\/dl><dl class='gallery-item'>\n\t\t\t<dt class='gallery-icon landscape'>\n\t\t\t\t<a href='https:\/\/centresmolina.com\/centreensenyament\/emprenedoria-2016-4\/'><img loading=\"lazy\" decoding=\"async\" width=\"1280\" height=\"960\" src=\"https:\/\/centresmolina.com\/centreensenyament\/files\/2016\/06\/Emprenedoria-2016-4.jpg\" class=\"attachment-full size-full\" alt=\"\" srcset=\"https:\/\/centresmolina.com\/centreensenyament\/files\/2016\/06\/Emprenedoria-2016-4.jpg 1280w, https:\/\/centresmolina.com\/centreensenyament\/files\/2016\/06\/Emprenedoria-2016-4-300x225.jpg 300w, https:\/\/centresmolina.com\/centreensenyament\/files\/2016\/06\/Emprenedoria-2016-4-1024x768.jpg 1024w\" sizes=\"auto, (max-width: 1280px) 100vw, 1280px\" \/><\/a>\n\t\t\t<\/dt><\/dl><br style=\"clear: both\" \/><dl class='gallery-item'>\n\t\t\t<dt class='gallery-icon landscape'>\n\t\t\t\t<a href='https:\/\/centresmolina.com\/centreensenyament\/emprenedoria-2016-5\/'><img loading=\"lazy\" decoding=\"async\" width=\"1280\" height=\"960\" src=\"https:\/\/centresmolina.com\/centreensenyament\/files\/2016\/06\/Emprenedoria-2016-5.jpg\" class=\"attachment-full size-full\" alt=\"\" srcset=\"https:\/\/centresmolina.com\/centreensenyament\/files\/2016\/06\/Emprenedoria-2016-5.jpg 1280w, https:\/\/centresmolina.com\/centreensenyament\/files\/2016\/06\/Emprenedoria-2016-5-300x225.jpg 300w, https:\/\/centresmolina.com\/centreensenyament\/files\/2016\/06\/Emprenedoria-2016-5-1024x768.jpg 1024w\" sizes=\"auto, (max-width: 1280px) 100vw, 1280px\" \/><\/a>\n\t\t\t<\/dt><\/dl><dl class='gallery-item'>\n\t\t\t<dt class='gallery-icon landscape'>\n\t\t\t\t<a href='https:\/\/centresmolina.com\/centreensenyament\/emprenedoria-2016-6\/'><img loading=\"lazy\" decoding=\"async\" width=\"1280\" height=\"960\" src=\"https:\/\/centresmolina.com\/centreensenyament\/files\/2016\/06\/Emprenedoria-2016-6.jpg\" class=\"attachment-full size-full\" alt=\"\" srcset=\"https:\/\/centresmolina.com\/centreensenyament\/files\/2016\/06\/Emprenedoria-2016-6.jpg 1280w, https:\/\/centresmolina.com\/centreensenyament\/files\/2016\/06\/Emprenedoria-2016-6-300x225.jpg 300w, https:\/\/centresmolina.com\/centreensenyament\/files\/2016\/06\/Emprenedoria-2016-6-1024x768.jpg 1024w\" sizes=\"auto, (max-width: 1280px) 100vw, 1280px\" \/><\/a>\n\t\t\t<\/dt><\/dl><br style=\"clear: both\" \/><dl class='gallery-item'>\n\t\t\t<dt class='gallery-icon landscape'>\n\t\t\t\t<a href='https:\/\/centresmolina.com\/centreensenyament\/emprenedoria-2016-7\/'><img loading=\"lazy\" decoding=\"async\" width=\"1280\" height=\"960\" src=\"https:\/\/centresmolina.com\/centreensenyament\/files\/2016\/06\/Emprenedoria-2016-7.jpg\" class=\"attachment-full size-full\" alt=\"\" srcset=\"https:\/\/centresmolina.com\/centreensenyament\/files\/2016\/06\/Emprenedoria-2016-7.jpg 1280w, https:\/\/centresmolina.com\/centreensenyament\/files\/2016\/06\/Emprenedoria-2016-7-300x225.jpg 300w, https:\/\/centresmolina.com\/centreensenyament\/files\/2016\/06\/Emprenedoria-2016-7-1024x768.jpg 1024w\" sizes=\"auto, (max-width: 1280px) 100vw, 1280px\" \/><\/a>\n\t\t\t<\/dt><\/dl><dl class='gallery-item'>\n\t\t\t<dt class='gallery-icon landscape'>\n\t\t\t\t<a href='https:\/\/centresmolina.com\/centreensenyament\/emprenedoria-2016-8\/'><img loading=\"lazy\" decoding=\"async\" width=\"1280\" height=\"960\" src=\"https:\/\/centresmolina.com\/centreensenyament\/files\/2016\/06\/Emprenedoria-2016-8.jpg\" class=\"attachment-full size-full\" alt=\"\" srcset=\"https:\/\/centresmolina.com\/centreensenyament\/files\/2016\/06\/Emprenedoria-2016-8.jpg 1280w, https:\/\/centresmolina.com\/centreensenyament\/files\/2016\/06\/Emprenedoria-2016-8-300x225.jpg 300w, https:\/\/centresmolina.com\/centreensenyament\/files\/2016\/06\/Emprenedoria-2016-8-1024x768.jpg 1024w\" sizes=\"auto, (max-width: 1280px) 100vw, 1280px\" \/><\/a>\n\t\t\t<\/dt><\/dl><br style=\"clear: both\" \/><dl class='gallery-item'>\n\t\t\t<dt class='gallery-icon landscape'>\n\t\t\t\t<a href='https:\/\/centresmolina.com\/centreensenyament\/emprenedoria-2016-9\/'><img loading=\"lazy\" decoding=\"async\" width=\"1280\" height=\"960\" src=\"https:\/\/centresmolina.com\/centreensenyament\/files\/2016\/06\/Emprenedoria-2016-9.jpg\" class=\"attachment-full size-full\" alt=\"\" srcset=\"https:\/\/centresmolina.com\/centreensenyament\/files\/2016\/06\/Emprenedoria-2016-9.jpg 1280w, https:\/\/centresmolina.com\/centreensenyament\/files\/2016\/06\/Emprenedoria-2016-9-300x225.jpg 300w, https:\/\/centresmolina.com\/centreensenyament\/files\/2016\/06\/Emprenedoria-2016-9-1024x768.jpg 1024w\" sizes=\"auto, (max-width: 1280px) 100vw, 1280px\" \/><\/a>\n\t\t\t<\/dt><\/dl><dl class='gallery-item'>\n\t\t\t<dt class='gallery-icon landscape'>\n\t\t\t\t<a href='https:\/\/centresmolina.com\/centreensenyament\/emprenedoria-2016-10\/'><img loading=\"lazy\" decoding=\"async\" width=\"1280\" height=\"960\" src=\"https:\/\/centresmolina.com\/centreensenyament\/files\/2016\/06\/Emprenedoria-2016-10.jpg\" class=\"attachment-full size-full\" alt=\"\" srcset=\"https:\/\/centresmolina.com\/centreensenyament\/files\/2016\/06\/Emprenedoria-2016-10.jpg 1280w, https:\/\/centresmolina.com\/centreensenyament\/files\/2016\/06\/Emprenedoria-2016-10-300x225.jpg 300w, https:\/\/centresmolina.com\/centreensenyament\/files\/2016\/06\/Emprenedoria-2016-10-1024x768.jpg 1024w\" sizes=\"auto, (max-width: 1280px) 100vw, 1280px\" \/><\/a>\n\t\t\t<\/dt><\/dl><br style=\"clear: both\" \/><dl class='gallery-item'>\n\t\t\t<dt class='gallery-icon landscape'>\n\t\t\t\t<a href='https:\/\/centresmolina.com\/centreensenyament\/2016\/06\/14\/projecte-demprenedoria-2016\/emprenedoria-2016-18\/'><img loading=\"lazy\" decoding=\"async\" width=\"1280\" height=\"720\" src=\"https:\/\/centresmolina.com\/centreensenyament\/files\/2016\/06\/Emprenedoria-2016-18.png\" class=\"attachment-full size-full\" alt=\"\" srcset=\"https:\/\/centresmolina.com\/centreensenyament\/files\/2016\/06\/Emprenedoria-2016-18.png 1280w, https:\/\/centresmolina.com\/centreensenyament\/files\/2016\/06\/Emprenedoria-2016-18-300x169.png 300w, https:\/\/centresmolina.com\/centreensenyament\/files\/2016\/06\/Emprenedoria-2016-18-1024x576.png 1024w\" sizes=\"auto, (max-width: 1280px) 100vw, 1280px\" \/><\/a>\n\t\t\t<\/dt><\/dl><dl class='gallery-item'>\n\t\t\t<dt class='gallery-icon landscape'>\n\t\t\t\t<a href='https:\/\/centresmolina.com\/centreensenyament\/2016\/06\/14\/projecte-demprenedoria-2016\/emprenedoria-2016-18-2\/'><img loading=\"lazy\" decoding=\"async\" width=\"1920\" height=\"1080\" src=\"https:\/\/centresmolina.com\/centreensenyament\/files\/2016\/06\/Emprenedoria-2016-18.jpg\" class=\"attachment-full size-full\" alt=\"\" srcset=\"https:\/\/centresmolina.com\/centreensenyament\/files\/2016\/06\/Emprenedoria-2016-18.jpg 1920w, https:\/\/centresmolina.com\/centreensenyament\/files\/2016\/06\/Emprenedoria-2016-18-300x169.jpg 300w, https:\/\/centresmolina.com\/centreensenyament\/files\/2016\/06\/Emprenedoria-2016-18-1024x576.jpg 1024w\" sizes=\"auto, (max-width: 1920px) 100vw, 1920px\" \/><\/a>\n\t\t\t<\/dt><\/dl><br style=\"clear: both\" \/><dl class='gallery-item'>\n\t\t\t<dt class='gallery-icon landscape'>\n\t\t\t\t<a href='https:\/\/centresmolina.com\/centreensenyament\/emprenedoria-2016-11\/'><img loading=\"lazy\" decoding=\"async\" width=\"1280\" height=\"960\" src=\"https:\/\/centresmolina.com\/centreensenyament\/files\/2016\/06\/Emprenedoria-2016-11.jpg\" class=\"attachment-full size-full\" alt=\"\" srcset=\"https:\/\/centresmolina.com\/centreensenyament\/files\/2016\/06\/Emprenedoria-2016-11.jpg 1280w, https:\/\/centresmolina.com\/centreensenyament\/files\/2016\/06\/Emprenedoria-2016-11-300x225.jpg 300w, https:\/\/centresmolina.com\/centreensenyament\/files\/2016\/06\/Emprenedoria-2016-11-1024x768.jpg 1024w\" sizes=\"auto, (max-width: 1280px) 100vw, 1280px\" \/><\/a>\n\t\t\t<\/dt><\/dl><dl class='gallery-item'>\n\t\t\t<dt class='gallery-icon landscape'>\n\t\t\t\t<a href='https:\/\/centresmolina.com\/centreensenyament\/emprenedoria-2016-12\/'><img loading=\"lazy\" decoding=\"async\" width=\"1280\" height=\"960\" src=\"https:\/\/centresmolina.com\/centreensenyament\/files\/2016\/06\/Emprenedoria-2016-12.jpg\" class=\"attachment-full size-full\" alt=\"\" srcset=\"https:\/\/centresmolina.com\/centreensenyament\/files\/2016\/06\/Emprenedoria-2016-12.jpg 1280w, https:\/\/centresmolina.com\/centreensenyament\/files\/2016\/06\/Emprenedoria-2016-12-300x225.jpg 300w, https:\/\/centresmolina.com\/centreensenyament\/files\/2016\/06\/Emprenedoria-2016-12-1024x768.jpg 1024w\" sizes=\"auto, (max-width: 1280px) 100vw, 1280px\" \/><\/a>\n\t\t\t<\/dt><\/dl><br style=\"clear: both\" \/>\n\t\t<\/div>\n\n","protected":false},"excerpt":{"rendered":"<p>Un estadi de futbol amb m\u00faltiples infraestructures (amb maqueta inclosa), una APP de contactes i seguretat al metro, un nou&#8230;<\/p>\n","protected":false},"author":3,"featured_media":2615,"comment_status":"open","ping_status":"open","sticky":false,"template":"","format":"standard","meta":{"footnotes":""},"categories":[5],"tags":[93,16,58,45,17,53,43,19,57,46,94,44],"class_list":["post-2616","post","type-post","status-publish","format-standard","has-post-thumbnail","hentry","category-noticies","tag-cfgm","tag-cicles","tag-desenvolupament-personal-i-academic","tag-educacio","tag-emprenedoria","tag-ensenyament","tag-escola","tag-escola-molina","tag-estil-propi","tag-formacio","tag-gestio-administrativa","tag-molina"],"yoast_head":"<!-- This site is optimized with the Yoast SEO plugin v27.2 - https:\/\/yoast.com\/product\/yoast-seo-wordpress\/ -->\n<title>Projecte d&#039;Emprenedoria 2016 - Centros de ense\u00f1anza<\/title>\n<meta name=\"robots\" content=\"index, follow, max-snippet:-1, max-image-preview:large, max-video-preview:-1\" \/>\n<link rel=\"canonical\" href=\"https:\/\/centresmolina.com\/centreensenyament\/2016\/06\/14\/projecte-demprenedoria-2016\/\" \/>\n<meta property=\"og:locale\" content=\"ca_ES\" \/>\n<meta property=\"og:type\" content=\"article\" \/>\n<meta property=\"og:title\" content=\"Projecte d&#039;Emprenedoria 2016 - Centros de ense\u00f1anza\" \/>\n<meta property=\"og:description\" content=\"Un estadi de futbol amb m\u00faltiples infraestructures (amb maqueta inclosa), una APP de contactes i seguretat al metro, un nou...\" \/>\n<meta property=\"og:url\" content=\"https:\/\/centresmolina.com\/centreensenyament\/2016\/06\/14\/projecte-demprenedoria-2016\/\" \/>\n<meta property=\"og:site_name\" content=\"Centros de ense\u00f1anza\" \/>\n<meta property=\"article:published_time\" content=\"2016-06-14T19:42:10+00:00\" \/>\n<meta property=\"article:modified_time\" content=\"2016-06-17T04:55:55+00:00\" \/>\n<meta property=\"og:image\" content=\"https:\/\/centresmolina.com\/centreensenyament\/files\/2016\/06\/Emprenedoria-2016-15.jpg\" \/>\n\t<meta property=\"og:image:width\" content=\"1280\" \/>\n\t<meta property=\"og:image:height\" content=\"960\" \/>\n\t<meta property=\"og:image:type\" content=\"image\/jpeg\" \/>\n<meta name=\"author\" content=\"webmolina\" \/>\n<meta name=\"twitter:label1\" content=\"Escrit per\" \/>\n\t<meta name=\"twitter:data1\" content=\"webmolina\" \/>\n\t<meta name=\"twitter:label2\" content=\"Temps estimat de lectura\" \/>\n\t<meta name=\"twitter:data2\" content=\"1 minut\" \/>\n<script type=\"application\/ld+json\" class=\"yoast-schema-graph\">{\"@context\":\"https:\/\/schema.org\",\"@graph\":[{\"@type\":\"Article\",\"@id\":\"https:\/\/centresmolina.com\/centreensenyament\/2016\/06\/14\/projecte-demprenedoria-2016\/#article\",\"isPartOf\":{\"@id\":\"https:\/\/centresmolina.com\/centreensenyament\/2016\/06\/14\/projecte-demprenedoria-2016\/\"},\"author\":{\"name\":\"webmolina\",\"@id\":\"https:\/\/centresmolina.com\/centreensenyament\/#\/schema\/person\/308d85d274adff04b5c51d47e8aff6cc\"},\"headline\":\"Projecte d&#8217;Emprenedoria 2016\",\"datePublished\":\"2016-06-14T19:42:10+00:00\",\"dateModified\":\"2016-06-17T04:55:55+00:00\",\"mainEntityOfPage\":{\"@id\":\"https:\/\/centresmolina.com\/centreensenyament\/2016\/06\/14\/projecte-demprenedoria-2016\/\"},\"wordCount\":155,\"commentCount\":0,\"image\":{\"@id\":\"https:\/\/centresmolina.com\/centreensenyament\/2016\/06\/14\/projecte-demprenedoria-2016\/#primaryimage\"},\"thumbnailUrl\":\"https:\/\/centresmolina.com\/centreensenyament\/files\/2016\/06\/Emprenedoria-2016-15.jpg\",\"keywords\":[\"CFGM\",\"Cicles\",\"desenvolupament personal i acad\u00e8mic\",\"educaci\u00f3\",\"Emprenedoria\",\"ensenyament\",\"Escola\",\"Escola Molina\",\"estil propi\",\"formaci\u00f3\",\"Gesti\u00f3 Administrativa\",\"Molina\"],\"articleSection\":[\"Not\u00edcies\"],\"inLanguage\":\"ca\",\"potentialAction\":[{\"@type\":\"CommentAction\",\"name\":\"Comment\",\"target\":[\"https:\/\/centresmolina.com\/centreensenyament\/2016\/06\/14\/projecte-demprenedoria-2016\/#respond\"]}]},{\"@type\":\"WebPage\",\"@id\":\"https:\/\/centresmolina.com\/centreensenyament\/2016\/06\/14\/projecte-demprenedoria-2016\/\",\"url\":\"https:\/\/centresmolina.com\/centreensenyament\/2016\/06\/14\/projecte-demprenedoria-2016\/\",\"name\":\"Projecte d'Emprenedoria 2016 - Centros de ense\u00f1anza\",\"isPartOf\":{\"@id\":\"https:\/\/centresmolina.com\/centreensenyament\/#website\"},\"primaryImageOfPage\":{\"@id\":\"https:\/\/centresmolina.com\/centreensenyament\/2016\/06\/14\/projecte-demprenedoria-2016\/#primaryimage\"},\"image\":{\"@id\":\"https:\/\/centresmolina.com\/centreensenyament\/2016\/06\/14\/projecte-demprenedoria-2016\/#primaryimage\"},\"thumbnailUrl\":\"https:\/\/centresmolina.com\/centreensenyament\/files\/2016\/06\/Emprenedoria-2016-15.jpg\",\"datePublished\":\"2016-06-14T19:42:10+00:00\",\"dateModified\":\"2016-06-17T04:55:55+00:00\",\"author\":{\"@id\":\"https:\/\/centresmolina.com\/centreensenyament\/#\/schema\/person\/308d85d274adff04b5c51d47e8aff6cc\"},\"breadcrumb\":{\"@id\":\"https:\/\/centresmolina.com\/centreensenyament\/2016\/06\/14\/projecte-demprenedoria-2016\/#breadcrumb\"},\"inLanguage\":\"ca\",\"potentialAction\":[{\"@type\":\"ReadAction\",\"target\":[\"https:\/\/centresmolina.com\/centreensenyament\/2016\/06\/14\/projecte-demprenedoria-2016\/\"]}]},{\"@type\":\"ImageObject\",\"inLanguage\":\"ca\",\"@id\":\"https:\/\/centresmolina.com\/centreensenyament\/2016\/06\/14\/projecte-demprenedoria-2016\/#primaryimage\",\"url\":\"https:\/\/centresmolina.com\/centreensenyament\/files\/2016\/06\/Emprenedoria-2016-15.jpg\",\"contentUrl\":\"https:\/\/centresmolina.com\/centreensenyament\/files\/2016\/06\/Emprenedoria-2016-15.jpg\",\"width\":1280,\"height\":960},{\"@type\":\"BreadcrumbList\",\"@id\":\"https:\/\/centresmolina.com\/centreensenyament\/2016\/06\/14\/projecte-demprenedoria-2016\/#breadcrumb\",\"itemListElement\":[{\"@type\":\"ListItem\",\"position\":1,\"name\":\"Portada\",\"item\":\"https:\/\/centresmolina.com\/centreensenyament\/\"},{\"@type\":\"ListItem\",\"position\":2,\"name\":\"Projecte d&#8217;Emprenedoria 2016\"}]},{\"@type\":\"WebSite\",\"@id\":\"https:\/\/centresmolina.com\/centreensenyament\/#website\",\"url\":\"https:\/\/centresmolina.com\/centreensenyament\/\",\"name\":\"Centros de ense\u00f1anza\",\"description\":\"Centres Molina - Centros de ense\u00f1anza\",\"potentialAction\":[{\"@type\":\"SearchAction\",\"target\":{\"@type\":\"EntryPoint\",\"urlTemplate\":\"https:\/\/centresmolina.com\/centreensenyament\/?s={search_term_string}\"},\"query-input\":{\"@type\":\"PropertyValueSpecification\",\"valueRequired\":true,\"valueName\":\"search_term_string\"}}],\"inLanguage\":\"ca\"},{\"@type\":\"Person\",\"@id\":\"https:\/\/centresmolina.com\/centreensenyament\/#\/schema\/person\/308d85d274adff04b5c51d47e8aff6cc\",\"name\":\"webmolina\",\"image\":{\"@type\":\"ImageObject\",\"inLanguage\":\"ca\",\"@id\":\"https:\/\/secure.gravatar.com\/avatar\/38db407e1ab9b284bf45e3bff4ec5cf1e034e364f09b2ee054619614662a717b?s=96&d=mm&r=g\",\"url\":\"https:\/\/secure.gravatar.com\/avatar\/38db407e1ab9b284bf45e3bff4ec5cf1e034e364f09b2ee054619614662a717b?s=96&d=mm&r=g\",\"contentUrl\":\"https:\/\/secure.gravatar.com\/avatar\/38db407e1ab9b284bf45e3bff4ec5cf1e034e364f09b2ee054619614662a717b?s=96&d=mm&r=g\",\"caption\":\"webmolina\"},\"url\":\"https:\/\/centresmolina.com\/centreensenyament\/author\/webmolina\/\"}]}<\/script>\n<!-- \/ Yoast SEO plugin. -->","yoast_head_json":{"title":"Projecte d'Emprenedoria 2016 - Centros de ense\u00f1anza","robots":{"index":"index","follow":"follow","max-snippet":"max-snippet:-1","max-image-preview":"max-image-preview:large","max-video-preview":"max-video-preview:-1"},"canonical":"https:\/\/centresmolina.com\/centreensenyament\/2016\/06\/14\/projecte-demprenedoria-2016\/","og_locale":"ca_ES","og_type":"article","og_title":"Projecte d'Emprenedoria 2016 - Centros de ense\u00f1anza","og_description":"Un estadi de futbol amb m\u00faltiples infraestructures (amb maqueta inclosa), una APP de contactes i seguretat al metro, un nou...","og_url":"https:\/\/centresmolina.com\/centreensenyament\/2016\/06\/14\/projecte-demprenedoria-2016\/","og_site_name":"Centros de ense\u00f1anza","article_published_time":"2016-06-14T19:42:10+00:00","article_modified_time":"2016-06-17T04:55:55+00:00","og_image":[{"width":1280,"height":960,"url":"https:\/\/centresmolina.com\/centreensenyament\/files\/2016\/06\/Emprenedoria-2016-15.jpg","type":"image\/jpeg"}],"author":"webmolina","twitter_misc":{"Escrit per":"webmolina","Temps estimat de lectura":"1 minut"},"schema":{"@context":"https:\/\/schema.org","@graph":[{"@type":"Article","@id":"https:\/\/centresmolina.com\/centreensenyament\/2016\/06\/14\/projecte-demprenedoria-2016\/#article","isPartOf":{"@id":"https:\/\/centresmolina.com\/centreensenyament\/2016\/06\/14\/projecte-demprenedoria-2016\/"},"author":{"name":"webmolina","@id":"https:\/\/centresmolina.com\/centreensenyament\/#\/schema\/person\/308d85d274adff04b5c51d47e8aff6cc"},"headline":"Projecte d&#8217;Emprenedoria 2016","datePublished":"2016-06-14T19:42:10+00:00","dateModified":"2016-06-17T04:55:55+00:00","mainEntityOfPage":{"@id":"https:\/\/centresmolina.com\/centreensenyament\/2016\/06\/14\/projecte-demprenedoria-2016\/"},"wordCount":155,"commentCount":0,"image":{"@id":"https:\/\/centresmolina.com\/centreensenyament\/2016\/06\/14\/projecte-demprenedoria-2016\/#primaryimage"},"thumbnailUrl":"https:\/\/centresmolina.com\/centreensenyament\/files\/2016\/06\/Emprenedoria-2016-15.jpg","keywords":["CFGM","Cicles","desenvolupament personal i acad\u00e8mic","educaci\u00f3","Emprenedoria","ensenyament","Escola","Escola Molina","estil propi","formaci\u00f3","Gesti\u00f3 Administrativa","Molina"],"articleSection":["Not\u00edcies"],"inLanguage":"ca","potentialAction":[{"@type":"CommentAction","name":"Comment","target":["https:\/\/centresmolina.com\/centreensenyament\/2016\/06\/14\/projecte-demprenedoria-2016\/#respond"]}]},{"@type":"WebPage","@id":"https:\/\/centresmolina.com\/centreensenyament\/2016\/06\/14\/projecte-demprenedoria-2016\/","url":"https:\/\/centresmolina.com\/centreensenyament\/2016\/06\/14\/projecte-demprenedoria-2016\/","name":"Projecte d'Emprenedoria 2016 - Centros de ense\u00f1anza","isPartOf":{"@id":"https:\/\/centresmolina.com\/centreensenyament\/#website"},"primaryImageOfPage":{"@id":"https:\/\/centresmolina.com\/centreensenyament\/2016\/06\/14\/projecte-demprenedoria-2016\/#primaryimage"},"image":{"@id":"https:\/\/centresmolina.com\/centreensenyament\/2016\/06\/14\/projecte-demprenedoria-2016\/#primaryimage"},"thumbnailUrl":"https:\/\/centresmolina.com\/centreensenyament\/files\/2016\/06\/Emprenedoria-2016-15.jpg","datePublished":"2016-06-14T19:42:10+00:00","dateModified":"2016-06-17T04:55:55+00:00","author":{"@id":"https:\/\/centresmolina.com\/centreensenyament\/#\/schema\/person\/308d85d274adff04b5c51d47e8aff6cc"},"breadcrumb":{"@id":"https:\/\/centresmolina.com\/centreensenyament\/2016\/06\/14\/projecte-demprenedoria-2016\/#breadcrumb"},"inLanguage":"ca","potentialAction":[{"@type":"ReadAction","target":["https:\/\/centresmolina.com\/centreensenyament\/2016\/06\/14\/projecte-demprenedoria-2016\/"]}]},{"@type":"ImageObject","inLanguage":"ca","@id":"https:\/\/centresmolina.com\/centreensenyament\/2016\/06\/14\/projecte-demprenedoria-2016\/#primaryimage","url":"https:\/\/centresmolina.com\/centreensenyament\/files\/2016\/06\/Emprenedoria-2016-15.jpg","contentUrl":"https:\/\/centresmolina.com\/centreensenyament\/files\/2016\/06\/Emprenedoria-2016-15.jpg","width":1280,"height":960},{"@type":"BreadcrumbList","@id":"https:\/\/centresmolina.com\/centreensenyament\/2016\/06\/14\/projecte-demprenedoria-2016\/#breadcrumb","itemListElement":[{"@type":"ListItem","position":1,"name":"Portada","item":"https:\/\/centresmolina.com\/centreensenyament\/"},{"@type":"ListItem","position":2,"name":"Projecte d&#8217;Emprenedoria 2016"}]},{"@type":"WebSite","@id":"https:\/\/centresmolina.com\/centreensenyament\/#website","url":"https:\/\/centresmolina.com\/centreensenyament\/","name":"Centros de ense\u00f1anza","description":"Centres Molina - Centros de ense\u00f1anza","potentialAction":[{"@type":"SearchAction","target":{"@type":"EntryPoint","urlTemplate":"https:\/\/centresmolina.com\/centreensenyament\/?s={search_term_string}"},"query-input":{"@type":"PropertyValueSpecification","valueRequired":true,"valueName":"search_term_string"}}],"inLanguage":"ca"},{"@type":"Person","@id":"https:\/\/centresmolina.com\/centreensenyament\/#\/schema\/person\/308d85d274adff04b5c51d47e8aff6cc","name":"webmolina","image":{"@type":"ImageObject","inLanguage":"ca","@id":"https:\/\/secure.gravatar.com\/avatar\/38db407e1ab9b284bf45e3bff4ec5cf1e034e364f09b2ee054619614662a717b?s=96&d=mm&r=g","url":"https:\/\/secure.gravatar.com\/avatar\/38db407e1ab9b284bf45e3bff4ec5cf1e034e364f09b2ee054619614662a717b?s=96&d=mm&r=g","contentUrl":"https:\/\/secure.gravatar.com\/avatar\/38db407e1ab9b284bf45e3bff4ec5cf1e034e364f09b2ee054619614662a717b?s=96&d=mm&r=g","caption":"webmolina"},"url":"https:\/\/centresmolina.com\/centreensenyament\/author\/webmolina\/"}]}},"_links":{"self":[{"href":"https:\/\/centresmolina.com\/centreensenyament\/wp-json\/wp\/v2\/posts\/2616","targetHints":{"allow":["GET"]}}],"collection":[{"href":"https:\/\/centresmolina.com\/centreensenyament\/wp-json\/wp\/v2\/posts"}],"about":[{"href":"https:\/\/centresmolina.com\/centreensenyament\/wp-json\/wp\/v2\/types\/post"}],"author":[{"embeddable":true,"href":"https:\/\/centresmolina.com\/centreensenyament\/wp-json\/wp\/v2\/users\/3"}],"replies":[{"embeddable":true,"href":"https:\/\/centresmolina.com\/centreensenyament\/wp-json\/wp\/v2\/comments?post=2616"}],"version-history":[{"count":3,"href":"https:\/\/centresmolina.com\/centreensenyament\/wp-json\/wp\/v2\/posts\/2616\/revisions"}],"predecessor-version":[{"id":2626,"href":"https:\/\/centresmolina.com\/centreensenyament\/wp-json\/wp\/v2\/posts\/2616\/revisions\/2626"}],"wp:featuredmedia":[{"embeddable":true,"href":"https:\/\/centresmolina.com\/centreensenyament\/wp-json\/wp\/v2\/media\/2615"}],"wp:attachment":[{"href":"https:\/\/centresmolina.com\/centreensenyament\/wp-json\/wp\/v2\/media?parent=2616"}],"wp:term":[{"taxonomy":"category","embeddable":true,"href":"https:\/\/centresmolina.com\/centreensenyament\/wp-json\/wp\/v2\/categories?post=2616"},{"taxonomy":"post_tag","embeddable":true,"href":"https:\/\/centresmolina.com\/centreensenyament\/wp-json\/wp\/v2\/tags?post=2616"}],"curies":[{"name":"wp","href":"https:\/\/api.w.org\/{rel}","templated":true}]}}