{"id":3105,"date":"2016-11-15T18:26:25","date_gmt":"2016-11-15T18:26:25","guid":{"rendered":"http:\/\/centresmolina.com\/centreensenyament\/?p=3105"},"modified":"2016-11-18T10:30:54","modified_gmt":"2016-11-18T10:30:54","slug":"ex-alumnes-la-nostra-escola-presenten-taller-tic-1er-leso","status":"publish","type":"post","link":"https:\/\/centresmolina.com\/centreensenyament\/2016\/11\/15\/ex-alumnes-la-nostra-escola-presenten-taller-tic-1er-leso\/","title":{"rendered":"Ex-alumnes de la nostra escola presenten un Taller sobre TIC a 1er de l&#8217;ESO"},"content":{"rendered":"<p style=\"text-align: left\">Aquesta setmana ens han visitat ex-alumnes de la nostra escola, estudiants de psicopedagogia a la Universitat de Barcelona, \u00a0per a oferir a l&#8217;alumnat de 1r de l&#8217;ESO una xerrada sobre les TIC.<\/p>\n<p style=\"text-align: left\"><a href=\"http:\/\/dessireepedagogia.blogspot.com.es\/2016\/11\/presentacion-de-las-tic-en-el-colegio.html\">Dessire\u00e9 Ari\u00f1o<\/a> , ens va fer una presentaci\u00f3 i exposici\u00f3 de l&#8217;\u00fas de les T\u00e9cniques d&#8217;Informaci\u00f3 i Comunicaci\u00f3 que treballen a la Facultat de Pedagogia.<\/p>\n<p style=\"text-align: left\">Tota una experi\u00e8ncia!<\/p>\n<p style=\"text-align: left\">El nostre agra\u00efment a aquestes brillants estudiants.<\/p>\n<p style=\"text-align: left\">Us deixem aqu\u00ed el link del seu treball<\/p>\n<h1 style=\"text-align: center\"><a href=\"http:\/\/&lt;iframe id=&quot;iframe_container&quot; frameborder=&quot;0&quot; webkitallowfullscreen=&quot;&quot; mozallowfullscreen=&quot;&quot; allowfullscreen=&quot;&quot; width=&quot;550&quot; height=&quot;400&quot; src=&quot;https:\/\/prezi.com\/embed\/p2ltsroia6d2\/?bgcolor=ffffff&amp;amp;lock_to_path=0&amp;amp;autoplay=0&amp;amp;autohide_ctrls=0&amp;amp;landing_data=bHVZZmNaNDBIWnNjdEVENDRhZDFNZGNIUE1lbnl2MUF6QnpwbUFiVmgwdDVFWTNWeEk3KzYzbnRHb0JnWkMxZw&amp;amp;landing_sign=YPxeK6J1U6cor3GQDRD2HMKCwCQ1Wf8cLlH38xxxp6g&quot;&gt;&lt;\/iframe&gt;\">Presentaci\u00f3<\/a><\/h1>\n<p>&nbsp;<\/p>\n<p>&nbsp;<\/p>\n","protected":false},"excerpt":{"rendered":"<p>Aquesta setmana ens han visitat ex-alumnes de la nostra escola, estudiants de psicopedagogia a la Universitat de Barcelona, \u00a0per a&#8230;<\/p>\n","protected":false},"author":3,"featured_media":3151,"comment_status":"open","ping_status":"open","sticky":false,"template":"","format":"standard","meta":{"footnotes":""},"categories":[5],"tags":[102,52,49,58,45,43,19,24,57,55,168,46,44,54,56,2414],"class_list":["post-3105","post","type-post","status-publish","format-standard","has-post-thumbnail","hentry","category-noticies","tag-1r-deso","tag-aprenentatge","tag-centre-de-suport","tag-desenvolupament-personal-i-academic","tag-educacio","tag-escola","tag-escola-molina","tag-eso","tag-estil-propi","tag-experiencia","tag-exposicio","tag-formacio","tag-molina","tag-orientacio-academica-i-professional","tag-pedagogia","tag-tic"],"yoast_head":"<!-- This site is optimized with the Yoast SEO plugin v28.1 - https:\/\/yoast.com\/product\/yoast-seo-wordpress\/ -->\n<title>Ex-alumnes de la nostra escola presenten un Taller sobre TIC a 1er de l&#039;ESO - Centros de ense\u00f1anza<\/title>\n<meta name=\"robots\" content=\"index, follow, max-snippet:-1, max-image-preview:large, max-video-preview:-1\" \/>\n<link rel=\"canonical\" href=\"https:\/\/centresmolina.com\/centreensenyament\/2016\/11\/15\/ex-alumnes-la-nostra-escola-presenten-taller-tic-1er-leso\/\" \/>\n<meta property=\"og:locale\" content=\"ca_ES\" \/>\n<meta property=\"og:type\" content=\"article\" \/>\n<meta property=\"og:title\" content=\"Ex-alumnes de la nostra escola presenten un Taller sobre TIC a 1er de l&#039;ESO - Centros de ense\u00f1anza\" \/>\n<meta property=\"og:description\" content=\"Aquesta setmana ens han visitat ex-alumnes de la nostra escola, estudiants de psicopedagogia a la Universitat de Barcelona, \u00a0per a...\" \/>\n<meta property=\"og:url\" content=\"https:\/\/centresmolina.com\/centreensenyament\/2016\/11\/15\/ex-alumnes-la-nostra-escola-presenten-taller-tic-1er-leso\/\" \/>\n<meta property=\"og:site_name\" content=\"Centros de ense\u00f1anza\" \/>\n<meta property=\"article:published_time\" content=\"2016-11-15T18:26:25+00:00\" \/>\n<meta property=\"article:modified_time\" content=\"2016-11-18T10:30:54+00:00\" \/>\n<meta property=\"og:image\" content=\"https:\/\/centresmolina.com\/centreensenyament\/files\/2016\/11\/TIC.jpg\" \/>\n\t<meta property=\"og:image:width\" content=\"1280\" \/>\n\t<meta property=\"og:image:height\" content=\"960\" \/>\n\t<meta property=\"og:image:type\" content=\"image\/jpeg\" \/>\n<meta name=\"author\" content=\"webmolina\" \/>\n<meta name=\"twitter:label1\" content=\"Escrit per\" \/>\n\t<meta name=\"twitter:data1\" content=\"webmolina\" \/>\n<script type=\"application\/ld+json\" class=\"yoast-schema-graph\">{\"@context\":\"https:\\\/\\\/schema.org\",\"@graph\":[{\"@type\":\"Article\",\"@id\":\"https:\\\/\\\/centresmolina.com\\\/centreensenyament\\\/2016\\\/11\\\/15\\\/ex-alumnes-la-nostra-escola-presenten-taller-tic-1er-leso\\\/#article\",\"isPartOf\":{\"@id\":\"https:\\\/\\\/centresmolina.com\\\/centreensenyament\\\/2016\\\/11\\\/15\\\/ex-alumnes-la-nostra-escola-presenten-taller-tic-1er-leso\\\/\"},\"author\":{\"name\":\"webmolina\",\"@id\":\"https:\\\/\\\/centresmolina.com\\\/centreensenyament\\\/#\\\/schema\\\/person\\\/308d85d274adff04b5c51d47e8aff6cc\"},\"headline\":\"Ex-alumnes de la nostra escola presenten un Taller sobre TIC a 1er de l&#8217;ESO\",\"datePublished\":\"2016-11-15T18:26:25+00:00\",\"dateModified\":\"2016-11-18T10:30:54+00:00\",\"mainEntityOfPage\":{\"@id\":\"https:\\\/\\\/centresmolina.com\\\/centreensenyament\\\/2016\\\/11\\\/15\\\/ex-alumnes-la-nostra-escola-presenten-taller-tic-1er-leso\\\/\"},\"wordCount\":96,\"commentCount\":0,\"image\":{\"@id\":\"https:\\\/\\\/centresmolina.com\\\/centreensenyament\\\/2016\\\/11\\\/15\\\/ex-alumnes-la-nostra-escola-presenten-taller-tic-1er-leso\\\/#primaryimage\"},\"thumbnailUrl\":\"https:\\\/\\\/centresmolina.com\\\/centreensenyament\\\/files\\\/2016\\\/11\\\/TIC.jpg\",\"keywords\":[\"1r d'ESO\",\"aprenentatge\",\"centre de suport\",\"desenvolupament personal i acad\u00e8mic\",\"educaci\u00f3\",\"Escola\",\"Escola Molina\",\"ESO\",\"estil propi\",\"experi\u00e8ncia\",\"Exposici\u00f3\",\"formaci\u00f3\",\"Molina\",\"orientaci\u00f3 acad\u00e8mica i professional\",\"pedagogia\",\"TIC\"],\"articleSection\":[\"Not\u00edcies\"],\"inLanguage\":\"ca\",\"potentialAction\":[{\"@type\":\"CommentAction\",\"name\":\"Comment\",\"target\":[\"https:\\\/\\\/centresmolina.com\\\/centreensenyament\\\/2016\\\/11\\\/15\\\/ex-alumnes-la-nostra-escola-presenten-taller-tic-1er-leso\\\/#respond\"]}]},{\"@type\":\"WebPage\",\"@id\":\"https:\\\/\\\/centresmolina.com\\\/centreensenyament\\\/2016\\\/11\\\/15\\\/ex-alumnes-la-nostra-escola-presenten-taller-tic-1er-leso\\\/\",\"url\":\"https:\\\/\\\/centresmolina.com\\\/centreensenyament\\\/2016\\\/11\\\/15\\\/ex-alumnes-la-nostra-escola-presenten-taller-tic-1er-leso\\\/\",\"name\":\"Ex-alumnes de la nostra escola presenten un Taller sobre TIC a 1er de l'ESO - Centros de ense\u00f1anza\",\"isPartOf\":{\"@id\":\"https:\\\/\\\/centresmolina.com\\\/centreensenyament\\\/#website\"},\"primaryImageOfPage\":{\"@id\":\"https:\\\/\\\/centresmolina.com\\\/centreensenyament\\\/2016\\\/11\\\/15\\\/ex-alumnes-la-nostra-escola-presenten-taller-tic-1er-leso\\\/#primaryimage\"},\"image\":{\"@id\":\"https:\\\/\\\/centresmolina.com\\\/centreensenyament\\\/2016\\\/11\\\/15\\\/ex-alumnes-la-nostra-escola-presenten-taller-tic-1er-leso\\\/#primaryimage\"},\"thumbnailUrl\":\"https:\\\/\\\/centresmolina.com\\\/centreensenyament\\\/files\\\/2016\\\/11\\\/TIC.jpg\",\"datePublished\":\"2016-11-15T18:26:25+00:00\",\"dateModified\":\"2016-11-18T10:30:54+00:00\",\"author\":{\"@id\":\"https:\\\/\\\/centresmolina.com\\\/centreensenyament\\\/#\\\/schema\\\/person\\\/308d85d274adff04b5c51d47e8aff6cc\"},\"breadcrumb\":{\"@id\":\"https:\\\/\\\/centresmolina.com\\\/centreensenyament\\\/2016\\\/11\\\/15\\\/ex-alumnes-la-nostra-escola-presenten-taller-tic-1er-leso\\\/#breadcrumb\"},\"inLanguage\":\"ca\",\"potentialAction\":[{\"@type\":\"ReadAction\",\"target\":[\"https:\\\/\\\/centresmolina.com\\\/centreensenyament\\\/2016\\\/11\\\/15\\\/ex-alumnes-la-nostra-escola-presenten-taller-tic-1er-leso\\\/\"]}]},{\"@type\":\"ImageObject\",\"inLanguage\":\"ca\",\"@id\":\"https:\\\/\\\/centresmolina.com\\\/centreensenyament\\\/2016\\\/11\\\/15\\\/ex-alumnes-la-nostra-escola-presenten-taller-tic-1er-leso\\\/#primaryimage\",\"url\":\"https:\\\/\\\/centresmolina.com\\\/centreensenyament\\\/files\\\/2016\\\/11\\\/TIC.jpg\",\"contentUrl\":\"https:\\\/\\\/centresmolina.com\\\/centreensenyament\\\/files\\\/2016\\\/11\\\/TIC.jpg\",\"width\":1280,\"height\":960},{\"@type\":\"BreadcrumbList\",\"@id\":\"https:\\\/\\\/centresmolina.com\\\/centreensenyament\\\/2016\\\/11\\\/15\\\/ex-alumnes-la-nostra-escola-presenten-taller-tic-1er-leso\\\/#breadcrumb\",\"itemListElement\":[{\"@type\":\"ListItem\",\"position\":1,\"name\":\"Portada\",\"item\":\"https:\\\/\\\/centresmolina.com\\\/centreensenyament\\\/\"},{\"@type\":\"ListItem\",\"position\":2,\"name\":\"Ex-alumnes de la nostra escola presenten un Taller sobre TIC a 1er de l&#8217;ESO\"}]},{\"@type\":\"WebSite\",\"@id\":\"https:\\\/\\\/centresmolina.com\\\/centreensenyament\\\/#website\",\"url\":\"https:\\\/\\\/centresmolina.com\\\/centreensenyament\\\/\",\"name\":\"Centros de ense\u00f1anza\",\"description\":\"Centres Molina - Centros de ense\u00f1anza\",\"potentialAction\":[{\"@type\":\"SearchAction\",\"target\":{\"@type\":\"EntryPoint\",\"urlTemplate\":\"https:\\\/\\\/centresmolina.com\\\/centreensenyament\\\/?s={search_term_string}\"},\"query-input\":{\"@type\":\"PropertyValueSpecification\",\"valueRequired\":true,\"valueName\":\"search_term_string\"}}],\"inLanguage\":\"ca\"},{\"@type\":\"Person\",\"@id\":\"https:\\\/\\\/centresmolina.com\\\/centreensenyament\\\/#\\\/schema\\\/person\\\/308d85d274adff04b5c51d47e8aff6cc\",\"name\":\"webmolina\",\"image\":{\"@type\":\"ImageObject\",\"inLanguage\":\"ca\",\"@id\":\"https:\\\/\\\/secure.gravatar.com\\\/avatar\\\/38db407e1ab9b284bf45e3bff4ec5cf1e034e364f09b2ee054619614662a717b?s=96&d=mm&r=g\",\"url\":\"https:\\\/\\\/secure.gravatar.com\\\/avatar\\\/38db407e1ab9b284bf45e3bff4ec5cf1e034e364f09b2ee054619614662a717b?s=96&d=mm&r=g\",\"contentUrl\":\"https:\\\/\\\/secure.gravatar.com\\\/avatar\\\/38db407e1ab9b284bf45e3bff4ec5cf1e034e364f09b2ee054619614662a717b?s=96&d=mm&r=g\",\"caption\":\"webmolina\"},\"url\":\"https:\\\/\\\/centresmolina.com\\\/centreensenyament\\\/author\\\/webmolina\\\/\"}]}<\/script>\n<!-- \/ Yoast SEO plugin. -->","yoast_head_json":{"title":"Ex-alumnes de la nostra escola presenten un Taller sobre TIC a 1er de l'ESO - Centros de ense\u00f1anza","robots":{"index":"index","follow":"follow","max-snippet":"max-snippet:-1","max-image-preview":"max-image-preview:large","max-video-preview":"max-video-preview:-1"},"canonical":"https:\/\/centresmolina.com\/centreensenyament\/2016\/11\/15\/ex-alumnes-la-nostra-escola-presenten-taller-tic-1er-leso\/","og_locale":"ca_ES","og_type":"article","og_title":"Ex-alumnes de la nostra escola presenten un Taller sobre TIC a 1er de l'ESO - Centros de ense\u00f1anza","og_description":"Aquesta setmana ens han visitat ex-alumnes de la nostra escola, estudiants de psicopedagogia a la Universitat de Barcelona, \u00a0per a...","og_url":"https:\/\/centresmolina.com\/centreensenyament\/2016\/11\/15\/ex-alumnes-la-nostra-escola-presenten-taller-tic-1er-leso\/","og_site_name":"Centros de ense\u00f1anza","article_published_time":"2016-11-15T18:26:25+00:00","article_modified_time":"2016-11-18T10:30:54+00:00","og_image":[{"width":1280,"height":960,"url":"https:\/\/centresmolina.com\/centreensenyament\/files\/2016\/11\/TIC.jpg","type":"image\/jpeg"}],"author":"webmolina","twitter_misc":{"Escrit per":"webmolina"},"schema":{"@context":"https:\/\/schema.org","@graph":[{"@type":"Article","@id":"https:\/\/centresmolina.com\/centreensenyament\/2016\/11\/15\/ex-alumnes-la-nostra-escola-presenten-taller-tic-1er-leso\/#article","isPartOf":{"@id":"https:\/\/centresmolina.com\/centreensenyament\/2016\/11\/15\/ex-alumnes-la-nostra-escola-presenten-taller-tic-1er-leso\/"},"author":{"name":"webmolina","@id":"https:\/\/centresmolina.com\/centreensenyament\/#\/schema\/person\/308d85d274adff04b5c51d47e8aff6cc"},"headline":"Ex-alumnes de la nostra escola presenten un Taller sobre TIC a 1er de l&#8217;ESO","datePublished":"2016-11-15T18:26:25+00:00","dateModified":"2016-11-18T10:30:54+00:00","mainEntityOfPage":{"@id":"https:\/\/centresmolina.com\/centreensenyament\/2016\/11\/15\/ex-alumnes-la-nostra-escola-presenten-taller-tic-1er-leso\/"},"wordCount":96,"commentCount":0,"image":{"@id":"https:\/\/centresmolina.com\/centreensenyament\/2016\/11\/15\/ex-alumnes-la-nostra-escola-presenten-taller-tic-1er-leso\/#primaryimage"},"thumbnailUrl":"https:\/\/centresmolina.com\/centreensenyament\/files\/2016\/11\/TIC.jpg","keywords":["1r d'ESO","aprenentatge","centre de suport","desenvolupament personal i acad\u00e8mic","educaci\u00f3","Escola","Escola Molina","ESO","estil propi","experi\u00e8ncia","Exposici\u00f3","formaci\u00f3","Molina","orientaci\u00f3 acad\u00e8mica i professional","pedagogia","TIC"],"articleSection":["Not\u00edcies"],"inLanguage":"ca","potentialAction":[{"@type":"CommentAction","name":"Comment","target":["https:\/\/centresmolina.com\/centreensenyament\/2016\/11\/15\/ex-alumnes-la-nostra-escola-presenten-taller-tic-1er-leso\/#respond"]}]},{"@type":"WebPage","@id":"https:\/\/centresmolina.com\/centreensenyament\/2016\/11\/15\/ex-alumnes-la-nostra-escola-presenten-taller-tic-1er-leso\/","url":"https:\/\/centresmolina.com\/centreensenyament\/2016\/11\/15\/ex-alumnes-la-nostra-escola-presenten-taller-tic-1er-leso\/","name":"Ex-alumnes de la nostra escola presenten un Taller sobre TIC a 1er de l'ESO - Centros de ense\u00f1anza","isPartOf":{"@id":"https:\/\/centresmolina.com\/centreensenyament\/#website"},"primaryImageOfPage":{"@id":"https:\/\/centresmolina.com\/centreensenyament\/2016\/11\/15\/ex-alumnes-la-nostra-escola-presenten-taller-tic-1er-leso\/#primaryimage"},"image":{"@id":"https:\/\/centresmolina.com\/centreensenyament\/2016\/11\/15\/ex-alumnes-la-nostra-escola-presenten-taller-tic-1er-leso\/#primaryimage"},"thumbnailUrl":"https:\/\/centresmolina.com\/centreensenyament\/files\/2016\/11\/TIC.jpg","datePublished":"2016-11-15T18:26:25+00:00","dateModified":"2016-11-18T10:30:54+00:00","author":{"@id":"https:\/\/centresmolina.com\/centreensenyament\/#\/schema\/person\/308d85d274adff04b5c51d47e8aff6cc"},"breadcrumb":{"@id":"https:\/\/centresmolina.com\/centreensenyament\/2016\/11\/15\/ex-alumnes-la-nostra-escola-presenten-taller-tic-1er-leso\/#breadcrumb"},"inLanguage":"ca","potentialAction":[{"@type":"ReadAction","target":["https:\/\/centresmolina.com\/centreensenyament\/2016\/11\/15\/ex-alumnes-la-nostra-escola-presenten-taller-tic-1er-leso\/"]}]},{"@type":"ImageObject","inLanguage":"ca","@id":"https:\/\/centresmolina.com\/centreensenyament\/2016\/11\/15\/ex-alumnes-la-nostra-escola-presenten-taller-tic-1er-leso\/#primaryimage","url":"https:\/\/centresmolina.com\/centreensenyament\/files\/2016\/11\/TIC.jpg","contentUrl":"https:\/\/centresmolina.com\/centreensenyament\/files\/2016\/11\/TIC.jpg","width":1280,"height":960},{"@type":"BreadcrumbList","@id":"https:\/\/centresmolina.com\/centreensenyament\/2016\/11\/15\/ex-alumnes-la-nostra-escola-presenten-taller-tic-1er-leso\/#breadcrumb","itemListElement":[{"@type":"ListItem","position":1,"name":"Portada","item":"https:\/\/centresmolina.com\/centreensenyament\/"},{"@type":"ListItem","position":2,"name":"Ex-alumnes de la nostra escola presenten un Taller sobre TIC a 1er de l&#8217;ESO"}]},{"@type":"WebSite","@id":"https:\/\/centresmolina.com\/centreensenyament\/#website","url":"https:\/\/centresmolina.com\/centreensenyament\/","name":"Centros de ense\u00f1anza","description":"Centres Molina - Centros de ense\u00f1anza","potentialAction":[{"@type":"SearchAction","target":{"@type":"EntryPoint","urlTemplate":"https:\/\/centresmolina.com\/centreensenyament\/?s={search_term_string}"},"query-input":{"@type":"PropertyValueSpecification","valueRequired":true,"valueName":"search_term_string"}}],"inLanguage":"ca"},{"@type":"Person","@id":"https:\/\/centresmolina.com\/centreensenyament\/#\/schema\/person\/308d85d274adff04b5c51d47e8aff6cc","name":"webmolina","image":{"@type":"ImageObject","inLanguage":"ca","@id":"https:\/\/secure.gravatar.com\/avatar\/38db407e1ab9b284bf45e3bff4ec5cf1e034e364f09b2ee054619614662a717b?s=96&d=mm&r=g","url":"https:\/\/secure.gravatar.com\/avatar\/38db407e1ab9b284bf45e3bff4ec5cf1e034e364f09b2ee054619614662a717b?s=96&d=mm&r=g","contentUrl":"https:\/\/secure.gravatar.com\/avatar\/38db407e1ab9b284bf45e3bff4ec5cf1e034e364f09b2ee054619614662a717b?s=96&d=mm&r=g","caption":"webmolina"},"url":"https:\/\/centresmolina.com\/centreensenyament\/author\/webmolina\/"}]}},"_links":{"self":[{"href":"https:\/\/centresmolina.com\/centreensenyament\/wp-json\/wp\/v2\/posts\/3105","targetHints":{"allow":["GET"]}}],"collection":[{"href":"https:\/\/centresmolina.com\/centreensenyament\/wp-json\/wp\/v2\/posts"}],"about":[{"href":"https:\/\/centresmolina.com\/centreensenyament\/wp-json\/wp\/v2\/types\/post"}],"author":[{"embeddable":true,"href":"https:\/\/centresmolina.com\/centreensenyament\/wp-json\/wp\/v2\/users\/3"}],"replies":[{"embeddable":true,"href":"https:\/\/centresmolina.com\/centreensenyament\/wp-json\/wp\/v2\/comments?post=3105"}],"version-history":[{"count":7,"href":"https:\/\/centresmolina.com\/centreensenyament\/wp-json\/wp\/v2\/posts\/3105\/revisions"}],"predecessor-version":[{"id":3196,"href":"https:\/\/centresmolina.com\/centreensenyament\/wp-json\/wp\/v2\/posts\/3105\/revisions\/3196"}],"wp:featuredmedia":[{"embeddable":true,"href":"https:\/\/centresmolina.com\/centreensenyament\/wp-json\/wp\/v2\/media\/3151"}],"wp:attachment":[{"href":"https:\/\/centresmolina.com\/centreensenyament\/wp-json\/wp\/v2\/media?parent=3105"}],"wp:term":[{"taxonomy":"category","embeddable":true,"href":"https:\/\/centresmolina.com\/centreensenyament\/wp-json\/wp\/v2\/categories?post=3105"},{"taxonomy":"post_tag","embeddable":true,"href":"https:\/\/centresmolina.com\/centreensenyament\/wp-json\/wp\/v2\/tags?post=3105"}],"curies":[{"name":"wp","href":"https:\/\/api.w.org\/{rel}","templated":true}]}}