{"id":3197,"date":"2016-11-18T10:34:22","date_gmt":"2016-11-18T10:34:22","guid":{"rendered":"http:\/\/centresmolina.com\/centreensenyament\/?p=3197"},"modified":"2016-11-20T11:14:14","modified_gmt":"2016-11-20T11:14:14","slug":"eleccions-del-consell-escolar","status":"publish","type":"post","link":"https:\/\/centresmolina.com\/centreensenyament\/2016\/11\/18\/eleccions-del-consell-escolar\/","title":{"rendered":"ELECCIONS DEL CONSELL ESCOLAR"},"content":{"rendered":"<p>A tots els membres de la Comunitat Educativa del centre COL\u00b7LEGI MOLINA.<\/p>\n<p>Comunico a vost\u00e8s que segons el DOGC de 28-09-2016, va publicar RESOLUCI\u00d3 ENS\/2172\/2016, de 13 de setembre, per la qual s\u2019estableix el calendari del proc\u00e9s electoral per renovar els membres dels consells escolars dels \u00a0centres p\u00fablics i\u00a0 privats sostinguts amb fons p\u00fablics.<\/p>\n<p>L\u2019educaci\u00f3 \u00e9s una tasca prou dif\u00edcil i que implica diferents responsabilitats. \u00c9s necessari que els diferents estaments que hi estan implicats esdevinguin una aut\u00e8ntica Comunitat Educativa. Un dels elements b\u00e0sics per a contribuir-hi \u00e9s el bon funcionament dels organismes de participaci\u00f3. El Consell Escolar facilita que els professors, els pares d\u2019alumnes, els alumnes, el personal d\u2019administraci\u00f3 i serveis participin de manera corresponsable en el govern i la gesti\u00f3 del Centre.<\/p>\n<p>Per aix\u00f2, la participaci\u00f3 t\u00e9 una gran import\u00e0ncia en el funcionament dels centres docents.<\/p>\n<p>Aquesta participaci\u00f3 d\u00f3na ocasi\u00f3 a prestar un servei gener\u00f3s i comen\u00e7a amb la presentaci\u00f3 de candidatures i la votaci\u00f3 posterior.<\/p>\n<p>El Calendari del proc\u00e9s electoral ser\u00e0 fins al 15 de desembre de 2016, segons consta en el Taulell d\u2019Anuncis.<\/p>\n<p>Atentament,<\/p>\n<p>La Direcci\u00f3<\/p>\n<p>&nbsp;<\/p>\n","protected":false},"excerpt":{"rendered":"<p>A tots els membres de la Comunitat Educativa del centre COL\u00b7LEGI MOLINA. Comunico a vost\u00e8s que segons el DOGC de&#8230;<\/p>\n","protected":false},"author":3,"featured_media":3198,"comment_status":"open","ping_status":"open","sticky":false,"template":"","format":"standard","meta":{"footnotes":""},"categories":[5],"tags":[49,191,53,43,19,24,46,44],"class_list":["post-3197","post","type-post","status-publish","format-standard","has-post-thumbnail","hentry","category-noticies","tag-centre-de-suport","tag-consell-escolar","tag-ensenyament","tag-escola","tag-escola-molina","tag-eso","tag-formacio","tag-molina"],"yoast_head":"<!-- This site is optimized with the Yoast SEO plugin v27.2 - https:\/\/yoast.com\/product\/yoast-seo-wordpress\/ -->\n<title>ELECCIONS DEL CONSELL ESCOLAR - Centros de ense\u00f1anza<\/title>\n<meta name=\"robots\" content=\"index, follow, max-snippet:-1, max-image-preview:large, max-video-preview:-1\" \/>\n<link rel=\"canonical\" href=\"https:\/\/centresmolina.com\/centreensenyament\/2016\/11\/18\/eleccions-del-consell-escolar\/\" \/>\n<meta property=\"og:locale\" content=\"ca_ES\" \/>\n<meta property=\"og:type\" content=\"article\" \/>\n<meta property=\"og:title\" content=\"ELECCIONS DEL CONSELL ESCOLAR - Centros de ense\u00f1anza\" \/>\n<meta property=\"og:description\" content=\"A tots els membres de la Comunitat Educativa del centre COL\u00b7LEGI MOLINA. Comunico a vost\u00e8s que segons el DOGC de...\" \/>\n<meta property=\"og:url\" content=\"https:\/\/centresmolina.com\/centreensenyament\/2016\/11\/18\/eleccions-del-consell-escolar\/\" \/>\n<meta property=\"og:site_name\" content=\"Centros de ense\u00f1anza\" \/>\n<meta property=\"article:published_time\" content=\"2016-11-18T10:34:22+00:00\" \/>\n<meta property=\"article:modified_time\" content=\"2016-11-20T11:14:14+00:00\" \/>\n<meta property=\"og:image\" content=\"https:\/\/centresmolina.com\/centreensenyament\/files\/2016\/11\/eleccions-consell-escolar.jpg\" \/>\n\t<meta property=\"og:image:width\" content=\"960\" \/>\n\t<meta property=\"og:image:height\" content=\"720\" \/>\n\t<meta property=\"og:image:type\" content=\"image\/jpeg\" \/>\n<meta name=\"author\" content=\"webmolina\" \/>\n<meta name=\"twitter:label1\" content=\"Escrit per\" \/>\n\t<meta name=\"twitter:data1\" content=\"webmolina\" \/>\n\t<meta name=\"twitter:label2\" content=\"Temps estimat de lectura\" \/>\n\t<meta name=\"twitter:data2\" content=\"1 minut\" \/>\n<script type=\"application\/ld+json\" class=\"yoast-schema-graph\">{\"@context\":\"https:\/\/schema.org\",\"@graph\":[{\"@type\":\"Article\",\"@id\":\"https:\/\/centresmolina.com\/centreensenyament\/2016\/11\/18\/eleccions-del-consell-escolar\/#article\",\"isPartOf\":{\"@id\":\"https:\/\/centresmolina.com\/centreensenyament\/2016\/11\/18\/eleccions-del-consell-escolar\/\"},\"author\":{\"name\":\"webmolina\",\"@id\":\"https:\/\/centresmolina.com\/centreensenyament\/#\/schema\/person\/308d85d274adff04b5c51d47e8aff6cc\"},\"headline\":\"ELECCIONS DEL CONSELL ESCOLAR\",\"datePublished\":\"2016-11-18T10:34:22+00:00\",\"dateModified\":\"2016-11-20T11:14:14+00:00\",\"mainEntityOfPage\":{\"@id\":\"https:\/\/centresmolina.com\/centreensenyament\/2016\/11\/18\/eleccions-del-consell-escolar\/\"},\"wordCount\":201,\"commentCount\":0,\"image\":{\"@id\":\"https:\/\/centresmolina.com\/centreensenyament\/2016\/11\/18\/eleccions-del-consell-escolar\/#primaryimage\"},\"thumbnailUrl\":\"https:\/\/centresmolina.com\/centreensenyament\/files\/2016\/11\/eleccions-consell-escolar.jpg\",\"keywords\":[\"centre de suport\",\"Consell Escolar\",\"ensenyament\",\"Escola\",\"Escola Molina\",\"ESO\",\"formaci\u00f3\",\"Molina\"],\"articleSection\":[\"Not\u00edcies\"],\"inLanguage\":\"ca\",\"potentialAction\":[{\"@type\":\"CommentAction\",\"name\":\"Comment\",\"target\":[\"https:\/\/centresmolina.com\/centreensenyament\/2016\/11\/18\/eleccions-del-consell-escolar\/#respond\"]}]},{\"@type\":\"WebPage\",\"@id\":\"https:\/\/centresmolina.com\/centreensenyament\/2016\/11\/18\/eleccions-del-consell-escolar\/\",\"url\":\"https:\/\/centresmolina.com\/centreensenyament\/2016\/11\/18\/eleccions-del-consell-escolar\/\",\"name\":\"ELECCIONS DEL CONSELL ESCOLAR - Centros de ense\u00f1anza\",\"isPartOf\":{\"@id\":\"https:\/\/centresmolina.com\/centreensenyament\/#website\"},\"primaryImageOfPage\":{\"@id\":\"https:\/\/centresmolina.com\/centreensenyament\/2016\/11\/18\/eleccions-del-consell-escolar\/#primaryimage\"},\"image\":{\"@id\":\"https:\/\/centresmolina.com\/centreensenyament\/2016\/11\/18\/eleccions-del-consell-escolar\/#primaryimage\"},\"thumbnailUrl\":\"https:\/\/centresmolina.com\/centreensenyament\/files\/2016\/11\/eleccions-consell-escolar.jpg\",\"datePublished\":\"2016-11-18T10:34:22+00:00\",\"dateModified\":\"2016-11-20T11:14:14+00:00\",\"author\":{\"@id\":\"https:\/\/centresmolina.com\/centreensenyament\/#\/schema\/person\/308d85d274adff04b5c51d47e8aff6cc\"},\"breadcrumb\":{\"@id\":\"https:\/\/centresmolina.com\/centreensenyament\/2016\/11\/18\/eleccions-del-consell-escolar\/#breadcrumb\"},\"inLanguage\":\"ca\",\"potentialAction\":[{\"@type\":\"ReadAction\",\"target\":[\"https:\/\/centresmolina.com\/centreensenyament\/2016\/11\/18\/eleccions-del-consell-escolar\/\"]}]},{\"@type\":\"ImageObject\",\"inLanguage\":\"ca\",\"@id\":\"https:\/\/centresmolina.com\/centreensenyament\/2016\/11\/18\/eleccions-del-consell-escolar\/#primaryimage\",\"url\":\"https:\/\/centresmolina.com\/centreensenyament\/files\/2016\/11\/eleccions-consell-escolar.jpg\",\"contentUrl\":\"https:\/\/centresmolina.com\/centreensenyament\/files\/2016\/11\/eleccions-consell-escolar.jpg\",\"width\":960,\"height\":720},{\"@type\":\"BreadcrumbList\",\"@id\":\"https:\/\/centresmolina.com\/centreensenyament\/2016\/11\/18\/eleccions-del-consell-escolar\/#breadcrumb\",\"itemListElement\":[{\"@type\":\"ListItem\",\"position\":1,\"name\":\"Portada\",\"item\":\"https:\/\/centresmolina.com\/centreensenyament\/\"},{\"@type\":\"ListItem\",\"position\":2,\"name\":\"ELECCIONS DEL CONSELL ESCOLAR\"}]},{\"@type\":\"WebSite\",\"@id\":\"https:\/\/centresmolina.com\/centreensenyament\/#website\",\"url\":\"https:\/\/centresmolina.com\/centreensenyament\/\",\"name\":\"Centros de ense\u00f1anza\",\"description\":\"Centres Molina - Centros de ense\u00f1anza\",\"potentialAction\":[{\"@type\":\"SearchAction\",\"target\":{\"@type\":\"EntryPoint\",\"urlTemplate\":\"https:\/\/centresmolina.com\/centreensenyament\/?s={search_term_string}\"},\"query-input\":{\"@type\":\"PropertyValueSpecification\",\"valueRequired\":true,\"valueName\":\"search_term_string\"}}],\"inLanguage\":\"ca\"},{\"@type\":\"Person\",\"@id\":\"https:\/\/centresmolina.com\/centreensenyament\/#\/schema\/person\/308d85d274adff04b5c51d47e8aff6cc\",\"name\":\"webmolina\",\"image\":{\"@type\":\"ImageObject\",\"inLanguage\":\"ca\",\"@id\":\"https:\/\/secure.gravatar.com\/avatar\/38db407e1ab9b284bf45e3bff4ec5cf1e034e364f09b2ee054619614662a717b?s=96&d=mm&r=g\",\"url\":\"https:\/\/secure.gravatar.com\/avatar\/38db407e1ab9b284bf45e3bff4ec5cf1e034e364f09b2ee054619614662a717b?s=96&d=mm&r=g\",\"contentUrl\":\"https:\/\/secure.gravatar.com\/avatar\/38db407e1ab9b284bf45e3bff4ec5cf1e034e364f09b2ee054619614662a717b?s=96&d=mm&r=g\",\"caption\":\"webmolina\"},\"url\":\"https:\/\/centresmolina.com\/centreensenyament\/author\/webmolina\/\"}]}<\/script>\n<!-- \/ Yoast SEO plugin. -->","yoast_head_json":{"title":"ELECCIONS DEL CONSELL ESCOLAR - Centros de ense\u00f1anza","robots":{"index":"index","follow":"follow","max-snippet":"max-snippet:-1","max-image-preview":"max-image-preview:large","max-video-preview":"max-video-preview:-1"},"canonical":"https:\/\/centresmolina.com\/centreensenyament\/2016\/11\/18\/eleccions-del-consell-escolar\/","og_locale":"ca_ES","og_type":"article","og_title":"ELECCIONS DEL CONSELL ESCOLAR - Centros de ense\u00f1anza","og_description":"A tots els membres de la Comunitat Educativa del centre COL\u00b7LEGI MOLINA. Comunico a vost\u00e8s que segons el DOGC de...","og_url":"https:\/\/centresmolina.com\/centreensenyament\/2016\/11\/18\/eleccions-del-consell-escolar\/","og_site_name":"Centros de ense\u00f1anza","article_published_time":"2016-11-18T10:34:22+00:00","article_modified_time":"2016-11-20T11:14:14+00:00","og_image":[{"width":960,"height":720,"url":"https:\/\/centresmolina.com\/centreensenyament\/files\/2016\/11\/eleccions-consell-escolar.jpg","type":"image\/jpeg"}],"author":"webmolina","twitter_misc":{"Escrit per":"webmolina","Temps estimat de lectura":"1 minut"},"schema":{"@context":"https:\/\/schema.org","@graph":[{"@type":"Article","@id":"https:\/\/centresmolina.com\/centreensenyament\/2016\/11\/18\/eleccions-del-consell-escolar\/#article","isPartOf":{"@id":"https:\/\/centresmolina.com\/centreensenyament\/2016\/11\/18\/eleccions-del-consell-escolar\/"},"author":{"name":"webmolina","@id":"https:\/\/centresmolina.com\/centreensenyament\/#\/schema\/person\/308d85d274adff04b5c51d47e8aff6cc"},"headline":"ELECCIONS DEL CONSELL ESCOLAR","datePublished":"2016-11-18T10:34:22+00:00","dateModified":"2016-11-20T11:14:14+00:00","mainEntityOfPage":{"@id":"https:\/\/centresmolina.com\/centreensenyament\/2016\/11\/18\/eleccions-del-consell-escolar\/"},"wordCount":201,"commentCount":0,"image":{"@id":"https:\/\/centresmolina.com\/centreensenyament\/2016\/11\/18\/eleccions-del-consell-escolar\/#primaryimage"},"thumbnailUrl":"https:\/\/centresmolina.com\/centreensenyament\/files\/2016\/11\/eleccions-consell-escolar.jpg","keywords":["centre de suport","Consell Escolar","ensenyament","Escola","Escola Molina","ESO","formaci\u00f3","Molina"],"articleSection":["Not\u00edcies"],"inLanguage":"ca","potentialAction":[{"@type":"CommentAction","name":"Comment","target":["https:\/\/centresmolina.com\/centreensenyament\/2016\/11\/18\/eleccions-del-consell-escolar\/#respond"]}]},{"@type":"WebPage","@id":"https:\/\/centresmolina.com\/centreensenyament\/2016\/11\/18\/eleccions-del-consell-escolar\/","url":"https:\/\/centresmolina.com\/centreensenyament\/2016\/11\/18\/eleccions-del-consell-escolar\/","name":"ELECCIONS DEL CONSELL ESCOLAR - Centros de ense\u00f1anza","isPartOf":{"@id":"https:\/\/centresmolina.com\/centreensenyament\/#website"},"primaryImageOfPage":{"@id":"https:\/\/centresmolina.com\/centreensenyament\/2016\/11\/18\/eleccions-del-consell-escolar\/#primaryimage"},"image":{"@id":"https:\/\/centresmolina.com\/centreensenyament\/2016\/11\/18\/eleccions-del-consell-escolar\/#primaryimage"},"thumbnailUrl":"https:\/\/centresmolina.com\/centreensenyament\/files\/2016\/11\/eleccions-consell-escolar.jpg","datePublished":"2016-11-18T10:34:22+00:00","dateModified":"2016-11-20T11:14:14+00:00","author":{"@id":"https:\/\/centresmolina.com\/centreensenyament\/#\/schema\/person\/308d85d274adff04b5c51d47e8aff6cc"},"breadcrumb":{"@id":"https:\/\/centresmolina.com\/centreensenyament\/2016\/11\/18\/eleccions-del-consell-escolar\/#breadcrumb"},"inLanguage":"ca","potentialAction":[{"@type":"ReadAction","target":["https:\/\/centresmolina.com\/centreensenyament\/2016\/11\/18\/eleccions-del-consell-escolar\/"]}]},{"@type":"ImageObject","inLanguage":"ca","@id":"https:\/\/centresmolina.com\/centreensenyament\/2016\/11\/18\/eleccions-del-consell-escolar\/#primaryimage","url":"https:\/\/centresmolina.com\/centreensenyament\/files\/2016\/11\/eleccions-consell-escolar.jpg","contentUrl":"https:\/\/centresmolina.com\/centreensenyament\/files\/2016\/11\/eleccions-consell-escolar.jpg","width":960,"height":720},{"@type":"BreadcrumbList","@id":"https:\/\/centresmolina.com\/centreensenyament\/2016\/11\/18\/eleccions-del-consell-escolar\/#breadcrumb","itemListElement":[{"@type":"ListItem","position":1,"name":"Portada","item":"https:\/\/centresmolina.com\/centreensenyament\/"},{"@type":"ListItem","position":2,"name":"ELECCIONS DEL CONSELL ESCOLAR"}]},{"@type":"WebSite","@id":"https:\/\/centresmolina.com\/centreensenyament\/#website","url":"https:\/\/centresmolina.com\/centreensenyament\/","name":"Centros de ense\u00f1anza","description":"Centres Molina - Centros de ense\u00f1anza","potentialAction":[{"@type":"SearchAction","target":{"@type":"EntryPoint","urlTemplate":"https:\/\/centresmolina.com\/centreensenyament\/?s={search_term_string}"},"query-input":{"@type":"PropertyValueSpecification","valueRequired":true,"valueName":"search_term_string"}}],"inLanguage":"ca"},{"@type":"Person","@id":"https:\/\/centresmolina.com\/centreensenyament\/#\/schema\/person\/308d85d274adff04b5c51d47e8aff6cc","name":"webmolina","image":{"@type":"ImageObject","inLanguage":"ca","@id":"https:\/\/secure.gravatar.com\/avatar\/38db407e1ab9b284bf45e3bff4ec5cf1e034e364f09b2ee054619614662a717b?s=96&d=mm&r=g","url":"https:\/\/secure.gravatar.com\/avatar\/38db407e1ab9b284bf45e3bff4ec5cf1e034e364f09b2ee054619614662a717b?s=96&d=mm&r=g","contentUrl":"https:\/\/secure.gravatar.com\/avatar\/38db407e1ab9b284bf45e3bff4ec5cf1e034e364f09b2ee054619614662a717b?s=96&d=mm&r=g","caption":"webmolina"},"url":"https:\/\/centresmolina.com\/centreensenyament\/author\/webmolina\/"}]}},"_links":{"self":[{"href":"https:\/\/centresmolina.com\/centreensenyament\/wp-json\/wp\/v2\/posts\/3197","targetHints":{"allow":["GET"]}}],"collection":[{"href":"https:\/\/centresmolina.com\/centreensenyament\/wp-json\/wp\/v2\/posts"}],"about":[{"href":"https:\/\/centresmolina.com\/centreensenyament\/wp-json\/wp\/v2\/types\/post"}],"author":[{"embeddable":true,"href":"https:\/\/centresmolina.com\/centreensenyament\/wp-json\/wp\/v2\/users\/3"}],"replies":[{"embeddable":true,"href":"https:\/\/centresmolina.com\/centreensenyament\/wp-json\/wp\/v2\/comments?post=3197"}],"version-history":[{"count":2,"href":"https:\/\/centresmolina.com\/centreensenyament\/wp-json\/wp\/v2\/posts\/3197\/revisions"}],"predecessor-version":[{"id":3211,"href":"https:\/\/centresmolina.com\/centreensenyament\/wp-json\/wp\/v2\/posts\/3197\/revisions\/3211"}],"wp:featuredmedia":[{"embeddable":true,"href":"https:\/\/centresmolina.com\/centreensenyament\/wp-json\/wp\/v2\/media\/3198"}],"wp:attachment":[{"href":"https:\/\/centresmolina.com\/centreensenyament\/wp-json\/wp\/v2\/media?parent=3197"}],"wp:term":[{"taxonomy":"category","embeddable":true,"href":"https:\/\/centresmolina.com\/centreensenyament\/wp-json\/wp\/v2\/categories?post=3197"},{"taxonomy":"post_tag","embeddable":true,"href":"https:\/\/centresmolina.com\/centreensenyament\/wp-json\/wp\/v2\/tags?post=3197"}],"curies":[{"name":"wp","href":"https:\/\/api.w.org\/{rel}","templated":true}]}}