{"id":4858,"date":"2017-06-19T09:14:34","date_gmt":"2017-06-19T09:14:34","guid":{"rendered":"http:\/\/centresmolina.com\/centreensenyament\/?p=4858\/"},"modified":"2017-06-19T09:41:51","modified_gmt":"2017-06-19T09:41:51","slug":"2n-deso-visita-la-planta-revaloritzacio-energetica","status":"publish","type":"post","link":"https:\/\/centresmolina.com\/centreensenyament\/2017\/06\/19\/2n-deso-visita-la-planta-revaloritzacio-energetica\/","title":{"rendered":"2n d&#8217;ESO visita  la Planta de Revaloritzaci\u00f3 Energ\u00e8tica"},"content":{"rendered":"<p>Els alumnes de 2n d&#8217;ESO hem visitat la Planta de Revaloritzaci\u00f3 Energ\u00e8tica de Sant Adri\u00e0 del Bes\u00f2s per finalitzar el tema de l&#8217;energia que s&#8217;ha treballat a l&#8217;\u00e0rea de Tecnologia.<br \/>\nLa visita estava dividida en dues parts:<br \/>\nLa primera ha estat te\u00f2rica i hem recordat els tipus de contenidors de la deixalla que hi ha (color i materials que s&#8217;hi poden abocar) i ens han explicat qu\u00e8 es fa a l&#8217;Ecoparc i a la planta, aix\u00ed com la import\u00e0ncia de separar i contribuir a la protecci\u00f3 del medi ambient.<\/p>\n\n\t\t<style type=\"text\/css\">\n\t\t\t#gallery-1 {\n\t\t\t\tmargin: auto;\n\t\t\t}\n\t\t\t#gallery-1 .gallery-item {\n\t\t\t\tfloat: left;\n\t\t\t\tmargin-top: 10px;\n\t\t\t\ttext-align: center;\n\t\t\t\twidth: 50%;\n\t\t\t}\n\t\t\t#gallery-1 img {\n\t\t\t\tborder: 2px solid #cfcfcf;\n\t\t\t}\n\t\t\t#gallery-1 .gallery-caption {\n\t\t\t\tmargin-left: 0;\n\t\t\t}\n\t\t\t\/* see gallery_shortcode() in wp-includes\/media.php *\/\n\t\t<\/style>\n\t\t<div id='gallery-1' class='gallery galleryid-4858 gallery-columns-2 gallery-size-medium'><dl class='gallery-item'>\n\t\t\t<dt class='gallery-icon landscape'>\n\t\t\t\t<a href='https:\/\/centresmolina.com\/centreensenyament\/files\/2017\/06\/Planta-de-revaloritzaci\u00f3-energ\u00e8tica-9.jpg'><img loading=\"lazy\" decoding=\"async\" width=\"300\" height=\"215\" src=\"https:\/\/centresmolina.com\/centreensenyament\/files\/2017\/06\/Planta-de-revaloritzaci\u00f3-energ\u00e8tica-9-300x215.jpg\" class=\"attachment-medium size-medium\" alt=\"\" srcset=\"https:\/\/centresmolina.com\/centreensenyament\/files\/2017\/06\/Planta-de-revaloritzaci\u00f3-energ\u00e8tica-9-300x215.jpg 300w, https:\/\/centresmolina.com\/centreensenyament\/files\/2017\/06\/Planta-de-revaloritzaci\u00f3-energ\u00e8tica-9-768x551.jpg 768w, https:\/\/centresmolina.com\/centreensenyament\/files\/2017\/06\/Planta-de-revaloritzaci\u00f3-energ\u00e8tica-9-1024x735.jpg 1024w, https:\/\/centresmolina.com\/centreensenyament\/files\/2017\/06\/Planta-de-revaloritzaci\u00f3-energ\u00e8tica-9.jpg 1886w\" sizes=\"auto, (max-width: 300px) 100vw, 300px\" \/><\/a>\n\t\t\t<\/dt><\/dl><dl class='gallery-item'>\n\t\t\t<dt class='gallery-icon landscape'>\n\t\t\t\t<a href='https:\/\/centresmolina.com\/centreensenyament\/files\/2017\/06\/Planta-de-revaloritzaci\u00f3-energ\u00e8tica-6.jpg'><img loading=\"lazy\" decoding=\"async\" width=\"300\" height=\"225\" src=\"https:\/\/centresmolina.com\/centreensenyament\/files\/2017\/06\/Planta-de-revaloritzaci\u00f3-energ\u00e8tica-6-300x225.jpg\" class=\"attachment-medium size-medium\" alt=\"\" srcset=\"https:\/\/centresmolina.com\/centreensenyament\/files\/2017\/06\/Planta-de-revaloritzaci\u00f3-energ\u00e8tica-6-300x225.jpg 300w, https:\/\/centresmolina.com\/centreensenyament\/files\/2017\/06\/Planta-de-revaloritzaci\u00f3-energ\u00e8tica-6-768x576.jpg 768w, https:\/\/centresmolina.com\/centreensenyament\/files\/2017\/06\/Planta-de-revaloritzaci\u00f3-energ\u00e8tica-6-1024x768.jpg 1024w\" sizes=\"auto, (max-width: 300px) 100vw, 300px\" \/><\/a>\n\t\t\t<\/dt><\/dl><br style=\"clear: both\" \/><dl class='gallery-item'>\n\t\t\t<dt class='gallery-icon landscape'>\n\t\t\t\t<a href='https:\/\/centresmolina.com\/centreensenyament\/files\/2017\/06\/Planta-de-revaloritzaci\u00f3-energ\u00e8tica-10.jpg'><img loading=\"lazy\" decoding=\"async\" width=\"300\" height=\"188\" src=\"https:\/\/centresmolina.com\/centreensenyament\/files\/2017\/06\/Planta-de-revaloritzaci\u00f3-energ\u00e8tica-10-300x188.jpg\" class=\"attachment-medium size-medium\" alt=\"\" srcset=\"https:\/\/centresmolina.com\/centreensenyament\/files\/2017\/06\/Planta-de-revaloritzaci\u00f3-energ\u00e8tica-10-300x188.jpg 300w, https:\/\/centresmolina.com\/centreensenyament\/files\/2017\/06\/Planta-de-revaloritzaci\u00f3-energ\u00e8tica-10-768x481.jpg 768w, https:\/\/centresmolina.com\/centreensenyament\/files\/2017\/06\/Planta-de-revaloritzaci\u00f3-energ\u00e8tica-10-1024x642.jpg 1024w\" sizes=\"auto, (max-width: 300px) 100vw, 300px\" \/><\/a>\n\t\t\t<\/dt><\/dl><dl class='gallery-item'>\n\t\t\t<dt class='gallery-icon landscape'>\n\t\t\t\t<a href='https:\/\/centresmolina.com\/centreensenyament\/files\/2017\/06\/Planta-de-revaloritzaci\u00f3-energ\u00e8tica-7.jpg'><img loading=\"lazy\" decoding=\"async\" width=\"300\" height=\"225\" src=\"https:\/\/centresmolina.com\/centreensenyament\/files\/2017\/06\/Planta-de-revaloritzaci\u00f3-energ\u00e8tica-7-300x225.jpg\" class=\"attachment-medium size-medium\" alt=\"\" srcset=\"https:\/\/centresmolina.com\/centreensenyament\/files\/2017\/06\/Planta-de-revaloritzaci\u00f3-energ\u00e8tica-7-300x225.jpg 300w, https:\/\/centresmolina.com\/centreensenyament\/files\/2017\/06\/Planta-de-revaloritzaci\u00f3-energ\u00e8tica-7-768x576.jpg 768w, https:\/\/centresmolina.com\/centreensenyament\/files\/2017\/06\/Planta-de-revaloritzaci\u00f3-energ\u00e8tica-7-1024x768.jpg 1024w\" sizes=\"auto, (max-width: 300px) 100vw, 300px\" \/><\/a>\n\t\t\t<\/dt><\/dl><br style=\"clear: both\" \/><dl class='gallery-item'>\n\t\t\t<dt class='gallery-icon landscape'>\n\t\t\t\t<a href='https:\/\/centresmolina.com\/centreensenyament\/files\/2017\/06\/Planta-de-revaloritzaci\u00f3-energ\u00e8tica-5.jpg'><img loading=\"lazy\" decoding=\"async\" width=\"300\" height=\"225\" src=\"https:\/\/centresmolina.com\/centreensenyament\/files\/2017\/06\/Planta-de-revaloritzaci\u00f3-energ\u00e8tica-5-300x225.jpg\" class=\"attachment-medium size-medium\" alt=\"\" srcset=\"https:\/\/centresmolina.com\/centreensenyament\/files\/2017\/06\/Planta-de-revaloritzaci\u00f3-energ\u00e8tica-5-300x225.jpg 300w, https:\/\/centresmolina.com\/centreensenyament\/files\/2017\/06\/Planta-de-revaloritzaci\u00f3-energ\u00e8tica-5-768x576.jpg 768w, https:\/\/centresmolina.com\/centreensenyament\/files\/2017\/06\/Planta-de-revaloritzaci\u00f3-energ\u00e8tica-5-1024x768.jpg 1024w\" sizes=\"auto, (max-width: 300px) 100vw, 300px\" \/><\/a>\n\t\t\t<\/dt><\/dl><dl class='gallery-item'>\n\t\t\t<dt class='gallery-icon landscape'>\n\t\t\t\t<a href='https:\/\/centresmolina.com\/centreensenyament\/files\/2017\/06\/Planta-de-revaloritzaci\u00f3-energ\u00e8tica-4.jpg'><img loading=\"lazy\" decoding=\"async\" width=\"300\" height=\"225\" src=\"https:\/\/centresmolina.com\/centreensenyament\/files\/2017\/06\/Planta-de-revaloritzaci\u00f3-energ\u00e8tica-4-300x225.jpg\" class=\"attachment-medium size-medium\" alt=\"\" srcset=\"https:\/\/centresmolina.com\/centreensenyament\/files\/2017\/06\/Planta-de-revaloritzaci\u00f3-energ\u00e8tica-4-300x225.jpg 300w, https:\/\/centresmolina.com\/centreensenyament\/files\/2017\/06\/Planta-de-revaloritzaci\u00f3-energ\u00e8tica-4-768x576.jpg 768w, https:\/\/centresmolina.com\/centreensenyament\/files\/2017\/06\/Planta-de-revaloritzaci\u00f3-energ\u00e8tica-4-1024x768.jpg 1024w\" sizes=\"auto, (max-width: 300px) 100vw, 300px\" \/><\/a>\n\t\t\t<\/dt><\/dl><br style=\"clear: both\" \/><dl class='gallery-item'>\n\t\t\t<dt class='gallery-icon landscape'>\n\t\t\t\t<a href='https:\/\/centresmolina.com\/centreensenyament\/files\/2017\/06\/Planta-de-revaloritzaci\u00f3-energ\u00e8tica-25.jpg'><img loading=\"lazy\" decoding=\"async\" width=\"300\" height=\"225\" src=\"https:\/\/centresmolina.com\/centreensenyament\/files\/2017\/06\/Planta-de-revaloritzaci\u00f3-energ\u00e8tica-25-300x225.jpg\" class=\"attachment-medium size-medium\" alt=\"\" srcset=\"https:\/\/centresmolina.com\/centreensenyament\/files\/2017\/06\/Planta-de-revaloritzaci\u00f3-energ\u00e8tica-25-300x225.jpg 300w, https:\/\/centresmolina.com\/centreensenyament\/files\/2017\/06\/Planta-de-revaloritzaci\u00f3-energ\u00e8tica-25-768x576.jpg 768w, https:\/\/centresmolina.com\/centreensenyament\/files\/2017\/06\/Planta-de-revaloritzaci\u00f3-energ\u00e8tica-25-1024x768.jpg 1024w\" sizes=\"auto, (max-width: 300px) 100vw, 300px\" \/><\/a>\n\t\t\t<\/dt><\/dl><dl class='gallery-item'>\n\t\t\t<dt class='gallery-icon landscape'>\n\t\t\t\t<a href='https:\/\/centresmolina.com\/centreensenyament\/files\/2017\/06\/Planta-de-revaloritzaci\u00f3-energ\u00e8tica-26.jpg'><img loading=\"lazy\" decoding=\"async\" width=\"300\" height=\"225\" src=\"https:\/\/centresmolina.com\/centreensenyament\/files\/2017\/06\/Planta-de-revaloritzaci\u00f3-energ\u00e8tica-26-300x225.jpg\" class=\"attachment-medium size-medium\" alt=\"\" srcset=\"https:\/\/centresmolina.com\/centreensenyament\/files\/2017\/06\/Planta-de-revaloritzaci\u00f3-energ\u00e8tica-26-300x225.jpg 300w, https:\/\/centresmolina.com\/centreensenyament\/files\/2017\/06\/Planta-de-revaloritzaci\u00f3-energ\u00e8tica-26-768x576.jpg 768w, https:\/\/centresmolina.com\/centreensenyament\/files\/2017\/06\/Planta-de-revaloritzaci\u00f3-energ\u00e8tica-26-1024x768.jpg 1024w\" sizes=\"auto, (max-width: 300px) 100vw, 300px\" \/><\/a>\n\t\t\t<\/dt><\/dl><br style=\"clear: both\" \/>\n\t\t<\/div>\n\n<p>En la segona part de la visita hem fet un recorregut per la instal\u00b7laci\u00f3: hem vist l&#8217;\u00e0rea de recepci\u00f3 de la brossa, la de separaci\u00f3, com s&#8217;alimenten les calderes i els forns.<\/p>\n\n\t\t<style type=\"text\/css\">\n\t\t\t#gallery-2 {\n\t\t\t\tmargin: auto;\n\t\t\t}\n\t\t\t#gallery-2 .gallery-item {\n\t\t\t\tfloat: left;\n\t\t\t\tmargin-top: 10px;\n\t\t\t\ttext-align: center;\n\t\t\t\twidth: 50%;\n\t\t\t}\n\t\t\t#gallery-2 img {\n\t\t\t\tborder: 2px solid #cfcfcf;\n\t\t\t}\n\t\t\t#gallery-2 .gallery-caption {\n\t\t\t\tmargin-left: 0;\n\t\t\t}\n\t\t\t\/* see gallery_shortcode() in wp-includes\/media.php *\/\n\t\t<\/style>\n\t\t<div id='gallery-2' class='gallery galleryid-4858 gallery-columns-2 gallery-size-medium'><dl class='gallery-item'>\n\t\t\t<dt class='gallery-icon landscape'>\n\t\t\t\t<a href='https:\/\/centresmolina.com\/centreensenyament\/files\/2017\/06\/Planta-de-revaloritzaci\u00f3-energ\u00e8tica.jpg'><img loading=\"lazy\" decoding=\"async\" width=\"300\" height=\"225\" src=\"https:\/\/centresmolina.com\/centreensenyament\/files\/2017\/06\/Planta-de-revaloritzaci\u00f3-energ\u00e8tica-300x225.jpg\" class=\"attachment-medium size-medium\" alt=\"\" srcset=\"https:\/\/centresmolina.com\/centreensenyament\/files\/2017\/06\/Planta-de-revaloritzaci\u00f3-energ\u00e8tica-300x225.jpg 300w, https:\/\/centresmolina.com\/centreensenyament\/files\/2017\/06\/Planta-de-revaloritzaci\u00f3-energ\u00e8tica-768x576.jpg 768w, https:\/\/centresmolina.com\/centreensenyament\/files\/2017\/06\/Planta-de-revaloritzaci\u00f3-energ\u00e8tica-1024x768.jpg 1024w\" sizes=\"auto, (max-width: 300px) 100vw, 300px\" \/><\/a>\n\t\t\t<\/dt><\/dl><dl class='gallery-item'>\n\t\t\t<dt class='gallery-icon landscape'>\n\t\t\t\t<a href='https:\/\/centresmolina.com\/centreensenyament\/files\/2017\/06\/Planta-revaloritzaci\u00f3-energ\u00e8tica-2.jpg'><img loading=\"lazy\" decoding=\"async\" width=\"300\" height=\"225\" src=\"https:\/\/centresmolina.com\/centreensenyament\/files\/2017\/06\/Planta-revaloritzaci\u00f3-energ\u00e8tica-2-300x225.jpg\" class=\"attachment-medium size-medium\" alt=\"\" srcset=\"https:\/\/centresmolina.com\/centreensenyament\/files\/2017\/06\/Planta-revaloritzaci\u00f3-energ\u00e8tica-2-300x225.jpg 300w, https:\/\/centresmolina.com\/centreensenyament\/files\/2017\/06\/Planta-revaloritzaci\u00f3-energ\u00e8tica-2-768x576.jpg 768w, https:\/\/centresmolina.com\/centreensenyament\/files\/2017\/06\/Planta-revaloritzaci\u00f3-energ\u00e8tica-2-1024x768.jpg 1024w\" sizes=\"auto, (max-width: 300px) 100vw, 300px\" \/><\/a>\n\t\t\t<\/dt><\/dl><br style=\"clear: both\" \/><dl class='gallery-item'>\n\t\t\t<dt class='gallery-icon landscape'>\n\t\t\t\t<a href='https:\/\/centresmolina.com\/centreensenyament\/files\/2017\/06\/Planta-revaloritzaci\u00f3-energ\u00e8tica-1.jpg'><img loading=\"lazy\" decoding=\"async\" width=\"300\" height=\"225\" src=\"https:\/\/centresmolina.com\/centreensenyament\/files\/2017\/06\/Planta-revaloritzaci\u00f3-energ\u00e8tica-1-300x225.jpg\" class=\"attachment-medium size-medium\" alt=\"\" srcset=\"https:\/\/centresmolina.com\/centreensenyament\/files\/2017\/06\/Planta-revaloritzaci\u00f3-energ\u00e8tica-1-300x225.jpg 300w, https:\/\/centresmolina.com\/centreensenyament\/files\/2017\/06\/Planta-revaloritzaci\u00f3-energ\u00e8tica-1-768x576.jpg 768w, https:\/\/centresmolina.com\/centreensenyament\/files\/2017\/06\/Planta-revaloritzaci\u00f3-energ\u00e8tica-1-1024x768.jpg 1024w\" sizes=\"auto, (max-width: 300px) 100vw, 300px\" \/><\/a>\n\t\t\t<\/dt><\/dl><dl class='gallery-item'>\n\t\t\t<dt class='gallery-icon landscape'>\n\t\t\t\t<a href='https:\/\/centresmolina.com\/centreensenyament\/files\/2017\/06\/Planta-de-revaloritzaci\u00f3-energ\u00e8tica-21.jpg'><img loading=\"lazy\" decoding=\"async\" width=\"300\" height=\"225\" src=\"https:\/\/centresmolina.com\/centreensenyament\/files\/2017\/06\/Planta-de-revaloritzaci\u00f3-energ\u00e8tica-21-300x225.jpg\" class=\"attachment-medium size-medium\" alt=\"\" srcset=\"https:\/\/centresmolina.com\/centreensenyament\/files\/2017\/06\/Planta-de-revaloritzaci\u00f3-energ\u00e8tica-21-300x225.jpg 300w, https:\/\/centresmolina.com\/centreensenyament\/files\/2017\/06\/Planta-de-revaloritzaci\u00f3-energ\u00e8tica-21-768x576.jpg 768w, https:\/\/centresmolina.com\/centreensenyament\/files\/2017\/06\/Planta-de-revaloritzaci\u00f3-energ\u00e8tica-21-1024x768.jpg 1024w\" sizes=\"auto, (max-width: 300px) 100vw, 300px\" \/><\/a>\n\t\t\t<\/dt><\/dl><br style=\"clear: both\" \/><dl class='gallery-item'>\n\t\t\t<dt class='gallery-icon landscape'>\n\t\t\t\t<a href='https:\/\/centresmolina.com\/centreensenyament\/files\/2017\/06\/Planta-de-revaloritzaci\u00f3-energ\u00e8tica-19.jpg'><img loading=\"lazy\" decoding=\"async\" width=\"300\" height=\"225\" src=\"https:\/\/centresmolina.com\/centreensenyament\/files\/2017\/06\/Planta-de-revaloritzaci\u00f3-energ\u00e8tica-19-300x225.jpg\" class=\"attachment-medium size-medium\" alt=\"\" srcset=\"https:\/\/centresmolina.com\/centreensenyament\/files\/2017\/06\/Planta-de-revaloritzaci\u00f3-energ\u00e8tica-19-300x225.jpg 300w, https:\/\/centresmolina.com\/centreensenyament\/files\/2017\/06\/Planta-de-revaloritzaci\u00f3-energ\u00e8tica-19-768x576.jpg 768w, https:\/\/centresmolina.com\/centreensenyament\/files\/2017\/06\/Planta-de-revaloritzaci\u00f3-energ\u00e8tica-19-1024x768.jpg 1024w\" sizes=\"auto, (max-width: 300px) 100vw, 300px\" \/><\/a>\n\t\t\t<\/dt><\/dl><dl class='gallery-item'>\n\t\t\t<dt class='gallery-icon landscape'>\n\t\t\t\t<a href='https:\/\/centresmolina.com\/centreensenyament\/files\/2017\/06\/Planta-revaloritzaci\u00f3-energ\u00e8tica.jpg'><img loading=\"lazy\" decoding=\"async\" width=\"300\" height=\"225\" src=\"https:\/\/centresmolina.com\/centreensenyament\/files\/2017\/06\/Planta-revaloritzaci\u00f3-energ\u00e8tica-300x225.jpg\" class=\"attachment-medium size-medium\" alt=\"\" srcset=\"https:\/\/centresmolina.com\/centreensenyament\/files\/2017\/06\/Planta-revaloritzaci\u00f3-energ\u00e8tica-300x225.jpg 300w, https:\/\/centresmolina.com\/centreensenyament\/files\/2017\/06\/Planta-revaloritzaci\u00f3-energ\u00e8tica-768x576.jpg 768w, https:\/\/centresmolina.com\/centreensenyament\/files\/2017\/06\/Planta-revaloritzaci\u00f3-energ\u00e8tica-1024x768.jpg 1024w\" sizes=\"auto, (max-width: 300px) 100vw, 300px\" \/><\/a>\n\t\t\t<\/dt><\/dl><br style=\"clear: both\" \/><dl class='gallery-item'>\n\t\t\t<dt class='gallery-icon landscape'>\n\t\t\t\t<a href='https:\/\/centresmolina.com\/centreensenyament\/files\/2017\/06\/Planta-de-revaloritzaci\u00f3-energ\u00e8tica-20.jpg'><img loading=\"lazy\" decoding=\"async\" width=\"300\" height=\"225\" src=\"https:\/\/centresmolina.com\/centreensenyament\/files\/2017\/06\/Planta-de-revaloritzaci\u00f3-energ\u00e8tica-20-300x225.jpg\" class=\"attachment-medium size-medium\" alt=\"\" srcset=\"https:\/\/centresmolina.com\/centreensenyament\/files\/2017\/06\/Planta-de-revaloritzaci\u00f3-energ\u00e8tica-20-300x225.jpg 300w, https:\/\/centresmolina.com\/centreensenyament\/files\/2017\/06\/Planta-de-revaloritzaci\u00f3-energ\u00e8tica-20-768x576.jpg 768w, https:\/\/centresmolina.com\/centreensenyament\/files\/2017\/06\/Planta-de-revaloritzaci\u00f3-energ\u00e8tica-20-1024x768.jpg 1024w\" sizes=\"auto, (max-width: 300px) 100vw, 300px\" \/><\/a>\n\t\t\t<\/dt><\/dl><dl class='gallery-item'>\n\t\t\t<dt class='gallery-icon landscape'>\n\t\t\t\t<a href='https:\/\/centresmolina.com\/centreensenyament\/files\/2017\/06\/Planta-de-revaloritzaci\u00f3-energ\u00e8tica-22.jpg'><img loading=\"lazy\" decoding=\"async\" width=\"300\" height=\"225\" src=\"https:\/\/centresmolina.com\/centreensenyament\/files\/2017\/06\/Planta-de-revaloritzaci\u00f3-energ\u00e8tica-22-300x225.jpg\" class=\"attachment-medium size-medium\" alt=\"\" srcset=\"https:\/\/centresmolina.com\/centreensenyament\/files\/2017\/06\/Planta-de-revaloritzaci\u00f3-energ\u00e8tica-22-300x225.jpg 300w, https:\/\/centresmolina.com\/centreensenyament\/files\/2017\/06\/Planta-de-revaloritzaci\u00f3-energ\u00e8tica-22-768x576.jpg 768w, https:\/\/centresmolina.com\/centreensenyament\/files\/2017\/06\/Planta-de-revaloritzaci\u00f3-energ\u00e8tica-22-1024x768.jpg 1024w\" sizes=\"auto, (max-width: 300px) 100vw, 300px\" \/><\/a>\n\t\t\t<\/dt><\/dl><br style=\"clear: both\" \/><dl class='gallery-item'>\n\t\t\t<dt class='gallery-icon landscape'>\n\t\t\t\t<a href='https:\/\/centresmolina.com\/centreensenyament\/files\/2017\/06\/Planta-de-revaloritzaci\u00f3-energ\u00e8tica-23.jpg'><img loading=\"lazy\" decoding=\"async\" width=\"300\" height=\"225\" src=\"https:\/\/centresmolina.com\/centreensenyament\/files\/2017\/06\/Planta-de-revaloritzaci\u00f3-energ\u00e8tica-23-300x225.jpg\" class=\"attachment-medium size-medium\" alt=\"\" srcset=\"https:\/\/centresmolina.com\/centreensenyament\/files\/2017\/06\/Planta-de-revaloritzaci\u00f3-energ\u00e8tica-23-300x225.jpg 300w, https:\/\/centresmolina.com\/centreensenyament\/files\/2017\/06\/Planta-de-revaloritzaci\u00f3-energ\u00e8tica-23-768x576.jpg 768w, https:\/\/centresmolina.com\/centreensenyament\/files\/2017\/06\/Planta-de-revaloritzaci\u00f3-energ\u00e8tica-23-1024x768.jpg 1024w\" sizes=\"auto, (max-width: 300px) 100vw, 300px\" \/><\/a>\n\t\t\t<\/dt><\/dl><dl class='gallery-item'>\n\t\t\t<dt class='gallery-icon landscape'>\n\t\t\t\t<a href='https:\/\/centresmolina.com\/centreensenyament\/files\/2017\/06\/Planta-de-revaloritzaci\u00f3-energ\u00e8tica-24.jpg'><img loading=\"lazy\" decoding=\"async\" width=\"300\" height=\"225\" src=\"https:\/\/centresmolina.com\/centreensenyament\/files\/2017\/06\/Planta-de-revaloritzaci\u00f3-energ\u00e8tica-24-300x225.jpg\" class=\"attachment-medium size-medium\" alt=\"\" srcset=\"https:\/\/centresmolina.com\/centreensenyament\/files\/2017\/06\/Planta-de-revaloritzaci\u00f3-energ\u00e8tica-24-300x225.jpg 300w, https:\/\/centresmolina.com\/centreensenyament\/files\/2017\/06\/Planta-de-revaloritzaci\u00f3-energ\u00e8tica-24-768x576.jpg 768w, https:\/\/centresmolina.com\/centreensenyament\/files\/2017\/06\/Planta-de-revaloritzaci\u00f3-energ\u00e8tica-24-1024x768.jpg 1024w\" sizes=\"auto, (max-width: 300px) 100vw, 300px\" \/><\/a>\n\t\t\t<\/dt><\/dl><br style=\"clear: both\" \/><dl class='gallery-item'>\n\t\t\t<dt class='gallery-icon landscape'>\n\t\t\t\t<a href='https:\/\/centresmolina.com\/centreensenyament\/files\/2017\/06\/Planta-de-revaloritzaci\u00f3-energ\u00e8tica-8.jpg'><img loading=\"lazy\" decoding=\"async\" width=\"300\" height=\"225\" src=\"https:\/\/centresmolina.com\/centreensenyament\/files\/2017\/06\/Planta-de-revaloritzaci\u00f3-energ\u00e8tica-8-300x225.jpg\" class=\"attachment-medium size-medium\" alt=\"\" srcset=\"https:\/\/centresmolina.com\/centreensenyament\/files\/2017\/06\/Planta-de-revaloritzaci\u00f3-energ\u00e8tica-8-300x225.jpg 300w, https:\/\/centresmolina.com\/centreensenyament\/files\/2017\/06\/Planta-de-revaloritzaci\u00f3-energ\u00e8tica-8.jpg 640w\" sizes=\"auto, (max-width: 300px) 100vw, 300px\" \/><\/a>\n\t\t\t<\/dt><\/dl><dl class='gallery-item'>\n\t\t\t<dt class='gallery-icon landscape'>\n\t\t\t\t<a href='https:\/\/centresmolina.com\/centreensenyament\/files\/2017\/06\/Planta-de-revaloritzaci\u00f3-energ\u00e8tica-18.jpg'><img loading=\"lazy\" decoding=\"async\" width=\"300\" height=\"225\" src=\"https:\/\/centresmolina.com\/centreensenyament\/files\/2017\/06\/Planta-de-revaloritzaci\u00f3-energ\u00e8tica-18-300x225.jpg\" class=\"attachment-medium size-medium\" alt=\"\" srcset=\"https:\/\/centresmolina.com\/centreensenyament\/files\/2017\/06\/Planta-de-revaloritzaci\u00f3-energ\u00e8tica-18-300x225.jpg 300w, https:\/\/centresmolina.com\/centreensenyament\/files\/2017\/06\/Planta-de-revaloritzaci\u00f3-energ\u00e8tica-18-768x576.jpg 768w, https:\/\/centresmolina.com\/centreensenyament\/files\/2017\/06\/Planta-de-revaloritzaci\u00f3-energ\u00e8tica-18-1024x768.jpg 1024w\" sizes=\"auto, (max-width: 300px) 100vw, 300px\" \/><\/a>\n\t\t\t<\/dt><\/dl><br style=\"clear: both\" \/><dl class='gallery-item'>\n\t\t\t<dt class='gallery-icon landscape'>\n\t\t\t\t<a href='https:\/\/centresmolina.com\/centreensenyament\/files\/2017\/06\/Planta-de-revaloritzaci\u00f3-energ\u00e8tica-17.jpg'><img loading=\"lazy\" decoding=\"async\" width=\"300\" height=\"225\" src=\"https:\/\/centresmolina.com\/centreensenyament\/files\/2017\/06\/Planta-de-revaloritzaci\u00f3-energ\u00e8tica-17-300x225.jpg\" class=\"attachment-medium size-medium\" alt=\"\" srcset=\"https:\/\/centresmolina.com\/centreensenyament\/files\/2017\/06\/Planta-de-revaloritzaci\u00f3-energ\u00e8tica-17-300x225.jpg 300w, https:\/\/centresmolina.com\/centreensenyament\/files\/2017\/06\/Planta-de-revaloritzaci\u00f3-energ\u00e8tica-17-768x576.jpg 768w, https:\/\/centresmolina.com\/centreensenyament\/files\/2017\/06\/Planta-de-revaloritzaci\u00f3-energ\u00e8tica-17-1024x768.jpg 1024w\" sizes=\"auto, (max-width: 300px) 100vw, 300px\" \/><\/a>\n\t\t\t<\/dt><\/dl><dl class='gallery-item'>\n\t\t\t<dt class='gallery-icon landscape'>\n\t\t\t\t<a href='https:\/\/centresmolina.com\/centreensenyament\/files\/2017\/06\/Planta-de-revaloritzaci\u00f3-energ\u00e8tica-16.jpg'><img loading=\"lazy\" decoding=\"async\" width=\"300\" height=\"225\" src=\"https:\/\/centresmolina.com\/centreensenyament\/files\/2017\/06\/Planta-de-revaloritzaci\u00f3-energ\u00e8tica-16-300x225.jpg\" class=\"attachment-medium size-medium\" alt=\"\" srcset=\"https:\/\/centresmolina.com\/centreensenyament\/files\/2017\/06\/Planta-de-revaloritzaci\u00f3-energ\u00e8tica-16-300x225.jpg 300w, https:\/\/centresmolina.com\/centreensenyament\/files\/2017\/06\/Planta-de-revaloritzaci\u00f3-energ\u00e8tica-16-768x576.jpg 768w, https:\/\/centresmolina.com\/centreensenyament\/files\/2017\/06\/Planta-de-revaloritzaci\u00f3-energ\u00e8tica-16-1024x768.jpg 1024w\" sizes=\"auto, (max-width: 300px) 100vw, 300px\" \/><\/a>\n\t\t\t<\/dt><\/dl><br style=\"clear: both\" \/>\n\t\t<\/div>\n\n<p>Hem passat una mica de calor per\u00f2 ha estat interessant!<\/p>\n","protected":false},"excerpt":{"rendered":"<p>Els alumnes de 2n d&#8217;ESO hem visitat la Planta de Revaloritzaci\u00f3 Energ\u00e8tica de Sant Adri\u00e0 del Bes\u00f2s per finalitzar el&#8230;<\/p>\n","protected":false},"author":3,"featured_media":4871,"comment_status":"open","ping_status":"open","sticky":false,"template":"","format":"standard","meta":{"footnotes":""},"categories":[5],"tags":[86,52,58,47,19,18,50],"class_list":["post-4858","post","type-post","status-publish","format-standard","has-post-thumbnail","hentry","category-noticies","tag-2n-deso","tag-aprenentatge","tag-desenvolupament-personal-i-academic","tag-educacio-secundaria-obligatoria","tag-escola-molina","tag-sortida","tag-tecnologia"],"yoast_head":"<!-- This site is optimized with the Yoast SEO plugin v27.2 - https:\/\/yoast.com\/product\/yoast-seo-wordpress\/ -->\n<title>2n d&#039;ESO visita la Planta de Revaloritzaci\u00f3 Energ\u00e8tica - Centros de ense\u00f1anza<\/title>\n<meta name=\"robots\" content=\"index, follow, max-snippet:-1, max-image-preview:large, max-video-preview:-1\" \/>\n<link rel=\"canonical\" href=\"https:\/\/centresmolina.com\/centreensenyament\/2017\/06\/19\/2n-deso-visita-la-planta-revaloritzacio-energetica\/\" \/>\n<meta property=\"og:locale\" content=\"ca_ES\" \/>\n<meta property=\"og:type\" content=\"article\" \/>\n<meta property=\"og:title\" content=\"2n d&#039;ESO visita la Planta de Revaloritzaci\u00f3 Energ\u00e8tica - Centros de ense\u00f1anza\" \/>\n<meta property=\"og:description\" content=\"Els alumnes de 2n d&#8217;ESO hem visitat la Planta de Revaloritzaci\u00f3 Energ\u00e8tica de Sant Adri\u00e0 del Bes\u00f2s per finalitzar el...\" \/>\n<meta property=\"og:url\" content=\"https:\/\/centresmolina.com\/centreensenyament\/2017\/06\/19\/2n-deso-visita-la-planta-revaloritzacio-energetica\/\" \/>\n<meta property=\"og:site_name\" content=\"Centros de ense\u00f1anza\" \/>\n<meta property=\"article:published_time\" content=\"2017-06-19T09:14:34+00:00\" \/>\n<meta property=\"article:modified_time\" content=\"2017-06-19T09:41:51+00:00\" \/>\n<meta property=\"og:image\" content=\"https:\/\/centresmolina.com\/centreensenyament\/files\/2017\/06\/Planta-de-revaloritzaci\u00f3-energ\u00e8tica-11.jpg\" \/>\n\t<meta property=\"og:image:width\" content=\"640\" \/>\n\t<meta property=\"og:image:height\" content=\"480\" \/>\n\t<meta property=\"og:image:type\" content=\"image\/jpeg\" \/>\n<meta name=\"author\" content=\"webmolina\" \/>\n<meta name=\"twitter:label1\" content=\"Escrit per\" \/>\n\t<meta name=\"twitter:data1\" content=\"webmolina\" \/>\n\t<meta name=\"twitter:label2\" content=\"Temps estimat de lectura\" \/>\n\t<meta name=\"twitter:data2\" content=\"1 minut\" \/>\n<script type=\"application\/ld+json\" class=\"yoast-schema-graph\">{\"@context\":\"https:\/\/schema.org\",\"@graph\":[{\"@type\":\"Article\",\"@id\":\"https:\/\/centresmolina.com\/centreensenyament\/2017\/06\/19\/2n-deso-visita-la-planta-revaloritzacio-energetica\/#article\",\"isPartOf\":{\"@id\":\"https:\/\/centresmolina.com\/centreensenyament\/2017\/06\/19\/2n-deso-visita-la-planta-revaloritzacio-energetica\/\"},\"author\":{\"name\":\"webmolina\",\"@id\":\"https:\/\/centresmolina.com\/centreensenyament\/#\/schema\/person\/308d85d274adff04b5c51d47e8aff6cc\"},\"headline\":\"2n d&#8217;ESO visita la Planta de Revaloritzaci\u00f3 Energ\u00e8tica\",\"datePublished\":\"2017-06-19T09:14:34+00:00\",\"dateModified\":\"2017-06-19T09:41:51+00:00\",\"mainEntityOfPage\":{\"@id\":\"https:\/\/centresmolina.com\/centreensenyament\/2017\/06\/19\/2n-deso-visita-la-planta-revaloritzacio-energetica\/\"},\"wordCount\":161,\"commentCount\":0,\"image\":{\"@id\":\"https:\/\/centresmolina.com\/centreensenyament\/2017\/06\/19\/2n-deso-visita-la-planta-revaloritzacio-energetica\/#primaryimage\"},\"thumbnailUrl\":\"https:\/\/centresmolina.com\/centreensenyament\/files\/2017\/06\/Planta-de-revaloritzaci\u00f3-energ\u00e8tica-11.jpg\",\"keywords\":[\"2n d'ESO\",\"aprenentatge\",\"desenvolupament personal i acad\u00e8mic\",\"educaci\u00f3 secund\u00e0ria obligat\u00f2ria\",\"Escola Molina\",\"Sortida\",\"tecnologia\"],\"articleSection\":[\"Not\u00edcies\"],\"inLanguage\":\"ca\",\"potentialAction\":[{\"@type\":\"CommentAction\",\"name\":\"Comment\",\"target\":[\"https:\/\/centresmolina.com\/centreensenyament\/2017\/06\/19\/2n-deso-visita-la-planta-revaloritzacio-energetica\/#respond\"]}]},{\"@type\":\"WebPage\",\"@id\":\"https:\/\/centresmolina.com\/centreensenyament\/2017\/06\/19\/2n-deso-visita-la-planta-revaloritzacio-energetica\/\",\"url\":\"https:\/\/centresmolina.com\/centreensenyament\/2017\/06\/19\/2n-deso-visita-la-planta-revaloritzacio-energetica\/\",\"name\":\"2n d'ESO visita la Planta de Revaloritzaci\u00f3 Energ\u00e8tica - Centros de ense\u00f1anza\",\"isPartOf\":{\"@id\":\"https:\/\/centresmolina.com\/centreensenyament\/#website\"},\"primaryImageOfPage\":{\"@id\":\"https:\/\/centresmolina.com\/centreensenyament\/2017\/06\/19\/2n-deso-visita-la-planta-revaloritzacio-energetica\/#primaryimage\"},\"image\":{\"@id\":\"https:\/\/centresmolina.com\/centreensenyament\/2017\/06\/19\/2n-deso-visita-la-planta-revaloritzacio-energetica\/#primaryimage\"},\"thumbnailUrl\":\"https:\/\/centresmolina.com\/centreensenyament\/files\/2017\/06\/Planta-de-revaloritzaci\u00f3-energ\u00e8tica-11.jpg\",\"datePublished\":\"2017-06-19T09:14:34+00:00\",\"dateModified\":\"2017-06-19T09:41:51+00:00\",\"author\":{\"@id\":\"https:\/\/centresmolina.com\/centreensenyament\/#\/schema\/person\/308d85d274adff04b5c51d47e8aff6cc\"},\"breadcrumb\":{\"@id\":\"https:\/\/centresmolina.com\/centreensenyament\/2017\/06\/19\/2n-deso-visita-la-planta-revaloritzacio-energetica\/#breadcrumb\"},\"inLanguage\":\"ca\",\"potentialAction\":[{\"@type\":\"ReadAction\",\"target\":[\"https:\/\/centresmolina.com\/centreensenyament\/2017\/06\/19\/2n-deso-visita-la-planta-revaloritzacio-energetica\/\"]}]},{\"@type\":\"ImageObject\",\"inLanguage\":\"ca\",\"@id\":\"https:\/\/centresmolina.com\/centreensenyament\/2017\/06\/19\/2n-deso-visita-la-planta-revaloritzacio-energetica\/#primaryimage\",\"url\":\"https:\/\/centresmolina.com\/centreensenyament\/files\/2017\/06\/Planta-de-revaloritzaci\u00f3-energ\u00e8tica-11.jpg\",\"contentUrl\":\"https:\/\/centresmolina.com\/centreensenyament\/files\/2017\/06\/Planta-de-revaloritzaci\u00f3-energ\u00e8tica-11.jpg\",\"width\":640,\"height\":480},{\"@type\":\"BreadcrumbList\",\"@id\":\"https:\/\/centresmolina.com\/centreensenyament\/2017\/06\/19\/2n-deso-visita-la-planta-revaloritzacio-energetica\/#breadcrumb\",\"itemListElement\":[{\"@type\":\"ListItem\",\"position\":1,\"name\":\"Portada\",\"item\":\"https:\/\/centresmolina.com\/centreensenyament\/\"},{\"@type\":\"ListItem\",\"position\":2,\"name\":\"2n d&#8217;ESO visita la Planta de Revaloritzaci\u00f3 Energ\u00e8tica\"}]},{\"@type\":\"WebSite\",\"@id\":\"https:\/\/centresmolina.com\/centreensenyament\/#website\",\"url\":\"https:\/\/centresmolina.com\/centreensenyament\/\",\"name\":\"Centros de ense\u00f1anza\",\"description\":\"Centres Molina - Centros de ense\u00f1anza\",\"potentialAction\":[{\"@type\":\"SearchAction\",\"target\":{\"@type\":\"EntryPoint\",\"urlTemplate\":\"https:\/\/centresmolina.com\/centreensenyament\/?s={search_term_string}\"},\"query-input\":{\"@type\":\"PropertyValueSpecification\",\"valueRequired\":true,\"valueName\":\"search_term_string\"}}],\"inLanguage\":\"ca\"},{\"@type\":\"Person\",\"@id\":\"https:\/\/centresmolina.com\/centreensenyament\/#\/schema\/person\/308d85d274adff04b5c51d47e8aff6cc\",\"name\":\"webmolina\",\"image\":{\"@type\":\"ImageObject\",\"inLanguage\":\"ca\",\"@id\":\"https:\/\/secure.gravatar.com\/avatar\/38db407e1ab9b284bf45e3bff4ec5cf1e034e364f09b2ee054619614662a717b?s=96&d=mm&r=g\",\"url\":\"https:\/\/secure.gravatar.com\/avatar\/38db407e1ab9b284bf45e3bff4ec5cf1e034e364f09b2ee054619614662a717b?s=96&d=mm&r=g\",\"contentUrl\":\"https:\/\/secure.gravatar.com\/avatar\/38db407e1ab9b284bf45e3bff4ec5cf1e034e364f09b2ee054619614662a717b?s=96&d=mm&r=g\",\"caption\":\"webmolina\"},\"url\":\"https:\/\/centresmolina.com\/centreensenyament\/author\/webmolina\/\"}]}<\/script>\n<!-- \/ Yoast SEO plugin. -->","yoast_head_json":{"title":"2n d'ESO visita la Planta de Revaloritzaci\u00f3 Energ\u00e8tica - Centros de ense\u00f1anza","robots":{"index":"index","follow":"follow","max-snippet":"max-snippet:-1","max-image-preview":"max-image-preview:large","max-video-preview":"max-video-preview:-1"},"canonical":"https:\/\/centresmolina.com\/centreensenyament\/2017\/06\/19\/2n-deso-visita-la-planta-revaloritzacio-energetica\/","og_locale":"ca_ES","og_type":"article","og_title":"2n d'ESO visita la Planta de Revaloritzaci\u00f3 Energ\u00e8tica - Centros de ense\u00f1anza","og_description":"Els alumnes de 2n d&#8217;ESO hem visitat la Planta de Revaloritzaci\u00f3 Energ\u00e8tica de Sant Adri\u00e0 del Bes\u00f2s per finalitzar el...","og_url":"https:\/\/centresmolina.com\/centreensenyament\/2017\/06\/19\/2n-deso-visita-la-planta-revaloritzacio-energetica\/","og_site_name":"Centros de ense\u00f1anza","article_published_time":"2017-06-19T09:14:34+00:00","article_modified_time":"2017-06-19T09:41:51+00:00","og_image":[{"width":640,"height":480,"url":"https:\/\/centresmolina.com\/centreensenyament\/files\/2017\/06\/Planta-de-revaloritzaci\u00f3-energ\u00e8tica-11.jpg","type":"image\/jpeg"}],"author":"webmolina","twitter_misc":{"Escrit per":"webmolina","Temps estimat de lectura":"1 minut"},"schema":{"@context":"https:\/\/schema.org","@graph":[{"@type":"Article","@id":"https:\/\/centresmolina.com\/centreensenyament\/2017\/06\/19\/2n-deso-visita-la-planta-revaloritzacio-energetica\/#article","isPartOf":{"@id":"https:\/\/centresmolina.com\/centreensenyament\/2017\/06\/19\/2n-deso-visita-la-planta-revaloritzacio-energetica\/"},"author":{"name":"webmolina","@id":"https:\/\/centresmolina.com\/centreensenyament\/#\/schema\/person\/308d85d274adff04b5c51d47e8aff6cc"},"headline":"2n d&#8217;ESO visita la Planta de Revaloritzaci\u00f3 Energ\u00e8tica","datePublished":"2017-06-19T09:14:34+00:00","dateModified":"2017-06-19T09:41:51+00:00","mainEntityOfPage":{"@id":"https:\/\/centresmolina.com\/centreensenyament\/2017\/06\/19\/2n-deso-visita-la-planta-revaloritzacio-energetica\/"},"wordCount":161,"commentCount":0,"image":{"@id":"https:\/\/centresmolina.com\/centreensenyament\/2017\/06\/19\/2n-deso-visita-la-planta-revaloritzacio-energetica\/#primaryimage"},"thumbnailUrl":"https:\/\/centresmolina.com\/centreensenyament\/files\/2017\/06\/Planta-de-revaloritzaci\u00f3-energ\u00e8tica-11.jpg","keywords":["2n d'ESO","aprenentatge","desenvolupament personal i acad\u00e8mic","educaci\u00f3 secund\u00e0ria obligat\u00f2ria","Escola Molina","Sortida","tecnologia"],"articleSection":["Not\u00edcies"],"inLanguage":"ca","potentialAction":[{"@type":"CommentAction","name":"Comment","target":["https:\/\/centresmolina.com\/centreensenyament\/2017\/06\/19\/2n-deso-visita-la-planta-revaloritzacio-energetica\/#respond"]}]},{"@type":"WebPage","@id":"https:\/\/centresmolina.com\/centreensenyament\/2017\/06\/19\/2n-deso-visita-la-planta-revaloritzacio-energetica\/","url":"https:\/\/centresmolina.com\/centreensenyament\/2017\/06\/19\/2n-deso-visita-la-planta-revaloritzacio-energetica\/","name":"2n d'ESO visita la Planta de Revaloritzaci\u00f3 Energ\u00e8tica - Centros de ense\u00f1anza","isPartOf":{"@id":"https:\/\/centresmolina.com\/centreensenyament\/#website"},"primaryImageOfPage":{"@id":"https:\/\/centresmolina.com\/centreensenyament\/2017\/06\/19\/2n-deso-visita-la-planta-revaloritzacio-energetica\/#primaryimage"},"image":{"@id":"https:\/\/centresmolina.com\/centreensenyament\/2017\/06\/19\/2n-deso-visita-la-planta-revaloritzacio-energetica\/#primaryimage"},"thumbnailUrl":"https:\/\/centresmolina.com\/centreensenyament\/files\/2017\/06\/Planta-de-revaloritzaci\u00f3-energ\u00e8tica-11.jpg","datePublished":"2017-06-19T09:14:34+00:00","dateModified":"2017-06-19T09:41:51+00:00","author":{"@id":"https:\/\/centresmolina.com\/centreensenyament\/#\/schema\/person\/308d85d274adff04b5c51d47e8aff6cc"},"breadcrumb":{"@id":"https:\/\/centresmolina.com\/centreensenyament\/2017\/06\/19\/2n-deso-visita-la-planta-revaloritzacio-energetica\/#breadcrumb"},"inLanguage":"ca","potentialAction":[{"@type":"ReadAction","target":["https:\/\/centresmolina.com\/centreensenyament\/2017\/06\/19\/2n-deso-visita-la-planta-revaloritzacio-energetica\/"]}]},{"@type":"ImageObject","inLanguage":"ca","@id":"https:\/\/centresmolina.com\/centreensenyament\/2017\/06\/19\/2n-deso-visita-la-planta-revaloritzacio-energetica\/#primaryimage","url":"https:\/\/centresmolina.com\/centreensenyament\/files\/2017\/06\/Planta-de-revaloritzaci\u00f3-energ\u00e8tica-11.jpg","contentUrl":"https:\/\/centresmolina.com\/centreensenyament\/files\/2017\/06\/Planta-de-revaloritzaci\u00f3-energ\u00e8tica-11.jpg","width":640,"height":480},{"@type":"BreadcrumbList","@id":"https:\/\/centresmolina.com\/centreensenyament\/2017\/06\/19\/2n-deso-visita-la-planta-revaloritzacio-energetica\/#breadcrumb","itemListElement":[{"@type":"ListItem","position":1,"name":"Portada","item":"https:\/\/centresmolina.com\/centreensenyament\/"},{"@type":"ListItem","position":2,"name":"2n d&#8217;ESO visita la Planta de Revaloritzaci\u00f3 Energ\u00e8tica"}]},{"@type":"WebSite","@id":"https:\/\/centresmolina.com\/centreensenyament\/#website","url":"https:\/\/centresmolina.com\/centreensenyament\/","name":"Centros de ense\u00f1anza","description":"Centres Molina - Centros de ense\u00f1anza","potentialAction":[{"@type":"SearchAction","target":{"@type":"EntryPoint","urlTemplate":"https:\/\/centresmolina.com\/centreensenyament\/?s={search_term_string}"},"query-input":{"@type":"PropertyValueSpecification","valueRequired":true,"valueName":"search_term_string"}}],"inLanguage":"ca"},{"@type":"Person","@id":"https:\/\/centresmolina.com\/centreensenyament\/#\/schema\/person\/308d85d274adff04b5c51d47e8aff6cc","name":"webmolina","image":{"@type":"ImageObject","inLanguage":"ca","@id":"https:\/\/secure.gravatar.com\/avatar\/38db407e1ab9b284bf45e3bff4ec5cf1e034e364f09b2ee054619614662a717b?s=96&d=mm&r=g","url":"https:\/\/secure.gravatar.com\/avatar\/38db407e1ab9b284bf45e3bff4ec5cf1e034e364f09b2ee054619614662a717b?s=96&d=mm&r=g","contentUrl":"https:\/\/secure.gravatar.com\/avatar\/38db407e1ab9b284bf45e3bff4ec5cf1e034e364f09b2ee054619614662a717b?s=96&d=mm&r=g","caption":"webmolina"},"url":"https:\/\/centresmolina.com\/centreensenyament\/author\/webmolina\/"}]}},"_links":{"self":[{"href":"https:\/\/centresmolina.com\/centreensenyament\/wp-json\/wp\/v2\/posts\/4858","targetHints":{"allow":["GET"]}}],"collection":[{"href":"https:\/\/centresmolina.com\/centreensenyament\/wp-json\/wp\/v2\/posts"}],"about":[{"href":"https:\/\/centresmolina.com\/centreensenyament\/wp-json\/wp\/v2\/types\/post"}],"author":[{"embeddable":true,"href":"https:\/\/centresmolina.com\/centreensenyament\/wp-json\/wp\/v2\/users\/3"}],"replies":[{"embeddable":true,"href":"https:\/\/centresmolina.com\/centreensenyament\/wp-json\/wp\/v2\/comments?post=4858"}],"version-history":[{"count":4,"href":"https:\/\/centresmolina.com\/centreensenyament\/wp-json\/wp\/v2\/posts\/4858\/revisions"}],"predecessor-version":[{"id":4890,"href":"https:\/\/centresmolina.com\/centreensenyament\/wp-json\/wp\/v2\/posts\/4858\/revisions\/4890"}],"wp:featuredmedia":[{"embeddable":true,"href":"https:\/\/centresmolina.com\/centreensenyament\/wp-json\/wp\/v2\/media\/4871"}],"wp:attachment":[{"href":"https:\/\/centresmolina.com\/centreensenyament\/wp-json\/wp\/v2\/media?parent=4858"}],"wp:term":[{"taxonomy":"category","embeddable":true,"href":"https:\/\/centresmolina.com\/centreensenyament\/wp-json\/wp\/v2\/categories?post=4858"},{"taxonomy":"post_tag","embeddable":true,"href":"https:\/\/centresmolina.com\/centreensenyament\/wp-json\/wp\/v2\/tags?post=4858"}],"curies":[{"name":"wp","href":"https:\/\/api.w.org\/{rel}","templated":true}]}}