{"id":5675,"date":"2017-10-26T09:29:25","date_gmt":"2017-10-26T09:29:25","guid":{"rendered":"http:\/\/centresmolina.com\/centreensenyament\/?p=5675\/"},"modified":"2017-11-11T08:19:56","modified_gmt":"2017-11-11T08:19:56","slug":"punt-verd-mobil","status":"publish","type":"post","link":"https:\/\/centresmolina.com\/centreensenyament\/2017\/10\/26\/punt-verd-mobil\/","title":{"rendered":"Punt Verd m\u00f2bil"},"content":{"rendered":"<p>Els petits de la nostra escola, l&#8217;alumnat de 1r d&#8217;ESO, han dut a terme una jornada de reflexi\u00f3 i treball sobre\u00a0un tema tant important com \u00e9s el Reciclatge\u00a0per tal de\u00a0preservar el medi ambient.<\/p>\n\n\t\t<style type=\"text\/css\">\n\t\t\t#gallery-1 {\n\t\t\t\tmargin: auto;\n\t\t\t}\n\t\t\t#gallery-1 .gallery-item {\n\t\t\t\tfloat: left;\n\t\t\t\tmargin-top: 10px;\n\t\t\t\ttext-align: center;\n\t\t\t\twidth: 100%;\n\t\t\t}\n\t\t\t#gallery-1 img {\n\t\t\t\tborder: 2px solid #cfcfcf;\n\t\t\t}\n\t\t\t#gallery-1 .gallery-caption {\n\t\t\t\tmargin-left: 0;\n\t\t\t}\n\t\t\t\/* see gallery_shortcode() in wp-includes\/media.php *\/\n\t\t<\/style>\n\t\t<div id='gallery-1' class='gallery galleryid-5675 gallery-columns-1 gallery-size-full'><dl class='gallery-item'>\n\t\t\t<dt class='gallery-icon landscape'>\n\t\t\t\t<a href='https:\/\/centresmolina.com\/centreensenyament\/files\/2017\/10\/Punt-Verd-2.png'><img loading=\"lazy\" decoding=\"async\" width=\"520\" height=\"300\" src=\"https:\/\/centresmolina.com\/centreensenyament\/files\/2017\/10\/Punt-Verd-2.png\" class=\"attachment-full size-full\" alt=\"\" srcset=\"https:\/\/centresmolina.com\/centreensenyament\/files\/2017\/10\/Punt-Verd-2.png 520w, https:\/\/centresmolina.com\/centreensenyament\/files\/2017\/10\/Punt-Verd-2-300x173.png 300w\" sizes=\"auto, (max-width: 520px) 100vw, 520px\" \/><\/a>\n\t\t\t<\/dt><\/dl><br style=\"clear: both\" \/>\n\t\t<\/div>\n\n<p>Punt verd m\u00f2bil ha estat un bon recurs educatiu i de sensibilitzaci\u00f3 per als alumnes ja que ells mateixos s&#8217;han encarregat de lliurar als operaris del cami\u00f3 el material que han portat (piles, m\u00f2bil, bombetes, revistes, retoladors etc.) i els han donat una explicaci\u00f3 del seu funcionament des dels punts on es troben habitualment aquests camions de recollida d&#8217;objectes de petit volum, com es classifiquen i perqu\u00e8 i la traject\u00f2ria que segueixen els productes del cami\u00f3 per al seu tractament i aprofitament; uns es reciclen i altres es reutilitzen i resolent totes les seves preguntes.<\/p>\n\n\t\t<style type=\"text\/css\">\n\t\t\t#gallery-2 {\n\t\t\t\tmargin: auto;\n\t\t\t}\n\t\t\t#gallery-2 .gallery-item {\n\t\t\t\tfloat: left;\n\t\t\t\tmargin-top: 10px;\n\t\t\t\ttext-align: center;\n\t\t\t\twidth: 50%;\n\t\t\t}\n\t\t\t#gallery-2 img {\n\t\t\t\tborder: 2px solid #cfcfcf;\n\t\t\t}\n\t\t\t#gallery-2 .gallery-caption {\n\t\t\t\tmargin-left: 0;\n\t\t\t}\n\t\t\t\/* see gallery_shortcode() in wp-includes\/media.php *\/\n\t\t<\/style>\n\t\t<div id='gallery-2' class='gallery galleryid-5675 gallery-columns-2 gallery-size-full'><dl class='gallery-item'>\n\t\t\t<dt class='gallery-icon landscape'>\n\t\t\t\t<a href='https:\/\/centresmolina.com\/centreensenyament\/files\/2017\/10\/Punt-Verd-8.jpg'><img loading=\"lazy\" decoding=\"async\" width=\"270\" height=\"187\" src=\"https:\/\/centresmolina.com\/centreensenyament\/files\/2017\/10\/Punt-Verd-8.jpg\" class=\"attachment-full size-full\" alt=\"\" \/><\/a>\n\t\t\t<\/dt><\/dl><dl class='gallery-item'>\n\t\t\t<dt class='gallery-icon landscape'>\n\t\t\t\t<a href='https:\/\/centresmolina.com\/centreensenyament\/files\/2017\/10\/Punt-Verd-14.jpg'><img loading=\"lazy\" decoding=\"async\" width=\"564\" height=\"496\" src=\"https:\/\/centresmolina.com\/centreensenyament\/files\/2017\/10\/Punt-Verd-14.jpg\" class=\"attachment-full size-full\" alt=\"\" srcset=\"https:\/\/centresmolina.com\/centreensenyament\/files\/2017\/10\/Punt-Verd-14.jpg 564w, https:\/\/centresmolina.com\/centreensenyament\/files\/2017\/10\/Punt-Verd-14-300x264.jpg 300w\" sizes=\"auto, (max-width: 564px) 100vw, 564px\" \/><\/a>\n\t\t\t<\/dt><\/dl><br style=\"clear: both\" \/><dl class='gallery-item'>\n\t\t\t<dt class='gallery-icon landscape'>\n\t\t\t\t<a href='https:\/\/centresmolina.com\/centreensenyament\/files\/2017\/10\/Punt-Verd-13.jpg'><img loading=\"lazy\" decoding=\"async\" width=\"616\" height=\"539\" src=\"https:\/\/centresmolina.com\/centreensenyament\/files\/2017\/10\/Punt-Verd-13.jpg\" class=\"attachment-full size-full\" alt=\"\" srcset=\"https:\/\/centresmolina.com\/centreensenyament\/files\/2017\/10\/Punt-Verd-13.jpg 616w, https:\/\/centresmolina.com\/centreensenyament\/files\/2017\/10\/Punt-Verd-13-300x263.jpg 300w\" sizes=\"auto, (max-width: 616px) 100vw, 616px\" \/><\/a>\n\t\t\t<\/dt><\/dl><dl class='gallery-item'>\n\t\t\t<dt class='gallery-icon landscape'>\n\t\t\t\t<a href='https:\/\/centresmolina.com\/centreensenyament\/files\/2017\/10\/Punt-Verd-2.jpg'><img loading=\"lazy\" decoding=\"async\" width=\"1280\" height=\"720\" src=\"https:\/\/centresmolina.com\/centreensenyament\/files\/2017\/10\/Punt-Verd-2.jpg\" class=\"attachment-full size-full\" alt=\"\" srcset=\"https:\/\/centresmolina.com\/centreensenyament\/files\/2017\/10\/Punt-Verd-2.jpg 1280w, https:\/\/centresmolina.com\/centreensenyament\/files\/2017\/10\/Punt-Verd-2-300x169.jpg 300w, https:\/\/centresmolina.com\/centreensenyament\/files\/2017\/10\/Punt-Verd-2-768x432.jpg 768w, https:\/\/centresmolina.com\/centreensenyament\/files\/2017\/10\/Punt-Verd-2-1024x576.jpg 1024w\" sizes=\"auto, (max-width: 1280px) 100vw, 1280px\" \/><\/a>\n\t\t\t<\/dt><\/dl><br style=\"clear: both\" \/><dl class='gallery-item'>\n\t\t\t<dt class='gallery-icon landscape'>\n\t\t\t\t<a href='https:\/\/centresmolina.com\/centreensenyament\/files\/2017\/10\/Punt-Verd-M\u00f2bil-1.jpg'><img loading=\"lazy\" decoding=\"async\" width=\"1280\" height=\"960\" src=\"https:\/\/centresmolina.com\/centreensenyament\/files\/2017\/10\/Punt-Verd-M\u00f2bil-1.jpg\" class=\"attachment-full size-full\" alt=\"\" srcset=\"https:\/\/centresmolina.com\/centreensenyament\/files\/2017\/10\/Punt-Verd-M\u00f2bil-1.jpg 1280w, https:\/\/centresmolina.com\/centreensenyament\/files\/2017\/10\/Punt-Verd-M\u00f2bil-1-300x225.jpg 300w, https:\/\/centresmolina.com\/centreensenyament\/files\/2017\/10\/Punt-Verd-M\u00f2bil-1-768x576.jpg 768w, https:\/\/centresmolina.com\/centreensenyament\/files\/2017\/10\/Punt-Verd-M\u00f2bil-1-1024x768.jpg 1024w\" sizes=\"auto, (max-width: 1280px) 100vw, 1280px\" \/><\/a>\n\t\t\t<\/dt><\/dl><dl class='gallery-item'>\n\t\t\t<dt class='gallery-icon landscape'>\n\t\t\t\t<a href='https:\/\/centresmolina.com\/centreensenyament\/files\/2017\/10\/Punt-Verd-7.jpg'><img loading=\"lazy\" decoding=\"async\" width=\"566\" height=\"494\" src=\"https:\/\/centresmolina.com\/centreensenyament\/files\/2017\/10\/Punt-Verd-7.jpg\" class=\"attachment-full size-full\" alt=\"\" srcset=\"https:\/\/centresmolina.com\/centreensenyament\/files\/2017\/10\/Punt-Verd-7.jpg 566w, https:\/\/centresmolina.com\/centreensenyament\/files\/2017\/10\/Punt-Verd-7-300x262.jpg 300w\" sizes=\"auto, (max-width: 566px) 100vw, 566px\" \/><\/a>\n\t\t\t<\/dt><\/dl><br style=\"clear: both\" \/><dl class='gallery-item'>\n\t\t\t<dt class='gallery-icon landscape'>\n\t\t\t\t<a href='https:\/\/centresmolina.com\/centreensenyament\/files\/2017\/10\/Punt-Verd-9.jpg'><img loading=\"lazy\" decoding=\"async\" width=\"1200\" height=\"1091\" src=\"https:\/\/centresmolina.com\/centreensenyament\/files\/2017\/10\/Punt-Verd-9.jpg\" class=\"attachment-full size-full\" alt=\"\" srcset=\"https:\/\/centresmolina.com\/centreensenyament\/files\/2017\/10\/Punt-Verd-9.jpg 1200w, https:\/\/centresmolina.com\/centreensenyament\/files\/2017\/10\/Punt-Verd-9-300x273.jpg 300w, https:\/\/centresmolina.com\/centreensenyament\/files\/2017\/10\/Punt-Verd-9-768x698.jpg 768w, https:\/\/centresmolina.com\/centreensenyament\/files\/2017\/10\/Punt-Verd-9-1024x931.jpg 1024w\" sizes=\"auto, (max-width: 1200px) 100vw, 1200px\" \/><\/a>\n\t\t\t<\/dt><\/dl><dl class='gallery-item'>\n\t\t\t<dt class='gallery-icon landscape'>\n\t\t\t\t<a href='https:\/\/centresmolina.com\/centreensenyament\/files\/2017\/10\/Punt-Verd-3.jpg'><img loading=\"lazy\" decoding=\"async\" width=\"1280\" height=\"720\" src=\"https:\/\/centresmolina.com\/centreensenyament\/files\/2017\/10\/Punt-Verd-3.jpg\" class=\"attachment-full size-full\" alt=\"\" srcset=\"https:\/\/centresmolina.com\/centreensenyament\/files\/2017\/10\/Punt-Verd-3.jpg 1280w, https:\/\/centresmolina.com\/centreensenyament\/files\/2017\/10\/Punt-Verd-3-300x169.jpg 300w, https:\/\/centresmolina.com\/centreensenyament\/files\/2017\/10\/Punt-Verd-3-768x432.jpg 768w, https:\/\/centresmolina.com\/centreensenyament\/files\/2017\/10\/Punt-Verd-3-1024x576.jpg 1024w\" sizes=\"auto, (max-width: 1280px) 100vw, 1280px\" \/><\/a>\n\t\t\t<\/dt><\/dl><br style=\"clear: both\" \/><dl class='gallery-item'>\n\t\t\t<dt class='gallery-icon landscape'>\n\t\t\t\t<a href='https:\/\/centresmolina.com\/centreensenyament\/files\/2017\/10\/Punt-Verd-6.jpg'><img loading=\"lazy\" decoding=\"async\" width=\"1280\" height=\"720\" src=\"https:\/\/centresmolina.com\/centreensenyament\/files\/2017\/10\/Punt-Verd-6.jpg\" class=\"attachment-full size-full\" alt=\"\" srcset=\"https:\/\/centresmolina.com\/centreensenyament\/files\/2017\/10\/Punt-Verd-6.jpg 1280w, https:\/\/centresmolina.com\/centreensenyament\/files\/2017\/10\/Punt-Verd-6-300x169.jpg 300w, https:\/\/centresmolina.com\/centreensenyament\/files\/2017\/10\/Punt-Verd-6-768x432.jpg 768w, https:\/\/centresmolina.com\/centreensenyament\/files\/2017\/10\/Punt-Verd-6-1024x576.jpg 1024w\" sizes=\"auto, (max-width: 1280px) 100vw, 1280px\" \/><\/a>\n\t\t\t<\/dt><\/dl><dl class='gallery-item'>\n\t\t\t<dt class='gallery-icon landscape'>\n\t\t\t\t<a href='https:\/\/centresmolina.com\/centreensenyament\/files\/2017\/10\/Punt-Verd-10.jpg'><img loading=\"lazy\" decoding=\"async\" width=\"852\" height=\"550\" src=\"https:\/\/centresmolina.com\/centreensenyament\/files\/2017\/10\/Punt-Verd-10.jpg\" class=\"attachment-full size-full\" alt=\"\" srcset=\"https:\/\/centresmolina.com\/centreensenyament\/files\/2017\/10\/Punt-Verd-10.jpg 852w, https:\/\/centresmolina.com\/centreensenyament\/files\/2017\/10\/Punt-Verd-10-300x194.jpg 300w, https:\/\/centresmolina.com\/centreensenyament\/files\/2017\/10\/Punt-Verd-10-768x496.jpg 768w\" sizes=\"auto, (max-width: 852px) 100vw, 852px\" \/><\/a>\n\t\t\t<\/dt><\/dl><br style=\"clear: both\" \/><dl class='gallery-item'>\n\t\t\t<dt class='gallery-icon portrait'>\n\t\t\t\t<a href='https:\/\/centresmolina.com\/centreensenyament\/files\/2017\/10\/Punt-Verd-11.jpg'><img loading=\"lazy\" decoding=\"async\" width=\"330\" height=\"400\" src=\"https:\/\/centresmolina.com\/centreensenyament\/files\/2017\/10\/Punt-Verd-11.jpg\" class=\"attachment-full size-full\" alt=\"\" srcset=\"https:\/\/centresmolina.com\/centreensenyament\/files\/2017\/10\/Punt-Verd-11.jpg 330w, https:\/\/centresmolina.com\/centreensenyament\/files\/2017\/10\/Punt-Verd-11-248x300.jpg 248w\" sizes=\"auto, (max-width: 330px) 100vw, 330px\" \/><\/a>\n\t\t\t<\/dt><\/dl><dl class='gallery-item'>\n\t\t\t<dt class='gallery-icon landscape'>\n\t\t\t\t<a href='https:\/\/centresmolina.com\/centreensenyament\/files\/2017\/10\/Punt-Verd-M\u00f2bil-2.jpg'><img loading=\"lazy\" decoding=\"async\" width=\"1280\" height=\"960\" src=\"https:\/\/centresmolina.com\/centreensenyament\/files\/2017\/10\/Punt-Verd-M\u00f2bil-2.jpg\" class=\"attachment-full size-full\" alt=\"\" srcset=\"https:\/\/centresmolina.com\/centreensenyament\/files\/2017\/10\/Punt-Verd-M\u00f2bil-2.jpg 1280w, https:\/\/centresmolina.com\/centreensenyament\/files\/2017\/10\/Punt-Verd-M\u00f2bil-2-300x225.jpg 300w, https:\/\/centresmolina.com\/centreensenyament\/files\/2017\/10\/Punt-Verd-M\u00f2bil-2-768x576.jpg 768w, https:\/\/centresmolina.com\/centreensenyament\/files\/2017\/10\/Punt-Verd-M\u00f2bil-2-1024x768.jpg 1024w\" sizes=\"auto, (max-width: 1280px) 100vw, 1280px\" \/><\/a>\n\t\t\t<\/dt><\/dl><br style=\"clear: both\" \/><dl class='gallery-item'>\n\t\t\t<dt class='gallery-icon landscape'>\n\t\t\t\t<a href='https:\/\/centresmolina.com\/centreensenyament\/files\/2017\/10\/Punt-Verd-M\u00f2bil-3.jpg'><img loading=\"lazy\" decoding=\"async\" width=\"1280\" height=\"960\" src=\"https:\/\/centresmolina.com\/centreensenyament\/files\/2017\/10\/Punt-Verd-M\u00f2bil-3.jpg\" class=\"attachment-full size-full\" alt=\"\" srcset=\"https:\/\/centresmolina.com\/centreensenyament\/files\/2017\/10\/Punt-Verd-M\u00f2bil-3.jpg 1280w, https:\/\/centresmolina.com\/centreensenyament\/files\/2017\/10\/Punt-Verd-M\u00f2bil-3-300x225.jpg 300w, https:\/\/centresmolina.com\/centreensenyament\/files\/2017\/10\/Punt-Verd-M\u00f2bil-3-768x576.jpg 768w, https:\/\/centresmolina.com\/centreensenyament\/files\/2017\/10\/Punt-Verd-M\u00f2bil-3-1024x768.jpg 1024w\" sizes=\"auto, (max-width: 1280px) 100vw, 1280px\" \/><\/a>\n\t\t\t<\/dt><\/dl><dl class='gallery-item'>\n\t\t\t<dt class='gallery-icon landscape'>\n\t\t\t\t<a href='https:\/\/centresmolina.com\/centreensenyament\/files\/2017\/10\/Punt-Verd-12.jpg'><img loading=\"lazy\" decoding=\"async\" width=\"262\" height=\"192\" src=\"https:\/\/centresmolina.com\/centreensenyament\/files\/2017\/10\/Punt-Verd-12.jpg\" class=\"attachment-full size-full\" alt=\"\" \/><\/a>\n\t\t\t<\/dt><\/dl><br style=\"clear: both\" \/>\n\t\t<\/div>\n\n\n\t\t<style type=\"text\/css\">\n\t\t\t#gallery-3 {\n\t\t\t\tmargin: auto;\n\t\t\t}\n\t\t\t#gallery-3 .gallery-item {\n\t\t\t\tfloat: left;\n\t\t\t\tmargin-top: 10px;\n\t\t\t\ttext-align: center;\n\t\t\t\twidth: 100%;\n\t\t\t}\n\t\t\t#gallery-3 img {\n\t\t\t\tborder: 2px solid #cfcfcf;\n\t\t\t}\n\t\t\t#gallery-3 .gallery-caption {\n\t\t\t\tmargin-left: 0;\n\t\t\t}\n\t\t\t\/* see gallery_shortcode() in wp-includes\/media.php *\/\n\t\t<\/style>\n\t\t<div id='gallery-3' class='gallery galleryid-5675 gallery-columns-1 gallery-size-large'><dl class='gallery-item'>\n\t\t\t<dt class='gallery-icon portrait'>\n\t\t\t\t<a href='https:\/\/centresmolina.com\/centreensenyament\/files\/2017\/10\/CENTRES-DENSENYAMENT-MOLINA-25-10-201.jpg'><img loading=\"lazy\" decoding=\"async\" width=\"724\" height=\"1024\" src=\"https:\/\/centresmolina.com\/centreensenyament\/files\/2017\/10\/CENTRES-DENSENYAMENT-MOLINA-25-10-201-724x1024.jpg\" class=\"attachment-large size-large\" alt=\"\" srcset=\"https:\/\/centresmolina.com\/centreensenyament\/files\/2017\/10\/CENTRES-DENSENYAMENT-MOLINA-25-10-201-724x1024.jpg 724w, https:\/\/centresmolina.com\/centreensenyament\/files\/2017\/10\/CENTRES-DENSENYAMENT-MOLINA-25-10-201-212x300.jpg 212w, https:\/\/centresmolina.com\/centreensenyament\/files\/2017\/10\/CENTRES-DENSENYAMENT-MOLINA-25-10-201-768x1086.jpg 768w, https:\/\/centresmolina.com\/centreensenyament\/files\/2017\/10\/CENTRES-DENSENYAMENT-MOLINA-25-10-201.jpg 1654w\" sizes=\"auto, (max-width: 724px) 100vw, 724px\" \/><\/a>\n\t\t\t<\/dt><\/dl><br style=\"clear: both\" \/>\n\t\t<\/div>\n\n<p><iframe loading=\"lazy\" title=\"Generalitat de Catalunya - Campanya Residus 2016 - Spot 2 &quot;Futur&quot;\" width=\"500\" height=\"281\" src=\"https:\/\/www.youtube.com\/embed\/P5PWAUUNnB4?feature=oembed\" frameborder=\"0\" allow=\"accelerometer; autoplay; clipboard-write; encrypted-media; gyroscope; picture-in-picture; web-share\" referrerpolicy=\"strict-origin-when-cross-origin\" allowfullscreen><\/iframe><\/p>\n","protected":false},"excerpt":{"rendered":"<p>Els petits de la nostra escola, l&#8217;alumnat de 1r d&#8217;ESO, han dut a terme una jornada de reflexi\u00f3 i treball&#8230;<\/p>\n","protected":false},"author":3,"featured_media":5697,"comment_status":"open","ping_status":"open","sticky":false,"template":"","format":"standard","meta":{"footnotes":""},"categories":[5],"tags":[102,52,58,45,47,53,43,19,24,55,46,44,56,2496,18],"class_list":["post-5675","post","type-post","status-publish","format-standard","has-post-thumbnail","hentry","category-noticies","tag-1r-deso","tag-aprenentatge","tag-desenvolupament-personal-i-academic","tag-educacio","tag-educacio-secundaria-obligatoria","tag-ensenyament","tag-escola","tag-escola-molina","tag-eso","tag-experiencia","tag-formacio","tag-molina","tag-pedagogia","tag-punt-verd","tag-sortida"],"yoast_head":"<!-- This site is optimized with the Yoast SEO plugin v27.2 - https:\/\/yoast.com\/product\/yoast-seo-wordpress\/ -->\n<title>Punt Verd m\u00f2bil - Centros de ense\u00f1anza<\/title>\n<meta name=\"robots\" content=\"index, follow, max-snippet:-1, max-image-preview:large, max-video-preview:-1\" \/>\n<link rel=\"canonical\" href=\"https:\/\/centresmolina.com\/centreensenyament\/2017\/10\/26\/punt-verd-mobil\/\" \/>\n<meta property=\"og:locale\" content=\"ca_ES\" \/>\n<meta property=\"og:type\" content=\"article\" \/>\n<meta property=\"og:title\" content=\"Punt Verd m\u00f2bil - Centros de ense\u00f1anza\" \/>\n<meta property=\"og:description\" content=\"Els petits de la nostra escola, l&#8217;alumnat de 1r d&#8217;ESO, han dut a terme una jornada de reflexi\u00f3 i treball...\" \/>\n<meta property=\"og:url\" content=\"https:\/\/centresmolina.com\/centreensenyament\/2017\/10\/26\/punt-verd-mobil\/\" \/>\n<meta property=\"og:site_name\" content=\"Centros de ense\u00f1anza\" \/>\n<meta property=\"article:published_time\" content=\"2017-10-26T09:29:25+00:00\" \/>\n<meta property=\"article:modified_time\" content=\"2017-11-11T08:19:56+00:00\" \/>\n<meta property=\"og:image\" content=\"https:\/\/centresmolina.com\/centreensenyament\/files\/2017\/10\/Punt-Verd-15.jpg\" \/>\n\t<meta property=\"og:image:width\" content=\"446\" \/>\n\t<meta property=\"og:image:height\" content=\"446\" \/>\n\t<meta property=\"og:image:type\" content=\"image\/jpeg\" \/>\n<meta name=\"author\" content=\"webmolina\" \/>\n<meta name=\"twitter:label1\" content=\"Escrit per\" \/>\n\t<meta name=\"twitter:data1\" content=\"webmolina\" \/>\n\t<meta name=\"twitter:label2\" content=\"Temps estimat de lectura\" \/>\n\t<meta name=\"twitter:data2\" content=\"1 minut\" \/>\n<script type=\"application\/ld+json\" class=\"yoast-schema-graph\">{\"@context\":\"https:\/\/schema.org\",\"@graph\":[{\"@type\":\"Article\",\"@id\":\"https:\/\/centresmolina.com\/centreensenyament\/2017\/10\/26\/punt-verd-mobil\/#article\",\"isPartOf\":{\"@id\":\"https:\/\/centresmolina.com\/centreensenyament\/2017\/10\/26\/punt-verd-mobil\/\"},\"author\":{\"name\":\"webmolina\",\"@id\":\"https:\/\/centresmolina.com\/centreensenyament\/#\/schema\/person\/308d85d274adff04b5c51d47e8aff6cc\"},\"headline\":\"Punt Verd m\u00f2bil\",\"datePublished\":\"2017-10-26T09:29:25+00:00\",\"dateModified\":\"2017-11-11T08:19:56+00:00\",\"mainEntityOfPage\":{\"@id\":\"https:\/\/centresmolina.com\/centreensenyament\/2017\/10\/26\/punt-verd-mobil\/\"},\"wordCount\":169,\"commentCount\":0,\"image\":{\"@id\":\"https:\/\/centresmolina.com\/centreensenyament\/2017\/10\/26\/punt-verd-mobil\/#primaryimage\"},\"thumbnailUrl\":\"https:\/\/centresmolina.com\/centreensenyament\/files\/2017\/10\/Punt-Verd-15.jpg\",\"keywords\":[\"1r d'ESO\",\"aprenentatge\",\"desenvolupament personal i acad\u00e8mic\",\"educaci\u00f3\",\"educaci\u00f3 secund\u00e0ria obligat\u00f2ria\",\"ensenyament\",\"Escola\",\"Escola Molina\",\"ESO\",\"experi\u00e8ncia\",\"formaci\u00f3\",\"Molina\",\"pedagogia\",\"Punt Verd\",\"Sortida\"],\"articleSection\":[\"Not\u00edcies\"],\"inLanguage\":\"ca\",\"potentialAction\":[{\"@type\":\"CommentAction\",\"name\":\"Comment\",\"target\":[\"https:\/\/centresmolina.com\/centreensenyament\/2017\/10\/26\/punt-verd-mobil\/#respond\"]}]},{\"@type\":\"WebPage\",\"@id\":\"https:\/\/centresmolina.com\/centreensenyament\/2017\/10\/26\/punt-verd-mobil\/\",\"url\":\"https:\/\/centresmolina.com\/centreensenyament\/2017\/10\/26\/punt-verd-mobil\/\",\"name\":\"Punt Verd m\u00f2bil - Centros de ense\u00f1anza\",\"isPartOf\":{\"@id\":\"https:\/\/centresmolina.com\/centreensenyament\/#website\"},\"primaryImageOfPage\":{\"@id\":\"https:\/\/centresmolina.com\/centreensenyament\/2017\/10\/26\/punt-verd-mobil\/#primaryimage\"},\"image\":{\"@id\":\"https:\/\/centresmolina.com\/centreensenyament\/2017\/10\/26\/punt-verd-mobil\/#primaryimage\"},\"thumbnailUrl\":\"https:\/\/centresmolina.com\/centreensenyament\/files\/2017\/10\/Punt-Verd-15.jpg\",\"datePublished\":\"2017-10-26T09:29:25+00:00\",\"dateModified\":\"2017-11-11T08:19:56+00:00\",\"author\":{\"@id\":\"https:\/\/centresmolina.com\/centreensenyament\/#\/schema\/person\/308d85d274adff04b5c51d47e8aff6cc\"},\"breadcrumb\":{\"@id\":\"https:\/\/centresmolina.com\/centreensenyament\/2017\/10\/26\/punt-verd-mobil\/#breadcrumb\"},\"inLanguage\":\"ca\",\"potentialAction\":[{\"@type\":\"ReadAction\",\"target\":[\"https:\/\/centresmolina.com\/centreensenyament\/2017\/10\/26\/punt-verd-mobil\/\"]}]},{\"@type\":\"ImageObject\",\"inLanguage\":\"ca\",\"@id\":\"https:\/\/centresmolina.com\/centreensenyament\/2017\/10\/26\/punt-verd-mobil\/#primaryimage\",\"url\":\"https:\/\/centresmolina.com\/centreensenyament\/files\/2017\/10\/Punt-Verd-15.jpg\",\"contentUrl\":\"https:\/\/centresmolina.com\/centreensenyament\/files\/2017\/10\/Punt-Verd-15.jpg\",\"width\":446,\"height\":446},{\"@type\":\"BreadcrumbList\",\"@id\":\"https:\/\/centresmolina.com\/centreensenyament\/2017\/10\/26\/punt-verd-mobil\/#breadcrumb\",\"itemListElement\":[{\"@type\":\"ListItem\",\"position\":1,\"name\":\"Portada\",\"item\":\"https:\/\/centresmolina.com\/centreensenyament\/\"},{\"@type\":\"ListItem\",\"position\":2,\"name\":\"Punt Verd m\u00f2bil\"}]},{\"@type\":\"WebSite\",\"@id\":\"https:\/\/centresmolina.com\/centreensenyament\/#website\",\"url\":\"https:\/\/centresmolina.com\/centreensenyament\/\",\"name\":\"Centros de ense\u00f1anza\",\"description\":\"Centres Molina - Centros de ense\u00f1anza\",\"potentialAction\":[{\"@type\":\"SearchAction\",\"target\":{\"@type\":\"EntryPoint\",\"urlTemplate\":\"https:\/\/centresmolina.com\/centreensenyament\/?s={search_term_string}\"},\"query-input\":{\"@type\":\"PropertyValueSpecification\",\"valueRequired\":true,\"valueName\":\"search_term_string\"}}],\"inLanguage\":\"ca\"},{\"@type\":\"Person\",\"@id\":\"https:\/\/centresmolina.com\/centreensenyament\/#\/schema\/person\/308d85d274adff04b5c51d47e8aff6cc\",\"name\":\"webmolina\",\"image\":{\"@type\":\"ImageObject\",\"inLanguage\":\"ca\",\"@id\":\"https:\/\/secure.gravatar.com\/avatar\/38db407e1ab9b284bf45e3bff4ec5cf1e034e364f09b2ee054619614662a717b?s=96&d=mm&r=g\",\"url\":\"https:\/\/secure.gravatar.com\/avatar\/38db407e1ab9b284bf45e3bff4ec5cf1e034e364f09b2ee054619614662a717b?s=96&d=mm&r=g\",\"contentUrl\":\"https:\/\/secure.gravatar.com\/avatar\/38db407e1ab9b284bf45e3bff4ec5cf1e034e364f09b2ee054619614662a717b?s=96&d=mm&r=g\",\"caption\":\"webmolina\"},\"url\":\"https:\/\/centresmolina.com\/centreensenyament\/author\/webmolina\/\"}]}<\/script>\n<!-- \/ Yoast SEO plugin. -->","yoast_head_json":{"title":"Punt Verd m\u00f2bil - Centros de ense\u00f1anza","robots":{"index":"index","follow":"follow","max-snippet":"max-snippet:-1","max-image-preview":"max-image-preview:large","max-video-preview":"max-video-preview:-1"},"canonical":"https:\/\/centresmolina.com\/centreensenyament\/2017\/10\/26\/punt-verd-mobil\/","og_locale":"ca_ES","og_type":"article","og_title":"Punt Verd m\u00f2bil - Centros de ense\u00f1anza","og_description":"Els petits de la nostra escola, l&#8217;alumnat de 1r d&#8217;ESO, han dut a terme una jornada de reflexi\u00f3 i treball...","og_url":"https:\/\/centresmolina.com\/centreensenyament\/2017\/10\/26\/punt-verd-mobil\/","og_site_name":"Centros de ense\u00f1anza","article_published_time":"2017-10-26T09:29:25+00:00","article_modified_time":"2017-11-11T08:19:56+00:00","og_image":[{"width":446,"height":446,"url":"https:\/\/centresmolina.com\/centreensenyament\/files\/2017\/10\/Punt-Verd-15.jpg","type":"image\/jpeg"}],"author":"webmolina","twitter_misc":{"Escrit per":"webmolina","Temps estimat de lectura":"1 minut"},"schema":{"@context":"https:\/\/schema.org","@graph":[{"@type":"Article","@id":"https:\/\/centresmolina.com\/centreensenyament\/2017\/10\/26\/punt-verd-mobil\/#article","isPartOf":{"@id":"https:\/\/centresmolina.com\/centreensenyament\/2017\/10\/26\/punt-verd-mobil\/"},"author":{"name":"webmolina","@id":"https:\/\/centresmolina.com\/centreensenyament\/#\/schema\/person\/308d85d274adff04b5c51d47e8aff6cc"},"headline":"Punt Verd m\u00f2bil","datePublished":"2017-10-26T09:29:25+00:00","dateModified":"2017-11-11T08:19:56+00:00","mainEntityOfPage":{"@id":"https:\/\/centresmolina.com\/centreensenyament\/2017\/10\/26\/punt-verd-mobil\/"},"wordCount":169,"commentCount":0,"image":{"@id":"https:\/\/centresmolina.com\/centreensenyament\/2017\/10\/26\/punt-verd-mobil\/#primaryimage"},"thumbnailUrl":"https:\/\/centresmolina.com\/centreensenyament\/files\/2017\/10\/Punt-Verd-15.jpg","keywords":["1r d'ESO","aprenentatge","desenvolupament personal i acad\u00e8mic","educaci\u00f3","educaci\u00f3 secund\u00e0ria obligat\u00f2ria","ensenyament","Escola","Escola Molina","ESO","experi\u00e8ncia","formaci\u00f3","Molina","pedagogia","Punt Verd","Sortida"],"articleSection":["Not\u00edcies"],"inLanguage":"ca","potentialAction":[{"@type":"CommentAction","name":"Comment","target":["https:\/\/centresmolina.com\/centreensenyament\/2017\/10\/26\/punt-verd-mobil\/#respond"]}]},{"@type":"WebPage","@id":"https:\/\/centresmolina.com\/centreensenyament\/2017\/10\/26\/punt-verd-mobil\/","url":"https:\/\/centresmolina.com\/centreensenyament\/2017\/10\/26\/punt-verd-mobil\/","name":"Punt Verd m\u00f2bil - Centros de ense\u00f1anza","isPartOf":{"@id":"https:\/\/centresmolina.com\/centreensenyament\/#website"},"primaryImageOfPage":{"@id":"https:\/\/centresmolina.com\/centreensenyament\/2017\/10\/26\/punt-verd-mobil\/#primaryimage"},"image":{"@id":"https:\/\/centresmolina.com\/centreensenyament\/2017\/10\/26\/punt-verd-mobil\/#primaryimage"},"thumbnailUrl":"https:\/\/centresmolina.com\/centreensenyament\/files\/2017\/10\/Punt-Verd-15.jpg","datePublished":"2017-10-26T09:29:25+00:00","dateModified":"2017-11-11T08:19:56+00:00","author":{"@id":"https:\/\/centresmolina.com\/centreensenyament\/#\/schema\/person\/308d85d274adff04b5c51d47e8aff6cc"},"breadcrumb":{"@id":"https:\/\/centresmolina.com\/centreensenyament\/2017\/10\/26\/punt-verd-mobil\/#breadcrumb"},"inLanguage":"ca","potentialAction":[{"@type":"ReadAction","target":["https:\/\/centresmolina.com\/centreensenyament\/2017\/10\/26\/punt-verd-mobil\/"]}]},{"@type":"ImageObject","inLanguage":"ca","@id":"https:\/\/centresmolina.com\/centreensenyament\/2017\/10\/26\/punt-verd-mobil\/#primaryimage","url":"https:\/\/centresmolina.com\/centreensenyament\/files\/2017\/10\/Punt-Verd-15.jpg","contentUrl":"https:\/\/centresmolina.com\/centreensenyament\/files\/2017\/10\/Punt-Verd-15.jpg","width":446,"height":446},{"@type":"BreadcrumbList","@id":"https:\/\/centresmolina.com\/centreensenyament\/2017\/10\/26\/punt-verd-mobil\/#breadcrumb","itemListElement":[{"@type":"ListItem","position":1,"name":"Portada","item":"https:\/\/centresmolina.com\/centreensenyament\/"},{"@type":"ListItem","position":2,"name":"Punt Verd m\u00f2bil"}]},{"@type":"WebSite","@id":"https:\/\/centresmolina.com\/centreensenyament\/#website","url":"https:\/\/centresmolina.com\/centreensenyament\/","name":"Centros de ense\u00f1anza","description":"Centres Molina - Centros de ense\u00f1anza","potentialAction":[{"@type":"SearchAction","target":{"@type":"EntryPoint","urlTemplate":"https:\/\/centresmolina.com\/centreensenyament\/?s={search_term_string}"},"query-input":{"@type":"PropertyValueSpecification","valueRequired":true,"valueName":"search_term_string"}}],"inLanguage":"ca"},{"@type":"Person","@id":"https:\/\/centresmolina.com\/centreensenyament\/#\/schema\/person\/308d85d274adff04b5c51d47e8aff6cc","name":"webmolina","image":{"@type":"ImageObject","inLanguage":"ca","@id":"https:\/\/secure.gravatar.com\/avatar\/38db407e1ab9b284bf45e3bff4ec5cf1e034e364f09b2ee054619614662a717b?s=96&d=mm&r=g","url":"https:\/\/secure.gravatar.com\/avatar\/38db407e1ab9b284bf45e3bff4ec5cf1e034e364f09b2ee054619614662a717b?s=96&d=mm&r=g","contentUrl":"https:\/\/secure.gravatar.com\/avatar\/38db407e1ab9b284bf45e3bff4ec5cf1e034e364f09b2ee054619614662a717b?s=96&d=mm&r=g","caption":"webmolina"},"url":"https:\/\/centresmolina.com\/centreensenyament\/author\/webmolina\/"}]}},"_links":{"self":[{"href":"https:\/\/centresmolina.com\/centreensenyament\/wp-json\/wp\/v2\/posts\/5675","targetHints":{"allow":["GET"]}}],"collection":[{"href":"https:\/\/centresmolina.com\/centreensenyament\/wp-json\/wp\/v2\/posts"}],"about":[{"href":"https:\/\/centresmolina.com\/centreensenyament\/wp-json\/wp\/v2\/types\/post"}],"author":[{"embeddable":true,"href":"https:\/\/centresmolina.com\/centreensenyament\/wp-json\/wp\/v2\/users\/3"}],"replies":[{"embeddable":true,"href":"https:\/\/centresmolina.com\/centreensenyament\/wp-json\/wp\/v2\/comments?post=5675"}],"version-history":[{"count":4,"href":"https:\/\/centresmolina.com\/centreensenyament\/wp-json\/wp\/v2\/posts\/5675\/revisions"}],"predecessor-version":[{"id":5948,"href":"https:\/\/centresmolina.com\/centreensenyament\/wp-json\/wp\/v2\/posts\/5675\/revisions\/5948"}],"wp:featuredmedia":[{"embeddable":true,"href":"https:\/\/centresmolina.com\/centreensenyament\/wp-json\/wp\/v2\/media\/5697"}],"wp:attachment":[{"href":"https:\/\/centresmolina.com\/centreensenyament\/wp-json\/wp\/v2\/media?parent=5675"}],"wp:term":[{"taxonomy":"category","embeddable":true,"href":"https:\/\/centresmolina.com\/centreensenyament\/wp-json\/wp\/v2\/categories?post=5675"},{"taxonomy":"post_tag","embeddable":true,"href":"https:\/\/centresmolina.com\/centreensenyament\/wp-json\/wp\/v2\/tags?post=5675"}],"curies":[{"name":"wp","href":"https:\/\/api.w.org\/{rel}","templated":true}]}}