{"id":6028,"date":"2017-11-22T12:10:32","date_gmt":"2017-11-22T12:10:32","guid":{"rendered":"http:\/\/centresmolina.com\/centreensenyament\/?p=6028\/"},"modified":"2017-12-02T09:40:52","modified_gmt":"2017-12-02T09:40:52","slug":"celebrem-santa-cecilia-patrona-dels-musics","status":"publish","type":"post","link":"https:\/\/centresmolina.com\/centreensenyament\/2017\/11\/22\/celebrem-santa-cecilia-patrona-dels-musics\/","title":{"rendered":"Celebrem Santa Cec\u00edlia, patrona dels m\u00fasics"},"content":{"rendered":"<p>A l&#8217;escola Molina, el nostre alumnat estudia, juga, comparteix i fa m\u00fasica.<\/p>\n<p>El dimecres 22 de novembre, amb motiu de la celebraci\u00f3 de Santa Cec\u00edlia, patrona dels m\u00fasics, els nostres alumnes ens van oferir un concert de m\u00fasica de cambra que ens va emocionar i agradar molt.<\/p>\n<p>Es van organitzar, de la m\u00e0\u00a0de la profe Rebeca, per a fer el llibret, les fotografies, assajar, portar el tema inform\u00e0tic, presentar, acomodar i preparar-ho tot per a oferir-nos el concert.<\/p>\n\n\t\t<style type=\"text\/css\">\n\t\t\t#gallery-1 {\n\t\t\t\tmargin: auto;\n\t\t\t}\n\t\t\t#gallery-1 .gallery-item {\n\t\t\t\tfloat: left;\n\t\t\t\tmargin-top: 10px;\n\t\t\t\ttext-align: center;\n\t\t\t\twidth: 50%;\n\t\t\t}\n\t\t\t#gallery-1 img {\n\t\t\t\tborder: 2px solid #cfcfcf;\n\t\t\t}\n\t\t\t#gallery-1 .gallery-caption {\n\t\t\t\tmargin-left: 0;\n\t\t\t}\n\t\t\t\/* see gallery_shortcode() in wp-includes\/media.php *\/\n\t\t<\/style>\n\t\t<div id='gallery-1' class='gallery galleryid-6028 gallery-columns-2 gallery-size-full'><dl class='gallery-item'>\n\t\t\t<dt class='gallery-icon landscape'>\n\t\t\t\t<a href='https:\/\/centresmolina.com\/centreensenyament\/files\/2017\/11\/Llibret-1.jpg'><img loading=\"lazy\" decoding=\"async\" width=\"1280\" height=\"720\" src=\"https:\/\/centresmolina.com\/centreensenyament\/files\/2017\/11\/Llibret-1.jpg\" class=\"attachment-full size-full\" alt=\"\" srcset=\"https:\/\/centresmolina.com\/centreensenyament\/files\/2017\/11\/Llibret-1.jpg 1280w, https:\/\/centresmolina.com\/centreensenyament\/files\/2017\/11\/Llibret-1-300x169.jpg 300w, https:\/\/centresmolina.com\/centreensenyament\/files\/2017\/11\/Llibret-1-768x432.jpg 768w, https:\/\/centresmolina.com\/centreensenyament\/files\/2017\/11\/Llibret-1-1024x576.jpg 1024w\" sizes=\"auto, (max-width: 1280px) 100vw, 1280px\" \/><\/a>\n\t\t\t<\/dt><\/dl><dl class='gallery-item'>\n\t\t\t<dt class='gallery-icon landscape'>\n\t\t\t\t<a href='https:\/\/centresmolina.com\/centreensenyament\/files\/2017\/11\/Llibret-2.jpg'><img loading=\"lazy\" decoding=\"async\" width=\"1280\" height=\"720\" src=\"https:\/\/centresmolina.com\/centreensenyament\/files\/2017\/11\/Llibret-2.jpg\" class=\"attachment-full size-full\" alt=\"\" srcset=\"https:\/\/centresmolina.com\/centreensenyament\/files\/2017\/11\/Llibret-2.jpg 1280w, https:\/\/centresmolina.com\/centreensenyament\/files\/2017\/11\/Llibret-2-300x169.jpg 300w, https:\/\/centresmolina.com\/centreensenyament\/files\/2017\/11\/Llibret-2-768x432.jpg 768w, https:\/\/centresmolina.com\/centreensenyament\/files\/2017\/11\/Llibret-2-1024x576.jpg 1024w\" sizes=\"auto, (max-width: 1280px) 100vw, 1280px\" \/><\/a>\n\t\t\t<\/dt><\/dl><br style=\"clear: both\" \/>\n\t\t<\/div>\n\n<p>Quins nervis, per\u00f2 que\u00a0bonic i emocionant!<\/p>\n\n\t\t<style type=\"text\/css\">\n\t\t\t#gallery-2 {\n\t\t\t\tmargin: auto;\n\t\t\t}\n\t\t\t#gallery-2 .gallery-item {\n\t\t\t\tfloat: left;\n\t\t\t\tmargin-top: 10px;\n\t\t\t\ttext-align: center;\n\t\t\t\twidth: 50%;\n\t\t\t}\n\t\t\t#gallery-2 img {\n\t\t\t\tborder: 2px solid #cfcfcf;\n\t\t\t}\n\t\t\t#gallery-2 .gallery-caption {\n\t\t\t\tmargin-left: 0;\n\t\t\t}\n\t\t\t\/* see gallery_shortcode() in wp-includes\/media.php *\/\n\t\t<\/style>\n\t\t<div id='gallery-2' class='gallery galleryid-6028 gallery-columns-2 gallery-size-full'><dl class='gallery-item'>\n\t\t\t<dt class='gallery-icon landscape'>\n\t\t\t\t<a href='https:\/\/centresmolina.com\/centreensenyament\/files\/2017\/11\/Concert-cambra-1ESO-5.jpg'><img loading=\"lazy\" decoding=\"async\" width=\"1280\" height=\"960\" src=\"https:\/\/centresmolina.com\/centreensenyament\/files\/2017\/11\/Concert-cambra-1ESO-5.jpg\" class=\"attachment-full size-full\" alt=\"\" srcset=\"https:\/\/centresmolina.com\/centreensenyament\/files\/2017\/11\/Concert-cambra-1ESO-5.jpg 1280w, https:\/\/centresmolina.com\/centreensenyament\/files\/2017\/11\/Concert-cambra-1ESO-5-300x225.jpg 300w, https:\/\/centresmolina.com\/centreensenyament\/files\/2017\/11\/Concert-cambra-1ESO-5-768x576.jpg 768w, https:\/\/centresmolina.com\/centreensenyament\/files\/2017\/11\/Concert-cambra-1ESO-5-1024x768.jpg 1024w\" sizes=\"auto, (max-width: 1280px) 100vw, 1280px\" \/><\/a>\n\t\t\t<\/dt><\/dl><dl class='gallery-item'>\n\t\t\t<dt class='gallery-icon landscape'>\n\t\t\t\t<a href='https:\/\/centresmolina.com\/centreensenyament\/files\/2017\/11\/Concert-cambra-1ESO-4.jpg'><img loading=\"lazy\" decoding=\"async\" width=\"1280\" height=\"960\" src=\"https:\/\/centresmolina.com\/centreensenyament\/files\/2017\/11\/Concert-cambra-1ESO-4.jpg\" class=\"attachment-full size-full\" alt=\"\" srcset=\"https:\/\/centresmolina.com\/centreensenyament\/files\/2017\/11\/Concert-cambra-1ESO-4.jpg 1280w, https:\/\/centresmolina.com\/centreensenyament\/files\/2017\/11\/Concert-cambra-1ESO-4-300x225.jpg 300w, https:\/\/centresmolina.com\/centreensenyament\/files\/2017\/11\/Concert-cambra-1ESO-4-768x576.jpg 768w, https:\/\/centresmolina.com\/centreensenyament\/files\/2017\/11\/Concert-cambra-1ESO-4-1024x768.jpg 1024w\" sizes=\"auto, (max-width: 1280px) 100vw, 1280px\" \/><\/a>\n\t\t\t<\/dt><\/dl><br style=\"clear: both\" \/><dl class='gallery-item'>\n\t\t\t<dt class='gallery-icon landscape'>\n\t\t\t\t<a href='https:\/\/centresmolina.com\/centreensenyament\/files\/2017\/11\/Concert-cambra-1ESO-3.jpg'><img loading=\"lazy\" decoding=\"async\" width=\"1280\" height=\"960\" src=\"https:\/\/centresmolina.com\/centreensenyament\/files\/2017\/11\/Concert-cambra-1ESO-3.jpg\" class=\"attachment-full size-full\" alt=\"\" srcset=\"https:\/\/centresmolina.com\/centreensenyament\/files\/2017\/11\/Concert-cambra-1ESO-3.jpg 1280w, https:\/\/centresmolina.com\/centreensenyament\/files\/2017\/11\/Concert-cambra-1ESO-3-300x225.jpg 300w, https:\/\/centresmolina.com\/centreensenyament\/files\/2017\/11\/Concert-cambra-1ESO-3-768x576.jpg 768w, https:\/\/centresmolina.com\/centreensenyament\/files\/2017\/11\/Concert-cambra-1ESO-3-1024x768.jpg 1024w\" sizes=\"auto, (max-width: 1280px) 100vw, 1280px\" \/><\/a>\n\t\t\t<\/dt><\/dl><dl class='gallery-item'>\n\t\t\t<dt class='gallery-icon landscape'>\n\t\t\t\t<a href='https:\/\/centresmolina.com\/centreensenyament\/files\/2017\/11\/Concert-cambra-1ESO-2.jpg'><img loading=\"lazy\" decoding=\"async\" width=\"1280\" height=\"960\" src=\"https:\/\/centresmolina.com\/centreensenyament\/files\/2017\/11\/Concert-cambra-1ESO-2.jpg\" class=\"attachment-full size-full\" alt=\"\" srcset=\"https:\/\/centresmolina.com\/centreensenyament\/files\/2017\/11\/Concert-cambra-1ESO-2.jpg 1280w, https:\/\/centresmolina.com\/centreensenyament\/files\/2017\/11\/Concert-cambra-1ESO-2-300x225.jpg 300w, https:\/\/centresmolina.com\/centreensenyament\/files\/2017\/11\/Concert-cambra-1ESO-2-768x576.jpg 768w, https:\/\/centresmolina.com\/centreensenyament\/files\/2017\/11\/Concert-cambra-1ESO-2-1024x768.jpg 1024w\" sizes=\"auto, (max-width: 1280px) 100vw, 1280px\" \/><\/a>\n\t\t\t<\/dt><\/dl><br style=\"clear: both\" \/>\n\t\t<\/div>\n\n<p>La Paula al piano, la M\u00edriam al violoncel i\u00a0l&#8217;\u00d2scar a la flauta travessera.<\/p>\n<p>&nbsp;<\/p>\n\n\t\t<style type=\"text\/css\">\n\t\t\t#gallery-3 {\n\t\t\t\tmargin: auto;\n\t\t\t}\n\t\t\t#gallery-3 .gallery-item {\n\t\t\t\tfloat: left;\n\t\t\t\tmargin-top: 10px;\n\t\t\t\ttext-align: center;\n\t\t\t\twidth: 50%;\n\t\t\t}\n\t\t\t#gallery-3 img {\n\t\t\t\tborder: 2px solid #cfcfcf;\n\t\t\t}\n\t\t\t#gallery-3 .gallery-caption {\n\t\t\t\tmargin-left: 0;\n\t\t\t}\n\t\t\t\/* see gallery_shortcode() in wp-includes\/media.php *\/\n\t\t<\/style>\n\t\t<div id='gallery-3' class='gallery galleryid-6028 gallery-columns-2 gallery-size-full'><dl class='gallery-item'>\n\t\t\t<dt class='gallery-icon landscape'>\n\t\t\t\t<a href='https:\/\/centresmolina.com\/centreensenyament\/files\/2017\/11\/Concert-cambra-1ESO-8.jpg'><img loading=\"lazy\" decoding=\"async\" width=\"640\" height=\"480\" src=\"https:\/\/centresmolina.com\/centreensenyament\/files\/2017\/11\/Concert-cambra-1ESO-8.jpg\" class=\"attachment-full size-full\" alt=\"\" srcset=\"https:\/\/centresmolina.com\/centreensenyament\/files\/2017\/11\/Concert-cambra-1ESO-8.jpg 640w, https:\/\/centresmolina.com\/centreensenyament\/files\/2017\/11\/Concert-cambra-1ESO-8-300x225.jpg 300w\" sizes=\"auto, (max-width: 640px) 100vw, 640px\" \/><\/a>\n\t\t\t<\/dt><\/dl><dl class='gallery-item'>\n\t\t\t<dt class='gallery-icon landscape'>\n\t\t\t\t<a href='https:\/\/centresmolina.com\/centreensenyament\/files\/2017\/11\/Concert-cambra-1ESO-6.jpg'><img loading=\"lazy\" decoding=\"async\" width=\"640\" height=\"480\" src=\"https:\/\/centresmolina.com\/centreensenyament\/files\/2017\/11\/Concert-cambra-1ESO-6.jpg\" class=\"attachment-full size-full\" alt=\"\" srcset=\"https:\/\/centresmolina.com\/centreensenyament\/files\/2017\/11\/Concert-cambra-1ESO-6.jpg 640w, https:\/\/centresmolina.com\/centreensenyament\/files\/2017\/11\/Concert-cambra-1ESO-6-300x225.jpg 300w\" sizes=\"auto, (max-width: 640px) 100vw, 640px\" \/><\/a>\n\t\t\t<\/dt><\/dl><br style=\"clear: both\" \/><dl class='gallery-item'>\n\t\t\t<dt class='gallery-icon landscape'>\n\t\t\t\t<a href='https:\/\/centresmolina.com\/centreensenyament\/files\/2017\/11\/Concert-cambra-1ESO-7.jpg'><img loading=\"lazy\" decoding=\"async\" width=\"640\" height=\"480\" src=\"https:\/\/centresmolina.com\/centreensenyament\/files\/2017\/11\/Concert-cambra-1ESO-7.jpg\" class=\"attachment-full size-full\" alt=\"\" srcset=\"https:\/\/centresmolina.com\/centreensenyament\/files\/2017\/11\/Concert-cambra-1ESO-7.jpg 640w, https:\/\/centresmolina.com\/centreensenyament\/files\/2017\/11\/Concert-cambra-1ESO-7-300x225.jpg 300w\" sizes=\"auto, (max-width: 640px) 100vw, 640px\" \/><\/a>\n\t\t\t<\/dt><\/dl><dl class='gallery-item'>\n\t\t\t<dt class='gallery-icon landscape'>\n\t\t\t\t<a href='https:\/\/centresmolina.com\/centreensenyament\/files\/2017\/11\/Concert-cambra-1ESO-9.jpg'><img loading=\"lazy\" decoding=\"async\" width=\"640\" height=\"480\" src=\"https:\/\/centresmolina.com\/centreensenyament\/files\/2017\/11\/Concert-cambra-1ESO-9.jpg\" class=\"attachment-full size-full\" alt=\"\" srcset=\"https:\/\/centresmolina.com\/centreensenyament\/files\/2017\/11\/Concert-cambra-1ESO-9.jpg 640w, https:\/\/centresmolina.com\/centreensenyament\/files\/2017\/11\/Concert-cambra-1ESO-9-300x225.jpg 300w\" sizes=\"auto, (max-width: 640px) 100vw, 640px\" \/><\/a>\n\t\t\t<\/dt><\/dl><br style=\"clear: both\" \/><dl class='gallery-item'>\n\t\t\t<dt class='gallery-icon landscape'>\n\t\t\t\t<a href='https:\/\/centresmolina.com\/centreensenyament\/files\/2017\/11\/Concert-cambra-1ESO-10.jpg'><img loading=\"lazy\" decoding=\"async\" width=\"640\" height=\"480\" src=\"https:\/\/centresmolina.com\/centreensenyament\/files\/2017\/11\/Concert-cambra-1ESO-10.jpg\" class=\"attachment-full size-full\" alt=\"\" srcset=\"https:\/\/centresmolina.com\/centreensenyament\/files\/2017\/11\/Concert-cambra-1ESO-10.jpg 640w, https:\/\/centresmolina.com\/centreensenyament\/files\/2017\/11\/Concert-cambra-1ESO-10-300x225.jpg 300w\" sizes=\"auto, (max-width: 640px) 100vw, 640px\" \/><\/a>\n\t\t\t<\/dt><\/dl><dl class='gallery-item'>\n\t\t\t<dt class='gallery-icon landscape'>\n\t\t\t\t<a href='https:\/\/centresmolina.com\/centreensenyament\/files\/2017\/11\/Concert-cambra-1ESO-11.jpg'><img loading=\"lazy\" decoding=\"async\" width=\"640\" height=\"480\" src=\"https:\/\/centresmolina.com\/centreensenyament\/files\/2017\/11\/Concert-cambra-1ESO-11.jpg\" class=\"attachment-full size-full\" alt=\"\" srcset=\"https:\/\/centresmolina.com\/centreensenyament\/files\/2017\/11\/Concert-cambra-1ESO-11.jpg 640w, https:\/\/centresmolina.com\/centreensenyament\/files\/2017\/11\/Concert-cambra-1ESO-11-300x225.jpg 300w\" sizes=\"auto, (max-width: 640px) 100vw, 640px\" \/><\/a>\n\t\t\t<\/dt><\/dl><br style=\"clear: both\" \/><dl class='gallery-item'>\n\t\t\t<dt class='gallery-icon landscape'>\n\t\t\t\t<a href='https:\/\/centresmolina.com\/centreensenyament\/files\/2017\/11\/Concert-cambra-1ESO-12.jpg'><img loading=\"lazy\" decoding=\"async\" width=\"640\" height=\"480\" src=\"https:\/\/centresmolina.com\/centreensenyament\/files\/2017\/11\/Concert-cambra-1ESO-12.jpg\" class=\"attachment-full size-full\" alt=\"\" srcset=\"https:\/\/centresmolina.com\/centreensenyament\/files\/2017\/11\/Concert-cambra-1ESO-12.jpg 640w, https:\/\/centresmolina.com\/centreensenyament\/files\/2017\/11\/Concert-cambra-1ESO-12-300x225.jpg 300w\" sizes=\"auto, (max-width: 640px) 100vw, 640px\" \/><\/a>\n\t\t\t<\/dt><\/dl><dl class='gallery-item'>\n\t\t\t<dt class='gallery-icon landscape'>\n\t\t\t\t<a href='https:\/\/centresmolina.com\/centreensenyament\/files\/2017\/11\/Concert-cambra-1ESO-13.jpg'><img loading=\"lazy\" decoding=\"async\" width=\"1280\" height=\"960\" src=\"https:\/\/centresmolina.com\/centreensenyament\/files\/2017\/11\/Concert-cambra-1ESO-13.jpg\" class=\"attachment-full size-full\" alt=\"\" srcset=\"https:\/\/centresmolina.com\/centreensenyament\/files\/2017\/11\/Concert-cambra-1ESO-13.jpg 1280w, https:\/\/centresmolina.com\/centreensenyament\/files\/2017\/11\/Concert-cambra-1ESO-13-300x225.jpg 300w, https:\/\/centresmolina.com\/centreensenyament\/files\/2017\/11\/Concert-cambra-1ESO-13-768x576.jpg 768w, https:\/\/centresmolina.com\/centreensenyament\/files\/2017\/11\/Concert-cambra-1ESO-13-1024x768.jpg 1024w\" sizes=\"auto, (max-width: 1280px) 100vw, 1280px\" \/><\/a>\n\t\t\t<\/dt><\/dl><br style=\"clear: both\" \/><dl class='gallery-item'>\n\t\t\t<dt class='gallery-icon landscape'>\n\t\t\t\t<a href='https:\/\/centresmolina.com\/centreensenyament\/files\/2017\/11\/Concert-cambra-1ESO-15.jpg'><img loading=\"lazy\" decoding=\"async\" width=\"640\" height=\"480\" src=\"https:\/\/centresmolina.com\/centreensenyament\/files\/2017\/11\/Concert-cambra-1ESO-15.jpg\" class=\"attachment-full size-full\" alt=\"\" srcset=\"https:\/\/centresmolina.com\/centreensenyament\/files\/2017\/11\/Concert-cambra-1ESO-15.jpg 640w, https:\/\/centresmolina.com\/centreensenyament\/files\/2017\/11\/Concert-cambra-1ESO-15-300x225.jpg 300w\" sizes=\"auto, (max-width: 640px) 100vw, 640px\" \/><\/a>\n\t\t\t<\/dt><\/dl><dl class='gallery-item'>\n\t\t\t<dt class='gallery-icon landscape'>\n\t\t\t\t<a href='https:\/\/centresmolina.com\/centreensenyament\/files\/2017\/11\/Concert-cambra-1ESO-16.jpg'><img loading=\"lazy\" decoding=\"async\" width=\"640\" height=\"480\" src=\"https:\/\/centresmolina.com\/centreensenyament\/files\/2017\/11\/Concert-cambra-1ESO-16.jpg\" class=\"attachment-full size-full\" alt=\"\" srcset=\"https:\/\/centresmolina.com\/centreensenyament\/files\/2017\/11\/Concert-cambra-1ESO-16.jpg 640w, https:\/\/centresmolina.com\/centreensenyament\/files\/2017\/11\/Concert-cambra-1ESO-16-300x225.jpg 300w\" sizes=\"auto, (max-width: 640px) 100vw, 640px\" \/><\/a>\n\t\t\t<\/dt><\/dl><br style=\"clear: both\" \/>\n\t\t<\/div>\n\n<p>I&#8230;som-hi!<\/p>\n<p><iframe loading=\"lazy\" title=\"Santa Cec\u00edlia 2\" width=\"500\" height=\"281\" src=\"https:\/\/www.youtube.com\/embed\/TTue2uRTOmI?feature=oembed\" frameborder=\"0\" allow=\"accelerometer; autoplay; clipboard-write; encrypted-media; gyroscope; picture-in-picture; web-share\" referrerpolicy=\"strict-origin-when-cross-origin\" allowfullscreen><\/iframe><\/p>\n<p>Satisfets de la feina feta aquest dia.<\/p>\n\n\t\t<style type=\"text\/css\">\n\t\t\t#gallery-4 {\n\t\t\t\tmargin: auto;\n\t\t\t}\n\t\t\t#gallery-4 .gallery-item {\n\t\t\t\tfloat: left;\n\t\t\t\tmargin-top: 10px;\n\t\t\t\ttext-align: center;\n\t\t\t\twidth: 50%;\n\t\t\t}\n\t\t\t#gallery-4 img {\n\t\t\t\tborder: 2px solid #cfcfcf;\n\t\t\t}\n\t\t\t#gallery-4 .gallery-caption {\n\t\t\t\tmargin-left: 0;\n\t\t\t}\n\t\t\t\/* see gallery_shortcode() in wp-includes\/media.php *\/\n\t\t<\/style>\n\t\t<div id='gallery-4' class='gallery galleryid-6028 gallery-columns-2 gallery-size-full'><dl class='gallery-item'>\n\t\t\t<dt class='gallery-icon landscape'>\n\t\t\t\t<a href='https:\/\/centresmolina.com\/centreensenyament\/files\/2017\/11\/Concert-cambra-1ESO-14.jpg'><img loading=\"lazy\" decoding=\"async\" width=\"640\" height=\"480\" src=\"https:\/\/centresmolina.com\/centreensenyament\/files\/2017\/11\/Concert-cambra-1ESO-14.jpg\" class=\"attachment-full size-full\" alt=\"\" srcset=\"https:\/\/centresmolina.com\/centreensenyament\/files\/2017\/11\/Concert-cambra-1ESO-14.jpg 640w, https:\/\/centresmolina.com\/centreensenyament\/files\/2017\/11\/Concert-cambra-1ESO-14-300x225.jpg 300w\" sizes=\"auto, (max-width: 640px) 100vw, 640px\" \/><\/a>\n\t\t\t<\/dt><\/dl><dl class='gallery-item'>\n\t\t\t<dt class='gallery-icon landscape'>\n\t\t\t\t<a href='https:\/\/centresmolina.com\/centreensenyament\/files\/2017\/11\/Concert-cambra-1ESO-17.jpg'><img loading=\"lazy\" decoding=\"async\" width=\"640\" height=\"480\" src=\"https:\/\/centresmolina.com\/centreensenyament\/files\/2017\/11\/Concert-cambra-1ESO-17.jpg\" class=\"attachment-full size-full\" alt=\"\" srcset=\"https:\/\/centresmolina.com\/centreensenyament\/files\/2017\/11\/Concert-cambra-1ESO-17.jpg 640w, https:\/\/centresmolina.com\/centreensenyament\/files\/2017\/11\/Concert-cambra-1ESO-17-300x225.jpg 300w\" sizes=\"auto, (max-width: 640px) 100vw, 640px\" \/><\/a>\n\t\t\t<\/dt><\/dl><br style=\"clear: both\" \/>\n\t\t<\/div>\n\n<p>A m\u00e9s,\u00a0 la nostra profe, amb un companys m\u00fasics, ens van amenitzar la tarda amb un concert de guitarres fant\u00e0stic.<\/p>\n\n\t\t<style type=\"text\/css\">\n\t\t\t#gallery-5 {\n\t\t\t\tmargin: auto;\n\t\t\t}\n\t\t\t#gallery-5 .gallery-item {\n\t\t\t\tfloat: left;\n\t\t\t\tmargin-top: 10px;\n\t\t\t\ttext-align: center;\n\t\t\t\twidth: 33%;\n\t\t\t}\n\t\t\t#gallery-5 img {\n\t\t\t\tborder: 2px solid #cfcfcf;\n\t\t\t}\n\t\t\t#gallery-5 .gallery-caption {\n\t\t\t\tmargin-left: 0;\n\t\t\t}\n\t\t\t\/* see gallery_shortcode() in wp-includes\/media.php *\/\n\t\t<\/style>\n\t\t<div id='gallery-5' class='gallery galleryid-6028 gallery-columns-3 gallery-size-full'><dl class='gallery-item'>\n\t\t\t<dt class='gallery-icon landscape'>\n\t\t\t\t<a href='https:\/\/centresmolina.com\/centreensenyament\/files\/2017\/11\/Musica-a-lescola-1.jpg'><img loading=\"lazy\" decoding=\"async\" width=\"1280\" height=\"960\" src=\"https:\/\/centresmolina.com\/centreensenyament\/files\/2017\/11\/Musica-a-lescola-1.jpg\" class=\"attachment-full size-full\" alt=\"\" srcset=\"https:\/\/centresmolina.com\/centreensenyament\/files\/2017\/11\/Musica-a-lescola-1.jpg 1280w, https:\/\/centresmolina.com\/centreensenyament\/files\/2017\/11\/Musica-a-lescola-1-300x225.jpg 300w, https:\/\/centresmolina.com\/centreensenyament\/files\/2017\/11\/Musica-a-lescola-1-768x576.jpg 768w, https:\/\/centresmolina.com\/centreensenyament\/files\/2017\/11\/Musica-a-lescola-1-1024x768.jpg 1024w\" sizes=\"auto, (max-width: 1280px) 100vw, 1280px\" \/><\/a>\n\t\t\t<\/dt><\/dl><dl class='gallery-item'>\n\t\t\t<dt class='gallery-icon landscape'>\n\t\t\t\t<a href='https:\/\/centresmolina.com\/centreensenyament\/files\/2017\/11\/Musica-a-lescola-2.jpg'><img loading=\"lazy\" decoding=\"async\" width=\"1280\" height=\"960\" src=\"https:\/\/centresmolina.com\/centreensenyament\/files\/2017\/11\/Musica-a-lescola-2.jpg\" class=\"attachment-full size-full\" alt=\"\" srcset=\"https:\/\/centresmolina.com\/centreensenyament\/files\/2017\/11\/Musica-a-lescola-2.jpg 1280w, https:\/\/centresmolina.com\/centreensenyament\/files\/2017\/11\/Musica-a-lescola-2-300x225.jpg 300w, https:\/\/centresmolina.com\/centreensenyament\/files\/2017\/11\/Musica-a-lescola-2-768x576.jpg 768w, https:\/\/centresmolina.com\/centreensenyament\/files\/2017\/11\/Musica-a-lescola-2-1024x768.jpg 1024w\" sizes=\"auto, (max-width: 1280px) 100vw, 1280px\" \/><\/a>\n\t\t\t<\/dt><\/dl><dl class='gallery-item'>\n\t\t\t<dt class='gallery-icon landscape'>\n\t\t\t\t<a href='https:\/\/centresmolina.com\/centreensenyament\/files\/2017\/11\/Musica-a-lescola-6.jpg'><img loading=\"lazy\" decoding=\"async\" width=\"1280\" height=\"960\" src=\"https:\/\/centresmolina.com\/centreensenyament\/files\/2017\/11\/Musica-a-lescola-6.jpg\" class=\"attachment-full size-full\" alt=\"\" srcset=\"https:\/\/centresmolina.com\/centreensenyament\/files\/2017\/11\/Musica-a-lescola-6.jpg 1280w, https:\/\/centresmolina.com\/centreensenyament\/files\/2017\/11\/Musica-a-lescola-6-300x225.jpg 300w, https:\/\/centresmolina.com\/centreensenyament\/files\/2017\/11\/Musica-a-lescola-6-768x576.jpg 768w, https:\/\/centresmolina.com\/centreensenyament\/files\/2017\/11\/Musica-a-lescola-6-1024x768.jpg 1024w\" sizes=\"auto, (max-width: 1280px) 100vw, 1280px\" \/><\/a>\n\t\t\t<\/dt><\/dl><br style=\"clear: both\" \/><dl class='gallery-item'>\n\t\t\t<dt class='gallery-icon landscape'>\n\t\t\t\t<a href='https:\/\/centresmolina.com\/centreensenyament\/files\/2017\/11\/Musica-a-lescola-11.jpg'><img loading=\"lazy\" decoding=\"async\" width=\"1280\" height=\"960\" src=\"https:\/\/centresmolina.com\/centreensenyament\/files\/2017\/11\/Musica-a-lescola-11.jpg\" class=\"attachment-full size-full\" alt=\"\" srcset=\"https:\/\/centresmolina.com\/centreensenyament\/files\/2017\/11\/Musica-a-lescola-11.jpg 1280w, https:\/\/centresmolina.com\/centreensenyament\/files\/2017\/11\/Musica-a-lescola-11-300x225.jpg 300w, https:\/\/centresmolina.com\/centreensenyament\/files\/2017\/11\/Musica-a-lescola-11-768x576.jpg 768w, https:\/\/centresmolina.com\/centreensenyament\/files\/2017\/11\/Musica-a-lescola-11-1024x768.jpg 1024w\" sizes=\"auto, (max-width: 1280px) 100vw, 1280px\" \/><\/a>\n\t\t\t<\/dt><\/dl><dl class='gallery-item'>\n\t\t\t<dt class='gallery-icon landscape'>\n\t\t\t\t<a href='https:\/\/centresmolina.com\/centreensenyament\/files\/2017\/11\/Musica-a-lescola-12.jpg'><img loading=\"lazy\" decoding=\"async\" width=\"1280\" height=\"960\" src=\"https:\/\/centresmolina.com\/centreensenyament\/files\/2017\/11\/Musica-a-lescola-12.jpg\" class=\"attachment-full size-full\" alt=\"\" srcset=\"https:\/\/centresmolina.com\/centreensenyament\/files\/2017\/11\/Musica-a-lescola-12.jpg 1280w, https:\/\/centresmolina.com\/centreensenyament\/files\/2017\/11\/Musica-a-lescola-12-300x225.jpg 300w, https:\/\/centresmolina.com\/centreensenyament\/files\/2017\/11\/Musica-a-lescola-12-768x576.jpg 768w, https:\/\/centresmolina.com\/centreensenyament\/files\/2017\/11\/Musica-a-lescola-12-1024x768.jpg 1024w\" sizes=\"auto, (max-width: 1280px) 100vw, 1280px\" \/><\/a>\n\t\t\t<\/dt><\/dl><dl class='gallery-item'>\n\t\t\t<dt class='gallery-icon landscape'>\n\t\t\t\t<a href='https:\/\/centresmolina.com\/centreensenyament\/files\/2017\/11\/Musica-a-lescola-13.jpg'><img loading=\"lazy\" decoding=\"async\" width=\"1280\" height=\"960\" src=\"https:\/\/centresmolina.com\/centreensenyament\/files\/2017\/11\/Musica-a-lescola-13.jpg\" class=\"attachment-full size-full\" alt=\"\" srcset=\"https:\/\/centresmolina.com\/centreensenyament\/files\/2017\/11\/Musica-a-lescola-13.jpg 1280w, https:\/\/centresmolina.com\/centreensenyament\/files\/2017\/11\/Musica-a-lescola-13-300x225.jpg 300w, https:\/\/centresmolina.com\/centreensenyament\/files\/2017\/11\/Musica-a-lescola-13-768x576.jpg 768w, https:\/\/centresmolina.com\/centreensenyament\/files\/2017\/11\/Musica-a-lescola-13-1024x768.jpg 1024w\" sizes=\"auto, (max-width: 1280px) 100vw, 1280px\" \/><\/a>\n\t\t\t<\/dt><\/dl><br style=\"clear: both\" \/>\n\t\t<\/div>\n\n<p><iframe loading=\"lazy\" title=\"Santa Cec\u00edlia 2017 a Escola Molina\" width=\"500\" height=\"281\" src=\"https:\/\/www.youtube.com\/embed\/GEjSffq2b3A?feature=oembed\" frameborder=\"0\" allow=\"accelerometer; autoplay; clipboard-write; encrypted-media; gyroscope; picture-in-picture; web-share\" referrerpolicy=\"strict-origin-when-cross-origin\" allowfullscreen><\/iframe><\/p>\n<p><iframe loading=\"lazy\" title=\"Santa Cec\u00edlia 1\" width=\"500\" height=\"281\" src=\"https:\/\/www.youtube.com\/embed\/dTBmAgWptoM?feature=oembed\" frameborder=\"0\" allow=\"accelerometer; autoplay; clipboard-write; encrypted-media; gyroscope; picture-in-picture; web-share\" referrerpolicy=\"strict-origin-when-cross-origin\" allowfullscreen><\/iframe><\/p>\n<p>En aquest dia,\u00a0hem deixa&#8217;t que la m\u00fasica sigui la protagonista i ens hem sentit molt i molt b\u00e9.<\/p>\n<p>Gr\u00e0cies a totes les persones, alumnes i profes que ho han fet possible!<\/p>\n","protected":false},"excerpt":{"rendered":"<p>A l&#8217;escola Molina, el nostre alumnat estudia, juga, comparteix i fa m\u00fasica. El dimecres 22 de novembre, amb motiu de&#8230;<\/p>\n","protected":false},"author":3,"featured_media":6058,"comment_status":"open","ping_status":"open","sticky":false,"template":"","format":"standard","meta":{"footnotes":""},"categories":[5],"tags":[102,43,19,24,57,46,44,207,2515],"class_list":["post-6028","post","type-post","status-publish","format-standard","has-post-thumbnail","hentry","category-noticies","tag-1r-deso","tag-escola","tag-escola-molina","tag-eso","tag-estil-propi","tag-formacio","tag-molina","tag-musica","tag-santa-cecilia"],"yoast_head":"<!-- This site is optimized with the Yoast SEO plugin v27.2 - https:\/\/yoast.com\/product\/yoast-seo-wordpress\/ -->\n<title>Celebrem Santa Cec\u00edlia, patrona dels m\u00fasics - Centros de ense\u00f1anza<\/title>\n<meta name=\"robots\" content=\"index, follow, max-snippet:-1, max-image-preview:large, max-video-preview:-1\" \/>\n<link rel=\"canonical\" href=\"https:\/\/centresmolina.com\/centreensenyament\/2017\/11\/22\/celebrem-santa-cecilia-patrona-dels-musics\/\" \/>\n<meta property=\"og:locale\" content=\"ca_ES\" \/>\n<meta property=\"og:type\" content=\"article\" \/>\n<meta property=\"og:title\" content=\"Celebrem Santa Cec\u00edlia, patrona dels m\u00fasics - Centros de ense\u00f1anza\" \/>\n<meta property=\"og:description\" content=\"A l&#8217;escola Molina, el nostre alumnat estudia, juga, comparteix i fa m\u00fasica. El dimecres 22 de novembre, amb motiu de...\" \/>\n<meta property=\"og:url\" content=\"https:\/\/centresmolina.com\/centreensenyament\/2017\/11\/22\/celebrem-santa-cecilia-patrona-dels-musics\/\" \/>\n<meta property=\"og:site_name\" content=\"Centros de ense\u00f1anza\" \/>\n<meta property=\"article:published_time\" content=\"2017-11-22T12:10:32+00:00\" \/>\n<meta property=\"article:modified_time\" content=\"2017-12-02T09:40:52+00:00\" \/>\n<meta property=\"og:image\" content=\"https:\/\/centresmolina.com\/centreensenyament\/files\/2017\/11\/Musica-a-lescola-4.jpg\" \/>\n\t<meta property=\"og:image:width\" content=\"1280\" \/>\n\t<meta property=\"og:image:height\" content=\"960\" \/>\n\t<meta property=\"og:image:type\" content=\"image\/jpeg\" \/>\n<meta name=\"author\" content=\"webmolina\" \/>\n<meta name=\"twitter:label1\" content=\"Escrit per\" \/>\n\t<meta name=\"twitter:data1\" content=\"webmolina\" \/>\n\t<meta name=\"twitter:label2\" content=\"Temps estimat de lectura\" \/>\n\t<meta name=\"twitter:data2\" content=\"1 minut\" \/>\n<script type=\"application\/ld+json\" class=\"yoast-schema-graph\">{\"@context\":\"https:\/\/schema.org\",\"@graph\":[{\"@type\":\"Article\",\"@id\":\"https:\/\/centresmolina.com\/centreensenyament\/2017\/11\/22\/celebrem-santa-cecilia-patrona-dels-musics\/#article\",\"isPartOf\":{\"@id\":\"https:\/\/centresmolina.com\/centreensenyament\/2017\/11\/22\/celebrem-santa-cecilia-patrona-dels-musics\/\"},\"author\":{\"name\":\"webmolina\",\"@id\":\"https:\/\/centresmolina.com\/centreensenyament\/#\/schema\/person\/308d85d274adff04b5c51d47e8aff6cc\"},\"headline\":\"Celebrem Santa Cec\u00edlia, patrona dels m\u00fasics\",\"datePublished\":\"2017-11-22T12:10:32+00:00\",\"dateModified\":\"2017-12-02T09:40:52+00:00\",\"mainEntityOfPage\":{\"@id\":\"https:\/\/centresmolina.com\/centreensenyament\/2017\/11\/22\/celebrem-santa-cecilia-patrona-dels-musics\/\"},\"wordCount\":236,\"commentCount\":0,\"image\":{\"@id\":\"https:\/\/centresmolina.com\/centreensenyament\/2017\/11\/22\/celebrem-santa-cecilia-patrona-dels-musics\/#primaryimage\"},\"thumbnailUrl\":\"https:\/\/centresmolina.com\/centreensenyament\/files\/2017\/11\/Musica-a-lescola-4.jpg\",\"keywords\":[\"1r d'ESO\",\"Escola\",\"Escola Molina\",\"ESO\",\"estil propi\",\"formaci\u00f3\",\"Molina\",\"M\u00fasica\",\"Santa Cec\u00edlia\"],\"articleSection\":[\"Not\u00edcies\"],\"inLanguage\":\"ca\",\"potentialAction\":[{\"@type\":\"CommentAction\",\"name\":\"Comment\",\"target\":[\"https:\/\/centresmolina.com\/centreensenyament\/2017\/11\/22\/celebrem-santa-cecilia-patrona-dels-musics\/#respond\"]}]},{\"@type\":\"WebPage\",\"@id\":\"https:\/\/centresmolina.com\/centreensenyament\/2017\/11\/22\/celebrem-santa-cecilia-patrona-dels-musics\/\",\"url\":\"https:\/\/centresmolina.com\/centreensenyament\/2017\/11\/22\/celebrem-santa-cecilia-patrona-dels-musics\/\",\"name\":\"Celebrem Santa Cec\u00edlia, patrona dels m\u00fasics - Centros de ense\u00f1anza\",\"isPartOf\":{\"@id\":\"https:\/\/centresmolina.com\/centreensenyament\/#website\"},\"primaryImageOfPage\":{\"@id\":\"https:\/\/centresmolina.com\/centreensenyament\/2017\/11\/22\/celebrem-santa-cecilia-patrona-dels-musics\/#primaryimage\"},\"image\":{\"@id\":\"https:\/\/centresmolina.com\/centreensenyament\/2017\/11\/22\/celebrem-santa-cecilia-patrona-dels-musics\/#primaryimage\"},\"thumbnailUrl\":\"https:\/\/centresmolina.com\/centreensenyament\/files\/2017\/11\/Musica-a-lescola-4.jpg\",\"datePublished\":\"2017-11-22T12:10:32+00:00\",\"dateModified\":\"2017-12-02T09:40:52+00:00\",\"author\":{\"@id\":\"https:\/\/centresmolina.com\/centreensenyament\/#\/schema\/person\/308d85d274adff04b5c51d47e8aff6cc\"},\"breadcrumb\":{\"@id\":\"https:\/\/centresmolina.com\/centreensenyament\/2017\/11\/22\/celebrem-santa-cecilia-patrona-dels-musics\/#breadcrumb\"},\"inLanguage\":\"ca\",\"potentialAction\":[{\"@type\":\"ReadAction\",\"target\":[\"https:\/\/centresmolina.com\/centreensenyament\/2017\/11\/22\/celebrem-santa-cecilia-patrona-dels-musics\/\"]}]},{\"@type\":\"ImageObject\",\"inLanguage\":\"ca\",\"@id\":\"https:\/\/centresmolina.com\/centreensenyament\/2017\/11\/22\/celebrem-santa-cecilia-patrona-dels-musics\/#primaryimage\",\"url\":\"https:\/\/centresmolina.com\/centreensenyament\/files\/2017\/11\/Musica-a-lescola-4.jpg\",\"contentUrl\":\"https:\/\/centresmolina.com\/centreensenyament\/files\/2017\/11\/Musica-a-lescola-4.jpg\",\"width\":1280,\"height\":960},{\"@type\":\"BreadcrumbList\",\"@id\":\"https:\/\/centresmolina.com\/centreensenyament\/2017\/11\/22\/celebrem-santa-cecilia-patrona-dels-musics\/#breadcrumb\",\"itemListElement\":[{\"@type\":\"ListItem\",\"position\":1,\"name\":\"Portada\",\"item\":\"https:\/\/centresmolina.com\/centreensenyament\/\"},{\"@type\":\"ListItem\",\"position\":2,\"name\":\"Celebrem Santa Cec\u00edlia, patrona dels m\u00fasics\"}]},{\"@type\":\"WebSite\",\"@id\":\"https:\/\/centresmolina.com\/centreensenyament\/#website\",\"url\":\"https:\/\/centresmolina.com\/centreensenyament\/\",\"name\":\"Centros de ense\u00f1anza\",\"description\":\"Centres Molina - Centros de ense\u00f1anza\",\"potentialAction\":[{\"@type\":\"SearchAction\",\"target\":{\"@type\":\"EntryPoint\",\"urlTemplate\":\"https:\/\/centresmolina.com\/centreensenyament\/?s={search_term_string}\"},\"query-input\":{\"@type\":\"PropertyValueSpecification\",\"valueRequired\":true,\"valueName\":\"search_term_string\"}}],\"inLanguage\":\"ca\"},{\"@type\":\"Person\",\"@id\":\"https:\/\/centresmolina.com\/centreensenyament\/#\/schema\/person\/308d85d274adff04b5c51d47e8aff6cc\",\"name\":\"webmolina\",\"image\":{\"@type\":\"ImageObject\",\"inLanguage\":\"ca\",\"@id\":\"https:\/\/secure.gravatar.com\/avatar\/38db407e1ab9b284bf45e3bff4ec5cf1e034e364f09b2ee054619614662a717b?s=96&d=mm&r=g\",\"url\":\"https:\/\/secure.gravatar.com\/avatar\/38db407e1ab9b284bf45e3bff4ec5cf1e034e364f09b2ee054619614662a717b?s=96&d=mm&r=g\",\"contentUrl\":\"https:\/\/secure.gravatar.com\/avatar\/38db407e1ab9b284bf45e3bff4ec5cf1e034e364f09b2ee054619614662a717b?s=96&d=mm&r=g\",\"caption\":\"webmolina\"},\"url\":\"https:\/\/centresmolina.com\/centreensenyament\/author\/webmolina\/\"}]}<\/script>\n<!-- \/ Yoast SEO plugin. -->","yoast_head_json":{"title":"Celebrem Santa Cec\u00edlia, patrona dels m\u00fasics - Centros de ense\u00f1anza","robots":{"index":"index","follow":"follow","max-snippet":"max-snippet:-1","max-image-preview":"max-image-preview:large","max-video-preview":"max-video-preview:-1"},"canonical":"https:\/\/centresmolina.com\/centreensenyament\/2017\/11\/22\/celebrem-santa-cecilia-patrona-dels-musics\/","og_locale":"ca_ES","og_type":"article","og_title":"Celebrem Santa Cec\u00edlia, patrona dels m\u00fasics - Centros de ense\u00f1anza","og_description":"A l&#8217;escola Molina, el nostre alumnat estudia, juga, comparteix i fa m\u00fasica. El dimecres 22 de novembre, amb motiu de...","og_url":"https:\/\/centresmolina.com\/centreensenyament\/2017\/11\/22\/celebrem-santa-cecilia-patrona-dels-musics\/","og_site_name":"Centros de ense\u00f1anza","article_published_time":"2017-11-22T12:10:32+00:00","article_modified_time":"2017-12-02T09:40:52+00:00","og_image":[{"width":1280,"height":960,"url":"https:\/\/centresmolina.com\/centreensenyament\/files\/2017\/11\/Musica-a-lescola-4.jpg","type":"image\/jpeg"}],"author":"webmolina","twitter_misc":{"Escrit per":"webmolina","Temps estimat de lectura":"1 minut"},"schema":{"@context":"https:\/\/schema.org","@graph":[{"@type":"Article","@id":"https:\/\/centresmolina.com\/centreensenyament\/2017\/11\/22\/celebrem-santa-cecilia-patrona-dels-musics\/#article","isPartOf":{"@id":"https:\/\/centresmolina.com\/centreensenyament\/2017\/11\/22\/celebrem-santa-cecilia-patrona-dels-musics\/"},"author":{"name":"webmolina","@id":"https:\/\/centresmolina.com\/centreensenyament\/#\/schema\/person\/308d85d274adff04b5c51d47e8aff6cc"},"headline":"Celebrem Santa Cec\u00edlia, patrona dels m\u00fasics","datePublished":"2017-11-22T12:10:32+00:00","dateModified":"2017-12-02T09:40:52+00:00","mainEntityOfPage":{"@id":"https:\/\/centresmolina.com\/centreensenyament\/2017\/11\/22\/celebrem-santa-cecilia-patrona-dels-musics\/"},"wordCount":236,"commentCount":0,"image":{"@id":"https:\/\/centresmolina.com\/centreensenyament\/2017\/11\/22\/celebrem-santa-cecilia-patrona-dels-musics\/#primaryimage"},"thumbnailUrl":"https:\/\/centresmolina.com\/centreensenyament\/files\/2017\/11\/Musica-a-lescola-4.jpg","keywords":["1r d'ESO","Escola","Escola Molina","ESO","estil propi","formaci\u00f3","Molina","M\u00fasica","Santa Cec\u00edlia"],"articleSection":["Not\u00edcies"],"inLanguage":"ca","potentialAction":[{"@type":"CommentAction","name":"Comment","target":["https:\/\/centresmolina.com\/centreensenyament\/2017\/11\/22\/celebrem-santa-cecilia-patrona-dels-musics\/#respond"]}]},{"@type":"WebPage","@id":"https:\/\/centresmolina.com\/centreensenyament\/2017\/11\/22\/celebrem-santa-cecilia-patrona-dels-musics\/","url":"https:\/\/centresmolina.com\/centreensenyament\/2017\/11\/22\/celebrem-santa-cecilia-patrona-dels-musics\/","name":"Celebrem Santa Cec\u00edlia, patrona dels m\u00fasics - Centros de ense\u00f1anza","isPartOf":{"@id":"https:\/\/centresmolina.com\/centreensenyament\/#website"},"primaryImageOfPage":{"@id":"https:\/\/centresmolina.com\/centreensenyament\/2017\/11\/22\/celebrem-santa-cecilia-patrona-dels-musics\/#primaryimage"},"image":{"@id":"https:\/\/centresmolina.com\/centreensenyament\/2017\/11\/22\/celebrem-santa-cecilia-patrona-dels-musics\/#primaryimage"},"thumbnailUrl":"https:\/\/centresmolina.com\/centreensenyament\/files\/2017\/11\/Musica-a-lescola-4.jpg","datePublished":"2017-11-22T12:10:32+00:00","dateModified":"2017-12-02T09:40:52+00:00","author":{"@id":"https:\/\/centresmolina.com\/centreensenyament\/#\/schema\/person\/308d85d274adff04b5c51d47e8aff6cc"},"breadcrumb":{"@id":"https:\/\/centresmolina.com\/centreensenyament\/2017\/11\/22\/celebrem-santa-cecilia-patrona-dels-musics\/#breadcrumb"},"inLanguage":"ca","potentialAction":[{"@type":"ReadAction","target":["https:\/\/centresmolina.com\/centreensenyament\/2017\/11\/22\/celebrem-santa-cecilia-patrona-dels-musics\/"]}]},{"@type":"ImageObject","inLanguage":"ca","@id":"https:\/\/centresmolina.com\/centreensenyament\/2017\/11\/22\/celebrem-santa-cecilia-patrona-dels-musics\/#primaryimage","url":"https:\/\/centresmolina.com\/centreensenyament\/files\/2017\/11\/Musica-a-lescola-4.jpg","contentUrl":"https:\/\/centresmolina.com\/centreensenyament\/files\/2017\/11\/Musica-a-lescola-4.jpg","width":1280,"height":960},{"@type":"BreadcrumbList","@id":"https:\/\/centresmolina.com\/centreensenyament\/2017\/11\/22\/celebrem-santa-cecilia-patrona-dels-musics\/#breadcrumb","itemListElement":[{"@type":"ListItem","position":1,"name":"Portada","item":"https:\/\/centresmolina.com\/centreensenyament\/"},{"@type":"ListItem","position":2,"name":"Celebrem Santa Cec\u00edlia, patrona dels m\u00fasics"}]},{"@type":"WebSite","@id":"https:\/\/centresmolina.com\/centreensenyament\/#website","url":"https:\/\/centresmolina.com\/centreensenyament\/","name":"Centros de ense\u00f1anza","description":"Centres Molina - Centros de ense\u00f1anza","potentialAction":[{"@type":"SearchAction","target":{"@type":"EntryPoint","urlTemplate":"https:\/\/centresmolina.com\/centreensenyament\/?s={search_term_string}"},"query-input":{"@type":"PropertyValueSpecification","valueRequired":true,"valueName":"search_term_string"}}],"inLanguage":"ca"},{"@type":"Person","@id":"https:\/\/centresmolina.com\/centreensenyament\/#\/schema\/person\/308d85d274adff04b5c51d47e8aff6cc","name":"webmolina","image":{"@type":"ImageObject","inLanguage":"ca","@id":"https:\/\/secure.gravatar.com\/avatar\/38db407e1ab9b284bf45e3bff4ec5cf1e034e364f09b2ee054619614662a717b?s=96&d=mm&r=g","url":"https:\/\/secure.gravatar.com\/avatar\/38db407e1ab9b284bf45e3bff4ec5cf1e034e364f09b2ee054619614662a717b?s=96&d=mm&r=g","contentUrl":"https:\/\/secure.gravatar.com\/avatar\/38db407e1ab9b284bf45e3bff4ec5cf1e034e364f09b2ee054619614662a717b?s=96&d=mm&r=g","caption":"webmolina"},"url":"https:\/\/centresmolina.com\/centreensenyament\/author\/webmolina\/"}]}},"_links":{"self":[{"href":"https:\/\/centresmolina.com\/centreensenyament\/wp-json\/wp\/v2\/posts\/6028","targetHints":{"allow":["GET"]}}],"collection":[{"href":"https:\/\/centresmolina.com\/centreensenyament\/wp-json\/wp\/v2\/posts"}],"about":[{"href":"https:\/\/centresmolina.com\/centreensenyament\/wp-json\/wp\/v2\/types\/post"}],"author":[{"embeddable":true,"href":"https:\/\/centresmolina.com\/centreensenyament\/wp-json\/wp\/v2\/users\/3"}],"replies":[{"embeddable":true,"href":"https:\/\/centresmolina.com\/centreensenyament\/wp-json\/wp\/v2\/comments?post=6028"}],"version-history":[{"count":8,"href":"https:\/\/centresmolina.com\/centreensenyament\/wp-json\/wp\/v2\/posts\/6028\/revisions"}],"predecessor-version":[{"id":6143,"href":"https:\/\/centresmolina.com\/centreensenyament\/wp-json\/wp\/v2\/posts\/6028\/revisions\/6143"}],"wp:featuredmedia":[{"embeddable":true,"href":"https:\/\/centresmolina.com\/centreensenyament\/wp-json\/wp\/v2\/media\/6058"}],"wp:attachment":[{"href":"https:\/\/centresmolina.com\/centreensenyament\/wp-json\/wp\/v2\/media?parent=6028"}],"wp:term":[{"taxonomy":"category","embeddable":true,"href":"https:\/\/centresmolina.com\/centreensenyament\/wp-json\/wp\/v2\/categories?post=6028"},{"taxonomy":"post_tag","embeddable":true,"href":"https:\/\/centresmolina.com\/centreensenyament\/wp-json\/wp\/v2\/tags?post=6028"}],"curies":[{"name":"wp","href":"https:\/\/api.w.org\/{rel}","templated":true}]}}