{"id":6198,"date":"2017-11-28T11:24:01","date_gmt":"2017-11-28T11:24:01","guid":{"rendered":"http:\/\/centresmolina.com\/centreensenyament\/?p=6198\/"},"modified":"2017-12-02T11:45:58","modified_gmt":"2017-12-02T11:45:58","slug":"la-nostra-aula-dacollida","status":"publish","type":"post","link":"https:\/\/centresmolina.com\/centreensenyament\/2017\/11\/28\/la-nostra-aula-dacollida\/","title":{"rendered":"La nostra Aula d&#8217;Acollida"},"content":{"rendered":"<p>L\u2019aula d\u2019acollida\u00a0 de la\u00a0nostra escola esdev\u00e9 un punt de refer\u00e8ncia i un marc de treball obert amb una constant interacci\u00f3 amb la din\u00e0mica del centre, que permet una atenci\u00f3 emocional i curricular personalitzada i un aprenentatge intensiu de la llengua catalana.\u00a0Proporciona a l\u2019alumnat nouvingut una atenci\u00f3 adequada a les necessitats i als progressos relacionals i ling\u00fc\u00edstics, sense perdre el contacte amb la resta de grup classe al qual est\u00e0 adscrit.<\/p>\n<p>La metodologia de l\u2019aula d\u2019acollida\u00a0t\u00e9 en compte l\u2019organitzaci\u00f3 dels aprenentatges de manera globalitzada, l\u2019exist\u00e8ncia d\u2019activitats funcionals, el foment del treball cooperatiu i l\u2019establiment de relacions personals positives.<\/p>\n\n\t\t<style type=\"text\/css\">\n\t\t\t#gallery-1 {\n\t\t\t\tmargin: auto;\n\t\t\t}\n\t\t\t#gallery-1 .gallery-item {\n\t\t\t\tfloat: left;\n\t\t\t\tmargin-top: 10px;\n\t\t\t\ttext-align: center;\n\t\t\t\twidth: 50%;\n\t\t\t}\n\t\t\t#gallery-1 img {\n\t\t\t\tborder: 2px solid #cfcfcf;\n\t\t\t}\n\t\t\t#gallery-1 .gallery-caption {\n\t\t\t\tmargin-left: 0;\n\t\t\t}\n\t\t\t\/* see gallery_shortcode() in wp-includes\/media.php *\/\n\t\t<\/style>\n\t\t<div id='gallery-1' class='gallery galleryid-6198 gallery-columns-2 gallery-size-full'><dl class='gallery-item'>\n\t\t\t<dt class='gallery-icon landscape'>\n\t\t\t\t<a href='https:\/\/centresmolina.com\/centreensenyament\/files\/2017\/12\/Aula-dacollida-2.jpg'><img loading=\"lazy\" decoding=\"async\" width=\"1280\" height=\"960\" src=\"https:\/\/centresmolina.com\/centreensenyament\/files\/2017\/12\/Aula-dacollida-2.jpg\" class=\"attachment-full size-full\" alt=\"\" srcset=\"https:\/\/centresmolina.com\/centreensenyament\/files\/2017\/12\/Aula-dacollida-2.jpg 1280w, https:\/\/centresmolina.com\/centreensenyament\/files\/2017\/12\/Aula-dacollida-2-300x225.jpg 300w, https:\/\/centresmolina.com\/centreensenyament\/files\/2017\/12\/Aula-dacollida-2-768x576.jpg 768w, https:\/\/centresmolina.com\/centreensenyament\/files\/2017\/12\/Aula-dacollida-2-1024x768.jpg 1024w\" sizes=\"auto, (max-width: 1280px) 100vw, 1280px\" \/><\/a>\n\t\t\t<\/dt><\/dl><dl class='gallery-item'>\n\t\t\t<dt class='gallery-icon landscape'>\n\t\t\t\t<a href='https:\/\/centresmolina.com\/centreensenyament\/files\/2017\/12\/Aula-dacollida-3.jpg'><img loading=\"lazy\" decoding=\"async\" width=\"1280\" height=\"960\" src=\"https:\/\/centresmolina.com\/centreensenyament\/files\/2017\/12\/Aula-dacollida-3.jpg\" class=\"attachment-full size-full\" alt=\"\" srcset=\"https:\/\/centresmolina.com\/centreensenyament\/files\/2017\/12\/Aula-dacollida-3.jpg 1280w, https:\/\/centresmolina.com\/centreensenyament\/files\/2017\/12\/Aula-dacollida-3-300x225.jpg 300w, https:\/\/centresmolina.com\/centreensenyament\/files\/2017\/12\/Aula-dacollida-3-768x576.jpg 768w, https:\/\/centresmolina.com\/centreensenyament\/files\/2017\/12\/Aula-dacollida-3-1024x768.jpg 1024w\" sizes=\"auto, (max-width: 1280px) 100vw, 1280px\" \/><\/a>\n\t\t\t<\/dt><\/dl><br style=\"clear: both\" \/><dl class='gallery-item'>\n\t\t\t<dt class='gallery-icon landscape'>\n\t\t\t\t<a href='https:\/\/centresmolina.com\/centreensenyament\/files\/2017\/12\/Aula-dacollida-4.jpg'><img loading=\"lazy\" decoding=\"async\" width=\"1280\" height=\"960\" src=\"https:\/\/centresmolina.com\/centreensenyament\/files\/2017\/12\/Aula-dacollida-4.jpg\" class=\"attachment-full size-full\" alt=\"\" srcset=\"https:\/\/centresmolina.com\/centreensenyament\/files\/2017\/12\/Aula-dacollida-4.jpg 1280w, https:\/\/centresmolina.com\/centreensenyament\/files\/2017\/12\/Aula-dacollida-4-300x225.jpg 300w, https:\/\/centresmolina.com\/centreensenyament\/files\/2017\/12\/Aula-dacollida-4-768x576.jpg 768w, https:\/\/centresmolina.com\/centreensenyament\/files\/2017\/12\/Aula-dacollida-4-1024x768.jpg 1024w\" sizes=\"auto, (max-width: 1280px) 100vw, 1280px\" \/><\/a>\n\t\t\t<\/dt><\/dl><dl class='gallery-item'>\n\t\t\t<dt class='gallery-icon landscape'>\n\t\t\t\t<a href='https:\/\/centresmolina.com\/centreensenyament\/files\/2017\/12\/Aula-dacollida-5.jpg'><img loading=\"lazy\" decoding=\"async\" width=\"1280\" height=\"960\" src=\"https:\/\/centresmolina.com\/centreensenyament\/files\/2017\/12\/Aula-dacollida-5.jpg\" class=\"attachment-full size-full\" alt=\"\" srcset=\"https:\/\/centresmolina.com\/centreensenyament\/files\/2017\/12\/Aula-dacollida-5.jpg 1280w, https:\/\/centresmolina.com\/centreensenyament\/files\/2017\/12\/Aula-dacollida-5-300x225.jpg 300w, https:\/\/centresmolina.com\/centreensenyament\/files\/2017\/12\/Aula-dacollida-5-768x576.jpg 768w, https:\/\/centresmolina.com\/centreensenyament\/files\/2017\/12\/Aula-dacollida-5-1024x768.jpg 1024w\" sizes=\"auto, (max-width: 1280px) 100vw, 1280px\" \/><\/a>\n\t\t\t<\/dt><\/dl><br style=\"clear: both\" \/><dl class='gallery-item'>\n\t\t\t<dt class='gallery-icon landscape'>\n\t\t\t\t<a href='https:\/\/centresmolina.com\/centreensenyament\/files\/2017\/12\/Aula-dacollida-6.jpg'><img loading=\"lazy\" decoding=\"async\" width=\"1280\" height=\"960\" src=\"https:\/\/centresmolina.com\/centreensenyament\/files\/2017\/12\/Aula-dacollida-6.jpg\" class=\"attachment-full size-full\" alt=\"\" srcset=\"https:\/\/centresmolina.com\/centreensenyament\/files\/2017\/12\/Aula-dacollida-6.jpg 1280w, https:\/\/centresmolina.com\/centreensenyament\/files\/2017\/12\/Aula-dacollida-6-300x225.jpg 300w, https:\/\/centresmolina.com\/centreensenyament\/files\/2017\/12\/Aula-dacollida-6-768x576.jpg 768w, https:\/\/centresmolina.com\/centreensenyament\/files\/2017\/12\/Aula-dacollida-6-1024x768.jpg 1024w\" sizes=\"auto, (max-width: 1280px) 100vw, 1280px\" \/><\/a>\n\t\t\t<\/dt><\/dl><dl class='gallery-item'>\n\t\t\t<dt class='gallery-icon landscape'>\n\t\t\t\t<a href='https:\/\/centresmolina.com\/centreensenyament\/files\/2017\/12\/Aula-dacollida-7.jpg'><img loading=\"lazy\" decoding=\"async\" width=\"1280\" height=\"960\" src=\"https:\/\/centresmolina.com\/centreensenyament\/files\/2017\/12\/Aula-dacollida-7.jpg\" class=\"attachment-full size-full\" alt=\"\" srcset=\"https:\/\/centresmolina.com\/centreensenyament\/files\/2017\/12\/Aula-dacollida-7.jpg 1280w, https:\/\/centresmolina.com\/centreensenyament\/files\/2017\/12\/Aula-dacollida-7-300x225.jpg 300w, https:\/\/centresmolina.com\/centreensenyament\/files\/2017\/12\/Aula-dacollida-7-768x576.jpg 768w, https:\/\/centresmolina.com\/centreensenyament\/files\/2017\/12\/Aula-dacollida-7-1024x768.jpg 1024w\" sizes=\"auto, (max-width: 1280px) 100vw, 1280px\" \/><\/a>\n\t\t\t<\/dt><\/dl><br style=\"clear: both\" \/><dl class='gallery-item'>\n\t\t\t<dt class='gallery-icon landscape'>\n\t\t\t\t<a href='https:\/\/centresmolina.com\/centreensenyament\/files\/2017\/12\/Aula-dacollida-8.jpg'><img loading=\"lazy\" decoding=\"async\" width=\"640\" height=\"480\" src=\"https:\/\/centresmolina.com\/centreensenyament\/files\/2017\/12\/Aula-dacollida-8.jpg\" class=\"attachment-full size-full\" alt=\"\" srcset=\"https:\/\/centresmolina.com\/centreensenyament\/files\/2017\/12\/Aula-dacollida-8.jpg 640w, https:\/\/centresmolina.com\/centreensenyament\/files\/2017\/12\/Aula-dacollida-8-300x225.jpg 300w\" sizes=\"auto, (max-width: 640px) 100vw, 640px\" \/><\/a>\n\t\t\t<\/dt><\/dl><dl class='gallery-item'>\n\t\t\t<dt class='gallery-icon landscape'>\n\t\t\t\t<a href='https:\/\/centresmolina.com\/centreensenyament\/files\/2017\/12\/Aula-dacollida-9.jpg'><img loading=\"lazy\" decoding=\"async\" width=\"640\" height=\"480\" src=\"https:\/\/centresmolina.com\/centreensenyament\/files\/2017\/12\/Aula-dacollida-9.jpg\" class=\"attachment-full size-full\" alt=\"\" srcset=\"https:\/\/centresmolina.com\/centreensenyament\/files\/2017\/12\/Aula-dacollida-9.jpg 640w, https:\/\/centresmolina.com\/centreensenyament\/files\/2017\/12\/Aula-dacollida-9-300x225.jpg 300w\" sizes=\"auto, (max-width: 640px) 100vw, 640px\" \/><\/a>\n\t\t\t<\/dt><\/dl><br style=\"clear: both\" \/><dl class='gallery-item'>\n\t\t\t<dt class='gallery-icon landscape'>\n\t\t\t\t<a href='https:\/\/centresmolina.com\/centreensenyament\/files\/2017\/12\/Aula-dacollida-10.jpg'><img loading=\"lazy\" decoding=\"async\" width=\"640\" height=\"480\" src=\"https:\/\/centresmolina.com\/centreensenyament\/files\/2017\/12\/Aula-dacollida-10.jpg\" class=\"attachment-full size-full\" alt=\"\" srcset=\"https:\/\/centresmolina.com\/centreensenyament\/files\/2017\/12\/Aula-dacollida-10.jpg 640w, https:\/\/centresmolina.com\/centreensenyament\/files\/2017\/12\/Aula-dacollida-10-300x225.jpg 300w\" sizes=\"auto, (max-width: 640px) 100vw, 640px\" \/><\/a>\n\t\t\t<\/dt><\/dl><dl class='gallery-item'>\n\t\t\t<dt class='gallery-icon landscape'>\n\t\t\t\t<a href='https:\/\/centresmolina.com\/centreensenyament\/files\/2017\/12\/Aula-dacollida-11.jpg'><img loading=\"lazy\" decoding=\"async\" width=\"640\" height=\"480\" src=\"https:\/\/centresmolina.com\/centreensenyament\/files\/2017\/12\/Aula-dacollida-11.jpg\" class=\"attachment-full size-full\" alt=\"\" srcset=\"https:\/\/centresmolina.com\/centreensenyament\/files\/2017\/12\/Aula-dacollida-11.jpg 640w, https:\/\/centresmolina.com\/centreensenyament\/files\/2017\/12\/Aula-dacollida-11-300x225.jpg 300w\" sizes=\"auto, (max-width: 640px) 100vw, 640px\" \/><\/a>\n\t\t\t<\/dt><\/dl><br style=\"clear: both\" \/><dl class='gallery-item'>\n\t\t\t<dt class='gallery-icon landscape'>\n\t\t\t\t<a href='https:\/\/centresmolina.com\/centreensenyament\/files\/2017\/12\/Aula-dacollida-12.jpg'><img loading=\"lazy\" decoding=\"async\" width=\"640\" height=\"480\" src=\"https:\/\/centresmolina.com\/centreensenyament\/files\/2017\/12\/Aula-dacollida-12.jpg\" class=\"attachment-full size-full\" alt=\"\" srcset=\"https:\/\/centresmolina.com\/centreensenyament\/files\/2017\/12\/Aula-dacollida-12.jpg 640w, https:\/\/centresmolina.com\/centreensenyament\/files\/2017\/12\/Aula-dacollida-12-300x225.jpg 300w\" sizes=\"auto, (max-width: 640px) 100vw, 640px\" \/><\/a>\n\t\t\t<\/dt><\/dl><dl class='gallery-item'>\n\t\t\t<dt class='gallery-icon landscape'>\n\t\t\t\t<a href='https:\/\/centresmolina.com\/centreensenyament\/files\/2017\/12\/Aula-dacollida-13.jpg'><img loading=\"lazy\" decoding=\"async\" width=\"640\" height=\"480\" src=\"https:\/\/centresmolina.com\/centreensenyament\/files\/2017\/12\/Aula-dacollida-13.jpg\" class=\"attachment-full size-full\" alt=\"\" srcset=\"https:\/\/centresmolina.com\/centreensenyament\/files\/2017\/12\/Aula-dacollida-13.jpg 640w, https:\/\/centresmolina.com\/centreensenyament\/files\/2017\/12\/Aula-dacollida-13-300x225.jpg 300w\" sizes=\"auto, (max-width: 640px) 100vw, 640px\" \/><\/a>\n\t\t\t<\/dt><\/dl><br style=\"clear: both\" \/>\n\t\t<\/div>\n\n<p>I per sobre de tot, alumnat feli\u00e7!<\/p>\n","protected":false},"excerpt":{"rendered":"<p>L\u2019aula d\u2019acollida\u00a0 de la\u00a0nostra escola esdev\u00e9 un punt de refer\u00e8ncia i un marc de treball obert amb una constant interacci\u00f3&#8230;<\/p>\n","protected":false},"author":3,"featured_media":6223,"comment_status":"open","ping_status":"open","sticky":false,"template":"","format":"standard","meta":{"footnotes":""},"categories":[5],"tags":[107,2524,47,19,57,46,44,56],"class_list":["post-6198","post","type-post","status-publish","format-standard","has-post-thumbnail","hentry","category-noticies","tag-3r-eso","tag-aula-dacollida","tag-educacio-secundaria-obligatoria","tag-escola-molina","tag-estil-propi","tag-formacio","tag-molina","tag-pedagogia"],"yoast_head":"<!-- This site is optimized with the Yoast SEO plugin v27.2 - https:\/\/yoast.com\/product\/yoast-seo-wordpress\/ -->\n<title>La nostra Aula d&#039;Acollida - Centros de ense\u00f1anza<\/title>\n<meta name=\"robots\" content=\"index, follow, max-snippet:-1, max-image-preview:large, max-video-preview:-1\" \/>\n<link rel=\"canonical\" href=\"https:\/\/centresmolina.com\/centreensenyament\/2017\/11\/28\/la-nostra-aula-dacollida\/\" \/>\n<meta property=\"og:locale\" content=\"ca_ES\" \/>\n<meta property=\"og:type\" content=\"article\" \/>\n<meta property=\"og:title\" content=\"La nostra Aula d&#039;Acollida - Centros de ense\u00f1anza\" \/>\n<meta property=\"og:description\" content=\"L\u2019aula d\u2019acollida\u00a0 de la\u00a0nostra escola esdev\u00e9 un punt de refer\u00e8ncia i un marc de treball obert amb una constant interacci\u00f3...\" \/>\n<meta property=\"og:url\" content=\"https:\/\/centresmolina.com\/centreensenyament\/2017\/11\/28\/la-nostra-aula-dacollida\/\" \/>\n<meta property=\"og:site_name\" content=\"Centros de ense\u00f1anza\" \/>\n<meta property=\"article:published_time\" content=\"2017-11-28T11:24:01+00:00\" \/>\n<meta property=\"article:modified_time\" content=\"2017-12-02T11:45:58+00:00\" \/>\n<meta property=\"og:image\" content=\"https:\/\/centresmolina.com\/centreensenyament\/files\/2017\/11\/Aula-dacollida.jpg\" \/>\n\t<meta property=\"og:image:width\" content=\"1000\" \/>\n\t<meta property=\"og:image:height\" content=\"587\" \/>\n\t<meta property=\"og:image:type\" content=\"image\/jpeg\" \/>\n<meta name=\"author\" content=\"webmolina\" \/>\n<meta name=\"twitter:label1\" content=\"Escrit per\" \/>\n\t<meta name=\"twitter:data1\" content=\"webmolina\" \/>\n\t<meta name=\"twitter:label2\" content=\"Temps estimat de lectura\" \/>\n\t<meta name=\"twitter:data2\" content=\"1 minut\" \/>\n<script type=\"application\/ld+json\" class=\"yoast-schema-graph\">{\"@context\":\"https:\/\/schema.org\",\"@graph\":[{\"@type\":\"Article\",\"@id\":\"https:\/\/centresmolina.com\/centreensenyament\/2017\/11\/28\/la-nostra-aula-dacollida\/#article\",\"isPartOf\":{\"@id\":\"https:\/\/centresmolina.com\/centreensenyament\/2017\/11\/28\/la-nostra-aula-dacollida\/\"},\"author\":{\"name\":\"webmolina\",\"@id\":\"https:\/\/centresmolina.com\/centreensenyament\/#\/schema\/person\/308d85d274adff04b5c51d47e8aff6cc\"},\"headline\":\"La nostra Aula d&#8217;Acollida\",\"datePublished\":\"2017-11-28T11:24:01+00:00\",\"dateModified\":\"2017-12-02T11:45:58+00:00\",\"mainEntityOfPage\":{\"@id\":\"https:\/\/centresmolina.com\/centreensenyament\/2017\/11\/28\/la-nostra-aula-dacollida\/\"},\"wordCount\":131,\"commentCount\":0,\"image\":{\"@id\":\"https:\/\/centresmolina.com\/centreensenyament\/2017\/11\/28\/la-nostra-aula-dacollida\/#primaryimage\"},\"thumbnailUrl\":\"https:\/\/centresmolina.com\/centreensenyament\/files\/2017\/11\/Aula-dacollida.jpg\",\"keywords\":[\"3r ESO\",\"Aula d'acollida\",\"educaci\u00f3 secund\u00e0ria obligat\u00f2ria\",\"Escola Molina\",\"estil propi\",\"formaci\u00f3\",\"Molina\",\"pedagogia\"],\"articleSection\":[\"Not\u00edcies\"],\"inLanguage\":\"ca\",\"potentialAction\":[{\"@type\":\"CommentAction\",\"name\":\"Comment\",\"target\":[\"https:\/\/centresmolina.com\/centreensenyament\/2017\/11\/28\/la-nostra-aula-dacollida\/#respond\"]}]},{\"@type\":\"WebPage\",\"@id\":\"https:\/\/centresmolina.com\/centreensenyament\/2017\/11\/28\/la-nostra-aula-dacollida\/\",\"url\":\"https:\/\/centresmolina.com\/centreensenyament\/2017\/11\/28\/la-nostra-aula-dacollida\/\",\"name\":\"La nostra Aula d'Acollida - Centros de ense\u00f1anza\",\"isPartOf\":{\"@id\":\"https:\/\/centresmolina.com\/centreensenyament\/#website\"},\"primaryImageOfPage\":{\"@id\":\"https:\/\/centresmolina.com\/centreensenyament\/2017\/11\/28\/la-nostra-aula-dacollida\/#primaryimage\"},\"image\":{\"@id\":\"https:\/\/centresmolina.com\/centreensenyament\/2017\/11\/28\/la-nostra-aula-dacollida\/#primaryimage\"},\"thumbnailUrl\":\"https:\/\/centresmolina.com\/centreensenyament\/files\/2017\/11\/Aula-dacollida.jpg\",\"datePublished\":\"2017-11-28T11:24:01+00:00\",\"dateModified\":\"2017-12-02T11:45:58+00:00\",\"author\":{\"@id\":\"https:\/\/centresmolina.com\/centreensenyament\/#\/schema\/person\/308d85d274adff04b5c51d47e8aff6cc\"},\"breadcrumb\":{\"@id\":\"https:\/\/centresmolina.com\/centreensenyament\/2017\/11\/28\/la-nostra-aula-dacollida\/#breadcrumb\"},\"inLanguage\":\"ca\",\"potentialAction\":[{\"@type\":\"ReadAction\",\"target\":[\"https:\/\/centresmolina.com\/centreensenyament\/2017\/11\/28\/la-nostra-aula-dacollida\/\"]}]},{\"@type\":\"ImageObject\",\"inLanguage\":\"ca\",\"@id\":\"https:\/\/centresmolina.com\/centreensenyament\/2017\/11\/28\/la-nostra-aula-dacollida\/#primaryimage\",\"url\":\"https:\/\/centresmolina.com\/centreensenyament\/files\/2017\/11\/Aula-dacollida.jpg\",\"contentUrl\":\"https:\/\/centresmolina.com\/centreensenyament\/files\/2017\/11\/Aula-dacollida.jpg\",\"width\":1000,\"height\":587},{\"@type\":\"BreadcrumbList\",\"@id\":\"https:\/\/centresmolina.com\/centreensenyament\/2017\/11\/28\/la-nostra-aula-dacollida\/#breadcrumb\",\"itemListElement\":[{\"@type\":\"ListItem\",\"position\":1,\"name\":\"Portada\",\"item\":\"https:\/\/centresmolina.com\/centreensenyament\/\"},{\"@type\":\"ListItem\",\"position\":2,\"name\":\"La nostra Aula d&#8217;Acollida\"}]},{\"@type\":\"WebSite\",\"@id\":\"https:\/\/centresmolina.com\/centreensenyament\/#website\",\"url\":\"https:\/\/centresmolina.com\/centreensenyament\/\",\"name\":\"Centros de ense\u00f1anza\",\"description\":\"Centres Molina - Centros de ense\u00f1anza\",\"potentialAction\":[{\"@type\":\"SearchAction\",\"target\":{\"@type\":\"EntryPoint\",\"urlTemplate\":\"https:\/\/centresmolina.com\/centreensenyament\/?s={search_term_string}\"},\"query-input\":{\"@type\":\"PropertyValueSpecification\",\"valueRequired\":true,\"valueName\":\"search_term_string\"}}],\"inLanguage\":\"ca\"},{\"@type\":\"Person\",\"@id\":\"https:\/\/centresmolina.com\/centreensenyament\/#\/schema\/person\/308d85d274adff04b5c51d47e8aff6cc\",\"name\":\"webmolina\",\"image\":{\"@type\":\"ImageObject\",\"inLanguage\":\"ca\",\"@id\":\"https:\/\/secure.gravatar.com\/avatar\/38db407e1ab9b284bf45e3bff4ec5cf1e034e364f09b2ee054619614662a717b?s=96&d=mm&r=g\",\"url\":\"https:\/\/secure.gravatar.com\/avatar\/38db407e1ab9b284bf45e3bff4ec5cf1e034e364f09b2ee054619614662a717b?s=96&d=mm&r=g\",\"contentUrl\":\"https:\/\/secure.gravatar.com\/avatar\/38db407e1ab9b284bf45e3bff4ec5cf1e034e364f09b2ee054619614662a717b?s=96&d=mm&r=g\",\"caption\":\"webmolina\"},\"url\":\"https:\/\/centresmolina.com\/centreensenyament\/author\/webmolina\/\"}]}<\/script>\n<!-- \/ Yoast SEO plugin. -->","yoast_head_json":{"title":"La nostra Aula d'Acollida - Centros de ense\u00f1anza","robots":{"index":"index","follow":"follow","max-snippet":"max-snippet:-1","max-image-preview":"max-image-preview:large","max-video-preview":"max-video-preview:-1"},"canonical":"https:\/\/centresmolina.com\/centreensenyament\/2017\/11\/28\/la-nostra-aula-dacollida\/","og_locale":"ca_ES","og_type":"article","og_title":"La nostra Aula d'Acollida - Centros de ense\u00f1anza","og_description":"L\u2019aula d\u2019acollida\u00a0 de la\u00a0nostra escola esdev\u00e9 un punt de refer\u00e8ncia i un marc de treball obert amb una constant interacci\u00f3...","og_url":"https:\/\/centresmolina.com\/centreensenyament\/2017\/11\/28\/la-nostra-aula-dacollida\/","og_site_name":"Centros de ense\u00f1anza","article_published_time":"2017-11-28T11:24:01+00:00","article_modified_time":"2017-12-02T11:45:58+00:00","og_image":[{"width":1000,"height":587,"url":"https:\/\/centresmolina.com\/centreensenyament\/files\/2017\/11\/Aula-dacollida.jpg","type":"image\/jpeg"}],"author":"webmolina","twitter_misc":{"Escrit per":"webmolina","Temps estimat de lectura":"1 minut"},"schema":{"@context":"https:\/\/schema.org","@graph":[{"@type":"Article","@id":"https:\/\/centresmolina.com\/centreensenyament\/2017\/11\/28\/la-nostra-aula-dacollida\/#article","isPartOf":{"@id":"https:\/\/centresmolina.com\/centreensenyament\/2017\/11\/28\/la-nostra-aula-dacollida\/"},"author":{"name":"webmolina","@id":"https:\/\/centresmolina.com\/centreensenyament\/#\/schema\/person\/308d85d274adff04b5c51d47e8aff6cc"},"headline":"La nostra Aula d&#8217;Acollida","datePublished":"2017-11-28T11:24:01+00:00","dateModified":"2017-12-02T11:45:58+00:00","mainEntityOfPage":{"@id":"https:\/\/centresmolina.com\/centreensenyament\/2017\/11\/28\/la-nostra-aula-dacollida\/"},"wordCount":131,"commentCount":0,"image":{"@id":"https:\/\/centresmolina.com\/centreensenyament\/2017\/11\/28\/la-nostra-aula-dacollida\/#primaryimage"},"thumbnailUrl":"https:\/\/centresmolina.com\/centreensenyament\/files\/2017\/11\/Aula-dacollida.jpg","keywords":["3r ESO","Aula d'acollida","educaci\u00f3 secund\u00e0ria obligat\u00f2ria","Escola Molina","estil propi","formaci\u00f3","Molina","pedagogia"],"articleSection":["Not\u00edcies"],"inLanguage":"ca","potentialAction":[{"@type":"CommentAction","name":"Comment","target":["https:\/\/centresmolina.com\/centreensenyament\/2017\/11\/28\/la-nostra-aula-dacollida\/#respond"]}]},{"@type":"WebPage","@id":"https:\/\/centresmolina.com\/centreensenyament\/2017\/11\/28\/la-nostra-aula-dacollida\/","url":"https:\/\/centresmolina.com\/centreensenyament\/2017\/11\/28\/la-nostra-aula-dacollida\/","name":"La nostra Aula d'Acollida - Centros de ense\u00f1anza","isPartOf":{"@id":"https:\/\/centresmolina.com\/centreensenyament\/#website"},"primaryImageOfPage":{"@id":"https:\/\/centresmolina.com\/centreensenyament\/2017\/11\/28\/la-nostra-aula-dacollida\/#primaryimage"},"image":{"@id":"https:\/\/centresmolina.com\/centreensenyament\/2017\/11\/28\/la-nostra-aula-dacollida\/#primaryimage"},"thumbnailUrl":"https:\/\/centresmolina.com\/centreensenyament\/files\/2017\/11\/Aula-dacollida.jpg","datePublished":"2017-11-28T11:24:01+00:00","dateModified":"2017-12-02T11:45:58+00:00","author":{"@id":"https:\/\/centresmolina.com\/centreensenyament\/#\/schema\/person\/308d85d274adff04b5c51d47e8aff6cc"},"breadcrumb":{"@id":"https:\/\/centresmolina.com\/centreensenyament\/2017\/11\/28\/la-nostra-aula-dacollida\/#breadcrumb"},"inLanguage":"ca","potentialAction":[{"@type":"ReadAction","target":["https:\/\/centresmolina.com\/centreensenyament\/2017\/11\/28\/la-nostra-aula-dacollida\/"]}]},{"@type":"ImageObject","inLanguage":"ca","@id":"https:\/\/centresmolina.com\/centreensenyament\/2017\/11\/28\/la-nostra-aula-dacollida\/#primaryimage","url":"https:\/\/centresmolina.com\/centreensenyament\/files\/2017\/11\/Aula-dacollida.jpg","contentUrl":"https:\/\/centresmolina.com\/centreensenyament\/files\/2017\/11\/Aula-dacollida.jpg","width":1000,"height":587},{"@type":"BreadcrumbList","@id":"https:\/\/centresmolina.com\/centreensenyament\/2017\/11\/28\/la-nostra-aula-dacollida\/#breadcrumb","itemListElement":[{"@type":"ListItem","position":1,"name":"Portada","item":"https:\/\/centresmolina.com\/centreensenyament\/"},{"@type":"ListItem","position":2,"name":"La nostra Aula d&#8217;Acollida"}]},{"@type":"WebSite","@id":"https:\/\/centresmolina.com\/centreensenyament\/#website","url":"https:\/\/centresmolina.com\/centreensenyament\/","name":"Centros de ense\u00f1anza","description":"Centres Molina - Centros de ense\u00f1anza","potentialAction":[{"@type":"SearchAction","target":{"@type":"EntryPoint","urlTemplate":"https:\/\/centresmolina.com\/centreensenyament\/?s={search_term_string}"},"query-input":{"@type":"PropertyValueSpecification","valueRequired":true,"valueName":"search_term_string"}}],"inLanguage":"ca"},{"@type":"Person","@id":"https:\/\/centresmolina.com\/centreensenyament\/#\/schema\/person\/308d85d274adff04b5c51d47e8aff6cc","name":"webmolina","image":{"@type":"ImageObject","inLanguage":"ca","@id":"https:\/\/secure.gravatar.com\/avatar\/38db407e1ab9b284bf45e3bff4ec5cf1e034e364f09b2ee054619614662a717b?s=96&d=mm&r=g","url":"https:\/\/secure.gravatar.com\/avatar\/38db407e1ab9b284bf45e3bff4ec5cf1e034e364f09b2ee054619614662a717b?s=96&d=mm&r=g","contentUrl":"https:\/\/secure.gravatar.com\/avatar\/38db407e1ab9b284bf45e3bff4ec5cf1e034e364f09b2ee054619614662a717b?s=96&d=mm&r=g","caption":"webmolina"},"url":"https:\/\/centresmolina.com\/centreensenyament\/author\/webmolina\/"}]}},"_links":{"self":[{"href":"https:\/\/centresmolina.com\/centreensenyament\/wp-json\/wp\/v2\/posts\/6198","targetHints":{"allow":["GET"]}}],"collection":[{"href":"https:\/\/centresmolina.com\/centreensenyament\/wp-json\/wp\/v2\/posts"}],"about":[{"href":"https:\/\/centresmolina.com\/centreensenyament\/wp-json\/wp\/v2\/types\/post"}],"author":[{"embeddable":true,"href":"https:\/\/centresmolina.com\/centreensenyament\/wp-json\/wp\/v2\/users\/3"}],"replies":[{"embeddable":true,"href":"https:\/\/centresmolina.com\/centreensenyament\/wp-json\/wp\/v2\/comments?post=6198"}],"version-history":[{"count":5,"href":"https:\/\/centresmolina.com\/centreensenyament\/wp-json\/wp\/v2\/posts\/6198\/revisions"}],"predecessor-version":[{"id":6222,"href":"https:\/\/centresmolina.com\/centreensenyament\/wp-json\/wp\/v2\/posts\/6198\/revisions\/6222"}],"wp:featuredmedia":[{"embeddable":true,"href":"https:\/\/centresmolina.com\/centreensenyament\/wp-json\/wp\/v2\/media\/6223"}],"wp:attachment":[{"href":"https:\/\/centresmolina.com\/centreensenyament\/wp-json\/wp\/v2\/media?parent=6198"}],"wp:term":[{"taxonomy":"category","embeddable":true,"href":"https:\/\/centresmolina.com\/centreensenyament\/wp-json\/wp\/v2\/categories?post=6198"},{"taxonomy":"post_tag","embeddable":true,"href":"https:\/\/centresmolina.com\/centreensenyament\/wp-json\/wp\/v2\/tags?post=6198"}],"curies":[{"name":"wp","href":"https:\/\/api.w.org\/{rel}","templated":true}]}}