{"id":6437,"date":"2017-12-05T16:49:39","date_gmt":"2017-12-05T16:49:39","guid":{"rendered":"http:\/\/centresmolina.com\/centreensenyament\/?p=6437\/"},"modified":"2017-12-10T17:20:51","modified_gmt":"2017-12-10T17:20:51","slug":"visita-al-castell-cardona","status":"publish","type":"post","link":"https:\/\/centresmolina.com\/centreensenyament\/2017\/12\/05\/visita-al-castell-cardona\/","title":{"rendered":"Visita al Castell de Cardona"},"content":{"rendered":"<p>L&#8217;alumnat del segon cicle de l&#8217;ESO i de CFGM hem fet una fant\u00e0stica visita al <strong>Castell de Cardona.<\/strong><\/p>\n<p><span style=\"color: #000000\">El<strong>\u00a0Castell de Cardona<\/strong>\u00a0\u00e9s un castell d&#8217;estil\u00a0rom\u00e0nic i g\u00f2tic\u00a0situat en un tur\u00f3 al costat de\u00a0Cardona\u00a0(Bages). \u00c9s considerat com una de les fortaleses medievals m\u00e9s important de\u00a0Catalunya.\u00a0\u00a0Est\u00e0 situat dalt d&#8217;un tur\u00f3 que domina la vall salina i la del\u00a0Cardener.<\/span><\/p>\n<p>V\u00e0rem sortir il\u00b7lusionats, en autocar, i vam quedar meravellats pel paratge&#8230;<\/p>\n\n\t\t<style type=\"text\/css\">\n\t\t\t#gallery-1 {\n\t\t\t\tmargin: auto;\n\t\t\t}\n\t\t\t#gallery-1 .gallery-item {\n\t\t\t\tfloat: left;\n\t\t\t\tmargin-top: 10px;\n\t\t\t\ttext-align: center;\n\t\t\t\twidth: 50%;\n\t\t\t}\n\t\t\t#gallery-1 img {\n\t\t\t\tborder: 2px solid #cfcfcf;\n\t\t\t}\n\t\t\t#gallery-1 .gallery-caption {\n\t\t\t\tmargin-left: 0;\n\t\t\t}\n\t\t\t\/* see gallery_shortcode() in wp-includes\/media.php *\/\n\t\t<\/style>\n\t\t<div id='gallery-1' class='gallery galleryid-6437 gallery-columns-2 gallery-size-full'><dl class='gallery-item'>\n\t\t\t<dt class='gallery-icon landscape'>\n\t\t\t\t<a href='https:\/\/centresmolina.com\/centreensenyament\/files\/2017\/12\/Castell-de-Cardona-5.jpg'><img loading=\"lazy\" decoding=\"async\" width=\"1280\" height=\"960\" src=\"https:\/\/centresmolina.com\/centreensenyament\/files\/2017\/12\/Castell-de-Cardona-5.jpg\" class=\"attachment-full size-full\" alt=\"\" srcset=\"https:\/\/centresmolina.com\/centreensenyament\/files\/2017\/12\/Castell-de-Cardona-5.jpg 1280w, https:\/\/centresmolina.com\/centreensenyament\/files\/2017\/12\/Castell-de-Cardona-5-300x225.jpg 300w, https:\/\/centresmolina.com\/centreensenyament\/files\/2017\/12\/Castell-de-Cardona-5-768x576.jpg 768w, https:\/\/centresmolina.com\/centreensenyament\/files\/2017\/12\/Castell-de-Cardona-5-1024x768.jpg 1024w\" sizes=\"auto, (max-width: 1280px) 100vw, 1280px\" \/><\/a>\n\t\t\t<\/dt><\/dl><dl class='gallery-item'>\n\t\t\t<dt class='gallery-icon landscape'>\n\t\t\t\t<a href='https:\/\/centresmolina.com\/centreensenyament\/files\/2017\/12\/Castell-de-Cardona-6-1.jpg'><img loading=\"lazy\" decoding=\"async\" width=\"1280\" height=\"960\" src=\"https:\/\/centresmolina.com\/centreensenyament\/files\/2017\/12\/Castell-de-Cardona-6-1.jpg\" class=\"attachment-full size-full\" alt=\"\" srcset=\"https:\/\/centresmolina.com\/centreensenyament\/files\/2017\/12\/Castell-de-Cardona-6-1.jpg 1280w, https:\/\/centresmolina.com\/centreensenyament\/files\/2017\/12\/Castell-de-Cardona-6-1-300x225.jpg 300w, https:\/\/centresmolina.com\/centreensenyament\/files\/2017\/12\/Castell-de-Cardona-6-1-768x576.jpg 768w, https:\/\/centresmolina.com\/centreensenyament\/files\/2017\/12\/Castell-de-Cardona-6-1-1024x768.jpg 1024w\" sizes=\"auto, (max-width: 1280px) 100vw, 1280px\" \/><\/a>\n\t\t\t<\/dt><\/dl><br style=\"clear: both\" \/><dl class='gallery-item'>\n\t\t\t<dt class='gallery-icon landscape'>\n\t\t\t\t<a href='https:\/\/centresmolina.com\/centreensenyament\/files\/2017\/12\/Castell-de-Cardona-7-1.jpg'><img loading=\"lazy\" decoding=\"async\" width=\"1280\" height=\"960\" src=\"https:\/\/centresmolina.com\/centreensenyament\/files\/2017\/12\/Castell-de-Cardona-7-1.jpg\" class=\"attachment-full size-full\" alt=\"\" srcset=\"https:\/\/centresmolina.com\/centreensenyament\/files\/2017\/12\/Castell-de-Cardona-7-1.jpg 1280w, https:\/\/centresmolina.com\/centreensenyament\/files\/2017\/12\/Castell-de-Cardona-7-1-300x225.jpg 300w, https:\/\/centresmolina.com\/centreensenyament\/files\/2017\/12\/Castell-de-Cardona-7-1-768x576.jpg 768w, https:\/\/centresmolina.com\/centreensenyament\/files\/2017\/12\/Castell-de-Cardona-7-1-1024x768.jpg 1024w\" sizes=\"auto, (max-width: 1280px) 100vw, 1280px\" \/><\/a>\n\t\t\t<\/dt><\/dl><dl class='gallery-item'>\n\t\t\t<dt class='gallery-icon landscape'>\n\t\t\t\t<a href='https:\/\/centresmolina.com\/centreensenyament\/files\/2017\/12\/Castell-de-Cardona-8-1.jpg'><img loading=\"lazy\" decoding=\"async\" width=\"1280\" height=\"960\" src=\"https:\/\/centresmolina.com\/centreensenyament\/files\/2017\/12\/Castell-de-Cardona-8-1.jpg\" class=\"attachment-full size-full\" alt=\"\" srcset=\"https:\/\/centresmolina.com\/centreensenyament\/files\/2017\/12\/Castell-de-Cardona-8-1.jpg 1280w, https:\/\/centresmolina.com\/centreensenyament\/files\/2017\/12\/Castell-de-Cardona-8-1-300x225.jpg 300w, https:\/\/centresmolina.com\/centreensenyament\/files\/2017\/12\/Castell-de-Cardona-8-1-768x576.jpg 768w, https:\/\/centresmolina.com\/centreensenyament\/files\/2017\/12\/Castell-de-Cardona-8-1-1024x768.jpg 1024w\" sizes=\"auto, (max-width: 1280px) 100vw, 1280px\" \/><\/a>\n\t\t\t<\/dt><\/dl><br style=\"clear: both\" \/>\n\t\t<\/div>\n\n<p>Esmorz\u00e0vem mentre esper\u00e0vem la Gemma, la nostra guia.<\/p>\n\n\t\t<style type=\"text\/css\">\n\t\t\t#gallery-2 {\n\t\t\t\tmargin: auto;\n\t\t\t}\n\t\t\t#gallery-2 .gallery-item {\n\t\t\t\tfloat: left;\n\t\t\t\tmargin-top: 10px;\n\t\t\t\ttext-align: center;\n\t\t\t\twidth: 50%;\n\t\t\t}\n\t\t\t#gallery-2 img {\n\t\t\t\tborder: 2px solid #cfcfcf;\n\t\t\t}\n\t\t\t#gallery-2 .gallery-caption {\n\t\t\t\tmargin-left: 0;\n\t\t\t}\n\t\t\t\/* see gallery_shortcode() in wp-includes\/media.php *\/\n\t\t<\/style>\n\t\t<div id='gallery-2' class='gallery galleryid-6437 gallery-columns-2 gallery-size-full'><dl class='gallery-item'>\n\t\t\t<dt class='gallery-icon landscape'>\n\t\t\t\t<a href='https:\/\/centresmolina.com\/centreensenyament\/files\/2017\/12\/Castell-de-Cardona-9-1.jpg'><img loading=\"lazy\" decoding=\"async\" width=\"1280\" height=\"960\" src=\"https:\/\/centresmolina.com\/centreensenyament\/files\/2017\/12\/Castell-de-Cardona-9-1.jpg\" class=\"attachment-full size-full\" alt=\"\" srcset=\"https:\/\/centresmolina.com\/centreensenyament\/files\/2017\/12\/Castell-de-Cardona-9-1.jpg 1280w, https:\/\/centresmolina.com\/centreensenyament\/files\/2017\/12\/Castell-de-Cardona-9-1-300x225.jpg 300w, https:\/\/centresmolina.com\/centreensenyament\/files\/2017\/12\/Castell-de-Cardona-9-1-768x576.jpg 768w, https:\/\/centresmolina.com\/centreensenyament\/files\/2017\/12\/Castell-de-Cardona-9-1-1024x768.jpg 1024w\" sizes=\"auto, (max-width: 1280px) 100vw, 1280px\" \/><\/a>\n\t\t\t<\/dt><\/dl><dl class='gallery-item'>\n\t\t\t<dt class='gallery-icon landscape'>\n\t\t\t\t<a href='https:\/\/centresmolina.com\/centreensenyament\/files\/2017\/12\/Castell-de-Cardona-10-1.jpg'><img loading=\"lazy\" decoding=\"async\" width=\"1280\" height=\"960\" src=\"https:\/\/centresmolina.com\/centreensenyament\/files\/2017\/12\/Castell-de-Cardona-10-1.jpg\" class=\"attachment-full size-full\" alt=\"\" srcset=\"https:\/\/centresmolina.com\/centreensenyament\/files\/2017\/12\/Castell-de-Cardona-10-1.jpg 1280w, https:\/\/centresmolina.com\/centreensenyament\/files\/2017\/12\/Castell-de-Cardona-10-1-300x225.jpg 300w, https:\/\/centresmolina.com\/centreensenyament\/files\/2017\/12\/Castell-de-Cardona-10-1-768x576.jpg 768w, https:\/\/centresmolina.com\/centreensenyament\/files\/2017\/12\/Castell-de-Cardona-10-1-1024x768.jpg 1024w\" sizes=\"auto, (max-width: 1280px) 100vw, 1280px\" \/><\/a>\n\t\t\t<\/dt><\/dl><br style=\"clear: both\" \/><dl class='gallery-item'>\n\t\t\t<dt class='gallery-icon landscape'>\n\t\t\t\t<a href='https:\/\/centresmolina.com\/centreensenyament\/files\/2017\/12\/Castell-de-Cardona-11-1.jpg'><img loading=\"lazy\" decoding=\"async\" width=\"1280\" height=\"960\" src=\"https:\/\/centresmolina.com\/centreensenyament\/files\/2017\/12\/Castell-de-Cardona-11-1.jpg\" class=\"attachment-full size-full\" alt=\"\" srcset=\"https:\/\/centresmolina.com\/centreensenyament\/files\/2017\/12\/Castell-de-Cardona-11-1.jpg 1280w, https:\/\/centresmolina.com\/centreensenyament\/files\/2017\/12\/Castell-de-Cardona-11-1-300x225.jpg 300w, https:\/\/centresmolina.com\/centreensenyament\/files\/2017\/12\/Castell-de-Cardona-11-1-768x576.jpg 768w, https:\/\/centresmolina.com\/centreensenyament\/files\/2017\/12\/Castell-de-Cardona-11-1-1024x768.jpg 1024w\" sizes=\"auto, (max-width: 1280px) 100vw, 1280px\" \/><\/a>\n\t\t\t<\/dt><\/dl><dl class='gallery-item'>\n\t\t\t<dt class='gallery-icon landscape'>\n\t\t\t\t<a href='https:\/\/centresmolina.com\/centreensenyament\/files\/2017\/12\/Castell-de-Cardona-12-1.jpg'><img loading=\"lazy\" decoding=\"async\" width=\"1280\" height=\"960\" src=\"https:\/\/centresmolina.com\/centreensenyament\/files\/2017\/12\/Castell-de-Cardona-12-1.jpg\" class=\"attachment-full size-full\" alt=\"\" srcset=\"https:\/\/centresmolina.com\/centreensenyament\/files\/2017\/12\/Castell-de-Cardona-12-1.jpg 1280w, https:\/\/centresmolina.com\/centreensenyament\/files\/2017\/12\/Castell-de-Cardona-12-1-300x225.jpg 300w, https:\/\/centresmolina.com\/centreensenyament\/files\/2017\/12\/Castell-de-Cardona-12-1-768x576.jpg 768w, https:\/\/centresmolina.com\/centreensenyament\/files\/2017\/12\/Castell-de-Cardona-12-1-1024x768.jpg 1024w\" sizes=\"auto, (max-width: 1280px) 100vw, 1280px\" \/><\/a>\n\t\t\t<\/dt><\/dl><br style=\"clear: both\" \/>\n\t\t<\/div>\n\n<p>Feia fred. Per\u00f2, de seguida, la nostra guia ens el va fer oblidar amb les seves explicacions sobre la hist\u00f2ria del Castell.<\/p>\n\n\t\t<style type=\"text\/css\">\n\t\t\t#gallery-3 {\n\t\t\t\tmargin: auto;\n\t\t\t}\n\t\t\t#gallery-3 .gallery-item {\n\t\t\t\tfloat: left;\n\t\t\t\tmargin-top: 10px;\n\t\t\t\ttext-align: center;\n\t\t\t\twidth: 50%;\n\t\t\t}\n\t\t\t#gallery-3 img {\n\t\t\t\tborder: 2px solid #cfcfcf;\n\t\t\t}\n\t\t\t#gallery-3 .gallery-caption {\n\t\t\t\tmargin-left: 0;\n\t\t\t}\n\t\t\t\/* see gallery_shortcode() in wp-includes\/media.php *\/\n\t\t<\/style>\n\t\t<div id='gallery-3' class='gallery galleryid-6437 gallery-columns-2 gallery-size-full'><dl class='gallery-item'>\n\t\t\t<dt class='gallery-icon landscape'>\n\t\t\t\t<a href='https:\/\/centresmolina.com\/centreensenyament\/files\/2017\/12\/Castell-de-Cardona-14.jpg'><img loading=\"lazy\" decoding=\"async\" width=\"1280\" height=\"960\" src=\"https:\/\/centresmolina.com\/centreensenyament\/files\/2017\/12\/Castell-de-Cardona-14.jpg\" class=\"attachment-full size-full\" alt=\"\" srcset=\"https:\/\/centresmolina.com\/centreensenyament\/files\/2017\/12\/Castell-de-Cardona-14.jpg 1280w, https:\/\/centresmolina.com\/centreensenyament\/files\/2017\/12\/Castell-de-Cardona-14-300x225.jpg 300w, https:\/\/centresmolina.com\/centreensenyament\/files\/2017\/12\/Castell-de-Cardona-14-768x576.jpg 768w, https:\/\/centresmolina.com\/centreensenyament\/files\/2017\/12\/Castell-de-Cardona-14-1024x768.jpg 1024w\" sizes=\"auto, (max-width: 1280px) 100vw, 1280px\" \/><\/a>\n\t\t\t<\/dt><\/dl><dl class='gallery-item'>\n\t\t\t<dt class='gallery-icon landscape'>\n\t\t\t\t<a href='https:\/\/centresmolina.com\/centreensenyament\/files\/2017\/12\/Castell-de-Cardona-15.jpg'><img loading=\"lazy\" decoding=\"async\" width=\"1280\" height=\"960\" src=\"https:\/\/centresmolina.com\/centreensenyament\/files\/2017\/12\/Castell-de-Cardona-15.jpg\" class=\"attachment-full size-full\" alt=\"\" srcset=\"https:\/\/centresmolina.com\/centreensenyament\/files\/2017\/12\/Castell-de-Cardona-15.jpg 1280w, https:\/\/centresmolina.com\/centreensenyament\/files\/2017\/12\/Castell-de-Cardona-15-300x225.jpg 300w, https:\/\/centresmolina.com\/centreensenyament\/files\/2017\/12\/Castell-de-Cardona-15-768x576.jpg 768w, https:\/\/centresmolina.com\/centreensenyament\/files\/2017\/12\/Castell-de-Cardona-15-1024x768.jpg 1024w\" sizes=\"auto, (max-width: 1280px) 100vw, 1280px\" \/><\/a>\n\t\t\t<\/dt><\/dl><br style=\"clear: both\" \/><dl class='gallery-item'>\n\t\t\t<dt class='gallery-icon landscape'>\n\t\t\t\t<a href='https:\/\/centresmolina.com\/centreensenyament\/files\/2017\/12\/Castell-de-Cardona-16.jpg'><img loading=\"lazy\" decoding=\"async\" width=\"1280\" height=\"960\" src=\"https:\/\/centresmolina.com\/centreensenyament\/files\/2017\/12\/Castell-de-Cardona-16.jpg\" class=\"attachment-full size-full\" alt=\"\" srcset=\"https:\/\/centresmolina.com\/centreensenyament\/files\/2017\/12\/Castell-de-Cardona-16.jpg 1280w, https:\/\/centresmolina.com\/centreensenyament\/files\/2017\/12\/Castell-de-Cardona-16-300x225.jpg 300w, https:\/\/centresmolina.com\/centreensenyament\/files\/2017\/12\/Castell-de-Cardona-16-768x576.jpg 768w, https:\/\/centresmolina.com\/centreensenyament\/files\/2017\/12\/Castell-de-Cardona-16-1024x768.jpg 1024w\" sizes=\"auto, (max-width: 1280px) 100vw, 1280px\" \/><\/a>\n\t\t\t<\/dt><\/dl><dl class='gallery-item'>\n\t\t\t<dt class='gallery-icon landscape'>\n\t\t\t\t<a href='https:\/\/centresmolina.com\/centreensenyament\/files\/2017\/12\/Castell-de-Cardona-17.jpg'><img loading=\"lazy\" decoding=\"async\" width=\"1280\" height=\"960\" src=\"https:\/\/centresmolina.com\/centreensenyament\/files\/2017\/12\/Castell-de-Cardona-17.jpg\" class=\"attachment-full size-full\" alt=\"\" srcset=\"https:\/\/centresmolina.com\/centreensenyament\/files\/2017\/12\/Castell-de-Cardona-17.jpg 1280w, https:\/\/centresmolina.com\/centreensenyament\/files\/2017\/12\/Castell-de-Cardona-17-300x225.jpg 300w, https:\/\/centresmolina.com\/centreensenyament\/files\/2017\/12\/Castell-de-Cardona-17-768x576.jpg 768w, https:\/\/centresmolina.com\/centreensenyament\/files\/2017\/12\/Castell-de-Cardona-17-1024x768.jpg 1024w\" sizes=\"auto, (max-width: 1280px) 100vw, 1280px\" \/><\/a>\n\t\t\t<\/dt><\/dl><br style=\"clear: both\" \/><dl class='gallery-item'>\n\t\t\t<dt class='gallery-icon landscape'>\n\t\t\t\t<a href='https:\/\/centresmolina.com\/centreensenyament\/files\/2017\/12\/Castell-de-Cardona-18.jpg'><img loading=\"lazy\" decoding=\"async\" width=\"1280\" height=\"960\" src=\"https:\/\/centresmolina.com\/centreensenyament\/files\/2017\/12\/Castell-de-Cardona-18.jpg\" class=\"attachment-full size-full\" alt=\"\" srcset=\"https:\/\/centresmolina.com\/centreensenyament\/files\/2017\/12\/Castell-de-Cardona-18.jpg 1280w, https:\/\/centresmolina.com\/centreensenyament\/files\/2017\/12\/Castell-de-Cardona-18-300x225.jpg 300w, https:\/\/centresmolina.com\/centreensenyament\/files\/2017\/12\/Castell-de-Cardona-18-768x576.jpg 768w, https:\/\/centresmolina.com\/centreensenyament\/files\/2017\/12\/Castell-de-Cardona-18-1024x768.jpg 1024w\" sizes=\"auto, (max-width: 1280px) 100vw, 1280px\" \/><\/a>\n\t\t\t<\/dt><\/dl><dl class='gallery-item'>\n\t\t\t<dt class='gallery-icon landscape'>\n\t\t\t\t<a href='https:\/\/centresmolina.com\/centreensenyament\/files\/2017\/12\/Castell-de-Cardona-13.jpg'><img loading=\"lazy\" decoding=\"async\" width=\"1280\" height=\"960\" src=\"https:\/\/centresmolina.com\/centreensenyament\/files\/2017\/12\/Castell-de-Cardona-13.jpg\" class=\"attachment-full size-full\" alt=\"\" srcset=\"https:\/\/centresmolina.com\/centreensenyament\/files\/2017\/12\/Castell-de-Cardona-13.jpg 1280w, https:\/\/centresmolina.com\/centreensenyament\/files\/2017\/12\/Castell-de-Cardona-13-300x225.jpg 300w, https:\/\/centresmolina.com\/centreensenyament\/files\/2017\/12\/Castell-de-Cardona-13-768x576.jpg 768w, https:\/\/centresmolina.com\/centreensenyament\/files\/2017\/12\/Castell-de-Cardona-13-1024x768.jpg 1024w\" sizes=\"auto, (max-width: 1280px) 100vw, 1280px\" \/><\/a>\n\t\t\t<\/dt><\/dl><br style=\"clear: both\" \/><dl class='gallery-item'>\n\t\t\t<dt class='gallery-icon landscape'>\n\t\t\t\t<a href='https:\/\/centresmolina.com\/centreensenyament\/files\/2017\/12\/Castell-de-Cardona-19.jpg'><img loading=\"lazy\" decoding=\"async\" width=\"1280\" height=\"960\" src=\"https:\/\/centresmolina.com\/centreensenyament\/files\/2017\/12\/Castell-de-Cardona-19.jpg\" class=\"attachment-full size-full\" alt=\"\" srcset=\"https:\/\/centresmolina.com\/centreensenyament\/files\/2017\/12\/Castell-de-Cardona-19.jpg 1280w, https:\/\/centresmolina.com\/centreensenyament\/files\/2017\/12\/Castell-de-Cardona-19-300x225.jpg 300w, https:\/\/centresmolina.com\/centreensenyament\/files\/2017\/12\/Castell-de-Cardona-19-768x576.jpg 768w, https:\/\/centresmolina.com\/centreensenyament\/files\/2017\/12\/Castell-de-Cardona-19-1024x768.jpg 1024w\" sizes=\"auto, (max-width: 1280px) 100vw, 1280px\" \/><\/a>\n\t\t\t<\/dt><\/dl><dl class='gallery-item'>\n\t\t\t<dt class='gallery-icon landscape'>\n\t\t\t\t<a href='https:\/\/centresmolina.com\/centreensenyament\/files\/2017\/12\/Castell-de-Cardona-20.jpg'><img loading=\"lazy\" decoding=\"async\" width=\"1280\" height=\"960\" src=\"https:\/\/centresmolina.com\/centreensenyament\/files\/2017\/12\/Castell-de-Cardona-20.jpg\" class=\"attachment-full size-full\" alt=\"\" srcset=\"https:\/\/centresmolina.com\/centreensenyament\/files\/2017\/12\/Castell-de-Cardona-20.jpg 1280w, https:\/\/centresmolina.com\/centreensenyament\/files\/2017\/12\/Castell-de-Cardona-20-300x225.jpg 300w, https:\/\/centresmolina.com\/centreensenyament\/files\/2017\/12\/Castell-de-Cardona-20-768x576.jpg 768w, https:\/\/centresmolina.com\/centreensenyament\/files\/2017\/12\/Castell-de-Cardona-20-1024x768.jpg 1024w\" sizes=\"auto, (max-width: 1280px) 100vw, 1280px\" \/><\/a>\n\t\t\t<\/dt><\/dl><br style=\"clear: both\" \/><dl class='gallery-item'>\n\t\t\t<dt class='gallery-icon landscape'>\n\t\t\t\t<a href='https:\/\/centresmolina.com\/centreensenyament\/files\/2017\/12\/Castell-de-Cardona-21.jpg'><img loading=\"lazy\" decoding=\"async\" width=\"1280\" height=\"960\" src=\"https:\/\/centresmolina.com\/centreensenyament\/files\/2017\/12\/Castell-de-Cardona-21.jpg\" class=\"attachment-full size-full\" alt=\"\" srcset=\"https:\/\/centresmolina.com\/centreensenyament\/files\/2017\/12\/Castell-de-Cardona-21.jpg 1280w, https:\/\/centresmolina.com\/centreensenyament\/files\/2017\/12\/Castell-de-Cardona-21-300x225.jpg 300w, https:\/\/centresmolina.com\/centreensenyament\/files\/2017\/12\/Castell-de-Cardona-21-768x576.jpg 768w, https:\/\/centresmolina.com\/centreensenyament\/files\/2017\/12\/Castell-de-Cardona-21-1024x768.jpg 1024w\" sizes=\"auto, (max-width: 1280px) 100vw, 1280px\" \/><\/a>\n\t\t\t<\/dt><\/dl><dl class='gallery-item'>\n\t\t\t<dt class='gallery-icon landscape'>\n\t\t\t\t<a href='https:\/\/centresmolina.com\/centreensenyament\/files\/2017\/12\/Castell-de-Cardona-22.jpg'><img loading=\"lazy\" decoding=\"async\" width=\"1280\" height=\"960\" src=\"https:\/\/centresmolina.com\/centreensenyament\/files\/2017\/12\/Castell-de-Cardona-22.jpg\" class=\"attachment-full size-full\" alt=\"\" srcset=\"https:\/\/centresmolina.com\/centreensenyament\/files\/2017\/12\/Castell-de-Cardona-22.jpg 1280w, https:\/\/centresmolina.com\/centreensenyament\/files\/2017\/12\/Castell-de-Cardona-22-300x225.jpg 300w, https:\/\/centresmolina.com\/centreensenyament\/files\/2017\/12\/Castell-de-Cardona-22-768x576.jpg 768w, https:\/\/centresmolina.com\/centreensenyament\/files\/2017\/12\/Castell-de-Cardona-22-1024x768.jpg 1024w\" sizes=\"auto, (max-width: 1280px) 100vw, 1280px\" \/><\/a>\n\t\t\t<\/dt><\/dl><br style=\"clear: both\" \/><dl class='gallery-item'>\n\t\t\t<dt class='gallery-icon landscape'>\n\t\t\t\t<a href='https:\/\/centresmolina.com\/centreensenyament\/files\/2017\/12\/Castell-de-Cardona-24.jpg'><img loading=\"lazy\" decoding=\"async\" width=\"1280\" height=\"960\" src=\"https:\/\/centresmolina.com\/centreensenyament\/files\/2017\/12\/Castell-de-Cardona-24.jpg\" class=\"attachment-full size-full\" alt=\"\" srcset=\"https:\/\/centresmolina.com\/centreensenyament\/files\/2017\/12\/Castell-de-Cardona-24.jpg 1280w, https:\/\/centresmolina.com\/centreensenyament\/files\/2017\/12\/Castell-de-Cardona-24-300x225.jpg 300w, https:\/\/centresmolina.com\/centreensenyament\/files\/2017\/12\/Castell-de-Cardona-24-768x576.jpg 768w, https:\/\/centresmolina.com\/centreensenyament\/files\/2017\/12\/Castell-de-Cardona-24-1024x768.jpg 1024w\" sizes=\"auto, (max-width: 1280px) 100vw, 1280px\" \/><\/a>\n\t\t\t<\/dt><\/dl><dl class='gallery-item'>\n\t\t\t<dt class='gallery-icon landscape'>\n\t\t\t\t<a href='https:\/\/centresmolina.com\/centreensenyament\/files\/2017\/12\/Castell-de-Cardona-25.jpg'><img loading=\"lazy\" decoding=\"async\" width=\"1280\" height=\"960\" src=\"https:\/\/centresmolina.com\/centreensenyament\/files\/2017\/12\/Castell-de-Cardona-25.jpg\" class=\"attachment-full size-full\" alt=\"\" srcset=\"https:\/\/centresmolina.com\/centreensenyament\/files\/2017\/12\/Castell-de-Cardona-25.jpg 1280w, https:\/\/centresmolina.com\/centreensenyament\/files\/2017\/12\/Castell-de-Cardona-25-300x225.jpg 300w, https:\/\/centresmolina.com\/centreensenyament\/files\/2017\/12\/Castell-de-Cardona-25-768x576.jpg 768w, https:\/\/centresmolina.com\/centreensenyament\/files\/2017\/12\/Castell-de-Cardona-25-1024x768.jpg 1024w\" sizes=\"auto, (max-width: 1280px) 100vw, 1280px\" \/><\/a>\n\t\t\t<\/dt><\/dl><br style=\"clear: both\" \/><dl class='gallery-item'>\n\t\t\t<dt class='gallery-icon landscape'>\n\t\t\t\t<a href='https:\/\/centresmolina.com\/centreensenyament\/files\/2017\/12\/Castell-de-Cardona-26.jpg'><img loading=\"lazy\" decoding=\"async\" width=\"3264\" height=\"2448\" src=\"https:\/\/centresmolina.com\/centreensenyament\/files\/2017\/12\/Castell-de-Cardona-26.jpg\" class=\"attachment-full size-full\" alt=\"\" srcset=\"https:\/\/centresmolina.com\/centreensenyament\/files\/2017\/12\/Castell-de-Cardona-26.jpg 3264w, https:\/\/centresmolina.com\/centreensenyament\/files\/2017\/12\/Castell-de-Cardona-26-300x225.jpg 300w, https:\/\/centresmolina.com\/centreensenyament\/files\/2017\/12\/Castell-de-Cardona-26-768x576.jpg 768w, https:\/\/centresmolina.com\/centreensenyament\/files\/2017\/12\/Castell-de-Cardona-26-1024x768.jpg 1024w\" sizes=\"auto, (max-width: 3264px) 100vw, 3264px\" \/><\/a>\n\t\t\t<\/dt><\/dl><dl class='gallery-item'>\n\t\t\t<dt class='gallery-icon landscape'>\n\t\t\t\t<a href='https:\/\/centresmolina.com\/centreensenyament\/files\/2017\/12\/Castell-de-Cardona-27.jpg'><img loading=\"lazy\" decoding=\"async\" width=\"1280\" height=\"960\" src=\"https:\/\/centresmolina.com\/centreensenyament\/files\/2017\/12\/Castell-de-Cardona-27.jpg\" class=\"attachment-full size-full\" alt=\"\" srcset=\"https:\/\/centresmolina.com\/centreensenyament\/files\/2017\/12\/Castell-de-Cardona-27.jpg 1280w, https:\/\/centresmolina.com\/centreensenyament\/files\/2017\/12\/Castell-de-Cardona-27-300x225.jpg 300w, https:\/\/centresmolina.com\/centreensenyament\/files\/2017\/12\/Castell-de-Cardona-27-768x576.jpg 768w, https:\/\/centresmolina.com\/centreensenyament\/files\/2017\/12\/Castell-de-Cardona-27-1024x768.jpg 1024w\" sizes=\"auto, (max-width: 1280px) 100vw, 1280px\" \/><\/a>\n\t\t\t<\/dt><\/dl><br style=\"clear: both\" \/>\n\t\t<\/div>\n\n<p>V\u00e0rem entrar a <strong>la Torre de la Minyona<\/strong> (s. XI)\u00a0de 15 metres d&#8217;al\u00e7ada i m\u00e9s de 10 metres de di\u00e0metre. La <a href=\"https:\/\/ca.wikipedia.org\/wiki\/Torre_de_la_Minyona\">llegenda<\/a> ens va impressionar.<\/p>\n<p>Ens van explicar que, al Castell, es donen fenomens paranormals des de les hores. Quina por!<\/p>\n\n\t\t<style type=\"text\/css\">\n\t\t\t#gallery-4 {\n\t\t\t\tmargin: auto;\n\t\t\t}\n\t\t\t#gallery-4 .gallery-item {\n\t\t\t\tfloat: left;\n\t\t\t\tmargin-top: 10px;\n\t\t\t\ttext-align: center;\n\t\t\t\twidth: 33%;\n\t\t\t}\n\t\t\t#gallery-4 img {\n\t\t\t\tborder: 2px solid #cfcfcf;\n\t\t\t}\n\t\t\t#gallery-4 .gallery-caption {\n\t\t\t\tmargin-left: 0;\n\t\t\t}\n\t\t\t\/* see gallery_shortcode() in wp-includes\/media.php *\/\n\t\t<\/style>\n\t\t<div id='gallery-4' class='gallery galleryid-6437 gallery-columns-3 gallery-size-full'><dl class='gallery-item'>\n\t\t\t<dt class='gallery-icon landscape'>\n\t\t\t\t<a href='https:\/\/centresmolina.com\/centreensenyament\/files\/2017\/12\/Castell-de-Cardona-28.jpg'><img loading=\"lazy\" decoding=\"async\" width=\"1280\" height=\"960\" src=\"https:\/\/centresmolina.com\/centreensenyament\/files\/2017\/12\/Castell-de-Cardona-28.jpg\" class=\"attachment-full size-full\" alt=\"\" srcset=\"https:\/\/centresmolina.com\/centreensenyament\/files\/2017\/12\/Castell-de-Cardona-28.jpg 1280w, https:\/\/centresmolina.com\/centreensenyament\/files\/2017\/12\/Castell-de-Cardona-28-300x225.jpg 300w, https:\/\/centresmolina.com\/centreensenyament\/files\/2017\/12\/Castell-de-Cardona-28-768x576.jpg 768w, https:\/\/centresmolina.com\/centreensenyament\/files\/2017\/12\/Castell-de-Cardona-28-1024x768.jpg 1024w\" sizes=\"auto, (max-width: 1280px) 100vw, 1280px\" \/><\/a>\n\t\t\t<\/dt><\/dl><dl class='gallery-item'>\n\t\t\t<dt class='gallery-icon landscape'>\n\t\t\t\t<a href='https:\/\/centresmolina.com\/centreensenyament\/files\/2017\/12\/Castell-de-Cardona-29.jpg'><img loading=\"lazy\" decoding=\"async\" width=\"1280\" height=\"960\" src=\"https:\/\/centresmolina.com\/centreensenyament\/files\/2017\/12\/Castell-de-Cardona-29.jpg\" class=\"attachment-full size-full\" alt=\"\" srcset=\"https:\/\/centresmolina.com\/centreensenyament\/files\/2017\/12\/Castell-de-Cardona-29.jpg 1280w, https:\/\/centresmolina.com\/centreensenyament\/files\/2017\/12\/Castell-de-Cardona-29-300x225.jpg 300w, https:\/\/centresmolina.com\/centreensenyament\/files\/2017\/12\/Castell-de-Cardona-29-768x576.jpg 768w, https:\/\/centresmolina.com\/centreensenyament\/files\/2017\/12\/Castell-de-Cardona-29-1024x768.jpg 1024w\" sizes=\"auto, (max-width: 1280px) 100vw, 1280px\" \/><\/a>\n\t\t\t<\/dt><\/dl><dl class='gallery-item'>\n\t\t\t<dt class='gallery-icon landscape'>\n\t\t\t\t<a href='https:\/\/centresmolina.com\/centreensenyament\/files\/2017\/12\/Castell-de-Cardona-30.jpg'><img loading=\"lazy\" decoding=\"async\" width=\"1280\" height=\"960\" src=\"https:\/\/centresmolina.com\/centreensenyament\/files\/2017\/12\/Castell-de-Cardona-30.jpg\" class=\"attachment-full size-full\" alt=\"\" srcset=\"https:\/\/centresmolina.com\/centreensenyament\/files\/2017\/12\/Castell-de-Cardona-30.jpg 1280w, https:\/\/centresmolina.com\/centreensenyament\/files\/2017\/12\/Castell-de-Cardona-30-300x225.jpg 300w, https:\/\/centresmolina.com\/centreensenyament\/files\/2017\/12\/Castell-de-Cardona-30-768x576.jpg 768w, https:\/\/centresmolina.com\/centreensenyament\/files\/2017\/12\/Castell-de-Cardona-30-1024x768.jpg 1024w\" sizes=\"auto, (max-width: 1280px) 100vw, 1280px\" \/><\/a>\n\t\t\t<\/dt><\/dl><br style=\"clear: both\" \/>\n\t\t<\/div>\n\n<p>Despr\u00e9s v\u00e0rem pujar a\u00a0dalt de <strong>la Torre<\/strong>. Quines vistes!<\/p>\n\n\t\t<style type=\"text\/css\">\n\t\t\t#gallery-5 {\n\t\t\t\tmargin: auto;\n\t\t\t}\n\t\t\t#gallery-5 .gallery-item {\n\t\t\t\tfloat: left;\n\t\t\t\tmargin-top: 10px;\n\t\t\t\ttext-align: center;\n\t\t\t\twidth: 50%;\n\t\t\t}\n\t\t\t#gallery-5 img {\n\t\t\t\tborder: 2px solid #cfcfcf;\n\t\t\t}\n\t\t\t#gallery-5 .gallery-caption {\n\t\t\t\tmargin-left: 0;\n\t\t\t}\n\t\t\t\/* see gallery_shortcode() in wp-includes\/media.php *\/\n\t\t<\/style>\n\t\t<div id='gallery-5' class='gallery galleryid-6437 gallery-columns-2 gallery-size-full'><dl class='gallery-item'>\n\t\t\t<dt class='gallery-icon landscape'>\n\t\t\t\t<a href='https:\/\/centresmolina.com\/centreensenyament\/files\/2017\/12\/Castell-de-Cardona-31.jpg'><img loading=\"lazy\" decoding=\"async\" width=\"3264\" height=\"2448\" src=\"https:\/\/centresmolina.com\/centreensenyament\/files\/2017\/12\/Castell-de-Cardona-31.jpg\" class=\"attachment-full size-full\" alt=\"\" srcset=\"https:\/\/centresmolina.com\/centreensenyament\/files\/2017\/12\/Castell-de-Cardona-31.jpg 3264w, https:\/\/centresmolina.com\/centreensenyament\/files\/2017\/12\/Castell-de-Cardona-31-300x225.jpg 300w, https:\/\/centresmolina.com\/centreensenyament\/files\/2017\/12\/Castell-de-Cardona-31-768x576.jpg 768w, https:\/\/centresmolina.com\/centreensenyament\/files\/2017\/12\/Castell-de-Cardona-31-1024x768.jpg 1024w\" sizes=\"auto, (max-width: 3264px) 100vw, 3264px\" \/><\/a>\n\t\t\t<\/dt><\/dl><dl class='gallery-item'>\n\t\t\t<dt class='gallery-icon landscape'>\n\t\t\t\t<a href='https:\/\/centresmolina.com\/centreensenyament\/files\/2017\/12\/Castell-de-Cardona-33.jpg'><img loading=\"lazy\" decoding=\"async\" width=\"1280\" height=\"960\" src=\"https:\/\/centresmolina.com\/centreensenyament\/files\/2017\/12\/Castell-de-Cardona-33.jpg\" class=\"attachment-full size-full\" alt=\"\" srcset=\"https:\/\/centresmolina.com\/centreensenyament\/files\/2017\/12\/Castell-de-Cardona-33.jpg 1280w, https:\/\/centresmolina.com\/centreensenyament\/files\/2017\/12\/Castell-de-Cardona-33-300x225.jpg 300w, https:\/\/centresmolina.com\/centreensenyament\/files\/2017\/12\/Castell-de-Cardona-33-768x576.jpg 768w, https:\/\/centresmolina.com\/centreensenyament\/files\/2017\/12\/Castell-de-Cardona-33-1024x768.jpg 1024w\" sizes=\"auto, (max-width: 1280px) 100vw, 1280px\" \/><\/a>\n\t\t\t<\/dt><\/dl><br style=\"clear: both\" \/><dl class='gallery-item'>\n\t\t\t<dt class='gallery-icon landscape'>\n\t\t\t\t<a href='https:\/\/centresmolina.com\/centreensenyament\/files\/2017\/12\/Castell-de-Cardona-34.jpg'><img loading=\"lazy\" decoding=\"async\" width=\"1280\" height=\"960\" src=\"https:\/\/centresmolina.com\/centreensenyament\/files\/2017\/12\/Castell-de-Cardona-34.jpg\" class=\"attachment-full size-full\" alt=\"\" srcset=\"https:\/\/centresmolina.com\/centreensenyament\/files\/2017\/12\/Castell-de-Cardona-34.jpg 1280w, https:\/\/centresmolina.com\/centreensenyament\/files\/2017\/12\/Castell-de-Cardona-34-300x225.jpg 300w, https:\/\/centresmolina.com\/centreensenyament\/files\/2017\/12\/Castell-de-Cardona-34-768x576.jpg 768w, https:\/\/centresmolina.com\/centreensenyament\/files\/2017\/12\/Castell-de-Cardona-34-1024x768.jpg 1024w\" sizes=\"auto, (max-width: 1280px) 100vw, 1280px\" \/><\/a>\n\t\t\t<\/dt><\/dl><dl class='gallery-item'>\n\t\t\t<dt class='gallery-icon landscape'>\n\t\t\t\t<a href='https:\/\/centresmolina.com\/centreensenyament\/files\/2017\/12\/Castell-de-Cardona-35.jpg'><img loading=\"lazy\" decoding=\"async\" width=\"3264\" height=\"2448\" src=\"https:\/\/centresmolina.com\/centreensenyament\/files\/2017\/12\/Castell-de-Cardona-35.jpg\" class=\"attachment-full size-full\" alt=\"\" srcset=\"https:\/\/centresmolina.com\/centreensenyament\/files\/2017\/12\/Castell-de-Cardona-35.jpg 3264w, https:\/\/centresmolina.com\/centreensenyament\/files\/2017\/12\/Castell-de-Cardona-35-300x225.jpg 300w, https:\/\/centresmolina.com\/centreensenyament\/files\/2017\/12\/Castell-de-Cardona-35-768x576.jpg 768w, https:\/\/centresmolina.com\/centreensenyament\/files\/2017\/12\/Castell-de-Cardona-35-1024x768.jpg 1024w\" sizes=\"auto, (max-width: 3264px) 100vw, 3264px\" \/><\/a>\n\t\t\t<\/dt><\/dl><br style=\"clear: both\" \/><dl class='gallery-item'>\n\t\t\t<dt class='gallery-icon landscape'>\n\t\t\t\t<a href='https:\/\/centresmolina.com\/centreensenyament\/files\/2017\/12\/Castell-de-Cardona-36.jpg'><img loading=\"lazy\" decoding=\"async\" width=\"1280\" height=\"960\" src=\"https:\/\/centresmolina.com\/centreensenyament\/files\/2017\/12\/Castell-de-Cardona-36.jpg\" class=\"attachment-full size-full\" alt=\"\" srcset=\"https:\/\/centresmolina.com\/centreensenyament\/files\/2017\/12\/Castell-de-Cardona-36.jpg 1280w, https:\/\/centresmolina.com\/centreensenyament\/files\/2017\/12\/Castell-de-Cardona-36-300x225.jpg 300w, https:\/\/centresmolina.com\/centreensenyament\/files\/2017\/12\/Castell-de-Cardona-36-768x576.jpg 768w, https:\/\/centresmolina.com\/centreensenyament\/files\/2017\/12\/Castell-de-Cardona-36-1024x768.jpg 1024w\" sizes=\"auto, (max-width: 1280px) 100vw, 1280px\" \/><\/a>\n\t\t\t<\/dt><\/dl><dl class='gallery-item'>\n\t\t\t<dt class='gallery-icon landscape'>\n\t\t\t\t<a href='https:\/\/centresmolina.com\/centreensenyament\/files\/2017\/12\/Castell-de-Cardona-37.jpg'><img loading=\"lazy\" decoding=\"async\" width=\"1280\" height=\"960\" src=\"https:\/\/centresmolina.com\/centreensenyament\/files\/2017\/12\/Castell-de-Cardona-37.jpg\" class=\"attachment-full size-full\" alt=\"\" srcset=\"https:\/\/centresmolina.com\/centreensenyament\/files\/2017\/12\/Castell-de-Cardona-37.jpg 1280w, https:\/\/centresmolina.com\/centreensenyament\/files\/2017\/12\/Castell-de-Cardona-37-300x225.jpg 300w, https:\/\/centresmolina.com\/centreensenyament\/files\/2017\/12\/Castell-de-Cardona-37-768x576.jpg 768w, https:\/\/centresmolina.com\/centreensenyament\/files\/2017\/12\/Castell-de-Cardona-37-1024x768.jpg 1024w\" sizes=\"auto, (max-width: 1280px) 100vw, 1280px\" \/><\/a>\n\t\t\t<\/dt><\/dl><br style=\"clear: both\" \/><dl class='gallery-item'>\n\t\t\t<dt class='gallery-icon landscape'>\n\t\t\t\t<a href='https:\/\/centresmolina.com\/centreensenyament\/files\/2017\/12\/Castell-de-Cardona-38.jpg'><img loading=\"lazy\" decoding=\"async\" width=\"1280\" height=\"960\" src=\"https:\/\/centresmolina.com\/centreensenyament\/files\/2017\/12\/Castell-de-Cardona-38.jpg\" class=\"attachment-full size-full\" alt=\"\" srcset=\"https:\/\/centresmolina.com\/centreensenyament\/files\/2017\/12\/Castell-de-Cardona-38.jpg 1280w, https:\/\/centresmolina.com\/centreensenyament\/files\/2017\/12\/Castell-de-Cardona-38-300x225.jpg 300w, https:\/\/centresmolina.com\/centreensenyament\/files\/2017\/12\/Castell-de-Cardona-38-768x576.jpg 768w, https:\/\/centresmolina.com\/centreensenyament\/files\/2017\/12\/Castell-de-Cardona-38-1024x768.jpg 1024w\" sizes=\"auto, (max-width: 1280px) 100vw, 1280px\" \/><\/a>\n\t\t\t<\/dt><\/dl><dl class='gallery-item'>\n\t\t\t<dt class='gallery-icon landscape'>\n\t\t\t\t<a href='https:\/\/centresmolina.com\/centreensenyament\/files\/2017\/12\/Castell-de-Cardona-41.jpg'><img loading=\"lazy\" decoding=\"async\" width=\"1280\" height=\"960\" src=\"https:\/\/centresmolina.com\/centreensenyament\/files\/2017\/12\/Castell-de-Cardona-41.jpg\" class=\"attachment-full size-full\" alt=\"\" srcset=\"https:\/\/centresmolina.com\/centreensenyament\/files\/2017\/12\/Castell-de-Cardona-41.jpg 1280w, https:\/\/centresmolina.com\/centreensenyament\/files\/2017\/12\/Castell-de-Cardona-41-300x225.jpg 300w, https:\/\/centresmolina.com\/centreensenyament\/files\/2017\/12\/Castell-de-Cardona-41-768x576.jpg 768w, https:\/\/centresmolina.com\/centreensenyament\/files\/2017\/12\/Castell-de-Cardona-41-1024x768.jpg 1024w\" sizes=\"auto, (max-width: 1280px) 100vw, 1280px\" \/><\/a>\n\t\t\t<\/dt><\/dl><br style=\"clear: both\" \/><dl class='gallery-item'>\n\t\t\t<dt class='gallery-icon landscape'>\n\t\t\t\t<a href='https:\/\/centresmolina.com\/centreensenyament\/files\/2017\/12\/Castell-de-Cardona-42.jpg'><img loading=\"lazy\" decoding=\"async\" width=\"1280\" height=\"960\" src=\"https:\/\/centresmolina.com\/centreensenyament\/files\/2017\/12\/Castell-de-Cardona-42.jpg\" class=\"attachment-full size-full\" alt=\"\" srcset=\"https:\/\/centresmolina.com\/centreensenyament\/files\/2017\/12\/Castell-de-Cardona-42.jpg 1280w, https:\/\/centresmolina.com\/centreensenyament\/files\/2017\/12\/Castell-de-Cardona-42-300x225.jpg 300w, https:\/\/centresmolina.com\/centreensenyament\/files\/2017\/12\/Castell-de-Cardona-42-768x576.jpg 768w, https:\/\/centresmolina.com\/centreensenyament\/files\/2017\/12\/Castell-de-Cardona-42-1024x768.jpg 1024w\" sizes=\"auto, (max-width: 1280px) 100vw, 1280px\" \/><\/a>\n\t\t\t<\/dt><\/dl><dl class='gallery-item'>\n\t\t\t<dt class='gallery-icon landscape'>\n\t\t\t\t<a href='https:\/\/centresmolina.com\/centreensenyament\/files\/2017\/12\/Castell-de-Cardona-43.jpg'><img loading=\"lazy\" decoding=\"async\" width=\"1280\" height=\"960\" src=\"https:\/\/centresmolina.com\/centreensenyament\/files\/2017\/12\/Castell-de-Cardona-43.jpg\" class=\"attachment-full size-full\" alt=\"\" srcset=\"https:\/\/centresmolina.com\/centreensenyament\/files\/2017\/12\/Castell-de-Cardona-43.jpg 1280w, https:\/\/centresmolina.com\/centreensenyament\/files\/2017\/12\/Castell-de-Cardona-43-300x225.jpg 300w, https:\/\/centresmolina.com\/centreensenyament\/files\/2017\/12\/Castell-de-Cardona-43-768x576.jpg 768w, https:\/\/centresmolina.com\/centreensenyament\/files\/2017\/12\/Castell-de-Cardona-43-1024x768.jpg 1024w\" sizes=\"auto, (max-width: 1280px) 100vw, 1280px\" \/><\/a>\n\t\t\t<\/dt><\/dl><br style=\"clear: both\" \/>\n\t\t<\/div>\n\n<p>Despr\u00e9s , cap al <strong>Pati d&#8217;armes<\/strong>.<\/p>\n\n\t\t<style type=\"text\/css\">\n\t\t\t#gallery-6 {\n\t\t\t\tmargin: auto;\n\t\t\t}\n\t\t\t#gallery-6 .gallery-item {\n\t\t\t\tfloat: left;\n\t\t\t\tmargin-top: 10px;\n\t\t\t\ttext-align: center;\n\t\t\t\twidth: 50%;\n\t\t\t}\n\t\t\t#gallery-6 img {\n\t\t\t\tborder: 2px solid #cfcfcf;\n\t\t\t}\n\t\t\t#gallery-6 .gallery-caption {\n\t\t\t\tmargin-left: 0;\n\t\t\t}\n\t\t\t\/* see gallery_shortcode() in wp-includes\/media.php *\/\n\t\t<\/style>\n\t\t<div id='gallery-6' class='gallery galleryid-6437 gallery-columns-2 gallery-size-full'><dl class='gallery-item'>\n\t\t\t<dt class='gallery-icon landscape'>\n\t\t\t\t<a href='https:\/\/centresmolina.com\/centreensenyament\/files\/2017\/12\/Castell-de-Cardona-44.jpg'><img loading=\"lazy\" decoding=\"async\" width=\"1280\" height=\"960\" src=\"https:\/\/centresmolina.com\/centreensenyament\/files\/2017\/12\/Castell-de-Cardona-44.jpg\" class=\"attachment-full size-full\" alt=\"\" srcset=\"https:\/\/centresmolina.com\/centreensenyament\/files\/2017\/12\/Castell-de-Cardona-44.jpg 1280w, https:\/\/centresmolina.com\/centreensenyament\/files\/2017\/12\/Castell-de-Cardona-44-300x225.jpg 300w, https:\/\/centresmolina.com\/centreensenyament\/files\/2017\/12\/Castell-de-Cardona-44-768x576.jpg 768w, https:\/\/centresmolina.com\/centreensenyament\/files\/2017\/12\/Castell-de-Cardona-44-1024x768.jpg 1024w\" sizes=\"auto, (max-width: 1280px) 100vw, 1280px\" \/><\/a>\n\t\t\t<\/dt><\/dl><dl class='gallery-item'>\n\t\t\t<dt class='gallery-icon landscape'>\n\t\t\t\t<a href='https:\/\/centresmolina.com\/centreensenyament\/files\/2017\/12\/Castell-de-Cardona-46.jpg'><img loading=\"lazy\" decoding=\"async\" width=\"1280\" height=\"960\" src=\"https:\/\/centresmolina.com\/centreensenyament\/files\/2017\/12\/Castell-de-Cardona-46.jpg\" class=\"attachment-full size-full\" alt=\"\" srcset=\"https:\/\/centresmolina.com\/centreensenyament\/files\/2017\/12\/Castell-de-Cardona-46.jpg 1280w, https:\/\/centresmolina.com\/centreensenyament\/files\/2017\/12\/Castell-de-Cardona-46-300x225.jpg 300w, https:\/\/centresmolina.com\/centreensenyament\/files\/2017\/12\/Castell-de-Cardona-46-768x576.jpg 768w, https:\/\/centresmolina.com\/centreensenyament\/files\/2017\/12\/Castell-de-Cardona-46-1024x768.jpg 1024w\" sizes=\"auto, (max-width: 1280px) 100vw, 1280px\" \/><\/a>\n\t\t\t<\/dt><\/dl><br style=\"clear: both\" \/><dl class='gallery-item'>\n\t\t\t<dt class='gallery-icon landscape'>\n\t\t\t\t<a href='https:\/\/centresmolina.com\/centreensenyament\/files\/2017\/12\/Castell-de-Cardona-47.jpg'><img loading=\"lazy\" decoding=\"async\" width=\"1280\" height=\"960\" src=\"https:\/\/centresmolina.com\/centreensenyament\/files\/2017\/12\/Castell-de-Cardona-47.jpg\" class=\"attachment-full size-full\" alt=\"\" srcset=\"https:\/\/centresmolina.com\/centreensenyament\/files\/2017\/12\/Castell-de-Cardona-47.jpg 1280w, https:\/\/centresmolina.com\/centreensenyament\/files\/2017\/12\/Castell-de-Cardona-47-300x225.jpg 300w, https:\/\/centresmolina.com\/centreensenyament\/files\/2017\/12\/Castell-de-Cardona-47-768x576.jpg 768w, https:\/\/centresmolina.com\/centreensenyament\/files\/2017\/12\/Castell-de-Cardona-47-1024x768.jpg 1024w\" sizes=\"auto, (max-width: 1280px) 100vw, 1280px\" \/><\/a>\n\t\t\t<\/dt><\/dl><dl class='gallery-item'>\n\t\t\t<dt class='gallery-icon landscape'>\n\t\t\t\t<a href='https:\/\/centresmolina.com\/centreensenyament\/files\/2017\/12\/Castell-de-Cardona-48.jpg'><img loading=\"lazy\" decoding=\"async\" width=\"1280\" height=\"960\" src=\"https:\/\/centresmolina.com\/centreensenyament\/files\/2017\/12\/Castell-de-Cardona-48.jpg\" class=\"attachment-full size-full\" alt=\"\" srcset=\"https:\/\/centresmolina.com\/centreensenyament\/files\/2017\/12\/Castell-de-Cardona-48.jpg 1280w, https:\/\/centresmolina.com\/centreensenyament\/files\/2017\/12\/Castell-de-Cardona-48-300x225.jpg 300w, https:\/\/centresmolina.com\/centreensenyament\/files\/2017\/12\/Castell-de-Cardona-48-768x576.jpg 768w, https:\/\/centresmolina.com\/centreensenyament\/files\/2017\/12\/Castell-de-Cardona-48-1024x768.jpg 1024w\" sizes=\"auto, (max-width: 1280px) 100vw, 1280px\" \/><\/a>\n\t\t\t<\/dt><\/dl><br style=\"clear: both\" \/><dl class='gallery-item'>\n\t\t\t<dt class='gallery-icon landscape'>\n\t\t\t\t<a href='https:\/\/centresmolina.com\/centreensenyament\/files\/2017\/12\/Castell-de-Cardona-49.jpg'><img loading=\"lazy\" decoding=\"async\" width=\"1280\" height=\"960\" src=\"https:\/\/centresmolina.com\/centreensenyament\/files\/2017\/12\/Castell-de-Cardona-49.jpg\" class=\"attachment-full size-full\" alt=\"\" srcset=\"https:\/\/centresmolina.com\/centreensenyament\/files\/2017\/12\/Castell-de-Cardona-49.jpg 1280w, https:\/\/centresmolina.com\/centreensenyament\/files\/2017\/12\/Castell-de-Cardona-49-300x225.jpg 300w, https:\/\/centresmolina.com\/centreensenyament\/files\/2017\/12\/Castell-de-Cardona-49-768x576.jpg 768w, https:\/\/centresmolina.com\/centreensenyament\/files\/2017\/12\/Castell-de-Cardona-49-1024x768.jpg 1024w\" sizes=\"auto, (max-width: 1280px) 100vw, 1280px\" \/><\/a>\n\t\t\t<\/dt><\/dl>\n\t\t\t<br style='clear: both' \/>\n\t\t<\/div>\n\n<p>El <strong>claustre<\/strong>&#8230;<\/p>\n\n\t\t<style type=\"text\/css\">\n\t\t\t#gallery-7 {\n\t\t\t\tmargin: auto;\n\t\t\t}\n\t\t\t#gallery-7 .gallery-item {\n\t\t\t\tfloat: left;\n\t\t\t\tmargin-top: 10px;\n\t\t\t\ttext-align: center;\n\t\t\t\twidth: 50%;\n\t\t\t}\n\t\t\t#gallery-7 img {\n\t\t\t\tborder: 2px solid #cfcfcf;\n\t\t\t}\n\t\t\t#gallery-7 .gallery-caption {\n\t\t\t\tmargin-left: 0;\n\t\t\t}\n\t\t\t\/* see gallery_shortcode() in wp-includes\/media.php *\/\n\t\t<\/style>\n\t\t<div id='gallery-7' class='gallery galleryid-6437 gallery-columns-2 gallery-size-full'><dl class='gallery-item'>\n\t\t\t<dt class='gallery-icon landscape'>\n\t\t\t\t<a href='https:\/\/centresmolina.com\/centreensenyament\/files\/2017\/12\/Castell-de-Cardona-50.jpg'><img loading=\"lazy\" decoding=\"async\" width=\"1280\" height=\"960\" src=\"https:\/\/centresmolina.com\/centreensenyament\/files\/2017\/12\/Castell-de-Cardona-50.jpg\" class=\"attachment-full size-full\" alt=\"\" srcset=\"https:\/\/centresmolina.com\/centreensenyament\/files\/2017\/12\/Castell-de-Cardona-50.jpg 1280w, https:\/\/centresmolina.com\/centreensenyament\/files\/2017\/12\/Castell-de-Cardona-50-300x225.jpg 300w, https:\/\/centresmolina.com\/centreensenyament\/files\/2017\/12\/Castell-de-Cardona-50-768x576.jpg 768w, https:\/\/centresmolina.com\/centreensenyament\/files\/2017\/12\/Castell-de-Cardona-50-1024x768.jpg 1024w\" sizes=\"auto, (max-width: 1280px) 100vw, 1280px\" \/><\/a>\n\t\t\t<\/dt><\/dl><dl class='gallery-item'>\n\t\t\t<dt class='gallery-icon landscape'>\n\t\t\t\t<a href='https:\/\/centresmolina.com\/centreensenyament\/files\/2017\/12\/Castell-de-Cardona-51.jpg'><img loading=\"lazy\" decoding=\"async\" width=\"1280\" height=\"960\" src=\"https:\/\/centresmolina.com\/centreensenyament\/files\/2017\/12\/Castell-de-Cardona-51.jpg\" class=\"attachment-full size-full\" alt=\"\" srcset=\"https:\/\/centresmolina.com\/centreensenyament\/files\/2017\/12\/Castell-de-Cardona-51.jpg 1280w, https:\/\/centresmolina.com\/centreensenyament\/files\/2017\/12\/Castell-de-Cardona-51-300x225.jpg 300w, https:\/\/centresmolina.com\/centreensenyament\/files\/2017\/12\/Castell-de-Cardona-51-768x576.jpg 768w, https:\/\/centresmolina.com\/centreensenyament\/files\/2017\/12\/Castell-de-Cardona-51-1024x768.jpg 1024w\" sizes=\"auto, (max-width: 1280px) 100vw, 1280px\" \/><\/a>\n\t\t\t<\/dt><\/dl><br style=\"clear: both\" \/><dl class='gallery-item'>\n\t\t\t<dt class='gallery-icon landscape'>\n\t\t\t\t<a href='https:\/\/centresmolina.com\/centreensenyament\/files\/2017\/12\/Castell-de-Cardona-52.jpg'><img loading=\"lazy\" decoding=\"async\" width=\"1280\" height=\"960\" src=\"https:\/\/centresmolina.com\/centreensenyament\/files\/2017\/12\/Castell-de-Cardona-52.jpg\" class=\"attachment-full size-full\" alt=\"\" srcset=\"https:\/\/centresmolina.com\/centreensenyament\/files\/2017\/12\/Castell-de-Cardona-52.jpg 1280w, https:\/\/centresmolina.com\/centreensenyament\/files\/2017\/12\/Castell-de-Cardona-52-300x225.jpg 300w, https:\/\/centresmolina.com\/centreensenyament\/files\/2017\/12\/Castell-de-Cardona-52-768x576.jpg 768w, https:\/\/centresmolina.com\/centreensenyament\/files\/2017\/12\/Castell-de-Cardona-52-1024x768.jpg 1024w\" sizes=\"auto, (max-width: 1280px) 100vw, 1280px\" \/><\/a>\n\t\t\t<\/dt><\/dl><dl class='gallery-item'>\n\t\t\t<dt class='gallery-icon landscape'>\n\t\t\t\t<a href='https:\/\/centresmolina.com\/centreensenyament\/files\/2017\/12\/Castell-de-Cardona-53.jpg'><img loading=\"lazy\" decoding=\"async\" width=\"1280\" height=\"960\" src=\"https:\/\/centresmolina.com\/centreensenyament\/files\/2017\/12\/Castell-de-Cardona-53.jpg\" class=\"attachment-full size-full\" alt=\"\" srcset=\"https:\/\/centresmolina.com\/centreensenyament\/files\/2017\/12\/Castell-de-Cardona-53.jpg 1280w, https:\/\/centresmolina.com\/centreensenyament\/files\/2017\/12\/Castell-de-Cardona-53-300x225.jpg 300w, https:\/\/centresmolina.com\/centreensenyament\/files\/2017\/12\/Castell-de-Cardona-53-768x576.jpg 768w, https:\/\/centresmolina.com\/centreensenyament\/files\/2017\/12\/Castell-de-Cardona-53-1024x768.jpg 1024w\" sizes=\"auto, (max-width: 1280px) 100vw, 1280px\" \/><\/a>\n\t\t\t<\/dt><\/dl><br style=\"clear: both\" \/><dl class='gallery-item'>\n\t\t\t<dt class='gallery-icon landscape'>\n\t\t\t\t<a href='https:\/\/centresmolina.com\/centreensenyament\/files\/2017\/12\/Castell-de-Cardona-55.jpg'><img loading=\"lazy\" decoding=\"async\" width=\"1280\" height=\"960\" src=\"https:\/\/centresmolina.com\/centreensenyament\/files\/2017\/12\/Castell-de-Cardona-55.jpg\" class=\"attachment-full size-full\" alt=\"\" srcset=\"https:\/\/centresmolina.com\/centreensenyament\/files\/2017\/12\/Castell-de-Cardona-55.jpg 1280w, https:\/\/centresmolina.com\/centreensenyament\/files\/2017\/12\/Castell-de-Cardona-55-300x225.jpg 300w, https:\/\/centresmolina.com\/centreensenyament\/files\/2017\/12\/Castell-de-Cardona-55-768x576.jpg 768w, https:\/\/centresmolina.com\/centreensenyament\/files\/2017\/12\/Castell-de-Cardona-55-1024x768.jpg 1024w\" sizes=\"auto, (max-width: 1280px) 100vw, 1280px\" \/><\/a>\n\t\t\t<\/dt><\/dl><dl class='gallery-item'>\n\t\t\t<dt class='gallery-icon landscape'>\n\t\t\t\t<a href='https:\/\/centresmolina.com\/centreensenyament\/files\/2017\/12\/Castell-de-Cardona-56.jpg'><img loading=\"lazy\" decoding=\"async\" width=\"1280\" height=\"960\" src=\"https:\/\/centresmolina.com\/centreensenyament\/files\/2017\/12\/Castell-de-Cardona-56.jpg\" class=\"attachment-full size-full\" alt=\"\" srcset=\"https:\/\/centresmolina.com\/centreensenyament\/files\/2017\/12\/Castell-de-Cardona-56.jpg 1280w, https:\/\/centresmolina.com\/centreensenyament\/files\/2017\/12\/Castell-de-Cardona-56-300x225.jpg 300w, https:\/\/centresmolina.com\/centreensenyament\/files\/2017\/12\/Castell-de-Cardona-56-768x576.jpg 768w, https:\/\/centresmolina.com\/centreensenyament\/files\/2017\/12\/Castell-de-Cardona-56-1024x768.jpg 1024w\" sizes=\"auto, (max-width: 1280px) 100vw, 1280px\" \/><\/a>\n\t\t\t<\/dt><\/dl><br style=\"clear: both\" \/>\n\t\t<\/div>\n\n<p>I la fant\u00e0stica <strong>esgl\u00e9sia rom\u00e0nica de Sant Miquel.\u00a0<\/strong>L&#8217;arquitecte de l&#8217;obra \u00e9s desconegut.\u00a0\u00a0L&#8217;obra fou constru\u00efda entre el 1029 i el 1040. Actualment, l&#8217;esgl\u00e9sia es troba en un perfecte estat de conservaci\u00f3.<\/p>\n\n\t\t<style type=\"text\/css\">\n\t\t\t#gallery-8 {\n\t\t\t\tmargin: auto;\n\t\t\t}\n\t\t\t#gallery-8 .gallery-item {\n\t\t\t\tfloat: left;\n\t\t\t\tmargin-top: 10px;\n\t\t\t\ttext-align: center;\n\t\t\t\twidth: 50%;\n\t\t\t}\n\t\t\t#gallery-8 img {\n\t\t\t\tborder: 2px solid #cfcfcf;\n\t\t\t}\n\t\t\t#gallery-8 .gallery-caption {\n\t\t\t\tmargin-left: 0;\n\t\t\t}\n\t\t\t\/* see gallery_shortcode() in wp-includes\/media.php *\/\n\t\t<\/style>\n\t\t<div id='gallery-8' class='gallery galleryid-6437 gallery-columns-2 gallery-size-full'><dl class='gallery-item'>\n\t\t\t<dt class='gallery-icon landscape'>\n\t\t\t\t<a href='https:\/\/centresmolina.com\/centreensenyament\/files\/2017\/12\/Castell-de-Cardona-57.jpg'><img loading=\"lazy\" decoding=\"async\" width=\"1280\" height=\"960\" src=\"https:\/\/centresmolina.com\/centreensenyament\/files\/2017\/12\/Castell-de-Cardona-57.jpg\" class=\"attachment-full size-full\" alt=\"\" srcset=\"https:\/\/centresmolina.com\/centreensenyament\/files\/2017\/12\/Castell-de-Cardona-57.jpg 1280w, https:\/\/centresmolina.com\/centreensenyament\/files\/2017\/12\/Castell-de-Cardona-57-300x225.jpg 300w, https:\/\/centresmolina.com\/centreensenyament\/files\/2017\/12\/Castell-de-Cardona-57-768x576.jpg 768w, https:\/\/centresmolina.com\/centreensenyament\/files\/2017\/12\/Castell-de-Cardona-57-1024x768.jpg 1024w\" sizes=\"auto, (max-width: 1280px) 100vw, 1280px\" \/><\/a>\n\t\t\t<\/dt><\/dl><dl class='gallery-item'>\n\t\t\t<dt class='gallery-icon landscape'>\n\t\t\t\t<a href='https:\/\/centresmolina.com\/centreensenyament\/files\/2017\/12\/Castell-de-Cardona-59.jpg'><img loading=\"lazy\" decoding=\"async\" width=\"1280\" height=\"960\" src=\"https:\/\/centresmolina.com\/centreensenyament\/files\/2017\/12\/Castell-de-Cardona-59.jpg\" class=\"attachment-full size-full\" alt=\"\" srcset=\"https:\/\/centresmolina.com\/centreensenyament\/files\/2017\/12\/Castell-de-Cardona-59.jpg 1280w, https:\/\/centresmolina.com\/centreensenyament\/files\/2017\/12\/Castell-de-Cardona-59-300x225.jpg 300w, https:\/\/centresmolina.com\/centreensenyament\/files\/2017\/12\/Castell-de-Cardona-59-768x576.jpg 768w, https:\/\/centresmolina.com\/centreensenyament\/files\/2017\/12\/Castell-de-Cardona-59-1024x768.jpg 1024w\" sizes=\"auto, (max-width: 1280px) 100vw, 1280px\" \/><\/a>\n\t\t\t<\/dt><\/dl><br style=\"clear: both\" \/><dl class='gallery-item'>\n\t\t\t<dt class='gallery-icon landscape'>\n\t\t\t\t<a href='https:\/\/centresmolina.com\/centreensenyament\/files\/2017\/12\/Castell-de-Cardona-72.jpg'><img loading=\"lazy\" decoding=\"async\" width=\"1280\" height=\"960\" src=\"https:\/\/centresmolina.com\/centreensenyament\/files\/2017\/12\/Castell-de-Cardona-72.jpg\" class=\"attachment-full size-full\" alt=\"\" srcset=\"https:\/\/centresmolina.com\/centreensenyament\/files\/2017\/12\/Castell-de-Cardona-72.jpg 1280w, https:\/\/centresmolina.com\/centreensenyament\/files\/2017\/12\/Castell-de-Cardona-72-300x225.jpg 300w, https:\/\/centresmolina.com\/centreensenyament\/files\/2017\/12\/Castell-de-Cardona-72-768x576.jpg 768w, https:\/\/centresmolina.com\/centreensenyament\/files\/2017\/12\/Castell-de-Cardona-72-1024x768.jpg 1024w\" sizes=\"auto, (max-width: 1280px) 100vw, 1280px\" \/><\/a>\n\t\t\t<\/dt><\/dl><dl class='gallery-item'>\n\t\t\t<dt class='gallery-icon landscape'>\n\t\t\t\t<a href='https:\/\/centresmolina.com\/centreensenyament\/files\/2017\/12\/Castell-de-Cardona-74.jpg'><img loading=\"lazy\" decoding=\"async\" width=\"1280\" height=\"960\" src=\"https:\/\/centresmolina.com\/centreensenyament\/files\/2017\/12\/Castell-de-Cardona-74.jpg\" class=\"attachment-full size-full\" alt=\"\" srcset=\"https:\/\/centresmolina.com\/centreensenyament\/files\/2017\/12\/Castell-de-Cardona-74.jpg 1280w, https:\/\/centresmolina.com\/centreensenyament\/files\/2017\/12\/Castell-de-Cardona-74-300x225.jpg 300w, https:\/\/centresmolina.com\/centreensenyament\/files\/2017\/12\/Castell-de-Cardona-74-768x576.jpg 768w, https:\/\/centresmolina.com\/centreensenyament\/files\/2017\/12\/Castell-de-Cardona-74-1024x768.jpg 1024w\" sizes=\"auto, (max-width: 1280px) 100vw, 1280px\" \/><\/a>\n\t\t\t<\/dt><\/dl><br style=\"clear: both\" \/><dl class='gallery-item'>\n\t\t\t<dt class='gallery-icon landscape'>\n\t\t\t\t<a href='https:\/\/centresmolina.com\/centreensenyament\/files\/2017\/12\/Castell-de-Cardona-78.jpg'><img loading=\"lazy\" decoding=\"async\" width=\"1280\" height=\"960\" src=\"https:\/\/centresmolina.com\/centreensenyament\/files\/2017\/12\/Castell-de-Cardona-78.jpg\" class=\"attachment-full size-full\" alt=\"\" srcset=\"https:\/\/centresmolina.com\/centreensenyament\/files\/2017\/12\/Castell-de-Cardona-78.jpg 1280w, https:\/\/centresmolina.com\/centreensenyament\/files\/2017\/12\/Castell-de-Cardona-78-300x225.jpg 300w, https:\/\/centresmolina.com\/centreensenyament\/files\/2017\/12\/Castell-de-Cardona-78-768x576.jpg 768w, https:\/\/centresmolina.com\/centreensenyament\/files\/2017\/12\/Castell-de-Cardona-78-1024x768.jpg 1024w\" sizes=\"auto, (max-width: 1280px) 100vw, 1280px\" \/><\/a>\n\t\t\t<\/dt><\/dl><dl class='gallery-item'>\n\t\t\t<dt class='gallery-icon landscape'>\n\t\t\t\t<a href='https:\/\/centresmolina.com\/centreensenyament\/files\/2017\/12\/Castell-de-Cardona-81.jpg'><img loading=\"lazy\" decoding=\"async\" width=\"1280\" height=\"960\" src=\"https:\/\/centresmolina.com\/centreensenyament\/files\/2017\/12\/Castell-de-Cardona-81.jpg\" class=\"attachment-full size-full\" alt=\"\" srcset=\"https:\/\/centresmolina.com\/centreensenyament\/files\/2017\/12\/Castell-de-Cardona-81.jpg 1280w, https:\/\/centresmolina.com\/centreensenyament\/files\/2017\/12\/Castell-de-Cardona-81-300x225.jpg 300w, https:\/\/centresmolina.com\/centreensenyament\/files\/2017\/12\/Castell-de-Cardona-81-768x576.jpg 768w, https:\/\/centresmolina.com\/centreensenyament\/files\/2017\/12\/Castell-de-Cardona-81-1024x768.jpg 1024w\" sizes=\"auto, (max-width: 1280px) 100vw, 1280px\" \/><\/a>\n\t\t\t<\/dt><\/dl><br style=\"clear: both\" \/><dl class='gallery-item'>\n\t\t\t<dt class='gallery-icon landscape'>\n\t\t\t\t<a href='https:\/\/centresmolina.com\/centreensenyament\/files\/2017\/12\/Castell-de-Cardona-88.jpg'><img loading=\"lazy\" decoding=\"async\" width=\"1280\" height=\"960\" src=\"https:\/\/centresmolina.com\/centreensenyament\/files\/2017\/12\/Castell-de-Cardona-88.jpg\" class=\"attachment-full size-full\" alt=\"\" srcset=\"https:\/\/centresmolina.com\/centreensenyament\/files\/2017\/12\/Castell-de-Cardona-88.jpg 1280w, https:\/\/centresmolina.com\/centreensenyament\/files\/2017\/12\/Castell-de-Cardona-88-300x225.jpg 300w, https:\/\/centresmolina.com\/centreensenyament\/files\/2017\/12\/Castell-de-Cardona-88-768x576.jpg 768w, https:\/\/centresmolina.com\/centreensenyament\/files\/2017\/12\/Castell-de-Cardona-88-1024x768.jpg 1024w\" sizes=\"auto, (max-width: 1280px) 100vw, 1280px\" \/><\/a>\n\t\t\t<\/dt><\/dl>\n\t\t\t<br style='clear: both' \/>\n\t\t<\/div>\n\n<p>La <strong>Cripta<\/strong><\/p>\n\n<p>Una meravella tota l&#8217;esgl\u00e9sia!\u00a0 Amb una forja preciosa&#8230;<\/p>\n\n\t\t<style type=\"text\/css\">\n\t\t\t#gallery-10 {\n\t\t\t\tmargin: auto;\n\t\t\t}\n\t\t\t#gallery-10 .gallery-item {\n\t\t\t\tfloat: left;\n\t\t\t\tmargin-top: 10px;\n\t\t\t\ttext-align: center;\n\t\t\t\twidth: 33%;\n\t\t\t}\n\t\t\t#gallery-10 img {\n\t\t\t\tborder: 2px solid #cfcfcf;\n\t\t\t}\n\t\t\t#gallery-10 .gallery-caption {\n\t\t\t\tmargin-left: 0;\n\t\t\t}\n\t\t\t\/* see gallery_shortcode() in wp-includes\/media.php *\/\n\t\t<\/style>\n\t\t<div id='gallery-10' class='gallery galleryid-6437 gallery-columns-3 gallery-size-full'><dl class='gallery-item'>\n\t\t\t<dt class='gallery-icon landscape'>\n\t\t\t\t<a href='https:\/\/centresmolina.com\/centreensenyament\/files\/2017\/12\/Castell-de-Cardona-87.jpg'><img loading=\"lazy\" decoding=\"async\" width=\"1280\" height=\"960\" src=\"https:\/\/centresmolina.com\/centreensenyament\/files\/2017\/12\/Castell-de-Cardona-87.jpg\" class=\"attachment-full size-full\" alt=\"\" srcset=\"https:\/\/centresmolina.com\/centreensenyament\/files\/2017\/12\/Castell-de-Cardona-87.jpg 1280w, https:\/\/centresmolina.com\/centreensenyament\/files\/2017\/12\/Castell-de-Cardona-87-300x225.jpg 300w, https:\/\/centresmolina.com\/centreensenyament\/files\/2017\/12\/Castell-de-Cardona-87-768x576.jpg 768w, https:\/\/centresmolina.com\/centreensenyament\/files\/2017\/12\/Castell-de-Cardona-87-1024x768.jpg 1024w\" sizes=\"auto, (max-width: 1280px) 100vw, 1280px\" \/><\/a>\n\t\t\t<\/dt><\/dl>\n\t\t\t<br style='clear: both' \/>\n\t\t<\/div>\n\n<p>I despr\u00e9s, cap <strong>al Mirador.<\/strong><\/p>\n\n\t\t<style type=\"text\/css\">\n\t\t\t#gallery-11 {\n\t\t\t\tmargin: auto;\n\t\t\t}\n\t\t\t#gallery-11 .gallery-item {\n\t\t\t\tfloat: left;\n\t\t\t\tmargin-top: 10px;\n\t\t\t\ttext-align: center;\n\t\t\t\twidth: 33%;\n\t\t\t}\n\t\t\t#gallery-11 img {\n\t\t\t\tborder: 2px solid #cfcfcf;\n\t\t\t}\n\t\t\t#gallery-11 .gallery-caption {\n\t\t\t\tmargin-left: 0;\n\t\t\t}\n\t\t\t\/* see gallery_shortcode() in wp-includes\/media.php *\/\n\t\t<\/style>\n\t\t<div id='gallery-11' class='gallery galleryid-6437 gallery-columns-3 gallery-size-full'><dl class='gallery-item'>\n\t\t\t<dt class='gallery-icon landscape'>\n\t\t\t\t<a href='https:\/\/centresmolina.com\/centreensenyament\/files\/2017\/12\/Castell-de-Cardona-91.jpg'><img loading=\"lazy\" decoding=\"async\" width=\"3264\" height=\"2448\" src=\"https:\/\/centresmolina.com\/centreensenyament\/files\/2017\/12\/Castell-de-Cardona-91.jpg\" class=\"attachment-full size-full\" alt=\"\" srcset=\"https:\/\/centresmolina.com\/centreensenyament\/files\/2017\/12\/Castell-de-Cardona-91.jpg 3264w, https:\/\/centresmolina.com\/centreensenyament\/files\/2017\/12\/Castell-de-Cardona-91-300x225.jpg 300w, https:\/\/centresmolina.com\/centreensenyament\/files\/2017\/12\/Castell-de-Cardona-91-768x576.jpg 768w, https:\/\/centresmolina.com\/centreensenyament\/files\/2017\/12\/Castell-de-Cardona-91-1024x768.jpg 1024w\" sizes=\"auto, (max-width: 3264px) 100vw, 3264px\" \/><\/a>\n\t\t\t<\/dt><\/dl><dl class='gallery-item'>\n\t\t\t<dt class='gallery-icon landscape'>\n\t\t\t\t<a href='https:\/\/centresmolina.com\/centreensenyament\/files\/2017\/12\/Castell-de-Cardona-92.jpg'><img loading=\"lazy\" decoding=\"async\" width=\"1280\" height=\"960\" src=\"https:\/\/centresmolina.com\/centreensenyament\/files\/2017\/12\/Castell-de-Cardona-92.jpg\" class=\"attachment-full size-full\" alt=\"\" srcset=\"https:\/\/centresmolina.com\/centreensenyament\/files\/2017\/12\/Castell-de-Cardona-92.jpg 1280w, https:\/\/centresmolina.com\/centreensenyament\/files\/2017\/12\/Castell-de-Cardona-92-300x225.jpg 300w, https:\/\/centresmolina.com\/centreensenyament\/files\/2017\/12\/Castell-de-Cardona-92-768x576.jpg 768w, https:\/\/centresmolina.com\/centreensenyament\/files\/2017\/12\/Castell-de-Cardona-92-1024x768.jpg 1024w\" sizes=\"auto, (max-width: 1280px) 100vw, 1280px\" \/><\/a>\n\t\t\t<\/dt><\/dl><dl class='gallery-item'>\n\t\t\t<dt class='gallery-icon landscape'>\n\t\t\t\t<a href='https:\/\/centresmolina.com\/centreensenyament\/files\/2017\/12\/Castell-de-Cardona-93.jpg'><img loading=\"lazy\" decoding=\"async\" width=\"1280\" height=\"960\" src=\"https:\/\/centresmolina.com\/centreensenyament\/files\/2017\/12\/Castell-de-Cardona-93.jpg\" class=\"attachment-full size-full\" alt=\"\" srcset=\"https:\/\/centresmolina.com\/centreensenyament\/files\/2017\/12\/Castell-de-Cardona-93.jpg 1280w, https:\/\/centresmolina.com\/centreensenyament\/files\/2017\/12\/Castell-de-Cardona-93-300x225.jpg 300w, https:\/\/centresmolina.com\/centreensenyament\/files\/2017\/12\/Castell-de-Cardona-93-768x576.jpg 768w, https:\/\/centresmolina.com\/centreensenyament\/files\/2017\/12\/Castell-de-Cardona-93-1024x768.jpg 1024w\" sizes=\"auto, (max-width: 1280px) 100vw, 1280px\" \/><\/a>\n\t\t\t<\/dt><\/dl><br style=\"clear: both\" \/><dl class='gallery-item'>\n\t\t\t<dt class='gallery-icon landscape'>\n\t\t\t\t<a href='https:\/\/centresmolina.com\/centreensenyament\/files\/2017\/12\/Castell-de-Cardona-94.jpg'><img loading=\"lazy\" decoding=\"async\" width=\"1280\" height=\"960\" src=\"https:\/\/centresmolina.com\/centreensenyament\/files\/2017\/12\/Castell-de-Cardona-94.jpg\" class=\"attachment-full size-full\" alt=\"\" srcset=\"https:\/\/centresmolina.com\/centreensenyament\/files\/2017\/12\/Castell-de-Cardona-94.jpg 1280w, https:\/\/centresmolina.com\/centreensenyament\/files\/2017\/12\/Castell-de-Cardona-94-300x225.jpg 300w, https:\/\/centresmolina.com\/centreensenyament\/files\/2017\/12\/Castell-de-Cardona-94-768x576.jpg 768w, https:\/\/centresmolina.com\/centreensenyament\/files\/2017\/12\/Castell-de-Cardona-94-1024x768.jpg 1024w\" sizes=\"auto, (max-width: 1280px) 100vw, 1280px\" \/><\/a>\n\t\t\t<\/dt><\/dl><dl class='gallery-item'>\n\t\t\t<dt class='gallery-icon landscape'>\n\t\t\t\t<a href='https:\/\/centresmolina.com\/centreensenyament\/files\/2017\/12\/Castell-de-Cardona-95.jpg'><img loading=\"lazy\" decoding=\"async\" width=\"3264\" height=\"2448\" src=\"https:\/\/centresmolina.com\/centreensenyament\/files\/2017\/12\/Castell-de-Cardona-95.jpg\" class=\"attachment-full size-full\" alt=\"\" srcset=\"https:\/\/centresmolina.com\/centreensenyament\/files\/2017\/12\/Castell-de-Cardona-95.jpg 3264w, https:\/\/centresmolina.com\/centreensenyament\/files\/2017\/12\/Castell-de-Cardona-95-300x225.jpg 300w, https:\/\/centresmolina.com\/centreensenyament\/files\/2017\/12\/Castell-de-Cardona-95-768x576.jpg 768w, https:\/\/centresmolina.com\/centreensenyament\/files\/2017\/12\/Castell-de-Cardona-95-1024x768.jpg 1024w\" sizes=\"auto, (max-width: 3264px) 100vw, 3264px\" \/><\/a>\n\t\t\t<\/dt><\/dl><dl class='gallery-item'>\n\t\t\t<dt class='gallery-icon landscape'>\n\t\t\t\t<a href='https:\/\/centresmolina.com\/centreensenyament\/files\/2017\/12\/Castell-de-Cardona-96.jpg'><img loading=\"lazy\" decoding=\"async\" width=\"3264\" height=\"2448\" src=\"https:\/\/centresmolina.com\/centreensenyament\/files\/2017\/12\/Castell-de-Cardona-96.jpg\" class=\"attachment-full size-full\" alt=\"\" srcset=\"https:\/\/centresmolina.com\/centreensenyament\/files\/2017\/12\/Castell-de-Cardona-96.jpg 3264w, https:\/\/centresmolina.com\/centreensenyament\/files\/2017\/12\/Castell-de-Cardona-96-300x225.jpg 300w, https:\/\/centresmolina.com\/centreensenyament\/files\/2017\/12\/Castell-de-Cardona-96-768x576.jpg 768w, https:\/\/centresmolina.com\/centreensenyament\/files\/2017\/12\/Castell-de-Cardona-96-1024x768.jpg 1024w\" sizes=\"auto, (max-width: 3264px) 100vw, 3264px\" \/><\/a>\n\t\t\t<\/dt><\/dl><br style=\"clear: both\" \/><dl class='gallery-item'>\n\t\t\t<dt class='gallery-icon landscape'>\n\t\t\t\t<a href='https:\/\/centresmolina.com\/centreensenyament\/files\/2017\/12\/Castell-de-Cardona-97.jpg'><img loading=\"lazy\" decoding=\"async\" width=\"1280\" height=\"960\" src=\"https:\/\/centresmolina.com\/centreensenyament\/files\/2017\/12\/Castell-de-Cardona-97.jpg\" class=\"attachment-full size-full\" alt=\"\" srcset=\"https:\/\/centresmolina.com\/centreensenyament\/files\/2017\/12\/Castell-de-Cardona-97.jpg 1280w, https:\/\/centresmolina.com\/centreensenyament\/files\/2017\/12\/Castell-de-Cardona-97-300x225.jpg 300w, https:\/\/centresmolina.com\/centreensenyament\/files\/2017\/12\/Castell-de-Cardona-97-768x576.jpg 768w, https:\/\/centresmolina.com\/centreensenyament\/files\/2017\/12\/Castell-de-Cardona-97-1024x768.jpg 1024w\" sizes=\"auto, (max-width: 1280px) 100vw, 1280px\" \/><\/a>\n\t\t\t<\/dt><\/dl><dl class='gallery-item'>\n\t\t\t<dt class='gallery-icon landscape'>\n\t\t\t\t<a href='https:\/\/centresmolina.com\/centreensenyament\/files\/2017\/12\/Castell-de-Cardona-98.jpg'><img loading=\"lazy\" decoding=\"async\" width=\"1280\" height=\"960\" src=\"https:\/\/centresmolina.com\/centreensenyament\/files\/2017\/12\/Castell-de-Cardona-98.jpg\" class=\"attachment-full size-full\" alt=\"\" srcset=\"https:\/\/centresmolina.com\/centreensenyament\/files\/2017\/12\/Castell-de-Cardona-98.jpg 1280w, https:\/\/centresmolina.com\/centreensenyament\/files\/2017\/12\/Castell-de-Cardona-98-300x225.jpg 300w, https:\/\/centresmolina.com\/centreensenyament\/files\/2017\/12\/Castell-de-Cardona-98-768x576.jpg 768w, https:\/\/centresmolina.com\/centreensenyament\/files\/2017\/12\/Castell-de-Cardona-98-1024x768.jpg 1024w\" sizes=\"auto, (max-width: 1280px) 100vw, 1280px\" \/><\/a>\n\t\t\t<\/dt><\/dl><dl class='gallery-item'>\n\t\t\t<dt class='gallery-icon landscape'>\n\t\t\t\t<a href='https:\/\/centresmolina.com\/centreensenyament\/files\/2017\/12\/Castell-de-Cardona-99.jpg'><img loading=\"lazy\" decoding=\"async\" width=\"1280\" height=\"960\" src=\"https:\/\/centresmolina.com\/centreensenyament\/files\/2017\/12\/Castell-de-Cardona-99.jpg\" class=\"attachment-full size-full\" alt=\"\" srcset=\"https:\/\/centresmolina.com\/centreensenyament\/files\/2017\/12\/Castell-de-Cardona-99.jpg 1280w, https:\/\/centresmolina.com\/centreensenyament\/files\/2017\/12\/Castell-de-Cardona-99-300x225.jpg 300w, https:\/\/centresmolina.com\/centreensenyament\/files\/2017\/12\/Castell-de-Cardona-99-768x576.jpg 768w, https:\/\/centresmolina.com\/centreensenyament\/files\/2017\/12\/Castell-de-Cardona-99-1024x768.jpg 1024w\" sizes=\"auto, (max-width: 1280px) 100vw, 1280px\" \/><\/a>\n\t\t\t<\/dt><\/dl><br style=\"clear: both\" \/><dl class='gallery-item'>\n\t\t\t<dt class='gallery-icon landscape'>\n\t\t\t\t<a href='https:\/\/centresmolina.com\/centreensenyament\/files\/2017\/12\/Castell-de-Cardona-101.jpg'><img loading=\"lazy\" decoding=\"async\" width=\"1280\" height=\"960\" src=\"https:\/\/centresmolina.com\/centreensenyament\/files\/2017\/12\/Castell-de-Cardona-101.jpg\" class=\"attachment-full size-full\" alt=\"\" srcset=\"https:\/\/centresmolina.com\/centreensenyament\/files\/2017\/12\/Castell-de-Cardona-101.jpg 1280w, https:\/\/centresmolina.com\/centreensenyament\/files\/2017\/12\/Castell-de-Cardona-101-300x225.jpg 300w, https:\/\/centresmolina.com\/centreensenyament\/files\/2017\/12\/Castell-de-Cardona-101-768x576.jpg 768w, https:\/\/centresmolina.com\/centreensenyament\/files\/2017\/12\/Castell-de-Cardona-101-1024x768.jpg 1024w\" sizes=\"auto, (max-width: 1280px) 100vw, 1280px\" \/><\/a>\n\t\t\t<\/dt><\/dl><dl class='gallery-item'>\n\t\t\t<dt class='gallery-icon landscape'>\n\t\t\t\t<a href='https:\/\/centresmolina.com\/centreensenyament\/files\/2017\/12\/Castell-de-Cardona-102.jpg'><img loading=\"lazy\" decoding=\"async\" width=\"1280\" height=\"960\" src=\"https:\/\/centresmolina.com\/centreensenyament\/files\/2017\/12\/Castell-de-Cardona-102.jpg\" class=\"attachment-full size-full\" alt=\"\" srcset=\"https:\/\/centresmolina.com\/centreensenyament\/files\/2017\/12\/Castell-de-Cardona-102.jpg 1280w, https:\/\/centresmolina.com\/centreensenyament\/files\/2017\/12\/Castell-de-Cardona-102-300x225.jpg 300w, https:\/\/centresmolina.com\/centreensenyament\/files\/2017\/12\/Castell-de-Cardona-102-768x576.jpg 768w, https:\/\/centresmolina.com\/centreensenyament\/files\/2017\/12\/Castell-de-Cardona-102-1024x768.jpg 1024w\" sizes=\"auto, (max-width: 1280px) 100vw, 1280px\" \/><\/a>\n\t\t\t<\/dt><\/dl><dl class='gallery-item'>\n\t\t\t<dt class='gallery-icon landscape'>\n\t\t\t\t<a href='https:\/\/centresmolina.com\/centreensenyament\/files\/2017\/12\/Castell-de-Cardona-103.jpg'><img loading=\"lazy\" decoding=\"async\" width=\"1280\" height=\"960\" src=\"https:\/\/centresmolina.com\/centreensenyament\/files\/2017\/12\/Castell-de-Cardona-103.jpg\" class=\"attachment-full size-full\" alt=\"\" srcset=\"https:\/\/centresmolina.com\/centreensenyament\/files\/2017\/12\/Castell-de-Cardona-103.jpg 1280w, https:\/\/centresmolina.com\/centreensenyament\/files\/2017\/12\/Castell-de-Cardona-103-300x225.jpg 300w, https:\/\/centresmolina.com\/centreensenyament\/files\/2017\/12\/Castell-de-Cardona-103-768x576.jpg 768w, https:\/\/centresmolina.com\/centreensenyament\/files\/2017\/12\/Castell-de-Cardona-103-1024x768.jpg 1024w\" sizes=\"auto, (max-width: 1280px) 100vw, 1280px\" \/><\/a>\n\t\t\t<\/dt><\/dl><br style=\"clear: both\" \/><dl class='gallery-item'>\n\t\t\t<dt class='gallery-icon landscape'>\n\t\t\t\t<a href='https:\/\/centresmolina.com\/centreensenyament\/files\/2017\/12\/Castell-de-Cardona-104.jpg'><img loading=\"lazy\" decoding=\"async\" width=\"1280\" height=\"960\" src=\"https:\/\/centresmolina.com\/centreensenyament\/files\/2017\/12\/Castell-de-Cardona-104.jpg\" class=\"attachment-full size-full\" alt=\"\" srcset=\"https:\/\/centresmolina.com\/centreensenyament\/files\/2017\/12\/Castell-de-Cardona-104.jpg 1280w, https:\/\/centresmolina.com\/centreensenyament\/files\/2017\/12\/Castell-de-Cardona-104-300x225.jpg 300w, https:\/\/centresmolina.com\/centreensenyament\/files\/2017\/12\/Castell-de-Cardona-104-768x576.jpg 768w, https:\/\/centresmolina.com\/centreensenyament\/files\/2017\/12\/Castell-de-Cardona-104-1024x768.jpg 1024w\" sizes=\"auto, (max-width: 1280px) 100vw, 1280px\" \/><\/a>\n\t\t\t<\/dt><\/dl>\n\t\t\t<br style='clear: both' \/>\n\t\t<\/div>\n\n<p>En acabar la visita vam baixar fins al poble.<\/p>\n\n\t\t<style type=\"text\/css\">\n\t\t\t#gallery-12 {\n\t\t\t\tmargin: auto;\n\t\t\t}\n\t\t\t#gallery-12 .gallery-item {\n\t\t\t\tfloat: left;\n\t\t\t\tmargin-top: 10px;\n\t\t\t\ttext-align: center;\n\t\t\t\twidth: 50%;\n\t\t\t}\n\t\t\t#gallery-12 img {\n\t\t\t\tborder: 2px solid #cfcfcf;\n\t\t\t}\n\t\t\t#gallery-12 .gallery-caption {\n\t\t\t\tmargin-left: 0;\n\t\t\t}\n\t\t\t\/* see gallery_shortcode() in wp-includes\/media.php *\/\n\t\t<\/style>\n\t\t<div id='gallery-12' class='gallery galleryid-6437 gallery-columns-2 gallery-size-full'><dl class='gallery-item'>\n\t\t\t<dt class='gallery-icon landscape'>\n\t\t\t\t<a href='https:\/\/centresmolina.com\/centreensenyament\/files\/2017\/12\/Castell-de-Cardona-105.jpg'><img loading=\"lazy\" decoding=\"async\" width=\"1280\" height=\"960\" src=\"https:\/\/centresmolina.com\/centreensenyament\/files\/2017\/12\/Castell-de-Cardona-105.jpg\" class=\"attachment-full size-full\" alt=\"\" srcset=\"https:\/\/centresmolina.com\/centreensenyament\/files\/2017\/12\/Castell-de-Cardona-105.jpg 1280w, https:\/\/centresmolina.com\/centreensenyament\/files\/2017\/12\/Castell-de-Cardona-105-300x225.jpg 300w, https:\/\/centresmolina.com\/centreensenyament\/files\/2017\/12\/Castell-de-Cardona-105-768x576.jpg 768w, https:\/\/centresmolina.com\/centreensenyament\/files\/2017\/12\/Castell-de-Cardona-105-1024x768.jpg 1024w\" sizes=\"auto, (max-width: 1280px) 100vw, 1280px\" \/><\/a>\n\t\t\t<\/dt><\/dl><dl class='gallery-item'>\n\t\t\t<dt class='gallery-icon landscape'>\n\t\t\t\t<a href='https:\/\/centresmolina.com\/centreensenyament\/files\/2017\/12\/Castell-de-Cardona-106.jpg'><img loading=\"lazy\" decoding=\"async\" width=\"1280\" height=\"960\" src=\"https:\/\/centresmolina.com\/centreensenyament\/files\/2017\/12\/Castell-de-Cardona-106.jpg\" class=\"attachment-full size-full\" alt=\"\" srcset=\"https:\/\/centresmolina.com\/centreensenyament\/files\/2017\/12\/Castell-de-Cardona-106.jpg 1280w, https:\/\/centresmolina.com\/centreensenyament\/files\/2017\/12\/Castell-de-Cardona-106-300x225.jpg 300w, https:\/\/centresmolina.com\/centreensenyament\/files\/2017\/12\/Castell-de-Cardona-106-768x576.jpg 768w, https:\/\/centresmolina.com\/centreensenyament\/files\/2017\/12\/Castell-de-Cardona-106-1024x768.jpg 1024w\" sizes=\"auto, (max-width: 1280px) 100vw, 1280px\" \/><\/a>\n\t\t\t<\/dt><\/dl><br style=\"clear: both\" \/>\n\t\t<\/div>\n\n<p>Vam dinar a la Pla\u00e7a i vam tenir temps per a jugar&#8230;<\/p>\n\n\t\t<style type=\"text\/css\">\n\t\t\t#gallery-13 {\n\t\t\t\tmargin: auto;\n\t\t\t}\n\t\t\t#gallery-13 .gallery-item {\n\t\t\t\tfloat: left;\n\t\t\t\tmargin-top: 10px;\n\t\t\t\ttext-align: center;\n\t\t\t\twidth: 33%;\n\t\t\t}\n\t\t\t#gallery-13 img {\n\t\t\t\tborder: 2px solid #cfcfcf;\n\t\t\t}\n\t\t\t#gallery-13 .gallery-caption {\n\t\t\t\tmargin-left: 0;\n\t\t\t}\n\t\t\t\/* see gallery_shortcode() in wp-includes\/media.php *\/\n\t\t<\/style>\n\t\t<div id='gallery-13' class='gallery galleryid-6437 gallery-columns-3 gallery-size-full'><dl class='gallery-item'>\n\t\t\t<dt class='gallery-icon landscape'>\n\t\t\t\t<a href='https:\/\/centresmolina.com\/centreensenyament\/files\/2017\/12\/Castell-de-Cardona-108.jpg'><img loading=\"lazy\" decoding=\"async\" width=\"1280\" height=\"960\" src=\"https:\/\/centresmolina.com\/centreensenyament\/files\/2017\/12\/Castell-de-Cardona-108.jpg\" class=\"attachment-full size-full\" alt=\"\" srcset=\"https:\/\/centresmolina.com\/centreensenyament\/files\/2017\/12\/Castell-de-Cardona-108.jpg 1280w, https:\/\/centresmolina.com\/centreensenyament\/files\/2017\/12\/Castell-de-Cardona-108-300x225.jpg 300w, https:\/\/centresmolina.com\/centreensenyament\/files\/2017\/12\/Castell-de-Cardona-108-768x576.jpg 768w, https:\/\/centresmolina.com\/centreensenyament\/files\/2017\/12\/Castell-de-Cardona-108-1024x768.jpg 1024w\" sizes=\"auto, (max-width: 1280px) 100vw, 1280px\" \/><\/a>\n\t\t\t<\/dt><\/dl><dl class='gallery-item'>\n\t\t\t<dt class='gallery-icon landscape'>\n\t\t\t\t<a href='https:\/\/centresmolina.com\/centreensenyament\/files\/2017\/12\/Castell-de-Cardona-109.jpg'><img loading=\"lazy\" decoding=\"async\" width=\"1280\" height=\"960\" src=\"https:\/\/centresmolina.com\/centreensenyament\/files\/2017\/12\/Castell-de-Cardona-109.jpg\" class=\"attachment-full size-full\" alt=\"\" srcset=\"https:\/\/centresmolina.com\/centreensenyament\/files\/2017\/12\/Castell-de-Cardona-109.jpg 1280w, https:\/\/centresmolina.com\/centreensenyament\/files\/2017\/12\/Castell-de-Cardona-109-300x225.jpg 300w, https:\/\/centresmolina.com\/centreensenyament\/files\/2017\/12\/Castell-de-Cardona-109-768x576.jpg 768w, https:\/\/centresmolina.com\/centreensenyament\/files\/2017\/12\/Castell-de-Cardona-109-1024x768.jpg 1024w\" sizes=\"auto, (max-width: 1280px) 100vw, 1280px\" \/><\/a>\n\t\t\t<\/dt><\/dl><dl class='gallery-item'>\n\t\t\t<dt class='gallery-icon landscape'>\n\t\t\t\t<a href='https:\/\/centresmolina.com\/centreensenyament\/files\/2017\/12\/Castell-de-Cardona-111.jpg'><img loading=\"lazy\" decoding=\"async\" width=\"1280\" height=\"960\" src=\"https:\/\/centresmolina.com\/centreensenyament\/files\/2017\/12\/Castell-de-Cardona-111.jpg\" class=\"attachment-full size-full\" alt=\"\" srcset=\"https:\/\/centresmolina.com\/centreensenyament\/files\/2017\/12\/Castell-de-Cardona-111.jpg 1280w, https:\/\/centresmolina.com\/centreensenyament\/files\/2017\/12\/Castell-de-Cardona-111-300x225.jpg 300w, https:\/\/centresmolina.com\/centreensenyament\/files\/2017\/12\/Castell-de-Cardona-111-768x576.jpg 768w, https:\/\/centresmolina.com\/centreensenyament\/files\/2017\/12\/Castell-de-Cardona-111-1024x768.jpg 1024w\" sizes=\"auto, (max-width: 1280px) 100vw, 1280px\" \/><\/a>\n\t\t\t<\/dt><\/dl><br style=\"clear: both\" \/><dl class='gallery-item'>\n\t\t\t<dt class='gallery-icon landscape'>\n\t\t\t\t<a href='https:\/\/centresmolina.com\/centreensenyament\/files\/2017\/12\/Castell-de-Cardona-112.jpg'><img loading=\"lazy\" decoding=\"async\" width=\"1280\" height=\"960\" src=\"https:\/\/centresmolina.com\/centreensenyament\/files\/2017\/12\/Castell-de-Cardona-112.jpg\" class=\"attachment-full size-full\" alt=\"\" srcset=\"https:\/\/centresmolina.com\/centreensenyament\/files\/2017\/12\/Castell-de-Cardona-112.jpg 1280w, https:\/\/centresmolina.com\/centreensenyament\/files\/2017\/12\/Castell-de-Cardona-112-300x225.jpg 300w, https:\/\/centresmolina.com\/centreensenyament\/files\/2017\/12\/Castell-de-Cardona-112-768x576.jpg 768w, https:\/\/centresmolina.com\/centreensenyament\/files\/2017\/12\/Castell-de-Cardona-112-1024x768.jpg 1024w\" sizes=\"auto, (max-width: 1280px) 100vw, 1280px\" \/><\/a>\n\t\t\t<\/dt><\/dl><dl class='gallery-item'>\n\t\t\t<dt class='gallery-icon landscape'>\n\t\t\t\t<a href='https:\/\/centresmolina.com\/centreensenyament\/files\/2017\/12\/Castell-de-Cardona-113.jpg'><img loading=\"lazy\" decoding=\"async\" width=\"1280\" height=\"960\" src=\"https:\/\/centresmolina.com\/centreensenyament\/files\/2017\/12\/Castell-de-Cardona-113.jpg\" class=\"attachment-full size-full\" alt=\"\" srcset=\"https:\/\/centresmolina.com\/centreensenyament\/files\/2017\/12\/Castell-de-Cardona-113.jpg 1280w, https:\/\/centresmolina.com\/centreensenyament\/files\/2017\/12\/Castell-de-Cardona-113-300x225.jpg 300w, https:\/\/centresmolina.com\/centreensenyament\/files\/2017\/12\/Castell-de-Cardona-113-768x576.jpg 768w, https:\/\/centresmolina.com\/centreensenyament\/files\/2017\/12\/Castell-de-Cardona-113-1024x768.jpg 1024w\" sizes=\"auto, (max-width: 1280px) 100vw, 1280px\" \/><\/a>\n\t\t\t<\/dt><\/dl><dl class='gallery-item'>\n\t\t\t<dt class='gallery-icon landscape'>\n\t\t\t\t<a href='https:\/\/centresmolina.com\/centreensenyament\/files\/2017\/12\/Castell-de-Cardona-110.jpg'><img loading=\"lazy\" decoding=\"async\" width=\"1280\" height=\"960\" src=\"https:\/\/centresmolina.com\/centreensenyament\/files\/2017\/12\/Castell-de-Cardona-110.jpg\" class=\"attachment-full size-full\" alt=\"\" srcset=\"https:\/\/centresmolina.com\/centreensenyament\/files\/2017\/12\/Castell-de-Cardona-110.jpg 1280w, https:\/\/centresmolina.com\/centreensenyament\/files\/2017\/12\/Castell-de-Cardona-110-300x225.jpg 300w, https:\/\/centresmolina.com\/centreensenyament\/files\/2017\/12\/Castell-de-Cardona-110-768x576.jpg 768w, https:\/\/centresmolina.com\/centreensenyament\/files\/2017\/12\/Castell-de-Cardona-110-1024x768.jpg 1024w\" sizes=\"auto, (max-width: 1280px) 100vw, 1280px\" \/><\/a>\n\t\t\t<\/dt><\/dl><br style=\"clear: both\" \/>\n\t\t<\/div>\n\n<p>I de nou cap al Castell i a pujar a l&#8217;autocar. Cansats.<\/p>\n\n\t\t<style type=\"text\/css\">\n\t\t\t#gallery-14 {\n\t\t\t\tmargin: auto;\n\t\t\t}\n\t\t\t#gallery-14 .gallery-item {\n\t\t\t\tfloat: left;\n\t\t\t\tmargin-top: 10px;\n\t\t\t\ttext-align: center;\n\t\t\t\twidth: 33%;\n\t\t\t}\n\t\t\t#gallery-14 img {\n\t\t\t\tborder: 2px solid #cfcfcf;\n\t\t\t}\n\t\t\t#gallery-14 .gallery-caption {\n\t\t\t\tmargin-left: 0;\n\t\t\t}\n\t\t\t\/* see gallery_shortcode() in wp-includes\/media.php *\/\n\t\t<\/style>\n\t\t<div id='gallery-14' class='gallery galleryid-6437 gallery-columns-3 gallery-size-full'><dl class='gallery-item'>\n\t\t\t<dt class='gallery-icon landscape'>\n\t\t\t\t<a href='https:\/\/centresmolina.com\/centreensenyament\/files\/2017\/12\/Castell-de-Cardona-114.jpg'><img loading=\"lazy\" decoding=\"async\" width=\"780\" height=\"780\" src=\"https:\/\/centresmolina.com\/centreensenyament\/files\/2017\/12\/Castell-de-Cardona-114.jpg\" class=\"attachment-full size-full\" alt=\"\" srcset=\"https:\/\/centresmolina.com\/centreensenyament\/files\/2017\/12\/Castell-de-Cardona-114.jpg 780w, https:\/\/centresmolina.com\/centreensenyament\/files\/2017\/12\/Castell-de-Cardona-114-150x150.jpg 150w, https:\/\/centresmolina.com\/centreensenyament\/files\/2017\/12\/Castell-de-Cardona-114-300x300.jpg 300w, https:\/\/centresmolina.com\/centreensenyament\/files\/2017\/12\/Castell-de-Cardona-114-768x768.jpg 768w\" sizes=\"auto, (max-width: 780px) 100vw, 780px\" \/><\/a>\n\t\t\t<\/dt><\/dl><dl class='gallery-item'>\n\t\t\t<dt class='gallery-icon landscape'>\n\t\t\t\t<a href='https:\/\/centresmolina.com\/centreensenyament\/files\/2017\/12\/Castell-de-Cardona-115.jpg'><img loading=\"lazy\" decoding=\"async\" width=\"780\" height=\"780\" src=\"https:\/\/centresmolina.com\/centreensenyament\/files\/2017\/12\/Castell-de-Cardona-115.jpg\" class=\"attachment-full size-full\" alt=\"\" srcset=\"https:\/\/centresmolina.com\/centreensenyament\/files\/2017\/12\/Castell-de-Cardona-115.jpg 780w, https:\/\/centresmolina.com\/centreensenyament\/files\/2017\/12\/Castell-de-Cardona-115-150x150.jpg 150w, https:\/\/centresmolina.com\/centreensenyament\/files\/2017\/12\/Castell-de-Cardona-115-300x300.jpg 300w, https:\/\/centresmolina.com\/centreensenyament\/files\/2017\/12\/Castell-de-Cardona-115-768x768.jpg 768w\" sizes=\"auto, (max-width: 780px) 100vw, 780px\" \/><\/a>\n\t\t\t<\/dt><\/dl><dl class='gallery-item'>\n\t\t\t<dt class='gallery-icon landscape'>\n\t\t\t\t<a href='https:\/\/centresmolina.com\/centreensenyament\/files\/2017\/12\/Castell-de-Cardona-116.jpg'><img loading=\"lazy\" decoding=\"async\" width=\"780\" height=\"780\" src=\"https:\/\/centresmolina.com\/centreensenyament\/files\/2017\/12\/Castell-de-Cardona-116.jpg\" class=\"attachment-full size-full\" alt=\"\" srcset=\"https:\/\/centresmolina.com\/centreensenyament\/files\/2017\/12\/Castell-de-Cardona-116.jpg 780w, https:\/\/centresmolina.com\/centreensenyament\/files\/2017\/12\/Castell-de-Cardona-116-150x150.jpg 150w, https:\/\/centresmolina.com\/centreensenyament\/files\/2017\/12\/Castell-de-Cardona-116-300x300.jpg 300w, https:\/\/centresmolina.com\/centreensenyament\/files\/2017\/12\/Castell-de-Cardona-116-768x768.jpg 768w\" sizes=\"auto, (max-width: 780px) 100vw, 780px\" \/><\/a>\n\t\t\t<\/dt><\/dl><br style=\"clear: both\" \/><dl class='gallery-item'>\n\t\t\t<dt class='gallery-icon landscape'>\n\t\t\t\t<a href='https:\/\/centresmolina.com\/centreensenyament\/files\/2017\/12\/Castell-de-Cardona-118.jpg'><img loading=\"lazy\" decoding=\"async\" width=\"1280\" height=\"960\" src=\"https:\/\/centresmolina.com\/centreensenyament\/files\/2017\/12\/Castell-de-Cardona-118.jpg\" class=\"attachment-full size-full\" alt=\"\" srcset=\"https:\/\/centresmolina.com\/centreensenyament\/files\/2017\/12\/Castell-de-Cardona-118.jpg 1280w, https:\/\/centresmolina.com\/centreensenyament\/files\/2017\/12\/Castell-de-Cardona-118-300x225.jpg 300w, https:\/\/centresmolina.com\/centreensenyament\/files\/2017\/12\/Castell-de-Cardona-118-768x576.jpg 768w, https:\/\/centresmolina.com\/centreensenyament\/files\/2017\/12\/Castell-de-Cardona-118-1024x768.jpg 1024w\" sizes=\"auto, (max-width: 1280px) 100vw, 1280px\" \/><\/a>\n\t\t\t<\/dt><\/dl><dl class='gallery-item'>\n\t\t\t<dt class='gallery-icon landscape'>\n\t\t\t\t<a href='https:\/\/centresmolina.com\/centreensenyament\/files\/2017\/12\/Castell-de-Cardona-119.jpg'><img loading=\"lazy\" decoding=\"async\" width=\"1280\" height=\"960\" src=\"https:\/\/centresmolina.com\/centreensenyament\/files\/2017\/12\/Castell-de-Cardona-119.jpg\" class=\"attachment-full size-full\" alt=\"\" srcset=\"https:\/\/centresmolina.com\/centreensenyament\/files\/2017\/12\/Castell-de-Cardona-119.jpg 1280w, https:\/\/centresmolina.com\/centreensenyament\/files\/2017\/12\/Castell-de-Cardona-119-300x225.jpg 300w, https:\/\/centresmolina.com\/centreensenyament\/files\/2017\/12\/Castell-de-Cardona-119-768x576.jpg 768w, https:\/\/centresmolina.com\/centreensenyament\/files\/2017\/12\/Castell-de-Cardona-119-1024x768.jpg 1024w\" sizes=\"auto, (max-width: 1280px) 100vw, 1280px\" \/><\/a>\n\t\t\t<\/dt><\/dl><dl class='gallery-item'>\n\t\t\t<dt class='gallery-icon landscape'>\n\t\t\t\t<a href='https:\/\/centresmolina.com\/centreensenyament\/files\/2017\/12\/Castell-de-Cardona-120.jpg'><img loading=\"lazy\" decoding=\"async\" width=\"1280\" height=\"960\" src=\"https:\/\/centresmolina.com\/centreensenyament\/files\/2017\/12\/Castell-de-Cardona-120.jpg\" class=\"attachment-full size-full\" alt=\"\" srcset=\"https:\/\/centresmolina.com\/centreensenyament\/files\/2017\/12\/Castell-de-Cardona-120.jpg 1280w, https:\/\/centresmolina.com\/centreensenyament\/files\/2017\/12\/Castell-de-Cardona-120-300x225.jpg 300w, https:\/\/centresmolina.com\/centreensenyament\/files\/2017\/12\/Castell-de-Cardona-120-768x576.jpg 768w, https:\/\/centresmolina.com\/centreensenyament\/files\/2017\/12\/Castell-de-Cardona-120-1024x768.jpg 1024w\" sizes=\"auto, (max-width: 1280px) 100vw, 1280px\" \/><\/a>\n\t\t\t<\/dt><\/dl><br style=\"clear: both\" \/><dl class='gallery-item'>\n\t\t\t<dt class='gallery-icon landscape'>\n\t\t\t\t<a href='https:\/\/centresmolina.com\/centreensenyament\/files\/2017\/12\/Castell-de-Cardona-121.jpg'><img loading=\"lazy\" decoding=\"async\" width=\"1280\" height=\"960\" src=\"https:\/\/centresmolina.com\/centreensenyament\/files\/2017\/12\/Castell-de-Cardona-121.jpg\" class=\"attachment-full size-full\" alt=\"\" srcset=\"https:\/\/centresmolina.com\/centreensenyament\/files\/2017\/12\/Castell-de-Cardona-121.jpg 1280w, https:\/\/centresmolina.com\/centreensenyament\/files\/2017\/12\/Castell-de-Cardona-121-300x225.jpg 300w, https:\/\/centresmolina.com\/centreensenyament\/files\/2017\/12\/Castell-de-Cardona-121-768x576.jpg 768w, https:\/\/centresmolina.com\/centreensenyament\/files\/2017\/12\/Castell-de-Cardona-121-1024x768.jpg 1024w\" sizes=\"auto, (max-width: 1280px) 100vw, 1280px\" \/><\/a>\n\t\t\t<\/dt><\/dl><dl class='gallery-item'>\n\t\t\t<dt class='gallery-icon landscape'>\n\t\t\t\t<a href='https:\/\/centresmolina.com\/centreensenyament\/files\/2017\/12\/Castell-de-Cardona-122.jpg'><img loading=\"lazy\" decoding=\"async\" width=\"1280\" height=\"960\" src=\"https:\/\/centresmolina.com\/centreensenyament\/files\/2017\/12\/Castell-de-Cardona-122.jpg\" class=\"attachment-full size-full\" alt=\"\" srcset=\"https:\/\/centresmolina.com\/centreensenyament\/files\/2017\/12\/Castell-de-Cardona-122.jpg 1280w, https:\/\/centresmolina.com\/centreensenyament\/files\/2017\/12\/Castell-de-Cardona-122-300x225.jpg 300w, https:\/\/centresmolina.com\/centreensenyament\/files\/2017\/12\/Castell-de-Cardona-122-768x576.jpg 768w, https:\/\/centresmolina.com\/centreensenyament\/files\/2017\/12\/Castell-de-Cardona-122-1024x768.jpg 1024w\" sizes=\"auto, (max-width: 1280px) 100vw, 1280px\" \/><\/a>\n\t\t\t<\/dt><\/dl><dl class='gallery-item'>\n\t\t\t<dt class='gallery-icon landscape'>\n\t\t\t\t<a href='https:\/\/centresmolina.com\/centreensenyament\/files\/2017\/12\/Castell-de-Cardona-123.jpg'><img loading=\"lazy\" decoding=\"async\" width=\"1280\" height=\"960\" src=\"https:\/\/centresmolina.com\/centreensenyament\/files\/2017\/12\/Castell-de-Cardona-123.jpg\" class=\"attachment-full size-full\" alt=\"\" srcset=\"https:\/\/centresmolina.com\/centreensenyament\/files\/2017\/12\/Castell-de-Cardona-123.jpg 1280w, https:\/\/centresmolina.com\/centreensenyament\/files\/2017\/12\/Castell-de-Cardona-123-300x225.jpg 300w, https:\/\/centresmolina.com\/centreensenyament\/files\/2017\/12\/Castell-de-Cardona-123-768x576.jpg 768w, https:\/\/centresmolina.com\/centreensenyament\/files\/2017\/12\/Castell-de-Cardona-123-1024x768.jpg 1024w\" sizes=\"auto, (max-width: 1280px) 100vw, 1280px\" \/><\/a>\n\t\t\t<\/dt><\/dl><br style=\"clear: both\" \/>\n\t\t<\/div>\n\n<p>Una jornada fant\u00e0stica!<\/p>\n","protected":false},"excerpt":{"rendered":"<p>L&#8217;alumnat del segon cicle de l&#8217;ESO i de CFGM hem fet una fant\u00e0stica visita al Castell de Cardona. El\u00a0Castell de&#8230;<\/p>\n","protected":false},"author":3,"featured_media":6461,"comment_status":"open","ping_status":"open","sticky":false,"template":"","format":"standard","meta":{"footnotes":""},"categories":[5],"tags":[107,38,2531,2532,93,16,45,43,19,24,55,44,18],"class_list":["post-6437","post","type-post","status-publish","format-standard","has-post-thumbnail","hentry","category-noticies","tag-3r-eso","tag-4t-eso","tag-cardona","tag-castell-de-cardona","tag-cfgm","tag-cicles","tag-educacio","tag-escola","tag-escola-molina","tag-eso","tag-experiencia","tag-molina","tag-sortida"],"yoast_head":"<!-- This site is optimized with the Yoast SEO plugin v27.2 - https:\/\/yoast.com\/product\/yoast-seo-wordpress\/ -->\n<title>Visita al Castell de Cardona - Centros de ense\u00f1anza<\/title>\n<meta name=\"robots\" content=\"index, follow, max-snippet:-1, max-image-preview:large, max-video-preview:-1\" \/>\n<link rel=\"canonical\" href=\"https:\/\/centresmolina.com\/centreensenyament\/2017\/12\/05\/visita-al-castell-cardona\/\" \/>\n<meta property=\"og:locale\" content=\"ca_ES\" \/>\n<meta property=\"og:type\" content=\"article\" \/>\n<meta property=\"og:title\" content=\"Visita al Castell de Cardona - Centros de ense\u00f1anza\" \/>\n<meta property=\"og:description\" content=\"L&#8217;alumnat del segon cicle de l&#8217;ESO i de CFGM hem fet una fant\u00e0stica visita al Castell de Cardona. El\u00a0Castell de...\" \/>\n<meta property=\"og:url\" content=\"https:\/\/centresmolina.com\/centreensenyament\/2017\/12\/05\/visita-al-castell-cardona\/\" \/>\n<meta property=\"og:site_name\" content=\"Centros de ense\u00f1anza\" \/>\n<meta property=\"article:published_time\" content=\"2017-12-05T16:49:39+00:00\" \/>\n<meta property=\"article:modified_time\" content=\"2017-12-10T17:20:51+00:00\" \/>\n<meta property=\"og:image\" content=\"https:\/\/centresmolina.com\/centreensenyament\/files\/2017\/12\/Castell-de-Cardona-117.jpg\" \/>\n\t<meta property=\"og:image:width\" content=\"1280\" \/>\n\t<meta property=\"og:image:height\" content=\"960\" \/>\n\t<meta property=\"og:image:type\" content=\"image\/jpeg\" \/>\n<meta name=\"author\" content=\"webmolina\" \/>\n<meta name=\"twitter:label1\" content=\"Escrit per\" \/>\n\t<meta name=\"twitter:data1\" content=\"webmolina\" \/>\n\t<meta name=\"twitter:label2\" content=\"Temps estimat de lectura\" \/>\n\t<meta name=\"twitter:data2\" content=\"2 minuts\" \/>\n<script type=\"application\/ld+json\" class=\"yoast-schema-graph\">{\"@context\":\"https:\/\/schema.org\",\"@graph\":[{\"@type\":\"Article\",\"@id\":\"https:\/\/centresmolina.com\/centreensenyament\/2017\/12\/05\/visita-al-castell-cardona\/#article\",\"isPartOf\":{\"@id\":\"https:\/\/centresmolina.com\/centreensenyament\/2017\/12\/05\/visita-al-castell-cardona\/\"},\"author\":{\"name\":\"webmolina\",\"@id\":\"https:\/\/centresmolina.com\/centreensenyament\/#\/schema\/person\/308d85d274adff04b5c51d47e8aff6cc\"},\"headline\":\"Visita al Castell de Cardona\",\"datePublished\":\"2017-12-05T16:49:39+00:00\",\"dateModified\":\"2017-12-10T17:20:51+00:00\",\"mainEntityOfPage\":{\"@id\":\"https:\/\/centresmolina.com\/centreensenyament\/2017\/12\/05\/visita-al-castell-cardona\/\"},\"wordCount\":365,\"commentCount\":0,\"image\":{\"@id\":\"https:\/\/centresmolina.com\/centreensenyament\/2017\/12\/05\/visita-al-castell-cardona\/#primaryimage\"},\"thumbnailUrl\":\"https:\/\/centresmolina.com\/centreensenyament\/files\/2017\/12\/Castell-de-Cardona-117.jpg\",\"keywords\":[\"3r ESO\",\"4t ESO\",\"Cardona\",\"Castell de Cardona\",\"CFGM\",\"Cicles\",\"educaci\u00f3\",\"Escola\",\"Escola Molina\",\"ESO\",\"experi\u00e8ncia\",\"Molina\",\"Sortida\"],\"articleSection\":[\"Not\u00edcies\"],\"inLanguage\":\"ca\",\"potentialAction\":[{\"@type\":\"CommentAction\",\"name\":\"Comment\",\"target\":[\"https:\/\/centresmolina.com\/centreensenyament\/2017\/12\/05\/visita-al-castell-cardona\/#respond\"]}]},{\"@type\":\"WebPage\",\"@id\":\"https:\/\/centresmolina.com\/centreensenyament\/2017\/12\/05\/visita-al-castell-cardona\/\",\"url\":\"https:\/\/centresmolina.com\/centreensenyament\/2017\/12\/05\/visita-al-castell-cardona\/\",\"name\":\"Visita al Castell de Cardona - Centros de ense\u00f1anza\",\"isPartOf\":{\"@id\":\"https:\/\/centresmolina.com\/centreensenyament\/#website\"},\"primaryImageOfPage\":{\"@id\":\"https:\/\/centresmolina.com\/centreensenyament\/2017\/12\/05\/visita-al-castell-cardona\/#primaryimage\"},\"image\":{\"@id\":\"https:\/\/centresmolina.com\/centreensenyament\/2017\/12\/05\/visita-al-castell-cardona\/#primaryimage\"},\"thumbnailUrl\":\"https:\/\/centresmolina.com\/centreensenyament\/files\/2017\/12\/Castell-de-Cardona-117.jpg\",\"datePublished\":\"2017-12-05T16:49:39+00:00\",\"dateModified\":\"2017-12-10T17:20:51+00:00\",\"author\":{\"@id\":\"https:\/\/centresmolina.com\/centreensenyament\/#\/schema\/person\/308d85d274adff04b5c51d47e8aff6cc\"},\"breadcrumb\":{\"@id\":\"https:\/\/centresmolina.com\/centreensenyament\/2017\/12\/05\/visita-al-castell-cardona\/#breadcrumb\"},\"inLanguage\":\"ca\",\"potentialAction\":[{\"@type\":\"ReadAction\",\"target\":[\"https:\/\/centresmolina.com\/centreensenyament\/2017\/12\/05\/visita-al-castell-cardona\/\"]}]},{\"@type\":\"ImageObject\",\"inLanguage\":\"ca\",\"@id\":\"https:\/\/centresmolina.com\/centreensenyament\/2017\/12\/05\/visita-al-castell-cardona\/#primaryimage\",\"url\":\"https:\/\/centresmolina.com\/centreensenyament\/files\/2017\/12\/Castell-de-Cardona-117.jpg\",\"contentUrl\":\"https:\/\/centresmolina.com\/centreensenyament\/files\/2017\/12\/Castell-de-Cardona-117.jpg\",\"width\":1280,\"height\":960},{\"@type\":\"BreadcrumbList\",\"@id\":\"https:\/\/centresmolina.com\/centreensenyament\/2017\/12\/05\/visita-al-castell-cardona\/#breadcrumb\",\"itemListElement\":[{\"@type\":\"ListItem\",\"position\":1,\"name\":\"Portada\",\"item\":\"https:\/\/centresmolina.com\/centreensenyament\/\"},{\"@type\":\"ListItem\",\"position\":2,\"name\":\"Visita al Castell de Cardona\"}]},{\"@type\":\"WebSite\",\"@id\":\"https:\/\/centresmolina.com\/centreensenyament\/#website\",\"url\":\"https:\/\/centresmolina.com\/centreensenyament\/\",\"name\":\"Centros de ense\u00f1anza\",\"description\":\"Centres Molina - Centros de ense\u00f1anza\",\"potentialAction\":[{\"@type\":\"SearchAction\",\"target\":{\"@type\":\"EntryPoint\",\"urlTemplate\":\"https:\/\/centresmolina.com\/centreensenyament\/?s={search_term_string}\"},\"query-input\":{\"@type\":\"PropertyValueSpecification\",\"valueRequired\":true,\"valueName\":\"search_term_string\"}}],\"inLanguage\":\"ca\"},{\"@type\":\"Person\",\"@id\":\"https:\/\/centresmolina.com\/centreensenyament\/#\/schema\/person\/308d85d274adff04b5c51d47e8aff6cc\",\"name\":\"webmolina\",\"image\":{\"@type\":\"ImageObject\",\"inLanguage\":\"ca\",\"@id\":\"https:\/\/secure.gravatar.com\/avatar\/38db407e1ab9b284bf45e3bff4ec5cf1e034e364f09b2ee054619614662a717b?s=96&d=mm&r=g\",\"url\":\"https:\/\/secure.gravatar.com\/avatar\/38db407e1ab9b284bf45e3bff4ec5cf1e034e364f09b2ee054619614662a717b?s=96&d=mm&r=g\",\"contentUrl\":\"https:\/\/secure.gravatar.com\/avatar\/38db407e1ab9b284bf45e3bff4ec5cf1e034e364f09b2ee054619614662a717b?s=96&d=mm&r=g\",\"caption\":\"webmolina\"},\"url\":\"https:\/\/centresmolina.com\/centreensenyament\/author\/webmolina\/\"}]}<\/script>\n<!-- \/ Yoast SEO plugin. -->","yoast_head_json":{"title":"Visita al Castell de Cardona - Centros de ense\u00f1anza","robots":{"index":"index","follow":"follow","max-snippet":"max-snippet:-1","max-image-preview":"max-image-preview:large","max-video-preview":"max-video-preview:-1"},"canonical":"https:\/\/centresmolina.com\/centreensenyament\/2017\/12\/05\/visita-al-castell-cardona\/","og_locale":"ca_ES","og_type":"article","og_title":"Visita al Castell de Cardona - Centros de ense\u00f1anza","og_description":"L&#8217;alumnat del segon cicle de l&#8217;ESO i de CFGM hem fet una fant\u00e0stica visita al Castell de Cardona. El\u00a0Castell de...","og_url":"https:\/\/centresmolina.com\/centreensenyament\/2017\/12\/05\/visita-al-castell-cardona\/","og_site_name":"Centros de ense\u00f1anza","article_published_time":"2017-12-05T16:49:39+00:00","article_modified_time":"2017-12-10T17:20:51+00:00","og_image":[{"width":1280,"height":960,"url":"https:\/\/centresmolina.com\/centreensenyament\/files\/2017\/12\/Castell-de-Cardona-117.jpg","type":"image\/jpeg"}],"author":"webmolina","twitter_misc":{"Escrit per":"webmolina","Temps estimat de lectura":"2 minuts"},"schema":{"@context":"https:\/\/schema.org","@graph":[{"@type":"Article","@id":"https:\/\/centresmolina.com\/centreensenyament\/2017\/12\/05\/visita-al-castell-cardona\/#article","isPartOf":{"@id":"https:\/\/centresmolina.com\/centreensenyament\/2017\/12\/05\/visita-al-castell-cardona\/"},"author":{"name":"webmolina","@id":"https:\/\/centresmolina.com\/centreensenyament\/#\/schema\/person\/308d85d274adff04b5c51d47e8aff6cc"},"headline":"Visita al Castell de Cardona","datePublished":"2017-12-05T16:49:39+00:00","dateModified":"2017-12-10T17:20:51+00:00","mainEntityOfPage":{"@id":"https:\/\/centresmolina.com\/centreensenyament\/2017\/12\/05\/visita-al-castell-cardona\/"},"wordCount":365,"commentCount":0,"image":{"@id":"https:\/\/centresmolina.com\/centreensenyament\/2017\/12\/05\/visita-al-castell-cardona\/#primaryimage"},"thumbnailUrl":"https:\/\/centresmolina.com\/centreensenyament\/files\/2017\/12\/Castell-de-Cardona-117.jpg","keywords":["3r ESO","4t ESO","Cardona","Castell de Cardona","CFGM","Cicles","educaci\u00f3","Escola","Escola Molina","ESO","experi\u00e8ncia","Molina","Sortida"],"articleSection":["Not\u00edcies"],"inLanguage":"ca","potentialAction":[{"@type":"CommentAction","name":"Comment","target":["https:\/\/centresmolina.com\/centreensenyament\/2017\/12\/05\/visita-al-castell-cardona\/#respond"]}]},{"@type":"WebPage","@id":"https:\/\/centresmolina.com\/centreensenyament\/2017\/12\/05\/visita-al-castell-cardona\/","url":"https:\/\/centresmolina.com\/centreensenyament\/2017\/12\/05\/visita-al-castell-cardona\/","name":"Visita al Castell de Cardona - Centros de ense\u00f1anza","isPartOf":{"@id":"https:\/\/centresmolina.com\/centreensenyament\/#website"},"primaryImageOfPage":{"@id":"https:\/\/centresmolina.com\/centreensenyament\/2017\/12\/05\/visita-al-castell-cardona\/#primaryimage"},"image":{"@id":"https:\/\/centresmolina.com\/centreensenyament\/2017\/12\/05\/visita-al-castell-cardona\/#primaryimage"},"thumbnailUrl":"https:\/\/centresmolina.com\/centreensenyament\/files\/2017\/12\/Castell-de-Cardona-117.jpg","datePublished":"2017-12-05T16:49:39+00:00","dateModified":"2017-12-10T17:20:51+00:00","author":{"@id":"https:\/\/centresmolina.com\/centreensenyament\/#\/schema\/person\/308d85d274adff04b5c51d47e8aff6cc"},"breadcrumb":{"@id":"https:\/\/centresmolina.com\/centreensenyament\/2017\/12\/05\/visita-al-castell-cardona\/#breadcrumb"},"inLanguage":"ca","potentialAction":[{"@type":"ReadAction","target":["https:\/\/centresmolina.com\/centreensenyament\/2017\/12\/05\/visita-al-castell-cardona\/"]}]},{"@type":"ImageObject","inLanguage":"ca","@id":"https:\/\/centresmolina.com\/centreensenyament\/2017\/12\/05\/visita-al-castell-cardona\/#primaryimage","url":"https:\/\/centresmolina.com\/centreensenyament\/files\/2017\/12\/Castell-de-Cardona-117.jpg","contentUrl":"https:\/\/centresmolina.com\/centreensenyament\/files\/2017\/12\/Castell-de-Cardona-117.jpg","width":1280,"height":960},{"@type":"BreadcrumbList","@id":"https:\/\/centresmolina.com\/centreensenyament\/2017\/12\/05\/visita-al-castell-cardona\/#breadcrumb","itemListElement":[{"@type":"ListItem","position":1,"name":"Portada","item":"https:\/\/centresmolina.com\/centreensenyament\/"},{"@type":"ListItem","position":2,"name":"Visita al Castell de Cardona"}]},{"@type":"WebSite","@id":"https:\/\/centresmolina.com\/centreensenyament\/#website","url":"https:\/\/centresmolina.com\/centreensenyament\/","name":"Centros de ense\u00f1anza","description":"Centres Molina - Centros de ense\u00f1anza","potentialAction":[{"@type":"SearchAction","target":{"@type":"EntryPoint","urlTemplate":"https:\/\/centresmolina.com\/centreensenyament\/?s={search_term_string}"},"query-input":{"@type":"PropertyValueSpecification","valueRequired":true,"valueName":"search_term_string"}}],"inLanguage":"ca"},{"@type":"Person","@id":"https:\/\/centresmolina.com\/centreensenyament\/#\/schema\/person\/308d85d274adff04b5c51d47e8aff6cc","name":"webmolina","image":{"@type":"ImageObject","inLanguage":"ca","@id":"https:\/\/secure.gravatar.com\/avatar\/38db407e1ab9b284bf45e3bff4ec5cf1e034e364f09b2ee054619614662a717b?s=96&d=mm&r=g","url":"https:\/\/secure.gravatar.com\/avatar\/38db407e1ab9b284bf45e3bff4ec5cf1e034e364f09b2ee054619614662a717b?s=96&d=mm&r=g","contentUrl":"https:\/\/secure.gravatar.com\/avatar\/38db407e1ab9b284bf45e3bff4ec5cf1e034e364f09b2ee054619614662a717b?s=96&d=mm&r=g","caption":"webmolina"},"url":"https:\/\/centresmolina.com\/centreensenyament\/author\/webmolina\/"}]}},"_links":{"self":[{"href":"https:\/\/centresmolina.com\/centreensenyament\/wp-json\/wp\/v2\/posts\/6437","targetHints":{"allow":["GET"]}}],"collection":[{"href":"https:\/\/centresmolina.com\/centreensenyament\/wp-json\/wp\/v2\/posts"}],"about":[{"href":"https:\/\/centresmolina.com\/centreensenyament\/wp-json\/wp\/v2\/types\/post"}],"author":[{"embeddable":true,"href":"https:\/\/centresmolina.com\/centreensenyament\/wp-json\/wp\/v2\/users\/3"}],"replies":[{"embeddable":true,"href":"https:\/\/centresmolina.com\/centreensenyament\/wp-json\/wp\/v2\/comments?post=6437"}],"version-history":[{"count":7,"href":"https:\/\/centresmolina.com\/centreensenyament\/wp-json\/wp\/v2\/posts\/6437\/revisions"}],"predecessor-version":[{"id":6471,"href":"https:\/\/centresmolina.com\/centreensenyament\/wp-json\/wp\/v2\/posts\/6437\/revisions\/6471"}],"wp:featuredmedia":[{"embeddable":true,"href":"https:\/\/centresmolina.com\/centreensenyament\/wp-json\/wp\/v2\/media\/6461"}],"wp:attachment":[{"href":"https:\/\/centresmolina.com\/centreensenyament\/wp-json\/wp\/v2\/media?parent=6437"}],"wp:term":[{"taxonomy":"category","embeddable":true,"href":"https:\/\/centresmolina.com\/centreensenyament\/wp-json\/wp\/v2\/categories?post=6437"},{"taxonomy":"post_tag","embeddable":true,"href":"https:\/\/centresmolina.com\/centreensenyament\/wp-json\/wp\/v2\/tags?post=6437"}],"curies":[{"name":"wp","href":"https:\/\/api.w.org\/{rel}","templated":true}]}}