{"id":6790,"date":"2018-01-27T09:51:33","date_gmt":"2018-01-27T09:51:33","guid":{"rendered":"http:\/\/centresmolina.com\/centreensenyament\/?p=6790\/"},"modified":"2018-01-27T09:51:33","modified_gmt":"2018-01-27T09:51:33","slug":"terrissaire-la-cultura-lesforc","status":"publish","type":"post","link":"https:\/\/centresmolina.com\/centreensenyament\/2018\/01\/27\/terrissaire-la-cultura-lesforc\/","title":{"rendered":"El terrissaire o la cultura de l&#8217;esfor\u00e7"},"content":{"rendered":"<p>Aprendre alguna cosa nova no \u00e9s f\u00e0cil, implica molt esfor\u00e7 i suposa cometre molts errors abans d&#8217;encertar.<\/p>\n<p>Mirem\u00a0aquest curtmetratge amb els nostres fills i\u00a0<strong>\u00a0<\/strong>parlem<strong>\u00a0<\/strong>amb\u00a0ells sobre la cultura de l&#8217;esfor\u00e7 i la satisfacci\u00f3 que ens produeix quan t\u00e9 la seva recompensa. I tamb\u00e9 podrem parlar del talent i les habilitats naturals que tots tenim dins i hem d&#8217;aprendre a treure.<\/p>\n<p><iframe loading=\"lazy\" title=\"The Potter\" src=\"https:\/\/player.vimeo.com\/video\/2676617?dnt=1&amp;app_id=122963\" width=\"500\" height=\"281\" frameborder=\"0\" allow=\"autoplay; fullscreen; picture-in-picture; clipboard-write\"><\/iframe><\/p>\n","protected":false},"excerpt":{"rendered":"<p>Aprendre alguna cosa nova no \u00e9s f\u00e0cil, implica molt esfor\u00e7 i suposa cometre molts errors abans d&#8217;encertar. Mirem\u00a0aquest curtmetratge amb&#8230;<\/p>\n","protected":false},"author":3,"featured_media":6791,"comment_status":"open","ping_status":"open","sticky":false,"template":"","format":"standard","meta":{"footnotes":""},"categories":[5],"tags":[107,52,58,45,53,43,19,55],"class_list":["post-6790","post","type-post","status-publish","format-standard","has-post-thumbnail","hentry","category-noticies","tag-3r-eso","tag-aprenentatge","tag-desenvolupament-personal-i-academic","tag-educacio","tag-ensenyament","tag-escola","tag-escola-molina","tag-experiencia"],"yoast_head":"<!-- This site is optimized with the Yoast SEO plugin v27.2 - https:\/\/yoast.com\/product\/yoast-seo-wordpress\/ -->\n<title>El terrissaire o la cultura de l&#039;esfor\u00e7 - Centros de ense\u00f1anza<\/title>\n<meta name=\"robots\" content=\"index, follow, max-snippet:-1, max-image-preview:large, max-video-preview:-1\" \/>\n<link rel=\"canonical\" href=\"https:\/\/centresmolina.com\/centreensenyament\/2018\/01\/27\/terrissaire-la-cultura-lesforc\/\" \/>\n<meta property=\"og:locale\" content=\"ca_ES\" \/>\n<meta property=\"og:type\" content=\"article\" \/>\n<meta property=\"og:title\" content=\"El terrissaire o la cultura de l&#039;esfor\u00e7 - Centros de ense\u00f1anza\" \/>\n<meta property=\"og:description\" content=\"Aprendre alguna cosa nova no \u00e9s f\u00e0cil, implica molt esfor\u00e7 i suposa cometre molts errors abans d&#8217;encertar. Mirem\u00a0aquest curtmetratge amb...\" \/>\n<meta property=\"og:url\" content=\"https:\/\/centresmolina.com\/centreensenyament\/2018\/01\/27\/terrissaire-la-cultura-lesforc\/\" \/>\n<meta property=\"og:site_name\" content=\"Centros de ense\u00f1anza\" \/>\n<meta property=\"article:published_time\" content=\"2018-01-27T09:51:33+00:00\" \/>\n<meta property=\"og:image\" content=\"https:\/\/centresmolina.com\/centreensenyament\/files\/2018\/01\/el-alfarero.jpg\" \/>\n\t<meta property=\"og:image:width\" content=\"564\" \/>\n\t<meta property=\"og:image:height\" content=\"410\" \/>\n\t<meta property=\"og:image:type\" content=\"image\/jpeg\" \/>\n<meta name=\"author\" content=\"webmolina\" \/>\n<meta name=\"twitter:label1\" content=\"Escrit per\" \/>\n\t<meta name=\"twitter:data1\" content=\"webmolina\" \/>\n<script type=\"application\/ld+json\" class=\"yoast-schema-graph\">{\"@context\":\"https:\/\/schema.org\",\"@graph\":[{\"@type\":\"Article\",\"@id\":\"https:\/\/centresmolina.com\/centreensenyament\/2018\/01\/27\/terrissaire-la-cultura-lesforc\/#article\",\"isPartOf\":{\"@id\":\"https:\/\/centresmolina.com\/centreensenyament\/2018\/01\/27\/terrissaire-la-cultura-lesforc\/\"},\"author\":{\"name\":\"webmolina\",\"@id\":\"https:\/\/centresmolina.com\/centreensenyament\/#\/schema\/person\/308d85d274adff04b5c51d47e8aff6cc\"},\"headline\":\"El terrissaire o la cultura de l&#8217;esfor\u00e7\",\"datePublished\":\"2018-01-27T09:51:33+00:00\",\"mainEntityOfPage\":{\"@id\":\"https:\/\/centresmolina.com\/centreensenyament\/2018\/01\/27\/terrissaire-la-cultura-lesforc\/\"},\"wordCount\":74,\"commentCount\":0,\"image\":{\"@id\":\"https:\/\/centresmolina.com\/centreensenyament\/2018\/01\/27\/terrissaire-la-cultura-lesforc\/#primaryimage\"},\"thumbnailUrl\":\"https:\/\/centresmolina.com\/centreensenyament\/files\/2018\/01\/el-alfarero.jpg\",\"keywords\":[\"3r ESO\",\"aprenentatge\",\"desenvolupament personal i acad\u00e8mic\",\"educaci\u00f3\",\"ensenyament\",\"Escola\",\"Escola Molina\",\"experi\u00e8ncia\"],\"articleSection\":[\"Not\u00edcies\"],\"inLanguage\":\"ca\",\"potentialAction\":[{\"@type\":\"CommentAction\",\"name\":\"Comment\",\"target\":[\"https:\/\/centresmolina.com\/centreensenyament\/2018\/01\/27\/terrissaire-la-cultura-lesforc\/#respond\"]}]},{\"@type\":\"WebPage\",\"@id\":\"https:\/\/centresmolina.com\/centreensenyament\/2018\/01\/27\/terrissaire-la-cultura-lesforc\/\",\"url\":\"https:\/\/centresmolina.com\/centreensenyament\/2018\/01\/27\/terrissaire-la-cultura-lesforc\/\",\"name\":\"El terrissaire o la cultura de l'esfor\u00e7 - Centros de ense\u00f1anza\",\"isPartOf\":{\"@id\":\"https:\/\/centresmolina.com\/centreensenyament\/#website\"},\"primaryImageOfPage\":{\"@id\":\"https:\/\/centresmolina.com\/centreensenyament\/2018\/01\/27\/terrissaire-la-cultura-lesforc\/#primaryimage\"},\"image\":{\"@id\":\"https:\/\/centresmolina.com\/centreensenyament\/2018\/01\/27\/terrissaire-la-cultura-lesforc\/#primaryimage\"},\"thumbnailUrl\":\"https:\/\/centresmolina.com\/centreensenyament\/files\/2018\/01\/el-alfarero.jpg\",\"datePublished\":\"2018-01-27T09:51:33+00:00\",\"author\":{\"@id\":\"https:\/\/centresmolina.com\/centreensenyament\/#\/schema\/person\/308d85d274adff04b5c51d47e8aff6cc\"},\"breadcrumb\":{\"@id\":\"https:\/\/centresmolina.com\/centreensenyament\/2018\/01\/27\/terrissaire-la-cultura-lesforc\/#breadcrumb\"},\"inLanguage\":\"ca\",\"potentialAction\":[{\"@type\":\"ReadAction\",\"target\":[\"https:\/\/centresmolina.com\/centreensenyament\/2018\/01\/27\/terrissaire-la-cultura-lesforc\/\"]}]},{\"@type\":\"ImageObject\",\"inLanguage\":\"ca\",\"@id\":\"https:\/\/centresmolina.com\/centreensenyament\/2018\/01\/27\/terrissaire-la-cultura-lesforc\/#primaryimage\",\"url\":\"https:\/\/centresmolina.com\/centreensenyament\/files\/2018\/01\/el-alfarero.jpg\",\"contentUrl\":\"https:\/\/centresmolina.com\/centreensenyament\/files\/2018\/01\/el-alfarero.jpg\",\"width\":564,\"height\":410},{\"@type\":\"BreadcrumbList\",\"@id\":\"https:\/\/centresmolina.com\/centreensenyament\/2018\/01\/27\/terrissaire-la-cultura-lesforc\/#breadcrumb\",\"itemListElement\":[{\"@type\":\"ListItem\",\"position\":1,\"name\":\"Portada\",\"item\":\"https:\/\/centresmolina.com\/centreensenyament\/\"},{\"@type\":\"ListItem\",\"position\":2,\"name\":\"El terrissaire o la cultura de l&#8217;esfor\u00e7\"}]},{\"@type\":\"WebSite\",\"@id\":\"https:\/\/centresmolina.com\/centreensenyament\/#website\",\"url\":\"https:\/\/centresmolina.com\/centreensenyament\/\",\"name\":\"Centros de ense\u00f1anza\",\"description\":\"Centres Molina - Centros de ense\u00f1anza\",\"potentialAction\":[{\"@type\":\"SearchAction\",\"target\":{\"@type\":\"EntryPoint\",\"urlTemplate\":\"https:\/\/centresmolina.com\/centreensenyament\/?s={search_term_string}\"},\"query-input\":{\"@type\":\"PropertyValueSpecification\",\"valueRequired\":true,\"valueName\":\"search_term_string\"}}],\"inLanguage\":\"ca\"},{\"@type\":\"Person\",\"@id\":\"https:\/\/centresmolina.com\/centreensenyament\/#\/schema\/person\/308d85d274adff04b5c51d47e8aff6cc\",\"name\":\"webmolina\",\"image\":{\"@type\":\"ImageObject\",\"inLanguage\":\"ca\",\"@id\":\"https:\/\/secure.gravatar.com\/avatar\/38db407e1ab9b284bf45e3bff4ec5cf1e034e364f09b2ee054619614662a717b?s=96&d=mm&r=g\",\"url\":\"https:\/\/secure.gravatar.com\/avatar\/38db407e1ab9b284bf45e3bff4ec5cf1e034e364f09b2ee054619614662a717b?s=96&d=mm&r=g\",\"contentUrl\":\"https:\/\/secure.gravatar.com\/avatar\/38db407e1ab9b284bf45e3bff4ec5cf1e034e364f09b2ee054619614662a717b?s=96&d=mm&r=g\",\"caption\":\"webmolina\"},\"url\":\"https:\/\/centresmolina.com\/centreensenyament\/author\/webmolina\/\"}]}<\/script>\n<!-- \/ Yoast SEO plugin. -->","yoast_head_json":{"title":"El terrissaire o la cultura de l'esfor\u00e7 - Centros de ense\u00f1anza","robots":{"index":"index","follow":"follow","max-snippet":"max-snippet:-1","max-image-preview":"max-image-preview:large","max-video-preview":"max-video-preview:-1"},"canonical":"https:\/\/centresmolina.com\/centreensenyament\/2018\/01\/27\/terrissaire-la-cultura-lesforc\/","og_locale":"ca_ES","og_type":"article","og_title":"El terrissaire o la cultura de l'esfor\u00e7 - Centros de ense\u00f1anza","og_description":"Aprendre alguna cosa nova no \u00e9s f\u00e0cil, implica molt esfor\u00e7 i suposa cometre molts errors abans d&#8217;encertar. Mirem\u00a0aquest curtmetratge amb...","og_url":"https:\/\/centresmolina.com\/centreensenyament\/2018\/01\/27\/terrissaire-la-cultura-lesforc\/","og_site_name":"Centros de ense\u00f1anza","article_published_time":"2018-01-27T09:51:33+00:00","og_image":[{"width":564,"height":410,"url":"https:\/\/centresmolina.com\/centreensenyament\/files\/2018\/01\/el-alfarero.jpg","type":"image\/jpeg"}],"author":"webmolina","twitter_misc":{"Escrit per":"webmolina"},"schema":{"@context":"https:\/\/schema.org","@graph":[{"@type":"Article","@id":"https:\/\/centresmolina.com\/centreensenyament\/2018\/01\/27\/terrissaire-la-cultura-lesforc\/#article","isPartOf":{"@id":"https:\/\/centresmolina.com\/centreensenyament\/2018\/01\/27\/terrissaire-la-cultura-lesforc\/"},"author":{"name":"webmolina","@id":"https:\/\/centresmolina.com\/centreensenyament\/#\/schema\/person\/308d85d274adff04b5c51d47e8aff6cc"},"headline":"El terrissaire o la cultura de l&#8217;esfor\u00e7","datePublished":"2018-01-27T09:51:33+00:00","mainEntityOfPage":{"@id":"https:\/\/centresmolina.com\/centreensenyament\/2018\/01\/27\/terrissaire-la-cultura-lesforc\/"},"wordCount":74,"commentCount":0,"image":{"@id":"https:\/\/centresmolina.com\/centreensenyament\/2018\/01\/27\/terrissaire-la-cultura-lesforc\/#primaryimage"},"thumbnailUrl":"https:\/\/centresmolina.com\/centreensenyament\/files\/2018\/01\/el-alfarero.jpg","keywords":["3r ESO","aprenentatge","desenvolupament personal i acad\u00e8mic","educaci\u00f3","ensenyament","Escola","Escola Molina","experi\u00e8ncia"],"articleSection":["Not\u00edcies"],"inLanguage":"ca","potentialAction":[{"@type":"CommentAction","name":"Comment","target":["https:\/\/centresmolina.com\/centreensenyament\/2018\/01\/27\/terrissaire-la-cultura-lesforc\/#respond"]}]},{"@type":"WebPage","@id":"https:\/\/centresmolina.com\/centreensenyament\/2018\/01\/27\/terrissaire-la-cultura-lesforc\/","url":"https:\/\/centresmolina.com\/centreensenyament\/2018\/01\/27\/terrissaire-la-cultura-lesforc\/","name":"El terrissaire o la cultura de l'esfor\u00e7 - Centros de ense\u00f1anza","isPartOf":{"@id":"https:\/\/centresmolina.com\/centreensenyament\/#website"},"primaryImageOfPage":{"@id":"https:\/\/centresmolina.com\/centreensenyament\/2018\/01\/27\/terrissaire-la-cultura-lesforc\/#primaryimage"},"image":{"@id":"https:\/\/centresmolina.com\/centreensenyament\/2018\/01\/27\/terrissaire-la-cultura-lesforc\/#primaryimage"},"thumbnailUrl":"https:\/\/centresmolina.com\/centreensenyament\/files\/2018\/01\/el-alfarero.jpg","datePublished":"2018-01-27T09:51:33+00:00","author":{"@id":"https:\/\/centresmolina.com\/centreensenyament\/#\/schema\/person\/308d85d274adff04b5c51d47e8aff6cc"},"breadcrumb":{"@id":"https:\/\/centresmolina.com\/centreensenyament\/2018\/01\/27\/terrissaire-la-cultura-lesforc\/#breadcrumb"},"inLanguage":"ca","potentialAction":[{"@type":"ReadAction","target":["https:\/\/centresmolina.com\/centreensenyament\/2018\/01\/27\/terrissaire-la-cultura-lesforc\/"]}]},{"@type":"ImageObject","inLanguage":"ca","@id":"https:\/\/centresmolina.com\/centreensenyament\/2018\/01\/27\/terrissaire-la-cultura-lesforc\/#primaryimage","url":"https:\/\/centresmolina.com\/centreensenyament\/files\/2018\/01\/el-alfarero.jpg","contentUrl":"https:\/\/centresmolina.com\/centreensenyament\/files\/2018\/01\/el-alfarero.jpg","width":564,"height":410},{"@type":"BreadcrumbList","@id":"https:\/\/centresmolina.com\/centreensenyament\/2018\/01\/27\/terrissaire-la-cultura-lesforc\/#breadcrumb","itemListElement":[{"@type":"ListItem","position":1,"name":"Portada","item":"https:\/\/centresmolina.com\/centreensenyament\/"},{"@type":"ListItem","position":2,"name":"El terrissaire o la cultura de l&#8217;esfor\u00e7"}]},{"@type":"WebSite","@id":"https:\/\/centresmolina.com\/centreensenyament\/#website","url":"https:\/\/centresmolina.com\/centreensenyament\/","name":"Centros de ense\u00f1anza","description":"Centres Molina - Centros de ense\u00f1anza","potentialAction":[{"@type":"SearchAction","target":{"@type":"EntryPoint","urlTemplate":"https:\/\/centresmolina.com\/centreensenyament\/?s={search_term_string}"},"query-input":{"@type":"PropertyValueSpecification","valueRequired":true,"valueName":"search_term_string"}}],"inLanguage":"ca"},{"@type":"Person","@id":"https:\/\/centresmolina.com\/centreensenyament\/#\/schema\/person\/308d85d274adff04b5c51d47e8aff6cc","name":"webmolina","image":{"@type":"ImageObject","inLanguage":"ca","@id":"https:\/\/secure.gravatar.com\/avatar\/38db407e1ab9b284bf45e3bff4ec5cf1e034e364f09b2ee054619614662a717b?s=96&d=mm&r=g","url":"https:\/\/secure.gravatar.com\/avatar\/38db407e1ab9b284bf45e3bff4ec5cf1e034e364f09b2ee054619614662a717b?s=96&d=mm&r=g","contentUrl":"https:\/\/secure.gravatar.com\/avatar\/38db407e1ab9b284bf45e3bff4ec5cf1e034e364f09b2ee054619614662a717b?s=96&d=mm&r=g","caption":"webmolina"},"url":"https:\/\/centresmolina.com\/centreensenyament\/author\/webmolina\/"}]}},"_links":{"self":[{"href":"https:\/\/centresmolina.com\/centreensenyament\/wp-json\/wp\/v2\/posts\/6790","targetHints":{"allow":["GET"]}}],"collection":[{"href":"https:\/\/centresmolina.com\/centreensenyament\/wp-json\/wp\/v2\/posts"}],"about":[{"href":"https:\/\/centresmolina.com\/centreensenyament\/wp-json\/wp\/v2\/types\/post"}],"author":[{"embeddable":true,"href":"https:\/\/centresmolina.com\/centreensenyament\/wp-json\/wp\/v2\/users\/3"}],"replies":[{"embeddable":true,"href":"https:\/\/centresmolina.com\/centreensenyament\/wp-json\/wp\/v2\/comments?post=6790"}],"version-history":[{"count":2,"href":"https:\/\/centresmolina.com\/centreensenyament\/wp-json\/wp\/v2\/posts\/6790\/revisions"}],"predecessor-version":[{"id":6795,"href":"https:\/\/centresmolina.com\/centreensenyament\/wp-json\/wp\/v2\/posts\/6790\/revisions\/6795"}],"wp:featuredmedia":[{"embeddable":true,"href":"https:\/\/centresmolina.com\/centreensenyament\/wp-json\/wp\/v2\/media\/6791"}],"wp:attachment":[{"href":"https:\/\/centresmolina.com\/centreensenyament\/wp-json\/wp\/v2\/media?parent=6790"}],"wp:term":[{"taxonomy":"category","embeddable":true,"href":"https:\/\/centresmolina.com\/centreensenyament\/wp-json\/wp\/v2\/categories?post=6790"},{"taxonomy":"post_tag","embeddable":true,"href":"https:\/\/centresmolina.com\/centreensenyament\/wp-json\/wp\/v2\/tags?post=6790"}],"curies":[{"name":"wp","href":"https:\/\/api.w.org\/{rel}","templated":true}]}}