{"id":6834,"date":"2018-01-23T17:10:31","date_gmt":"2018-01-23T17:10:31","guid":{"rendered":"http:\/\/centresmolina.com\/centreensenyament\/2018\/01\/23\/tornen-els-tallers-efec-avui-administrant-els-teus-diners\/"},"modified":"2018-01-27T17:19:09","modified_gmt":"2018-01-27T17:19:09","slug":"tornen-els-tallers-efec-avui-administrant-els-teus-diners","status":"publish","type":"post","link":"https:\/\/centresmolina.com\/centreensenyament\/2018\/01\/23\/tornen-els-tallers-efec-avui-administrant-els-teus-diners\/","title":{"rendered":"Tornen els tallers EFEC. Avui:  &#8220;Administrant els teus diners&#8221;"},"content":{"rendered":"<p>Expectants, atents i participatius. Aix\u00ed ha rebut el nostre alumnat de 4rt d&#8217;ESO aquest primer taller d&#8217;educaci\u00f3 financera, impartit per un dels voluntaris expert en finances.<\/p>\n<p>L\u2019\u00fas dels diners afecta a totes les persones i comen\u00e7a a tenir molta import\u00e0ncia des de l&#8217;adolesc\u00e8ncia, de manera que l&#8217;habilitat per gestionar els diners responsablement \u00e9s molt important des de que s&#8217;est\u00e0 finalitzant l&#8217;ensenyament escolar. Les pagues dels pares, regals, petits treballs &#8230; han de ser suficients per cobrir les despeses. Aquesta sessi\u00f3 cobreix els principis b\u00e0sics per fer pressupostos, incloent les formes sobre com planificar, vigilar i controlar la despesa personal. El taller, per tant, introdueix l&#8217;alumne a les finances personals del dia a dia.<\/p>\n\n\t\t<style type=\"text\/css\">\n\t\t\t#gallery-1 {\n\t\t\t\tmargin: auto;\n\t\t\t}\n\t\t\t#gallery-1 .gallery-item {\n\t\t\t\tfloat: left;\n\t\t\t\tmargin-top: 10px;\n\t\t\t\ttext-align: center;\n\t\t\t\twidth: 33%;\n\t\t\t}\n\t\t\t#gallery-1 img {\n\t\t\t\tborder: 2px solid #cfcfcf;\n\t\t\t}\n\t\t\t#gallery-1 .gallery-caption {\n\t\t\t\tmargin-left: 0;\n\t\t\t}\n\t\t\t\/* see gallery_shortcode() in wp-includes\/media.php *\/\n\t\t<\/style>\n\t\t<div id='gallery-1' class='gallery galleryid-6834 gallery-columns-3 gallery-size-full'><dl class='gallery-item'>\n\t\t\t<dt class='gallery-icon landscape'>\n\t\t\t\t<a href='https:\/\/centresmolina.com\/centreensenyament\/files\/2018\/01\/Administrant-els-teus-diners-1.jpg'><img loading=\"lazy\" decoding=\"async\" width=\"1280\" height=\"960\" src=\"https:\/\/centresmolina.com\/centreensenyament\/files\/2018\/01\/Administrant-els-teus-diners-1.jpg\" class=\"attachment-full size-full\" alt=\"\" srcset=\"https:\/\/centresmolina.com\/centreensenyament\/files\/2018\/01\/Administrant-els-teus-diners-1.jpg 1280w, https:\/\/centresmolina.com\/centreensenyament\/files\/2018\/01\/Administrant-els-teus-diners-1-300x225.jpg 300w, https:\/\/centresmolina.com\/centreensenyament\/files\/2018\/01\/Administrant-els-teus-diners-1-768x576.jpg 768w, https:\/\/centresmolina.com\/centreensenyament\/files\/2018\/01\/Administrant-els-teus-diners-1-1024x768.jpg 1024w\" sizes=\"auto, (max-width: 1280px) 100vw, 1280px\" \/><\/a>\n\t\t\t<\/dt><\/dl><dl class='gallery-item'>\n\t\t\t<dt class='gallery-icon landscape'>\n\t\t\t\t<a href='https:\/\/centresmolina.com\/centreensenyament\/files\/2018\/01\/Administrant-els-teus-diners-2.jpg'><img loading=\"lazy\" decoding=\"async\" width=\"1280\" height=\"960\" src=\"https:\/\/centresmolina.com\/centreensenyament\/files\/2018\/01\/Administrant-els-teus-diners-2.jpg\" class=\"attachment-full size-full\" alt=\"\" srcset=\"https:\/\/centresmolina.com\/centreensenyament\/files\/2018\/01\/Administrant-els-teus-diners-2.jpg 1280w, https:\/\/centresmolina.com\/centreensenyament\/files\/2018\/01\/Administrant-els-teus-diners-2-300x225.jpg 300w, https:\/\/centresmolina.com\/centreensenyament\/files\/2018\/01\/Administrant-els-teus-diners-2-768x576.jpg 768w, https:\/\/centresmolina.com\/centreensenyament\/files\/2018\/01\/Administrant-els-teus-diners-2-1024x768.jpg 1024w\" sizes=\"auto, (max-width: 1280px) 100vw, 1280px\" \/><\/a>\n\t\t\t<\/dt><\/dl><dl class='gallery-item'>\n\t\t\t<dt class='gallery-icon landscape'>\n\t\t\t\t<a href='https:\/\/centresmolina.com\/centreensenyament\/files\/2018\/01\/Administrant-els-teus-diners-3.jpg'><img loading=\"lazy\" decoding=\"async\" width=\"1280\" height=\"960\" src=\"https:\/\/centresmolina.com\/centreensenyament\/files\/2018\/01\/Administrant-els-teus-diners-3.jpg\" class=\"attachment-full size-full\" alt=\"\" srcset=\"https:\/\/centresmolina.com\/centreensenyament\/files\/2018\/01\/Administrant-els-teus-diners-3.jpg 1280w, https:\/\/centresmolina.com\/centreensenyament\/files\/2018\/01\/Administrant-els-teus-diners-3-300x225.jpg 300w, https:\/\/centresmolina.com\/centreensenyament\/files\/2018\/01\/Administrant-els-teus-diners-3-768x576.jpg 768w, https:\/\/centresmolina.com\/centreensenyament\/files\/2018\/01\/Administrant-els-teus-diners-3-1024x768.jpg 1024w\" sizes=\"auto, (max-width: 1280px) 100vw, 1280px\" \/><\/a>\n\t\t\t<\/dt><\/dl><br style=\"clear: both\" \/><dl class='gallery-item'>\n\t\t\t<dt class='gallery-icon landscape'>\n\t\t\t\t<a href='https:\/\/centresmolina.com\/centreensenyament\/files\/2018\/01\/Administrant-els-teus-diners-4.jpg'><img loading=\"lazy\" decoding=\"async\" width=\"1280\" height=\"960\" src=\"https:\/\/centresmolina.com\/centreensenyament\/files\/2018\/01\/Administrant-els-teus-diners-4.jpg\" class=\"attachment-full size-full\" alt=\"\" srcset=\"https:\/\/centresmolina.com\/centreensenyament\/files\/2018\/01\/Administrant-els-teus-diners-4.jpg 1280w, https:\/\/centresmolina.com\/centreensenyament\/files\/2018\/01\/Administrant-els-teus-diners-4-300x225.jpg 300w, https:\/\/centresmolina.com\/centreensenyament\/files\/2018\/01\/Administrant-els-teus-diners-4-768x576.jpg 768w, https:\/\/centresmolina.com\/centreensenyament\/files\/2018\/01\/Administrant-els-teus-diners-4-1024x768.jpg 1024w\" sizes=\"auto, (max-width: 1280px) 100vw, 1280px\" \/><\/a>\n\t\t\t<\/dt><\/dl><dl class='gallery-item'>\n\t\t\t<dt class='gallery-icon landscape'>\n\t\t\t\t<a href='https:\/\/centresmolina.com\/centreensenyament\/files\/2018\/01\/Administrant-els-teus-diners-5.jpg'><img loading=\"lazy\" decoding=\"async\" width=\"1280\" height=\"960\" src=\"https:\/\/centresmolina.com\/centreensenyament\/files\/2018\/01\/Administrant-els-teus-diners-5.jpg\" class=\"attachment-full size-full\" alt=\"\" srcset=\"https:\/\/centresmolina.com\/centreensenyament\/files\/2018\/01\/Administrant-els-teus-diners-5.jpg 1280w, https:\/\/centresmolina.com\/centreensenyament\/files\/2018\/01\/Administrant-els-teus-diners-5-300x225.jpg 300w, https:\/\/centresmolina.com\/centreensenyament\/files\/2018\/01\/Administrant-els-teus-diners-5-768x576.jpg 768w, https:\/\/centresmolina.com\/centreensenyament\/files\/2018\/01\/Administrant-els-teus-diners-5-1024x768.jpg 1024w\" sizes=\"auto, (max-width: 1280px) 100vw, 1280px\" \/><\/a>\n\t\t\t<\/dt><\/dl><dl class='gallery-item'>\n\t\t\t<dt class='gallery-icon landscape'>\n\t\t\t\t<a href='https:\/\/centresmolina.com\/centreensenyament\/files\/2018\/01\/Administrant-els-teus-diners-6.jpg'><img loading=\"lazy\" decoding=\"async\" width=\"1280\" height=\"960\" src=\"https:\/\/centresmolina.com\/centreensenyament\/files\/2018\/01\/Administrant-els-teus-diners-6.jpg\" class=\"attachment-full size-full\" alt=\"\" srcset=\"https:\/\/centresmolina.com\/centreensenyament\/files\/2018\/01\/Administrant-els-teus-diners-6.jpg 1280w, https:\/\/centresmolina.com\/centreensenyament\/files\/2018\/01\/Administrant-els-teus-diners-6-300x225.jpg 300w, https:\/\/centresmolina.com\/centreensenyament\/files\/2018\/01\/Administrant-els-teus-diners-6-768x576.jpg 768w, https:\/\/centresmolina.com\/centreensenyament\/files\/2018\/01\/Administrant-els-teus-diners-6-1024x768.jpg 1024w\" sizes=\"auto, (max-width: 1280px) 100vw, 1280px\" \/><\/a>\n\t\t\t<\/dt><\/dl><br style=\"clear: both\" \/><dl class='gallery-item'>\n\t\t\t<dt class='gallery-icon landscape'>\n\t\t\t\t<a href='https:\/\/centresmolina.com\/centreensenyament\/files\/2018\/01\/Administrant-els-teus-diners-7.jpg'><img loading=\"lazy\" decoding=\"async\" width=\"1280\" height=\"960\" src=\"https:\/\/centresmolina.com\/centreensenyament\/files\/2018\/01\/Administrant-els-teus-diners-7.jpg\" class=\"attachment-full size-full\" alt=\"\" srcset=\"https:\/\/centresmolina.com\/centreensenyament\/files\/2018\/01\/Administrant-els-teus-diners-7.jpg 1280w, https:\/\/centresmolina.com\/centreensenyament\/files\/2018\/01\/Administrant-els-teus-diners-7-300x225.jpg 300w, https:\/\/centresmolina.com\/centreensenyament\/files\/2018\/01\/Administrant-els-teus-diners-7-768x576.jpg 768w, https:\/\/centresmolina.com\/centreensenyament\/files\/2018\/01\/Administrant-els-teus-diners-7-1024x768.jpg 1024w\" sizes=\"auto, (max-width: 1280px) 100vw, 1280px\" \/><\/a>\n\t\t\t<\/dt><\/dl><dl class='gallery-item'>\n\t\t\t<dt class='gallery-icon landscape'>\n\t\t\t\t<a href='https:\/\/centresmolina.com\/centreensenyament\/files\/2018\/01\/Administrant-els-teus-diners-8.jpg'><img loading=\"lazy\" decoding=\"async\" width=\"1280\" height=\"960\" src=\"https:\/\/centresmolina.com\/centreensenyament\/files\/2018\/01\/Administrant-els-teus-diners-8.jpg\" class=\"attachment-full size-full\" alt=\"\" srcset=\"https:\/\/centresmolina.com\/centreensenyament\/files\/2018\/01\/Administrant-els-teus-diners-8.jpg 1280w, https:\/\/centresmolina.com\/centreensenyament\/files\/2018\/01\/Administrant-els-teus-diners-8-300x225.jpg 300w, https:\/\/centresmolina.com\/centreensenyament\/files\/2018\/01\/Administrant-els-teus-diners-8-768x576.jpg 768w, https:\/\/centresmolina.com\/centreensenyament\/files\/2018\/01\/Administrant-els-teus-diners-8-1024x768.jpg 1024w\" sizes=\"auto, (max-width: 1280px) 100vw, 1280px\" \/><\/a>\n\t\t\t<\/dt><\/dl><dl class='gallery-item'>\n\t\t\t<dt class='gallery-icon landscape'>\n\t\t\t\t<a href='https:\/\/centresmolina.com\/centreensenyament\/files\/2018\/01\/Administrant-els-teus-diners-9.jpg'><img loading=\"lazy\" decoding=\"async\" width=\"1280\" height=\"960\" src=\"https:\/\/centresmolina.com\/centreensenyament\/files\/2018\/01\/Administrant-els-teus-diners-9.jpg\" class=\"attachment-full size-full\" alt=\"\" srcset=\"https:\/\/centresmolina.com\/centreensenyament\/files\/2018\/01\/Administrant-els-teus-diners-9.jpg 1280w, https:\/\/centresmolina.com\/centreensenyament\/files\/2018\/01\/Administrant-els-teus-diners-9-300x225.jpg 300w, https:\/\/centresmolina.com\/centreensenyament\/files\/2018\/01\/Administrant-els-teus-diners-9-768x576.jpg 768w, https:\/\/centresmolina.com\/centreensenyament\/files\/2018\/01\/Administrant-els-teus-diners-9-1024x768.jpg 1024w\" sizes=\"auto, (max-width: 1280px) 100vw, 1280px\" \/><\/a>\n\t\t\t<\/dt><\/dl><br style=\"clear: both\" \/><dl class='gallery-item'>\n\t\t\t<dt class='gallery-icon landscape'>\n\t\t\t\t<a href='https:\/\/centresmolina.com\/centreensenyament\/files\/2018\/01\/Administrant-els-teus-diners-10.jpg'><img loading=\"lazy\" decoding=\"async\" width=\"1280\" height=\"960\" src=\"https:\/\/centresmolina.com\/centreensenyament\/files\/2018\/01\/Administrant-els-teus-diners-10.jpg\" class=\"attachment-full size-full\" alt=\"\" srcset=\"https:\/\/centresmolina.com\/centreensenyament\/files\/2018\/01\/Administrant-els-teus-diners-10.jpg 1280w, https:\/\/centresmolina.com\/centreensenyament\/files\/2018\/01\/Administrant-els-teus-diners-10-300x225.jpg 300w, https:\/\/centresmolina.com\/centreensenyament\/files\/2018\/01\/Administrant-els-teus-diners-10-768x576.jpg 768w, https:\/\/centresmolina.com\/centreensenyament\/files\/2018\/01\/Administrant-els-teus-diners-10-1024x768.jpg 1024w\" sizes=\"auto, (max-width: 1280px) 100vw, 1280px\" \/><\/a>\n\t\t\t<\/dt><\/dl><dl class='gallery-item'>\n\t\t\t<dt class='gallery-icon landscape'>\n\t\t\t\t<a href='https:\/\/centresmolina.com\/centreensenyament\/files\/2018\/01\/Administrant-els-teus-diners-12.jpg'><img loading=\"lazy\" decoding=\"async\" width=\"1280\" height=\"960\" src=\"https:\/\/centresmolina.com\/centreensenyament\/files\/2018\/01\/Administrant-els-teus-diners-12.jpg\" class=\"attachment-full size-full\" alt=\"\" srcset=\"https:\/\/centresmolina.com\/centreensenyament\/files\/2018\/01\/Administrant-els-teus-diners-12.jpg 1280w, https:\/\/centresmolina.com\/centreensenyament\/files\/2018\/01\/Administrant-els-teus-diners-12-300x225.jpg 300w, https:\/\/centresmolina.com\/centreensenyament\/files\/2018\/01\/Administrant-els-teus-diners-12-768x576.jpg 768w, https:\/\/centresmolina.com\/centreensenyament\/files\/2018\/01\/Administrant-els-teus-diners-12-1024x768.jpg 1024w\" sizes=\"auto, (max-width: 1280px) 100vw, 1280px\" \/><\/a>\n\t\t\t<\/dt><\/dl>\n\t\t\t<br style='clear: both' \/>\n\t\t<\/div>\n\n<p>El taller &#8220;Administrant els teus diners&#8221; inclou:<\/p>\n<p>\u2022 Una petita explicaci\u00f3, amb exemples, sobre la import\u00e0ncia d&#8217;una bona administraci\u00f3 de les finances personals.<\/p>\n<p>\u2022 Una descripci\u00f3 de qu\u00e8 s\u00f3n els ingressos.<\/p>\n<p>\u2022 Una descripci\u00f3 de qu\u00e8 s\u00f3n les despeses, i una classificaci\u00f3 de les mateixes en fixes obligat\u00f2ries, variables necess\u00e0ries i discrecionals.<\/p>\n<p>\u2022 L&#8217;activitat central \u00e9s la realitzaci\u00f3 del pressupost personal de la Laura, una noia de 18 anys que acaba de finalitzar un cicle formatiu de grau mitj\u00e0 en mec\u00e0nica i comen\u00e7a una nova feina.<\/p>\n<p>\u2022 L&#8217;estalvi i el d\u00e8ficit, explicaci\u00f3 de tots dos juntament amb les seves virtuts i defectes.<\/p>\n<p>\u2022 Fons d&#8217;emerg\u00e8ncia, definici\u00f3, utilitat i recomanacions.<\/p>\n<p>El taller \u201cadministrar els teus diners\u201d gira entorn a la realitzaci\u00f3 d\u2019un exercici sobre la creaci\u00f3 d\u2019un pressupost utilitzant una eina del web d\u2019educaci\u00f3 financera: <a href=\"http:\/\/www.finanzasparatodos.es\/\" target=\"_blank\" rel=\"noopener noreferrer\">www.finanzasparatodos.es<\/a><\/p>\n","protected":false},"excerpt":{"rendered":"<p>Expectants, atents i participatius. Aix\u00ed ha rebut el nostre alumnat de 4rt d&#8217;ESO aquest primer taller d&#8217;educaci\u00f3 financera, impartit per&#8230;<\/p>\n","protected":false},"author":3,"featured_media":6832,"comment_status":"open","ping_status":"open","sticky":false,"template":"","format":"standard","meta":{"footnotes":""},"categories":[5],"tags":[107,38,58,45,47,124,17,43,19,24,46,44,120],"class_list":["post-6834","post","type-post","status-publish","format-standard","has-post-thumbnail","hentry","category-noticies","tag-3r-eso","tag-4t-eso","tag-desenvolupament-personal-i-academic","tag-educacio","tag-educacio-secundaria-obligatoria","tag-efec","tag-emprenedoria","tag-escola","tag-escola-molina","tag-eso","tag-formacio","tag-molina","tag-taller"],"yoast_head":"<!-- This site is optimized with the Yoast SEO plugin v27.2 - https:\/\/yoast.com\/product\/yoast-seo-wordpress\/ -->\n<title>Tornen els tallers EFEC. Avui: &quot;Administrant els teus diners&quot; - Centros de ense\u00f1anza<\/title>\n<meta name=\"robots\" content=\"index, follow, max-snippet:-1, max-image-preview:large, max-video-preview:-1\" \/>\n<link rel=\"canonical\" href=\"https:\/\/centresmolina.com\/centreensenyament\/2018\/01\/23\/tornen-els-tallers-efec-avui-administrant-els-teus-diners\/\" \/>\n<meta property=\"og:locale\" content=\"ca_ES\" \/>\n<meta property=\"og:type\" content=\"article\" \/>\n<meta property=\"og:title\" content=\"Tornen els tallers EFEC. Avui: &quot;Administrant els teus diners&quot; - Centros de ense\u00f1anza\" \/>\n<meta property=\"og:description\" content=\"Expectants, atents i participatius. Aix\u00ed ha rebut el nostre alumnat de 4rt d&#8217;ESO aquest primer taller d&#8217;educaci\u00f3 financera, impartit per...\" \/>\n<meta property=\"og:url\" content=\"https:\/\/centresmolina.com\/centreensenyament\/2018\/01\/23\/tornen-els-tallers-efec-avui-administrant-els-teus-diners\/\" \/>\n<meta property=\"og:site_name\" content=\"Centros de ense\u00f1anza\" \/>\n<meta property=\"article:published_time\" content=\"2018-01-23T17:10:31+00:00\" \/>\n<meta property=\"article:modified_time\" content=\"2018-01-27T17:19:09+00:00\" \/>\n<meta property=\"og:image\" content=\"https:\/\/centresmolina.com\/centreensenyament\/files\/2018\/01\/efec-201415-1-638.jpg\" \/>\n\t<meta property=\"og:image:width\" content=\"638\" \/>\n\t<meta property=\"og:image:height\" content=\"673\" \/>\n\t<meta property=\"og:image:type\" content=\"image\/jpeg\" \/>\n<meta name=\"author\" content=\"webmolina\" \/>\n<meta name=\"twitter:label1\" content=\"Escrit per\" \/>\n\t<meta name=\"twitter:data1\" content=\"webmolina\" \/>\n\t<meta name=\"twitter:label2\" content=\"Temps estimat de lectura\" \/>\n\t<meta name=\"twitter:data2\" content=\"1 minut\" \/>\n<script type=\"application\/ld+json\" class=\"yoast-schema-graph\">{\"@context\":\"https:\/\/schema.org\",\"@graph\":[{\"@type\":\"Article\",\"@id\":\"https:\/\/centresmolina.com\/centreensenyament\/2018\/01\/23\/tornen-els-tallers-efec-avui-administrant-els-teus-diners\/#article\",\"isPartOf\":{\"@id\":\"https:\/\/centresmolina.com\/centreensenyament\/2018\/01\/23\/tornen-els-tallers-efec-avui-administrant-els-teus-diners\/\"},\"author\":{\"name\":\"webmolina\",\"@id\":\"https:\/\/centresmolina.com\/centreensenyament\/#\/schema\/person\/308d85d274adff04b5c51d47e8aff6cc\"},\"headline\":\"Tornen els tallers EFEC. Avui: &#8220;Administrant els teus diners&#8221;\",\"datePublished\":\"2018-01-23T17:10:31+00:00\",\"dateModified\":\"2018-01-27T17:19:09+00:00\",\"mainEntityOfPage\":{\"@id\":\"https:\/\/centresmolina.com\/centreensenyament\/2018\/01\/23\/tornen-els-tallers-efec-avui-administrant-els-teus-diners\/\"},\"wordCount\":274,\"commentCount\":0,\"image\":{\"@id\":\"https:\/\/centresmolina.com\/centreensenyament\/2018\/01\/23\/tornen-els-tallers-efec-avui-administrant-els-teus-diners\/#primaryimage\"},\"thumbnailUrl\":\"https:\/\/centresmolina.com\/centreensenyament\/files\/2018\/01\/efec-201415-1-638.jpg\",\"keywords\":[\"3r ESO\",\"4t ESO\",\"desenvolupament personal i acad\u00e8mic\",\"educaci\u00f3\",\"educaci\u00f3 secund\u00e0ria obligat\u00f2ria\",\"EFEC\",\"Emprenedoria\",\"Escola\",\"Escola Molina\",\"ESO\",\"formaci\u00f3\",\"Molina\",\"taller\"],\"articleSection\":[\"Not\u00edcies\"],\"inLanguage\":\"ca\",\"potentialAction\":[{\"@type\":\"CommentAction\",\"name\":\"Comment\",\"target\":[\"https:\/\/centresmolina.com\/centreensenyament\/2018\/01\/23\/tornen-els-tallers-efec-avui-administrant-els-teus-diners\/#respond\"]}]},{\"@type\":\"WebPage\",\"@id\":\"https:\/\/centresmolina.com\/centreensenyament\/2018\/01\/23\/tornen-els-tallers-efec-avui-administrant-els-teus-diners\/\",\"url\":\"https:\/\/centresmolina.com\/centreensenyament\/2018\/01\/23\/tornen-els-tallers-efec-avui-administrant-els-teus-diners\/\",\"name\":\"Tornen els tallers EFEC. Avui: \\\"Administrant els teus diners\\\" - Centros de ense\u00f1anza\",\"isPartOf\":{\"@id\":\"https:\/\/centresmolina.com\/centreensenyament\/#website\"},\"primaryImageOfPage\":{\"@id\":\"https:\/\/centresmolina.com\/centreensenyament\/2018\/01\/23\/tornen-els-tallers-efec-avui-administrant-els-teus-diners\/#primaryimage\"},\"image\":{\"@id\":\"https:\/\/centresmolina.com\/centreensenyament\/2018\/01\/23\/tornen-els-tallers-efec-avui-administrant-els-teus-diners\/#primaryimage\"},\"thumbnailUrl\":\"https:\/\/centresmolina.com\/centreensenyament\/files\/2018\/01\/efec-201415-1-638.jpg\",\"datePublished\":\"2018-01-23T17:10:31+00:00\",\"dateModified\":\"2018-01-27T17:19:09+00:00\",\"author\":{\"@id\":\"https:\/\/centresmolina.com\/centreensenyament\/#\/schema\/person\/308d85d274adff04b5c51d47e8aff6cc\"},\"breadcrumb\":{\"@id\":\"https:\/\/centresmolina.com\/centreensenyament\/2018\/01\/23\/tornen-els-tallers-efec-avui-administrant-els-teus-diners\/#breadcrumb\"},\"inLanguage\":\"ca\",\"potentialAction\":[{\"@type\":\"ReadAction\",\"target\":[\"https:\/\/centresmolina.com\/centreensenyament\/2018\/01\/23\/tornen-els-tallers-efec-avui-administrant-els-teus-diners\/\"]}]},{\"@type\":\"ImageObject\",\"inLanguage\":\"ca\",\"@id\":\"https:\/\/centresmolina.com\/centreensenyament\/2018\/01\/23\/tornen-els-tallers-efec-avui-administrant-els-teus-diners\/#primaryimage\",\"url\":\"https:\/\/centresmolina.com\/centreensenyament\/files\/2018\/01\/efec-201415-1-638.jpg\",\"contentUrl\":\"https:\/\/centresmolina.com\/centreensenyament\/files\/2018\/01\/efec-201415-1-638.jpg\",\"width\":638,\"height\":673},{\"@type\":\"BreadcrumbList\",\"@id\":\"https:\/\/centresmolina.com\/centreensenyament\/2018\/01\/23\/tornen-els-tallers-efec-avui-administrant-els-teus-diners\/#breadcrumb\",\"itemListElement\":[{\"@type\":\"ListItem\",\"position\":1,\"name\":\"Portada\",\"item\":\"https:\/\/centresmolina.com\/centreensenyament\/\"},{\"@type\":\"ListItem\",\"position\":2,\"name\":\"Tornen els tallers EFEC. Avui: &#8220;Administrant els teus diners&#8221;\"}]},{\"@type\":\"WebSite\",\"@id\":\"https:\/\/centresmolina.com\/centreensenyament\/#website\",\"url\":\"https:\/\/centresmolina.com\/centreensenyament\/\",\"name\":\"Centros de ense\u00f1anza\",\"description\":\"Centres Molina - Centros de ense\u00f1anza\",\"potentialAction\":[{\"@type\":\"SearchAction\",\"target\":{\"@type\":\"EntryPoint\",\"urlTemplate\":\"https:\/\/centresmolina.com\/centreensenyament\/?s={search_term_string}\"},\"query-input\":{\"@type\":\"PropertyValueSpecification\",\"valueRequired\":true,\"valueName\":\"search_term_string\"}}],\"inLanguage\":\"ca\"},{\"@type\":\"Person\",\"@id\":\"https:\/\/centresmolina.com\/centreensenyament\/#\/schema\/person\/308d85d274adff04b5c51d47e8aff6cc\",\"name\":\"webmolina\",\"image\":{\"@type\":\"ImageObject\",\"inLanguage\":\"ca\",\"@id\":\"https:\/\/secure.gravatar.com\/avatar\/38db407e1ab9b284bf45e3bff4ec5cf1e034e364f09b2ee054619614662a717b?s=96&d=mm&r=g\",\"url\":\"https:\/\/secure.gravatar.com\/avatar\/38db407e1ab9b284bf45e3bff4ec5cf1e034e364f09b2ee054619614662a717b?s=96&d=mm&r=g\",\"contentUrl\":\"https:\/\/secure.gravatar.com\/avatar\/38db407e1ab9b284bf45e3bff4ec5cf1e034e364f09b2ee054619614662a717b?s=96&d=mm&r=g\",\"caption\":\"webmolina\"},\"url\":\"https:\/\/centresmolina.com\/centreensenyament\/author\/webmolina\/\"}]}<\/script>\n<!-- \/ Yoast SEO plugin. -->","yoast_head_json":{"title":"Tornen els tallers EFEC. Avui: \"Administrant els teus diners\" - Centros de ense\u00f1anza","robots":{"index":"index","follow":"follow","max-snippet":"max-snippet:-1","max-image-preview":"max-image-preview:large","max-video-preview":"max-video-preview:-1"},"canonical":"https:\/\/centresmolina.com\/centreensenyament\/2018\/01\/23\/tornen-els-tallers-efec-avui-administrant-els-teus-diners\/","og_locale":"ca_ES","og_type":"article","og_title":"Tornen els tallers EFEC. Avui: \"Administrant els teus diners\" - Centros de ense\u00f1anza","og_description":"Expectants, atents i participatius. Aix\u00ed ha rebut el nostre alumnat de 4rt d&#8217;ESO aquest primer taller d&#8217;educaci\u00f3 financera, impartit per...","og_url":"https:\/\/centresmolina.com\/centreensenyament\/2018\/01\/23\/tornen-els-tallers-efec-avui-administrant-els-teus-diners\/","og_site_name":"Centros de ense\u00f1anza","article_published_time":"2018-01-23T17:10:31+00:00","article_modified_time":"2018-01-27T17:19:09+00:00","og_image":[{"width":638,"height":673,"url":"https:\/\/centresmolina.com\/centreensenyament\/files\/2018\/01\/efec-201415-1-638.jpg","type":"image\/jpeg"}],"author":"webmolina","twitter_misc":{"Escrit per":"webmolina","Temps estimat de lectura":"1 minut"},"schema":{"@context":"https:\/\/schema.org","@graph":[{"@type":"Article","@id":"https:\/\/centresmolina.com\/centreensenyament\/2018\/01\/23\/tornen-els-tallers-efec-avui-administrant-els-teus-diners\/#article","isPartOf":{"@id":"https:\/\/centresmolina.com\/centreensenyament\/2018\/01\/23\/tornen-els-tallers-efec-avui-administrant-els-teus-diners\/"},"author":{"name":"webmolina","@id":"https:\/\/centresmolina.com\/centreensenyament\/#\/schema\/person\/308d85d274adff04b5c51d47e8aff6cc"},"headline":"Tornen els tallers EFEC. Avui: &#8220;Administrant els teus diners&#8221;","datePublished":"2018-01-23T17:10:31+00:00","dateModified":"2018-01-27T17:19:09+00:00","mainEntityOfPage":{"@id":"https:\/\/centresmolina.com\/centreensenyament\/2018\/01\/23\/tornen-els-tallers-efec-avui-administrant-els-teus-diners\/"},"wordCount":274,"commentCount":0,"image":{"@id":"https:\/\/centresmolina.com\/centreensenyament\/2018\/01\/23\/tornen-els-tallers-efec-avui-administrant-els-teus-diners\/#primaryimage"},"thumbnailUrl":"https:\/\/centresmolina.com\/centreensenyament\/files\/2018\/01\/efec-201415-1-638.jpg","keywords":["3r ESO","4t ESO","desenvolupament personal i acad\u00e8mic","educaci\u00f3","educaci\u00f3 secund\u00e0ria obligat\u00f2ria","EFEC","Emprenedoria","Escola","Escola Molina","ESO","formaci\u00f3","Molina","taller"],"articleSection":["Not\u00edcies"],"inLanguage":"ca","potentialAction":[{"@type":"CommentAction","name":"Comment","target":["https:\/\/centresmolina.com\/centreensenyament\/2018\/01\/23\/tornen-els-tallers-efec-avui-administrant-els-teus-diners\/#respond"]}]},{"@type":"WebPage","@id":"https:\/\/centresmolina.com\/centreensenyament\/2018\/01\/23\/tornen-els-tallers-efec-avui-administrant-els-teus-diners\/","url":"https:\/\/centresmolina.com\/centreensenyament\/2018\/01\/23\/tornen-els-tallers-efec-avui-administrant-els-teus-diners\/","name":"Tornen els tallers EFEC. Avui: \"Administrant els teus diners\" - Centros de ense\u00f1anza","isPartOf":{"@id":"https:\/\/centresmolina.com\/centreensenyament\/#website"},"primaryImageOfPage":{"@id":"https:\/\/centresmolina.com\/centreensenyament\/2018\/01\/23\/tornen-els-tallers-efec-avui-administrant-els-teus-diners\/#primaryimage"},"image":{"@id":"https:\/\/centresmolina.com\/centreensenyament\/2018\/01\/23\/tornen-els-tallers-efec-avui-administrant-els-teus-diners\/#primaryimage"},"thumbnailUrl":"https:\/\/centresmolina.com\/centreensenyament\/files\/2018\/01\/efec-201415-1-638.jpg","datePublished":"2018-01-23T17:10:31+00:00","dateModified":"2018-01-27T17:19:09+00:00","author":{"@id":"https:\/\/centresmolina.com\/centreensenyament\/#\/schema\/person\/308d85d274adff04b5c51d47e8aff6cc"},"breadcrumb":{"@id":"https:\/\/centresmolina.com\/centreensenyament\/2018\/01\/23\/tornen-els-tallers-efec-avui-administrant-els-teus-diners\/#breadcrumb"},"inLanguage":"ca","potentialAction":[{"@type":"ReadAction","target":["https:\/\/centresmolina.com\/centreensenyament\/2018\/01\/23\/tornen-els-tallers-efec-avui-administrant-els-teus-diners\/"]}]},{"@type":"ImageObject","inLanguage":"ca","@id":"https:\/\/centresmolina.com\/centreensenyament\/2018\/01\/23\/tornen-els-tallers-efec-avui-administrant-els-teus-diners\/#primaryimage","url":"https:\/\/centresmolina.com\/centreensenyament\/files\/2018\/01\/efec-201415-1-638.jpg","contentUrl":"https:\/\/centresmolina.com\/centreensenyament\/files\/2018\/01\/efec-201415-1-638.jpg","width":638,"height":673},{"@type":"BreadcrumbList","@id":"https:\/\/centresmolina.com\/centreensenyament\/2018\/01\/23\/tornen-els-tallers-efec-avui-administrant-els-teus-diners\/#breadcrumb","itemListElement":[{"@type":"ListItem","position":1,"name":"Portada","item":"https:\/\/centresmolina.com\/centreensenyament\/"},{"@type":"ListItem","position":2,"name":"Tornen els tallers EFEC. Avui: &#8220;Administrant els teus diners&#8221;"}]},{"@type":"WebSite","@id":"https:\/\/centresmolina.com\/centreensenyament\/#website","url":"https:\/\/centresmolina.com\/centreensenyament\/","name":"Centros de ense\u00f1anza","description":"Centres Molina - Centros de ense\u00f1anza","potentialAction":[{"@type":"SearchAction","target":{"@type":"EntryPoint","urlTemplate":"https:\/\/centresmolina.com\/centreensenyament\/?s={search_term_string}"},"query-input":{"@type":"PropertyValueSpecification","valueRequired":true,"valueName":"search_term_string"}}],"inLanguage":"ca"},{"@type":"Person","@id":"https:\/\/centresmolina.com\/centreensenyament\/#\/schema\/person\/308d85d274adff04b5c51d47e8aff6cc","name":"webmolina","image":{"@type":"ImageObject","inLanguage":"ca","@id":"https:\/\/secure.gravatar.com\/avatar\/38db407e1ab9b284bf45e3bff4ec5cf1e034e364f09b2ee054619614662a717b?s=96&d=mm&r=g","url":"https:\/\/secure.gravatar.com\/avatar\/38db407e1ab9b284bf45e3bff4ec5cf1e034e364f09b2ee054619614662a717b?s=96&d=mm&r=g","contentUrl":"https:\/\/secure.gravatar.com\/avatar\/38db407e1ab9b284bf45e3bff4ec5cf1e034e364f09b2ee054619614662a717b?s=96&d=mm&r=g","caption":"webmolina"},"url":"https:\/\/centresmolina.com\/centreensenyament\/author\/webmolina\/"}]}},"_links":{"self":[{"href":"https:\/\/centresmolina.com\/centreensenyament\/wp-json\/wp\/v2\/posts\/6834","targetHints":{"allow":["GET"]}}],"collection":[{"href":"https:\/\/centresmolina.com\/centreensenyament\/wp-json\/wp\/v2\/posts"}],"about":[{"href":"https:\/\/centresmolina.com\/centreensenyament\/wp-json\/wp\/v2\/types\/post"}],"author":[{"embeddable":true,"href":"https:\/\/centresmolina.com\/centreensenyament\/wp-json\/wp\/v2\/users\/3"}],"replies":[{"embeddable":true,"href":"https:\/\/centresmolina.com\/centreensenyament\/wp-json\/wp\/v2\/comments?post=6834"}],"version-history":[{"count":1,"href":"https:\/\/centresmolina.com\/centreensenyament\/wp-json\/wp\/v2\/posts\/6834\/revisions"}],"predecessor-version":[{"id":6835,"href":"https:\/\/centresmolina.com\/centreensenyament\/wp-json\/wp\/v2\/posts\/6834\/revisions\/6835"}],"wp:featuredmedia":[{"embeddable":true,"href":"https:\/\/centresmolina.com\/centreensenyament\/wp-json\/wp\/v2\/media\/6832"}],"wp:attachment":[{"href":"https:\/\/centresmolina.com\/centreensenyament\/wp-json\/wp\/v2\/media?parent=6834"}],"wp:term":[{"taxonomy":"category","embeddable":true,"href":"https:\/\/centresmolina.com\/centreensenyament\/wp-json\/wp\/v2\/categories?post=6834"},{"taxonomy":"post_tag","embeddable":true,"href":"https:\/\/centresmolina.com\/centreensenyament\/wp-json\/wp\/v2\/tags?post=6834"}],"curies":[{"name":"wp","href":"https:\/\/api.w.org\/{rel}","templated":true}]}}